{"id":25080,"date":"2022-05-30T11:14:44","date_gmt":"2022-05-30T09:14:44","guid":{"rendered":"https:\/\/marekkuchcinski.pl\/?p=25080"},"modified":"2022-05-30T11:24:26","modified_gmt":"2022-05-30T09:24:26","slug":"bircza-19-wiosenny-festyn-rodzinny-polem-do-dyskusji-o-rozwoju-i-inwestycjach","status":"publish","type":"post","link":"https:\/\/marekkuchcinski.pl\/en\/wydarzenia\/bircza-19-wiosenny-festyn-rodzinny-polem-do-dyskusji-o-rozwoju-i-inwestycjach\/","title":{"rendered":"Bircza: 19th Spring Family Festivities as a field for discussion on development and investment"},"content":{"rendered":"<p>In Leszczawa Dolna near Bircza the 19th Spring Family Festival combined with the celebration of the local OSP unit and handing over the new fire engine took place.<\/p>\n\n\n\n<p>The event was organized by Caritas Przemysl and the Carpathian Women's Association, and the proceeds will be donated to a local school.<\/p>\n\n\n\n<p>The event began with a solemn Holy Mass in the Church of St. John the Baptist concelebrated by the auxiliary bishop of the Lviv archdiocese, Edward Kawa, who spoke of the great tragedy of Ukraine, but also of the great support and solidarity of the Poles who welcomed home about 2 million Ukrainians.<\/p>\n\n\n\n<p>Marek Kuchcinski emphasized that we have probably opened a new stage in Polish-Ukrainian relations based on Christian help in need.<\/p>\n\n\n\n<p>At the family picnic, during the consecration of the fire truck, together with MP Piotr Uruski he wished prosperity to the residents and firefighters of the OSP.<\/p>\n\n\n\n<p>Investment and development plans were discussed with the Mayor Grzegorz Gagola and the commune authorities: a sidewalk in Leszczyna from the church to the school, the future of the airport near Bircza and efforts to restore Bircza's town rights.<\/p>\n\n\n\n<figure class=\"wp-block-image size-large is-resized\"><a href=\"https:\/\/marekkuchcinski.pl\/wp-content\/uploads\/2022\/05\/mto.jpg\"><img fetchpriority=\"high\" decoding=\"async\" src=\"https:\/\/marekkuchcinski.pl\/wp-content\/uploads\/2022\/05\/mto-768x1024.jpg\" alt=\"\" class=\"wp-image-25095\" width=\"841\" height=\"1121\" srcset=\"https:\/\/marekkuchcinski.pl\/wp-content\/uploads\/2022\/05\/mto-768x1024.jpg 768w, https:\/\/marekkuchcinski.pl\/wp-content\/uploads\/2022\/05\/mto-225x300.jpg 225w, https:\/\/marekkuchcinski.pl\/wp-content\/uploads\/2022\/05\/mto-1152x1536.jpg 1152w, https:\/\/marekkuchcinski.pl\/wp-content\/uploads\/2022\/05\/mto-9x12.jpg 9w, https:\/\/marekkuchcinski.pl\/wp-content\/uploads\/2022\/05\/mto.jpg 1536w\" sizes=\"(max-width: 841px) 100vw, 841px\" \/><\/a><\/figure>\n\n\n\n<figure class=\"wp-block-image size-large\"><a href=\"https:\/\/marekkuchcinski.pl\/wp-content\/uploads\/2022\/05\/IMG_6580-Sredni.jpg\"><img decoding=\"async\" width=\"1024\" height=\"683\" src=\"https:\/\/marekkuchcinski.pl\/wp-content\/uploads\/2022\/05\/IMG_6580-Sredni-1024x683.jpg\" alt=\"\" class=\"wp-image-25084\" srcset=\"https:\/\/marekkuchcinski.pl\/wp-content\/uploads\/2022\/05\/IMG_6580-Sredni-1024x683.jpg 1024w, https:\/\/marekkuchcinski.pl\/wp-content\/uploads\/2022\/05\/IMG_6580-Sredni-300x200.jpg 300w, https:\/\/marekkuchcinski.pl\/wp-content\/uploads\/2022\/05\/IMG_6580-Sredni-768x512.jpg 768w, https:\/\/marekkuchcinski.pl\/wp-content\/uploads\/2022\/05\/IMG_6580-Sredni-18x12.jpg 18w, https:\/\/marekkuchcinski.pl\/wp-content\/uploads\/2022\/05\/IMG_6580-Sredni.jpg 1152w\" sizes=\"(max-width: 1024px) 100vw, 1024px\" \/><\/a><\/figure>\n\n\n\n<figure class=\"wp-block-image size-large\"><a href=\"https:\/\/marekkuchcinski.pl\/wp-content\/uploads\/2022\/05\/283894310_1441747696246592_2429275533342034693_n-scaled.jpg\"><img decoding=\"async\" width=\"1024\" height=\"577\" src=\"https:\/\/marekkuchcinski.pl\/wp-content\/uploads\/2022\/05\/283894310_1441747696246592_2429275533342034693_n-1024x577.jpg\" alt=\"\" class=\"wp-image-25082\" srcset=\"https:\/\/marekkuchcinski.pl\/wp-content\/uploads\/2022\/05\/283894310_1441747696246592_2429275533342034693_n-1024x577.jpg 1024w, https:\/\/marekkuchcinski.pl\/wp-content\/uploads\/2022\/05\/283894310_1441747696246592_2429275533342034693_n-300x169.jpg 300w, https:\/\/marekkuchcinski.pl\/wp-content\/uploads\/2022\/05\/283894310_1441747696246592_2429275533342034693_n-768x433.jpg 768w, https:\/\/marekkuchcinski.pl\/wp-content\/uploads\/2022\/05\/283894310_1441747696246592_2429275533342034693_n-1536x865.jpg 1536w, https:\/\/marekkuchcinski.pl\/wp-content\/uploads\/2022\/05\/283894310_1441747696246592_2429275533342034693_n-scaled.jpg 2048w, https:\/\/marekkuchcinski.pl\/wp-content\/uploads\/2022\/05\/283894310_1441747696246592_2429275533342034693_n-18x10.jpg 18w\" sizes=\"(max-width: 1024px) 100vw, 1024px\" \/><\/a><\/figure>\n\n\n\n<figure class=\"wp-block-image size-large\"><a href=\"https:\/\/marekkuchcinski.pl\/wp-content\/uploads\/2022\/05\/283813408_708766773666386_4621915009099967420_n-scaled.jpg\"><img loading=\"lazy\" decoding=\"async\" width=\"1024\" height=\"672\" src=\"https:\/\/marekkuchcinski.pl\/wp-content\/uploads\/2022\/05\/283813408_708766773666386_4621915009099967420_n-1024x672.jpg\" alt=\"\" class=\"wp-image-25083\" srcset=\"https:\/\/marekkuchcinski.pl\/wp-content\/uploads\/2022\/05\/283813408_708766773666386_4621915009099967420_n-1024x672.jpg 1024w, https:\/\/marekkuchcinski.pl\/wp-content\/uploads\/2022\/05\/283813408_708766773666386_4621915009099967420_n-300x197.jpg 300w, https:\/\/marekkuchcinski.pl\/wp-content\/uploads\/2022\/05\/283813408_708766773666386_4621915009099967420_n-768x504.jpg 768w, https:\/\/marekkuchcinski.pl\/wp-content\/uploads\/2022\/05\/283813408_708766773666386_4621915009099967420_n-1536x1008.jpg 1536w, https:\/\/marekkuchcinski.pl\/wp-content\/uploads\/2022\/05\/283813408_708766773666386_4621915009099967420_n-scaled.jpg 2048w, https:\/\/marekkuchcinski.pl\/wp-content\/uploads\/2022\/05\/283813408_708766773666386_4621915009099967420_n-18x12.jpg 18w\" sizes=\"(max-width: 1024px) 100vw, 1024px\" \/><\/a><figcaption>From the left: Nelly Rokita, Piotr Uruski, Marek Kuchci\u0144ski, Krystyna Wr\u00f3blewska, Dorota Kuchci\u0144ska, Ewa Miciak<\/figcaption><\/figure>\n\n\n\n<figure class=\"wp-block-image size-large\"><a href=\"https:\/\/marekkuchcinski.pl\/wp-content\/uploads\/2022\/05\/285106490_403695811755139_3004071535963439003_n.jpg\"><img loading=\"lazy\" decoding=\"async\" width=\"1024\" height=\"683\" src=\"https:\/\/marekkuchcinski.pl\/wp-content\/uploads\/2022\/05\/285106490_403695811755139_3004071535963439003_n-1024x683.jpg\" alt=\"\" class=\"wp-image-25085\" srcset=\"https:\/\/marekkuchcinski.pl\/wp-content\/uploads\/2022\/05\/285106490_403695811755139_3004071535963439003_n-1024x683.jpg 1024w, https:\/\/marekkuchcinski.pl\/wp-content\/uploads\/2022\/05\/285106490_403695811755139_3004071535963439003_n-300x200.jpg 300w, https:\/\/marekkuchcinski.pl\/wp-content\/uploads\/2022\/05\/285106490_403695811755139_3004071535963439003_n-768x512.jpg 768w, https:\/\/marekkuchcinski.pl\/wp-content\/uploads\/2022\/05\/285106490_403695811755139_3004071535963439003_n-18x12.jpg 18w, https:\/\/marekkuchcinski.pl\/wp-content\/uploads\/2022\/05\/285106490_403695811755139_3004071535963439003_n.jpg 1152w\" sizes=\"(max-width: 1024px) 100vw, 1024px\" \/><\/a><\/figure>\n\n\n\n<figure class=\"wp-block-image size-large\"><a href=\"https:\/\/marekkuchcinski.pl\/wp-content\/uploads\/2022\/05\/284210511_754853975531083_7201939342978303109_n-scaled.jpg\"><img loading=\"lazy\" decoding=\"async\" width=\"1024\" height=\"661\" src=\"https:\/\/marekkuchcinski.pl\/wp-content\/uploads\/2022\/05\/284210511_754853975531083_7201939342978303109_n-1024x661.jpg\" alt=\"\" class=\"wp-image-25086\" srcset=\"https:\/\/marekkuchcinski.pl\/wp-content\/uploads\/2022\/05\/284210511_754853975531083_7201939342978303109_n-1024x661.jpg 1024w, https:\/\/marekkuchcinski.pl\/wp-content\/uploads\/2022\/05\/284210511_754853975531083_7201939342978303109_n-300x194.jpg 300w, https:\/\/marekkuchcinski.pl\/wp-content\/uploads\/2022\/05\/284210511_754853975531083_7201939342978303109_n-768x496.jpg 768w, https:\/\/marekkuchcinski.pl\/wp-content\/uploads\/2022\/05\/284210511_754853975531083_7201939342978303109_n-1536x991.jpg 1536w, https:\/\/marekkuchcinski.pl\/wp-content\/uploads\/2022\/05\/284210511_754853975531083_7201939342978303109_n-scaled.jpg 2048w, https:\/\/marekkuchcinski.pl\/wp-content\/uploads\/2022\/05\/284210511_754853975531083_7201939342978303109_n-18x12.jpg 18w\" sizes=\"(max-width: 1024px) 100vw, 1024px\" \/><\/a><\/figure>\n\n\n\n<figure class=\"wp-block-image size-large\"><a href=\"https:\/\/marekkuchcinski.pl\/wp-content\/uploads\/2022\/05\/IMG_6858-Sredni.jpg\"><img loading=\"lazy\" decoding=\"async\" width=\"1024\" height=\"683\" src=\"https:\/\/marekkuchcinski.pl\/wp-content\/uploads\/2022\/05\/IMG_6858-Sredni-1024x683.jpg\" alt=\"\" class=\"wp-image-25087\" srcset=\"https:\/\/marekkuchcinski.pl\/wp-content\/uploads\/2022\/05\/IMG_6858-Sredni-1024x683.jpg 1024w, https:\/\/marekkuchcinski.pl\/wp-content\/uploads\/2022\/05\/IMG_6858-Sredni-300x200.jpg 300w, https:\/\/marekkuchcinski.pl\/wp-content\/uploads\/2022\/05\/IMG_6858-Sredni-768x512.jpg 768w, https:\/\/marekkuchcinski.pl\/wp-content\/uploads\/2022\/05\/IMG_6858-Sredni-18x12.jpg 18w, https:\/\/marekkuchcinski.pl\/wp-content\/uploads\/2022\/05\/IMG_6858-Sredni.jpg 1152w\" sizes=\"(max-width: 1024px) 100vw, 1024px\" \/><\/a><\/figure>\n\n\n\n<figure class=\"wp-block-image size-large\"><a href=\"https:\/\/marekkuchcinski.pl\/wp-content\/uploads\/2022\/05\/IMG_7025-Sredni.jpg\"><img loading=\"lazy\" decoding=\"async\" width=\"1024\" height=\"683\" src=\"https:\/\/marekkuchcinski.pl\/wp-content\/uploads\/2022\/05\/IMG_7025-Sredni-1024x683.jpg\" alt=\"\" class=\"wp-image-25088\" srcset=\"https:\/\/marekkuchcinski.pl\/wp-content\/uploads\/2022\/05\/IMG_7025-Sredni-1024x683.jpg 1024w, https:\/\/marekkuchcinski.pl\/wp-content\/uploads\/2022\/05\/IMG_7025-Sredni-300x200.jpg 300w, https:\/\/marekkuchcinski.pl\/wp-content\/uploads\/2022\/05\/IMG_7025-Sredni-768x512.jpg 768w, https:\/\/marekkuchcinski.pl\/wp-content\/uploads\/2022\/05\/IMG_7025-Sredni-18x12.jpg 18w, https:\/\/marekkuchcinski.pl\/wp-content\/uploads\/2022\/05\/IMG_7025-Sredni.jpg 1152w\" sizes=\"(max-width: 1024px) 100vw, 1024px\" \/><\/a><\/figure>\n\n\n\n<figure class=\"wp-block-image size-large\"><a href=\"https:\/\/marekkuchcinski.pl\/wp-content\/uploads\/2022\/05\/IMG_7020-Sredni.jpg\"><img loading=\"lazy\" decoding=\"async\" width=\"1024\" height=\"683\" src=\"https:\/\/marekkuchcinski.pl\/wp-content\/uploads\/2022\/05\/IMG_7020-Sredni-1024x683.jpg\" alt=\"\" class=\"wp-image-25089\" srcset=\"https:\/\/marekkuchcinski.pl\/wp-content\/uploads\/2022\/05\/IMG_7020-Sredni-1024x683.jpg 1024w, https:\/\/marekkuchcinski.pl\/wp-content\/uploads\/2022\/05\/IMG_7020-Sredni-300x200.jpg 300w, https:\/\/marekkuchcinski.pl\/wp-content\/uploads\/2022\/05\/IMG_7020-Sredni-768x512.jpg 768w, https:\/\/marekkuchcinski.pl\/wp-content\/uploads\/2022\/05\/IMG_7020-Sredni-18x12.jpg 18w, https:\/\/marekkuchcinski.pl\/wp-content\/uploads\/2022\/05\/IMG_7020-Sredni.jpg 1152w\" sizes=\"(max-width: 1024px) 100vw, 1024px\" \/><\/a><\/figure>\n\n\n\n<figure class=\"wp-block-image size-large\"><a href=\"https:\/\/marekkuchcinski.pl\/wp-content\/uploads\/2022\/05\/IMG_7383-Sredni.jpg\"><img loading=\"lazy\" decoding=\"async\" width=\"1024\" height=\"683\" src=\"https:\/\/marekkuchcinski.pl\/wp-content\/uploads\/2022\/05\/IMG_7383-Sredni-1024x683.jpg\" alt=\"\" class=\"wp-image-25090\" srcset=\"https:\/\/marekkuchcinski.pl\/wp-content\/uploads\/2022\/05\/IMG_7383-Sredni-1024x683.jpg 1024w, https:\/\/marekkuchcinski.pl\/wp-content\/uploads\/2022\/05\/IMG_7383-Sredni-300x200.jpg 300w, https:\/\/marekkuchcinski.pl\/wp-content\/uploads\/2022\/05\/IMG_7383-Sredni-768x512.jpg 768w, https:\/\/marekkuchcinski.pl\/wp-content\/uploads\/2022\/05\/IMG_7383-Sredni-18x12.jpg 18w, https:\/\/marekkuchcinski.pl\/wp-content\/uploads\/2022\/05\/IMG_7383-Sredni.jpg 1152w\" sizes=\"(max-width: 1024px) 100vw, 1024px\" \/><\/a><\/figure>","protected":false},"excerpt":{"rendered":"<p>The 19th Spring Family Festivities were held in Leszczawa Dolna near Bircza, combined with the celebration of the local TSO unit and the handover of a new fire truck. The event was organized by Przemysl Caritas and the Carpathian Women's Association, with proceeds going to the local school. The event began with a solemn Mass at St. John the Baptist Church concelebrated by the auxiliary bishop of the Lviv archdiocese [...]<\/p>","protected":false},"author":21,"featured_media":25093,"comment_status":"open","ping_status":"open","sticky":false,"template":"","format":"standard","meta":{"ngg_post_thumbnail":0,"footnotes":""},"categories":[49,3],"tags":[],"class_list":["post-25080","post","type-post","status-publish","format-standard","has-post-thumbnail","hentry","category-podkarpacie","category-wydarzenia"],"yoast_head":"<!-- This site is optimized with the Yoast SEO plugin v24.7 - https:\/\/yoast.com\/wordpress\/plugins\/seo\/ -->\n<title>Bircza: 19. Wiosenny Festyn Rodzinny polem do dyskusji o rozwoju i inwestycjach &#8211; Marek Kuchci\u0144ski<\/title>\n<meta name=\"robots\" content=\"index, follow, max-snippet:-1, max-image-preview:large, max-video-preview:-1\" \/>\n<link rel=\"canonical\" href=\"https:\/\/marekkuchcinski.pl\/en\/wydarzenia\/bircza-19-wiosenny-festyn-rodzinny-polem-do-dyskusji-o-rozwoju-i-inwestycjach\/\" \/>\n<meta property=\"og:locale\" content=\"en_GB\" \/>\n<meta property=\"og:type\" content=\"article\" \/>\n<meta property=\"og:title\" content=\"Bircza: 19. Wiosenny Festyn Rodzinny polem do dyskusji o rozwoju i inwestycjach &#8211; Marek Kuchci\u0144ski\" \/>\n<meta property=\"og:description\" content=\"W Leszczawie Dolnej ko\u0142o Birczy odby\u0142 si\u0119 19. Wiosenny Festyn Rodzinny po\u0142\u0105czony ze \u015bwi\u0119tem miejscowej jednostki OSP i przekazaniem nowego wozu stra\u017cackiego. Imprez\u0119 zorganizowa\u0142y przemyski Caritas i Stowarzyszenie Kobiety Karpat, a doch\u00f3d przeznaczony zostanie na rzecz miejscowej szko\u0142y. Wydarzenie rozpocz\u0119\u0142a uroczysta msza \u015bwi\u0119ta w ko\u015bciele pw. \u015bw. Jana Chrzciciela koncelebrowana przez biskupa pomocniczego archidiecezji lwowskiej [&hellip;]\" \/>\n<meta property=\"og:url\" content=\"https:\/\/marekkuchcinski.pl\/en\/wydarzenia\/bircza-19-wiosenny-festyn-rodzinny-polem-do-dyskusji-o-rozwoju-i-inwestycjach\/\" \/>\n<meta property=\"og:site_name\" content=\"Marek Kuchci\u0144ski\" \/>\n<meta property=\"article:published_time\" content=\"2022-05-30T09:14:44+00:00\" \/>\n<meta property=\"article:modified_time\" content=\"2022-05-30T09:24:26+00:00\" \/>\n<meta property=\"og:image\" content=\"https:\/\/marekkuchcinski.pl\/wp-content\/uploads\/2022\/05\/okl.jpg\" \/>\n\t<meta property=\"og:image:width\" content=\"897\" \/>\n\t<meta property=\"og:image:height\" content=\"622\" \/>\n\t<meta property=\"og:image:type\" content=\"image\/jpeg\" \/>\n<meta name=\"author\" content=\"Marta Olejnik\" \/>\n<meta name=\"twitter:card\" content=\"summary_large_image\" \/>\n<meta name=\"twitter:label1\" content=\"Written by\" \/>\n\t<meta name=\"twitter:data1\" content=\"Marta Olejnik\" \/>\n\t<meta name=\"twitter:label2\" content=\"Estimated reading time\" \/>\n\t<meta name=\"twitter:data2\" content=\"3 minutes\" \/>\n<script type=\"application\/ld+json\" class=\"yoast-schema-graph\">{\"@context\":\"https:\/\/schema.org\",\"@graph\":[{\"@type\":\"Article\",\"@id\":\"https:\/\/marekkuchcinski.pl\/wydarzenia\/bircza-19-wiosenny-festyn-rodzinny-polem-do-dyskusji-o-rozwoju-i-inwestycjach\/#article\",\"isPartOf\":{\"@id\":\"https:\/\/marekkuchcinski.pl\/wydarzenia\/bircza-19-wiosenny-festyn-rodzinny-polem-do-dyskusji-o-rozwoju-i-inwestycjach\/\"},\"author\":{\"name\":\"Marta Olejnik\",\"@id\":\"https:\/\/marekkuchcinski.pl\/#\/schema\/person\/51d5d4ee3b5317b8e4dd2b48af359229\"},\"headline\":\"Bircza: 19. Wiosenny Festyn Rodzinny polem do dyskusji o rozwoju i inwestycjach\",\"datePublished\":\"2022-05-30T09:14:44+00:00\",\"dateModified\":\"2022-05-30T09:24:26+00:00\",\"mainEntityOfPage\":{\"@id\":\"https:\/\/marekkuchcinski.pl\/wydarzenia\/bircza-19-wiosenny-festyn-rodzinny-polem-do-dyskusji-o-rozwoju-i-inwestycjach\/\"},\"wordCount\":216,\"commentCount\":0,\"publisher\":{\"@id\":\"https:\/\/marekkuchcinski.pl\/#organization\"},\"image\":{\"@id\":\"https:\/\/marekkuchcinski.pl\/wydarzenia\/bircza-19-wiosenny-festyn-rodzinny-polem-do-dyskusji-o-rozwoju-i-inwestycjach\/#primaryimage\"},\"thumbnailUrl\":\"https:\/\/marekkuchcinski.pl\/wp-content\/uploads\/2022\/05\/okl.jpg\",\"articleSection\":[\"Podkarpacie\",\"Wydarzenia\"],\"inLanguage\":\"en-GB\",\"potentialAction\":[{\"@type\":\"CommentAction\",\"name\":\"Comment\",\"target\":[\"https:\/\/marekkuchcinski.pl\/wydarzenia\/bircza-19-wiosenny-festyn-rodzinny-polem-do-dyskusji-o-rozwoju-i-inwestycjach\/#respond\"]}]},{\"@type\":\"WebPage\",\"@id\":\"https:\/\/marekkuchcinski.pl\/wydarzenia\/bircza-19-wiosenny-festyn-rodzinny-polem-do-dyskusji-o-rozwoju-i-inwestycjach\/\",\"url\":\"https:\/\/marekkuchcinski.pl\/wydarzenia\/bircza-19-wiosenny-festyn-rodzinny-polem-do-dyskusji-o-rozwoju-i-inwestycjach\/\",\"name\":\"Bircza: 19. Wiosenny Festyn Rodzinny polem do dyskusji o rozwoju i inwestycjach &#8211; Marek Kuchci\u0144ski\",\"isPartOf\":{\"@id\":\"https:\/\/marekkuchcinski.pl\/#website\"},\"primaryImageOfPage\":{\"@id\":\"https:\/\/marekkuchcinski.pl\/wydarzenia\/bircza-19-wiosenny-festyn-rodzinny-polem-do-dyskusji-o-rozwoju-i-inwestycjach\/#primaryimage\"},\"image\":{\"@id\":\"https:\/\/marekkuchcinski.pl\/wydarzenia\/bircza-19-wiosenny-festyn-rodzinny-polem-do-dyskusji-o-rozwoju-i-inwestycjach\/#primaryimage\"},\"thumbnailUrl\":\"https:\/\/marekkuchcinski.pl\/wp-content\/uploads\/2022\/05\/okl.jpg\",\"datePublished\":\"2022-05-30T09:14:44+00:00\",\"dateModified\":\"2022-05-30T09:24:26+00:00\",\"breadcrumb\":{\"@id\":\"https:\/\/marekkuchcinski.pl\/wydarzenia\/bircza-19-wiosenny-festyn-rodzinny-polem-do-dyskusji-o-rozwoju-i-inwestycjach\/#breadcrumb\"},\"inLanguage\":\"en-GB\",\"potentialAction\":[{\"@type\":\"ReadAction\",\"target\":[\"https:\/\/marekkuchcinski.pl\/wydarzenia\/bircza-19-wiosenny-festyn-rodzinny-polem-do-dyskusji-o-rozwoju-i-inwestycjach\/\"]}]},{\"@type\":\"ImageObject\",\"inLanguage\":\"en-GB\",\"@id\":\"https:\/\/marekkuchcinski.pl\/wydarzenia\/bircza-19-wiosenny-festyn-rodzinny-polem-do-dyskusji-o-rozwoju-i-inwestycjach\/#primaryimage\",\"url\":\"https:\/\/marekkuchcinski.pl\/wp-content\/uploads\/2022\/05\/okl.jpg\",\"contentUrl\":\"https:\/\/marekkuchcinski.pl\/wp-content\/uploads\/2022\/05\/okl.jpg\",\"width\":897,\"height\":622},{\"@type\":\"BreadcrumbList\",\"@id\":\"https:\/\/marekkuchcinski.pl\/wydarzenia\/bircza-19-wiosenny-festyn-rodzinny-polem-do-dyskusji-o-rozwoju-i-inwestycjach\/#breadcrumb\",\"itemListElement\":[{\"@type\":\"ListItem\",\"position\":1,\"name\":\"Strona g\u0142\u00f3wna\",\"item\":\"https:\/\/marekkuchcinski.pl\/\"},{\"@type\":\"ListItem\",\"position\":2,\"name\":\"Bircza: 19. Wiosenny Festyn Rodzinny polem do dyskusji o rozwoju i inwestycjach\"}]},{\"@type\":\"WebSite\",\"@id\":\"https:\/\/marekkuchcinski.pl\/#website\",\"url\":\"https:\/\/marekkuchcinski.pl\/\",\"name\":\"Marek Kuchci\u0144ski\",\"description\":\"Pose\u0142 na sejm RP &ndash; okr\u0119g nr 22\",\"publisher\":{\"@id\":\"https:\/\/marekkuchcinski.pl\/#organization\"},\"potentialAction\":[{\"@type\":\"SearchAction\",\"target\":{\"@type\":\"EntryPoint\",\"urlTemplate\":\"https:\/\/marekkuchcinski.pl\/?s={search_term_string}\"},\"query-input\":{\"@type\":\"PropertyValueSpecification\",\"valueRequired\":true,\"valueName\":\"search_term_string\"}}],\"inLanguage\":\"en-GB\"},{\"@type\":\"Organization\",\"@id\":\"https:\/\/marekkuchcinski.pl\/#organization\",\"name\":\"Marek Kuchci\u0144ski\",\"url\":\"https:\/\/marekkuchcinski.pl\/\",\"logo\":{\"@type\":\"ImageObject\",\"inLanguage\":\"en-GB\",\"@id\":\"https:\/\/marekkuchcinski.pl\/#\/schema\/logo\/image\/\",\"url\":\"https:\/\/marekkuchcinski.pl\/wp-content\/uploads\/2022\/09\/Marek.jpg\",\"contentUrl\":\"https:\/\/marekkuchcinski.pl\/wp-content\/uploads\/2022\/09\/Marek.jpg\",\"width\":1600,\"height\":971,\"caption\":\"Marek Kuchci\u0144ski\"},\"image\":{\"@id\":\"https:\/\/marekkuchcinski.pl\/#\/schema\/logo\/image\/\"}},{\"@type\":\"Person\",\"@id\":\"https:\/\/marekkuchcinski.pl\/#\/schema\/person\/51d5d4ee3b5317b8e4dd2b48af359229\",\"name\":\"Marta Olejnik\",\"image\":{\"@type\":\"ImageObject\",\"inLanguage\":\"en-GB\",\"@id\":\"https:\/\/marekkuchcinski.pl\/#\/schema\/person\/image\/\",\"url\":\"https:\/\/secure.gravatar.com\/avatar\/e39914b2aa6a48959e24d475b5dc9793?s=96&d=mm&r=g\",\"contentUrl\":\"https:\/\/secure.gravatar.com\/avatar\/e39914b2aa6a48959e24d475b5dc9793?s=96&d=mm&r=g\",\"caption\":\"Marta Olejnik\"},\"url\":\"https:\/\/marekkuchcinski.pl\/en\/author\/marta\/\"}]}<\/script>\n<!-- \/ Yoast SEO plugin. -->","yoast_head_json":{"title":"Bircza: 19. Wiosenny Festyn Rodzinny polem do dyskusji o rozwoju i inwestycjach &#8211; Marek Kuchci\u0144ski","robots":{"index":"index","follow":"follow","max-snippet":"max-snippet:-1","max-image-preview":"max-image-preview:large","max-video-preview":"max-video-preview:-1"},"canonical":"https:\/\/marekkuchcinski.pl\/en\/wydarzenia\/bircza-19-wiosenny-festyn-rodzinny-polem-do-dyskusji-o-rozwoju-i-inwestycjach\/","og_locale":"en_GB","og_type":"article","og_title":"Bircza: 19. Wiosenny Festyn Rodzinny polem do dyskusji o rozwoju i inwestycjach &#8211; Marek Kuchci\u0144ski","og_description":"W Leszczawie Dolnej ko\u0142o Birczy odby\u0142 si\u0119 19. Wiosenny Festyn Rodzinny po\u0142\u0105czony ze \u015bwi\u0119tem miejscowej jednostki OSP i przekazaniem nowego wozu stra\u017cackiego. Imprez\u0119 zorganizowa\u0142y przemyski Caritas i Stowarzyszenie Kobiety Karpat, a doch\u00f3d przeznaczony zostanie na rzecz miejscowej szko\u0142y. Wydarzenie rozpocz\u0119\u0142a uroczysta msza \u015bwi\u0119ta w ko\u015bciele pw. \u015bw. Jana Chrzciciela koncelebrowana przez biskupa pomocniczego archidiecezji lwowskiej [&hellip;]","og_url":"https:\/\/marekkuchcinski.pl\/en\/wydarzenia\/bircza-19-wiosenny-festyn-rodzinny-polem-do-dyskusji-o-rozwoju-i-inwestycjach\/","og_site_name":"Marek Kuchci\u0144ski","article_published_time":"2022-05-30T09:14:44+00:00","article_modified_time":"2022-05-30T09:24:26+00:00","og_image":[{"width":897,"height":622,"url":"https:\/\/marekkuchcinski.pl\/wp-content\/uploads\/2022\/05\/okl.jpg","type":"image\/jpeg"}],"author":"Marta Olejnik","twitter_card":"summary_large_image","twitter_misc":{"Written by":"Marta Olejnik","Estimated reading time":"3 minutes"},"schema":{"@context":"https:\/\/schema.org","@graph":[{"@type":"Article","@id":"https:\/\/marekkuchcinski.pl\/wydarzenia\/bircza-19-wiosenny-festyn-rodzinny-polem-do-dyskusji-o-rozwoju-i-inwestycjach\/#article","isPartOf":{"@id":"https:\/\/marekkuchcinski.pl\/wydarzenia\/bircza-19-wiosenny-festyn-rodzinny-polem-do-dyskusji-o-rozwoju-i-inwestycjach\/"},"author":{"name":"Marta Olejnik","@id":"https:\/\/marekkuchcinski.pl\/#\/schema\/person\/51d5d4ee3b5317b8e4dd2b48af359229"},"headline":"Bircza: 19. Wiosenny Festyn Rodzinny polem do dyskusji o rozwoju i inwestycjach","datePublished":"2022-05-30T09:14:44+00:00","dateModified":"2022-05-30T09:24:26+00:00","mainEntityOfPage":{"@id":"https:\/\/marekkuchcinski.pl\/wydarzenia\/bircza-19-wiosenny-festyn-rodzinny-polem-do-dyskusji-o-rozwoju-i-inwestycjach\/"},"wordCount":216,"commentCount":0,"publisher":{"@id":"https:\/\/marekkuchcinski.pl\/#organization"},"image":{"@id":"https:\/\/marekkuchcinski.pl\/wydarzenia\/bircza-19-wiosenny-festyn-rodzinny-polem-do-dyskusji-o-rozwoju-i-inwestycjach\/#primaryimage"},"thumbnailUrl":"https:\/\/marekkuchcinski.pl\/wp-content\/uploads\/2022\/05\/okl.jpg","articleSection":["Podkarpacie","Wydarzenia"],"inLanguage":"en-GB","potentialAction":[{"@type":"CommentAction","name":"Comment","target":["https:\/\/marekkuchcinski.pl\/wydarzenia\/bircza-19-wiosenny-festyn-rodzinny-polem-do-dyskusji-o-rozwoju-i-inwestycjach\/#respond"]}]},{"@type":"WebPage","@id":"https:\/\/marekkuchcinski.pl\/wydarzenia\/bircza-19-wiosenny-festyn-rodzinny-polem-do-dyskusji-o-rozwoju-i-inwestycjach\/","url":"https:\/\/marekkuchcinski.pl\/wydarzenia\/bircza-19-wiosenny-festyn-rodzinny-polem-do-dyskusji-o-rozwoju-i-inwestycjach\/","name":"Bircza: 19. Wiosenny Festyn Rodzinny polem do dyskusji o rozwoju i inwestycjach &#8211; Marek Kuchci\u0144ski","isPartOf":{"@id":"https:\/\/marekkuchcinski.pl\/#website"},"primaryImageOfPage":{"@id":"https:\/\/marekkuchcinski.pl\/wydarzenia\/bircza-19-wiosenny-festyn-rodzinny-polem-do-dyskusji-o-rozwoju-i-inwestycjach\/#primaryimage"},"image":{"@id":"https:\/\/marekkuchcinski.pl\/wydarzenia\/bircza-19-wiosenny-festyn-rodzinny-polem-do-dyskusji-o-rozwoju-i-inwestycjach\/#primaryimage"},"thumbnailUrl":"https:\/\/marekkuchcinski.pl\/wp-content\/uploads\/2022\/05\/okl.jpg","datePublished":"2022-05-30T09:14:44+00:00","dateModified":"2022-05-30T09:24:26+00:00","breadcrumb":{"@id":"https:\/\/marekkuchcinski.pl\/wydarzenia\/bircza-19-wiosenny-festyn-rodzinny-polem-do-dyskusji-o-rozwoju-i-inwestycjach\/#breadcrumb"},"inLanguage":"en-GB","potentialAction":[{"@type":"ReadAction","target":["https:\/\/marekkuchcinski.pl\/wydarzenia\/bircza-19-wiosenny-festyn-rodzinny-polem-do-dyskusji-o-rozwoju-i-inwestycjach\/"]}]},{"@type":"ImageObject","inLanguage":"en-GB","@id":"https:\/\/marekkuchcinski.pl\/wydarzenia\/bircza-19-wiosenny-festyn-rodzinny-polem-do-dyskusji-o-rozwoju-i-inwestycjach\/#primaryimage","url":"https:\/\/marekkuchcinski.pl\/wp-content\/uploads\/2022\/05\/okl.jpg","contentUrl":"https:\/\/marekkuchcinski.pl\/wp-content\/uploads\/2022\/05\/okl.jpg","width":897,"height":622},{"@type":"BreadcrumbList","@id":"https:\/\/marekkuchcinski.pl\/wydarzenia\/bircza-19-wiosenny-festyn-rodzinny-polem-do-dyskusji-o-rozwoju-i-inwestycjach\/#breadcrumb","itemListElement":[{"@type":"ListItem","position":1,"name":"Strona g\u0142\u00f3wna","item":"https:\/\/marekkuchcinski.pl\/"},{"@type":"ListItem","position":2,"name":"Bircza: 19. Wiosenny Festyn Rodzinny polem do dyskusji o rozwoju i inwestycjach"}]},{"@type":"WebSite","@id":"https:\/\/marekkuchcinski.pl\/#website","url":"https:\/\/marekkuchcinski.pl\/","name":"Marek Kuchci\u0144ski","description":"Pose\u0142 na sejm RP &ndash; okr\u0119g nr 22","publisher":{"@id":"https:\/\/marekkuchcinski.pl\/#organization"},"potentialAction":[{"@type":"SearchAction","target":{"@type":"EntryPoint","urlTemplate":"https:\/\/marekkuchcinski.pl\/?s={search_term_string}"},"query-input":{"@type":"PropertyValueSpecification","valueRequired":true,"valueName":"search_term_string"}}],"inLanguage":"en-GB"},{"@type":"Organization","@id":"https:\/\/marekkuchcinski.pl\/#organization","name":"Marek Kuchci\u0144ski","url":"https:\/\/marekkuchcinski.pl\/","logo":{"@type":"ImageObject","inLanguage":"en-GB","@id":"https:\/\/marekkuchcinski.pl\/#\/schema\/logo\/image\/","url":"https:\/\/marekkuchcinski.pl\/wp-content\/uploads\/2022\/09\/Marek.jpg","contentUrl":"https:\/\/marekkuchcinski.pl\/wp-content\/uploads\/2022\/09\/Marek.jpg","width":1600,"height":971,"caption":"Marek Kuchci\u0144ski"},"image":{"@id":"https:\/\/marekkuchcinski.pl\/#\/schema\/logo\/image\/"}},{"@type":"Person","@id":"https:\/\/marekkuchcinski.pl\/#\/schema\/person\/51d5d4ee3b5317b8e4dd2b48af359229","name":"Marta Olejnik","image":{"@type":"ImageObject","inLanguage":"en-GB","@id":"https:\/\/marekkuchcinski.pl\/#\/schema\/person\/image\/","url":"https:\/\/secure.gravatar.com\/avatar\/e39914b2aa6a48959e24d475b5dc9793?s=96&d=mm&r=g","contentUrl":"https:\/\/secure.gravatar.com\/avatar\/e39914b2aa6a48959e24d475b5dc9793?s=96&d=mm&r=g","caption":"Marta Olejnik"},"url":"https:\/\/marekkuchcinski.pl\/en\/author\/marta\/"}]}},"_links":{"self":[{"href":"https:\/\/marekkuchcinski.pl\/en\/wp-json\/wp\/v2\/posts\/25080","targetHints":{"allow":["GET"]}}],"collection":[{"href":"https:\/\/marekkuchcinski.pl\/en\/wp-json\/wp\/v2\/posts"}],"about":[{"href":"https:\/\/marekkuchcinski.pl\/en\/wp-json\/wp\/v2\/types\/post"}],"author":[{"embeddable":true,"href":"https:\/\/marekkuchcinski.pl\/en\/wp-json\/wp\/v2\/users\/21"}],"replies":[{"embeddable":true,"href":"https:\/\/marekkuchcinski.pl\/en\/wp-json\/wp\/v2\/comments?post=25080"}],"version-history":[{"count":4,"href":"https:\/\/marekkuchcinski.pl\/en\/wp-json\/wp\/v2\/posts\/25080\/revisions"}],"predecessor-version":[{"id":25097,"href":"https:\/\/marekkuchcinski.pl\/en\/wp-json\/wp\/v2\/posts\/25080\/revisions\/25097"}],"wp:featuredmedia":[{"embeddable":true,"href":"https:\/\/marekkuchcinski.pl\/en\/wp-json\/wp\/v2\/media\/25093"}],"wp:attachment":[{"href":"https:\/\/marekkuchcinski.pl\/en\/wp-json\/wp\/v2\/media?parent=25080"}],"wp:term":[{"taxonomy":"category","embeddable":true,"href":"https:\/\/marekkuchcinski.pl\/en\/wp-json\/wp\/v2\/categories?post=25080"},{"taxonomy":"post_tag","embeddable":true,"href":"https:\/\/marekkuchcinski.pl\/en\/wp-json\/wp\/v2\/tags?post=25080"}],"curies":[{"name":"wp","href":"https:\/\/api.w.org\/{rel}","templated":true}]}}