{"id":25031,"date":"2022-05-27T13:06:00","date_gmt":"2022-05-27T11:06:00","guid":{"rendered":"https:\/\/marekkuchcinski.pl\/?p=25031"},"modified":"2022-05-28T16:11:44","modified_gmt":"2022-05-28T14:11:44","slug":"ambasador-wielkiej-brytanii-bezpieczenstwo-polski-jest-naszym-bezpieczenstwem","status":"publish","type":"post","link":"https:\/\/marekkuchcinski.pl\/en\/wydarzenia\/ambasador-wielkiej-brytanii-bezpieczenstwo-polski-jest-naszym-bezpieczenstwem\/","title":{"rendered":"Ambasador Wielkiej Brytanii: Bezpiecze\u0144stwo Polski jest naszym bezpiecze\u0144stwem"},"content":{"rendered":"<p class=\"wp-block-paragraph\">Przewodnicz\u0105cy Komisji Spraw Zagranicznych Marek Kuchci\u0144ski rozmawia\u0142 w czwartek z ambasador Ann\u0105 Clunes. Podczas spotkania poruszono temat nowych format\u00f3w polsko-brytyjskiej wsp\u00f3\u0142pracy, zmian w systemie geopolitycznym \u015bwiata i wzmocnienia wsp\u00f3\u0142pracy pomi\u0119dzy\u00a0polskim i brytyjskim parlamentem. <\/p>\n\n\n\n<p class=\"wp-block-paragraph\">Marek Kuchci\u0144ski podkre\u015bli\u0142, \u017ce zaanga\u017cowanie Wielkiej Brytanii we wzmacnianie bezpiecze\u0144stwa Europy jest doceniane w Polsce przez wszystkie si\u0142y polityczne. Rozm\u00f3wcy zgodzili si\u0119, \u017ce Ukraina musi wygra\u0107 wojn\u0119, bo od tego zale\u017cy nie tylko bezpiecze\u0144stwo Polski, ale i ca\u0142ej Europy. <\/p>\n\n\n\n<p class=\"wp-block-paragraph\">Warto doda\u0107, \u017ce premier WB Boris Johnson widzi Polsk\u0119 w zaproponowanym przez siebie nowym systemie sojuszy politycznych, gospodarczych i wojskowych \u2013 alternatywnym\u00a0dla Unii Europejskiej \u2013 kt\u00f3ry gromadzi kraje zjednoczone nieufno\u015bci\u0105 wobec Brukseli, a tak\u017ce wobec odpowiedzi Niemiec na rosyjsk\u0105 agresj\u0119 wojskow\u0105. Polska mia\u0142aby by\u0107 jednym z cz\u0142onk\u00f3w tej inicjatywy obok Ukrainy, Estonii, \u0141otwy i Litwy,\u00a0a tak\u017ce potencjalnie Turcji. Pa\u0144stwa te wyr\u00f3\u017cnia r\u00f3wnie\u017c troska o suwerenno\u015b\u0107, liberalizm gospodarczy i nieprzejednana postawa wobec Rosji.<\/p>\n\n\n\n<figure class=\"wp-block-image size-large\"><a href=\"https:\/\/marekkuchcinski.pl\/wp-content\/uploads\/2022\/05\/IMG_20220526_140756-5-scaled.jpg\"><img fetchpriority=\"high\" decoding=\"async\" width=\"1024\" height=\"638\" src=\"https:\/\/marekkuchcinski.pl\/wp-content\/uploads\/2022\/05\/IMG_20220526_140756-5-1024x638.jpg\" alt=\"\" class=\"wp-image-25034\" srcset=\"https:\/\/marekkuchcinski.pl\/wp-content\/uploads\/2022\/05\/IMG_20220526_140756-5-1024x638.jpg 1024w, https:\/\/marekkuchcinski.pl\/wp-content\/uploads\/2022\/05\/IMG_20220526_140756-5-300x187.jpg 300w, https:\/\/marekkuchcinski.pl\/wp-content\/uploads\/2022\/05\/IMG_20220526_140756-5-768x479.jpg 768w, https:\/\/marekkuchcinski.pl\/wp-content\/uploads\/2022\/05\/IMG_20220526_140756-5-1536x957.jpg 1536w, https:\/\/marekkuchcinski.pl\/wp-content\/uploads\/2022\/05\/IMG_20220526_140756-5-scaled.jpg 2048w, https:\/\/marekkuchcinski.pl\/wp-content\/uploads\/2022\/05\/IMG_20220526_140756-5-18x12.jpg 18w\" sizes=\"(max-width: 1024px) 100vw, 1024px\" \/><\/a><figcaption>qrf<\/figcaption><\/figure>\n\n\n\n<figure class=\"wp-block-image size-large\"><a href=\"https:\/\/marekkuchcinski.pl\/wp-content\/uploads\/2022\/05\/IMG_20220526_140537-scaled.jpg\"><img decoding=\"async\" width=\"1024\" height=\"663\" src=\"https:\/\/marekkuchcinski.pl\/wp-content\/uploads\/2022\/05\/IMG_20220526_140537-1024x663.jpg\" alt=\"\" class=\"wp-image-25035\" srcset=\"https:\/\/marekkuchcinski.pl\/wp-content\/uploads\/2022\/05\/IMG_20220526_140537-1024x663.jpg 1024w, https:\/\/marekkuchcinski.pl\/wp-content\/uploads\/2022\/05\/IMG_20220526_140537-300x194.jpg 300w, https:\/\/marekkuchcinski.pl\/wp-content\/uploads\/2022\/05\/IMG_20220526_140537-768x497.jpg 768w, https:\/\/marekkuchcinski.pl\/wp-content\/uploads\/2022\/05\/IMG_20220526_140537-1536x994.jpg 1536w, https:\/\/marekkuchcinski.pl\/wp-content\/uploads\/2022\/05\/IMG_20220526_140537-scaled.jpg 2048w, https:\/\/marekkuchcinski.pl\/wp-content\/uploads\/2022\/05\/IMG_20220526_140537-18x12.jpg 18w\" sizes=\"(max-width: 1024px) 100vw, 1024px\" \/><\/a><figcaption>rptnb<\/figcaption><\/figure>\n\n\n\n<figure class=\"wp-block-image size-large\"><a href=\"https:\/\/marekkuchcinski.pl\/wp-content\/uploads\/2022\/05\/PSX_20220526_141243-4-scaled.jpg\"><img decoding=\"async\" width=\"1024\" height=\"699\" src=\"https:\/\/marekkuchcinski.pl\/wp-content\/uploads\/2022\/05\/PSX_20220526_141243-4-1024x699.jpg\" alt=\"\" class=\"wp-image-25036\" srcset=\"https:\/\/marekkuchcinski.pl\/wp-content\/uploads\/2022\/05\/PSX_20220526_141243-4-1024x699.jpg 1024w, https:\/\/marekkuchcinski.pl\/wp-content\/uploads\/2022\/05\/PSX_20220526_141243-4-300x205.jpg 300w, https:\/\/marekkuchcinski.pl\/wp-content\/uploads\/2022\/05\/PSX_20220526_141243-4-768x525.jpg 768w, https:\/\/marekkuchcinski.pl\/wp-content\/uploads\/2022\/05\/PSX_20220526_141243-4-1536x1049.jpg 1536w, https:\/\/marekkuchcinski.pl\/wp-content\/uploads\/2022\/05\/PSX_20220526_141243-4-scaled.jpg 2048w, https:\/\/marekkuchcinski.pl\/wp-content\/uploads\/2022\/05\/PSX_20220526_141243-4-18x12.jpg 18w\" sizes=\"(max-width: 1024px) 100vw, 1024px\" \/><\/a><\/figure>","protected":false},"excerpt":{"rendered":"<p>Przewodnicz\u0105cy Komisji Spraw Zagranicznych Marek Kuchci\u0144ski rozmawia\u0142 w czwartek z ambasador Ann\u0105 Clunes. Podczas spotkania poruszono temat nowych format\u00f3w polsko-brytyjskiej wsp\u00f3\u0142pracy, zmian w systemie geopolitycznym \u015bwiata i wzmocnienia wsp\u00f3\u0142pracy pomi\u0119dzy\u00a0polskim i brytyjskim parlamentem. Marek Kuchci\u0144ski podkre\u015bli\u0142, \u017ce zaanga\u017cowanie Wielkiej Brytanii we wzmacnianie bezpiecze\u0144stwa Europy jest doceniane w Polsce przez wszystkie si\u0142y polityczne. Rozm\u00f3wcy zgodzili si\u0119, [&hellip;]<\/p>\n","protected":false},"author":3,"featured_media":25034,"comment_status":"open","ping_status":"open","sticky":false,"template":"","format":"standard","meta":{"ngg_post_thumbnail":0,"footnotes":""},"categories":[50,3],"tags":[],"class_list":["post-25031","post","type-post","status-publish","format-standard","has-post-thumbnail","hentry","category-wspolpraca-miedzynarodowa","category-wydarzenia"],"yoast_head":"<!-- This site is optimized with the Yoast SEO plugin v28.4 - https:\/\/yoast.com\/product\/yoast-seo-wordpress\/ -->\n<title>Ambasador Wielkiej Brytanii: Bezpiecze\u0144stwo Polski jest naszym bezpiecze\u0144stwem &#8211; Marek Kuchci\u0144ski<\/title>\n<meta name=\"robots\" content=\"index, follow, max-snippet:-1, max-image-preview:large, max-video-preview:-1\" \/>\n<link rel=\"canonical\" href=\"https:\/\/marekkuchcinski.pl\/en\/wydarzenia\/ambasador-wielkiej-brytanii-bezpieczenstwo-polski-jest-naszym-bezpieczenstwem\/\" \/>\n<meta property=\"og:locale\" content=\"en_GB\" \/>\n<meta property=\"og:type\" content=\"article\" \/>\n<meta property=\"og:title\" content=\"Ambasador Wielkiej Brytanii: Bezpiecze\u0144stwo Polski jest naszym bezpiecze\u0144stwem &#8211; Marek Kuchci\u0144ski\" \/>\n<meta property=\"og:description\" content=\"Przewodnicz\u0105cy Komisji Spraw Zagranicznych Marek Kuchci\u0144ski rozmawia\u0142 w czwartek z ambasador Ann\u0105 Clunes. Podczas spotkania poruszono temat nowych format\u00f3w polsko-brytyjskiej wsp\u00f3\u0142pracy, zmian w systemie geopolitycznym \u015bwiata i wzmocnienia wsp\u00f3\u0142pracy pomi\u0119dzy\u00a0polskim i brytyjskim parlamentem. Marek Kuchci\u0144ski podkre\u015bli\u0142, \u017ce zaanga\u017cowanie Wielkiej Brytanii we wzmacnianie bezpiecze\u0144stwa Europy jest doceniane w Polsce przez wszystkie si\u0142y polityczne. Rozm\u00f3wcy zgodzili si\u0119, [&hellip;]\" \/>\n<meta property=\"og:url\" content=\"https:\/\/marekkuchcinski.pl\/en\/wydarzenia\/ambasador-wielkiej-brytanii-bezpieczenstwo-polski-jest-naszym-bezpieczenstwem\/\" \/>\n<meta property=\"og:site_name\" content=\"Marek Kuchci\u0144ski\" \/>\n<meta property=\"article:published_time\" content=\"2022-05-27T11:06:00+00:00\" \/>\n<meta property=\"article:modified_time\" content=\"2022-05-28T14:11:44+00:00\" \/>\n<meta property=\"og:image\" content=\"https:\/\/marekkuchcinski.pl\/wp-content\/uploads\/2022\/05\/IMG_20220526_140756-5-scaled.jpg\" \/>\n\t<meta property=\"og:image:width\" content=\"2048\" \/>\n\t<meta property=\"og:image:height\" content=\"1276\" \/>\n\t<meta property=\"og:image:type\" content=\"image\/jpeg\" \/>\n<meta name=\"author\" content=\"Marta Olejnik\" \/>\n<meta name=\"twitter:card\" content=\"summary_large_image\" \/>\n<meta name=\"twitter:label1\" content=\"Written by\" \/>\n\t<meta name=\"twitter:data1\" content=\"Marta Olejnik\" \/>\n\t<meta name=\"twitter:label2\" content=\"Est. reading time\" \/>\n\t<meta name=\"twitter:data2\" content=\"2 minutes\" \/>\n<script type=\"application\/ld+json\" class=\"yoast-schema-graph\">{\"@context\":\"https:\\\/\\\/schema.org\",\"@graph\":[{\"@type\":\"Article\",\"@id\":\"https:\\\/\\\/marekkuchcinski.pl\\\/wydarzenia\\\/ambasador-wielkiej-brytanii-bezpieczenstwo-polski-jest-naszym-bezpieczenstwem\\\/#article\",\"isPartOf\":{\"@id\":\"https:\\\/\\\/marekkuchcinski.pl\\\/wydarzenia\\\/ambasador-wielkiej-brytanii-bezpieczenstwo-polski-jest-naszym-bezpieczenstwem\\\/\"},\"author\":{\"name\":\"Marta Olejnik\",\"@id\":\"https:\\\/\\\/marekkuchcinski.pl\\\/#\\\/schema\\\/person\\\/bd3f15dee67fee76e83c8350d0154101\"},\"headline\":\"Ambasador Wielkiej Brytanii: Bezpiecze\u0144stwo Polski jest naszym bezpiecze\u0144stwem\",\"datePublished\":\"2022-05-27T11:06:00+00:00\",\"dateModified\":\"2022-05-28T14:11:44+00:00\",\"mainEntityOfPage\":{\"@id\":\"https:\\\/\\\/marekkuchcinski.pl\\\/wydarzenia\\\/ambasador-wielkiej-brytanii-bezpieczenstwo-polski-jest-naszym-bezpieczenstwem\\\/\"},\"wordCount\":182,\"commentCount\":0,\"publisher\":{\"@id\":\"https:\\\/\\\/marekkuchcinski.pl\\\/#organization\"},\"image\":{\"@id\":\"https:\\\/\\\/marekkuchcinski.pl\\\/wydarzenia\\\/ambasador-wielkiej-brytanii-bezpieczenstwo-polski-jest-naszym-bezpieczenstwem\\\/#primaryimage\"},\"thumbnailUrl\":\"https:\\\/\\\/marekkuchcinski.pl\\\/wp-content\\\/uploads\\\/2022\\\/05\\\/IMG_20220526_140756-5-scaled.jpg\",\"articleSection\":[\"Wsp\u00f3\u0142praca mi\u0119dzynarodowa\",\"Wydarzenia\"],\"inLanguage\":\"en-GB\",\"potentialAction\":[{\"@type\":\"CommentAction\",\"name\":\"Comment\",\"target\":[\"https:\\\/\\\/marekkuchcinski.pl\\\/wydarzenia\\\/ambasador-wielkiej-brytanii-bezpieczenstwo-polski-jest-naszym-bezpieczenstwem\\\/#respond\"]}]},{\"@type\":\"WebPage\",\"@id\":\"https:\\\/\\\/marekkuchcinski.pl\\\/wydarzenia\\\/ambasador-wielkiej-brytanii-bezpieczenstwo-polski-jest-naszym-bezpieczenstwem\\\/\",\"url\":\"https:\\\/\\\/marekkuchcinski.pl\\\/wydarzenia\\\/ambasador-wielkiej-brytanii-bezpieczenstwo-polski-jest-naszym-bezpieczenstwem\\\/\",\"name\":\"Ambasador Wielkiej Brytanii: Bezpiecze\u0144stwo Polski jest naszym bezpiecze\u0144stwem &#8211; Marek Kuchci\u0144ski\",\"isPartOf\":{\"@id\":\"https:\\\/\\\/marekkuchcinski.pl\\\/#website\"},\"primaryImageOfPage\":{\"@id\":\"https:\\\/\\\/marekkuchcinski.pl\\\/wydarzenia\\\/ambasador-wielkiej-brytanii-bezpieczenstwo-polski-jest-naszym-bezpieczenstwem\\\/#primaryimage\"},\"image\":{\"@id\":\"https:\\\/\\\/marekkuchcinski.pl\\\/wydarzenia\\\/ambasador-wielkiej-brytanii-bezpieczenstwo-polski-jest-naszym-bezpieczenstwem\\\/#primaryimage\"},\"thumbnailUrl\":\"https:\\\/\\\/marekkuchcinski.pl\\\/wp-content\\\/uploads\\\/2022\\\/05\\\/IMG_20220526_140756-5-scaled.jpg\",\"datePublished\":\"2022-05-27T11:06:00+00:00\",\"dateModified\":\"2022-05-28T14:11:44+00:00\",\"breadcrumb\":{\"@id\":\"https:\\\/\\\/marekkuchcinski.pl\\\/wydarzenia\\\/ambasador-wielkiej-brytanii-bezpieczenstwo-polski-jest-naszym-bezpieczenstwem\\\/#breadcrumb\"},\"inLanguage\":\"en-GB\",\"potentialAction\":[{\"@type\":\"ReadAction\",\"target\":[\"https:\\\/\\\/marekkuchcinski.pl\\\/wydarzenia\\\/ambasador-wielkiej-brytanii-bezpieczenstwo-polski-jest-naszym-bezpieczenstwem\\\/\"]}]},{\"@type\":\"ImageObject\",\"inLanguage\":\"en-GB\",\"@id\":\"https:\\\/\\\/marekkuchcinski.pl\\\/wydarzenia\\\/ambasador-wielkiej-brytanii-bezpieczenstwo-polski-jest-naszym-bezpieczenstwem\\\/#primaryimage\",\"url\":\"https:\\\/\\\/marekkuchcinski.pl\\\/wp-content\\\/uploads\\\/2022\\\/05\\\/IMG_20220526_140756-5-scaled.jpg\",\"contentUrl\":\"https:\\\/\\\/marekkuchcinski.pl\\\/wp-content\\\/uploads\\\/2022\\\/05\\\/IMG_20220526_140756-5-scaled.jpg\",\"width\":2048,\"height\":1276,\"caption\":\"qrf\"},{\"@type\":\"BreadcrumbList\",\"@id\":\"https:\\\/\\\/marekkuchcinski.pl\\\/wydarzenia\\\/ambasador-wielkiej-brytanii-bezpieczenstwo-polski-jest-naszym-bezpieczenstwem\\\/#breadcrumb\",\"itemListElement\":[{\"@type\":\"ListItem\",\"position\":1,\"name\":\"Strona g\u0142\u00f3wna\",\"item\":\"https:\\\/\\\/marekkuchcinski.pl\\\/\"},{\"@type\":\"ListItem\",\"position\":2,\"name\":\"Ambasador Wielkiej Brytanii: Bezpiecze\u0144stwo Polski jest naszym bezpiecze\u0144stwem\"}]},{\"@type\":\"WebSite\",\"@id\":\"https:\\\/\\\/marekkuchcinski.pl\\\/#website\",\"url\":\"https:\\\/\\\/marekkuchcinski.pl\\\/\",\"name\":\"Marek Kuchci\u0144ski\",\"description\":\"Marek Kuchci\u0144ski \",\"publisher\":{\"@id\":\"https:\\\/\\\/marekkuchcinski.pl\\\/#organization\"},\"potentialAction\":[{\"@type\":\"SearchAction\",\"target\":{\"@type\":\"EntryPoint\",\"urlTemplate\":\"https:\\\/\\\/marekkuchcinski.pl\\\/?s={search_term_string}\"},\"query-input\":{\"@type\":\"PropertyValueSpecification\",\"valueRequired\":true,\"valueName\":\"search_term_string\"}}],\"inLanguage\":\"en-GB\"},{\"@type\":\"Organization\",\"@id\":\"https:\\\/\\\/marekkuchcinski.pl\\\/#organization\",\"name\":\"Marek Kuchci\u0144ski\",\"url\":\"https:\\\/\\\/marekkuchcinski.pl\\\/\",\"logo\":{\"@type\":\"ImageObject\",\"inLanguage\":\"en-GB\",\"@id\":\"https:\\\/\\\/marekkuchcinski.pl\\\/#\\\/schema\\\/logo\\\/image\\\/\",\"url\":\"https:\\\/\\\/marekkuchcinski.pl\\\/wp-content\\\/uploads\\\/2022\\\/09\\\/Marek.jpg\",\"contentUrl\":\"https:\\\/\\\/marekkuchcinski.pl\\\/wp-content\\\/uploads\\\/2022\\\/09\\\/Marek.jpg\",\"width\":1600,\"height\":971,\"caption\":\"Marek Kuchci\u0144ski\"},\"image\":{\"@id\":\"https:\\\/\\\/marekkuchcinski.pl\\\/#\\\/schema\\\/logo\\\/image\\\/\"}},{\"@type\":\"Person\",\"@id\":\"https:\\\/\\\/marekkuchcinski.pl\\\/#\\\/schema\\\/person\\\/bd3f15dee67fee76e83c8350d0154101\",\"name\":\"Marta Olejnik\",\"image\":{\"@type\":\"ImageObject\",\"inLanguage\":\"en-GB\",\"@id\":\"https:\\\/\\\/secure.gravatar.com\\\/avatar\\\/24754edd6080383402e292374b406b553027d572e97d60e7aa89a6940e88659a?s=96&d=mm&r=g\",\"url\":\"https:\\\/\\\/secure.gravatar.com\\\/avatar\\\/24754edd6080383402e292374b406b553027d572e97d60e7aa89a6940e88659a?s=96&d=mm&r=g\",\"contentUrl\":\"https:\\\/\\\/secure.gravatar.com\\\/avatar\\\/24754edd6080383402e292374b406b553027d572e97d60e7aa89a6940e88659a?s=96&d=mm&r=g\",\"caption\":\"Marta Olejnik\"},\"url\":\"https:\\\/\\\/marekkuchcinski.pl\\\/en\\\/author\\\/marta\\\/\"}]}<\/script>\n<!-- \/ Yoast SEO plugin. -->","yoast_head_json":{"title":"Ambasador Wielkiej Brytanii: Bezpiecze\u0144stwo Polski jest naszym bezpiecze\u0144stwem &#8211; Marek Kuchci\u0144ski","robots":{"index":"index","follow":"follow","max-snippet":"max-snippet:-1","max-image-preview":"max-image-preview:large","max-video-preview":"max-video-preview:-1"},"canonical":"https:\/\/marekkuchcinski.pl\/en\/wydarzenia\/ambasador-wielkiej-brytanii-bezpieczenstwo-polski-jest-naszym-bezpieczenstwem\/","og_locale":"en_GB","og_type":"article","og_title":"Ambasador Wielkiej Brytanii: Bezpiecze\u0144stwo Polski jest naszym bezpiecze\u0144stwem &#8211; Marek Kuchci\u0144ski","og_description":"Przewodnicz\u0105cy Komisji Spraw Zagranicznych Marek Kuchci\u0144ski rozmawia\u0142 w czwartek z ambasador Ann\u0105 Clunes. Podczas spotkania poruszono temat nowych format\u00f3w polsko-brytyjskiej wsp\u00f3\u0142pracy, zmian w systemie geopolitycznym \u015bwiata i wzmocnienia wsp\u00f3\u0142pracy pomi\u0119dzy\u00a0polskim i brytyjskim parlamentem. Marek Kuchci\u0144ski podkre\u015bli\u0142, \u017ce zaanga\u017cowanie Wielkiej Brytanii we wzmacnianie bezpiecze\u0144stwa Europy jest doceniane w Polsce przez wszystkie si\u0142y polityczne. Rozm\u00f3wcy zgodzili si\u0119, [&hellip;]","og_url":"https:\/\/marekkuchcinski.pl\/en\/wydarzenia\/ambasador-wielkiej-brytanii-bezpieczenstwo-polski-jest-naszym-bezpieczenstwem\/","og_site_name":"Marek Kuchci\u0144ski","article_published_time":"2022-05-27T11:06:00+00:00","article_modified_time":"2022-05-28T14:11:44+00:00","og_image":[{"width":2048,"height":1276,"url":"https:\/\/marekkuchcinski.pl\/wp-content\/uploads\/2022\/05\/IMG_20220526_140756-5-scaled.jpg","type":"image\/jpeg"}],"author":"Marta Olejnik","twitter_card":"summary_large_image","twitter_misc":{"Written by":"Marta Olejnik","Est. reading time":"2 minutes"},"schema":{"@context":"https:\/\/schema.org","@graph":[{"@type":"Article","@id":"https:\/\/marekkuchcinski.pl\/wydarzenia\/ambasador-wielkiej-brytanii-bezpieczenstwo-polski-jest-naszym-bezpieczenstwem\/#article","isPartOf":{"@id":"https:\/\/marekkuchcinski.pl\/wydarzenia\/ambasador-wielkiej-brytanii-bezpieczenstwo-polski-jest-naszym-bezpieczenstwem\/"},"author":{"name":"Marta Olejnik","@id":"https:\/\/marekkuchcinski.pl\/#\/schema\/person\/bd3f15dee67fee76e83c8350d0154101"},"headline":"Ambasador Wielkiej Brytanii: Bezpiecze\u0144stwo Polski jest naszym bezpiecze\u0144stwem","datePublished":"2022-05-27T11:06:00+00:00","dateModified":"2022-05-28T14:11:44+00:00","mainEntityOfPage":{"@id":"https:\/\/marekkuchcinski.pl\/wydarzenia\/ambasador-wielkiej-brytanii-bezpieczenstwo-polski-jest-naszym-bezpieczenstwem\/"},"wordCount":182,"commentCount":0,"publisher":{"@id":"https:\/\/marekkuchcinski.pl\/#organization"},"image":{"@id":"https:\/\/marekkuchcinski.pl\/wydarzenia\/ambasador-wielkiej-brytanii-bezpieczenstwo-polski-jest-naszym-bezpieczenstwem\/#primaryimage"},"thumbnailUrl":"https:\/\/marekkuchcinski.pl\/wp-content\/uploads\/2022\/05\/IMG_20220526_140756-5-scaled.jpg","articleSection":["Wsp\u00f3\u0142praca mi\u0119dzynarodowa","Wydarzenia"],"inLanguage":"en-GB","potentialAction":[{"@type":"CommentAction","name":"Comment","target":["https:\/\/marekkuchcinski.pl\/wydarzenia\/ambasador-wielkiej-brytanii-bezpieczenstwo-polski-jest-naszym-bezpieczenstwem\/#respond"]}]},{"@type":"WebPage","@id":"https:\/\/marekkuchcinski.pl\/wydarzenia\/ambasador-wielkiej-brytanii-bezpieczenstwo-polski-jest-naszym-bezpieczenstwem\/","url":"https:\/\/marekkuchcinski.pl\/wydarzenia\/ambasador-wielkiej-brytanii-bezpieczenstwo-polski-jest-naszym-bezpieczenstwem\/","name":"Ambasador Wielkiej Brytanii: Bezpiecze\u0144stwo Polski jest naszym bezpiecze\u0144stwem &#8211; Marek Kuchci\u0144ski","isPartOf":{"@id":"https:\/\/marekkuchcinski.pl\/#website"},"primaryImageOfPage":{"@id":"https:\/\/marekkuchcinski.pl\/wydarzenia\/ambasador-wielkiej-brytanii-bezpieczenstwo-polski-jest-naszym-bezpieczenstwem\/#primaryimage"},"image":{"@id":"https:\/\/marekkuchcinski.pl\/wydarzenia\/ambasador-wielkiej-brytanii-bezpieczenstwo-polski-jest-naszym-bezpieczenstwem\/#primaryimage"},"thumbnailUrl":"https:\/\/marekkuchcinski.pl\/wp-content\/uploads\/2022\/05\/IMG_20220526_140756-5-scaled.jpg","datePublished":"2022-05-27T11:06:00+00:00","dateModified":"2022-05-28T14:11:44+00:00","breadcrumb":{"@id":"https:\/\/marekkuchcinski.pl\/wydarzenia\/ambasador-wielkiej-brytanii-bezpieczenstwo-polski-jest-naszym-bezpieczenstwem\/#breadcrumb"},"inLanguage":"en-GB","potentialAction":[{"@type":"ReadAction","target":["https:\/\/marekkuchcinski.pl\/wydarzenia\/ambasador-wielkiej-brytanii-bezpieczenstwo-polski-jest-naszym-bezpieczenstwem\/"]}]},{"@type":"ImageObject","inLanguage":"en-GB","@id":"https:\/\/marekkuchcinski.pl\/wydarzenia\/ambasador-wielkiej-brytanii-bezpieczenstwo-polski-jest-naszym-bezpieczenstwem\/#primaryimage","url":"https:\/\/marekkuchcinski.pl\/wp-content\/uploads\/2022\/05\/IMG_20220526_140756-5-scaled.jpg","contentUrl":"https:\/\/marekkuchcinski.pl\/wp-content\/uploads\/2022\/05\/IMG_20220526_140756-5-scaled.jpg","width":2048,"height":1276,"caption":"qrf"},{"@type":"BreadcrumbList","@id":"https:\/\/marekkuchcinski.pl\/wydarzenia\/ambasador-wielkiej-brytanii-bezpieczenstwo-polski-jest-naszym-bezpieczenstwem\/#breadcrumb","itemListElement":[{"@type":"ListItem","position":1,"name":"Strona g\u0142\u00f3wna","item":"https:\/\/marekkuchcinski.pl\/"},{"@type":"ListItem","position":2,"name":"Ambasador Wielkiej Brytanii: Bezpiecze\u0144stwo Polski jest naszym bezpiecze\u0144stwem"}]},{"@type":"WebSite","@id":"https:\/\/marekkuchcinski.pl\/#website","url":"https:\/\/marekkuchcinski.pl\/","name":"Marek Kuchci\u0144ski","description":"Marek Kuchci\u0144ski","publisher":{"@id":"https:\/\/marekkuchcinski.pl\/#organization"},"potentialAction":[{"@type":"SearchAction","target":{"@type":"EntryPoint","urlTemplate":"https:\/\/marekkuchcinski.pl\/?s={search_term_string}"},"query-input":{"@type":"PropertyValueSpecification","valueRequired":true,"valueName":"search_term_string"}}],"inLanguage":"en-GB"},{"@type":"Organization","@id":"https:\/\/marekkuchcinski.pl\/#organization","name":"Marek Kuchci\u0144ski","url":"https:\/\/marekkuchcinski.pl\/","logo":{"@type":"ImageObject","inLanguage":"en-GB","@id":"https:\/\/marekkuchcinski.pl\/#\/schema\/logo\/image\/","url":"https:\/\/marekkuchcinski.pl\/wp-content\/uploads\/2022\/09\/Marek.jpg","contentUrl":"https:\/\/marekkuchcinski.pl\/wp-content\/uploads\/2022\/09\/Marek.jpg","width":1600,"height":971,"caption":"Marek Kuchci\u0144ski"},"image":{"@id":"https:\/\/marekkuchcinski.pl\/#\/schema\/logo\/image\/"}},{"@type":"Person","@id":"https:\/\/marekkuchcinski.pl\/#\/schema\/person\/bd3f15dee67fee76e83c8350d0154101","name":"Marta Olejnik","image":{"@type":"ImageObject","inLanguage":"en-GB","@id":"https:\/\/secure.gravatar.com\/avatar\/24754edd6080383402e292374b406b553027d572e97d60e7aa89a6940e88659a?s=96&d=mm&r=g","url":"https:\/\/secure.gravatar.com\/avatar\/24754edd6080383402e292374b406b553027d572e97d60e7aa89a6940e88659a?s=96&d=mm&r=g","contentUrl":"https:\/\/secure.gravatar.com\/avatar\/24754edd6080383402e292374b406b553027d572e97d60e7aa89a6940e88659a?s=96&d=mm&r=g","caption":"Marta Olejnik"},"url":"https:\/\/marekkuchcinski.pl\/en\/author\/marta\/"}]}},"_links":{"self":[{"href":"https:\/\/marekkuchcinski.pl\/en\/wp-json\/wp\/v2\/posts\/25031","targetHints":{"allow":["GET"]}}],"collection":[{"href":"https:\/\/marekkuchcinski.pl\/en\/wp-json\/wp\/v2\/posts"}],"about":[{"href":"https:\/\/marekkuchcinski.pl\/en\/wp-json\/wp\/v2\/types\/post"}],"author":[{"embeddable":true,"href":"https:\/\/marekkuchcinski.pl\/en\/wp-json\/wp\/v2\/users\/3"}],"replies":[{"embeddable":true,"href":"https:\/\/marekkuchcinski.pl\/en\/wp-json\/wp\/v2\/comments?post=25031"}],"version-history":[{"count":5,"href":"https:\/\/marekkuchcinski.pl\/en\/wp-json\/wp\/v2\/posts\/25031\/revisions"}],"predecessor-version":[{"id":25076,"href":"https:\/\/marekkuchcinski.pl\/en\/wp-json\/wp\/v2\/posts\/25031\/revisions\/25076"}],"wp:featuredmedia":[{"embeddable":true,"href":"https:\/\/marekkuchcinski.pl\/en\/wp-json\/wp\/v2\/media\/25034"}],"wp:attachment":[{"href":"https:\/\/marekkuchcinski.pl\/en\/wp-json\/wp\/v2\/media?parent=25031"}],"wp:term":[{"taxonomy":"category","embeddable":true,"href":"https:\/\/marekkuchcinski.pl\/en\/wp-json\/wp\/v2\/categories?post=25031"},{"taxonomy":"post_tag","embeddable":true,"href":"https:\/\/marekkuchcinski.pl\/en\/wp-json\/wp\/v2\/tags?post=25031"}],"curies":[{"name":"wp","href":"https:\/\/api.w.org\/{rel}","templated":true}]}}