{"id":24787,"date":"2022-04-26T15:40:32","date_gmt":"2022-04-26T13:40:32","guid":{"rendered":"https:\/\/marekkuchcinski.pl\/?p=24787"},"modified":"2022-04-26T16:16:05","modified_gmt":"2022-04-26T14:16:05","slug":"kobiety-karpat-ukrainie","status":"publish","type":"post","link":"https:\/\/marekkuchcinski.pl\/en\/wydarzenia\/kobiety-karpat-ukrainie\/","title":{"rendered":"Kobiety Karpat Ukrainie"},"content":{"rendered":"<p class=\"wp-block-paragraph\"><strong>23 kwietnia<\/strong> w <strong>Muzeum Narodowym Ziemi Przemyskiej odby\u0142a si\u0119 konferencja po\u015bwi\u0119cona pomocy Ukrainie, zorganizowana przez nowo powsta\u0142e stowarzyszenie Kobiety Karpat. Honorowy patronat nad wydarzeniem obj\u0119\u0142a Pierwsza Dama RP Agata Kornhauser-Duda.<\/strong><\/p>\n\n\n\n<p class=\"wp-block-paragraph\">Uczestnikami imprezy byli m.in. przewodnicz\u0105cy Komisji Spraw Zagranicznych Sejmu RP Marek Kuchci\u0144ski, minister rodziny i polityki spo\u0142ecznej Marlena Mal\u0105g, wiceminister funduszy i polityki regionalnej Ma\u0142gorzata Jarosi\u0144ska-Jedynak, wiceminister rozwoju i technologii Olga Semeniuk oraz wiceminister finans\u00f3w Piotr Patkowski. Go\u015b\u0107mi specjalnymi by\u0142y przedstawicielki Rady Najwy\u017cszej Ukrainy O\u0142ena Kondrattiuk i O\u0142ena Shulak, kt\u00f3re podkre\u015bla\u0142y \u201esiostrzan\u0105\u201d postaw\u0119 Polski.<\/p>\n\n\n\n<p class=\"wp-block-paragraph\">W li\u015bcie skierowanym do organizator\u00f3w i uczestnik\u00f3w konferencji Agata Kornhauser-Duda przekaza\u0142a, \u017ce trudno sobie wyobrazi\u0107 lepsze miejsce na organizacj\u0119 takiego wydarzenia jak Przemy\u015bl, miasto, kt\u00f3re od pocz\u0105tku mierzy si\u0119 z organizacj\u0105 pomocy humanitarnej dla setek tysi\u0119cy uchod\u017ac\u00f3w z&nbsp;ogarni\u0119tego wojn\u0105 kraju naszego s\u0105siada. Wed\u0142ug Pierwszej Damy to tutaj wida\u0107, jak bardzo wra\u017cliwi na nieszcz\u0119\u015bcie Ukrai\u0144c\u00f3w i Ukrainek okazali si\u0119 Polacy. To tutaj te\u017c wida\u0107, \u017ce struktury pa\u0144stwa polskiego i&nbsp;samorz\u0105d\u00f3w zda\u0142y egzamin w obliczu wielkiego wyzwania organizacyjnego, jakim jest opieka nad uciekaj\u0105cymi przed wojn\u0105 nieszcz\u0119\u015bliwymi lud\u017ami. W\u015br\u00f3d uchod\u017ac\u00f3w przewa\u017caj\u0105 kobiety i dzieci, a&nbsp;wi\u0119c osoby bezbronne, wymagaj\u0105ce szczeg\u00f3lnej troski.<\/p>\n\n\n\n<p class=\"wp-block-paragraph\">Przewodnicz\u0105cy Marek Kuchci\u0144ski podkre\u015bla\u0142 wielk\u0105 rol\u0119 kobiet, matek i \u017con, we wsp\u00f3\u0142czesnym \u015bwiecie. Zaznaczy\u0142, \u017ce Stowarzyszenie Kobiety Karpat jest odpowiedzi\u0105 na potrzeby, jakie wybrzmiewa\u0142y przez lata podczas konferencji Europa Karpat.<\/p>\n\n\n\n<p class=\"wp-block-paragraph\">Minister Marlena Mal\u0105g przypomnia\u0142a o \u015bwiadczeniach w wysoko\u015bci 300 z\u0142 i wychowawczych zagwarantowanych przez Polsk\u0119 dla uchod\u017ac\u00f3w, o bezp\u0142atnej opiece zdrowotnej, o stworzonej ukrai\u0144skim dzieciom i studentom mo\u017cliwo\u015bci kontynuowania nauki w Polsce czy dedykowanym Ukrai\u0144com stronom internetowym. Poda\u0142a, \u017ce numer PESEL otrzyma\u0142o ju\u017c blisko 1 mln os\u00f3b, po\u0142owa to kobiety, reszta dzieci. Minister podkre\u015bli\u0142a, \u017ce wsparcie uchod\u017ac\u00f3w realizowane jest przede wszystkim dzi\u0119ki przyj\u0119tej niedawno specustawie, kt\u00f3ra m.in. umo\u017cliwia im pobyt w naszym kraju przez 18 miesi\u0119cy. Uchod\u017acy maj\u0105 r\u00f3wnie\u017c dost\u0119p do polskiego rynku pracy.<\/p>\n\n\n\n<p class=\"wp-block-paragraph\">Wiceminister Ma\u0142gorzata Jarosi\u0144ska-Jedynak zaznaczy\u0142a, \u017ce&nbsp;decyduj\u0105c o przeznaczeniu \u015brodk\u00f3w, Ministerstwo dzia\u0142a w re\u017cimie regulacji szczebla europejskiego na podstawie przyj\u0119tych przez Komisje Europejsk\u0105 pakiet\u00f3w pomocowych. Na bazie tych regulacji \u015brodki UE przeznaczono m.in. na wsparcie opieki nad dzie\u0107mi do lat 3, kompleksow\u0105 aktywizacj\u0119 zawodow\u0105, zakup materia\u0142\u00f3w medycznych i lek\u00f3w dla szpitali czy wykorzystanie taboru pasa\u017cerskiego do przewoz\u00f3w humanitarnych.<\/p>\n\n\n\n<p class=\"wp-block-paragraph\">Wiceminister rozwoju i technologii Olga Semeniuk m\u00f3wi\u0142a, \u017ce 1\/3 obywateli Ukrainy, kt\u00f3rzy przyjechali do naszego kraju, chce u nas znale\u017a\u0107 prac\u0119. Natomiast 93 proc. z os\u00f3b, kt\u00f3re s\u0105 u nas to kobiety, a \u015brednia wieku to 38 lat. Zdaniem Semeniuk obecno\u015b\u0107 Ukrai\u0144c\u00f3w w Polsce to szansa zar\u00f3wno dla polskiej, jak i ukrai\u0144skiej gospodarki. Zaznaczy\u0142a, \u017ce przygotowywane s\u0105 programy, kt\u00f3re maj\u0105 u\u0142atwi\u0107 uchod\u017acom m.in. zak\u0142adanie firm w naszym kraju. \u2013To kobiety coraz cz\u0119\u015bciej zak\u0142adaj\u0105 firmy, s\u0105 aktywne. Tworzymy r\u00f3wnie\u017c przewodniki, kt\u00f3re pokazuj\u0105, jak za\u0142o\u017cy\u0107 firm\u0119 czy przenie\u015b\u0107 firm\u0119 z Ukrainy do Polski \u2013 podkre\u015bli\u0142a. Wed\u0142ug wiceminister obecnie najwa\u017cniejsze jest zbudowanie programu gospodarczego, kt\u00f3ry b\u0119dzie dotyczy\u0142 odbudowy Ukrainy.<\/p>\n\n\n\n<p class=\"wp-block-paragraph\">Wiceminister Piotr Patkowski zwr\u00f3ci\u0142 uwag\u0119, \u017ce wyzwaniem b\u0119dzie obecnie udzielenie pomocy Ukrainie w odbudowaniu zniszcze\u0144. Wed\u0142ug Patkowskiego skala \u015brodk\u00f3w, kt\u00f3ra musi by\u0107 przekazana na ten cel, b\u0119dzie niespotykana do tej pory historii.&nbsp; \u2013 Te \u015brodki nie mog\u0105 te\u017c by\u0107 zwrotne. Pierwszy rzut musi by\u0107 hojny i musi by\u0107 zbudowany ze \u015brodk\u00f3w bezzwrotnych. To pozwoli pa\u0144stwu ukrai\u0144skiemu uruchomi\u0107 d\u017awignie finansowe, kt\u00f3re pozwol\u0105 si\u0119 krajowi rozwija\u0107 \u2013 podkre\u015bla\u0142 wiceminister finans\u00f3w.&nbsp;<\/p>\n\n\n\n<p class=\"wp-block-paragraph\">Szczeg\u00f3ln\u0105 rol\u0119 w organizacji konferencji odegra\u0142a pose\u0142 Teresa Pamu\u0142a oraz prezes stowarzyszenia Krystyna Wr\u00f3blewska.<\/p>\n\n\n\n<p class=\"wp-block-paragraph\"><em><strong><span class=\"has-inline-color has-luminous-vivid-orange-color\">tekst\/fot. mo<\/span><\/strong><\/em><\/p>\n\n\n\n<figure class=\"wp-block-image size-large\"><a href=\"https:\/\/marekkuchcinski.pl\/wp-content\/uploads\/2022\/04\/IMG_5092-scaled.jpg\"><img fetchpriority=\"high\" decoding=\"async\" width=\"1024\" height=\"683\" src=\"https:\/\/marekkuchcinski.pl\/wp-content\/uploads\/2022\/04\/IMG_5092-1024x683.jpg\" alt=\"\" class=\"wp-image-24788\" srcset=\"https:\/\/marekkuchcinski.pl\/wp-content\/uploads\/2022\/04\/IMG_5092-1024x683.jpg 1024w, https:\/\/marekkuchcinski.pl\/wp-content\/uploads\/2022\/04\/IMG_5092-300x200.jpg 300w, https:\/\/marekkuchcinski.pl\/wp-content\/uploads\/2022\/04\/IMG_5092-768x512.jpg 768w, https:\/\/marekkuchcinski.pl\/wp-content\/uploads\/2022\/04\/IMG_5092-1536x1024.jpg 1536w, https:\/\/marekkuchcinski.pl\/wp-content\/uploads\/2022\/04\/IMG_5092-scaled.jpg 2048w, https:\/\/marekkuchcinski.pl\/wp-content\/uploads\/2022\/04\/IMG_5092-18x12.jpg 18w\" sizes=\"(max-width: 1024px) 100vw, 1024px\" \/><\/a><\/figure>\n\n\n\n<figure class=\"wp-block-image size-large\"><a href=\"https:\/\/marekkuchcinski.pl\/wp-content\/uploads\/2022\/04\/IMG_5076-scaled.jpg\"><img decoding=\"async\" width=\"1024\" height=\"681\" src=\"https:\/\/marekkuchcinski.pl\/wp-content\/uploads\/2022\/04\/IMG_5076-1024x681.jpg\" alt=\"\" class=\"wp-image-24798\" srcset=\"https:\/\/marekkuchcinski.pl\/wp-content\/uploads\/2022\/04\/IMG_5076-1024x681.jpg 1024w, https:\/\/marekkuchcinski.pl\/wp-content\/uploads\/2022\/04\/IMG_5076-300x199.jpg 300w, https:\/\/marekkuchcinski.pl\/wp-content\/uploads\/2022\/04\/IMG_5076-768x511.jpg 768w, https:\/\/marekkuchcinski.pl\/wp-content\/uploads\/2022\/04\/IMG_5076-1536x1021.jpg 1536w, https:\/\/marekkuchcinski.pl\/wp-content\/uploads\/2022\/04\/IMG_5076-scaled.jpg 2048w, https:\/\/marekkuchcinski.pl\/wp-content\/uploads\/2022\/04\/IMG_5076-18x12.jpg 18w\" sizes=\"(max-width: 1024px) 100vw, 1024px\" \/><\/a><\/figure>\n\n\n\n<figure class=\"wp-block-image size-large\"><a href=\"https:\/\/marekkuchcinski.pl\/wp-content\/uploads\/2022\/04\/278582882_401991325080097_8527923038238098020_n.jpg\"><img decoding=\"async\" width=\"1024\" height=\"627\" src=\"https:\/\/marekkuchcinski.pl\/wp-content\/uploads\/2022\/04\/278582882_401991325080097_8527923038238098020_n-1024x627.jpg\" alt=\"\" class=\"wp-image-24791\" srcset=\"https:\/\/marekkuchcinski.pl\/wp-content\/uploads\/2022\/04\/278582882_401991325080097_8527923038238098020_n-1024x627.jpg 1024w, https:\/\/marekkuchcinski.pl\/wp-content\/uploads\/2022\/04\/278582882_401991325080097_8527923038238098020_n-300x184.jpg 300w, https:\/\/marekkuchcinski.pl\/wp-content\/uploads\/2022\/04\/278582882_401991325080097_8527923038238098020_n-768x470.jpg 768w, https:\/\/marekkuchcinski.pl\/wp-content\/uploads\/2022\/04\/278582882_401991325080097_8527923038238098020_n-1536x941.jpg 1536w, https:\/\/marekkuchcinski.pl\/wp-content\/uploads\/2022\/04\/278582882_401991325080097_8527923038238098020_n-18x12.jpg 18w, https:\/\/marekkuchcinski.pl\/wp-content\/uploads\/2022\/04\/278582882_401991325080097_8527923038238098020_n.jpg 2048w\" sizes=\"(max-width: 1024px) 100vw, 1024px\" \/><\/a><\/figure>\n\n\n\n<figure class=\"wp-block-image size-large\"><a href=\"https:\/\/marekkuchcinski.pl\/wp-content\/uploads\/2022\/04\/IMG_5157-scaled.jpg\"><img loading=\"lazy\" decoding=\"async\" width=\"1024\" height=\"683\" src=\"https:\/\/marekkuchcinski.pl\/wp-content\/uploads\/2022\/04\/IMG_5157-1024x683.jpg\" alt=\"\" class=\"wp-image-24799\" srcset=\"https:\/\/marekkuchcinski.pl\/wp-content\/uploads\/2022\/04\/IMG_5157-1024x683.jpg 1024w, https:\/\/marekkuchcinski.pl\/wp-content\/uploads\/2022\/04\/IMG_5157-300x200.jpg 300w, https:\/\/marekkuchcinski.pl\/wp-content\/uploads\/2022\/04\/IMG_5157-768x512.jpg 768w, https:\/\/marekkuchcinski.pl\/wp-content\/uploads\/2022\/04\/IMG_5157-1536x1024.jpg 1536w, https:\/\/marekkuchcinski.pl\/wp-content\/uploads\/2022\/04\/IMG_5157-scaled.jpg 2048w, https:\/\/marekkuchcinski.pl\/wp-content\/uploads\/2022\/04\/IMG_5157-18x12.jpg 18w\" sizes=\"(max-width: 1024px) 100vw, 1024px\" \/><\/a><\/figure>\n\n\n\n<figure class=\"wp-block-image size-large\"><a href=\"https:\/\/marekkuchcinski.pl\/wp-content\/uploads\/2022\/04\/278403342_401991545080075_8123570003993128452_n.jpg\"><img loading=\"lazy\" decoding=\"async\" width=\"1024\" height=\"667\" src=\"https:\/\/marekkuchcinski.pl\/wp-content\/uploads\/2022\/04\/278403342_401991545080075_8123570003993128452_n-1024x667.jpg\" alt=\"\" class=\"wp-image-24793\" srcset=\"https:\/\/marekkuchcinski.pl\/wp-content\/uploads\/2022\/04\/278403342_401991545080075_8123570003993128452_n-1024x667.jpg 1024w, https:\/\/marekkuchcinski.pl\/wp-content\/uploads\/2022\/04\/278403342_401991545080075_8123570003993128452_n-300x195.jpg 300w, https:\/\/marekkuchcinski.pl\/wp-content\/uploads\/2022\/04\/278403342_401991545080075_8123570003993128452_n-768x500.jpg 768w, https:\/\/marekkuchcinski.pl\/wp-content\/uploads\/2022\/04\/278403342_401991545080075_8123570003993128452_n-1536x1001.jpg 1536w, https:\/\/marekkuchcinski.pl\/wp-content\/uploads\/2022\/04\/278403342_401991545080075_8123570003993128452_n-18x12.jpg 18w, https:\/\/marekkuchcinski.pl\/wp-content\/uploads\/2022\/04\/278403342_401991545080075_8123570003993128452_n.jpg 2048w\" sizes=\"(max-width: 1024px) 100vw, 1024px\" \/><\/a><\/figure>\n\n\n\n<figure class=\"wp-block-image size-large\"><a href=\"https:\/\/marekkuchcinski.pl\/wp-content\/uploads\/2022\/04\/IMG_5148_edited-scaled.jpg\"><img loading=\"lazy\" decoding=\"async\" width=\"1024\" height=\"715\" src=\"https:\/\/marekkuchcinski.pl\/wp-content\/uploads\/2022\/04\/IMG_5148_edited-1024x715.jpg\" alt=\"\" class=\"wp-image-24794\" srcset=\"https:\/\/marekkuchcinski.pl\/wp-content\/uploads\/2022\/04\/IMG_5148_edited-1024x715.jpg 1024w, https:\/\/marekkuchcinski.pl\/wp-content\/uploads\/2022\/04\/IMG_5148_edited-300x209.jpg 300w, https:\/\/marekkuchcinski.pl\/wp-content\/uploads\/2022\/04\/IMG_5148_edited-768x536.jpg 768w, https:\/\/marekkuchcinski.pl\/wp-content\/uploads\/2022\/04\/IMG_5148_edited-1536x1072.jpg 1536w, https:\/\/marekkuchcinski.pl\/wp-content\/uploads\/2022\/04\/IMG_5148_edited-scaled.jpg 2048w, https:\/\/marekkuchcinski.pl\/wp-content\/uploads\/2022\/04\/IMG_5148_edited-18x12.jpg 18w\" sizes=\"(max-width: 1024px) 100vw, 1024px\" \/><\/a><\/figure>\n\n\n\n<figure class=\"wp-block-image size-large\"><a href=\"https:\/\/marekkuchcinski.pl\/wp-content\/uploads\/2022\/04\/278573776_402001585079071_7576439133853244384_n.jpg\"><img loading=\"lazy\" decoding=\"async\" width=\"1024\" height=\"632\" src=\"https:\/\/marekkuchcinski.pl\/wp-content\/uploads\/2022\/04\/278573776_402001585079071_7576439133853244384_n-1024x632.jpg\" alt=\"\" class=\"wp-image-24796\" srcset=\"https:\/\/marekkuchcinski.pl\/wp-content\/uploads\/2022\/04\/278573776_402001585079071_7576439133853244384_n-1024x632.jpg 1024w, https:\/\/marekkuchcinski.pl\/wp-content\/uploads\/2022\/04\/278573776_402001585079071_7576439133853244384_n-300x185.jpg 300w, https:\/\/marekkuchcinski.pl\/wp-content\/uploads\/2022\/04\/278573776_402001585079071_7576439133853244384_n-768x474.jpg 768w, https:\/\/marekkuchcinski.pl\/wp-content\/uploads\/2022\/04\/278573776_402001585079071_7576439133853244384_n-18x12.jpg 18w, https:\/\/marekkuchcinski.pl\/wp-content\/uploads\/2022\/04\/278573776_402001585079071_7576439133853244384_n.jpg 1440w\" sizes=\"(max-width: 1024px) 100vw, 1024px\" \/><\/a><\/figure>","protected":false},"excerpt":{"rendered":"<p>23 kwietnia w Muzeum Narodowym Ziemi Przemyskiej odby\u0142a si\u0119 konferencja po\u015bwi\u0119cona pomocy Ukrainie, zorganizowana przez nowo powsta\u0142e stowarzyszenie Kobiety Karpat. Honorowy patronat nad wydarzeniem obj\u0119\u0142a Pierwsza Dama RP Agata Kornhauser-Duda. Uczestnikami imprezy byli m.in. przewodnicz\u0105cy Komisji Spraw Zagranicznych Sejmu RP Marek Kuchci\u0144ski, minister rodziny i polityki spo\u0142ecznej Marlena Mal\u0105g, wiceminister funduszy i polityki regionalnej Ma\u0142gorzata [&hellip;]<\/p>\n","protected":false},"author":3,"featured_media":24788,"comment_status":"open","ping_status":"open","sticky":false,"template":"","format":"standard","meta":{"ngg_post_thumbnail":0,"footnotes":""},"categories":[78,50,3],"tags":[],"class_list":["post-24787","post","type-post","status-publish","format-standard","has-post-thumbnail","hentry","category-europa-karpat","category-wspolpraca-miedzynarodowa","category-wydarzenia"],"yoast_head":"<!-- This site is optimized with the Yoast SEO plugin v28.4 - https:\/\/yoast.com\/product\/yoast-seo-wordpress\/ -->\n<title>Kobiety Karpat Ukrainie &#8211; Marek Kuchci\u0144ski<\/title>\n<meta name=\"robots\" content=\"index, follow, max-snippet:-1, max-image-preview:large, max-video-preview:-1\" \/>\n<link rel=\"canonical\" href=\"https:\/\/marekkuchcinski.pl\/en\/wydarzenia\/kobiety-karpat-ukrainie\/\" \/>\n<meta property=\"og:locale\" content=\"en_GB\" \/>\n<meta property=\"og:type\" content=\"article\" \/>\n<meta property=\"og:title\" content=\"Kobiety Karpat Ukrainie &#8211; Marek Kuchci\u0144ski\" \/>\n<meta property=\"og:description\" content=\"23 kwietnia w Muzeum Narodowym Ziemi Przemyskiej odby\u0142a si\u0119 konferencja po\u015bwi\u0119cona pomocy Ukrainie, zorganizowana przez nowo powsta\u0142e stowarzyszenie Kobiety Karpat. Honorowy patronat nad wydarzeniem obj\u0119\u0142a Pierwsza Dama RP Agata Kornhauser-Duda. Uczestnikami imprezy byli m.in. przewodnicz\u0105cy Komisji Spraw Zagranicznych Sejmu RP Marek Kuchci\u0144ski, minister rodziny i polityki spo\u0142ecznej Marlena Mal\u0105g, wiceminister funduszy i polityki regionalnej Ma\u0142gorzata [&hellip;]\" \/>\n<meta property=\"og:url\" content=\"https:\/\/marekkuchcinski.pl\/en\/wydarzenia\/kobiety-karpat-ukrainie\/\" \/>\n<meta property=\"og:site_name\" content=\"Marek Kuchci\u0144ski\" \/>\n<meta property=\"article:published_time\" content=\"2022-04-26T13:40:32+00:00\" \/>\n<meta property=\"article:modified_time\" content=\"2022-04-26T14:16:05+00:00\" \/>\n<meta property=\"og:image\" content=\"https:\/\/marekkuchcinski.pl\/wp-content\/uploads\/2022\/04\/IMG_5092-scaled.jpg\" \/>\n\t<meta property=\"og:image:width\" content=\"2048\" \/>\n\t<meta property=\"og:image:height\" content=\"1365\" \/>\n\t<meta property=\"og:image:type\" content=\"image\/jpeg\" \/>\n<meta name=\"author\" content=\"Marta Olejnik\" \/>\n<meta name=\"twitter:card\" content=\"summary_large_image\" \/>\n<meta name=\"twitter:label1\" content=\"Written by\" \/>\n\t<meta name=\"twitter:data1\" content=\"Marta Olejnik\" \/>\n\t<meta name=\"twitter:label2\" content=\"Est. reading time\" \/>\n\t<meta name=\"twitter:data2\" content=\"4 minutes\" \/>\n<script type=\"application\/ld+json\" class=\"yoast-schema-graph\">{\"@context\":\"https:\\\/\\\/schema.org\",\"@graph\":[{\"@type\":\"Article\",\"@id\":\"https:\\\/\\\/marekkuchcinski.pl\\\/wydarzenia\\\/kobiety-karpat-ukrainie\\\/#article\",\"isPartOf\":{\"@id\":\"https:\\\/\\\/marekkuchcinski.pl\\\/wydarzenia\\\/kobiety-karpat-ukrainie\\\/\"},\"author\":{\"name\":\"Marta Olejnik\",\"@id\":\"https:\\\/\\\/marekkuchcinski.pl\\\/#\\\/schema\\\/person\\\/bd3f15dee67fee76e83c8350d0154101\"},\"headline\":\"Kobiety Karpat Ukrainie\",\"datePublished\":\"2022-04-26T13:40:32+00:00\",\"dateModified\":\"2022-04-26T14:16:05+00:00\",\"mainEntityOfPage\":{\"@id\":\"https:\\\/\\\/marekkuchcinski.pl\\\/wydarzenia\\\/kobiety-karpat-ukrainie\\\/\"},\"wordCount\":687,\"commentCount\":0,\"publisher\":{\"@id\":\"https:\\\/\\\/marekkuchcinski.pl\\\/#organization\"},\"image\":{\"@id\":\"https:\\\/\\\/marekkuchcinski.pl\\\/wydarzenia\\\/kobiety-karpat-ukrainie\\\/#primaryimage\"},\"thumbnailUrl\":\"https:\\\/\\\/marekkuchcinski.pl\\\/wp-content\\\/uploads\\\/2022\\\/04\\\/IMG_5092-scaled.jpg\",\"articleSection\":[\"Europa Karpat\",\"Wsp\u00f3\u0142praca mi\u0119dzynarodowa\",\"Wydarzenia\"],\"inLanguage\":\"en-GB\",\"potentialAction\":[{\"@type\":\"CommentAction\",\"name\":\"Comment\",\"target\":[\"https:\\\/\\\/marekkuchcinski.pl\\\/wydarzenia\\\/kobiety-karpat-ukrainie\\\/#respond\"]}]},{\"@type\":\"WebPage\",\"@id\":\"https:\\\/\\\/marekkuchcinski.pl\\\/wydarzenia\\\/kobiety-karpat-ukrainie\\\/\",\"url\":\"https:\\\/\\\/marekkuchcinski.pl\\\/wydarzenia\\\/kobiety-karpat-ukrainie\\\/\",\"name\":\"Kobiety Karpat Ukrainie &#8211; Marek Kuchci\u0144ski\",\"isPartOf\":{\"@id\":\"https:\\\/\\\/marekkuchcinski.pl\\\/#website\"},\"primaryImageOfPage\":{\"@id\":\"https:\\\/\\\/marekkuchcinski.pl\\\/wydarzenia\\\/kobiety-karpat-ukrainie\\\/#primaryimage\"},\"image\":{\"@id\":\"https:\\\/\\\/marekkuchcinski.pl\\\/wydarzenia\\\/kobiety-karpat-ukrainie\\\/#primaryimage\"},\"thumbnailUrl\":\"https:\\\/\\\/marekkuchcinski.pl\\\/wp-content\\\/uploads\\\/2022\\\/04\\\/IMG_5092-scaled.jpg\",\"datePublished\":\"2022-04-26T13:40:32+00:00\",\"dateModified\":\"2022-04-26T14:16:05+00:00\",\"breadcrumb\":{\"@id\":\"https:\\\/\\\/marekkuchcinski.pl\\\/wydarzenia\\\/kobiety-karpat-ukrainie\\\/#breadcrumb\"},\"inLanguage\":\"en-GB\",\"potentialAction\":[{\"@type\":\"ReadAction\",\"target\":[\"https:\\\/\\\/marekkuchcinski.pl\\\/wydarzenia\\\/kobiety-karpat-ukrainie\\\/\"]}]},{\"@type\":\"ImageObject\",\"inLanguage\":\"en-GB\",\"@id\":\"https:\\\/\\\/marekkuchcinski.pl\\\/wydarzenia\\\/kobiety-karpat-ukrainie\\\/#primaryimage\",\"url\":\"https:\\\/\\\/marekkuchcinski.pl\\\/wp-content\\\/uploads\\\/2022\\\/04\\\/IMG_5092-scaled.jpg\",\"contentUrl\":\"https:\\\/\\\/marekkuchcinski.pl\\\/wp-content\\\/uploads\\\/2022\\\/04\\\/IMG_5092-scaled.jpg\",\"width\":2048,\"height\":1365},{\"@type\":\"BreadcrumbList\",\"@id\":\"https:\\\/\\\/marekkuchcinski.pl\\\/wydarzenia\\\/kobiety-karpat-ukrainie\\\/#breadcrumb\",\"itemListElement\":[{\"@type\":\"ListItem\",\"position\":1,\"name\":\"Strona g\u0142\u00f3wna\",\"item\":\"https:\\\/\\\/marekkuchcinski.pl\\\/\"},{\"@type\":\"ListItem\",\"position\":2,\"name\":\"Kobiety Karpat Ukrainie\"}]},{\"@type\":\"WebSite\",\"@id\":\"https:\\\/\\\/marekkuchcinski.pl\\\/#website\",\"url\":\"https:\\\/\\\/marekkuchcinski.pl\\\/\",\"name\":\"Marek Kuchci\u0144ski\",\"description\":\"Marek Kuchci\u0144ski \",\"publisher\":{\"@id\":\"https:\\\/\\\/marekkuchcinski.pl\\\/#organization\"},\"potentialAction\":[{\"@type\":\"SearchAction\",\"target\":{\"@type\":\"EntryPoint\",\"urlTemplate\":\"https:\\\/\\\/marekkuchcinski.pl\\\/?s={search_term_string}\"},\"query-input\":{\"@type\":\"PropertyValueSpecification\",\"valueRequired\":true,\"valueName\":\"search_term_string\"}}],\"inLanguage\":\"en-GB\"},{\"@type\":\"Organization\",\"@id\":\"https:\\\/\\\/marekkuchcinski.pl\\\/#organization\",\"name\":\"Marek Kuchci\u0144ski\",\"url\":\"https:\\\/\\\/marekkuchcinski.pl\\\/\",\"logo\":{\"@type\":\"ImageObject\",\"inLanguage\":\"en-GB\",\"@id\":\"https:\\\/\\\/marekkuchcinski.pl\\\/#\\\/schema\\\/logo\\\/image\\\/\",\"url\":\"https:\\\/\\\/marekkuchcinski.pl\\\/wp-content\\\/uploads\\\/2022\\\/09\\\/Marek.jpg\",\"contentUrl\":\"https:\\\/\\\/marekkuchcinski.pl\\\/wp-content\\\/uploads\\\/2022\\\/09\\\/Marek.jpg\",\"width\":1600,\"height\":971,\"caption\":\"Marek Kuchci\u0144ski\"},\"image\":{\"@id\":\"https:\\\/\\\/marekkuchcinski.pl\\\/#\\\/schema\\\/logo\\\/image\\\/\"}},{\"@type\":\"Person\",\"@id\":\"https:\\\/\\\/marekkuchcinski.pl\\\/#\\\/schema\\\/person\\\/bd3f15dee67fee76e83c8350d0154101\",\"name\":\"Marta Olejnik\",\"image\":{\"@type\":\"ImageObject\",\"inLanguage\":\"en-GB\",\"@id\":\"https:\\\/\\\/secure.gravatar.com\\\/avatar\\\/24754edd6080383402e292374b406b553027d572e97d60e7aa89a6940e88659a?s=96&d=mm&r=g\",\"url\":\"https:\\\/\\\/secure.gravatar.com\\\/avatar\\\/24754edd6080383402e292374b406b553027d572e97d60e7aa89a6940e88659a?s=96&d=mm&r=g\",\"contentUrl\":\"https:\\\/\\\/secure.gravatar.com\\\/avatar\\\/24754edd6080383402e292374b406b553027d572e97d60e7aa89a6940e88659a?s=96&d=mm&r=g\",\"caption\":\"Marta Olejnik\"},\"url\":\"https:\\\/\\\/marekkuchcinski.pl\\\/en\\\/author\\\/marta\\\/\"}]}<\/script>\n<!-- \/ Yoast SEO plugin. -->","yoast_head_json":{"title":"Kobiety Karpat Ukrainie &#8211; Marek Kuchci\u0144ski","robots":{"index":"index","follow":"follow","max-snippet":"max-snippet:-1","max-image-preview":"max-image-preview:large","max-video-preview":"max-video-preview:-1"},"canonical":"https:\/\/marekkuchcinski.pl\/en\/wydarzenia\/kobiety-karpat-ukrainie\/","og_locale":"en_GB","og_type":"article","og_title":"Kobiety Karpat Ukrainie &#8211; Marek Kuchci\u0144ski","og_description":"23 kwietnia w Muzeum Narodowym Ziemi Przemyskiej odby\u0142a si\u0119 konferencja po\u015bwi\u0119cona pomocy Ukrainie, zorganizowana przez nowo powsta\u0142e stowarzyszenie Kobiety Karpat. Honorowy patronat nad wydarzeniem obj\u0119\u0142a Pierwsza Dama RP Agata Kornhauser-Duda. Uczestnikami imprezy byli m.in. przewodnicz\u0105cy Komisji Spraw Zagranicznych Sejmu RP Marek Kuchci\u0144ski, minister rodziny i polityki spo\u0142ecznej Marlena Mal\u0105g, wiceminister funduszy i polityki regionalnej Ma\u0142gorzata [&hellip;]","og_url":"https:\/\/marekkuchcinski.pl\/en\/wydarzenia\/kobiety-karpat-ukrainie\/","og_site_name":"Marek Kuchci\u0144ski","article_published_time":"2022-04-26T13:40:32+00:00","article_modified_time":"2022-04-26T14:16:05+00:00","og_image":[{"width":2048,"height":1365,"url":"https:\/\/marekkuchcinski.pl\/wp-content\/uploads\/2022\/04\/IMG_5092-scaled.jpg","type":"image\/jpeg"}],"author":"Marta Olejnik","twitter_card":"summary_large_image","twitter_misc":{"Written by":"Marta Olejnik","Est. reading time":"4 minutes"},"schema":{"@context":"https:\/\/schema.org","@graph":[{"@type":"Article","@id":"https:\/\/marekkuchcinski.pl\/wydarzenia\/kobiety-karpat-ukrainie\/#article","isPartOf":{"@id":"https:\/\/marekkuchcinski.pl\/wydarzenia\/kobiety-karpat-ukrainie\/"},"author":{"name":"Marta Olejnik","@id":"https:\/\/marekkuchcinski.pl\/#\/schema\/person\/bd3f15dee67fee76e83c8350d0154101"},"headline":"Kobiety Karpat Ukrainie","datePublished":"2022-04-26T13:40:32+00:00","dateModified":"2022-04-26T14:16:05+00:00","mainEntityOfPage":{"@id":"https:\/\/marekkuchcinski.pl\/wydarzenia\/kobiety-karpat-ukrainie\/"},"wordCount":687,"commentCount":0,"publisher":{"@id":"https:\/\/marekkuchcinski.pl\/#organization"},"image":{"@id":"https:\/\/marekkuchcinski.pl\/wydarzenia\/kobiety-karpat-ukrainie\/#primaryimage"},"thumbnailUrl":"https:\/\/marekkuchcinski.pl\/wp-content\/uploads\/2022\/04\/IMG_5092-scaled.jpg","articleSection":["Europa Karpat","Wsp\u00f3\u0142praca mi\u0119dzynarodowa","Wydarzenia"],"inLanguage":"en-GB","potentialAction":[{"@type":"CommentAction","name":"Comment","target":["https:\/\/marekkuchcinski.pl\/wydarzenia\/kobiety-karpat-ukrainie\/#respond"]}]},{"@type":"WebPage","@id":"https:\/\/marekkuchcinski.pl\/wydarzenia\/kobiety-karpat-ukrainie\/","url":"https:\/\/marekkuchcinski.pl\/wydarzenia\/kobiety-karpat-ukrainie\/","name":"Kobiety Karpat Ukrainie &#8211; Marek Kuchci\u0144ski","isPartOf":{"@id":"https:\/\/marekkuchcinski.pl\/#website"},"primaryImageOfPage":{"@id":"https:\/\/marekkuchcinski.pl\/wydarzenia\/kobiety-karpat-ukrainie\/#primaryimage"},"image":{"@id":"https:\/\/marekkuchcinski.pl\/wydarzenia\/kobiety-karpat-ukrainie\/#primaryimage"},"thumbnailUrl":"https:\/\/marekkuchcinski.pl\/wp-content\/uploads\/2022\/04\/IMG_5092-scaled.jpg","datePublished":"2022-04-26T13:40:32+00:00","dateModified":"2022-04-26T14:16:05+00:00","breadcrumb":{"@id":"https:\/\/marekkuchcinski.pl\/wydarzenia\/kobiety-karpat-ukrainie\/#breadcrumb"},"inLanguage":"en-GB","potentialAction":[{"@type":"ReadAction","target":["https:\/\/marekkuchcinski.pl\/wydarzenia\/kobiety-karpat-ukrainie\/"]}]},{"@type":"ImageObject","inLanguage":"en-GB","@id":"https:\/\/marekkuchcinski.pl\/wydarzenia\/kobiety-karpat-ukrainie\/#primaryimage","url":"https:\/\/marekkuchcinski.pl\/wp-content\/uploads\/2022\/04\/IMG_5092-scaled.jpg","contentUrl":"https:\/\/marekkuchcinski.pl\/wp-content\/uploads\/2022\/04\/IMG_5092-scaled.jpg","width":2048,"height":1365},{"@type":"BreadcrumbList","@id":"https:\/\/marekkuchcinski.pl\/wydarzenia\/kobiety-karpat-ukrainie\/#breadcrumb","itemListElement":[{"@type":"ListItem","position":1,"name":"Strona g\u0142\u00f3wna","item":"https:\/\/marekkuchcinski.pl\/"},{"@type":"ListItem","position":2,"name":"Kobiety Karpat Ukrainie"}]},{"@type":"WebSite","@id":"https:\/\/marekkuchcinski.pl\/#website","url":"https:\/\/marekkuchcinski.pl\/","name":"Marek Kuchci\u0144ski","description":"Marek Kuchci\u0144ski","publisher":{"@id":"https:\/\/marekkuchcinski.pl\/#organization"},"potentialAction":[{"@type":"SearchAction","target":{"@type":"EntryPoint","urlTemplate":"https:\/\/marekkuchcinski.pl\/?s={search_term_string}"},"query-input":{"@type":"PropertyValueSpecification","valueRequired":true,"valueName":"search_term_string"}}],"inLanguage":"en-GB"},{"@type":"Organization","@id":"https:\/\/marekkuchcinski.pl\/#organization","name":"Marek Kuchci\u0144ski","url":"https:\/\/marekkuchcinski.pl\/","logo":{"@type":"ImageObject","inLanguage":"en-GB","@id":"https:\/\/marekkuchcinski.pl\/#\/schema\/logo\/image\/","url":"https:\/\/marekkuchcinski.pl\/wp-content\/uploads\/2022\/09\/Marek.jpg","contentUrl":"https:\/\/marekkuchcinski.pl\/wp-content\/uploads\/2022\/09\/Marek.jpg","width":1600,"height":971,"caption":"Marek Kuchci\u0144ski"},"image":{"@id":"https:\/\/marekkuchcinski.pl\/#\/schema\/logo\/image\/"}},{"@type":"Person","@id":"https:\/\/marekkuchcinski.pl\/#\/schema\/person\/bd3f15dee67fee76e83c8350d0154101","name":"Marta Olejnik","image":{"@type":"ImageObject","inLanguage":"en-GB","@id":"https:\/\/secure.gravatar.com\/avatar\/24754edd6080383402e292374b406b553027d572e97d60e7aa89a6940e88659a?s=96&d=mm&r=g","url":"https:\/\/secure.gravatar.com\/avatar\/24754edd6080383402e292374b406b553027d572e97d60e7aa89a6940e88659a?s=96&d=mm&r=g","contentUrl":"https:\/\/secure.gravatar.com\/avatar\/24754edd6080383402e292374b406b553027d572e97d60e7aa89a6940e88659a?s=96&d=mm&r=g","caption":"Marta Olejnik"},"url":"https:\/\/marekkuchcinski.pl\/en\/author\/marta\/"}]}},"_links":{"self":[{"href":"https:\/\/marekkuchcinski.pl\/en\/wp-json\/wp\/v2\/posts\/24787","targetHints":{"allow":["GET"]}}],"collection":[{"href":"https:\/\/marekkuchcinski.pl\/en\/wp-json\/wp\/v2\/posts"}],"about":[{"href":"https:\/\/marekkuchcinski.pl\/en\/wp-json\/wp\/v2\/types\/post"}],"author":[{"embeddable":true,"href":"https:\/\/marekkuchcinski.pl\/en\/wp-json\/wp\/v2\/users\/3"}],"replies":[{"embeddable":true,"href":"https:\/\/marekkuchcinski.pl\/en\/wp-json\/wp\/v2\/comments?post=24787"}],"version-history":[{"count":6,"href":"https:\/\/marekkuchcinski.pl\/en\/wp-json\/wp\/v2\/posts\/24787\/revisions"}],"predecessor-version":[{"id":24805,"href":"https:\/\/marekkuchcinski.pl\/en\/wp-json\/wp\/v2\/posts\/24787\/revisions\/24805"}],"wp:featuredmedia":[{"embeddable":true,"href":"https:\/\/marekkuchcinski.pl\/en\/wp-json\/wp\/v2\/media\/24788"}],"wp:attachment":[{"href":"https:\/\/marekkuchcinski.pl\/en\/wp-json\/wp\/v2\/media?parent=24787"}],"wp:term":[{"taxonomy":"category","embeddable":true,"href":"https:\/\/marekkuchcinski.pl\/en\/wp-json\/wp\/v2\/categories?post=24787"},{"taxonomy":"post_tag","embeddable":true,"href":"https:\/\/marekkuchcinski.pl\/en\/wp-json\/wp\/v2\/tags?post=24787"}],"curies":[{"name":"wp","href":"https:\/\/api.w.org\/{rel}","templated":true}]}}