{"id":24787,"date":"2022-04-26T15:40:32","date_gmt":"2022-04-26T13:40:32","guid":{"rendered":"https:\/\/marekkuchcinski.pl\/?p=24787"},"modified":"2022-04-26T16:16:05","modified_gmt":"2022-04-26T14:16:05","slug":"kobiety-karpat-ukrainie","status":"publish","type":"post","link":"https:\/\/marekkuchcinski.pl\/en\/wydarzenia\/kobiety-karpat-ukrainie\/","title":{"rendered":"Women of the Carpathian Ukraine"},"content":{"rendered":"<p><strong>April 23<\/strong> w <strong>The National Museum of the Przemysl Region hosted a conference on aid for Ukraine, organized by the newly established association of Carpathian Women. Honorary patronage over the event was assumed by the First Lady of the Republic of Poland Agata Kornhauser-Duda.<\/strong><\/p>\n\n\n\n<p>Participants in the event included Chairman of the Foreign Affairs Committee of the Polish Sejm Marek Kuchci\u0144ski, Minister of Family and Social Policy Marlena Mal\u0105g, Deputy Minister of Funds and Regional Policy Ma\u0142gorzata Jarosi\u0144ska-Jedynak, Deputy Minister of Development and Technology Olga Semeniuk, and Deputy Minister of Finance Piotr Patkowski. Special guests were representatives of the Supreme Council of Ukraine Oleena Kondrattiuk and Oleena Shulak, who emphasized the \"sisterly\" attitude of Poland.<\/p>\n\n\n\n<p>In a letter addressed to the organizers and participants of the conference Agata Kornhauser-Duda said that it is difficult to imagine a better place to organize such an event than Przemy\u015bl, a city which from the very beginning has been struggling with the organization of humanitarian aid for hundreds of thousands of refugees from our neighboring country engulfed by war. According to the First Lady, it is here that one can see how sensitive Poles have become to the misfortunes of Ukrainian men and women. It is also here that one can see that the structures of the Polish state and local governments have passed the test in the face of the great organizational challenge of taking care of the unfortunate people fleeing the war. The majority of refugees are women and children, i.e. vulnerable people who require special care.<\/p>\n\n\n\n<p>President Marek Kuchci\u0144ski emphasized the great role of women, mothers and wives, in the modern world. He noted that the Carpathian Women's Association is a response to the needs that have been voiced over the years at the Carpathian Europe Conference.<\/p>\n\n\n\n<p>Minister Marlena Mal\u0105g reminded about the benefits of 300 PLN and child care guaranteed by Poland to refugees, free health care, opportunities for Ukrainian children and students to continue their education in Poland or websites dedicated to Ukrainians. She stated that nearly 1 million people have already received PESEL numbers, half of them are women and the rest are children. The Minister emphasized that the support for refugees is realized mainly thanks to the recently adopted special law, which, among others, allows them to stay in our country for 18 months. Refugees also have access to the Polish labour market.<\/p>\n\n\n\n<p>Deputy Minister Ma\u0142gorzata Jarosi\u0144ska-Jedynak noted that in deciding on the allocation of funds, the Ministry operates under the regime of European regulations on the basis of aid packages adopted by the European Commission. On the basis of these regulations, the EU funds were allocated, among others, to support the care of children under 3 years old, complex professional activation, purchase of medical materials and medicines for hospitals or use of passenger rolling stock for humanitarian transport.<\/p>\n\n\n\n<p>Deputy Minister of Development and Technology Olga Semeniuk said that 1\/3 of Ukrainian citizens who came to our country want to find work in our country. However, 93 percent of those who are with us are women, and the average age is 38 years. According to Semeniuk, the presence of Ukrainians in Poland is an opportunity for both the Polish and Ukrainian economies. She noted that programs are being prepared to make it easier for refugees to set up businesses in our country. -Women are more and more often setting up companies, they are active. We are also creating guides, which show how to set up a business or transfer a company from Ukraine to Poland - she emphasized. According to the Deputy Minister the most important thing now is to build an economic program that will concern the reconstruction of Ukraine.<\/p>\n\n\n\n<p>Deputy Minister Piotr Patkowski pointed out that the challenge now will be to help Ukraine rebuild the damage. According to Patkowski, the scale of funds that must be transferred for this purpose will be unprecedented in history.  - These funds must also not be repayable. The first throw must be generous and must be built with non-refundable funds. This will allow the Ukrainian state to activate financial levers that will allow the country to develop,\" the Deputy Finance Minister stressed.&nbsp;<\/p>\n\n\n\n<p>A special role in organizing the conference was played by Teresa Pamu\u0142a, MP, and Krystyna Wr\u00f3blewska, President of the Association.<\/p>\n\n\n\n<p><em><strong><span class=\"has-inline-color has-luminous-vivid-orange-color\">text\/pot. mo<\/span><\/strong><\/em><\/p>\n\n\n\n<figure class=\"wp-block-image size-large\"><a href=\"https:\/\/marekkuchcinski.pl\/wp-content\/uploads\/2022\/04\/IMG_5092-scaled.jpg\"><img fetchpriority=\"high\" decoding=\"async\" width=\"1024\" height=\"683\" src=\"https:\/\/marekkuchcinski.pl\/wp-content\/uploads\/2022\/04\/IMG_5092-1024x683.jpg\" alt=\"\" class=\"wp-image-24788\" srcset=\"https:\/\/marekkuchcinski.pl\/wp-content\/uploads\/2022\/04\/IMG_5092-1024x683.jpg 1024w, https:\/\/marekkuchcinski.pl\/wp-content\/uploads\/2022\/04\/IMG_5092-300x200.jpg 300w, https:\/\/marekkuchcinski.pl\/wp-content\/uploads\/2022\/04\/IMG_5092-768x512.jpg 768w, https:\/\/marekkuchcinski.pl\/wp-content\/uploads\/2022\/04\/IMG_5092-1536x1024.jpg 1536w, https:\/\/marekkuchcinski.pl\/wp-content\/uploads\/2022\/04\/IMG_5092-scaled.jpg 2048w, https:\/\/marekkuchcinski.pl\/wp-content\/uploads\/2022\/04\/IMG_5092-18x12.jpg 18w\" sizes=\"(max-width: 1024px) 100vw, 1024px\" \/><\/a><\/figure>\n\n\n\n<figure class=\"wp-block-image size-large\"><a href=\"https:\/\/marekkuchcinski.pl\/wp-content\/uploads\/2022\/04\/IMG_5076-scaled.jpg\"><img decoding=\"async\" width=\"1024\" height=\"681\" src=\"https:\/\/marekkuchcinski.pl\/wp-content\/uploads\/2022\/04\/IMG_5076-1024x681.jpg\" alt=\"\" class=\"wp-image-24798\" srcset=\"https:\/\/marekkuchcinski.pl\/wp-content\/uploads\/2022\/04\/IMG_5076-1024x681.jpg 1024w, https:\/\/marekkuchcinski.pl\/wp-content\/uploads\/2022\/04\/IMG_5076-300x199.jpg 300w, https:\/\/marekkuchcinski.pl\/wp-content\/uploads\/2022\/04\/IMG_5076-768x511.jpg 768w, https:\/\/marekkuchcinski.pl\/wp-content\/uploads\/2022\/04\/IMG_5076-1536x1021.jpg 1536w, https:\/\/marekkuchcinski.pl\/wp-content\/uploads\/2022\/04\/IMG_5076-scaled.jpg 2048w, https:\/\/marekkuchcinski.pl\/wp-content\/uploads\/2022\/04\/IMG_5076-18x12.jpg 18w\" sizes=\"(max-width: 1024px) 100vw, 1024px\" \/><\/a><\/figure>\n\n\n\n<figure class=\"wp-block-image size-large\"><a href=\"https:\/\/marekkuchcinski.pl\/wp-content\/uploads\/2022\/04\/278582882_401991325080097_8527923038238098020_n.jpg\"><img decoding=\"async\" width=\"1024\" height=\"627\" src=\"https:\/\/marekkuchcinski.pl\/wp-content\/uploads\/2022\/04\/278582882_401991325080097_8527923038238098020_n-1024x627.jpg\" alt=\"\" class=\"wp-image-24791\" srcset=\"https:\/\/marekkuchcinski.pl\/wp-content\/uploads\/2022\/04\/278582882_401991325080097_8527923038238098020_n-1024x627.jpg 1024w, https:\/\/marekkuchcinski.pl\/wp-content\/uploads\/2022\/04\/278582882_401991325080097_8527923038238098020_n-300x184.jpg 300w, https:\/\/marekkuchcinski.pl\/wp-content\/uploads\/2022\/04\/278582882_401991325080097_8527923038238098020_n-768x470.jpg 768w, https:\/\/marekkuchcinski.pl\/wp-content\/uploads\/2022\/04\/278582882_401991325080097_8527923038238098020_n-1536x941.jpg 1536w, https:\/\/marekkuchcinski.pl\/wp-content\/uploads\/2022\/04\/278582882_401991325080097_8527923038238098020_n-18x12.jpg 18w, https:\/\/marekkuchcinski.pl\/wp-content\/uploads\/2022\/04\/278582882_401991325080097_8527923038238098020_n.jpg 2048w\" sizes=\"(max-width: 1024px) 100vw, 1024px\" \/><\/a><\/figure>\n\n\n\n<figure class=\"wp-block-image size-large\"><a href=\"https:\/\/marekkuchcinski.pl\/wp-content\/uploads\/2022\/04\/IMG_5157-scaled.jpg\"><img loading=\"lazy\" decoding=\"async\" width=\"1024\" height=\"683\" src=\"https:\/\/marekkuchcinski.pl\/wp-content\/uploads\/2022\/04\/IMG_5157-1024x683.jpg\" alt=\"\" class=\"wp-image-24799\" srcset=\"https:\/\/marekkuchcinski.pl\/wp-content\/uploads\/2022\/04\/IMG_5157-1024x683.jpg 1024w, https:\/\/marekkuchcinski.pl\/wp-content\/uploads\/2022\/04\/IMG_5157-300x200.jpg 300w, https:\/\/marekkuchcinski.pl\/wp-content\/uploads\/2022\/04\/IMG_5157-768x512.jpg 768w, https:\/\/marekkuchcinski.pl\/wp-content\/uploads\/2022\/04\/IMG_5157-1536x1024.jpg 1536w, https:\/\/marekkuchcinski.pl\/wp-content\/uploads\/2022\/04\/IMG_5157-scaled.jpg 2048w, https:\/\/marekkuchcinski.pl\/wp-content\/uploads\/2022\/04\/IMG_5157-18x12.jpg 18w\" sizes=\"(max-width: 1024px) 100vw, 1024px\" \/><\/a><\/figure>\n\n\n\n<figure class=\"wp-block-image size-large\"><a href=\"https:\/\/marekkuchcinski.pl\/wp-content\/uploads\/2022\/04\/278403342_401991545080075_8123570003993128452_n.jpg\"><img loading=\"lazy\" decoding=\"async\" width=\"1024\" height=\"667\" src=\"https:\/\/marekkuchcinski.pl\/wp-content\/uploads\/2022\/04\/278403342_401991545080075_8123570003993128452_n-1024x667.jpg\" alt=\"\" class=\"wp-image-24793\" srcset=\"https:\/\/marekkuchcinski.pl\/wp-content\/uploads\/2022\/04\/278403342_401991545080075_8123570003993128452_n-1024x667.jpg 1024w, https:\/\/marekkuchcinski.pl\/wp-content\/uploads\/2022\/04\/278403342_401991545080075_8123570003993128452_n-300x195.jpg 300w, https:\/\/marekkuchcinski.pl\/wp-content\/uploads\/2022\/04\/278403342_401991545080075_8123570003993128452_n-768x500.jpg 768w, https:\/\/marekkuchcinski.pl\/wp-content\/uploads\/2022\/04\/278403342_401991545080075_8123570003993128452_n-1536x1001.jpg 1536w, https:\/\/marekkuchcinski.pl\/wp-content\/uploads\/2022\/04\/278403342_401991545080075_8123570003993128452_n-18x12.jpg 18w, https:\/\/marekkuchcinski.pl\/wp-content\/uploads\/2022\/04\/278403342_401991545080075_8123570003993128452_n.jpg 2048w\" sizes=\"(max-width: 1024px) 100vw, 1024px\" \/><\/a><\/figure>\n\n\n\n<figure class=\"wp-block-image size-large\"><a href=\"https:\/\/marekkuchcinski.pl\/wp-content\/uploads\/2022\/04\/IMG_5148_edited-scaled.jpg\"><img loading=\"lazy\" decoding=\"async\" width=\"1024\" height=\"715\" src=\"https:\/\/marekkuchcinski.pl\/wp-content\/uploads\/2022\/04\/IMG_5148_edited-1024x715.jpg\" alt=\"\" class=\"wp-image-24794\" srcset=\"https:\/\/marekkuchcinski.pl\/wp-content\/uploads\/2022\/04\/IMG_5148_edited-1024x715.jpg 1024w, https:\/\/marekkuchcinski.pl\/wp-content\/uploads\/2022\/04\/IMG_5148_edited-300x209.jpg 300w, https:\/\/marekkuchcinski.pl\/wp-content\/uploads\/2022\/04\/IMG_5148_edited-768x536.jpg 768w, https:\/\/marekkuchcinski.pl\/wp-content\/uploads\/2022\/04\/IMG_5148_edited-1536x1072.jpg 1536w, https:\/\/marekkuchcinski.pl\/wp-content\/uploads\/2022\/04\/IMG_5148_edited-scaled.jpg 2048w, https:\/\/marekkuchcinski.pl\/wp-content\/uploads\/2022\/04\/IMG_5148_edited-18x12.jpg 18w\" sizes=\"(max-width: 1024px) 100vw, 1024px\" \/><\/a><\/figure>\n\n\n\n<figure class=\"wp-block-image size-large\"><a href=\"https:\/\/marekkuchcinski.pl\/wp-content\/uploads\/2022\/04\/278573776_402001585079071_7576439133853244384_n.jpg\"><img loading=\"lazy\" decoding=\"async\" width=\"1024\" height=\"632\" src=\"https:\/\/marekkuchcinski.pl\/wp-content\/uploads\/2022\/04\/278573776_402001585079071_7576439133853244384_n-1024x632.jpg\" alt=\"\" class=\"wp-image-24796\" srcset=\"https:\/\/marekkuchcinski.pl\/wp-content\/uploads\/2022\/04\/278573776_402001585079071_7576439133853244384_n-1024x632.jpg 1024w, https:\/\/marekkuchcinski.pl\/wp-content\/uploads\/2022\/04\/278573776_402001585079071_7576439133853244384_n-300x185.jpg 300w, https:\/\/marekkuchcinski.pl\/wp-content\/uploads\/2022\/04\/278573776_402001585079071_7576439133853244384_n-768x474.jpg 768w, https:\/\/marekkuchcinski.pl\/wp-content\/uploads\/2022\/04\/278573776_402001585079071_7576439133853244384_n-18x12.jpg 18w, https:\/\/marekkuchcinski.pl\/wp-content\/uploads\/2022\/04\/278573776_402001585079071_7576439133853244384_n.jpg 1440w\" sizes=\"(max-width: 1024px) 100vw, 1024px\" \/><\/a><\/figure>","protected":false},"excerpt":{"rendered":"<p>On April 23, the National Museum of the Przemysl Region hosted a conference on aid to Ukraine, organized by the newly established Association of Carpathian Women. The First Lady of the Republic of Poland Agata Kornhauser-Duda assumed honorary patronage of the event. Participants in the event included Chairman of the Foreign Affairs Committee of the Polish Sejm Marek Kuchcinski, Minister of Family and Social Policy Marlena Mal\u0105g, Deputy Minister of Funds and Regional Policy Malgorzata [...]<\/p>","protected":false},"author":21,"featured_media":24788,"comment_status":"open","ping_status":"open","sticky":false,"template":"","format":"standard","meta":{"ngg_post_thumbnail":0,"footnotes":""},"categories":[78,50,3],"tags":[],"class_list":["post-24787","post","type-post","status-publish","format-standard","has-post-thumbnail","hentry","category-europa-karpat","category-wspolpraca-miedzynarodowa","category-wydarzenia"],"yoast_head":"<!-- This site is optimized with the Yoast SEO plugin v24.7 - https:\/\/yoast.com\/wordpress\/plugins\/seo\/ -->\n<title>Kobiety Karpat Ukrainie &#8211; Marek Kuchci\u0144ski<\/title>\n<meta name=\"robots\" content=\"index, follow, max-snippet:-1, max-image-preview:large, max-video-preview:-1\" \/>\n<link rel=\"canonical\" href=\"https:\/\/marekkuchcinski.pl\/en\/wydarzenia\/kobiety-karpat-ukrainie\/\" \/>\n<meta property=\"og:locale\" content=\"en_GB\" \/>\n<meta property=\"og:type\" content=\"article\" \/>\n<meta property=\"og:title\" content=\"Kobiety Karpat Ukrainie &#8211; Marek Kuchci\u0144ski\" \/>\n<meta property=\"og:description\" content=\"23 kwietnia w Muzeum Narodowym Ziemi Przemyskiej odby\u0142a si\u0119 konferencja po\u015bwi\u0119cona pomocy Ukrainie, zorganizowana przez nowo powsta\u0142e stowarzyszenie Kobiety Karpat. Honorowy patronat nad wydarzeniem obj\u0119\u0142a Pierwsza Dama RP Agata Kornhauser-Duda. Uczestnikami imprezy byli m.in. przewodnicz\u0105cy Komisji Spraw Zagranicznych Sejmu RP Marek Kuchci\u0144ski, minister rodziny i polityki spo\u0142ecznej Marlena Mal\u0105g, wiceminister funduszy i polityki regionalnej Ma\u0142gorzata [&hellip;]\" \/>\n<meta property=\"og:url\" content=\"https:\/\/marekkuchcinski.pl\/en\/wydarzenia\/kobiety-karpat-ukrainie\/\" \/>\n<meta property=\"og:site_name\" content=\"Marek Kuchci\u0144ski\" \/>\n<meta property=\"article:published_time\" content=\"2022-04-26T13:40:32+00:00\" \/>\n<meta property=\"article:modified_time\" content=\"2022-04-26T14:16:05+00:00\" \/>\n<meta property=\"og:image\" content=\"https:\/\/marekkuchcinski.pl\/wp-content\/uploads\/2022\/04\/IMG_5092-scaled.jpg\" \/>\n\t<meta property=\"og:image:width\" content=\"2048\" \/>\n\t<meta property=\"og:image:height\" content=\"1365\" \/>\n\t<meta property=\"og:image:type\" content=\"image\/jpeg\" \/>\n<meta name=\"author\" content=\"Marta Olejnik\" \/>\n<meta name=\"twitter:card\" content=\"summary_large_image\" \/>\n<meta name=\"twitter:label1\" content=\"Written by\" \/>\n\t<meta name=\"twitter:data1\" content=\"Marta Olejnik\" \/>\n\t<meta name=\"twitter:label2\" content=\"Estimated reading time\" \/>\n\t<meta name=\"twitter:data2\" content=\"4 minutes\" \/>\n<script type=\"application\/ld+json\" class=\"yoast-schema-graph\">{\"@context\":\"https:\/\/schema.org\",\"@graph\":[{\"@type\":\"Article\",\"@id\":\"https:\/\/marekkuchcinski.pl\/wydarzenia\/kobiety-karpat-ukrainie\/#article\",\"isPartOf\":{\"@id\":\"https:\/\/marekkuchcinski.pl\/wydarzenia\/kobiety-karpat-ukrainie\/\"},\"author\":{\"name\":\"Marta Olejnik\",\"@id\":\"https:\/\/marekkuchcinski.pl\/#\/schema\/person\/51d5d4ee3b5317b8e4dd2b48af359229\"},\"headline\":\"Kobiety Karpat Ukrainie\",\"datePublished\":\"2022-04-26T13:40:32+00:00\",\"dateModified\":\"2022-04-26T14:16:05+00:00\",\"mainEntityOfPage\":{\"@id\":\"https:\/\/marekkuchcinski.pl\/wydarzenia\/kobiety-karpat-ukrainie\/\"},\"wordCount\":687,\"commentCount\":0,\"publisher\":{\"@id\":\"https:\/\/marekkuchcinski.pl\/#organization\"},\"image\":{\"@id\":\"https:\/\/marekkuchcinski.pl\/wydarzenia\/kobiety-karpat-ukrainie\/#primaryimage\"},\"thumbnailUrl\":\"https:\/\/marekkuchcinski.pl\/wp-content\/uploads\/2022\/04\/IMG_5092-scaled.jpg\",\"articleSection\":[\"Europa Karpat\",\"Wsp\u00f3\u0142praca mi\u0119dzynarodowa\",\"Wydarzenia\"],\"inLanguage\":\"en-GB\",\"potentialAction\":[{\"@type\":\"CommentAction\",\"name\":\"Comment\",\"target\":[\"https:\/\/marekkuchcinski.pl\/wydarzenia\/kobiety-karpat-ukrainie\/#respond\"]}]},{\"@type\":\"WebPage\",\"@id\":\"https:\/\/marekkuchcinski.pl\/wydarzenia\/kobiety-karpat-ukrainie\/\",\"url\":\"https:\/\/marekkuchcinski.pl\/wydarzenia\/kobiety-karpat-ukrainie\/\",\"name\":\"Kobiety Karpat Ukrainie &#8211; Marek Kuchci\u0144ski\",\"isPartOf\":{\"@id\":\"https:\/\/marekkuchcinski.pl\/#website\"},\"primaryImageOfPage\":{\"@id\":\"https:\/\/marekkuchcinski.pl\/wydarzenia\/kobiety-karpat-ukrainie\/#primaryimage\"},\"image\":{\"@id\":\"https:\/\/marekkuchcinski.pl\/wydarzenia\/kobiety-karpat-ukrainie\/#primaryimage\"},\"thumbnailUrl\":\"https:\/\/marekkuchcinski.pl\/wp-content\/uploads\/2022\/04\/IMG_5092-scaled.jpg\",\"datePublished\":\"2022-04-26T13:40:32+00:00\",\"dateModified\":\"2022-04-26T14:16:05+00:00\",\"breadcrumb\":{\"@id\":\"https:\/\/marekkuchcinski.pl\/wydarzenia\/kobiety-karpat-ukrainie\/#breadcrumb\"},\"inLanguage\":\"en-GB\",\"potentialAction\":[{\"@type\":\"ReadAction\",\"target\":[\"https:\/\/marekkuchcinski.pl\/wydarzenia\/kobiety-karpat-ukrainie\/\"]}]},{\"@type\":\"ImageObject\",\"inLanguage\":\"en-GB\",\"@id\":\"https:\/\/marekkuchcinski.pl\/wydarzenia\/kobiety-karpat-ukrainie\/#primaryimage\",\"url\":\"https:\/\/marekkuchcinski.pl\/wp-content\/uploads\/2022\/04\/IMG_5092-scaled.jpg\",\"contentUrl\":\"https:\/\/marekkuchcinski.pl\/wp-content\/uploads\/2022\/04\/IMG_5092-scaled.jpg\",\"width\":2048,\"height\":1365},{\"@type\":\"BreadcrumbList\",\"@id\":\"https:\/\/marekkuchcinski.pl\/wydarzenia\/kobiety-karpat-ukrainie\/#breadcrumb\",\"itemListElement\":[{\"@type\":\"ListItem\",\"position\":1,\"name\":\"Strona g\u0142\u00f3wna\",\"item\":\"https:\/\/marekkuchcinski.pl\/\"},{\"@type\":\"ListItem\",\"position\":2,\"name\":\"Kobiety Karpat Ukrainie\"}]},{\"@type\":\"WebSite\",\"@id\":\"https:\/\/marekkuchcinski.pl\/#website\",\"url\":\"https:\/\/marekkuchcinski.pl\/\",\"name\":\"Marek Kuchci\u0144ski\",\"description\":\"Pose\u0142 na sejm RP &ndash; okr\u0119g nr 22\",\"publisher\":{\"@id\":\"https:\/\/marekkuchcinski.pl\/#organization\"},\"potentialAction\":[{\"@type\":\"SearchAction\",\"target\":{\"@type\":\"EntryPoint\",\"urlTemplate\":\"https:\/\/marekkuchcinski.pl\/?s={search_term_string}\"},\"query-input\":{\"@type\":\"PropertyValueSpecification\",\"valueRequired\":true,\"valueName\":\"search_term_string\"}}],\"inLanguage\":\"en-GB\"},{\"@type\":\"Organization\",\"@id\":\"https:\/\/marekkuchcinski.pl\/#organization\",\"name\":\"Marek Kuchci\u0144ski\",\"url\":\"https:\/\/marekkuchcinski.pl\/\",\"logo\":{\"@type\":\"ImageObject\",\"inLanguage\":\"en-GB\",\"@id\":\"https:\/\/marekkuchcinski.pl\/#\/schema\/logo\/image\/\",\"url\":\"https:\/\/marekkuchcinski.pl\/wp-content\/uploads\/2022\/09\/Marek.jpg\",\"contentUrl\":\"https:\/\/marekkuchcinski.pl\/wp-content\/uploads\/2022\/09\/Marek.jpg\",\"width\":1600,\"height\":971,\"caption\":\"Marek Kuchci\u0144ski\"},\"image\":{\"@id\":\"https:\/\/marekkuchcinski.pl\/#\/schema\/logo\/image\/\"}},{\"@type\":\"Person\",\"@id\":\"https:\/\/marekkuchcinski.pl\/#\/schema\/person\/51d5d4ee3b5317b8e4dd2b48af359229\",\"name\":\"Marta Olejnik\",\"image\":{\"@type\":\"ImageObject\",\"inLanguage\":\"en-GB\",\"@id\":\"https:\/\/marekkuchcinski.pl\/#\/schema\/person\/image\/\",\"url\":\"https:\/\/secure.gravatar.com\/avatar\/e39914b2aa6a48959e24d475b5dc9793?s=96&d=mm&r=g\",\"contentUrl\":\"https:\/\/secure.gravatar.com\/avatar\/e39914b2aa6a48959e24d475b5dc9793?s=96&d=mm&r=g\",\"caption\":\"Marta Olejnik\"},\"url\":\"https:\/\/marekkuchcinski.pl\/en\/author\/marta\/\"}]}<\/script>\n<!-- \/ Yoast SEO plugin. -->","yoast_head_json":{"title":"Kobiety Karpat Ukrainie &#8211; Marek Kuchci\u0144ski","robots":{"index":"index","follow":"follow","max-snippet":"max-snippet:-1","max-image-preview":"max-image-preview:large","max-video-preview":"max-video-preview:-1"},"canonical":"https:\/\/marekkuchcinski.pl\/en\/wydarzenia\/kobiety-karpat-ukrainie\/","og_locale":"en_GB","og_type":"article","og_title":"Kobiety Karpat Ukrainie &#8211; Marek Kuchci\u0144ski","og_description":"23 kwietnia w Muzeum Narodowym Ziemi Przemyskiej odby\u0142a si\u0119 konferencja po\u015bwi\u0119cona pomocy Ukrainie, zorganizowana przez nowo powsta\u0142e stowarzyszenie Kobiety Karpat. Honorowy patronat nad wydarzeniem obj\u0119\u0142a Pierwsza Dama RP Agata Kornhauser-Duda. Uczestnikami imprezy byli m.in. przewodnicz\u0105cy Komisji Spraw Zagranicznych Sejmu RP Marek Kuchci\u0144ski, minister rodziny i polityki spo\u0142ecznej Marlena Mal\u0105g, wiceminister funduszy i polityki regionalnej Ma\u0142gorzata [&hellip;]","og_url":"https:\/\/marekkuchcinski.pl\/en\/wydarzenia\/kobiety-karpat-ukrainie\/","og_site_name":"Marek Kuchci\u0144ski","article_published_time":"2022-04-26T13:40:32+00:00","article_modified_time":"2022-04-26T14:16:05+00:00","og_image":[{"width":2048,"height":1365,"url":"https:\/\/marekkuchcinski.pl\/wp-content\/uploads\/2022\/04\/IMG_5092-scaled.jpg","type":"image\/jpeg"}],"author":"Marta Olejnik","twitter_card":"summary_large_image","twitter_misc":{"Written by":"Marta Olejnik","Estimated reading time":"4 minutes"},"schema":{"@context":"https:\/\/schema.org","@graph":[{"@type":"Article","@id":"https:\/\/marekkuchcinski.pl\/wydarzenia\/kobiety-karpat-ukrainie\/#article","isPartOf":{"@id":"https:\/\/marekkuchcinski.pl\/wydarzenia\/kobiety-karpat-ukrainie\/"},"author":{"name":"Marta Olejnik","@id":"https:\/\/marekkuchcinski.pl\/#\/schema\/person\/51d5d4ee3b5317b8e4dd2b48af359229"},"headline":"Kobiety Karpat Ukrainie","datePublished":"2022-04-26T13:40:32+00:00","dateModified":"2022-04-26T14:16:05+00:00","mainEntityOfPage":{"@id":"https:\/\/marekkuchcinski.pl\/wydarzenia\/kobiety-karpat-ukrainie\/"},"wordCount":687,"commentCount":0,"publisher":{"@id":"https:\/\/marekkuchcinski.pl\/#organization"},"image":{"@id":"https:\/\/marekkuchcinski.pl\/wydarzenia\/kobiety-karpat-ukrainie\/#primaryimage"},"thumbnailUrl":"https:\/\/marekkuchcinski.pl\/wp-content\/uploads\/2022\/04\/IMG_5092-scaled.jpg","articleSection":["Europa Karpat","Wsp\u00f3\u0142praca mi\u0119dzynarodowa","Wydarzenia"],"inLanguage":"en-GB","potentialAction":[{"@type":"CommentAction","name":"Comment","target":["https:\/\/marekkuchcinski.pl\/wydarzenia\/kobiety-karpat-ukrainie\/#respond"]}]},{"@type":"WebPage","@id":"https:\/\/marekkuchcinski.pl\/wydarzenia\/kobiety-karpat-ukrainie\/","url":"https:\/\/marekkuchcinski.pl\/wydarzenia\/kobiety-karpat-ukrainie\/","name":"Kobiety Karpat Ukrainie &#8211; Marek Kuchci\u0144ski","isPartOf":{"@id":"https:\/\/marekkuchcinski.pl\/#website"},"primaryImageOfPage":{"@id":"https:\/\/marekkuchcinski.pl\/wydarzenia\/kobiety-karpat-ukrainie\/#primaryimage"},"image":{"@id":"https:\/\/marekkuchcinski.pl\/wydarzenia\/kobiety-karpat-ukrainie\/#primaryimage"},"thumbnailUrl":"https:\/\/marekkuchcinski.pl\/wp-content\/uploads\/2022\/04\/IMG_5092-scaled.jpg","datePublished":"2022-04-26T13:40:32+00:00","dateModified":"2022-04-26T14:16:05+00:00","breadcrumb":{"@id":"https:\/\/marekkuchcinski.pl\/wydarzenia\/kobiety-karpat-ukrainie\/#breadcrumb"},"inLanguage":"en-GB","potentialAction":[{"@type":"ReadAction","target":["https:\/\/marekkuchcinski.pl\/wydarzenia\/kobiety-karpat-ukrainie\/"]}]},{"@type":"ImageObject","inLanguage":"en-GB","@id":"https:\/\/marekkuchcinski.pl\/wydarzenia\/kobiety-karpat-ukrainie\/#primaryimage","url":"https:\/\/marekkuchcinski.pl\/wp-content\/uploads\/2022\/04\/IMG_5092-scaled.jpg","contentUrl":"https:\/\/marekkuchcinski.pl\/wp-content\/uploads\/2022\/04\/IMG_5092-scaled.jpg","width":2048,"height":1365},{"@type":"BreadcrumbList","@id":"https:\/\/marekkuchcinski.pl\/wydarzenia\/kobiety-karpat-ukrainie\/#breadcrumb","itemListElement":[{"@type":"ListItem","position":1,"name":"Strona g\u0142\u00f3wna","item":"https:\/\/marekkuchcinski.pl\/"},{"@type":"ListItem","position":2,"name":"Kobiety Karpat Ukrainie"}]},{"@type":"WebSite","@id":"https:\/\/marekkuchcinski.pl\/#website","url":"https:\/\/marekkuchcinski.pl\/","name":"Marek Kuchci\u0144ski","description":"Pose\u0142 na sejm RP &ndash; okr\u0119g nr 22","publisher":{"@id":"https:\/\/marekkuchcinski.pl\/#organization"},"potentialAction":[{"@type":"SearchAction","target":{"@type":"EntryPoint","urlTemplate":"https:\/\/marekkuchcinski.pl\/?s={search_term_string}"},"query-input":{"@type":"PropertyValueSpecification","valueRequired":true,"valueName":"search_term_string"}}],"inLanguage":"en-GB"},{"@type":"Organization","@id":"https:\/\/marekkuchcinski.pl\/#organization","name":"Marek Kuchci\u0144ski","url":"https:\/\/marekkuchcinski.pl\/","logo":{"@type":"ImageObject","inLanguage":"en-GB","@id":"https:\/\/marekkuchcinski.pl\/#\/schema\/logo\/image\/","url":"https:\/\/marekkuchcinski.pl\/wp-content\/uploads\/2022\/09\/Marek.jpg","contentUrl":"https:\/\/marekkuchcinski.pl\/wp-content\/uploads\/2022\/09\/Marek.jpg","width":1600,"height":971,"caption":"Marek Kuchci\u0144ski"},"image":{"@id":"https:\/\/marekkuchcinski.pl\/#\/schema\/logo\/image\/"}},{"@type":"Person","@id":"https:\/\/marekkuchcinski.pl\/#\/schema\/person\/51d5d4ee3b5317b8e4dd2b48af359229","name":"Marta Olejnik","image":{"@type":"ImageObject","inLanguage":"en-GB","@id":"https:\/\/marekkuchcinski.pl\/#\/schema\/person\/image\/","url":"https:\/\/secure.gravatar.com\/avatar\/e39914b2aa6a48959e24d475b5dc9793?s=96&d=mm&r=g","contentUrl":"https:\/\/secure.gravatar.com\/avatar\/e39914b2aa6a48959e24d475b5dc9793?s=96&d=mm&r=g","caption":"Marta Olejnik"},"url":"https:\/\/marekkuchcinski.pl\/en\/author\/marta\/"}]}},"_links":{"self":[{"href":"https:\/\/marekkuchcinski.pl\/en\/wp-json\/wp\/v2\/posts\/24787","targetHints":{"allow":["GET"]}}],"collection":[{"href":"https:\/\/marekkuchcinski.pl\/en\/wp-json\/wp\/v2\/posts"}],"about":[{"href":"https:\/\/marekkuchcinski.pl\/en\/wp-json\/wp\/v2\/types\/post"}],"author":[{"embeddable":true,"href":"https:\/\/marekkuchcinski.pl\/en\/wp-json\/wp\/v2\/users\/21"}],"replies":[{"embeddable":true,"href":"https:\/\/marekkuchcinski.pl\/en\/wp-json\/wp\/v2\/comments?post=24787"}],"version-history":[{"count":6,"href":"https:\/\/marekkuchcinski.pl\/en\/wp-json\/wp\/v2\/posts\/24787\/revisions"}],"predecessor-version":[{"id":24805,"href":"https:\/\/marekkuchcinski.pl\/en\/wp-json\/wp\/v2\/posts\/24787\/revisions\/24805"}],"wp:featuredmedia":[{"embeddable":true,"href":"https:\/\/marekkuchcinski.pl\/en\/wp-json\/wp\/v2\/media\/24788"}],"wp:attachment":[{"href":"https:\/\/marekkuchcinski.pl\/en\/wp-json\/wp\/v2\/media?parent=24787"}],"wp:term":[{"taxonomy":"category","embeddable":true,"href":"https:\/\/marekkuchcinski.pl\/en\/wp-json\/wp\/v2\/categories?post=24787"},{"taxonomy":"post_tag","embeddable":true,"href":"https:\/\/marekkuchcinski.pl\/en\/wp-json\/wp\/v2\/tags?post=24787"}],"curies":[{"name":"wp","href":"https:\/\/api.w.org\/{rel}","templated":true}]}}