{"id":24629,"date":"2022-03-28T11:22:16","date_gmt":"2022-03-28T09:22:16","guid":{"rendered":"https:\/\/marekkuchcinski.pl\/?p=24629"},"modified":"2022-04-04T22:48:40","modified_gmt":"2022-04-04T20:48:40","slug":"swiatlana-cichanouska-dziekuje-polsce-za-wsparcie-teraz-i-w-2020-roku","status":"publish","type":"post","link":"https:\/\/marekkuchcinski.pl\/en\/wydarzenia\/swiatlana-cichanouska-dziekuje-polsce-za-wsparcie-teraz-i-w-2020-roku\/","title":{"rendered":"Swiat\u0142ana Cichanouska: Thank you for your support - now and in 2020"},"content":{"rendered":"<p>Chairman of the Foreign Affairs Committee Marek Kuchci\u0144ski met with the leader of democratic Belarus Svitlana Tikhanouska. The main topic of conversation was the support of Belarusian society and the current situation in Ukraine.<\/p>\n\n\n\n<p>- We do not recognize Lukashenko's regime, we support Belarus in its struggle for independence. We must remind the world of human rights violations and political prisoners, including Poles,\" Kuchci\u0144ski said.<\/p>\n\n\n\n<p>Svetlana Tikhanouska thanked for helping the Belarusian opposition, today and in 2020, for accepting Belarusian refugees, engaging in work for free media. She stressed that Lukashenko, being in debt to Putin, sells his country, its independence and sovereignty. She argued that the dictator, being aware of the Belarusians' reluctance to attack Ukraine, withholds aid to the Russian army. - Even if they receive orders, they will not cross the border with Ukraine,\" Tikhanouska argued. <\/p>\n\n\n\n<p>Photo MO<\/p>\n\n\n\n<figure class=\"wp-block-image size-large\"><a href=\"https:\/\/marekkuchcinski.pl\/wp-content\/uploads\/2022\/03\/IMG_4610_edited-scaled.jpg\"><img fetchpriority=\"high\" decoding=\"async\" width=\"1024\" height=\"671\" src=\"https:\/\/marekkuchcinski.pl\/wp-content\/uploads\/2022\/03\/IMG_4610_edited-1024x671.jpg\" alt=\"\" class=\"wp-image-24630\" srcset=\"https:\/\/marekkuchcinski.pl\/wp-content\/uploads\/2022\/03\/IMG_4610_edited-1024x671.jpg 1024w, https:\/\/marekkuchcinski.pl\/wp-content\/uploads\/2022\/03\/IMG_4610_edited-300x196.jpg 300w, https:\/\/marekkuchcinski.pl\/wp-content\/uploads\/2022\/03\/IMG_4610_edited-768x503.jpg 768w, https:\/\/marekkuchcinski.pl\/wp-content\/uploads\/2022\/03\/IMG_4610_edited-1536x1006.jpg 1536w, https:\/\/marekkuchcinski.pl\/wp-content\/uploads\/2022\/03\/IMG_4610_edited-scaled.jpg 2048w, https:\/\/marekkuchcinski.pl\/wp-content\/uploads\/2022\/03\/IMG_4610_edited-18x12.jpg 18w\" sizes=\"(max-width: 1024px) 100vw, 1024px\" \/><\/a><\/figure>\n\n\n\n<figure class=\"wp-block-image size-large\"><a href=\"https:\/\/marekkuchcinski.pl\/wp-content\/uploads\/2022\/03\/m-scaled.jpg\"><img decoding=\"async\" width=\"1024\" height=\"683\" src=\"https:\/\/marekkuchcinski.pl\/wp-content\/uploads\/2022\/03\/m-1024x683.jpg\" alt=\"\" class=\"wp-image-24631\" srcset=\"https:\/\/marekkuchcinski.pl\/wp-content\/uploads\/2022\/03\/m-1024x683.jpg 1024w, https:\/\/marekkuchcinski.pl\/wp-content\/uploads\/2022\/03\/m-300x200.jpg 300w, https:\/\/marekkuchcinski.pl\/wp-content\/uploads\/2022\/03\/m-768x512.jpg 768w, https:\/\/marekkuchcinski.pl\/wp-content\/uploads\/2022\/03\/m-1536x1024.jpg 1536w, https:\/\/marekkuchcinski.pl\/wp-content\/uploads\/2022\/03\/m-scaled.jpg 2048w, https:\/\/marekkuchcinski.pl\/wp-content\/uploads\/2022\/03\/m-18x12.jpg 18w\" sizes=\"(max-width: 1024px) 100vw, 1024px\" \/><\/a><\/figure>\n\n\n\n<figure class=\"wp-block-image size-large\"><a href=\"https:\/\/marekkuchcinski.pl\/wp-content\/uploads\/2022\/03\/IMG_4630_edited-scaled.jpg\"><img decoding=\"async\" width=\"1024\" height=\"683\" src=\"https:\/\/marekkuchcinski.pl\/wp-content\/uploads\/2022\/03\/IMG_4630_edited-1024x683.jpg\" alt=\"\" class=\"wp-image-24632\" srcset=\"https:\/\/marekkuchcinski.pl\/wp-content\/uploads\/2022\/03\/IMG_4630_edited-1024x683.jpg 1024w, https:\/\/marekkuchcinski.pl\/wp-content\/uploads\/2022\/03\/IMG_4630_edited-300x200.jpg 300w, https:\/\/marekkuchcinski.pl\/wp-content\/uploads\/2022\/03\/IMG_4630_edited-768x512.jpg 768w, https:\/\/marekkuchcinski.pl\/wp-content\/uploads\/2022\/03\/IMG_4630_edited-1536x1024.jpg 1536w, https:\/\/marekkuchcinski.pl\/wp-content\/uploads\/2022\/03\/IMG_4630_edited-scaled.jpg 2048w, https:\/\/marekkuchcinski.pl\/wp-content\/uploads\/2022\/03\/IMG_4630_edited-18x12.jpg 18w\" sizes=\"(max-width: 1024px) 100vw, 1024px\" \/><\/a><\/figure>\n\n\n\n<figure class=\"wp-block-image size-large\"><a href=\"https:\/\/marekkuchcinski.pl\/wp-content\/uploads\/2022\/03\/IMG_4635_edited-scaled.jpg\"><img loading=\"lazy\" decoding=\"async\" width=\"1024\" height=\"683\" src=\"https:\/\/marekkuchcinski.pl\/wp-content\/uploads\/2022\/03\/IMG_4635_edited-1024x683.jpg\" alt=\"\" class=\"wp-image-24633\" srcset=\"https:\/\/marekkuchcinski.pl\/wp-content\/uploads\/2022\/03\/IMG_4635_edited-1024x683.jpg 1024w, https:\/\/marekkuchcinski.pl\/wp-content\/uploads\/2022\/03\/IMG_4635_edited-300x200.jpg 300w, https:\/\/marekkuchcinski.pl\/wp-content\/uploads\/2022\/03\/IMG_4635_edited-768x512.jpg 768w, https:\/\/marekkuchcinski.pl\/wp-content\/uploads\/2022\/03\/IMG_4635_edited-1536x1025.jpg 1536w, https:\/\/marekkuchcinski.pl\/wp-content\/uploads\/2022\/03\/IMG_4635_edited-scaled.jpg 2048w, https:\/\/marekkuchcinski.pl\/wp-content\/uploads\/2022\/03\/IMG_4635_edited-18x12.jpg 18w\" sizes=\"(max-width: 1024px) 100vw, 1024px\" \/><\/a><\/figure>","protected":false},"excerpt":{"rendered":"<p>Chairman of the Foreign Affairs Committee Marek Kuchcinski met with democratic Belarusian leader Svyatlana Tikhanouskaya. The main topic of discussion was support for Belarusian society and the current situation in Ukraine. - We do not recognize the Lukashenko regime, we support Belarus in its struggle for independence. We need to remind the world about human rights violations and political prisoners, including Poles,\" Kuchcinski said. Svetlana Tikhanouska [...]<\/p>","protected":false},"author":21,"featured_media":24630,"comment_status":"open","ping_status":"open","sticky":false,"template":"","format":"standard","meta":{"ngg_post_thumbnail":0,"footnotes":""},"categories":[50,3],"tags":[],"class_list":["post-24629","post","type-post","status-publish","format-standard","has-post-thumbnail","hentry","category-wspolpraca-miedzynarodowa","category-wydarzenia"],"yoast_head":"<!-- This site is optimized with the Yoast SEO plugin v24.7 - https:\/\/yoast.com\/wordpress\/plugins\/seo\/ -->\n<title>Swiat\u0142ana Cichanouska: Dzi\u0119kuj\u0119 Polsce za wsparcie \u2013 teraz i w 2020 roku &#8211; Marek Kuchci\u0144ski<\/title>\n<meta name=\"robots\" content=\"index, follow, max-snippet:-1, max-image-preview:large, max-video-preview:-1\" \/>\n<link rel=\"canonical\" href=\"https:\/\/marekkuchcinski.pl\/en\/wydarzenia\/swiatlana-cichanouska-dziekuje-polsce-za-wsparcie-teraz-i-w-2020-roku\/\" \/>\n<meta property=\"og:locale\" content=\"en_GB\" \/>\n<meta property=\"og:type\" content=\"article\" \/>\n<meta property=\"og:title\" content=\"Swiat\u0142ana Cichanouska: Dzi\u0119kuj\u0119 Polsce za wsparcie \u2013 teraz i w 2020 roku &#8211; Marek Kuchci\u0144ski\" \/>\n<meta property=\"og:description\" content=\"Przewodnicz\u0105cy Komisji Spraw Zagranicznych Marek Kuchci\u0144ski spotka\u0142 si\u0119 z liderk\u0105 demokratycznej Bia\u0142orusi Swiat\u0142an\u0105 Cichanousk\u0105. G\u0142\u00f3wnym tematem rozm\u00f3w by\u0142o wsparcie bia\u0142oruskiego spo\u0142ecze\u0144stwa oraz obecna sytuacja na Ukrainie. \u2013 Nie uznajemy re\u017cimu \u0141ukaszenki, wspieramy Bia\u0142oru\u015b w walce o niepodleg\u0142o\u015b\u0107. Musimy przypomina\u0107 \u015bwiatu o \u0142amaniu praw cz\u0142owieka i wi\u0119\u017aniach politycznych, w tym Polakach \u2013 m\u00f3wi\u0142 Kuchci\u0144ski. Swiet\u0142ana Cichanouska [&hellip;]\" \/>\n<meta property=\"og:url\" content=\"https:\/\/marekkuchcinski.pl\/en\/wydarzenia\/swiatlana-cichanouska-dziekuje-polsce-za-wsparcie-teraz-i-w-2020-roku\/\" \/>\n<meta property=\"og:site_name\" content=\"Marek Kuchci\u0144ski\" \/>\n<meta property=\"article:published_time\" content=\"2022-03-28T09:22:16+00:00\" \/>\n<meta property=\"article:modified_time\" content=\"2022-04-04T20:48:40+00:00\" \/>\n<meta property=\"og:image\" content=\"https:\/\/marekkuchcinski.pl\/wp-content\/uploads\/2022\/03\/IMG_4610_edited-scaled.jpg\" \/>\n\t<meta property=\"og:image:width\" content=\"2048\" \/>\n\t<meta property=\"og:image:height\" content=\"1341\" \/>\n\t<meta property=\"og:image:type\" content=\"image\/jpeg\" \/>\n<meta name=\"author\" content=\"Marta Olejnik\" \/>\n<meta name=\"twitter:card\" content=\"summary_large_image\" \/>\n<meta name=\"twitter:label1\" content=\"Written by\" \/>\n\t<meta name=\"twitter:data1\" content=\"Marta Olejnik\" \/>\n\t<meta name=\"twitter:label2\" content=\"Estimated reading time\" \/>\n\t<meta name=\"twitter:data2\" content=\"2 minutes\" \/>\n<script type=\"application\/ld+json\" class=\"yoast-schema-graph\">{\"@context\":\"https:\/\/schema.org\",\"@graph\":[{\"@type\":\"Article\",\"@id\":\"https:\/\/marekkuchcinski.pl\/en\/wydarzenia\/swiatlana-cichanouska-dziekuje-polsce-za-wsparcie-teraz-i-w-2020-roku\/#article\",\"isPartOf\":{\"@id\":\"https:\/\/marekkuchcinski.pl\/en\/wydarzenia\/swiatlana-cichanouska-dziekuje-polsce-za-wsparcie-teraz-i-w-2020-roku\/\"},\"author\":{\"name\":\"Marta Olejnik\",\"@id\":\"https:\/\/marekkuchcinski.pl\/#\/schema\/person\/51d5d4ee3b5317b8e4dd2b48af359229\"},\"headline\":\"Swiat\u0142ana Cichanouska: Dzi\u0119kuj\u0119 Polsce za wsparcie \u2013 teraz i w 2020 roku\",\"datePublished\":\"2022-03-28T09:22:16+00:00\",\"dateModified\":\"2022-04-04T20:48:40+00:00\",\"mainEntityOfPage\":{\"@id\":\"https:\/\/marekkuchcinski.pl\/en\/wydarzenia\/swiatlana-cichanouska-dziekuje-polsce-za-wsparcie-teraz-i-w-2020-roku\/\"},\"wordCount\":170,\"commentCount\":0,\"publisher\":{\"@id\":\"https:\/\/marekkuchcinski.pl\/#organization\"},\"image\":{\"@id\":\"https:\/\/marekkuchcinski.pl\/en\/wydarzenia\/swiatlana-cichanouska-dziekuje-polsce-za-wsparcie-teraz-i-w-2020-roku\/#primaryimage\"},\"thumbnailUrl\":\"https:\/\/marekkuchcinski.pl\/wp-content\/uploads\/2022\/03\/IMG_4610_edited-scaled.jpg\",\"articleSection\":[\"Wsp\u00f3\u0142praca mi\u0119dzynarodowa\",\"Wydarzenia\"],\"inLanguage\":\"en-GB\",\"potentialAction\":[{\"@type\":\"CommentAction\",\"name\":\"Comment\",\"target\":[\"https:\/\/marekkuchcinski.pl\/en\/wydarzenia\/swiatlana-cichanouska-dziekuje-polsce-za-wsparcie-teraz-i-w-2020-roku\/#respond\"]}]},{\"@type\":\"WebPage\",\"@id\":\"https:\/\/marekkuchcinski.pl\/en\/wydarzenia\/swiatlana-cichanouska-dziekuje-polsce-za-wsparcie-teraz-i-w-2020-roku\/\",\"url\":\"https:\/\/marekkuchcinski.pl\/en\/wydarzenia\/swiatlana-cichanouska-dziekuje-polsce-za-wsparcie-teraz-i-w-2020-roku\/\",\"name\":\"Swiat\u0142ana Cichanouska: Dzi\u0119kuj\u0119 Polsce za wsparcie \u2013 teraz i w 2020 roku &#8211; Marek Kuchci\u0144ski\",\"isPartOf\":{\"@id\":\"https:\/\/marekkuchcinski.pl\/#website\"},\"primaryImageOfPage\":{\"@id\":\"https:\/\/marekkuchcinski.pl\/en\/wydarzenia\/swiatlana-cichanouska-dziekuje-polsce-za-wsparcie-teraz-i-w-2020-roku\/#primaryimage\"},\"image\":{\"@id\":\"https:\/\/marekkuchcinski.pl\/en\/wydarzenia\/swiatlana-cichanouska-dziekuje-polsce-za-wsparcie-teraz-i-w-2020-roku\/#primaryimage\"},\"thumbnailUrl\":\"https:\/\/marekkuchcinski.pl\/wp-content\/uploads\/2022\/03\/IMG_4610_edited-scaled.jpg\",\"datePublished\":\"2022-03-28T09:22:16+00:00\",\"dateModified\":\"2022-04-04T20:48:40+00:00\",\"breadcrumb\":{\"@id\":\"https:\/\/marekkuchcinski.pl\/en\/wydarzenia\/swiatlana-cichanouska-dziekuje-polsce-za-wsparcie-teraz-i-w-2020-roku\/#breadcrumb\"},\"inLanguage\":\"en-GB\",\"potentialAction\":[{\"@type\":\"ReadAction\",\"target\":[\"https:\/\/marekkuchcinski.pl\/en\/wydarzenia\/swiatlana-cichanouska-dziekuje-polsce-za-wsparcie-teraz-i-w-2020-roku\/\"]}]},{\"@type\":\"ImageObject\",\"inLanguage\":\"en-GB\",\"@id\":\"https:\/\/marekkuchcinski.pl\/en\/wydarzenia\/swiatlana-cichanouska-dziekuje-polsce-za-wsparcie-teraz-i-w-2020-roku\/#primaryimage\",\"url\":\"https:\/\/marekkuchcinski.pl\/wp-content\/uploads\/2022\/03\/IMG_4610_edited-scaled.jpg\",\"contentUrl\":\"https:\/\/marekkuchcinski.pl\/wp-content\/uploads\/2022\/03\/IMG_4610_edited-scaled.jpg\",\"width\":2048,\"height\":1341},{\"@type\":\"BreadcrumbList\",\"@id\":\"https:\/\/marekkuchcinski.pl\/en\/wydarzenia\/swiatlana-cichanouska-dziekuje-polsce-za-wsparcie-teraz-i-w-2020-roku\/#breadcrumb\",\"itemListElement\":[{\"@type\":\"ListItem\",\"position\":1,\"name\":\"Strona g\u0142\u00f3wna\",\"item\":\"https:\/\/marekkuchcinski.pl\/\"},{\"@type\":\"ListItem\",\"position\":2,\"name\":\"Swiat\u0142ana Cichanouska: Dzi\u0119kuj\u0119 Polsce za wsparcie \u2013 teraz i w 2020 roku\"}]},{\"@type\":\"WebSite\",\"@id\":\"https:\/\/marekkuchcinski.pl\/#website\",\"url\":\"https:\/\/marekkuchcinski.pl\/\",\"name\":\"Marek Kuchci\u0144ski\",\"description\":\"Pose\u0142 na sejm RP &ndash; okr\u0119g nr 22\",\"publisher\":{\"@id\":\"https:\/\/marekkuchcinski.pl\/#organization\"},\"potentialAction\":[{\"@type\":\"SearchAction\",\"target\":{\"@type\":\"EntryPoint\",\"urlTemplate\":\"https:\/\/marekkuchcinski.pl\/?s={search_term_string}\"},\"query-input\":{\"@type\":\"PropertyValueSpecification\",\"valueRequired\":true,\"valueName\":\"search_term_string\"}}],\"inLanguage\":\"en-GB\"},{\"@type\":\"Organization\",\"@id\":\"https:\/\/marekkuchcinski.pl\/#organization\",\"name\":\"Marek Kuchci\u0144ski\",\"url\":\"https:\/\/marekkuchcinski.pl\/\",\"logo\":{\"@type\":\"ImageObject\",\"inLanguage\":\"en-GB\",\"@id\":\"https:\/\/marekkuchcinski.pl\/#\/schema\/logo\/image\/\",\"url\":\"https:\/\/marekkuchcinski.pl\/wp-content\/uploads\/2022\/09\/Marek.jpg\",\"contentUrl\":\"https:\/\/marekkuchcinski.pl\/wp-content\/uploads\/2022\/09\/Marek.jpg\",\"width\":1600,\"height\":971,\"caption\":\"Marek Kuchci\u0144ski\"},\"image\":{\"@id\":\"https:\/\/marekkuchcinski.pl\/#\/schema\/logo\/image\/\"}},{\"@type\":\"Person\",\"@id\":\"https:\/\/marekkuchcinski.pl\/#\/schema\/person\/51d5d4ee3b5317b8e4dd2b48af359229\",\"name\":\"Marta Olejnik\",\"image\":{\"@type\":\"ImageObject\",\"inLanguage\":\"en-GB\",\"@id\":\"https:\/\/marekkuchcinski.pl\/#\/schema\/person\/image\/\",\"url\":\"https:\/\/secure.gravatar.com\/avatar\/e39914b2aa6a48959e24d475b5dc9793?s=96&d=mm&r=g\",\"contentUrl\":\"https:\/\/secure.gravatar.com\/avatar\/e39914b2aa6a48959e24d475b5dc9793?s=96&d=mm&r=g\",\"caption\":\"Marta Olejnik\"},\"url\":\"https:\/\/marekkuchcinski.pl\/en\/author\/marta\/\"}]}<\/script>\n<!-- \/ Yoast SEO plugin. -->","yoast_head_json":{"title":"Swiat\u0142ana Cichanouska: Dzi\u0119kuj\u0119 Polsce za wsparcie \u2013 teraz i w 2020 roku &#8211; Marek Kuchci\u0144ski","robots":{"index":"index","follow":"follow","max-snippet":"max-snippet:-1","max-image-preview":"max-image-preview:large","max-video-preview":"max-video-preview:-1"},"canonical":"https:\/\/marekkuchcinski.pl\/en\/wydarzenia\/swiatlana-cichanouska-dziekuje-polsce-za-wsparcie-teraz-i-w-2020-roku\/","og_locale":"en_GB","og_type":"article","og_title":"Swiat\u0142ana Cichanouska: Dzi\u0119kuj\u0119 Polsce za wsparcie \u2013 teraz i w 2020 roku &#8211; Marek Kuchci\u0144ski","og_description":"Przewodnicz\u0105cy Komisji Spraw Zagranicznych Marek Kuchci\u0144ski spotka\u0142 si\u0119 z liderk\u0105 demokratycznej Bia\u0142orusi Swiat\u0142an\u0105 Cichanousk\u0105. G\u0142\u00f3wnym tematem rozm\u00f3w by\u0142o wsparcie bia\u0142oruskiego spo\u0142ecze\u0144stwa oraz obecna sytuacja na Ukrainie. \u2013 Nie uznajemy re\u017cimu \u0141ukaszenki, wspieramy Bia\u0142oru\u015b w walce o niepodleg\u0142o\u015b\u0107. Musimy przypomina\u0107 \u015bwiatu o \u0142amaniu praw cz\u0142owieka i wi\u0119\u017aniach politycznych, w tym Polakach \u2013 m\u00f3wi\u0142 Kuchci\u0144ski. Swiet\u0142ana Cichanouska [&hellip;]","og_url":"https:\/\/marekkuchcinski.pl\/en\/wydarzenia\/swiatlana-cichanouska-dziekuje-polsce-za-wsparcie-teraz-i-w-2020-roku\/","og_site_name":"Marek Kuchci\u0144ski","article_published_time":"2022-03-28T09:22:16+00:00","article_modified_time":"2022-04-04T20:48:40+00:00","og_image":[{"width":2048,"height":1341,"url":"https:\/\/marekkuchcinski.pl\/wp-content\/uploads\/2022\/03\/IMG_4610_edited-scaled.jpg","type":"image\/jpeg"}],"author":"Marta Olejnik","twitter_card":"summary_large_image","twitter_misc":{"Written by":"Marta Olejnik","Estimated reading time":"2 minutes"},"schema":{"@context":"https:\/\/schema.org","@graph":[{"@type":"Article","@id":"https:\/\/marekkuchcinski.pl\/en\/wydarzenia\/swiatlana-cichanouska-dziekuje-polsce-za-wsparcie-teraz-i-w-2020-roku\/#article","isPartOf":{"@id":"https:\/\/marekkuchcinski.pl\/en\/wydarzenia\/swiatlana-cichanouska-dziekuje-polsce-za-wsparcie-teraz-i-w-2020-roku\/"},"author":{"name":"Marta Olejnik","@id":"https:\/\/marekkuchcinski.pl\/#\/schema\/person\/51d5d4ee3b5317b8e4dd2b48af359229"},"headline":"Swiat\u0142ana Cichanouska: Dzi\u0119kuj\u0119 Polsce za wsparcie \u2013 teraz i w 2020 roku","datePublished":"2022-03-28T09:22:16+00:00","dateModified":"2022-04-04T20:48:40+00:00","mainEntityOfPage":{"@id":"https:\/\/marekkuchcinski.pl\/en\/wydarzenia\/swiatlana-cichanouska-dziekuje-polsce-za-wsparcie-teraz-i-w-2020-roku\/"},"wordCount":170,"commentCount":0,"publisher":{"@id":"https:\/\/marekkuchcinski.pl\/#organization"},"image":{"@id":"https:\/\/marekkuchcinski.pl\/en\/wydarzenia\/swiatlana-cichanouska-dziekuje-polsce-za-wsparcie-teraz-i-w-2020-roku\/#primaryimage"},"thumbnailUrl":"https:\/\/marekkuchcinski.pl\/wp-content\/uploads\/2022\/03\/IMG_4610_edited-scaled.jpg","articleSection":["Wsp\u00f3\u0142praca mi\u0119dzynarodowa","Wydarzenia"],"inLanguage":"en-GB","potentialAction":[{"@type":"CommentAction","name":"Comment","target":["https:\/\/marekkuchcinski.pl\/en\/wydarzenia\/swiatlana-cichanouska-dziekuje-polsce-za-wsparcie-teraz-i-w-2020-roku\/#respond"]}]},{"@type":"WebPage","@id":"https:\/\/marekkuchcinski.pl\/en\/wydarzenia\/swiatlana-cichanouska-dziekuje-polsce-za-wsparcie-teraz-i-w-2020-roku\/","url":"https:\/\/marekkuchcinski.pl\/en\/wydarzenia\/swiatlana-cichanouska-dziekuje-polsce-za-wsparcie-teraz-i-w-2020-roku\/","name":"Swiat\u0142ana Cichanouska: Dzi\u0119kuj\u0119 Polsce za wsparcie \u2013 teraz i w 2020 roku &#8211; Marek Kuchci\u0144ski","isPartOf":{"@id":"https:\/\/marekkuchcinski.pl\/#website"},"primaryImageOfPage":{"@id":"https:\/\/marekkuchcinski.pl\/en\/wydarzenia\/swiatlana-cichanouska-dziekuje-polsce-za-wsparcie-teraz-i-w-2020-roku\/#primaryimage"},"image":{"@id":"https:\/\/marekkuchcinski.pl\/en\/wydarzenia\/swiatlana-cichanouska-dziekuje-polsce-za-wsparcie-teraz-i-w-2020-roku\/#primaryimage"},"thumbnailUrl":"https:\/\/marekkuchcinski.pl\/wp-content\/uploads\/2022\/03\/IMG_4610_edited-scaled.jpg","datePublished":"2022-03-28T09:22:16+00:00","dateModified":"2022-04-04T20:48:40+00:00","breadcrumb":{"@id":"https:\/\/marekkuchcinski.pl\/en\/wydarzenia\/swiatlana-cichanouska-dziekuje-polsce-za-wsparcie-teraz-i-w-2020-roku\/#breadcrumb"},"inLanguage":"en-GB","potentialAction":[{"@type":"ReadAction","target":["https:\/\/marekkuchcinski.pl\/en\/wydarzenia\/swiatlana-cichanouska-dziekuje-polsce-za-wsparcie-teraz-i-w-2020-roku\/"]}]},{"@type":"ImageObject","inLanguage":"en-GB","@id":"https:\/\/marekkuchcinski.pl\/en\/wydarzenia\/swiatlana-cichanouska-dziekuje-polsce-za-wsparcie-teraz-i-w-2020-roku\/#primaryimage","url":"https:\/\/marekkuchcinski.pl\/wp-content\/uploads\/2022\/03\/IMG_4610_edited-scaled.jpg","contentUrl":"https:\/\/marekkuchcinski.pl\/wp-content\/uploads\/2022\/03\/IMG_4610_edited-scaled.jpg","width":2048,"height":1341},{"@type":"BreadcrumbList","@id":"https:\/\/marekkuchcinski.pl\/en\/wydarzenia\/swiatlana-cichanouska-dziekuje-polsce-za-wsparcie-teraz-i-w-2020-roku\/#breadcrumb","itemListElement":[{"@type":"ListItem","position":1,"name":"Strona g\u0142\u00f3wna","item":"https:\/\/marekkuchcinski.pl\/"},{"@type":"ListItem","position":2,"name":"Swiat\u0142ana Cichanouska: Dzi\u0119kuj\u0119 Polsce za wsparcie \u2013 teraz i w 2020 roku"}]},{"@type":"WebSite","@id":"https:\/\/marekkuchcinski.pl\/#website","url":"https:\/\/marekkuchcinski.pl\/","name":"Marek Kuchci\u0144ski","description":"Pose\u0142 na sejm RP &ndash; okr\u0119g nr 22","publisher":{"@id":"https:\/\/marekkuchcinski.pl\/#organization"},"potentialAction":[{"@type":"SearchAction","target":{"@type":"EntryPoint","urlTemplate":"https:\/\/marekkuchcinski.pl\/?s={search_term_string}"},"query-input":{"@type":"PropertyValueSpecification","valueRequired":true,"valueName":"search_term_string"}}],"inLanguage":"en-GB"},{"@type":"Organization","@id":"https:\/\/marekkuchcinski.pl\/#organization","name":"Marek Kuchci\u0144ski","url":"https:\/\/marekkuchcinski.pl\/","logo":{"@type":"ImageObject","inLanguage":"en-GB","@id":"https:\/\/marekkuchcinski.pl\/#\/schema\/logo\/image\/","url":"https:\/\/marekkuchcinski.pl\/wp-content\/uploads\/2022\/09\/Marek.jpg","contentUrl":"https:\/\/marekkuchcinski.pl\/wp-content\/uploads\/2022\/09\/Marek.jpg","width":1600,"height":971,"caption":"Marek Kuchci\u0144ski"},"image":{"@id":"https:\/\/marekkuchcinski.pl\/#\/schema\/logo\/image\/"}},{"@type":"Person","@id":"https:\/\/marekkuchcinski.pl\/#\/schema\/person\/51d5d4ee3b5317b8e4dd2b48af359229","name":"Marta Olejnik","image":{"@type":"ImageObject","inLanguage":"en-GB","@id":"https:\/\/marekkuchcinski.pl\/#\/schema\/person\/image\/","url":"https:\/\/secure.gravatar.com\/avatar\/e39914b2aa6a48959e24d475b5dc9793?s=96&d=mm&r=g","contentUrl":"https:\/\/secure.gravatar.com\/avatar\/e39914b2aa6a48959e24d475b5dc9793?s=96&d=mm&r=g","caption":"Marta Olejnik"},"url":"https:\/\/marekkuchcinski.pl\/en\/author\/marta\/"}]}},"_links":{"self":[{"href":"https:\/\/marekkuchcinski.pl\/en\/wp-json\/wp\/v2\/posts\/24629","targetHints":{"allow":["GET"]}}],"collection":[{"href":"https:\/\/marekkuchcinski.pl\/en\/wp-json\/wp\/v2\/posts"}],"about":[{"href":"https:\/\/marekkuchcinski.pl\/en\/wp-json\/wp\/v2\/types\/post"}],"author":[{"embeddable":true,"href":"https:\/\/marekkuchcinski.pl\/en\/wp-json\/wp\/v2\/users\/21"}],"replies":[{"embeddable":true,"href":"https:\/\/marekkuchcinski.pl\/en\/wp-json\/wp\/v2\/comments?post=24629"}],"version-history":[{"count":9,"href":"https:\/\/marekkuchcinski.pl\/en\/wp-json\/wp\/v2\/posts\/24629\/revisions"}],"predecessor-version":[{"id":24670,"href":"https:\/\/marekkuchcinski.pl\/en\/wp-json\/wp\/v2\/posts\/24629\/revisions\/24670"}],"wp:featuredmedia":[{"embeddable":true,"href":"https:\/\/marekkuchcinski.pl\/en\/wp-json\/wp\/v2\/media\/24630"}],"wp:attachment":[{"href":"https:\/\/marekkuchcinski.pl\/en\/wp-json\/wp\/v2\/media?parent=24629"}],"wp:term":[{"taxonomy":"category","embeddable":true,"href":"https:\/\/marekkuchcinski.pl\/en\/wp-json\/wp\/v2\/categories?post=24629"},{"taxonomy":"post_tag","embeddable":true,"href":"https:\/\/marekkuchcinski.pl\/en\/wp-json\/wp\/v2\/tags?post=24629"}],"curies":[{"name":"wp","href":"https:\/\/api.w.org\/{rel}","templated":true}]}}