{"id":24515,"date":"2022-03-15T14:05:57","date_gmt":"2022-03-15T13:05:57","guid":{"rendered":"https:\/\/marekkuchcinski.pl\/?p=24515"},"modified":"2022-03-15T14:06:00","modified_gmt":"2022-03-15T13:06:00","slug":"kosciol-katolicki-pomaga-ofiarom-rosyjskiej-agresji-na-ukraine","status":"publish","type":"post","link":"https:\/\/marekkuchcinski.pl\/en\/wydarzenia\/kosciol-katolicki-pomaga-ofiarom-rosyjskiej-agresji-na-ukraine\/","title":{"rendered":"Catholic Church helps victims of Russian aggression in Ukraine"},"content":{"rendered":"<p>The Catholic Church in Poland was a strong link in the support of society in the fight against communism. During martial law it gave shelter to the repressed, organized necessary medicines, food and money. The Church does not show off what is inscribed in the Christian roots of Europe - selfless help. Even today, nuns and priests are silent heroes, bringing help to thousands of Ukrainians fleeing war.<\/p>\n\n\n\n<p>Currently, in 924 religious houses in Poland and 98 in Ukraine, religious sisters are providing spiritual, psychological, medical, and material assistance to war refugees, according to the Conference of Major Superiors of Women Religious Congregations in Poland. According to estimates, since the beginning of the war, each of the 150 religious congregations operating in Poland and Ukraine has helped from several to as many as 18 thousand people.<\/p>\n\n\n\n<p>Caritas of the Archdiocese of Przemysl operates both locally and in Ukraine. In Przemy\u015bl at the railway station in Per\u0142a restaurant, on Lwowska street in Tent of Hope, in the center for foreigners on Mickiewicza street, at the border crossing in Korczowa, Chotyniec, M\u0142yny, Kro\u015bcienko, in Medyka.<\/p>\n\n\n\n<p>Every day Caritas prepares meals for refugees as well as law enforcement (firemen, policemen) and medical services. Every day we give refugees several thousand portions of hot soup, sandwiches, sweets, water, blankets, field beds, etc. Breakfast, lunch and dinner are also served free of charge to all uniformed and law enforcement personnel working at the station (over 200 meals are served daily). Volunteers provide emotional support, help with relocating refugees, transport to the train station, provide information, help with minor problems (personal assistance), and the Sisters of St. Michael and St. Felice run animations for children.<\/p>\n\n\n\n<p>Thanks to the involvement of many people of good will, their generosity and solidarity, Caritas of the Archdiocese of Przemysl alone has already managed to transfer 63 trucks and 38 buses with food, water, dry provisions, hygiene products, medicines, blankets, etc. to Ukraine. We have ordered 100 power generators to be given to Ukrainian hospitals and public buildings.<\/p>\n\n\n\n<p>Every day Caritas Przemysl distributes about 30 thousand sandwiches to refugees. We donate 8 pallets of food including sandwiches to the Ukrainian side for people waiting in line for border clearance. We admitted 28 sick people to the Care and Treatment Centre in Przemysl, 5 elderly people were admitted to the Caritas Rest House in K\u0105kol\u00f3wka, and 20 mothers with children find shelter in the Caritas Mother and Child House in Przemysl. We declared to accept 80 people with disabilities to the Caritas Centre in Zboiska. Every day about 150 volunteers are involved in helping refugees. 150 volunteers.<\/p>\n\n\n\n<p>Pope Francis thanked Poles for helping refugees: \"You were the first to support Ukraine, opening your borders, your hearts and the doors of your homes to Ukrainians fleeing war. You generously offer them everything they need to live with dignity, despite the drama of the present moment. I am deeply grateful to you and I bless you from my heart!<\/p>\n\n\n\n<p>Photo: Vatican Radio<\/p>","protected":false},"excerpt":{"rendered":"<p>Ko\u015bci\u00f3\u0142 katolicki w Polsce by\u0142 silnym ogniwem wsparcia spo\u0142ecze\u0144stwa w walce z komunizmem. W stanie wojennym dawa\u0142 schronienie represjonowanym, organizowa\u0142 niezb\u0119dne leki, \u017cywno\u015b\u0107, pieni\u0105dze. Ko\u015bci\u00f3\u0142&nbsp;nie afiszuje si\u0119 tym, co wpisane jest w chrze\u015bcija\u0144skie korzenie Europy \u2013 bezinteresown\u0105 pomoc\u0105. R\u00f3wnie\u017c dzi\u015b siostry zakonne i ksi\u0119\u017ca s\u0105 cichymi bohaterami, nios\u0105c pomoc tysi\u0105com uciekaj\u0105cych przed wojn\u0105 Ukrai\u0144c\u00f3w. Obecnie [&hellip;]<\/p>","protected":false},"author":21,"featured_media":24516,"comment_status":"open","ping_status":"open","sticky":false,"template":"","format":"standard","meta":{"ngg_post_thumbnail":0,"footnotes":""},"categories":[3],"tags":[],"class_list":["post-24515","post","type-post","status-publish","format-standard","has-post-thumbnail","hentry","category-wydarzenia"],"yoast_head":"<!-- This site is optimized with the Yoast SEO plugin v24.7 - https:\/\/yoast.com\/wordpress\/plugins\/seo\/ -->\n<title>Ko\u015bci\u00f3\u0142 katolicki pomaga ofiarom rosyjskiej agresji na Ukrain\u0119 &#8211; Marek Kuchci\u0144ski<\/title>\n<meta name=\"robots\" content=\"index, follow, max-snippet:-1, max-image-preview:large, max-video-preview:-1\" \/>\n<link rel=\"canonical\" href=\"https:\/\/marekkuchcinski.pl\/en\/wydarzenia\/kosciol-katolicki-pomaga-ofiarom-rosyjskiej-agresji-na-ukraine\/\" \/>\n<meta property=\"og:locale\" content=\"en_GB\" \/>\n<meta property=\"og:type\" content=\"article\" \/>\n<meta property=\"og:title\" content=\"Ko\u015bci\u00f3\u0142 katolicki pomaga ofiarom rosyjskiej agresji na Ukrain\u0119 &#8211; Marek Kuchci\u0144ski\" \/>\n<meta property=\"og:description\" content=\"Ko\u015bci\u00f3\u0142 katolicki w Polsce by\u0142 silnym ogniwem wsparcia spo\u0142ecze\u0144stwa w walce z komunizmem. W stanie wojennym dawa\u0142 schronienie represjonowanym, organizowa\u0142 niezb\u0119dne leki, \u017cywno\u015b\u0107, pieni\u0105dze. Ko\u015bci\u00f3\u0142&nbsp;nie afiszuje si\u0119 tym, co wpisane jest w chrze\u015bcija\u0144skie korzenie Europy \u2013 bezinteresown\u0105 pomoc\u0105. R\u00f3wnie\u017c dzi\u015b siostry zakonne i ksi\u0119\u017ca s\u0105 cichymi bohaterami, nios\u0105c pomoc tysi\u0105com uciekaj\u0105cych przed wojn\u0105 Ukrai\u0144c\u00f3w. Obecnie [&hellip;]\" \/>\n<meta property=\"og:url\" content=\"https:\/\/marekkuchcinski.pl\/en\/wydarzenia\/kosciol-katolicki-pomaga-ofiarom-rosyjskiej-agresji-na-ukraine\/\" \/>\n<meta property=\"og:site_name\" content=\"Marek Kuchci\u0144ski\" \/>\n<meta property=\"article:published_time\" content=\"2022-03-15T13:05:57+00:00\" \/>\n<meta property=\"article:modified_time\" content=\"2022-03-15T13:06:00+00:00\" \/>\n<meta property=\"og:image\" content=\"https:\/\/marekkuchcinski.pl\/wp-content\/uploads\/2022\/03\/FM1RbAxXsAINo4K-scaled.jpg\" \/>\n\t<meta property=\"og:image:width\" content=\"2048\" \/>\n\t<meta property=\"og:image:height\" content=\"1365\" \/>\n\t<meta property=\"og:image:type\" content=\"image\/jpeg\" \/>\n<meta name=\"author\" content=\"Marta Olejnik\" \/>\n<meta name=\"twitter:card\" content=\"summary_large_image\" \/>\n<meta name=\"twitter:label1\" content=\"Written by\" \/>\n\t<meta name=\"twitter:data1\" content=\"Marta Olejnik\" \/>\n\t<meta name=\"twitter:label2\" content=\"Estimated reading time\" \/>\n\t<meta name=\"twitter:data2\" content=\"2 minutes\" \/>\n<script type=\"application\/ld+json\" class=\"yoast-schema-graph\">{\"@context\":\"https:\/\/schema.org\",\"@graph\":[{\"@type\":\"Article\",\"@id\":\"https:\/\/marekkuchcinski.pl\/cs\/wydarzenia\/kosciol-katolicki-pomaga-ofiarom-rosyjskiej-agresji-na-ukraine\/#article\",\"isPartOf\":{\"@id\":\"https:\/\/marekkuchcinski.pl\/cs\/wydarzenia\/kosciol-katolicki-pomaga-ofiarom-rosyjskiej-agresji-na-ukraine\/\"},\"author\":{\"name\":\"Marta Olejnik\",\"@id\":\"https:\/\/marekkuchcinski.pl\/#\/schema\/person\/51d5d4ee3b5317b8e4dd2b48af359229\"},\"headline\":\"Ko\u015bci\u00f3\u0142 katolicki pomaga ofiarom rosyjskiej agresji na Ukrain\u0119\",\"datePublished\":\"2022-03-15T13:05:57+00:00\",\"dateModified\":\"2022-03-15T13:06:00+00:00\",\"mainEntityOfPage\":{\"@id\":\"https:\/\/marekkuchcinski.pl\/cs\/wydarzenia\/kosciol-katolicki-pomaga-ofiarom-rosyjskiej-agresji-na-ukraine\/\"},\"wordCount\":541,\"commentCount\":0,\"publisher\":{\"@id\":\"https:\/\/marekkuchcinski.pl\/#organization\"},\"image\":{\"@id\":\"https:\/\/marekkuchcinski.pl\/cs\/wydarzenia\/kosciol-katolicki-pomaga-ofiarom-rosyjskiej-agresji-na-ukraine\/#primaryimage\"},\"thumbnailUrl\":\"https:\/\/marekkuchcinski.pl\/wp-content\/uploads\/2022\/03\/FM1RbAxXsAINo4K-scaled.jpg\",\"articleSection\":[\"Wydarzenia\"],\"inLanguage\":\"en-GB\",\"potentialAction\":[{\"@type\":\"CommentAction\",\"name\":\"Comment\",\"target\":[\"https:\/\/marekkuchcinski.pl\/cs\/wydarzenia\/kosciol-katolicki-pomaga-ofiarom-rosyjskiej-agresji-na-ukraine\/#respond\"]}]},{\"@type\":\"WebPage\",\"@id\":\"https:\/\/marekkuchcinski.pl\/cs\/wydarzenia\/kosciol-katolicki-pomaga-ofiarom-rosyjskiej-agresji-na-ukraine\/\",\"url\":\"https:\/\/marekkuchcinski.pl\/cs\/wydarzenia\/kosciol-katolicki-pomaga-ofiarom-rosyjskiej-agresji-na-ukraine\/\",\"name\":\"Ko\u015bci\u00f3\u0142 katolicki pomaga ofiarom rosyjskiej agresji na Ukrain\u0119 &#8211; Marek Kuchci\u0144ski\",\"isPartOf\":{\"@id\":\"https:\/\/marekkuchcinski.pl\/#website\"},\"primaryImageOfPage\":{\"@id\":\"https:\/\/marekkuchcinski.pl\/cs\/wydarzenia\/kosciol-katolicki-pomaga-ofiarom-rosyjskiej-agresji-na-ukraine\/#primaryimage\"},\"image\":{\"@id\":\"https:\/\/marekkuchcinski.pl\/cs\/wydarzenia\/kosciol-katolicki-pomaga-ofiarom-rosyjskiej-agresji-na-ukraine\/#primaryimage\"},\"thumbnailUrl\":\"https:\/\/marekkuchcinski.pl\/wp-content\/uploads\/2022\/03\/FM1RbAxXsAINo4K-scaled.jpg\",\"datePublished\":\"2022-03-15T13:05:57+00:00\",\"dateModified\":\"2022-03-15T13:06:00+00:00\",\"breadcrumb\":{\"@id\":\"https:\/\/marekkuchcinski.pl\/cs\/wydarzenia\/kosciol-katolicki-pomaga-ofiarom-rosyjskiej-agresji-na-ukraine\/#breadcrumb\"},\"inLanguage\":\"en-GB\",\"potentialAction\":[{\"@type\":\"ReadAction\",\"target\":[\"https:\/\/marekkuchcinski.pl\/cs\/wydarzenia\/kosciol-katolicki-pomaga-ofiarom-rosyjskiej-agresji-na-ukraine\/\"]}]},{\"@type\":\"ImageObject\",\"inLanguage\":\"en-GB\",\"@id\":\"https:\/\/marekkuchcinski.pl\/cs\/wydarzenia\/kosciol-katolicki-pomaga-ofiarom-rosyjskiej-agresji-na-ukraine\/#primaryimage\",\"url\":\"https:\/\/marekkuchcinski.pl\/wp-content\/uploads\/2022\/03\/FM1RbAxXsAINo4K-scaled.jpg\",\"contentUrl\":\"https:\/\/marekkuchcinski.pl\/wp-content\/uploads\/2022\/03\/FM1RbAxXsAINo4K-scaled.jpg\",\"width\":2048,\"height\":1365},{\"@type\":\"BreadcrumbList\",\"@id\":\"https:\/\/marekkuchcinski.pl\/cs\/wydarzenia\/kosciol-katolicki-pomaga-ofiarom-rosyjskiej-agresji-na-ukraine\/#breadcrumb\",\"itemListElement\":[{\"@type\":\"ListItem\",\"position\":1,\"name\":\"Strona g\u0142\u00f3wna\",\"item\":\"https:\/\/marekkuchcinski.pl\/\"},{\"@type\":\"ListItem\",\"position\":2,\"name\":\"Ko\u015bci\u00f3\u0142 katolicki pomaga ofiarom rosyjskiej agresji na Ukrain\u0119\"}]},{\"@type\":\"WebSite\",\"@id\":\"https:\/\/marekkuchcinski.pl\/#website\",\"url\":\"https:\/\/marekkuchcinski.pl\/\",\"name\":\"Marek Kuchci\u0144ski\",\"description\":\"Pose\u0142 na sejm RP &ndash; okr\u0119g nr 22\",\"publisher\":{\"@id\":\"https:\/\/marekkuchcinski.pl\/#organization\"},\"potentialAction\":[{\"@type\":\"SearchAction\",\"target\":{\"@type\":\"EntryPoint\",\"urlTemplate\":\"https:\/\/marekkuchcinski.pl\/?s={search_term_string}\"},\"query-input\":{\"@type\":\"PropertyValueSpecification\",\"valueRequired\":true,\"valueName\":\"search_term_string\"}}],\"inLanguage\":\"en-GB\"},{\"@type\":\"Organization\",\"@id\":\"https:\/\/marekkuchcinski.pl\/#organization\",\"name\":\"Marek Kuchci\u0144ski\",\"url\":\"https:\/\/marekkuchcinski.pl\/\",\"logo\":{\"@type\":\"ImageObject\",\"inLanguage\":\"en-GB\",\"@id\":\"https:\/\/marekkuchcinski.pl\/#\/schema\/logo\/image\/\",\"url\":\"https:\/\/marekkuchcinski.pl\/wp-content\/uploads\/2022\/09\/Marek.jpg\",\"contentUrl\":\"https:\/\/marekkuchcinski.pl\/wp-content\/uploads\/2022\/09\/Marek.jpg\",\"width\":1600,\"height\":971,\"caption\":\"Marek Kuchci\u0144ski\"},\"image\":{\"@id\":\"https:\/\/marekkuchcinski.pl\/#\/schema\/logo\/image\/\"}},{\"@type\":\"Person\",\"@id\":\"https:\/\/marekkuchcinski.pl\/#\/schema\/person\/51d5d4ee3b5317b8e4dd2b48af359229\",\"name\":\"Marta Olejnik\",\"image\":{\"@type\":\"ImageObject\",\"inLanguage\":\"en-GB\",\"@id\":\"https:\/\/marekkuchcinski.pl\/#\/schema\/person\/image\/\",\"url\":\"https:\/\/secure.gravatar.com\/avatar\/e39914b2aa6a48959e24d475b5dc9793?s=96&d=mm&r=g\",\"contentUrl\":\"https:\/\/secure.gravatar.com\/avatar\/e39914b2aa6a48959e24d475b5dc9793?s=96&d=mm&r=g\",\"caption\":\"Marta Olejnik\"},\"url\":\"https:\/\/marekkuchcinski.pl\/en\/author\/marta\/\"}]}<\/script>\n<!-- \/ Yoast SEO plugin. -->","yoast_head_json":{"title":"Ko\u015bci\u00f3\u0142 katolicki pomaga ofiarom rosyjskiej agresji na Ukrain\u0119 &#8211; Marek Kuchci\u0144ski","robots":{"index":"index","follow":"follow","max-snippet":"max-snippet:-1","max-image-preview":"max-image-preview:large","max-video-preview":"max-video-preview:-1"},"canonical":"https:\/\/marekkuchcinski.pl\/en\/wydarzenia\/kosciol-katolicki-pomaga-ofiarom-rosyjskiej-agresji-na-ukraine\/","og_locale":"en_GB","og_type":"article","og_title":"Ko\u015bci\u00f3\u0142 katolicki pomaga ofiarom rosyjskiej agresji na Ukrain\u0119 &#8211; Marek Kuchci\u0144ski","og_description":"Ko\u015bci\u00f3\u0142 katolicki w Polsce by\u0142 silnym ogniwem wsparcia spo\u0142ecze\u0144stwa w walce z komunizmem. W stanie wojennym dawa\u0142 schronienie represjonowanym, organizowa\u0142 niezb\u0119dne leki, \u017cywno\u015b\u0107, pieni\u0105dze. Ko\u015bci\u00f3\u0142&nbsp;nie afiszuje si\u0119 tym, co wpisane jest w chrze\u015bcija\u0144skie korzenie Europy \u2013 bezinteresown\u0105 pomoc\u0105. R\u00f3wnie\u017c dzi\u015b siostry zakonne i ksi\u0119\u017ca s\u0105 cichymi bohaterami, nios\u0105c pomoc tysi\u0105com uciekaj\u0105cych przed wojn\u0105 Ukrai\u0144c\u00f3w. Obecnie [&hellip;]","og_url":"https:\/\/marekkuchcinski.pl\/en\/wydarzenia\/kosciol-katolicki-pomaga-ofiarom-rosyjskiej-agresji-na-ukraine\/","og_site_name":"Marek Kuchci\u0144ski","article_published_time":"2022-03-15T13:05:57+00:00","article_modified_time":"2022-03-15T13:06:00+00:00","og_image":[{"width":2048,"height":1365,"url":"https:\/\/marekkuchcinski.pl\/wp-content\/uploads\/2022\/03\/FM1RbAxXsAINo4K-scaled.jpg","type":"image\/jpeg"}],"author":"Marta Olejnik","twitter_card":"summary_large_image","twitter_misc":{"Written by":"Marta Olejnik","Estimated reading time":"2 minutes"},"schema":{"@context":"https:\/\/schema.org","@graph":[{"@type":"Article","@id":"https:\/\/marekkuchcinski.pl\/cs\/wydarzenia\/kosciol-katolicki-pomaga-ofiarom-rosyjskiej-agresji-na-ukraine\/#article","isPartOf":{"@id":"https:\/\/marekkuchcinski.pl\/cs\/wydarzenia\/kosciol-katolicki-pomaga-ofiarom-rosyjskiej-agresji-na-ukraine\/"},"author":{"name":"Marta Olejnik","@id":"https:\/\/marekkuchcinski.pl\/#\/schema\/person\/51d5d4ee3b5317b8e4dd2b48af359229"},"headline":"Ko\u015bci\u00f3\u0142 katolicki pomaga ofiarom rosyjskiej agresji na Ukrain\u0119","datePublished":"2022-03-15T13:05:57+00:00","dateModified":"2022-03-15T13:06:00+00:00","mainEntityOfPage":{"@id":"https:\/\/marekkuchcinski.pl\/cs\/wydarzenia\/kosciol-katolicki-pomaga-ofiarom-rosyjskiej-agresji-na-ukraine\/"},"wordCount":541,"commentCount":0,"publisher":{"@id":"https:\/\/marekkuchcinski.pl\/#organization"},"image":{"@id":"https:\/\/marekkuchcinski.pl\/cs\/wydarzenia\/kosciol-katolicki-pomaga-ofiarom-rosyjskiej-agresji-na-ukraine\/#primaryimage"},"thumbnailUrl":"https:\/\/marekkuchcinski.pl\/wp-content\/uploads\/2022\/03\/FM1RbAxXsAINo4K-scaled.jpg","articleSection":["Wydarzenia"],"inLanguage":"en-GB","potentialAction":[{"@type":"CommentAction","name":"Comment","target":["https:\/\/marekkuchcinski.pl\/cs\/wydarzenia\/kosciol-katolicki-pomaga-ofiarom-rosyjskiej-agresji-na-ukraine\/#respond"]}]},{"@type":"WebPage","@id":"https:\/\/marekkuchcinski.pl\/cs\/wydarzenia\/kosciol-katolicki-pomaga-ofiarom-rosyjskiej-agresji-na-ukraine\/","url":"https:\/\/marekkuchcinski.pl\/cs\/wydarzenia\/kosciol-katolicki-pomaga-ofiarom-rosyjskiej-agresji-na-ukraine\/","name":"Ko\u015bci\u00f3\u0142 katolicki pomaga ofiarom rosyjskiej agresji na Ukrain\u0119 &#8211; Marek Kuchci\u0144ski","isPartOf":{"@id":"https:\/\/marekkuchcinski.pl\/#website"},"primaryImageOfPage":{"@id":"https:\/\/marekkuchcinski.pl\/cs\/wydarzenia\/kosciol-katolicki-pomaga-ofiarom-rosyjskiej-agresji-na-ukraine\/#primaryimage"},"image":{"@id":"https:\/\/marekkuchcinski.pl\/cs\/wydarzenia\/kosciol-katolicki-pomaga-ofiarom-rosyjskiej-agresji-na-ukraine\/#primaryimage"},"thumbnailUrl":"https:\/\/marekkuchcinski.pl\/wp-content\/uploads\/2022\/03\/FM1RbAxXsAINo4K-scaled.jpg","datePublished":"2022-03-15T13:05:57+00:00","dateModified":"2022-03-15T13:06:00+00:00","breadcrumb":{"@id":"https:\/\/marekkuchcinski.pl\/cs\/wydarzenia\/kosciol-katolicki-pomaga-ofiarom-rosyjskiej-agresji-na-ukraine\/#breadcrumb"},"inLanguage":"en-GB","potentialAction":[{"@type":"ReadAction","target":["https:\/\/marekkuchcinski.pl\/cs\/wydarzenia\/kosciol-katolicki-pomaga-ofiarom-rosyjskiej-agresji-na-ukraine\/"]}]},{"@type":"ImageObject","inLanguage":"en-GB","@id":"https:\/\/marekkuchcinski.pl\/cs\/wydarzenia\/kosciol-katolicki-pomaga-ofiarom-rosyjskiej-agresji-na-ukraine\/#primaryimage","url":"https:\/\/marekkuchcinski.pl\/wp-content\/uploads\/2022\/03\/FM1RbAxXsAINo4K-scaled.jpg","contentUrl":"https:\/\/marekkuchcinski.pl\/wp-content\/uploads\/2022\/03\/FM1RbAxXsAINo4K-scaled.jpg","width":2048,"height":1365},{"@type":"BreadcrumbList","@id":"https:\/\/marekkuchcinski.pl\/cs\/wydarzenia\/kosciol-katolicki-pomaga-ofiarom-rosyjskiej-agresji-na-ukraine\/#breadcrumb","itemListElement":[{"@type":"ListItem","position":1,"name":"Strona g\u0142\u00f3wna","item":"https:\/\/marekkuchcinski.pl\/"},{"@type":"ListItem","position":2,"name":"Ko\u015bci\u00f3\u0142 katolicki pomaga ofiarom rosyjskiej agresji na Ukrain\u0119"}]},{"@type":"WebSite","@id":"https:\/\/marekkuchcinski.pl\/#website","url":"https:\/\/marekkuchcinski.pl\/","name":"Marek Kuchci\u0144ski","description":"Pose\u0142 na sejm RP &ndash; okr\u0119g nr 22","publisher":{"@id":"https:\/\/marekkuchcinski.pl\/#organization"},"potentialAction":[{"@type":"SearchAction","target":{"@type":"EntryPoint","urlTemplate":"https:\/\/marekkuchcinski.pl\/?s={search_term_string}"},"query-input":{"@type":"PropertyValueSpecification","valueRequired":true,"valueName":"search_term_string"}}],"inLanguage":"en-GB"},{"@type":"Organization","@id":"https:\/\/marekkuchcinski.pl\/#organization","name":"Marek Kuchci\u0144ski","url":"https:\/\/marekkuchcinski.pl\/","logo":{"@type":"ImageObject","inLanguage":"en-GB","@id":"https:\/\/marekkuchcinski.pl\/#\/schema\/logo\/image\/","url":"https:\/\/marekkuchcinski.pl\/wp-content\/uploads\/2022\/09\/Marek.jpg","contentUrl":"https:\/\/marekkuchcinski.pl\/wp-content\/uploads\/2022\/09\/Marek.jpg","width":1600,"height":971,"caption":"Marek Kuchci\u0144ski"},"image":{"@id":"https:\/\/marekkuchcinski.pl\/#\/schema\/logo\/image\/"}},{"@type":"Person","@id":"https:\/\/marekkuchcinski.pl\/#\/schema\/person\/51d5d4ee3b5317b8e4dd2b48af359229","name":"Marta Olejnik","image":{"@type":"ImageObject","inLanguage":"en-GB","@id":"https:\/\/marekkuchcinski.pl\/#\/schema\/person\/image\/","url":"https:\/\/secure.gravatar.com\/avatar\/e39914b2aa6a48959e24d475b5dc9793?s=96&d=mm&r=g","contentUrl":"https:\/\/secure.gravatar.com\/avatar\/e39914b2aa6a48959e24d475b5dc9793?s=96&d=mm&r=g","caption":"Marta Olejnik"},"url":"https:\/\/marekkuchcinski.pl\/en\/author\/marta\/"}]}},"_links":{"self":[{"href":"https:\/\/marekkuchcinski.pl\/en\/wp-json\/wp\/v2\/posts\/24515","targetHints":{"allow":["GET"]}}],"collection":[{"href":"https:\/\/marekkuchcinski.pl\/en\/wp-json\/wp\/v2\/posts"}],"about":[{"href":"https:\/\/marekkuchcinski.pl\/en\/wp-json\/wp\/v2\/types\/post"}],"author":[{"embeddable":true,"href":"https:\/\/marekkuchcinski.pl\/en\/wp-json\/wp\/v2\/users\/21"}],"replies":[{"embeddable":true,"href":"https:\/\/marekkuchcinski.pl\/en\/wp-json\/wp\/v2\/comments?post=24515"}],"version-history":[{"count":1,"href":"https:\/\/marekkuchcinski.pl\/en\/wp-json\/wp\/v2\/posts\/24515\/revisions"}],"predecessor-version":[{"id":24517,"href":"https:\/\/marekkuchcinski.pl\/en\/wp-json\/wp\/v2\/posts\/24515\/revisions\/24517"}],"wp:featuredmedia":[{"embeddable":true,"href":"https:\/\/marekkuchcinski.pl\/en\/wp-json\/wp\/v2\/media\/24516"}],"wp:attachment":[{"href":"https:\/\/marekkuchcinski.pl\/en\/wp-json\/wp\/v2\/media?parent=24515"}],"wp:term":[{"taxonomy":"category","embeddable":true,"href":"https:\/\/marekkuchcinski.pl\/en\/wp-json\/wp\/v2\/categories?post=24515"},{"taxonomy":"post_tag","embeddable":true,"href":"https:\/\/marekkuchcinski.pl\/en\/wp-json\/wp\/v2\/tags?post=24515"}],"curies":[{"name":"wp","href":"https:\/\/api.w.org\/{rel}","templated":true}]}}