{"id":24415,"date":"2022-02-20T14:39:14","date_gmt":"2022-02-20T13:39:14","guid":{"rendered":"https:\/\/marekkuchcinski.pl\/?p=24415"},"modified":"2022-02-20T14:39:16","modified_gmt":"2022-02-20T13:39:16","slug":"budapeszt-v4-i-francja-o-sojuszach-dla-bezpieczenstwa-ue","status":"publish","type":"post","link":"https:\/\/marekkuchcinski.pl\/en\/wydarzenia\/budapeszt-v4-i-francja-o-sojuszach-dla-bezpieczenstwa-ue\/","title":{"rendered":"Budapeszt: V4 i Francja o sojuszach dla bezpiecze\u0144stwa UE"},"content":{"rendered":"<p class=\"wp-block-paragraph\">18 lutego <strong>w Budapeszcie odby\u0142o si\u0119 spotkanie szef\u00f3w Komisji Spraw Zagranicznych V4 i Francji. Om\u00f3wione zosta\u0142y relacje UE, Bia\u0142orusi, Rosji, Ba\u0142kan\u00f3w Zachodnich i Turcji oraz stosunki transatlantyckie; UE-Afryka, UE-Chiny.<\/strong><\/p>\n\n\n\n<p class=\"wp-block-paragraph\">Rosj\u0105 z Bia\u0142orusi\u0105 s\u0105 wrogimi UE dyktaturami, z kt\u00f3rych pierwsza jest protektorem i de facto zwierzchnikiem drugiej. Polityk\u0105 Kremla jest destabilizacja i militarna agresja na s\u0105siad\u00f3w od Mo\u0142dawii i Gruzji poczynaj\u0105c, a na Ukrainie ko\u0144cz\u0105c. Rosja grozi tak\u017ce wojskow\u0105 agresj\u0105 granicz\u0105cym z ni\u0105 pa\u0144stwom cz\u0142onkowskim UE \u2013 od Danii, Finlandii i Szwecji, kt\u00f3rych fragmenty terytori\u00f3w (wyspy po\u0142o\u017cone na Ba\u0142tyku) s\u0105 obiektem gier sztabowych i wielkoskalowych manewr\u00f3w wojskowych, opartych na scenariuszu ich podboju, a prowadzonych w rytmie raz na dwa lata od kilkunastu lat), przez pa\u0144stwa ba\u0142tyckie, po Polsk\u0119, Rumuni\u0119 i Bu\u0142gari\u0119, uznawane za naturaln\u0105 stref\u0119 wp\u0142yw\u00f3w Rosji, w kt\u00f3rej Kreml pragnie przywr\u00f3ci\u0107 sw\u0105 dominacj\u0119.<\/p>\n\n\n\n<p class=\"wp-block-paragraph\"><strong>NIC O NAS BEZ NAS<\/strong><\/p>\n\n\n\n<p class=\"wp-block-paragraph\">D\u0105\u017cenie do ugody z Rosj\u0105 poprzez zaspokojenie jakiej\u015b cz\u0119\u015bci jej \u017c\u0105da\u0144 na koszt Europy \u015arodkowej i za cen\u0119 porzucenia warto\u015bci, na fundamencie kt\u00f3rych zbudowany jest Sojusz P\u00f3\u0142nocnoatlantycki, w tym prawa ka\u017cdego narodu do swobodnego wyboru sojuszu i w\u0142asnego systemu politycznego, s\u0105 powodem g\u0142\u0119bokiego rozczarowania na wschodniej flance UE i na Ukrainie. Praktyka decydowania przez mocarstwa o losach innych suwerennych narod\u00f3w bez nich i ponad ich g\u0142owami, czyli powtarzanie procedur znanych z Monachium z 1938 r. jest ze wzgl\u0119d\u00f3w oczywistych nie do zaakceptowania.Je\u015bli chodzi o Ba\u0142kany Zachodnie, to pozbawienie ich perspektywy cz\u0142onkostwa w UE wytwarza pustk\u0119 polityczn\u0105, kt\u00f3ra na bazie rozczarowania ich spo\u0142ecze\u0144stw b\u0119dzie wype\u0142niona przez si\u0142y wrogie UE w tym przez Rosj\u0119. Grozi to destabilizacj\u0105 regionu i podsycaniem przez Kreml starych konflikt\u00f3w po to, by je potem instrumentalizowa\u0107 w relacjach z UE i NATO.<\/p>\n\n\n\n<p class=\"wp-block-paragraph\">Obecno\u015b\u0107 wojskowa i polityczna USA w Europie sta\u0142a si\u0119 fundamentem, na kt\u00f3rym po stuleciach wojen zbudowano zaufanie mi\u0119dzy Francj\u0105 a Niemcami. Tezy o UE, maj\u0105cej by\u0107 gotow\u0105 do rywalizacji z USA, Rosj\u0105 i Chinami, kt\u00f3re mieli\u015bmy okazj\u0119 s\u0142ysze\u0107 w tym kontek\u015bcie s\u0105 oderwane od rzeczywisto\u015bci, a obecny kryzys ukrai\u0144ski dobitnie to pokaza\u0142.<\/p>\n\n\n\n<figure class=\"wp-block-image size-large\"><a href=\"https:\/\/marekkuchcinski.pl\/wp-content\/uploads\/2022\/02\/274118656_360230882587619_4539871326976481391_n.jpg\"><img fetchpriority=\"high\" decoding=\"async\" width=\"1024\" height=\"660\" src=\"https:\/\/marekkuchcinski.pl\/wp-content\/uploads\/2022\/02\/274118656_360230882587619_4539871326976481391_n-1024x660.jpg\" alt=\"\" class=\"wp-image-24416\" srcset=\"https:\/\/marekkuchcinski.pl\/wp-content\/uploads\/2022\/02\/274118656_360230882587619_4539871326976481391_n-1024x660.jpg 1024w, https:\/\/marekkuchcinski.pl\/wp-content\/uploads\/2022\/02\/274118656_360230882587619_4539871326976481391_n-300x193.jpg 300w, https:\/\/marekkuchcinski.pl\/wp-content\/uploads\/2022\/02\/274118656_360230882587619_4539871326976481391_n-768x495.jpg 768w, https:\/\/marekkuchcinski.pl\/wp-content\/uploads\/2022\/02\/274118656_360230882587619_4539871326976481391_n-1536x990.jpg 1536w, https:\/\/marekkuchcinski.pl\/wp-content\/uploads\/2022\/02\/274118656_360230882587619_4539871326976481391_n-18x12.jpg 18w, https:\/\/marekkuchcinski.pl\/wp-content\/uploads\/2022\/02\/274118656_360230882587619_4539871326976481391_n.jpg 2048w\" sizes=\"(max-width: 1024px) 100vw, 1024px\" \/><\/a><\/figure>\n\n\n\n<figure class=\"wp-block-image size-large\"><a href=\"https:\/\/marekkuchcinski.pl\/wp-content\/uploads\/2022\/02\/274163296_360077065936334_7456178926393781869_n.jpg\"><img decoding=\"async\" width=\"1024\" height=\"681\" src=\"https:\/\/marekkuchcinski.pl\/wp-content\/uploads\/2022\/02\/274163296_360077065936334_7456178926393781869_n-1024x681.jpg\" alt=\"\" class=\"wp-image-24417\" srcset=\"https:\/\/marekkuchcinski.pl\/wp-content\/uploads\/2022\/02\/274163296_360077065936334_7456178926393781869_n-1024x681.jpg 1024w, https:\/\/marekkuchcinski.pl\/wp-content\/uploads\/2022\/02\/274163296_360077065936334_7456178926393781869_n-300x200.jpg 300w, https:\/\/marekkuchcinski.pl\/wp-content\/uploads\/2022\/02\/274163296_360077065936334_7456178926393781869_n-768x511.jpg 768w, https:\/\/marekkuchcinski.pl\/wp-content\/uploads\/2022\/02\/274163296_360077065936334_7456178926393781869_n-1536x1022.jpg 1536w, https:\/\/marekkuchcinski.pl\/wp-content\/uploads\/2022\/02\/274163296_360077065936334_7456178926393781869_n-18x12.jpg 18w, https:\/\/marekkuchcinski.pl\/wp-content\/uploads\/2022\/02\/274163296_360077065936334_7456178926393781869_n.jpg 2048w\" sizes=\"(max-width: 1024px) 100vw, 1024px\" \/><\/a><\/figure>\n\n\n\n<figure class=\"wp-block-image size-large\"><a href=\"https:\/\/marekkuchcinski.pl\/wp-content\/uploads\/2022\/02\/OGY_220218_4274-scaled.jpg\"><img decoding=\"async\" width=\"1024\" height=\"682\" src=\"https:\/\/marekkuchcinski.pl\/wp-content\/uploads\/2022\/02\/OGY_220218_4274-1024x682.jpg\" alt=\"\" class=\"wp-image-24418\" srcset=\"https:\/\/marekkuchcinski.pl\/wp-content\/uploads\/2022\/02\/OGY_220218_4274-1024x682.jpg 1024w, https:\/\/marekkuchcinski.pl\/wp-content\/uploads\/2022\/02\/OGY_220218_4274-300x200.jpg 300w, https:\/\/marekkuchcinski.pl\/wp-content\/uploads\/2022\/02\/OGY_220218_4274-768x511.jpg 768w, https:\/\/marekkuchcinski.pl\/wp-content\/uploads\/2022\/02\/OGY_220218_4274-1536x1022.jpg 1536w, https:\/\/marekkuchcinski.pl\/wp-content\/uploads\/2022\/02\/OGY_220218_4274-scaled.jpg 2048w, https:\/\/marekkuchcinski.pl\/wp-content\/uploads\/2022\/02\/OGY_220218_4274-18x12.jpg 18w\" sizes=\"(max-width: 1024px) 100vw, 1024px\" \/><\/a><\/figure>\n\n\n\n<figure class=\"wp-block-image size-large\"><a href=\"https:\/\/marekkuchcinski.pl\/wp-content\/uploads\/2022\/02\/OGY_220218_4296-scaled.jpg\"><img loading=\"lazy\" decoding=\"async\" width=\"1024\" height=\"681\" src=\"https:\/\/marekkuchcinski.pl\/wp-content\/uploads\/2022\/02\/OGY_220218_4296-1024x681.jpg\" alt=\"\" class=\"wp-image-24419\" srcset=\"https:\/\/marekkuchcinski.pl\/wp-content\/uploads\/2022\/02\/OGY_220218_4296-1024x681.jpg 1024w, https:\/\/marekkuchcinski.pl\/wp-content\/uploads\/2022\/02\/OGY_220218_4296-300x200.jpg 300w, https:\/\/marekkuchcinski.pl\/wp-content\/uploads\/2022\/02\/OGY_220218_4296-768x511.jpg 768w, https:\/\/marekkuchcinski.pl\/wp-content\/uploads\/2022\/02\/OGY_220218_4296-1536x1022.jpg 1536w, https:\/\/marekkuchcinski.pl\/wp-content\/uploads\/2022\/02\/OGY_220218_4296-scaled.jpg 2048w, https:\/\/marekkuchcinski.pl\/wp-content\/uploads\/2022\/02\/OGY_220218_4296-18x12.jpg 18w\" sizes=\"(max-width: 1024px) 100vw, 1024px\" \/><\/a><\/figure>\n\n\n\n<figure class=\"wp-block-image size-large\"><a href=\"https:\/\/marekkuchcinski.pl\/wp-content\/uploads\/2022\/02\/OGY_220218_4390-scaled.jpg\"><img loading=\"lazy\" decoding=\"async\" width=\"1024\" height=\"682\" src=\"https:\/\/marekkuchcinski.pl\/wp-content\/uploads\/2022\/02\/OGY_220218_4390-1024x682.jpg\" alt=\"\" class=\"wp-image-24420\" srcset=\"https:\/\/marekkuchcinski.pl\/wp-content\/uploads\/2022\/02\/OGY_220218_4390-1024x682.jpg 1024w, https:\/\/marekkuchcinski.pl\/wp-content\/uploads\/2022\/02\/OGY_220218_4390-300x200.jpg 300w, https:\/\/marekkuchcinski.pl\/wp-content\/uploads\/2022\/02\/OGY_220218_4390-768x511.jpg 768w, https:\/\/marekkuchcinski.pl\/wp-content\/uploads\/2022\/02\/OGY_220218_4390-1536x1022.jpg 1536w, https:\/\/marekkuchcinski.pl\/wp-content\/uploads\/2022\/02\/OGY_220218_4390-scaled.jpg 2048w, https:\/\/marekkuchcinski.pl\/wp-content\/uploads\/2022\/02\/OGY_220218_4390-18x12.jpg 18w\" sizes=\"(max-width: 1024px) 100vw, 1024px\" \/><\/a><\/figure>\n\n\n\n<figure class=\"wp-block-image size-large\"><a href=\"https:\/\/marekkuchcinski.pl\/wp-content\/uploads\/2022\/02\/274295775_360230962587611_7856236005760898318_n.jpg\"><img loading=\"lazy\" decoding=\"async\" width=\"1024\" height=\"681\" src=\"https:\/\/marekkuchcinski.pl\/wp-content\/uploads\/2022\/02\/274295775_360230962587611_7856236005760898318_n-1024x681.jpg\" alt=\"\" class=\"wp-image-24421\" srcset=\"https:\/\/marekkuchcinski.pl\/wp-content\/uploads\/2022\/02\/274295775_360230962587611_7856236005760898318_n-1024x681.jpg 1024w, https:\/\/marekkuchcinski.pl\/wp-content\/uploads\/2022\/02\/274295775_360230962587611_7856236005760898318_n-300x200.jpg 300w, https:\/\/marekkuchcinski.pl\/wp-content\/uploads\/2022\/02\/274295775_360230962587611_7856236005760898318_n-768x511.jpg 768w, https:\/\/marekkuchcinski.pl\/wp-content\/uploads\/2022\/02\/274295775_360230962587611_7856236005760898318_n-1536x1022.jpg 1536w, https:\/\/marekkuchcinski.pl\/wp-content\/uploads\/2022\/02\/274295775_360230962587611_7856236005760898318_n-18x12.jpg 18w, https:\/\/marekkuchcinski.pl\/wp-content\/uploads\/2022\/02\/274295775_360230962587611_7856236005760898318_n.jpg 2048w\" sizes=\"(max-width: 1024px) 100vw, 1024px\" \/><\/a><\/figure>","protected":false},"excerpt":{"rendered":"<p>18 lutego w Budapeszcie odby\u0142o si\u0119 spotkanie szef\u00f3w Komisji Spraw Zagranicznych V4 i Francji. Om\u00f3wione zosta\u0142y relacje UE, Bia\u0142orusi, Rosji, Ba\u0142kan\u00f3w Zachodnich i Turcji oraz stosunki transatlantyckie; UE-Afryka, UE-Chiny. Rosj\u0105 z Bia\u0142orusi\u0105 s\u0105 wrogimi UE dyktaturami, z kt\u00f3rych pierwsza jest protektorem i de facto zwierzchnikiem drugiej. Polityk\u0105 Kremla jest destabilizacja i militarna agresja na s\u0105siad\u00f3w [&hellip;]<\/p>\n","protected":false},"author":3,"featured_media":24421,"comment_status":"open","ping_status":"open","sticky":false,"template":"","format":"standard","meta":{"ngg_post_thumbnail":0,"footnotes":""},"categories":[50,3],"tags":[],"class_list":["post-24415","post","type-post","status-publish","format-standard","has-post-thumbnail","hentry","category-wspolpraca-miedzynarodowa","category-wydarzenia"],"yoast_head":"<!-- This site is optimized with the Yoast SEO plugin v28.4 - https:\/\/yoast.com\/product\/yoast-seo-wordpress\/ -->\n<title>Budapeszt: V4 i Francja o sojuszach dla bezpiecze\u0144stwa UE &#8211; Marek Kuchci\u0144ski<\/title>\n<meta name=\"robots\" content=\"index, follow, max-snippet:-1, max-image-preview:large, max-video-preview:-1\" \/>\n<link rel=\"canonical\" href=\"https:\/\/marekkuchcinski.pl\/en\/wydarzenia\/budapeszt-v4-i-francja-o-sojuszach-dla-bezpieczenstwa-ue\/\" \/>\n<meta property=\"og:locale\" content=\"en_GB\" \/>\n<meta property=\"og:type\" content=\"article\" \/>\n<meta property=\"og:title\" content=\"Budapeszt: V4 i Francja o sojuszach dla bezpiecze\u0144stwa UE &#8211; Marek Kuchci\u0144ski\" \/>\n<meta property=\"og:description\" content=\"18 lutego w Budapeszcie odby\u0142o si\u0119 spotkanie szef\u00f3w Komisji Spraw Zagranicznych V4 i Francji. Om\u00f3wione zosta\u0142y relacje UE, Bia\u0142orusi, Rosji, Ba\u0142kan\u00f3w Zachodnich i Turcji oraz stosunki transatlantyckie; UE-Afryka, UE-Chiny. Rosj\u0105 z Bia\u0142orusi\u0105 s\u0105 wrogimi UE dyktaturami, z kt\u00f3rych pierwsza jest protektorem i de facto zwierzchnikiem drugiej. Polityk\u0105 Kremla jest destabilizacja i militarna agresja na s\u0105siad\u00f3w [&hellip;]\" \/>\n<meta property=\"og:url\" content=\"https:\/\/marekkuchcinski.pl\/en\/wydarzenia\/budapeszt-v4-i-francja-o-sojuszach-dla-bezpieczenstwa-ue\/\" \/>\n<meta property=\"og:site_name\" content=\"Marek Kuchci\u0144ski\" \/>\n<meta property=\"article:published_time\" content=\"2022-02-20T13:39:14+00:00\" \/>\n<meta property=\"article:modified_time\" content=\"2022-02-20T13:39:16+00:00\" \/>\n<meta property=\"og:image\" content=\"https:\/\/marekkuchcinski.pl\/wp-content\/uploads\/2022\/02\/274295775_360230962587611_7856236005760898318_n.jpg\" \/>\n\t<meta property=\"og:image:width\" content=\"2048\" \/>\n\t<meta property=\"og:image:height\" content=\"1362\" \/>\n\t<meta property=\"og:image:type\" content=\"image\/jpeg\" \/>\n<meta name=\"author\" content=\"Marta Olejnik\" \/>\n<meta name=\"twitter:card\" content=\"summary_large_image\" \/>\n<meta name=\"twitter:label1\" content=\"Written by\" \/>\n\t<meta name=\"twitter:data1\" content=\"Marta Olejnik\" \/>\n\t<meta name=\"twitter:label2\" content=\"Est. reading time\" \/>\n\t<meta name=\"twitter:data2\" content=\"3 minutes\" \/>\n<script type=\"application\/ld+json\" class=\"yoast-schema-graph\">{\"@context\":\"https:\\\/\\\/schema.org\",\"@graph\":[{\"@type\":\"Article\",\"@id\":\"https:\\\/\\\/marekkuchcinski.pl\\\/wydarzenia\\\/budapeszt-v4-i-francja-o-sojuszach-dla-bezpieczenstwa-ue\\\/#article\",\"isPartOf\":{\"@id\":\"https:\\\/\\\/marekkuchcinski.pl\\\/wydarzenia\\\/budapeszt-v4-i-francja-o-sojuszach-dla-bezpieczenstwa-ue\\\/\"},\"author\":{\"name\":\"Marta Olejnik\",\"@id\":\"https:\\\/\\\/marekkuchcinski.pl\\\/#\\\/schema\\\/person\\\/bd3f15dee67fee76e83c8350d0154101\"},\"headline\":\"Budapeszt: V4 i Francja o sojuszach dla bezpiecze\u0144stwa UE\",\"datePublished\":\"2022-02-20T13:39:14+00:00\",\"dateModified\":\"2022-02-20T13:39:16+00:00\",\"mainEntityOfPage\":{\"@id\":\"https:\\\/\\\/marekkuchcinski.pl\\\/wydarzenia\\\/budapeszt-v4-i-francja-o-sojuszach-dla-bezpieczenstwa-ue\\\/\"},\"wordCount\":396,\"commentCount\":0,\"publisher\":{\"@id\":\"https:\\\/\\\/marekkuchcinski.pl\\\/#organization\"},\"image\":{\"@id\":\"https:\\\/\\\/marekkuchcinski.pl\\\/wydarzenia\\\/budapeszt-v4-i-francja-o-sojuszach-dla-bezpieczenstwa-ue\\\/#primaryimage\"},\"thumbnailUrl\":\"https:\\\/\\\/marekkuchcinski.pl\\\/wp-content\\\/uploads\\\/2022\\\/02\\\/274295775_360230962587611_7856236005760898318_n.jpg\",\"articleSection\":[\"Wsp\u00f3\u0142praca mi\u0119dzynarodowa\",\"Wydarzenia\"],\"inLanguage\":\"en-GB\",\"potentialAction\":[{\"@type\":\"CommentAction\",\"name\":\"Comment\",\"target\":[\"https:\\\/\\\/marekkuchcinski.pl\\\/wydarzenia\\\/budapeszt-v4-i-francja-o-sojuszach-dla-bezpieczenstwa-ue\\\/#respond\"]}]},{\"@type\":\"WebPage\",\"@id\":\"https:\\\/\\\/marekkuchcinski.pl\\\/wydarzenia\\\/budapeszt-v4-i-francja-o-sojuszach-dla-bezpieczenstwa-ue\\\/\",\"url\":\"https:\\\/\\\/marekkuchcinski.pl\\\/wydarzenia\\\/budapeszt-v4-i-francja-o-sojuszach-dla-bezpieczenstwa-ue\\\/\",\"name\":\"Budapeszt: V4 i Francja o sojuszach dla bezpiecze\u0144stwa UE &#8211; Marek Kuchci\u0144ski\",\"isPartOf\":{\"@id\":\"https:\\\/\\\/marekkuchcinski.pl\\\/#website\"},\"primaryImageOfPage\":{\"@id\":\"https:\\\/\\\/marekkuchcinski.pl\\\/wydarzenia\\\/budapeszt-v4-i-francja-o-sojuszach-dla-bezpieczenstwa-ue\\\/#primaryimage\"},\"image\":{\"@id\":\"https:\\\/\\\/marekkuchcinski.pl\\\/wydarzenia\\\/budapeszt-v4-i-francja-o-sojuszach-dla-bezpieczenstwa-ue\\\/#primaryimage\"},\"thumbnailUrl\":\"https:\\\/\\\/marekkuchcinski.pl\\\/wp-content\\\/uploads\\\/2022\\\/02\\\/274295775_360230962587611_7856236005760898318_n.jpg\",\"datePublished\":\"2022-02-20T13:39:14+00:00\",\"dateModified\":\"2022-02-20T13:39:16+00:00\",\"breadcrumb\":{\"@id\":\"https:\\\/\\\/marekkuchcinski.pl\\\/wydarzenia\\\/budapeszt-v4-i-francja-o-sojuszach-dla-bezpieczenstwa-ue\\\/#breadcrumb\"},\"inLanguage\":\"en-GB\",\"potentialAction\":[{\"@type\":\"ReadAction\",\"target\":[\"https:\\\/\\\/marekkuchcinski.pl\\\/wydarzenia\\\/budapeszt-v4-i-francja-o-sojuszach-dla-bezpieczenstwa-ue\\\/\"]}]},{\"@type\":\"ImageObject\",\"inLanguage\":\"en-GB\",\"@id\":\"https:\\\/\\\/marekkuchcinski.pl\\\/wydarzenia\\\/budapeszt-v4-i-francja-o-sojuszach-dla-bezpieczenstwa-ue\\\/#primaryimage\",\"url\":\"https:\\\/\\\/marekkuchcinski.pl\\\/wp-content\\\/uploads\\\/2022\\\/02\\\/274295775_360230962587611_7856236005760898318_n.jpg\",\"contentUrl\":\"https:\\\/\\\/marekkuchcinski.pl\\\/wp-content\\\/uploads\\\/2022\\\/02\\\/274295775_360230962587611_7856236005760898318_n.jpg\",\"width\":2048,\"height\":1362},{\"@type\":\"BreadcrumbList\",\"@id\":\"https:\\\/\\\/marekkuchcinski.pl\\\/wydarzenia\\\/budapeszt-v4-i-francja-o-sojuszach-dla-bezpieczenstwa-ue\\\/#breadcrumb\",\"itemListElement\":[{\"@type\":\"ListItem\",\"position\":1,\"name\":\"Strona g\u0142\u00f3wna\",\"item\":\"https:\\\/\\\/marekkuchcinski.pl\\\/\"},{\"@type\":\"ListItem\",\"position\":2,\"name\":\"Budapeszt: V4 i Francja o sojuszach dla bezpiecze\u0144stwa UE\"}]},{\"@type\":\"WebSite\",\"@id\":\"https:\\\/\\\/marekkuchcinski.pl\\\/#website\",\"url\":\"https:\\\/\\\/marekkuchcinski.pl\\\/\",\"name\":\"Marek Kuchci\u0144ski\",\"description\":\"Marek Kuchci\u0144ski \",\"publisher\":{\"@id\":\"https:\\\/\\\/marekkuchcinski.pl\\\/#organization\"},\"potentialAction\":[{\"@type\":\"SearchAction\",\"target\":{\"@type\":\"EntryPoint\",\"urlTemplate\":\"https:\\\/\\\/marekkuchcinski.pl\\\/?s={search_term_string}\"},\"query-input\":{\"@type\":\"PropertyValueSpecification\",\"valueRequired\":true,\"valueName\":\"search_term_string\"}}],\"inLanguage\":\"en-GB\"},{\"@type\":\"Organization\",\"@id\":\"https:\\\/\\\/marekkuchcinski.pl\\\/#organization\",\"name\":\"Marek Kuchci\u0144ski\",\"url\":\"https:\\\/\\\/marekkuchcinski.pl\\\/\",\"logo\":{\"@type\":\"ImageObject\",\"inLanguage\":\"en-GB\",\"@id\":\"https:\\\/\\\/marekkuchcinski.pl\\\/#\\\/schema\\\/logo\\\/image\\\/\",\"url\":\"https:\\\/\\\/marekkuchcinski.pl\\\/wp-content\\\/uploads\\\/2022\\\/09\\\/Marek.jpg\",\"contentUrl\":\"https:\\\/\\\/marekkuchcinski.pl\\\/wp-content\\\/uploads\\\/2022\\\/09\\\/Marek.jpg\",\"width\":1600,\"height\":971,\"caption\":\"Marek Kuchci\u0144ski\"},\"image\":{\"@id\":\"https:\\\/\\\/marekkuchcinski.pl\\\/#\\\/schema\\\/logo\\\/image\\\/\"}},{\"@type\":\"Person\",\"@id\":\"https:\\\/\\\/marekkuchcinski.pl\\\/#\\\/schema\\\/person\\\/bd3f15dee67fee76e83c8350d0154101\",\"name\":\"Marta Olejnik\",\"image\":{\"@type\":\"ImageObject\",\"inLanguage\":\"en-GB\",\"@id\":\"https:\\\/\\\/secure.gravatar.com\\\/avatar\\\/24754edd6080383402e292374b406b553027d572e97d60e7aa89a6940e88659a?s=96&d=mm&r=g\",\"url\":\"https:\\\/\\\/secure.gravatar.com\\\/avatar\\\/24754edd6080383402e292374b406b553027d572e97d60e7aa89a6940e88659a?s=96&d=mm&r=g\",\"contentUrl\":\"https:\\\/\\\/secure.gravatar.com\\\/avatar\\\/24754edd6080383402e292374b406b553027d572e97d60e7aa89a6940e88659a?s=96&d=mm&r=g\",\"caption\":\"Marta Olejnik\"},\"url\":\"https:\\\/\\\/marekkuchcinski.pl\\\/en\\\/author\\\/marta\\\/\"}]}<\/script>\n<!-- \/ Yoast SEO plugin. -->","yoast_head_json":{"title":"Budapeszt: V4 i Francja o sojuszach dla bezpiecze\u0144stwa UE &#8211; Marek Kuchci\u0144ski","robots":{"index":"index","follow":"follow","max-snippet":"max-snippet:-1","max-image-preview":"max-image-preview:large","max-video-preview":"max-video-preview:-1"},"canonical":"https:\/\/marekkuchcinski.pl\/en\/wydarzenia\/budapeszt-v4-i-francja-o-sojuszach-dla-bezpieczenstwa-ue\/","og_locale":"en_GB","og_type":"article","og_title":"Budapeszt: V4 i Francja o sojuszach dla bezpiecze\u0144stwa UE &#8211; Marek Kuchci\u0144ski","og_description":"18 lutego w Budapeszcie odby\u0142o si\u0119 spotkanie szef\u00f3w Komisji Spraw Zagranicznych V4 i Francji. Om\u00f3wione zosta\u0142y relacje UE, Bia\u0142orusi, Rosji, Ba\u0142kan\u00f3w Zachodnich i Turcji oraz stosunki transatlantyckie; UE-Afryka, UE-Chiny. Rosj\u0105 z Bia\u0142orusi\u0105 s\u0105 wrogimi UE dyktaturami, z kt\u00f3rych pierwsza jest protektorem i de facto zwierzchnikiem drugiej. Polityk\u0105 Kremla jest destabilizacja i militarna agresja na s\u0105siad\u00f3w [&hellip;]","og_url":"https:\/\/marekkuchcinski.pl\/en\/wydarzenia\/budapeszt-v4-i-francja-o-sojuszach-dla-bezpieczenstwa-ue\/","og_site_name":"Marek Kuchci\u0144ski","article_published_time":"2022-02-20T13:39:14+00:00","article_modified_time":"2022-02-20T13:39:16+00:00","og_image":[{"width":2048,"height":1362,"url":"https:\/\/marekkuchcinski.pl\/wp-content\/uploads\/2022\/02\/274295775_360230962587611_7856236005760898318_n.jpg","type":"image\/jpeg"}],"author":"Marta Olejnik","twitter_card":"summary_large_image","twitter_misc":{"Written by":"Marta Olejnik","Est. reading time":"3 minutes"},"schema":{"@context":"https:\/\/schema.org","@graph":[{"@type":"Article","@id":"https:\/\/marekkuchcinski.pl\/wydarzenia\/budapeszt-v4-i-francja-o-sojuszach-dla-bezpieczenstwa-ue\/#article","isPartOf":{"@id":"https:\/\/marekkuchcinski.pl\/wydarzenia\/budapeszt-v4-i-francja-o-sojuszach-dla-bezpieczenstwa-ue\/"},"author":{"name":"Marta Olejnik","@id":"https:\/\/marekkuchcinski.pl\/#\/schema\/person\/bd3f15dee67fee76e83c8350d0154101"},"headline":"Budapeszt: V4 i Francja o sojuszach dla bezpiecze\u0144stwa UE","datePublished":"2022-02-20T13:39:14+00:00","dateModified":"2022-02-20T13:39:16+00:00","mainEntityOfPage":{"@id":"https:\/\/marekkuchcinski.pl\/wydarzenia\/budapeszt-v4-i-francja-o-sojuszach-dla-bezpieczenstwa-ue\/"},"wordCount":396,"commentCount":0,"publisher":{"@id":"https:\/\/marekkuchcinski.pl\/#organization"},"image":{"@id":"https:\/\/marekkuchcinski.pl\/wydarzenia\/budapeszt-v4-i-francja-o-sojuszach-dla-bezpieczenstwa-ue\/#primaryimage"},"thumbnailUrl":"https:\/\/marekkuchcinski.pl\/wp-content\/uploads\/2022\/02\/274295775_360230962587611_7856236005760898318_n.jpg","articleSection":["Wsp\u00f3\u0142praca mi\u0119dzynarodowa","Wydarzenia"],"inLanguage":"en-GB","potentialAction":[{"@type":"CommentAction","name":"Comment","target":["https:\/\/marekkuchcinski.pl\/wydarzenia\/budapeszt-v4-i-francja-o-sojuszach-dla-bezpieczenstwa-ue\/#respond"]}]},{"@type":"WebPage","@id":"https:\/\/marekkuchcinski.pl\/wydarzenia\/budapeszt-v4-i-francja-o-sojuszach-dla-bezpieczenstwa-ue\/","url":"https:\/\/marekkuchcinski.pl\/wydarzenia\/budapeszt-v4-i-francja-o-sojuszach-dla-bezpieczenstwa-ue\/","name":"Budapeszt: V4 i Francja o sojuszach dla bezpiecze\u0144stwa UE &#8211; Marek Kuchci\u0144ski","isPartOf":{"@id":"https:\/\/marekkuchcinski.pl\/#website"},"primaryImageOfPage":{"@id":"https:\/\/marekkuchcinski.pl\/wydarzenia\/budapeszt-v4-i-francja-o-sojuszach-dla-bezpieczenstwa-ue\/#primaryimage"},"image":{"@id":"https:\/\/marekkuchcinski.pl\/wydarzenia\/budapeszt-v4-i-francja-o-sojuszach-dla-bezpieczenstwa-ue\/#primaryimage"},"thumbnailUrl":"https:\/\/marekkuchcinski.pl\/wp-content\/uploads\/2022\/02\/274295775_360230962587611_7856236005760898318_n.jpg","datePublished":"2022-02-20T13:39:14+00:00","dateModified":"2022-02-20T13:39:16+00:00","breadcrumb":{"@id":"https:\/\/marekkuchcinski.pl\/wydarzenia\/budapeszt-v4-i-francja-o-sojuszach-dla-bezpieczenstwa-ue\/#breadcrumb"},"inLanguage":"en-GB","potentialAction":[{"@type":"ReadAction","target":["https:\/\/marekkuchcinski.pl\/wydarzenia\/budapeszt-v4-i-francja-o-sojuszach-dla-bezpieczenstwa-ue\/"]}]},{"@type":"ImageObject","inLanguage":"en-GB","@id":"https:\/\/marekkuchcinski.pl\/wydarzenia\/budapeszt-v4-i-francja-o-sojuszach-dla-bezpieczenstwa-ue\/#primaryimage","url":"https:\/\/marekkuchcinski.pl\/wp-content\/uploads\/2022\/02\/274295775_360230962587611_7856236005760898318_n.jpg","contentUrl":"https:\/\/marekkuchcinski.pl\/wp-content\/uploads\/2022\/02\/274295775_360230962587611_7856236005760898318_n.jpg","width":2048,"height":1362},{"@type":"BreadcrumbList","@id":"https:\/\/marekkuchcinski.pl\/wydarzenia\/budapeszt-v4-i-francja-o-sojuszach-dla-bezpieczenstwa-ue\/#breadcrumb","itemListElement":[{"@type":"ListItem","position":1,"name":"Strona g\u0142\u00f3wna","item":"https:\/\/marekkuchcinski.pl\/"},{"@type":"ListItem","position":2,"name":"Budapeszt: V4 i Francja o sojuszach dla bezpiecze\u0144stwa UE"}]},{"@type":"WebSite","@id":"https:\/\/marekkuchcinski.pl\/#website","url":"https:\/\/marekkuchcinski.pl\/","name":"Marek Kuchci\u0144ski","description":"Marek Kuchci\u0144ski","publisher":{"@id":"https:\/\/marekkuchcinski.pl\/#organization"},"potentialAction":[{"@type":"SearchAction","target":{"@type":"EntryPoint","urlTemplate":"https:\/\/marekkuchcinski.pl\/?s={search_term_string}"},"query-input":{"@type":"PropertyValueSpecification","valueRequired":true,"valueName":"search_term_string"}}],"inLanguage":"en-GB"},{"@type":"Organization","@id":"https:\/\/marekkuchcinski.pl\/#organization","name":"Marek Kuchci\u0144ski","url":"https:\/\/marekkuchcinski.pl\/","logo":{"@type":"ImageObject","inLanguage":"en-GB","@id":"https:\/\/marekkuchcinski.pl\/#\/schema\/logo\/image\/","url":"https:\/\/marekkuchcinski.pl\/wp-content\/uploads\/2022\/09\/Marek.jpg","contentUrl":"https:\/\/marekkuchcinski.pl\/wp-content\/uploads\/2022\/09\/Marek.jpg","width":1600,"height":971,"caption":"Marek Kuchci\u0144ski"},"image":{"@id":"https:\/\/marekkuchcinski.pl\/#\/schema\/logo\/image\/"}},{"@type":"Person","@id":"https:\/\/marekkuchcinski.pl\/#\/schema\/person\/bd3f15dee67fee76e83c8350d0154101","name":"Marta Olejnik","image":{"@type":"ImageObject","inLanguage":"en-GB","@id":"https:\/\/secure.gravatar.com\/avatar\/24754edd6080383402e292374b406b553027d572e97d60e7aa89a6940e88659a?s=96&d=mm&r=g","url":"https:\/\/secure.gravatar.com\/avatar\/24754edd6080383402e292374b406b553027d572e97d60e7aa89a6940e88659a?s=96&d=mm&r=g","contentUrl":"https:\/\/secure.gravatar.com\/avatar\/24754edd6080383402e292374b406b553027d572e97d60e7aa89a6940e88659a?s=96&d=mm&r=g","caption":"Marta Olejnik"},"url":"https:\/\/marekkuchcinski.pl\/en\/author\/marta\/"}]}},"_links":{"self":[{"href":"https:\/\/marekkuchcinski.pl\/en\/wp-json\/wp\/v2\/posts\/24415","targetHints":{"allow":["GET"]}}],"collection":[{"href":"https:\/\/marekkuchcinski.pl\/en\/wp-json\/wp\/v2\/posts"}],"about":[{"href":"https:\/\/marekkuchcinski.pl\/en\/wp-json\/wp\/v2\/types\/post"}],"author":[{"embeddable":true,"href":"https:\/\/marekkuchcinski.pl\/en\/wp-json\/wp\/v2\/users\/3"}],"replies":[{"embeddable":true,"href":"https:\/\/marekkuchcinski.pl\/en\/wp-json\/wp\/v2\/comments?post=24415"}],"version-history":[{"count":1,"href":"https:\/\/marekkuchcinski.pl\/en\/wp-json\/wp\/v2\/posts\/24415\/revisions"}],"predecessor-version":[{"id":24422,"href":"https:\/\/marekkuchcinski.pl\/en\/wp-json\/wp\/v2\/posts\/24415\/revisions\/24422"}],"wp:featuredmedia":[{"embeddable":true,"href":"https:\/\/marekkuchcinski.pl\/en\/wp-json\/wp\/v2\/media\/24421"}],"wp:attachment":[{"href":"https:\/\/marekkuchcinski.pl\/en\/wp-json\/wp\/v2\/media?parent=24415"}],"wp:term":[{"taxonomy":"category","embeddable":true,"href":"https:\/\/marekkuchcinski.pl\/en\/wp-json\/wp\/v2\/categories?post=24415"},{"taxonomy":"post_tag","embeddable":true,"href":"https:\/\/marekkuchcinski.pl\/en\/wp-json\/wp\/v2\/tags?post=24415"}],"curies":[{"name":"wp","href":"https:\/\/api.w.org\/{rel}","templated":true}]}}