{"id":24404,"date":"2022-02-18T21:53:19","date_gmt":"2022-02-18T20:53:19","guid":{"rendered":"https:\/\/marekkuchcinski.pl\/?p=24404"},"modified":"2022-02-18T22:07:28","modified_gmt":"2022-02-18T21:07:28","slug":"oswiadczenie-przewodniczacych-komisji-spraw-zagranicznych-w-sprawie-nieuzasadnionego-gromadzenia-sil-wojskowych-wokol-ukrainy-i-na-bialorusi","status":"publish","type":"post","link":"https:\/\/marekkuchcinski.pl\/en\/wydarzenia\/oswiadczenie-przewodniczacych-komisji-spraw-zagranicznych-w-sprawie-nieuzasadnionego-gromadzenia-sil-wojskowych-wokol-ukrainy-i-na-bialorusi\/","title":{"rendered":"Foreign Affairs Committee chairmen call on Russia to withdraw its troops from over the Ukrainian border and Belarusian territory"},"content":{"rendered":"<p>We, the chairmen of the committees of our parliaments, in connection with the ongoing build-up of military forces near the Russian-Ukrainian border and in occupied Crimea, as well as in connection with joint military exercises of Russia and Belarus:<\/p>\n\n\n\n<p>We call on Russia to deescalate the situation, withdraw its troops from over the Ukrainian border and the territory of Belarus;<\/p>\n\n\n\n<p>We reiterate that any further aggression against Ukraine will have enormous consequences and will incur serious costs, including restrictive measures coordinated with partners. We urge Russia not to recognize the government-controlled regions of Donetsk and Luhansk as independent entities, as this would be a clear violation of Ukraine's territorial integrity and sovereignty;<\/p>\n\n\n\n<p>We call on Belarus to ensure complete transparency during the Russia-Belarus joint military exercises \"Allied Determination 2022\", in the context of the strength and composition of military troops, weapons and military equipment, as well as the plan for the return of these forces to their places of stationing.<\/p>\n\n\n\n<p>We call on Russia and Belarus to ensure that their political and military commitments comply with the principles of the Organization for Security and Cooperation in Europe (OSCE).<\/p>\n\n\n\n<p><\/p>\n\n\n\n<figure class=\"wp-block-image size-full\"><a href=\"https:\/\/marekkuchcinski.pl\/wp-content\/uploads\/2022\/02\/SUB-MILITARY-jumbo.jpg\"><img fetchpriority=\"high\" decoding=\"async\" width=\"1024\" height=\"695\" src=\"https:\/\/marekkuchcinski.pl\/wp-content\/uploads\/2022\/02\/SUB-MILITARY-jumbo.jpg\" alt=\"\" class=\"wp-image-24412\" srcset=\"https:\/\/marekkuchcinski.pl\/wp-content\/uploads\/2022\/02\/SUB-MILITARY-jumbo.jpg 1024w, https:\/\/marekkuchcinski.pl\/wp-content\/uploads\/2022\/02\/SUB-MILITARY-jumbo-300x204.jpg 300w, https:\/\/marekkuchcinski.pl\/wp-content\/uploads\/2022\/02\/SUB-MILITARY-jumbo-768x521.jpg 768w, https:\/\/marekkuchcinski.pl\/wp-content\/uploads\/2022\/02\/SUB-MILITARY-jumbo-18x12.jpg 18w\" sizes=\"(max-width: 1024px) 100vw, 1024px\" \/><\/a><figcaption>Armed men outside an administrative building in Slovyansk, Ukraine. U.S. officials say Russian troops or pro-Russian separatists are controlling it under Moscow's influence. <strong>Photo by Genya Savilov\/Agence France-Presse - Getty Images<\/strong><\/figcaption><\/figure>\n\n\n\n<figure class=\"wp-block-image size-large\"><a href=\"https:\/\/marekkuchcinski.pl\/wp-content\/uploads\/2022\/02\/1-1.jpg\"><img decoding=\"async\" width=\"724\" height=\"1024\" src=\"https:\/\/marekkuchcinski.pl\/wp-content\/uploads\/2022\/02\/1-1-724x1024.jpg\" alt=\"\" class=\"wp-image-24405\" srcset=\"https:\/\/marekkuchcinski.pl\/wp-content\/uploads\/2022\/02\/1-1-724x1024.jpg 724w, https:\/\/marekkuchcinski.pl\/wp-content\/uploads\/2022\/02\/1-1-212x300.jpg 212w, https:\/\/marekkuchcinski.pl\/wp-content\/uploads\/2022\/02\/1-1-768x1087.jpg 768w, https:\/\/marekkuchcinski.pl\/wp-content\/uploads\/2022\/02\/1-1-8x12.jpg 8w, https:\/\/marekkuchcinski.pl\/wp-content\/uploads\/2022\/02\/1-1.jpg 827w\" sizes=\"(max-width: 724px) 100vw, 724px\" \/><\/a><\/figure>\n\n\n\n<figure class=\"wp-block-image size-large\"><a href=\"https:\/\/marekkuchcinski.pl\/wp-content\/uploads\/2022\/02\/2-1.jpg\"><img decoding=\"async\" width=\"724\" height=\"1024\" src=\"https:\/\/marekkuchcinski.pl\/wp-content\/uploads\/2022\/02\/2-1-724x1024.jpg\" alt=\"\" class=\"wp-image-24406\" srcset=\"https:\/\/marekkuchcinski.pl\/wp-content\/uploads\/2022\/02\/2-1-724x1024.jpg 724w, https:\/\/marekkuchcinski.pl\/wp-content\/uploads\/2022\/02\/2-1-212x300.jpg 212w, https:\/\/marekkuchcinski.pl\/wp-content\/uploads\/2022\/02\/2-1-768x1087.jpg 768w, https:\/\/marekkuchcinski.pl\/wp-content\/uploads\/2022\/02\/2-1-8x12.jpg 8w, https:\/\/marekkuchcinski.pl\/wp-content\/uploads\/2022\/02\/2-1.jpg 827w\" sizes=\"(max-width: 724px) 100vw, 724px\" \/><\/a><\/figure>","protected":false},"excerpt":{"rendered":"<p>My, przewodnicz\u0105cy Komisji naszych parlament\u00f3w, w zwi\u0105zku z trwaj\u0105c\u0105 rozbudow\u0105 si\u0142 wojskowych blisko rosyjsko-ukrai\u0144skiej granicy oraz na okupowanym Krymie, a tak\u017ce w zwi\u0105zku ze wsp\u00f3lnymi \u0107wiczeniami wojskowymi Rosji i Bia\u0142orusi: Wzywamy Rosj\u0119 do deeskalacji sytuacji, wycofania swoich oddzia\u0142\u00f3w znad granicy ukrai\u0144skiej i terytorium Bia\u0142orusi; Przypominamy, \u017ce jakakolwiek dalsza agresja przeciwko Ukrainie b\u0119dzie mia\u0142a olbrzymie konsekwencje [&hellip;]<\/p>","protected":false},"author":21,"featured_media":24412,"comment_status":"open","ping_status":"open","sticky":false,"template":"","format":"standard","meta":{"ngg_post_thumbnail":0,"footnotes":""},"categories":[50,3],"tags":[],"class_list":["post-24404","post","type-post","status-publish","format-standard","has-post-thumbnail","hentry","category-wspolpraca-miedzynarodowa","category-wydarzenia"],"yoast_head":"<!-- This site is optimized with the Yoast SEO plugin v24.7 - https:\/\/yoast.com\/wordpress\/plugins\/seo\/ -->\n<title>Przewodnicz\u0105cych Komisji Spraw Zagranicznych wzywaj\u0105 Rosj\u0119 do wycofania swoich oddzia\u0142\u00f3w znad granicy ukrai\u0144skiej i terytorium Bia\u0142orusi &#8211; Marek Kuchci\u0144ski<\/title>\n<meta name=\"robots\" content=\"index, follow, max-snippet:-1, max-image-preview:large, max-video-preview:-1\" \/>\n<link rel=\"canonical\" href=\"https:\/\/marekkuchcinski.pl\/en\/wydarzenia\/oswiadczenie-przewodniczacych-komisji-spraw-zagranicznych-w-sprawie-nieuzasadnionego-gromadzenia-sil-wojskowych-wokol-ukrainy-i-na-bialorusi\/\" \/>\n<meta property=\"og:locale\" content=\"en_GB\" \/>\n<meta property=\"og:type\" content=\"article\" \/>\n<meta property=\"og:title\" content=\"Przewodnicz\u0105cych Komisji Spraw Zagranicznych wzywaj\u0105 Rosj\u0119 do wycofania swoich oddzia\u0142\u00f3w znad granicy ukrai\u0144skiej i terytorium Bia\u0142orusi &#8211; Marek Kuchci\u0144ski\" \/>\n<meta property=\"og:description\" content=\"My, przewodnicz\u0105cy Komisji naszych parlament\u00f3w, w zwi\u0105zku z trwaj\u0105c\u0105 rozbudow\u0105 si\u0142 wojskowych blisko rosyjsko-ukrai\u0144skiej granicy oraz na okupowanym Krymie, a tak\u017ce w zwi\u0105zku ze wsp\u00f3lnymi \u0107wiczeniami wojskowymi Rosji i Bia\u0142orusi: Wzywamy Rosj\u0119 do deeskalacji sytuacji, wycofania swoich oddzia\u0142\u00f3w znad granicy ukrai\u0144skiej i terytorium Bia\u0142orusi; Przypominamy, \u017ce jakakolwiek dalsza agresja przeciwko Ukrainie b\u0119dzie mia\u0142a olbrzymie konsekwencje [&hellip;]\" \/>\n<meta property=\"og:url\" content=\"https:\/\/marekkuchcinski.pl\/en\/wydarzenia\/oswiadczenie-przewodniczacych-komisji-spraw-zagranicznych-w-sprawie-nieuzasadnionego-gromadzenia-sil-wojskowych-wokol-ukrainy-i-na-bialorusi\/\" \/>\n<meta property=\"og:site_name\" content=\"Marek Kuchci\u0144ski\" \/>\n<meta property=\"article:published_time\" content=\"2022-02-18T20:53:19+00:00\" \/>\n<meta property=\"article:modified_time\" content=\"2022-02-18T21:07:28+00:00\" \/>\n<meta property=\"og:image\" content=\"https:\/\/marekkuchcinski.pl\/wp-content\/uploads\/2022\/02\/SUB-MILITARY-jumbo.jpg\" \/>\n\t<meta property=\"og:image:width\" content=\"1024\" \/>\n\t<meta property=\"og:image:height\" content=\"695\" \/>\n\t<meta property=\"og:image:type\" content=\"image\/jpeg\" \/>\n<meta name=\"author\" content=\"Marta Olejnik\" \/>\n<meta name=\"twitter:card\" content=\"summary_large_image\" \/>\n<meta name=\"twitter:label1\" content=\"Written by\" \/>\n\t<meta name=\"twitter:data1\" content=\"Marta Olejnik\" \/>\n\t<meta name=\"twitter:label2\" content=\"Estimated reading time\" \/>\n\t<meta name=\"twitter:data2\" content=\"2 minutes\" \/>\n<script type=\"application\/ld+json\" class=\"yoast-schema-graph\">{\"@context\":\"https:\/\/schema.org\",\"@graph\":[{\"@type\":\"Article\",\"@id\":\"https:\/\/marekkuchcinski.pl\/wydarzenia\/oswiadczenie-przewodniczacych-komisji-spraw-zagranicznych-w-sprawie-nieuzasadnionego-gromadzenia-sil-wojskowych-wokol-ukrainy-i-na-bialorusi\/#article\",\"isPartOf\":{\"@id\":\"https:\/\/marekkuchcinski.pl\/wydarzenia\/oswiadczenie-przewodniczacych-komisji-spraw-zagranicznych-w-sprawie-nieuzasadnionego-gromadzenia-sil-wojskowych-wokol-ukrainy-i-na-bialorusi\/\"},\"author\":{\"name\":\"Marta Olejnik\",\"@id\":\"https:\/\/marekkuchcinski.pl\/#\/schema\/person\/51d5d4ee3b5317b8e4dd2b48af359229\"},\"headline\":\"Przewodnicz\u0105cych Komisji Spraw Zagranicznych wzywaj\u0105 Rosj\u0119 do wycofania swoich oddzia\u0142\u00f3w znad granicy ukrai\u0144skiej i terytorium Bia\u0142orusi\",\"datePublished\":\"2022-02-18T20:53:19+00:00\",\"dateModified\":\"2022-02-18T21:07:28+00:00\",\"mainEntityOfPage\":{\"@id\":\"https:\/\/marekkuchcinski.pl\/wydarzenia\/oswiadczenie-przewodniczacych-komisji-spraw-zagranicznych-w-sprawie-nieuzasadnionego-gromadzenia-sil-wojskowych-wokol-ukrainy-i-na-bialorusi\/\"},\"wordCount\":254,\"commentCount\":0,\"publisher\":{\"@id\":\"https:\/\/marekkuchcinski.pl\/#organization\"},\"image\":{\"@id\":\"https:\/\/marekkuchcinski.pl\/wydarzenia\/oswiadczenie-przewodniczacych-komisji-spraw-zagranicznych-w-sprawie-nieuzasadnionego-gromadzenia-sil-wojskowych-wokol-ukrainy-i-na-bialorusi\/#primaryimage\"},\"thumbnailUrl\":\"https:\/\/marekkuchcinski.pl\/wp-content\/uploads\/2022\/02\/SUB-MILITARY-jumbo.jpg\",\"articleSection\":[\"Wsp\u00f3\u0142praca mi\u0119dzynarodowa\",\"Wydarzenia\"],\"inLanguage\":\"en-GB\",\"potentialAction\":[{\"@type\":\"CommentAction\",\"name\":\"Comment\",\"target\":[\"https:\/\/marekkuchcinski.pl\/wydarzenia\/oswiadczenie-przewodniczacych-komisji-spraw-zagranicznych-w-sprawie-nieuzasadnionego-gromadzenia-sil-wojskowych-wokol-ukrainy-i-na-bialorusi\/#respond\"]}]},{\"@type\":\"WebPage\",\"@id\":\"https:\/\/marekkuchcinski.pl\/wydarzenia\/oswiadczenie-przewodniczacych-komisji-spraw-zagranicznych-w-sprawie-nieuzasadnionego-gromadzenia-sil-wojskowych-wokol-ukrainy-i-na-bialorusi\/\",\"url\":\"https:\/\/marekkuchcinski.pl\/wydarzenia\/oswiadczenie-przewodniczacych-komisji-spraw-zagranicznych-w-sprawie-nieuzasadnionego-gromadzenia-sil-wojskowych-wokol-ukrainy-i-na-bialorusi\/\",\"name\":\"Przewodnicz\u0105cych Komisji Spraw Zagranicznych wzywaj\u0105 Rosj\u0119 do wycofania swoich oddzia\u0142\u00f3w znad granicy ukrai\u0144skiej i terytorium Bia\u0142orusi &#8211; Marek Kuchci\u0144ski\",\"isPartOf\":{\"@id\":\"https:\/\/marekkuchcinski.pl\/#website\"},\"primaryImageOfPage\":{\"@id\":\"https:\/\/marekkuchcinski.pl\/wydarzenia\/oswiadczenie-przewodniczacych-komisji-spraw-zagranicznych-w-sprawie-nieuzasadnionego-gromadzenia-sil-wojskowych-wokol-ukrainy-i-na-bialorusi\/#primaryimage\"},\"image\":{\"@id\":\"https:\/\/marekkuchcinski.pl\/wydarzenia\/oswiadczenie-przewodniczacych-komisji-spraw-zagranicznych-w-sprawie-nieuzasadnionego-gromadzenia-sil-wojskowych-wokol-ukrainy-i-na-bialorusi\/#primaryimage\"},\"thumbnailUrl\":\"https:\/\/marekkuchcinski.pl\/wp-content\/uploads\/2022\/02\/SUB-MILITARY-jumbo.jpg\",\"datePublished\":\"2022-02-18T20:53:19+00:00\",\"dateModified\":\"2022-02-18T21:07:28+00:00\",\"breadcrumb\":{\"@id\":\"https:\/\/marekkuchcinski.pl\/wydarzenia\/oswiadczenie-przewodniczacych-komisji-spraw-zagranicznych-w-sprawie-nieuzasadnionego-gromadzenia-sil-wojskowych-wokol-ukrainy-i-na-bialorusi\/#breadcrumb\"},\"inLanguage\":\"en-GB\",\"potentialAction\":[{\"@type\":\"ReadAction\",\"target\":[\"https:\/\/marekkuchcinski.pl\/wydarzenia\/oswiadczenie-przewodniczacych-komisji-spraw-zagranicznych-w-sprawie-nieuzasadnionego-gromadzenia-sil-wojskowych-wokol-ukrainy-i-na-bialorusi\/\"]}]},{\"@type\":\"ImageObject\",\"inLanguage\":\"en-GB\",\"@id\":\"https:\/\/marekkuchcinski.pl\/wydarzenia\/oswiadczenie-przewodniczacych-komisji-spraw-zagranicznych-w-sprawie-nieuzasadnionego-gromadzenia-sil-wojskowych-wokol-ukrainy-i-na-bialorusi\/#primaryimage\",\"url\":\"https:\/\/marekkuchcinski.pl\/wp-content\/uploads\/2022\/02\/SUB-MILITARY-jumbo.jpg\",\"contentUrl\":\"https:\/\/marekkuchcinski.pl\/wp-content\/uploads\/2022\/02\/SUB-MILITARY-jumbo.jpg\",\"width\":1024,\"height\":695},{\"@type\":\"BreadcrumbList\",\"@id\":\"https:\/\/marekkuchcinski.pl\/wydarzenia\/oswiadczenie-przewodniczacych-komisji-spraw-zagranicznych-w-sprawie-nieuzasadnionego-gromadzenia-sil-wojskowych-wokol-ukrainy-i-na-bialorusi\/#breadcrumb\",\"itemListElement\":[{\"@type\":\"ListItem\",\"position\":1,\"name\":\"Strona g\u0142\u00f3wna\",\"item\":\"https:\/\/marekkuchcinski.pl\/\"},{\"@type\":\"ListItem\",\"position\":2,\"name\":\"Przewodnicz\u0105cych Komisji Spraw Zagranicznych wzywaj\u0105 Rosj\u0119 do wycofania swoich oddzia\u0142\u00f3w znad granicy ukrai\u0144skiej i terytorium Bia\u0142orusi\"}]},{\"@type\":\"WebSite\",\"@id\":\"https:\/\/marekkuchcinski.pl\/#website\",\"url\":\"https:\/\/marekkuchcinski.pl\/\",\"name\":\"Marek Kuchci\u0144ski\",\"description\":\"Pose\u0142 na sejm RP &ndash; okr\u0119g nr 22\",\"publisher\":{\"@id\":\"https:\/\/marekkuchcinski.pl\/#organization\"},\"potentialAction\":[{\"@type\":\"SearchAction\",\"target\":{\"@type\":\"EntryPoint\",\"urlTemplate\":\"https:\/\/marekkuchcinski.pl\/?s={search_term_string}\"},\"query-input\":{\"@type\":\"PropertyValueSpecification\",\"valueRequired\":true,\"valueName\":\"search_term_string\"}}],\"inLanguage\":\"en-GB\"},{\"@type\":\"Organization\",\"@id\":\"https:\/\/marekkuchcinski.pl\/#organization\",\"name\":\"Marek Kuchci\u0144ski\",\"url\":\"https:\/\/marekkuchcinski.pl\/\",\"logo\":{\"@type\":\"ImageObject\",\"inLanguage\":\"en-GB\",\"@id\":\"https:\/\/marekkuchcinski.pl\/#\/schema\/logo\/image\/\",\"url\":\"https:\/\/marekkuchcinski.pl\/wp-content\/uploads\/2022\/09\/Marek.jpg\",\"contentUrl\":\"https:\/\/marekkuchcinski.pl\/wp-content\/uploads\/2022\/09\/Marek.jpg\",\"width\":1600,\"height\":971,\"caption\":\"Marek Kuchci\u0144ski\"},\"image\":{\"@id\":\"https:\/\/marekkuchcinski.pl\/#\/schema\/logo\/image\/\"}},{\"@type\":\"Person\",\"@id\":\"https:\/\/marekkuchcinski.pl\/#\/schema\/person\/51d5d4ee3b5317b8e4dd2b48af359229\",\"name\":\"Marta Olejnik\",\"image\":{\"@type\":\"ImageObject\",\"inLanguage\":\"en-GB\",\"@id\":\"https:\/\/marekkuchcinski.pl\/#\/schema\/person\/image\/\",\"url\":\"https:\/\/secure.gravatar.com\/avatar\/e39914b2aa6a48959e24d475b5dc9793?s=96&d=mm&r=g\",\"contentUrl\":\"https:\/\/secure.gravatar.com\/avatar\/e39914b2aa6a48959e24d475b5dc9793?s=96&d=mm&r=g\",\"caption\":\"Marta Olejnik\"},\"url\":\"https:\/\/marekkuchcinski.pl\/en\/author\/marta\/\"}]}<\/script>\n<!-- \/ Yoast SEO plugin. -->","yoast_head_json":{"title":"Przewodnicz\u0105cych Komisji Spraw Zagranicznych wzywaj\u0105 Rosj\u0119 do wycofania swoich oddzia\u0142\u00f3w znad granicy ukrai\u0144skiej i terytorium Bia\u0142orusi &#8211; Marek Kuchci\u0144ski","robots":{"index":"index","follow":"follow","max-snippet":"max-snippet:-1","max-image-preview":"max-image-preview:large","max-video-preview":"max-video-preview:-1"},"canonical":"https:\/\/marekkuchcinski.pl\/en\/wydarzenia\/oswiadczenie-przewodniczacych-komisji-spraw-zagranicznych-w-sprawie-nieuzasadnionego-gromadzenia-sil-wojskowych-wokol-ukrainy-i-na-bialorusi\/","og_locale":"en_GB","og_type":"article","og_title":"Przewodnicz\u0105cych Komisji Spraw Zagranicznych wzywaj\u0105 Rosj\u0119 do wycofania swoich oddzia\u0142\u00f3w znad granicy ukrai\u0144skiej i terytorium Bia\u0142orusi &#8211; Marek Kuchci\u0144ski","og_description":"My, przewodnicz\u0105cy Komisji naszych parlament\u00f3w, w zwi\u0105zku z trwaj\u0105c\u0105 rozbudow\u0105 si\u0142 wojskowych blisko rosyjsko-ukrai\u0144skiej granicy oraz na okupowanym Krymie, a tak\u017ce w zwi\u0105zku ze wsp\u00f3lnymi \u0107wiczeniami wojskowymi Rosji i Bia\u0142orusi: Wzywamy Rosj\u0119 do deeskalacji sytuacji, wycofania swoich oddzia\u0142\u00f3w znad granicy ukrai\u0144skiej i terytorium Bia\u0142orusi; Przypominamy, \u017ce jakakolwiek dalsza agresja przeciwko Ukrainie b\u0119dzie mia\u0142a olbrzymie konsekwencje [&hellip;]","og_url":"https:\/\/marekkuchcinski.pl\/en\/wydarzenia\/oswiadczenie-przewodniczacych-komisji-spraw-zagranicznych-w-sprawie-nieuzasadnionego-gromadzenia-sil-wojskowych-wokol-ukrainy-i-na-bialorusi\/","og_site_name":"Marek Kuchci\u0144ski","article_published_time":"2022-02-18T20:53:19+00:00","article_modified_time":"2022-02-18T21:07:28+00:00","og_image":[{"width":1024,"height":695,"url":"https:\/\/marekkuchcinski.pl\/wp-content\/uploads\/2022\/02\/SUB-MILITARY-jumbo.jpg","type":"image\/jpeg"}],"author":"Marta Olejnik","twitter_card":"summary_large_image","twitter_misc":{"Written by":"Marta Olejnik","Estimated reading time":"2 minutes"},"schema":{"@context":"https:\/\/schema.org","@graph":[{"@type":"Article","@id":"https:\/\/marekkuchcinski.pl\/wydarzenia\/oswiadczenie-przewodniczacych-komisji-spraw-zagranicznych-w-sprawie-nieuzasadnionego-gromadzenia-sil-wojskowych-wokol-ukrainy-i-na-bialorusi\/#article","isPartOf":{"@id":"https:\/\/marekkuchcinski.pl\/wydarzenia\/oswiadczenie-przewodniczacych-komisji-spraw-zagranicznych-w-sprawie-nieuzasadnionego-gromadzenia-sil-wojskowych-wokol-ukrainy-i-na-bialorusi\/"},"author":{"name":"Marta Olejnik","@id":"https:\/\/marekkuchcinski.pl\/#\/schema\/person\/51d5d4ee3b5317b8e4dd2b48af359229"},"headline":"Przewodnicz\u0105cych Komisji Spraw Zagranicznych wzywaj\u0105 Rosj\u0119 do wycofania swoich oddzia\u0142\u00f3w znad granicy ukrai\u0144skiej i terytorium Bia\u0142orusi","datePublished":"2022-02-18T20:53:19+00:00","dateModified":"2022-02-18T21:07:28+00:00","mainEntityOfPage":{"@id":"https:\/\/marekkuchcinski.pl\/wydarzenia\/oswiadczenie-przewodniczacych-komisji-spraw-zagranicznych-w-sprawie-nieuzasadnionego-gromadzenia-sil-wojskowych-wokol-ukrainy-i-na-bialorusi\/"},"wordCount":254,"commentCount":0,"publisher":{"@id":"https:\/\/marekkuchcinski.pl\/#organization"},"image":{"@id":"https:\/\/marekkuchcinski.pl\/wydarzenia\/oswiadczenie-przewodniczacych-komisji-spraw-zagranicznych-w-sprawie-nieuzasadnionego-gromadzenia-sil-wojskowych-wokol-ukrainy-i-na-bialorusi\/#primaryimage"},"thumbnailUrl":"https:\/\/marekkuchcinski.pl\/wp-content\/uploads\/2022\/02\/SUB-MILITARY-jumbo.jpg","articleSection":["Wsp\u00f3\u0142praca mi\u0119dzynarodowa","Wydarzenia"],"inLanguage":"en-GB","potentialAction":[{"@type":"CommentAction","name":"Comment","target":["https:\/\/marekkuchcinski.pl\/wydarzenia\/oswiadczenie-przewodniczacych-komisji-spraw-zagranicznych-w-sprawie-nieuzasadnionego-gromadzenia-sil-wojskowych-wokol-ukrainy-i-na-bialorusi\/#respond"]}]},{"@type":"WebPage","@id":"https:\/\/marekkuchcinski.pl\/wydarzenia\/oswiadczenie-przewodniczacych-komisji-spraw-zagranicznych-w-sprawie-nieuzasadnionego-gromadzenia-sil-wojskowych-wokol-ukrainy-i-na-bialorusi\/","url":"https:\/\/marekkuchcinski.pl\/wydarzenia\/oswiadczenie-przewodniczacych-komisji-spraw-zagranicznych-w-sprawie-nieuzasadnionego-gromadzenia-sil-wojskowych-wokol-ukrainy-i-na-bialorusi\/","name":"Przewodnicz\u0105cych Komisji Spraw Zagranicznych wzywaj\u0105 Rosj\u0119 do wycofania swoich oddzia\u0142\u00f3w znad granicy ukrai\u0144skiej i terytorium Bia\u0142orusi &#8211; Marek Kuchci\u0144ski","isPartOf":{"@id":"https:\/\/marekkuchcinski.pl\/#website"},"primaryImageOfPage":{"@id":"https:\/\/marekkuchcinski.pl\/wydarzenia\/oswiadczenie-przewodniczacych-komisji-spraw-zagranicznych-w-sprawie-nieuzasadnionego-gromadzenia-sil-wojskowych-wokol-ukrainy-i-na-bialorusi\/#primaryimage"},"image":{"@id":"https:\/\/marekkuchcinski.pl\/wydarzenia\/oswiadczenie-przewodniczacych-komisji-spraw-zagranicznych-w-sprawie-nieuzasadnionego-gromadzenia-sil-wojskowych-wokol-ukrainy-i-na-bialorusi\/#primaryimage"},"thumbnailUrl":"https:\/\/marekkuchcinski.pl\/wp-content\/uploads\/2022\/02\/SUB-MILITARY-jumbo.jpg","datePublished":"2022-02-18T20:53:19+00:00","dateModified":"2022-02-18T21:07:28+00:00","breadcrumb":{"@id":"https:\/\/marekkuchcinski.pl\/wydarzenia\/oswiadczenie-przewodniczacych-komisji-spraw-zagranicznych-w-sprawie-nieuzasadnionego-gromadzenia-sil-wojskowych-wokol-ukrainy-i-na-bialorusi\/#breadcrumb"},"inLanguage":"en-GB","potentialAction":[{"@type":"ReadAction","target":["https:\/\/marekkuchcinski.pl\/wydarzenia\/oswiadczenie-przewodniczacych-komisji-spraw-zagranicznych-w-sprawie-nieuzasadnionego-gromadzenia-sil-wojskowych-wokol-ukrainy-i-na-bialorusi\/"]}]},{"@type":"ImageObject","inLanguage":"en-GB","@id":"https:\/\/marekkuchcinski.pl\/wydarzenia\/oswiadczenie-przewodniczacych-komisji-spraw-zagranicznych-w-sprawie-nieuzasadnionego-gromadzenia-sil-wojskowych-wokol-ukrainy-i-na-bialorusi\/#primaryimage","url":"https:\/\/marekkuchcinski.pl\/wp-content\/uploads\/2022\/02\/SUB-MILITARY-jumbo.jpg","contentUrl":"https:\/\/marekkuchcinski.pl\/wp-content\/uploads\/2022\/02\/SUB-MILITARY-jumbo.jpg","width":1024,"height":695},{"@type":"BreadcrumbList","@id":"https:\/\/marekkuchcinski.pl\/wydarzenia\/oswiadczenie-przewodniczacych-komisji-spraw-zagranicznych-w-sprawie-nieuzasadnionego-gromadzenia-sil-wojskowych-wokol-ukrainy-i-na-bialorusi\/#breadcrumb","itemListElement":[{"@type":"ListItem","position":1,"name":"Strona g\u0142\u00f3wna","item":"https:\/\/marekkuchcinski.pl\/"},{"@type":"ListItem","position":2,"name":"Przewodnicz\u0105cych Komisji Spraw Zagranicznych wzywaj\u0105 Rosj\u0119 do wycofania swoich oddzia\u0142\u00f3w znad granicy ukrai\u0144skiej i terytorium Bia\u0142orusi"}]},{"@type":"WebSite","@id":"https:\/\/marekkuchcinski.pl\/#website","url":"https:\/\/marekkuchcinski.pl\/","name":"Marek Kuchci\u0144ski","description":"Pose\u0142 na sejm RP &ndash; okr\u0119g nr 22","publisher":{"@id":"https:\/\/marekkuchcinski.pl\/#organization"},"potentialAction":[{"@type":"SearchAction","target":{"@type":"EntryPoint","urlTemplate":"https:\/\/marekkuchcinski.pl\/?s={search_term_string}"},"query-input":{"@type":"PropertyValueSpecification","valueRequired":true,"valueName":"search_term_string"}}],"inLanguage":"en-GB"},{"@type":"Organization","@id":"https:\/\/marekkuchcinski.pl\/#organization","name":"Marek Kuchci\u0144ski","url":"https:\/\/marekkuchcinski.pl\/","logo":{"@type":"ImageObject","inLanguage":"en-GB","@id":"https:\/\/marekkuchcinski.pl\/#\/schema\/logo\/image\/","url":"https:\/\/marekkuchcinski.pl\/wp-content\/uploads\/2022\/09\/Marek.jpg","contentUrl":"https:\/\/marekkuchcinski.pl\/wp-content\/uploads\/2022\/09\/Marek.jpg","width":1600,"height":971,"caption":"Marek Kuchci\u0144ski"},"image":{"@id":"https:\/\/marekkuchcinski.pl\/#\/schema\/logo\/image\/"}},{"@type":"Person","@id":"https:\/\/marekkuchcinski.pl\/#\/schema\/person\/51d5d4ee3b5317b8e4dd2b48af359229","name":"Marta Olejnik","image":{"@type":"ImageObject","inLanguage":"en-GB","@id":"https:\/\/marekkuchcinski.pl\/#\/schema\/person\/image\/","url":"https:\/\/secure.gravatar.com\/avatar\/e39914b2aa6a48959e24d475b5dc9793?s=96&d=mm&r=g","contentUrl":"https:\/\/secure.gravatar.com\/avatar\/e39914b2aa6a48959e24d475b5dc9793?s=96&d=mm&r=g","caption":"Marta Olejnik"},"url":"https:\/\/marekkuchcinski.pl\/en\/author\/marta\/"}]}},"_links":{"self":[{"href":"https:\/\/marekkuchcinski.pl\/en\/wp-json\/wp\/v2\/posts\/24404","targetHints":{"allow":["GET"]}}],"collection":[{"href":"https:\/\/marekkuchcinski.pl\/en\/wp-json\/wp\/v2\/posts"}],"about":[{"href":"https:\/\/marekkuchcinski.pl\/en\/wp-json\/wp\/v2\/types\/post"}],"author":[{"embeddable":true,"href":"https:\/\/marekkuchcinski.pl\/en\/wp-json\/wp\/v2\/users\/21"}],"replies":[{"embeddable":true,"href":"https:\/\/marekkuchcinski.pl\/en\/wp-json\/wp\/v2\/comments?post=24404"}],"version-history":[{"count":3,"href":"https:\/\/marekkuchcinski.pl\/en\/wp-json\/wp\/v2\/posts\/24404\/revisions"}],"predecessor-version":[{"id":24414,"href":"https:\/\/marekkuchcinski.pl\/en\/wp-json\/wp\/v2\/posts\/24404\/revisions\/24414"}],"wp:featuredmedia":[{"embeddable":true,"href":"https:\/\/marekkuchcinski.pl\/en\/wp-json\/wp\/v2\/media\/24412"}],"wp:attachment":[{"href":"https:\/\/marekkuchcinski.pl\/en\/wp-json\/wp\/v2\/media?parent=24404"}],"wp:term":[{"taxonomy":"category","embeddable":true,"href":"https:\/\/marekkuchcinski.pl\/en\/wp-json\/wp\/v2\/categories?post=24404"},{"taxonomy":"post_tag","embeddable":true,"href":"https:\/\/marekkuchcinski.pl\/en\/wp-json\/wp\/v2\/tags?post=24404"}],"curies":[{"name":"wp","href":"https:\/\/api.w.org\/{rel}","templated":true}]}}