{"id":24160,"date":"2022-01-17T22:54:32","date_gmt":"2022-01-17T21:54:32","guid":{"rendered":"https:\/\/marekkuchcinski.pl\/?p=24160"},"modified":"2022-01-17T23:13:09","modified_gmt":"2022-01-17T22:13:09","slug":"w-ustrzykach-dolnych-o-zrownowazonym-rozwoju-bieszczad","status":"publish","type":"post","link":"https:\/\/marekkuchcinski.pl\/en\/podkarpacie\/w-ustrzykach-dolnych-o-zrownowazonym-rozwoju-bieszczad\/","title":{"rendered":"In Ustrzyki Dolne about investment plans for the Bieszczady Mountains"},"content":{"rendered":"<p>Marek Kuchci\u0144ski took part in the meeting of the Board of Bieszczady Poviat and then he met with the self-governmental representatives of Lesko and Sanok Poviats and communes of Ustrzyki Dolne, Cisna, Olszanica, Bircza, Zag\u00f3rz, Czarna, Koma\u0144cza, Bukowsko, Tyrawa Wo\u0142oska. The main objective of the discussions was the sustainable development of the Bieszczady Mountains and the best use of funds under the Polish Order.<\/p>\n\n\n\n<p>- The funds will reach not only the Solina river and mountain areas. We are also thinking about supporting the cooperation of border communes with Slovakia and Ukraine and developing tourism there - emphasized Marshal Kuchci\u0144ski.<\/p>\n\n\n\n<p>The most urgent needs of Bieszczady are modernization and development of infrastructure, which will translate into better communication, accessibility and development of tourism. Investment plans and Bieszczady Heritage Centre \"Green Refinery FANTO\" in Ustrzyki Dolne were also discussed.<\/p>\n\n\n\n<p>Bieszczady is one of the most beautiful places in Poland, but the most distant from central and regional centers. . The area has exceptional tourist values, and much of it is under various forms of nature protection. Activities aimed at economic growth and improving the quality of life of the inhabitants must take into account the resulting necessary restrictions.<\/p>\n\n\n\n<p>f<em>here is Marian S. Mazurkiewicz<\/em><\/p>\n\n\n\n<figure class=\"wp-block-image size-full\"><a href=\"https:\/\/marekkuchcinski.pl\/wp-content\/uploads\/2022\/01\/ok-1.jpg\"><img fetchpriority=\"high\" decoding=\"async\" width=\"1000\" height=\"667\" src=\"https:\/\/marekkuchcinski.pl\/wp-content\/uploads\/2022\/01\/ok-1.jpg\" alt=\"\" class=\"wp-image-24163\" srcset=\"https:\/\/marekkuchcinski.pl\/wp-content\/uploads\/2022\/01\/ok-1.jpg 1000w, https:\/\/marekkuchcinski.pl\/wp-content\/uploads\/2022\/01\/ok-1-300x200.jpg 300w, https:\/\/marekkuchcinski.pl\/wp-content\/uploads\/2022\/01\/ok-1-768x512.jpg 768w, https:\/\/marekkuchcinski.pl\/wp-content\/uploads\/2022\/01\/ok-1-18x12.jpg 18w\" sizes=\"(max-width: 1000px) 100vw, 1000px\" \/><\/a><\/figure>\n\n\n\n<figure class=\"wp-block-image size-large\"><a href=\"https:\/\/marekkuchcinski.pl\/wp-content\/uploads\/2022\/01\/2.jpg\"><img decoding=\"async\" width=\"1024\" height=\"461\" src=\"https:\/\/marekkuchcinski.pl\/wp-content\/uploads\/2022\/01\/2-1024x461.jpg\" alt=\"\" class=\"wp-image-24165\" srcset=\"https:\/\/marekkuchcinski.pl\/wp-content\/uploads\/2022\/01\/2-1024x461.jpg 1024w, https:\/\/marekkuchcinski.pl\/wp-content\/uploads\/2022\/01\/2-300x135.jpg 300w, https:\/\/marekkuchcinski.pl\/wp-content\/uploads\/2022\/01\/2-768x346.jpg 768w, https:\/\/marekkuchcinski.pl\/wp-content\/uploads\/2022\/01\/2-18x8.jpg 18w, https:\/\/marekkuchcinski.pl\/wp-content\/uploads\/2022\/01\/2.jpg 1482w\" sizes=\"(max-width: 1024px) 100vw, 1024px\" \/><\/a><\/figure>\n\n\n\n<figure class=\"wp-block-image size-full\"><a href=\"https:\/\/marekkuchcinski.pl\/wp-content\/uploads\/2022\/01\/3.jpg\"><img decoding=\"async\" width=\"1000\" height=\"667\" src=\"https:\/\/marekkuchcinski.pl\/wp-content\/uploads\/2022\/01\/3.jpg\" alt=\"\" class=\"wp-image-24166\" srcset=\"https:\/\/marekkuchcinski.pl\/wp-content\/uploads\/2022\/01\/3.jpg 1000w, https:\/\/marekkuchcinski.pl\/wp-content\/uploads\/2022\/01\/3-300x200.jpg 300w, https:\/\/marekkuchcinski.pl\/wp-content\/uploads\/2022\/01\/3-768x512.jpg 768w, https:\/\/marekkuchcinski.pl\/wp-content\/uploads\/2022\/01\/3-18x12.jpg 18w\" sizes=\"(max-width: 1000px) 100vw, 1000px\" \/><\/a><\/figure>\n\n\n\n<figure class=\"wp-block-image size-full\"><a href=\"https:\/\/marekkuchcinski.pl\/wp-content\/uploads\/2022\/01\/4.jpg\"><img loading=\"lazy\" decoding=\"async\" width=\"1000\" height=\"667\" src=\"https:\/\/marekkuchcinski.pl\/wp-content\/uploads\/2022\/01\/4.jpg\" alt=\"\" class=\"wp-image-24167\" srcset=\"https:\/\/marekkuchcinski.pl\/wp-content\/uploads\/2022\/01\/4.jpg 1000w, https:\/\/marekkuchcinski.pl\/wp-content\/uploads\/2022\/01\/4-300x200.jpg 300w, https:\/\/marekkuchcinski.pl\/wp-content\/uploads\/2022\/01\/4-768x512.jpg 768w, https:\/\/marekkuchcinski.pl\/wp-content\/uploads\/2022\/01\/4-18x12.jpg 18w\" sizes=\"(max-width: 1000px) 100vw, 1000px\" \/><\/a><\/figure>\n\n\n\n<figure class=\"wp-block-image size-full\"><a href=\"https:\/\/marekkuchcinski.pl\/wp-content\/uploads\/2022\/01\/5.jpg\"><img loading=\"lazy\" decoding=\"async\" width=\"1000\" height=\"667\" src=\"https:\/\/marekkuchcinski.pl\/wp-content\/uploads\/2022\/01\/5.jpg\" alt=\"\" class=\"wp-image-24168\" srcset=\"https:\/\/marekkuchcinski.pl\/wp-content\/uploads\/2022\/01\/5.jpg 1000w, https:\/\/marekkuchcinski.pl\/wp-content\/uploads\/2022\/01\/5-300x200.jpg 300w, https:\/\/marekkuchcinski.pl\/wp-content\/uploads\/2022\/01\/5-768x512.jpg 768w, https:\/\/marekkuchcinski.pl\/wp-content\/uploads\/2022\/01\/5-18x12.jpg 18w\" sizes=\"(max-width: 1000px) 100vw, 1000px\" \/><\/a><\/figure>\n\n\n\n<figure class=\"wp-block-image size-full\"><a href=\"https:\/\/marekkuchcinski.pl\/wp-content\/uploads\/2022\/01\/6.jpg\"><img loading=\"lazy\" decoding=\"async\" width=\"1000\" height=\"667\" src=\"https:\/\/marekkuchcinski.pl\/wp-content\/uploads\/2022\/01\/6.jpg\" alt=\"\" class=\"wp-image-24169\" srcset=\"https:\/\/marekkuchcinski.pl\/wp-content\/uploads\/2022\/01\/6.jpg 1000w, https:\/\/marekkuchcinski.pl\/wp-content\/uploads\/2022\/01\/6-300x200.jpg 300w, https:\/\/marekkuchcinski.pl\/wp-content\/uploads\/2022\/01\/6-768x512.jpg 768w, https:\/\/marekkuchcinski.pl\/wp-content\/uploads\/2022\/01\/6-18x12.jpg 18w\" sizes=\"(max-width: 1000px) 100vw, 1000px\" \/><\/a><\/figure>\n\n\n\n<figure class=\"wp-block-image size-full\"><a href=\"https:\/\/marekkuchcinski.pl\/wp-content\/uploads\/2022\/01\/7.jpg\"><img loading=\"lazy\" decoding=\"async\" width=\"1000\" height=\"667\" src=\"https:\/\/marekkuchcinski.pl\/wp-content\/uploads\/2022\/01\/7.jpg\" alt=\"\" class=\"wp-image-24170\" srcset=\"https:\/\/marekkuchcinski.pl\/wp-content\/uploads\/2022\/01\/7.jpg 1000w, https:\/\/marekkuchcinski.pl\/wp-content\/uploads\/2022\/01\/7-300x200.jpg 300w, https:\/\/marekkuchcinski.pl\/wp-content\/uploads\/2022\/01\/7-768x512.jpg 768w, https:\/\/marekkuchcinski.pl\/wp-content\/uploads\/2022\/01\/7-18x12.jpg 18w\" sizes=\"(max-width: 1000px) 100vw, 1000px\" \/><\/a><figcaption>The meetings were attended, among others, by the Deputy Marshal of Podkarpackie Voivodship Piotr Pilch and the Bieszczady Starost Marek Andruch.<\/figcaption><\/figure>\n\n\n\n<figure class=\"wp-block-image size-full\"><a href=\"https:\/\/marekkuchcinski.pl\/wp-content\/uploads\/2022\/01\/8.jpg\"><img loading=\"lazy\" decoding=\"async\" width=\"1000\" height=\"667\" src=\"https:\/\/marekkuchcinski.pl\/wp-content\/uploads\/2022\/01\/8.jpg\" alt=\"\" class=\"wp-image-24171\" srcset=\"https:\/\/marekkuchcinski.pl\/wp-content\/uploads\/2022\/01\/8.jpg 1000w, https:\/\/marekkuchcinski.pl\/wp-content\/uploads\/2022\/01\/8-300x200.jpg 300w, https:\/\/marekkuchcinski.pl\/wp-content\/uploads\/2022\/01\/8-768x512.jpg 768w, https:\/\/marekkuchcinski.pl\/wp-content\/uploads\/2022\/01\/8-18x12.jpg 18w\" sizes=\"(max-width: 1000px) 100vw, 1000px\" \/><\/a><\/figure>","protected":false},"excerpt":{"rendered":"<p>Marek Kuchcinski took part in a meeting of the Bieszczady Poviat Board, then met with local government officials from the districts of Lesko and Sanok, as well as the municipalities of Ustrzyki Dolne, Cisna, Olszanica, Bircza, Zag\u00f3rz, Czarna, Koma\u0144cza, Bukowsko, Tyrawa Wo\u0142oska. The main focus of the talks was the sustainable development of the Bieszczady Mountains and the best use of funds under the Polish Order. - The funds are to reach not only the Solina [...]<\/p>","protected":false},"author":21,"featured_media":24162,"comment_status":"open","ping_status":"open","sticky":false,"template":"","format":"standard","meta":{"ngg_post_thumbnail":0,"footnotes":""},"categories":[49,50,3],"tags":[],"class_list":["post-24160","post","type-post","status-publish","format-standard","has-post-thumbnail","hentry","category-podkarpacie","category-wspolpraca-miedzynarodowa","category-wydarzenia"],"yoast_head":"<!-- This site is optimized with the Yoast SEO plugin v24.7 - https:\/\/yoast.com\/wordpress\/plugins\/seo\/ -->\n<title>W Ustrzykach Dolnych o planach inwestycyjnych dla Bieszczad &#8211; Marek Kuchci\u0144ski<\/title>\n<meta name=\"robots\" content=\"index, follow, max-snippet:-1, max-image-preview:large, max-video-preview:-1\" \/>\n<link rel=\"canonical\" href=\"https:\/\/marekkuchcinski.pl\/en\/podkarpacie\/w-ustrzykach-dolnych-o-zrownowazonym-rozwoju-bieszczad\/\" \/>\n<meta property=\"og:locale\" content=\"en_GB\" \/>\n<meta property=\"og:type\" content=\"article\" \/>\n<meta property=\"og:title\" content=\"W Ustrzykach Dolnych o planach inwestycyjnych dla Bieszczad &#8211; Marek Kuchci\u0144ski\" \/>\n<meta property=\"og:description\" content=\"Marek Kuchci\u0144ski wzi\u0105\u0142 udzia\u0142 w posiedzeniu Zarz\u0105du Powiatu Bieszczadzkiego, nast\u0119pnie spotka\u0142 si\u0119 z samorz\u0105dowcami powiat\u00f3w leskiego i sanockiego oraz gmin Ustrzyki Dolne, Cisna, Olszanica, Bircza, Zag\u00f3rz, Czarna, Koma\u0144cza, Bukowsko, Tyrawa Wo\u0142oska. G\u0142\u00f3wnym celem rozm\u00f3w by\u0142 zr\u00f3wnowa\u017cony rozw\u00f3j Bieszczad i jak najlepsze wykorzystanie \u015brodk\u00f3w w ramach Polskiego \u0141adu. \u2013 Fundusze maj\u0105 dotrze\u0107 nie tylko nad Solin\u0119 [&hellip;]\" \/>\n<meta property=\"og:url\" content=\"https:\/\/marekkuchcinski.pl\/en\/podkarpacie\/w-ustrzykach-dolnych-o-zrownowazonym-rozwoju-bieszczad\/\" \/>\n<meta property=\"og:site_name\" content=\"Marek Kuchci\u0144ski\" \/>\n<meta property=\"article:published_time\" content=\"2022-01-17T21:54:32+00:00\" \/>\n<meta property=\"article:modified_time\" content=\"2022-01-17T22:13:09+00:00\" \/>\n<meta property=\"og:image\" content=\"https:\/\/marekkuchcinski.pl\/wp-content\/uploads\/2022\/01\/ok.jpg\" \/>\n\t<meta property=\"og:image:width\" content=\"1000\" \/>\n\t<meta property=\"og:image:height\" content=\"667\" \/>\n\t<meta property=\"og:image:type\" content=\"image\/jpeg\" \/>\n<meta name=\"author\" content=\"Marta Olejnik\" \/>\n<meta name=\"twitter:card\" content=\"summary_large_image\" \/>\n<meta name=\"twitter:label1\" content=\"Written by\" \/>\n\t<meta name=\"twitter:data1\" content=\"Marta Olejnik\" \/>\n\t<meta name=\"twitter:label2\" content=\"Estimated reading time\" \/>\n\t<meta name=\"twitter:data2\" content=\"3 minutes\" \/>\n<script type=\"application\/ld+json\" class=\"yoast-schema-graph\">{\"@context\":\"https:\/\/schema.org\",\"@graph\":[{\"@type\":\"Article\",\"@id\":\"https:\/\/marekkuchcinski.pl\/uk\/podkarpacie\/w-ustrzykach-dolnych-o-zrownowazonym-rozwoju-bieszczad\/#article\",\"isPartOf\":{\"@id\":\"https:\/\/marekkuchcinski.pl\/uk\/podkarpacie\/w-ustrzykach-dolnych-o-zrownowazonym-rozwoju-bieszczad\/\"},\"author\":{\"name\":\"Marta Olejnik\",\"@id\":\"https:\/\/marekkuchcinski.pl\/#\/schema\/person\/51d5d4ee3b5317b8e4dd2b48af359229\"},\"headline\":\"W Ustrzykach Dolnych o planach inwestycyjnych dla Bieszczad\",\"datePublished\":\"2022-01-17T21:54:32+00:00\",\"dateModified\":\"2022-01-17T22:13:09+00:00\",\"mainEntityOfPage\":{\"@id\":\"https:\/\/marekkuchcinski.pl\/uk\/podkarpacie\/w-ustrzykach-dolnych-o-zrownowazonym-rozwoju-bieszczad\/\"},\"wordCount\":231,\"commentCount\":0,\"publisher\":{\"@id\":\"https:\/\/marekkuchcinski.pl\/#organization\"},\"image\":{\"@id\":\"https:\/\/marekkuchcinski.pl\/uk\/podkarpacie\/w-ustrzykach-dolnych-o-zrownowazonym-rozwoju-bieszczad\/#primaryimage\"},\"thumbnailUrl\":\"https:\/\/marekkuchcinski.pl\/wp-content\/uploads\/2022\/01\/ok.jpg\",\"articleSection\":[\"Podkarpacie\",\"Wsp\u00f3\u0142praca mi\u0119dzynarodowa\",\"Wydarzenia\"],\"inLanguage\":\"en-GB\",\"potentialAction\":[{\"@type\":\"CommentAction\",\"name\":\"Comment\",\"target\":[\"https:\/\/marekkuchcinski.pl\/uk\/podkarpacie\/w-ustrzykach-dolnych-o-zrownowazonym-rozwoju-bieszczad\/#respond\"]}]},{\"@type\":\"WebPage\",\"@id\":\"https:\/\/marekkuchcinski.pl\/uk\/podkarpacie\/w-ustrzykach-dolnych-o-zrownowazonym-rozwoju-bieszczad\/\",\"url\":\"https:\/\/marekkuchcinski.pl\/uk\/podkarpacie\/w-ustrzykach-dolnych-o-zrownowazonym-rozwoju-bieszczad\/\",\"name\":\"W Ustrzykach Dolnych o planach inwestycyjnych dla Bieszczad &#8211; Marek Kuchci\u0144ski\",\"isPartOf\":{\"@id\":\"https:\/\/marekkuchcinski.pl\/#website\"},\"primaryImageOfPage\":{\"@id\":\"https:\/\/marekkuchcinski.pl\/uk\/podkarpacie\/w-ustrzykach-dolnych-o-zrownowazonym-rozwoju-bieszczad\/#primaryimage\"},\"image\":{\"@id\":\"https:\/\/marekkuchcinski.pl\/uk\/podkarpacie\/w-ustrzykach-dolnych-o-zrownowazonym-rozwoju-bieszczad\/#primaryimage\"},\"thumbnailUrl\":\"https:\/\/marekkuchcinski.pl\/wp-content\/uploads\/2022\/01\/ok.jpg\",\"datePublished\":\"2022-01-17T21:54:32+00:00\",\"dateModified\":\"2022-01-17T22:13:09+00:00\",\"breadcrumb\":{\"@id\":\"https:\/\/marekkuchcinski.pl\/uk\/podkarpacie\/w-ustrzykach-dolnych-o-zrownowazonym-rozwoju-bieszczad\/#breadcrumb\"},\"inLanguage\":\"en-GB\",\"potentialAction\":[{\"@type\":\"ReadAction\",\"target\":[\"https:\/\/marekkuchcinski.pl\/uk\/podkarpacie\/w-ustrzykach-dolnych-o-zrownowazonym-rozwoju-bieszczad\/\"]}]},{\"@type\":\"ImageObject\",\"inLanguage\":\"en-GB\",\"@id\":\"https:\/\/marekkuchcinski.pl\/uk\/podkarpacie\/w-ustrzykach-dolnych-o-zrownowazonym-rozwoju-bieszczad\/#primaryimage\",\"url\":\"https:\/\/marekkuchcinski.pl\/wp-content\/uploads\/2022\/01\/ok.jpg\",\"contentUrl\":\"https:\/\/marekkuchcinski.pl\/wp-content\/uploads\/2022\/01\/ok.jpg\",\"width\":1000,\"height\":667},{\"@type\":\"BreadcrumbList\",\"@id\":\"https:\/\/marekkuchcinski.pl\/uk\/podkarpacie\/w-ustrzykach-dolnych-o-zrownowazonym-rozwoju-bieszczad\/#breadcrumb\",\"itemListElement\":[{\"@type\":\"ListItem\",\"position\":1,\"name\":\"Strona g\u0142\u00f3wna\",\"item\":\"https:\/\/marekkuchcinski.pl\/\"},{\"@type\":\"ListItem\",\"position\":2,\"name\":\"W Ustrzykach Dolnych o planach inwestycyjnych dla Bieszczad\"}]},{\"@type\":\"WebSite\",\"@id\":\"https:\/\/marekkuchcinski.pl\/#website\",\"url\":\"https:\/\/marekkuchcinski.pl\/\",\"name\":\"Marek Kuchci\u0144ski\",\"description\":\"Pose\u0142 na sejm RP &ndash; okr\u0119g nr 22\",\"publisher\":{\"@id\":\"https:\/\/marekkuchcinski.pl\/#organization\"},\"potentialAction\":[{\"@type\":\"SearchAction\",\"target\":{\"@type\":\"EntryPoint\",\"urlTemplate\":\"https:\/\/marekkuchcinski.pl\/?s={search_term_string}\"},\"query-input\":{\"@type\":\"PropertyValueSpecification\",\"valueRequired\":true,\"valueName\":\"search_term_string\"}}],\"inLanguage\":\"en-GB\"},{\"@type\":\"Organization\",\"@id\":\"https:\/\/marekkuchcinski.pl\/#organization\",\"name\":\"Marek Kuchci\u0144ski\",\"url\":\"https:\/\/marekkuchcinski.pl\/\",\"logo\":{\"@type\":\"ImageObject\",\"inLanguage\":\"en-GB\",\"@id\":\"https:\/\/marekkuchcinski.pl\/#\/schema\/logo\/image\/\",\"url\":\"https:\/\/marekkuchcinski.pl\/wp-content\/uploads\/2022\/09\/Marek.jpg\",\"contentUrl\":\"https:\/\/marekkuchcinski.pl\/wp-content\/uploads\/2022\/09\/Marek.jpg\",\"width\":1600,\"height\":971,\"caption\":\"Marek Kuchci\u0144ski\"},\"image\":{\"@id\":\"https:\/\/marekkuchcinski.pl\/#\/schema\/logo\/image\/\"}},{\"@type\":\"Person\",\"@id\":\"https:\/\/marekkuchcinski.pl\/#\/schema\/person\/51d5d4ee3b5317b8e4dd2b48af359229\",\"name\":\"Marta Olejnik\",\"image\":{\"@type\":\"ImageObject\",\"inLanguage\":\"en-GB\",\"@id\":\"https:\/\/marekkuchcinski.pl\/#\/schema\/person\/image\/\",\"url\":\"https:\/\/secure.gravatar.com\/avatar\/e39914b2aa6a48959e24d475b5dc9793?s=96&d=mm&r=g\",\"contentUrl\":\"https:\/\/secure.gravatar.com\/avatar\/e39914b2aa6a48959e24d475b5dc9793?s=96&d=mm&r=g\",\"caption\":\"Marta Olejnik\"},\"url\":\"https:\/\/marekkuchcinski.pl\/en\/author\/marta\/\"}]}<\/script>\n<!-- \/ Yoast SEO plugin. -->","yoast_head_json":{"title":"W Ustrzykach Dolnych o planach inwestycyjnych dla Bieszczad &#8211; Marek Kuchci\u0144ski","robots":{"index":"index","follow":"follow","max-snippet":"max-snippet:-1","max-image-preview":"max-image-preview:large","max-video-preview":"max-video-preview:-1"},"canonical":"https:\/\/marekkuchcinski.pl\/en\/podkarpacie\/w-ustrzykach-dolnych-o-zrownowazonym-rozwoju-bieszczad\/","og_locale":"en_GB","og_type":"article","og_title":"W Ustrzykach Dolnych o planach inwestycyjnych dla Bieszczad &#8211; Marek Kuchci\u0144ski","og_description":"Marek Kuchci\u0144ski wzi\u0105\u0142 udzia\u0142 w posiedzeniu Zarz\u0105du Powiatu Bieszczadzkiego, nast\u0119pnie spotka\u0142 si\u0119 z samorz\u0105dowcami powiat\u00f3w leskiego i sanockiego oraz gmin Ustrzyki Dolne, Cisna, Olszanica, Bircza, Zag\u00f3rz, Czarna, Koma\u0144cza, Bukowsko, Tyrawa Wo\u0142oska. G\u0142\u00f3wnym celem rozm\u00f3w by\u0142 zr\u00f3wnowa\u017cony rozw\u00f3j Bieszczad i jak najlepsze wykorzystanie \u015brodk\u00f3w w ramach Polskiego \u0141adu. \u2013 Fundusze maj\u0105 dotrze\u0107 nie tylko nad Solin\u0119 [&hellip;]","og_url":"https:\/\/marekkuchcinski.pl\/en\/podkarpacie\/w-ustrzykach-dolnych-o-zrownowazonym-rozwoju-bieszczad\/","og_site_name":"Marek Kuchci\u0144ski","article_published_time":"2022-01-17T21:54:32+00:00","article_modified_time":"2022-01-17T22:13:09+00:00","og_image":[{"width":1000,"height":667,"url":"https:\/\/marekkuchcinski.pl\/wp-content\/uploads\/2022\/01\/ok.jpg","type":"image\/jpeg"}],"author":"Marta Olejnik","twitter_card":"summary_large_image","twitter_misc":{"Written by":"Marta Olejnik","Estimated reading time":"3 minutes"},"schema":{"@context":"https:\/\/schema.org","@graph":[{"@type":"Article","@id":"https:\/\/marekkuchcinski.pl\/uk\/podkarpacie\/w-ustrzykach-dolnych-o-zrownowazonym-rozwoju-bieszczad\/#article","isPartOf":{"@id":"https:\/\/marekkuchcinski.pl\/uk\/podkarpacie\/w-ustrzykach-dolnych-o-zrownowazonym-rozwoju-bieszczad\/"},"author":{"name":"Marta Olejnik","@id":"https:\/\/marekkuchcinski.pl\/#\/schema\/person\/51d5d4ee3b5317b8e4dd2b48af359229"},"headline":"W Ustrzykach Dolnych o planach inwestycyjnych dla Bieszczad","datePublished":"2022-01-17T21:54:32+00:00","dateModified":"2022-01-17T22:13:09+00:00","mainEntityOfPage":{"@id":"https:\/\/marekkuchcinski.pl\/uk\/podkarpacie\/w-ustrzykach-dolnych-o-zrownowazonym-rozwoju-bieszczad\/"},"wordCount":231,"commentCount":0,"publisher":{"@id":"https:\/\/marekkuchcinski.pl\/#organization"},"image":{"@id":"https:\/\/marekkuchcinski.pl\/uk\/podkarpacie\/w-ustrzykach-dolnych-o-zrownowazonym-rozwoju-bieszczad\/#primaryimage"},"thumbnailUrl":"https:\/\/marekkuchcinski.pl\/wp-content\/uploads\/2022\/01\/ok.jpg","articleSection":["Podkarpacie","Wsp\u00f3\u0142praca mi\u0119dzynarodowa","Wydarzenia"],"inLanguage":"en-GB","potentialAction":[{"@type":"CommentAction","name":"Comment","target":["https:\/\/marekkuchcinski.pl\/uk\/podkarpacie\/w-ustrzykach-dolnych-o-zrownowazonym-rozwoju-bieszczad\/#respond"]}]},{"@type":"WebPage","@id":"https:\/\/marekkuchcinski.pl\/uk\/podkarpacie\/w-ustrzykach-dolnych-o-zrownowazonym-rozwoju-bieszczad\/","url":"https:\/\/marekkuchcinski.pl\/uk\/podkarpacie\/w-ustrzykach-dolnych-o-zrownowazonym-rozwoju-bieszczad\/","name":"W Ustrzykach Dolnych o planach inwestycyjnych dla Bieszczad &#8211; Marek Kuchci\u0144ski","isPartOf":{"@id":"https:\/\/marekkuchcinski.pl\/#website"},"primaryImageOfPage":{"@id":"https:\/\/marekkuchcinski.pl\/uk\/podkarpacie\/w-ustrzykach-dolnych-o-zrownowazonym-rozwoju-bieszczad\/#primaryimage"},"image":{"@id":"https:\/\/marekkuchcinski.pl\/uk\/podkarpacie\/w-ustrzykach-dolnych-o-zrownowazonym-rozwoju-bieszczad\/#primaryimage"},"thumbnailUrl":"https:\/\/marekkuchcinski.pl\/wp-content\/uploads\/2022\/01\/ok.jpg","datePublished":"2022-01-17T21:54:32+00:00","dateModified":"2022-01-17T22:13:09+00:00","breadcrumb":{"@id":"https:\/\/marekkuchcinski.pl\/uk\/podkarpacie\/w-ustrzykach-dolnych-o-zrownowazonym-rozwoju-bieszczad\/#breadcrumb"},"inLanguage":"en-GB","potentialAction":[{"@type":"ReadAction","target":["https:\/\/marekkuchcinski.pl\/uk\/podkarpacie\/w-ustrzykach-dolnych-o-zrownowazonym-rozwoju-bieszczad\/"]}]},{"@type":"ImageObject","inLanguage":"en-GB","@id":"https:\/\/marekkuchcinski.pl\/uk\/podkarpacie\/w-ustrzykach-dolnych-o-zrownowazonym-rozwoju-bieszczad\/#primaryimage","url":"https:\/\/marekkuchcinski.pl\/wp-content\/uploads\/2022\/01\/ok.jpg","contentUrl":"https:\/\/marekkuchcinski.pl\/wp-content\/uploads\/2022\/01\/ok.jpg","width":1000,"height":667},{"@type":"BreadcrumbList","@id":"https:\/\/marekkuchcinski.pl\/uk\/podkarpacie\/w-ustrzykach-dolnych-o-zrownowazonym-rozwoju-bieszczad\/#breadcrumb","itemListElement":[{"@type":"ListItem","position":1,"name":"Strona g\u0142\u00f3wna","item":"https:\/\/marekkuchcinski.pl\/"},{"@type":"ListItem","position":2,"name":"W Ustrzykach Dolnych o planach inwestycyjnych dla Bieszczad"}]},{"@type":"WebSite","@id":"https:\/\/marekkuchcinski.pl\/#website","url":"https:\/\/marekkuchcinski.pl\/","name":"Marek Kuchci\u0144ski","description":"Pose\u0142 na sejm RP &ndash; okr\u0119g nr 22","publisher":{"@id":"https:\/\/marekkuchcinski.pl\/#organization"},"potentialAction":[{"@type":"SearchAction","target":{"@type":"EntryPoint","urlTemplate":"https:\/\/marekkuchcinski.pl\/?s={search_term_string}"},"query-input":{"@type":"PropertyValueSpecification","valueRequired":true,"valueName":"search_term_string"}}],"inLanguage":"en-GB"},{"@type":"Organization","@id":"https:\/\/marekkuchcinski.pl\/#organization","name":"Marek Kuchci\u0144ski","url":"https:\/\/marekkuchcinski.pl\/","logo":{"@type":"ImageObject","inLanguage":"en-GB","@id":"https:\/\/marekkuchcinski.pl\/#\/schema\/logo\/image\/","url":"https:\/\/marekkuchcinski.pl\/wp-content\/uploads\/2022\/09\/Marek.jpg","contentUrl":"https:\/\/marekkuchcinski.pl\/wp-content\/uploads\/2022\/09\/Marek.jpg","width":1600,"height":971,"caption":"Marek Kuchci\u0144ski"},"image":{"@id":"https:\/\/marekkuchcinski.pl\/#\/schema\/logo\/image\/"}},{"@type":"Person","@id":"https:\/\/marekkuchcinski.pl\/#\/schema\/person\/51d5d4ee3b5317b8e4dd2b48af359229","name":"Marta Olejnik","image":{"@type":"ImageObject","inLanguage":"en-GB","@id":"https:\/\/marekkuchcinski.pl\/#\/schema\/person\/image\/","url":"https:\/\/secure.gravatar.com\/avatar\/e39914b2aa6a48959e24d475b5dc9793?s=96&d=mm&r=g","contentUrl":"https:\/\/secure.gravatar.com\/avatar\/e39914b2aa6a48959e24d475b5dc9793?s=96&d=mm&r=g","caption":"Marta Olejnik"},"url":"https:\/\/marekkuchcinski.pl\/en\/author\/marta\/"}]}},"_links":{"self":[{"href":"https:\/\/marekkuchcinski.pl\/en\/wp-json\/wp\/v2\/posts\/24160","targetHints":{"allow":["GET"]}}],"collection":[{"href":"https:\/\/marekkuchcinski.pl\/en\/wp-json\/wp\/v2\/posts"}],"about":[{"href":"https:\/\/marekkuchcinski.pl\/en\/wp-json\/wp\/v2\/types\/post"}],"author":[{"embeddable":true,"href":"https:\/\/marekkuchcinski.pl\/en\/wp-json\/wp\/v2\/users\/21"}],"replies":[{"embeddable":true,"href":"https:\/\/marekkuchcinski.pl\/en\/wp-json\/wp\/v2\/comments?post=24160"}],"version-history":[{"count":8,"href":"https:\/\/marekkuchcinski.pl\/en\/wp-json\/wp\/v2\/posts\/24160\/revisions"}],"predecessor-version":[{"id":24180,"href":"https:\/\/marekkuchcinski.pl\/en\/wp-json\/wp\/v2\/posts\/24160\/revisions\/24180"}],"wp:featuredmedia":[{"embeddable":true,"href":"https:\/\/marekkuchcinski.pl\/en\/wp-json\/wp\/v2\/media\/24162"}],"wp:attachment":[{"href":"https:\/\/marekkuchcinski.pl\/en\/wp-json\/wp\/v2\/media?parent=24160"}],"wp:term":[{"taxonomy":"category","embeddable":true,"href":"https:\/\/marekkuchcinski.pl\/en\/wp-json\/wp\/v2\/categories?post=24160"},{"taxonomy":"post_tag","embeddable":true,"href":"https:\/\/marekkuchcinski.pl\/en\/wp-json\/wp\/v2\/tags?post=24160"}],"curies":[{"name":"wp","href":"https:\/\/api.w.org\/{rel}","templated":true}]}}