{"id":24144,"date":"2021-12-31T14:10:16","date_gmt":"2021-12-31T13:10:16","guid":{"rendered":"https:\/\/marekkuchcinski.pl\/?p=24144"},"modified":"2022-01-03T16:19:37","modified_gmt":"2022-01-03T15:19:37","slug":"2021-w-pracach-komisji-spraw-zagranicznych","status":"publish","type":"post","link":"https:\/\/marekkuchcinski.pl\/en\/wydarzenia\/2021-w-pracach-komisji-spraw-zagranicznych\/","title":{"rendered":"2021 in the work of the Committee on Foreign Affairs"},"content":{"rendered":"<p><strong>Summary <\/strong><\/p>\n\n\n\n<p>The year 2021 in the work of the Foreign Affairs Committee (FAC) was primarily marked by building and developing inter-parliamentary relations. - <strong>We support the cooperation of our parliaments to speak with one strong voice on key issues, such as security,\" he stresses <\/strong>Committee Chairman Marek Kuchci\u0144ski, who discussed the current situation in the world with his counterparts from Germany, Lithuania, Ukraine, Latvia, Estonia, Finland, Romania, Czech Republic, Slovakia, Hungary, and Georgia. The main topic of the meetings was security in Europe, especially in the context of cyber attacks, disinformation, the situation on the Polish-Belarusian military border, the war in Nagorno-Karabakh, Russian activity around the borders of Ukraine and in the illegally annexed Crimea. The formats he plans to strengthen are the Eastern Partnership and the Weimar Triangle.<\/p>\n\n\n\n<p>The Commission expressed support for the Associated Trio forum for closer integration set up by Ukraine, Moldova and Georgia, the three Eastern Partnership countries associated with the European Union and well advanced in the reform process. It underlined its strategic importance in the framework of the European Neighbourhood Policy, as well as for the European integration process of the Western Balkan countries.<\/p>\n\n\n\n<p>One of the Commission's priorities is to support the fight for democracy and human rights. The MEPs have called for the return of Polish and Lithuanian diplomats expelled by Lukashenko, condemned the arrest of Belarusian opposition activist Roman Protasiewicz and the attempted murder of Alexei Navalny, expressed solidarity with the Czech Republic after an ammunition depot was blown up in Vrbetice, and called for the release of political prisoners, They opposed the liquidation by the Russian authorities of the Memorial Association, which for over thirty years has been documenting the crimes of the Communist regime; they expressed solidarity with the citizens of Afghanistan who, as a result of the Taliban takeover, are at risk of losing their hard-won rights to education, work, health care, and personal freedom. Together with the V4 countries, they also expressed opposition to interference by third countries in the internal affairs of EU member states.<\/p>\n\n\n\n<p>The instrumentalization of the phenomenon of irregular migration, which has been artificially created as part of hybrid actions against the EU to achieve political ends, has been strongly condemned. The statement issued by the SZA reads that using people to achieve political results clearly violates basic European values and international norms. The actions of the Belarusian authorities, clearly and systematically putting the lives of vulnerable people at risk, are unacceptable.<\/p>\n\n\n\n<p>According to the Commission, the Nord Stream 2 pipeline will also serve to increase Russian pressure on its neighbors and on EU and NATO countries. It called on EU governments and institutions, as well as the international community, to respond adequately, quickly and decisively to the actions of the Russian Federation. It called for steps to be taken to effectively halt construction of the pipeline as a threat to Russian expansionism. It called on the European Union and its Member States, including, above all, the Federal Republic of Germany, as our ally in NATO and partner in the European Union, to withdraw any support for the project and to take steps to immediately and effectively stop its construction as a project contrary to the security interests of the European Union and our region, opening the way to energy blackmail and political corruption.<\/p>\n\n\n\n<p>The Parliamentary Foreign Affairs Committee in 2020 gained an additional field for developing international and inter-parliamentary cooperation - the Carpathian Europe Conference. In 2021, this format successfully proved itself as a platform for talks between the chairpersons of European Foreign Affairs Committees, parliamentarians, scientists, entrepreneurs. Here, the community of spirit - values, culture, traditions, environmental protection - comes to the fore, but common interests are also important to ensure the development of the region or security. Carpathian Europe means also interesting initiatives - one of them is Digital Carpathian Europe inaugurated together with GovTech KPRM, i.e. a program responsible for projection and implementation of digitalization among the countries of Central and Eastern Europe. The aim of the program is to increase the recognition and attractiveness of the region, to build awareness among residents and tourists, and to strengthen cooperation in the region, also within the framework of the European Union or Tri-Cities.<\/p>\n\n\n\n<div data-wp-interactive=\"core\/file\" class=\"wp-block-file\"><object data-wp-bind--hidden=\"!state.hasPdfPreview\" hidden class=\"wp-block-file__embed\" data=\"https:\/\/marekkuchcinski.pl\/wp-content\/uploads\/2022\/01\/ATYWNOSC-MIEDZYNARODOWA-PRZEWODNICZACEGO-KOMISJI-SPARW-ZAGRANICZNYCH-.pdf\" type=\"application\/pdf\" style=\"width:100%;height:600px\" aria-label=\"Embed of Osadzone z ATYWNOSC-MIEDZYNARODOWA-PRZEWODNICZACEGO-KOMISJI-SPARW-ZAGRANICZNYCH-..\"><\/object><a href=\"https:\/\/marekkuchcinski.pl\/wp-content\/uploads\/2022\/01\/ATYWNOSC-MIEDZYNARODOWA-PRZEWODNICZACEGO-KOMISJI-SPARW-ZAGRANICZNYCH-.pdf\">INTERNATIONAL-ACTIVITY-OF-THE-PRESIDENT-OF-THE-FOREIGN-AFFAIRS-COMMITTEE-<\/a><a href=\"https:\/\/marekkuchcinski.pl\/wp-content\/uploads\/2022\/01\/ATYWNOSC-MIEDZYNARODOWA-PRZEWODNICZACEGO-KOMISJI-SPARW-ZAGRANICZNYCH-.pdf\" class=\"wp-block-file__button\" download>Download<\/a><\/div>\n\n\n\n<figure class=\"wp-block-image size-large\"><a href=\"https:\/\/marekkuchcinski.pl\/wp-content\/uploads\/2021\/12\/kolaz-2021.jpg\"><img fetchpriority=\"high\" decoding=\"async\" width=\"1024\" height=\"819\" src=\"https:\/\/marekkuchcinski.pl\/wp-content\/uploads\/2021\/12\/kolaz-2021-1024x819.jpg\" alt=\"\" class=\"wp-image-24145\" srcset=\"https:\/\/marekkuchcinski.pl\/wp-content\/uploads\/2021\/12\/kolaz-2021-1024x819.jpg 1024w, https:\/\/marekkuchcinski.pl\/wp-content\/uploads\/2021\/12\/kolaz-2021-300x240.jpg 300w, https:\/\/marekkuchcinski.pl\/wp-content\/uploads\/2021\/12\/kolaz-2021-768x614.jpg 768w, https:\/\/marekkuchcinski.pl\/wp-content\/uploads\/2021\/12\/kolaz-2021-1536x1229.jpg 1536w, https:\/\/marekkuchcinski.pl\/wp-content\/uploads\/2021\/12\/kolaz-2021-15x12.jpg 15w, https:\/\/marekkuchcinski.pl\/wp-content\/uploads\/2021\/12\/kolaz-2021.jpg 1920w\" sizes=\"(max-width: 1024px) 100vw, 1024px\" \/><\/a><\/figure>","protected":false},"excerpt":{"rendered":"<p>Summary The year 2021 in the work of the Foreign Affairs Committee (FAC) was primarily marked by building and developing inter-parliamentary relations. - We support the cooperation of our parliaments to speak with one strong voice on key issues, such as security,\" stressed Commission Chairman Marek Kuchcinski, who discussed the current situation in the world with his counterparts from Germany, Lithuania, Ukraine, Latvia, [...]<\/p>","protected":false},"author":21,"featured_media":24147,"comment_status":"open","ping_status":"open","sticky":false,"template":"","format":"standard","meta":{"ngg_post_thumbnail":0,"footnotes":""},"categories":[50,3],"tags":[],"class_list":["post-24144","post","type-post","status-publish","format-standard","has-post-thumbnail","hentry","category-wspolpraca-miedzynarodowa","category-wydarzenia"],"yoast_head":"<!-- This site is optimized with the Yoast SEO plugin v24.7 - https:\/\/yoast.com\/wordpress\/plugins\/seo\/ -->\n<title>2021 w pracach Komisji Spraw Zagranicznych &#8211; Marek Kuchci\u0144ski<\/title>\n<meta name=\"robots\" content=\"index, follow, max-snippet:-1, max-image-preview:large, max-video-preview:-1\" \/>\n<link rel=\"canonical\" href=\"https:\/\/marekkuchcinski.pl\/en\/wydarzenia\/2021-w-pracach-komisji-spraw-zagranicznych\/\" \/>\n<meta property=\"og:locale\" content=\"en_GB\" \/>\n<meta property=\"og:type\" content=\"article\" \/>\n<meta property=\"og:title\" content=\"2021 w pracach Komisji Spraw Zagranicznych &#8211; Marek Kuchci\u0144ski\" \/>\n<meta property=\"og:description\" content=\"Podsumowanie Rok 2021 w pracach Komisji Spraw Zagranicznych (SZA) up\u0142yn\u0105\u0142 przede wszystkim pod znakiem budowania i rozwijania relacji mi\u0119dzyparlamentarnych. \u2013 Popieramy wsp\u00f3\u0142prac\u0119 naszych parlament\u00f3w, by w kluczowych sprawach, jak bezpiecze\u0144stwo, m\u00f3wi\u0107 jednym silnym g\u0142osem \u2013 podkre\u015bla przewodnicz\u0105cy Komisji Marek Kuchci\u0144ski, kt\u00f3ry o bie\u017c\u0105cej sytuacji na \u015bwiecie rozmawia\u0142 ze swoimi odpowiednikami z Niemiec, Litwy, Ukrainy, \u0141otwy, [&hellip;]\" \/>\n<meta property=\"og:url\" content=\"https:\/\/marekkuchcinski.pl\/en\/wydarzenia\/2021-w-pracach-komisji-spraw-zagranicznych\/\" \/>\n<meta property=\"og:site_name\" content=\"Marek Kuchci\u0144ski\" \/>\n<meta property=\"article:published_time\" content=\"2021-12-31T13:10:16+00:00\" \/>\n<meta property=\"article:modified_time\" content=\"2022-01-03T15:19:37+00:00\" \/>\n<meta property=\"og:image\" content=\"https:\/\/marekkuchcinski.pl\/wp-content\/uploads\/2021\/12\/a.jpg\" \/>\n\t<meta property=\"og:image:width\" content=\"1919\" \/>\n\t<meta property=\"og:image:height\" content=\"1370\" \/>\n\t<meta property=\"og:image:type\" content=\"image\/jpeg\" \/>\n<meta name=\"author\" content=\"Marta Olejnik\" \/>\n<meta name=\"twitter:card\" content=\"summary_large_image\" \/>\n<meta name=\"twitter:label1\" content=\"Written by\" \/>\n\t<meta name=\"twitter:data1\" content=\"Marta Olejnik\" \/>\n\t<meta name=\"twitter:label2\" content=\"Estimated reading time\" \/>\n\t<meta name=\"twitter:data2\" content=\"3 minutes\" \/>\n<script type=\"application\/ld+json\" class=\"yoast-schema-graph\">{\"@context\":\"https:\/\/schema.org\",\"@graph\":[{\"@type\":\"Article\",\"@id\":\"https:\/\/marekkuchcinski.pl\/ro\/wydarzenia\/2021-w-pracach-komisji-spraw-zagranicznych\/#article\",\"isPartOf\":{\"@id\":\"https:\/\/marekkuchcinski.pl\/ro\/wydarzenia\/2021-w-pracach-komisji-spraw-zagranicznych\/\"},\"author\":{\"name\":\"Marta Olejnik\",\"@id\":\"https:\/\/marekkuchcinski.pl\/#\/schema\/person\/51d5d4ee3b5317b8e4dd2b48af359229\"},\"headline\":\"2021 w pracach Komisji Spraw Zagranicznych\",\"datePublished\":\"2021-12-31T13:10:16+00:00\",\"dateModified\":\"2022-01-03T15:19:37+00:00\",\"mainEntityOfPage\":{\"@id\":\"https:\/\/marekkuchcinski.pl\/ro\/wydarzenia\/2021-w-pracach-komisji-spraw-zagranicznych\/\"},\"wordCount\":721,\"commentCount\":0,\"publisher\":{\"@id\":\"https:\/\/marekkuchcinski.pl\/#organization\"},\"image\":{\"@id\":\"https:\/\/marekkuchcinski.pl\/ro\/wydarzenia\/2021-w-pracach-komisji-spraw-zagranicznych\/#primaryimage\"},\"thumbnailUrl\":\"https:\/\/marekkuchcinski.pl\/wp-content\/uploads\/2021\/12\/a.jpg\",\"articleSection\":[\"Wsp\u00f3\u0142praca mi\u0119dzynarodowa\",\"Wydarzenia\"],\"inLanguage\":\"en-GB\",\"potentialAction\":[{\"@type\":\"CommentAction\",\"name\":\"Comment\",\"target\":[\"https:\/\/marekkuchcinski.pl\/ro\/wydarzenia\/2021-w-pracach-komisji-spraw-zagranicznych\/#respond\"]}]},{\"@type\":\"WebPage\",\"@id\":\"https:\/\/marekkuchcinski.pl\/ro\/wydarzenia\/2021-w-pracach-komisji-spraw-zagranicznych\/\",\"url\":\"https:\/\/marekkuchcinski.pl\/ro\/wydarzenia\/2021-w-pracach-komisji-spraw-zagranicznych\/\",\"name\":\"2021 w pracach Komisji Spraw Zagranicznych &#8211; Marek Kuchci\u0144ski\",\"isPartOf\":{\"@id\":\"https:\/\/marekkuchcinski.pl\/#website\"},\"primaryImageOfPage\":{\"@id\":\"https:\/\/marekkuchcinski.pl\/ro\/wydarzenia\/2021-w-pracach-komisji-spraw-zagranicznych\/#primaryimage\"},\"image\":{\"@id\":\"https:\/\/marekkuchcinski.pl\/ro\/wydarzenia\/2021-w-pracach-komisji-spraw-zagranicznych\/#primaryimage\"},\"thumbnailUrl\":\"https:\/\/marekkuchcinski.pl\/wp-content\/uploads\/2021\/12\/a.jpg\",\"datePublished\":\"2021-12-31T13:10:16+00:00\",\"dateModified\":\"2022-01-03T15:19:37+00:00\",\"breadcrumb\":{\"@id\":\"https:\/\/marekkuchcinski.pl\/ro\/wydarzenia\/2021-w-pracach-komisji-spraw-zagranicznych\/#breadcrumb\"},\"inLanguage\":\"en-GB\",\"potentialAction\":[{\"@type\":\"ReadAction\",\"target\":[\"https:\/\/marekkuchcinski.pl\/ro\/wydarzenia\/2021-w-pracach-komisji-spraw-zagranicznych\/\"]}]},{\"@type\":\"ImageObject\",\"inLanguage\":\"en-GB\",\"@id\":\"https:\/\/marekkuchcinski.pl\/ro\/wydarzenia\/2021-w-pracach-komisji-spraw-zagranicznych\/#primaryimage\",\"url\":\"https:\/\/marekkuchcinski.pl\/wp-content\/uploads\/2021\/12\/a.jpg\",\"contentUrl\":\"https:\/\/marekkuchcinski.pl\/wp-content\/uploads\/2021\/12\/a.jpg\",\"width\":1919,\"height\":1370},{\"@type\":\"BreadcrumbList\",\"@id\":\"https:\/\/marekkuchcinski.pl\/ro\/wydarzenia\/2021-w-pracach-komisji-spraw-zagranicznych\/#breadcrumb\",\"itemListElement\":[{\"@type\":\"ListItem\",\"position\":1,\"name\":\"Strona g\u0142\u00f3wna\",\"item\":\"https:\/\/marekkuchcinski.pl\/\"},{\"@type\":\"ListItem\",\"position\":2,\"name\":\"2021 w pracach Komisji Spraw Zagranicznych\"}]},{\"@type\":\"WebSite\",\"@id\":\"https:\/\/marekkuchcinski.pl\/#website\",\"url\":\"https:\/\/marekkuchcinski.pl\/\",\"name\":\"Marek Kuchci\u0144ski\",\"description\":\"Pose\u0142 na sejm RP &ndash; okr\u0119g nr 22\",\"publisher\":{\"@id\":\"https:\/\/marekkuchcinski.pl\/#organization\"},\"potentialAction\":[{\"@type\":\"SearchAction\",\"target\":{\"@type\":\"EntryPoint\",\"urlTemplate\":\"https:\/\/marekkuchcinski.pl\/?s={search_term_string}\"},\"query-input\":{\"@type\":\"PropertyValueSpecification\",\"valueRequired\":true,\"valueName\":\"search_term_string\"}}],\"inLanguage\":\"en-GB\"},{\"@type\":\"Organization\",\"@id\":\"https:\/\/marekkuchcinski.pl\/#organization\",\"name\":\"Marek Kuchci\u0144ski\",\"url\":\"https:\/\/marekkuchcinski.pl\/\",\"logo\":{\"@type\":\"ImageObject\",\"inLanguage\":\"en-GB\",\"@id\":\"https:\/\/marekkuchcinski.pl\/#\/schema\/logo\/image\/\",\"url\":\"https:\/\/marekkuchcinski.pl\/wp-content\/uploads\/2022\/09\/Marek.jpg\",\"contentUrl\":\"https:\/\/marekkuchcinski.pl\/wp-content\/uploads\/2022\/09\/Marek.jpg\",\"width\":1600,\"height\":971,\"caption\":\"Marek Kuchci\u0144ski\"},\"image\":{\"@id\":\"https:\/\/marekkuchcinski.pl\/#\/schema\/logo\/image\/\"}},{\"@type\":\"Person\",\"@id\":\"https:\/\/marekkuchcinski.pl\/#\/schema\/person\/51d5d4ee3b5317b8e4dd2b48af359229\",\"name\":\"Marta Olejnik\",\"image\":{\"@type\":\"ImageObject\",\"inLanguage\":\"en-GB\",\"@id\":\"https:\/\/marekkuchcinski.pl\/#\/schema\/person\/image\/\",\"url\":\"https:\/\/secure.gravatar.com\/avatar\/e39914b2aa6a48959e24d475b5dc9793?s=96&d=mm&r=g\",\"contentUrl\":\"https:\/\/secure.gravatar.com\/avatar\/e39914b2aa6a48959e24d475b5dc9793?s=96&d=mm&r=g\",\"caption\":\"Marta Olejnik\"},\"url\":\"https:\/\/marekkuchcinski.pl\/en\/author\/marta\/\"}]}<\/script>\n<!-- \/ Yoast SEO plugin. -->","yoast_head_json":{"title":"2021 w pracach Komisji Spraw Zagranicznych &#8211; Marek Kuchci\u0144ski","robots":{"index":"index","follow":"follow","max-snippet":"max-snippet:-1","max-image-preview":"max-image-preview:large","max-video-preview":"max-video-preview:-1"},"canonical":"https:\/\/marekkuchcinski.pl\/en\/wydarzenia\/2021-w-pracach-komisji-spraw-zagranicznych\/","og_locale":"en_GB","og_type":"article","og_title":"2021 w pracach Komisji Spraw Zagranicznych &#8211; Marek Kuchci\u0144ski","og_description":"Podsumowanie Rok 2021 w pracach Komisji Spraw Zagranicznych (SZA) up\u0142yn\u0105\u0142 przede wszystkim pod znakiem budowania i rozwijania relacji mi\u0119dzyparlamentarnych. \u2013 Popieramy wsp\u00f3\u0142prac\u0119 naszych parlament\u00f3w, by w kluczowych sprawach, jak bezpiecze\u0144stwo, m\u00f3wi\u0107 jednym silnym g\u0142osem \u2013 podkre\u015bla przewodnicz\u0105cy Komisji Marek Kuchci\u0144ski, kt\u00f3ry o bie\u017c\u0105cej sytuacji na \u015bwiecie rozmawia\u0142 ze swoimi odpowiednikami z Niemiec, Litwy, Ukrainy, \u0141otwy, [&hellip;]","og_url":"https:\/\/marekkuchcinski.pl\/en\/wydarzenia\/2021-w-pracach-komisji-spraw-zagranicznych\/","og_site_name":"Marek Kuchci\u0144ski","article_published_time":"2021-12-31T13:10:16+00:00","article_modified_time":"2022-01-03T15:19:37+00:00","og_image":[{"width":1919,"height":1370,"url":"https:\/\/marekkuchcinski.pl\/wp-content\/uploads\/2021\/12\/a.jpg","type":"image\/jpeg"}],"author":"Marta Olejnik","twitter_card":"summary_large_image","twitter_misc":{"Written by":"Marta Olejnik","Estimated reading time":"3 minutes"},"schema":{"@context":"https:\/\/schema.org","@graph":[{"@type":"Article","@id":"https:\/\/marekkuchcinski.pl\/ro\/wydarzenia\/2021-w-pracach-komisji-spraw-zagranicznych\/#article","isPartOf":{"@id":"https:\/\/marekkuchcinski.pl\/ro\/wydarzenia\/2021-w-pracach-komisji-spraw-zagranicznych\/"},"author":{"name":"Marta Olejnik","@id":"https:\/\/marekkuchcinski.pl\/#\/schema\/person\/51d5d4ee3b5317b8e4dd2b48af359229"},"headline":"2021 w pracach Komisji Spraw Zagranicznych","datePublished":"2021-12-31T13:10:16+00:00","dateModified":"2022-01-03T15:19:37+00:00","mainEntityOfPage":{"@id":"https:\/\/marekkuchcinski.pl\/ro\/wydarzenia\/2021-w-pracach-komisji-spraw-zagranicznych\/"},"wordCount":721,"commentCount":0,"publisher":{"@id":"https:\/\/marekkuchcinski.pl\/#organization"},"image":{"@id":"https:\/\/marekkuchcinski.pl\/ro\/wydarzenia\/2021-w-pracach-komisji-spraw-zagranicznych\/#primaryimage"},"thumbnailUrl":"https:\/\/marekkuchcinski.pl\/wp-content\/uploads\/2021\/12\/a.jpg","articleSection":["Wsp\u00f3\u0142praca mi\u0119dzynarodowa","Wydarzenia"],"inLanguage":"en-GB","potentialAction":[{"@type":"CommentAction","name":"Comment","target":["https:\/\/marekkuchcinski.pl\/ro\/wydarzenia\/2021-w-pracach-komisji-spraw-zagranicznych\/#respond"]}]},{"@type":"WebPage","@id":"https:\/\/marekkuchcinski.pl\/ro\/wydarzenia\/2021-w-pracach-komisji-spraw-zagranicznych\/","url":"https:\/\/marekkuchcinski.pl\/ro\/wydarzenia\/2021-w-pracach-komisji-spraw-zagranicznych\/","name":"2021 w pracach Komisji Spraw Zagranicznych &#8211; Marek Kuchci\u0144ski","isPartOf":{"@id":"https:\/\/marekkuchcinski.pl\/#website"},"primaryImageOfPage":{"@id":"https:\/\/marekkuchcinski.pl\/ro\/wydarzenia\/2021-w-pracach-komisji-spraw-zagranicznych\/#primaryimage"},"image":{"@id":"https:\/\/marekkuchcinski.pl\/ro\/wydarzenia\/2021-w-pracach-komisji-spraw-zagranicznych\/#primaryimage"},"thumbnailUrl":"https:\/\/marekkuchcinski.pl\/wp-content\/uploads\/2021\/12\/a.jpg","datePublished":"2021-12-31T13:10:16+00:00","dateModified":"2022-01-03T15:19:37+00:00","breadcrumb":{"@id":"https:\/\/marekkuchcinski.pl\/ro\/wydarzenia\/2021-w-pracach-komisji-spraw-zagranicznych\/#breadcrumb"},"inLanguage":"en-GB","potentialAction":[{"@type":"ReadAction","target":["https:\/\/marekkuchcinski.pl\/ro\/wydarzenia\/2021-w-pracach-komisji-spraw-zagranicznych\/"]}]},{"@type":"ImageObject","inLanguage":"en-GB","@id":"https:\/\/marekkuchcinski.pl\/ro\/wydarzenia\/2021-w-pracach-komisji-spraw-zagranicznych\/#primaryimage","url":"https:\/\/marekkuchcinski.pl\/wp-content\/uploads\/2021\/12\/a.jpg","contentUrl":"https:\/\/marekkuchcinski.pl\/wp-content\/uploads\/2021\/12\/a.jpg","width":1919,"height":1370},{"@type":"BreadcrumbList","@id":"https:\/\/marekkuchcinski.pl\/ro\/wydarzenia\/2021-w-pracach-komisji-spraw-zagranicznych\/#breadcrumb","itemListElement":[{"@type":"ListItem","position":1,"name":"Strona g\u0142\u00f3wna","item":"https:\/\/marekkuchcinski.pl\/"},{"@type":"ListItem","position":2,"name":"2021 w pracach Komisji Spraw Zagranicznych"}]},{"@type":"WebSite","@id":"https:\/\/marekkuchcinski.pl\/#website","url":"https:\/\/marekkuchcinski.pl\/","name":"Marek Kuchci\u0144ski","description":"Pose\u0142 na sejm RP &ndash; okr\u0119g nr 22","publisher":{"@id":"https:\/\/marekkuchcinski.pl\/#organization"},"potentialAction":[{"@type":"SearchAction","target":{"@type":"EntryPoint","urlTemplate":"https:\/\/marekkuchcinski.pl\/?s={search_term_string}"},"query-input":{"@type":"PropertyValueSpecification","valueRequired":true,"valueName":"search_term_string"}}],"inLanguage":"en-GB"},{"@type":"Organization","@id":"https:\/\/marekkuchcinski.pl\/#organization","name":"Marek Kuchci\u0144ski","url":"https:\/\/marekkuchcinski.pl\/","logo":{"@type":"ImageObject","inLanguage":"en-GB","@id":"https:\/\/marekkuchcinski.pl\/#\/schema\/logo\/image\/","url":"https:\/\/marekkuchcinski.pl\/wp-content\/uploads\/2022\/09\/Marek.jpg","contentUrl":"https:\/\/marekkuchcinski.pl\/wp-content\/uploads\/2022\/09\/Marek.jpg","width":1600,"height":971,"caption":"Marek Kuchci\u0144ski"},"image":{"@id":"https:\/\/marekkuchcinski.pl\/#\/schema\/logo\/image\/"}},{"@type":"Person","@id":"https:\/\/marekkuchcinski.pl\/#\/schema\/person\/51d5d4ee3b5317b8e4dd2b48af359229","name":"Marta Olejnik","image":{"@type":"ImageObject","inLanguage":"en-GB","@id":"https:\/\/marekkuchcinski.pl\/#\/schema\/person\/image\/","url":"https:\/\/secure.gravatar.com\/avatar\/e39914b2aa6a48959e24d475b5dc9793?s=96&d=mm&r=g","contentUrl":"https:\/\/secure.gravatar.com\/avatar\/e39914b2aa6a48959e24d475b5dc9793?s=96&d=mm&r=g","caption":"Marta Olejnik"},"url":"https:\/\/marekkuchcinski.pl\/en\/author\/marta\/"}]}},"_links":{"self":[{"href":"https:\/\/marekkuchcinski.pl\/en\/wp-json\/wp\/v2\/posts\/24144","targetHints":{"allow":["GET"]}}],"collection":[{"href":"https:\/\/marekkuchcinski.pl\/en\/wp-json\/wp\/v2\/posts"}],"about":[{"href":"https:\/\/marekkuchcinski.pl\/en\/wp-json\/wp\/v2\/types\/post"}],"author":[{"embeddable":true,"href":"https:\/\/marekkuchcinski.pl\/en\/wp-json\/wp\/v2\/users\/21"}],"replies":[{"embeddable":true,"href":"https:\/\/marekkuchcinski.pl\/en\/wp-json\/wp\/v2\/comments?post=24144"}],"version-history":[{"count":3,"href":"https:\/\/marekkuchcinski.pl\/en\/wp-json\/wp\/v2\/posts\/24144\/revisions"}],"predecessor-version":[{"id":24150,"href":"https:\/\/marekkuchcinski.pl\/en\/wp-json\/wp\/v2\/posts\/24144\/revisions\/24150"}],"wp:featuredmedia":[{"embeddable":true,"href":"https:\/\/marekkuchcinski.pl\/en\/wp-json\/wp\/v2\/media\/24147"}],"wp:attachment":[{"href":"https:\/\/marekkuchcinski.pl\/en\/wp-json\/wp\/v2\/media?parent=24144"}],"wp:term":[{"taxonomy":"category","embeddable":true,"href":"https:\/\/marekkuchcinski.pl\/en\/wp-json\/wp\/v2\/categories?post=24144"},{"taxonomy":"post_tag","embeddable":true,"href":"https:\/\/marekkuchcinski.pl\/en\/wp-json\/wp\/v2\/tags?post=24144"}],"curies":[{"name":"wp","href":"https:\/\/api.w.org\/{rel}","templated":true}]}}