{"id":24,"date":"2011-06-21T12:19:24","date_gmt":"2011-06-21T10:19:24","guid":{"rendered":"https:\/\/marekkuchcinski.pl\/?p=24"},"modified":"2016-08-25T17:06:41","modified_gmt":"2016-08-25T15:06:41","slug":"biuraporad","status":"publish","type":"post","link":"https:\/\/marekkuchcinski.pl\/en\/kontakt\/biuraporad\/","title":{"rendered":"Intervention and advice bureaus"},"content":{"rendered":"<p>Przemy\u015bl, 37-700 Przemy\u015bl, Wybrze\u017ce J\u00f3zefa Pi\u0142sudskiego 1, tel.\/fax (16) 678 49 19, <a href=\"mailto:biuro@marekkuchcinski.pl\">biuro@marekkuchcinski.pl<\/a><\/p>\n<p><img decoding=\"async\" class=\"alignleft size-full wp-image-23\" src=\"https:\/\/marekkuchcinski.pl\/wp-content\/uploads\/2011\/06\/blizej_ludzi_kontakt.jpg\" alt=\"\" style=\"float: left;\" width=\"150\" height=\"84\" \/><strong>bureau for intervention and advice of the law and justice party<\/strong> These offices were set up in November and December 2001, shortly after the parliamentary elections, on the initiative of Marek Kuchci\u0144ski, as a result of the implementation of his electoral programme, the key elements of which are: equality of all citizens before the law, honesty and openness of public life, respect for ordinary people. That is why BIiP provide help to everyone, who was affected by injustice, incompetence or arrogance of public offices.<\/p>\n<p>Since February 2003, the Office of Intervention and Counseling in Przemy\u015bl has expanded the scope of its work by creating a database of European funds. This allowed to effectively inform the interested parties (local institutions, self-government units, NGOs, schools, informal groups, etc.) about new competitions and grant programs in the field of education, culture, ecology, health care, social initiatives and many others.Since June 2006 the BIiPs have received a new name: Voters' Service Points. They continue their work all the time. Voters' Service Centers operating at the MP Marek Kuchci\u0144ski's offices provided assistance in over 15000 cases until June 2011.<\/p>","protected":false},"excerpt":{"rendered":"<p>Przemy\u015bl, 37-700 Przemy\u015bl, Wybrze\u017ce J\u00f3zefa Pi\u0142sudskiego 1, tel. \/faks (16) 678 49 19, biuro@marekkuchcinski.pl BIURA INTERWENCJI I PORAD PiS dzia\u0142aj\u0105ce przy biurach poselskich Marka Kuchci\u0144skiego powsta\u0142y w listopadzie i grudniu 2001 roku, tu\u017c po wyborach parlamentarnych z inicjatywy samego pos\u0142a.Powo\u0142anie tych biur by\u0142o wynikiem realizacji programu wyborczego, kt\u00f3rego bardzo wa\u017cnymi elementami s\u0105: r\u00f3wno\u015b\u0107 wszystkich obywateli [&hellip;]<\/p>","protected":false},"author":6,"featured_media":23,"comment_status":"open","ping_status":"open","sticky":false,"template":"","format":"standard","meta":{"ngg_post_thumbnail":0,"footnotes":""},"categories":[33],"tags":[],"class_list":["post-24","post","type-post","status-publish","format-standard","has-post-thumbnail","hentry","category-kontakt"],"yoast_head":"<!-- This site is optimized with the Yoast SEO plugin v24.7 - https:\/\/yoast.com\/wordpress\/plugins\/seo\/ -->\n<title>Biura interwencji i porad &#8211; Marek Kuchci\u0144ski<\/title>\n<meta name=\"robots\" content=\"index, follow, max-snippet:-1, max-image-preview:large, max-video-preview:-1\" \/>\n<link rel=\"canonical\" href=\"https:\/\/marekkuchcinski.pl\/en\/kontakt\/biuraporad\/\" \/>\n<meta property=\"og:locale\" content=\"en_GB\" \/>\n<meta property=\"og:type\" content=\"article\" \/>\n<meta property=\"og:title\" content=\"Biura interwencji i porad &#8211; Marek Kuchci\u0144ski\" \/>\n<meta property=\"og:description\" content=\"Przemy\u015bl, 37-700 Przemy\u015bl, Wybrze\u017ce J\u00f3zefa Pi\u0142sudskiego 1, tel. \/faks (16) 678 49 19, biuro@marekkuchcinski.pl BIURA INTERWENCJI I PORAD PiS dzia\u0142aj\u0105ce przy biurach poselskich Marka Kuchci\u0144skiego powsta\u0142y w listopadzie i grudniu 2001 roku, tu\u017c po wyborach parlamentarnych z inicjatywy samego pos\u0142a.Powo\u0142anie tych biur by\u0142o wynikiem realizacji programu wyborczego, kt\u00f3rego bardzo wa\u017cnymi elementami s\u0105: r\u00f3wno\u015b\u0107 wszystkich obywateli [&hellip;]\" \/>\n<meta property=\"og:url\" content=\"https:\/\/marekkuchcinski.pl\/en\/kontakt\/biuraporad\/\" \/>\n<meta property=\"og:site_name\" content=\"Marek Kuchci\u0144ski\" \/>\n<meta property=\"article:published_time\" content=\"2011-06-21T10:19:24+00:00\" \/>\n<meta property=\"article:modified_time\" content=\"2016-08-25T15:06:41+00:00\" \/>\n<meta property=\"og:image\" content=\"https:\/\/marekkuchcinski.pl\/wp-content\/uploads\/2011\/06\/blizej_ludzi_kontakt.jpg\" \/>\n\t<meta property=\"og:image:width\" content=\"150\" \/>\n\t<meta property=\"og:image:height\" content=\"84\" \/>\n\t<meta property=\"og:image:type\" content=\"image\/jpeg\" \/>\n<meta name=\"author\" content=\"admin\" \/>\n<meta name=\"twitter:card\" content=\"summary_large_image\" \/>\n<meta name=\"twitter:label1\" content=\"Written by\" \/>\n\t<meta name=\"twitter:data1\" content=\"admin\" \/>\n\t<meta name=\"twitter:label2\" content=\"Estimated reading time\" \/>\n\t<meta name=\"twitter:data2\" content=\"1 minute\" \/>\n<script type=\"application\/ld+json\" class=\"yoast-schema-graph\">{\"@context\":\"https:\/\/schema.org\",\"@graph\":[{\"@type\":\"Article\",\"@id\":\"https:\/\/marekkuchcinski.pl\/kontakt\/biuraporad\/#article\",\"isPartOf\":{\"@id\":\"https:\/\/marekkuchcinski.pl\/kontakt\/biuraporad\/\"},\"author\":{\"name\":\"admin\",\"@id\":\"https:\/\/marekkuchcinski.pl\/#\/schema\/person\/6f62700996b4d950b6ea2d1183b6c6be\"},\"headline\":\"Biura interwencji i porad\",\"datePublished\":\"2011-06-21T10:19:24+00:00\",\"dateModified\":\"2016-08-25T15:06:41+00:00\",\"mainEntityOfPage\":{\"@id\":\"https:\/\/marekkuchcinski.pl\/kontakt\/biuraporad\/\"},\"wordCount\":229,\"commentCount\":0,\"publisher\":{\"@id\":\"https:\/\/marekkuchcinski.pl\/#organization\"},\"image\":{\"@id\":\"https:\/\/marekkuchcinski.pl\/kontakt\/biuraporad\/#primaryimage\"},\"thumbnailUrl\":\"https:\/\/marekkuchcinski.pl\/wp-content\/uploads\/2011\/06\/blizej_ludzi_kontakt.jpg\",\"articleSection\":[\"Kontakt\"],\"inLanguage\":\"en-GB\",\"potentialAction\":[{\"@type\":\"CommentAction\",\"name\":\"Comment\",\"target\":[\"https:\/\/marekkuchcinski.pl\/kontakt\/biuraporad\/#respond\"]}]},{\"@type\":\"WebPage\",\"@id\":\"https:\/\/marekkuchcinski.pl\/kontakt\/biuraporad\/\",\"url\":\"https:\/\/marekkuchcinski.pl\/kontakt\/biuraporad\/\",\"name\":\"Biura interwencji i porad &#8211; Marek Kuchci\u0144ski\",\"isPartOf\":{\"@id\":\"https:\/\/marekkuchcinski.pl\/#website\"},\"primaryImageOfPage\":{\"@id\":\"https:\/\/marekkuchcinski.pl\/kontakt\/biuraporad\/#primaryimage\"},\"image\":{\"@id\":\"https:\/\/marekkuchcinski.pl\/kontakt\/biuraporad\/#primaryimage\"},\"thumbnailUrl\":\"https:\/\/marekkuchcinski.pl\/wp-content\/uploads\/2011\/06\/blizej_ludzi_kontakt.jpg\",\"datePublished\":\"2011-06-21T10:19:24+00:00\",\"dateModified\":\"2016-08-25T15:06:41+00:00\",\"breadcrumb\":{\"@id\":\"https:\/\/marekkuchcinski.pl\/kontakt\/biuraporad\/#breadcrumb\"},\"inLanguage\":\"en-GB\",\"potentialAction\":[{\"@type\":\"ReadAction\",\"target\":[\"https:\/\/marekkuchcinski.pl\/kontakt\/biuraporad\/\"]}]},{\"@type\":\"ImageObject\",\"inLanguage\":\"en-GB\",\"@id\":\"https:\/\/marekkuchcinski.pl\/kontakt\/biuraporad\/#primaryimage\",\"url\":\"https:\/\/marekkuchcinski.pl\/wp-content\/uploads\/2011\/06\/blizej_ludzi_kontakt.jpg\",\"contentUrl\":\"https:\/\/marekkuchcinski.pl\/wp-content\/uploads\/2011\/06\/blizej_ludzi_kontakt.jpg\",\"width\":150,\"height\":84},{\"@type\":\"BreadcrumbList\",\"@id\":\"https:\/\/marekkuchcinski.pl\/kontakt\/biuraporad\/#breadcrumb\",\"itemListElement\":[{\"@type\":\"ListItem\",\"position\":1,\"name\":\"Strona g\u0142\u00f3wna\",\"item\":\"https:\/\/marekkuchcinski.pl\/\"},{\"@type\":\"ListItem\",\"position\":2,\"name\":\"Biura interwencji i porad\"}]},{\"@type\":\"WebSite\",\"@id\":\"https:\/\/marekkuchcinski.pl\/#website\",\"url\":\"https:\/\/marekkuchcinski.pl\/\",\"name\":\"Marek Kuchci\u0144ski\",\"description\":\"Pose\u0142 na sejm RP &ndash; okr\u0119g nr 22\",\"publisher\":{\"@id\":\"https:\/\/marekkuchcinski.pl\/#organization\"},\"potentialAction\":[{\"@type\":\"SearchAction\",\"target\":{\"@type\":\"EntryPoint\",\"urlTemplate\":\"https:\/\/marekkuchcinski.pl\/?s={search_term_string}\"},\"query-input\":{\"@type\":\"PropertyValueSpecification\",\"valueRequired\":true,\"valueName\":\"search_term_string\"}}],\"inLanguage\":\"en-GB\"},{\"@type\":\"Organization\",\"@id\":\"https:\/\/marekkuchcinski.pl\/#organization\",\"name\":\"Marek Kuchci\u0144ski\",\"url\":\"https:\/\/marekkuchcinski.pl\/\",\"logo\":{\"@type\":\"ImageObject\",\"inLanguage\":\"en-GB\",\"@id\":\"https:\/\/marekkuchcinski.pl\/#\/schema\/logo\/image\/\",\"url\":\"https:\/\/marekkuchcinski.pl\/wp-content\/uploads\/2022\/09\/Marek.jpg\",\"contentUrl\":\"https:\/\/marekkuchcinski.pl\/wp-content\/uploads\/2022\/09\/Marek.jpg\",\"width\":1600,\"height\":971,\"caption\":\"Marek Kuchci\u0144ski\"},\"image\":{\"@id\":\"https:\/\/marekkuchcinski.pl\/#\/schema\/logo\/image\/\"}},{\"@type\":\"Person\",\"@id\":\"https:\/\/marekkuchcinski.pl\/#\/schema\/person\/6f62700996b4d950b6ea2d1183b6c6be\",\"name\":\"admin\",\"image\":{\"@type\":\"ImageObject\",\"inLanguage\":\"en-GB\",\"@id\":\"https:\/\/marekkuchcinski.pl\/#\/schema\/person\/image\/\",\"url\":\"https:\/\/secure.gravatar.com\/avatar\/4bab693b9d55c3d6b52c0296a8765085?s=96&d=mm&r=g\",\"contentUrl\":\"https:\/\/secure.gravatar.com\/avatar\/4bab693b9d55c3d6b52c0296a8765085?s=96&d=mm&r=g\",\"caption\":\"admin\"},\"url\":\"https:\/\/marekkuchcinski.pl\/en\/author\/marta-olejnik\/\"}]}<\/script>\n<!-- \/ Yoast SEO plugin. -->","yoast_head_json":{"title":"Biura interwencji i porad &#8211; Marek Kuchci\u0144ski","robots":{"index":"index","follow":"follow","max-snippet":"max-snippet:-1","max-image-preview":"max-image-preview:large","max-video-preview":"max-video-preview:-1"},"canonical":"https:\/\/marekkuchcinski.pl\/en\/kontakt\/biuraporad\/","og_locale":"en_GB","og_type":"article","og_title":"Biura interwencji i porad &#8211; Marek Kuchci\u0144ski","og_description":"Przemy\u015bl, 37-700 Przemy\u015bl, Wybrze\u017ce J\u00f3zefa Pi\u0142sudskiego 1, tel. \/faks (16) 678 49 19, biuro@marekkuchcinski.pl BIURA INTERWENCJI I PORAD PiS dzia\u0142aj\u0105ce przy biurach poselskich Marka Kuchci\u0144skiego powsta\u0142y w listopadzie i grudniu 2001 roku, tu\u017c po wyborach parlamentarnych z inicjatywy samego pos\u0142a.Powo\u0142anie tych biur by\u0142o wynikiem realizacji programu wyborczego, kt\u00f3rego bardzo wa\u017cnymi elementami s\u0105: r\u00f3wno\u015b\u0107 wszystkich obywateli [&hellip;]","og_url":"https:\/\/marekkuchcinski.pl\/en\/kontakt\/biuraporad\/","og_site_name":"Marek Kuchci\u0144ski","article_published_time":"2011-06-21T10:19:24+00:00","article_modified_time":"2016-08-25T15:06:41+00:00","og_image":[{"width":150,"height":84,"url":"https:\/\/marekkuchcinski.pl\/wp-content\/uploads\/2011\/06\/blizej_ludzi_kontakt.jpg","type":"image\/jpeg"}],"author":"admin","twitter_card":"summary_large_image","twitter_misc":{"Written by":"admin","Estimated reading time":"1 minute"},"schema":{"@context":"https:\/\/schema.org","@graph":[{"@type":"Article","@id":"https:\/\/marekkuchcinski.pl\/kontakt\/biuraporad\/#article","isPartOf":{"@id":"https:\/\/marekkuchcinski.pl\/kontakt\/biuraporad\/"},"author":{"name":"admin","@id":"https:\/\/marekkuchcinski.pl\/#\/schema\/person\/6f62700996b4d950b6ea2d1183b6c6be"},"headline":"Biura interwencji i porad","datePublished":"2011-06-21T10:19:24+00:00","dateModified":"2016-08-25T15:06:41+00:00","mainEntityOfPage":{"@id":"https:\/\/marekkuchcinski.pl\/kontakt\/biuraporad\/"},"wordCount":229,"commentCount":0,"publisher":{"@id":"https:\/\/marekkuchcinski.pl\/#organization"},"image":{"@id":"https:\/\/marekkuchcinski.pl\/kontakt\/biuraporad\/#primaryimage"},"thumbnailUrl":"https:\/\/marekkuchcinski.pl\/wp-content\/uploads\/2011\/06\/blizej_ludzi_kontakt.jpg","articleSection":["Kontakt"],"inLanguage":"en-GB","potentialAction":[{"@type":"CommentAction","name":"Comment","target":["https:\/\/marekkuchcinski.pl\/kontakt\/biuraporad\/#respond"]}]},{"@type":"WebPage","@id":"https:\/\/marekkuchcinski.pl\/kontakt\/biuraporad\/","url":"https:\/\/marekkuchcinski.pl\/kontakt\/biuraporad\/","name":"Biura interwencji i porad &#8211; Marek Kuchci\u0144ski","isPartOf":{"@id":"https:\/\/marekkuchcinski.pl\/#website"},"primaryImageOfPage":{"@id":"https:\/\/marekkuchcinski.pl\/kontakt\/biuraporad\/#primaryimage"},"image":{"@id":"https:\/\/marekkuchcinski.pl\/kontakt\/biuraporad\/#primaryimage"},"thumbnailUrl":"https:\/\/marekkuchcinski.pl\/wp-content\/uploads\/2011\/06\/blizej_ludzi_kontakt.jpg","datePublished":"2011-06-21T10:19:24+00:00","dateModified":"2016-08-25T15:06:41+00:00","breadcrumb":{"@id":"https:\/\/marekkuchcinski.pl\/kontakt\/biuraporad\/#breadcrumb"},"inLanguage":"en-GB","potentialAction":[{"@type":"ReadAction","target":["https:\/\/marekkuchcinski.pl\/kontakt\/biuraporad\/"]}]},{"@type":"ImageObject","inLanguage":"en-GB","@id":"https:\/\/marekkuchcinski.pl\/kontakt\/biuraporad\/#primaryimage","url":"https:\/\/marekkuchcinski.pl\/wp-content\/uploads\/2011\/06\/blizej_ludzi_kontakt.jpg","contentUrl":"https:\/\/marekkuchcinski.pl\/wp-content\/uploads\/2011\/06\/blizej_ludzi_kontakt.jpg","width":150,"height":84},{"@type":"BreadcrumbList","@id":"https:\/\/marekkuchcinski.pl\/kontakt\/biuraporad\/#breadcrumb","itemListElement":[{"@type":"ListItem","position":1,"name":"Strona g\u0142\u00f3wna","item":"https:\/\/marekkuchcinski.pl\/"},{"@type":"ListItem","position":2,"name":"Biura interwencji i porad"}]},{"@type":"WebSite","@id":"https:\/\/marekkuchcinski.pl\/#website","url":"https:\/\/marekkuchcinski.pl\/","name":"Marek Kuchci\u0144ski","description":"Pose\u0142 na sejm RP &ndash; okr\u0119g nr 22","publisher":{"@id":"https:\/\/marekkuchcinski.pl\/#organization"},"potentialAction":[{"@type":"SearchAction","target":{"@type":"EntryPoint","urlTemplate":"https:\/\/marekkuchcinski.pl\/?s={search_term_string}"},"query-input":{"@type":"PropertyValueSpecification","valueRequired":true,"valueName":"search_term_string"}}],"inLanguage":"en-GB"},{"@type":"Organization","@id":"https:\/\/marekkuchcinski.pl\/#organization","name":"Marek Kuchci\u0144ski","url":"https:\/\/marekkuchcinski.pl\/","logo":{"@type":"ImageObject","inLanguage":"en-GB","@id":"https:\/\/marekkuchcinski.pl\/#\/schema\/logo\/image\/","url":"https:\/\/marekkuchcinski.pl\/wp-content\/uploads\/2022\/09\/Marek.jpg","contentUrl":"https:\/\/marekkuchcinski.pl\/wp-content\/uploads\/2022\/09\/Marek.jpg","width":1600,"height":971,"caption":"Marek Kuchci\u0144ski"},"image":{"@id":"https:\/\/marekkuchcinski.pl\/#\/schema\/logo\/image\/"}},{"@type":"Person","@id":"https:\/\/marekkuchcinski.pl\/#\/schema\/person\/6f62700996b4d950b6ea2d1183b6c6be","name":"admin","image":{"@type":"ImageObject","inLanguage":"en-GB","@id":"https:\/\/marekkuchcinski.pl\/#\/schema\/person\/image\/","url":"https:\/\/secure.gravatar.com\/avatar\/4bab693b9d55c3d6b52c0296a8765085?s=96&d=mm&r=g","contentUrl":"https:\/\/secure.gravatar.com\/avatar\/4bab693b9d55c3d6b52c0296a8765085?s=96&d=mm&r=g","caption":"admin"},"url":"https:\/\/marekkuchcinski.pl\/en\/author\/marta-olejnik\/"}]}},"_links":{"self":[{"href":"https:\/\/marekkuchcinski.pl\/en\/wp-json\/wp\/v2\/posts\/24","targetHints":{"allow":["GET"]}}],"collection":[{"href":"https:\/\/marekkuchcinski.pl\/en\/wp-json\/wp\/v2\/posts"}],"about":[{"href":"https:\/\/marekkuchcinski.pl\/en\/wp-json\/wp\/v2\/types\/post"}],"author":[{"embeddable":true,"href":"https:\/\/marekkuchcinski.pl\/en\/wp-json\/wp\/v2\/users\/6"}],"replies":[{"embeddable":true,"href":"https:\/\/marekkuchcinski.pl\/en\/wp-json\/wp\/v2\/comments?post=24"}],"version-history":[{"count":1,"href":"https:\/\/marekkuchcinski.pl\/en\/wp-json\/wp\/v2\/posts\/24\/revisions"}],"predecessor-version":[{"id":1167,"href":"https:\/\/marekkuchcinski.pl\/en\/wp-json\/wp\/v2\/posts\/24\/revisions\/1167"}],"wp:featuredmedia":[{"embeddable":true,"href":"https:\/\/marekkuchcinski.pl\/en\/wp-json\/wp\/v2\/media\/23"}],"wp:attachment":[{"href":"https:\/\/marekkuchcinski.pl\/en\/wp-json\/wp\/v2\/media?parent=24"}],"wp:term":[{"taxonomy":"category","embeddable":true,"href":"https:\/\/marekkuchcinski.pl\/en\/wp-json\/wp\/v2\/categories?post=24"},{"taxonomy":"post_tag","embeddable":true,"href":"https:\/\/marekkuchcinski.pl\/en\/wp-json\/wp\/v2\/tags?post=24"}],"curies":[{"name":"wp","href":"https:\/\/api.w.org\/{rel}","templated":true}]}}