{"id":23970,"date":"2021-12-04T22:53:00","date_gmt":"2021-12-04T21:53:00","guid":{"rendered":"https:\/\/marekkuchcinski.pl\/?p=23970"},"modified":"2021-12-07T16:01:22","modified_gmt":"2021-12-07T15:01:22","slug":"jaroslaw-kaczynski-na-warsaw-summit-musimy-przygotowac-inna-propozycja-dla-europy","status":"publish","type":"post","link":"https:\/\/marekkuchcinski.pl\/en\/wydarzenia\/jaroslaw-kaczynski-na-warsaw-summit-musimy-przygotowac-inna-propozycja-dla-europy\/","title":{"rendered":"Jaros\u0142aw Kaczy\u0144ski at Warsaw Summit: We must prepare a different proposal for Europe"},"content":{"rendered":"<p><\/p>\n\n\n\n<p>We have to prepare a different proposal for Europe; if we manage to do it, we will do something not only for our formations and our political direction, but simply for Europe and our civilization,\" stressed Jaros\u0142aw Kaczy\u0144ski, chairman of the Law and Justice party and deputy prime minister, during the Warsaw Summit, a meeting of the leaders of European conservative and right-wing parties.<\/p>\n\n\n\n<p>Politicians discussed among others cooperation and future of the European Union, including institutional reforms. The discussions were initiated by Jaroslaw Kaczynski, President of Law and Justice party. During his speech on Saturday, he expressed hope that the convention will be a significant part of an important undertaking for the European right and the European Union.<br><br>- We undertook this venture some time ago with two goals in mind: the first was to strengthen cooperation, coordination and building a perspective of unity between the two right-wing groups in the European Parliament. (...) There was a second, extremely important goal. Today we are facing new challenges. They are new only partly, because the aspiration to change the character of the EU, to such a change, which in fact means - this term is often used, although in my opinion it is not precise - federalization, has already taken place before,' Kaczy\u0144ski said.<br><br>This aspiration, he said, is returning today \"in the form of a very concrete proposal presented quite recently during the negotiations on the formation of the new government of the German Federation, a proposal that has the advantage of being, one might say, sincere, it was formulated directly.\"<br><br>- Europe, as a result of German actions - this is also clearly stated - is to move towards this federalization, and this federalization means, among other things, a rejection of sovereignty of individual European countries, those that are today in the EU, in favour of the European sovereignty mentioned in the document,\" he emphasized. He estimated that some countries will lose it more, and others less. - Perhaps some, especially Germany in general,\" he added.<br><br>In the opinion of the Law and Justice leader, it is worth drawing conclusions from this proposal. He stressed that it was important that it was proposed by Germans. - This means crossing out the historical memory of the 20th century, the historical memory, which for some time in Europe built a certain type of sensitivity, which led Germany to self-limitation as far as its actions and ambitions are concerned,\" he said. According to Kaczy\u0144ski, this self-limitation is being rejected today.<\/p>\n\n\n\n<p>- And what is characteristic (...) is that this type of sensitivity, this type of memory, is still current, and it refers to countries that were victims of Germany in particular during World War II, including Poland,\" he noted. - An attempt is being made to present the victim of unprecedented crimes, unfortunately largely unknown in the West, as an accomplice in the crime,\" he added.<br><br>The proposal of federalization also includes the question of leadership,\" he said. - German leadership, leadership that should result from responsibility, but we all know that such language is used from the largest number of German people, this is an objective fact, but it does not have to result in the kind of conclusions that are presented in this document - he said.<br><br>According to Kaczy\u0144ski, such a vision of Europe \"is the Europe of a certain type of hierarchy. - In my conviction and the conviction of my friends, my colleagues, this is not good news for Europe, for the future of the European Union. The Community method is undoubtedly the better method here,\" he emphasized. As he pointed out, the vast majority of European nations do not want to get rid of their sovereignty. Creating a center that would ensure equal treatment of various entities with different strengths and locations is, he stressed, a utopian venture and impossible to achieve.<\/p>\n\n\n\n<p>The second threat besides the loss of sovereignty that the leader of PiS spoke about is the liquidation of democracy. - Democracy, if it is to be something real, if it is to be something that empowers the citizen, that creates demos, i.e. the sovereign, must be based on some common sense, common understanding, based on various cultural codes, on political culture, which is usually embedded in the broader culture of a given country,\" he stressed.<\/p>\n\n\n\n<p>- If we get rid of this - and there is no European demos - we are dealing with a situation in which democratic procedures may exist, but they will be empty procedures, procedures that in fact will not create any real democratic mechanism. They will be only a cover for the stronger ones, for the power of the oligarchy understood in one way or another - said the Law and Justice leader.<br><br>Another issue discussed by the Law and Justice president is the \"radical threat to freedom\".Today in Europe, not only in Europe, in the whole Western world - that's what it was called at least until recently - freedom is retreating. Political correctness radically limits freedom,\" he pointed out. He pointed out, among other things, that a mechanism of oppression is being built against those who do not want to conform to certain rules - astonishing from the point of view of traditional culture.<br><br>- If we were to construct such a Europe, if we were to agree to it, we would create a very soft civilization in a world where hard civilizations exist. They exist very close to where we are sitting. Here it is about 200 kilometers to the eastern borders,\" Kaczynski said. - What would be created in this way would certainly not last long, because these hard civilizations, including those far away, very powerful and increasingly powerful, would have to take advantage of this opportunity, he added.<\/p>\n\n\n\n<p>As he concluded, some kind of response should be prepared to this undertaking. - An answer that would uphold the principle of European unity, because it is needed as a permanent institutionalized system of cooperation between European countries, perhaps even reaching very far in certain matters. I am talking here, above all, about defence matters, about the subjectivity of Europe in the military sphere,\" he noted.<br><br>- I think this is a very serious challenge, I think it is possible - maybe not at this conference - but in the course of our next actions, for us to respond to this challenge in a constructive way. That is, that we respond not only with the word 'no' but also with another plan, another proposal for Europe. If we manage to do that, we will do something not only for our formations, not only for our political direction, but simply for Europe, for our civilization, for - as my late brother (president Lech Kaczy\u0144ski - editor's note) used to say - the most man-friendly civilization in the history of the world, something very good.<\/p>\n\n\n\n<figure class=\"wp-block-image size-large\"><a href=\"https:\/\/marekkuchcinski.pl\/wp-content\/uploads\/2021\/12\/51723736276_07ecd850c5_o-1.jpg\"><img fetchpriority=\"high\" decoding=\"async\" width=\"1024\" height=\"683\" src=\"https:\/\/marekkuchcinski.pl\/wp-content\/uploads\/2021\/12\/51723736276_07ecd850c5_o-1-1024x683.jpg\" alt=\"\" class=\"wp-image-23972\" srcset=\"https:\/\/marekkuchcinski.pl\/wp-content\/uploads\/2021\/12\/51723736276_07ecd850c5_o-1-1024x683.jpg 1024w, https:\/\/marekkuchcinski.pl\/wp-content\/uploads\/2021\/12\/51723736276_07ecd850c5_o-1-300x200.jpg 300w, https:\/\/marekkuchcinski.pl\/wp-content\/uploads\/2021\/12\/51723736276_07ecd850c5_o-1-768x512.jpg 768w, https:\/\/marekkuchcinski.pl\/wp-content\/uploads\/2021\/12\/51723736276_07ecd850c5_o-1-1536x1024.jpg 1536w, https:\/\/marekkuchcinski.pl\/wp-content\/uploads\/2021\/12\/51723736276_07ecd850c5_o-1-18x12.jpg 18w, https:\/\/marekkuchcinski.pl\/wp-content\/uploads\/2021\/12\/51723736276_07ecd850c5_o-1.jpg 1600w\" sizes=\"(max-width: 1024px) 100vw, 1024px\" \/><\/a><figcaption><em>photo. pis.org<\/em><\/figcaption><\/figure>\n\n\n\n<p><\/p>","protected":false},"excerpt":{"rendered":"<p>We must prepare a different proposal for Europe; if we manage to do so, we will do something not only for our formations and our political direction, but simply for Europe and our civilization,\" stressed Jaros\u0142aw Kaczy\u0144ski, chairman of the Law and Justice party and deputy prime minister, during the Warsaw Summit, a meeting of leaders of European conservative and right-wing parties. Politicians discussed, among others, cooperation [...]<\/p>","protected":false},"author":21,"featured_media":23974,"comment_status":"open","ping_status":"open","sticky":false,"template":"","format":"standard","meta":{"ngg_post_thumbnail":0,"footnotes":""},"categories":[50,3],"tags":[],"class_list":["post-23970","post","type-post","status-publish","format-standard","has-post-thumbnail","hentry","category-wspolpraca-miedzynarodowa","category-wydarzenia"],"yoast_head":"<!-- This site is optimized with the Yoast SEO plugin v24.7 - https:\/\/yoast.com\/wordpress\/plugins\/seo\/ -->\n<title>Jaros\u0142aw Kaczy\u0144ski na Warsaw Summit: Musimy przygotowa\u0107 inn\u0105 propozycj\u0119 dla Europy &#8211; Marek Kuchci\u0144ski<\/title>\n<meta name=\"robots\" content=\"index, follow, max-snippet:-1, max-image-preview:large, max-video-preview:-1\" \/>\n<link rel=\"canonical\" href=\"https:\/\/marekkuchcinski.pl\/en\/wydarzenia\/jaroslaw-kaczynski-na-warsaw-summit-musimy-przygotowac-inna-propozycja-dla-europy\/\" \/>\n<meta property=\"og:locale\" content=\"en_GB\" \/>\n<meta property=\"og:type\" content=\"article\" \/>\n<meta property=\"og:title\" content=\"Jaros\u0142aw Kaczy\u0144ski na Warsaw Summit: Musimy przygotowa\u0107 inn\u0105 propozycj\u0119 dla Europy &#8211; Marek Kuchci\u0144ski\" \/>\n<meta property=\"og:description\" content=\"Musimy przygotowa\u0107 inn\u0105 propozycj\u0119 dla Europy; je\u017celi nam si\u0119 to uda, to uczynimy co\u015b nie tylko dla naszych formacji i naszego kierunku politycznego, ale po prostu dla Europy i dla naszej cywilizacji \u2013 podkre\u015bli\u0142 prezes PiS, wicepremier Jaros\u0142aw Kaczy\u0144ski podczas Warsaw Summit, spotkania lider\u00f3w europejskich partii konserwatywnych i prawicowych. Politycy dyskutowali mi\u0119dzy innymi o wsp\u00f3\u0142pracy [&hellip;]\" \/>\n<meta property=\"og:url\" content=\"https:\/\/marekkuchcinski.pl\/en\/wydarzenia\/jaroslaw-kaczynski-na-warsaw-summit-musimy-przygotowac-inna-propozycja-dla-europy\/\" \/>\n<meta property=\"og:site_name\" content=\"Marek Kuchci\u0144ski\" \/>\n<meta property=\"article:published_time\" content=\"2021-12-04T21:53:00+00:00\" \/>\n<meta property=\"article:modified_time\" content=\"2021-12-07T15:01:22+00:00\" \/>\n<meta property=\"og:image\" content=\"https:\/\/marekkuchcinski.pl\/wp-content\/uploads\/2021\/12\/51723736276_07ecd850c5_o_edited.jpg\" \/>\n\t<meta property=\"og:image:width\" content=\"1259\" \/>\n\t<meta property=\"og:image:height\" content=\"894\" \/>\n\t<meta property=\"og:image:type\" content=\"image\/jpeg\" \/>\n<meta name=\"author\" content=\"Marta Olejnik\" \/>\n<meta name=\"twitter:card\" content=\"summary_large_image\" \/>\n<meta name=\"twitter:label1\" content=\"Written by\" \/>\n\t<meta name=\"twitter:data1\" content=\"Marta Olejnik\" \/>\n\t<meta name=\"twitter:label2\" content=\"Estimated reading time\" \/>\n\t<meta name=\"twitter:data2\" content=\"5 minutes\" \/>\n<script type=\"application\/ld+json\" class=\"yoast-schema-graph\">{\"@context\":\"https:\/\/schema.org\",\"@graph\":[{\"@type\":\"Article\",\"@id\":\"https:\/\/marekkuchcinski.pl\/en\/wydarzenia\/jaroslaw-kaczynski-na-warsaw-summit-musimy-przygotowac-inna-propozycja-dla-europy\/#article\",\"isPartOf\":{\"@id\":\"https:\/\/marekkuchcinski.pl\/en\/wydarzenia\/jaroslaw-kaczynski-na-warsaw-summit-musimy-przygotowac-inna-propozycja-dla-europy\/\"},\"author\":{\"name\":\"Marta Olejnik\",\"@id\":\"https:\/\/marekkuchcinski.pl\/#\/schema\/person\/51d5d4ee3b5317b8e4dd2b48af359229\"},\"headline\":\"Jaros\u0142aw Kaczy\u0144ski na Warsaw Summit: Musimy przygotowa\u0107 inn\u0105 propozycj\u0119 dla Europy\",\"datePublished\":\"2021-12-04T21:53:00+00:00\",\"dateModified\":\"2021-12-07T15:01:22+00:00\",\"mainEntityOfPage\":{\"@id\":\"https:\/\/marekkuchcinski.pl\/en\/wydarzenia\/jaroslaw-kaczynski-na-warsaw-summit-musimy-przygotowac-inna-propozycja-dla-europy\/\"},\"wordCount\":1119,\"commentCount\":0,\"publisher\":{\"@id\":\"https:\/\/marekkuchcinski.pl\/#organization\"},\"image\":{\"@id\":\"https:\/\/marekkuchcinski.pl\/en\/wydarzenia\/jaroslaw-kaczynski-na-warsaw-summit-musimy-przygotowac-inna-propozycja-dla-europy\/#primaryimage\"},\"thumbnailUrl\":\"https:\/\/marekkuchcinski.pl\/wp-content\/uploads\/2021\/12\/51723736276_07ecd850c5_o_edited.jpg\",\"articleSection\":[\"Wsp\u00f3\u0142praca mi\u0119dzynarodowa\",\"Wydarzenia\"],\"inLanguage\":\"en-GB\",\"potentialAction\":[{\"@type\":\"CommentAction\",\"name\":\"Comment\",\"target\":[\"https:\/\/marekkuchcinski.pl\/en\/wydarzenia\/jaroslaw-kaczynski-na-warsaw-summit-musimy-przygotowac-inna-propozycja-dla-europy\/#respond\"]}]},{\"@type\":\"WebPage\",\"@id\":\"https:\/\/marekkuchcinski.pl\/en\/wydarzenia\/jaroslaw-kaczynski-na-warsaw-summit-musimy-przygotowac-inna-propozycja-dla-europy\/\",\"url\":\"https:\/\/marekkuchcinski.pl\/en\/wydarzenia\/jaroslaw-kaczynski-na-warsaw-summit-musimy-przygotowac-inna-propozycja-dla-europy\/\",\"name\":\"Jaros\u0142aw Kaczy\u0144ski na Warsaw Summit: Musimy przygotowa\u0107 inn\u0105 propozycj\u0119 dla Europy &#8211; Marek Kuchci\u0144ski\",\"isPartOf\":{\"@id\":\"https:\/\/marekkuchcinski.pl\/#website\"},\"primaryImageOfPage\":{\"@id\":\"https:\/\/marekkuchcinski.pl\/en\/wydarzenia\/jaroslaw-kaczynski-na-warsaw-summit-musimy-przygotowac-inna-propozycja-dla-europy\/#primaryimage\"},\"image\":{\"@id\":\"https:\/\/marekkuchcinski.pl\/en\/wydarzenia\/jaroslaw-kaczynski-na-warsaw-summit-musimy-przygotowac-inna-propozycja-dla-europy\/#primaryimage\"},\"thumbnailUrl\":\"https:\/\/marekkuchcinski.pl\/wp-content\/uploads\/2021\/12\/51723736276_07ecd850c5_o_edited.jpg\",\"datePublished\":\"2021-12-04T21:53:00+00:00\",\"dateModified\":\"2021-12-07T15:01:22+00:00\",\"breadcrumb\":{\"@id\":\"https:\/\/marekkuchcinski.pl\/en\/wydarzenia\/jaroslaw-kaczynski-na-warsaw-summit-musimy-przygotowac-inna-propozycja-dla-europy\/#breadcrumb\"},\"inLanguage\":\"en-GB\",\"potentialAction\":[{\"@type\":\"ReadAction\",\"target\":[\"https:\/\/marekkuchcinski.pl\/en\/wydarzenia\/jaroslaw-kaczynski-na-warsaw-summit-musimy-przygotowac-inna-propozycja-dla-europy\/\"]}]},{\"@type\":\"ImageObject\",\"inLanguage\":\"en-GB\",\"@id\":\"https:\/\/marekkuchcinski.pl\/en\/wydarzenia\/jaroslaw-kaczynski-na-warsaw-summit-musimy-przygotowac-inna-propozycja-dla-europy\/#primaryimage\",\"url\":\"https:\/\/marekkuchcinski.pl\/wp-content\/uploads\/2021\/12\/51723736276_07ecd850c5_o_edited.jpg\",\"contentUrl\":\"https:\/\/marekkuchcinski.pl\/wp-content\/uploads\/2021\/12\/51723736276_07ecd850c5_o_edited.jpg\",\"width\":1259,\"height\":894},{\"@type\":\"BreadcrumbList\",\"@id\":\"https:\/\/marekkuchcinski.pl\/en\/wydarzenia\/jaroslaw-kaczynski-na-warsaw-summit-musimy-przygotowac-inna-propozycja-dla-europy\/#breadcrumb\",\"itemListElement\":[{\"@type\":\"ListItem\",\"position\":1,\"name\":\"Strona g\u0142\u00f3wna\",\"item\":\"https:\/\/marekkuchcinski.pl\/\"},{\"@type\":\"ListItem\",\"position\":2,\"name\":\"Jaros\u0142aw Kaczy\u0144ski na Warsaw Summit: Musimy przygotowa\u0107 inn\u0105 propozycj\u0119 dla Europy\"}]},{\"@type\":\"WebSite\",\"@id\":\"https:\/\/marekkuchcinski.pl\/#website\",\"url\":\"https:\/\/marekkuchcinski.pl\/\",\"name\":\"Marek Kuchci\u0144ski\",\"description\":\"Pose\u0142 na sejm RP &ndash; okr\u0119g nr 22\",\"publisher\":{\"@id\":\"https:\/\/marekkuchcinski.pl\/#organization\"},\"potentialAction\":[{\"@type\":\"SearchAction\",\"target\":{\"@type\":\"EntryPoint\",\"urlTemplate\":\"https:\/\/marekkuchcinski.pl\/?s={search_term_string}\"},\"query-input\":{\"@type\":\"PropertyValueSpecification\",\"valueRequired\":true,\"valueName\":\"search_term_string\"}}],\"inLanguage\":\"en-GB\"},{\"@type\":\"Organization\",\"@id\":\"https:\/\/marekkuchcinski.pl\/#organization\",\"name\":\"Marek Kuchci\u0144ski\",\"url\":\"https:\/\/marekkuchcinski.pl\/\",\"logo\":{\"@type\":\"ImageObject\",\"inLanguage\":\"en-GB\",\"@id\":\"https:\/\/marekkuchcinski.pl\/#\/schema\/logo\/image\/\",\"url\":\"https:\/\/marekkuchcinski.pl\/wp-content\/uploads\/2022\/09\/Marek.jpg\",\"contentUrl\":\"https:\/\/marekkuchcinski.pl\/wp-content\/uploads\/2022\/09\/Marek.jpg\",\"width\":1600,\"height\":971,\"caption\":\"Marek Kuchci\u0144ski\"},\"image\":{\"@id\":\"https:\/\/marekkuchcinski.pl\/#\/schema\/logo\/image\/\"}},{\"@type\":\"Person\",\"@id\":\"https:\/\/marekkuchcinski.pl\/#\/schema\/person\/51d5d4ee3b5317b8e4dd2b48af359229\",\"name\":\"Marta Olejnik\",\"image\":{\"@type\":\"ImageObject\",\"inLanguage\":\"en-GB\",\"@id\":\"https:\/\/marekkuchcinski.pl\/#\/schema\/person\/image\/\",\"url\":\"https:\/\/secure.gravatar.com\/avatar\/e39914b2aa6a48959e24d475b5dc9793?s=96&d=mm&r=g\",\"contentUrl\":\"https:\/\/secure.gravatar.com\/avatar\/e39914b2aa6a48959e24d475b5dc9793?s=96&d=mm&r=g\",\"caption\":\"Marta Olejnik\"},\"url\":\"https:\/\/marekkuchcinski.pl\/en\/author\/marta\/\"}]}<\/script>\n<!-- \/ Yoast SEO plugin. -->","yoast_head_json":{"title":"Jaros\u0142aw Kaczy\u0144ski na Warsaw Summit: Musimy przygotowa\u0107 inn\u0105 propozycj\u0119 dla Europy &#8211; Marek Kuchci\u0144ski","robots":{"index":"index","follow":"follow","max-snippet":"max-snippet:-1","max-image-preview":"max-image-preview:large","max-video-preview":"max-video-preview:-1"},"canonical":"https:\/\/marekkuchcinski.pl\/en\/wydarzenia\/jaroslaw-kaczynski-na-warsaw-summit-musimy-przygotowac-inna-propozycja-dla-europy\/","og_locale":"en_GB","og_type":"article","og_title":"Jaros\u0142aw Kaczy\u0144ski na Warsaw Summit: Musimy przygotowa\u0107 inn\u0105 propozycj\u0119 dla Europy &#8211; Marek Kuchci\u0144ski","og_description":"Musimy przygotowa\u0107 inn\u0105 propozycj\u0119 dla Europy; je\u017celi nam si\u0119 to uda, to uczynimy co\u015b nie tylko dla naszych formacji i naszego kierunku politycznego, ale po prostu dla Europy i dla naszej cywilizacji \u2013 podkre\u015bli\u0142 prezes PiS, wicepremier Jaros\u0142aw Kaczy\u0144ski podczas Warsaw Summit, spotkania lider\u00f3w europejskich partii konserwatywnych i prawicowych. Politycy dyskutowali mi\u0119dzy innymi o wsp\u00f3\u0142pracy [&hellip;]","og_url":"https:\/\/marekkuchcinski.pl\/en\/wydarzenia\/jaroslaw-kaczynski-na-warsaw-summit-musimy-przygotowac-inna-propozycja-dla-europy\/","og_site_name":"Marek Kuchci\u0144ski","article_published_time":"2021-12-04T21:53:00+00:00","article_modified_time":"2021-12-07T15:01:22+00:00","og_image":[{"width":1259,"height":894,"url":"https:\/\/marekkuchcinski.pl\/wp-content\/uploads\/2021\/12\/51723736276_07ecd850c5_o_edited.jpg","type":"image\/jpeg"}],"author":"Marta Olejnik","twitter_card":"summary_large_image","twitter_misc":{"Written by":"Marta Olejnik","Estimated reading time":"5 minutes"},"schema":{"@context":"https:\/\/schema.org","@graph":[{"@type":"Article","@id":"https:\/\/marekkuchcinski.pl\/en\/wydarzenia\/jaroslaw-kaczynski-na-warsaw-summit-musimy-przygotowac-inna-propozycja-dla-europy\/#article","isPartOf":{"@id":"https:\/\/marekkuchcinski.pl\/en\/wydarzenia\/jaroslaw-kaczynski-na-warsaw-summit-musimy-przygotowac-inna-propozycja-dla-europy\/"},"author":{"name":"Marta Olejnik","@id":"https:\/\/marekkuchcinski.pl\/#\/schema\/person\/51d5d4ee3b5317b8e4dd2b48af359229"},"headline":"Jaros\u0142aw Kaczy\u0144ski na Warsaw Summit: Musimy przygotowa\u0107 inn\u0105 propozycj\u0119 dla Europy","datePublished":"2021-12-04T21:53:00+00:00","dateModified":"2021-12-07T15:01:22+00:00","mainEntityOfPage":{"@id":"https:\/\/marekkuchcinski.pl\/en\/wydarzenia\/jaroslaw-kaczynski-na-warsaw-summit-musimy-przygotowac-inna-propozycja-dla-europy\/"},"wordCount":1119,"commentCount":0,"publisher":{"@id":"https:\/\/marekkuchcinski.pl\/#organization"},"image":{"@id":"https:\/\/marekkuchcinski.pl\/en\/wydarzenia\/jaroslaw-kaczynski-na-warsaw-summit-musimy-przygotowac-inna-propozycja-dla-europy\/#primaryimage"},"thumbnailUrl":"https:\/\/marekkuchcinski.pl\/wp-content\/uploads\/2021\/12\/51723736276_07ecd850c5_o_edited.jpg","articleSection":["Wsp\u00f3\u0142praca mi\u0119dzynarodowa","Wydarzenia"],"inLanguage":"en-GB","potentialAction":[{"@type":"CommentAction","name":"Comment","target":["https:\/\/marekkuchcinski.pl\/en\/wydarzenia\/jaroslaw-kaczynski-na-warsaw-summit-musimy-przygotowac-inna-propozycja-dla-europy\/#respond"]}]},{"@type":"WebPage","@id":"https:\/\/marekkuchcinski.pl\/en\/wydarzenia\/jaroslaw-kaczynski-na-warsaw-summit-musimy-przygotowac-inna-propozycja-dla-europy\/","url":"https:\/\/marekkuchcinski.pl\/en\/wydarzenia\/jaroslaw-kaczynski-na-warsaw-summit-musimy-przygotowac-inna-propozycja-dla-europy\/","name":"Jaros\u0142aw Kaczy\u0144ski na Warsaw Summit: Musimy przygotowa\u0107 inn\u0105 propozycj\u0119 dla Europy &#8211; Marek Kuchci\u0144ski","isPartOf":{"@id":"https:\/\/marekkuchcinski.pl\/#website"},"primaryImageOfPage":{"@id":"https:\/\/marekkuchcinski.pl\/en\/wydarzenia\/jaroslaw-kaczynski-na-warsaw-summit-musimy-przygotowac-inna-propozycja-dla-europy\/#primaryimage"},"image":{"@id":"https:\/\/marekkuchcinski.pl\/en\/wydarzenia\/jaroslaw-kaczynski-na-warsaw-summit-musimy-przygotowac-inna-propozycja-dla-europy\/#primaryimage"},"thumbnailUrl":"https:\/\/marekkuchcinski.pl\/wp-content\/uploads\/2021\/12\/51723736276_07ecd850c5_o_edited.jpg","datePublished":"2021-12-04T21:53:00+00:00","dateModified":"2021-12-07T15:01:22+00:00","breadcrumb":{"@id":"https:\/\/marekkuchcinski.pl\/en\/wydarzenia\/jaroslaw-kaczynski-na-warsaw-summit-musimy-przygotowac-inna-propozycja-dla-europy\/#breadcrumb"},"inLanguage":"en-GB","potentialAction":[{"@type":"ReadAction","target":["https:\/\/marekkuchcinski.pl\/en\/wydarzenia\/jaroslaw-kaczynski-na-warsaw-summit-musimy-przygotowac-inna-propozycja-dla-europy\/"]}]},{"@type":"ImageObject","inLanguage":"en-GB","@id":"https:\/\/marekkuchcinski.pl\/en\/wydarzenia\/jaroslaw-kaczynski-na-warsaw-summit-musimy-przygotowac-inna-propozycja-dla-europy\/#primaryimage","url":"https:\/\/marekkuchcinski.pl\/wp-content\/uploads\/2021\/12\/51723736276_07ecd850c5_o_edited.jpg","contentUrl":"https:\/\/marekkuchcinski.pl\/wp-content\/uploads\/2021\/12\/51723736276_07ecd850c5_o_edited.jpg","width":1259,"height":894},{"@type":"BreadcrumbList","@id":"https:\/\/marekkuchcinski.pl\/en\/wydarzenia\/jaroslaw-kaczynski-na-warsaw-summit-musimy-przygotowac-inna-propozycja-dla-europy\/#breadcrumb","itemListElement":[{"@type":"ListItem","position":1,"name":"Strona g\u0142\u00f3wna","item":"https:\/\/marekkuchcinski.pl\/"},{"@type":"ListItem","position":2,"name":"Jaros\u0142aw Kaczy\u0144ski na Warsaw Summit: Musimy przygotowa\u0107 inn\u0105 propozycj\u0119 dla Europy"}]},{"@type":"WebSite","@id":"https:\/\/marekkuchcinski.pl\/#website","url":"https:\/\/marekkuchcinski.pl\/","name":"Marek Kuchci\u0144ski","description":"Pose\u0142 na sejm RP &ndash; okr\u0119g nr 22","publisher":{"@id":"https:\/\/marekkuchcinski.pl\/#organization"},"potentialAction":[{"@type":"SearchAction","target":{"@type":"EntryPoint","urlTemplate":"https:\/\/marekkuchcinski.pl\/?s={search_term_string}"},"query-input":{"@type":"PropertyValueSpecification","valueRequired":true,"valueName":"search_term_string"}}],"inLanguage":"en-GB"},{"@type":"Organization","@id":"https:\/\/marekkuchcinski.pl\/#organization","name":"Marek Kuchci\u0144ski","url":"https:\/\/marekkuchcinski.pl\/","logo":{"@type":"ImageObject","inLanguage":"en-GB","@id":"https:\/\/marekkuchcinski.pl\/#\/schema\/logo\/image\/","url":"https:\/\/marekkuchcinski.pl\/wp-content\/uploads\/2022\/09\/Marek.jpg","contentUrl":"https:\/\/marekkuchcinski.pl\/wp-content\/uploads\/2022\/09\/Marek.jpg","width":1600,"height":971,"caption":"Marek Kuchci\u0144ski"},"image":{"@id":"https:\/\/marekkuchcinski.pl\/#\/schema\/logo\/image\/"}},{"@type":"Person","@id":"https:\/\/marekkuchcinski.pl\/#\/schema\/person\/51d5d4ee3b5317b8e4dd2b48af359229","name":"Marta Olejnik","image":{"@type":"ImageObject","inLanguage":"en-GB","@id":"https:\/\/marekkuchcinski.pl\/#\/schema\/person\/image\/","url":"https:\/\/secure.gravatar.com\/avatar\/e39914b2aa6a48959e24d475b5dc9793?s=96&d=mm&r=g","contentUrl":"https:\/\/secure.gravatar.com\/avatar\/e39914b2aa6a48959e24d475b5dc9793?s=96&d=mm&r=g","caption":"Marta Olejnik"},"url":"https:\/\/marekkuchcinski.pl\/en\/author\/marta\/"}]}},"_links":{"self":[{"href":"https:\/\/marekkuchcinski.pl\/en\/wp-json\/wp\/v2\/posts\/23970","targetHints":{"allow":["GET"]}}],"collection":[{"href":"https:\/\/marekkuchcinski.pl\/en\/wp-json\/wp\/v2\/posts"}],"about":[{"href":"https:\/\/marekkuchcinski.pl\/en\/wp-json\/wp\/v2\/types\/post"}],"author":[{"embeddable":true,"href":"https:\/\/marekkuchcinski.pl\/en\/wp-json\/wp\/v2\/users\/21"}],"replies":[{"embeddable":true,"href":"https:\/\/marekkuchcinski.pl\/en\/wp-json\/wp\/v2\/comments?post=23970"}],"version-history":[{"count":3,"href":"https:\/\/marekkuchcinski.pl\/en\/wp-json\/wp\/v2\/posts\/23970\/revisions"}],"predecessor-version":[{"id":23976,"href":"https:\/\/marekkuchcinski.pl\/en\/wp-json\/wp\/v2\/posts\/23970\/revisions\/23976"}],"wp:featuredmedia":[{"embeddable":true,"href":"https:\/\/marekkuchcinski.pl\/en\/wp-json\/wp\/v2\/media\/23974"}],"wp:attachment":[{"href":"https:\/\/marekkuchcinski.pl\/en\/wp-json\/wp\/v2\/media?parent=23970"}],"wp:term":[{"taxonomy":"category","embeddable":true,"href":"https:\/\/marekkuchcinski.pl\/en\/wp-json\/wp\/v2\/categories?post=23970"},{"taxonomy":"post_tag","embeddable":true,"href":"https:\/\/marekkuchcinski.pl\/en\/wp-json\/wp\/v2\/tags?post=23970"}],"curies":[{"name":"wp","href":"https:\/\/api.w.org\/{rel}","templated":true}]}}