{"id":23908,"date":"2021-11-29T11:08:27","date_gmt":"2021-11-29T10:08:27","guid":{"rendered":"https:\/\/marekkuchcinski.pl\/?p=23908"},"modified":"2021-11-29T11:08:30","modified_gmt":"2021-11-29T10:08:30","slug":"xxxi-konferencja-europa-karpat-podsumowanie","status":"publish","type":"post","link":"https:\/\/marekkuchcinski.pl\/en\/wydarzenia\/xxxi-konferencja-europa-karpat-podsumowanie\/","title":{"rendered":"XXXI Conference Europe of the Carpathians. Summary"},"content":{"rendered":"<p>On Saturday, 27 November, the 31st edition of the conference \"Carpathian Europe\" was held in W\u0119gierska G\u00f3rka (Silesian Voivodeship). The meeting was attended by politicians, scientists, experts and local government officials from the countries of the Carpathian region, including Poland, Slovakia and the Czech Republic. The conference participants discussed, among other things, the directions of development of the Carpathian region, the possibilities of common investment projects. They also discussed the issues of transboundary cooperation, the Carpathian Convention and the integration of the potential of the countries of the Carpathian region. The meeting was hosted by the Chairman of the Parliamentary Commission for Foreign Affairs, former Marshal of the Sejm, Marek Kuchci\u0144ski.<\/p>\n\n\n\n<p><strong>Development of the Carpathian region - the Mountain Act<\/strong><\/p>\n\n\n\n<p>In the first panel the speakers discussed the specificity of the mountains, the problems of local governments in the implementation of various investments in mountain areas. - In recent years a lot has been done to develop various areas of Poland in a more sustainable way. Unfortunately there is a very large depopulation in mountain areas. We must prepare appropriate regulations concerning local governments, infrastructure, agricultural production, so that young people would want to stay here - said Teresa Pamu\u0142a. - Carpathian Europe shows how to build a good atmosphere from Romania to our area. We can show our tradition, also the problems, but also the solutions that work. The government's support in the field of tradition and culture is significant. Also the funds allocated to local governments and this can be seen in the mountain areas. We support activities related to tourism, agrotourism, for example through water and sewage activities - said Stanis\u0142aw Szwed, Secretary of State in the Ministry of Family and Social Policy. In turn, according to Michal Milerski from the University of Prague, mountain areas need to preserve traditions. The discussion on this point was moderated by Mr. Kazimierz Matuszny.<\/p>\n\n\n\n<p><strong>European funds in the development of the Carpathians<\/strong><\/p>\n\n\n\n<p>In the second panel the discussion was led around the aspects related to the development of the Carpathian region, state and European funds allocated for the development of the region. - Today we have a functioning Strategic Investment Program in Poland. One tranche has already been allocated, over 23 billion PLN. This year another one will be announced. Next year two or three. It is worth considering whether it would not be worthwhile to consult our partners in Slovakia and the Czech Republic on the implementation of joint investment projects in the border zone - said Marek Kuchci\u0144ski, chairman of the SCS, in his speech opening the panel.<\/p>\n\n\n\n<p>The Minister of Funds and Regional Policy, Grzegorz Puda, pointed out that one of the priorities of the ministry's activities is \"restoring the value of regional development\". - All the time we continue active efforts to adopt a strategy for the Carpathian macro-region. We are striving for EU accession to the Carpathian Convention and for obtaining the support of all the Carpathian countries for the establishment of the Carpathian Strategy. It is also worth noting the possibilities of support from such instruments as the Connecting Europe Horizontal Programme - Minister Puda pointed out. - At present our country presides over the Carpathian Convention and one of the objectives of this 3-year term is for the European Commission and the European Union to join the Convention - he added.<\/p>\n\n\n\n<p>- The Carpathians have several cross-border programmes, they have the neighbourhood instrument Poland-Belarus-Ukraine and one transnational programme. Unfortunately they do not have their own operational programme within the transborder path - deplored vice-president of the Association of Carpathian Euroregion Dawid Lasek. - It is worth looking for bottom-up solutions, building international solutions based on the regional potential - he assessed.<\/p>\n\n\n\n<p>Peter Madig\u00e1r presented the assumptions of the project Wallachian Culture Route. - This is a unique project. It was financed from the Polish-Slovak Interreg subsidy mechanism Poland - Slovakia. Many self-governments and many different subjects participated in this project. It was about Wallachian Culture, a phenomenon that connects us in our Carpathian space, in the border region. There were investments, but also very many projects and activities that were focused on culture, education. This cross-border cooperation is of great importance and there is a great need to continue these activities both on the Slovak and Polish side - he said.<\/p>\n\n\n\n<p><strong>Carpathian Women's Movement<\/strong><\/p>\n\n\n\n<p>The third panel was an opportunity to discuss the potential of women in the Carpathian region, family and educational development. In the discussion participated, among others, MP Teresa Pamu\u0142a, Ewa Szyma\u0144ska and European MP Jadwiga Wi\u015bniewska and representatives of local government units from Jele\u015bnia, Kury\u0142\u00f3wka, Tyrawa Wo\u0142oska. The discussion was moderated by Teresa Pamu\u0142a MP.<\/p>\n\n\n\n<p>Ewa Szyma\u0144ska spoke about her involvement in the work of the Carpathian Team, as well as her professional, family and political path. Ewa Szymanska. - I grew up in Catholicism, religion and this is how I was brought up. I believe that thanks to this I was fulfilled as a woman, a mother and an activist. This must be cultivated, and here in Silesia, as well as in Podkarpacie, culture and tradition are strongly rooted.<\/p>\n\n\n\n<p>- We have different roles to fulfill and different tasks ahead of us. When we look at what life looks like for a woman who wants to combine her professional life with family life, taking care of her family, it is absolutely very difficult - Jadwiga Wisniewska pointed out. - Here, in this region, everything is arranged. Children have traditions, culture, religion, honor and homeland sucked out of their mother's milk. It is different there. Leftist trends are very strong in the EU - said MEP Wi\u015bniewska.&nbsp;<\/p>\n\n\n\n<p>Agnieszka Biegun, member of the Silesian Regional Assembly, referred to the issue of upbringing and the role of the family. - It is not easy nowadays. Our children often pick up bad habits. And here the family plays a very important role, as it should pass on the most important values - she emphasized.<\/p>\n\n\n\n<p>text: Sejm Information Center<\/p>\n\n\n\n<p>Photo: \u0141ukasz B\u0142asikiewicz\/ KS<\/p>\n\n\n\n<figure class=\"wp-block-image size-large\"><a href=\"https:\/\/marekkuchcinski.pl\/wp-content\/uploads\/2021\/11\/LB_09387-1-scaled.jpg\"><img fetchpriority=\"high\" decoding=\"async\" width=\"1024\" height=\"683\" src=\"https:\/\/marekkuchcinski.pl\/wp-content\/uploads\/2021\/11\/LB_09387-1-1024x683.jpg\" alt=\"\" class=\"wp-image-23910\" srcset=\"https:\/\/marekkuchcinski.pl\/wp-content\/uploads\/2021\/11\/LB_09387-1-1024x683.jpg 1024w, https:\/\/marekkuchcinski.pl\/wp-content\/uploads\/2021\/11\/LB_09387-1-300x200.jpg 300w, https:\/\/marekkuchcinski.pl\/wp-content\/uploads\/2021\/11\/LB_09387-1-768x512.jpg 768w, https:\/\/marekkuchcinski.pl\/wp-content\/uploads\/2021\/11\/LB_09387-1-1536x1024.jpg 1536w, https:\/\/marekkuchcinski.pl\/wp-content\/uploads\/2021\/11\/LB_09387-1-scaled.jpg 2048w, https:\/\/marekkuchcinski.pl\/wp-content\/uploads\/2021\/11\/LB_09387-1-18x12.jpg 18w\" sizes=\"(max-width: 1024px) 100vw, 1024px\" \/><\/a><\/figure>\n\n\n\n<figure class=\"wp-block-image size-large\"><a href=\"https:\/\/marekkuchcinski.pl\/wp-content\/uploads\/2021\/11\/LB_09386-scaled.jpg\"><img decoding=\"async\" width=\"1024\" height=\"683\" src=\"https:\/\/marekkuchcinski.pl\/wp-content\/uploads\/2021\/11\/LB_09386-1024x683.jpg\" alt=\"\" class=\"wp-image-23911\" srcset=\"https:\/\/marekkuchcinski.pl\/wp-content\/uploads\/2021\/11\/LB_09386-1024x683.jpg 1024w, https:\/\/marekkuchcinski.pl\/wp-content\/uploads\/2021\/11\/LB_09386-300x200.jpg 300w, https:\/\/marekkuchcinski.pl\/wp-content\/uploads\/2021\/11\/LB_09386-768x512.jpg 768w, https:\/\/marekkuchcinski.pl\/wp-content\/uploads\/2021\/11\/LB_09386-1536x1024.jpg 1536w, https:\/\/marekkuchcinski.pl\/wp-content\/uploads\/2021\/11\/LB_09386-scaled.jpg 2048w, https:\/\/marekkuchcinski.pl\/wp-content\/uploads\/2021\/11\/LB_09386-18x12.jpg 18w\" sizes=\"(max-width: 1024px) 100vw, 1024px\" \/><\/a><\/figure>\n\n\n\n<figure class=\"wp-block-image size-large\"><a href=\"https:\/\/marekkuchcinski.pl\/wp-content\/uploads\/2021\/11\/1a-scaled.jpg\"><img decoding=\"async\" width=\"1024\" height=\"683\" src=\"https:\/\/marekkuchcinski.pl\/wp-content\/uploads\/2021\/11\/1a-1024x683.jpg\" alt=\"\" class=\"wp-image-23912\" srcset=\"https:\/\/marekkuchcinski.pl\/wp-content\/uploads\/2021\/11\/1a-1024x683.jpg 1024w, https:\/\/marekkuchcinski.pl\/wp-content\/uploads\/2021\/11\/1a-300x200.jpg 300w, https:\/\/marekkuchcinski.pl\/wp-content\/uploads\/2021\/11\/1a-768x512.jpg 768w, https:\/\/marekkuchcinski.pl\/wp-content\/uploads\/2021\/11\/1a-1536x1024.jpg 1536w, https:\/\/marekkuchcinski.pl\/wp-content\/uploads\/2021\/11\/1a-scaled.jpg 2048w, https:\/\/marekkuchcinski.pl\/wp-content\/uploads\/2021\/11\/1a-18x12.jpg 18w\" sizes=\"(max-width: 1024px) 100vw, 1024px\" \/><\/a><\/figure>\n\n\n\n<figure class=\"wp-block-image size-large\"><a href=\"https:\/\/marekkuchcinski.pl\/wp-content\/uploads\/2021\/11\/1b-scaled.jpg\"><img loading=\"lazy\" decoding=\"async\" width=\"1024\" height=\"681\" src=\"https:\/\/marekkuchcinski.pl\/wp-content\/uploads\/2021\/11\/1b-1024x681.jpg\" alt=\"\" class=\"wp-image-23913\" srcset=\"https:\/\/marekkuchcinski.pl\/wp-content\/uploads\/2021\/11\/1b-1024x681.jpg 1024w, https:\/\/marekkuchcinski.pl\/wp-content\/uploads\/2021\/11\/1b-300x199.jpg 300w, https:\/\/marekkuchcinski.pl\/wp-content\/uploads\/2021\/11\/1b-768x511.jpg 768w, https:\/\/marekkuchcinski.pl\/wp-content\/uploads\/2021\/11\/1b-1536x1021.jpg 1536w, https:\/\/marekkuchcinski.pl\/wp-content\/uploads\/2021\/11\/1b-scaled.jpg 2048w, https:\/\/marekkuchcinski.pl\/wp-content\/uploads\/2021\/11\/1b-18x12.jpg 18w\" sizes=\"(max-width: 1024px) 100vw, 1024px\" \/><\/a><\/figure>\n\n\n\n<figure class=\"wp-block-image size-large\"><a href=\"https:\/\/marekkuchcinski.pl\/wp-content\/uploads\/2021\/11\/260438213_277826991056536_3172185271644540757_n.jpg\"><img loading=\"lazy\" decoding=\"async\" width=\"1024\" height=\"681\" src=\"https:\/\/marekkuchcinski.pl\/wp-content\/uploads\/2021\/11\/260438213_277826991056536_3172185271644540757_n-1024x681.jpg\" alt=\"\" class=\"wp-image-23914\" srcset=\"https:\/\/marekkuchcinski.pl\/wp-content\/uploads\/2021\/11\/260438213_277826991056536_3172185271644540757_n-1024x681.jpg 1024w, https:\/\/marekkuchcinski.pl\/wp-content\/uploads\/2021\/11\/260438213_277826991056536_3172185271644540757_n-300x199.jpg 300w, https:\/\/marekkuchcinski.pl\/wp-content\/uploads\/2021\/11\/260438213_277826991056536_3172185271644540757_n-768x511.jpg 768w, https:\/\/marekkuchcinski.pl\/wp-content\/uploads\/2021\/11\/260438213_277826991056536_3172185271644540757_n-1536x1021.jpg 1536w, https:\/\/marekkuchcinski.pl\/wp-content\/uploads\/2021\/11\/260438213_277826991056536_3172185271644540757_n-18x12.jpg 18w, https:\/\/marekkuchcinski.pl\/wp-content\/uploads\/2021\/11\/260438213_277826991056536_3172185271644540757_n.jpg 1880w\" sizes=\"(max-width: 1024px) 100vw, 1024px\" \/><\/a><\/figure>\n\n\n\n\n\n<figure class=\"wp-block-image size-large\"><a href=\"https:\/\/marekkuchcinski.pl\/wp-content\/uploads\/2021\/11\/1-p-scaled.jpeg\"><img loading=\"lazy\" decoding=\"async\" width=\"1024\" height=\"681\" src=\"https:\/\/marekkuchcinski.pl\/wp-content\/uploads\/2021\/11\/1-p-1024x681.jpeg\" alt=\"\" class=\"wp-image-23916\" srcset=\"https:\/\/marekkuchcinski.pl\/wp-content\/uploads\/2021\/11\/1-p-1024x681.jpeg 1024w, https:\/\/marekkuchcinski.pl\/wp-content\/uploads\/2021\/11\/1-p-300x199.jpeg 300w, https:\/\/marekkuchcinski.pl\/wp-content\/uploads\/2021\/11\/1-p-768x511.jpeg 768w, https:\/\/marekkuchcinski.pl\/wp-content\/uploads\/2021\/11\/1-p-1536x1021.jpeg 1536w, https:\/\/marekkuchcinski.pl\/wp-content\/uploads\/2021\/11\/1-p-scaled.jpeg 2048w, https:\/\/marekkuchcinski.pl\/wp-content\/uploads\/2021\/11\/1-p-18x12.jpeg 18w\" sizes=\"(max-width: 1024px) 100vw, 1024px\" \/><\/a><\/figure>\n\n\n\n<figure class=\"wp-block-image size-large\"><a href=\"https:\/\/marekkuchcinski.pl\/wp-content\/uploads\/2021\/11\/2a.jpg\"><img loading=\"lazy\" decoding=\"async\" width=\"1024\" height=\"683\" src=\"https:\/\/marekkuchcinski.pl\/wp-content\/uploads\/2021\/11\/2a-1024x683.jpg\" alt=\"\" class=\"wp-image-23917\" srcset=\"https:\/\/marekkuchcinski.pl\/wp-content\/uploads\/2021\/11\/2a-1024x683.jpg 1024w, https:\/\/marekkuchcinski.pl\/wp-content\/uploads\/2021\/11\/2a-300x200.jpg 300w, https:\/\/marekkuchcinski.pl\/wp-content\/uploads\/2021\/11\/2a-768x512.jpg 768w, https:\/\/marekkuchcinski.pl\/wp-content\/uploads\/2021\/11\/2a-1536x1024.jpg 1536w, https:\/\/marekkuchcinski.pl\/wp-content\/uploads\/2021\/11\/2a-18x12.jpg 18w, https:\/\/marekkuchcinski.pl\/wp-content\/uploads\/2021\/11\/2a.jpg 1968w\" sizes=\"(max-width: 1024px) 100vw, 1024px\" \/><\/a><\/figure>\n\n\n\n<figure class=\"wp-block-image size-large\"><a href=\"https:\/\/marekkuchcinski.pl\/wp-content\/uploads\/2021\/11\/2b-scaled.jpg\"><img loading=\"lazy\" decoding=\"async\" width=\"1024\" height=\"683\" src=\"https:\/\/marekkuchcinski.pl\/wp-content\/uploads\/2021\/11\/2b-1024x683.jpg\" alt=\"\" class=\"wp-image-23918\" srcset=\"https:\/\/marekkuchcinski.pl\/wp-content\/uploads\/2021\/11\/2b-1024x683.jpg 1024w, https:\/\/marekkuchcinski.pl\/wp-content\/uploads\/2021\/11\/2b-300x200.jpg 300w, https:\/\/marekkuchcinski.pl\/wp-content\/uploads\/2021\/11\/2b-768x512.jpg 768w, https:\/\/marekkuchcinski.pl\/wp-content\/uploads\/2021\/11\/2b-1536x1024.jpg 1536w, https:\/\/marekkuchcinski.pl\/wp-content\/uploads\/2021\/11\/2b-scaled.jpg 2048w, https:\/\/marekkuchcinski.pl\/wp-content\/uploads\/2021\/11\/2b-18x12.jpg 18w\" sizes=\"(max-width: 1024px) 100vw, 1024px\" \/><\/a><\/figure>\n\n\n\n<figure class=\"wp-block-image size-large\"><a href=\"https:\/\/marekkuchcinski.pl\/wp-content\/uploads\/2021\/11\/Dawid-2-scaled.jpg\"><img loading=\"lazy\" decoding=\"async\" width=\"1024\" height=\"681\" src=\"https:\/\/marekkuchcinski.pl\/wp-content\/uploads\/2021\/11\/Dawid-2-1024x681.jpg\" alt=\"\" class=\"wp-image-23919\" srcset=\"https:\/\/marekkuchcinski.pl\/wp-content\/uploads\/2021\/11\/Dawid-2-1024x681.jpg 1024w, https:\/\/marekkuchcinski.pl\/wp-content\/uploads\/2021\/11\/Dawid-2-300x199.jpg 300w, https:\/\/marekkuchcinski.pl\/wp-content\/uploads\/2021\/11\/Dawid-2-768x511.jpg 768w, https:\/\/marekkuchcinski.pl\/wp-content\/uploads\/2021\/11\/Dawid-2-1536x1021.jpg 1536w, https:\/\/marekkuchcinski.pl\/wp-content\/uploads\/2021\/11\/Dawid-2-scaled.jpg 2048w, https:\/\/marekkuchcinski.pl\/wp-content\/uploads\/2021\/11\/Dawid-2-18x12.jpg 18w\" sizes=\"(max-width: 1024px) 100vw, 1024px\" \/><\/a><\/figure>\n\n\n\n<figure class=\"wp-block-image size-large\"><a href=\"https:\/\/marekkuchcinski.pl\/wp-content\/uploads\/2021\/11\/3a-scaled.jpg\"><img loading=\"lazy\" decoding=\"async\" width=\"1024\" height=\"681\" src=\"https:\/\/marekkuchcinski.pl\/wp-content\/uploads\/2021\/11\/3a-1024x681.jpg\" alt=\"\" class=\"wp-image-23920\" srcset=\"https:\/\/marekkuchcinski.pl\/wp-content\/uploads\/2021\/11\/3a-1024x681.jpg 1024w, https:\/\/marekkuchcinski.pl\/wp-content\/uploads\/2021\/11\/3a-300x199.jpg 300w, https:\/\/marekkuchcinski.pl\/wp-content\/uploads\/2021\/11\/3a-768x511.jpg 768w, https:\/\/marekkuchcinski.pl\/wp-content\/uploads\/2021\/11\/3a-1536x1021.jpg 1536w, https:\/\/marekkuchcinski.pl\/wp-content\/uploads\/2021\/11\/3a-scaled.jpg 2048w, https:\/\/marekkuchcinski.pl\/wp-content\/uploads\/2021\/11\/3a-18x12.jpg 18w\" sizes=\"(max-width: 1024px) 100vw, 1024px\" \/><\/a><\/figure>\n\n\n\n<figure class=\"wp-block-image size-large\"><a href=\"https:\/\/marekkuchcinski.pl\/wp-content\/uploads\/2021\/11\/3-K-scaled.jpg\"><img loading=\"lazy\" decoding=\"async\" width=\"1024\" height=\"681\" src=\"https:\/\/marekkuchcinski.pl\/wp-content\/uploads\/2021\/11\/3-K-1024x681.jpg\" alt=\"\" class=\"wp-image-23921\" srcset=\"https:\/\/marekkuchcinski.pl\/wp-content\/uploads\/2021\/11\/3-K-1024x681.jpg 1024w, https:\/\/marekkuchcinski.pl\/wp-content\/uploads\/2021\/11\/3-K-300x199.jpg 300w, https:\/\/marekkuchcinski.pl\/wp-content\/uploads\/2021\/11\/3-K-768x511.jpg 768w, https:\/\/marekkuchcinski.pl\/wp-content\/uploads\/2021\/11\/3-K-1536x1021.jpg 1536w, https:\/\/marekkuchcinski.pl\/wp-content\/uploads\/2021\/11\/3-K-scaled.jpg 2048w, https:\/\/marekkuchcinski.pl\/wp-content\/uploads\/2021\/11\/3-K-18x12.jpg 18w\" sizes=\"(max-width: 1024px) 100vw, 1024px\" \/><\/a><\/figure>","protected":false},"excerpt":{"rendered":"<p>On Saturday, 27 November, the 31st edition of the conference \"Carpathian Europe\" was held in W\u0119gierska G\u00f3rka (Silesian Voivodeship). The meeting was attended by politicians, scientists, experts and local government officials from the countries of the Carpathian region, including Poland, Slovakia and the Czech Republic. The conference participants discussed, among other things, the directions of development of the Carpathian region, the possibilities of common investment projects. The topics also included cross-border cooperation, the Carpathian Convention, [...]<\/p>","protected":false},"author":21,"featured_media":23909,"comment_status":"open","ping_status":"open","sticky":false,"template":"","format":"standard","meta":{"ngg_post_thumbnail":0,"footnotes":""},"categories":[78,50,3],"tags":[],"class_list":["post-23908","post","type-post","status-publish","format-standard","has-post-thumbnail","hentry","category-europa-karpat","category-wspolpraca-miedzynarodowa","category-wydarzenia"],"yoast_head":"<!-- This site is optimized with the Yoast SEO plugin v24.7 - https:\/\/yoast.com\/wordpress\/plugins\/seo\/ -->\n<title>XXXI konferencja Europa Karpat. Podsumowanie &#8211; Marek Kuchci\u0144ski<\/title>\n<meta name=\"robots\" content=\"index, follow, max-snippet:-1, max-image-preview:large, max-video-preview:-1\" \/>\n<link rel=\"canonical\" href=\"https:\/\/marekkuchcinski.pl\/en\/wydarzenia\/xxxi-konferencja-europa-karpat-podsumowanie\/\" \/>\n<meta property=\"og:locale\" content=\"en_GB\" \/>\n<meta property=\"og:type\" content=\"article\" \/>\n<meta property=\"og:title\" content=\"XXXI konferencja Europa Karpat. Podsumowanie &#8211; Marek Kuchci\u0144ski\" \/>\n<meta property=\"og:description\" content=\"W sobot\u0119, 27 listopada, w W\u0119gierskiej G\u00f3rce (woj. \u015bl\u0105skie) odby\u0142a si\u0119 31. edycja konferencji \u201eEuropa Karpat\u201d. W spotkaniu wzi\u0119li politycy, naukowcy, eksperci i samorz\u0105dowcy z kraj\u00f3w regionu karpackiego, w tym z Polski, S\u0142owacji i Czech. Uczestnicy konferencji rozmawiali m.in. o kierunkach rozwoju regionu Karpat, mo\u017cliwo\u015bciach wsp\u00f3lnych projekt\u00f3w inwestycyjnych. Podj\u0119to r\u00f3wnie\u017c tematy wsp\u00f3\u0142pracy transgranicznej, Konwencji Karpackiej, [&hellip;]\" \/>\n<meta property=\"og:url\" content=\"https:\/\/marekkuchcinski.pl\/en\/wydarzenia\/xxxi-konferencja-europa-karpat-podsumowanie\/\" \/>\n<meta property=\"og:site_name\" content=\"Marek Kuchci\u0144ski\" \/>\n<meta property=\"article:published_time\" content=\"2021-11-29T10:08:27+00:00\" \/>\n<meta property=\"article:modified_time\" content=\"2021-11-29T10:08:30+00:00\" \/>\n<meta property=\"og:image\" content=\"https:\/\/marekkuchcinski.pl\/wp-content\/uploads\/2021\/11\/LB_09387-scaled.jpg\" \/>\n\t<meta property=\"og:image:width\" content=\"2048\" \/>\n\t<meta property=\"og:image:height\" content=\"1365\" \/>\n\t<meta property=\"og:image:type\" content=\"image\/jpeg\" \/>\n<meta name=\"author\" content=\"Marta Olejnik\" \/>\n<meta name=\"twitter:card\" content=\"summary_large_image\" \/>\n<meta name=\"twitter:label1\" content=\"Written by\" \/>\n\t<meta name=\"twitter:data1\" content=\"Marta Olejnik\" \/>\n\t<meta name=\"twitter:label2\" content=\"Estimated reading time\" \/>\n\t<meta name=\"twitter:data2\" content=\"6 minutes\" \/>\n<script type=\"application\/ld+json\" class=\"yoast-schema-graph\">{\"@context\":\"https:\/\/schema.org\",\"@graph\":[{\"@type\":\"Article\",\"@id\":\"https:\/\/marekkuchcinski.pl\/uk\/wydarzenia\/xxxi-konferencja-europa-karpat-podsumowanie\/#article\",\"isPartOf\":{\"@id\":\"https:\/\/marekkuchcinski.pl\/uk\/wydarzenia\/xxxi-konferencja-europa-karpat-podsumowanie\/\"},\"author\":{\"name\":\"Marta Olejnik\",\"@id\":\"https:\/\/marekkuchcinski.pl\/#\/schema\/person\/51d5d4ee3b5317b8e4dd2b48af359229\"},\"headline\":\"XXXI konferencja Europa Karpat. Podsumowanie\",\"datePublished\":\"2021-11-29T10:08:27+00:00\",\"dateModified\":\"2021-11-29T10:08:30+00:00\",\"mainEntityOfPage\":{\"@id\":\"https:\/\/marekkuchcinski.pl\/uk\/wydarzenia\/xxxi-konferencja-europa-karpat-podsumowanie\/\"},\"wordCount\":968,\"commentCount\":0,\"publisher\":{\"@id\":\"https:\/\/marekkuchcinski.pl\/#organization\"},\"image\":{\"@id\":\"https:\/\/marekkuchcinski.pl\/uk\/wydarzenia\/xxxi-konferencja-europa-karpat-podsumowanie\/#primaryimage\"},\"thumbnailUrl\":\"https:\/\/marekkuchcinski.pl\/wp-content\/uploads\/2021\/11\/LB_09387-scaled.jpg\",\"articleSection\":[\"Europa Karpat\",\"Wsp\u00f3\u0142praca mi\u0119dzynarodowa\",\"Wydarzenia\"],\"inLanguage\":\"en-GB\",\"potentialAction\":[{\"@type\":\"CommentAction\",\"name\":\"Comment\",\"target\":[\"https:\/\/marekkuchcinski.pl\/uk\/wydarzenia\/xxxi-konferencja-europa-karpat-podsumowanie\/#respond\"]}]},{\"@type\":\"WebPage\",\"@id\":\"https:\/\/marekkuchcinski.pl\/uk\/wydarzenia\/xxxi-konferencja-europa-karpat-podsumowanie\/\",\"url\":\"https:\/\/marekkuchcinski.pl\/uk\/wydarzenia\/xxxi-konferencja-europa-karpat-podsumowanie\/\",\"name\":\"XXXI konferencja Europa Karpat. Podsumowanie &#8211; Marek Kuchci\u0144ski\",\"isPartOf\":{\"@id\":\"https:\/\/marekkuchcinski.pl\/#website\"},\"primaryImageOfPage\":{\"@id\":\"https:\/\/marekkuchcinski.pl\/uk\/wydarzenia\/xxxi-konferencja-europa-karpat-podsumowanie\/#primaryimage\"},\"image\":{\"@id\":\"https:\/\/marekkuchcinski.pl\/uk\/wydarzenia\/xxxi-konferencja-europa-karpat-podsumowanie\/#primaryimage\"},\"thumbnailUrl\":\"https:\/\/marekkuchcinski.pl\/wp-content\/uploads\/2021\/11\/LB_09387-scaled.jpg\",\"datePublished\":\"2021-11-29T10:08:27+00:00\",\"dateModified\":\"2021-11-29T10:08:30+00:00\",\"breadcrumb\":{\"@id\":\"https:\/\/marekkuchcinski.pl\/uk\/wydarzenia\/xxxi-konferencja-europa-karpat-podsumowanie\/#breadcrumb\"},\"inLanguage\":\"en-GB\",\"potentialAction\":[{\"@type\":\"ReadAction\",\"target\":[\"https:\/\/marekkuchcinski.pl\/uk\/wydarzenia\/xxxi-konferencja-europa-karpat-podsumowanie\/\"]}]},{\"@type\":\"ImageObject\",\"inLanguage\":\"en-GB\",\"@id\":\"https:\/\/marekkuchcinski.pl\/uk\/wydarzenia\/xxxi-konferencja-europa-karpat-podsumowanie\/#primaryimage\",\"url\":\"https:\/\/marekkuchcinski.pl\/wp-content\/uploads\/2021\/11\/LB_09387-scaled.jpg\",\"contentUrl\":\"https:\/\/marekkuchcinski.pl\/wp-content\/uploads\/2021\/11\/LB_09387-scaled.jpg\",\"width\":2048,\"height\":1365},{\"@type\":\"BreadcrumbList\",\"@id\":\"https:\/\/marekkuchcinski.pl\/uk\/wydarzenia\/xxxi-konferencja-europa-karpat-podsumowanie\/#breadcrumb\",\"itemListElement\":[{\"@type\":\"ListItem\",\"position\":1,\"name\":\"Strona g\u0142\u00f3wna\",\"item\":\"https:\/\/marekkuchcinski.pl\/\"},{\"@type\":\"ListItem\",\"position\":2,\"name\":\"XXXI konferencja Europa Karpat. Podsumowanie\"}]},{\"@type\":\"WebSite\",\"@id\":\"https:\/\/marekkuchcinski.pl\/#website\",\"url\":\"https:\/\/marekkuchcinski.pl\/\",\"name\":\"Marek Kuchci\u0144ski\",\"description\":\"Pose\u0142 na sejm RP &ndash; okr\u0119g nr 22\",\"publisher\":{\"@id\":\"https:\/\/marekkuchcinski.pl\/#organization\"},\"potentialAction\":[{\"@type\":\"SearchAction\",\"target\":{\"@type\":\"EntryPoint\",\"urlTemplate\":\"https:\/\/marekkuchcinski.pl\/?s={search_term_string}\"},\"query-input\":{\"@type\":\"PropertyValueSpecification\",\"valueRequired\":true,\"valueName\":\"search_term_string\"}}],\"inLanguage\":\"en-GB\"},{\"@type\":\"Organization\",\"@id\":\"https:\/\/marekkuchcinski.pl\/#organization\",\"name\":\"Marek Kuchci\u0144ski\",\"url\":\"https:\/\/marekkuchcinski.pl\/\",\"logo\":{\"@type\":\"ImageObject\",\"inLanguage\":\"en-GB\",\"@id\":\"https:\/\/marekkuchcinski.pl\/#\/schema\/logo\/image\/\",\"url\":\"https:\/\/marekkuchcinski.pl\/wp-content\/uploads\/2022\/09\/Marek.jpg\",\"contentUrl\":\"https:\/\/marekkuchcinski.pl\/wp-content\/uploads\/2022\/09\/Marek.jpg\",\"width\":1600,\"height\":971,\"caption\":\"Marek Kuchci\u0144ski\"},\"image\":{\"@id\":\"https:\/\/marekkuchcinski.pl\/#\/schema\/logo\/image\/\"}},{\"@type\":\"Person\",\"@id\":\"https:\/\/marekkuchcinski.pl\/#\/schema\/person\/51d5d4ee3b5317b8e4dd2b48af359229\",\"name\":\"Marta Olejnik\",\"image\":{\"@type\":\"ImageObject\",\"inLanguage\":\"en-GB\",\"@id\":\"https:\/\/marekkuchcinski.pl\/#\/schema\/person\/image\/\",\"url\":\"https:\/\/secure.gravatar.com\/avatar\/e39914b2aa6a48959e24d475b5dc9793?s=96&d=mm&r=g\",\"contentUrl\":\"https:\/\/secure.gravatar.com\/avatar\/e39914b2aa6a48959e24d475b5dc9793?s=96&d=mm&r=g\",\"caption\":\"Marta Olejnik\"},\"url\":\"https:\/\/marekkuchcinski.pl\/en\/author\/marta\/\"}]}<\/script>\n<!-- \/ Yoast SEO plugin. -->","yoast_head_json":{"title":"XXXI konferencja Europa Karpat. Podsumowanie &#8211; Marek Kuchci\u0144ski","robots":{"index":"index","follow":"follow","max-snippet":"max-snippet:-1","max-image-preview":"max-image-preview:large","max-video-preview":"max-video-preview:-1"},"canonical":"https:\/\/marekkuchcinski.pl\/en\/wydarzenia\/xxxi-konferencja-europa-karpat-podsumowanie\/","og_locale":"en_GB","og_type":"article","og_title":"XXXI konferencja Europa Karpat. Podsumowanie &#8211; Marek Kuchci\u0144ski","og_description":"W sobot\u0119, 27 listopada, w W\u0119gierskiej G\u00f3rce (woj. \u015bl\u0105skie) odby\u0142a si\u0119 31. edycja konferencji \u201eEuropa Karpat\u201d. W spotkaniu wzi\u0119li politycy, naukowcy, eksperci i samorz\u0105dowcy z kraj\u00f3w regionu karpackiego, w tym z Polski, S\u0142owacji i Czech. Uczestnicy konferencji rozmawiali m.in. o kierunkach rozwoju regionu Karpat, mo\u017cliwo\u015bciach wsp\u00f3lnych projekt\u00f3w inwestycyjnych. Podj\u0119to r\u00f3wnie\u017c tematy wsp\u00f3\u0142pracy transgranicznej, Konwencji Karpackiej, [&hellip;]","og_url":"https:\/\/marekkuchcinski.pl\/en\/wydarzenia\/xxxi-konferencja-europa-karpat-podsumowanie\/","og_site_name":"Marek Kuchci\u0144ski","article_published_time":"2021-11-29T10:08:27+00:00","article_modified_time":"2021-11-29T10:08:30+00:00","og_image":[{"width":2048,"height":1365,"url":"https:\/\/marekkuchcinski.pl\/wp-content\/uploads\/2021\/11\/LB_09387-scaled.jpg","type":"image\/jpeg"}],"author":"Marta Olejnik","twitter_card":"summary_large_image","twitter_misc":{"Written by":"Marta Olejnik","Estimated reading time":"6 minutes"},"schema":{"@context":"https:\/\/schema.org","@graph":[{"@type":"Article","@id":"https:\/\/marekkuchcinski.pl\/uk\/wydarzenia\/xxxi-konferencja-europa-karpat-podsumowanie\/#article","isPartOf":{"@id":"https:\/\/marekkuchcinski.pl\/uk\/wydarzenia\/xxxi-konferencja-europa-karpat-podsumowanie\/"},"author":{"name":"Marta Olejnik","@id":"https:\/\/marekkuchcinski.pl\/#\/schema\/person\/51d5d4ee3b5317b8e4dd2b48af359229"},"headline":"XXXI konferencja Europa Karpat. Podsumowanie","datePublished":"2021-11-29T10:08:27+00:00","dateModified":"2021-11-29T10:08:30+00:00","mainEntityOfPage":{"@id":"https:\/\/marekkuchcinski.pl\/uk\/wydarzenia\/xxxi-konferencja-europa-karpat-podsumowanie\/"},"wordCount":968,"commentCount":0,"publisher":{"@id":"https:\/\/marekkuchcinski.pl\/#organization"},"image":{"@id":"https:\/\/marekkuchcinski.pl\/uk\/wydarzenia\/xxxi-konferencja-europa-karpat-podsumowanie\/#primaryimage"},"thumbnailUrl":"https:\/\/marekkuchcinski.pl\/wp-content\/uploads\/2021\/11\/LB_09387-scaled.jpg","articleSection":["Europa Karpat","Wsp\u00f3\u0142praca mi\u0119dzynarodowa","Wydarzenia"],"inLanguage":"en-GB","potentialAction":[{"@type":"CommentAction","name":"Comment","target":["https:\/\/marekkuchcinski.pl\/uk\/wydarzenia\/xxxi-konferencja-europa-karpat-podsumowanie\/#respond"]}]},{"@type":"WebPage","@id":"https:\/\/marekkuchcinski.pl\/uk\/wydarzenia\/xxxi-konferencja-europa-karpat-podsumowanie\/","url":"https:\/\/marekkuchcinski.pl\/uk\/wydarzenia\/xxxi-konferencja-europa-karpat-podsumowanie\/","name":"XXXI konferencja Europa Karpat. Podsumowanie &#8211; Marek Kuchci\u0144ski","isPartOf":{"@id":"https:\/\/marekkuchcinski.pl\/#website"},"primaryImageOfPage":{"@id":"https:\/\/marekkuchcinski.pl\/uk\/wydarzenia\/xxxi-konferencja-europa-karpat-podsumowanie\/#primaryimage"},"image":{"@id":"https:\/\/marekkuchcinski.pl\/uk\/wydarzenia\/xxxi-konferencja-europa-karpat-podsumowanie\/#primaryimage"},"thumbnailUrl":"https:\/\/marekkuchcinski.pl\/wp-content\/uploads\/2021\/11\/LB_09387-scaled.jpg","datePublished":"2021-11-29T10:08:27+00:00","dateModified":"2021-11-29T10:08:30+00:00","breadcrumb":{"@id":"https:\/\/marekkuchcinski.pl\/uk\/wydarzenia\/xxxi-konferencja-europa-karpat-podsumowanie\/#breadcrumb"},"inLanguage":"en-GB","potentialAction":[{"@type":"ReadAction","target":["https:\/\/marekkuchcinski.pl\/uk\/wydarzenia\/xxxi-konferencja-europa-karpat-podsumowanie\/"]}]},{"@type":"ImageObject","inLanguage":"en-GB","@id":"https:\/\/marekkuchcinski.pl\/uk\/wydarzenia\/xxxi-konferencja-europa-karpat-podsumowanie\/#primaryimage","url":"https:\/\/marekkuchcinski.pl\/wp-content\/uploads\/2021\/11\/LB_09387-scaled.jpg","contentUrl":"https:\/\/marekkuchcinski.pl\/wp-content\/uploads\/2021\/11\/LB_09387-scaled.jpg","width":2048,"height":1365},{"@type":"BreadcrumbList","@id":"https:\/\/marekkuchcinski.pl\/uk\/wydarzenia\/xxxi-konferencja-europa-karpat-podsumowanie\/#breadcrumb","itemListElement":[{"@type":"ListItem","position":1,"name":"Strona g\u0142\u00f3wna","item":"https:\/\/marekkuchcinski.pl\/"},{"@type":"ListItem","position":2,"name":"XXXI konferencja Europa Karpat. Podsumowanie"}]},{"@type":"WebSite","@id":"https:\/\/marekkuchcinski.pl\/#website","url":"https:\/\/marekkuchcinski.pl\/","name":"Marek Kuchci\u0144ski","description":"Pose\u0142 na sejm RP &ndash; okr\u0119g nr 22","publisher":{"@id":"https:\/\/marekkuchcinski.pl\/#organization"},"potentialAction":[{"@type":"SearchAction","target":{"@type":"EntryPoint","urlTemplate":"https:\/\/marekkuchcinski.pl\/?s={search_term_string}"},"query-input":{"@type":"PropertyValueSpecification","valueRequired":true,"valueName":"search_term_string"}}],"inLanguage":"en-GB"},{"@type":"Organization","@id":"https:\/\/marekkuchcinski.pl\/#organization","name":"Marek Kuchci\u0144ski","url":"https:\/\/marekkuchcinski.pl\/","logo":{"@type":"ImageObject","inLanguage":"en-GB","@id":"https:\/\/marekkuchcinski.pl\/#\/schema\/logo\/image\/","url":"https:\/\/marekkuchcinski.pl\/wp-content\/uploads\/2022\/09\/Marek.jpg","contentUrl":"https:\/\/marekkuchcinski.pl\/wp-content\/uploads\/2022\/09\/Marek.jpg","width":1600,"height":971,"caption":"Marek Kuchci\u0144ski"},"image":{"@id":"https:\/\/marekkuchcinski.pl\/#\/schema\/logo\/image\/"}},{"@type":"Person","@id":"https:\/\/marekkuchcinski.pl\/#\/schema\/person\/51d5d4ee3b5317b8e4dd2b48af359229","name":"Marta Olejnik","image":{"@type":"ImageObject","inLanguage":"en-GB","@id":"https:\/\/marekkuchcinski.pl\/#\/schema\/person\/image\/","url":"https:\/\/secure.gravatar.com\/avatar\/e39914b2aa6a48959e24d475b5dc9793?s=96&d=mm&r=g","contentUrl":"https:\/\/secure.gravatar.com\/avatar\/e39914b2aa6a48959e24d475b5dc9793?s=96&d=mm&r=g","caption":"Marta Olejnik"},"url":"https:\/\/marekkuchcinski.pl\/en\/author\/marta\/"}]}},"_links":{"self":[{"href":"https:\/\/marekkuchcinski.pl\/en\/wp-json\/wp\/v2\/posts\/23908","targetHints":{"allow":["GET"]}}],"collection":[{"href":"https:\/\/marekkuchcinski.pl\/en\/wp-json\/wp\/v2\/posts"}],"about":[{"href":"https:\/\/marekkuchcinski.pl\/en\/wp-json\/wp\/v2\/types\/post"}],"author":[{"embeddable":true,"href":"https:\/\/marekkuchcinski.pl\/en\/wp-json\/wp\/v2\/users\/21"}],"replies":[{"embeddable":true,"href":"https:\/\/marekkuchcinski.pl\/en\/wp-json\/wp\/v2\/comments?post=23908"}],"version-history":[{"count":2,"href":"https:\/\/marekkuchcinski.pl\/en\/wp-json\/wp\/v2\/posts\/23908\/revisions"}],"predecessor-version":[{"id":23924,"href":"https:\/\/marekkuchcinski.pl\/en\/wp-json\/wp\/v2\/posts\/23908\/revisions\/23924"}],"wp:featuredmedia":[{"embeddable":true,"href":"https:\/\/marekkuchcinski.pl\/en\/wp-json\/wp\/v2\/media\/23909"}],"wp:attachment":[{"href":"https:\/\/marekkuchcinski.pl\/en\/wp-json\/wp\/v2\/media?parent=23908"}],"wp:term":[{"taxonomy":"category","embeddable":true,"href":"https:\/\/marekkuchcinski.pl\/en\/wp-json\/wp\/v2\/categories?post=23908"},{"taxonomy":"post_tag","embeddable":true,"href":"https:\/\/marekkuchcinski.pl\/en\/wp-json\/wp\/v2\/tags?post=23908"}],"curies":[{"name":"wp","href":"https:\/\/api.w.org\/{rel}","templated":true}]}}