{"id":23757,"date":"2021-11-10T16:29:43","date_gmt":"2021-11-10T15:29:43","guid":{"rendered":"https:\/\/marekkuchcinski.pl\/?p=23757"},"modified":"2021-11-11T12:22:33","modified_gmt":"2021-11-11T11:22:33","slug":"uroczysta-zbiorka-z-okazji-promocji-oficerskiej-funkcjonariuszy-strazy-marszalkowskiej","status":"publish","type":"post","link":"https:\/\/marekkuchcinski.pl\/en\/wydarzenia\/uroczysta-zbiorka-z-okazji-promocji-oficerskiej-funkcjonariuszy-strazy-marszalkowskiej\/","title":{"rendered":"Uroczysta zbi\u00f3rka z okazji promocji oficerskiej funkcjonariuszy Stra\u017cy Marsza\u0142kowskiej"},"content":{"rendered":"<p class=\"wp-block-paragraph\">W \u015brod\u0119 (10.11.2021 r.) w Sali Kolumnowej odby\u0142a si\u0119 uroczysta zbi\u00f3rka z okazji promocji oficerskiej funkcjonariuszy Stra\u017cy Marsza\u0142kowskiej. Podczas uroczysto\u015bci Marsza\u0142ek Sejmu wr\u0119czy\u0142a funkcjonariuszom akty promocji na pierwszy stopie\u0144 oficerski, a Szef Kancelarii Sejmu \u2013 akty mianowania na kolejny stopie\u0144 w korpusie szeregowych.<\/p>\n\n\n\n<p class=\"wp-block-paragraph\">Stra\u017c Marsza\u0142kowska funkcjonuje jako s\u0142u\u017cba mundurowa. Jest kom\u00f3rk\u0105 organizacyjn\u0105 Kancelarii Sejmu i podlega Marsza\u0142kowi Sejmu. W\u015br\u00f3d jej zada\u0144 znalaz\u0142o si\u0119 m.in. prowadzenie rozpoznania pirotechniczno-radiologicznego os\u00f3b, pojazd\u00f3w, teren\u00f3w i obiekt\u00f3w Sejmu i Senatu.<\/p>\n\n\n\n<p class=\"wp-block-paragraph\"><strong>Ustawa z<\/strong> <strong>26 stycznia 2018 r. o Stra\u017cy Marsza\u0142kowskiej<\/strong> nada\u0142a Stra\u017cy Marsza\u0142kowskiej nowe uprawnienia i przywileje:  Funkcjonariusze zostali uprawnieni do prowadzenia rozpoznania pirotechniczno-radiologicznego os\u00f3b, pojazd\u00f3w, teren\u00f3w i obiekt\u00f3w Sejmu i Senatu oraz podejmowania dzia\u0142a\u0144 zmierzaj\u0105cych do neutralizacji zagro\u017ce\u0144, a tak\u017ce wykrywania urz\u0105dze\u0144 pods\u0142uchowych. Ponadto zostali obj\u0119ci uprawnieniami emerytalno-rentowymi s\u0142u\u017cb mundurowych, okre\u015blonymi w przepisach ustawy z dnia 18 lutego 1994 r. o\u00a0zaopatrzeniu emerytalnym funkcjonariuszy Policji, Agencji Bezpiecze\u0144stwa Wewn\u0119trznego, Agencji Wywiadu, S\u0142u\u017cby Kontrwywiadu Wojskowego, S\u0142u\u017cby Wywiadu Wojskowego, Centralnego Biura Antykorupcyjnego, Stra\u017cy Granicznej, S\u0142u\u017cby Ochrony Pa\u0144stwa, Pa\u0144stwowej Stra\u017cy Po\u017carnej i S\u0142u\u017cby Wi\u0119ziennej oraz ich rodzin.<\/p>\n\n\n\n<div class=\"wp-block-image\"><figure class=\"aligncenter size-large\"><a href=\"https:\/\/marekkuchcinski.pl\/wp-content\/uploads\/2021\/11\/ANN_3539-scaled.jpg\"><img fetchpriority=\"high\" decoding=\"async\" width=\"1024\" height=\"683\" src=\"https:\/\/marekkuchcinski.pl\/wp-content\/uploads\/2021\/11\/ANN_3539-1024x683.jpg\" alt=\"\" class=\"wp-image-23758\" srcset=\"https:\/\/marekkuchcinski.pl\/wp-content\/uploads\/2021\/11\/ANN_3539-1024x683.jpg 1024w, https:\/\/marekkuchcinski.pl\/wp-content\/uploads\/2021\/11\/ANN_3539-300x200.jpg 300w, https:\/\/marekkuchcinski.pl\/wp-content\/uploads\/2021\/11\/ANN_3539-768x512.jpg 768w, https:\/\/marekkuchcinski.pl\/wp-content\/uploads\/2021\/11\/ANN_3539-1536x1024.jpg 1536w, https:\/\/marekkuchcinski.pl\/wp-content\/uploads\/2021\/11\/ANN_3539-scaled.jpg 2048w, https:\/\/marekkuchcinski.pl\/wp-content\/uploads\/2021\/11\/ANN_3539-18x12.jpg 18w\" sizes=\"(max-width: 1024px) 100vw, 1024px\" \/><\/a><\/figure><\/div>\n\n\n\n<div class=\"wp-block-image\"><figure class=\"aligncenter size-large\"><a href=\"https:\/\/marekkuchcinski.pl\/wp-content\/uploads\/2021\/11\/ANN_3724-scaled.jpg\"><img decoding=\"async\" width=\"1024\" height=\"683\" src=\"https:\/\/marekkuchcinski.pl\/wp-content\/uploads\/2021\/11\/ANN_3724-1024x683.jpg\" alt=\"\" class=\"wp-image-23759\" srcset=\"https:\/\/marekkuchcinski.pl\/wp-content\/uploads\/2021\/11\/ANN_3724-1024x683.jpg 1024w, https:\/\/marekkuchcinski.pl\/wp-content\/uploads\/2021\/11\/ANN_3724-300x200.jpg 300w, https:\/\/marekkuchcinski.pl\/wp-content\/uploads\/2021\/11\/ANN_3724-768x512.jpg 768w, https:\/\/marekkuchcinski.pl\/wp-content\/uploads\/2021\/11\/ANN_3724-1536x1024.jpg 1536w, https:\/\/marekkuchcinski.pl\/wp-content\/uploads\/2021\/11\/ANN_3724-scaled.jpg 2048w, https:\/\/marekkuchcinski.pl\/wp-content\/uploads\/2021\/11\/ANN_3724-18x12.jpg 18w\" sizes=\"(max-width: 1024px) 100vw, 1024px\" \/><\/a><\/figure><\/div>\n\n\n\n<div class=\"wp-block-image\"><figure class=\"aligncenter size-large\"><a href=\"https:\/\/marekkuchcinski.pl\/wp-content\/uploads\/2021\/11\/ANN_3486-scaled.jpg\"><img decoding=\"async\" width=\"1024\" height=\"683\" src=\"https:\/\/marekkuchcinski.pl\/wp-content\/uploads\/2021\/11\/ANN_3486-1024x683.jpg\" alt=\"\" class=\"wp-image-23760\" srcset=\"https:\/\/marekkuchcinski.pl\/wp-content\/uploads\/2021\/11\/ANN_3486-1024x683.jpg 1024w, https:\/\/marekkuchcinski.pl\/wp-content\/uploads\/2021\/11\/ANN_3486-300x200.jpg 300w, https:\/\/marekkuchcinski.pl\/wp-content\/uploads\/2021\/11\/ANN_3486-768x512.jpg 768w, https:\/\/marekkuchcinski.pl\/wp-content\/uploads\/2021\/11\/ANN_3486-1536x1024.jpg 1536w, https:\/\/marekkuchcinski.pl\/wp-content\/uploads\/2021\/11\/ANN_3486-scaled.jpg 2048w, https:\/\/marekkuchcinski.pl\/wp-content\/uploads\/2021\/11\/ANN_3486-18x12.jpg 18w\" sizes=\"(max-width: 1024px) 100vw, 1024px\" \/><\/a><\/figure><\/div>\n\n\n\n<div class=\"wp-block-image\"><figure class=\"aligncenter size-large\"><a href=\"https:\/\/marekkuchcinski.pl\/wp-content\/uploads\/2021\/11\/DSC_2791-scaled.jpg\"><img loading=\"lazy\" decoding=\"async\" width=\"1024\" height=\"682\" src=\"https:\/\/marekkuchcinski.pl\/wp-content\/uploads\/2021\/11\/DSC_2791-1024x682.jpg\" alt=\"\" class=\"wp-image-23761\" srcset=\"https:\/\/marekkuchcinski.pl\/wp-content\/uploads\/2021\/11\/DSC_2791-1024x682.jpg 1024w, https:\/\/marekkuchcinski.pl\/wp-content\/uploads\/2021\/11\/DSC_2791-300x200.jpg 300w, https:\/\/marekkuchcinski.pl\/wp-content\/uploads\/2021\/11\/DSC_2791-768x511.jpg 768w, https:\/\/marekkuchcinski.pl\/wp-content\/uploads\/2021\/11\/DSC_2791-1536x1023.jpg 1536w, https:\/\/marekkuchcinski.pl\/wp-content\/uploads\/2021\/11\/DSC_2791-scaled.jpg 2048w, https:\/\/marekkuchcinski.pl\/wp-content\/uploads\/2021\/11\/DSC_2791-18x12.jpg 18w\" sizes=\"(max-width: 1024px) 100vw, 1024px\" \/><\/a><\/figure><\/div>\n\n\n\n<div class=\"wp-block-image\"><figure class=\"aligncenter size-large\"><a href=\"https:\/\/marekkuchcinski.pl\/wp-content\/uploads\/2021\/11\/DSC_2919-scaled.jpg\"><img loading=\"lazy\" decoding=\"async\" width=\"1024\" height=\"682\" src=\"https:\/\/marekkuchcinski.pl\/wp-content\/uploads\/2021\/11\/DSC_2919-1024x682.jpg\" alt=\"\" class=\"wp-image-23762\" srcset=\"https:\/\/marekkuchcinski.pl\/wp-content\/uploads\/2021\/11\/DSC_2919-1024x682.jpg 1024w, https:\/\/marekkuchcinski.pl\/wp-content\/uploads\/2021\/11\/DSC_2919-300x200.jpg 300w, https:\/\/marekkuchcinski.pl\/wp-content\/uploads\/2021\/11\/DSC_2919-768x511.jpg 768w, https:\/\/marekkuchcinski.pl\/wp-content\/uploads\/2021\/11\/DSC_2919-1536x1023.jpg 1536w, https:\/\/marekkuchcinski.pl\/wp-content\/uploads\/2021\/11\/DSC_2919-scaled.jpg 2048w, https:\/\/marekkuchcinski.pl\/wp-content\/uploads\/2021\/11\/DSC_2919-18x12.jpg 18w\" sizes=\"(max-width: 1024px) 100vw, 1024px\" \/><\/a><\/figure><\/div>\n\n\n\n<p class=\"wp-block-paragraph\"><\/p>\n\n\n\n<p class=\"wp-block-paragraph\">Fot. Anna Strzy\u017cak\/Kancelaria Sejmu<\/p>","protected":false},"excerpt":{"rendered":"<p>W \u015brod\u0119 (10.11.2021 r.) w Sali Kolumnowej odby\u0142a si\u0119 uroczysta zbi\u00f3rka z okazji promocji oficerskiej funkcjonariuszy Stra\u017cy Marsza\u0142kowskiej. Podczas uroczysto\u015bci Marsza\u0142ek Sejmu wr\u0119czy\u0142a funkcjonariuszom akty promocji na pierwszy stopie\u0144 oficerski, a Szef Kancelarii Sejmu \u2013 akty mianowania na kolejny stopie\u0144 w korpusie szeregowych. Stra\u017c Marsza\u0142kowska funkcjonuje jako s\u0142u\u017cba mundurowa. Jest kom\u00f3rk\u0105 organizacyjn\u0105 Kancelarii Sejmu i [&hellip;]<\/p>\n","protected":false},"author":2,"featured_media":23765,"comment_status":"open","ping_status":"open","sticky":false,"template":"","format":"standard","meta":{"ngg_post_thumbnail":0,"footnotes":""},"categories":[3],"tags":[],"class_list":["post-23757","post","type-post","status-publish","format-standard","has-post-thumbnail","hentry","category-wydarzenia"],"yoast_head":"<!-- This site is optimized with the Yoast SEO plugin v28.4 - https:\/\/yoast.com\/product\/yoast-seo-wordpress\/ -->\n<title>Uroczysta zbi\u00f3rka z okazji promocji oficerskiej funkcjonariuszy Stra\u017cy Marsza\u0142kowskiej &#8211; Marek Kuchci\u0144ski<\/title>\n<meta name=\"robots\" content=\"index, follow, max-snippet:-1, max-image-preview:large, max-video-preview:-1\" \/>\n<link rel=\"canonical\" href=\"https:\/\/marekkuchcinski.pl\/en\/wydarzenia\/uroczysta-zbiorka-z-okazji-promocji-oficerskiej-funkcjonariuszy-strazy-marszalkowskiej\/\" \/>\n<meta property=\"og:locale\" content=\"en_GB\" \/>\n<meta property=\"og:type\" content=\"article\" \/>\n<meta property=\"og:title\" content=\"Uroczysta zbi\u00f3rka z okazji promocji oficerskiej funkcjonariuszy Stra\u017cy Marsza\u0142kowskiej &#8211; Marek Kuchci\u0144ski\" \/>\n<meta property=\"og:description\" content=\"W \u015brod\u0119 (10.11.2021 r.) w Sali Kolumnowej odby\u0142a si\u0119 uroczysta zbi\u00f3rka z okazji promocji oficerskiej funkcjonariuszy Stra\u017cy Marsza\u0142kowskiej. Podczas uroczysto\u015bci Marsza\u0142ek Sejmu wr\u0119czy\u0142a funkcjonariuszom akty promocji na pierwszy stopie\u0144 oficerski, a Szef Kancelarii Sejmu \u2013 akty mianowania na kolejny stopie\u0144 w korpusie szeregowych. Stra\u017c Marsza\u0142kowska funkcjonuje jako s\u0142u\u017cba mundurowa. Jest kom\u00f3rk\u0105 organizacyjn\u0105 Kancelarii Sejmu i [&hellip;]\" \/>\n<meta property=\"og:url\" content=\"https:\/\/marekkuchcinski.pl\/en\/wydarzenia\/uroczysta-zbiorka-z-okazji-promocji-oficerskiej-funkcjonariuszy-strazy-marszalkowskiej\/\" \/>\n<meta property=\"og:site_name\" content=\"Marek Kuchci\u0144ski\" \/>\n<meta property=\"article:published_time\" content=\"2021-11-10T15:29:43+00:00\" \/>\n<meta property=\"article:modified_time\" content=\"2021-11-11T11:22:33+00:00\" \/>\n<meta property=\"og:image\" content=\"https:\/\/marekkuchcinski.pl\/wp-content\/uploads\/2021\/11\/straz.jpg\" \/>\n\t<meta property=\"og:image:width\" content=\"1618\" \/>\n\t<meta property=\"og:image:height\" content=\"1136\" \/>\n\t<meta property=\"og:image:type\" content=\"image\/jpeg\" \/>\n<meta name=\"author\" content=\"Tomasz \u0141acina\" \/>\n<meta name=\"twitter:card\" content=\"summary_large_image\" \/>\n<meta name=\"twitter:label1\" content=\"Written by\" \/>\n\t<meta name=\"twitter:data1\" content=\"Tomasz \u0141acina\" \/>\n\t<meta name=\"twitter:label2\" content=\"Est. reading time\" \/>\n\t<meta name=\"twitter:data2\" content=\"2 minutes\" \/>\n<script type=\"application\/ld+json\" class=\"yoast-schema-graph\">{\"@context\":\"https:\\\/\\\/schema.org\",\"@graph\":[{\"@type\":\"Article\",\"@id\":\"https:\\\/\\\/marekkuchcinski.pl\\\/wydarzenia\\\/uroczysta-zbiorka-z-okazji-promocji-oficerskiej-funkcjonariuszy-strazy-marszalkowskiej\\\/#article\",\"isPartOf\":{\"@id\":\"https:\\\/\\\/marekkuchcinski.pl\\\/wydarzenia\\\/uroczysta-zbiorka-z-okazji-promocji-oficerskiej-funkcjonariuszy-strazy-marszalkowskiej\\\/\"},\"author\":{\"name\":\"Tomasz \u0141acina\",\"@id\":\"https:\\\/\\\/marekkuchcinski.pl\\\/#\\\/schema\\\/person\\\/aba1fe8aef473b9a6959c5931c34a69d\"},\"headline\":\"Uroczysta zbi\u00f3rka z okazji promocji oficerskiej funkcjonariuszy Stra\u017cy Marsza\u0142kowskiej\",\"datePublished\":\"2021-11-10T15:29:43+00:00\",\"dateModified\":\"2021-11-11T11:22:33+00:00\",\"mainEntityOfPage\":{\"@id\":\"https:\\\/\\\/marekkuchcinski.pl\\\/wydarzenia\\\/uroczysta-zbiorka-z-okazji-promocji-oficerskiej-funkcjonariuszy-strazy-marszalkowskiej\\\/\"},\"wordCount\":236,\"commentCount\":0,\"publisher\":{\"@id\":\"https:\\\/\\\/marekkuchcinski.pl\\\/#organization\"},\"image\":{\"@id\":\"https:\\\/\\\/marekkuchcinski.pl\\\/wydarzenia\\\/uroczysta-zbiorka-z-okazji-promocji-oficerskiej-funkcjonariuszy-strazy-marszalkowskiej\\\/#primaryimage\"},\"thumbnailUrl\":\"https:\\\/\\\/marekkuchcinski.pl\\\/wp-content\\\/uploads\\\/2021\\\/11\\\/straz.jpg\",\"articleSection\":[\"Wydarzenia\"],\"inLanguage\":\"en-GB\",\"potentialAction\":[{\"@type\":\"CommentAction\",\"name\":\"Comment\",\"target\":[\"https:\\\/\\\/marekkuchcinski.pl\\\/wydarzenia\\\/uroczysta-zbiorka-z-okazji-promocji-oficerskiej-funkcjonariuszy-strazy-marszalkowskiej\\\/#respond\"]}]},{\"@type\":\"WebPage\",\"@id\":\"https:\\\/\\\/marekkuchcinski.pl\\\/wydarzenia\\\/uroczysta-zbiorka-z-okazji-promocji-oficerskiej-funkcjonariuszy-strazy-marszalkowskiej\\\/\",\"url\":\"https:\\\/\\\/marekkuchcinski.pl\\\/wydarzenia\\\/uroczysta-zbiorka-z-okazji-promocji-oficerskiej-funkcjonariuszy-strazy-marszalkowskiej\\\/\",\"name\":\"Uroczysta zbi\u00f3rka z okazji promocji oficerskiej funkcjonariuszy Stra\u017cy Marsza\u0142kowskiej &#8211; Marek Kuchci\u0144ski\",\"isPartOf\":{\"@id\":\"https:\\\/\\\/marekkuchcinski.pl\\\/#website\"},\"primaryImageOfPage\":{\"@id\":\"https:\\\/\\\/marekkuchcinski.pl\\\/wydarzenia\\\/uroczysta-zbiorka-z-okazji-promocji-oficerskiej-funkcjonariuszy-strazy-marszalkowskiej\\\/#primaryimage\"},\"image\":{\"@id\":\"https:\\\/\\\/marekkuchcinski.pl\\\/wydarzenia\\\/uroczysta-zbiorka-z-okazji-promocji-oficerskiej-funkcjonariuszy-strazy-marszalkowskiej\\\/#primaryimage\"},\"thumbnailUrl\":\"https:\\\/\\\/marekkuchcinski.pl\\\/wp-content\\\/uploads\\\/2021\\\/11\\\/straz.jpg\",\"datePublished\":\"2021-11-10T15:29:43+00:00\",\"dateModified\":\"2021-11-11T11:22:33+00:00\",\"breadcrumb\":{\"@id\":\"https:\\\/\\\/marekkuchcinski.pl\\\/wydarzenia\\\/uroczysta-zbiorka-z-okazji-promocji-oficerskiej-funkcjonariuszy-strazy-marszalkowskiej\\\/#breadcrumb\"},\"inLanguage\":\"en-GB\",\"potentialAction\":[{\"@type\":\"ReadAction\",\"target\":[\"https:\\\/\\\/marekkuchcinski.pl\\\/wydarzenia\\\/uroczysta-zbiorka-z-okazji-promocji-oficerskiej-funkcjonariuszy-strazy-marszalkowskiej\\\/\"]}]},{\"@type\":\"ImageObject\",\"inLanguage\":\"en-GB\",\"@id\":\"https:\\\/\\\/marekkuchcinski.pl\\\/wydarzenia\\\/uroczysta-zbiorka-z-okazji-promocji-oficerskiej-funkcjonariuszy-strazy-marszalkowskiej\\\/#primaryimage\",\"url\":\"https:\\\/\\\/marekkuchcinski.pl\\\/wp-content\\\/uploads\\\/2021\\\/11\\\/straz.jpg\",\"contentUrl\":\"https:\\\/\\\/marekkuchcinski.pl\\\/wp-content\\\/uploads\\\/2021\\\/11\\\/straz.jpg\",\"width\":1618,\"height\":1136},{\"@type\":\"BreadcrumbList\",\"@id\":\"https:\\\/\\\/marekkuchcinski.pl\\\/wydarzenia\\\/uroczysta-zbiorka-z-okazji-promocji-oficerskiej-funkcjonariuszy-strazy-marszalkowskiej\\\/#breadcrumb\",\"itemListElement\":[{\"@type\":\"ListItem\",\"position\":1,\"name\":\"Strona g\u0142\u00f3wna\",\"item\":\"https:\\\/\\\/marekkuchcinski.pl\\\/\"},{\"@type\":\"ListItem\",\"position\":2,\"name\":\"Uroczysta zbi\u00f3rka z okazji promocji oficerskiej funkcjonariuszy Stra\u017cy Marsza\u0142kowskiej\"}]},{\"@type\":\"WebSite\",\"@id\":\"https:\\\/\\\/marekkuchcinski.pl\\\/#website\",\"url\":\"https:\\\/\\\/marekkuchcinski.pl\\\/\",\"name\":\"Marek Kuchci\u0144ski\",\"description\":\"Marek Kuchci\u0144ski \",\"publisher\":{\"@id\":\"https:\\\/\\\/marekkuchcinski.pl\\\/#organization\"},\"potentialAction\":[{\"@type\":\"SearchAction\",\"target\":{\"@type\":\"EntryPoint\",\"urlTemplate\":\"https:\\\/\\\/marekkuchcinski.pl\\\/?s={search_term_string}\"},\"query-input\":{\"@type\":\"PropertyValueSpecification\",\"valueRequired\":true,\"valueName\":\"search_term_string\"}}],\"inLanguage\":\"en-GB\"},{\"@type\":\"Organization\",\"@id\":\"https:\\\/\\\/marekkuchcinski.pl\\\/#organization\",\"name\":\"Marek Kuchci\u0144ski\",\"url\":\"https:\\\/\\\/marekkuchcinski.pl\\\/\",\"logo\":{\"@type\":\"ImageObject\",\"inLanguage\":\"en-GB\",\"@id\":\"https:\\\/\\\/marekkuchcinski.pl\\\/#\\\/schema\\\/logo\\\/image\\\/\",\"url\":\"https:\\\/\\\/marekkuchcinski.pl\\\/wp-content\\\/uploads\\\/2022\\\/09\\\/Marek.jpg\",\"contentUrl\":\"https:\\\/\\\/marekkuchcinski.pl\\\/wp-content\\\/uploads\\\/2022\\\/09\\\/Marek.jpg\",\"width\":1600,\"height\":971,\"caption\":\"Marek Kuchci\u0144ski\"},\"image\":{\"@id\":\"https:\\\/\\\/marekkuchcinski.pl\\\/#\\\/schema\\\/logo\\\/image\\\/\"}},{\"@type\":\"Person\",\"@id\":\"https:\\\/\\\/marekkuchcinski.pl\\\/#\\\/schema\\\/person\\\/aba1fe8aef473b9a6959c5931c34a69d\",\"name\":\"Tomasz \u0141acina\",\"image\":{\"@type\":\"ImageObject\",\"inLanguage\":\"en-GB\",\"@id\":\"https:\\\/\\\/secure.gravatar.com\\\/avatar\\\/fd39e6ddb0386ca8ff9cf0a0732afdeb33a6c2f19978b6d60dfd33e5c2258908?s=96&d=mm&r=g\",\"url\":\"https:\\\/\\\/secure.gravatar.com\\\/avatar\\\/fd39e6ddb0386ca8ff9cf0a0732afdeb33a6c2f19978b6d60dfd33e5c2258908?s=96&d=mm&r=g\",\"contentUrl\":\"https:\\\/\\\/secure.gravatar.com\\\/avatar\\\/fd39e6ddb0386ca8ff9cf0a0732afdeb33a6c2f19978b6d60dfd33e5c2258908?s=96&d=mm&r=g\",\"caption\":\"Tomasz \u0141acina\"},\"url\":\"https:\\\/\\\/marekkuchcinski.pl\\\/en\\\/author\\\/tomek-lacina\\\/\"}]}<\/script>\n<!-- \/ Yoast SEO plugin. -->","yoast_head_json":{"title":"Uroczysta zbi\u00f3rka z okazji promocji oficerskiej funkcjonariuszy Stra\u017cy Marsza\u0142kowskiej &#8211; Marek Kuchci\u0144ski","robots":{"index":"index","follow":"follow","max-snippet":"max-snippet:-1","max-image-preview":"max-image-preview:large","max-video-preview":"max-video-preview:-1"},"canonical":"https:\/\/marekkuchcinski.pl\/en\/wydarzenia\/uroczysta-zbiorka-z-okazji-promocji-oficerskiej-funkcjonariuszy-strazy-marszalkowskiej\/","og_locale":"en_GB","og_type":"article","og_title":"Uroczysta zbi\u00f3rka z okazji promocji oficerskiej funkcjonariuszy Stra\u017cy Marsza\u0142kowskiej &#8211; Marek Kuchci\u0144ski","og_description":"W \u015brod\u0119 (10.11.2021 r.) w Sali Kolumnowej odby\u0142a si\u0119 uroczysta zbi\u00f3rka z okazji promocji oficerskiej funkcjonariuszy Stra\u017cy Marsza\u0142kowskiej. Podczas uroczysto\u015bci Marsza\u0142ek Sejmu wr\u0119czy\u0142a funkcjonariuszom akty promocji na pierwszy stopie\u0144 oficerski, a Szef Kancelarii Sejmu \u2013 akty mianowania na kolejny stopie\u0144 w korpusie szeregowych. Stra\u017c Marsza\u0142kowska funkcjonuje jako s\u0142u\u017cba mundurowa. Jest kom\u00f3rk\u0105 organizacyjn\u0105 Kancelarii Sejmu i [&hellip;]","og_url":"https:\/\/marekkuchcinski.pl\/en\/wydarzenia\/uroczysta-zbiorka-z-okazji-promocji-oficerskiej-funkcjonariuszy-strazy-marszalkowskiej\/","og_site_name":"Marek Kuchci\u0144ski","article_published_time":"2021-11-10T15:29:43+00:00","article_modified_time":"2021-11-11T11:22:33+00:00","og_image":[{"width":1618,"height":1136,"url":"https:\/\/marekkuchcinski.pl\/wp-content\/uploads\/2021\/11\/straz.jpg","type":"image\/jpeg"}],"author":"Tomasz \u0141acina","twitter_card":"summary_large_image","twitter_misc":{"Written by":"Tomasz \u0141acina","Est. reading time":"2 minutes"},"schema":{"@context":"https:\/\/schema.org","@graph":[{"@type":"Article","@id":"https:\/\/marekkuchcinski.pl\/wydarzenia\/uroczysta-zbiorka-z-okazji-promocji-oficerskiej-funkcjonariuszy-strazy-marszalkowskiej\/#article","isPartOf":{"@id":"https:\/\/marekkuchcinski.pl\/wydarzenia\/uroczysta-zbiorka-z-okazji-promocji-oficerskiej-funkcjonariuszy-strazy-marszalkowskiej\/"},"author":{"name":"Tomasz \u0141acina","@id":"https:\/\/marekkuchcinski.pl\/#\/schema\/person\/aba1fe8aef473b9a6959c5931c34a69d"},"headline":"Uroczysta zbi\u00f3rka z okazji promocji oficerskiej funkcjonariuszy Stra\u017cy Marsza\u0142kowskiej","datePublished":"2021-11-10T15:29:43+00:00","dateModified":"2021-11-11T11:22:33+00:00","mainEntityOfPage":{"@id":"https:\/\/marekkuchcinski.pl\/wydarzenia\/uroczysta-zbiorka-z-okazji-promocji-oficerskiej-funkcjonariuszy-strazy-marszalkowskiej\/"},"wordCount":236,"commentCount":0,"publisher":{"@id":"https:\/\/marekkuchcinski.pl\/#organization"},"image":{"@id":"https:\/\/marekkuchcinski.pl\/wydarzenia\/uroczysta-zbiorka-z-okazji-promocji-oficerskiej-funkcjonariuszy-strazy-marszalkowskiej\/#primaryimage"},"thumbnailUrl":"https:\/\/marekkuchcinski.pl\/wp-content\/uploads\/2021\/11\/straz.jpg","articleSection":["Wydarzenia"],"inLanguage":"en-GB","potentialAction":[{"@type":"CommentAction","name":"Comment","target":["https:\/\/marekkuchcinski.pl\/wydarzenia\/uroczysta-zbiorka-z-okazji-promocji-oficerskiej-funkcjonariuszy-strazy-marszalkowskiej\/#respond"]}]},{"@type":"WebPage","@id":"https:\/\/marekkuchcinski.pl\/wydarzenia\/uroczysta-zbiorka-z-okazji-promocji-oficerskiej-funkcjonariuszy-strazy-marszalkowskiej\/","url":"https:\/\/marekkuchcinski.pl\/wydarzenia\/uroczysta-zbiorka-z-okazji-promocji-oficerskiej-funkcjonariuszy-strazy-marszalkowskiej\/","name":"Uroczysta zbi\u00f3rka z okazji promocji oficerskiej funkcjonariuszy Stra\u017cy Marsza\u0142kowskiej &#8211; Marek Kuchci\u0144ski","isPartOf":{"@id":"https:\/\/marekkuchcinski.pl\/#website"},"primaryImageOfPage":{"@id":"https:\/\/marekkuchcinski.pl\/wydarzenia\/uroczysta-zbiorka-z-okazji-promocji-oficerskiej-funkcjonariuszy-strazy-marszalkowskiej\/#primaryimage"},"image":{"@id":"https:\/\/marekkuchcinski.pl\/wydarzenia\/uroczysta-zbiorka-z-okazji-promocji-oficerskiej-funkcjonariuszy-strazy-marszalkowskiej\/#primaryimage"},"thumbnailUrl":"https:\/\/marekkuchcinski.pl\/wp-content\/uploads\/2021\/11\/straz.jpg","datePublished":"2021-11-10T15:29:43+00:00","dateModified":"2021-11-11T11:22:33+00:00","breadcrumb":{"@id":"https:\/\/marekkuchcinski.pl\/wydarzenia\/uroczysta-zbiorka-z-okazji-promocji-oficerskiej-funkcjonariuszy-strazy-marszalkowskiej\/#breadcrumb"},"inLanguage":"en-GB","potentialAction":[{"@type":"ReadAction","target":["https:\/\/marekkuchcinski.pl\/wydarzenia\/uroczysta-zbiorka-z-okazji-promocji-oficerskiej-funkcjonariuszy-strazy-marszalkowskiej\/"]}]},{"@type":"ImageObject","inLanguage":"en-GB","@id":"https:\/\/marekkuchcinski.pl\/wydarzenia\/uroczysta-zbiorka-z-okazji-promocji-oficerskiej-funkcjonariuszy-strazy-marszalkowskiej\/#primaryimage","url":"https:\/\/marekkuchcinski.pl\/wp-content\/uploads\/2021\/11\/straz.jpg","contentUrl":"https:\/\/marekkuchcinski.pl\/wp-content\/uploads\/2021\/11\/straz.jpg","width":1618,"height":1136},{"@type":"BreadcrumbList","@id":"https:\/\/marekkuchcinski.pl\/wydarzenia\/uroczysta-zbiorka-z-okazji-promocji-oficerskiej-funkcjonariuszy-strazy-marszalkowskiej\/#breadcrumb","itemListElement":[{"@type":"ListItem","position":1,"name":"Strona g\u0142\u00f3wna","item":"https:\/\/marekkuchcinski.pl\/"},{"@type":"ListItem","position":2,"name":"Uroczysta zbi\u00f3rka z okazji promocji oficerskiej funkcjonariuszy Stra\u017cy Marsza\u0142kowskiej"}]},{"@type":"WebSite","@id":"https:\/\/marekkuchcinski.pl\/#website","url":"https:\/\/marekkuchcinski.pl\/","name":"Marek Kuchci\u0144ski","description":"Marek Kuchci\u0144ski","publisher":{"@id":"https:\/\/marekkuchcinski.pl\/#organization"},"potentialAction":[{"@type":"SearchAction","target":{"@type":"EntryPoint","urlTemplate":"https:\/\/marekkuchcinski.pl\/?s={search_term_string}"},"query-input":{"@type":"PropertyValueSpecification","valueRequired":true,"valueName":"search_term_string"}}],"inLanguage":"en-GB"},{"@type":"Organization","@id":"https:\/\/marekkuchcinski.pl\/#organization","name":"Marek Kuchci\u0144ski","url":"https:\/\/marekkuchcinski.pl\/","logo":{"@type":"ImageObject","inLanguage":"en-GB","@id":"https:\/\/marekkuchcinski.pl\/#\/schema\/logo\/image\/","url":"https:\/\/marekkuchcinski.pl\/wp-content\/uploads\/2022\/09\/Marek.jpg","contentUrl":"https:\/\/marekkuchcinski.pl\/wp-content\/uploads\/2022\/09\/Marek.jpg","width":1600,"height":971,"caption":"Marek Kuchci\u0144ski"},"image":{"@id":"https:\/\/marekkuchcinski.pl\/#\/schema\/logo\/image\/"}},{"@type":"Person","@id":"https:\/\/marekkuchcinski.pl\/#\/schema\/person\/aba1fe8aef473b9a6959c5931c34a69d","name":"Tomasz \u0141acina","image":{"@type":"ImageObject","inLanguage":"en-GB","@id":"https:\/\/secure.gravatar.com\/avatar\/fd39e6ddb0386ca8ff9cf0a0732afdeb33a6c2f19978b6d60dfd33e5c2258908?s=96&d=mm&r=g","url":"https:\/\/secure.gravatar.com\/avatar\/fd39e6ddb0386ca8ff9cf0a0732afdeb33a6c2f19978b6d60dfd33e5c2258908?s=96&d=mm&r=g","contentUrl":"https:\/\/secure.gravatar.com\/avatar\/fd39e6ddb0386ca8ff9cf0a0732afdeb33a6c2f19978b6d60dfd33e5c2258908?s=96&d=mm&r=g","caption":"Tomasz \u0141acina"},"url":"https:\/\/marekkuchcinski.pl\/en\/author\/tomek-lacina\/"}]}},"_links":{"self":[{"href":"https:\/\/marekkuchcinski.pl\/en\/wp-json\/wp\/v2\/posts\/23757","targetHints":{"allow":["GET"]}}],"collection":[{"href":"https:\/\/marekkuchcinski.pl\/en\/wp-json\/wp\/v2\/posts"}],"about":[{"href":"https:\/\/marekkuchcinski.pl\/en\/wp-json\/wp\/v2\/types\/post"}],"author":[{"embeddable":true,"href":"https:\/\/marekkuchcinski.pl\/en\/wp-json\/wp\/v2\/users\/2"}],"replies":[{"embeddable":true,"href":"https:\/\/marekkuchcinski.pl\/en\/wp-json\/wp\/v2\/comments?post=23757"}],"version-history":[{"count":3,"href":"https:\/\/marekkuchcinski.pl\/en\/wp-json\/wp\/v2\/posts\/23757\/revisions"}],"predecessor-version":[{"id":23767,"href":"https:\/\/marekkuchcinski.pl\/en\/wp-json\/wp\/v2\/posts\/23757\/revisions\/23767"}],"wp:featuredmedia":[{"embeddable":true,"href":"https:\/\/marekkuchcinski.pl\/en\/wp-json\/wp\/v2\/media\/23765"}],"wp:attachment":[{"href":"https:\/\/marekkuchcinski.pl\/en\/wp-json\/wp\/v2\/media?parent=23757"}],"wp:term":[{"taxonomy":"category","embeddable":true,"href":"https:\/\/marekkuchcinski.pl\/en\/wp-json\/wp\/v2\/categories?post=23757"},{"taxonomy":"post_tag","embeddable":true,"href":"https:\/\/marekkuchcinski.pl\/en\/wp-json\/wp\/v2\/tags?post=23757"}],"curies":[{"name":"wp","href":"https:\/\/api.w.org\/{rel}","templated":true}]}}