{"id":23604,"date":"2021-10-23T11:50:16","date_gmt":"2021-10-23T09:50:16","guid":{"rendered":"https:\/\/marekkuchcinski.pl\/?p=23604"},"modified":"2021-10-23T12:00:29","modified_gmt":"2021-10-23T10:00:29","slug":"marek-kuchcinski-na-forum-polska-wegry-sposob-w-jaki-wspolpracujemy-z-wegrami-powinien-byc-norma-w-relacjach-ue","status":"publish","type":"post","link":"https:\/\/marekkuchcinski.pl\/en\/wydarzenia\/marek-kuchcinski-na-forum-polska-wegry-sposob-w-jaki-wspolpracujemy-z-wegrami-powinien-byc-norma-w-relacjach-ue\/","title":{"rendered":"Marek Kuchci\u0144ski na Forum Polska-W\u0119gry:  Spos\u00f3b, w jaki wsp\u00f3\u0142pracujemy z W\u0119grami, powinien by\u0107 norm\u0105 w relacjach UE"},"content":{"rendered":"<p class=\"wp-block-paragraph\">Szef Komisji Spraw Zagranicznych Marek Kuchci\u0144ski wzi\u0105\u0142 udzia\u0142 w III edycji Forum Polska-W\u0119gry. Tematem przewodnim by\u0142o zacie\u015bnienie relacji obu kraj\u00f3w na  poziomie lokalnym, regionalnym i pa\u0144stwowym. Uczestnicy rozmawiali o wsp\u00f3lnych dzia\u0142aniach w obszarze gospodarki, polityki zagranicznej, dzia\u0142alno\u015bci w strukturach unijnych, kultury, wsp\u00f3\u0142pracy regionalnej oraz polityki spo\u0142ecznej. Dzielono si\u0119 tak\u017ce prognozami na<br>przysz\u0142o\u015b\u0107 i dobrymi praktykami w walce z kryzysem gospodarczym wywo\u0142anym pandemi\u0105 koronawirusa.<\/p>\n\n\n\n<p class=\"wp-block-paragraph\">Tegoroczna edycja po\u015bwi\u0119cona by\u0142a rocznicy rewolucji 1956 roku. Tamte wydarzenia przepe\u0142nione by\u0142y b\u00f3lem, rozczarowaniem, niezgod\u0105 na otaczaj\u0105cy \u015bwiat, ale by\u0142y tak\u017ce pe\u0142ne pi\u0119knych przyk\u0142ad\u00f3w polsko-w\u0119gierskiej solidarno\u015bci \u2013 wzajemnego wsparcia przejawiaj\u0105cego si\u0119 w demonstracjach, transparentach, gromadzeniu lek\u00f3w, oddawaniu krwi.<\/p>\n\n\n\n<p class=\"wp-block-paragraph\"><strong>Pierwszy panel Forum po\u015bwi\u0119cono w\u0142a\u015bnie polsko-w\u0119gierskiej solidarno\u015bci. Marek Kuchci\u0144ski podkre\u015bli\u0142<\/strong>, \u017ce tajemnica dobrych stosunk\u00f3w polsko-w\u0119gierskich tkwi w historii. \u0141\u0105czy nas wsp\u00f3lnota los\u00f3w. Wczoraj i dzi\u015b kontakty m.in parlamentarne mi\u0119dzy Polsk\u0105 a W\u0119grami mia\u0142y wp\u0142yw nie tylko na los regionu, ale tak\u017ce Europy. Mo\u017cna zwr\u00f3ci\u0107 uwag\u0119 na trzy kluczowe, \u0142\u0105cz\u0105ce nas elementy:<\/p>\n\n\n\n<ul class=\"wp-block-list\" type=\"1\"><li><strong>Jeste\u015bmy narodami historycznymi<\/strong>: w X wieku przyj\u0119li\u015bmy chrze\u015bcija\u0144stwo, na kt\u00f3rym budowali\u015bmy swoj\u0105 pa\u0144stwowo\u015b\u0107 i narodowo\u015b\u0107. Wida\u0107 to w hymnie w\u0119gierskim oraz w jednej z najwa\u017cniejszych polskich pie\u015bni &#8222;Bo\u017c\u0119 co\u015b Polsk\u0119&#8230;&#8221;<\/li><li><strong>Sojusze<\/strong>: niejednokrotnie walczyli\u015bmy w ramie w ramie, np. w bitwach pod Mohaczem czy pod Warn\u0105.<\/li><\/ul>\n\n\n\n<p class=\"wp-block-paragraph\">Marsza\u0142ek Kuchci\u0144ski przypomnia\u0142 tak\u017ce, \u017ce wsp\u00f3\u0142praca mi\u0119dzy Polsk\u0105 a W\u0119grami wp\u0142ywa pozytywnie na Grup\u0119 Wyszehradzk\u0105. &#8211; Potrzebujemy jeszcze wi\u0119cej kontakt\u00f3w i zacie\u015bnienia wzajemnych stosunk\u00f3w. Nie widz\u0119 s\u0142abych stron w naszej wsp\u00f3\u0142pracy &#8211; przekonywa\u0142.<\/p>\n\n\n\n<p class=\"wp-block-paragraph\"><strong>Przewodnicz\u0105cy Komisji Spraw Zagranicznych W\u0119gier Zsolt <strong>N\u00e9meth<\/strong><\/strong> <strong>m\u00f3wi\u0142, \u017ce w<\/strong> ostatnich dniach toczy\u0142y si\u0119 ostre dyskusje w Brukseli (zar\u00f3wno w Parlamencie Europejskim, jak i w Radzie Europy) na temat kwestii praworz\u0105dno\u015bci. Premier Morawiecki by\u0142 odpytywany w agresywnym stylu, a obecna sytuacja pokazuje po raz kolejny, \u017ce mo\u017cemy liczy\u0107 na siebie wzajemnie. To, co dzia\u0142o si\u0119 w Poznaniu w 1956 roku, wywo\u0142a\u0142o p\u00f3\u017aniejsze wydarzenia w Budapeszcie. <strong>N\u00e9meth<\/strong> doda\u0142, \u017ce dzi\u015b widzimy, jak brukselski mainstream u\u017cywa podw\u00f3jnych standard\u00f3w w stosunku do poszczeg\u00f3lnych pa\u0144stw UE. Swego czasu zmiany w niemieckim prawie konstytucyjnym wcale nie wywo\u0142a\u0142y takich reakcji, jak ma to dzi\u015b miejsce w przypadku Polski.<\/p>\n\n\n\n<p class=\"wp-block-paragraph\">W\u0119gierski polityk podkre\u015bli\u0142, \u017ce nie jest przeciwko Europie. Uwa\u017ca, \u017ce UE powinna dzia\u0142a\u0107 jako us\u0142ugodawca i pozwoli\u0107 na zachowanie naszej suwerenno\u015bci i to\u017csamo\u015bci to\u017csamo\u015bci. Konstytucje narodowe i to\u017csamo\u015b\u0107 konstytucyjna s\u0105 absolutnie podstawowe.<\/p>\n\n\n\n<p class=\"wp-block-paragraph\">Rozbudowa korytarza P\u00f3\u0142noc-Po\u0142udnie ma r\u00f3wnie\u017c kapitalne znaczenie. Wa\u017cne, by stworzy\u0107 zdywersyfikowane \u017ar\u00f3d\u0142a energii. Ochrona klimatu nie mo\u017ce zosta\u0107 przeprowadzana kosztem dobrobytu obywateli. W\u0119gry popieraj\u0105 polsk\u0105 polityk\u0119 w tej kwestii. Wspieraj\u0105 energi\u0119 atomow\u0105, kt\u00f3r\u0105 uwa\u017caj\u0105 za energi\u0119 zielon\u0105.<\/p>\n\n\n\n<p class=\"wp-block-paragraph\"><strong>N\u00e9meth<\/strong> zapewni\u0142, \u017ce podczas grudniowego szczytu Partnerstwa Wschodniego W\u0119gry\u00a0maksymalnie wespr\u0105 polsk\u0105 racj\u0119 stanu. &#8211; Atakowanie mniejszo\u015bci sprawi\u0142o, \u017ce jeste\u015bmy pe\u0142ni obaw. Polityczny liderzy mniejszo\u015bci polskiej s\u0105 w wi\u0119zieniach. Budowa ogrodze\u0144 broni\u0105ce granicy zewn\u0119trznej to wa\u017cna i skuteczna cz\u0119\u015b\u0107 polityki obronnej. UE powinna partycypowa\u0107 w tych kosztach (ok. 2 mld EUR). Rozszerzenie UE na Ba\u0142kany stanowi jeden z priorytet\u00f3w W\u0119gier. Serbia i Czarnog\u00f3ra powinny do\u0142\u0105czy\u0107 jak najszybciej do UE &#8211; m\u00f3wi\u0142.<\/p>\n\n\n\n<p class=\"wp-block-paragraph\"><strong>Marek Kuchci\u0144ski: <\/strong>Powstanie w\u0119gierskie i czerwcowe protesty pozna\u0144skie s\u0105 przyk\u0142adem solidarno\u015bciowego zwi\u0105zku pomi\u0119dzy naszymi pa\u0144stwami. Oba parlamenty (Polski i W\u0119gier) og\u0142osi\u0142y rok 2016 Rokiem Solidarno\u015bci Polsko-W\u0119gierskiej. Warto wymieni\u0107 cztery elementy zwi\u0105zane z t\u0105 solidarno\u015bci\u0105:<\/p>\n\n\n\n<ul class=\"wp-block-list\" type=\"1\"><li><strong>\u015awiadomo\u015b\u0107 przyja\u017ani<\/strong>: pracujemy \u015bci\u015ble ze sob\u0105 pomimo tego, \u017ce si\u0119 r\u00f3\u017cnimy. To podej\u015bcie mog\u0142oby stanowi\u0107 inspiracj\u0119 dla niekt\u00f3rych naszych partner\u00f3w z Europy Zachodniej, jak chocia\u017cby z Holandii.<\/li><li><strong>Solidarno\u015b\u0107 dobrym przyk\u0142adem: <\/strong>uwa\u017camy, \u017ce spos\u00f3b, w jaki wsp\u00f3\u0142pracujemy z W\u0119grami, powinien stanowi\u0107 norm\u0119 w ramach naszych relacji na poziomie UE.<\/li><li><strong>Poj\u0119cie wolno\u015bci<\/strong>: jeste\u015bmy w Europie \u015arodkowej do wolno\u015bci bardzo przywi\u0105zani i znamy jej wysoki koszt<\/li><li><strong>Wsp\u00f3\u0142praca:<\/strong> Brexit oraz pr\u00f3by stworzenia tzw. Europy wielu pr\u0119dko\u015bci os\u0142abia UE.\u00a0Potrzebna nam jest r\u00f3\u017cnorodno\u015b\u0107 i demokracja.<\/li><\/ul>\n\n\n\n<p class=\"wp-block-paragraph\">To s\u0105 lekcje dla ca\u0142ej UE.<\/p>\n\n\n\n<p class=\"wp-block-paragraph\"><strong>Zsolt N\u00e9meth<\/strong> podkre\u015bli\u0142, \u017ce rok 1956 by\u0142 determinuj\u0105cy dla w\u0119gierskiej to\u017csamo\u015bci historycznej. Przypomina on w pewnych aspektach cud nad Wis\u0142\u0105 z 1920 roku, gdy Polacy zatrzymali komunizm sowiecki. Nasi przeciwnicy polityczni wierz\u0105 w progresje historyczn\u0105. Kiedy\u015b nie wierzyli oni w mo\u017cliwo\u015b\u0107 zatrzymania komunizmu. Dzi\u015b dotyczy to federalizacji UE, zaniku pa\u0144stw narodowych oraz ideologii gender. Polska i W\u0119gry daj\u0105 dow\u00f3d, \u017ce z determinacj\u0105 jeste\u015bmy w stanie zatrzyma\u0107 z\u0142o. Je\u017celi zrozumiemy wa\u017cno\u015b\u0107 tych poj\u0119\u0107, nie musimy godzi\u0107 si\u0119 na determinizm. Tego dotyczy ta wsp\u00f3\u0142praca. Spu\u015bcizna 1956 roku mo\u017ce by\u0107 kompasem dla obecnej wsp\u00f3\u0142pracy mi\u0119dzy Polsk\u0105 a W\u0119grami.<\/p>\n\n\n\n<figure class=\"wp-block-image size-large\"><a href=\"https:\/\/marekkuchcinski.pl\/wp-content\/uploads\/2021\/10\/FPW.png\"><img fetchpriority=\"high\" decoding=\"async\" width=\"1024\" height=\"580\" src=\"https:\/\/marekkuchcinski.pl\/wp-content\/uploads\/2021\/10\/FPW-1024x580.png\" alt=\"\" class=\"wp-image-23605\" srcset=\"https:\/\/marekkuchcinski.pl\/wp-content\/uploads\/2021\/10\/FPW-1024x580.png 1024w, https:\/\/marekkuchcinski.pl\/wp-content\/uploads\/2021\/10\/FPW-300x170.png 300w, https:\/\/marekkuchcinski.pl\/wp-content\/uploads\/2021\/10\/FPW-768x435.png 768w, https:\/\/marekkuchcinski.pl\/wp-content\/uploads\/2021\/10\/FPW-1536x869.png 1536w, https:\/\/marekkuchcinski.pl\/wp-content\/uploads\/2021\/10\/FPW-16x9.png 16w, https:\/\/marekkuchcinski.pl\/wp-content\/uploads\/2021\/10\/FPW.png 1892w\" sizes=\"(max-width: 1024px) 100vw, 1024px\" \/><\/a><\/figure>","protected":false},"excerpt":{"rendered":"<p>Szef Komisji Spraw Zagranicznych Marek Kuchci\u0144ski wzi\u0105\u0142 udzia\u0142 w III edycji Forum Polska-W\u0119gry. Tematem przewodnim by\u0142o zacie\u015bnienie relacji obu kraj\u00f3w na poziomie lokalnym, regionalnym i pa\u0144stwowym. Uczestnicy rozmawiali o wsp\u00f3lnych dzia\u0142aniach w obszarze gospodarki, polityki zagranicznej, dzia\u0142alno\u015bci w strukturach unijnych, kultury, wsp\u00f3\u0142pracy regionalnej oraz polityki spo\u0142ecznej. Dzielono si\u0119 tak\u017ce prognozami naprzysz\u0142o\u015b\u0107 i dobrymi praktykami w [&hellip;]<\/p>\n","protected":false},"author":3,"featured_media":23605,"comment_status":"open","ping_status":"open","sticky":false,"template":"","format":"standard","meta":{"ngg_post_thumbnail":0,"footnotes":""},"categories":[50,3],"tags":[],"class_list":["post-23604","post","type-post","status-publish","format-standard","has-post-thumbnail","hentry","category-wspolpraca-miedzynarodowa","category-wydarzenia"],"yoast_head":"<!-- This site is optimized with the Yoast SEO plugin v28.4 - https:\/\/yoast.com\/product\/yoast-seo-wordpress\/ -->\n<title>Marek Kuchci\u0144ski na Forum Polska-W\u0119gry: Spos\u00f3b, w jaki wsp\u00f3\u0142pracujemy z W\u0119grami, powinien by\u0107 norm\u0105 w relacjach UE &#8211; Marek Kuchci\u0144ski<\/title>\n<meta name=\"robots\" content=\"index, follow, max-snippet:-1, max-image-preview:large, max-video-preview:-1\" \/>\n<link rel=\"canonical\" href=\"https:\/\/marekkuchcinski.pl\/en\/wydarzenia\/marek-kuchcinski-na-forum-polska-wegry-sposob-w-jaki-wspolpracujemy-z-wegrami-powinien-byc-norma-w-relacjach-ue\/\" \/>\n<meta property=\"og:locale\" content=\"en_GB\" \/>\n<meta property=\"og:type\" content=\"article\" \/>\n<meta property=\"og:title\" content=\"Marek Kuchci\u0144ski na Forum Polska-W\u0119gry: Spos\u00f3b, w jaki wsp\u00f3\u0142pracujemy z W\u0119grami, powinien by\u0107 norm\u0105 w relacjach UE &#8211; Marek Kuchci\u0144ski\" \/>\n<meta property=\"og:description\" content=\"Szef Komisji Spraw Zagranicznych Marek Kuchci\u0144ski wzi\u0105\u0142 udzia\u0142 w III edycji Forum Polska-W\u0119gry. Tematem przewodnim by\u0142o zacie\u015bnienie relacji obu kraj\u00f3w na poziomie lokalnym, regionalnym i pa\u0144stwowym. Uczestnicy rozmawiali o wsp\u00f3lnych dzia\u0142aniach w obszarze gospodarki, polityki zagranicznej, dzia\u0142alno\u015bci w strukturach unijnych, kultury, wsp\u00f3\u0142pracy regionalnej oraz polityki spo\u0142ecznej. Dzielono si\u0119 tak\u017ce prognozami naprzysz\u0142o\u015b\u0107 i dobrymi praktykami w [&hellip;]\" \/>\n<meta property=\"og:url\" content=\"https:\/\/marekkuchcinski.pl\/en\/wydarzenia\/marek-kuchcinski-na-forum-polska-wegry-sposob-w-jaki-wspolpracujemy-z-wegrami-powinien-byc-norma-w-relacjach-ue\/\" \/>\n<meta property=\"og:site_name\" content=\"Marek Kuchci\u0144ski\" \/>\n<meta property=\"article:published_time\" content=\"2021-10-23T09:50:16+00:00\" \/>\n<meta property=\"article:modified_time\" content=\"2021-10-23T10:00:29+00:00\" \/>\n<meta property=\"og:image\" content=\"https:\/\/marekkuchcinski.pl\/wp-content\/uploads\/2021\/10\/FPW.png\" \/>\n\t<meta property=\"og:image:width\" content=\"1892\" \/>\n\t<meta property=\"og:image:height\" content=\"1071\" \/>\n\t<meta property=\"og:image:type\" content=\"image\/png\" \/>\n<meta name=\"author\" content=\"Marta Olejnik\" \/>\n<meta name=\"twitter:card\" content=\"summary_large_image\" \/>\n<meta name=\"twitter:label1\" content=\"Written by\" \/>\n\t<meta name=\"twitter:data1\" content=\"Marta Olejnik\" \/>\n\t<meta name=\"twitter:label2\" content=\"Est. reading time\" \/>\n\t<meta name=\"twitter:data2\" content=\"4 minutes\" \/>\n<script type=\"application\/ld+json\" class=\"yoast-schema-graph\">{\"@context\":\"https:\\\/\\\/schema.org\",\"@graph\":[{\"@type\":\"Article\",\"@id\":\"https:\\\/\\\/marekkuchcinski.pl\\\/wydarzenia\\\/marek-kuchcinski-na-forum-polska-wegry-sposob-w-jaki-wspolpracujemy-z-wegrami-powinien-byc-norma-w-relacjach-ue\\\/#article\",\"isPartOf\":{\"@id\":\"https:\\\/\\\/marekkuchcinski.pl\\\/wydarzenia\\\/marek-kuchcinski-na-forum-polska-wegry-sposob-w-jaki-wspolpracujemy-z-wegrami-powinien-byc-norma-w-relacjach-ue\\\/\"},\"author\":{\"name\":\"Marta Olejnik\",\"@id\":\"https:\\\/\\\/marekkuchcinski.pl\\\/#\\\/schema\\\/person\\\/bd3f15dee67fee76e83c8350d0154101\"},\"headline\":\"Marek Kuchci\u0144ski na Forum Polska-W\u0119gry: Spos\u00f3b, w jaki wsp\u00f3\u0142pracujemy z W\u0119grami, powinien by\u0107 norm\u0105 w relacjach UE\",\"datePublished\":\"2021-10-23T09:50:16+00:00\",\"dateModified\":\"2021-10-23T10:00:29+00:00\",\"mainEntityOfPage\":{\"@id\":\"https:\\\/\\\/marekkuchcinski.pl\\\/wydarzenia\\\/marek-kuchcinski-na-forum-polska-wegry-sposob-w-jaki-wspolpracujemy-z-wegrami-powinien-byc-norma-w-relacjach-ue\\\/\"},\"wordCount\":897,\"commentCount\":0,\"publisher\":{\"@id\":\"https:\\\/\\\/marekkuchcinski.pl\\\/#organization\"},\"image\":{\"@id\":\"https:\\\/\\\/marekkuchcinski.pl\\\/wydarzenia\\\/marek-kuchcinski-na-forum-polska-wegry-sposob-w-jaki-wspolpracujemy-z-wegrami-powinien-byc-norma-w-relacjach-ue\\\/#primaryimage\"},\"thumbnailUrl\":\"https:\\\/\\\/marekkuchcinski.pl\\\/wp-content\\\/uploads\\\/2021\\\/10\\\/FPW.png\",\"articleSection\":[\"Wsp\u00f3\u0142praca mi\u0119dzynarodowa\",\"Wydarzenia\"],\"inLanguage\":\"en-GB\",\"potentialAction\":[{\"@type\":\"CommentAction\",\"name\":\"Comment\",\"target\":[\"https:\\\/\\\/marekkuchcinski.pl\\\/wydarzenia\\\/marek-kuchcinski-na-forum-polska-wegry-sposob-w-jaki-wspolpracujemy-z-wegrami-powinien-byc-norma-w-relacjach-ue\\\/#respond\"]}]},{\"@type\":\"WebPage\",\"@id\":\"https:\\\/\\\/marekkuchcinski.pl\\\/wydarzenia\\\/marek-kuchcinski-na-forum-polska-wegry-sposob-w-jaki-wspolpracujemy-z-wegrami-powinien-byc-norma-w-relacjach-ue\\\/\",\"url\":\"https:\\\/\\\/marekkuchcinski.pl\\\/wydarzenia\\\/marek-kuchcinski-na-forum-polska-wegry-sposob-w-jaki-wspolpracujemy-z-wegrami-powinien-byc-norma-w-relacjach-ue\\\/\",\"name\":\"Marek Kuchci\u0144ski na Forum Polska-W\u0119gry: Spos\u00f3b, w jaki wsp\u00f3\u0142pracujemy z W\u0119grami, powinien by\u0107 norm\u0105 w relacjach UE &#8211; Marek Kuchci\u0144ski\",\"isPartOf\":{\"@id\":\"https:\\\/\\\/marekkuchcinski.pl\\\/#website\"},\"primaryImageOfPage\":{\"@id\":\"https:\\\/\\\/marekkuchcinski.pl\\\/wydarzenia\\\/marek-kuchcinski-na-forum-polska-wegry-sposob-w-jaki-wspolpracujemy-z-wegrami-powinien-byc-norma-w-relacjach-ue\\\/#primaryimage\"},\"image\":{\"@id\":\"https:\\\/\\\/marekkuchcinski.pl\\\/wydarzenia\\\/marek-kuchcinski-na-forum-polska-wegry-sposob-w-jaki-wspolpracujemy-z-wegrami-powinien-byc-norma-w-relacjach-ue\\\/#primaryimage\"},\"thumbnailUrl\":\"https:\\\/\\\/marekkuchcinski.pl\\\/wp-content\\\/uploads\\\/2021\\\/10\\\/FPW.png\",\"datePublished\":\"2021-10-23T09:50:16+00:00\",\"dateModified\":\"2021-10-23T10:00:29+00:00\",\"breadcrumb\":{\"@id\":\"https:\\\/\\\/marekkuchcinski.pl\\\/wydarzenia\\\/marek-kuchcinski-na-forum-polska-wegry-sposob-w-jaki-wspolpracujemy-z-wegrami-powinien-byc-norma-w-relacjach-ue\\\/#breadcrumb\"},\"inLanguage\":\"en-GB\",\"potentialAction\":[{\"@type\":\"ReadAction\",\"target\":[\"https:\\\/\\\/marekkuchcinski.pl\\\/wydarzenia\\\/marek-kuchcinski-na-forum-polska-wegry-sposob-w-jaki-wspolpracujemy-z-wegrami-powinien-byc-norma-w-relacjach-ue\\\/\"]}]},{\"@type\":\"ImageObject\",\"inLanguage\":\"en-GB\",\"@id\":\"https:\\\/\\\/marekkuchcinski.pl\\\/wydarzenia\\\/marek-kuchcinski-na-forum-polska-wegry-sposob-w-jaki-wspolpracujemy-z-wegrami-powinien-byc-norma-w-relacjach-ue\\\/#primaryimage\",\"url\":\"https:\\\/\\\/marekkuchcinski.pl\\\/wp-content\\\/uploads\\\/2021\\\/10\\\/FPW.png\",\"contentUrl\":\"https:\\\/\\\/marekkuchcinski.pl\\\/wp-content\\\/uploads\\\/2021\\\/10\\\/FPW.png\",\"width\":1892,\"height\":1071},{\"@type\":\"BreadcrumbList\",\"@id\":\"https:\\\/\\\/marekkuchcinski.pl\\\/wydarzenia\\\/marek-kuchcinski-na-forum-polska-wegry-sposob-w-jaki-wspolpracujemy-z-wegrami-powinien-byc-norma-w-relacjach-ue\\\/#breadcrumb\",\"itemListElement\":[{\"@type\":\"ListItem\",\"position\":1,\"name\":\"Strona g\u0142\u00f3wna\",\"item\":\"https:\\\/\\\/marekkuchcinski.pl\\\/\"},{\"@type\":\"ListItem\",\"position\":2,\"name\":\"Marek Kuchci\u0144ski na Forum Polska-W\u0119gry: Spos\u00f3b, w jaki wsp\u00f3\u0142pracujemy z W\u0119grami, powinien by\u0107 norm\u0105 w relacjach UE\"}]},{\"@type\":\"WebSite\",\"@id\":\"https:\\\/\\\/marekkuchcinski.pl\\\/#website\",\"url\":\"https:\\\/\\\/marekkuchcinski.pl\\\/\",\"name\":\"Marek Kuchci\u0144ski\",\"description\":\"Marek Kuchci\u0144ski \",\"publisher\":{\"@id\":\"https:\\\/\\\/marekkuchcinski.pl\\\/#organization\"},\"potentialAction\":[{\"@type\":\"SearchAction\",\"target\":{\"@type\":\"EntryPoint\",\"urlTemplate\":\"https:\\\/\\\/marekkuchcinski.pl\\\/?s={search_term_string}\"},\"query-input\":{\"@type\":\"PropertyValueSpecification\",\"valueRequired\":true,\"valueName\":\"search_term_string\"}}],\"inLanguage\":\"en-GB\"},{\"@type\":\"Organization\",\"@id\":\"https:\\\/\\\/marekkuchcinski.pl\\\/#organization\",\"name\":\"Marek Kuchci\u0144ski\",\"url\":\"https:\\\/\\\/marekkuchcinski.pl\\\/\",\"logo\":{\"@type\":\"ImageObject\",\"inLanguage\":\"en-GB\",\"@id\":\"https:\\\/\\\/marekkuchcinski.pl\\\/#\\\/schema\\\/logo\\\/image\\\/\",\"url\":\"https:\\\/\\\/marekkuchcinski.pl\\\/wp-content\\\/uploads\\\/2022\\\/09\\\/Marek.jpg\",\"contentUrl\":\"https:\\\/\\\/marekkuchcinski.pl\\\/wp-content\\\/uploads\\\/2022\\\/09\\\/Marek.jpg\",\"width\":1600,\"height\":971,\"caption\":\"Marek Kuchci\u0144ski\"},\"image\":{\"@id\":\"https:\\\/\\\/marekkuchcinski.pl\\\/#\\\/schema\\\/logo\\\/image\\\/\"}},{\"@type\":\"Person\",\"@id\":\"https:\\\/\\\/marekkuchcinski.pl\\\/#\\\/schema\\\/person\\\/bd3f15dee67fee76e83c8350d0154101\",\"name\":\"Marta Olejnik\",\"image\":{\"@type\":\"ImageObject\",\"inLanguage\":\"en-GB\",\"@id\":\"https:\\\/\\\/secure.gravatar.com\\\/avatar\\\/24754edd6080383402e292374b406b553027d572e97d60e7aa89a6940e88659a?s=96&d=mm&r=g\",\"url\":\"https:\\\/\\\/secure.gravatar.com\\\/avatar\\\/24754edd6080383402e292374b406b553027d572e97d60e7aa89a6940e88659a?s=96&d=mm&r=g\",\"contentUrl\":\"https:\\\/\\\/secure.gravatar.com\\\/avatar\\\/24754edd6080383402e292374b406b553027d572e97d60e7aa89a6940e88659a?s=96&d=mm&r=g\",\"caption\":\"Marta Olejnik\"},\"url\":\"https:\\\/\\\/marekkuchcinski.pl\\\/en\\\/author\\\/marta\\\/\"}]}<\/script>\n<!-- \/ Yoast SEO plugin. -->","yoast_head_json":{"title":"Marek Kuchci\u0144ski na Forum Polska-W\u0119gry: Spos\u00f3b, w jaki wsp\u00f3\u0142pracujemy z W\u0119grami, powinien by\u0107 norm\u0105 w relacjach UE &#8211; Marek Kuchci\u0144ski","robots":{"index":"index","follow":"follow","max-snippet":"max-snippet:-1","max-image-preview":"max-image-preview:large","max-video-preview":"max-video-preview:-1"},"canonical":"https:\/\/marekkuchcinski.pl\/en\/wydarzenia\/marek-kuchcinski-na-forum-polska-wegry-sposob-w-jaki-wspolpracujemy-z-wegrami-powinien-byc-norma-w-relacjach-ue\/","og_locale":"en_GB","og_type":"article","og_title":"Marek Kuchci\u0144ski na Forum Polska-W\u0119gry: Spos\u00f3b, w jaki wsp\u00f3\u0142pracujemy z W\u0119grami, powinien by\u0107 norm\u0105 w relacjach UE &#8211; Marek Kuchci\u0144ski","og_description":"Szef Komisji Spraw Zagranicznych Marek Kuchci\u0144ski wzi\u0105\u0142 udzia\u0142 w III edycji Forum Polska-W\u0119gry. Tematem przewodnim by\u0142o zacie\u015bnienie relacji obu kraj\u00f3w na poziomie lokalnym, regionalnym i pa\u0144stwowym. Uczestnicy rozmawiali o wsp\u00f3lnych dzia\u0142aniach w obszarze gospodarki, polityki zagranicznej, dzia\u0142alno\u015bci w strukturach unijnych, kultury, wsp\u00f3\u0142pracy regionalnej oraz polityki spo\u0142ecznej. Dzielono si\u0119 tak\u017ce prognozami naprzysz\u0142o\u015b\u0107 i dobrymi praktykami w [&hellip;]","og_url":"https:\/\/marekkuchcinski.pl\/en\/wydarzenia\/marek-kuchcinski-na-forum-polska-wegry-sposob-w-jaki-wspolpracujemy-z-wegrami-powinien-byc-norma-w-relacjach-ue\/","og_site_name":"Marek Kuchci\u0144ski","article_published_time":"2021-10-23T09:50:16+00:00","article_modified_time":"2021-10-23T10:00:29+00:00","og_image":[{"width":1892,"height":1071,"url":"https:\/\/marekkuchcinski.pl\/wp-content\/uploads\/2021\/10\/FPW.png","type":"image\/png"}],"author":"Marta Olejnik","twitter_card":"summary_large_image","twitter_misc":{"Written by":"Marta Olejnik","Est. reading time":"4 minutes"},"schema":{"@context":"https:\/\/schema.org","@graph":[{"@type":"Article","@id":"https:\/\/marekkuchcinski.pl\/wydarzenia\/marek-kuchcinski-na-forum-polska-wegry-sposob-w-jaki-wspolpracujemy-z-wegrami-powinien-byc-norma-w-relacjach-ue\/#article","isPartOf":{"@id":"https:\/\/marekkuchcinski.pl\/wydarzenia\/marek-kuchcinski-na-forum-polska-wegry-sposob-w-jaki-wspolpracujemy-z-wegrami-powinien-byc-norma-w-relacjach-ue\/"},"author":{"name":"Marta Olejnik","@id":"https:\/\/marekkuchcinski.pl\/#\/schema\/person\/bd3f15dee67fee76e83c8350d0154101"},"headline":"Marek Kuchci\u0144ski na Forum Polska-W\u0119gry: Spos\u00f3b, w jaki wsp\u00f3\u0142pracujemy z W\u0119grami, powinien by\u0107 norm\u0105 w relacjach UE","datePublished":"2021-10-23T09:50:16+00:00","dateModified":"2021-10-23T10:00:29+00:00","mainEntityOfPage":{"@id":"https:\/\/marekkuchcinski.pl\/wydarzenia\/marek-kuchcinski-na-forum-polska-wegry-sposob-w-jaki-wspolpracujemy-z-wegrami-powinien-byc-norma-w-relacjach-ue\/"},"wordCount":897,"commentCount":0,"publisher":{"@id":"https:\/\/marekkuchcinski.pl\/#organization"},"image":{"@id":"https:\/\/marekkuchcinski.pl\/wydarzenia\/marek-kuchcinski-na-forum-polska-wegry-sposob-w-jaki-wspolpracujemy-z-wegrami-powinien-byc-norma-w-relacjach-ue\/#primaryimage"},"thumbnailUrl":"https:\/\/marekkuchcinski.pl\/wp-content\/uploads\/2021\/10\/FPW.png","articleSection":["Wsp\u00f3\u0142praca mi\u0119dzynarodowa","Wydarzenia"],"inLanguage":"en-GB","potentialAction":[{"@type":"CommentAction","name":"Comment","target":["https:\/\/marekkuchcinski.pl\/wydarzenia\/marek-kuchcinski-na-forum-polska-wegry-sposob-w-jaki-wspolpracujemy-z-wegrami-powinien-byc-norma-w-relacjach-ue\/#respond"]}]},{"@type":"WebPage","@id":"https:\/\/marekkuchcinski.pl\/wydarzenia\/marek-kuchcinski-na-forum-polska-wegry-sposob-w-jaki-wspolpracujemy-z-wegrami-powinien-byc-norma-w-relacjach-ue\/","url":"https:\/\/marekkuchcinski.pl\/wydarzenia\/marek-kuchcinski-na-forum-polska-wegry-sposob-w-jaki-wspolpracujemy-z-wegrami-powinien-byc-norma-w-relacjach-ue\/","name":"Marek Kuchci\u0144ski na Forum Polska-W\u0119gry: Spos\u00f3b, w jaki wsp\u00f3\u0142pracujemy z W\u0119grami, powinien by\u0107 norm\u0105 w relacjach UE &#8211; Marek Kuchci\u0144ski","isPartOf":{"@id":"https:\/\/marekkuchcinski.pl\/#website"},"primaryImageOfPage":{"@id":"https:\/\/marekkuchcinski.pl\/wydarzenia\/marek-kuchcinski-na-forum-polska-wegry-sposob-w-jaki-wspolpracujemy-z-wegrami-powinien-byc-norma-w-relacjach-ue\/#primaryimage"},"image":{"@id":"https:\/\/marekkuchcinski.pl\/wydarzenia\/marek-kuchcinski-na-forum-polska-wegry-sposob-w-jaki-wspolpracujemy-z-wegrami-powinien-byc-norma-w-relacjach-ue\/#primaryimage"},"thumbnailUrl":"https:\/\/marekkuchcinski.pl\/wp-content\/uploads\/2021\/10\/FPW.png","datePublished":"2021-10-23T09:50:16+00:00","dateModified":"2021-10-23T10:00:29+00:00","breadcrumb":{"@id":"https:\/\/marekkuchcinski.pl\/wydarzenia\/marek-kuchcinski-na-forum-polska-wegry-sposob-w-jaki-wspolpracujemy-z-wegrami-powinien-byc-norma-w-relacjach-ue\/#breadcrumb"},"inLanguage":"en-GB","potentialAction":[{"@type":"ReadAction","target":["https:\/\/marekkuchcinski.pl\/wydarzenia\/marek-kuchcinski-na-forum-polska-wegry-sposob-w-jaki-wspolpracujemy-z-wegrami-powinien-byc-norma-w-relacjach-ue\/"]}]},{"@type":"ImageObject","inLanguage":"en-GB","@id":"https:\/\/marekkuchcinski.pl\/wydarzenia\/marek-kuchcinski-na-forum-polska-wegry-sposob-w-jaki-wspolpracujemy-z-wegrami-powinien-byc-norma-w-relacjach-ue\/#primaryimage","url":"https:\/\/marekkuchcinski.pl\/wp-content\/uploads\/2021\/10\/FPW.png","contentUrl":"https:\/\/marekkuchcinski.pl\/wp-content\/uploads\/2021\/10\/FPW.png","width":1892,"height":1071},{"@type":"BreadcrumbList","@id":"https:\/\/marekkuchcinski.pl\/wydarzenia\/marek-kuchcinski-na-forum-polska-wegry-sposob-w-jaki-wspolpracujemy-z-wegrami-powinien-byc-norma-w-relacjach-ue\/#breadcrumb","itemListElement":[{"@type":"ListItem","position":1,"name":"Strona g\u0142\u00f3wna","item":"https:\/\/marekkuchcinski.pl\/"},{"@type":"ListItem","position":2,"name":"Marek Kuchci\u0144ski na Forum Polska-W\u0119gry: Spos\u00f3b, w jaki wsp\u00f3\u0142pracujemy z W\u0119grami, powinien by\u0107 norm\u0105 w relacjach UE"}]},{"@type":"WebSite","@id":"https:\/\/marekkuchcinski.pl\/#website","url":"https:\/\/marekkuchcinski.pl\/","name":"Marek Kuchci\u0144ski","description":"Marek Kuchci\u0144ski","publisher":{"@id":"https:\/\/marekkuchcinski.pl\/#organization"},"potentialAction":[{"@type":"SearchAction","target":{"@type":"EntryPoint","urlTemplate":"https:\/\/marekkuchcinski.pl\/?s={search_term_string}"},"query-input":{"@type":"PropertyValueSpecification","valueRequired":true,"valueName":"search_term_string"}}],"inLanguage":"en-GB"},{"@type":"Organization","@id":"https:\/\/marekkuchcinski.pl\/#organization","name":"Marek Kuchci\u0144ski","url":"https:\/\/marekkuchcinski.pl\/","logo":{"@type":"ImageObject","inLanguage":"en-GB","@id":"https:\/\/marekkuchcinski.pl\/#\/schema\/logo\/image\/","url":"https:\/\/marekkuchcinski.pl\/wp-content\/uploads\/2022\/09\/Marek.jpg","contentUrl":"https:\/\/marekkuchcinski.pl\/wp-content\/uploads\/2022\/09\/Marek.jpg","width":1600,"height":971,"caption":"Marek Kuchci\u0144ski"},"image":{"@id":"https:\/\/marekkuchcinski.pl\/#\/schema\/logo\/image\/"}},{"@type":"Person","@id":"https:\/\/marekkuchcinski.pl\/#\/schema\/person\/bd3f15dee67fee76e83c8350d0154101","name":"Marta Olejnik","image":{"@type":"ImageObject","inLanguage":"en-GB","@id":"https:\/\/secure.gravatar.com\/avatar\/24754edd6080383402e292374b406b553027d572e97d60e7aa89a6940e88659a?s=96&d=mm&r=g","url":"https:\/\/secure.gravatar.com\/avatar\/24754edd6080383402e292374b406b553027d572e97d60e7aa89a6940e88659a?s=96&d=mm&r=g","contentUrl":"https:\/\/secure.gravatar.com\/avatar\/24754edd6080383402e292374b406b553027d572e97d60e7aa89a6940e88659a?s=96&d=mm&r=g","caption":"Marta Olejnik"},"url":"https:\/\/marekkuchcinski.pl\/en\/author\/marta\/"}]}},"_links":{"self":[{"href":"https:\/\/marekkuchcinski.pl\/en\/wp-json\/wp\/v2\/posts\/23604","targetHints":{"allow":["GET"]}}],"collection":[{"href":"https:\/\/marekkuchcinski.pl\/en\/wp-json\/wp\/v2\/posts"}],"about":[{"href":"https:\/\/marekkuchcinski.pl\/en\/wp-json\/wp\/v2\/types\/post"}],"author":[{"embeddable":true,"href":"https:\/\/marekkuchcinski.pl\/en\/wp-json\/wp\/v2\/users\/3"}],"replies":[{"embeddable":true,"href":"https:\/\/marekkuchcinski.pl\/en\/wp-json\/wp\/v2\/comments?post=23604"}],"version-history":[{"count":12,"href":"https:\/\/marekkuchcinski.pl\/en\/wp-json\/wp\/v2\/posts\/23604\/revisions"}],"predecessor-version":[{"id":23620,"href":"https:\/\/marekkuchcinski.pl\/en\/wp-json\/wp\/v2\/posts\/23604\/revisions\/23620"}],"wp:featuredmedia":[{"embeddable":true,"href":"https:\/\/marekkuchcinski.pl\/en\/wp-json\/wp\/v2\/media\/23605"}],"wp:attachment":[{"href":"https:\/\/marekkuchcinski.pl\/en\/wp-json\/wp\/v2\/media?parent=23604"}],"wp:term":[{"taxonomy":"category","embeddable":true,"href":"https:\/\/marekkuchcinski.pl\/en\/wp-json\/wp\/v2\/categories?post=23604"},{"taxonomy":"post_tag","embeddable":true,"href":"https:\/\/marekkuchcinski.pl\/en\/wp-json\/wp\/v2\/tags?post=23604"}],"curies":[{"name":"wp","href":"https:\/\/api.w.org\/{rel}","templated":true}]}}