{"id":23459,"date":"2021-09-25T14:49:42","date_gmt":"2021-09-25T12:49:42","guid":{"rendered":"https:\/\/marekkuchcinski.pl\/?p=23459"},"modified":"2021-09-27T19:26:55","modified_gmt":"2021-09-27T17:26:55","slug":"w-wolosatem-odslonieto-pomnik-ludzi-wolnosci-i-solidarnosci-z-bieszczad","status":"publish","type":"post","link":"https:\/\/marekkuchcinski.pl\/en\/wydarzenia\/w-wolosatem-odslonieto-pomnik-ludzi-wolnosci-i-solidarnosci-z-bieszczad\/","title":{"rendered":"A monument to the People of Freedom and Solidarity from the Bieszczady Mountains was unveiled in Wolosat"},"content":{"rendered":"<p>Those who fought for freedom, dignity and sovereignty were commemorated by a monument - symbolic winged oak gates, through which you can see the Bieszczady peak - Tarnica.<\/p>\n\n\n\n<p>- The three steps of the Gate of Freedom, which lead upwards, represent Faith, Hope and Love, the open door represents Hospitality, and the wings symbolize Freedom,\" says Piotr Zbro\u017cek, the author of the monument. The work, enclosed in a wooden form, refers to the landscape.<\/p>\n\n\n\n<p>The initiative to commemorate the communist-era opposition activists from the Bieszczady was taken by the Speaker of the Eighth Sejm Marek Kuchcinski, supported by the IPN and the Lutowiska commune. The event was organized by the Bieszczady district with the starost Marek Andruch, the IPN with Dariusz Iwaneczko, the director of the Rzesz\u00f3w branch, and the Bieszczady National Park with Ryszard Pr\u0119dki, the director. Financial support has been provided by PGE. The date of the unveiling of the monument is special - this year marks the 40th anniversary of the signing of the Ustrzyki and Rzesz\u00f3w Agreements and the creation of the Solidarity Trade Union.<\/p>\n\n\n\n<p>The celebrations began with a mass for the intention of Freedom and Solidarity in the St. Anne's Church in Ustrzyki G\u00f3rne. <\/p>\n\n\n\n<div class=\"wp-block-image\"><figure class=\"aligncenter size-large\"><a href=\"https:\/\/marekkuchcinski.pl\/wp-content\/uploads\/2021\/09\/IMG_7095_edited.jpg\"><img fetchpriority=\"high\" decoding=\"async\" width=\"509\" height=\"710\" src=\"https:\/\/marekkuchcinski.pl\/wp-content\/uploads\/2021\/09\/IMG_7095_edited.jpg\" alt=\"\" class=\"wp-image-23477\" srcset=\"https:\/\/marekkuchcinski.pl\/wp-content\/uploads\/2021\/09\/IMG_7095_edited.jpg 509w, https:\/\/marekkuchcinski.pl\/wp-content\/uploads\/2021\/09\/IMG_7095_edited-215x300.jpg 215w, https:\/\/marekkuchcinski.pl\/wp-content\/uploads\/2021\/09\/IMG_7095_edited-9x12.jpg 9w\" sizes=\"(max-width: 509px) 100vw, 509px\" \/><\/a><figcaption>Photo: Czeslaw Urban<\/figcaption><\/figure><\/div>\n\n\n\n<figure class=\"wp-block-image size-large is-resized\"><a href=\"https:\/\/marekkuchcinski.pl\/wp-content\/uploads\/2021\/09\/242788457_1010024956499736_931941064416001952_n-1.jpg\"><img decoding=\"async\" src=\"https:\/\/marekkuchcinski.pl\/wp-content\/uploads\/2021\/09\/242788457_1010024956499736_931941064416001952_n-1.jpg\" alt=\"\" class=\"wp-image-23461\" width=\"844\" height=\"633\" srcset=\"https:\/\/marekkuchcinski.pl\/wp-content\/uploads\/2021\/09\/242788457_1010024956499736_931941064416001952_n-1.jpg 960w, https:\/\/marekkuchcinski.pl\/wp-content\/uploads\/2021\/09\/242788457_1010024956499736_931941064416001952_n-1-300x225.jpg 300w, https:\/\/marekkuchcinski.pl\/wp-content\/uploads\/2021\/09\/242788457_1010024956499736_931941064416001952_n-1-768x576.jpg 768w, https:\/\/marekkuchcinski.pl\/wp-content\/uploads\/2021\/09\/242788457_1010024956499736_931941064416001952_n-1-16x12.jpg 16w\" sizes=\"(max-width: 844px) 100vw, 844px\" \/><\/a><\/figure>\n\n\n\n<figure class=\"wp-block-image size-large\"><a href=\"https:\/\/marekkuchcinski.pl\/wp-content\/uploads\/2021\/09\/IMG_7731.jpg\"><img decoding=\"async\" width=\"800\" height=\"533\" src=\"https:\/\/marekkuchcinski.pl\/wp-content\/uploads\/2021\/09\/IMG_7731.jpg\" alt=\"\" class=\"wp-image-23478\" srcset=\"https:\/\/marekkuchcinski.pl\/wp-content\/uploads\/2021\/09\/IMG_7731.jpg 800w, https:\/\/marekkuchcinski.pl\/wp-content\/uploads\/2021\/09\/IMG_7731-300x200.jpg 300w, https:\/\/marekkuchcinski.pl\/wp-content\/uploads\/2021\/09\/IMG_7731-768x512.jpg 768w, https:\/\/marekkuchcinski.pl\/wp-content\/uploads\/2021\/09\/IMG_7731-16x12.jpg 16w\" sizes=\"(max-width: 800px) 100vw, 800px\" \/><\/a><figcaption><a href=\"https:\/\/marekkuchcinski.pl\/wp-content\/uploads\/2021\/09\/tt.jpg\"><\/a>Photo: Czeslaw Urban<\/figcaption><\/figure>\n\n\n\n<figure class=\"wp-block-image size-large\"><a href=\"https:\/\/marekkuchcinski.pl\/wp-content\/uploads\/2021\/09\/tt.jpg\"><img loading=\"lazy\" decoding=\"async\" width=\"912\" height=\"684\" src=\"https:\/\/marekkuchcinski.pl\/wp-content\/uploads\/2021\/09\/tt.jpg\" alt=\"\" class=\"wp-image-23467\" srcset=\"https:\/\/marekkuchcinski.pl\/wp-content\/uploads\/2021\/09\/tt.jpg 912w, https:\/\/marekkuchcinski.pl\/wp-content\/uploads\/2021\/09\/tt-300x225.jpg 300w, https:\/\/marekkuchcinski.pl\/wp-content\/uploads\/2021\/09\/tt-768x576.jpg 768w, https:\/\/marekkuchcinski.pl\/wp-content\/uploads\/2021\/09\/tt-16x12.jpg 16w\" sizes=\"(max-width: 912px) 100vw, 912px\" \/><\/a><\/figure>\n\n\n\n<figure class=\"wp-block-image size-large\"><a href=\"https:\/\/marekkuchcinski.pl\/wp-content\/uploads\/2021\/09\/tt5.jpg\"><img loading=\"lazy\" decoding=\"async\" width=\"912\" height=\"684\" src=\"https:\/\/marekkuchcinski.pl\/wp-content\/uploads\/2021\/09\/tt5.jpg\" alt=\"\" class=\"wp-image-23468\" srcset=\"https:\/\/marekkuchcinski.pl\/wp-content\/uploads\/2021\/09\/tt5.jpg 912w, https:\/\/marekkuchcinski.pl\/wp-content\/uploads\/2021\/09\/tt5-300x225.jpg 300w, https:\/\/marekkuchcinski.pl\/wp-content\/uploads\/2021\/09\/tt5-768x576.jpg 768w, https:\/\/marekkuchcinski.pl\/wp-content\/uploads\/2021\/09\/tt5-16x12.jpg 16w\" sizes=\"(max-width: 912px) 100vw, 912px\" \/><\/a><\/figure>\n\n\n\n<figure class=\"wp-block-image size-large\"><a href=\"https:\/\/marekkuchcinski.pl\/wp-content\/uploads\/2021\/09\/tt4.jpg\"><img loading=\"lazy\" decoding=\"async\" width=\"912\" height=\"684\" src=\"https:\/\/marekkuchcinski.pl\/wp-content\/uploads\/2021\/09\/tt4.jpg\" alt=\"\" class=\"wp-image-23470\" srcset=\"https:\/\/marekkuchcinski.pl\/wp-content\/uploads\/2021\/09\/tt4.jpg 912w, https:\/\/marekkuchcinski.pl\/wp-content\/uploads\/2021\/09\/tt4-300x225.jpg 300w, https:\/\/marekkuchcinski.pl\/wp-content\/uploads\/2021\/09\/tt4-768x576.jpg 768w, https:\/\/marekkuchcinski.pl\/wp-content\/uploads\/2021\/09\/tt4-16x12.jpg 16w\" sizes=\"(max-width: 912px) 100vw, 912px\" \/><\/a><\/figure>\n\n\n\n<figure class=\"wp-block-image size-large\"><a href=\"https:\/\/marekkuchcinski.pl\/wp-content\/uploads\/2021\/09\/242804041_4345930712151028_7565595656707581812_n.jpg\"><img loading=\"lazy\" decoding=\"async\" width=\"912\" height=\"684\" src=\"https:\/\/marekkuchcinski.pl\/wp-content\/uploads\/2021\/09\/242804041_4345930712151028_7565595656707581812_n.jpg\" alt=\"\" class=\"wp-image-23471\" srcset=\"https:\/\/marekkuchcinski.pl\/wp-content\/uploads\/2021\/09\/242804041_4345930712151028_7565595656707581812_n.jpg 912w, https:\/\/marekkuchcinski.pl\/wp-content\/uploads\/2021\/09\/242804041_4345930712151028_7565595656707581812_n-300x225.jpg 300w, https:\/\/marekkuchcinski.pl\/wp-content\/uploads\/2021\/09\/242804041_4345930712151028_7565595656707581812_n-768x576.jpg 768w, https:\/\/marekkuchcinski.pl\/wp-content\/uploads\/2021\/09\/242804041_4345930712151028_7565595656707581812_n-16x12.jpg 16w\" sizes=\"(max-width: 912px) 100vw, 912px\" \/><\/a><\/figure>\n\n\n\n<figure class=\"wp-block-image size-large\"><a href=\"https:\/\/marekkuchcinski.pl\/wp-content\/uploads\/2021\/09\/242733327_582250489479139_8040124535808313977_n.jpg\"><img loading=\"lazy\" decoding=\"async\" width=\"684\" height=\"912\" src=\"https:\/\/marekkuchcinski.pl\/wp-content\/uploads\/2021\/09\/242733327_582250489479139_8040124535808313977_n.jpg\" alt=\"\" class=\"wp-image-23472\" srcset=\"https:\/\/marekkuchcinski.pl\/wp-content\/uploads\/2021\/09\/242733327_582250489479139_8040124535808313977_n.jpg 684w, https:\/\/marekkuchcinski.pl\/wp-content\/uploads\/2021\/09\/242733327_582250489479139_8040124535808313977_n-225x300.jpg 225w, https:\/\/marekkuchcinski.pl\/wp-content\/uploads\/2021\/09\/242733327_582250489479139_8040124535808313977_n-9x12.jpg 9w\" sizes=\"(max-width: 684px) 100vw, 684px\" \/><\/a><\/figure>\n\n\n\n<figure class=\"wp-block-image size-large\"><a href=\"https:\/\/marekkuchcinski.pl\/wp-content\/uploads\/2021\/09\/tt6.jpg\"><img loading=\"lazy\" decoding=\"async\" width=\"912\" height=\"684\" src=\"https:\/\/marekkuchcinski.pl\/wp-content\/uploads\/2021\/09\/tt6.jpg\" alt=\"\" class=\"wp-image-23473\" srcset=\"https:\/\/marekkuchcinski.pl\/wp-content\/uploads\/2021\/09\/tt6.jpg 912w, https:\/\/marekkuchcinski.pl\/wp-content\/uploads\/2021\/09\/tt6-300x225.jpg 300w, https:\/\/marekkuchcinski.pl\/wp-content\/uploads\/2021\/09\/tt6-768x576.jpg 768w, https:\/\/marekkuchcinski.pl\/wp-content\/uploads\/2021\/09\/tt6-16x12.jpg 16w\" sizes=\"(max-width: 912px) 100vw, 912px\" \/><\/a><\/figure>\n\n\n\n<figure class=\"wp-block-image size-large\"><a href=\"https:\/\/marekkuchcinski.pl\/wp-content\/uploads\/2021\/09\/242722761_313629343756422_5209533670263433058_n_edited-1.jpg\"><img loading=\"lazy\" decoding=\"async\" width=\"900\" height=\"600\" src=\"https:\/\/marekkuchcinski.pl\/wp-content\/uploads\/2021\/09\/242722761_313629343756422_5209533670263433058_n_edited-1.jpg\" alt=\"\" class=\"wp-image-23474\" srcset=\"https:\/\/marekkuchcinski.pl\/wp-content\/uploads\/2021\/09\/242722761_313629343756422_5209533670263433058_n_edited-1.jpg 900w, https:\/\/marekkuchcinski.pl\/wp-content\/uploads\/2021\/09\/242722761_313629343756422_5209533670263433058_n_edited-1-300x200.jpg 300w, https:\/\/marekkuchcinski.pl\/wp-content\/uploads\/2021\/09\/242722761_313629343756422_5209533670263433058_n_edited-1-768x512.jpg 768w, https:\/\/marekkuchcinski.pl\/wp-content\/uploads\/2021\/09\/242722761_313629343756422_5209533670263433058_n_edited-1-16x12.jpg 16w\" sizes=\"(max-width: 900px) 100vw, 900px\" \/><\/a><\/figure>","protected":false},"excerpt":{"rendered":"<p>Those who fought for freedom, dignity, sovereignty were commemorated with a monument - symbolic winged oak gates, through which one can see the Bieszczady peak - Tarnica. - The three steps of the Gate of Freedom leading upwards represent Faith, Hope, Love, the open door represents Hospitality, and the wings symbolize Freedom, says Piotr Zbro\u017cek, author of the monument. The realization, enclosed in a wooden form, refers to [...]<\/p>","protected":false},"author":21,"featured_media":23460,"comment_status":"open","ping_status":"open","sticky":false,"template":"","format":"standard","meta":{"ngg_post_thumbnail":0,"footnotes":""},"categories":[49,3],"tags":[],"class_list":["post-23459","post","type-post","status-publish","format-standard","has-post-thumbnail","hentry","category-podkarpacie","category-wydarzenia"],"yoast_head":"<!-- This site is optimized with the Yoast SEO plugin v24.7 - https:\/\/yoast.com\/wordpress\/plugins\/seo\/ -->\n<title>W Wo\u0142osatem ods\u0142oni\u0119to pomnik Ludzi Wolno\u015bci i Solidarno\u015bci z Bieszczad &#8211; Marek Kuchci\u0144ski<\/title>\n<meta name=\"robots\" content=\"index, follow, max-snippet:-1, max-image-preview:large, max-video-preview:-1\" \/>\n<link rel=\"canonical\" href=\"https:\/\/marekkuchcinski.pl\/en\/wydarzenia\/w-wolosatem-odslonieto-pomnik-ludzi-wolnosci-i-solidarnosci-z-bieszczad\/\" \/>\n<meta property=\"og:locale\" content=\"en_GB\" \/>\n<meta property=\"og:type\" content=\"article\" \/>\n<meta property=\"og:title\" content=\"W Wo\u0142osatem ods\u0142oni\u0119to pomnik Ludzi Wolno\u015bci i Solidarno\u015bci z Bieszczad &#8211; Marek Kuchci\u0144ski\" \/>\n<meta property=\"og:description\" content=\"Walcz\u0105cy o wolno\u015b\u0107, godno\u015b\u0107, suwerenno\u015b\u0107 zostali upami\u0119tnieni pomnikiem \u2013 symbolicznymi uskrzydlonymi d\u0119bowymi wrotami, przez kt\u00f3re wida\u0107 bieszczadzki szczyt \u2013 Tarnic\u0119. \u2013 Trzy stopnie Bramy Wolno\u015bci, kt\u00f3re prowadz\u0105 w g\u00f3r\u0119, to Wiara, Nadzieja, Mi\u0142o\u015b\u0107, otwarte drzwi to Go\u015bcinno\u015b\u0107, a skrzyd\u0142a \u2013 symbol Wolno\u015bci \u2013 m\u00f3wi Piotr Zbro\u017cek, autor pomnika. Realizacja zamkni\u0119ta w drewnianej formie nawi\u0105zuje do [&hellip;]\" \/>\n<meta property=\"og:url\" content=\"https:\/\/marekkuchcinski.pl\/en\/wydarzenia\/w-wolosatem-odslonieto-pomnik-ludzi-wolnosci-i-solidarnosci-z-bieszczad\/\" \/>\n<meta property=\"og:site_name\" content=\"Marek Kuchci\u0144ski\" \/>\n<meta property=\"article:published_time\" content=\"2021-09-25T12:49:42+00:00\" \/>\n<meta property=\"article:modified_time\" content=\"2021-09-27T17:26:55+00:00\" \/>\n<meta property=\"og:image\" content=\"https:\/\/marekkuchcinski.pl\/wp-content\/uploads\/2021\/09\/242788457_1010024956499736_931941064416001952_n.jpg\" \/>\n\t<meta property=\"og:image:width\" content=\"960\" \/>\n\t<meta property=\"og:image:height\" content=\"720\" \/>\n\t<meta property=\"og:image:type\" content=\"image\/jpeg\" \/>\n<meta name=\"author\" content=\"Marta Olejnik\" \/>\n<meta name=\"twitter:card\" content=\"summary_large_image\" \/>\n<meta name=\"twitter:label1\" content=\"Written by\" \/>\n\t<meta name=\"twitter:data1\" content=\"Marta Olejnik\" \/>\n\t<meta name=\"twitter:label2\" content=\"Estimated reading time\" \/>\n\t<meta name=\"twitter:data2\" content=\"3 minutes\" \/>\n<script type=\"application\/ld+json\" class=\"yoast-schema-graph\">{\"@context\":\"https:\/\/schema.org\",\"@graph\":[{\"@type\":\"Article\",\"@id\":\"https:\/\/marekkuchcinski.pl\/cs\/wydarzenia\/w-wolosatem-odslonieto-pomnik-ludzi-wolnosci-i-solidarnosci-z-bieszczad\/#article\",\"isPartOf\":{\"@id\":\"https:\/\/marekkuchcinski.pl\/cs\/wydarzenia\/w-wolosatem-odslonieto-pomnik-ludzi-wolnosci-i-solidarnosci-z-bieszczad\/\"},\"author\":{\"name\":\"Marta Olejnik\",\"@id\":\"https:\/\/marekkuchcinski.pl\/#\/schema\/person\/51d5d4ee3b5317b8e4dd2b48af359229\"},\"headline\":\"W Wo\u0142osatem ods\u0142oni\u0119to pomnik Ludzi Wolno\u015bci i Solidarno\u015bci z Bieszczad\",\"datePublished\":\"2021-09-25T12:49:42+00:00\",\"dateModified\":\"2021-09-27T17:26:55+00:00\",\"mainEntityOfPage\":{\"@id\":\"https:\/\/marekkuchcinski.pl\/cs\/wydarzenia\/w-wolosatem-odslonieto-pomnik-ludzi-wolnosci-i-solidarnosci-z-bieszczad\/\"},\"wordCount\":190,\"commentCount\":0,\"publisher\":{\"@id\":\"https:\/\/marekkuchcinski.pl\/#organization\"},\"image\":{\"@id\":\"https:\/\/marekkuchcinski.pl\/cs\/wydarzenia\/w-wolosatem-odslonieto-pomnik-ludzi-wolnosci-i-solidarnosci-z-bieszczad\/#primaryimage\"},\"thumbnailUrl\":\"https:\/\/marekkuchcinski.pl\/wp-content\/uploads\/2021\/09\/242788457_1010024956499736_931941064416001952_n.jpg\",\"articleSection\":[\"Podkarpacie\",\"Wydarzenia\"],\"inLanguage\":\"en-GB\",\"potentialAction\":[{\"@type\":\"CommentAction\",\"name\":\"Comment\",\"target\":[\"https:\/\/marekkuchcinski.pl\/cs\/wydarzenia\/w-wolosatem-odslonieto-pomnik-ludzi-wolnosci-i-solidarnosci-z-bieszczad\/#respond\"]}]},{\"@type\":\"WebPage\",\"@id\":\"https:\/\/marekkuchcinski.pl\/cs\/wydarzenia\/w-wolosatem-odslonieto-pomnik-ludzi-wolnosci-i-solidarnosci-z-bieszczad\/\",\"url\":\"https:\/\/marekkuchcinski.pl\/cs\/wydarzenia\/w-wolosatem-odslonieto-pomnik-ludzi-wolnosci-i-solidarnosci-z-bieszczad\/\",\"name\":\"W Wo\u0142osatem ods\u0142oni\u0119to pomnik Ludzi Wolno\u015bci i Solidarno\u015bci z Bieszczad &#8211; Marek Kuchci\u0144ski\",\"isPartOf\":{\"@id\":\"https:\/\/marekkuchcinski.pl\/#website\"},\"primaryImageOfPage\":{\"@id\":\"https:\/\/marekkuchcinski.pl\/cs\/wydarzenia\/w-wolosatem-odslonieto-pomnik-ludzi-wolnosci-i-solidarnosci-z-bieszczad\/#primaryimage\"},\"image\":{\"@id\":\"https:\/\/marekkuchcinski.pl\/cs\/wydarzenia\/w-wolosatem-odslonieto-pomnik-ludzi-wolnosci-i-solidarnosci-z-bieszczad\/#primaryimage\"},\"thumbnailUrl\":\"https:\/\/marekkuchcinski.pl\/wp-content\/uploads\/2021\/09\/242788457_1010024956499736_931941064416001952_n.jpg\",\"datePublished\":\"2021-09-25T12:49:42+00:00\",\"dateModified\":\"2021-09-27T17:26:55+00:00\",\"breadcrumb\":{\"@id\":\"https:\/\/marekkuchcinski.pl\/cs\/wydarzenia\/w-wolosatem-odslonieto-pomnik-ludzi-wolnosci-i-solidarnosci-z-bieszczad\/#breadcrumb\"},\"inLanguage\":\"en-GB\",\"potentialAction\":[{\"@type\":\"ReadAction\",\"target\":[\"https:\/\/marekkuchcinski.pl\/cs\/wydarzenia\/w-wolosatem-odslonieto-pomnik-ludzi-wolnosci-i-solidarnosci-z-bieszczad\/\"]}]},{\"@type\":\"ImageObject\",\"inLanguage\":\"en-GB\",\"@id\":\"https:\/\/marekkuchcinski.pl\/cs\/wydarzenia\/w-wolosatem-odslonieto-pomnik-ludzi-wolnosci-i-solidarnosci-z-bieszczad\/#primaryimage\",\"url\":\"https:\/\/marekkuchcinski.pl\/wp-content\/uploads\/2021\/09\/242788457_1010024956499736_931941064416001952_n.jpg\",\"contentUrl\":\"https:\/\/marekkuchcinski.pl\/wp-content\/uploads\/2021\/09\/242788457_1010024956499736_931941064416001952_n.jpg\",\"width\":960,\"height\":720},{\"@type\":\"BreadcrumbList\",\"@id\":\"https:\/\/marekkuchcinski.pl\/cs\/wydarzenia\/w-wolosatem-odslonieto-pomnik-ludzi-wolnosci-i-solidarnosci-z-bieszczad\/#breadcrumb\",\"itemListElement\":[{\"@type\":\"ListItem\",\"position\":1,\"name\":\"Strona g\u0142\u00f3wna\",\"item\":\"https:\/\/marekkuchcinski.pl\/\"},{\"@type\":\"ListItem\",\"position\":2,\"name\":\"W Wo\u0142osatem ods\u0142oni\u0119to pomnik Ludzi Wolno\u015bci i Solidarno\u015bci z Bieszczad\"}]},{\"@type\":\"WebSite\",\"@id\":\"https:\/\/marekkuchcinski.pl\/#website\",\"url\":\"https:\/\/marekkuchcinski.pl\/\",\"name\":\"Marek Kuchci\u0144ski\",\"description\":\"Pose\u0142 na sejm RP &ndash; okr\u0119g nr 22\",\"publisher\":{\"@id\":\"https:\/\/marekkuchcinski.pl\/#organization\"},\"potentialAction\":[{\"@type\":\"SearchAction\",\"target\":{\"@type\":\"EntryPoint\",\"urlTemplate\":\"https:\/\/marekkuchcinski.pl\/?s={search_term_string}\"},\"query-input\":{\"@type\":\"PropertyValueSpecification\",\"valueRequired\":true,\"valueName\":\"search_term_string\"}}],\"inLanguage\":\"en-GB\"},{\"@type\":\"Organization\",\"@id\":\"https:\/\/marekkuchcinski.pl\/#organization\",\"name\":\"Marek Kuchci\u0144ski\",\"url\":\"https:\/\/marekkuchcinski.pl\/\",\"logo\":{\"@type\":\"ImageObject\",\"inLanguage\":\"en-GB\",\"@id\":\"https:\/\/marekkuchcinski.pl\/#\/schema\/logo\/image\/\",\"url\":\"https:\/\/marekkuchcinski.pl\/wp-content\/uploads\/2022\/09\/Marek.jpg\",\"contentUrl\":\"https:\/\/marekkuchcinski.pl\/wp-content\/uploads\/2022\/09\/Marek.jpg\",\"width\":1600,\"height\":971,\"caption\":\"Marek Kuchci\u0144ski\"},\"image\":{\"@id\":\"https:\/\/marekkuchcinski.pl\/#\/schema\/logo\/image\/\"}},{\"@type\":\"Person\",\"@id\":\"https:\/\/marekkuchcinski.pl\/#\/schema\/person\/51d5d4ee3b5317b8e4dd2b48af359229\",\"name\":\"Marta Olejnik\",\"image\":{\"@type\":\"ImageObject\",\"inLanguage\":\"en-GB\",\"@id\":\"https:\/\/marekkuchcinski.pl\/#\/schema\/person\/image\/\",\"url\":\"https:\/\/secure.gravatar.com\/avatar\/e39914b2aa6a48959e24d475b5dc9793?s=96&d=mm&r=g\",\"contentUrl\":\"https:\/\/secure.gravatar.com\/avatar\/e39914b2aa6a48959e24d475b5dc9793?s=96&d=mm&r=g\",\"caption\":\"Marta Olejnik\"},\"url\":\"https:\/\/marekkuchcinski.pl\/en\/author\/marta\/\"}]}<\/script>\n<!-- \/ Yoast SEO plugin. -->","yoast_head_json":{"title":"W Wo\u0142osatem ods\u0142oni\u0119to pomnik Ludzi Wolno\u015bci i Solidarno\u015bci z Bieszczad &#8211; Marek Kuchci\u0144ski","robots":{"index":"index","follow":"follow","max-snippet":"max-snippet:-1","max-image-preview":"max-image-preview:large","max-video-preview":"max-video-preview:-1"},"canonical":"https:\/\/marekkuchcinski.pl\/en\/wydarzenia\/w-wolosatem-odslonieto-pomnik-ludzi-wolnosci-i-solidarnosci-z-bieszczad\/","og_locale":"en_GB","og_type":"article","og_title":"W Wo\u0142osatem ods\u0142oni\u0119to pomnik Ludzi Wolno\u015bci i Solidarno\u015bci z Bieszczad &#8211; Marek Kuchci\u0144ski","og_description":"Walcz\u0105cy o wolno\u015b\u0107, godno\u015b\u0107, suwerenno\u015b\u0107 zostali upami\u0119tnieni pomnikiem \u2013 symbolicznymi uskrzydlonymi d\u0119bowymi wrotami, przez kt\u00f3re wida\u0107 bieszczadzki szczyt \u2013 Tarnic\u0119. \u2013 Trzy stopnie Bramy Wolno\u015bci, kt\u00f3re prowadz\u0105 w g\u00f3r\u0119, to Wiara, Nadzieja, Mi\u0142o\u015b\u0107, otwarte drzwi to Go\u015bcinno\u015b\u0107, a skrzyd\u0142a \u2013 symbol Wolno\u015bci \u2013 m\u00f3wi Piotr Zbro\u017cek, autor pomnika. Realizacja zamkni\u0119ta w drewnianej formie nawi\u0105zuje do [&hellip;]","og_url":"https:\/\/marekkuchcinski.pl\/en\/wydarzenia\/w-wolosatem-odslonieto-pomnik-ludzi-wolnosci-i-solidarnosci-z-bieszczad\/","og_site_name":"Marek Kuchci\u0144ski","article_published_time":"2021-09-25T12:49:42+00:00","article_modified_time":"2021-09-27T17:26:55+00:00","og_image":[{"width":960,"height":720,"url":"https:\/\/marekkuchcinski.pl\/wp-content\/uploads\/2021\/09\/242788457_1010024956499736_931941064416001952_n.jpg","type":"image\/jpeg"}],"author":"Marta Olejnik","twitter_card":"summary_large_image","twitter_misc":{"Written by":"Marta Olejnik","Estimated reading time":"3 minutes"},"schema":{"@context":"https:\/\/schema.org","@graph":[{"@type":"Article","@id":"https:\/\/marekkuchcinski.pl\/cs\/wydarzenia\/w-wolosatem-odslonieto-pomnik-ludzi-wolnosci-i-solidarnosci-z-bieszczad\/#article","isPartOf":{"@id":"https:\/\/marekkuchcinski.pl\/cs\/wydarzenia\/w-wolosatem-odslonieto-pomnik-ludzi-wolnosci-i-solidarnosci-z-bieszczad\/"},"author":{"name":"Marta Olejnik","@id":"https:\/\/marekkuchcinski.pl\/#\/schema\/person\/51d5d4ee3b5317b8e4dd2b48af359229"},"headline":"W Wo\u0142osatem ods\u0142oni\u0119to pomnik Ludzi Wolno\u015bci i Solidarno\u015bci z Bieszczad","datePublished":"2021-09-25T12:49:42+00:00","dateModified":"2021-09-27T17:26:55+00:00","mainEntityOfPage":{"@id":"https:\/\/marekkuchcinski.pl\/cs\/wydarzenia\/w-wolosatem-odslonieto-pomnik-ludzi-wolnosci-i-solidarnosci-z-bieszczad\/"},"wordCount":190,"commentCount":0,"publisher":{"@id":"https:\/\/marekkuchcinski.pl\/#organization"},"image":{"@id":"https:\/\/marekkuchcinski.pl\/cs\/wydarzenia\/w-wolosatem-odslonieto-pomnik-ludzi-wolnosci-i-solidarnosci-z-bieszczad\/#primaryimage"},"thumbnailUrl":"https:\/\/marekkuchcinski.pl\/wp-content\/uploads\/2021\/09\/242788457_1010024956499736_931941064416001952_n.jpg","articleSection":["Podkarpacie","Wydarzenia"],"inLanguage":"en-GB","potentialAction":[{"@type":"CommentAction","name":"Comment","target":["https:\/\/marekkuchcinski.pl\/cs\/wydarzenia\/w-wolosatem-odslonieto-pomnik-ludzi-wolnosci-i-solidarnosci-z-bieszczad\/#respond"]}]},{"@type":"WebPage","@id":"https:\/\/marekkuchcinski.pl\/cs\/wydarzenia\/w-wolosatem-odslonieto-pomnik-ludzi-wolnosci-i-solidarnosci-z-bieszczad\/","url":"https:\/\/marekkuchcinski.pl\/cs\/wydarzenia\/w-wolosatem-odslonieto-pomnik-ludzi-wolnosci-i-solidarnosci-z-bieszczad\/","name":"W Wo\u0142osatem ods\u0142oni\u0119to pomnik Ludzi Wolno\u015bci i Solidarno\u015bci z Bieszczad &#8211; Marek Kuchci\u0144ski","isPartOf":{"@id":"https:\/\/marekkuchcinski.pl\/#website"},"primaryImageOfPage":{"@id":"https:\/\/marekkuchcinski.pl\/cs\/wydarzenia\/w-wolosatem-odslonieto-pomnik-ludzi-wolnosci-i-solidarnosci-z-bieszczad\/#primaryimage"},"image":{"@id":"https:\/\/marekkuchcinski.pl\/cs\/wydarzenia\/w-wolosatem-odslonieto-pomnik-ludzi-wolnosci-i-solidarnosci-z-bieszczad\/#primaryimage"},"thumbnailUrl":"https:\/\/marekkuchcinski.pl\/wp-content\/uploads\/2021\/09\/242788457_1010024956499736_931941064416001952_n.jpg","datePublished":"2021-09-25T12:49:42+00:00","dateModified":"2021-09-27T17:26:55+00:00","breadcrumb":{"@id":"https:\/\/marekkuchcinski.pl\/cs\/wydarzenia\/w-wolosatem-odslonieto-pomnik-ludzi-wolnosci-i-solidarnosci-z-bieszczad\/#breadcrumb"},"inLanguage":"en-GB","potentialAction":[{"@type":"ReadAction","target":["https:\/\/marekkuchcinski.pl\/cs\/wydarzenia\/w-wolosatem-odslonieto-pomnik-ludzi-wolnosci-i-solidarnosci-z-bieszczad\/"]}]},{"@type":"ImageObject","inLanguage":"en-GB","@id":"https:\/\/marekkuchcinski.pl\/cs\/wydarzenia\/w-wolosatem-odslonieto-pomnik-ludzi-wolnosci-i-solidarnosci-z-bieszczad\/#primaryimage","url":"https:\/\/marekkuchcinski.pl\/wp-content\/uploads\/2021\/09\/242788457_1010024956499736_931941064416001952_n.jpg","contentUrl":"https:\/\/marekkuchcinski.pl\/wp-content\/uploads\/2021\/09\/242788457_1010024956499736_931941064416001952_n.jpg","width":960,"height":720},{"@type":"BreadcrumbList","@id":"https:\/\/marekkuchcinski.pl\/cs\/wydarzenia\/w-wolosatem-odslonieto-pomnik-ludzi-wolnosci-i-solidarnosci-z-bieszczad\/#breadcrumb","itemListElement":[{"@type":"ListItem","position":1,"name":"Strona g\u0142\u00f3wna","item":"https:\/\/marekkuchcinski.pl\/"},{"@type":"ListItem","position":2,"name":"W Wo\u0142osatem ods\u0142oni\u0119to pomnik Ludzi Wolno\u015bci i Solidarno\u015bci z Bieszczad"}]},{"@type":"WebSite","@id":"https:\/\/marekkuchcinski.pl\/#website","url":"https:\/\/marekkuchcinski.pl\/","name":"Marek Kuchci\u0144ski","description":"Pose\u0142 na sejm RP &ndash; okr\u0119g nr 22","publisher":{"@id":"https:\/\/marekkuchcinski.pl\/#organization"},"potentialAction":[{"@type":"SearchAction","target":{"@type":"EntryPoint","urlTemplate":"https:\/\/marekkuchcinski.pl\/?s={search_term_string}"},"query-input":{"@type":"PropertyValueSpecification","valueRequired":true,"valueName":"search_term_string"}}],"inLanguage":"en-GB"},{"@type":"Organization","@id":"https:\/\/marekkuchcinski.pl\/#organization","name":"Marek Kuchci\u0144ski","url":"https:\/\/marekkuchcinski.pl\/","logo":{"@type":"ImageObject","inLanguage":"en-GB","@id":"https:\/\/marekkuchcinski.pl\/#\/schema\/logo\/image\/","url":"https:\/\/marekkuchcinski.pl\/wp-content\/uploads\/2022\/09\/Marek.jpg","contentUrl":"https:\/\/marekkuchcinski.pl\/wp-content\/uploads\/2022\/09\/Marek.jpg","width":1600,"height":971,"caption":"Marek Kuchci\u0144ski"},"image":{"@id":"https:\/\/marekkuchcinski.pl\/#\/schema\/logo\/image\/"}},{"@type":"Person","@id":"https:\/\/marekkuchcinski.pl\/#\/schema\/person\/51d5d4ee3b5317b8e4dd2b48af359229","name":"Marta Olejnik","image":{"@type":"ImageObject","inLanguage":"en-GB","@id":"https:\/\/marekkuchcinski.pl\/#\/schema\/person\/image\/","url":"https:\/\/secure.gravatar.com\/avatar\/e39914b2aa6a48959e24d475b5dc9793?s=96&d=mm&r=g","contentUrl":"https:\/\/secure.gravatar.com\/avatar\/e39914b2aa6a48959e24d475b5dc9793?s=96&d=mm&r=g","caption":"Marta Olejnik"},"url":"https:\/\/marekkuchcinski.pl\/en\/author\/marta\/"}]}},"_links":{"self":[{"href":"https:\/\/marekkuchcinski.pl\/en\/wp-json\/wp\/v2\/posts\/23459","targetHints":{"allow":["GET"]}}],"collection":[{"href":"https:\/\/marekkuchcinski.pl\/en\/wp-json\/wp\/v2\/posts"}],"about":[{"href":"https:\/\/marekkuchcinski.pl\/en\/wp-json\/wp\/v2\/types\/post"}],"author":[{"embeddable":true,"href":"https:\/\/marekkuchcinski.pl\/en\/wp-json\/wp\/v2\/users\/21"}],"replies":[{"embeddable":true,"href":"https:\/\/marekkuchcinski.pl\/en\/wp-json\/wp\/v2\/comments?post=23459"}],"version-history":[{"count":5,"href":"https:\/\/marekkuchcinski.pl\/en\/wp-json\/wp\/v2\/posts\/23459\/revisions"}],"predecessor-version":[{"id":23482,"href":"https:\/\/marekkuchcinski.pl\/en\/wp-json\/wp\/v2\/posts\/23459\/revisions\/23482"}],"wp:featuredmedia":[{"embeddable":true,"href":"https:\/\/marekkuchcinski.pl\/en\/wp-json\/wp\/v2\/media\/23460"}],"wp:attachment":[{"href":"https:\/\/marekkuchcinski.pl\/en\/wp-json\/wp\/v2\/media?parent=23459"}],"wp:term":[{"taxonomy":"category","embeddable":true,"href":"https:\/\/marekkuchcinski.pl\/en\/wp-json\/wp\/v2\/categories?post=23459"},{"taxonomy":"post_tag","embeddable":true,"href":"https:\/\/marekkuchcinski.pl\/en\/wp-json\/wp\/v2\/tags?post=23459"}],"curies":[{"name":"wp","href":"https:\/\/api.w.org\/{rel}","templated":true}]}}