{"id":23375,"date":"2021-09-11T13:30:08","date_gmt":"2021-09-11T11:30:08","guid":{"rendered":"https:\/\/marekkuchcinski.pl\/?p=23375"},"modified":"2021-09-11T13:36:23","modified_gmt":"2021-09-11T11:36:23","slug":"ruszyla-miedzynarodowa-inicjatywa-cyfrowa-europa-karpat","status":"publish","type":"post","link":"https:\/\/marekkuchcinski.pl\/en\/wydarzenia\/ruszyla-miedzynarodowa-inicjatywa-cyfrowa-europa-karpat\/","title":{"rendered":"International Digital Carpathian Europe Initiative Launched"},"content":{"rendered":"<p><\/p>\n\n\n\n<p><strong>An international initiative - Digital Carpathian Europe - has been launched, aimed at the lovers of tourism and historical monuments of the Carpathian region. Its initiator is the former Speaker of the Sejm Marek Kuchcinski<\/strong>.<\/p>\n\n\n\n<figure class=\"wp-block-video\"><video controls src=\"blob:https:\/\/marekkuchcinski.pl\/8117265a-e72b-4786-9899-52320e1ca1bf\"><\/video><\/figure>\n\n\n\n<p><\/p>\n\n\n\n<p><strong>Video: <a href=\"https:\/\/www.facebook.com\/CentrumGovTech\/videos\/714235289446667\">https:\/\/www.facebook.com\/CentrumGovTech\/videos\/714235289446667<\/a><\/strong><\/p>\n\n\n\n<p>Digital Carpathian Europe is a joint initiative of the Polish Parliament and the GovTech Center at the Chancellery of the Prime Minister. Its aim is to increase the recognition and attractiveness of the region, to build awareness among residents and tourists, and to strengthen cooperation in the region, also within the framework of the European Union or Tri-Cities. The originator of the idea is the former Marshal Marek Kuchci\u0144ski.<\/p>\n\n\n\n<p>\"The project is meant to encourage young people, tourists, regional residents interested in geocaching, Carpathian caches and digital tourism,\" - Kuchci\u0144ski said. He added that as part of the cooperation with GovTech, activities are planned to target tourism companies and cultural institutions from the region that will be involved in Digital Carpathian Europe.<\/p>\n\n\n\n<p>As part of the project, three pillars of Digital Carpathian Europe are planned: a special tourist application and two community-engaged actions: a tourist marathon and a geocaching marathon, i.e. connecting the digital world with the real one through special boxes.<\/p>\n\n\n\n<p>As conveyed by the Prime Minister's Plenipotentiary for GovTech Justyna Or\u0142owska, the application based on gamification will encourage people to share their knowledge about the attractions of the Carpathians.<\/p>\n\n\n\n<p>\"The application will allow everyone to add new attractions to the nationwide database, configure their own routes and gain knowledge about the places they visit. Digital Carpathian Europe does not replace our tourist traffic, but it is supposed to support it and make it even more interesting,\" said Or\u0142owska.<\/p>\n\n\n\n<p>Orlowska added that this will make tourism in the region even more modern than Alpine.<\/p>\n\n\n\n<p>\"We're already starting with the most cutting-edge solutions that engage communities. And where there are engaged communities, that's where the most ideas are,\" she emphasized.<\/p>\n\n\n\n<p>The application will be developed for the most popular cell phone operating systems.<\/p>\n\n\n\n<p>\"We will invite developers to be the ones to create the application. The experience of the GovTech Center, which has developed a special competition procedure friendly to start-ups and small companies, will be used for this purpose\" - Orlowska added.<\/p>\n\n\n\n<p>The app is scheduled for release in the upcoming 2022 travel season.<\/p>\n\n\n\n<p>Photo by M. Olejnik<\/p>\n\n\n\n<figure class=\"wp-block-image size-large\"><a href=\"https:\/\/marekkuchcinski.pl\/wp-content\/uploads\/2021\/09\/gov-scaled.jpg\"><img fetchpriority=\"high\" decoding=\"async\" width=\"1024\" height=\"682\" src=\"https:\/\/marekkuchcinski.pl\/wp-content\/uploads\/2021\/09\/gov-1024x682.jpg\" alt=\"\" class=\"wp-image-23380\" srcset=\"https:\/\/marekkuchcinski.pl\/wp-content\/uploads\/2021\/09\/gov-1024x682.jpg 1024w, https:\/\/marekkuchcinski.pl\/wp-content\/uploads\/2021\/09\/gov-300x200.jpg 300w, https:\/\/marekkuchcinski.pl\/wp-content\/uploads\/2021\/09\/gov-768x512.jpg 768w, https:\/\/marekkuchcinski.pl\/wp-content\/uploads\/2021\/09\/gov-1536x1024.jpg 1536w, https:\/\/marekkuchcinski.pl\/wp-content\/uploads\/2021\/09\/gov-scaled.jpg 2048w, https:\/\/marekkuchcinski.pl\/wp-content\/uploads\/2021\/09\/gov-16x12.jpg 16w\" sizes=\"(max-width: 1024px) 100vw, 1024px\" \/><\/a><figcaption>Plenipotentiary of the Prime Minister for GovTech Justyna Or\u0142owska and Chairman of the Foreign Affairs Committee Marek Kuchci\u0144ski<\/figcaption><\/figure>","protected":false},"excerpt":{"rendered":"<p>Ruszy\u0142a mi\u0119dzynarodowa inicjatywa Cyfrowa Europa Karpat, skierowana do mi\u0142o\u015bnik\u00f3w turystyki i zabytk\u00f3w regionu karpackiego. Jej inicjatorem jest by\u0142y marsza\u0142ek Sejmu Marek Kuchci\u0144ski. Filmik: https:\/\/www.facebook.com\/CentrumGovTech\/videos\/714235289446667 Cyfrowa Europa Karpat to wsp\u00f3lna inicjatywa Sejmu RP i Centrum GovTech w Kancelarii Prezesa Rady Ministr\u00f3w. Jej celem jest zwi\u0119kszenie rozpoznawalno\u015bci i atrakcyjno\u015bci regionu, zbudowanie \u015bwiadomo\u015bci w\u015br\u00f3d mieszka\u0144c\u00f3w i turyst\u00f3w, a [&hellip;]<\/p>","protected":false},"author":21,"featured_media":23381,"comment_status":"open","ping_status":"open","sticky":false,"template":"","format":"standard","meta":{"ngg_post_thumbnail":0,"footnotes":""},"categories":[78,3],"tags":[],"class_list":["post-23375","post","type-post","status-publish","format-standard","has-post-thumbnail","hentry","category-europa-karpat","category-wydarzenia"],"yoast_head":"<!-- This site is optimized with the Yoast SEO plugin v24.7 - https:\/\/yoast.com\/wordpress\/plugins\/seo\/ -->\n<title>Ruszy\u0142a mi\u0119dzynarodowa inicjatywa Cyfrowa Europa Karpat &#8211; Marek Kuchci\u0144ski<\/title>\n<meta name=\"robots\" content=\"index, follow, max-snippet:-1, max-image-preview:large, max-video-preview:-1\" \/>\n<link rel=\"canonical\" href=\"https:\/\/marekkuchcinski.pl\/en\/wydarzenia\/ruszyla-miedzynarodowa-inicjatywa-cyfrowa-europa-karpat\/\" \/>\n<meta property=\"og:locale\" content=\"en_GB\" \/>\n<meta property=\"og:type\" content=\"article\" \/>\n<meta property=\"og:title\" content=\"Ruszy\u0142a mi\u0119dzynarodowa inicjatywa Cyfrowa Europa Karpat &#8211; Marek Kuchci\u0144ski\" \/>\n<meta property=\"og:description\" content=\"Ruszy\u0142a mi\u0119dzynarodowa inicjatywa Cyfrowa Europa Karpat, skierowana do mi\u0142o\u015bnik\u00f3w turystyki i zabytk\u00f3w regionu karpackiego. Jej inicjatorem jest by\u0142y marsza\u0142ek Sejmu Marek Kuchci\u0144ski. Filmik: https:\/\/www.facebook.com\/CentrumGovTech\/videos\/714235289446667 Cyfrowa Europa Karpat to wsp\u00f3lna inicjatywa Sejmu RP i Centrum GovTech w Kancelarii Prezesa Rady Ministr\u00f3w. Jej celem jest zwi\u0119kszenie rozpoznawalno\u015bci i atrakcyjno\u015bci regionu, zbudowanie \u015bwiadomo\u015bci w\u015br\u00f3d mieszka\u0144c\u00f3w i turyst\u00f3w, a [&hellip;]\" \/>\n<meta property=\"og:url\" content=\"https:\/\/marekkuchcinski.pl\/en\/wydarzenia\/ruszyla-miedzynarodowa-inicjatywa-cyfrowa-europa-karpat\/\" \/>\n<meta property=\"og:site_name\" content=\"Marek Kuchci\u0144ski\" \/>\n<meta property=\"article:published_time\" content=\"2021-09-11T11:30:08+00:00\" \/>\n<meta property=\"article:modified_time\" content=\"2021-09-11T11:36:23+00:00\" \/>\n<meta property=\"og:image\" content=\"https:\/\/marekkuchcinski.pl\/wp-content\/uploads\/2021\/09\/gov-1-scaled.jpg\" \/>\n\t<meta property=\"og:image:width\" content=\"2048\" \/>\n\t<meta property=\"og:image:height\" content=\"1365\" \/>\n\t<meta property=\"og:image:type\" content=\"image\/jpeg\" \/>\n<meta name=\"author\" content=\"Marta Olejnik\" \/>\n<meta name=\"twitter:card\" content=\"summary_large_image\" \/>\n<meta name=\"twitter:label1\" content=\"Written by\" \/>\n\t<meta name=\"twitter:data1\" content=\"Marta Olejnik\" \/>\n\t<meta name=\"twitter:label2\" content=\"Estimated reading time\" \/>\n\t<meta name=\"twitter:data2\" content=\"2 minutes\" \/>\n<script type=\"application\/ld+json\" class=\"yoast-schema-graph\">{\"@context\":\"https:\/\/schema.org\",\"@graph\":[{\"@type\":\"Article\",\"@id\":\"https:\/\/marekkuchcinski.pl\/en\/wydarzenia\/ruszyla-miedzynarodowa-inicjatywa-cyfrowa-europa-karpat\/#article\",\"isPartOf\":{\"@id\":\"https:\/\/marekkuchcinski.pl\/en\/wydarzenia\/ruszyla-miedzynarodowa-inicjatywa-cyfrowa-europa-karpat\/\"},\"author\":{\"name\":\"Marta Olejnik\",\"@id\":\"https:\/\/marekkuchcinski.pl\/#\/schema\/person\/51d5d4ee3b5317b8e4dd2b48af359229\"},\"headline\":\"Ruszy\u0142a mi\u0119dzynarodowa inicjatywa Cyfrowa Europa Karpat\",\"datePublished\":\"2021-09-11T11:30:08+00:00\",\"dateModified\":\"2021-09-11T11:36:23+00:00\",\"mainEntityOfPage\":{\"@id\":\"https:\/\/marekkuchcinski.pl\/en\/wydarzenia\/ruszyla-miedzynarodowa-inicjatywa-cyfrowa-europa-karpat\/\"},\"wordCount\":419,\"commentCount\":0,\"publisher\":{\"@id\":\"https:\/\/marekkuchcinski.pl\/#organization\"},\"image\":{\"@id\":\"https:\/\/marekkuchcinski.pl\/en\/wydarzenia\/ruszyla-miedzynarodowa-inicjatywa-cyfrowa-europa-karpat\/#primaryimage\"},\"thumbnailUrl\":\"https:\/\/marekkuchcinski.pl\/wp-content\/uploads\/2021\/09\/gov-1-scaled.jpg\",\"articleSection\":[\"Europa Karpat\",\"Wydarzenia\"],\"inLanguage\":\"en-GB\",\"potentialAction\":[{\"@type\":\"CommentAction\",\"name\":\"Comment\",\"target\":[\"https:\/\/marekkuchcinski.pl\/en\/wydarzenia\/ruszyla-miedzynarodowa-inicjatywa-cyfrowa-europa-karpat\/#respond\"]}]},{\"@type\":\"WebPage\",\"@id\":\"https:\/\/marekkuchcinski.pl\/en\/wydarzenia\/ruszyla-miedzynarodowa-inicjatywa-cyfrowa-europa-karpat\/\",\"url\":\"https:\/\/marekkuchcinski.pl\/en\/wydarzenia\/ruszyla-miedzynarodowa-inicjatywa-cyfrowa-europa-karpat\/\",\"name\":\"Ruszy\u0142a mi\u0119dzynarodowa inicjatywa Cyfrowa Europa Karpat &#8211; Marek Kuchci\u0144ski\",\"isPartOf\":{\"@id\":\"https:\/\/marekkuchcinski.pl\/#website\"},\"primaryImageOfPage\":{\"@id\":\"https:\/\/marekkuchcinski.pl\/en\/wydarzenia\/ruszyla-miedzynarodowa-inicjatywa-cyfrowa-europa-karpat\/#primaryimage\"},\"image\":{\"@id\":\"https:\/\/marekkuchcinski.pl\/en\/wydarzenia\/ruszyla-miedzynarodowa-inicjatywa-cyfrowa-europa-karpat\/#primaryimage\"},\"thumbnailUrl\":\"https:\/\/marekkuchcinski.pl\/wp-content\/uploads\/2021\/09\/gov-1-scaled.jpg\",\"datePublished\":\"2021-09-11T11:30:08+00:00\",\"dateModified\":\"2021-09-11T11:36:23+00:00\",\"breadcrumb\":{\"@id\":\"https:\/\/marekkuchcinski.pl\/en\/wydarzenia\/ruszyla-miedzynarodowa-inicjatywa-cyfrowa-europa-karpat\/#breadcrumb\"},\"inLanguage\":\"en-GB\",\"potentialAction\":[{\"@type\":\"ReadAction\",\"target\":[\"https:\/\/marekkuchcinski.pl\/en\/wydarzenia\/ruszyla-miedzynarodowa-inicjatywa-cyfrowa-europa-karpat\/\"]}]},{\"@type\":\"ImageObject\",\"inLanguage\":\"en-GB\",\"@id\":\"https:\/\/marekkuchcinski.pl\/en\/wydarzenia\/ruszyla-miedzynarodowa-inicjatywa-cyfrowa-europa-karpat\/#primaryimage\",\"url\":\"https:\/\/marekkuchcinski.pl\/wp-content\/uploads\/2021\/09\/gov-1-scaled.jpg\",\"contentUrl\":\"https:\/\/marekkuchcinski.pl\/wp-content\/uploads\/2021\/09\/gov-1-scaled.jpg\",\"width\":2048,\"height\":1365},{\"@type\":\"BreadcrumbList\",\"@id\":\"https:\/\/marekkuchcinski.pl\/en\/wydarzenia\/ruszyla-miedzynarodowa-inicjatywa-cyfrowa-europa-karpat\/#breadcrumb\",\"itemListElement\":[{\"@type\":\"ListItem\",\"position\":1,\"name\":\"Strona g\u0142\u00f3wna\",\"item\":\"https:\/\/marekkuchcinski.pl\/\"},{\"@type\":\"ListItem\",\"position\":2,\"name\":\"Ruszy\u0142a mi\u0119dzynarodowa inicjatywa Cyfrowa Europa Karpat\"}]},{\"@type\":\"WebSite\",\"@id\":\"https:\/\/marekkuchcinski.pl\/#website\",\"url\":\"https:\/\/marekkuchcinski.pl\/\",\"name\":\"Marek Kuchci\u0144ski\",\"description\":\"Pose\u0142 na sejm RP &ndash; okr\u0119g nr 22\",\"publisher\":{\"@id\":\"https:\/\/marekkuchcinski.pl\/#organization\"},\"potentialAction\":[{\"@type\":\"SearchAction\",\"target\":{\"@type\":\"EntryPoint\",\"urlTemplate\":\"https:\/\/marekkuchcinski.pl\/?s={search_term_string}\"},\"query-input\":{\"@type\":\"PropertyValueSpecification\",\"valueRequired\":true,\"valueName\":\"search_term_string\"}}],\"inLanguage\":\"en-GB\"},{\"@type\":\"Organization\",\"@id\":\"https:\/\/marekkuchcinski.pl\/#organization\",\"name\":\"Marek Kuchci\u0144ski\",\"url\":\"https:\/\/marekkuchcinski.pl\/\",\"logo\":{\"@type\":\"ImageObject\",\"inLanguage\":\"en-GB\",\"@id\":\"https:\/\/marekkuchcinski.pl\/#\/schema\/logo\/image\/\",\"url\":\"https:\/\/marekkuchcinski.pl\/wp-content\/uploads\/2022\/09\/Marek.jpg\",\"contentUrl\":\"https:\/\/marekkuchcinski.pl\/wp-content\/uploads\/2022\/09\/Marek.jpg\",\"width\":1600,\"height\":971,\"caption\":\"Marek Kuchci\u0144ski\"},\"image\":{\"@id\":\"https:\/\/marekkuchcinski.pl\/#\/schema\/logo\/image\/\"}},{\"@type\":\"Person\",\"@id\":\"https:\/\/marekkuchcinski.pl\/#\/schema\/person\/51d5d4ee3b5317b8e4dd2b48af359229\",\"name\":\"Marta Olejnik\",\"image\":{\"@type\":\"ImageObject\",\"inLanguage\":\"en-GB\",\"@id\":\"https:\/\/marekkuchcinski.pl\/#\/schema\/person\/image\/\",\"url\":\"https:\/\/secure.gravatar.com\/avatar\/e39914b2aa6a48959e24d475b5dc9793?s=96&d=mm&r=g\",\"contentUrl\":\"https:\/\/secure.gravatar.com\/avatar\/e39914b2aa6a48959e24d475b5dc9793?s=96&d=mm&r=g\",\"caption\":\"Marta Olejnik\"},\"url\":\"https:\/\/marekkuchcinski.pl\/en\/author\/marta\/\"}]}<\/script>\n<!-- \/ Yoast SEO plugin. -->","yoast_head_json":{"title":"Ruszy\u0142a mi\u0119dzynarodowa inicjatywa Cyfrowa Europa Karpat &#8211; Marek Kuchci\u0144ski","robots":{"index":"index","follow":"follow","max-snippet":"max-snippet:-1","max-image-preview":"max-image-preview:large","max-video-preview":"max-video-preview:-1"},"canonical":"https:\/\/marekkuchcinski.pl\/en\/wydarzenia\/ruszyla-miedzynarodowa-inicjatywa-cyfrowa-europa-karpat\/","og_locale":"en_GB","og_type":"article","og_title":"Ruszy\u0142a mi\u0119dzynarodowa inicjatywa Cyfrowa Europa Karpat &#8211; Marek Kuchci\u0144ski","og_description":"Ruszy\u0142a mi\u0119dzynarodowa inicjatywa Cyfrowa Europa Karpat, skierowana do mi\u0142o\u015bnik\u00f3w turystyki i zabytk\u00f3w regionu karpackiego. Jej inicjatorem jest by\u0142y marsza\u0142ek Sejmu Marek Kuchci\u0144ski. Filmik: https:\/\/www.facebook.com\/CentrumGovTech\/videos\/714235289446667 Cyfrowa Europa Karpat to wsp\u00f3lna inicjatywa Sejmu RP i Centrum GovTech w Kancelarii Prezesa Rady Ministr\u00f3w. Jej celem jest zwi\u0119kszenie rozpoznawalno\u015bci i atrakcyjno\u015bci regionu, zbudowanie \u015bwiadomo\u015bci w\u015br\u00f3d mieszka\u0144c\u00f3w i turyst\u00f3w, a [&hellip;]","og_url":"https:\/\/marekkuchcinski.pl\/en\/wydarzenia\/ruszyla-miedzynarodowa-inicjatywa-cyfrowa-europa-karpat\/","og_site_name":"Marek Kuchci\u0144ski","article_published_time":"2021-09-11T11:30:08+00:00","article_modified_time":"2021-09-11T11:36:23+00:00","og_image":[{"width":2048,"height":1365,"url":"https:\/\/marekkuchcinski.pl\/wp-content\/uploads\/2021\/09\/gov-1-scaled.jpg","type":"image\/jpeg"}],"author":"Marta Olejnik","twitter_card":"summary_large_image","twitter_misc":{"Written by":"Marta Olejnik","Estimated reading time":"2 minutes"},"schema":{"@context":"https:\/\/schema.org","@graph":[{"@type":"Article","@id":"https:\/\/marekkuchcinski.pl\/en\/wydarzenia\/ruszyla-miedzynarodowa-inicjatywa-cyfrowa-europa-karpat\/#article","isPartOf":{"@id":"https:\/\/marekkuchcinski.pl\/en\/wydarzenia\/ruszyla-miedzynarodowa-inicjatywa-cyfrowa-europa-karpat\/"},"author":{"name":"Marta Olejnik","@id":"https:\/\/marekkuchcinski.pl\/#\/schema\/person\/51d5d4ee3b5317b8e4dd2b48af359229"},"headline":"Ruszy\u0142a mi\u0119dzynarodowa inicjatywa Cyfrowa Europa Karpat","datePublished":"2021-09-11T11:30:08+00:00","dateModified":"2021-09-11T11:36:23+00:00","mainEntityOfPage":{"@id":"https:\/\/marekkuchcinski.pl\/en\/wydarzenia\/ruszyla-miedzynarodowa-inicjatywa-cyfrowa-europa-karpat\/"},"wordCount":419,"commentCount":0,"publisher":{"@id":"https:\/\/marekkuchcinski.pl\/#organization"},"image":{"@id":"https:\/\/marekkuchcinski.pl\/en\/wydarzenia\/ruszyla-miedzynarodowa-inicjatywa-cyfrowa-europa-karpat\/#primaryimage"},"thumbnailUrl":"https:\/\/marekkuchcinski.pl\/wp-content\/uploads\/2021\/09\/gov-1-scaled.jpg","articleSection":["Europa Karpat","Wydarzenia"],"inLanguage":"en-GB","potentialAction":[{"@type":"CommentAction","name":"Comment","target":["https:\/\/marekkuchcinski.pl\/en\/wydarzenia\/ruszyla-miedzynarodowa-inicjatywa-cyfrowa-europa-karpat\/#respond"]}]},{"@type":"WebPage","@id":"https:\/\/marekkuchcinski.pl\/en\/wydarzenia\/ruszyla-miedzynarodowa-inicjatywa-cyfrowa-europa-karpat\/","url":"https:\/\/marekkuchcinski.pl\/en\/wydarzenia\/ruszyla-miedzynarodowa-inicjatywa-cyfrowa-europa-karpat\/","name":"Ruszy\u0142a mi\u0119dzynarodowa inicjatywa Cyfrowa Europa Karpat &#8211; Marek Kuchci\u0144ski","isPartOf":{"@id":"https:\/\/marekkuchcinski.pl\/#website"},"primaryImageOfPage":{"@id":"https:\/\/marekkuchcinski.pl\/en\/wydarzenia\/ruszyla-miedzynarodowa-inicjatywa-cyfrowa-europa-karpat\/#primaryimage"},"image":{"@id":"https:\/\/marekkuchcinski.pl\/en\/wydarzenia\/ruszyla-miedzynarodowa-inicjatywa-cyfrowa-europa-karpat\/#primaryimage"},"thumbnailUrl":"https:\/\/marekkuchcinski.pl\/wp-content\/uploads\/2021\/09\/gov-1-scaled.jpg","datePublished":"2021-09-11T11:30:08+00:00","dateModified":"2021-09-11T11:36:23+00:00","breadcrumb":{"@id":"https:\/\/marekkuchcinski.pl\/en\/wydarzenia\/ruszyla-miedzynarodowa-inicjatywa-cyfrowa-europa-karpat\/#breadcrumb"},"inLanguage":"en-GB","potentialAction":[{"@type":"ReadAction","target":["https:\/\/marekkuchcinski.pl\/en\/wydarzenia\/ruszyla-miedzynarodowa-inicjatywa-cyfrowa-europa-karpat\/"]}]},{"@type":"ImageObject","inLanguage":"en-GB","@id":"https:\/\/marekkuchcinski.pl\/en\/wydarzenia\/ruszyla-miedzynarodowa-inicjatywa-cyfrowa-europa-karpat\/#primaryimage","url":"https:\/\/marekkuchcinski.pl\/wp-content\/uploads\/2021\/09\/gov-1-scaled.jpg","contentUrl":"https:\/\/marekkuchcinski.pl\/wp-content\/uploads\/2021\/09\/gov-1-scaled.jpg","width":2048,"height":1365},{"@type":"BreadcrumbList","@id":"https:\/\/marekkuchcinski.pl\/en\/wydarzenia\/ruszyla-miedzynarodowa-inicjatywa-cyfrowa-europa-karpat\/#breadcrumb","itemListElement":[{"@type":"ListItem","position":1,"name":"Strona g\u0142\u00f3wna","item":"https:\/\/marekkuchcinski.pl\/"},{"@type":"ListItem","position":2,"name":"Ruszy\u0142a mi\u0119dzynarodowa inicjatywa Cyfrowa Europa Karpat"}]},{"@type":"WebSite","@id":"https:\/\/marekkuchcinski.pl\/#website","url":"https:\/\/marekkuchcinski.pl\/","name":"Marek Kuchci\u0144ski","description":"Pose\u0142 na sejm RP &ndash; okr\u0119g nr 22","publisher":{"@id":"https:\/\/marekkuchcinski.pl\/#organization"},"potentialAction":[{"@type":"SearchAction","target":{"@type":"EntryPoint","urlTemplate":"https:\/\/marekkuchcinski.pl\/?s={search_term_string}"},"query-input":{"@type":"PropertyValueSpecification","valueRequired":true,"valueName":"search_term_string"}}],"inLanguage":"en-GB"},{"@type":"Organization","@id":"https:\/\/marekkuchcinski.pl\/#organization","name":"Marek Kuchci\u0144ski","url":"https:\/\/marekkuchcinski.pl\/","logo":{"@type":"ImageObject","inLanguage":"en-GB","@id":"https:\/\/marekkuchcinski.pl\/#\/schema\/logo\/image\/","url":"https:\/\/marekkuchcinski.pl\/wp-content\/uploads\/2022\/09\/Marek.jpg","contentUrl":"https:\/\/marekkuchcinski.pl\/wp-content\/uploads\/2022\/09\/Marek.jpg","width":1600,"height":971,"caption":"Marek Kuchci\u0144ski"},"image":{"@id":"https:\/\/marekkuchcinski.pl\/#\/schema\/logo\/image\/"}},{"@type":"Person","@id":"https:\/\/marekkuchcinski.pl\/#\/schema\/person\/51d5d4ee3b5317b8e4dd2b48af359229","name":"Marta Olejnik","image":{"@type":"ImageObject","inLanguage":"en-GB","@id":"https:\/\/marekkuchcinski.pl\/#\/schema\/person\/image\/","url":"https:\/\/secure.gravatar.com\/avatar\/e39914b2aa6a48959e24d475b5dc9793?s=96&d=mm&r=g","contentUrl":"https:\/\/secure.gravatar.com\/avatar\/e39914b2aa6a48959e24d475b5dc9793?s=96&d=mm&r=g","caption":"Marta Olejnik"},"url":"https:\/\/marekkuchcinski.pl\/en\/author\/marta\/"}]}},"_links":{"self":[{"href":"https:\/\/marekkuchcinski.pl\/en\/wp-json\/wp\/v2\/posts\/23375","targetHints":{"allow":["GET"]}}],"collection":[{"href":"https:\/\/marekkuchcinski.pl\/en\/wp-json\/wp\/v2\/posts"}],"about":[{"href":"https:\/\/marekkuchcinski.pl\/en\/wp-json\/wp\/v2\/types\/post"}],"author":[{"embeddable":true,"href":"https:\/\/marekkuchcinski.pl\/en\/wp-json\/wp\/v2\/users\/21"}],"replies":[{"embeddable":true,"href":"https:\/\/marekkuchcinski.pl\/en\/wp-json\/wp\/v2\/comments?post=23375"}],"version-history":[{"count":3,"href":"https:\/\/marekkuchcinski.pl\/en\/wp-json\/wp\/v2\/posts\/23375\/revisions"}],"predecessor-version":[{"id":23384,"href":"https:\/\/marekkuchcinski.pl\/en\/wp-json\/wp\/v2\/posts\/23375\/revisions\/23384"}],"wp:featuredmedia":[{"embeddable":true,"href":"https:\/\/marekkuchcinski.pl\/en\/wp-json\/wp\/v2\/media\/23381"}],"wp:attachment":[{"href":"https:\/\/marekkuchcinski.pl\/en\/wp-json\/wp\/v2\/media?parent=23375"}],"wp:term":[{"taxonomy":"category","embeddable":true,"href":"https:\/\/marekkuchcinski.pl\/en\/wp-json\/wp\/v2\/categories?post=23375"},{"taxonomy":"post_tag","embeddable":true,"href":"https:\/\/marekkuchcinski.pl\/en\/wp-json\/wp\/v2\/tags?post=23375"}],"curies":[{"name":"wp","href":"https:\/\/api.w.org\/{rel}","templated":true}]}}