{"id":23360,"date":"2021-09-11T16:35:06","date_gmt":"2021-09-11T14:35:06","guid":{"rendered":"https:\/\/marekkuchcinski.pl\/?p=23360"},"modified":"2021-09-11T16:53:49","modified_gmt":"2021-09-11T14:53:49","slug":"marek-kuchcinski-osobowoscia-roku-gali-30-lecia-forum-ekonomicznego-w-karpaczu","status":"publish","type":"post","link":"https:\/\/marekkuchcinski.pl\/en\/wydarzenia\/marek-kuchcinski-osobowoscia-roku-gali-30-lecia-forum-ekonomicznego-w-karpaczu\/","title":{"rendered":"Marek Kuchci\u0144ski Osobowo\u015bci\u0105 Roku Gali 30-lecia Forum Ekonomicznego w Karpaczu"},"content":{"rendered":"<p class=\"wp-block-paragraph\">By\u0142y Marsza\u0142ek Sejmu&nbsp;<strong>Marek Kuchci\u0144ski<\/strong>, Minister Infrastruktury&nbsp;<strong>Andrzej Adamczyk<\/strong>&nbsp;oraz Prezes Polskiego Funduszu Rozwoju&nbsp;<strong>Pawe\u0142 Borys<\/strong>&nbsp;zostali wyr\u00f3\u017cnieni tytu\u0142ami Osobowo\u015bci Roku podczas \u015brodowej Gali 30-lecia Forum Ekonomicznego w Karpaczu. Organizacj\u0105 pozarz\u0105dow\u0105 roku 2020 zosta\u0142&nbsp;<strong>Zwi\u0105zek Harcerstwa Polskiego<\/strong>.<\/p>\n\n\n\n<p class=\"wp-block-paragraph\">Jedn\u0105 z imprez od wielu lat towarzysz\u0105cych wydarzeniu jest forum Europa Karpat, kt\u00f3rego pomys\u0142odawc\u0105 jest b. marsza\u0142ek Sejmu Marek Kuchci\u0144ski. Dzi\u0119kuj\u0105c za wyr\u00f3\u017cnienie tytu\u0142em Osobowo\u015bci, polityk wspomina\u0142 m.in. osoby i instytucje z wielu kraj\u00f3w zaanga\u017cowane w dialog w ramach forum. <strong>Zaznaczy\u0142, \u017ce konferencj\u0119 Europa Karpat od wielu lat organizuje Sejm RP, korzystaj\u0105c z go\u015bciny Forum Ekonomicznego, przy udziale znakomitego zespo\u0142u wsp\u00f3\u0142pracownik\u00f3w i parlamentarzyst\u00f3w z Polski i Europy \u015arodkowej<\/strong>. &#8222;Na t\u0119 nagrod\u0119 oni wszyscy zas\u0142u\u017cyli&#8221; \u2013 powiedzia\u0142 szef Komisji Spraw Zagranicznych.<\/p>\n\n\n\n<p class=\"wp-block-paragraph\">Pomys\u0142odawca spotkania i szef Rady Programowej Forum Zygmunt Berdychowski oceni\u0142, \u017ce najwi\u0119ksze warto\u015bci, jakie niesie za sob\u0105 to organizowane od 30 lat \u2013 obecnie w Karpaczu, a wcze\u015bniej w Krynicy-Zdroju \u2013 wydarzenie, to dialog i rozmowa: \u201eUda\u0142o nam si\u0119 wsp\u00f3lnie stworzy\u0107 t\u0119 unikaln\u0105 instytucj\u0119 \u2013 instytucj\u0119, kt\u00f3rej najwi\u0119ksz\u0105 warto\u015bci\u0105 jest to, \u017ce tylko rozmawiamy mi\u0119dzy sob\u0105. Nie mamy \u017cadnych innych plan\u00f3w, nie chcemy w \u017caden inny spos\u00f3b naszych go\u015bci anga\u017cowa\u0107. Chcemy tylko, \u017ceby mi\u0119dzy sob\u0105 rozmawiali. <strong>Najwi\u0119ksz\u0105 warto\u015bci\u0105 Forum jest to, \u017ce ze sob\u0105 rozmawiamy&#8221; <\/strong>\u2013 przyzna\u0142 Zygmunt Berdychowski. <\/p>\n\n\n\n<p class=\"wp-block-paragraph\"><em>fot. M. Olejnik<\/em><\/p>\n\n\n\n<figure class=\"wp-block-image size-large\"><a href=\"https:\/\/marekkuchcinski.pl\/wp-content\/uploads\/2021\/09\/IMG_6770_edited-scaled.jpg\"><img fetchpriority=\"high\" decoding=\"async\" width=\"1024\" height=\"683\" src=\"https:\/\/marekkuchcinski.pl\/wp-content\/uploads\/2021\/09\/IMG_6770_edited-1024x683.jpg\" alt=\"\" class=\"wp-image-23362\" srcset=\"https:\/\/marekkuchcinski.pl\/wp-content\/uploads\/2021\/09\/IMG_6770_edited-1024x683.jpg 1024w, https:\/\/marekkuchcinski.pl\/wp-content\/uploads\/2021\/09\/IMG_6770_edited-300x200.jpg 300w, https:\/\/marekkuchcinski.pl\/wp-content\/uploads\/2021\/09\/IMG_6770_edited-768x512.jpg 768w, https:\/\/marekkuchcinski.pl\/wp-content\/uploads\/2021\/09\/IMG_6770_edited-1536x1024.jpg 1536w, https:\/\/marekkuchcinski.pl\/wp-content\/uploads\/2021\/09\/IMG_6770_edited-scaled.jpg 2048w, https:\/\/marekkuchcinski.pl\/wp-content\/uploads\/2021\/09\/IMG_6770_edited-16x12.jpg 16w\" sizes=\"(max-width: 1024px) 100vw, 1024px\" \/><\/a><\/figure>\n\n\n\n<figure class=\"wp-block-image size-large\"><a href=\"https:\/\/marekkuchcinski.pl\/wp-content\/uploads\/2021\/09\/g8_edited-scaled.jpg\"><img decoding=\"async\" width=\"1024\" height=\"683\" src=\"https:\/\/marekkuchcinski.pl\/wp-content\/uploads\/2021\/09\/g8_edited-1024x683.jpg\" alt=\"\" class=\"wp-image-23364\" srcset=\"https:\/\/marekkuchcinski.pl\/wp-content\/uploads\/2021\/09\/g8_edited-1024x683.jpg 1024w, https:\/\/marekkuchcinski.pl\/wp-content\/uploads\/2021\/09\/g8_edited-300x200.jpg 300w, https:\/\/marekkuchcinski.pl\/wp-content\/uploads\/2021\/09\/g8_edited-768x512.jpg 768w, https:\/\/marekkuchcinski.pl\/wp-content\/uploads\/2021\/09\/g8_edited-1536x1024.jpg 1536w, https:\/\/marekkuchcinski.pl\/wp-content\/uploads\/2021\/09\/g8_edited-scaled.jpg 2048w, https:\/\/marekkuchcinski.pl\/wp-content\/uploads\/2021\/09\/g8_edited-16x12.jpg 16w\" sizes=\"(max-width: 1024px) 100vw, 1024px\" \/><\/a><\/figure>\n\n\n\n<figure class=\"wp-block-image size-large\"><a href=\"https:\/\/marekkuchcinski.pl\/wp-content\/uploads\/2021\/09\/g7-scaled.jpg\"><img decoding=\"async\" width=\"1024\" height=\"682\" src=\"https:\/\/marekkuchcinski.pl\/wp-content\/uploads\/2021\/09\/g7-1024x682.jpg\" alt=\"\" class=\"wp-image-23365\" srcset=\"https:\/\/marekkuchcinski.pl\/wp-content\/uploads\/2021\/09\/g7-1024x682.jpg 1024w, https:\/\/marekkuchcinski.pl\/wp-content\/uploads\/2021\/09\/g7-300x200.jpg 300w, https:\/\/marekkuchcinski.pl\/wp-content\/uploads\/2021\/09\/g7-768x512.jpg 768w, https:\/\/marekkuchcinski.pl\/wp-content\/uploads\/2021\/09\/g7-1536x1023.jpg 1536w, https:\/\/marekkuchcinski.pl\/wp-content\/uploads\/2021\/09\/g7-scaled.jpg 2048w, https:\/\/marekkuchcinski.pl\/wp-content\/uploads\/2021\/09\/g7-16x12.jpg 16w\" sizes=\"(max-width: 1024px) 100vw, 1024px\" \/><\/a><\/figure>\n\n\n\n<figure class=\"wp-block-image size-large\"><a href=\"https:\/\/marekkuchcinski.pl\/wp-content\/uploads\/2021\/09\/IMG_6739_edited-scaled.jpg\"><img loading=\"lazy\" decoding=\"async\" width=\"1024\" height=\"683\" src=\"https:\/\/marekkuchcinski.pl\/wp-content\/uploads\/2021\/09\/IMG_6739_edited-1024x683.jpg\" alt=\"\" class=\"wp-image-23366\" srcset=\"https:\/\/marekkuchcinski.pl\/wp-content\/uploads\/2021\/09\/IMG_6739_edited-1024x683.jpg 1024w, https:\/\/marekkuchcinski.pl\/wp-content\/uploads\/2021\/09\/IMG_6739_edited-300x200.jpg 300w, https:\/\/marekkuchcinski.pl\/wp-content\/uploads\/2021\/09\/IMG_6739_edited-768x512.jpg 768w, https:\/\/marekkuchcinski.pl\/wp-content\/uploads\/2021\/09\/IMG_6739_edited-1536x1024.jpg 1536w, https:\/\/marekkuchcinski.pl\/wp-content\/uploads\/2021\/09\/IMG_6739_edited-scaled.jpg 2048w, https:\/\/marekkuchcinski.pl\/wp-content\/uploads\/2021\/09\/IMG_6739_edited-16x12.jpg 16w\" sizes=\"(max-width: 1024px) 100vw, 1024px\" \/><\/a><\/figure>\n\n\n\n<figure class=\"wp-block-image size-large\"><a href=\"https:\/\/marekkuchcinski.pl\/wp-content\/uploads\/2021\/09\/IMG_6792_edited-scaled.jpg\"><img loading=\"lazy\" decoding=\"async\" width=\"1024\" height=\"683\" src=\"https:\/\/marekkuchcinski.pl\/wp-content\/uploads\/2021\/09\/IMG_6792_edited-1024x683.jpg\" alt=\"\" class=\"wp-image-23389\" srcset=\"https:\/\/marekkuchcinski.pl\/wp-content\/uploads\/2021\/09\/IMG_6792_edited-1024x683.jpg 1024w, https:\/\/marekkuchcinski.pl\/wp-content\/uploads\/2021\/09\/IMG_6792_edited-300x200.jpg 300w, https:\/\/marekkuchcinski.pl\/wp-content\/uploads\/2021\/09\/IMG_6792_edited-768x512.jpg 768w, https:\/\/marekkuchcinski.pl\/wp-content\/uploads\/2021\/09\/IMG_6792_edited-1536x1024.jpg 1536w, https:\/\/marekkuchcinski.pl\/wp-content\/uploads\/2021\/09\/IMG_6792_edited-scaled.jpg 2048w, https:\/\/marekkuchcinski.pl\/wp-content\/uploads\/2021\/09\/IMG_6792_edited-16x12.jpg 16w\" sizes=\"(max-width: 1024px) 100vw, 1024px\" \/><\/a><\/figure>\n\n\n\n<figure class=\"wp-block-image size-large\"><a href=\"https:\/\/marekkuchcinski.pl\/wp-content\/uploads\/2021\/09\/g9-scaled.jpg\"><img loading=\"lazy\" decoding=\"async\" width=\"1024\" height=\"683\" src=\"https:\/\/marekkuchcinski.pl\/wp-content\/uploads\/2021\/09\/g9-1024x683.jpg\" alt=\"\" class=\"wp-image-23363\" srcset=\"https:\/\/marekkuchcinski.pl\/wp-content\/uploads\/2021\/09\/g9-1024x683.jpg 1024w, https:\/\/marekkuchcinski.pl\/wp-content\/uploads\/2021\/09\/g9-300x200.jpg 300w, https:\/\/marekkuchcinski.pl\/wp-content\/uploads\/2021\/09\/g9-768x512.jpg 768w, https:\/\/marekkuchcinski.pl\/wp-content\/uploads\/2021\/09\/g9-1536x1024.jpg 1536w, https:\/\/marekkuchcinski.pl\/wp-content\/uploads\/2021\/09\/g9-scaled.jpg 2048w, https:\/\/marekkuchcinski.pl\/wp-content\/uploads\/2021\/09\/g9-16x12.jpg 16w\" sizes=\"(max-width: 1024px) 100vw, 1024px\" \/><\/a><\/figure>\n\n\n\n<figure class=\"wp-block-image size-large\"><a href=\"https:\/\/marekkuchcinski.pl\/wp-content\/uploads\/2021\/09\/IMG_6932_edited-scaled.jpg\"><img loading=\"lazy\" decoding=\"async\" width=\"1024\" height=\"683\" src=\"https:\/\/marekkuchcinski.pl\/wp-content\/uploads\/2021\/09\/IMG_6932_edited-1024x683.jpg\" alt=\"\" class=\"wp-image-23391\" srcset=\"https:\/\/marekkuchcinski.pl\/wp-content\/uploads\/2021\/09\/IMG_6932_edited-1024x683.jpg 1024w, https:\/\/marekkuchcinski.pl\/wp-content\/uploads\/2021\/09\/IMG_6932_edited-300x200.jpg 300w, https:\/\/marekkuchcinski.pl\/wp-content\/uploads\/2021\/09\/IMG_6932_edited-768x512.jpg 768w, https:\/\/marekkuchcinski.pl\/wp-content\/uploads\/2021\/09\/IMG_6932_edited-1536x1024.jpg 1536w, https:\/\/marekkuchcinski.pl\/wp-content\/uploads\/2021\/09\/IMG_6932_edited-scaled.jpg 2048w, https:\/\/marekkuchcinski.pl\/wp-content\/uploads\/2021\/09\/IMG_6932_edited-16x12.jpg 16w\" sizes=\"(max-width: 1024px) 100vw, 1024px\" \/><\/a><\/figure>\n\n\n\n<figure class=\"wp-block-image size-large\"><a href=\"https:\/\/marekkuchcinski.pl\/wp-content\/uploads\/2021\/09\/Gala-NB-scaled.jpg\"><img loading=\"lazy\" decoding=\"async\" width=\"1024\" height=\"683\" src=\"https:\/\/marekkuchcinski.pl\/wp-content\/uploads\/2021\/09\/Gala-NB-1024x683.jpg\" alt=\"\" class=\"wp-image-23367\" srcset=\"https:\/\/marekkuchcinski.pl\/wp-content\/uploads\/2021\/09\/Gala-NB-1024x683.jpg 1024w, https:\/\/marekkuchcinski.pl\/wp-content\/uploads\/2021\/09\/Gala-NB-300x200.jpg 300w, https:\/\/marekkuchcinski.pl\/wp-content\/uploads\/2021\/09\/Gala-NB-768x512.jpg 768w, https:\/\/marekkuchcinski.pl\/wp-content\/uploads\/2021\/09\/Gala-NB-1536x1024.jpg 1536w, https:\/\/marekkuchcinski.pl\/wp-content\/uploads\/2021\/09\/Gala-NB-scaled.jpg 2048w, https:\/\/marekkuchcinski.pl\/wp-content\/uploads\/2021\/09\/Gala-NB-16x12.jpg 16w\" sizes=\"(max-width: 1024px) 100vw, 1024px\" \/><\/a><\/figure>\n\n\n\n<figure class=\"wp-block-image size-large\"><a href=\"https:\/\/marekkuchcinski.pl\/wp-content\/uploads\/2021\/09\/g3-scaled.jpg\"><img loading=\"lazy\" decoding=\"async\" width=\"1024\" height=\"683\" src=\"https:\/\/marekkuchcinski.pl\/wp-content\/uploads\/2021\/09\/g3-1024x683.jpg\" alt=\"\" class=\"wp-image-23369\" srcset=\"https:\/\/marekkuchcinski.pl\/wp-content\/uploads\/2021\/09\/g3-1024x683.jpg 1024w, https:\/\/marekkuchcinski.pl\/wp-content\/uploads\/2021\/09\/g3-300x200.jpg 300w, https:\/\/marekkuchcinski.pl\/wp-content\/uploads\/2021\/09\/g3-768x512.jpg 768w, https:\/\/marekkuchcinski.pl\/wp-content\/uploads\/2021\/09\/g3-1536x1024.jpg 1536w, https:\/\/marekkuchcinski.pl\/wp-content\/uploads\/2021\/09\/g3-scaled.jpg 2048w, https:\/\/marekkuchcinski.pl\/wp-content\/uploads\/2021\/09\/g3-16x12.jpg 16w\" sizes=\"(max-width: 1024px) 100vw, 1024px\" \/><\/a><\/figure>\n\n\n\n<figure class=\"wp-block-image size-large\"><a href=\"https:\/\/marekkuchcinski.pl\/wp-content\/uploads\/2021\/09\/g14-scaled.jpg\"><img loading=\"lazy\" decoding=\"async\" width=\"1024\" height=\"682\" src=\"https:\/\/marekkuchcinski.pl\/wp-content\/uploads\/2021\/09\/g14-1024x682.jpg\" alt=\"\" class=\"wp-image-23371\" srcset=\"https:\/\/marekkuchcinski.pl\/wp-content\/uploads\/2021\/09\/g14-1024x682.jpg 1024w, https:\/\/marekkuchcinski.pl\/wp-content\/uploads\/2021\/09\/g14-300x200.jpg 300w, https:\/\/marekkuchcinski.pl\/wp-content\/uploads\/2021\/09\/g14-768x512.jpg 768w, https:\/\/marekkuchcinski.pl\/wp-content\/uploads\/2021\/09\/g14-1536x1024.jpg 1536w, https:\/\/marekkuchcinski.pl\/wp-content\/uploads\/2021\/09\/g14-scaled.jpg 2048w, https:\/\/marekkuchcinski.pl\/wp-content\/uploads\/2021\/09\/g14-16x12.jpg 16w\" sizes=\"(max-width: 1024px) 100vw, 1024px\" \/><\/a><\/figure>\n\n\n\n<figure class=\"wp-block-image size-large\"><a href=\"https:\/\/marekkuchcinski.pl\/wp-content\/uploads\/2021\/09\/g2-scaled.jpg\"><img loading=\"lazy\" decoding=\"async\" width=\"1024\" height=\"683\" src=\"https:\/\/marekkuchcinski.pl\/wp-content\/uploads\/2021\/09\/g2-1024x683.jpg\" alt=\"\" class=\"wp-image-23372\" srcset=\"https:\/\/marekkuchcinski.pl\/wp-content\/uploads\/2021\/09\/g2-1024x683.jpg 1024w, https:\/\/marekkuchcinski.pl\/wp-content\/uploads\/2021\/09\/g2-300x200.jpg 300w, https:\/\/marekkuchcinski.pl\/wp-content\/uploads\/2021\/09\/g2-768x512.jpg 768w, https:\/\/marekkuchcinski.pl\/wp-content\/uploads\/2021\/09\/g2-1536x1024.jpg 1536w, https:\/\/marekkuchcinski.pl\/wp-content\/uploads\/2021\/09\/g2-scaled.jpg 2048w, https:\/\/marekkuchcinski.pl\/wp-content\/uploads\/2021\/09\/g2-16x12.jpg 16w\" sizes=\"(max-width: 1024px) 100vw, 1024px\" \/><\/a><\/figure>\n\n\n\n<figure class=\"wp-block-image size-large\"><a href=\"https:\/\/marekkuchcinski.pl\/wp-content\/uploads\/2021\/09\/g4-scaled.jpg\"><img loading=\"lazy\" decoding=\"async\" width=\"1024\" height=\"683\" src=\"https:\/\/marekkuchcinski.pl\/wp-content\/uploads\/2021\/09\/g4-1024x683.jpg\" alt=\"\" class=\"wp-image-23394\" srcset=\"https:\/\/marekkuchcinski.pl\/wp-content\/uploads\/2021\/09\/g4-1024x683.jpg 1024w, https:\/\/marekkuchcinski.pl\/wp-content\/uploads\/2021\/09\/g4-300x200.jpg 300w, https:\/\/marekkuchcinski.pl\/wp-content\/uploads\/2021\/09\/g4-768x512.jpg 768w, https:\/\/marekkuchcinski.pl\/wp-content\/uploads\/2021\/09\/g4-1536x1024.jpg 1536w, https:\/\/marekkuchcinski.pl\/wp-content\/uploads\/2021\/09\/g4-scaled.jpg 2048w, https:\/\/marekkuchcinski.pl\/wp-content\/uploads\/2021\/09\/g4-16x12.jpg 16w\" sizes=\"(max-width: 1024px) 100vw, 1024px\" \/><\/a><\/figure>\n\n\n\n<figure class=\"wp-block-image size-large\"><a href=\"https:\/\/marekkuchcinski.pl\/wp-content\/uploads\/2021\/09\/g6-scaled.jpg\"><img loading=\"lazy\" decoding=\"async\" width=\"1024\" height=\"681\" src=\"https:\/\/marekkuchcinski.pl\/wp-content\/uploads\/2021\/09\/g6-1024x681.jpg\" alt=\"\" class=\"wp-image-23395\" srcset=\"https:\/\/marekkuchcinski.pl\/wp-content\/uploads\/2021\/09\/g6-1024x681.jpg 1024w, https:\/\/marekkuchcinski.pl\/wp-content\/uploads\/2021\/09\/g6-300x200.jpg 300w, https:\/\/marekkuchcinski.pl\/wp-content\/uploads\/2021\/09\/g6-768x511.jpg 768w, https:\/\/marekkuchcinski.pl\/wp-content\/uploads\/2021\/09\/g6-1536x1022.jpg 1536w, https:\/\/marekkuchcinski.pl\/wp-content\/uploads\/2021\/09\/g6-scaled.jpg 2048w, https:\/\/marekkuchcinski.pl\/wp-content\/uploads\/2021\/09\/g6-16x12.jpg 16w\" sizes=\"(max-width: 1024px) 100vw, 1024px\" \/><\/a><\/figure>","protected":false},"excerpt":{"rendered":"<p>By\u0142y Marsza\u0142ek Sejmu&nbsp;Marek Kuchci\u0144ski, Minister Infrastruktury&nbsp;Andrzej Adamczyk&nbsp;oraz Prezes Polskiego Funduszu Rozwoju&nbsp;Pawe\u0142 Borys&nbsp;zostali wyr\u00f3\u017cnieni tytu\u0142ami Osobowo\u015bci Roku podczas \u015brodowej Gali 30-lecia Forum Ekonomicznego w Karpaczu. Organizacj\u0105 pozarz\u0105dow\u0105 roku 2020 zosta\u0142&nbsp;Zwi\u0105zek Harcerstwa Polskiego. Jedn\u0105 z imprez od wielu lat towarzysz\u0105cych wydarzeniu jest forum Europa Karpat, kt\u00f3rego pomys\u0142odawc\u0105 jest b. marsza\u0142ek Sejmu Marek Kuchci\u0144ski. Dzi\u0119kuj\u0105c za wyr\u00f3\u017cnienie tytu\u0142em [&hellip;]<\/p>\n","protected":false},"author":3,"featured_media":23362,"comment_status":"open","ping_status":"open","sticky":false,"template":"","format":"standard","meta":{"ngg_post_thumbnail":0,"footnotes":""},"categories":[78,50,3],"tags":[],"class_list":["post-23360","post","type-post","status-publish","format-standard","has-post-thumbnail","hentry","category-europa-karpat","category-wspolpraca-miedzynarodowa","category-wydarzenia"],"yoast_head":"<!-- This site is optimized with the Yoast SEO plugin v28.4 - https:\/\/yoast.com\/product\/yoast-seo-wordpress\/ -->\n<title>Marek Kuchci\u0144ski Osobowo\u015bci\u0105 Roku Gali 30-lecia Forum Ekonomicznego w Karpaczu &#8211; Marek Kuchci\u0144ski<\/title>\n<meta name=\"robots\" content=\"index, follow, max-snippet:-1, max-image-preview:large, max-video-preview:-1\" \/>\n<link rel=\"canonical\" href=\"https:\/\/marekkuchcinski.pl\/en\/wydarzenia\/marek-kuchcinski-osobowoscia-roku-gali-30-lecia-forum-ekonomicznego-w-karpaczu\/\" \/>\n<meta property=\"og:locale\" content=\"en_GB\" \/>\n<meta property=\"og:type\" content=\"article\" \/>\n<meta property=\"og:title\" content=\"Marek Kuchci\u0144ski Osobowo\u015bci\u0105 Roku Gali 30-lecia Forum Ekonomicznego w Karpaczu &#8211; Marek Kuchci\u0144ski\" \/>\n<meta property=\"og:description\" content=\"By\u0142y Marsza\u0142ek Sejmu&nbsp;Marek Kuchci\u0144ski, Minister Infrastruktury&nbsp;Andrzej Adamczyk&nbsp;oraz Prezes Polskiego Funduszu Rozwoju&nbsp;Pawe\u0142 Borys&nbsp;zostali wyr\u00f3\u017cnieni tytu\u0142ami Osobowo\u015bci Roku podczas \u015brodowej Gali 30-lecia Forum Ekonomicznego w Karpaczu. Organizacj\u0105 pozarz\u0105dow\u0105 roku 2020 zosta\u0142&nbsp;Zwi\u0105zek Harcerstwa Polskiego. Jedn\u0105 z imprez od wielu lat towarzysz\u0105cych wydarzeniu jest forum Europa Karpat, kt\u00f3rego pomys\u0142odawc\u0105 jest b. marsza\u0142ek Sejmu Marek Kuchci\u0144ski. Dzi\u0119kuj\u0105c za wyr\u00f3\u017cnienie tytu\u0142em [&hellip;]\" \/>\n<meta property=\"og:url\" content=\"https:\/\/marekkuchcinski.pl\/en\/wydarzenia\/marek-kuchcinski-osobowoscia-roku-gali-30-lecia-forum-ekonomicznego-w-karpaczu\/\" \/>\n<meta property=\"og:site_name\" content=\"Marek Kuchci\u0144ski\" \/>\n<meta property=\"article:published_time\" content=\"2021-09-11T14:35:06+00:00\" \/>\n<meta property=\"article:modified_time\" content=\"2021-09-11T14:53:49+00:00\" \/>\n<meta property=\"og:image\" content=\"https:\/\/marekkuchcinski.pl\/wp-content\/uploads\/2021\/09\/IMG_6770_edited-scaled.jpg\" \/>\n\t<meta property=\"og:image:width\" content=\"2048\" \/>\n\t<meta property=\"og:image:height\" content=\"1365\" \/>\n\t<meta property=\"og:image:type\" content=\"image\/jpeg\" \/>\n<meta name=\"author\" content=\"Marta Olejnik\" \/>\n<meta name=\"twitter:card\" content=\"summary_large_image\" \/>\n<meta name=\"twitter:label1\" content=\"Written by\" \/>\n\t<meta name=\"twitter:data1\" content=\"Marta Olejnik\" \/>\n\t<meta name=\"twitter:label2\" content=\"Est. reading time\" \/>\n\t<meta name=\"twitter:data2\" content=\"4 minutes\" \/>\n<script type=\"application\/ld+json\" class=\"yoast-schema-graph\">{\"@context\":\"https:\\\/\\\/schema.org\",\"@graph\":[{\"@type\":\"Article\",\"@id\":\"https:\\\/\\\/marekkuchcinski.pl\\\/wydarzenia\\\/marek-kuchcinski-osobowoscia-roku-gali-30-lecia-forum-ekonomicznego-w-karpaczu\\\/#article\",\"isPartOf\":{\"@id\":\"https:\\\/\\\/marekkuchcinski.pl\\\/wydarzenia\\\/marek-kuchcinski-osobowoscia-roku-gali-30-lecia-forum-ekonomicznego-w-karpaczu\\\/\"},\"author\":{\"name\":\"Marta Olejnik\",\"@id\":\"https:\\\/\\\/marekkuchcinski.pl\\\/#\\\/schema\\\/person\\\/bd3f15dee67fee76e83c8350d0154101\"},\"headline\":\"Marek Kuchci\u0144ski Osobowo\u015bci\u0105 Roku Gali 30-lecia Forum Ekonomicznego w Karpaczu\",\"datePublished\":\"2021-09-11T14:35:06+00:00\",\"dateModified\":\"2021-09-11T14:53:49+00:00\",\"mainEntityOfPage\":{\"@id\":\"https:\\\/\\\/marekkuchcinski.pl\\\/wydarzenia\\\/marek-kuchcinski-osobowoscia-roku-gali-30-lecia-forum-ekonomicznego-w-karpaczu\\\/\"},\"wordCount\":266,\"commentCount\":0,\"publisher\":{\"@id\":\"https:\\\/\\\/marekkuchcinski.pl\\\/#organization\"},\"image\":{\"@id\":\"https:\\\/\\\/marekkuchcinski.pl\\\/wydarzenia\\\/marek-kuchcinski-osobowoscia-roku-gali-30-lecia-forum-ekonomicznego-w-karpaczu\\\/#primaryimage\"},\"thumbnailUrl\":\"https:\\\/\\\/marekkuchcinski.pl\\\/wp-content\\\/uploads\\\/2021\\\/09\\\/IMG_6770_edited-scaled.jpg\",\"articleSection\":[\"Europa Karpat\",\"Wsp\u00f3\u0142praca mi\u0119dzynarodowa\",\"Wydarzenia\"],\"inLanguage\":\"en-GB\",\"potentialAction\":[{\"@type\":\"CommentAction\",\"name\":\"Comment\",\"target\":[\"https:\\\/\\\/marekkuchcinski.pl\\\/wydarzenia\\\/marek-kuchcinski-osobowoscia-roku-gali-30-lecia-forum-ekonomicznego-w-karpaczu\\\/#respond\"]}]},{\"@type\":\"WebPage\",\"@id\":\"https:\\\/\\\/marekkuchcinski.pl\\\/wydarzenia\\\/marek-kuchcinski-osobowoscia-roku-gali-30-lecia-forum-ekonomicznego-w-karpaczu\\\/\",\"url\":\"https:\\\/\\\/marekkuchcinski.pl\\\/wydarzenia\\\/marek-kuchcinski-osobowoscia-roku-gali-30-lecia-forum-ekonomicznego-w-karpaczu\\\/\",\"name\":\"Marek Kuchci\u0144ski Osobowo\u015bci\u0105 Roku Gali 30-lecia Forum Ekonomicznego w Karpaczu &#8211; Marek Kuchci\u0144ski\",\"isPartOf\":{\"@id\":\"https:\\\/\\\/marekkuchcinski.pl\\\/#website\"},\"primaryImageOfPage\":{\"@id\":\"https:\\\/\\\/marekkuchcinski.pl\\\/wydarzenia\\\/marek-kuchcinski-osobowoscia-roku-gali-30-lecia-forum-ekonomicznego-w-karpaczu\\\/#primaryimage\"},\"image\":{\"@id\":\"https:\\\/\\\/marekkuchcinski.pl\\\/wydarzenia\\\/marek-kuchcinski-osobowoscia-roku-gali-30-lecia-forum-ekonomicznego-w-karpaczu\\\/#primaryimage\"},\"thumbnailUrl\":\"https:\\\/\\\/marekkuchcinski.pl\\\/wp-content\\\/uploads\\\/2021\\\/09\\\/IMG_6770_edited-scaled.jpg\",\"datePublished\":\"2021-09-11T14:35:06+00:00\",\"dateModified\":\"2021-09-11T14:53:49+00:00\",\"breadcrumb\":{\"@id\":\"https:\\\/\\\/marekkuchcinski.pl\\\/wydarzenia\\\/marek-kuchcinski-osobowoscia-roku-gali-30-lecia-forum-ekonomicznego-w-karpaczu\\\/#breadcrumb\"},\"inLanguage\":\"en-GB\",\"potentialAction\":[{\"@type\":\"ReadAction\",\"target\":[\"https:\\\/\\\/marekkuchcinski.pl\\\/wydarzenia\\\/marek-kuchcinski-osobowoscia-roku-gali-30-lecia-forum-ekonomicznego-w-karpaczu\\\/\"]}]},{\"@type\":\"ImageObject\",\"inLanguage\":\"en-GB\",\"@id\":\"https:\\\/\\\/marekkuchcinski.pl\\\/wydarzenia\\\/marek-kuchcinski-osobowoscia-roku-gali-30-lecia-forum-ekonomicznego-w-karpaczu\\\/#primaryimage\",\"url\":\"https:\\\/\\\/marekkuchcinski.pl\\\/wp-content\\\/uploads\\\/2021\\\/09\\\/IMG_6770_edited-scaled.jpg\",\"contentUrl\":\"https:\\\/\\\/marekkuchcinski.pl\\\/wp-content\\\/uploads\\\/2021\\\/09\\\/IMG_6770_edited-scaled.jpg\",\"width\":2048,\"height\":1365},{\"@type\":\"BreadcrumbList\",\"@id\":\"https:\\\/\\\/marekkuchcinski.pl\\\/wydarzenia\\\/marek-kuchcinski-osobowoscia-roku-gali-30-lecia-forum-ekonomicznego-w-karpaczu\\\/#breadcrumb\",\"itemListElement\":[{\"@type\":\"ListItem\",\"position\":1,\"name\":\"Strona g\u0142\u00f3wna\",\"item\":\"https:\\\/\\\/marekkuchcinski.pl\\\/\"},{\"@type\":\"ListItem\",\"position\":2,\"name\":\"Marek Kuchci\u0144ski Osobowo\u015bci\u0105 Roku Gali 30-lecia Forum Ekonomicznego w Karpaczu\"}]},{\"@type\":\"WebSite\",\"@id\":\"https:\\\/\\\/marekkuchcinski.pl\\\/#website\",\"url\":\"https:\\\/\\\/marekkuchcinski.pl\\\/\",\"name\":\"Marek Kuchci\u0144ski\",\"description\":\"Marek Kuchci\u0144ski \",\"publisher\":{\"@id\":\"https:\\\/\\\/marekkuchcinski.pl\\\/#organization\"},\"potentialAction\":[{\"@type\":\"SearchAction\",\"target\":{\"@type\":\"EntryPoint\",\"urlTemplate\":\"https:\\\/\\\/marekkuchcinski.pl\\\/?s={search_term_string}\"},\"query-input\":{\"@type\":\"PropertyValueSpecification\",\"valueRequired\":true,\"valueName\":\"search_term_string\"}}],\"inLanguage\":\"en-GB\"},{\"@type\":\"Organization\",\"@id\":\"https:\\\/\\\/marekkuchcinski.pl\\\/#organization\",\"name\":\"Marek Kuchci\u0144ski\",\"url\":\"https:\\\/\\\/marekkuchcinski.pl\\\/\",\"logo\":{\"@type\":\"ImageObject\",\"inLanguage\":\"en-GB\",\"@id\":\"https:\\\/\\\/marekkuchcinski.pl\\\/#\\\/schema\\\/logo\\\/image\\\/\",\"url\":\"https:\\\/\\\/marekkuchcinski.pl\\\/wp-content\\\/uploads\\\/2022\\\/09\\\/Marek.jpg\",\"contentUrl\":\"https:\\\/\\\/marekkuchcinski.pl\\\/wp-content\\\/uploads\\\/2022\\\/09\\\/Marek.jpg\",\"width\":1600,\"height\":971,\"caption\":\"Marek Kuchci\u0144ski\"},\"image\":{\"@id\":\"https:\\\/\\\/marekkuchcinski.pl\\\/#\\\/schema\\\/logo\\\/image\\\/\"}},{\"@type\":\"Person\",\"@id\":\"https:\\\/\\\/marekkuchcinski.pl\\\/#\\\/schema\\\/person\\\/bd3f15dee67fee76e83c8350d0154101\",\"name\":\"Marta Olejnik\",\"image\":{\"@type\":\"ImageObject\",\"inLanguage\":\"en-GB\",\"@id\":\"https:\\\/\\\/secure.gravatar.com\\\/avatar\\\/24754edd6080383402e292374b406b553027d572e97d60e7aa89a6940e88659a?s=96&d=mm&r=g\",\"url\":\"https:\\\/\\\/secure.gravatar.com\\\/avatar\\\/24754edd6080383402e292374b406b553027d572e97d60e7aa89a6940e88659a?s=96&d=mm&r=g\",\"contentUrl\":\"https:\\\/\\\/secure.gravatar.com\\\/avatar\\\/24754edd6080383402e292374b406b553027d572e97d60e7aa89a6940e88659a?s=96&d=mm&r=g\",\"caption\":\"Marta Olejnik\"},\"url\":\"https:\\\/\\\/marekkuchcinski.pl\\\/en\\\/author\\\/marta\\\/\"}]}<\/script>\n<!-- \/ Yoast SEO plugin. -->","yoast_head_json":{"title":"Marek Kuchci\u0144ski Osobowo\u015bci\u0105 Roku Gali 30-lecia Forum Ekonomicznego w Karpaczu &#8211; Marek Kuchci\u0144ski","robots":{"index":"index","follow":"follow","max-snippet":"max-snippet:-1","max-image-preview":"max-image-preview:large","max-video-preview":"max-video-preview:-1"},"canonical":"https:\/\/marekkuchcinski.pl\/en\/wydarzenia\/marek-kuchcinski-osobowoscia-roku-gali-30-lecia-forum-ekonomicznego-w-karpaczu\/","og_locale":"en_GB","og_type":"article","og_title":"Marek Kuchci\u0144ski Osobowo\u015bci\u0105 Roku Gali 30-lecia Forum Ekonomicznego w Karpaczu &#8211; Marek Kuchci\u0144ski","og_description":"By\u0142y Marsza\u0142ek Sejmu&nbsp;Marek Kuchci\u0144ski, Minister Infrastruktury&nbsp;Andrzej Adamczyk&nbsp;oraz Prezes Polskiego Funduszu Rozwoju&nbsp;Pawe\u0142 Borys&nbsp;zostali wyr\u00f3\u017cnieni tytu\u0142ami Osobowo\u015bci Roku podczas \u015brodowej Gali 30-lecia Forum Ekonomicznego w Karpaczu. Organizacj\u0105 pozarz\u0105dow\u0105 roku 2020 zosta\u0142&nbsp;Zwi\u0105zek Harcerstwa Polskiego. Jedn\u0105 z imprez od wielu lat towarzysz\u0105cych wydarzeniu jest forum Europa Karpat, kt\u00f3rego pomys\u0142odawc\u0105 jest b. marsza\u0142ek Sejmu Marek Kuchci\u0144ski. Dzi\u0119kuj\u0105c za wyr\u00f3\u017cnienie tytu\u0142em [&hellip;]","og_url":"https:\/\/marekkuchcinski.pl\/en\/wydarzenia\/marek-kuchcinski-osobowoscia-roku-gali-30-lecia-forum-ekonomicznego-w-karpaczu\/","og_site_name":"Marek Kuchci\u0144ski","article_published_time":"2021-09-11T14:35:06+00:00","article_modified_time":"2021-09-11T14:53:49+00:00","og_image":[{"width":2048,"height":1365,"url":"https:\/\/marekkuchcinski.pl\/wp-content\/uploads\/2021\/09\/IMG_6770_edited-scaled.jpg","type":"image\/jpeg"}],"author":"Marta Olejnik","twitter_card":"summary_large_image","twitter_misc":{"Written by":"Marta Olejnik","Est. reading time":"4 minutes"},"schema":{"@context":"https:\/\/schema.org","@graph":[{"@type":"Article","@id":"https:\/\/marekkuchcinski.pl\/wydarzenia\/marek-kuchcinski-osobowoscia-roku-gali-30-lecia-forum-ekonomicznego-w-karpaczu\/#article","isPartOf":{"@id":"https:\/\/marekkuchcinski.pl\/wydarzenia\/marek-kuchcinski-osobowoscia-roku-gali-30-lecia-forum-ekonomicznego-w-karpaczu\/"},"author":{"name":"Marta Olejnik","@id":"https:\/\/marekkuchcinski.pl\/#\/schema\/person\/bd3f15dee67fee76e83c8350d0154101"},"headline":"Marek Kuchci\u0144ski Osobowo\u015bci\u0105 Roku Gali 30-lecia Forum Ekonomicznego w Karpaczu","datePublished":"2021-09-11T14:35:06+00:00","dateModified":"2021-09-11T14:53:49+00:00","mainEntityOfPage":{"@id":"https:\/\/marekkuchcinski.pl\/wydarzenia\/marek-kuchcinski-osobowoscia-roku-gali-30-lecia-forum-ekonomicznego-w-karpaczu\/"},"wordCount":266,"commentCount":0,"publisher":{"@id":"https:\/\/marekkuchcinski.pl\/#organization"},"image":{"@id":"https:\/\/marekkuchcinski.pl\/wydarzenia\/marek-kuchcinski-osobowoscia-roku-gali-30-lecia-forum-ekonomicznego-w-karpaczu\/#primaryimage"},"thumbnailUrl":"https:\/\/marekkuchcinski.pl\/wp-content\/uploads\/2021\/09\/IMG_6770_edited-scaled.jpg","articleSection":["Europa Karpat","Wsp\u00f3\u0142praca mi\u0119dzynarodowa","Wydarzenia"],"inLanguage":"en-GB","potentialAction":[{"@type":"CommentAction","name":"Comment","target":["https:\/\/marekkuchcinski.pl\/wydarzenia\/marek-kuchcinski-osobowoscia-roku-gali-30-lecia-forum-ekonomicznego-w-karpaczu\/#respond"]}]},{"@type":"WebPage","@id":"https:\/\/marekkuchcinski.pl\/wydarzenia\/marek-kuchcinski-osobowoscia-roku-gali-30-lecia-forum-ekonomicznego-w-karpaczu\/","url":"https:\/\/marekkuchcinski.pl\/wydarzenia\/marek-kuchcinski-osobowoscia-roku-gali-30-lecia-forum-ekonomicznego-w-karpaczu\/","name":"Marek Kuchci\u0144ski Osobowo\u015bci\u0105 Roku Gali 30-lecia Forum Ekonomicznego w Karpaczu &#8211; Marek Kuchci\u0144ski","isPartOf":{"@id":"https:\/\/marekkuchcinski.pl\/#website"},"primaryImageOfPage":{"@id":"https:\/\/marekkuchcinski.pl\/wydarzenia\/marek-kuchcinski-osobowoscia-roku-gali-30-lecia-forum-ekonomicznego-w-karpaczu\/#primaryimage"},"image":{"@id":"https:\/\/marekkuchcinski.pl\/wydarzenia\/marek-kuchcinski-osobowoscia-roku-gali-30-lecia-forum-ekonomicznego-w-karpaczu\/#primaryimage"},"thumbnailUrl":"https:\/\/marekkuchcinski.pl\/wp-content\/uploads\/2021\/09\/IMG_6770_edited-scaled.jpg","datePublished":"2021-09-11T14:35:06+00:00","dateModified":"2021-09-11T14:53:49+00:00","breadcrumb":{"@id":"https:\/\/marekkuchcinski.pl\/wydarzenia\/marek-kuchcinski-osobowoscia-roku-gali-30-lecia-forum-ekonomicznego-w-karpaczu\/#breadcrumb"},"inLanguage":"en-GB","potentialAction":[{"@type":"ReadAction","target":["https:\/\/marekkuchcinski.pl\/wydarzenia\/marek-kuchcinski-osobowoscia-roku-gali-30-lecia-forum-ekonomicznego-w-karpaczu\/"]}]},{"@type":"ImageObject","inLanguage":"en-GB","@id":"https:\/\/marekkuchcinski.pl\/wydarzenia\/marek-kuchcinski-osobowoscia-roku-gali-30-lecia-forum-ekonomicznego-w-karpaczu\/#primaryimage","url":"https:\/\/marekkuchcinski.pl\/wp-content\/uploads\/2021\/09\/IMG_6770_edited-scaled.jpg","contentUrl":"https:\/\/marekkuchcinski.pl\/wp-content\/uploads\/2021\/09\/IMG_6770_edited-scaled.jpg","width":2048,"height":1365},{"@type":"BreadcrumbList","@id":"https:\/\/marekkuchcinski.pl\/wydarzenia\/marek-kuchcinski-osobowoscia-roku-gali-30-lecia-forum-ekonomicznego-w-karpaczu\/#breadcrumb","itemListElement":[{"@type":"ListItem","position":1,"name":"Strona g\u0142\u00f3wna","item":"https:\/\/marekkuchcinski.pl\/"},{"@type":"ListItem","position":2,"name":"Marek Kuchci\u0144ski Osobowo\u015bci\u0105 Roku Gali 30-lecia Forum Ekonomicznego w Karpaczu"}]},{"@type":"WebSite","@id":"https:\/\/marekkuchcinski.pl\/#website","url":"https:\/\/marekkuchcinski.pl\/","name":"Marek Kuchci\u0144ski","description":"Marek Kuchci\u0144ski","publisher":{"@id":"https:\/\/marekkuchcinski.pl\/#organization"},"potentialAction":[{"@type":"SearchAction","target":{"@type":"EntryPoint","urlTemplate":"https:\/\/marekkuchcinski.pl\/?s={search_term_string}"},"query-input":{"@type":"PropertyValueSpecification","valueRequired":true,"valueName":"search_term_string"}}],"inLanguage":"en-GB"},{"@type":"Organization","@id":"https:\/\/marekkuchcinski.pl\/#organization","name":"Marek Kuchci\u0144ski","url":"https:\/\/marekkuchcinski.pl\/","logo":{"@type":"ImageObject","inLanguage":"en-GB","@id":"https:\/\/marekkuchcinski.pl\/#\/schema\/logo\/image\/","url":"https:\/\/marekkuchcinski.pl\/wp-content\/uploads\/2022\/09\/Marek.jpg","contentUrl":"https:\/\/marekkuchcinski.pl\/wp-content\/uploads\/2022\/09\/Marek.jpg","width":1600,"height":971,"caption":"Marek Kuchci\u0144ski"},"image":{"@id":"https:\/\/marekkuchcinski.pl\/#\/schema\/logo\/image\/"}},{"@type":"Person","@id":"https:\/\/marekkuchcinski.pl\/#\/schema\/person\/bd3f15dee67fee76e83c8350d0154101","name":"Marta Olejnik","image":{"@type":"ImageObject","inLanguage":"en-GB","@id":"https:\/\/secure.gravatar.com\/avatar\/24754edd6080383402e292374b406b553027d572e97d60e7aa89a6940e88659a?s=96&d=mm&r=g","url":"https:\/\/secure.gravatar.com\/avatar\/24754edd6080383402e292374b406b553027d572e97d60e7aa89a6940e88659a?s=96&d=mm&r=g","contentUrl":"https:\/\/secure.gravatar.com\/avatar\/24754edd6080383402e292374b406b553027d572e97d60e7aa89a6940e88659a?s=96&d=mm&r=g","caption":"Marta Olejnik"},"url":"https:\/\/marekkuchcinski.pl\/en\/author\/marta\/"}]}},"_links":{"self":[{"href":"https:\/\/marekkuchcinski.pl\/en\/wp-json\/wp\/v2\/posts\/23360","targetHints":{"allow":["GET"]}}],"collection":[{"href":"https:\/\/marekkuchcinski.pl\/en\/wp-json\/wp\/v2\/posts"}],"about":[{"href":"https:\/\/marekkuchcinski.pl\/en\/wp-json\/wp\/v2\/types\/post"}],"author":[{"embeddable":true,"href":"https:\/\/marekkuchcinski.pl\/en\/wp-json\/wp\/v2\/users\/3"}],"replies":[{"embeddable":true,"href":"https:\/\/marekkuchcinski.pl\/en\/wp-json\/wp\/v2\/comments?post=23360"}],"version-history":[{"count":11,"href":"https:\/\/marekkuchcinski.pl\/en\/wp-json\/wp\/v2\/posts\/23360\/revisions"}],"predecessor-version":[{"id":23398,"href":"https:\/\/marekkuchcinski.pl\/en\/wp-json\/wp\/v2\/posts\/23360\/revisions\/23398"}],"wp:featuredmedia":[{"embeddable":true,"href":"https:\/\/marekkuchcinski.pl\/en\/wp-json\/wp\/v2\/media\/23362"}],"wp:attachment":[{"href":"https:\/\/marekkuchcinski.pl\/en\/wp-json\/wp\/v2\/media?parent=23360"}],"wp:term":[{"taxonomy":"category","embeddable":true,"href":"https:\/\/marekkuchcinski.pl\/en\/wp-json\/wp\/v2\/categories?post=23360"},{"taxonomy":"post_tag","embeddable":true,"href":"https:\/\/marekkuchcinski.pl\/en\/wp-json\/wp\/v2\/tags?post=23360"}],"curies":[{"name":"wp","href":"https:\/\/api.w.org\/{rel}","templated":true}]}}