{"id":23056,"date":"2021-07-28T22:35:52","date_gmt":"2021-07-28T20:35:52","guid":{"rendered":"https:\/\/marekkuchcinski.pl\/?p=23056"},"modified":"2021-07-28T22:43:53","modified_gmt":"2021-07-28T20:43:53","slug":"wieksze-bezpieczenstwo-na-tysiacach-przejsc-dla-pieszych","status":"publish","type":"post","link":"https:\/\/marekkuchcinski.pl\/en\/wydarzenia\/wieksze-bezpieczenstwo-na-tysiacach-przejsc-dla-pieszych\/","title":{"rendered":"Wi\u0119ksze bezpiecze\u0144stwo na tysi\u0105cach przej\u015b\u0107 dla pieszych"},"content":{"rendered":"<p class=\"wp-block-paragraph\"><strong>Premier zatwierdzi\u0142 listy inwestycji samorz\u0105dowych na drogach powiatowych i gminnych, kt\u00f3re uzyskaj\u0105 dofinansowanie z Rz\u0105dowego Funduszu Rozwoju Dr\u00f3g. <\/strong><\/p>\n\n\n\n<p class=\"wp-block-paragraph\">Obok budowy nowoczesnej sieci autostrad i dr\u00f3g ekspresowych, wsparcia samorz\u0105d\u00f3w w budowie i modernizacji dr\u00f3g lokalnych oraz walki z wykluczeniem komunikacyjnym bezpiecze\u0144stwo w ruchu drogowym jest rz\u0105dowym priorytetem,<\/p>\n\n\n\n<p class=\"wp-block-paragraph\">W ramach og\u0142oszonego w marcu 2021 r. naboru dofinansowanie przyznano dla 1 714 zada\u0144, w tym 910 na drogach powiatowych oraz 804 na drogach gminnych. \u0141\u0105czna warto\u015b\u0107 wsparcia dla zatwierdzonych wniosk\u00f3w to 239,5 mln z\u0142, co pozwoli na modernizacj\u0119 blisko 2,6 tys. przej\u015b\u0107 dla pieszych. W cz\u0119\u015bci wojew\u00f3dztw og\u0142oszono ju\u017c nabory uzupe\u0142niaj\u0105ce.<strong> Na Podkarpaciu b\u0119dzie to 147 przej\u015b\u0107 powiatowych i 101 gminnych.<\/strong><\/p>\n\n\n\n<p class=\"wp-block-paragraph\"><strong>Dzi\u0119ki rz\u0105dowemu wsparciu samorz\u0105dy mog\u0105 realizowa\u0107 inwestycje:<\/strong><\/p>\n\n\n\n<ul class=\"wp-block-list\"><li>wymuszaj\u0105ce przestrzeganie ogranicze\u0144 pr\u0119dko\u015bci w rejonie przej\u015b\u0107 dla pieszych (np. monta\u017c prog\u00f3w zwalniaj\u0105cych czy zmiana geometrii pasa),<\/li><li>poprawiaj\u0105ce widoczno\u015b\u0107 pieszego (np. poprzez do\u015bwietlanie przej\u015b\u0107 dla pieszych wraz ze stref\u0105 oczekiwania),<\/li><li>skracaj\u0105ce drog\u0119, jak\u0105 musz\u0105 pokona\u0107 piesi (np. poprzez zaw\u0119\u017canie jezdni w miejscu przej\u015bcia dla pieszych b\u0105d\u017a stosowanie azyl\u00f3w).<\/li><\/ul>\n\n\n\n<p class=\"wp-block-paragraph\">Wysoko\u015b\u0107 dofinansowania ze \u015brodk\u00f3w RFRD jest uzale\u017cniona od dochod\u00f3w jednostki samorz\u0105du terytorialnego &#8211; im ni\u017cszy doch\u00f3d samorz\u0105du, tym wy\u017csze dofinansowanie. Maksymalne dofinansowanie mo\u017ce wynie\u015b\u0107 a\u017c do 80 proc. koszt\u00f3w realizacji zadania, a kwota na dofinansowanie pojedynczego zadania nie mo\u017ce przekroczy\u0107 200 tys. z\u0142.<\/p>\n\n\n\n<p class=\"wp-block-paragraph\"><\/p>","protected":false},"excerpt":{"rendered":"<p>Premier zatwierdzi\u0142 listy inwestycji samorz\u0105dowych na drogach powiatowych i gminnych, kt\u00f3re uzyskaj\u0105 dofinansowanie z Rz\u0105dowego Funduszu Rozwoju Dr\u00f3g. Obok budowy nowoczesnej sieci autostrad i dr\u00f3g ekspresowych, wsparcia samorz\u0105d\u00f3w w budowie i modernizacji dr\u00f3g lokalnych oraz walki z wykluczeniem komunikacyjnym bezpiecze\u0144stwo w ruchu drogowym jest rz\u0105dowym priorytetem, W ramach og\u0142oszonego w marcu 2021 r. naboru dofinansowanie [&hellip;]<\/p>\n","protected":false},"author":3,"featured_media":23059,"comment_status":"open","ping_status":"open","sticky":false,"template":"","format":"standard","meta":{"ngg_post_thumbnail":0,"footnotes":""},"categories":[3],"tags":[],"class_list":["post-23056","post","type-post","status-publish","format-standard","has-post-thumbnail","hentry","category-wydarzenia"],"yoast_head":"<!-- This site is optimized with the Yoast SEO plugin v28.4 - https:\/\/yoast.com\/product\/yoast-seo-wordpress\/ -->\n<title>Wi\u0119ksze bezpiecze\u0144stwo na tysi\u0105cach przej\u015b\u0107 dla pieszych &#8211; Marek Kuchci\u0144ski<\/title>\n<meta name=\"robots\" content=\"index, follow, max-snippet:-1, max-image-preview:large, max-video-preview:-1\" \/>\n<link rel=\"canonical\" href=\"https:\/\/marekkuchcinski.pl\/en\/wydarzenia\/wieksze-bezpieczenstwo-na-tysiacach-przejsc-dla-pieszych\/\" \/>\n<meta property=\"og:locale\" content=\"en_GB\" \/>\n<meta property=\"og:type\" content=\"article\" \/>\n<meta property=\"og:title\" content=\"Wi\u0119ksze bezpiecze\u0144stwo na tysi\u0105cach przej\u015b\u0107 dla pieszych &#8211; Marek Kuchci\u0144ski\" \/>\n<meta property=\"og:description\" content=\"Premier zatwierdzi\u0142 listy inwestycji samorz\u0105dowych na drogach powiatowych i gminnych, kt\u00f3re uzyskaj\u0105 dofinansowanie z Rz\u0105dowego Funduszu Rozwoju Dr\u00f3g. Obok budowy nowoczesnej sieci autostrad i dr\u00f3g ekspresowych, wsparcia samorz\u0105d\u00f3w w budowie i modernizacji dr\u00f3g lokalnych oraz walki z wykluczeniem komunikacyjnym bezpiecze\u0144stwo w ruchu drogowym jest rz\u0105dowym priorytetem, W ramach og\u0142oszonego w marcu 2021 r. naboru dofinansowanie [&hellip;]\" \/>\n<meta property=\"og:url\" content=\"https:\/\/marekkuchcinski.pl\/en\/wydarzenia\/wieksze-bezpieczenstwo-na-tysiacach-przejsc-dla-pieszych\/\" \/>\n<meta property=\"og:site_name\" content=\"Marek Kuchci\u0144ski\" \/>\n<meta property=\"article:published_time\" content=\"2021-07-28T20:35:52+00:00\" \/>\n<meta property=\"article:modified_time\" content=\"2021-07-28T20:43:53+00:00\" \/>\n<meta property=\"og:image\" content=\"https:\/\/marekkuchcinski.pl\/wp-content\/uploads\/2021\/07\/pexels-jeshootscom-442584_edited-scaled.jpg\" \/>\n\t<meta property=\"og:image:width\" content=\"2048\" \/>\n\t<meta property=\"og:image:height\" content=\"1365\" \/>\n\t<meta property=\"og:image:type\" content=\"image\/jpeg\" \/>\n<meta name=\"author\" content=\"Marta Olejnik\" \/>\n<meta name=\"twitter:card\" content=\"summary_large_image\" \/>\n<meta name=\"twitter:label1\" content=\"Written by\" \/>\n\t<meta name=\"twitter:data1\" content=\"Marta Olejnik\" \/>\n\t<meta name=\"twitter:label2\" content=\"Est. reading time\" \/>\n\t<meta name=\"twitter:data2\" content=\"1 minute\" \/>\n<script type=\"application\/ld+json\" class=\"yoast-schema-graph\">{\"@context\":\"https:\\\/\\\/schema.org\",\"@graph\":[{\"@type\":\"Article\",\"@id\":\"https:\\\/\\\/marekkuchcinski.pl\\\/wydarzenia\\\/wieksze-bezpieczenstwo-na-tysiacach-przejsc-dla-pieszych\\\/#article\",\"isPartOf\":{\"@id\":\"https:\\\/\\\/marekkuchcinski.pl\\\/wydarzenia\\\/wieksze-bezpieczenstwo-na-tysiacach-przejsc-dla-pieszych\\\/\"},\"author\":{\"name\":\"Marta Olejnik\",\"@id\":\"https:\\\/\\\/marekkuchcinski.pl\\\/#\\\/schema\\\/person\\\/bd3f15dee67fee76e83c8350d0154101\"},\"headline\":\"Wi\u0119ksze bezpiecze\u0144stwo na tysi\u0105cach przej\u015b\u0107 dla pieszych\",\"datePublished\":\"2021-07-28T20:35:52+00:00\",\"dateModified\":\"2021-07-28T20:43:53+00:00\",\"mainEntityOfPage\":{\"@id\":\"https:\\\/\\\/marekkuchcinski.pl\\\/wydarzenia\\\/wieksze-bezpieczenstwo-na-tysiacach-przejsc-dla-pieszych\\\/\"},\"wordCount\":249,\"commentCount\":0,\"publisher\":{\"@id\":\"https:\\\/\\\/marekkuchcinski.pl\\\/#organization\"},\"image\":{\"@id\":\"https:\\\/\\\/marekkuchcinski.pl\\\/wydarzenia\\\/wieksze-bezpieczenstwo-na-tysiacach-przejsc-dla-pieszych\\\/#primaryimage\"},\"thumbnailUrl\":\"https:\\\/\\\/marekkuchcinski.pl\\\/wp-content\\\/uploads\\\/2021\\\/07\\\/pexels-jeshootscom-442584_edited-scaled.jpg\",\"articleSection\":[\"Wydarzenia\"],\"inLanguage\":\"en-GB\",\"potentialAction\":[{\"@type\":\"CommentAction\",\"name\":\"Comment\",\"target\":[\"https:\\\/\\\/marekkuchcinski.pl\\\/wydarzenia\\\/wieksze-bezpieczenstwo-na-tysiacach-przejsc-dla-pieszych\\\/#respond\"]}]},{\"@type\":\"WebPage\",\"@id\":\"https:\\\/\\\/marekkuchcinski.pl\\\/wydarzenia\\\/wieksze-bezpieczenstwo-na-tysiacach-przejsc-dla-pieszych\\\/\",\"url\":\"https:\\\/\\\/marekkuchcinski.pl\\\/wydarzenia\\\/wieksze-bezpieczenstwo-na-tysiacach-przejsc-dla-pieszych\\\/\",\"name\":\"Wi\u0119ksze bezpiecze\u0144stwo na tysi\u0105cach przej\u015b\u0107 dla pieszych &#8211; Marek Kuchci\u0144ski\",\"isPartOf\":{\"@id\":\"https:\\\/\\\/marekkuchcinski.pl\\\/#website\"},\"primaryImageOfPage\":{\"@id\":\"https:\\\/\\\/marekkuchcinski.pl\\\/wydarzenia\\\/wieksze-bezpieczenstwo-na-tysiacach-przejsc-dla-pieszych\\\/#primaryimage\"},\"image\":{\"@id\":\"https:\\\/\\\/marekkuchcinski.pl\\\/wydarzenia\\\/wieksze-bezpieczenstwo-na-tysiacach-przejsc-dla-pieszych\\\/#primaryimage\"},\"thumbnailUrl\":\"https:\\\/\\\/marekkuchcinski.pl\\\/wp-content\\\/uploads\\\/2021\\\/07\\\/pexels-jeshootscom-442584_edited-scaled.jpg\",\"datePublished\":\"2021-07-28T20:35:52+00:00\",\"dateModified\":\"2021-07-28T20:43:53+00:00\",\"breadcrumb\":{\"@id\":\"https:\\\/\\\/marekkuchcinski.pl\\\/wydarzenia\\\/wieksze-bezpieczenstwo-na-tysiacach-przejsc-dla-pieszych\\\/#breadcrumb\"},\"inLanguage\":\"en-GB\",\"potentialAction\":[{\"@type\":\"ReadAction\",\"target\":[\"https:\\\/\\\/marekkuchcinski.pl\\\/wydarzenia\\\/wieksze-bezpieczenstwo-na-tysiacach-przejsc-dla-pieszych\\\/\"]}]},{\"@type\":\"ImageObject\",\"inLanguage\":\"en-GB\",\"@id\":\"https:\\\/\\\/marekkuchcinski.pl\\\/wydarzenia\\\/wieksze-bezpieczenstwo-na-tysiacach-przejsc-dla-pieszych\\\/#primaryimage\",\"url\":\"https:\\\/\\\/marekkuchcinski.pl\\\/wp-content\\\/uploads\\\/2021\\\/07\\\/pexels-jeshootscom-442584_edited-scaled.jpg\",\"contentUrl\":\"https:\\\/\\\/marekkuchcinski.pl\\\/wp-content\\\/uploads\\\/2021\\\/07\\\/pexels-jeshootscom-442584_edited-scaled.jpg\",\"width\":2048,\"height\":1365},{\"@type\":\"BreadcrumbList\",\"@id\":\"https:\\\/\\\/marekkuchcinski.pl\\\/wydarzenia\\\/wieksze-bezpieczenstwo-na-tysiacach-przejsc-dla-pieszych\\\/#breadcrumb\",\"itemListElement\":[{\"@type\":\"ListItem\",\"position\":1,\"name\":\"Strona g\u0142\u00f3wna\",\"item\":\"https:\\\/\\\/marekkuchcinski.pl\\\/\"},{\"@type\":\"ListItem\",\"position\":2,\"name\":\"Wi\u0119ksze bezpiecze\u0144stwo na tysi\u0105cach przej\u015b\u0107 dla pieszych\"}]},{\"@type\":\"WebSite\",\"@id\":\"https:\\\/\\\/marekkuchcinski.pl\\\/#website\",\"url\":\"https:\\\/\\\/marekkuchcinski.pl\\\/\",\"name\":\"Marek Kuchci\u0144ski\",\"description\":\"Marek Kuchci\u0144ski \",\"publisher\":{\"@id\":\"https:\\\/\\\/marekkuchcinski.pl\\\/#organization\"},\"potentialAction\":[{\"@type\":\"SearchAction\",\"target\":{\"@type\":\"EntryPoint\",\"urlTemplate\":\"https:\\\/\\\/marekkuchcinski.pl\\\/?s={search_term_string}\"},\"query-input\":{\"@type\":\"PropertyValueSpecification\",\"valueRequired\":true,\"valueName\":\"search_term_string\"}}],\"inLanguage\":\"en-GB\"},{\"@type\":\"Organization\",\"@id\":\"https:\\\/\\\/marekkuchcinski.pl\\\/#organization\",\"name\":\"Marek Kuchci\u0144ski\",\"url\":\"https:\\\/\\\/marekkuchcinski.pl\\\/\",\"logo\":{\"@type\":\"ImageObject\",\"inLanguage\":\"en-GB\",\"@id\":\"https:\\\/\\\/marekkuchcinski.pl\\\/#\\\/schema\\\/logo\\\/image\\\/\",\"url\":\"https:\\\/\\\/marekkuchcinski.pl\\\/wp-content\\\/uploads\\\/2022\\\/09\\\/Marek.jpg\",\"contentUrl\":\"https:\\\/\\\/marekkuchcinski.pl\\\/wp-content\\\/uploads\\\/2022\\\/09\\\/Marek.jpg\",\"width\":1600,\"height\":971,\"caption\":\"Marek Kuchci\u0144ski\"},\"image\":{\"@id\":\"https:\\\/\\\/marekkuchcinski.pl\\\/#\\\/schema\\\/logo\\\/image\\\/\"}},{\"@type\":\"Person\",\"@id\":\"https:\\\/\\\/marekkuchcinski.pl\\\/#\\\/schema\\\/person\\\/bd3f15dee67fee76e83c8350d0154101\",\"name\":\"Marta Olejnik\",\"image\":{\"@type\":\"ImageObject\",\"inLanguage\":\"en-GB\",\"@id\":\"https:\\\/\\\/secure.gravatar.com\\\/avatar\\\/24754edd6080383402e292374b406b553027d572e97d60e7aa89a6940e88659a?s=96&d=mm&r=g\",\"url\":\"https:\\\/\\\/secure.gravatar.com\\\/avatar\\\/24754edd6080383402e292374b406b553027d572e97d60e7aa89a6940e88659a?s=96&d=mm&r=g\",\"contentUrl\":\"https:\\\/\\\/secure.gravatar.com\\\/avatar\\\/24754edd6080383402e292374b406b553027d572e97d60e7aa89a6940e88659a?s=96&d=mm&r=g\",\"caption\":\"Marta Olejnik\"},\"url\":\"https:\\\/\\\/marekkuchcinski.pl\\\/en\\\/author\\\/marta\\\/\"}]}<\/script>\n<!-- \/ Yoast SEO plugin. -->","yoast_head_json":{"title":"Wi\u0119ksze bezpiecze\u0144stwo na tysi\u0105cach przej\u015b\u0107 dla pieszych &#8211; Marek Kuchci\u0144ski","robots":{"index":"index","follow":"follow","max-snippet":"max-snippet:-1","max-image-preview":"max-image-preview:large","max-video-preview":"max-video-preview:-1"},"canonical":"https:\/\/marekkuchcinski.pl\/en\/wydarzenia\/wieksze-bezpieczenstwo-na-tysiacach-przejsc-dla-pieszych\/","og_locale":"en_GB","og_type":"article","og_title":"Wi\u0119ksze bezpiecze\u0144stwo na tysi\u0105cach przej\u015b\u0107 dla pieszych &#8211; Marek Kuchci\u0144ski","og_description":"Premier zatwierdzi\u0142 listy inwestycji samorz\u0105dowych na drogach powiatowych i gminnych, kt\u00f3re uzyskaj\u0105 dofinansowanie z Rz\u0105dowego Funduszu Rozwoju Dr\u00f3g. Obok budowy nowoczesnej sieci autostrad i dr\u00f3g ekspresowych, wsparcia samorz\u0105d\u00f3w w budowie i modernizacji dr\u00f3g lokalnych oraz walki z wykluczeniem komunikacyjnym bezpiecze\u0144stwo w ruchu drogowym jest rz\u0105dowym priorytetem, W ramach og\u0142oszonego w marcu 2021 r. naboru dofinansowanie [&hellip;]","og_url":"https:\/\/marekkuchcinski.pl\/en\/wydarzenia\/wieksze-bezpieczenstwo-na-tysiacach-przejsc-dla-pieszych\/","og_site_name":"Marek Kuchci\u0144ski","article_published_time":"2021-07-28T20:35:52+00:00","article_modified_time":"2021-07-28T20:43:53+00:00","og_image":[{"width":2048,"height":1365,"url":"https:\/\/marekkuchcinski.pl\/wp-content\/uploads\/2021\/07\/pexels-jeshootscom-442584_edited-scaled.jpg","type":"image\/jpeg"}],"author":"Marta Olejnik","twitter_card":"summary_large_image","twitter_misc":{"Written by":"Marta Olejnik","Est. reading time":"1 minute"},"schema":{"@context":"https:\/\/schema.org","@graph":[{"@type":"Article","@id":"https:\/\/marekkuchcinski.pl\/wydarzenia\/wieksze-bezpieczenstwo-na-tysiacach-przejsc-dla-pieszych\/#article","isPartOf":{"@id":"https:\/\/marekkuchcinski.pl\/wydarzenia\/wieksze-bezpieczenstwo-na-tysiacach-przejsc-dla-pieszych\/"},"author":{"name":"Marta Olejnik","@id":"https:\/\/marekkuchcinski.pl\/#\/schema\/person\/bd3f15dee67fee76e83c8350d0154101"},"headline":"Wi\u0119ksze bezpiecze\u0144stwo na tysi\u0105cach przej\u015b\u0107 dla pieszych","datePublished":"2021-07-28T20:35:52+00:00","dateModified":"2021-07-28T20:43:53+00:00","mainEntityOfPage":{"@id":"https:\/\/marekkuchcinski.pl\/wydarzenia\/wieksze-bezpieczenstwo-na-tysiacach-przejsc-dla-pieszych\/"},"wordCount":249,"commentCount":0,"publisher":{"@id":"https:\/\/marekkuchcinski.pl\/#organization"},"image":{"@id":"https:\/\/marekkuchcinski.pl\/wydarzenia\/wieksze-bezpieczenstwo-na-tysiacach-przejsc-dla-pieszych\/#primaryimage"},"thumbnailUrl":"https:\/\/marekkuchcinski.pl\/wp-content\/uploads\/2021\/07\/pexels-jeshootscom-442584_edited-scaled.jpg","articleSection":["Wydarzenia"],"inLanguage":"en-GB","potentialAction":[{"@type":"CommentAction","name":"Comment","target":["https:\/\/marekkuchcinski.pl\/wydarzenia\/wieksze-bezpieczenstwo-na-tysiacach-przejsc-dla-pieszych\/#respond"]}]},{"@type":"WebPage","@id":"https:\/\/marekkuchcinski.pl\/wydarzenia\/wieksze-bezpieczenstwo-na-tysiacach-przejsc-dla-pieszych\/","url":"https:\/\/marekkuchcinski.pl\/wydarzenia\/wieksze-bezpieczenstwo-na-tysiacach-przejsc-dla-pieszych\/","name":"Wi\u0119ksze bezpiecze\u0144stwo na tysi\u0105cach przej\u015b\u0107 dla pieszych &#8211; Marek Kuchci\u0144ski","isPartOf":{"@id":"https:\/\/marekkuchcinski.pl\/#website"},"primaryImageOfPage":{"@id":"https:\/\/marekkuchcinski.pl\/wydarzenia\/wieksze-bezpieczenstwo-na-tysiacach-przejsc-dla-pieszych\/#primaryimage"},"image":{"@id":"https:\/\/marekkuchcinski.pl\/wydarzenia\/wieksze-bezpieczenstwo-na-tysiacach-przejsc-dla-pieszych\/#primaryimage"},"thumbnailUrl":"https:\/\/marekkuchcinski.pl\/wp-content\/uploads\/2021\/07\/pexels-jeshootscom-442584_edited-scaled.jpg","datePublished":"2021-07-28T20:35:52+00:00","dateModified":"2021-07-28T20:43:53+00:00","breadcrumb":{"@id":"https:\/\/marekkuchcinski.pl\/wydarzenia\/wieksze-bezpieczenstwo-na-tysiacach-przejsc-dla-pieszych\/#breadcrumb"},"inLanguage":"en-GB","potentialAction":[{"@type":"ReadAction","target":["https:\/\/marekkuchcinski.pl\/wydarzenia\/wieksze-bezpieczenstwo-na-tysiacach-przejsc-dla-pieszych\/"]}]},{"@type":"ImageObject","inLanguage":"en-GB","@id":"https:\/\/marekkuchcinski.pl\/wydarzenia\/wieksze-bezpieczenstwo-na-tysiacach-przejsc-dla-pieszych\/#primaryimage","url":"https:\/\/marekkuchcinski.pl\/wp-content\/uploads\/2021\/07\/pexels-jeshootscom-442584_edited-scaled.jpg","contentUrl":"https:\/\/marekkuchcinski.pl\/wp-content\/uploads\/2021\/07\/pexels-jeshootscom-442584_edited-scaled.jpg","width":2048,"height":1365},{"@type":"BreadcrumbList","@id":"https:\/\/marekkuchcinski.pl\/wydarzenia\/wieksze-bezpieczenstwo-na-tysiacach-przejsc-dla-pieszych\/#breadcrumb","itemListElement":[{"@type":"ListItem","position":1,"name":"Strona g\u0142\u00f3wna","item":"https:\/\/marekkuchcinski.pl\/"},{"@type":"ListItem","position":2,"name":"Wi\u0119ksze bezpiecze\u0144stwo na tysi\u0105cach przej\u015b\u0107 dla pieszych"}]},{"@type":"WebSite","@id":"https:\/\/marekkuchcinski.pl\/#website","url":"https:\/\/marekkuchcinski.pl\/","name":"Marek Kuchci\u0144ski","description":"Marek Kuchci\u0144ski","publisher":{"@id":"https:\/\/marekkuchcinski.pl\/#organization"},"potentialAction":[{"@type":"SearchAction","target":{"@type":"EntryPoint","urlTemplate":"https:\/\/marekkuchcinski.pl\/?s={search_term_string}"},"query-input":{"@type":"PropertyValueSpecification","valueRequired":true,"valueName":"search_term_string"}}],"inLanguage":"en-GB"},{"@type":"Organization","@id":"https:\/\/marekkuchcinski.pl\/#organization","name":"Marek Kuchci\u0144ski","url":"https:\/\/marekkuchcinski.pl\/","logo":{"@type":"ImageObject","inLanguage":"en-GB","@id":"https:\/\/marekkuchcinski.pl\/#\/schema\/logo\/image\/","url":"https:\/\/marekkuchcinski.pl\/wp-content\/uploads\/2022\/09\/Marek.jpg","contentUrl":"https:\/\/marekkuchcinski.pl\/wp-content\/uploads\/2022\/09\/Marek.jpg","width":1600,"height":971,"caption":"Marek Kuchci\u0144ski"},"image":{"@id":"https:\/\/marekkuchcinski.pl\/#\/schema\/logo\/image\/"}},{"@type":"Person","@id":"https:\/\/marekkuchcinski.pl\/#\/schema\/person\/bd3f15dee67fee76e83c8350d0154101","name":"Marta Olejnik","image":{"@type":"ImageObject","inLanguage":"en-GB","@id":"https:\/\/secure.gravatar.com\/avatar\/24754edd6080383402e292374b406b553027d572e97d60e7aa89a6940e88659a?s=96&d=mm&r=g","url":"https:\/\/secure.gravatar.com\/avatar\/24754edd6080383402e292374b406b553027d572e97d60e7aa89a6940e88659a?s=96&d=mm&r=g","contentUrl":"https:\/\/secure.gravatar.com\/avatar\/24754edd6080383402e292374b406b553027d572e97d60e7aa89a6940e88659a?s=96&d=mm&r=g","caption":"Marta Olejnik"},"url":"https:\/\/marekkuchcinski.pl\/en\/author\/marta\/"}]}},"_links":{"self":[{"href":"https:\/\/marekkuchcinski.pl\/en\/wp-json\/wp\/v2\/posts\/23056","targetHints":{"allow":["GET"]}}],"collection":[{"href":"https:\/\/marekkuchcinski.pl\/en\/wp-json\/wp\/v2\/posts"}],"about":[{"href":"https:\/\/marekkuchcinski.pl\/en\/wp-json\/wp\/v2\/types\/post"}],"author":[{"embeddable":true,"href":"https:\/\/marekkuchcinski.pl\/en\/wp-json\/wp\/v2\/users\/3"}],"replies":[{"embeddable":true,"href":"https:\/\/marekkuchcinski.pl\/en\/wp-json\/wp\/v2\/comments?post=23056"}],"version-history":[{"count":4,"href":"https:\/\/marekkuchcinski.pl\/en\/wp-json\/wp\/v2\/posts\/23056\/revisions"}],"predecessor-version":[{"id":23063,"href":"https:\/\/marekkuchcinski.pl\/en\/wp-json\/wp\/v2\/posts\/23056\/revisions\/23063"}],"wp:featuredmedia":[{"embeddable":true,"href":"https:\/\/marekkuchcinski.pl\/en\/wp-json\/wp\/v2\/media\/23059"}],"wp:attachment":[{"href":"https:\/\/marekkuchcinski.pl\/en\/wp-json\/wp\/v2\/media?parent=23056"}],"wp:term":[{"taxonomy":"category","embeddable":true,"href":"https:\/\/marekkuchcinski.pl\/en\/wp-json\/wp\/v2\/categories?post=23056"},{"taxonomy":"post_tag","embeddable":true,"href":"https:\/\/marekkuchcinski.pl\/en\/wp-json\/wp\/v2\/tags?post=23056"}],"curies":[{"name":"wp","href":"https:\/\/api.w.org\/{rel}","templated":true}]}}