{"id":22951,"date":"2021-07-18T14:24:59","date_gmt":"2021-07-18T12:24:59","guid":{"rendered":"https:\/\/marekkuchcinski.pl\/?p=22951"},"modified":"2021-07-20T08:48:48","modified_gmt":"2021-07-20T06:48:48","slug":"podsumowanie-prac-komisji-spraw-zagranicznych-2020-2021","status":"publish","type":"post","link":"https:\/\/marekkuchcinski.pl\/en\/wydarzenia\/podsumowanie-prac-komisji-spraw-zagranicznych-2020-2021\/","title":{"rendered":"Podsumowanie prac Komisji Spraw Zagranicznych 2020\u20132021"},"content":{"rendered":"<div class=\"wp-block-columns is-layout-flex wp-container-core-columns-is-layout-7387b849 wp-block-columns-is-layout-flex\">\n<div class=\"wp-block-column is-layout-flow wp-block-column-is-layout-flow\" style=\"flex-basis:100%\">\n<p class=\"wp-block-paragraph\"><strong>30 lat temu na wyszehradzkim zamku trzy pa\u0144stwa zobowi\u0105za\u0142y si\u0119 wspiera\u0107 w drodze do nowoczesno\u015bci. Stworzy\u0142y Grup\u0119 V4, kt\u00f3ra nie tylko przetrwa\u0142a wielkie przemiany w samej Europie, ale dzi\u015b jest wa\u017cnym graczem na arenie mi\u0119dzynarodowej.<br><\/strong><br>Wzajemne wsparcie i wsp\u00f3\u0142praca u\u0142atwi\u0142y wej\u015bcie Polski, W\u0119gier i Czech do NATO ju\u017c osiem lat po powstaniu Grupy. P\u00f3\u017aniej do Paktu do\u0142\u0105czy\u0142a S\u0142owacja. Kolejnym wa\u017cnym krokiem by\u0142o wej\u015bcie do Unii Europejskiej. Od 2004 roku wszystkie kraje Grupy s\u0105 pe\u0142noprawnymi pa\u0144stwami cz\u0142onkowskimi. Z kraj\u00f3w zmagaj\u0105cych si\u0119 ze zrzuceniem z pi\u0119tna komunizmu, walki z ub\u00f3stwem, odbudowy gospodarki i spo\u0142ecznej to\u017csamo\u015bci V4 sta\u0142a si\u0119 wsp\u00f3lnot\u0105 interes\u00f3w. Wsp\u00f3lnot\u0105, z kt\u00f3r\u0105 licz\u0105 si\u0119 inni wa\u017cni gracze na \u015bwiecie.<\/p>\n\n\n\n<p class=\"wp-block-paragraph\">Obroty handlowe V4 z Niemcami s\u0105 o ponad 50 proc. wy\u017csze ni\u017c Niemiec z Francj\u0105. 65-milionowy rynek rozwija si\u0119 szybciej ni\u017c wi\u0119kszo\u015b\u0107 kraj\u00f3w tzw. starej Unii. V4 to inwestycje w infrastruktur\u0119, wsp\u00f3lne projekty edukacyjne, finansowe. Wa\u017cn\u0105 instytucj\u0105 powo\u0142an\u0105 przez inicjatyw\u0119 zawi\u0105zan\u0105 na W\u0119grzech w 1991 roku by\u0142 powsta\u0142y 9 lat p\u00f3\u017aniej Mi\u0119dzynarodowy Fundusz Wyszehradzki. Jego za\u0142o\u017ceniem jest wspieranie inicjatyw kulturalnych, naukowych, edukacyjnych i turystycznych w krajach Grupy oraz s\u0105siednich \u2013 g\u0142\u00f3wnie postsowieckich i by\u0142ej Jugos\u0142awii. Bud\u017cet Funduszu to 8 milion\u00f3w euro pochodz\u0105cych ze sk\u0142adek pa\u0144stw V4 oraz dodatkowe kwoty od innych pa\u0144stw. Grupa Wyszehradzka jest dzi\u015b w Europie wa\u017cnym katalizatorem przemian i przejmowanie inicjatywy w sprawach dotycz\u0105cych przysz\u0142o\u015b\u0107 UE.<\/p>\n\n\n\n<p class=\"wp-block-paragraph\">W dobie pandemii widzimy, jak skuteczny jest format wyszehradzki, m.in w koordynowaniu wzajemnej pomocy. Warto chocia\u017cby wspomnie\u0107 o powstaniu wirtualnego centrum V4 ds. COVID-19. Epidemia pokaza\u0142a znaczenie dobrych stosunk\u00f3w s\u0105siedzkich w zarz\u0105dzaniu sytuacj\u0105 kryzysow\u0105. Tworzenie centr\u00f3w koordynacyjnych oraz wymiana informacji i sprz\u0119tu medycznego pomi\u0119dzy naszymi krajami przyczyni\u0142y si\u0119 do zahamowania liczby infekcji i zachorowa\u0144.<\/p>\n\n\n\n<p class=\"wp-block-paragraph\">Podczas trzech minionych dekad rozwin\u0119li\u015bmy tak\u017ce wsp\u00f3\u0142prac\u0119 wojskow\u0105, energetyczn\u0105, infrastrukturaln\u0105 i kulturaln\u0105. Kluczowym elementem zacie\u015bniaj\u0105cych si\u0119 relacji pa\u0144stw Grupy Wyszehradzkiej sta\u0142a si\u0119 wsp\u00f3\u0142praca w ramach Inicjatywy Tr\u00f3jmorza, kt\u00f3ra pozwala na zwi\u0119kszenie bezpiecze\u0144stwa militarnego i energetycznego, a tak\u017ce przyci\u0105gania inwestor\u00f3w do regionu. Istniej\u0105 r\u00f3wnie\u017c obszary, nad kt\u00f3rymi powinni\u015bmy wci\u0105\u017c intensywnie pracowa\u0107. Jednym z nich jest transport i zapewnienie ci\u0105g\u0142o\u015bci pomi\u0119dzy pa\u0144stwami V4. Odpowiedzi\u0105 na t\u0119 sytuacj\u0119 jest wybudowanie infrastruktury p\u00f3\u0142noc-po\u0142udnie z inwestycjami takimi jak Via Carpatia czy te\u017c szybka kolej, kt\u00f3ra po\u0142\u0105czy stolice naszych czterech pa\u0144stw. Wci\u0105\u017c stoj\u0105 przed nami wyzwania w dziedzinach bezpiecze\u0144stwa, migracji, ochrony \u015brodowiska czy te\u017c cyfryzacji.<\/p>\n\n\n\n<p class=\"wp-block-paragraph\">Marek Kuchci\u0144ski, pose\u0142 i marsza\u0142ek Sejmu VIII kadencji (2015\u20132019), od lat jest or\u0119downikiem rozwijania dyplomacji parlamentarnej. Efektem tego by\u0142y dziesi\u0105tki spotka\u0144 z przedstawicielami cia\u0142 ustawodawczych innych pa\u0144stw jako parlamentarzysty, aktywnego obywatela Przemy\u015bla, Podkarpacia, Polski i Europy. Pe\u0142ni\u0105c od 15 wrze\u015bnia<br>2020 roku funkcj\u0119 przewodnicz\u0105cego Komisji Spraw Zagranicznych (SZA) Sejmu RP, kontynuuje  zapocz\u0105tkowan\u0105 przez \u015bw. pami\u0119ci Prezydenta Lecha Kaczy\u0144skiego lini\u0119 polityki zagranicznej d\u0105\u017c\u0105cej do umocnienia pozycji Polski na arenie mi\u0119dzynarodowej. Marsza\u0142ek Kuchci\u0144ski prowadzi\u0142 konsultacje z szefami parlamentarnych komisji spraw zagranicznych nie tylko z V4, ale tak\u017ce m.in. z Estonii, Gruzji, Litwy, \u0141otwy, Niemiec, Rumunii, S\u0142owenii, Ukrainy i W\u0142och.<br><\/p>\n\n\n\n<p class=\"wp-block-paragraph\">\u2013 Dla pe\u0142nego sukcesu niezb\u0119dne jest, by przedstawiciele wybierani w demokratycznych wyborach do Parlamentu czy do w\u0142adz lokalnych r\u00f3wnie\u017c byli zaanga\u017cowani w konkretne projekty. Ponadto wsp\u00f3\u0142praca i spotkania parlament\u00f3w Europy \u015arodkowej i Wschodniej s\u0105 uzupe\u0142nieniem, czy te\u017c nad\u0105\u017caniem za tym, co dzieje si\u0119 w \u201estarej\u201d UE, czy w Europie basenu Morza \u015ar\u00f3dziemnego ju\u017c od wielu lat. Wsp\u00f3\u0142praca parlamentarna wspiera polityk\u0119 rz\u0105d\u00f3w i prezydent\u00f3w tych pa\u0144stw, szukaj\u0105c recepty na wa\u017cne wyzwania, jak problemy migracji czy bezpiecze\u0144stwa \u2013 wyja\u015bnia Marek Kuchci\u0144ski. \u2013 Nasza aktywno\u015b\u0107 wyra\u017ca si\u0119 r\u00f3wnie\u017c we wsp\u00f3\u0142pracy pa\u0144stw karpackich. Jej elementem rozwojowym jest cyklicznie odbywaj\u0105ca si\u0119 w r\u00f3\u017cnych miejscach w Polsce konferencja Europa Karpat \u2013 podkre\u015bla szef SZA. <\/p>\n\n\n\n<p class=\"wp-block-paragraph\">Jakie plany na przysz\u0142o\u015b\u0107? Przede wszystkim dyskusja ws. przysz\u0142o\u015bci Europy, restart Partnerstwa Wschodniego i Tr\u00f3jk\u0105ta Weimarskiego, strategia karpacka.<\/p>\n\n\n\n<p class=\"wp-block-paragraph\"><em>M. Olejnik<\/em><\/p>\n<\/div>\n<\/div>\n\n\n\n<div class=\"wp-block-file\"><a href=\"https:\/\/marekkuchcinski.pl\/wp-content\/uploads\/2021\/07\/PP_z_perspektywy_s-1.pdf\"><span class=\"has-inline-color has-vivid-red-color\"><strong>Zapraszamy do zapoznania si\u0119 z pracami Komisji Spraw Zagranicznych (SZA) w latach 2020-2021<\/strong><\/span><\/a><a href=\"https:\/\/marekkuchcinski.pl\/wp-content\/uploads\/2021\/07\/PP_z_perspektywy_s-1.pdf\" class=\"wp-block-file__button\" download>Pobierz<\/a><\/div>\n\n\n\n<figure class=\"wp-block-image size-large\"><a href=\"https:\/\/marekkuchcinski.pl\/wp-content\/uploads\/2021\/07\/okl-1.png\"><img fetchpriority=\"high\" decoding=\"async\" width=\"578\" height=\"774\" src=\"https:\/\/marekkuchcinski.pl\/wp-content\/uploads\/2021\/07\/okl-1.png\" alt=\"\" class=\"wp-image-22979\" srcset=\"https:\/\/marekkuchcinski.pl\/wp-content\/uploads\/2021\/07\/okl-1.png 578w, https:\/\/marekkuchcinski.pl\/wp-content\/uploads\/2021\/07\/okl-1-224x300.png 224w, https:\/\/marekkuchcinski.pl\/wp-content\/uploads\/2021\/07\/okl-1-9x12.png 9w\" sizes=\"(max-width: 578px) 100vw, 578px\" \/><\/a><\/figure>","protected":false},"excerpt":{"rendered":"<p>30 lat temu na wyszehradzkim zamku trzy pa\u0144stwa zobowi\u0105za\u0142y si\u0119 wspiera\u0107 w drodze do nowoczesno\u015bci. Stworzy\u0142y Grup\u0119 V4, kt\u00f3ra nie tylko przetrwa\u0142a wielkie przemiany w samej Europie, ale dzi\u015b jest wa\u017cnym graczem na arenie mi\u0119dzynarodowej.Wzajemne wsparcie i wsp\u00f3\u0142praca u\u0142atwi\u0142y wej\u015bcie Polski, W\u0119gier i Czech do NATO ju\u017c osiem lat po powstaniu Grupy. P\u00f3\u017aniej do Paktu [&hellip;]<\/p>\n","protected":false},"author":3,"featured_media":22957,"comment_status":"open","ping_status":"open","sticky":false,"template":"","format":"standard","meta":{"ngg_post_thumbnail":0,"footnotes":""},"categories":[50,3],"tags":[],"class_list":["post-22951","post","type-post","status-publish","format-standard","has-post-thumbnail","hentry","category-wspolpraca-miedzynarodowa","category-wydarzenia"],"yoast_head":"<!-- This site is optimized with the Yoast SEO plugin v28.4 - https:\/\/yoast.com\/product\/yoast-seo-wordpress\/ -->\n<title>Podsumowanie prac Komisji Spraw Zagranicznych 2020\u20132021 &#8211; Marek Kuchci\u0144ski<\/title>\n<meta name=\"robots\" content=\"index, follow, max-snippet:-1, max-image-preview:large, max-video-preview:-1\" \/>\n<link rel=\"canonical\" href=\"https:\/\/marekkuchcinski.pl\/en\/wydarzenia\/podsumowanie-prac-komisji-spraw-zagranicznych-2020-2021\/\" \/>\n<meta property=\"og:locale\" content=\"en_GB\" \/>\n<meta property=\"og:type\" content=\"article\" \/>\n<meta property=\"og:title\" content=\"Podsumowanie prac Komisji Spraw Zagranicznych 2020\u20132021 &#8211; Marek Kuchci\u0144ski\" \/>\n<meta property=\"og:description\" content=\"30 lat temu na wyszehradzkim zamku trzy pa\u0144stwa zobowi\u0105za\u0142y si\u0119 wspiera\u0107 w drodze do nowoczesno\u015bci. Stworzy\u0142y Grup\u0119 V4, kt\u00f3ra nie tylko przetrwa\u0142a wielkie przemiany w samej Europie, ale dzi\u015b jest wa\u017cnym graczem na arenie mi\u0119dzynarodowej.Wzajemne wsparcie i wsp\u00f3\u0142praca u\u0142atwi\u0142y wej\u015bcie Polski, W\u0119gier i Czech do NATO ju\u017c osiem lat po powstaniu Grupy. P\u00f3\u017aniej do Paktu [&hellip;]\" \/>\n<meta property=\"og:url\" content=\"https:\/\/marekkuchcinski.pl\/en\/wydarzenia\/podsumowanie-prac-komisji-spraw-zagranicznych-2020-2021\/\" \/>\n<meta property=\"og:site_name\" content=\"Marek Kuchci\u0144ski\" \/>\n<meta property=\"article:published_time\" content=\"2021-07-18T12:24:59+00:00\" \/>\n<meta property=\"article:modified_time\" content=\"2021-07-20T06:48:48+00:00\" \/>\n<meta property=\"og:image\" content=\"https:\/\/marekkuchcinski.pl\/wp-content\/uploads\/2021\/07\/polska-prezydencja-w-V4-1.jpg\" \/>\n\t<meta property=\"og:image:width\" content=\"1024\" \/>\n\t<meta property=\"og:image:height\" content=\"768\" \/>\n\t<meta property=\"og:image:type\" content=\"image\/jpeg\" \/>\n<meta name=\"author\" content=\"Marta Olejnik\" \/>\n<meta name=\"twitter:card\" content=\"summary_large_image\" \/>\n<meta name=\"twitter:label1\" content=\"Written by\" \/>\n\t<meta name=\"twitter:data1\" content=\"Marta Olejnik\" \/>\n\t<meta name=\"twitter:label2\" content=\"Est. reading time\" \/>\n\t<meta name=\"twitter:data2\" content=\"3 minutes\" \/>\n<script type=\"application\/ld+json\" class=\"yoast-schema-graph\">{\"@context\":\"https:\\\/\\\/schema.org\",\"@graph\":[{\"@type\":\"Article\",\"@id\":\"https:\\\/\\\/marekkuchcinski.pl\\\/wydarzenia\\\/podsumowanie-prac-komisji-spraw-zagranicznych-2020-2021\\\/#article\",\"isPartOf\":{\"@id\":\"https:\\\/\\\/marekkuchcinski.pl\\\/wydarzenia\\\/podsumowanie-prac-komisji-spraw-zagranicznych-2020-2021\\\/\"},\"author\":{\"name\":\"Marta Olejnik\",\"@id\":\"https:\\\/\\\/marekkuchcinski.pl\\\/#\\\/schema\\\/person\\\/bd3f15dee67fee76e83c8350d0154101\"},\"headline\":\"Podsumowanie prac Komisji Spraw Zagranicznych 2020\u20132021\",\"datePublished\":\"2021-07-18T12:24:59+00:00\",\"dateModified\":\"2021-07-20T06:48:48+00:00\",\"mainEntityOfPage\":{\"@id\":\"https:\\\/\\\/marekkuchcinski.pl\\\/wydarzenia\\\/podsumowanie-prac-komisji-spraw-zagranicznych-2020-2021\\\/\"},\"wordCount\":757,\"commentCount\":0,\"publisher\":{\"@id\":\"https:\\\/\\\/marekkuchcinski.pl\\\/#organization\"},\"image\":{\"@id\":\"https:\\\/\\\/marekkuchcinski.pl\\\/wydarzenia\\\/podsumowanie-prac-komisji-spraw-zagranicznych-2020-2021\\\/#primaryimage\"},\"thumbnailUrl\":\"https:\\\/\\\/marekkuchcinski.pl\\\/wp-content\\\/uploads\\\/2021\\\/07\\\/polska-prezydencja-w-V4-1.jpg\",\"articleSection\":[\"Wsp\u00f3\u0142praca mi\u0119dzynarodowa\",\"Wydarzenia\"],\"inLanguage\":\"en-GB\",\"potentialAction\":[{\"@type\":\"CommentAction\",\"name\":\"Comment\",\"target\":[\"https:\\\/\\\/marekkuchcinski.pl\\\/wydarzenia\\\/podsumowanie-prac-komisji-spraw-zagranicznych-2020-2021\\\/#respond\"]}]},{\"@type\":\"WebPage\",\"@id\":\"https:\\\/\\\/marekkuchcinski.pl\\\/wydarzenia\\\/podsumowanie-prac-komisji-spraw-zagranicznych-2020-2021\\\/\",\"url\":\"https:\\\/\\\/marekkuchcinski.pl\\\/wydarzenia\\\/podsumowanie-prac-komisji-spraw-zagranicznych-2020-2021\\\/\",\"name\":\"Podsumowanie prac Komisji Spraw Zagranicznych 2020\u20132021 &#8211; Marek Kuchci\u0144ski\",\"isPartOf\":{\"@id\":\"https:\\\/\\\/marekkuchcinski.pl\\\/#website\"},\"primaryImageOfPage\":{\"@id\":\"https:\\\/\\\/marekkuchcinski.pl\\\/wydarzenia\\\/podsumowanie-prac-komisji-spraw-zagranicznych-2020-2021\\\/#primaryimage\"},\"image\":{\"@id\":\"https:\\\/\\\/marekkuchcinski.pl\\\/wydarzenia\\\/podsumowanie-prac-komisji-spraw-zagranicznych-2020-2021\\\/#primaryimage\"},\"thumbnailUrl\":\"https:\\\/\\\/marekkuchcinski.pl\\\/wp-content\\\/uploads\\\/2021\\\/07\\\/polska-prezydencja-w-V4-1.jpg\",\"datePublished\":\"2021-07-18T12:24:59+00:00\",\"dateModified\":\"2021-07-20T06:48:48+00:00\",\"breadcrumb\":{\"@id\":\"https:\\\/\\\/marekkuchcinski.pl\\\/wydarzenia\\\/podsumowanie-prac-komisji-spraw-zagranicznych-2020-2021\\\/#breadcrumb\"},\"inLanguage\":\"en-GB\",\"potentialAction\":[{\"@type\":\"ReadAction\",\"target\":[\"https:\\\/\\\/marekkuchcinski.pl\\\/wydarzenia\\\/podsumowanie-prac-komisji-spraw-zagranicznych-2020-2021\\\/\"]}]},{\"@type\":\"ImageObject\",\"inLanguage\":\"en-GB\",\"@id\":\"https:\\\/\\\/marekkuchcinski.pl\\\/wydarzenia\\\/podsumowanie-prac-komisji-spraw-zagranicznych-2020-2021\\\/#primaryimage\",\"url\":\"https:\\\/\\\/marekkuchcinski.pl\\\/wp-content\\\/uploads\\\/2021\\\/07\\\/polska-prezydencja-w-V4-1.jpg\",\"contentUrl\":\"https:\\\/\\\/marekkuchcinski.pl\\\/wp-content\\\/uploads\\\/2021\\\/07\\\/polska-prezydencja-w-V4-1.jpg\",\"width\":1024,\"height\":768},{\"@type\":\"BreadcrumbList\",\"@id\":\"https:\\\/\\\/marekkuchcinski.pl\\\/wydarzenia\\\/podsumowanie-prac-komisji-spraw-zagranicznych-2020-2021\\\/#breadcrumb\",\"itemListElement\":[{\"@type\":\"ListItem\",\"position\":1,\"name\":\"Strona g\u0142\u00f3wna\",\"item\":\"https:\\\/\\\/marekkuchcinski.pl\\\/\"},{\"@type\":\"ListItem\",\"position\":2,\"name\":\"Podsumowanie prac Komisji Spraw Zagranicznych 2020\u20132021\"}]},{\"@type\":\"WebSite\",\"@id\":\"https:\\\/\\\/marekkuchcinski.pl\\\/#website\",\"url\":\"https:\\\/\\\/marekkuchcinski.pl\\\/\",\"name\":\"Marek Kuchci\u0144ski\",\"description\":\"Marek Kuchci\u0144ski \",\"publisher\":{\"@id\":\"https:\\\/\\\/marekkuchcinski.pl\\\/#organization\"},\"potentialAction\":[{\"@type\":\"SearchAction\",\"target\":{\"@type\":\"EntryPoint\",\"urlTemplate\":\"https:\\\/\\\/marekkuchcinski.pl\\\/?s={search_term_string}\"},\"query-input\":{\"@type\":\"PropertyValueSpecification\",\"valueRequired\":true,\"valueName\":\"search_term_string\"}}],\"inLanguage\":\"en-GB\"},{\"@type\":\"Organization\",\"@id\":\"https:\\\/\\\/marekkuchcinski.pl\\\/#organization\",\"name\":\"Marek Kuchci\u0144ski\",\"url\":\"https:\\\/\\\/marekkuchcinski.pl\\\/\",\"logo\":{\"@type\":\"ImageObject\",\"inLanguage\":\"en-GB\",\"@id\":\"https:\\\/\\\/marekkuchcinski.pl\\\/#\\\/schema\\\/logo\\\/image\\\/\",\"url\":\"https:\\\/\\\/marekkuchcinski.pl\\\/wp-content\\\/uploads\\\/2022\\\/09\\\/Marek.jpg\",\"contentUrl\":\"https:\\\/\\\/marekkuchcinski.pl\\\/wp-content\\\/uploads\\\/2022\\\/09\\\/Marek.jpg\",\"width\":1600,\"height\":971,\"caption\":\"Marek Kuchci\u0144ski\"},\"image\":{\"@id\":\"https:\\\/\\\/marekkuchcinski.pl\\\/#\\\/schema\\\/logo\\\/image\\\/\"}},{\"@type\":\"Person\",\"@id\":\"https:\\\/\\\/marekkuchcinski.pl\\\/#\\\/schema\\\/person\\\/bd3f15dee67fee76e83c8350d0154101\",\"name\":\"Marta Olejnik\",\"image\":{\"@type\":\"ImageObject\",\"inLanguage\":\"en-GB\",\"@id\":\"https:\\\/\\\/secure.gravatar.com\\\/avatar\\\/24754edd6080383402e292374b406b553027d572e97d60e7aa89a6940e88659a?s=96&d=mm&r=g\",\"url\":\"https:\\\/\\\/secure.gravatar.com\\\/avatar\\\/24754edd6080383402e292374b406b553027d572e97d60e7aa89a6940e88659a?s=96&d=mm&r=g\",\"contentUrl\":\"https:\\\/\\\/secure.gravatar.com\\\/avatar\\\/24754edd6080383402e292374b406b553027d572e97d60e7aa89a6940e88659a?s=96&d=mm&r=g\",\"caption\":\"Marta Olejnik\"},\"url\":\"https:\\\/\\\/marekkuchcinski.pl\\\/en\\\/author\\\/marta\\\/\"}]}<\/script>\n<!-- \/ Yoast SEO plugin. -->","yoast_head_json":{"title":"Podsumowanie prac Komisji Spraw Zagranicznych 2020\u20132021 &#8211; Marek Kuchci\u0144ski","robots":{"index":"index","follow":"follow","max-snippet":"max-snippet:-1","max-image-preview":"max-image-preview:large","max-video-preview":"max-video-preview:-1"},"canonical":"https:\/\/marekkuchcinski.pl\/en\/wydarzenia\/podsumowanie-prac-komisji-spraw-zagranicznych-2020-2021\/","og_locale":"en_GB","og_type":"article","og_title":"Podsumowanie prac Komisji Spraw Zagranicznych 2020\u20132021 &#8211; Marek Kuchci\u0144ski","og_description":"30 lat temu na wyszehradzkim zamku trzy pa\u0144stwa zobowi\u0105za\u0142y si\u0119 wspiera\u0107 w drodze do nowoczesno\u015bci. Stworzy\u0142y Grup\u0119 V4, kt\u00f3ra nie tylko przetrwa\u0142a wielkie przemiany w samej Europie, ale dzi\u015b jest wa\u017cnym graczem na arenie mi\u0119dzynarodowej.Wzajemne wsparcie i wsp\u00f3\u0142praca u\u0142atwi\u0142y wej\u015bcie Polski, W\u0119gier i Czech do NATO ju\u017c osiem lat po powstaniu Grupy. P\u00f3\u017aniej do Paktu [&hellip;]","og_url":"https:\/\/marekkuchcinski.pl\/en\/wydarzenia\/podsumowanie-prac-komisji-spraw-zagranicznych-2020-2021\/","og_site_name":"Marek Kuchci\u0144ski","article_published_time":"2021-07-18T12:24:59+00:00","article_modified_time":"2021-07-20T06:48:48+00:00","og_image":[{"width":1024,"height":768,"url":"https:\/\/marekkuchcinski.pl\/wp-content\/uploads\/2021\/07\/polska-prezydencja-w-V4-1.jpg","type":"image\/jpeg"}],"author":"Marta Olejnik","twitter_card":"summary_large_image","twitter_misc":{"Written by":"Marta Olejnik","Est. reading time":"3 minutes"},"schema":{"@context":"https:\/\/schema.org","@graph":[{"@type":"Article","@id":"https:\/\/marekkuchcinski.pl\/wydarzenia\/podsumowanie-prac-komisji-spraw-zagranicznych-2020-2021\/#article","isPartOf":{"@id":"https:\/\/marekkuchcinski.pl\/wydarzenia\/podsumowanie-prac-komisji-spraw-zagranicznych-2020-2021\/"},"author":{"name":"Marta Olejnik","@id":"https:\/\/marekkuchcinski.pl\/#\/schema\/person\/bd3f15dee67fee76e83c8350d0154101"},"headline":"Podsumowanie prac Komisji Spraw Zagranicznych 2020\u20132021","datePublished":"2021-07-18T12:24:59+00:00","dateModified":"2021-07-20T06:48:48+00:00","mainEntityOfPage":{"@id":"https:\/\/marekkuchcinski.pl\/wydarzenia\/podsumowanie-prac-komisji-spraw-zagranicznych-2020-2021\/"},"wordCount":757,"commentCount":0,"publisher":{"@id":"https:\/\/marekkuchcinski.pl\/#organization"},"image":{"@id":"https:\/\/marekkuchcinski.pl\/wydarzenia\/podsumowanie-prac-komisji-spraw-zagranicznych-2020-2021\/#primaryimage"},"thumbnailUrl":"https:\/\/marekkuchcinski.pl\/wp-content\/uploads\/2021\/07\/polska-prezydencja-w-V4-1.jpg","articleSection":["Wsp\u00f3\u0142praca mi\u0119dzynarodowa","Wydarzenia"],"inLanguage":"en-GB","potentialAction":[{"@type":"CommentAction","name":"Comment","target":["https:\/\/marekkuchcinski.pl\/wydarzenia\/podsumowanie-prac-komisji-spraw-zagranicznych-2020-2021\/#respond"]}]},{"@type":"WebPage","@id":"https:\/\/marekkuchcinski.pl\/wydarzenia\/podsumowanie-prac-komisji-spraw-zagranicznych-2020-2021\/","url":"https:\/\/marekkuchcinski.pl\/wydarzenia\/podsumowanie-prac-komisji-spraw-zagranicznych-2020-2021\/","name":"Podsumowanie prac Komisji Spraw Zagranicznych 2020\u20132021 &#8211; Marek Kuchci\u0144ski","isPartOf":{"@id":"https:\/\/marekkuchcinski.pl\/#website"},"primaryImageOfPage":{"@id":"https:\/\/marekkuchcinski.pl\/wydarzenia\/podsumowanie-prac-komisji-spraw-zagranicznych-2020-2021\/#primaryimage"},"image":{"@id":"https:\/\/marekkuchcinski.pl\/wydarzenia\/podsumowanie-prac-komisji-spraw-zagranicznych-2020-2021\/#primaryimage"},"thumbnailUrl":"https:\/\/marekkuchcinski.pl\/wp-content\/uploads\/2021\/07\/polska-prezydencja-w-V4-1.jpg","datePublished":"2021-07-18T12:24:59+00:00","dateModified":"2021-07-20T06:48:48+00:00","breadcrumb":{"@id":"https:\/\/marekkuchcinski.pl\/wydarzenia\/podsumowanie-prac-komisji-spraw-zagranicznych-2020-2021\/#breadcrumb"},"inLanguage":"en-GB","potentialAction":[{"@type":"ReadAction","target":["https:\/\/marekkuchcinski.pl\/wydarzenia\/podsumowanie-prac-komisji-spraw-zagranicznych-2020-2021\/"]}]},{"@type":"ImageObject","inLanguage":"en-GB","@id":"https:\/\/marekkuchcinski.pl\/wydarzenia\/podsumowanie-prac-komisji-spraw-zagranicznych-2020-2021\/#primaryimage","url":"https:\/\/marekkuchcinski.pl\/wp-content\/uploads\/2021\/07\/polska-prezydencja-w-V4-1.jpg","contentUrl":"https:\/\/marekkuchcinski.pl\/wp-content\/uploads\/2021\/07\/polska-prezydencja-w-V4-1.jpg","width":1024,"height":768},{"@type":"BreadcrumbList","@id":"https:\/\/marekkuchcinski.pl\/wydarzenia\/podsumowanie-prac-komisji-spraw-zagranicznych-2020-2021\/#breadcrumb","itemListElement":[{"@type":"ListItem","position":1,"name":"Strona g\u0142\u00f3wna","item":"https:\/\/marekkuchcinski.pl\/"},{"@type":"ListItem","position":2,"name":"Podsumowanie prac Komisji Spraw Zagranicznych 2020\u20132021"}]},{"@type":"WebSite","@id":"https:\/\/marekkuchcinski.pl\/#website","url":"https:\/\/marekkuchcinski.pl\/","name":"Marek Kuchci\u0144ski","description":"Marek Kuchci\u0144ski","publisher":{"@id":"https:\/\/marekkuchcinski.pl\/#organization"},"potentialAction":[{"@type":"SearchAction","target":{"@type":"EntryPoint","urlTemplate":"https:\/\/marekkuchcinski.pl\/?s={search_term_string}"},"query-input":{"@type":"PropertyValueSpecification","valueRequired":true,"valueName":"search_term_string"}}],"inLanguage":"en-GB"},{"@type":"Organization","@id":"https:\/\/marekkuchcinski.pl\/#organization","name":"Marek Kuchci\u0144ski","url":"https:\/\/marekkuchcinski.pl\/","logo":{"@type":"ImageObject","inLanguage":"en-GB","@id":"https:\/\/marekkuchcinski.pl\/#\/schema\/logo\/image\/","url":"https:\/\/marekkuchcinski.pl\/wp-content\/uploads\/2022\/09\/Marek.jpg","contentUrl":"https:\/\/marekkuchcinski.pl\/wp-content\/uploads\/2022\/09\/Marek.jpg","width":1600,"height":971,"caption":"Marek Kuchci\u0144ski"},"image":{"@id":"https:\/\/marekkuchcinski.pl\/#\/schema\/logo\/image\/"}},{"@type":"Person","@id":"https:\/\/marekkuchcinski.pl\/#\/schema\/person\/bd3f15dee67fee76e83c8350d0154101","name":"Marta Olejnik","image":{"@type":"ImageObject","inLanguage":"en-GB","@id":"https:\/\/secure.gravatar.com\/avatar\/24754edd6080383402e292374b406b553027d572e97d60e7aa89a6940e88659a?s=96&d=mm&r=g","url":"https:\/\/secure.gravatar.com\/avatar\/24754edd6080383402e292374b406b553027d572e97d60e7aa89a6940e88659a?s=96&d=mm&r=g","contentUrl":"https:\/\/secure.gravatar.com\/avatar\/24754edd6080383402e292374b406b553027d572e97d60e7aa89a6940e88659a?s=96&d=mm&r=g","caption":"Marta Olejnik"},"url":"https:\/\/marekkuchcinski.pl\/en\/author\/marta\/"}]}},"_links":{"self":[{"href":"https:\/\/marekkuchcinski.pl\/en\/wp-json\/wp\/v2\/posts\/22951","targetHints":{"allow":["GET"]}}],"collection":[{"href":"https:\/\/marekkuchcinski.pl\/en\/wp-json\/wp\/v2\/posts"}],"about":[{"href":"https:\/\/marekkuchcinski.pl\/en\/wp-json\/wp\/v2\/types\/post"}],"author":[{"embeddable":true,"href":"https:\/\/marekkuchcinski.pl\/en\/wp-json\/wp\/v2\/users\/3"}],"replies":[{"embeddable":true,"href":"https:\/\/marekkuchcinski.pl\/en\/wp-json\/wp\/v2\/comments?post=22951"}],"version-history":[{"count":18,"href":"https:\/\/marekkuchcinski.pl\/en\/wp-json\/wp\/v2\/posts\/22951\/revisions"}],"predecessor-version":[{"id":22994,"href":"https:\/\/marekkuchcinski.pl\/en\/wp-json\/wp\/v2\/posts\/22951\/revisions\/22994"}],"wp:featuredmedia":[{"embeddable":true,"href":"https:\/\/marekkuchcinski.pl\/en\/wp-json\/wp\/v2\/media\/22957"}],"wp:attachment":[{"href":"https:\/\/marekkuchcinski.pl\/en\/wp-json\/wp\/v2\/media?parent=22951"}],"wp:term":[{"taxonomy":"category","embeddable":true,"href":"https:\/\/marekkuchcinski.pl\/en\/wp-json\/wp\/v2\/categories?post=22951"},{"taxonomy":"post_tag","embeddable":true,"href":"https:\/\/marekkuchcinski.pl\/en\/wp-json\/wp\/v2\/tags?post=22951"}],"curies":[{"name":"wp","href":"https:\/\/api.w.org\/{rel}","templated":true}]}}