{"id":22935,"date":"2021-07-18T12:29:47","date_gmt":"2021-07-18T10:29:47","guid":{"rendered":"https:\/\/marekkuchcinski.pl\/?p=22935"},"modified":"2021-07-18T12:45:13","modified_gmt":"2021-07-18T10:45:13","slug":"marek-kuchcinski-polski-lad-to-szansa-na-dynamiczny-rozwoj-calej-polski","status":"publish","type":"post","link":"https:\/\/marekkuchcinski.pl\/en\/wydarzenia\/marek-kuchcinski-polski-lad-to-szansa-na-dynamiczny-rozwoj-calej-polski\/","title":{"rendered":"Marek Kuchci\u0144ski: The Polish Order is an opportunity for dynamic development of the whole of Poland"},"content":{"rendered":"<p><strong>- After the 2019 elections, we launched a number of measures to implement our programme of state repair. In addition, the government decided that it was necessary to use EU forms of support (more than PLN 770 billion) to stop the economic crisis caused by the pandemic,\" Marek Kuchci\u0144ski, who was on a visit to the district of Brzoz\u00f3w in Podkarpacie, noted.<\/strong> <\/p>\n\n\n\n<p><a href=\"https:\/\/www.facebook.com\/hashtag\/polski%C5%82ad?__eep__=6&amp;__cft__[0]=AZVzbi3vpnqGDUcl-ykQC94toynSD0-Z0_nG3OlLQ0Sg9oup6MR4AkyB9EO817r1J_QuF35iabNOUatPDi9nrMGgXnsLfulNf9Hf0JmjkbAreN8NbQyJq4HhnHWKOOzdcmwYWYUHeIBeQZr6G1rYCQxR&amp;__tn__=*NK-R\">#PPolishLad<\/a> It is a chance for dynamic development of the whole Poland. It means lower taxes for over 18 million Poles (we will introduce a fair system of public levies), a tax-free pension, abolition of limits to specialists, 7% of GDP for health, an apartment without own contribution, a house without formalities. The Polish Deal is also another support for families for the second and next child in the amount of PLN 12 thousand. Poland's poviats and communes must be reborn, which is why the PLA also means subsidies for investment and new jobs, but also better infrastructure and accessibility. Small Science Centres \"Kopernik\" will also be established in medium and small towns. We do not forget about the Polish countryside. The P\u00b3 is, among other things, support for family farms, higher subsidies for agricultural fuel and facilitation of direct sale by farmers.<\/p>\n\n\n\n<figure class=\"wp-block-image size-large\"><a href=\"https:\/\/marekkuchcinski.pl\/wp-content\/uploads\/2021\/07\/Orzechowka-1.jpg\"><img fetchpriority=\"high\" decoding=\"async\" width=\"912\" height=\"592\" src=\"https:\/\/marekkuchcinski.pl\/wp-content\/uploads\/2021\/07\/Orzechowka-1.jpg\" alt=\"\" class=\"wp-image-22939\" srcset=\"https:\/\/marekkuchcinski.pl\/wp-content\/uploads\/2021\/07\/Orzechowka-1.jpg 912w, https:\/\/marekkuchcinski.pl\/wp-content\/uploads\/2021\/07\/Orzechowka-1-300x195.jpg 300w, https:\/\/marekkuchcinski.pl\/wp-content\/uploads\/2021\/07\/Orzechowka-1-768x499.jpg 768w, https:\/\/marekkuchcinski.pl\/wp-content\/uploads\/2021\/07\/Orzechowka-1-16x10.jpg 16w\" sizes=\"(max-width: 912px) 100vw, 912px\" \/><\/a><\/figure>\n\n\n\n<figure class=\"wp-block-image size-large is-resized\"><a href=\"https:\/\/marekkuchcinski.pl\/wp-content\/uploads\/2021\/07\/217672246_558396001826642_1902294771342566112_n_edited.jpg\"><img decoding=\"async\" src=\"https:\/\/marekkuchcinski.pl\/wp-content\/uploads\/2021\/07\/217672246_558396001826642_1902294771342566112_n_edited.jpg\" alt=\"\" class=\"wp-image-22940\" width=\"838\" height=\"598\" srcset=\"https:\/\/marekkuchcinski.pl\/wp-content\/uploads\/2021\/07\/217672246_558396001826642_1902294771342566112_n_edited.jpg 724w, https:\/\/marekkuchcinski.pl\/wp-content\/uploads\/2021\/07\/217672246_558396001826642_1902294771342566112_n_edited-300x214.jpg 300w, https:\/\/marekkuchcinski.pl\/wp-content\/uploads\/2021\/07\/217672246_558396001826642_1902294771342566112_n_edited-16x12.jpg 16w\" sizes=\"(max-width: 838px) 100vw, 838px\" \/><\/a><\/figure>\n\n\n\n<p><\/p>","protected":false},"excerpt":{"rendered":"<p>- After the 2019 elections, we launched a number of measures to implement our programme of state repair. In addition, the government decided that it was necessary to use EU forms of support (more than PLN 770 billion) to stop the economic crisis caused by the pandemic,\" Marek Kuchci\u0144ski, who was on a visit to the district of Brzoz\u00f3w in Podkarpacie, noted. #Polski\u0141ad is an opportunity for the dynamic development of the entire Poland. It [...]<\/p>","protected":false},"author":21,"featured_media":22938,"comment_status":"open","ping_status":"open","sticky":false,"template":"","format":"standard","meta":{"ngg_post_thumbnail":0,"footnotes":""},"categories":[82,3],"tags":[],"class_list":["post-22935","post","type-post","status-publish","format-standard","has-post-thumbnail","hentry","category-prawo-i-sprawiedliwosc","category-wydarzenia"],"yoast_head":"<!-- This site is optimized with the Yoast SEO plugin v24.7 - https:\/\/yoast.com\/wordpress\/plugins\/seo\/ -->\n<title>Marek Kuchci\u0144ski: Polski \u0141ad to szansa na dynamiczny rozw\u00f3j ca\u0142ej Polski &#8211; Marek Kuchci\u0144ski<\/title>\n<meta name=\"robots\" content=\"index, follow, max-snippet:-1, max-image-preview:large, max-video-preview:-1\" \/>\n<link rel=\"canonical\" href=\"https:\/\/marekkuchcinski.pl\/en\/wydarzenia\/marek-kuchcinski-polski-lad-to-szansa-na-dynamiczny-rozwoj-calej-polski\/\" \/>\n<meta property=\"og:locale\" content=\"en_GB\" \/>\n<meta property=\"og:type\" content=\"article\" \/>\n<meta property=\"og:title\" content=\"Marek Kuchci\u0144ski: Polski \u0141ad to szansa na dynamiczny rozw\u00f3j ca\u0142ej Polski &#8211; Marek Kuchci\u0144ski\" \/>\n<meta property=\"og:description\" content=\"\u2013 Po wyborach 2019 roku uruchomili\u015bmy szereg dzia\u0142a\u0144 s\u0142u\u017c\u0105cych realizacji naszego programu naprawy pa\u0144stwa. Dodatkowo rz\u0105d uzna\u0142, \u017ce nale\u017cy skorzysta\u0107 z unijnych form wsparcia (ponad 770 mld z\u0142), by powstrzyma\u0107 kryzys gospodarczy wywo\u0142any pandemi\u0105 \u2013 zaznaczy\u0142 Marek Kuchci\u0144ski, przebywaj\u0105cy z wizyt\u0105 w powiecie brzozowskim na Podkarpaciu. #Polski\u0141ad to szansa na dynamiczny rozw\u00f3j ca\u0142ej Polski. To [&hellip;]\" \/>\n<meta property=\"og:url\" content=\"https:\/\/marekkuchcinski.pl\/en\/wydarzenia\/marek-kuchcinski-polski-lad-to-szansa-na-dynamiczny-rozwoj-calej-polski\/\" \/>\n<meta property=\"og:site_name\" content=\"Marek Kuchci\u0144ski\" \/>\n<meta property=\"article:published_time\" content=\"2021-07-18T10:29:47+00:00\" \/>\n<meta property=\"article:modified_time\" content=\"2021-07-18T10:45:13+00:00\" \/>\n<meta property=\"og:image\" content=\"https:\/\/marekkuchcinski.pl\/wp-content\/uploads\/2021\/07\/Orzechowka.jpg\" \/>\n\t<meta property=\"og:image:width\" content=\"912\" \/>\n\t<meta property=\"og:image:height\" content=\"592\" \/>\n\t<meta property=\"og:image:type\" content=\"image\/jpeg\" \/>\n<meta name=\"author\" content=\"Marta Olejnik\" \/>\n<meta name=\"twitter:card\" content=\"summary_large_image\" \/>\n<meta name=\"twitter:label1\" content=\"Written by\" \/>\n\t<meta name=\"twitter:data1\" content=\"Marta Olejnik\" \/>\n\t<meta name=\"twitter:label2\" content=\"Estimated reading time\" \/>\n\t<meta name=\"twitter:data2\" content=\"2 minutes\" \/>\n<script type=\"application\/ld+json\" class=\"yoast-schema-graph\">{\"@context\":\"https:\/\/schema.org\",\"@graph\":[{\"@type\":\"Article\",\"@id\":\"https:\/\/marekkuchcinski.pl\/wydarzenia\/marek-kuchcinski-polski-lad-to-szansa-na-dynamiczny-rozwoj-calej-polski\/#article\",\"isPartOf\":{\"@id\":\"https:\/\/marekkuchcinski.pl\/wydarzenia\/marek-kuchcinski-polski-lad-to-szansa-na-dynamiczny-rozwoj-calej-polski\/\"},\"author\":{\"name\":\"Marta Olejnik\",\"@id\":\"https:\/\/marekkuchcinski.pl\/#\/schema\/person\/51d5d4ee3b5317b8e4dd2b48af359229\"},\"headline\":\"Marek Kuchci\u0144ski: Polski \u0141ad to szansa na dynamiczny rozw\u00f3j ca\u0142ej Polski\",\"datePublished\":\"2021-07-18T10:29:47+00:00\",\"dateModified\":\"2021-07-18T10:45:13+00:00\",\"mainEntityOfPage\":{\"@id\":\"https:\/\/marekkuchcinski.pl\/wydarzenia\/marek-kuchcinski-polski-lad-to-szansa-na-dynamiczny-rozwoj-calej-polski\/\"},\"wordCount\":206,\"commentCount\":0,\"publisher\":{\"@id\":\"https:\/\/marekkuchcinski.pl\/#organization\"},\"image\":{\"@id\":\"https:\/\/marekkuchcinski.pl\/wydarzenia\/marek-kuchcinski-polski-lad-to-szansa-na-dynamiczny-rozwoj-calej-polski\/#primaryimage\"},\"thumbnailUrl\":\"https:\/\/marekkuchcinski.pl\/wp-content\/uploads\/2021\/07\/Orzechowka.jpg\",\"articleSection\":[\"Prawo i Sprawiedliwo\u015b\u0107\",\"Wydarzenia\"],\"inLanguage\":\"en-GB\",\"potentialAction\":[{\"@type\":\"CommentAction\",\"name\":\"Comment\",\"target\":[\"https:\/\/marekkuchcinski.pl\/wydarzenia\/marek-kuchcinski-polski-lad-to-szansa-na-dynamiczny-rozwoj-calej-polski\/#respond\"]}]},{\"@type\":\"WebPage\",\"@id\":\"https:\/\/marekkuchcinski.pl\/wydarzenia\/marek-kuchcinski-polski-lad-to-szansa-na-dynamiczny-rozwoj-calej-polski\/\",\"url\":\"https:\/\/marekkuchcinski.pl\/wydarzenia\/marek-kuchcinski-polski-lad-to-szansa-na-dynamiczny-rozwoj-calej-polski\/\",\"name\":\"Marek Kuchci\u0144ski: Polski \u0141ad to szansa na dynamiczny rozw\u00f3j ca\u0142ej Polski &#8211; Marek Kuchci\u0144ski\",\"isPartOf\":{\"@id\":\"https:\/\/marekkuchcinski.pl\/#website\"},\"primaryImageOfPage\":{\"@id\":\"https:\/\/marekkuchcinski.pl\/wydarzenia\/marek-kuchcinski-polski-lad-to-szansa-na-dynamiczny-rozwoj-calej-polski\/#primaryimage\"},\"image\":{\"@id\":\"https:\/\/marekkuchcinski.pl\/wydarzenia\/marek-kuchcinski-polski-lad-to-szansa-na-dynamiczny-rozwoj-calej-polski\/#primaryimage\"},\"thumbnailUrl\":\"https:\/\/marekkuchcinski.pl\/wp-content\/uploads\/2021\/07\/Orzechowka.jpg\",\"datePublished\":\"2021-07-18T10:29:47+00:00\",\"dateModified\":\"2021-07-18T10:45:13+00:00\",\"breadcrumb\":{\"@id\":\"https:\/\/marekkuchcinski.pl\/wydarzenia\/marek-kuchcinski-polski-lad-to-szansa-na-dynamiczny-rozwoj-calej-polski\/#breadcrumb\"},\"inLanguage\":\"en-GB\",\"potentialAction\":[{\"@type\":\"ReadAction\",\"target\":[\"https:\/\/marekkuchcinski.pl\/wydarzenia\/marek-kuchcinski-polski-lad-to-szansa-na-dynamiczny-rozwoj-calej-polski\/\"]}]},{\"@type\":\"ImageObject\",\"inLanguage\":\"en-GB\",\"@id\":\"https:\/\/marekkuchcinski.pl\/wydarzenia\/marek-kuchcinski-polski-lad-to-szansa-na-dynamiczny-rozwoj-calej-polski\/#primaryimage\",\"url\":\"https:\/\/marekkuchcinski.pl\/wp-content\/uploads\/2021\/07\/Orzechowka.jpg\",\"contentUrl\":\"https:\/\/marekkuchcinski.pl\/wp-content\/uploads\/2021\/07\/Orzechowka.jpg\",\"width\":912,\"height\":592},{\"@type\":\"BreadcrumbList\",\"@id\":\"https:\/\/marekkuchcinski.pl\/wydarzenia\/marek-kuchcinski-polski-lad-to-szansa-na-dynamiczny-rozwoj-calej-polski\/#breadcrumb\",\"itemListElement\":[{\"@type\":\"ListItem\",\"position\":1,\"name\":\"Strona g\u0142\u00f3wna\",\"item\":\"https:\/\/marekkuchcinski.pl\/\"},{\"@type\":\"ListItem\",\"position\":2,\"name\":\"Marek Kuchci\u0144ski: Polski \u0141ad to szansa na dynamiczny rozw\u00f3j ca\u0142ej Polski\"}]},{\"@type\":\"WebSite\",\"@id\":\"https:\/\/marekkuchcinski.pl\/#website\",\"url\":\"https:\/\/marekkuchcinski.pl\/\",\"name\":\"Marek Kuchci\u0144ski\",\"description\":\"Pose\u0142 na sejm RP &ndash; okr\u0119g nr 22\",\"publisher\":{\"@id\":\"https:\/\/marekkuchcinski.pl\/#organization\"},\"potentialAction\":[{\"@type\":\"SearchAction\",\"target\":{\"@type\":\"EntryPoint\",\"urlTemplate\":\"https:\/\/marekkuchcinski.pl\/?s={search_term_string}\"},\"query-input\":{\"@type\":\"PropertyValueSpecification\",\"valueRequired\":true,\"valueName\":\"search_term_string\"}}],\"inLanguage\":\"en-GB\"},{\"@type\":\"Organization\",\"@id\":\"https:\/\/marekkuchcinski.pl\/#organization\",\"name\":\"Marek Kuchci\u0144ski\",\"url\":\"https:\/\/marekkuchcinski.pl\/\",\"logo\":{\"@type\":\"ImageObject\",\"inLanguage\":\"en-GB\",\"@id\":\"https:\/\/marekkuchcinski.pl\/#\/schema\/logo\/image\/\",\"url\":\"https:\/\/marekkuchcinski.pl\/wp-content\/uploads\/2022\/09\/Marek.jpg\",\"contentUrl\":\"https:\/\/marekkuchcinski.pl\/wp-content\/uploads\/2022\/09\/Marek.jpg\",\"width\":1600,\"height\":971,\"caption\":\"Marek Kuchci\u0144ski\"},\"image\":{\"@id\":\"https:\/\/marekkuchcinski.pl\/#\/schema\/logo\/image\/\"}},{\"@type\":\"Person\",\"@id\":\"https:\/\/marekkuchcinski.pl\/#\/schema\/person\/51d5d4ee3b5317b8e4dd2b48af359229\",\"name\":\"Marta Olejnik\",\"image\":{\"@type\":\"ImageObject\",\"inLanguage\":\"en-GB\",\"@id\":\"https:\/\/marekkuchcinski.pl\/#\/schema\/person\/image\/\",\"url\":\"https:\/\/secure.gravatar.com\/avatar\/e39914b2aa6a48959e24d475b5dc9793?s=96&d=mm&r=g\",\"contentUrl\":\"https:\/\/secure.gravatar.com\/avatar\/e39914b2aa6a48959e24d475b5dc9793?s=96&d=mm&r=g\",\"caption\":\"Marta Olejnik\"},\"url\":\"https:\/\/marekkuchcinski.pl\/en\/author\/marta\/\"}]}<\/script>\n<!-- \/ Yoast SEO plugin. -->","yoast_head_json":{"title":"Marek Kuchci\u0144ski: Polski \u0141ad to szansa na dynamiczny rozw\u00f3j ca\u0142ej Polski &#8211; Marek Kuchci\u0144ski","robots":{"index":"index","follow":"follow","max-snippet":"max-snippet:-1","max-image-preview":"max-image-preview:large","max-video-preview":"max-video-preview:-1"},"canonical":"https:\/\/marekkuchcinski.pl\/en\/wydarzenia\/marek-kuchcinski-polski-lad-to-szansa-na-dynamiczny-rozwoj-calej-polski\/","og_locale":"en_GB","og_type":"article","og_title":"Marek Kuchci\u0144ski: Polski \u0141ad to szansa na dynamiczny rozw\u00f3j ca\u0142ej Polski &#8211; Marek Kuchci\u0144ski","og_description":"\u2013 Po wyborach 2019 roku uruchomili\u015bmy szereg dzia\u0142a\u0144 s\u0142u\u017c\u0105cych realizacji naszego programu naprawy pa\u0144stwa. Dodatkowo rz\u0105d uzna\u0142, \u017ce nale\u017cy skorzysta\u0107 z unijnych form wsparcia (ponad 770 mld z\u0142), by powstrzyma\u0107 kryzys gospodarczy wywo\u0142any pandemi\u0105 \u2013 zaznaczy\u0142 Marek Kuchci\u0144ski, przebywaj\u0105cy z wizyt\u0105 w powiecie brzozowskim na Podkarpaciu. #Polski\u0141ad to szansa na dynamiczny rozw\u00f3j ca\u0142ej Polski. To [&hellip;]","og_url":"https:\/\/marekkuchcinski.pl\/en\/wydarzenia\/marek-kuchcinski-polski-lad-to-szansa-na-dynamiczny-rozwoj-calej-polski\/","og_site_name":"Marek Kuchci\u0144ski","article_published_time":"2021-07-18T10:29:47+00:00","article_modified_time":"2021-07-18T10:45:13+00:00","og_image":[{"width":912,"height":592,"url":"https:\/\/marekkuchcinski.pl\/wp-content\/uploads\/2021\/07\/Orzechowka.jpg","type":"image\/jpeg"}],"author":"Marta Olejnik","twitter_card":"summary_large_image","twitter_misc":{"Written by":"Marta Olejnik","Estimated reading time":"2 minutes"},"schema":{"@context":"https:\/\/schema.org","@graph":[{"@type":"Article","@id":"https:\/\/marekkuchcinski.pl\/wydarzenia\/marek-kuchcinski-polski-lad-to-szansa-na-dynamiczny-rozwoj-calej-polski\/#article","isPartOf":{"@id":"https:\/\/marekkuchcinski.pl\/wydarzenia\/marek-kuchcinski-polski-lad-to-szansa-na-dynamiczny-rozwoj-calej-polski\/"},"author":{"name":"Marta Olejnik","@id":"https:\/\/marekkuchcinski.pl\/#\/schema\/person\/51d5d4ee3b5317b8e4dd2b48af359229"},"headline":"Marek Kuchci\u0144ski: Polski \u0141ad to szansa na dynamiczny rozw\u00f3j ca\u0142ej Polski","datePublished":"2021-07-18T10:29:47+00:00","dateModified":"2021-07-18T10:45:13+00:00","mainEntityOfPage":{"@id":"https:\/\/marekkuchcinski.pl\/wydarzenia\/marek-kuchcinski-polski-lad-to-szansa-na-dynamiczny-rozwoj-calej-polski\/"},"wordCount":206,"commentCount":0,"publisher":{"@id":"https:\/\/marekkuchcinski.pl\/#organization"},"image":{"@id":"https:\/\/marekkuchcinski.pl\/wydarzenia\/marek-kuchcinski-polski-lad-to-szansa-na-dynamiczny-rozwoj-calej-polski\/#primaryimage"},"thumbnailUrl":"https:\/\/marekkuchcinski.pl\/wp-content\/uploads\/2021\/07\/Orzechowka.jpg","articleSection":["Prawo i Sprawiedliwo\u015b\u0107","Wydarzenia"],"inLanguage":"en-GB","potentialAction":[{"@type":"CommentAction","name":"Comment","target":["https:\/\/marekkuchcinski.pl\/wydarzenia\/marek-kuchcinski-polski-lad-to-szansa-na-dynamiczny-rozwoj-calej-polski\/#respond"]}]},{"@type":"WebPage","@id":"https:\/\/marekkuchcinski.pl\/wydarzenia\/marek-kuchcinski-polski-lad-to-szansa-na-dynamiczny-rozwoj-calej-polski\/","url":"https:\/\/marekkuchcinski.pl\/wydarzenia\/marek-kuchcinski-polski-lad-to-szansa-na-dynamiczny-rozwoj-calej-polski\/","name":"Marek Kuchci\u0144ski: Polski \u0141ad to szansa na dynamiczny rozw\u00f3j ca\u0142ej Polski &#8211; Marek Kuchci\u0144ski","isPartOf":{"@id":"https:\/\/marekkuchcinski.pl\/#website"},"primaryImageOfPage":{"@id":"https:\/\/marekkuchcinski.pl\/wydarzenia\/marek-kuchcinski-polski-lad-to-szansa-na-dynamiczny-rozwoj-calej-polski\/#primaryimage"},"image":{"@id":"https:\/\/marekkuchcinski.pl\/wydarzenia\/marek-kuchcinski-polski-lad-to-szansa-na-dynamiczny-rozwoj-calej-polski\/#primaryimage"},"thumbnailUrl":"https:\/\/marekkuchcinski.pl\/wp-content\/uploads\/2021\/07\/Orzechowka.jpg","datePublished":"2021-07-18T10:29:47+00:00","dateModified":"2021-07-18T10:45:13+00:00","breadcrumb":{"@id":"https:\/\/marekkuchcinski.pl\/wydarzenia\/marek-kuchcinski-polski-lad-to-szansa-na-dynamiczny-rozwoj-calej-polski\/#breadcrumb"},"inLanguage":"en-GB","potentialAction":[{"@type":"ReadAction","target":["https:\/\/marekkuchcinski.pl\/wydarzenia\/marek-kuchcinski-polski-lad-to-szansa-na-dynamiczny-rozwoj-calej-polski\/"]}]},{"@type":"ImageObject","inLanguage":"en-GB","@id":"https:\/\/marekkuchcinski.pl\/wydarzenia\/marek-kuchcinski-polski-lad-to-szansa-na-dynamiczny-rozwoj-calej-polski\/#primaryimage","url":"https:\/\/marekkuchcinski.pl\/wp-content\/uploads\/2021\/07\/Orzechowka.jpg","contentUrl":"https:\/\/marekkuchcinski.pl\/wp-content\/uploads\/2021\/07\/Orzechowka.jpg","width":912,"height":592},{"@type":"BreadcrumbList","@id":"https:\/\/marekkuchcinski.pl\/wydarzenia\/marek-kuchcinski-polski-lad-to-szansa-na-dynamiczny-rozwoj-calej-polski\/#breadcrumb","itemListElement":[{"@type":"ListItem","position":1,"name":"Strona g\u0142\u00f3wna","item":"https:\/\/marekkuchcinski.pl\/"},{"@type":"ListItem","position":2,"name":"Marek Kuchci\u0144ski: Polski \u0141ad to szansa na dynamiczny rozw\u00f3j ca\u0142ej Polski"}]},{"@type":"WebSite","@id":"https:\/\/marekkuchcinski.pl\/#website","url":"https:\/\/marekkuchcinski.pl\/","name":"Marek Kuchci\u0144ski","description":"Pose\u0142 na sejm RP &ndash; okr\u0119g nr 22","publisher":{"@id":"https:\/\/marekkuchcinski.pl\/#organization"},"potentialAction":[{"@type":"SearchAction","target":{"@type":"EntryPoint","urlTemplate":"https:\/\/marekkuchcinski.pl\/?s={search_term_string}"},"query-input":{"@type":"PropertyValueSpecification","valueRequired":true,"valueName":"search_term_string"}}],"inLanguage":"en-GB"},{"@type":"Organization","@id":"https:\/\/marekkuchcinski.pl\/#organization","name":"Marek Kuchci\u0144ski","url":"https:\/\/marekkuchcinski.pl\/","logo":{"@type":"ImageObject","inLanguage":"en-GB","@id":"https:\/\/marekkuchcinski.pl\/#\/schema\/logo\/image\/","url":"https:\/\/marekkuchcinski.pl\/wp-content\/uploads\/2022\/09\/Marek.jpg","contentUrl":"https:\/\/marekkuchcinski.pl\/wp-content\/uploads\/2022\/09\/Marek.jpg","width":1600,"height":971,"caption":"Marek Kuchci\u0144ski"},"image":{"@id":"https:\/\/marekkuchcinski.pl\/#\/schema\/logo\/image\/"}},{"@type":"Person","@id":"https:\/\/marekkuchcinski.pl\/#\/schema\/person\/51d5d4ee3b5317b8e4dd2b48af359229","name":"Marta Olejnik","image":{"@type":"ImageObject","inLanguage":"en-GB","@id":"https:\/\/marekkuchcinski.pl\/#\/schema\/person\/image\/","url":"https:\/\/secure.gravatar.com\/avatar\/e39914b2aa6a48959e24d475b5dc9793?s=96&d=mm&r=g","contentUrl":"https:\/\/secure.gravatar.com\/avatar\/e39914b2aa6a48959e24d475b5dc9793?s=96&d=mm&r=g","caption":"Marta Olejnik"},"url":"https:\/\/marekkuchcinski.pl\/en\/author\/marta\/"}]}},"_links":{"self":[{"href":"https:\/\/marekkuchcinski.pl\/en\/wp-json\/wp\/v2\/posts\/22935","targetHints":{"allow":["GET"]}}],"collection":[{"href":"https:\/\/marekkuchcinski.pl\/en\/wp-json\/wp\/v2\/posts"}],"about":[{"href":"https:\/\/marekkuchcinski.pl\/en\/wp-json\/wp\/v2\/types\/post"}],"author":[{"embeddable":true,"href":"https:\/\/marekkuchcinski.pl\/en\/wp-json\/wp\/v2\/users\/21"}],"replies":[{"embeddable":true,"href":"https:\/\/marekkuchcinski.pl\/en\/wp-json\/wp\/v2\/comments?post=22935"}],"version-history":[{"count":6,"href":"https:\/\/marekkuchcinski.pl\/en\/wp-json\/wp\/v2\/posts\/22935\/revisions"}],"predecessor-version":[{"id":22946,"href":"https:\/\/marekkuchcinski.pl\/en\/wp-json\/wp\/v2\/posts\/22935\/revisions\/22946"}],"wp:featuredmedia":[{"embeddable":true,"href":"https:\/\/marekkuchcinski.pl\/en\/wp-json\/wp\/v2\/media\/22938"}],"wp:attachment":[{"href":"https:\/\/marekkuchcinski.pl\/en\/wp-json\/wp\/v2\/media?parent=22935"}],"wp:term":[{"taxonomy":"category","embeddable":true,"href":"https:\/\/marekkuchcinski.pl\/en\/wp-json\/wp\/v2\/categories?post=22935"},{"taxonomy":"post_tag","embeddable":true,"href":"https:\/\/marekkuchcinski.pl\/en\/wp-json\/wp\/v2\/tags?post=22935"}],"curies":[{"name":"wp","href":"https:\/\/api.w.org\/{rel}","templated":true}]}}