{"id":22793,"date":"2021-06-25T10:37:00","date_gmt":"2021-06-25T08:37:00","guid":{"rendered":"https:\/\/marekkuchcinski.pl\/?p=22793"},"modified":"2021-06-25T14:41:01","modified_gmt":"2021-06-25T12:41:01","slug":"komisja-spraw-zagranicznych-zapoznala-sie-z-informacja-nt-promocji-polskiej-kultury-za-granica","status":"publish","type":"post","link":"https:\/\/marekkuchcinski.pl\/en\/wydarzenia\/komisja-spraw-zagranicznych-zapoznala-sie-z-informacja-nt-promocji-polskiej-kultury-za-granica\/","title":{"rendered":"Committee on Foreign Affairs familiarized itself with information on promotion of Polish culture abroad"},"content":{"rendered":"<p><strong><u>Committees: Culture and Media \/KSP\/ and Foreign Affairs \/SZA\/<\/u><\/strong> considered the information of the Minister of Culture, National Heritage and Sports and the Minister of Foreign Affairs on the promotion of Polish culture abroad and the activity of Polish Institutes abroad, along with the information of the Supreme Audit Office.<\/p>\n\n\n\n<p>The information was presented by Jaros\u0142aw Sellin, Secretary of State at the Ministry of Culture, National Heritage and Sports, Szymon Szynkowski vel S\u0119k, Secretary of State at the Ministry of Foreign Affairs, Barbara Schabowska, Director of the Adam Mickiewicz Institute, and Piotr Prokopczyk, Director of the Department of Science, Education and National Heritage of the Supreme Audit Office.<\/p>\n\n\n\n<p>The Supreme Chamber of Control in 2013-2018 audited 12 entities: Ministry of Foreign Affairs, Ministry of Culture and National Heritage, Adam Mickiewicz Institute, Polish Film Institute, International Cultural Centre, Book Institute and six Polish institutes in: London, Tel Aviv, Beijing, New York, Berlin and Kiev.<\/p>\n\n\n\n<p>As a result of the audit, NIK concluded that one of the main reasons why an integrated system for the promotion of Polish culture abroad is still not in place is the lack of proper cooperation between the Ministry of Culture and National Heritage and the Ministry of Foreign Affairs, and one of the effects is the dispersion of activities and the state budget funds allocated for them. In the years 2013-2018, the promotion of Polish culture abroad was handled, without proper coordination, by more than 120 different types of units subordinate to those ministries. However, the ministries themselves did not separate special tasks in their plans, nor did they create a separate budget for such activities, and the goals they set for themselves in this area are included in documents concerning the broadly defined promotion of Poland. Thus, NIK could not assess whether the state was effectively popularizing its culture abroad.<\/p>\n\n\n\n<p>In response to the conclusions formulated during the audit of the Supreme Audit Office, in December 2018, Minister of Culture and National Heritage - Piotr Glinski and Minister of Foreign Affairs - Jacek Czaputowicz signed an Agreement on Cooperation in the Promotion of Polish Culture Abroad defining the areas of joint action through the construction of an integrated system for the promotion of Polish culture abroad (programming and implementation of joint projects on the promotion of Polish culture abroad, coordination of activities under the financial support mechanisms available to MKDiNS and the Ministry of Foreign Affairs, training and exchange of information).<\/p>\n\n\n\n<p>In 2019-2020, the mechanisms of cooperation in the implementation of key projects for the promotion of Polish culture abroad have improved. The most important institution for the promotion of Polish culture abroad is the Adam Mickiewicz Institute. In 2020, a new program concept for 2020-2023 was approved, which refers to the set of unique values of Polish culture, shaped by centuries of Christian tradition, strong European roots, geographical location, history of the 19th and 20th centuries and transformation.<\/p>\n\n\n\n<p>In the discussion, MEPs requested more detailed information on the activities of Polish institutes abroad and their actual spending on cultural activities. They also raised questions about the directions of cultural promotion events and their attractiveness for children and young people, the promotion of Polish inventors and scientists, the involvement of Polish artists living abroad in the promotion of Polish culture, the expenses of the Polish National Foundation for the promotion of Polish culture abroad and how the Adam Mickiewicz Institute seeks cooperation partners.<\/p>\n\n\n\n<p>The meeting was attended by the Director of the Wac\u0142aw Felczak Institute for Polish-Hungarian Cooperation, Maciej Szymanowski.<\/p>\n\n\n\n<figure class=\"wp-block-image size-large\"><a href=\"https:\/\/marekkuchcinski.pl\/wp-content\/uploads\/2021\/06\/E4oqGmYXwAE4CdB-1-scaled.jpg\"><img fetchpriority=\"high\" decoding=\"async\" width=\"1024\" height=\"683\" src=\"https:\/\/marekkuchcinski.pl\/wp-content\/uploads\/2021\/06\/E4oqGmYXwAE4CdB-1-1024x683.jpg\" alt=\"\" class=\"wp-image-22796\" srcset=\"https:\/\/marekkuchcinski.pl\/wp-content\/uploads\/2021\/06\/E4oqGmYXwAE4CdB-1-1024x683.jpg 1024w, https:\/\/marekkuchcinski.pl\/wp-content\/uploads\/2021\/06\/E4oqGmYXwAE4CdB-1-300x200.jpg 300w, https:\/\/marekkuchcinski.pl\/wp-content\/uploads\/2021\/06\/E4oqGmYXwAE4CdB-1-768x512.jpg 768w, https:\/\/marekkuchcinski.pl\/wp-content\/uploads\/2021\/06\/E4oqGmYXwAE4CdB-1-1536x1024.jpg 1536w, https:\/\/marekkuchcinski.pl\/wp-content\/uploads\/2021\/06\/E4oqGmYXwAE4CdB-1-scaled.jpg 2048w, https:\/\/marekkuchcinski.pl\/wp-content\/uploads\/2021\/06\/E4oqGmYXwAE4CdB-1-16x12.jpg 16w\" sizes=\"(max-width: 1024px) 100vw, 1024px\" \/><\/a><\/figure>\n\n\n\n<figure class=\"wp-block-image size-large\"><a href=\"https:\/\/marekkuchcinski.pl\/wp-content\/uploads\/2021\/06\/E4oqFaNWYAIOxfc-scaled.jpg\"><img decoding=\"async\" width=\"1024\" height=\"682\" src=\"https:\/\/marekkuchcinski.pl\/wp-content\/uploads\/2021\/06\/E4oqFaNWYAIOxfc-1024x682.jpg\" alt=\"\" class=\"wp-image-22797\" srcset=\"https:\/\/marekkuchcinski.pl\/wp-content\/uploads\/2021\/06\/E4oqFaNWYAIOxfc-1024x682.jpg 1024w, https:\/\/marekkuchcinski.pl\/wp-content\/uploads\/2021\/06\/E4oqFaNWYAIOxfc-300x200.jpg 300w, https:\/\/marekkuchcinski.pl\/wp-content\/uploads\/2021\/06\/E4oqFaNWYAIOxfc-768x512.jpg 768w, https:\/\/marekkuchcinski.pl\/wp-content\/uploads\/2021\/06\/E4oqFaNWYAIOxfc-1536x1023.jpg 1536w, https:\/\/marekkuchcinski.pl\/wp-content\/uploads\/2021\/06\/E4oqFaNWYAIOxfc-scaled.jpg 2048w, https:\/\/marekkuchcinski.pl\/wp-content\/uploads\/2021\/06\/E4oqFaNWYAIOxfc-16x12.jpg 16w\" sizes=\"(max-width: 1024px) 100vw, 1024px\" \/><\/a><\/figure>","protected":false},"excerpt":{"rendered":"<p>The Committees on Culture and Media \/KSP\/ and Foreign Affairs \/SZA\/ considered information from the Minister of Culture, National Heritage and Sports and the Minister of Foreign Affairs on the promotion of Polish culture abroad and the activities of Polish Institutes abroad, together with information from the Supreme Audit Office. The information was presented by the Secretary of State at the Ministry of Culture, National Heritage and Sports - Jaroslaw Sellin, [...]<\/p>","protected":false},"author":21,"featured_media":22795,"comment_status":"open","ping_status":"open","sticky":false,"template":"","format":"standard","meta":{"ngg_post_thumbnail":0,"footnotes":""},"categories":[164,81,50,3],"tags":[],"class_list":["post-22793","post","type-post","status-publish","format-standard","has-post-thumbnail","hentry","category-komisje-sejmowe","category-wiesci-z-sejmu","category-wspolpraca-miedzynarodowa","category-wydarzenia"],"yoast_head":"<!-- This site is optimized with the Yoast SEO plugin v24.7 - https:\/\/yoast.com\/wordpress\/plugins\/seo\/ -->\n<title>Komisja Spraw Zagranicznych zapozna\u0142a si\u0119 z informacj\u0105 nt. promocji polskiej kultury za granic\u0105 &#8211; Marek Kuchci\u0144ski<\/title>\n<meta name=\"robots\" content=\"index, follow, max-snippet:-1, max-image-preview:large, max-video-preview:-1\" \/>\n<link rel=\"canonical\" href=\"https:\/\/marekkuchcinski.pl\/en\/wydarzenia\/komisja-spraw-zagranicznych-zapoznala-sie-z-informacja-nt-promocji-polskiej-kultury-za-granica\/\" \/>\n<meta property=\"og:locale\" content=\"en_GB\" \/>\n<meta property=\"og:type\" content=\"article\" \/>\n<meta property=\"og:title\" content=\"Komisja Spraw Zagranicznych zapozna\u0142a si\u0119 z informacj\u0105 nt. promocji polskiej kultury za granic\u0105 &#8211; Marek Kuchci\u0144ski\" \/>\n<meta property=\"og:description\" content=\"Komisje: Kultury i \u015arodk\u00f3w Przekazu \/KSP\/ oraz Spraw Zagranicznych \/SZA\/ rozpatrzy\u0142y informacj\u0119 Ministra Kultury, Dziedzictwa Narodowego i Sportu oraz Ministra Spraw Zagranicznych na temat promocji kultury polskiej za granic\u0105 oraz dzia\u0142alno\u015bci Instytut\u00f3w Polskich za granic\u0105, wraz z informacj\u0105 Najwy\u017cszej Izby Kontroli. Informacj\u0119 przedstawili: sekretarz stanu w Ministerstwie Kultury, Dziedzictwa Narodowego i Sportu \u2013 Jaros\u0142aw Sellin, [&hellip;]\" \/>\n<meta property=\"og:url\" content=\"https:\/\/marekkuchcinski.pl\/en\/wydarzenia\/komisja-spraw-zagranicznych-zapoznala-sie-z-informacja-nt-promocji-polskiej-kultury-za-granica\/\" \/>\n<meta property=\"og:site_name\" content=\"Marek Kuchci\u0144ski\" \/>\n<meta property=\"article:published_time\" content=\"2021-06-25T08:37:00+00:00\" \/>\n<meta property=\"article:modified_time\" content=\"2021-06-25T12:41:01+00:00\" \/>\n<meta property=\"og:image\" content=\"https:\/\/marekkuchcinski.pl\/wp-content\/uploads\/2021\/06\/E4oqGmYXwAE4CdB-scaled.jpg\" \/>\n\t<meta property=\"og:image:width\" content=\"2048\" \/>\n\t<meta property=\"og:image:height\" content=\"1366\" \/>\n\t<meta property=\"og:image:type\" content=\"image\/jpeg\" \/>\n<meta name=\"author\" content=\"Marta Olejnik\" \/>\n<meta name=\"twitter:card\" content=\"summary_large_image\" \/>\n<meta name=\"twitter:label1\" content=\"Written by\" \/>\n\t<meta name=\"twitter:data1\" content=\"Marta Olejnik\" \/>\n\t<meta name=\"twitter:label2\" content=\"Estimated reading time\" \/>\n\t<meta name=\"twitter:data2\" content=\"3 minutes\" \/>\n<script type=\"application\/ld+json\" class=\"yoast-schema-graph\">{\"@context\":\"https:\/\/schema.org\",\"@graph\":[{\"@type\":\"Article\",\"@id\":\"https:\/\/marekkuchcinski.pl\/wydarzenia\/komisja-spraw-zagranicznych-zapoznala-sie-z-informacja-nt-promocji-polskiej-kultury-za-granica\/#article\",\"isPartOf\":{\"@id\":\"https:\/\/marekkuchcinski.pl\/wydarzenia\/komisja-spraw-zagranicznych-zapoznala-sie-z-informacja-nt-promocji-polskiej-kultury-za-granica\/\"},\"author\":{\"name\":\"Marta Olejnik\",\"@id\":\"https:\/\/marekkuchcinski.pl\/#\/schema\/person\/51d5d4ee3b5317b8e4dd2b48af359229\"},\"headline\":\"Komisja Spraw Zagranicznych zapozna\u0142a si\u0119 z informacj\u0105 nt. promocji polskiej kultury za granic\u0105\",\"datePublished\":\"2021-06-25T08:37:00+00:00\",\"dateModified\":\"2021-06-25T12:41:01+00:00\",\"mainEntityOfPage\":{\"@id\":\"https:\/\/marekkuchcinski.pl\/wydarzenia\/komisja-spraw-zagranicznych-zapoznala-sie-z-informacja-nt-promocji-polskiej-kultury-za-granica\/\"},\"wordCount\":587,\"commentCount\":0,\"publisher\":{\"@id\":\"https:\/\/marekkuchcinski.pl\/#organization\"},\"image\":{\"@id\":\"https:\/\/marekkuchcinski.pl\/wydarzenia\/komisja-spraw-zagranicznych-zapoznala-sie-z-informacja-nt-promocji-polskiej-kultury-za-granica\/#primaryimage\"},\"thumbnailUrl\":\"https:\/\/marekkuchcinski.pl\/wp-content\/uploads\/2021\/06\/E4oqGmYXwAE4CdB-scaled.jpg\",\"articleSection\":[\"Komisje Sejmowe\",\"Wie\u015bci z Sejmu\",\"Wsp\u00f3\u0142praca mi\u0119dzynarodowa\",\"Wydarzenia\"],\"inLanguage\":\"en-GB\",\"potentialAction\":[{\"@type\":\"CommentAction\",\"name\":\"Comment\",\"target\":[\"https:\/\/marekkuchcinski.pl\/wydarzenia\/komisja-spraw-zagranicznych-zapoznala-sie-z-informacja-nt-promocji-polskiej-kultury-za-granica\/#respond\"]}]},{\"@type\":\"WebPage\",\"@id\":\"https:\/\/marekkuchcinski.pl\/wydarzenia\/komisja-spraw-zagranicznych-zapoznala-sie-z-informacja-nt-promocji-polskiej-kultury-za-granica\/\",\"url\":\"https:\/\/marekkuchcinski.pl\/wydarzenia\/komisja-spraw-zagranicznych-zapoznala-sie-z-informacja-nt-promocji-polskiej-kultury-za-granica\/\",\"name\":\"Komisja Spraw Zagranicznych zapozna\u0142a si\u0119 z informacj\u0105 nt. promocji polskiej kultury za granic\u0105 &#8211; Marek Kuchci\u0144ski\",\"isPartOf\":{\"@id\":\"https:\/\/marekkuchcinski.pl\/#website\"},\"primaryImageOfPage\":{\"@id\":\"https:\/\/marekkuchcinski.pl\/wydarzenia\/komisja-spraw-zagranicznych-zapoznala-sie-z-informacja-nt-promocji-polskiej-kultury-za-granica\/#primaryimage\"},\"image\":{\"@id\":\"https:\/\/marekkuchcinski.pl\/wydarzenia\/komisja-spraw-zagranicznych-zapoznala-sie-z-informacja-nt-promocji-polskiej-kultury-za-granica\/#primaryimage\"},\"thumbnailUrl\":\"https:\/\/marekkuchcinski.pl\/wp-content\/uploads\/2021\/06\/E4oqGmYXwAE4CdB-scaled.jpg\",\"datePublished\":\"2021-06-25T08:37:00+00:00\",\"dateModified\":\"2021-06-25T12:41:01+00:00\",\"breadcrumb\":{\"@id\":\"https:\/\/marekkuchcinski.pl\/wydarzenia\/komisja-spraw-zagranicznych-zapoznala-sie-z-informacja-nt-promocji-polskiej-kultury-za-granica\/#breadcrumb\"},\"inLanguage\":\"en-GB\",\"potentialAction\":[{\"@type\":\"ReadAction\",\"target\":[\"https:\/\/marekkuchcinski.pl\/wydarzenia\/komisja-spraw-zagranicznych-zapoznala-sie-z-informacja-nt-promocji-polskiej-kultury-za-granica\/\"]}]},{\"@type\":\"ImageObject\",\"inLanguage\":\"en-GB\",\"@id\":\"https:\/\/marekkuchcinski.pl\/wydarzenia\/komisja-spraw-zagranicznych-zapoznala-sie-z-informacja-nt-promocji-polskiej-kultury-za-granica\/#primaryimage\",\"url\":\"https:\/\/marekkuchcinski.pl\/wp-content\/uploads\/2021\/06\/E4oqGmYXwAE4CdB-scaled.jpg\",\"contentUrl\":\"https:\/\/marekkuchcinski.pl\/wp-content\/uploads\/2021\/06\/E4oqGmYXwAE4CdB-scaled.jpg\",\"width\":2048,\"height\":1366},{\"@type\":\"BreadcrumbList\",\"@id\":\"https:\/\/marekkuchcinski.pl\/wydarzenia\/komisja-spraw-zagranicznych-zapoznala-sie-z-informacja-nt-promocji-polskiej-kultury-za-granica\/#breadcrumb\",\"itemListElement\":[{\"@type\":\"ListItem\",\"position\":1,\"name\":\"Strona g\u0142\u00f3wna\",\"item\":\"https:\/\/marekkuchcinski.pl\/\"},{\"@type\":\"ListItem\",\"position\":2,\"name\":\"Komisja Spraw Zagranicznych zapozna\u0142a si\u0119 z informacj\u0105 nt. promocji polskiej kultury za granic\u0105\"}]},{\"@type\":\"WebSite\",\"@id\":\"https:\/\/marekkuchcinski.pl\/#website\",\"url\":\"https:\/\/marekkuchcinski.pl\/\",\"name\":\"Marek Kuchci\u0144ski\",\"description\":\"Pose\u0142 na sejm RP &ndash; okr\u0119g nr 22\",\"publisher\":{\"@id\":\"https:\/\/marekkuchcinski.pl\/#organization\"},\"potentialAction\":[{\"@type\":\"SearchAction\",\"target\":{\"@type\":\"EntryPoint\",\"urlTemplate\":\"https:\/\/marekkuchcinski.pl\/?s={search_term_string}\"},\"query-input\":{\"@type\":\"PropertyValueSpecification\",\"valueRequired\":true,\"valueName\":\"search_term_string\"}}],\"inLanguage\":\"en-GB\"},{\"@type\":\"Organization\",\"@id\":\"https:\/\/marekkuchcinski.pl\/#organization\",\"name\":\"Marek Kuchci\u0144ski\",\"url\":\"https:\/\/marekkuchcinski.pl\/\",\"logo\":{\"@type\":\"ImageObject\",\"inLanguage\":\"en-GB\",\"@id\":\"https:\/\/marekkuchcinski.pl\/#\/schema\/logo\/image\/\",\"url\":\"https:\/\/marekkuchcinski.pl\/wp-content\/uploads\/2022\/09\/Marek.jpg\",\"contentUrl\":\"https:\/\/marekkuchcinski.pl\/wp-content\/uploads\/2022\/09\/Marek.jpg\",\"width\":1600,\"height\":971,\"caption\":\"Marek Kuchci\u0144ski\"},\"image\":{\"@id\":\"https:\/\/marekkuchcinski.pl\/#\/schema\/logo\/image\/\"}},{\"@type\":\"Person\",\"@id\":\"https:\/\/marekkuchcinski.pl\/#\/schema\/person\/51d5d4ee3b5317b8e4dd2b48af359229\",\"name\":\"Marta Olejnik\",\"image\":{\"@type\":\"ImageObject\",\"inLanguage\":\"en-GB\",\"@id\":\"https:\/\/marekkuchcinski.pl\/#\/schema\/person\/image\/\",\"url\":\"https:\/\/secure.gravatar.com\/avatar\/e39914b2aa6a48959e24d475b5dc9793?s=96&d=mm&r=g\",\"contentUrl\":\"https:\/\/secure.gravatar.com\/avatar\/e39914b2aa6a48959e24d475b5dc9793?s=96&d=mm&r=g\",\"caption\":\"Marta Olejnik\"},\"url\":\"https:\/\/marekkuchcinski.pl\/en\/author\/marta\/\"}]}<\/script>\n<!-- \/ Yoast SEO plugin. -->","yoast_head_json":{"title":"Komisja Spraw Zagranicznych zapozna\u0142a si\u0119 z informacj\u0105 nt. promocji polskiej kultury za granic\u0105 &#8211; Marek Kuchci\u0144ski","robots":{"index":"index","follow":"follow","max-snippet":"max-snippet:-1","max-image-preview":"max-image-preview:large","max-video-preview":"max-video-preview:-1"},"canonical":"https:\/\/marekkuchcinski.pl\/en\/wydarzenia\/komisja-spraw-zagranicznych-zapoznala-sie-z-informacja-nt-promocji-polskiej-kultury-za-granica\/","og_locale":"en_GB","og_type":"article","og_title":"Komisja Spraw Zagranicznych zapozna\u0142a si\u0119 z informacj\u0105 nt. promocji polskiej kultury za granic\u0105 &#8211; Marek Kuchci\u0144ski","og_description":"Komisje: Kultury i \u015arodk\u00f3w Przekazu \/KSP\/ oraz Spraw Zagranicznych \/SZA\/ rozpatrzy\u0142y informacj\u0119 Ministra Kultury, Dziedzictwa Narodowego i Sportu oraz Ministra Spraw Zagranicznych na temat promocji kultury polskiej za granic\u0105 oraz dzia\u0142alno\u015bci Instytut\u00f3w Polskich za granic\u0105, wraz z informacj\u0105 Najwy\u017cszej Izby Kontroli. Informacj\u0119 przedstawili: sekretarz stanu w Ministerstwie Kultury, Dziedzictwa Narodowego i Sportu \u2013 Jaros\u0142aw Sellin, [&hellip;]","og_url":"https:\/\/marekkuchcinski.pl\/en\/wydarzenia\/komisja-spraw-zagranicznych-zapoznala-sie-z-informacja-nt-promocji-polskiej-kultury-za-granica\/","og_site_name":"Marek Kuchci\u0144ski","article_published_time":"2021-06-25T08:37:00+00:00","article_modified_time":"2021-06-25T12:41:01+00:00","og_image":[{"width":2048,"height":1366,"url":"https:\/\/marekkuchcinski.pl\/wp-content\/uploads\/2021\/06\/E4oqGmYXwAE4CdB-scaled.jpg","type":"image\/jpeg"}],"author":"Marta Olejnik","twitter_card":"summary_large_image","twitter_misc":{"Written by":"Marta Olejnik","Estimated reading time":"3 minutes"},"schema":{"@context":"https:\/\/schema.org","@graph":[{"@type":"Article","@id":"https:\/\/marekkuchcinski.pl\/wydarzenia\/komisja-spraw-zagranicznych-zapoznala-sie-z-informacja-nt-promocji-polskiej-kultury-za-granica\/#article","isPartOf":{"@id":"https:\/\/marekkuchcinski.pl\/wydarzenia\/komisja-spraw-zagranicznych-zapoznala-sie-z-informacja-nt-promocji-polskiej-kultury-za-granica\/"},"author":{"name":"Marta Olejnik","@id":"https:\/\/marekkuchcinski.pl\/#\/schema\/person\/51d5d4ee3b5317b8e4dd2b48af359229"},"headline":"Komisja Spraw Zagranicznych zapozna\u0142a si\u0119 z informacj\u0105 nt. promocji polskiej kultury za granic\u0105","datePublished":"2021-06-25T08:37:00+00:00","dateModified":"2021-06-25T12:41:01+00:00","mainEntityOfPage":{"@id":"https:\/\/marekkuchcinski.pl\/wydarzenia\/komisja-spraw-zagranicznych-zapoznala-sie-z-informacja-nt-promocji-polskiej-kultury-za-granica\/"},"wordCount":587,"commentCount":0,"publisher":{"@id":"https:\/\/marekkuchcinski.pl\/#organization"},"image":{"@id":"https:\/\/marekkuchcinski.pl\/wydarzenia\/komisja-spraw-zagranicznych-zapoznala-sie-z-informacja-nt-promocji-polskiej-kultury-za-granica\/#primaryimage"},"thumbnailUrl":"https:\/\/marekkuchcinski.pl\/wp-content\/uploads\/2021\/06\/E4oqGmYXwAE4CdB-scaled.jpg","articleSection":["Komisje Sejmowe","Wie\u015bci z Sejmu","Wsp\u00f3\u0142praca mi\u0119dzynarodowa","Wydarzenia"],"inLanguage":"en-GB","potentialAction":[{"@type":"CommentAction","name":"Comment","target":["https:\/\/marekkuchcinski.pl\/wydarzenia\/komisja-spraw-zagranicznych-zapoznala-sie-z-informacja-nt-promocji-polskiej-kultury-za-granica\/#respond"]}]},{"@type":"WebPage","@id":"https:\/\/marekkuchcinski.pl\/wydarzenia\/komisja-spraw-zagranicznych-zapoznala-sie-z-informacja-nt-promocji-polskiej-kultury-za-granica\/","url":"https:\/\/marekkuchcinski.pl\/wydarzenia\/komisja-spraw-zagranicznych-zapoznala-sie-z-informacja-nt-promocji-polskiej-kultury-za-granica\/","name":"Komisja Spraw Zagranicznych zapozna\u0142a si\u0119 z informacj\u0105 nt. promocji polskiej kultury za granic\u0105 &#8211; Marek Kuchci\u0144ski","isPartOf":{"@id":"https:\/\/marekkuchcinski.pl\/#website"},"primaryImageOfPage":{"@id":"https:\/\/marekkuchcinski.pl\/wydarzenia\/komisja-spraw-zagranicznych-zapoznala-sie-z-informacja-nt-promocji-polskiej-kultury-za-granica\/#primaryimage"},"image":{"@id":"https:\/\/marekkuchcinski.pl\/wydarzenia\/komisja-spraw-zagranicznych-zapoznala-sie-z-informacja-nt-promocji-polskiej-kultury-za-granica\/#primaryimage"},"thumbnailUrl":"https:\/\/marekkuchcinski.pl\/wp-content\/uploads\/2021\/06\/E4oqGmYXwAE4CdB-scaled.jpg","datePublished":"2021-06-25T08:37:00+00:00","dateModified":"2021-06-25T12:41:01+00:00","breadcrumb":{"@id":"https:\/\/marekkuchcinski.pl\/wydarzenia\/komisja-spraw-zagranicznych-zapoznala-sie-z-informacja-nt-promocji-polskiej-kultury-za-granica\/#breadcrumb"},"inLanguage":"en-GB","potentialAction":[{"@type":"ReadAction","target":["https:\/\/marekkuchcinski.pl\/wydarzenia\/komisja-spraw-zagranicznych-zapoznala-sie-z-informacja-nt-promocji-polskiej-kultury-za-granica\/"]}]},{"@type":"ImageObject","inLanguage":"en-GB","@id":"https:\/\/marekkuchcinski.pl\/wydarzenia\/komisja-spraw-zagranicznych-zapoznala-sie-z-informacja-nt-promocji-polskiej-kultury-za-granica\/#primaryimage","url":"https:\/\/marekkuchcinski.pl\/wp-content\/uploads\/2021\/06\/E4oqGmYXwAE4CdB-scaled.jpg","contentUrl":"https:\/\/marekkuchcinski.pl\/wp-content\/uploads\/2021\/06\/E4oqGmYXwAE4CdB-scaled.jpg","width":2048,"height":1366},{"@type":"BreadcrumbList","@id":"https:\/\/marekkuchcinski.pl\/wydarzenia\/komisja-spraw-zagranicznych-zapoznala-sie-z-informacja-nt-promocji-polskiej-kultury-za-granica\/#breadcrumb","itemListElement":[{"@type":"ListItem","position":1,"name":"Strona g\u0142\u00f3wna","item":"https:\/\/marekkuchcinski.pl\/"},{"@type":"ListItem","position":2,"name":"Komisja Spraw Zagranicznych zapozna\u0142a si\u0119 z informacj\u0105 nt. promocji polskiej kultury za granic\u0105"}]},{"@type":"WebSite","@id":"https:\/\/marekkuchcinski.pl\/#website","url":"https:\/\/marekkuchcinski.pl\/","name":"Marek Kuchci\u0144ski","description":"Pose\u0142 na sejm RP &ndash; okr\u0119g nr 22","publisher":{"@id":"https:\/\/marekkuchcinski.pl\/#organization"},"potentialAction":[{"@type":"SearchAction","target":{"@type":"EntryPoint","urlTemplate":"https:\/\/marekkuchcinski.pl\/?s={search_term_string}"},"query-input":{"@type":"PropertyValueSpecification","valueRequired":true,"valueName":"search_term_string"}}],"inLanguage":"en-GB"},{"@type":"Organization","@id":"https:\/\/marekkuchcinski.pl\/#organization","name":"Marek Kuchci\u0144ski","url":"https:\/\/marekkuchcinski.pl\/","logo":{"@type":"ImageObject","inLanguage":"en-GB","@id":"https:\/\/marekkuchcinski.pl\/#\/schema\/logo\/image\/","url":"https:\/\/marekkuchcinski.pl\/wp-content\/uploads\/2022\/09\/Marek.jpg","contentUrl":"https:\/\/marekkuchcinski.pl\/wp-content\/uploads\/2022\/09\/Marek.jpg","width":1600,"height":971,"caption":"Marek Kuchci\u0144ski"},"image":{"@id":"https:\/\/marekkuchcinski.pl\/#\/schema\/logo\/image\/"}},{"@type":"Person","@id":"https:\/\/marekkuchcinski.pl\/#\/schema\/person\/51d5d4ee3b5317b8e4dd2b48af359229","name":"Marta Olejnik","image":{"@type":"ImageObject","inLanguage":"en-GB","@id":"https:\/\/marekkuchcinski.pl\/#\/schema\/person\/image\/","url":"https:\/\/secure.gravatar.com\/avatar\/e39914b2aa6a48959e24d475b5dc9793?s=96&d=mm&r=g","contentUrl":"https:\/\/secure.gravatar.com\/avatar\/e39914b2aa6a48959e24d475b5dc9793?s=96&d=mm&r=g","caption":"Marta Olejnik"},"url":"https:\/\/marekkuchcinski.pl\/en\/author\/marta\/"}]}},"_links":{"self":[{"href":"https:\/\/marekkuchcinski.pl\/en\/wp-json\/wp\/v2\/posts\/22793","targetHints":{"allow":["GET"]}}],"collection":[{"href":"https:\/\/marekkuchcinski.pl\/en\/wp-json\/wp\/v2\/posts"}],"about":[{"href":"https:\/\/marekkuchcinski.pl\/en\/wp-json\/wp\/v2\/types\/post"}],"author":[{"embeddable":true,"href":"https:\/\/marekkuchcinski.pl\/en\/wp-json\/wp\/v2\/users\/21"}],"replies":[{"embeddable":true,"href":"https:\/\/marekkuchcinski.pl\/en\/wp-json\/wp\/v2\/comments?post=22793"}],"version-history":[{"count":2,"href":"https:\/\/marekkuchcinski.pl\/en\/wp-json\/wp\/v2\/posts\/22793\/revisions"}],"predecessor-version":[{"id":22798,"href":"https:\/\/marekkuchcinski.pl\/en\/wp-json\/wp\/v2\/posts\/22793\/revisions\/22798"}],"wp:featuredmedia":[{"embeddable":true,"href":"https:\/\/marekkuchcinski.pl\/en\/wp-json\/wp\/v2\/media\/22795"}],"wp:attachment":[{"href":"https:\/\/marekkuchcinski.pl\/en\/wp-json\/wp\/v2\/media?parent=22793"}],"wp:term":[{"taxonomy":"category","embeddable":true,"href":"https:\/\/marekkuchcinski.pl\/en\/wp-json\/wp\/v2\/categories?post=22793"},{"taxonomy":"post_tag","embeddable":true,"href":"https:\/\/marekkuchcinski.pl\/en\/wp-json\/wp\/v2\/tags?post=22793"}],"curies":[{"name":"wp","href":"https:\/\/api.w.org\/{rel}","templated":true}]}}