{"id":22779,"date":"2021-06-25T14:25:05","date_gmt":"2021-06-25T12:25:05","guid":{"rendered":"https:\/\/marekkuchcinski.pl\/?p=22779"},"modified":"2021-06-25T14:33:18","modified_gmt":"2021-06-25T12:33:18","slug":"nowa-perspektywa-bieszczad-zobaczymy-je-z-wagonika-kolejki-linowej-nad-solina","status":"publish","type":"post","link":"https:\/\/marekkuchcinski.pl\/en\/wydarzenia\/nowa-perspektywa-bieszczad-zobaczymy-je-z-wagonika-kolejki-linowej-nad-solina\/","title":{"rendered":"A new perspective of the Bieszczady - we will see them from the cable car over Solina"},"content":{"rendered":"<p>Soon we will see the Podkarpacie region from a completely new perspective - the windows of the cable car over the Solina dam will show us the panorama of the Bieszczady mountains. And when we reach the Jawor Mountain, we will spend our time in the 3 km long theme park - among the phenomenal nature, local legends and other attractions - said Marek Kuchci\u0144ski during the presentation of the construction of the gondola railroad and the viewing tower over the water dam in Solina.<\/p>\n\n\n\n<p>Marek Kuchci\u0144ski emphasized that the investment was successful thanks to ingenuity and cooperation of many environments, state, local government and business institutions - regardless of political differences. Bieszczady and Solina are a solid brand, unusual places, which despite the development of tourism, retain their mysteriousness and wildness, sometimes bringing back memories of childhood camps.<\/p>\n\n\n\n<p>Solina is one of the most popular tourist destinations in Poland, and the cable car will probably be the first in the world to run along the dam.  Every year Solina Lake is visited by approximately 1.5 million tourists. In order to unleash and fully expose the potential and values of the place, the idea of a pro-tourist investment appeared, one that would make the tourist offer of the whole Bieszczady region more attractive - the construction of a gondola railroad and a viewing tower over the dam in Solina.\u00a0<\/p>\n\n\n\n<p>The planned route of the scenic gondola railroad starts from the starting station Plasz, located above the boardwalk leading to the crown of the dam in Solina, and the final station and the 56 m high observation tower are to be located on the Jawor mountain. The length of the railroad route is 1.64 km. The highest support of the railroad is to be 99 m high. The railroad will be able to carry about 1200 passengers per hour.<\/p>\n\n\n\n<figure class=\"wp-block-image size-large\"><a href=\"https:\/\/marekkuchcinski.pl\/wp-content\/uploads\/2021\/06\/Solina-3.jpg\"><img fetchpriority=\"high\" decoding=\"async\" width=\"1024\" height=\"681\" src=\"https:\/\/marekkuchcinski.pl\/wp-content\/uploads\/2021\/06\/Solina-3-1024x681.jpg\" alt=\"\" class=\"wp-image-22780\" srcset=\"https:\/\/marekkuchcinski.pl\/wp-content\/uploads\/2021\/06\/Solina-3-1024x681.jpg 1024w, https:\/\/marekkuchcinski.pl\/wp-content\/uploads\/2021\/06\/Solina-3-300x200.jpg 300w, https:\/\/marekkuchcinski.pl\/wp-content\/uploads\/2021\/06\/Solina-3-768x511.jpg 768w, https:\/\/marekkuchcinski.pl\/wp-content\/uploads\/2021\/06\/Solina-3-16x12.jpg 16w, https:\/\/marekkuchcinski.pl\/wp-content\/uploads\/2021\/06\/Solina-3.jpg 1246w\" sizes=\"(max-width: 1024px) 100vw, 1024px\" \/><\/a><\/figure>\n\n\n\n<figure class=\"wp-block-image size-large\"><a href=\"https:\/\/marekkuchcinski.pl\/wp-content\/uploads\/2021\/06\/206743126_1401004690273542_7275680785192714772_n.jpg\"><img decoding=\"async\" width=\"1024\" height=\"683\" src=\"https:\/\/marekkuchcinski.pl\/wp-content\/uploads\/2021\/06\/206743126_1401004690273542_7275680785192714772_n-1024x683.jpg\" alt=\"\" class=\"wp-image-22788\" srcset=\"https:\/\/marekkuchcinski.pl\/wp-content\/uploads\/2021\/06\/206743126_1401004690273542_7275680785192714772_n-1024x683.jpg 1024w, https:\/\/marekkuchcinski.pl\/wp-content\/uploads\/2021\/06\/206743126_1401004690273542_7275680785192714772_n-300x200.jpg 300w, https:\/\/marekkuchcinski.pl\/wp-content\/uploads\/2021\/06\/206743126_1401004690273542_7275680785192714772_n-768x512.jpg 768w, https:\/\/marekkuchcinski.pl\/wp-content\/uploads\/2021\/06\/206743126_1401004690273542_7275680785192714772_n-1536x1024.jpg 1536w, https:\/\/marekkuchcinski.pl\/wp-content\/uploads\/2021\/06\/206743126_1401004690273542_7275680785192714772_n-16x12.jpg 16w, https:\/\/marekkuchcinski.pl\/wp-content\/uploads\/2021\/06\/206743126_1401004690273542_7275680785192714772_n.jpg 1620w\" sizes=\"(max-width: 1024px) 100vw, 1024px\" \/><\/a><\/figure>\n\n\n\n<figure class=\"wp-block-image size-large is-resized\"><a href=\"https:\/\/marekkuchcinski.pl\/wp-content\/uploads\/2021\/06\/sol.jpg\"><img decoding=\"async\" src=\"https:\/\/marekkuchcinski.pl\/wp-content\/uploads\/2021\/06\/sol.jpg\" alt=\"\" class=\"wp-image-22781\" width=\"843\" height=\"632\" srcset=\"https:\/\/marekkuchcinski.pl\/wp-content\/uploads\/2021\/06\/sol.jpg 780w, https:\/\/marekkuchcinski.pl\/wp-content\/uploads\/2021\/06\/sol-300x225.jpg 300w, https:\/\/marekkuchcinski.pl\/wp-content\/uploads\/2021\/06\/sol-768x576.jpg 768w, https:\/\/marekkuchcinski.pl\/wp-content\/uploads\/2021\/06\/sol-16x12.jpg 16w\" sizes=\"(max-width: 843px) 100vw, 843px\" \/><\/a><\/figure>\n\n\n\n<figure class=\"wp-block-image size-large\"><a href=\"https:\/\/marekkuchcinski.pl\/wp-content\/uploads\/2021\/06\/S1.jpg\"><img loading=\"lazy\" decoding=\"async\" width=\"1024\" height=\"682\" src=\"https:\/\/marekkuchcinski.pl\/wp-content\/uploads\/2021\/06\/S1-1024x682.jpg\" alt=\"\" class=\"wp-image-22782\" srcset=\"https:\/\/marekkuchcinski.pl\/wp-content\/uploads\/2021\/06\/S1-1024x682.jpg 1024w, https:\/\/marekkuchcinski.pl\/wp-content\/uploads\/2021\/06\/S1-300x200.jpg 300w, https:\/\/marekkuchcinski.pl\/wp-content\/uploads\/2021\/06\/S1-768x511.jpg 768w, https:\/\/marekkuchcinski.pl\/wp-content\/uploads\/2021\/06\/S1-16x12.jpg 16w, https:\/\/marekkuchcinski.pl\/wp-content\/uploads\/2021\/06\/S1.jpg 1274w\" sizes=\"(max-width: 1024px) 100vw, 1024px\" \/><\/a><\/figure>\n\n\n\n<figure class=\"wp-block-image size-large is-resized\"><a href=\"https:\/\/marekkuchcinski.pl\/wp-content\/uploads\/2021\/06\/203412643_859371408010932_4105797372224438389_n.jpg\"><img loading=\"lazy\" decoding=\"async\" src=\"https:\/\/marekkuchcinski.pl\/wp-content\/uploads\/2021\/06\/203412643_859371408010932_4105797372224438389_n.jpg\" alt=\"\" class=\"wp-image-22784\" width=\"840\" height=\"630\" srcset=\"https:\/\/marekkuchcinski.pl\/wp-content\/uploads\/2021\/06\/203412643_859371408010932_4105797372224438389_n.jpg 912w, https:\/\/marekkuchcinski.pl\/wp-content\/uploads\/2021\/06\/203412643_859371408010932_4105797372224438389_n-300x225.jpg 300w, https:\/\/marekkuchcinski.pl\/wp-content\/uploads\/2021\/06\/203412643_859371408010932_4105797372224438389_n-768x576.jpg 768w, https:\/\/marekkuchcinski.pl\/wp-content\/uploads\/2021\/06\/203412643_859371408010932_4105797372224438389_n-16x12.jpg 16w\" sizes=\"(max-width: 840px) 100vw, 840px\" \/><\/a><\/figure>","protected":false},"excerpt":{"rendered":"<p>Soon we will see the Subcarpathian region from a completely new perspective - the windows of the cable car over the Solina dam will show us the panorama of the Bieszczady Mountains. And when we reach Mt. Jawor, we will spend time in a 3 km long theme park - among phenomenal nature, local legends and other attractions,\" said Marek Kuchci\u0144ski during the presentation of the construction of the gondola railroad and viewing tower [...]<\/p>","protected":false},"author":21,"featured_media":22788,"comment_status":"open","ping_status":"open","sticky":false,"template":"","format":"standard","meta":{"ngg_post_thumbnail":0,"footnotes":""},"categories":[49,3],"tags":[],"class_list":["post-22779","post","type-post","status-publish","format-standard","has-post-thumbnail","hentry","category-podkarpacie","category-wydarzenia"],"yoast_head":"<!-- This site is optimized with the Yoast SEO plugin v24.7 - https:\/\/yoast.com\/wordpress\/plugins\/seo\/ -->\n<title>Nowa perspektywa Bieszczad \u2013 zobaczymy je z wagonika kolejki linowej nad Solin\u0105 &#8211; Marek Kuchci\u0144ski<\/title>\n<meta name=\"robots\" content=\"index, follow, max-snippet:-1, max-image-preview:large, max-video-preview:-1\" \/>\n<link rel=\"canonical\" href=\"https:\/\/marekkuchcinski.pl\/en\/wydarzenia\/nowa-perspektywa-bieszczad-zobaczymy-je-z-wagonika-kolejki-linowej-nad-solina\/\" \/>\n<meta property=\"og:locale\" content=\"en_GB\" \/>\n<meta property=\"og:type\" content=\"article\" \/>\n<meta property=\"og:title\" content=\"Nowa perspektywa Bieszczad \u2013 zobaczymy je z wagonika kolejki linowej nad Solin\u0105 &#8211; Marek Kuchci\u0144ski\" \/>\n<meta property=\"og:description\" content=\"Ju\u017c niebawem zobaczymy Podkarpacie z zupe\u0142nie nowej perspektywy \u2013 okna kolei linowej nad soli\u0144sk\u0105 zapor\u0105 uka\u017c\u0105 nam panoram\u0119 Bieszczad. A gdy dotrzemy na g\u00f3r\u0119 Jawor, sp\u0119dzimy czas w ci\u0105gn\u0105cym si\u0119 3 km parku tematycznym \u2013 w\u015br\u00f3d zjawiskowej przyrody, miejscowych legend i innych atrakcji \u2013 m\u00f3wi\u0142 Marek Kuchci\u0144ski podczas prezentacji budowy kolei gondolowej i wie\u017cy widokowej [&hellip;]\" \/>\n<meta property=\"og:url\" content=\"https:\/\/marekkuchcinski.pl\/en\/wydarzenia\/nowa-perspektywa-bieszczad-zobaczymy-je-z-wagonika-kolejki-linowej-nad-solina\/\" \/>\n<meta property=\"og:site_name\" content=\"Marek Kuchci\u0144ski\" \/>\n<meta property=\"article:published_time\" content=\"2021-06-25T12:25:05+00:00\" \/>\n<meta property=\"article:modified_time\" content=\"2021-06-25T12:33:18+00:00\" \/>\n<meta property=\"og:image\" content=\"https:\/\/marekkuchcinski.pl\/wp-content\/uploads\/2021\/06\/206743126_1401004690273542_7275680785192714772_n.jpg\" \/>\n\t<meta property=\"og:image:width\" content=\"1620\" \/>\n\t<meta property=\"og:image:height\" content=\"1080\" \/>\n\t<meta property=\"og:image:type\" content=\"image\/jpeg\" \/>\n<meta name=\"author\" content=\"Marta Olejnik\" \/>\n<meta name=\"twitter:card\" content=\"summary_large_image\" \/>\n<meta name=\"twitter:label1\" content=\"Written by\" \/>\n\t<meta name=\"twitter:data1\" content=\"Marta Olejnik\" \/>\n\t<meta name=\"twitter:label2\" content=\"Estimated reading time\" \/>\n\t<meta name=\"twitter:data2\" content=\"3 minutes\" \/>\n<script type=\"application\/ld+json\" class=\"yoast-schema-graph\">{\"@context\":\"https:\/\/schema.org\",\"@graph\":[{\"@type\":\"Article\",\"@id\":\"https:\/\/marekkuchcinski.pl\/en\/wydarzenia\/nowa-perspektywa-bieszczad-zobaczymy-je-z-wagonika-kolejki-linowej-nad-solina\/#article\",\"isPartOf\":{\"@id\":\"https:\/\/marekkuchcinski.pl\/en\/wydarzenia\/nowa-perspektywa-bieszczad-zobaczymy-je-z-wagonika-kolejki-linowej-nad-solina\/\"},\"author\":{\"name\":\"Marta Olejnik\",\"@id\":\"https:\/\/marekkuchcinski.pl\/#\/schema\/person\/51d5d4ee3b5317b8e4dd2b48af359229\"},\"headline\":\"Nowa perspektywa Bieszczad \u2013 zobaczymy je z wagonika kolejki linowej nad Solin\u0105\",\"datePublished\":\"2021-06-25T12:25:05+00:00\",\"dateModified\":\"2021-06-25T12:33:18+00:00\",\"mainEntityOfPage\":{\"@id\":\"https:\/\/marekkuchcinski.pl\/en\/wydarzenia\/nowa-perspektywa-bieszczad-zobaczymy-je-z-wagonika-kolejki-linowej-nad-solina\/\"},\"wordCount\":291,\"commentCount\":0,\"publisher\":{\"@id\":\"https:\/\/marekkuchcinski.pl\/#organization\"},\"image\":{\"@id\":\"https:\/\/marekkuchcinski.pl\/en\/wydarzenia\/nowa-perspektywa-bieszczad-zobaczymy-je-z-wagonika-kolejki-linowej-nad-solina\/#primaryimage\"},\"thumbnailUrl\":\"https:\/\/marekkuchcinski.pl\/wp-content\/uploads\/2021\/06\/206743126_1401004690273542_7275680785192714772_n.jpg\",\"articleSection\":[\"Podkarpacie\",\"Wydarzenia\"],\"inLanguage\":\"en-GB\",\"potentialAction\":[{\"@type\":\"CommentAction\",\"name\":\"Comment\",\"target\":[\"https:\/\/marekkuchcinski.pl\/en\/wydarzenia\/nowa-perspektywa-bieszczad-zobaczymy-je-z-wagonika-kolejki-linowej-nad-solina\/#respond\"]}]},{\"@type\":\"WebPage\",\"@id\":\"https:\/\/marekkuchcinski.pl\/en\/wydarzenia\/nowa-perspektywa-bieszczad-zobaczymy-je-z-wagonika-kolejki-linowej-nad-solina\/\",\"url\":\"https:\/\/marekkuchcinski.pl\/en\/wydarzenia\/nowa-perspektywa-bieszczad-zobaczymy-je-z-wagonika-kolejki-linowej-nad-solina\/\",\"name\":\"Nowa perspektywa Bieszczad \u2013 zobaczymy je z wagonika kolejki linowej nad Solin\u0105 &#8211; Marek Kuchci\u0144ski\",\"isPartOf\":{\"@id\":\"https:\/\/marekkuchcinski.pl\/#website\"},\"primaryImageOfPage\":{\"@id\":\"https:\/\/marekkuchcinski.pl\/en\/wydarzenia\/nowa-perspektywa-bieszczad-zobaczymy-je-z-wagonika-kolejki-linowej-nad-solina\/#primaryimage\"},\"image\":{\"@id\":\"https:\/\/marekkuchcinski.pl\/en\/wydarzenia\/nowa-perspektywa-bieszczad-zobaczymy-je-z-wagonika-kolejki-linowej-nad-solina\/#primaryimage\"},\"thumbnailUrl\":\"https:\/\/marekkuchcinski.pl\/wp-content\/uploads\/2021\/06\/206743126_1401004690273542_7275680785192714772_n.jpg\",\"datePublished\":\"2021-06-25T12:25:05+00:00\",\"dateModified\":\"2021-06-25T12:33:18+00:00\",\"breadcrumb\":{\"@id\":\"https:\/\/marekkuchcinski.pl\/en\/wydarzenia\/nowa-perspektywa-bieszczad-zobaczymy-je-z-wagonika-kolejki-linowej-nad-solina\/#breadcrumb\"},\"inLanguage\":\"en-GB\",\"potentialAction\":[{\"@type\":\"ReadAction\",\"target\":[\"https:\/\/marekkuchcinski.pl\/en\/wydarzenia\/nowa-perspektywa-bieszczad-zobaczymy-je-z-wagonika-kolejki-linowej-nad-solina\/\"]}]},{\"@type\":\"ImageObject\",\"inLanguage\":\"en-GB\",\"@id\":\"https:\/\/marekkuchcinski.pl\/en\/wydarzenia\/nowa-perspektywa-bieszczad-zobaczymy-je-z-wagonika-kolejki-linowej-nad-solina\/#primaryimage\",\"url\":\"https:\/\/marekkuchcinski.pl\/wp-content\/uploads\/2021\/06\/206743126_1401004690273542_7275680785192714772_n.jpg\",\"contentUrl\":\"https:\/\/marekkuchcinski.pl\/wp-content\/uploads\/2021\/06\/206743126_1401004690273542_7275680785192714772_n.jpg\",\"width\":1620,\"height\":1080},{\"@type\":\"BreadcrumbList\",\"@id\":\"https:\/\/marekkuchcinski.pl\/en\/wydarzenia\/nowa-perspektywa-bieszczad-zobaczymy-je-z-wagonika-kolejki-linowej-nad-solina\/#breadcrumb\",\"itemListElement\":[{\"@type\":\"ListItem\",\"position\":1,\"name\":\"Strona g\u0142\u00f3wna\",\"item\":\"https:\/\/marekkuchcinski.pl\/\"},{\"@type\":\"ListItem\",\"position\":2,\"name\":\"Nowa perspektywa Bieszczad \u2013 zobaczymy je z wagonika kolejki linowej nad Solin\u0105\"}]},{\"@type\":\"WebSite\",\"@id\":\"https:\/\/marekkuchcinski.pl\/#website\",\"url\":\"https:\/\/marekkuchcinski.pl\/\",\"name\":\"Marek Kuchci\u0144ski\",\"description\":\"Pose\u0142 na sejm RP &ndash; okr\u0119g nr 22\",\"publisher\":{\"@id\":\"https:\/\/marekkuchcinski.pl\/#organization\"},\"potentialAction\":[{\"@type\":\"SearchAction\",\"target\":{\"@type\":\"EntryPoint\",\"urlTemplate\":\"https:\/\/marekkuchcinski.pl\/?s={search_term_string}\"},\"query-input\":{\"@type\":\"PropertyValueSpecification\",\"valueRequired\":true,\"valueName\":\"search_term_string\"}}],\"inLanguage\":\"en-GB\"},{\"@type\":\"Organization\",\"@id\":\"https:\/\/marekkuchcinski.pl\/#organization\",\"name\":\"Marek Kuchci\u0144ski\",\"url\":\"https:\/\/marekkuchcinski.pl\/\",\"logo\":{\"@type\":\"ImageObject\",\"inLanguage\":\"en-GB\",\"@id\":\"https:\/\/marekkuchcinski.pl\/#\/schema\/logo\/image\/\",\"url\":\"https:\/\/marekkuchcinski.pl\/wp-content\/uploads\/2022\/09\/Marek.jpg\",\"contentUrl\":\"https:\/\/marekkuchcinski.pl\/wp-content\/uploads\/2022\/09\/Marek.jpg\",\"width\":1600,\"height\":971,\"caption\":\"Marek Kuchci\u0144ski\"},\"image\":{\"@id\":\"https:\/\/marekkuchcinski.pl\/#\/schema\/logo\/image\/\"}},{\"@type\":\"Person\",\"@id\":\"https:\/\/marekkuchcinski.pl\/#\/schema\/person\/51d5d4ee3b5317b8e4dd2b48af359229\",\"name\":\"Marta Olejnik\",\"image\":{\"@type\":\"ImageObject\",\"inLanguage\":\"en-GB\",\"@id\":\"https:\/\/marekkuchcinski.pl\/#\/schema\/person\/image\/\",\"url\":\"https:\/\/secure.gravatar.com\/avatar\/e39914b2aa6a48959e24d475b5dc9793?s=96&d=mm&r=g\",\"contentUrl\":\"https:\/\/secure.gravatar.com\/avatar\/e39914b2aa6a48959e24d475b5dc9793?s=96&d=mm&r=g\",\"caption\":\"Marta Olejnik\"},\"url\":\"https:\/\/marekkuchcinski.pl\/en\/author\/marta\/\"}]}<\/script>\n<!-- \/ Yoast SEO plugin. -->","yoast_head_json":{"title":"Nowa perspektywa Bieszczad \u2013 zobaczymy je z wagonika kolejki linowej nad Solin\u0105 &#8211; Marek Kuchci\u0144ski","robots":{"index":"index","follow":"follow","max-snippet":"max-snippet:-1","max-image-preview":"max-image-preview:large","max-video-preview":"max-video-preview:-1"},"canonical":"https:\/\/marekkuchcinski.pl\/en\/wydarzenia\/nowa-perspektywa-bieszczad-zobaczymy-je-z-wagonika-kolejki-linowej-nad-solina\/","og_locale":"en_GB","og_type":"article","og_title":"Nowa perspektywa Bieszczad \u2013 zobaczymy je z wagonika kolejki linowej nad Solin\u0105 &#8211; Marek Kuchci\u0144ski","og_description":"Ju\u017c niebawem zobaczymy Podkarpacie z zupe\u0142nie nowej perspektywy \u2013 okna kolei linowej nad soli\u0144sk\u0105 zapor\u0105 uka\u017c\u0105 nam panoram\u0119 Bieszczad. A gdy dotrzemy na g\u00f3r\u0119 Jawor, sp\u0119dzimy czas w ci\u0105gn\u0105cym si\u0119 3 km parku tematycznym \u2013 w\u015br\u00f3d zjawiskowej przyrody, miejscowych legend i innych atrakcji \u2013 m\u00f3wi\u0142 Marek Kuchci\u0144ski podczas prezentacji budowy kolei gondolowej i wie\u017cy widokowej [&hellip;]","og_url":"https:\/\/marekkuchcinski.pl\/en\/wydarzenia\/nowa-perspektywa-bieszczad-zobaczymy-je-z-wagonika-kolejki-linowej-nad-solina\/","og_site_name":"Marek Kuchci\u0144ski","article_published_time":"2021-06-25T12:25:05+00:00","article_modified_time":"2021-06-25T12:33:18+00:00","og_image":[{"width":1620,"height":1080,"url":"https:\/\/marekkuchcinski.pl\/wp-content\/uploads\/2021\/06\/206743126_1401004690273542_7275680785192714772_n.jpg","type":"image\/jpeg"}],"author":"Marta Olejnik","twitter_card":"summary_large_image","twitter_misc":{"Written by":"Marta Olejnik","Estimated reading time":"3 minutes"},"schema":{"@context":"https:\/\/schema.org","@graph":[{"@type":"Article","@id":"https:\/\/marekkuchcinski.pl\/en\/wydarzenia\/nowa-perspektywa-bieszczad-zobaczymy-je-z-wagonika-kolejki-linowej-nad-solina\/#article","isPartOf":{"@id":"https:\/\/marekkuchcinski.pl\/en\/wydarzenia\/nowa-perspektywa-bieszczad-zobaczymy-je-z-wagonika-kolejki-linowej-nad-solina\/"},"author":{"name":"Marta Olejnik","@id":"https:\/\/marekkuchcinski.pl\/#\/schema\/person\/51d5d4ee3b5317b8e4dd2b48af359229"},"headline":"Nowa perspektywa Bieszczad \u2013 zobaczymy je z wagonika kolejki linowej nad Solin\u0105","datePublished":"2021-06-25T12:25:05+00:00","dateModified":"2021-06-25T12:33:18+00:00","mainEntityOfPage":{"@id":"https:\/\/marekkuchcinski.pl\/en\/wydarzenia\/nowa-perspektywa-bieszczad-zobaczymy-je-z-wagonika-kolejki-linowej-nad-solina\/"},"wordCount":291,"commentCount":0,"publisher":{"@id":"https:\/\/marekkuchcinski.pl\/#organization"},"image":{"@id":"https:\/\/marekkuchcinski.pl\/en\/wydarzenia\/nowa-perspektywa-bieszczad-zobaczymy-je-z-wagonika-kolejki-linowej-nad-solina\/#primaryimage"},"thumbnailUrl":"https:\/\/marekkuchcinski.pl\/wp-content\/uploads\/2021\/06\/206743126_1401004690273542_7275680785192714772_n.jpg","articleSection":["Podkarpacie","Wydarzenia"],"inLanguage":"en-GB","potentialAction":[{"@type":"CommentAction","name":"Comment","target":["https:\/\/marekkuchcinski.pl\/en\/wydarzenia\/nowa-perspektywa-bieszczad-zobaczymy-je-z-wagonika-kolejki-linowej-nad-solina\/#respond"]}]},{"@type":"WebPage","@id":"https:\/\/marekkuchcinski.pl\/en\/wydarzenia\/nowa-perspektywa-bieszczad-zobaczymy-je-z-wagonika-kolejki-linowej-nad-solina\/","url":"https:\/\/marekkuchcinski.pl\/en\/wydarzenia\/nowa-perspektywa-bieszczad-zobaczymy-je-z-wagonika-kolejki-linowej-nad-solina\/","name":"Nowa perspektywa Bieszczad \u2013 zobaczymy je z wagonika kolejki linowej nad Solin\u0105 &#8211; Marek Kuchci\u0144ski","isPartOf":{"@id":"https:\/\/marekkuchcinski.pl\/#website"},"primaryImageOfPage":{"@id":"https:\/\/marekkuchcinski.pl\/en\/wydarzenia\/nowa-perspektywa-bieszczad-zobaczymy-je-z-wagonika-kolejki-linowej-nad-solina\/#primaryimage"},"image":{"@id":"https:\/\/marekkuchcinski.pl\/en\/wydarzenia\/nowa-perspektywa-bieszczad-zobaczymy-je-z-wagonika-kolejki-linowej-nad-solina\/#primaryimage"},"thumbnailUrl":"https:\/\/marekkuchcinski.pl\/wp-content\/uploads\/2021\/06\/206743126_1401004690273542_7275680785192714772_n.jpg","datePublished":"2021-06-25T12:25:05+00:00","dateModified":"2021-06-25T12:33:18+00:00","breadcrumb":{"@id":"https:\/\/marekkuchcinski.pl\/en\/wydarzenia\/nowa-perspektywa-bieszczad-zobaczymy-je-z-wagonika-kolejki-linowej-nad-solina\/#breadcrumb"},"inLanguage":"en-GB","potentialAction":[{"@type":"ReadAction","target":["https:\/\/marekkuchcinski.pl\/en\/wydarzenia\/nowa-perspektywa-bieszczad-zobaczymy-je-z-wagonika-kolejki-linowej-nad-solina\/"]}]},{"@type":"ImageObject","inLanguage":"en-GB","@id":"https:\/\/marekkuchcinski.pl\/en\/wydarzenia\/nowa-perspektywa-bieszczad-zobaczymy-je-z-wagonika-kolejki-linowej-nad-solina\/#primaryimage","url":"https:\/\/marekkuchcinski.pl\/wp-content\/uploads\/2021\/06\/206743126_1401004690273542_7275680785192714772_n.jpg","contentUrl":"https:\/\/marekkuchcinski.pl\/wp-content\/uploads\/2021\/06\/206743126_1401004690273542_7275680785192714772_n.jpg","width":1620,"height":1080},{"@type":"BreadcrumbList","@id":"https:\/\/marekkuchcinski.pl\/en\/wydarzenia\/nowa-perspektywa-bieszczad-zobaczymy-je-z-wagonika-kolejki-linowej-nad-solina\/#breadcrumb","itemListElement":[{"@type":"ListItem","position":1,"name":"Strona g\u0142\u00f3wna","item":"https:\/\/marekkuchcinski.pl\/"},{"@type":"ListItem","position":2,"name":"Nowa perspektywa Bieszczad \u2013 zobaczymy je z wagonika kolejki linowej nad Solin\u0105"}]},{"@type":"WebSite","@id":"https:\/\/marekkuchcinski.pl\/#website","url":"https:\/\/marekkuchcinski.pl\/","name":"Marek Kuchci\u0144ski","description":"Pose\u0142 na sejm RP &ndash; okr\u0119g nr 22","publisher":{"@id":"https:\/\/marekkuchcinski.pl\/#organization"},"potentialAction":[{"@type":"SearchAction","target":{"@type":"EntryPoint","urlTemplate":"https:\/\/marekkuchcinski.pl\/?s={search_term_string}"},"query-input":{"@type":"PropertyValueSpecification","valueRequired":true,"valueName":"search_term_string"}}],"inLanguage":"en-GB"},{"@type":"Organization","@id":"https:\/\/marekkuchcinski.pl\/#organization","name":"Marek Kuchci\u0144ski","url":"https:\/\/marekkuchcinski.pl\/","logo":{"@type":"ImageObject","inLanguage":"en-GB","@id":"https:\/\/marekkuchcinski.pl\/#\/schema\/logo\/image\/","url":"https:\/\/marekkuchcinski.pl\/wp-content\/uploads\/2022\/09\/Marek.jpg","contentUrl":"https:\/\/marekkuchcinski.pl\/wp-content\/uploads\/2022\/09\/Marek.jpg","width":1600,"height":971,"caption":"Marek Kuchci\u0144ski"},"image":{"@id":"https:\/\/marekkuchcinski.pl\/#\/schema\/logo\/image\/"}},{"@type":"Person","@id":"https:\/\/marekkuchcinski.pl\/#\/schema\/person\/51d5d4ee3b5317b8e4dd2b48af359229","name":"Marta Olejnik","image":{"@type":"ImageObject","inLanguage":"en-GB","@id":"https:\/\/marekkuchcinski.pl\/#\/schema\/person\/image\/","url":"https:\/\/secure.gravatar.com\/avatar\/e39914b2aa6a48959e24d475b5dc9793?s=96&d=mm&r=g","contentUrl":"https:\/\/secure.gravatar.com\/avatar\/e39914b2aa6a48959e24d475b5dc9793?s=96&d=mm&r=g","caption":"Marta Olejnik"},"url":"https:\/\/marekkuchcinski.pl\/en\/author\/marta\/"}]}},"_links":{"self":[{"href":"https:\/\/marekkuchcinski.pl\/en\/wp-json\/wp\/v2\/posts\/22779","targetHints":{"allow":["GET"]}}],"collection":[{"href":"https:\/\/marekkuchcinski.pl\/en\/wp-json\/wp\/v2\/posts"}],"about":[{"href":"https:\/\/marekkuchcinski.pl\/en\/wp-json\/wp\/v2\/types\/post"}],"author":[{"embeddable":true,"href":"https:\/\/marekkuchcinski.pl\/en\/wp-json\/wp\/v2\/users\/21"}],"replies":[{"embeddable":true,"href":"https:\/\/marekkuchcinski.pl\/en\/wp-json\/wp\/v2\/comments?post=22779"}],"version-history":[{"count":5,"href":"https:\/\/marekkuchcinski.pl\/en\/wp-json\/wp\/v2\/posts\/22779\/revisions"}],"predecessor-version":[{"id":22792,"href":"https:\/\/marekkuchcinski.pl\/en\/wp-json\/wp\/v2\/posts\/22779\/revisions\/22792"}],"wp:featuredmedia":[{"embeddable":true,"href":"https:\/\/marekkuchcinski.pl\/en\/wp-json\/wp\/v2\/media\/22788"}],"wp:attachment":[{"href":"https:\/\/marekkuchcinski.pl\/en\/wp-json\/wp\/v2\/media?parent=22779"}],"wp:term":[{"taxonomy":"category","embeddable":true,"href":"https:\/\/marekkuchcinski.pl\/en\/wp-json\/wp\/v2\/categories?post=22779"},{"taxonomy":"post_tag","embeddable":true,"href":"https:\/\/marekkuchcinski.pl\/en\/wp-json\/wp\/v2\/tags?post=22779"}],"curies":[{"name":"wp","href":"https:\/\/api.w.org\/{rel}","templated":true}]}}