{"id":22740,"date":"2021-06-15T16:37:01","date_gmt":"2021-06-15T14:37:01","guid":{"rendered":"https:\/\/marekkuchcinski.pl\/?p=22740"},"modified":"2021-06-15T16:37:03","modified_gmt":"2021-06-15T14:37:03","slug":"sejm-rp-wzywa-do-wstrzymania-budowy-gazociagu-nord-stream-2","status":"publish","type":"post","link":"https:\/\/marekkuchcinski.pl\/en\/wydarzenia\/sejm-rp-wzywa-do-wstrzymania-budowy-gazociagu-nord-stream-2\/","title":{"rendered":"Polish Sejm calls for a halt to the construction of the Nord Stream 2 gas pipeline"},"content":{"rendered":"<p><strong>At today's meeting, MPs passed a resolution calling for a halt to NS2 construction.<\/strong><\/p>\n\n\n\n<p> \"The Sejm of the Republic of Poland, out of solidarity with our Central European neighbors threatened by Russian expansionism, including Ukraine in particular, calls on the European Union and its member states, including first and foremost the Federal Republic of Germany, as our ally in NATO and partner in the European Union, to withdraw any support for the implementation of the Nord Stream 2 gas pipeline project and to take steps to immediately and effectively stop its construction,\" the House stated.<\/p>\n\n\n\n<p>&nbsp;\"We call for this in the name of respect for the values on which the European Union is based, in the name of solidarity with Ukraine and care for stability and security in Europe, as well as to increase the resilience of the Union to pressure from Russia,\" the MPs wrote. The parliament also called on the United States to maintain and expand sanctions against entities participating in the construction of the gas pipeline.<\/p>\n\n\n\n<p>MEPs stressed in the document adopted by the vote that the investment realized at the bottom of the Baltic Sea is a tool to finance Russia's imperial expansion. They also listed Russia's acts of armed aggression: against Georgia in 2008 and against Ukraine since 2014, as well as the illegal secession of Transnistria from Moldova.<\/p>\n\n\n\n<p>\"The Russian Federation has been exerting massive military pressure on Ukraine this spring, threatening the outbreak of a major armed conflict on the borders of Poland and the European Union. Nord Stream 2, by enabling Russia to forego gas transit through Ukrainian territory to its main consumers, including the Federal Republic of Germany, will open the way for Russia to launch a large-scale military assault on Ukraine without the risk of incurring the costs of interrupting the transit as a result of military actions,\" the Sejm said in the adopted resolution.<\/p>\n\n\n\n<p>MEPs also mentioned the murders of political opponents and acts of terrorism carried out by Russia on the territory of the European Union, the threat to the life of imprisoned Russian oppositionist Alexei Navalny and Russian support for the regime of Alexander Lukashenko in Belarus.<\/p>\n\n\n\n<p>\"We express our conviction that acceptance of the continuation of the Nord Stream 2 project in the above-described circumstances is a consent to the conduct by the Russian Federation of a policy based on violating international standards, human rights, violating the integrity of neighboring countries and exerting pressure on the countries of the European Union and NATO,\" - the MPs stated.<\/p>\n\n\n\n<p>On June 11, the Foreign Affairs Committee adopted a resolution on Nord Stream 2: https:\/\/marekkuchcinski.pl\/wydarzenia\/komisja-spraw-zagranicznych-przez-aklamacje-przyjela-projekt-uchwaly-w-sprawie-nord-stream-2\/<\/p>\n\n\n\n<figure class=\"wp-block-image size-large\"><a href=\"https:\/\/marekkuchcinski.pl\/wp-content\/uploads\/2021\/06\/IMG_4611-2-scaled.jpg\"><img fetchpriority=\"high\" decoding=\"async\" width=\"1024\" height=\"671\" src=\"https:\/\/marekkuchcinski.pl\/wp-content\/uploads\/2021\/06\/IMG_4611-2-1024x671.jpg\" alt=\"\" class=\"wp-image-22742\" srcset=\"https:\/\/marekkuchcinski.pl\/wp-content\/uploads\/2021\/06\/IMG_4611-2-1024x671.jpg 1024w, https:\/\/marekkuchcinski.pl\/wp-content\/uploads\/2021\/06\/IMG_4611-2-300x197.jpg 300w, https:\/\/marekkuchcinski.pl\/wp-content\/uploads\/2021\/06\/IMG_4611-2-768x503.jpg 768w, https:\/\/marekkuchcinski.pl\/wp-content\/uploads\/2021\/06\/IMG_4611-2-1536x1007.jpg 1536w, https:\/\/marekkuchcinski.pl\/wp-content\/uploads\/2021\/06\/IMG_4611-2-scaled.jpg 2048w, https:\/\/marekkuchcinski.pl\/wp-content\/uploads\/2021\/06\/IMG_4611-2-16x10.jpg 16w\" sizes=\"(max-width: 1024px) 100vw, 1024px\" \/><\/a><\/figure>\n\n\n\n<figure class=\"wp-block-image size-large\"><a href=\"https:\/\/marekkuchcinski.pl\/wp-content\/uploads\/2021\/06\/IMG_4558-2-scaled.jpg\"><img decoding=\"async\" width=\"1024\" height=\"683\" src=\"https:\/\/marekkuchcinski.pl\/wp-content\/uploads\/2021\/06\/IMG_4558-2-1024x683.jpg\" alt=\"\" class=\"wp-image-22743\" srcset=\"https:\/\/marekkuchcinski.pl\/wp-content\/uploads\/2021\/06\/IMG_4558-2-1024x683.jpg 1024w, https:\/\/marekkuchcinski.pl\/wp-content\/uploads\/2021\/06\/IMG_4558-2-300x200.jpg 300w, https:\/\/marekkuchcinski.pl\/wp-content\/uploads\/2021\/06\/IMG_4558-2-768x512.jpg 768w, https:\/\/marekkuchcinski.pl\/wp-content\/uploads\/2021\/06\/IMG_4558-2-1536x1024.jpg 1536w, https:\/\/marekkuchcinski.pl\/wp-content\/uploads\/2021\/06\/IMG_4558-2-scaled.jpg 2048w, https:\/\/marekkuchcinski.pl\/wp-content\/uploads\/2021\/06\/IMG_4558-2-16x12.jpg 16w\" sizes=\"(max-width: 1024px) 100vw, 1024px\" \/><\/a><\/figure>\n\n\n\n<p><\/p>","protected":false},"excerpt":{"rendered":"<p>During today's session, MPs adopted a resolution calling for a halt to the construction of NS2. \"The Sejm of the Republic of Poland, in solidarity with our Central European neighbors threatened by Russian expansionism, including Ukraine in particular, calls on the European Union and its member states, including above all the Federal Republic of Germany, as our ally in NATO and partner in the European Union, to withdraw [...]<\/p>","protected":false},"author":21,"featured_media":22742,"comment_status":"open","ping_status":"open","sticky":false,"template":"","format":"standard","meta":{"ngg_post_thumbnail":0,"footnotes":""},"categories":[81,50,3],"tags":[],"class_list":["post-22740","post","type-post","status-publish","format-standard","has-post-thumbnail","hentry","category-wiesci-z-sejmu","category-wspolpraca-miedzynarodowa","category-wydarzenia"],"yoast_head":"<!-- This site is optimized with the Yoast SEO plugin v24.7 - https:\/\/yoast.com\/wordpress\/plugins\/seo\/ -->\n<title>Sejm RP wzywa do wstrzymania budowy gazoci\u0105gu Nord Stream 2 &#8211; Marek Kuchci\u0144ski<\/title>\n<meta name=\"robots\" content=\"index, follow, max-snippet:-1, max-image-preview:large, max-video-preview:-1\" \/>\n<link rel=\"canonical\" href=\"https:\/\/marekkuchcinski.pl\/en\/wydarzenia\/sejm-rp-wzywa-do-wstrzymania-budowy-gazociagu-nord-stream-2\/\" \/>\n<meta property=\"og:locale\" content=\"en_GB\" \/>\n<meta property=\"og:type\" content=\"article\" \/>\n<meta property=\"og:title\" content=\"Sejm RP wzywa do wstrzymania budowy gazoci\u0105gu Nord Stream 2 &#8211; Marek Kuchci\u0144ski\" \/>\n<meta property=\"og:description\" content=\"Podczas dzisiejszego posiedzenia pos\u0142owie przyj\u0119li uchwa\u0142\u0119 wzywaj\u0105c\u0105 do wstrzymania budowy NS2. \u201eSejm Rzeczypospolitej, w poczuciu solidarno\u015bci z naszymi \u015brodkowoeuropejskimi s\u0105siadami, zagro\u017conymi rosyjskim ekspansjonizmem, w tym w szczeg\u00f3lno\u015bci z Ukrain\u0105, wzywa Uni\u0119 Europejsk\u0105 i jej pa\u0144stwa cz\u0142onkowskie, w tym przede wszystkim Republik\u0119 Federaln\u0105 Niemiec, jako naszego sojusznika w NATO i partnera w Unii Europejskiej, do wycofania [&hellip;]\" \/>\n<meta property=\"og:url\" content=\"https:\/\/marekkuchcinski.pl\/en\/wydarzenia\/sejm-rp-wzywa-do-wstrzymania-budowy-gazociagu-nord-stream-2\/\" \/>\n<meta property=\"og:site_name\" content=\"Marek Kuchci\u0144ski\" \/>\n<meta property=\"article:published_time\" content=\"2021-06-15T14:37:01+00:00\" \/>\n<meta property=\"article:modified_time\" content=\"2021-06-15T14:37:03+00:00\" \/>\n<meta property=\"og:image\" content=\"https:\/\/marekkuchcinski.pl\/wp-content\/uploads\/2021\/06\/IMG_4611-2-scaled.jpg\" \/>\n\t<meta property=\"og:image:width\" content=\"2048\" \/>\n\t<meta property=\"og:image:height\" content=\"1342\" \/>\n\t<meta property=\"og:image:type\" content=\"image\/jpeg\" \/>\n<meta name=\"author\" content=\"Marta Olejnik\" \/>\n<meta name=\"twitter:card\" content=\"summary_large_image\" \/>\n<meta name=\"twitter:label1\" content=\"Written by\" \/>\n\t<meta name=\"twitter:data1\" content=\"Marta Olejnik\" \/>\n\t<meta name=\"twitter:label2\" content=\"Estimated reading time\" \/>\n\t<meta name=\"twitter:data2\" content=\"2 minutes\" \/>\n<script type=\"application\/ld+json\" class=\"yoast-schema-graph\">{\"@context\":\"https:\/\/schema.org\",\"@graph\":[{\"@type\":\"Article\",\"@id\":\"https:\/\/marekkuchcinski.pl\/wydarzenia\/sejm-rp-wzywa-do-wstrzymania-budowy-gazociagu-nord-stream-2\/#article\",\"isPartOf\":{\"@id\":\"https:\/\/marekkuchcinski.pl\/wydarzenia\/sejm-rp-wzywa-do-wstrzymania-budowy-gazociagu-nord-stream-2\/\"},\"author\":{\"name\":\"Marta Olejnik\",\"@id\":\"https:\/\/marekkuchcinski.pl\/#\/schema\/person\/51d5d4ee3b5317b8e4dd2b48af359229\"},\"headline\":\"Sejm RP wzywa do wstrzymania budowy gazoci\u0105gu Nord Stream 2\",\"datePublished\":\"2021-06-15T14:37:01+00:00\",\"dateModified\":\"2021-06-15T14:37:03+00:00\",\"mainEntityOfPage\":{\"@id\":\"https:\/\/marekkuchcinski.pl\/wydarzenia\/sejm-rp-wzywa-do-wstrzymania-budowy-gazociagu-nord-stream-2\/\"},\"wordCount\":420,\"commentCount\":0,\"publisher\":{\"@id\":\"https:\/\/marekkuchcinski.pl\/#organization\"},\"image\":{\"@id\":\"https:\/\/marekkuchcinski.pl\/wydarzenia\/sejm-rp-wzywa-do-wstrzymania-budowy-gazociagu-nord-stream-2\/#primaryimage\"},\"thumbnailUrl\":\"https:\/\/marekkuchcinski.pl\/wp-content\/uploads\/2021\/06\/IMG_4611-2-scaled.jpg\",\"articleSection\":[\"Wie\u015bci z Sejmu\",\"Wsp\u00f3\u0142praca mi\u0119dzynarodowa\",\"Wydarzenia\"],\"inLanguage\":\"en-GB\",\"potentialAction\":[{\"@type\":\"CommentAction\",\"name\":\"Comment\",\"target\":[\"https:\/\/marekkuchcinski.pl\/wydarzenia\/sejm-rp-wzywa-do-wstrzymania-budowy-gazociagu-nord-stream-2\/#respond\"]}]},{\"@type\":\"WebPage\",\"@id\":\"https:\/\/marekkuchcinski.pl\/wydarzenia\/sejm-rp-wzywa-do-wstrzymania-budowy-gazociagu-nord-stream-2\/\",\"url\":\"https:\/\/marekkuchcinski.pl\/wydarzenia\/sejm-rp-wzywa-do-wstrzymania-budowy-gazociagu-nord-stream-2\/\",\"name\":\"Sejm RP wzywa do wstrzymania budowy gazoci\u0105gu Nord Stream 2 &#8211; Marek Kuchci\u0144ski\",\"isPartOf\":{\"@id\":\"https:\/\/marekkuchcinski.pl\/#website\"},\"primaryImageOfPage\":{\"@id\":\"https:\/\/marekkuchcinski.pl\/wydarzenia\/sejm-rp-wzywa-do-wstrzymania-budowy-gazociagu-nord-stream-2\/#primaryimage\"},\"image\":{\"@id\":\"https:\/\/marekkuchcinski.pl\/wydarzenia\/sejm-rp-wzywa-do-wstrzymania-budowy-gazociagu-nord-stream-2\/#primaryimage\"},\"thumbnailUrl\":\"https:\/\/marekkuchcinski.pl\/wp-content\/uploads\/2021\/06\/IMG_4611-2-scaled.jpg\",\"datePublished\":\"2021-06-15T14:37:01+00:00\",\"dateModified\":\"2021-06-15T14:37:03+00:00\",\"breadcrumb\":{\"@id\":\"https:\/\/marekkuchcinski.pl\/wydarzenia\/sejm-rp-wzywa-do-wstrzymania-budowy-gazociagu-nord-stream-2\/#breadcrumb\"},\"inLanguage\":\"en-GB\",\"potentialAction\":[{\"@type\":\"ReadAction\",\"target\":[\"https:\/\/marekkuchcinski.pl\/wydarzenia\/sejm-rp-wzywa-do-wstrzymania-budowy-gazociagu-nord-stream-2\/\"]}]},{\"@type\":\"ImageObject\",\"inLanguage\":\"en-GB\",\"@id\":\"https:\/\/marekkuchcinski.pl\/wydarzenia\/sejm-rp-wzywa-do-wstrzymania-budowy-gazociagu-nord-stream-2\/#primaryimage\",\"url\":\"https:\/\/marekkuchcinski.pl\/wp-content\/uploads\/2021\/06\/IMG_4611-2-scaled.jpg\",\"contentUrl\":\"https:\/\/marekkuchcinski.pl\/wp-content\/uploads\/2021\/06\/IMG_4611-2-scaled.jpg\",\"width\":2048,\"height\":1342},{\"@type\":\"BreadcrumbList\",\"@id\":\"https:\/\/marekkuchcinski.pl\/wydarzenia\/sejm-rp-wzywa-do-wstrzymania-budowy-gazociagu-nord-stream-2\/#breadcrumb\",\"itemListElement\":[{\"@type\":\"ListItem\",\"position\":1,\"name\":\"Strona g\u0142\u00f3wna\",\"item\":\"https:\/\/marekkuchcinski.pl\/\"},{\"@type\":\"ListItem\",\"position\":2,\"name\":\"Sejm RP wzywa do wstrzymania budowy gazoci\u0105gu Nord Stream 2\"}]},{\"@type\":\"WebSite\",\"@id\":\"https:\/\/marekkuchcinski.pl\/#website\",\"url\":\"https:\/\/marekkuchcinski.pl\/\",\"name\":\"Marek Kuchci\u0144ski\",\"description\":\"Pose\u0142 na sejm RP &ndash; okr\u0119g nr 22\",\"publisher\":{\"@id\":\"https:\/\/marekkuchcinski.pl\/#organization\"},\"potentialAction\":[{\"@type\":\"SearchAction\",\"target\":{\"@type\":\"EntryPoint\",\"urlTemplate\":\"https:\/\/marekkuchcinski.pl\/?s={search_term_string}\"},\"query-input\":{\"@type\":\"PropertyValueSpecification\",\"valueRequired\":true,\"valueName\":\"search_term_string\"}}],\"inLanguage\":\"en-GB\"},{\"@type\":\"Organization\",\"@id\":\"https:\/\/marekkuchcinski.pl\/#organization\",\"name\":\"Marek Kuchci\u0144ski\",\"url\":\"https:\/\/marekkuchcinski.pl\/\",\"logo\":{\"@type\":\"ImageObject\",\"inLanguage\":\"en-GB\",\"@id\":\"https:\/\/marekkuchcinski.pl\/#\/schema\/logo\/image\/\",\"url\":\"https:\/\/marekkuchcinski.pl\/wp-content\/uploads\/2022\/09\/Marek.jpg\",\"contentUrl\":\"https:\/\/marekkuchcinski.pl\/wp-content\/uploads\/2022\/09\/Marek.jpg\",\"width\":1600,\"height\":971,\"caption\":\"Marek Kuchci\u0144ski\"},\"image\":{\"@id\":\"https:\/\/marekkuchcinski.pl\/#\/schema\/logo\/image\/\"}},{\"@type\":\"Person\",\"@id\":\"https:\/\/marekkuchcinski.pl\/#\/schema\/person\/51d5d4ee3b5317b8e4dd2b48af359229\",\"name\":\"Marta Olejnik\",\"image\":{\"@type\":\"ImageObject\",\"inLanguage\":\"en-GB\",\"@id\":\"https:\/\/marekkuchcinski.pl\/#\/schema\/person\/image\/\",\"url\":\"https:\/\/secure.gravatar.com\/avatar\/e39914b2aa6a48959e24d475b5dc9793?s=96&d=mm&r=g\",\"contentUrl\":\"https:\/\/secure.gravatar.com\/avatar\/e39914b2aa6a48959e24d475b5dc9793?s=96&d=mm&r=g\",\"caption\":\"Marta Olejnik\"},\"url\":\"https:\/\/marekkuchcinski.pl\/en\/author\/marta\/\"}]}<\/script>\n<!-- \/ Yoast SEO plugin. -->","yoast_head_json":{"title":"Sejm RP wzywa do wstrzymania budowy gazoci\u0105gu Nord Stream 2 &#8211; Marek Kuchci\u0144ski","robots":{"index":"index","follow":"follow","max-snippet":"max-snippet:-1","max-image-preview":"max-image-preview:large","max-video-preview":"max-video-preview:-1"},"canonical":"https:\/\/marekkuchcinski.pl\/en\/wydarzenia\/sejm-rp-wzywa-do-wstrzymania-budowy-gazociagu-nord-stream-2\/","og_locale":"en_GB","og_type":"article","og_title":"Sejm RP wzywa do wstrzymania budowy gazoci\u0105gu Nord Stream 2 &#8211; Marek Kuchci\u0144ski","og_description":"Podczas dzisiejszego posiedzenia pos\u0142owie przyj\u0119li uchwa\u0142\u0119 wzywaj\u0105c\u0105 do wstrzymania budowy NS2. \u201eSejm Rzeczypospolitej, w poczuciu solidarno\u015bci z naszymi \u015brodkowoeuropejskimi s\u0105siadami, zagro\u017conymi rosyjskim ekspansjonizmem, w tym w szczeg\u00f3lno\u015bci z Ukrain\u0105, wzywa Uni\u0119 Europejsk\u0105 i jej pa\u0144stwa cz\u0142onkowskie, w tym przede wszystkim Republik\u0119 Federaln\u0105 Niemiec, jako naszego sojusznika w NATO i partnera w Unii Europejskiej, do wycofania [&hellip;]","og_url":"https:\/\/marekkuchcinski.pl\/en\/wydarzenia\/sejm-rp-wzywa-do-wstrzymania-budowy-gazociagu-nord-stream-2\/","og_site_name":"Marek Kuchci\u0144ski","article_published_time":"2021-06-15T14:37:01+00:00","article_modified_time":"2021-06-15T14:37:03+00:00","og_image":[{"width":2048,"height":1342,"url":"https:\/\/marekkuchcinski.pl\/wp-content\/uploads\/2021\/06\/IMG_4611-2-scaled.jpg","type":"image\/jpeg"}],"author":"Marta Olejnik","twitter_card":"summary_large_image","twitter_misc":{"Written by":"Marta Olejnik","Estimated reading time":"2 minutes"},"schema":{"@context":"https:\/\/schema.org","@graph":[{"@type":"Article","@id":"https:\/\/marekkuchcinski.pl\/wydarzenia\/sejm-rp-wzywa-do-wstrzymania-budowy-gazociagu-nord-stream-2\/#article","isPartOf":{"@id":"https:\/\/marekkuchcinski.pl\/wydarzenia\/sejm-rp-wzywa-do-wstrzymania-budowy-gazociagu-nord-stream-2\/"},"author":{"name":"Marta Olejnik","@id":"https:\/\/marekkuchcinski.pl\/#\/schema\/person\/51d5d4ee3b5317b8e4dd2b48af359229"},"headline":"Sejm RP wzywa do wstrzymania budowy gazoci\u0105gu Nord Stream 2","datePublished":"2021-06-15T14:37:01+00:00","dateModified":"2021-06-15T14:37:03+00:00","mainEntityOfPage":{"@id":"https:\/\/marekkuchcinski.pl\/wydarzenia\/sejm-rp-wzywa-do-wstrzymania-budowy-gazociagu-nord-stream-2\/"},"wordCount":420,"commentCount":0,"publisher":{"@id":"https:\/\/marekkuchcinski.pl\/#organization"},"image":{"@id":"https:\/\/marekkuchcinski.pl\/wydarzenia\/sejm-rp-wzywa-do-wstrzymania-budowy-gazociagu-nord-stream-2\/#primaryimage"},"thumbnailUrl":"https:\/\/marekkuchcinski.pl\/wp-content\/uploads\/2021\/06\/IMG_4611-2-scaled.jpg","articleSection":["Wie\u015bci z Sejmu","Wsp\u00f3\u0142praca mi\u0119dzynarodowa","Wydarzenia"],"inLanguage":"en-GB","potentialAction":[{"@type":"CommentAction","name":"Comment","target":["https:\/\/marekkuchcinski.pl\/wydarzenia\/sejm-rp-wzywa-do-wstrzymania-budowy-gazociagu-nord-stream-2\/#respond"]}]},{"@type":"WebPage","@id":"https:\/\/marekkuchcinski.pl\/wydarzenia\/sejm-rp-wzywa-do-wstrzymania-budowy-gazociagu-nord-stream-2\/","url":"https:\/\/marekkuchcinski.pl\/wydarzenia\/sejm-rp-wzywa-do-wstrzymania-budowy-gazociagu-nord-stream-2\/","name":"Sejm RP wzywa do wstrzymania budowy gazoci\u0105gu Nord Stream 2 &#8211; Marek Kuchci\u0144ski","isPartOf":{"@id":"https:\/\/marekkuchcinski.pl\/#website"},"primaryImageOfPage":{"@id":"https:\/\/marekkuchcinski.pl\/wydarzenia\/sejm-rp-wzywa-do-wstrzymania-budowy-gazociagu-nord-stream-2\/#primaryimage"},"image":{"@id":"https:\/\/marekkuchcinski.pl\/wydarzenia\/sejm-rp-wzywa-do-wstrzymania-budowy-gazociagu-nord-stream-2\/#primaryimage"},"thumbnailUrl":"https:\/\/marekkuchcinski.pl\/wp-content\/uploads\/2021\/06\/IMG_4611-2-scaled.jpg","datePublished":"2021-06-15T14:37:01+00:00","dateModified":"2021-06-15T14:37:03+00:00","breadcrumb":{"@id":"https:\/\/marekkuchcinski.pl\/wydarzenia\/sejm-rp-wzywa-do-wstrzymania-budowy-gazociagu-nord-stream-2\/#breadcrumb"},"inLanguage":"en-GB","potentialAction":[{"@type":"ReadAction","target":["https:\/\/marekkuchcinski.pl\/wydarzenia\/sejm-rp-wzywa-do-wstrzymania-budowy-gazociagu-nord-stream-2\/"]}]},{"@type":"ImageObject","inLanguage":"en-GB","@id":"https:\/\/marekkuchcinski.pl\/wydarzenia\/sejm-rp-wzywa-do-wstrzymania-budowy-gazociagu-nord-stream-2\/#primaryimage","url":"https:\/\/marekkuchcinski.pl\/wp-content\/uploads\/2021\/06\/IMG_4611-2-scaled.jpg","contentUrl":"https:\/\/marekkuchcinski.pl\/wp-content\/uploads\/2021\/06\/IMG_4611-2-scaled.jpg","width":2048,"height":1342},{"@type":"BreadcrumbList","@id":"https:\/\/marekkuchcinski.pl\/wydarzenia\/sejm-rp-wzywa-do-wstrzymania-budowy-gazociagu-nord-stream-2\/#breadcrumb","itemListElement":[{"@type":"ListItem","position":1,"name":"Strona g\u0142\u00f3wna","item":"https:\/\/marekkuchcinski.pl\/"},{"@type":"ListItem","position":2,"name":"Sejm RP wzywa do wstrzymania budowy gazoci\u0105gu Nord Stream 2"}]},{"@type":"WebSite","@id":"https:\/\/marekkuchcinski.pl\/#website","url":"https:\/\/marekkuchcinski.pl\/","name":"Marek Kuchci\u0144ski","description":"Pose\u0142 na sejm RP &ndash; okr\u0119g nr 22","publisher":{"@id":"https:\/\/marekkuchcinski.pl\/#organization"},"potentialAction":[{"@type":"SearchAction","target":{"@type":"EntryPoint","urlTemplate":"https:\/\/marekkuchcinski.pl\/?s={search_term_string}"},"query-input":{"@type":"PropertyValueSpecification","valueRequired":true,"valueName":"search_term_string"}}],"inLanguage":"en-GB"},{"@type":"Organization","@id":"https:\/\/marekkuchcinski.pl\/#organization","name":"Marek Kuchci\u0144ski","url":"https:\/\/marekkuchcinski.pl\/","logo":{"@type":"ImageObject","inLanguage":"en-GB","@id":"https:\/\/marekkuchcinski.pl\/#\/schema\/logo\/image\/","url":"https:\/\/marekkuchcinski.pl\/wp-content\/uploads\/2022\/09\/Marek.jpg","contentUrl":"https:\/\/marekkuchcinski.pl\/wp-content\/uploads\/2022\/09\/Marek.jpg","width":1600,"height":971,"caption":"Marek Kuchci\u0144ski"},"image":{"@id":"https:\/\/marekkuchcinski.pl\/#\/schema\/logo\/image\/"}},{"@type":"Person","@id":"https:\/\/marekkuchcinski.pl\/#\/schema\/person\/51d5d4ee3b5317b8e4dd2b48af359229","name":"Marta Olejnik","image":{"@type":"ImageObject","inLanguage":"en-GB","@id":"https:\/\/marekkuchcinski.pl\/#\/schema\/person\/image\/","url":"https:\/\/secure.gravatar.com\/avatar\/e39914b2aa6a48959e24d475b5dc9793?s=96&d=mm&r=g","contentUrl":"https:\/\/secure.gravatar.com\/avatar\/e39914b2aa6a48959e24d475b5dc9793?s=96&d=mm&r=g","caption":"Marta Olejnik"},"url":"https:\/\/marekkuchcinski.pl\/en\/author\/marta\/"}]}},"_links":{"self":[{"href":"https:\/\/marekkuchcinski.pl\/en\/wp-json\/wp\/v2\/posts\/22740","targetHints":{"allow":["GET"]}}],"collection":[{"href":"https:\/\/marekkuchcinski.pl\/en\/wp-json\/wp\/v2\/posts"}],"about":[{"href":"https:\/\/marekkuchcinski.pl\/en\/wp-json\/wp\/v2\/types\/post"}],"author":[{"embeddable":true,"href":"https:\/\/marekkuchcinski.pl\/en\/wp-json\/wp\/v2\/users\/21"}],"replies":[{"embeddable":true,"href":"https:\/\/marekkuchcinski.pl\/en\/wp-json\/wp\/v2\/comments?post=22740"}],"version-history":[{"count":2,"href":"https:\/\/marekkuchcinski.pl\/en\/wp-json\/wp\/v2\/posts\/22740\/revisions"}],"predecessor-version":[{"id":22744,"href":"https:\/\/marekkuchcinski.pl\/en\/wp-json\/wp\/v2\/posts\/22740\/revisions\/22744"}],"wp:featuredmedia":[{"embeddable":true,"href":"https:\/\/marekkuchcinski.pl\/en\/wp-json\/wp\/v2\/media\/22742"}],"wp:attachment":[{"href":"https:\/\/marekkuchcinski.pl\/en\/wp-json\/wp\/v2\/media?parent=22740"}],"wp:term":[{"taxonomy":"category","embeddable":true,"href":"https:\/\/marekkuchcinski.pl\/en\/wp-json\/wp\/v2\/categories?post=22740"},{"taxonomy":"post_tag","embeddable":true,"href":"https:\/\/marekkuchcinski.pl\/en\/wp-json\/wp\/v2\/tags?post=22740"}],"curies":[{"name":"wp","href":"https:\/\/api.w.org\/{rel}","templated":true}]}}