{"id":216,"date":"2012-07-16T09:08:39","date_gmt":"2012-07-16T07:08:39","guid":{"rendered":"https:\/\/marekkuchcinski.pl\/?p=216"},"modified":"2016-08-25T17:00:19","modified_gmt":"2016-08-25T15:00:19","slug":"zyczenia-dla-policjantow-z-okazji-ich-swieta","status":"publish","type":"post","link":"https:\/\/marekkuchcinski.pl\/en\/wydarzenia\/zyczenia-dla-policjantow-z-okazji-ich-swieta\/","title":{"rendered":"Best wishes for police officers on the occasion of their holiday"},"content":{"rendered":"<p style=\"text-align: justify;\">On the occasion of the Police Day, the Vice Marshal of the Polish Parliament Marek Kuchci\u0144ski sent to the City Police Commander of Przemy\u015bl heartfelt wishes to all the officers and employees of the Police Headquarters. The Vice Marshal emphasized that his letter is an expression of remembrance and respect for this uniformed formation. Vice Marshal Kuchci\u0144ski also congratulated the officers who on the occasion of the holiday were promoted and decorated for their professionalism and dedication to their work and wished them success in their professional lives and satisfaction from performing this extremely important service for Poland.<\/p>","protected":false},"excerpt":{"rendered":"<p>Wicemarsza\u0142ek Sejmu RP Marek Kuchci\u0144ski z okazji \u015awi\u0119ta Policji skierowa\u0142 na r\u0119ce Komendanta Miejskiego Policji w Przemy\u015blu serdeczne \u017cyczenia dla wszystkich funkcjonariuszy i pracownik\u00f3w Komendy. Wicemarsza\u0142ek podkre\u015bli\u0142, \u017ce jego list jest wyrazem pami\u0119ci i szacunku dla tej formacji mundurowej. M. Kuchci\u0144ski pogratulowa\u0142 ponadto profesjonalizmu i oddania si\u0119 pracy tym funkcjonariuszom, kt\u00f3rzy z okazji&nbsp; \u015awi\u0119ta zostali [&hellip;]<\/p>\n","protected":false},"author":6,"featured_media":0,"comment_status":"open","ping_status":"open","sticky":false,"template":"","format":"standard","meta":{"ngg_post_thumbnail":0,"footnotes":""},"categories":[3],"tags":[],"class_list":["post-216","post","type-post","status-publish","format-standard","hentry","category-wydarzenia"],"_links":{"self":[{"href":"https:\/\/marekkuchcinski.pl\/en\/wp-json\/wp\/v2\/posts\/216","targetHints":{"allow":["GET"]}}],"collection":[{"href":"https:\/\/marekkuchcinski.pl\/en\/wp-json\/wp\/v2\/posts"}],"about":[{"href":"https:\/\/marekkuchcinski.pl\/en\/wp-json\/wp\/v2\/types\/post"}],"author":[{"embeddable":true,"href":"https:\/\/marekkuchcinski.pl\/en\/wp-json\/wp\/v2\/users\/6"}],"replies":[{"embeddable":true,"href":"https:\/\/marekkuchcinski.pl\/en\/wp-json\/wp\/v2\/comments?post=216"}],"version-history":[{"count":1,"href":"https:\/\/marekkuchcinski.pl\/en\/wp-json\/wp\/v2\/posts\/216\/revisions"}],"predecessor-version":[{"id":1278,"href":"https:\/\/marekkuchcinski.pl\/en\/wp-json\/wp\/v2\/posts\/216\/revisions\/1278"}],"wp:attachment":[{"href":"https:\/\/marekkuchcinski.pl\/en\/wp-json\/wp\/v2\/media?parent=216"}],"wp:term":[{"taxonomy":"category","embeddable":true,"href":"https:\/\/marekkuchcinski.pl\/en\/wp-json\/wp\/v2\/categories?post=216"},{"taxonomy":"post_tag","embeddable":true,"href":"https:\/\/marekkuchcinski.pl\/en\/wp-json\/wp\/v2\/tags?post=216"}],"curies":[{"name":"wp","href":"https:\/\/api.w.org\/{rel}","templated":true}]}}