{"id":21308,"date":"2021-01-11T17:50:41","date_gmt":"2021-01-11T16:50:41","guid":{"rendered":"https:\/\/marekkuchcinski.pl\/?p=21308"},"modified":"2021-01-16T15:43:13","modified_gmt":"2021-01-16T14:43:13","slug":"wiadomosci-z-europy-i-swiata-11-stycznia-2021","status":"publish","type":"post","link":"https:\/\/marekkuchcinski.pl\/en\/europa\/wiadomosci-z-europy-i-swiata-11-stycznia-2021\/","title":{"rendered":"News from Europe and the World, 11 January 2021"},"content":{"rendered":"<div class=\"wp-block-image\"><figure class=\"aligncenter size-large is-resized\"><a href=\"https:\/\/marekkuchcinski.pl\/wp-content\/uploads\/2021\/01\/cf1f077a911c3f077bef2e6ad1677e47.jpg\"><img fetchpriority=\"high\" decoding=\"async\" src=\"https:\/\/marekkuchcinski.pl\/wp-content\/uploads\/2021\/01\/cf1f077a911c3f077bef2e6ad1677e47.jpg\" alt=\"\" class=\"wp-image-21337\" width=\"787\" height=\"425\" srcset=\"https:\/\/marekkuchcinski.pl\/wp-content\/uploads\/2021\/01\/cf1f077a911c3f077bef2e6ad1677e47.jpg 726w, https:\/\/marekkuchcinski.pl\/wp-content\/uploads\/2021\/01\/cf1f077a911c3f077bef2e6ad1677e47-300x162.jpg 300w, https:\/\/marekkuchcinski.pl\/wp-content\/uploads\/2021\/01\/cf1f077a911c3f077bef2e6ad1677e47-16x9.jpg 16w\" sizes=\"(max-width: 787px) 100vw, 787px\" \/><\/a><\/figure><\/div>\n\n\n\n<p class=\"has-large-font-size\"><strong>Western Europe<\/strong><\/p>\n\n\n\n<p><strong>Austria: <\/strong>Austrian Labor and Family Minister Christine Aschbacher (\u00d6VP) has announced her decision to leave the government, saying that the \"media and political comrades\" have judged her prematurely. The former labor minister faced allegations of plagiarism in connection with her master's thesis.<\/p>\n\n\n\n<p><strong>Belgium:<\/strong> \"Belgium will request ten million additional Pfizer-BioNTech coronavirus vaccines,\" announced Health Minister Frank Vandenbroucke over the weekend. At the same time, there is still no official database on vaccination efforts. \"We are asking for a fair share. If Pfizer delivers a total of 600 million doses to Europe, Belgians are entitled to 15 million,\" Vandenbroucke said on the Flemish television program De Zevende Dag.<\/p>\n\n\n\n<p><strong>France:<\/strong> Regarding the new coronavirus variant that recently emerged in the UK, Health Minister Olivier V\u00e9ran said that \"we are doing everything we can to prevent the spread of this mutation\". Eight more departments in eastern France decided on Sunday to extend the curfew from 6 p.m. So far, it has been in force in fifteen departments.<\/p>\n\n\n\n<p><strong>Ireland:<\/strong> \"The outbreak of the recently discovered South African COVID-19 variant has been contained,\" Irish health officials said. Still, the COVID-19 mutation first identified in the United Kingdom has authorities concerned.<\/p>\n\n\n\n<p><strong>Germany:<\/strong> Bundestag President Wolfgang Sch\u00e4uble has decided to increase security at the German parliament building. The decision comes after lawmakers called late last week for increased security around the Bundestag in response to the riots on Capitol Hill.<\/p>\n\n\n\n<p class=\"has-large-font-size\"><strong>Visegrad Group<\/strong><\/p>\n\n\n\n<p><strong>Czech Republic: \"<\/strong>The Czech Republic should receive the first 20,000 doses of the Moderna vaccine on Monday,\" Prime Minister Andrej Babi\u0161 told Czech television. The European Medical Agency (EMA) and the European Commission approved the Moderna vaccine on January 6 without specifying exactly when distribution should begin.<\/p>\n\n\n\n<p><strong>Slovakia: <\/strong>Former police chief Milan Lu\u010dansk\u00fd, who in early December was charged with, among other things, corruption in a police operation codenamed \"Judas,\" attempted to commit suicide on December 29 while in pre-trial detention. He died in hospital a day later. Milan Lu\u010dansk\u00fd took the top post in the Slovak police force during the reconstruction of the Smer-SD-led government after the murders of journalists J\u00e1n Kuciak and Martina Ku\u0161n\u00edrova.<\/p>\n\n\n\n<p><\/p>\n\n\n\n<p class=\"has-large-font-size\"><strong>Balkans<\/strong><\/p>\n\n\n\n<p><strong>Bosnia and Herzegovina: <\/strong>German MP Stefan Kaufmann (CDU) congratulated the controversial Republika Srpska (RS) Day, which Bosnian Serbs celebrate on January 9 as the day the Bosnian Serb republic was established in 1992. - despite the fact that the Constitutional Court of BiH declared it unconstitutional. Following harsh reactions in Bosnia, Kaufmann apologized on Twitter, explaining that he was \"unaware of the negative connotations associated with the day.\"<\/p>\n\n\n\n<p class=\"has-large-font-size\"><strong>Northern Europe<\/strong><\/p>\n\n\n\n<p><strong>Sweden: <\/strong>The Swedish parliament has passed a law that gives the government the power to tighten measures in the fight against the current pandemic. The law, which took effect on Sunday, allows the government to limit the opening hours of businesses and the number of visitors in stores, restaurants and bars, public transport and sports and cultural venues.<\/p>\n\n\n\n<p>SM<\/p>","protected":false},"excerpt":{"rendered":"<p>Western Europe Austria: Austrian Labor and Family Minister Christine Aschbacher (\u00d6VP) has announced her decision to leave the government, saying that \"the media and political comrades\" judged her prematurely. The former labor minister faced allegations of plagiarism in connection with her master's thesis. Belgium: \"Belgium will request ten million additional Pfizer-BioNTech coronavirus vaccines,\" announced in [...]<\/p>","protected":false},"author":17,"featured_media":21337,"comment_status":"open","ping_status":"open","sticky":false,"template":"","format":"standard","meta":{"ngg_post_thumbnail":0,"footnotes":""},"categories":[185,3],"tags":[],"class_list":["post-21308","post","type-post","status-publish","format-standard","has-post-thumbnail","hentry","category-europa","category-wydarzenia"],"yoast_head":"<!-- This site is optimized with the Yoast SEO plugin v24.7 - https:\/\/yoast.com\/wordpress\/plugins\/seo\/ -->\n<title>Wiadomo\u015bci z Europy i \u015bwiata, 11 stycznia 2021 &#8211; Marek Kuchci\u0144ski<\/title>\n<meta name=\"robots\" content=\"index, follow, max-snippet:-1, max-image-preview:large, max-video-preview:-1\" \/>\n<link rel=\"canonical\" href=\"https:\/\/marekkuchcinski.pl\/en\/europa\/wiadomosci-z-europy-i-swiata-11-stycznia-2021\/\" \/>\n<meta property=\"og:locale\" content=\"en_GB\" \/>\n<meta property=\"og:type\" content=\"article\" \/>\n<meta property=\"og:title\" content=\"Wiadomo\u015bci z Europy i \u015bwiata, 11 stycznia 2021 &#8211; Marek Kuchci\u0144ski\" \/>\n<meta property=\"og:description\" content=\"Europa Zachodnia Austria: Austriacka minister pracy i rodziny Christine Aschbacher (\u00d6VP) og\u0142osi\u0142a swoj\u0105 decyzj\u0119 o odej\u015bciu z rz\u0105du m\u00f3wi\u0105c, \u017ce \u201emedia i polityczni towarzysze\u201d os\u0105dzili j\u0105 przedwcze\u015bnie. By\u0142a minister pracy spotka\u0142a si\u0119 z zarzutami plagiatu w zwi\u0105zku ze swoj\u0105 prac\u0105 magistersk\u0105. Belgia: \u201eBelgia wyst\u0105pi o dziesi\u0119\u0107 milion\u00f3w dodatkowych szczepionek przeciwko koronawirusowi Pfizer-BioNTech\u201d &#8211; og\u0142osi\u0142 w [&hellip;]\" \/>\n<meta property=\"og:url\" content=\"https:\/\/marekkuchcinski.pl\/en\/europa\/wiadomosci-z-europy-i-swiata-11-stycznia-2021\/\" \/>\n<meta property=\"og:site_name\" content=\"Marek Kuchci\u0144ski\" \/>\n<meta property=\"article:published_time\" content=\"2021-01-11T16:50:41+00:00\" \/>\n<meta property=\"article:modified_time\" content=\"2021-01-16T14:43:13+00:00\" \/>\n<meta property=\"og:image\" content=\"https:\/\/marekkuchcinski.pl\/wp-content\/uploads\/2021\/01\/cf1f077a911c3f077bef2e6ad1677e47.jpg\" \/>\n\t<meta property=\"og:image:width\" content=\"726\" \/>\n\t<meta property=\"og:image:height\" content=\"393\" \/>\n\t<meta property=\"og:image:type\" content=\"image\/jpeg\" \/>\n<meta name=\"author\" content=\"Tomasz \u0141acina\" \/>\n<meta name=\"twitter:card\" content=\"summary_large_image\" \/>\n<meta name=\"twitter:label1\" content=\"Written by\" \/>\n\t<meta name=\"twitter:data1\" content=\"Tomasz \u0141acina\" \/>\n\t<meta name=\"twitter:label2\" content=\"Estimated reading time\" \/>\n\t<meta name=\"twitter:data2\" content=\"3 minutes\" \/>\n<script type=\"application\/ld+json\" class=\"yoast-schema-graph\">{\"@context\":\"https:\/\/schema.org\",\"@graph\":[{\"@type\":\"Article\",\"@id\":\"https:\/\/marekkuchcinski.pl\/europa\/wiadomosci-z-europy-i-swiata-11-stycznia-2021\/#article\",\"isPartOf\":{\"@id\":\"https:\/\/marekkuchcinski.pl\/europa\/wiadomosci-z-europy-i-swiata-11-stycznia-2021\/\"},\"author\":{\"name\":\"Tomasz \u0141acina\",\"@id\":\"https:\/\/marekkuchcinski.pl\/#\/schema\/person\/b8a29fe7813098f7be78801d029910a7\"},\"headline\":\"Wiadomo\u015bci z Europy i \u015bwiata, 11 stycznia 2021\",\"datePublished\":\"2021-01-11T16:50:41+00:00\",\"dateModified\":\"2021-01-16T14:43:13+00:00\",\"mainEntityOfPage\":{\"@id\":\"https:\/\/marekkuchcinski.pl\/europa\/wiadomosci-z-europy-i-swiata-11-stycznia-2021\/\"},\"wordCount\":517,\"commentCount\":0,\"publisher\":{\"@id\":\"https:\/\/marekkuchcinski.pl\/#organization\"},\"image\":{\"@id\":\"https:\/\/marekkuchcinski.pl\/europa\/wiadomosci-z-europy-i-swiata-11-stycznia-2021\/#primaryimage\"},\"thumbnailUrl\":\"https:\/\/marekkuchcinski.pl\/wp-content\/uploads\/2021\/01\/cf1f077a911c3f077bef2e6ad1677e47.jpg\",\"articleSection\":[\"Wie\u015bci z Europy i \u015awiata\",\"Wydarzenia\"],\"inLanguage\":\"en-GB\",\"potentialAction\":[{\"@type\":\"CommentAction\",\"name\":\"Comment\",\"target\":[\"https:\/\/marekkuchcinski.pl\/europa\/wiadomosci-z-europy-i-swiata-11-stycznia-2021\/#respond\"]}]},{\"@type\":\"WebPage\",\"@id\":\"https:\/\/marekkuchcinski.pl\/europa\/wiadomosci-z-europy-i-swiata-11-stycznia-2021\/\",\"url\":\"https:\/\/marekkuchcinski.pl\/europa\/wiadomosci-z-europy-i-swiata-11-stycznia-2021\/\",\"name\":\"Wiadomo\u015bci z Europy i \u015bwiata, 11 stycznia 2021 &#8211; Marek Kuchci\u0144ski\",\"isPartOf\":{\"@id\":\"https:\/\/marekkuchcinski.pl\/#website\"},\"primaryImageOfPage\":{\"@id\":\"https:\/\/marekkuchcinski.pl\/europa\/wiadomosci-z-europy-i-swiata-11-stycznia-2021\/#primaryimage\"},\"image\":{\"@id\":\"https:\/\/marekkuchcinski.pl\/europa\/wiadomosci-z-europy-i-swiata-11-stycznia-2021\/#primaryimage\"},\"thumbnailUrl\":\"https:\/\/marekkuchcinski.pl\/wp-content\/uploads\/2021\/01\/cf1f077a911c3f077bef2e6ad1677e47.jpg\",\"datePublished\":\"2021-01-11T16:50:41+00:00\",\"dateModified\":\"2021-01-16T14:43:13+00:00\",\"breadcrumb\":{\"@id\":\"https:\/\/marekkuchcinski.pl\/europa\/wiadomosci-z-europy-i-swiata-11-stycznia-2021\/#breadcrumb\"},\"inLanguage\":\"en-GB\",\"potentialAction\":[{\"@type\":\"ReadAction\",\"target\":[\"https:\/\/marekkuchcinski.pl\/europa\/wiadomosci-z-europy-i-swiata-11-stycznia-2021\/\"]}]},{\"@type\":\"ImageObject\",\"inLanguage\":\"en-GB\",\"@id\":\"https:\/\/marekkuchcinski.pl\/europa\/wiadomosci-z-europy-i-swiata-11-stycznia-2021\/#primaryimage\",\"url\":\"https:\/\/marekkuchcinski.pl\/wp-content\/uploads\/2021\/01\/cf1f077a911c3f077bef2e6ad1677e47.jpg\",\"contentUrl\":\"https:\/\/marekkuchcinski.pl\/wp-content\/uploads\/2021\/01\/cf1f077a911c3f077bef2e6ad1677e47.jpg\",\"width\":726,\"height\":393},{\"@type\":\"BreadcrumbList\",\"@id\":\"https:\/\/marekkuchcinski.pl\/europa\/wiadomosci-z-europy-i-swiata-11-stycznia-2021\/#breadcrumb\",\"itemListElement\":[{\"@type\":\"ListItem\",\"position\":1,\"name\":\"Strona g\u0142\u00f3wna\",\"item\":\"https:\/\/marekkuchcinski.pl\/\"},{\"@type\":\"ListItem\",\"position\":2,\"name\":\"Wiadomo\u015bci z Europy i \u015bwiata, 11 stycznia 2021\"}]},{\"@type\":\"WebSite\",\"@id\":\"https:\/\/marekkuchcinski.pl\/#website\",\"url\":\"https:\/\/marekkuchcinski.pl\/\",\"name\":\"Marek Kuchci\u0144ski\",\"description\":\"Pose\u0142 na sejm RP &ndash; okr\u0119g nr 22\",\"publisher\":{\"@id\":\"https:\/\/marekkuchcinski.pl\/#organization\"},\"potentialAction\":[{\"@type\":\"SearchAction\",\"target\":{\"@type\":\"EntryPoint\",\"urlTemplate\":\"https:\/\/marekkuchcinski.pl\/?s={search_term_string}\"},\"query-input\":{\"@type\":\"PropertyValueSpecification\",\"valueRequired\":true,\"valueName\":\"search_term_string\"}}],\"inLanguage\":\"en-GB\"},{\"@type\":\"Organization\",\"@id\":\"https:\/\/marekkuchcinski.pl\/#organization\",\"name\":\"Marek Kuchci\u0144ski\",\"url\":\"https:\/\/marekkuchcinski.pl\/\",\"logo\":{\"@type\":\"ImageObject\",\"inLanguage\":\"en-GB\",\"@id\":\"https:\/\/marekkuchcinski.pl\/#\/schema\/logo\/image\/\",\"url\":\"https:\/\/marekkuchcinski.pl\/wp-content\/uploads\/2022\/09\/Marek.jpg\",\"contentUrl\":\"https:\/\/marekkuchcinski.pl\/wp-content\/uploads\/2022\/09\/Marek.jpg\",\"width\":1600,\"height\":971,\"caption\":\"Marek Kuchci\u0144ski\"},\"image\":{\"@id\":\"https:\/\/marekkuchcinski.pl\/#\/schema\/logo\/image\/\"}},{\"@type\":\"Person\",\"@id\":\"https:\/\/marekkuchcinski.pl\/#\/schema\/person\/b8a29fe7813098f7be78801d029910a7\",\"name\":\"Tomasz \u0141acina\",\"image\":{\"@type\":\"ImageObject\",\"inLanguage\":\"en-GB\",\"@id\":\"https:\/\/marekkuchcinski.pl\/#\/schema\/person\/image\/\",\"url\":\"https:\/\/secure.gravatar.com\/avatar\/22e75f6c51aff77a676ed77dd222f852?s=96&d=mm&r=g\",\"contentUrl\":\"https:\/\/secure.gravatar.com\/avatar\/22e75f6c51aff77a676ed77dd222f852?s=96&d=mm&r=g\",\"caption\":\"Tomasz \u0141acina\"},\"url\":\"https:\/\/marekkuchcinski.pl\/en\/author\/tomek-lacina\/\"}]}<\/script>\n<!-- \/ Yoast SEO plugin. -->","yoast_head_json":{"title":"Wiadomo\u015bci z Europy i \u015bwiata, 11 stycznia 2021 &#8211; Marek Kuchci\u0144ski","robots":{"index":"index","follow":"follow","max-snippet":"max-snippet:-1","max-image-preview":"max-image-preview:large","max-video-preview":"max-video-preview:-1"},"canonical":"https:\/\/marekkuchcinski.pl\/en\/europa\/wiadomosci-z-europy-i-swiata-11-stycznia-2021\/","og_locale":"en_GB","og_type":"article","og_title":"Wiadomo\u015bci z Europy i \u015bwiata, 11 stycznia 2021 &#8211; Marek Kuchci\u0144ski","og_description":"Europa Zachodnia Austria: Austriacka minister pracy i rodziny Christine Aschbacher (\u00d6VP) og\u0142osi\u0142a swoj\u0105 decyzj\u0119 o odej\u015bciu z rz\u0105du m\u00f3wi\u0105c, \u017ce \u201emedia i polityczni towarzysze\u201d os\u0105dzili j\u0105 przedwcze\u015bnie. By\u0142a minister pracy spotka\u0142a si\u0119 z zarzutami plagiatu w zwi\u0105zku ze swoj\u0105 prac\u0105 magistersk\u0105. Belgia: \u201eBelgia wyst\u0105pi o dziesi\u0119\u0107 milion\u00f3w dodatkowych szczepionek przeciwko koronawirusowi Pfizer-BioNTech\u201d &#8211; og\u0142osi\u0142 w [&hellip;]","og_url":"https:\/\/marekkuchcinski.pl\/en\/europa\/wiadomosci-z-europy-i-swiata-11-stycznia-2021\/","og_site_name":"Marek Kuchci\u0144ski","article_published_time":"2021-01-11T16:50:41+00:00","article_modified_time":"2021-01-16T14:43:13+00:00","og_image":[{"width":726,"height":393,"url":"https:\/\/marekkuchcinski.pl\/wp-content\/uploads\/2021\/01\/cf1f077a911c3f077bef2e6ad1677e47.jpg","type":"image\/jpeg"}],"author":"Tomasz \u0141acina","twitter_card":"summary_large_image","twitter_misc":{"Written by":"Tomasz \u0141acina","Estimated reading time":"3 minutes"},"schema":{"@context":"https:\/\/schema.org","@graph":[{"@type":"Article","@id":"https:\/\/marekkuchcinski.pl\/europa\/wiadomosci-z-europy-i-swiata-11-stycznia-2021\/#article","isPartOf":{"@id":"https:\/\/marekkuchcinski.pl\/europa\/wiadomosci-z-europy-i-swiata-11-stycznia-2021\/"},"author":{"name":"Tomasz \u0141acina","@id":"https:\/\/marekkuchcinski.pl\/#\/schema\/person\/b8a29fe7813098f7be78801d029910a7"},"headline":"Wiadomo\u015bci z Europy i \u015bwiata, 11 stycznia 2021","datePublished":"2021-01-11T16:50:41+00:00","dateModified":"2021-01-16T14:43:13+00:00","mainEntityOfPage":{"@id":"https:\/\/marekkuchcinski.pl\/europa\/wiadomosci-z-europy-i-swiata-11-stycznia-2021\/"},"wordCount":517,"commentCount":0,"publisher":{"@id":"https:\/\/marekkuchcinski.pl\/#organization"},"image":{"@id":"https:\/\/marekkuchcinski.pl\/europa\/wiadomosci-z-europy-i-swiata-11-stycznia-2021\/#primaryimage"},"thumbnailUrl":"https:\/\/marekkuchcinski.pl\/wp-content\/uploads\/2021\/01\/cf1f077a911c3f077bef2e6ad1677e47.jpg","articleSection":["Wie\u015bci z Europy i \u015awiata","Wydarzenia"],"inLanguage":"en-GB","potentialAction":[{"@type":"CommentAction","name":"Comment","target":["https:\/\/marekkuchcinski.pl\/europa\/wiadomosci-z-europy-i-swiata-11-stycznia-2021\/#respond"]}]},{"@type":"WebPage","@id":"https:\/\/marekkuchcinski.pl\/europa\/wiadomosci-z-europy-i-swiata-11-stycznia-2021\/","url":"https:\/\/marekkuchcinski.pl\/europa\/wiadomosci-z-europy-i-swiata-11-stycznia-2021\/","name":"Wiadomo\u015bci z Europy i \u015bwiata, 11 stycznia 2021 &#8211; Marek Kuchci\u0144ski","isPartOf":{"@id":"https:\/\/marekkuchcinski.pl\/#website"},"primaryImageOfPage":{"@id":"https:\/\/marekkuchcinski.pl\/europa\/wiadomosci-z-europy-i-swiata-11-stycznia-2021\/#primaryimage"},"image":{"@id":"https:\/\/marekkuchcinski.pl\/europa\/wiadomosci-z-europy-i-swiata-11-stycznia-2021\/#primaryimage"},"thumbnailUrl":"https:\/\/marekkuchcinski.pl\/wp-content\/uploads\/2021\/01\/cf1f077a911c3f077bef2e6ad1677e47.jpg","datePublished":"2021-01-11T16:50:41+00:00","dateModified":"2021-01-16T14:43:13+00:00","breadcrumb":{"@id":"https:\/\/marekkuchcinski.pl\/europa\/wiadomosci-z-europy-i-swiata-11-stycznia-2021\/#breadcrumb"},"inLanguage":"en-GB","potentialAction":[{"@type":"ReadAction","target":["https:\/\/marekkuchcinski.pl\/europa\/wiadomosci-z-europy-i-swiata-11-stycznia-2021\/"]}]},{"@type":"ImageObject","inLanguage":"en-GB","@id":"https:\/\/marekkuchcinski.pl\/europa\/wiadomosci-z-europy-i-swiata-11-stycznia-2021\/#primaryimage","url":"https:\/\/marekkuchcinski.pl\/wp-content\/uploads\/2021\/01\/cf1f077a911c3f077bef2e6ad1677e47.jpg","contentUrl":"https:\/\/marekkuchcinski.pl\/wp-content\/uploads\/2021\/01\/cf1f077a911c3f077bef2e6ad1677e47.jpg","width":726,"height":393},{"@type":"BreadcrumbList","@id":"https:\/\/marekkuchcinski.pl\/europa\/wiadomosci-z-europy-i-swiata-11-stycznia-2021\/#breadcrumb","itemListElement":[{"@type":"ListItem","position":1,"name":"Strona g\u0142\u00f3wna","item":"https:\/\/marekkuchcinski.pl\/"},{"@type":"ListItem","position":2,"name":"Wiadomo\u015bci z Europy i \u015bwiata, 11 stycznia 2021"}]},{"@type":"WebSite","@id":"https:\/\/marekkuchcinski.pl\/#website","url":"https:\/\/marekkuchcinski.pl\/","name":"Marek Kuchci\u0144ski","description":"Pose\u0142 na sejm RP &ndash; okr\u0119g nr 22","publisher":{"@id":"https:\/\/marekkuchcinski.pl\/#organization"},"potentialAction":[{"@type":"SearchAction","target":{"@type":"EntryPoint","urlTemplate":"https:\/\/marekkuchcinski.pl\/?s={search_term_string}"},"query-input":{"@type":"PropertyValueSpecification","valueRequired":true,"valueName":"search_term_string"}}],"inLanguage":"en-GB"},{"@type":"Organization","@id":"https:\/\/marekkuchcinski.pl\/#organization","name":"Marek Kuchci\u0144ski","url":"https:\/\/marekkuchcinski.pl\/","logo":{"@type":"ImageObject","inLanguage":"en-GB","@id":"https:\/\/marekkuchcinski.pl\/#\/schema\/logo\/image\/","url":"https:\/\/marekkuchcinski.pl\/wp-content\/uploads\/2022\/09\/Marek.jpg","contentUrl":"https:\/\/marekkuchcinski.pl\/wp-content\/uploads\/2022\/09\/Marek.jpg","width":1600,"height":971,"caption":"Marek Kuchci\u0144ski"},"image":{"@id":"https:\/\/marekkuchcinski.pl\/#\/schema\/logo\/image\/"}},{"@type":"Person","@id":"https:\/\/marekkuchcinski.pl\/#\/schema\/person\/b8a29fe7813098f7be78801d029910a7","name":"Tomasz \u0141acina","image":{"@type":"ImageObject","inLanguage":"en-GB","@id":"https:\/\/marekkuchcinski.pl\/#\/schema\/person\/image\/","url":"https:\/\/secure.gravatar.com\/avatar\/22e75f6c51aff77a676ed77dd222f852?s=96&d=mm&r=g","contentUrl":"https:\/\/secure.gravatar.com\/avatar\/22e75f6c51aff77a676ed77dd222f852?s=96&d=mm&r=g","caption":"Tomasz \u0141acina"},"url":"https:\/\/marekkuchcinski.pl\/en\/author\/tomek-lacina\/"}]}},"_links":{"self":[{"href":"https:\/\/marekkuchcinski.pl\/en\/wp-json\/wp\/v2\/posts\/21308","targetHints":{"allow":["GET"]}}],"collection":[{"href":"https:\/\/marekkuchcinski.pl\/en\/wp-json\/wp\/v2\/posts"}],"about":[{"href":"https:\/\/marekkuchcinski.pl\/en\/wp-json\/wp\/v2\/types\/post"}],"author":[{"embeddable":true,"href":"https:\/\/marekkuchcinski.pl\/en\/wp-json\/wp\/v2\/users\/17"}],"replies":[{"embeddable":true,"href":"https:\/\/marekkuchcinski.pl\/en\/wp-json\/wp\/v2\/comments?post=21308"}],"version-history":[{"count":14,"href":"https:\/\/marekkuchcinski.pl\/en\/wp-json\/wp\/v2\/posts\/21308\/revisions"}],"predecessor-version":[{"id":21396,"href":"https:\/\/marekkuchcinski.pl\/en\/wp-json\/wp\/v2\/posts\/21308\/revisions\/21396"}],"wp:featuredmedia":[{"embeddable":true,"href":"https:\/\/marekkuchcinski.pl\/en\/wp-json\/wp\/v2\/media\/21337"}],"wp:attachment":[{"href":"https:\/\/marekkuchcinski.pl\/en\/wp-json\/wp\/v2\/media?parent=21308"}],"wp:term":[{"taxonomy":"category","embeddable":true,"href":"https:\/\/marekkuchcinski.pl\/en\/wp-json\/wp\/v2\/categories?post=21308"},{"taxonomy":"post_tag","embeddable":true,"href":"https:\/\/marekkuchcinski.pl\/en\/wp-json\/wp\/v2\/tags?post=21308"}],"curies":[{"name":"wp","href":"https:\/\/api.w.org\/{rel}","templated":true}]}}