{"id":21226,"date":"2021-01-04T16:01:11","date_gmt":"2021-01-04T15:01:11","guid":{"rendered":"https:\/\/marekkuchcinski.pl\/?p=21226"},"modified":"2021-01-26T14:25:11","modified_gmt":"2021-01-26T13:25:11","slug":"wiadomosci-z-europy-i-swiata-4-styczen-2021","status":"publish","type":"post","link":"https:\/\/marekkuchcinski.pl\/en\/wydarzenia\/wiadomosci-z-europy-i-swiata-4-styczen-2021\/","title":{"rendered":"News from Europe and the World, 4 January 2021"},"content":{"rendered":"<div class=\"wp-block-image\"><figure class=\"aligncenter size-large is-resized\"><a href=\"https:\/\/marekkuchcinski.pl\/wp-content\/uploads\/2021\/01\/1912px-European_Parliament_Strasbourg_Hemicycle_-_Diliff.jpg\"><img fetchpriority=\"high\" decoding=\"async\" src=\"https:\/\/marekkuchcinski.pl\/wp-content\/uploads\/2021\/01\/1912px-European_Parliament_Strasbourg_Hemicycle_-_Diliff-1024x578.jpg\" alt=\"\" class=\"wp-image-21330\" width=\"881\" height=\"497\" srcset=\"https:\/\/marekkuchcinski.pl\/wp-content\/uploads\/2021\/01\/1912px-European_Parliament_Strasbourg_Hemicycle_-_Diliff-1024x578.jpg 1024w, https:\/\/marekkuchcinski.pl\/wp-content\/uploads\/2021\/01\/1912px-European_Parliament_Strasbourg_Hemicycle_-_Diliff-300x169.jpg 300w, https:\/\/marekkuchcinski.pl\/wp-content\/uploads\/2021\/01\/1912px-European_Parliament_Strasbourg_Hemicycle_-_Diliff-768x434.jpg 768w, https:\/\/marekkuchcinski.pl\/wp-content\/uploads\/2021\/01\/1912px-European_Parliament_Strasbourg_Hemicycle_-_Diliff-1536x868.jpg 1536w, https:\/\/marekkuchcinski.pl\/wp-content\/uploads\/2021\/01\/1912px-European_Parliament_Strasbourg_Hemicycle_-_Diliff-16x9.jpg 16w, https:\/\/marekkuchcinski.pl\/wp-content\/uploads\/2021\/01\/1912px-European_Parliament_Strasbourg_Hemicycle_-_Diliff.jpg 1912w\" sizes=\"(max-width: 881px) 100vw, 881px\" \/><\/a><\/figure><\/div>\n\n\n\n<p class=\"has-large-font-size\"><strong>Europe<\/strong><\/p>\n\n\n\n<p><strong>Brussels:<\/strong> &nbsp;The European Union is ready to help pharmaceutical companies increase production of coronavirus vaccines. Any delay in the release of approved vaccines was due to a lack of production capacity, not EU planning, Health Commissioner Stella Kyriakides told German news agency DPA<\/p>\n\n\n\n<p>The EU and China agreed \"in principle\" Dec. 30 on an investment deal that will give European companies greater access to Chinese markets and help fix what Europe sees as unsustainable economic ties. EU leaders and Chinese President Xi Jinping approved a major investment pact despite human rights concerns in China.<\/p>\n\n\n\n<p>Poland has opposed the \"sudden\" acceleration of the EU-China investment agreement at a meeting of member state ambassadors. Speaking to PAP, Polish Ambassador to the EU Andrzej Sado\u015b noted that Poland stressed the importance of geopolitical issues at the meeting as part of EU negotiations with China. \"This is an unprecedented situation. In the last days of the German presidency we have a sudden, unjustified acceleration of a very important issue that concerns international relations. That is why we have raised our doubts about this situation\" - Sado\u015b pointed out.<\/p>\n\n\n\n<p><strong>Western Europe<\/strong><\/p>\n\n\n\n<p><strong>United Kingdom:<\/strong> Scotland's First Minister Nicola Sturgeon on Saturday told the European Union \"we hope to join you soon as an independent country after Britain leaves the bloc altogether. \"As an independent member of the European Union, Scotland would be a partner and a bridge-builder,\" she wrote on her party's website. An overwhelming majority of Scots voted to remain in the European Union during the 2016 referendum on so-called Brexit.<\/p>\n\n\n\n<p>&nbsp;\"In my experience (...) referendums in this country are not particularly joyful,\" British Prime Minister Boris Johson said on Sunday. \"They don't have a particularly unifying force in national sentiment, they should only happen once in a generation,\" he argued on the BBC. Scotland voted to remain part of the United Kingdom in 2014.<\/p>\n\n\n\n<p><strong>Visegrad Group<\/strong><\/p>\n\n\n\n<p><strong>Hungary:<\/strong> Hungary is unlikely to use a Russian vaccine for coronavirus because of limited production capacity, Prime Minister Viktor Orb\u00e1n said on Sunday, criticizing the EU's approach to vaccine procurement. Often quarreling with Brussels over democratic standards, Orb\u00e1n has sent experts to monitor vaccine development in Russia and China and received samples of Moscow's controversial Sputnik V vaccine.<\/p>\n\n\n\n<p><strong>Balkans<\/strong><\/p>\n\n\n\n<p><strong>Serbia: <\/strong>Serbian President Aleksandar Vu\u010di\u0107 on Friday opened part of a Russian gas project running through his country and hailed it as crucial to energy supply security. The 403-kilometer stretch - from Zajecar in eastern Serbia to Horgos on the border with Hungary - is part of the larger TurkStream pipeline, which delivers Russian natural gas to Turkey and Central Europe.<\/p>\n\n\n\n<p><strong>Bosnia and Herzegovina:<\/strong> The living conditions of hundreds of homeless migrants in Bosnia bordering the European Union are \"totally unacceptable,\" EU envoy Johann Sattler said on Saturday. The migrants have been left homeless in freezing and rainy conditions since their camp near the northwestern town of Bihac burned down last month.<\/p>\n\n\n\n<p><strong>Northern Europe<\/strong><\/p>\n\n\n\n<p><strong>Norway:<\/strong> Norwegian rescuers deployed drones and dogs to cross unstable clay soil in search of 10 people still missing Thursday, Dec. 31, after a landslide in southern Norway swept away more than a dozen buildings the previous day. Ten people were injured, including one in critical condition.<\/p>\n\n\n\n<p class=\"has-large-font-size\"><strong>WORLD<\/strong><\/p>\n\n\n\n<p><strong>USA: <\/strong>Police in Miami-Dade, Florida, are investigating two separate shootings that injured 12 people. The first occurred in Little River Park at 7:07 p.m. (0007 GMT), according to authorities. NBC News reported that two unidentified thugs began shooting at people near a basketball court. Six people were seriously injured. Police reported that four people were wounded in another shooting in Allapattah. The victims were transported to Jackson Memorial Hospital Ryder Trauma Center in stable condition.<\/p>\n\n\n\n<p><strong>Kazakhstan: <\/strong>President Kassym-Yomart Tokayev has signed a decree abolishing the death penalty in Kazakhstan, according to a statement issued by his office on Saturday. The new law perpetuates an existing moratorium on state executions, introduced in 2003 by the country's President Nursultan Nazarbayev.<\/p>\n\n\n\n<p><strong>Japan: <\/strong>Prime Minister Yoshihide Suga announced that he is considering declaring a state of emergency for the Greater Tokyo metropolitan area as coronavirus cases rise, casting new doubt on whether he can speed up the Olympic Games and keep economic damage to a minimum.<\/p>\n\n\n\n<p>SM<\/p>","protected":false},"excerpt":{"rendered":"<p>Europe Brussels: The European Union is ready to help pharmaceutical companies increase production of coronavirus vaccines. Any delay in the release of approved vaccines was due to a lack of production capacity, not EU planning, Health Commissioner Stella Kyriakides told German news agency DPA The EU and China agreed \"in principle\" on December 30 on an investment agreement that will provide European [...]<\/p>","protected":false},"author":17,"featured_media":21330,"comment_status":"open","ping_status":"open","sticky":false,"template":"","format":"standard","meta":{"ngg_post_thumbnail":0,"footnotes":""},"categories":[185,3],"tags":[],"class_list":["post-21226","post","type-post","status-publish","format-standard","has-post-thumbnail","hentry","category-europa","category-wydarzenia"],"yoast_head":"<!-- This site is optimized with the Yoast SEO plugin v24.7 - https:\/\/yoast.com\/wordpress\/plugins\/seo\/ -->\n<title>Wiadomo\u015bci z Europy i \u015bwiata, 4 stycznia 2021 &#8211; Marek Kuchci\u0144ski<\/title>\n<meta name=\"robots\" content=\"index, follow, max-snippet:-1, max-image-preview:large, max-video-preview:-1\" \/>\n<link rel=\"canonical\" href=\"https:\/\/marekkuchcinski.pl\/en\/wydarzenia\/wiadomosci-z-europy-i-swiata-4-styczen-2021\/\" \/>\n<meta property=\"og:locale\" content=\"en_GB\" \/>\n<meta property=\"og:type\" content=\"article\" \/>\n<meta property=\"og:title\" content=\"Wiadomo\u015bci z Europy i \u015bwiata, 4 stycznia 2021 &#8211; Marek Kuchci\u0144ski\" \/>\n<meta property=\"og:description\" content=\"Europa Bruksela: &nbsp;Unia Europejska jest gotowa pom\u00f3c firmom farmaceutycznym w zwi\u0119kszeniu produkcji szczepionek na koronawirusa. Jakiekolwiek op\u00f3\u017anienie w wydaniu zatwierdzonych szczepionek by\u0142o spowodowane brakiem mocy produkcyjnych, a nie planowaniem UE &#8211; powiedzia\u0142a komisarz ds. Zdrowia Stella Kyriakides niemieckiej agencji prasowej DPA UE i Chiny uzgodni\u0142y \u201eco do zasady\u201d 30 grudnia umow\u0119 inwestycyjn\u0105, kt\u00f3ra zapewni europejskim [&hellip;]\" \/>\n<meta property=\"og:url\" content=\"https:\/\/marekkuchcinski.pl\/en\/wydarzenia\/wiadomosci-z-europy-i-swiata-4-styczen-2021\/\" \/>\n<meta property=\"og:site_name\" content=\"Marek Kuchci\u0144ski\" \/>\n<meta property=\"article:published_time\" content=\"2021-01-04T15:01:11+00:00\" \/>\n<meta property=\"article:modified_time\" content=\"2021-01-26T13:25:11+00:00\" \/>\n<meta property=\"og:image\" content=\"https:\/\/marekkuchcinski.pl\/wp-content\/uploads\/2021\/01\/1912px-European_Parliament_Strasbourg_Hemicycle_-_Diliff.jpg\" \/>\n\t<meta property=\"og:image:width\" content=\"1912\" \/>\n\t<meta property=\"og:image:height\" content=\"1080\" \/>\n\t<meta property=\"og:image:type\" content=\"image\/jpeg\" \/>\n<meta name=\"author\" content=\"Tomasz \u0141acina\" \/>\n<meta name=\"twitter:card\" content=\"summary_large_image\" \/>\n<meta name=\"twitter:label1\" content=\"Written by\" \/>\n\t<meta name=\"twitter:data1\" content=\"Tomasz \u0141acina\" \/>\n\t<meta name=\"twitter:label2\" content=\"Estimated reading time\" \/>\n\t<meta name=\"twitter:data2\" content=\"3 minutes\" \/>\n<script type=\"application\/ld+json\" class=\"yoast-schema-graph\">{\"@context\":\"https:\/\/schema.org\",\"@graph\":[{\"@type\":\"Article\",\"@id\":\"https:\/\/marekkuchcinski.pl\/wydarzenia\/wiadomosci-z-europy-i-swiata-4-styczen-2021\/#article\",\"isPartOf\":{\"@id\":\"https:\/\/marekkuchcinski.pl\/wydarzenia\/wiadomosci-z-europy-i-swiata-4-styczen-2021\/\"},\"author\":{\"name\":\"Tomasz \u0141acina\",\"@id\":\"https:\/\/marekkuchcinski.pl\/#\/schema\/person\/b8a29fe7813098f7be78801d029910a7\"},\"headline\":\"Wiadomo\u015bci z Europy i \u015bwiata, 4 stycznia 2021\",\"datePublished\":\"2021-01-04T15:01:11+00:00\",\"dateModified\":\"2021-01-26T13:25:11+00:00\",\"mainEntityOfPage\":{\"@id\":\"https:\/\/marekkuchcinski.pl\/wydarzenia\/wiadomosci-z-europy-i-swiata-4-styczen-2021\/\"},\"wordCount\":786,\"commentCount\":0,\"publisher\":{\"@id\":\"https:\/\/marekkuchcinski.pl\/#organization\"},\"image\":{\"@id\":\"https:\/\/marekkuchcinski.pl\/wydarzenia\/wiadomosci-z-europy-i-swiata-4-styczen-2021\/#primaryimage\"},\"thumbnailUrl\":\"https:\/\/marekkuchcinski.pl\/wp-content\/uploads\/2021\/01\/1912px-European_Parliament_Strasbourg_Hemicycle_-_Diliff.jpg\",\"articleSection\":[\"Wie\u015bci z Europy i \u015awiata\",\"Wydarzenia\"],\"inLanguage\":\"en-GB\",\"potentialAction\":[{\"@type\":\"CommentAction\",\"name\":\"Comment\",\"target\":[\"https:\/\/marekkuchcinski.pl\/wydarzenia\/wiadomosci-z-europy-i-swiata-4-styczen-2021\/#respond\"]}]},{\"@type\":\"WebPage\",\"@id\":\"https:\/\/marekkuchcinski.pl\/wydarzenia\/wiadomosci-z-europy-i-swiata-4-styczen-2021\/\",\"url\":\"https:\/\/marekkuchcinski.pl\/wydarzenia\/wiadomosci-z-europy-i-swiata-4-styczen-2021\/\",\"name\":\"Wiadomo\u015bci z Europy i \u015bwiata, 4 stycznia 2021 &#8211; Marek Kuchci\u0144ski\",\"isPartOf\":{\"@id\":\"https:\/\/marekkuchcinski.pl\/#website\"},\"primaryImageOfPage\":{\"@id\":\"https:\/\/marekkuchcinski.pl\/wydarzenia\/wiadomosci-z-europy-i-swiata-4-styczen-2021\/#primaryimage\"},\"image\":{\"@id\":\"https:\/\/marekkuchcinski.pl\/wydarzenia\/wiadomosci-z-europy-i-swiata-4-styczen-2021\/#primaryimage\"},\"thumbnailUrl\":\"https:\/\/marekkuchcinski.pl\/wp-content\/uploads\/2021\/01\/1912px-European_Parliament_Strasbourg_Hemicycle_-_Diliff.jpg\",\"datePublished\":\"2021-01-04T15:01:11+00:00\",\"dateModified\":\"2021-01-26T13:25:11+00:00\",\"breadcrumb\":{\"@id\":\"https:\/\/marekkuchcinski.pl\/wydarzenia\/wiadomosci-z-europy-i-swiata-4-styczen-2021\/#breadcrumb\"},\"inLanguage\":\"en-GB\",\"potentialAction\":[{\"@type\":\"ReadAction\",\"target\":[\"https:\/\/marekkuchcinski.pl\/wydarzenia\/wiadomosci-z-europy-i-swiata-4-styczen-2021\/\"]}]},{\"@type\":\"ImageObject\",\"inLanguage\":\"en-GB\",\"@id\":\"https:\/\/marekkuchcinski.pl\/wydarzenia\/wiadomosci-z-europy-i-swiata-4-styczen-2021\/#primaryimage\",\"url\":\"https:\/\/marekkuchcinski.pl\/wp-content\/uploads\/2021\/01\/1912px-European_Parliament_Strasbourg_Hemicycle_-_Diliff.jpg\",\"contentUrl\":\"https:\/\/marekkuchcinski.pl\/wp-content\/uploads\/2021\/01\/1912px-European_Parliament_Strasbourg_Hemicycle_-_Diliff.jpg\",\"width\":1912,\"height\":1080},{\"@type\":\"BreadcrumbList\",\"@id\":\"https:\/\/marekkuchcinski.pl\/wydarzenia\/wiadomosci-z-europy-i-swiata-4-styczen-2021\/#breadcrumb\",\"itemListElement\":[{\"@type\":\"ListItem\",\"position\":1,\"name\":\"Strona g\u0142\u00f3wna\",\"item\":\"https:\/\/marekkuchcinski.pl\/\"},{\"@type\":\"ListItem\",\"position\":2,\"name\":\"Wiadomo\u015bci z Europy i \u015bwiata, 4 stycznia 2021\"}]},{\"@type\":\"WebSite\",\"@id\":\"https:\/\/marekkuchcinski.pl\/#website\",\"url\":\"https:\/\/marekkuchcinski.pl\/\",\"name\":\"Marek Kuchci\u0144ski\",\"description\":\"Pose\u0142 na sejm RP &ndash; okr\u0119g nr 22\",\"publisher\":{\"@id\":\"https:\/\/marekkuchcinski.pl\/#organization\"},\"potentialAction\":[{\"@type\":\"SearchAction\",\"target\":{\"@type\":\"EntryPoint\",\"urlTemplate\":\"https:\/\/marekkuchcinski.pl\/?s={search_term_string}\"},\"query-input\":{\"@type\":\"PropertyValueSpecification\",\"valueRequired\":true,\"valueName\":\"search_term_string\"}}],\"inLanguage\":\"en-GB\"},{\"@type\":\"Organization\",\"@id\":\"https:\/\/marekkuchcinski.pl\/#organization\",\"name\":\"Marek Kuchci\u0144ski\",\"url\":\"https:\/\/marekkuchcinski.pl\/\",\"logo\":{\"@type\":\"ImageObject\",\"inLanguage\":\"en-GB\",\"@id\":\"https:\/\/marekkuchcinski.pl\/#\/schema\/logo\/image\/\",\"url\":\"https:\/\/marekkuchcinski.pl\/wp-content\/uploads\/2022\/09\/Marek.jpg\",\"contentUrl\":\"https:\/\/marekkuchcinski.pl\/wp-content\/uploads\/2022\/09\/Marek.jpg\",\"width\":1600,\"height\":971,\"caption\":\"Marek Kuchci\u0144ski\"},\"image\":{\"@id\":\"https:\/\/marekkuchcinski.pl\/#\/schema\/logo\/image\/\"}},{\"@type\":\"Person\",\"@id\":\"https:\/\/marekkuchcinski.pl\/#\/schema\/person\/b8a29fe7813098f7be78801d029910a7\",\"name\":\"Tomasz \u0141acina\",\"image\":{\"@type\":\"ImageObject\",\"inLanguage\":\"en-GB\",\"@id\":\"https:\/\/marekkuchcinski.pl\/#\/schema\/person\/image\/\",\"url\":\"https:\/\/secure.gravatar.com\/avatar\/22e75f6c51aff77a676ed77dd222f852?s=96&d=mm&r=g\",\"contentUrl\":\"https:\/\/secure.gravatar.com\/avatar\/22e75f6c51aff77a676ed77dd222f852?s=96&d=mm&r=g\",\"caption\":\"Tomasz \u0141acina\"},\"url\":\"https:\/\/marekkuchcinski.pl\/en\/author\/tomek-lacina\/\"}]}<\/script>\n<!-- \/ Yoast SEO plugin. -->","yoast_head_json":{"title":"Wiadomo\u015bci z Europy i \u015bwiata, 4 stycznia 2021 &#8211; Marek Kuchci\u0144ski","robots":{"index":"index","follow":"follow","max-snippet":"max-snippet:-1","max-image-preview":"max-image-preview:large","max-video-preview":"max-video-preview:-1"},"canonical":"https:\/\/marekkuchcinski.pl\/en\/wydarzenia\/wiadomosci-z-europy-i-swiata-4-styczen-2021\/","og_locale":"en_GB","og_type":"article","og_title":"Wiadomo\u015bci z Europy i \u015bwiata, 4 stycznia 2021 &#8211; Marek Kuchci\u0144ski","og_description":"Europa Bruksela: &nbsp;Unia Europejska jest gotowa pom\u00f3c firmom farmaceutycznym w zwi\u0119kszeniu produkcji szczepionek na koronawirusa. Jakiekolwiek op\u00f3\u017anienie w wydaniu zatwierdzonych szczepionek by\u0142o spowodowane brakiem mocy produkcyjnych, a nie planowaniem UE &#8211; powiedzia\u0142a komisarz ds. Zdrowia Stella Kyriakides niemieckiej agencji prasowej DPA UE i Chiny uzgodni\u0142y \u201eco do zasady\u201d 30 grudnia umow\u0119 inwestycyjn\u0105, kt\u00f3ra zapewni europejskim [&hellip;]","og_url":"https:\/\/marekkuchcinski.pl\/en\/wydarzenia\/wiadomosci-z-europy-i-swiata-4-styczen-2021\/","og_site_name":"Marek Kuchci\u0144ski","article_published_time":"2021-01-04T15:01:11+00:00","article_modified_time":"2021-01-26T13:25:11+00:00","og_image":[{"width":1912,"height":1080,"url":"https:\/\/marekkuchcinski.pl\/wp-content\/uploads\/2021\/01\/1912px-European_Parliament_Strasbourg_Hemicycle_-_Diliff.jpg","type":"image\/jpeg"}],"author":"Tomasz \u0141acina","twitter_card":"summary_large_image","twitter_misc":{"Written by":"Tomasz \u0141acina","Estimated reading time":"3 minutes"},"schema":{"@context":"https:\/\/schema.org","@graph":[{"@type":"Article","@id":"https:\/\/marekkuchcinski.pl\/wydarzenia\/wiadomosci-z-europy-i-swiata-4-styczen-2021\/#article","isPartOf":{"@id":"https:\/\/marekkuchcinski.pl\/wydarzenia\/wiadomosci-z-europy-i-swiata-4-styczen-2021\/"},"author":{"name":"Tomasz \u0141acina","@id":"https:\/\/marekkuchcinski.pl\/#\/schema\/person\/b8a29fe7813098f7be78801d029910a7"},"headline":"Wiadomo\u015bci z Europy i \u015bwiata, 4 stycznia 2021","datePublished":"2021-01-04T15:01:11+00:00","dateModified":"2021-01-26T13:25:11+00:00","mainEntityOfPage":{"@id":"https:\/\/marekkuchcinski.pl\/wydarzenia\/wiadomosci-z-europy-i-swiata-4-styczen-2021\/"},"wordCount":786,"commentCount":0,"publisher":{"@id":"https:\/\/marekkuchcinski.pl\/#organization"},"image":{"@id":"https:\/\/marekkuchcinski.pl\/wydarzenia\/wiadomosci-z-europy-i-swiata-4-styczen-2021\/#primaryimage"},"thumbnailUrl":"https:\/\/marekkuchcinski.pl\/wp-content\/uploads\/2021\/01\/1912px-European_Parliament_Strasbourg_Hemicycle_-_Diliff.jpg","articleSection":["Wie\u015bci z Europy i \u015awiata","Wydarzenia"],"inLanguage":"en-GB","potentialAction":[{"@type":"CommentAction","name":"Comment","target":["https:\/\/marekkuchcinski.pl\/wydarzenia\/wiadomosci-z-europy-i-swiata-4-styczen-2021\/#respond"]}]},{"@type":"WebPage","@id":"https:\/\/marekkuchcinski.pl\/wydarzenia\/wiadomosci-z-europy-i-swiata-4-styczen-2021\/","url":"https:\/\/marekkuchcinski.pl\/wydarzenia\/wiadomosci-z-europy-i-swiata-4-styczen-2021\/","name":"Wiadomo\u015bci z Europy i \u015bwiata, 4 stycznia 2021 &#8211; Marek Kuchci\u0144ski","isPartOf":{"@id":"https:\/\/marekkuchcinski.pl\/#website"},"primaryImageOfPage":{"@id":"https:\/\/marekkuchcinski.pl\/wydarzenia\/wiadomosci-z-europy-i-swiata-4-styczen-2021\/#primaryimage"},"image":{"@id":"https:\/\/marekkuchcinski.pl\/wydarzenia\/wiadomosci-z-europy-i-swiata-4-styczen-2021\/#primaryimage"},"thumbnailUrl":"https:\/\/marekkuchcinski.pl\/wp-content\/uploads\/2021\/01\/1912px-European_Parliament_Strasbourg_Hemicycle_-_Diliff.jpg","datePublished":"2021-01-04T15:01:11+00:00","dateModified":"2021-01-26T13:25:11+00:00","breadcrumb":{"@id":"https:\/\/marekkuchcinski.pl\/wydarzenia\/wiadomosci-z-europy-i-swiata-4-styczen-2021\/#breadcrumb"},"inLanguage":"en-GB","potentialAction":[{"@type":"ReadAction","target":["https:\/\/marekkuchcinski.pl\/wydarzenia\/wiadomosci-z-europy-i-swiata-4-styczen-2021\/"]}]},{"@type":"ImageObject","inLanguage":"en-GB","@id":"https:\/\/marekkuchcinski.pl\/wydarzenia\/wiadomosci-z-europy-i-swiata-4-styczen-2021\/#primaryimage","url":"https:\/\/marekkuchcinski.pl\/wp-content\/uploads\/2021\/01\/1912px-European_Parliament_Strasbourg_Hemicycle_-_Diliff.jpg","contentUrl":"https:\/\/marekkuchcinski.pl\/wp-content\/uploads\/2021\/01\/1912px-European_Parliament_Strasbourg_Hemicycle_-_Diliff.jpg","width":1912,"height":1080},{"@type":"BreadcrumbList","@id":"https:\/\/marekkuchcinski.pl\/wydarzenia\/wiadomosci-z-europy-i-swiata-4-styczen-2021\/#breadcrumb","itemListElement":[{"@type":"ListItem","position":1,"name":"Strona g\u0142\u00f3wna","item":"https:\/\/marekkuchcinski.pl\/"},{"@type":"ListItem","position":2,"name":"Wiadomo\u015bci z Europy i \u015bwiata, 4 stycznia 2021"}]},{"@type":"WebSite","@id":"https:\/\/marekkuchcinski.pl\/#website","url":"https:\/\/marekkuchcinski.pl\/","name":"Marek Kuchci\u0144ski","description":"Pose\u0142 na sejm RP &ndash; okr\u0119g nr 22","publisher":{"@id":"https:\/\/marekkuchcinski.pl\/#organization"},"potentialAction":[{"@type":"SearchAction","target":{"@type":"EntryPoint","urlTemplate":"https:\/\/marekkuchcinski.pl\/?s={search_term_string}"},"query-input":{"@type":"PropertyValueSpecification","valueRequired":true,"valueName":"search_term_string"}}],"inLanguage":"en-GB"},{"@type":"Organization","@id":"https:\/\/marekkuchcinski.pl\/#organization","name":"Marek Kuchci\u0144ski","url":"https:\/\/marekkuchcinski.pl\/","logo":{"@type":"ImageObject","inLanguage":"en-GB","@id":"https:\/\/marekkuchcinski.pl\/#\/schema\/logo\/image\/","url":"https:\/\/marekkuchcinski.pl\/wp-content\/uploads\/2022\/09\/Marek.jpg","contentUrl":"https:\/\/marekkuchcinski.pl\/wp-content\/uploads\/2022\/09\/Marek.jpg","width":1600,"height":971,"caption":"Marek Kuchci\u0144ski"},"image":{"@id":"https:\/\/marekkuchcinski.pl\/#\/schema\/logo\/image\/"}},{"@type":"Person","@id":"https:\/\/marekkuchcinski.pl\/#\/schema\/person\/b8a29fe7813098f7be78801d029910a7","name":"Tomasz \u0141acina","image":{"@type":"ImageObject","inLanguage":"en-GB","@id":"https:\/\/marekkuchcinski.pl\/#\/schema\/person\/image\/","url":"https:\/\/secure.gravatar.com\/avatar\/22e75f6c51aff77a676ed77dd222f852?s=96&d=mm&r=g","contentUrl":"https:\/\/secure.gravatar.com\/avatar\/22e75f6c51aff77a676ed77dd222f852?s=96&d=mm&r=g","caption":"Tomasz \u0141acina"},"url":"https:\/\/marekkuchcinski.pl\/en\/author\/tomek-lacina\/"}]}},"_links":{"self":[{"href":"https:\/\/marekkuchcinski.pl\/en\/wp-json\/wp\/v2\/posts\/21226","targetHints":{"allow":["GET"]}}],"collection":[{"href":"https:\/\/marekkuchcinski.pl\/en\/wp-json\/wp\/v2\/posts"}],"about":[{"href":"https:\/\/marekkuchcinski.pl\/en\/wp-json\/wp\/v2\/types\/post"}],"author":[{"embeddable":true,"href":"https:\/\/marekkuchcinski.pl\/en\/wp-json\/wp\/v2\/users\/17"}],"replies":[{"embeddable":true,"href":"https:\/\/marekkuchcinski.pl\/en\/wp-json\/wp\/v2\/comments?post=21226"}],"version-history":[{"count":13,"href":"https:\/\/marekkuchcinski.pl\/en\/wp-json\/wp\/v2\/posts\/21226\/revisions"}],"predecessor-version":[{"id":21670,"href":"https:\/\/marekkuchcinski.pl\/en\/wp-json\/wp\/v2\/posts\/21226\/revisions\/21670"}],"wp:featuredmedia":[{"embeddable":true,"href":"https:\/\/marekkuchcinski.pl\/en\/wp-json\/wp\/v2\/media\/21330"}],"wp:attachment":[{"href":"https:\/\/marekkuchcinski.pl\/en\/wp-json\/wp\/v2\/media?parent=21226"}],"wp:term":[{"taxonomy":"category","embeddable":true,"href":"https:\/\/marekkuchcinski.pl\/en\/wp-json\/wp\/v2\/categories?post=21226"},{"taxonomy":"post_tag","embeddable":true,"href":"https:\/\/marekkuchcinski.pl\/en\/wp-json\/wp\/v2\/tags?post=21226"}],"curies":[{"name":"wp","href":"https:\/\/api.w.org\/{rel}","templated":true}]}}