{"id":211,"date":"2012-06-13T09:35:42","date_gmt":"2012-06-13T07:35:42","guid":{"rendered":"https:\/\/marekkuchcinski.pl\/wyniki-turnieju-pod-patronatem-wicemarszalka-sejmu-rp\/"},"modified":"2016-08-25T17:00:19","modified_gmt":"2016-08-25T15:00:19","slug":"wyniki-turnieju-pod-patronatem-wicemarszalka-sejmu-rp","status":"publish","type":"post","link":"https:\/\/marekkuchcinski.pl\/en\/bez-kategorii\/wyniki-turnieju-pod-patronatem-wicemarszalka-sejmu-rp\/","title":{"rendered":"Results of the Tournament under the Patronage of the Deputy Speaker of the Sejm"},"content":{"rendered":"<p style=\"text-align: justify;\"> \tOn 9th June on the \"Orlik\" football field in Dworskiego Street in Przemy\u015bl the International Football Tournament under the patronage of Vice-Marshal of the Sejm Marek Kuchci\u0144ski for the Cup of Senator Andrzej Matusiewicz and MEP Tomasz Por\u0119ba took place. <\/p>\n<p style=\"text-align: justify;\"> \tThe competition featured 8 teams divided into two groups. <\/p>\n<p style=\"text-align: justify;\"> \tTeams from Ukraine, Przemysl County and Przemysl competed against each other. The tournament was won by Czuwaj Przemy\u015bl, which also received a fair play award. The best goalkeeper was Daniel Cisek and the best player was Dawid Szaga\u0142a. <\/p>\n<p style=\"text-align: justify;\"> \tThe tournament was organized by Forum M\u0142odych PiS Przemy\u015bl together with TKKF Przemy\u015bl. Valuable sports prizes, including balls, scarves in the colors of Poland and cups were handed out by Senator Andrzej Matusiewicz, Chairman of FM PiS Maciej Kami\u0144ski and President of TKKF Przemysl Barbara Mro\u017cek. The competition was refereed by: Wojciech Kami\u0144ski, Micha\u0142 Kami\u0144ski, Mateusz Kuszyk and Henryk \u0141askarzewski. <\/p>\n<p> \tResults: <\/p>\n<p>  <!--more-->  <\/p>\n<p> \tSP 5 - Le\u015bnik Bircza 0:5 <\/p>\n<p> \tFC Jabulani Przemysl - Nizankowice 3:2 <\/p>\n<p> \tMo\u015bciska - Czuwaj Przemy\u015bl 0:5 <\/p>\n<p> \tSP 1 - LKS \u017burawica 0:1 <\/p>\n<p> \tSP 5 - Mo\u015bciska 0:6 <\/p>\n<p> \tFC Jabulani Przemysl - SP 1 3:1 <\/p>\n<p> \tLe\u015bnik Bircza - Czuwaj Przemy\u015bl 0:0 <\/p>\n<p> \tNizankowice - LKS \u017burawica 5:1 <\/p>\n<p> \tSP 5 - Czuwaj Przemy\u015bl 1:3 <\/p>\n<p> \tFC Jabulani Przemy\u015bl - LKS \u017burawica 1:0 <\/p>\n<p> \tLe\u015bnik Bircza - Mosciska 0:1 <\/p>\n<p> \tNizankowice - SP 1:0 <\/p>\n<p> \tThird place match: Nizankowice - Mo\u015bciska 3:1 <\/p>\n<p> \tFinal: FC Jabulani Przemy\u015bl - Czuwaj Przemy\u015bl 1:2 <\/p>","protected":false},"excerpt":{"rendered":"<p>W dniu 9 czerwca na boisku &bdquo;Orlik&rdquo; przy ulicy Dworskiego w Przemy\u015blu odby\u0142 si\u0119, ju\u017c po raz kolejny, Mi\u0119dzynarodowy Turniej Pi\u0142karski pod Patronatem Wicemarsza\u0142ka Sejmu RP Marka Kuchci\u0144skiego o Puchar Senatora Andrzeja Matusiewicza oraz Europos\u0142a Tomasza Por\u0119by. W rozgrywkach udzia\u0142 wzi\u0119\u0142o 8 zespo\u0142&oacute;w podzielnych na dwie grupy. Rywalizowa\u0142y zespo\u0142y z Ukrainy, powiatu przemyskiego i Przemy\u015bla. [&hellip;]<\/p>","protected":false},"author":6,"featured_media":0,"comment_status":"open","ping_status":"open","sticky":false,"template":"","format":"standard","meta":{"ngg_post_thumbnail":0,"footnotes":""},"categories":[1],"tags":[],"class_list":["post-211","post","type-post","status-publish","format-standard","hentry","category-bez-kategorii"],"yoast_head":"<!-- This site is optimized with the Yoast SEO plugin v24.7 - https:\/\/yoast.com\/wordpress\/plugins\/seo\/ -->\n<title>Wyniki Turnieju pod Patronatem Wicemarsza\u0142ka Sejmu RP &#8211; Marek Kuchci\u0144ski<\/title>\n<meta name=\"robots\" content=\"index, follow, max-snippet:-1, max-image-preview:large, max-video-preview:-1\" \/>\n<link rel=\"canonical\" href=\"https:\/\/marekkuchcinski.pl\/en\/bez-kategorii\/wyniki-turnieju-pod-patronatem-wicemarszalka-sejmu-rp\/\" \/>\n<meta property=\"og:locale\" content=\"en_GB\" \/>\n<meta property=\"og:type\" content=\"article\" \/>\n<meta property=\"og:title\" content=\"Wyniki Turnieju pod Patronatem Wicemarsza\u0142ka Sejmu RP &#8211; Marek Kuchci\u0144ski\" \/>\n<meta property=\"og:description\" content=\"W dniu 9 czerwca na boisku &bdquo;Orlik&rdquo; przy ulicy Dworskiego w Przemy\u015blu odby\u0142 si\u0119, ju\u017c po raz kolejny, Mi\u0119dzynarodowy Turniej Pi\u0142karski pod Patronatem Wicemarsza\u0142ka Sejmu RP Marka Kuchci\u0144skiego o Puchar Senatora Andrzeja Matusiewicza oraz Europos\u0142a Tomasza Por\u0119by. W rozgrywkach udzia\u0142 wzi\u0119\u0142o 8 zespo\u0142&oacute;w podzielnych na dwie grupy. Rywalizowa\u0142y zespo\u0142y z Ukrainy, powiatu przemyskiego i Przemy\u015bla. [&hellip;]\" \/>\n<meta property=\"og:url\" content=\"https:\/\/marekkuchcinski.pl\/en\/bez-kategorii\/wyniki-turnieju-pod-patronatem-wicemarszalka-sejmu-rp\/\" \/>\n<meta property=\"og:site_name\" content=\"Marek Kuchci\u0144ski\" \/>\n<meta property=\"article:published_time\" content=\"2012-06-13T07:35:42+00:00\" \/>\n<meta property=\"article:modified_time\" content=\"2016-08-25T15:00:19+00:00\" \/>\n<meta property=\"og:image\" content=\"https:\/\/marekkuchcinski.pl\/wp-content\/uploads\/2022\/09\/Marek.jpg\" \/>\n\t<meta property=\"og:image:width\" content=\"1600\" \/>\n\t<meta property=\"og:image:height\" content=\"971\" \/>\n\t<meta property=\"og:image:type\" content=\"image\/jpeg\" \/>\n<meta name=\"author\" content=\"admin\" \/>\n<meta name=\"twitter:card\" content=\"summary_large_image\" \/>\n<meta name=\"twitter:label1\" content=\"Written by\" \/>\n\t<meta name=\"twitter:data1\" content=\"admin\" \/>\n\t<meta name=\"twitter:label2\" content=\"Estimated reading time\" \/>\n\t<meta name=\"twitter:data2\" content=\"1 minute\" \/>\n<script type=\"application\/ld+json\" class=\"yoast-schema-graph\">{\"@context\":\"https:\/\/schema.org\",\"@graph\":[{\"@type\":\"Article\",\"@id\":\"https:\/\/marekkuchcinski.pl\/cs\/bez-kategorii\/wyniki-turnieju-pod-patronatem-wicemarszalka-sejmu-rp\/#article\",\"isPartOf\":{\"@id\":\"https:\/\/marekkuchcinski.pl\/cs\/bez-kategorii\/wyniki-turnieju-pod-patronatem-wicemarszalka-sejmu-rp\/\"},\"author\":{\"name\":\"admin\",\"@id\":\"https:\/\/marekkuchcinski.pl\/#\/schema\/person\/6f62700996b4d950b6ea2d1183b6c6be\"},\"headline\":\"Wyniki Turnieju pod Patronatem Wicemarsza\u0142ka Sejmu RP\",\"datePublished\":\"2012-06-13T07:35:42+00:00\",\"dateModified\":\"2016-08-25T15:00:19+00:00\",\"mainEntityOfPage\":{\"@id\":\"https:\/\/marekkuchcinski.pl\/cs\/bez-kategorii\/wyniki-turnieju-pod-patronatem-wicemarszalka-sejmu-rp\/\"},\"wordCount\":249,\"commentCount\":0,\"publisher\":{\"@id\":\"https:\/\/marekkuchcinski.pl\/#organization\"},\"articleSection\":[\"Bez kategorii\"],\"inLanguage\":\"en-GB\",\"potentialAction\":[{\"@type\":\"CommentAction\",\"name\":\"Comment\",\"target\":[\"https:\/\/marekkuchcinski.pl\/cs\/bez-kategorii\/wyniki-turnieju-pod-patronatem-wicemarszalka-sejmu-rp\/#respond\"]}]},{\"@type\":\"WebPage\",\"@id\":\"https:\/\/marekkuchcinski.pl\/cs\/bez-kategorii\/wyniki-turnieju-pod-patronatem-wicemarszalka-sejmu-rp\/\",\"url\":\"https:\/\/marekkuchcinski.pl\/cs\/bez-kategorii\/wyniki-turnieju-pod-patronatem-wicemarszalka-sejmu-rp\/\",\"name\":\"Wyniki Turnieju pod Patronatem Wicemarsza\u0142ka Sejmu RP &#8211; Marek Kuchci\u0144ski\",\"isPartOf\":{\"@id\":\"https:\/\/marekkuchcinski.pl\/#website\"},\"datePublished\":\"2012-06-13T07:35:42+00:00\",\"dateModified\":\"2016-08-25T15:00:19+00:00\",\"breadcrumb\":{\"@id\":\"https:\/\/marekkuchcinski.pl\/cs\/bez-kategorii\/wyniki-turnieju-pod-patronatem-wicemarszalka-sejmu-rp\/#breadcrumb\"},\"inLanguage\":\"en-GB\",\"potentialAction\":[{\"@type\":\"ReadAction\",\"target\":[\"https:\/\/marekkuchcinski.pl\/cs\/bez-kategorii\/wyniki-turnieju-pod-patronatem-wicemarszalka-sejmu-rp\/\"]}]},{\"@type\":\"BreadcrumbList\",\"@id\":\"https:\/\/marekkuchcinski.pl\/cs\/bez-kategorii\/wyniki-turnieju-pod-patronatem-wicemarszalka-sejmu-rp\/#breadcrumb\",\"itemListElement\":[{\"@type\":\"ListItem\",\"position\":1,\"name\":\"Strona g\u0142\u00f3wna\",\"item\":\"https:\/\/marekkuchcinski.pl\/\"},{\"@type\":\"ListItem\",\"position\":2,\"name\":\"Wyniki Turnieju pod Patronatem Wicemarsza\u0142ka Sejmu RP\"}]},{\"@type\":\"WebSite\",\"@id\":\"https:\/\/marekkuchcinski.pl\/#website\",\"url\":\"https:\/\/marekkuchcinski.pl\/\",\"name\":\"Marek Kuchci\u0144ski\",\"description\":\"Pose\u0142 na sejm RP &ndash; okr\u0119g nr 22\",\"publisher\":{\"@id\":\"https:\/\/marekkuchcinski.pl\/#organization\"},\"potentialAction\":[{\"@type\":\"SearchAction\",\"target\":{\"@type\":\"EntryPoint\",\"urlTemplate\":\"https:\/\/marekkuchcinski.pl\/?s={search_term_string}\"},\"query-input\":{\"@type\":\"PropertyValueSpecification\",\"valueRequired\":true,\"valueName\":\"search_term_string\"}}],\"inLanguage\":\"en-GB\"},{\"@type\":\"Organization\",\"@id\":\"https:\/\/marekkuchcinski.pl\/#organization\",\"name\":\"Marek Kuchci\u0144ski\",\"url\":\"https:\/\/marekkuchcinski.pl\/\",\"logo\":{\"@type\":\"ImageObject\",\"inLanguage\":\"en-GB\",\"@id\":\"https:\/\/marekkuchcinski.pl\/#\/schema\/logo\/image\/\",\"url\":\"https:\/\/marekkuchcinski.pl\/wp-content\/uploads\/2022\/09\/Marek.jpg\",\"contentUrl\":\"https:\/\/marekkuchcinski.pl\/wp-content\/uploads\/2022\/09\/Marek.jpg\",\"width\":1600,\"height\":971,\"caption\":\"Marek Kuchci\u0144ski\"},\"image\":{\"@id\":\"https:\/\/marekkuchcinski.pl\/#\/schema\/logo\/image\/\"}},{\"@type\":\"Person\",\"@id\":\"https:\/\/marekkuchcinski.pl\/#\/schema\/person\/6f62700996b4d950b6ea2d1183b6c6be\",\"name\":\"admin\",\"image\":{\"@type\":\"ImageObject\",\"inLanguage\":\"en-GB\",\"@id\":\"https:\/\/marekkuchcinski.pl\/#\/schema\/person\/image\/\",\"url\":\"https:\/\/secure.gravatar.com\/avatar\/4bab693b9d55c3d6b52c0296a8765085?s=96&d=mm&r=g\",\"contentUrl\":\"https:\/\/secure.gravatar.com\/avatar\/4bab693b9d55c3d6b52c0296a8765085?s=96&d=mm&r=g\",\"caption\":\"admin\"},\"url\":\"https:\/\/marekkuchcinski.pl\/en\/author\/marta-olejnik\/\"}]}<\/script>\n<!-- \/ Yoast SEO plugin. -->","yoast_head_json":{"title":"Wyniki Turnieju pod Patronatem Wicemarsza\u0142ka Sejmu RP &#8211; Marek Kuchci\u0144ski","robots":{"index":"index","follow":"follow","max-snippet":"max-snippet:-1","max-image-preview":"max-image-preview:large","max-video-preview":"max-video-preview:-1"},"canonical":"https:\/\/marekkuchcinski.pl\/en\/bez-kategorii\/wyniki-turnieju-pod-patronatem-wicemarszalka-sejmu-rp\/","og_locale":"en_GB","og_type":"article","og_title":"Wyniki Turnieju pod Patronatem Wicemarsza\u0142ka Sejmu RP &#8211; Marek Kuchci\u0144ski","og_description":"W dniu 9 czerwca na boisku &bdquo;Orlik&rdquo; przy ulicy Dworskiego w Przemy\u015blu odby\u0142 si\u0119, ju\u017c po raz kolejny, Mi\u0119dzynarodowy Turniej Pi\u0142karski pod Patronatem Wicemarsza\u0142ka Sejmu RP Marka Kuchci\u0144skiego o Puchar Senatora Andrzeja Matusiewicza oraz Europos\u0142a Tomasza Por\u0119by. W rozgrywkach udzia\u0142 wzi\u0119\u0142o 8 zespo\u0142&oacute;w podzielnych na dwie grupy. Rywalizowa\u0142y zespo\u0142y z Ukrainy, powiatu przemyskiego i Przemy\u015bla. [&hellip;]","og_url":"https:\/\/marekkuchcinski.pl\/en\/bez-kategorii\/wyniki-turnieju-pod-patronatem-wicemarszalka-sejmu-rp\/","og_site_name":"Marek Kuchci\u0144ski","article_published_time":"2012-06-13T07:35:42+00:00","article_modified_time":"2016-08-25T15:00:19+00:00","og_image":[{"width":1600,"height":971,"url":"https:\/\/marekkuchcinski.pl\/wp-content\/uploads\/2022\/09\/Marek.jpg","type":"image\/jpeg"}],"author":"admin","twitter_card":"summary_large_image","twitter_misc":{"Written by":"admin","Estimated reading time":"1 minute"},"schema":{"@context":"https:\/\/schema.org","@graph":[{"@type":"Article","@id":"https:\/\/marekkuchcinski.pl\/cs\/bez-kategorii\/wyniki-turnieju-pod-patronatem-wicemarszalka-sejmu-rp\/#article","isPartOf":{"@id":"https:\/\/marekkuchcinski.pl\/cs\/bez-kategorii\/wyniki-turnieju-pod-patronatem-wicemarszalka-sejmu-rp\/"},"author":{"name":"admin","@id":"https:\/\/marekkuchcinski.pl\/#\/schema\/person\/6f62700996b4d950b6ea2d1183b6c6be"},"headline":"Wyniki Turnieju pod Patronatem Wicemarsza\u0142ka Sejmu RP","datePublished":"2012-06-13T07:35:42+00:00","dateModified":"2016-08-25T15:00:19+00:00","mainEntityOfPage":{"@id":"https:\/\/marekkuchcinski.pl\/cs\/bez-kategorii\/wyniki-turnieju-pod-patronatem-wicemarszalka-sejmu-rp\/"},"wordCount":249,"commentCount":0,"publisher":{"@id":"https:\/\/marekkuchcinski.pl\/#organization"},"articleSection":["Bez kategorii"],"inLanguage":"en-GB","potentialAction":[{"@type":"CommentAction","name":"Comment","target":["https:\/\/marekkuchcinski.pl\/cs\/bez-kategorii\/wyniki-turnieju-pod-patronatem-wicemarszalka-sejmu-rp\/#respond"]}]},{"@type":"WebPage","@id":"https:\/\/marekkuchcinski.pl\/cs\/bez-kategorii\/wyniki-turnieju-pod-patronatem-wicemarszalka-sejmu-rp\/","url":"https:\/\/marekkuchcinski.pl\/cs\/bez-kategorii\/wyniki-turnieju-pod-patronatem-wicemarszalka-sejmu-rp\/","name":"Wyniki Turnieju pod Patronatem Wicemarsza\u0142ka Sejmu RP &#8211; Marek Kuchci\u0144ski","isPartOf":{"@id":"https:\/\/marekkuchcinski.pl\/#website"},"datePublished":"2012-06-13T07:35:42+00:00","dateModified":"2016-08-25T15:00:19+00:00","breadcrumb":{"@id":"https:\/\/marekkuchcinski.pl\/cs\/bez-kategorii\/wyniki-turnieju-pod-patronatem-wicemarszalka-sejmu-rp\/#breadcrumb"},"inLanguage":"en-GB","potentialAction":[{"@type":"ReadAction","target":["https:\/\/marekkuchcinski.pl\/cs\/bez-kategorii\/wyniki-turnieju-pod-patronatem-wicemarszalka-sejmu-rp\/"]}]},{"@type":"BreadcrumbList","@id":"https:\/\/marekkuchcinski.pl\/cs\/bez-kategorii\/wyniki-turnieju-pod-patronatem-wicemarszalka-sejmu-rp\/#breadcrumb","itemListElement":[{"@type":"ListItem","position":1,"name":"Strona g\u0142\u00f3wna","item":"https:\/\/marekkuchcinski.pl\/"},{"@type":"ListItem","position":2,"name":"Wyniki Turnieju pod Patronatem Wicemarsza\u0142ka Sejmu RP"}]},{"@type":"WebSite","@id":"https:\/\/marekkuchcinski.pl\/#website","url":"https:\/\/marekkuchcinski.pl\/","name":"Marek Kuchci\u0144ski","description":"Pose\u0142 na sejm RP &ndash; okr\u0119g nr 22","publisher":{"@id":"https:\/\/marekkuchcinski.pl\/#organization"},"potentialAction":[{"@type":"SearchAction","target":{"@type":"EntryPoint","urlTemplate":"https:\/\/marekkuchcinski.pl\/?s={search_term_string}"},"query-input":{"@type":"PropertyValueSpecification","valueRequired":true,"valueName":"search_term_string"}}],"inLanguage":"en-GB"},{"@type":"Organization","@id":"https:\/\/marekkuchcinski.pl\/#organization","name":"Marek Kuchci\u0144ski","url":"https:\/\/marekkuchcinski.pl\/","logo":{"@type":"ImageObject","inLanguage":"en-GB","@id":"https:\/\/marekkuchcinski.pl\/#\/schema\/logo\/image\/","url":"https:\/\/marekkuchcinski.pl\/wp-content\/uploads\/2022\/09\/Marek.jpg","contentUrl":"https:\/\/marekkuchcinski.pl\/wp-content\/uploads\/2022\/09\/Marek.jpg","width":1600,"height":971,"caption":"Marek Kuchci\u0144ski"},"image":{"@id":"https:\/\/marekkuchcinski.pl\/#\/schema\/logo\/image\/"}},{"@type":"Person","@id":"https:\/\/marekkuchcinski.pl\/#\/schema\/person\/6f62700996b4d950b6ea2d1183b6c6be","name":"admin","image":{"@type":"ImageObject","inLanguage":"en-GB","@id":"https:\/\/marekkuchcinski.pl\/#\/schema\/person\/image\/","url":"https:\/\/secure.gravatar.com\/avatar\/4bab693b9d55c3d6b52c0296a8765085?s=96&d=mm&r=g","contentUrl":"https:\/\/secure.gravatar.com\/avatar\/4bab693b9d55c3d6b52c0296a8765085?s=96&d=mm&r=g","caption":"admin"},"url":"https:\/\/marekkuchcinski.pl\/en\/author\/marta-olejnik\/"}]}},"_links":{"self":[{"href":"https:\/\/marekkuchcinski.pl\/en\/wp-json\/wp\/v2\/posts\/211","targetHints":{"allow":["GET"]}}],"collection":[{"href":"https:\/\/marekkuchcinski.pl\/en\/wp-json\/wp\/v2\/posts"}],"about":[{"href":"https:\/\/marekkuchcinski.pl\/en\/wp-json\/wp\/v2\/types\/post"}],"author":[{"embeddable":true,"href":"https:\/\/marekkuchcinski.pl\/en\/wp-json\/wp\/v2\/users\/6"}],"replies":[{"embeddable":true,"href":"https:\/\/marekkuchcinski.pl\/en\/wp-json\/wp\/v2\/comments?post=211"}],"version-history":[{"count":1,"href":"https:\/\/marekkuchcinski.pl\/en\/wp-json\/wp\/v2\/posts\/211\/revisions"}],"predecessor-version":[{"id":3148,"href":"https:\/\/marekkuchcinski.pl\/en\/wp-json\/wp\/v2\/posts\/211\/revisions\/3148"}],"wp:attachment":[{"href":"https:\/\/marekkuchcinski.pl\/en\/wp-json\/wp\/v2\/media?parent=211"}],"wp:term":[{"taxonomy":"category","embeddable":true,"href":"https:\/\/marekkuchcinski.pl\/en\/wp-json\/wp\/v2\/categories?post=211"},{"taxonomy":"post_tag","embeddable":true,"href":"https:\/\/marekkuchcinski.pl\/en\/wp-json\/wp\/v2\/tags?post=211"}],"curies":[{"name":"wp","href":"https:\/\/api.w.org\/{rel}","templated":true}]}}