{"id":20948,"date":"2020-12-10T18:48:42","date_gmt":"2020-12-10T17:48:42","guid":{"rendered":"https:\/\/marekkuchcinski.pl\/?p=20948"},"modified":"2020-12-18T16:18:14","modified_gmt":"2020-12-18T15:18:14","slug":"wspolpraca-w-ramach-grupy-wyszehradzkiej","status":"publish","type":"post","link":"https:\/\/marekkuchcinski.pl\/en\/wydarzenia\/wspolpraca-w-ramach-grupy-wyszehradzkiej\/","title":{"rendered":"Cooperation within the Visegrad Group"},"content":{"rendered":"<figure class=\"wp-block-gallery columns-0 is-cropped wp-block-gallery-1 is-layout-flex wp-block-gallery-is-layout-flex\"><ul class=\"blocks-gallery-grid\"><\/ul><\/figure>\n\n\n\n<p>On Friday, 11 December at 14.00 during the Foreign Affairs Committee will be taken up the topic of cooperation within the Visegrad Group and the current situation in its member states by the Minister of Foreign Affairs.<\/p>\n\n\n\n<p>The Visegrad Group (also known as V4) is a regional platform for cooperation that was established on February 15, 1991. Its members are four EU and NATO member states: Poland, Czech Republic, Slovakia and Hungary. The group is not legally a political entity unlike the EU.<\/p>\n\n\n\n<p>V4 is a tool to promote European integration and facilitate regional cooperation between its members on political, economic and geostrategic issues. It is an informal group much like Benelux (comprising Belgium, the Netherlands and Luxembourg) or the Nordic Council (formed by Iceland, Denmark, Sweden, Norway and Finland).<\/p>\n\n\n\n<p>The population of V4 is about 64 million, or about 13% of the total EU population. Poland is by far the largest country of the four. It represents more than 60% of its entire population and more than half the area of the group.<\/p>\n\n\n\n<p>For the first time, the issues of Czechoslovak-Polish-Hungarian cooperation were raised on January 22, 1990, during the visit of the first non-Communist Polish Prime Minister Tadeusz Mazowiecki to Prague.<\/p>\n\n\n\n<p>On 15 February 1991, presidents Lech Wa\u0142\u0119sa, V\u00e1clav Havel and J\u00f3zsef Antall signed the so-called \"Declaration on Cooperation of the Polish, Czech and Slovak Federative Republics and the Republic of Hungary Towards European Integration\".<\/p>\n\n\n\n<p>In the Visegr\u00e1d Declaration, the parties declared that the similarity of the situation as it has developed over the past decades sets the three states fundamental convergent goals. Among these goals may be mentioned:<\/p>\n\n\n\n<p>- Full restoration of national independence, democracy and freedom;<\/p>\n\n\n\n<p>- liquidation of all existing social, economic and spiritual manifestations of the totalitarian system;<\/p>\n\n\n\n<p>- building a parliamentary democracy, a modern state of law, respect for human rights and fundamental freedoms;<\/p>\n\n\n\n<p>- The creation of a market economy;<\/p>\n\n\n\n<p>- To be fully integrated into the European political and economic system, security and legislation.<\/p>\n\n\n\n<p>The signatories of the declaration clearly understood this cooperation as a stepping stone on the road to Western integration structures. Moreover, their goal was not to create new divisions but to strive for a new, united Europe.<\/p>\n\n\n\n<p>You are invited to follow the Foreign Affairs Committee meeting on Friday, December 11 at 2 p.m.<\/p>\n\n\n\n<p>Broadcast of the meeting will be available on the parliamentary website&nbsp;<a href=\"http:\/\/www.sejm.gov.pl\/\">www.sejm.gov.pl<\/a>&nbsp;under the \"today's broadcasts\" tab.<\/p>\n\n\n\n<p><a href=\"http:\/\/www.sejm.gov.pl\/sejm9.nsf\/PlanPosKom.xsp?view=2&amp;komisja=SZA\">http:\/\/www.sejm.gov.pl\/sejm9.nsf\/PlanPosKom.xsp?view=2&amp;komisja=SZA<\/a><\/p>\n\n\n\n<div class=\"wp-block-image\"><figure class=\"aligncenter size-large\"><a href=\"https:\/\/marekkuchcinski.pl\/wp-content\/uploads\/2020\/12\/POPRAD-ok.jpg\"><img fetchpriority=\"high\" decoding=\"async\" width=\"1024\" height=\"683\" src=\"https:\/\/marekkuchcinski.pl\/wp-content\/uploads\/2020\/12\/POPRAD-ok-1024x683.jpg\" alt=\"\" class=\"wp-image-20967\" srcset=\"https:\/\/marekkuchcinski.pl\/wp-content\/uploads\/2020\/12\/POPRAD-ok-1024x683.jpg 1024w, https:\/\/marekkuchcinski.pl\/wp-content\/uploads\/2020\/12\/POPRAD-ok-300x200.jpg 300w, https:\/\/marekkuchcinski.pl\/wp-content\/uploads\/2020\/12\/POPRAD-ok-768x512.jpg 768w, https:\/\/marekkuchcinski.pl\/wp-content\/uploads\/2020\/12\/POPRAD-ok-16x12.jpg 16w, https:\/\/marekkuchcinski.pl\/wp-content\/uploads\/2020\/12\/POPRAD-ok.jpg 1200w\" sizes=\"(max-width: 1024px) 100vw, 1024px\" \/><\/a><figcaption>photo: Chancellery of the Sejm\/Pawe\u0142 Kula\/\u0141ukasz B\u0142asikiewicz<\/figcaption><\/figure><\/div>\n\n\n\n<p><\/p>","protected":false},"excerpt":{"rendered":"<p>W pi\u0105tek, 11 grudnia o godzinie 14.00 podczas Komisji Spraw Zagranicznych zostanie podj\u0119ty temat wsp\u00f3\u0142pracy w ramach Grupy Wyszehradzkiej i aktualnej sytuacji w jej pa\u0144stwach cz\u0142onkowskich przez Ministra Spraw Zagranicznych. Grupa Wyszehradzka (znana tak\u017ce jako V4) jest regionaln\u0105 platform\u0105 wsp\u00f3\u0142pracy kt\u00f3ra zosta\u0142a utworzona 15 lutego 1991 r. Jej cz\u0142onkami s\u0105 cztery pa\u0144stwa cz\u0142onkowskie Unii Europejskiej [&hellip;]<\/p>","protected":false},"author":17,"featured_media":20966,"comment_status":"open","ping_status":"open","sticky":false,"template":"","format":"standard","meta":{"ngg_post_thumbnail":0,"footnotes":""},"categories":[50,3],"tags":[],"class_list":["post-20948","post","type-post","status-publish","format-standard","has-post-thumbnail","hentry","category-wspolpraca-miedzynarodowa","category-wydarzenia"],"yoast_head":"<!-- This site is optimized with the Yoast SEO plugin v24.7 - https:\/\/yoast.com\/wordpress\/plugins\/seo\/ -->\n<title>Wsp\u00f3\u0142praca w ramach Grupy Wyszehradzkiej &#8211; Marek Kuchci\u0144ski<\/title>\n<meta name=\"robots\" content=\"index, follow, max-snippet:-1, max-image-preview:large, max-video-preview:-1\" \/>\n<link rel=\"canonical\" href=\"https:\/\/marekkuchcinski.pl\/en\/wydarzenia\/wspolpraca-w-ramach-grupy-wyszehradzkiej\/\" \/>\n<meta property=\"og:locale\" content=\"en_GB\" \/>\n<meta property=\"og:type\" content=\"article\" \/>\n<meta property=\"og:title\" content=\"Wsp\u00f3\u0142praca w ramach Grupy Wyszehradzkiej &#8211; Marek Kuchci\u0144ski\" \/>\n<meta property=\"og:description\" content=\"W pi\u0105tek, 11 grudnia o godzinie 14.00 podczas Komisji Spraw Zagranicznych zostanie podj\u0119ty temat wsp\u00f3\u0142pracy w ramach Grupy Wyszehradzkiej i aktualnej sytuacji w jej pa\u0144stwach cz\u0142onkowskich przez Ministra Spraw Zagranicznych. Grupa Wyszehradzka (znana tak\u017ce jako V4) jest regionaln\u0105 platform\u0105 wsp\u00f3\u0142pracy kt\u00f3ra zosta\u0142a utworzona 15 lutego 1991 r. Jej cz\u0142onkami s\u0105 cztery pa\u0144stwa cz\u0142onkowskie Unii Europejskiej [&hellip;]\" \/>\n<meta property=\"og:url\" content=\"https:\/\/marekkuchcinski.pl\/en\/wydarzenia\/wspolpraca-w-ramach-grupy-wyszehradzkiej\/\" \/>\n<meta property=\"og:site_name\" content=\"Marek Kuchci\u0144ski\" \/>\n<meta property=\"article:published_time\" content=\"2020-12-10T17:48:42+00:00\" \/>\n<meta property=\"article:modified_time\" content=\"2020-12-18T15:18:14+00:00\" \/>\n<meta property=\"og:image\" content=\"https:\/\/marekkuchcinski.pl\/wp-content\/uploads\/2020\/12\/KU180024.jpg\" \/>\n\t<meta property=\"og:image:width\" content=\"1800\" \/>\n\t<meta property=\"og:image:height\" content=\"1200\" \/>\n\t<meta property=\"og:image:type\" content=\"image\/jpeg\" \/>\n<meta name=\"author\" content=\"Tomasz \u0141acina\" \/>\n<meta name=\"twitter:card\" content=\"summary_large_image\" \/>\n<meta name=\"twitter:label1\" content=\"Written by\" \/>\n\t<meta name=\"twitter:data1\" content=\"Tomasz \u0141acina\" \/>\n\t<meta name=\"twitter:label2\" content=\"Estimated reading time\" \/>\n\t<meta name=\"twitter:data2\" content=\"2 minutes\" \/>\n<script type=\"application\/ld+json\" class=\"yoast-schema-graph\">{\"@context\":\"https:\/\/schema.org\",\"@graph\":[{\"@type\":\"Article\",\"@id\":\"https:\/\/marekkuchcinski.pl\/uk\/wydarzenia\/wspolpraca-w-ramach-grupy-wyszehradzkiej\/#article\",\"isPartOf\":{\"@id\":\"https:\/\/marekkuchcinski.pl\/uk\/wydarzenia\/wspolpraca-w-ramach-grupy-wyszehradzkiej\/\"},\"author\":{\"name\":\"Tomasz \u0141acina\",\"@id\":\"https:\/\/marekkuchcinski.pl\/#\/schema\/person\/b8a29fe7813098f7be78801d029910a7\"},\"headline\":\"Wsp\u00f3\u0142praca w ramach Grupy Wyszehradzkiej\",\"datePublished\":\"2020-12-10T17:48:42+00:00\",\"dateModified\":\"2020-12-18T15:18:14+00:00\",\"mainEntityOfPage\":{\"@id\":\"https:\/\/marekkuchcinski.pl\/uk\/wydarzenia\/wspolpraca-w-ramach-grupy-wyszehradzkiej\/\"},\"wordCount\":433,\"commentCount\":0,\"publisher\":{\"@id\":\"https:\/\/marekkuchcinski.pl\/#organization\"},\"image\":{\"@id\":\"https:\/\/marekkuchcinski.pl\/uk\/wydarzenia\/wspolpraca-w-ramach-grupy-wyszehradzkiej\/#primaryimage\"},\"thumbnailUrl\":\"https:\/\/marekkuchcinski.pl\/wp-content\/uploads\/2020\/12\/KU180024.jpg\",\"articleSection\":[\"Wsp\u00f3\u0142praca mi\u0119dzynarodowa\",\"Wydarzenia\"],\"inLanguage\":\"en-GB\",\"potentialAction\":[{\"@type\":\"CommentAction\",\"name\":\"Comment\",\"target\":[\"https:\/\/marekkuchcinski.pl\/uk\/wydarzenia\/wspolpraca-w-ramach-grupy-wyszehradzkiej\/#respond\"]}]},{\"@type\":\"WebPage\",\"@id\":\"https:\/\/marekkuchcinski.pl\/uk\/wydarzenia\/wspolpraca-w-ramach-grupy-wyszehradzkiej\/\",\"url\":\"https:\/\/marekkuchcinski.pl\/uk\/wydarzenia\/wspolpraca-w-ramach-grupy-wyszehradzkiej\/\",\"name\":\"Wsp\u00f3\u0142praca w ramach Grupy Wyszehradzkiej &#8211; Marek Kuchci\u0144ski\",\"isPartOf\":{\"@id\":\"https:\/\/marekkuchcinski.pl\/#website\"},\"primaryImageOfPage\":{\"@id\":\"https:\/\/marekkuchcinski.pl\/uk\/wydarzenia\/wspolpraca-w-ramach-grupy-wyszehradzkiej\/#primaryimage\"},\"image\":{\"@id\":\"https:\/\/marekkuchcinski.pl\/uk\/wydarzenia\/wspolpraca-w-ramach-grupy-wyszehradzkiej\/#primaryimage\"},\"thumbnailUrl\":\"https:\/\/marekkuchcinski.pl\/wp-content\/uploads\/2020\/12\/KU180024.jpg\",\"datePublished\":\"2020-12-10T17:48:42+00:00\",\"dateModified\":\"2020-12-18T15:18:14+00:00\",\"breadcrumb\":{\"@id\":\"https:\/\/marekkuchcinski.pl\/uk\/wydarzenia\/wspolpraca-w-ramach-grupy-wyszehradzkiej\/#breadcrumb\"},\"inLanguage\":\"en-GB\",\"potentialAction\":[{\"@type\":\"ReadAction\",\"target\":[\"https:\/\/marekkuchcinski.pl\/uk\/wydarzenia\/wspolpraca-w-ramach-grupy-wyszehradzkiej\/\"]}]},{\"@type\":\"ImageObject\",\"inLanguage\":\"en-GB\",\"@id\":\"https:\/\/marekkuchcinski.pl\/uk\/wydarzenia\/wspolpraca-w-ramach-grupy-wyszehradzkiej\/#primaryimage\",\"url\":\"https:\/\/marekkuchcinski.pl\/wp-content\/uploads\/2020\/12\/KU180024.jpg\",\"contentUrl\":\"https:\/\/marekkuchcinski.pl\/wp-content\/uploads\/2020\/12\/KU180024.jpg\",\"width\":1800,\"height\":1200},{\"@type\":\"BreadcrumbList\",\"@id\":\"https:\/\/marekkuchcinski.pl\/uk\/wydarzenia\/wspolpraca-w-ramach-grupy-wyszehradzkiej\/#breadcrumb\",\"itemListElement\":[{\"@type\":\"ListItem\",\"position\":1,\"name\":\"Strona g\u0142\u00f3wna\",\"item\":\"https:\/\/marekkuchcinski.pl\/\"},{\"@type\":\"ListItem\",\"position\":2,\"name\":\"Wsp\u00f3\u0142praca w ramach Grupy Wyszehradzkiej\"}]},{\"@type\":\"WebSite\",\"@id\":\"https:\/\/marekkuchcinski.pl\/#website\",\"url\":\"https:\/\/marekkuchcinski.pl\/\",\"name\":\"Marek Kuchci\u0144ski\",\"description\":\"Pose\u0142 na sejm RP &ndash; okr\u0119g nr 22\",\"publisher\":{\"@id\":\"https:\/\/marekkuchcinski.pl\/#organization\"},\"potentialAction\":[{\"@type\":\"SearchAction\",\"target\":{\"@type\":\"EntryPoint\",\"urlTemplate\":\"https:\/\/marekkuchcinski.pl\/?s={search_term_string}\"},\"query-input\":{\"@type\":\"PropertyValueSpecification\",\"valueRequired\":true,\"valueName\":\"search_term_string\"}}],\"inLanguage\":\"en-GB\"},{\"@type\":\"Organization\",\"@id\":\"https:\/\/marekkuchcinski.pl\/#organization\",\"name\":\"Marek Kuchci\u0144ski\",\"url\":\"https:\/\/marekkuchcinski.pl\/\",\"logo\":{\"@type\":\"ImageObject\",\"inLanguage\":\"en-GB\",\"@id\":\"https:\/\/marekkuchcinski.pl\/#\/schema\/logo\/image\/\",\"url\":\"https:\/\/marekkuchcinski.pl\/wp-content\/uploads\/2022\/09\/Marek.jpg\",\"contentUrl\":\"https:\/\/marekkuchcinski.pl\/wp-content\/uploads\/2022\/09\/Marek.jpg\",\"width\":1600,\"height\":971,\"caption\":\"Marek Kuchci\u0144ski\"},\"image\":{\"@id\":\"https:\/\/marekkuchcinski.pl\/#\/schema\/logo\/image\/\"}},{\"@type\":\"Person\",\"@id\":\"https:\/\/marekkuchcinski.pl\/#\/schema\/person\/b8a29fe7813098f7be78801d029910a7\",\"name\":\"Tomasz \u0141acina\",\"image\":{\"@type\":\"ImageObject\",\"inLanguage\":\"en-GB\",\"@id\":\"https:\/\/marekkuchcinski.pl\/#\/schema\/person\/image\/\",\"url\":\"https:\/\/secure.gravatar.com\/avatar\/22e75f6c51aff77a676ed77dd222f852?s=96&d=mm&r=g\",\"contentUrl\":\"https:\/\/secure.gravatar.com\/avatar\/22e75f6c51aff77a676ed77dd222f852?s=96&d=mm&r=g\",\"caption\":\"Tomasz \u0141acina\"},\"url\":\"https:\/\/marekkuchcinski.pl\/en\/author\/tomek-lacina\/\"}]}<\/script>\n<!-- \/ Yoast SEO plugin. -->","yoast_head_json":{"title":"Wsp\u00f3\u0142praca w ramach Grupy Wyszehradzkiej &#8211; Marek Kuchci\u0144ski","robots":{"index":"index","follow":"follow","max-snippet":"max-snippet:-1","max-image-preview":"max-image-preview:large","max-video-preview":"max-video-preview:-1"},"canonical":"https:\/\/marekkuchcinski.pl\/en\/wydarzenia\/wspolpraca-w-ramach-grupy-wyszehradzkiej\/","og_locale":"en_GB","og_type":"article","og_title":"Wsp\u00f3\u0142praca w ramach Grupy Wyszehradzkiej &#8211; Marek Kuchci\u0144ski","og_description":"W pi\u0105tek, 11 grudnia o godzinie 14.00 podczas Komisji Spraw Zagranicznych zostanie podj\u0119ty temat wsp\u00f3\u0142pracy w ramach Grupy Wyszehradzkiej i aktualnej sytuacji w jej pa\u0144stwach cz\u0142onkowskich przez Ministra Spraw Zagranicznych. Grupa Wyszehradzka (znana tak\u017ce jako V4) jest regionaln\u0105 platform\u0105 wsp\u00f3\u0142pracy kt\u00f3ra zosta\u0142a utworzona 15 lutego 1991 r. Jej cz\u0142onkami s\u0105 cztery pa\u0144stwa cz\u0142onkowskie Unii Europejskiej [&hellip;]","og_url":"https:\/\/marekkuchcinski.pl\/en\/wydarzenia\/wspolpraca-w-ramach-grupy-wyszehradzkiej\/","og_site_name":"Marek Kuchci\u0144ski","article_published_time":"2020-12-10T17:48:42+00:00","article_modified_time":"2020-12-18T15:18:14+00:00","og_image":[{"width":1800,"height":1200,"url":"https:\/\/marekkuchcinski.pl\/wp-content\/uploads\/2020\/12\/KU180024.jpg","type":"image\/jpeg"}],"author":"Tomasz \u0141acina","twitter_card":"summary_large_image","twitter_misc":{"Written by":"Tomasz \u0141acina","Estimated reading time":"2 minutes"},"schema":{"@context":"https:\/\/schema.org","@graph":[{"@type":"Article","@id":"https:\/\/marekkuchcinski.pl\/uk\/wydarzenia\/wspolpraca-w-ramach-grupy-wyszehradzkiej\/#article","isPartOf":{"@id":"https:\/\/marekkuchcinski.pl\/uk\/wydarzenia\/wspolpraca-w-ramach-grupy-wyszehradzkiej\/"},"author":{"name":"Tomasz \u0141acina","@id":"https:\/\/marekkuchcinski.pl\/#\/schema\/person\/b8a29fe7813098f7be78801d029910a7"},"headline":"Wsp\u00f3\u0142praca w ramach Grupy Wyszehradzkiej","datePublished":"2020-12-10T17:48:42+00:00","dateModified":"2020-12-18T15:18:14+00:00","mainEntityOfPage":{"@id":"https:\/\/marekkuchcinski.pl\/uk\/wydarzenia\/wspolpraca-w-ramach-grupy-wyszehradzkiej\/"},"wordCount":433,"commentCount":0,"publisher":{"@id":"https:\/\/marekkuchcinski.pl\/#organization"},"image":{"@id":"https:\/\/marekkuchcinski.pl\/uk\/wydarzenia\/wspolpraca-w-ramach-grupy-wyszehradzkiej\/#primaryimage"},"thumbnailUrl":"https:\/\/marekkuchcinski.pl\/wp-content\/uploads\/2020\/12\/KU180024.jpg","articleSection":["Wsp\u00f3\u0142praca mi\u0119dzynarodowa","Wydarzenia"],"inLanguage":"en-GB","potentialAction":[{"@type":"CommentAction","name":"Comment","target":["https:\/\/marekkuchcinski.pl\/uk\/wydarzenia\/wspolpraca-w-ramach-grupy-wyszehradzkiej\/#respond"]}]},{"@type":"WebPage","@id":"https:\/\/marekkuchcinski.pl\/uk\/wydarzenia\/wspolpraca-w-ramach-grupy-wyszehradzkiej\/","url":"https:\/\/marekkuchcinski.pl\/uk\/wydarzenia\/wspolpraca-w-ramach-grupy-wyszehradzkiej\/","name":"Wsp\u00f3\u0142praca w ramach Grupy Wyszehradzkiej &#8211; Marek Kuchci\u0144ski","isPartOf":{"@id":"https:\/\/marekkuchcinski.pl\/#website"},"primaryImageOfPage":{"@id":"https:\/\/marekkuchcinski.pl\/uk\/wydarzenia\/wspolpraca-w-ramach-grupy-wyszehradzkiej\/#primaryimage"},"image":{"@id":"https:\/\/marekkuchcinski.pl\/uk\/wydarzenia\/wspolpraca-w-ramach-grupy-wyszehradzkiej\/#primaryimage"},"thumbnailUrl":"https:\/\/marekkuchcinski.pl\/wp-content\/uploads\/2020\/12\/KU180024.jpg","datePublished":"2020-12-10T17:48:42+00:00","dateModified":"2020-12-18T15:18:14+00:00","breadcrumb":{"@id":"https:\/\/marekkuchcinski.pl\/uk\/wydarzenia\/wspolpraca-w-ramach-grupy-wyszehradzkiej\/#breadcrumb"},"inLanguage":"en-GB","potentialAction":[{"@type":"ReadAction","target":["https:\/\/marekkuchcinski.pl\/uk\/wydarzenia\/wspolpraca-w-ramach-grupy-wyszehradzkiej\/"]}]},{"@type":"ImageObject","inLanguage":"en-GB","@id":"https:\/\/marekkuchcinski.pl\/uk\/wydarzenia\/wspolpraca-w-ramach-grupy-wyszehradzkiej\/#primaryimage","url":"https:\/\/marekkuchcinski.pl\/wp-content\/uploads\/2020\/12\/KU180024.jpg","contentUrl":"https:\/\/marekkuchcinski.pl\/wp-content\/uploads\/2020\/12\/KU180024.jpg","width":1800,"height":1200},{"@type":"BreadcrumbList","@id":"https:\/\/marekkuchcinski.pl\/uk\/wydarzenia\/wspolpraca-w-ramach-grupy-wyszehradzkiej\/#breadcrumb","itemListElement":[{"@type":"ListItem","position":1,"name":"Strona g\u0142\u00f3wna","item":"https:\/\/marekkuchcinski.pl\/"},{"@type":"ListItem","position":2,"name":"Wsp\u00f3\u0142praca w ramach Grupy Wyszehradzkiej"}]},{"@type":"WebSite","@id":"https:\/\/marekkuchcinski.pl\/#website","url":"https:\/\/marekkuchcinski.pl\/","name":"Marek Kuchci\u0144ski","description":"Pose\u0142 na sejm RP &ndash; okr\u0119g nr 22","publisher":{"@id":"https:\/\/marekkuchcinski.pl\/#organization"},"potentialAction":[{"@type":"SearchAction","target":{"@type":"EntryPoint","urlTemplate":"https:\/\/marekkuchcinski.pl\/?s={search_term_string}"},"query-input":{"@type":"PropertyValueSpecification","valueRequired":true,"valueName":"search_term_string"}}],"inLanguage":"en-GB"},{"@type":"Organization","@id":"https:\/\/marekkuchcinski.pl\/#organization","name":"Marek Kuchci\u0144ski","url":"https:\/\/marekkuchcinski.pl\/","logo":{"@type":"ImageObject","inLanguage":"en-GB","@id":"https:\/\/marekkuchcinski.pl\/#\/schema\/logo\/image\/","url":"https:\/\/marekkuchcinski.pl\/wp-content\/uploads\/2022\/09\/Marek.jpg","contentUrl":"https:\/\/marekkuchcinski.pl\/wp-content\/uploads\/2022\/09\/Marek.jpg","width":1600,"height":971,"caption":"Marek Kuchci\u0144ski"},"image":{"@id":"https:\/\/marekkuchcinski.pl\/#\/schema\/logo\/image\/"}},{"@type":"Person","@id":"https:\/\/marekkuchcinski.pl\/#\/schema\/person\/b8a29fe7813098f7be78801d029910a7","name":"Tomasz \u0141acina","image":{"@type":"ImageObject","inLanguage":"en-GB","@id":"https:\/\/marekkuchcinski.pl\/#\/schema\/person\/image\/","url":"https:\/\/secure.gravatar.com\/avatar\/22e75f6c51aff77a676ed77dd222f852?s=96&d=mm&r=g","contentUrl":"https:\/\/secure.gravatar.com\/avatar\/22e75f6c51aff77a676ed77dd222f852?s=96&d=mm&r=g","caption":"Tomasz \u0141acina"},"url":"https:\/\/marekkuchcinski.pl\/en\/author\/tomek-lacina\/"}]}},"_links":{"self":[{"href":"https:\/\/marekkuchcinski.pl\/en\/wp-json\/wp\/v2\/posts\/20948","targetHints":{"allow":["GET"]}}],"collection":[{"href":"https:\/\/marekkuchcinski.pl\/en\/wp-json\/wp\/v2\/posts"}],"about":[{"href":"https:\/\/marekkuchcinski.pl\/en\/wp-json\/wp\/v2\/types\/post"}],"author":[{"embeddable":true,"href":"https:\/\/marekkuchcinski.pl\/en\/wp-json\/wp\/v2\/users\/17"}],"replies":[{"embeddable":true,"href":"https:\/\/marekkuchcinski.pl\/en\/wp-json\/wp\/v2\/comments?post=20948"}],"version-history":[{"count":14,"href":"https:\/\/marekkuchcinski.pl\/en\/wp-json\/wp\/v2\/posts\/20948\/revisions"}],"predecessor-version":[{"id":20973,"href":"https:\/\/marekkuchcinski.pl\/en\/wp-json\/wp\/v2\/posts\/20948\/revisions\/20973"}],"wp:featuredmedia":[{"embeddable":true,"href":"https:\/\/marekkuchcinski.pl\/en\/wp-json\/wp\/v2\/media\/20966"}],"wp:attachment":[{"href":"https:\/\/marekkuchcinski.pl\/en\/wp-json\/wp\/v2\/media?parent=20948"}],"wp:term":[{"taxonomy":"category","embeddable":true,"href":"https:\/\/marekkuchcinski.pl\/en\/wp-json\/wp\/v2\/categories?post=20948"},{"taxonomy":"post_tag","embeddable":true,"href":"https:\/\/marekkuchcinski.pl\/en\/wp-json\/wp\/v2\/tags?post=20948"}],"curies":[{"name":"wp","href":"https:\/\/api.w.org\/{rel}","templated":true}]}}