{"id":20297,"date":"2020-12-04T14:25:22","date_gmt":"2020-12-04T13:25:22","guid":{"rendered":"https:\/\/marekkuchcinski.pl\/?p=20297"},"modified":"2021-01-16T15:55:17","modified_gmt":"2021-01-16T14:55:17","slug":"wiadomosci-z-europy-2","status":"publish","type":"post","link":"https:\/\/marekkuchcinski.pl\/en\/europa\/wiadomosci-z-europy-2\/","title":{"rendered":"News from Europe and the World"},"content":{"rendered":"<div class=\"wp-block-image\"><figure class=\"aligncenter size-large is-resized\"><a href=\"https:\/\/marekkuchcinski.pl\/wp-content\/uploads\/2020\/12\/AdobeStock_284128523_Editorial_Use_Only-scaled.jpeg\"><img fetchpriority=\"high\" decoding=\"async\" src=\"https:\/\/marekkuchcinski.pl\/wp-content\/uploads\/2020\/12\/AdobeStock_284128523_Editorial_Use_Only-1024x656.jpeg\" alt=\"\" class=\"wp-image-20787\" width=\"668\" height=\"427\" srcset=\"https:\/\/marekkuchcinski.pl\/wp-content\/uploads\/2020\/12\/AdobeStock_284128523_Editorial_Use_Only-1024x656.jpeg 1024w, https:\/\/marekkuchcinski.pl\/wp-content\/uploads\/2020\/12\/AdobeStock_284128523_Editorial_Use_Only-300x192.jpeg 300w, https:\/\/marekkuchcinski.pl\/wp-content\/uploads\/2020\/12\/AdobeStock_284128523_Editorial_Use_Only-768x492.jpeg 768w, https:\/\/marekkuchcinski.pl\/wp-content\/uploads\/2020\/12\/AdobeStock_284128523_Editorial_Use_Only-1536x984.jpeg 1536w, https:\/\/marekkuchcinski.pl\/wp-content\/uploads\/2020\/12\/AdobeStock_284128523_Editorial_Use_Only-scaled.jpeg 2048w, https:\/\/marekkuchcinski.pl\/wp-content\/uploads\/2020\/12\/AdobeStock_284128523_Editorial_Use_Only-16x10.jpeg 16w\" sizes=\"(max-width: 668px) 100vw, 668px\" \/><\/a><\/figure><\/div>\n\n\n\n<p><strong>EU<\/strong><\/p>\n\n\n\n<p><strong>Brussels:<\/strong> Austrian MEP Othmar Karas (EPP) has sent a letter to the group's leadership, signed by 30 of his party's 187 members, asking that Hungarian MEP Tamas Deutsch be excluded for comments he made about the EPP group's chairman over his stance on tying EU funds to the so-called rule of law.&nbsp;<\/p>\n\n\n\n<p><strong>Western Europe<\/strong><\/p>\n\n\n\n<p><strong>France:<\/strong> Former French President Valery Giscard d'Estaing died at COVID-19 at the age of 94.<\/p>\n\n\n\n<p>France has announced the loss of more than 35,000 jobs since September despite government stimulus packages, Le Monde newspaper reported Wednesday.<\/p>\n\n\n\n<p><strong>Germany:<\/strong>&nbsp; Current restrictions to prevent the spread of the pandemic have been extended until January 10.<\/p>\n\n\n\n<p>Portugal: \"Portugal refuses to reopen negotiations on the EU budget and reconstruction fund agreed by EU leaders in July,\" Prime Minister Antonio Costa said on Wednesday.<\/p>\n\n\n\n<p><strong>Visegrad Group<\/strong><\/p>\n\n\n\n<p><strong>Hungary:<\/strong> Prime Minister Viktor Orban has strongly condemned the behavior of former Fidesz MEP Jozsef Szajer, who was caught participating in a homosexual orgy in the center of Brussels.<\/p>\n\n\n\n<p><strong>Slovakia:<\/strong>&nbsp; Petra Vargova, a diplomat who currently works at the Slovak Ministry of Foreign Affairs and was previously Slovakia's deputy ambassador to the EU, will become the new chair of the EU's Permanent Representation from January 2021.<\/p>\n\n\n\n<p><strong>Balkans<\/strong><\/p>\n\n\n\n<p><strong>Slovenia:<\/strong> Foreign Minister Anze Logar has announced a visit to the United States during which he plans to meet with Secretary of State Mike Pompeo. The Slovenian government still has not congratulated Joe Biden on his victory in the presidential election.<\/p>\n\n\n\n<p><strong>Serbia:<\/strong> The EU will not open a new chapter in the accession negotiations with Serbia this year. International observers believe that Belgrade has not carried out the necessary reforms in the area of the rule of law in terms of the independence of the judiciary and freedom of speech.<\/p>\n\n\n\n<p><strong>Northern Europe<\/strong><\/p>\n\n\n\n<p><strong>Finland:<\/strong> The Populist Party of Finland has increased its support among voters by 1.4% since the beginning of November. It is now the most popular party in Finland with support of 20.9% of respondents.<\/p>","protected":false},"excerpt":{"rendered":"<p>EU Brussels: Austrian MEP Othmar Karas (EPP) has sent a letter to the group's leadership, signed by 30 of his party's 187 members, asking for the exclusion of Hungarian MEP Tamas Deutsch for his comments about the EPP group's chairman on his stance on tying EU funds to the so-called rule of law.  Western Europe France: Former French President Valery Giscard d'Estaing died of [...]<\/p>","protected":false},"author":17,"featured_media":20787,"comment_status":"open","ping_status":"open","sticky":false,"template":"","format":"standard","meta":{"ngg_post_thumbnail":0,"footnotes":""},"categories":[185],"tags":[],"class_list":["post-20297","post","type-post","status-publish","format-standard","has-post-thumbnail","hentry","category-europa"],"yoast_head":"<!-- This site is optimized with the Yoast SEO plugin v24.7 - https:\/\/yoast.com\/wordpress\/plugins\/seo\/ -->\n<title>Wiadomo\u015bci z Europy i \u015bwiata &#8211; Marek Kuchci\u0144ski<\/title>\n<meta name=\"robots\" content=\"index, follow, max-snippet:-1, max-image-preview:large, max-video-preview:-1\" \/>\n<link rel=\"canonical\" href=\"https:\/\/marekkuchcinski.pl\/en\/europa\/wiadomosci-z-europy-2\/\" \/>\n<meta property=\"og:locale\" content=\"en_GB\" \/>\n<meta property=\"og:type\" content=\"article\" \/>\n<meta property=\"og:title\" content=\"Wiadomo\u015bci z Europy i \u015bwiata &#8211; Marek Kuchci\u0144ski\" \/>\n<meta property=\"og:description\" content=\"UE Bruksela: Austriacki europose\u0142 Othmar Karas (EPP) wys\u0142a\u0142 list do kierownictwa grupy, podpisany przez 30 z 187 cz\u0142onk\u00f3w jego partii, prosz\u0105c o wykluczenie w\u0119gierskiego pos\u0142a Tamasa Deutscha za komentarze nt. przewodnicz\u0105cego grupy EPP w sprawie jego stanowiska o wi\u0105zania funduszy UE z tzw. praworz\u0105dno\u015bci\u0105.&nbsp; Europa Zachodnia Francja: By\u0142y prezydent Francji Valery Giscard d\u2019Estaing zmar\u0142 na [&hellip;]\" \/>\n<meta property=\"og:url\" content=\"https:\/\/marekkuchcinski.pl\/en\/europa\/wiadomosci-z-europy-2\/\" \/>\n<meta property=\"og:site_name\" content=\"Marek Kuchci\u0144ski\" \/>\n<meta property=\"article:published_time\" content=\"2020-12-04T13:25:22+00:00\" \/>\n<meta property=\"article:modified_time\" content=\"2021-01-16T14:55:17+00:00\" \/>\n<meta property=\"og:image\" content=\"https:\/\/marekkuchcinski.pl\/wp-content\/uploads\/2020\/12\/AdobeStock_284128523_Editorial_Use_Only-scaled.jpeg\" \/>\n\t<meta property=\"og:image:width\" content=\"2048\" \/>\n\t<meta property=\"og:image:height\" content=\"1312\" \/>\n\t<meta property=\"og:image:type\" content=\"image\/jpeg\" \/>\n<meta name=\"author\" content=\"Tomasz \u0141acina\" \/>\n<meta name=\"twitter:card\" content=\"summary_large_image\" \/>\n<meta name=\"twitter:label1\" content=\"Written by\" \/>\n\t<meta name=\"twitter:data1\" content=\"Tomasz \u0141acina\" \/>\n\t<meta name=\"twitter:label2\" content=\"Estimated reading time\" \/>\n\t<meta name=\"twitter:data2\" content=\"2 minutes\" \/>\n<script type=\"application\/ld+json\" class=\"yoast-schema-graph\">{\"@context\":\"https:\/\/schema.org\",\"@graph\":[{\"@type\":\"Article\",\"@id\":\"https:\/\/marekkuchcinski.pl\/sk\/europa\/wiadomosci-z-europy-2\/#article\",\"isPartOf\":{\"@id\":\"https:\/\/marekkuchcinski.pl\/sk\/europa\/wiadomosci-z-europy-2\/\"},\"author\":{\"name\":\"Tomasz \u0141acina\",\"@id\":\"https:\/\/marekkuchcinski.pl\/#\/schema\/person\/b8a29fe7813098f7be78801d029910a7\"},\"headline\":\"Wiadomo\u015bci z Europy i \u015bwiata\",\"datePublished\":\"2020-12-04T13:25:22+00:00\",\"dateModified\":\"2021-01-16T14:55:17+00:00\",\"mainEntityOfPage\":{\"@id\":\"https:\/\/marekkuchcinski.pl\/sk\/europa\/wiadomosci-z-europy-2\/\"},\"wordCount\":330,\"commentCount\":0,\"publisher\":{\"@id\":\"https:\/\/marekkuchcinski.pl\/#organization\"},\"image\":{\"@id\":\"https:\/\/marekkuchcinski.pl\/sk\/europa\/wiadomosci-z-europy-2\/#primaryimage\"},\"thumbnailUrl\":\"https:\/\/marekkuchcinski.pl\/wp-content\/uploads\/2020\/12\/AdobeStock_284128523_Editorial_Use_Only-scaled.jpeg\",\"articleSection\":[\"Wie\u015bci z Europy i \u015awiata\"],\"inLanguage\":\"en-GB\",\"potentialAction\":[{\"@type\":\"CommentAction\",\"name\":\"Comment\",\"target\":[\"https:\/\/marekkuchcinski.pl\/sk\/europa\/wiadomosci-z-europy-2\/#respond\"]}]},{\"@type\":\"WebPage\",\"@id\":\"https:\/\/marekkuchcinski.pl\/sk\/europa\/wiadomosci-z-europy-2\/\",\"url\":\"https:\/\/marekkuchcinski.pl\/sk\/europa\/wiadomosci-z-europy-2\/\",\"name\":\"Wiadomo\u015bci z Europy i \u015bwiata &#8211; Marek Kuchci\u0144ski\",\"isPartOf\":{\"@id\":\"https:\/\/marekkuchcinski.pl\/#website\"},\"primaryImageOfPage\":{\"@id\":\"https:\/\/marekkuchcinski.pl\/sk\/europa\/wiadomosci-z-europy-2\/#primaryimage\"},\"image\":{\"@id\":\"https:\/\/marekkuchcinski.pl\/sk\/europa\/wiadomosci-z-europy-2\/#primaryimage\"},\"thumbnailUrl\":\"https:\/\/marekkuchcinski.pl\/wp-content\/uploads\/2020\/12\/AdobeStock_284128523_Editorial_Use_Only-scaled.jpeg\",\"datePublished\":\"2020-12-04T13:25:22+00:00\",\"dateModified\":\"2021-01-16T14:55:17+00:00\",\"breadcrumb\":{\"@id\":\"https:\/\/marekkuchcinski.pl\/sk\/europa\/wiadomosci-z-europy-2\/#breadcrumb\"},\"inLanguage\":\"en-GB\",\"potentialAction\":[{\"@type\":\"ReadAction\",\"target\":[\"https:\/\/marekkuchcinski.pl\/sk\/europa\/wiadomosci-z-europy-2\/\"]}]},{\"@type\":\"ImageObject\",\"inLanguage\":\"en-GB\",\"@id\":\"https:\/\/marekkuchcinski.pl\/sk\/europa\/wiadomosci-z-europy-2\/#primaryimage\",\"url\":\"https:\/\/marekkuchcinski.pl\/wp-content\/uploads\/2020\/12\/AdobeStock_284128523_Editorial_Use_Only-scaled.jpeg\",\"contentUrl\":\"https:\/\/marekkuchcinski.pl\/wp-content\/uploads\/2020\/12\/AdobeStock_284128523_Editorial_Use_Only-scaled.jpeg\",\"width\":2048,\"height\":1312},{\"@type\":\"BreadcrumbList\",\"@id\":\"https:\/\/marekkuchcinski.pl\/sk\/europa\/wiadomosci-z-europy-2\/#breadcrumb\",\"itemListElement\":[{\"@type\":\"ListItem\",\"position\":1,\"name\":\"Strona g\u0142\u00f3wna\",\"item\":\"https:\/\/marekkuchcinski.pl\/\"},{\"@type\":\"ListItem\",\"position\":2,\"name\":\"Wiadomo\u015bci z Europy i \u015bwiata\"}]},{\"@type\":\"WebSite\",\"@id\":\"https:\/\/marekkuchcinski.pl\/#website\",\"url\":\"https:\/\/marekkuchcinski.pl\/\",\"name\":\"Marek Kuchci\u0144ski\",\"description\":\"Pose\u0142 na sejm RP &ndash; okr\u0119g nr 22\",\"publisher\":{\"@id\":\"https:\/\/marekkuchcinski.pl\/#organization\"},\"potentialAction\":[{\"@type\":\"SearchAction\",\"target\":{\"@type\":\"EntryPoint\",\"urlTemplate\":\"https:\/\/marekkuchcinski.pl\/?s={search_term_string}\"},\"query-input\":{\"@type\":\"PropertyValueSpecification\",\"valueRequired\":true,\"valueName\":\"search_term_string\"}}],\"inLanguage\":\"en-GB\"},{\"@type\":\"Organization\",\"@id\":\"https:\/\/marekkuchcinski.pl\/#organization\",\"name\":\"Marek Kuchci\u0144ski\",\"url\":\"https:\/\/marekkuchcinski.pl\/\",\"logo\":{\"@type\":\"ImageObject\",\"inLanguage\":\"en-GB\",\"@id\":\"https:\/\/marekkuchcinski.pl\/#\/schema\/logo\/image\/\",\"url\":\"https:\/\/marekkuchcinski.pl\/wp-content\/uploads\/2022\/09\/Marek.jpg\",\"contentUrl\":\"https:\/\/marekkuchcinski.pl\/wp-content\/uploads\/2022\/09\/Marek.jpg\",\"width\":1600,\"height\":971,\"caption\":\"Marek Kuchci\u0144ski\"},\"image\":{\"@id\":\"https:\/\/marekkuchcinski.pl\/#\/schema\/logo\/image\/\"}},{\"@type\":\"Person\",\"@id\":\"https:\/\/marekkuchcinski.pl\/#\/schema\/person\/b8a29fe7813098f7be78801d029910a7\",\"name\":\"Tomasz \u0141acina\",\"image\":{\"@type\":\"ImageObject\",\"inLanguage\":\"en-GB\",\"@id\":\"https:\/\/marekkuchcinski.pl\/#\/schema\/person\/image\/\",\"url\":\"https:\/\/secure.gravatar.com\/avatar\/22e75f6c51aff77a676ed77dd222f852?s=96&d=mm&r=g\",\"contentUrl\":\"https:\/\/secure.gravatar.com\/avatar\/22e75f6c51aff77a676ed77dd222f852?s=96&d=mm&r=g\",\"caption\":\"Tomasz \u0141acina\"},\"url\":\"https:\/\/marekkuchcinski.pl\/en\/author\/tomek-lacina\/\"}]}<\/script>\n<!-- \/ Yoast SEO plugin. -->","yoast_head_json":{"title":"Wiadomo\u015bci z Europy i \u015bwiata &#8211; Marek Kuchci\u0144ski","robots":{"index":"index","follow":"follow","max-snippet":"max-snippet:-1","max-image-preview":"max-image-preview:large","max-video-preview":"max-video-preview:-1"},"canonical":"https:\/\/marekkuchcinski.pl\/en\/europa\/wiadomosci-z-europy-2\/","og_locale":"en_GB","og_type":"article","og_title":"Wiadomo\u015bci z Europy i \u015bwiata &#8211; Marek Kuchci\u0144ski","og_description":"UE Bruksela: Austriacki europose\u0142 Othmar Karas (EPP) wys\u0142a\u0142 list do kierownictwa grupy, podpisany przez 30 z 187 cz\u0142onk\u00f3w jego partii, prosz\u0105c o wykluczenie w\u0119gierskiego pos\u0142a Tamasa Deutscha za komentarze nt. przewodnicz\u0105cego grupy EPP w sprawie jego stanowiska o wi\u0105zania funduszy UE z tzw. praworz\u0105dno\u015bci\u0105.&nbsp; Europa Zachodnia Francja: By\u0142y prezydent Francji Valery Giscard d\u2019Estaing zmar\u0142 na [&hellip;]","og_url":"https:\/\/marekkuchcinski.pl\/en\/europa\/wiadomosci-z-europy-2\/","og_site_name":"Marek Kuchci\u0144ski","article_published_time":"2020-12-04T13:25:22+00:00","article_modified_time":"2021-01-16T14:55:17+00:00","og_image":[{"width":2048,"height":1312,"url":"https:\/\/marekkuchcinski.pl\/wp-content\/uploads\/2020\/12\/AdobeStock_284128523_Editorial_Use_Only-scaled.jpeg","type":"image\/jpeg"}],"author":"Tomasz \u0141acina","twitter_card":"summary_large_image","twitter_misc":{"Written by":"Tomasz \u0141acina","Estimated reading time":"2 minutes"},"schema":{"@context":"https:\/\/schema.org","@graph":[{"@type":"Article","@id":"https:\/\/marekkuchcinski.pl\/sk\/europa\/wiadomosci-z-europy-2\/#article","isPartOf":{"@id":"https:\/\/marekkuchcinski.pl\/sk\/europa\/wiadomosci-z-europy-2\/"},"author":{"name":"Tomasz \u0141acina","@id":"https:\/\/marekkuchcinski.pl\/#\/schema\/person\/b8a29fe7813098f7be78801d029910a7"},"headline":"Wiadomo\u015bci z Europy i \u015bwiata","datePublished":"2020-12-04T13:25:22+00:00","dateModified":"2021-01-16T14:55:17+00:00","mainEntityOfPage":{"@id":"https:\/\/marekkuchcinski.pl\/sk\/europa\/wiadomosci-z-europy-2\/"},"wordCount":330,"commentCount":0,"publisher":{"@id":"https:\/\/marekkuchcinski.pl\/#organization"},"image":{"@id":"https:\/\/marekkuchcinski.pl\/sk\/europa\/wiadomosci-z-europy-2\/#primaryimage"},"thumbnailUrl":"https:\/\/marekkuchcinski.pl\/wp-content\/uploads\/2020\/12\/AdobeStock_284128523_Editorial_Use_Only-scaled.jpeg","articleSection":["Wie\u015bci z Europy i \u015awiata"],"inLanguage":"en-GB","potentialAction":[{"@type":"CommentAction","name":"Comment","target":["https:\/\/marekkuchcinski.pl\/sk\/europa\/wiadomosci-z-europy-2\/#respond"]}]},{"@type":"WebPage","@id":"https:\/\/marekkuchcinski.pl\/sk\/europa\/wiadomosci-z-europy-2\/","url":"https:\/\/marekkuchcinski.pl\/sk\/europa\/wiadomosci-z-europy-2\/","name":"Wiadomo\u015bci z Europy i \u015bwiata &#8211; Marek Kuchci\u0144ski","isPartOf":{"@id":"https:\/\/marekkuchcinski.pl\/#website"},"primaryImageOfPage":{"@id":"https:\/\/marekkuchcinski.pl\/sk\/europa\/wiadomosci-z-europy-2\/#primaryimage"},"image":{"@id":"https:\/\/marekkuchcinski.pl\/sk\/europa\/wiadomosci-z-europy-2\/#primaryimage"},"thumbnailUrl":"https:\/\/marekkuchcinski.pl\/wp-content\/uploads\/2020\/12\/AdobeStock_284128523_Editorial_Use_Only-scaled.jpeg","datePublished":"2020-12-04T13:25:22+00:00","dateModified":"2021-01-16T14:55:17+00:00","breadcrumb":{"@id":"https:\/\/marekkuchcinski.pl\/sk\/europa\/wiadomosci-z-europy-2\/#breadcrumb"},"inLanguage":"en-GB","potentialAction":[{"@type":"ReadAction","target":["https:\/\/marekkuchcinski.pl\/sk\/europa\/wiadomosci-z-europy-2\/"]}]},{"@type":"ImageObject","inLanguage":"en-GB","@id":"https:\/\/marekkuchcinski.pl\/sk\/europa\/wiadomosci-z-europy-2\/#primaryimage","url":"https:\/\/marekkuchcinski.pl\/wp-content\/uploads\/2020\/12\/AdobeStock_284128523_Editorial_Use_Only-scaled.jpeg","contentUrl":"https:\/\/marekkuchcinski.pl\/wp-content\/uploads\/2020\/12\/AdobeStock_284128523_Editorial_Use_Only-scaled.jpeg","width":2048,"height":1312},{"@type":"BreadcrumbList","@id":"https:\/\/marekkuchcinski.pl\/sk\/europa\/wiadomosci-z-europy-2\/#breadcrumb","itemListElement":[{"@type":"ListItem","position":1,"name":"Strona g\u0142\u00f3wna","item":"https:\/\/marekkuchcinski.pl\/"},{"@type":"ListItem","position":2,"name":"Wiadomo\u015bci z Europy i \u015bwiata"}]},{"@type":"WebSite","@id":"https:\/\/marekkuchcinski.pl\/#website","url":"https:\/\/marekkuchcinski.pl\/","name":"Marek Kuchci\u0144ski","description":"Pose\u0142 na sejm RP &ndash; okr\u0119g nr 22","publisher":{"@id":"https:\/\/marekkuchcinski.pl\/#organization"},"potentialAction":[{"@type":"SearchAction","target":{"@type":"EntryPoint","urlTemplate":"https:\/\/marekkuchcinski.pl\/?s={search_term_string}"},"query-input":{"@type":"PropertyValueSpecification","valueRequired":true,"valueName":"search_term_string"}}],"inLanguage":"en-GB"},{"@type":"Organization","@id":"https:\/\/marekkuchcinski.pl\/#organization","name":"Marek Kuchci\u0144ski","url":"https:\/\/marekkuchcinski.pl\/","logo":{"@type":"ImageObject","inLanguage":"en-GB","@id":"https:\/\/marekkuchcinski.pl\/#\/schema\/logo\/image\/","url":"https:\/\/marekkuchcinski.pl\/wp-content\/uploads\/2022\/09\/Marek.jpg","contentUrl":"https:\/\/marekkuchcinski.pl\/wp-content\/uploads\/2022\/09\/Marek.jpg","width":1600,"height":971,"caption":"Marek Kuchci\u0144ski"},"image":{"@id":"https:\/\/marekkuchcinski.pl\/#\/schema\/logo\/image\/"}},{"@type":"Person","@id":"https:\/\/marekkuchcinski.pl\/#\/schema\/person\/b8a29fe7813098f7be78801d029910a7","name":"Tomasz \u0141acina","image":{"@type":"ImageObject","inLanguage":"en-GB","@id":"https:\/\/marekkuchcinski.pl\/#\/schema\/person\/image\/","url":"https:\/\/secure.gravatar.com\/avatar\/22e75f6c51aff77a676ed77dd222f852?s=96&d=mm&r=g","contentUrl":"https:\/\/secure.gravatar.com\/avatar\/22e75f6c51aff77a676ed77dd222f852?s=96&d=mm&r=g","caption":"Tomasz \u0141acina"},"url":"https:\/\/marekkuchcinski.pl\/en\/author\/tomek-lacina\/"}]}},"_links":{"self":[{"href":"https:\/\/marekkuchcinski.pl\/en\/wp-json\/wp\/v2\/posts\/20297","targetHints":{"allow":["GET"]}}],"collection":[{"href":"https:\/\/marekkuchcinski.pl\/en\/wp-json\/wp\/v2\/posts"}],"about":[{"href":"https:\/\/marekkuchcinski.pl\/en\/wp-json\/wp\/v2\/types\/post"}],"author":[{"embeddable":true,"href":"https:\/\/marekkuchcinski.pl\/en\/wp-json\/wp\/v2\/users\/17"}],"replies":[{"embeddable":true,"href":"https:\/\/marekkuchcinski.pl\/en\/wp-json\/wp\/v2\/comments?post=20297"}],"version-history":[{"count":3,"href":"https:\/\/marekkuchcinski.pl\/en\/wp-json\/wp\/v2\/posts\/20297\/revisions"}],"predecessor-version":[{"id":21422,"href":"https:\/\/marekkuchcinski.pl\/en\/wp-json\/wp\/v2\/posts\/20297\/revisions\/21422"}],"wp:featuredmedia":[{"embeddable":true,"href":"https:\/\/marekkuchcinski.pl\/en\/wp-json\/wp\/v2\/media\/20787"}],"wp:attachment":[{"href":"https:\/\/marekkuchcinski.pl\/en\/wp-json\/wp\/v2\/media?parent=20297"}],"wp:term":[{"taxonomy":"category","embeddable":true,"href":"https:\/\/marekkuchcinski.pl\/en\/wp-json\/wp\/v2\/categories?post=20297"},{"taxonomy":"post_tag","embeddable":true,"href":"https:\/\/marekkuchcinski.pl\/en\/wp-json\/wp\/v2\/tags?post=20297"}],"curies":[{"name":"wp","href":"https:\/\/api.w.org\/{rel}","templated":true}]}}