{"id":20256,"date":"2020-11-20T00:46:29","date_gmt":"2020-11-19T23:46:29","guid":{"rendered":"https:\/\/marekkuchcinski.pl\/?p=20256"},"modified":"2020-11-20T11:29:35","modified_gmt":"2020-11-20T10:29:35","slug":"sejm-i-rzad-podtrzymuje-stanowisko-ws-weta-do-unijnego-budzetu-przepisy-sa-niezgodne-z-unijnymi-traktatami","status":"publish","type":"post","link":"https:\/\/marekkuchcinski.pl\/en\/wydarzenia\/sejm-i-rzad-podtrzymuje-stanowisko-ws-weta-do-unijnego-budzetu-przepisy-sa-niezgodne-z-unijnymi-traktatami\/","title":{"rendered":"Sejm i rz\u0105d podtrzymuje stanowisko ws. weta do unijnego bud\u017cetu: Przepisy s\u0105 niezgodne z traktatami"},"content":{"rendered":"<p class=\"wp-block-paragraph\">\u2013 Walczymy o Polsk\u0119 i przysz\u0142o\u015b\u0107 Unii Europejskiej, o dobry bud\u017cet, o program odbudowy, o zasady i warto\u015bci. To nasza propozycja, kt\u00f3r\u0105 kierujemy do UE i ca\u0142ego polskiego spo\u0142ecze\u0144stwa. Mogli\u015bmy i\u015b\u0107 \u0142atwiejsz\u0105 drog\u0105, ale p\u0142yniemy teraz pod pr\u0105d mainstreamu Brukseli \u2013 m\u00f3wi\u0142 w \u015brod\u0119 w Sejmie premier Mateusz Morawiecki.<\/p>\n\n\n\n<p class=\"wp-block-paragraph\">Polska i W\u0119gry nie godz\u0105 si\u0119 na wypracowane na pocz\u0105tku listopada mi\u0119dzy prezydencj\u0105 niemieck\u0105 a Parlamentem Europejskim porozumienie w sprawie mechanizmu powi\u0105zania dost\u0119pu do \u015brodk\u00f3w unijnych z praworz\u0105dno\u015bci\u0105. Szef rz\u0105du przekonywa\u0142, \u017ce Europa jest wielka, gdy jest Europ\u0105 ojczyzn. Kiedy potrafi dba\u0107 o warto\u015bci transatlantyckie, budowa\u0107 wsp\u00f3lny rynek &#8211; to jest Europa, kt\u00f3r\u0105 tworzyli jej chrze\u015bcija\u0144scy ojcowie za\u0142o\u017cyciele. Unia Europejska to r\u00f3wno\u015b\u0107 pa\u0144stw wobec prawa, warto\u015bci przestrzegania traktat\u00f3w &#8211; a nie tworzenie rozporz\u0105dze\u0144, kt\u00f3re obchodz\u0105 traktaty! Nie mo\u017ce by\u0107 uni\u0105 podw\u00f3jnych standard\u00f3w, uni\u0105 r\u00f3wnych i r\u00f3wniejszych!<\/p>\n\n\n\n<p class=\"wp-block-paragraph\">\u2013 Dzi\u015b stoimy przed fundamentalnym wyborem: czy b\u0119dziemy broni\u0107 prawdziwych warto\u015bci europejskich, kt\u00f3re stoj\u0105 u podstaw jej istnienia \u2013 m\u00f3wi\u0142 Morawiecki.<\/p>\n\n\n\n<p class=\"wp-block-paragraph\">Podczas czwartkowego posiedzenia Rady Europejskiej premier podtrzyma\u0142 negatywne stanowisko Polski w zakresie wprowadzania arbitralnych i nieobiektywnych kryteri\u00f3w warunkuj\u0105cych wydatkowanie \u015brodk\u00f3w bud\u017cetowych.<\/p>\n\n\n\n<p class=\"wp-block-paragraph\">Tego samego dnia Sejm przyj\u0105\u0142 uchwa\u0142\u0119 wspieraj\u0105c\u0105 polskie weto do bud\u017cetu Unii. Wezwa\u0142 w niej rz\u0105dy wszystkich pa\u0144stw cz\u0142onkowskich Unii Europejskiej oraz organy UE do powrotu do rozm\u00f3w i osi\u0105gni\u0119cia porozumienia zgodnie z unijnymi Traktatami i Konkluzjami Rady Europejskiej.<\/p>\n\n\n\n<p class=\"wp-block-paragraph\">Prawo i Sprawiedliwo\u015b\u0107 od lat konsekwentnie d\u0105\u017cy do zr\u00f3wnania polskich szans w Unii. Ju\u017c &nbsp;w 2016 roku w Luksemburgu na spotkaniu szef\u00f3w parlament\u00f3w UE&nbsp;marsza\u0142ek Sejmu Marek Kuchci\u0144ski przedstawi\u0142 projekt Europy Solidarnych Pa\u0144stw \u2013 koncepcji UE jako organizacji suwerennych pa\u0144stw narodowych.<\/p>\n\n\n\n<p class=\"wp-block-paragraph\">W styczniu 2018 roku przekonywa\u0142, \u017ce silniejsza Europa jest nam wszystkim potrzebna. T\u0119 si\u0142\u0119 powinni\u015bmy czerpa\u0107 jednak ze zdrowych relacji mi\u0119dzypa\u0144stwowych, poszanowania dla r\u00f3\u017cnic narodowo\u015bciowych, odmienno\u015bci kulturowych i odr\u0119bno\u015bci politycznej. Nie stany, a silne pa\u0144stwa, narody, mog\u0105 budowa\u0107 konkurencyjn\u0105, bezpieczn\u0105 i m\u0105dr\u0105 Uni\u0119 Europejsk\u0105.<\/p>\n\n\n\n<p class=\"wp-block-paragraph\">Na kwesti\u0119 nier\u00f3wnego traktowania pa\u0144stw cz\u0142onkowskich oraz bezzasadne zarzuty stawiane Polsce o nieprzestrzeganie rz\u0105d\u00f3w prawa Marek Kuchci\u0144ski zwraca\u0142 uwag\u0119 tak\u017ce w kwietniu 2019 roku. Podczas Konferencji Przewodnicz\u0105cych Parlament\u00f3w UE w Wiedniu m\u00f3wi\u0142, \u017ce niepokoi w Unii zanik funkcjonowania prawa. Mamy bowiem do czynienia z nier\u00f3wnym traktowaniem pa\u0144stw cz\u0142onkowskich.&nbsp; Podstaw\u0105 Unii s\u0105 traktaty i zasada pomocniczo\u015bci. Traktaty okre\u015blaj\u0105 kompetencje pa\u0144stw oraz instytucji unijnych, a ta granica jest ze strony UE naruszana i jest to problem. Dzisiaj obserwujemy odmienne traktowanie pa\u0144stw, kt\u00f3re przyst\u0105pi\u0142y do UE w 2004 roku i p\u00f3\u017aniej, od tzw. starych pa\u0144stw cz\u0142onkowskich. Przyk\u0142adem jest s\u0105downictwo, kt\u00f3rego organizacja jest \u2013 wg traktatu lizbo\u0144skiego \u2013 wewn\u0119trzn\u0105 kompetencj\u0105 pa\u0144stw cz\u0142onkowskich. Je\u015bli jaka\u015b instytucja s\u0105dowa istnieje w jednym pa\u0144stwie, to w innym te\u017c ma prawo by\u0107 i dzia\u0142a\u0107 na podobnych zasadach.<\/p>\n\n\n\n<p class=\"wp-block-paragraph\">\u2013 Polacy chcieli tej reformy, bo w polskich s\u0105dach narasta\u0142y od lat patologie z uwagi na brak faktycznej r\u00f3wnowagi w\u0142adz i nast\u0119pstwa totalitaryzmu. Nie mo\u017ce dobrze funkcjonowa\u0107 pa\u0144stwo demokratyczne z wadliwie skonstruowanym wymiarem sprawiedliwo\u015bci \u2013 przekonywa\u0142 Marek Kuchci\u0144ski.<\/p>\n\n\n\n<p class=\"wp-block-paragraph\"><em>mo<\/em><\/p>\n\n\n\n<figure class=\"wp-block-image size-large\"><a href=\"https:\/\/marekkuchcinski.pl\/wp-content\/uploads\/2020\/11\/Weto-glos.-scaled.jpg\"><img fetchpriority=\"high\" decoding=\"async\" width=\"1024\" height=\"682\" src=\"https:\/\/marekkuchcinski.pl\/wp-content\/uploads\/2020\/11\/Weto-glos.-1024x682.jpg\" alt=\"\" class=\"wp-image-20259\" srcset=\"https:\/\/marekkuchcinski.pl\/wp-content\/uploads\/2020\/11\/Weto-glos.-1024x682.jpg 1024w, https:\/\/marekkuchcinski.pl\/wp-content\/uploads\/2020\/11\/Weto-glos.-300x200.jpg 300w, https:\/\/marekkuchcinski.pl\/wp-content\/uploads\/2020\/11\/Weto-glos.-768x511.jpg 768w, https:\/\/marekkuchcinski.pl\/wp-content\/uploads\/2020\/11\/Weto-glos.-1536x1022.jpg 1536w, https:\/\/marekkuchcinski.pl\/wp-content\/uploads\/2020\/11\/Weto-glos.-scaled.jpg 2048w\" sizes=\"(max-width: 1024px) 100vw, 1024px\" \/><\/a><figcaption><em>mo<\/em><\/figcaption><\/figure>\n\n\n\n<figure class=\"wp-block-image size-large\"><a href=\"https:\/\/marekkuchcinski.pl\/wp-content\/uploads\/2020\/11\/Mk-20.-scaled.jpg\"><img decoding=\"async\" width=\"1024\" height=\"681\" src=\"https:\/\/marekkuchcinski.pl\/wp-content\/uploads\/2020\/11\/Mk-20.-1024x681.jpg\" alt=\"\" class=\"wp-image-20261\" srcset=\"https:\/\/marekkuchcinski.pl\/wp-content\/uploads\/2020\/11\/Mk-20.-1024x681.jpg 1024w, https:\/\/marekkuchcinski.pl\/wp-content\/uploads\/2020\/11\/Mk-20.-300x200.jpg 300w, https:\/\/marekkuchcinski.pl\/wp-content\/uploads\/2020\/11\/Mk-20.-768x511.jpg 768w, https:\/\/marekkuchcinski.pl\/wp-content\/uploads\/2020\/11\/Mk-20.-1536x1022.jpg 1536w, https:\/\/marekkuchcinski.pl\/wp-content\/uploads\/2020\/11\/Mk-20.-scaled.jpg 2048w\" sizes=\"(max-width: 1024px) 100vw, 1024px\" \/><\/a><figcaption><em>mo<\/em><\/figcaption><\/figure>","protected":false},"excerpt":{"rendered":"<p>\u2013 Walczymy o Polsk\u0119 i przysz\u0142o\u015b\u0107 Unii Europejskiej, o dobry bud\u017cet, o program odbudowy, o zasady i warto\u015bci. To nasza propozycja, kt\u00f3r\u0105 kierujemy do UE i ca\u0142ego polskiego spo\u0142ecze\u0144stwa. Mogli\u015bmy i\u015b\u0107 \u0142atwiejsz\u0105 drog\u0105, ale p\u0142yniemy teraz pod pr\u0105d mainstreamu Brukseli \u2013 m\u00f3wi\u0142 w \u015brod\u0119 w Sejmie premier Mateusz Morawiecki. Polska i W\u0119gry nie godz\u0105 si\u0119 [&hellip;]<\/p>\n","protected":false},"author":3,"featured_media":20259,"comment_status":"open","ping_status":"open","sticky":false,"template":"","format":"standard","meta":{"ngg_post_thumbnail":0,"footnotes":""},"categories":[81,50,3],"tags":[],"class_list":["post-20256","post","type-post","status-publish","format-standard","has-post-thumbnail","hentry","category-wiesci-z-sejmu","category-wspolpraca-miedzynarodowa","category-wydarzenia"],"yoast_head":"<!-- This site is optimized with the Yoast SEO plugin v28.4 - https:\/\/yoast.com\/product\/yoast-seo-wordpress\/ -->\n<title>Sejm i rz\u0105d podtrzymuje stanowisko ws. weta do unijnego bud\u017cetu: Przepisy s\u0105 niezgodne z traktatami &#8211; Marek Kuchci\u0144ski<\/title>\n<meta name=\"robots\" content=\"index, follow, max-snippet:-1, max-image-preview:large, max-video-preview:-1\" \/>\n<link rel=\"canonical\" href=\"https:\/\/marekkuchcinski.pl\/en\/wydarzenia\/sejm-i-rzad-podtrzymuje-stanowisko-ws-weta-do-unijnego-budzetu-przepisy-sa-niezgodne-z-unijnymi-traktatami\/\" \/>\n<meta property=\"og:locale\" content=\"en_GB\" \/>\n<meta property=\"og:type\" content=\"article\" \/>\n<meta property=\"og:title\" content=\"Sejm i rz\u0105d podtrzymuje stanowisko ws. weta do unijnego bud\u017cetu: Przepisy s\u0105 niezgodne z traktatami &#8211; Marek Kuchci\u0144ski\" \/>\n<meta property=\"og:description\" content=\"\u2013 Walczymy o Polsk\u0119 i przysz\u0142o\u015b\u0107 Unii Europejskiej, o dobry bud\u017cet, o program odbudowy, o zasady i warto\u015bci. To nasza propozycja, kt\u00f3r\u0105 kierujemy do UE i ca\u0142ego polskiego spo\u0142ecze\u0144stwa. Mogli\u015bmy i\u015b\u0107 \u0142atwiejsz\u0105 drog\u0105, ale p\u0142yniemy teraz pod pr\u0105d mainstreamu Brukseli \u2013 m\u00f3wi\u0142 w \u015brod\u0119 w Sejmie premier Mateusz Morawiecki. Polska i W\u0119gry nie godz\u0105 si\u0119 [&hellip;]\" \/>\n<meta property=\"og:url\" content=\"https:\/\/marekkuchcinski.pl\/en\/wydarzenia\/sejm-i-rzad-podtrzymuje-stanowisko-ws-weta-do-unijnego-budzetu-przepisy-sa-niezgodne-z-unijnymi-traktatami\/\" \/>\n<meta property=\"og:site_name\" content=\"Marek Kuchci\u0144ski\" \/>\n<meta property=\"article:published_time\" content=\"2020-11-19T23:46:29+00:00\" \/>\n<meta property=\"article:modified_time\" content=\"2020-11-20T10:29:35+00:00\" \/>\n<meta property=\"og:image\" content=\"https:\/\/marekkuchcinski.pl\/wp-content\/uploads\/2020\/11\/Weto-glos.-scaled.jpg\" \/>\n\t<meta property=\"og:image:width\" content=\"2048\" \/>\n\t<meta property=\"og:image:height\" content=\"1363\" \/>\n\t<meta property=\"og:image:type\" content=\"image\/jpeg\" \/>\n<meta name=\"author\" content=\"Marta Olejnik\" \/>\n<meta name=\"twitter:card\" content=\"summary_large_image\" \/>\n<meta name=\"twitter:label1\" content=\"Written by\" \/>\n\t<meta name=\"twitter:data1\" content=\"Marta Olejnik\" \/>\n\t<meta name=\"twitter:label2\" content=\"Est. reading time\" \/>\n\t<meta name=\"twitter:data2\" content=\"3 minutes\" \/>\n<script type=\"application\/ld+json\" class=\"yoast-schema-graph\">{\"@context\":\"https:\\\/\\\/schema.org\",\"@graph\":[{\"@type\":\"Article\",\"@id\":\"https:\\\/\\\/marekkuchcinski.pl\\\/wydarzenia\\\/sejm-i-rzad-podtrzymuje-stanowisko-ws-weta-do-unijnego-budzetu-przepisy-sa-niezgodne-z-unijnymi-traktatami\\\/#article\",\"isPartOf\":{\"@id\":\"https:\\\/\\\/marekkuchcinski.pl\\\/wydarzenia\\\/sejm-i-rzad-podtrzymuje-stanowisko-ws-weta-do-unijnego-budzetu-przepisy-sa-niezgodne-z-unijnymi-traktatami\\\/\"},\"author\":{\"name\":\"Marta Olejnik\",\"@id\":\"https:\\\/\\\/marekkuchcinski.pl\\\/#\\\/schema\\\/person\\\/bd3f15dee67fee76e83c8350d0154101\"},\"headline\":\"Sejm i rz\u0105d podtrzymuje stanowisko ws. weta do unijnego bud\u017cetu: Przepisy s\u0105 niezgodne z traktatami\",\"datePublished\":\"2020-11-19T23:46:29+00:00\",\"dateModified\":\"2020-11-20T10:29:35+00:00\",\"mainEntityOfPage\":{\"@id\":\"https:\\\/\\\/marekkuchcinski.pl\\\/wydarzenia\\\/sejm-i-rzad-podtrzymuje-stanowisko-ws-weta-do-unijnego-budzetu-przepisy-sa-niezgodne-z-unijnymi-traktatami\\\/\"},\"wordCount\":592,\"commentCount\":0,\"publisher\":{\"@id\":\"https:\\\/\\\/marekkuchcinski.pl\\\/#organization\"},\"image\":{\"@id\":\"https:\\\/\\\/marekkuchcinski.pl\\\/wydarzenia\\\/sejm-i-rzad-podtrzymuje-stanowisko-ws-weta-do-unijnego-budzetu-przepisy-sa-niezgodne-z-unijnymi-traktatami\\\/#primaryimage\"},\"thumbnailUrl\":\"https:\\\/\\\/marekkuchcinski.pl\\\/wp-content\\\/uploads\\\/2020\\\/11\\\/Weto-glos.-scaled.jpg\",\"articleSection\":[\"Wie\u015bci z Sejmu\",\"Wsp\u00f3\u0142praca mi\u0119dzynarodowa\",\"Wydarzenia\"],\"inLanguage\":\"en-GB\",\"potentialAction\":[{\"@type\":\"CommentAction\",\"name\":\"Comment\",\"target\":[\"https:\\\/\\\/marekkuchcinski.pl\\\/wydarzenia\\\/sejm-i-rzad-podtrzymuje-stanowisko-ws-weta-do-unijnego-budzetu-przepisy-sa-niezgodne-z-unijnymi-traktatami\\\/#respond\"]}]},{\"@type\":\"WebPage\",\"@id\":\"https:\\\/\\\/marekkuchcinski.pl\\\/wydarzenia\\\/sejm-i-rzad-podtrzymuje-stanowisko-ws-weta-do-unijnego-budzetu-przepisy-sa-niezgodne-z-unijnymi-traktatami\\\/\",\"url\":\"https:\\\/\\\/marekkuchcinski.pl\\\/wydarzenia\\\/sejm-i-rzad-podtrzymuje-stanowisko-ws-weta-do-unijnego-budzetu-przepisy-sa-niezgodne-z-unijnymi-traktatami\\\/\",\"name\":\"Sejm i rz\u0105d podtrzymuje stanowisko ws. weta do unijnego bud\u017cetu: Przepisy s\u0105 niezgodne z traktatami &#8211; Marek Kuchci\u0144ski\",\"isPartOf\":{\"@id\":\"https:\\\/\\\/marekkuchcinski.pl\\\/#website\"},\"primaryImageOfPage\":{\"@id\":\"https:\\\/\\\/marekkuchcinski.pl\\\/wydarzenia\\\/sejm-i-rzad-podtrzymuje-stanowisko-ws-weta-do-unijnego-budzetu-przepisy-sa-niezgodne-z-unijnymi-traktatami\\\/#primaryimage\"},\"image\":{\"@id\":\"https:\\\/\\\/marekkuchcinski.pl\\\/wydarzenia\\\/sejm-i-rzad-podtrzymuje-stanowisko-ws-weta-do-unijnego-budzetu-przepisy-sa-niezgodne-z-unijnymi-traktatami\\\/#primaryimage\"},\"thumbnailUrl\":\"https:\\\/\\\/marekkuchcinski.pl\\\/wp-content\\\/uploads\\\/2020\\\/11\\\/Weto-glos.-scaled.jpg\",\"datePublished\":\"2020-11-19T23:46:29+00:00\",\"dateModified\":\"2020-11-20T10:29:35+00:00\",\"breadcrumb\":{\"@id\":\"https:\\\/\\\/marekkuchcinski.pl\\\/wydarzenia\\\/sejm-i-rzad-podtrzymuje-stanowisko-ws-weta-do-unijnego-budzetu-przepisy-sa-niezgodne-z-unijnymi-traktatami\\\/#breadcrumb\"},\"inLanguage\":\"en-GB\",\"potentialAction\":[{\"@type\":\"ReadAction\",\"target\":[\"https:\\\/\\\/marekkuchcinski.pl\\\/wydarzenia\\\/sejm-i-rzad-podtrzymuje-stanowisko-ws-weta-do-unijnego-budzetu-przepisy-sa-niezgodne-z-unijnymi-traktatami\\\/\"]}]},{\"@type\":\"ImageObject\",\"inLanguage\":\"en-GB\",\"@id\":\"https:\\\/\\\/marekkuchcinski.pl\\\/wydarzenia\\\/sejm-i-rzad-podtrzymuje-stanowisko-ws-weta-do-unijnego-budzetu-przepisy-sa-niezgodne-z-unijnymi-traktatami\\\/#primaryimage\",\"url\":\"https:\\\/\\\/marekkuchcinski.pl\\\/wp-content\\\/uploads\\\/2020\\\/11\\\/Weto-glos.-scaled.jpg\",\"contentUrl\":\"https:\\\/\\\/marekkuchcinski.pl\\\/wp-content\\\/uploads\\\/2020\\\/11\\\/Weto-glos.-scaled.jpg\",\"width\":2048,\"height\":1363},{\"@type\":\"BreadcrumbList\",\"@id\":\"https:\\\/\\\/marekkuchcinski.pl\\\/wydarzenia\\\/sejm-i-rzad-podtrzymuje-stanowisko-ws-weta-do-unijnego-budzetu-przepisy-sa-niezgodne-z-unijnymi-traktatami\\\/#breadcrumb\",\"itemListElement\":[{\"@type\":\"ListItem\",\"position\":1,\"name\":\"Strona g\u0142\u00f3wna\",\"item\":\"https:\\\/\\\/marekkuchcinski.pl\\\/\"},{\"@type\":\"ListItem\",\"position\":2,\"name\":\"Sejm i rz\u0105d podtrzymuje stanowisko ws. weta do unijnego bud\u017cetu: Przepisy s\u0105 niezgodne z traktatami\"}]},{\"@type\":\"WebSite\",\"@id\":\"https:\\\/\\\/marekkuchcinski.pl\\\/#website\",\"url\":\"https:\\\/\\\/marekkuchcinski.pl\\\/\",\"name\":\"Marek Kuchci\u0144ski\",\"description\":\"Marek Kuchci\u0144ski \",\"publisher\":{\"@id\":\"https:\\\/\\\/marekkuchcinski.pl\\\/#organization\"},\"potentialAction\":[{\"@type\":\"SearchAction\",\"target\":{\"@type\":\"EntryPoint\",\"urlTemplate\":\"https:\\\/\\\/marekkuchcinski.pl\\\/?s={search_term_string}\"},\"query-input\":{\"@type\":\"PropertyValueSpecification\",\"valueRequired\":true,\"valueName\":\"search_term_string\"}}],\"inLanguage\":\"en-GB\"},{\"@type\":\"Organization\",\"@id\":\"https:\\\/\\\/marekkuchcinski.pl\\\/#organization\",\"name\":\"Marek Kuchci\u0144ski\",\"url\":\"https:\\\/\\\/marekkuchcinski.pl\\\/\",\"logo\":{\"@type\":\"ImageObject\",\"inLanguage\":\"en-GB\",\"@id\":\"https:\\\/\\\/marekkuchcinski.pl\\\/#\\\/schema\\\/logo\\\/image\\\/\",\"url\":\"https:\\\/\\\/marekkuchcinski.pl\\\/wp-content\\\/uploads\\\/2022\\\/09\\\/Marek.jpg\",\"contentUrl\":\"https:\\\/\\\/marekkuchcinski.pl\\\/wp-content\\\/uploads\\\/2022\\\/09\\\/Marek.jpg\",\"width\":1600,\"height\":971,\"caption\":\"Marek Kuchci\u0144ski\"},\"image\":{\"@id\":\"https:\\\/\\\/marekkuchcinski.pl\\\/#\\\/schema\\\/logo\\\/image\\\/\"}},{\"@type\":\"Person\",\"@id\":\"https:\\\/\\\/marekkuchcinski.pl\\\/#\\\/schema\\\/person\\\/bd3f15dee67fee76e83c8350d0154101\",\"name\":\"Marta Olejnik\",\"image\":{\"@type\":\"ImageObject\",\"inLanguage\":\"en-GB\",\"@id\":\"https:\\\/\\\/secure.gravatar.com\\\/avatar\\\/24754edd6080383402e292374b406b553027d572e97d60e7aa89a6940e88659a?s=96&d=mm&r=g\",\"url\":\"https:\\\/\\\/secure.gravatar.com\\\/avatar\\\/24754edd6080383402e292374b406b553027d572e97d60e7aa89a6940e88659a?s=96&d=mm&r=g\",\"contentUrl\":\"https:\\\/\\\/secure.gravatar.com\\\/avatar\\\/24754edd6080383402e292374b406b553027d572e97d60e7aa89a6940e88659a?s=96&d=mm&r=g\",\"caption\":\"Marta Olejnik\"},\"url\":\"https:\\\/\\\/marekkuchcinski.pl\\\/en\\\/author\\\/marta\\\/\"}]}<\/script>\n<!-- \/ Yoast SEO plugin. -->","yoast_head_json":{"title":"Sejm i rz\u0105d podtrzymuje stanowisko ws. weta do unijnego bud\u017cetu: Przepisy s\u0105 niezgodne z traktatami &#8211; Marek Kuchci\u0144ski","robots":{"index":"index","follow":"follow","max-snippet":"max-snippet:-1","max-image-preview":"max-image-preview:large","max-video-preview":"max-video-preview:-1"},"canonical":"https:\/\/marekkuchcinski.pl\/en\/wydarzenia\/sejm-i-rzad-podtrzymuje-stanowisko-ws-weta-do-unijnego-budzetu-przepisy-sa-niezgodne-z-unijnymi-traktatami\/","og_locale":"en_GB","og_type":"article","og_title":"Sejm i rz\u0105d podtrzymuje stanowisko ws. weta do unijnego bud\u017cetu: Przepisy s\u0105 niezgodne z traktatami &#8211; Marek Kuchci\u0144ski","og_description":"\u2013 Walczymy o Polsk\u0119 i przysz\u0142o\u015b\u0107 Unii Europejskiej, o dobry bud\u017cet, o program odbudowy, o zasady i warto\u015bci. To nasza propozycja, kt\u00f3r\u0105 kierujemy do UE i ca\u0142ego polskiego spo\u0142ecze\u0144stwa. Mogli\u015bmy i\u015b\u0107 \u0142atwiejsz\u0105 drog\u0105, ale p\u0142yniemy teraz pod pr\u0105d mainstreamu Brukseli \u2013 m\u00f3wi\u0142 w \u015brod\u0119 w Sejmie premier Mateusz Morawiecki. Polska i W\u0119gry nie godz\u0105 si\u0119 [&hellip;]","og_url":"https:\/\/marekkuchcinski.pl\/en\/wydarzenia\/sejm-i-rzad-podtrzymuje-stanowisko-ws-weta-do-unijnego-budzetu-przepisy-sa-niezgodne-z-unijnymi-traktatami\/","og_site_name":"Marek Kuchci\u0144ski","article_published_time":"2020-11-19T23:46:29+00:00","article_modified_time":"2020-11-20T10:29:35+00:00","og_image":[{"width":2048,"height":1363,"url":"https:\/\/marekkuchcinski.pl\/wp-content\/uploads\/2020\/11\/Weto-glos.-scaled.jpg","type":"image\/jpeg"}],"author":"Marta Olejnik","twitter_card":"summary_large_image","twitter_misc":{"Written by":"Marta Olejnik","Est. reading time":"3 minutes"},"schema":{"@context":"https:\/\/schema.org","@graph":[{"@type":"Article","@id":"https:\/\/marekkuchcinski.pl\/wydarzenia\/sejm-i-rzad-podtrzymuje-stanowisko-ws-weta-do-unijnego-budzetu-przepisy-sa-niezgodne-z-unijnymi-traktatami\/#article","isPartOf":{"@id":"https:\/\/marekkuchcinski.pl\/wydarzenia\/sejm-i-rzad-podtrzymuje-stanowisko-ws-weta-do-unijnego-budzetu-przepisy-sa-niezgodne-z-unijnymi-traktatami\/"},"author":{"name":"Marta Olejnik","@id":"https:\/\/marekkuchcinski.pl\/#\/schema\/person\/bd3f15dee67fee76e83c8350d0154101"},"headline":"Sejm i rz\u0105d podtrzymuje stanowisko ws. weta do unijnego bud\u017cetu: Przepisy s\u0105 niezgodne z traktatami","datePublished":"2020-11-19T23:46:29+00:00","dateModified":"2020-11-20T10:29:35+00:00","mainEntityOfPage":{"@id":"https:\/\/marekkuchcinski.pl\/wydarzenia\/sejm-i-rzad-podtrzymuje-stanowisko-ws-weta-do-unijnego-budzetu-przepisy-sa-niezgodne-z-unijnymi-traktatami\/"},"wordCount":592,"commentCount":0,"publisher":{"@id":"https:\/\/marekkuchcinski.pl\/#organization"},"image":{"@id":"https:\/\/marekkuchcinski.pl\/wydarzenia\/sejm-i-rzad-podtrzymuje-stanowisko-ws-weta-do-unijnego-budzetu-przepisy-sa-niezgodne-z-unijnymi-traktatami\/#primaryimage"},"thumbnailUrl":"https:\/\/marekkuchcinski.pl\/wp-content\/uploads\/2020\/11\/Weto-glos.-scaled.jpg","articleSection":["Wie\u015bci z Sejmu","Wsp\u00f3\u0142praca mi\u0119dzynarodowa","Wydarzenia"],"inLanguage":"en-GB","potentialAction":[{"@type":"CommentAction","name":"Comment","target":["https:\/\/marekkuchcinski.pl\/wydarzenia\/sejm-i-rzad-podtrzymuje-stanowisko-ws-weta-do-unijnego-budzetu-przepisy-sa-niezgodne-z-unijnymi-traktatami\/#respond"]}]},{"@type":"WebPage","@id":"https:\/\/marekkuchcinski.pl\/wydarzenia\/sejm-i-rzad-podtrzymuje-stanowisko-ws-weta-do-unijnego-budzetu-przepisy-sa-niezgodne-z-unijnymi-traktatami\/","url":"https:\/\/marekkuchcinski.pl\/wydarzenia\/sejm-i-rzad-podtrzymuje-stanowisko-ws-weta-do-unijnego-budzetu-przepisy-sa-niezgodne-z-unijnymi-traktatami\/","name":"Sejm i rz\u0105d podtrzymuje stanowisko ws. weta do unijnego bud\u017cetu: Przepisy s\u0105 niezgodne z traktatami &#8211; Marek Kuchci\u0144ski","isPartOf":{"@id":"https:\/\/marekkuchcinski.pl\/#website"},"primaryImageOfPage":{"@id":"https:\/\/marekkuchcinski.pl\/wydarzenia\/sejm-i-rzad-podtrzymuje-stanowisko-ws-weta-do-unijnego-budzetu-przepisy-sa-niezgodne-z-unijnymi-traktatami\/#primaryimage"},"image":{"@id":"https:\/\/marekkuchcinski.pl\/wydarzenia\/sejm-i-rzad-podtrzymuje-stanowisko-ws-weta-do-unijnego-budzetu-przepisy-sa-niezgodne-z-unijnymi-traktatami\/#primaryimage"},"thumbnailUrl":"https:\/\/marekkuchcinski.pl\/wp-content\/uploads\/2020\/11\/Weto-glos.-scaled.jpg","datePublished":"2020-11-19T23:46:29+00:00","dateModified":"2020-11-20T10:29:35+00:00","breadcrumb":{"@id":"https:\/\/marekkuchcinski.pl\/wydarzenia\/sejm-i-rzad-podtrzymuje-stanowisko-ws-weta-do-unijnego-budzetu-przepisy-sa-niezgodne-z-unijnymi-traktatami\/#breadcrumb"},"inLanguage":"en-GB","potentialAction":[{"@type":"ReadAction","target":["https:\/\/marekkuchcinski.pl\/wydarzenia\/sejm-i-rzad-podtrzymuje-stanowisko-ws-weta-do-unijnego-budzetu-przepisy-sa-niezgodne-z-unijnymi-traktatami\/"]}]},{"@type":"ImageObject","inLanguage":"en-GB","@id":"https:\/\/marekkuchcinski.pl\/wydarzenia\/sejm-i-rzad-podtrzymuje-stanowisko-ws-weta-do-unijnego-budzetu-przepisy-sa-niezgodne-z-unijnymi-traktatami\/#primaryimage","url":"https:\/\/marekkuchcinski.pl\/wp-content\/uploads\/2020\/11\/Weto-glos.-scaled.jpg","contentUrl":"https:\/\/marekkuchcinski.pl\/wp-content\/uploads\/2020\/11\/Weto-glos.-scaled.jpg","width":2048,"height":1363},{"@type":"BreadcrumbList","@id":"https:\/\/marekkuchcinski.pl\/wydarzenia\/sejm-i-rzad-podtrzymuje-stanowisko-ws-weta-do-unijnego-budzetu-przepisy-sa-niezgodne-z-unijnymi-traktatami\/#breadcrumb","itemListElement":[{"@type":"ListItem","position":1,"name":"Strona g\u0142\u00f3wna","item":"https:\/\/marekkuchcinski.pl\/"},{"@type":"ListItem","position":2,"name":"Sejm i rz\u0105d podtrzymuje stanowisko ws. weta do unijnego bud\u017cetu: Przepisy s\u0105 niezgodne z traktatami"}]},{"@type":"WebSite","@id":"https:\/\/marekkuchcinski.pl\/#website","url":"https:\/\/marekkuchcinski.pl\/","name":"Marek Kuchci\u0144ski","description":"Marek Kuchci\u0144ski","publisher":{"@id":"https:\/\/marekkuchcinski.pl\/#organization"},"potentialAction":[{"@type":"SearchAction","target":{"@type":"EntryPoint","urlTemplate":"https:\/\/marekkuchcinski.pl\/?s={search_term_string}"},"query-input":{"@type":"PropertyValueSpecification","valueRequired":true,"valueName":"search_term_string"}}],"inLanguage":"en-GB"},{"@type":"Organization","@id":"https:\/\/marekkuchcinski.pl\/#organization","name":"Marek Kuchci\u0144ski","url":"https:\/\/marekkuchcinski.pl\/","logo":{"@type":"ImageObject","inLanguage":"en-GB","@id":"https:\/\/marekkuchcinski.pl\/#\/schema\/logo\/image\/","url":"https:\/\/marekkuchcinski.pl\/wp-content\/uploads\/2022\/09\/Marek.jpg","contentUrl":"https:\/\/marekkuchcinski.pl\/wp-content\/uploads\/2022\/09\/Marek.jpg","width":1600,"height":971,"caption":"Marek Kuchci\u0144ski"},"image":{"@id":"https:\/\/marekkuchcinski.pl\/#\/schema\/logo\/image\/"}},{"@type":"Person","@id":"https:\/\/marekkuchcinski.pl\/#\/schema\/person\/bd3f15dee67fee76e83c8350d0154101","name":"Marta Olejnik","image":{"@type":"ImageObject","inLanguage":"en-GB","@id":"https:\/\/secure.gravatar.com\/avatar\/24754edd6080383402e292374b406b553027d572e97d60e7aa89a6940e88659a?s=96&d=mm&r=g","url":"https:\/\/secure.gravatar.com\/avatar\/24754edd6080383402e292374b406b553027d572e97d60e7aa89a6940e88659a?s=96&d=mm&r=g","contentUrl":"https:\/\/secure.gravatar.com\/avatar\/24754edd6080383402e292374b406b553027d572e97d60e7aa89a6940e88659a?s=96&d=mm&r=g","caption":"Marta Olejnik"},"url":"https:\/\/marekkuchcinski.pl\/en\/author\/marta\/"}]}},"_links":{"self":[{"href":"https:\/\/marekkuchcinski.pl\/en\/wp-json\/wp\/v2\/posts\/20256","targetHints":{"allow":["GET"]}}],"collection":[{"href":"https:\/\/marekkuchcinski.pl\/en\/wp-json\/wp\/v2\/posts"}],"about":[{"href":"https:\/\/marekkuchcinski.pl\/en\/wp-json\/wp\/v2\/types\/post"}],"author":[{"embeddable":true,"href":"https:\/\/marekkuchcinski.pl\/en\/wp-json\/wp\/v2\/users\/3"}],"replies":[{"embeddable":true,"href":"https:\/\/marekkuchcinski.pl\/en\/wp-json\/wp\/v2\/comments?post=20256"}],"version-history":[{"count":7,"href":"https:\/\/marekkuchcinski.pl\/en\/wp-json\/wp\/v2\/posts\/20256\/revisions"}],"predecessor-version":[{"id":20265,"href":"https:\/\/marekkuchcinski.pl\/en\/wp-json\/wp\/v2\/posts\/20256\/revisions\/20265"}],"wp:featuredmedia":[{"embeddable":true,"href":"https:\/\/marekkuchcinski.pl\/en\/wp-json\/wp\/v2\/media\/20259"}],"wp:attachment":[{"href":"https:\/\/marekkuchcinski.pl\/en\/wp-json\/wp\/v2\/media?parent=20256"}],"wp:term":[{"taxonomy":"category","embeddable":true,"href":"https:\/\/marekkuchcinski.pl\/en\/wp-json\/wp\/v2\/categories?post=20256"},{"taxonomy":"post_tag","embeddable":true,"href":"https:\/\/marekkuchcinski.pl\/en\/wp-json\/wp\/v2\/tags?post=20256"}],"curies":[{"name":"wp","href":"https:\/\/api.w.org\/{rel}","templated":true}]}}