{"id":20256,"date":"2020-11-20T00:46:29","date_gmt":"2020-11-19T23:46:29","guid":{"rendered":"https:\/\/marekkuchcinski.pl\/?p=20256"},"modified":"2020-11-20T11:29:35","modified_gmt":"2020-11-20T10:29:35","slug":"sejm-i-rzad-podtrzymuje-stanowisko-ws-weta-do-unijnego-budzetu-przepisy-sa-niezgodne-z-unijnymi-traktatami","status":"publish","type":"post","link":"https:\/\/marekkuchcinski.pl\/en\/wydarzenia\/sejm-i-rzad-podtrzymuje-stanowisko-ws-weta-do-unijnego-budzetu-przepisy-sa-niezgodne-z-unijnymi-traktatami\/","title":{"rendered":"The Sejm and the government stand by their veto on the EU budget: Provisions are incompatible with the treaties"},"content":{"rendered":"<p>- We fight for Poland and the future of the European Union, for a good budget, for a reconstruction program, for principles and values. This is our proposal, which we address to the EU and the entire Polish society. We could have taken an easier path, but we are now swimming against the tide of Brussels' mainstream,\" Prime Minister Mateusz Morawiecki told the Sejm on Wednesday.<\/p>\n\n\n\n<p>Poland and Hungary do not accept the agreement reached in early November between the German presidency and the European Parliament on a mechanism linking access to EU funds to the rule of law. The head of government argued that Europe is great when it is a Europe of homelands. When it can take care of transatlantic values, build a common market - this is the Europe, which was created by its Christian founding fathers. The European Union means equality of states before the law and the value of observing treaties, and not the creation of regulations that circumvent the treaties. It cannot be a Union of double standards, a Union of equals and equals!<\/p>\n\n\n\n<p>- Today we are facing a fundamental choice: whether we will defend the true European values that underpin its existence,\" Morawiecki said.<\/p>\n\n\n\n<p>During Thursday's European Council, the Prime Minister reiterated Poland's negative stance on the introduction of arbitrary and biased criteria conditioning the spending of budget funds.<\/p>\n\n\n\n<p>On the same day, the Sejm passed a resolution supporting Poland's veto of the EU budget. It called on the governments of all EU member states and EU bodies to return to talks and reach an agreement in accordance with the EU Treaties and European Council conclusions.<\/p>\n\n\n\n<p>For years, Law and Justice has consistently sought to level the Polish playing field in the EU. Already in 2016, at a meeting of EU heads of parliament in Luxembourg, the Speaker of the Sejm Marek Kuchci\u0144ski presented a project for a Europe of Solidary States - the concept of the EU as an organization of sovereign nation states.<\/p>\n\n\n\n<p>In January 2018, he argued that we all need a stronger Europe. However, we should derive this strength from healthy interstate relations, respect for national differences, cultural diversities and political distinctiveness. Not states, but strong states, nations, can build a competitive, safe and wise European Union.<\/p>\n\n\n\n<p>Marek Kuchci\u0144ski also drew attention to the issue of unequal treatment of member states and unfounded accusations against Poland for not respecting the rule of law in April 2019. During the Conference of Speakers of EU Parliaments in Vienna, he said that the disappearance of the functioning of the law in the Union is worrying. This is because we are dealing with unequal treatment of member states.  The Union is based on the treaties and the principle of subsidiarity. The treaties define competences of countries and EU institutions, and this limit is violated by the EU and this is a problem. Today we are observing different treatment of the countries that joined the EU in 2004 and later from the so-called old Member States. An example is the judiciary, whose organization is - according to the Lisbon Treaty - an internal competence of the member states. If a judicial institution exists in one country, it also has the right to exist and operate on similar principles in another.<\/p>\n\n\n\n<p>- Poles wanted this reform because pathologies had been growing in Polish courts for years due to the lack of a real balance of power and the consequences of totalitarianism. A democratic state cannot function well with a defective justice system,\" said Marek Kuchci\u0144ski.<\/p>\n\n\n\n<p><em>mo<\/em><\/p>\n\n\n\n<figure class=\"wp-block-image size-large\"><a href=\"https:\/\/marekkuchcinski.pl\/wp-content\/uploads\/2020\/11\/Weto-glos.-scaled.jpg\"><img fetchpriority=\"high\" decoding=\"async\" width=\"1024\" height=\"682\" src=\"https:\/\/marekkuchcinski.pl\/wp-content\/uploads\/2020\/11\/Weto-glos.-1024x682.jpg\" alt=\"\" class=\"wp-image-20259\" srcset=\"https:\/\/marekkuchcinski.pl\/wp-content\/uploads\/2020\/11\/Weto-glos.-1024x682.jpg 1024w, https:\/\/marekkuchcinski.pl\/wp-content\/uploads\/2020\/11\/Weto-glos.-300x200.jpg 300w, https:\/\/marekkuchcinski.pl\/wp-content\/uploads\/2020\/11\/Weto-glos.-768x511.jpg 768w, https:\/\/marekkuchcinski.pl\/wp-content\/uploads\/2020\/11\/Weto-glos.-1536x1022.jpg 1536w, https:\/\/marekkuchcinski.pl\/wp-content\/uploads\/2020\/11\/Weto-glos.-scaled.jpg 2048w\" sizes=\"(max-width: 1024px) 100vw, 1024px\" \/><\/a><figcaption><em>mo<\/em><\/figcaption><\/figure>\n\n\n\n<figure class=\"wp-block-image size-large\"><a href=\"https:\/\/marekkuchcinski.pl\/wp-content\/uploads\/2020\/11\/Mk-20.-scaled.jpg\"><img decoding=\"async\" width=\"1024\" height=\"681\" src=\"https:\/\/marekkuchcinski.pl\/wp-content\/uploads\/2020\/11\/Mk-20.-1024x681.jpg\" alt=\"\" class=\"wp-image-20261\" srcset=\"https:\/\/marekkuchcinski.pl\/wp-content\/uploads\/2020\/11\/Mk-20.-1024x681.jpg 1024w, https:\/\/marekkuchcinski.pl\/wp-content\/uploads\/2020\/11\/Mk-20.-300x200.jpg 300w, https:\/\/marekkuchcinski.pl\/wp-content\/uploads\/2020\/11\/Mk-20.-768x511.jpg 768w, https:\/\/marekkuchcinski.pl\/wp-content\/uploads\/2020\/11\/Mk-20.-1536x1022.jpg 1536w, https:\/\/marekkuchcinski.pl\/wp-content\/uploads\/2020\/11\/Mk-20.-scaled.jpg 2048w\" sizes=\"(max-width: 1024px) 100vw, 1024px\" \/><\/a><figcaption><em>mo<\/em><\/figcaption><\/figure>","protected":false},"excerpt":{"rendered":"<p>\u2013 Walczymy o Polsk\u0119 i przysz\u0142o\u015b\u0107 Unii Europejskiej, o dobry bud\u017cet, o program odbudowy, o zasady i warto\u015bci. To nasza propozycja, kt\u00f3r\u0105 kierujemy do UE i ca\u0142ego polskiego spo\u0142ecze\u0144stwa. Mogli\u015bmy i\u015b\u0107 \u0142atwiejsz\u0105 drog\u0105, ale p\u0142yniemy teraz pod pr\u0105d mainstreamu Brukseli \u2013 m\u00f3wi\u0142 w \u015brod\u0119 w Sejmie premier Mateusz Morawiecki. Polska i W\u0119gry nie godz\u0105 si\u0119 [&hellip;]<\/p>","protected":false},"author":21,"featured_media":20259,"comment_status":"open","ping_status":"open","sticky":false,"template":"","format":"standard","meta":{"ngg_post_thumbnail":0,"footnotes":""},"categories":[81,50,3],"tags":[],"class_list":["post-20256","post","type-post","status-publish","format-standard","has-post-thumbnail","hentry","category-wiesci-z-sejmu","category-wspolpraca-miedzynarodowa","category-wydarzenia"],"yoast_head":"<!-- This site is optimized with the Yoast SEO plugin v24.7 - https:\/\/yoast.com\/wordpress\/plugins\/seo\/ -->\n<title>Sejm i rz\u0105d podtrzymuje stanowisko ws. weta do unijnego bud\u017cetu: Przepisy s\u0105 niezgodne z traktatami &#8211; Marek Kuchci\u0144ski<\/title>\n<meta name=\"robots\" content=\"index, follow, max-snippet:-1, max-image-preview:large, max-video-preview:-1\" \/>\n<link rel=\"canonical\" href=\"https:\/\/marekkuchcinski.pl\/en\/wydarzenia\/sejm-i-rzad-podtrzymuje-stanowisko-ws-weta-do-unijnego-budzetu-przepisy-sa-niezgodne-z-unijnymi-traktatami\/\" \/>\n<meta property=\"og:locale\" content=\"en_GB\" \/>\n<meta property=\"og:type\" content=\"article\" \/>\n<meta property=\"og:title\" content=\"Sejm i rz\u0105d podtrzymuje stanowisko ws. weta do unijnego bud\u017cetu: Przepisy s\u0105 niezgodne z traktatami &#8211; Marek Kuchci\u0144ski\" \/>\n<meta property=\"og:description\" content=\"\u2013 Walczymy o Polsk\u0119 i przysz\u0142o\u015b\u0107 Unii Europejskiej, o dobry bud\u017cet, o program odbudowy, o zasady i warto\u015bci. To nasza propozycja, kt\u00f3r\u0105 kierujemy do UE i ca\u0142ego polskiego spo\u0142ecze\u0144stwa. Mogli\u015bmy i\u015b\u0107 \u0142atwiejsz\u0105 drog\u0105, ale p\u0142yniemy teraz pod pr\u0105d mainstreamu Brukseli \u2013 m\u00f3wi\u0142 w \u015brod\u0119 w Sejmie premier Mateusz Morawiecki. Polska i W\u0119gry nie godz\u0105 si\u0119 [&hellip;]\" \/>\n<meta property=\"og:url\" content=\"https:\/\/marekkuchcinski.pl\/en\/wydarzenia\/sejm-i-rzad-podtrzymuje-stanowisko-ws-weta-do-unijnego-budzetu-przepisy-sa-niezgodne-z-unijnymi-traktatami\/\" \/>\n<meta property=\"og:site_name\" content=\"Marek Kuchci\u0144ski\" \/>\n<meta property=\"article:published_time\" content=\"2020-11-19T23:46:29+00:00\" \/>\n<meta property=\"article:modified_time\" content=\"2020-11-20T10:29:35+00:00\" \/>\n<meta property=\"og:image\" content=\"https:\/\/marekkuchcinski.pl\/wp-content\/uploads\/2020\/11\/Weto-glos.-scaled.jpg\" \/>\n\t<meta property=\"og:image:width\" content=\"2048\" \/>\n\t<meta property=\"og:image:height\" content=\"1363\" \/>\n\t<meta property=\"og:image:type\" content=\"image\/jpeg\" \/>\n<meta name=\"author\" content=\"Marta Olejnik\" \/>\n<meta name=\"twitter:card\" content=\"summary_large_image\" \/>\n<meta name=\"twitter:label1\" content=\"Written by\" \/>\n\t<meta name=\"twitter:data1\" content=\"Marta Olejnik\" \/>\n\t<meta name=\"twitter:label2\" content=\"Estimated reading time\" \/>\n\t<meta name=\"twitter:data2\" content=\"3 minutes\" \/>\n<script type=\"application\/ld+json\" class=\"yoast-schema-graph\">{\"@context\":\"https:\/\/schema.org\",\"@graph\":[{\"@type\":\"Article\",\"@id\":\"https:\/\/marekkuchcinski.pl\/wydarzenia\/sejm-i-rzad-podtrzymuje-stanowisko-ws-weta-do-unijnego-budzetu-przepisy-sa-niezgodne-z-unijnymi-traktatami\/#article\",\"isPartOf\":{\"@id\":\"https:\/\/marekkuchcinski.pl\/wydarzenia\/sejm-i-rzad-podtrzymuje-stanowisko-ws-weta-do-unijnego-budzetu-przepisy-sa-niezgodne-z-unijnymi-traktatami\/\"},\"author\":{\"name\":\"Marta Olejnik\",\"@id\":\"https:\/\/marekkuchcinski.pl\/#\/schema\/person\/51d5d4ee3b5317b8e4dd2b48af359229\"},\"headline\":\"Sejm i rz\u0105d podtrzymuje stanowisko ws. weta do unijnego bud\u017cetu: Przepisy s\u0105 niezgodne z traktatami\",\"datePublished\":\"2020-11-19T23:46:29+00:00\",\"dateModified\":\"2020-11-20T10:29:35+00:00\",\"mainEntityOfPage\":{\"@id\":\"https:\/\/marekkuchcinski.pl\/wydarzenia\/sejm-i-rzad-podtrzymuje-stanowisko-ws-weta-do-unijnego-budzetu-przepisy-sa-niezgodne-z-unijnymi-traktatami\/\"},\"wordCount\":592,\"commentCount\":0,\"publisher\":{\"@id\":\"https:\/\/marekkuchcinski.pl\/#organization\"},\"image\":{\"@id\":\"https:\/\/marekkuchcinski.pl\/wydarzenia\/sejm-i-rzad-podtrzymuje-stanowisko-ws-weta-do-unijnego-budzetu-przepisy-sa-niezgodne-z-unijnymi-traktatami\/#primaryimage\"},\"thumbnailUrl\":\"https:\/\/marekkuchcinski.pl\/wp-content\/uploads\/2020\/11\/Weto-glos.-scaled.jpg\",\"articleSection\":[\"Wie\u015bci z Sejmu\",\"Wsp\u00f3\u0142praca mi\u0119dzynarodowa\",\"Wydarzenia\"],\"inLanguage\":\"en-GB\",\"potentialAction\":[{\"@type\":\"CommentAction\",\"name\":\"Comment\",\"target\":[\"https:\/\/marekkuchcinski.pl\/wydarzenia\/sejm-i-rzad-podtrzymuje-stanowisko-ws-weta-do-unijnego-budzetu-przepisy-sa-niezgodne-z-unijnymi-traktatami\/#respond\"]}]},{\"@type\":\"WebPage\",\"@id\":\"https:\/\/marekkuchcinski.pl\/wydarzenia\/sejm-i-rzad-podtrzymuje-stanowisko-ws-weta-do-unijnego-budzetu-przepisy-sa-niezgodne-z-unijnymi-traktatami\/\",\"url\":\"https:\/\/marekkuchcinski.pl\/wydarzenia\/sejm-i-rzad-podtrzymuje-stanowisko-ws-weta-do-unijnego-budzetu-przepisy-sa-niezgodne-z-unijnymi-traktatami\/\",\"name\":\"Sejm i rz\u0105d podtrzymuje stanowisko ws. weta do unijnego bud\u017cetu: Przepisy s\u0105 niezgodne z traktatami &#8211; Marek Kuchci\u0144ski\",\"isPartOf\":{\"@id\":\"https:\/\/marekkuchcinski.pl\/#website\"},\"primaryImageOfPage\":{\"@id\":\"https:\/\/marekkuchcinski.pl\/wydarzenia\/sejm-i-rzad-podtrzymuje-stanowisko-ws-weta-do-unijnego-budzetu-przepisy-sa-niezgodne-z-unijnymi-traktatami\/#primaryimage\"},\"image\":{\"@id\":\"https:\/\/marekkuchcinski.pl\/wydarzenia\/sejm-i-rzad-podtrzymuje-stanowisko-ws-weta-do-unijnego-budzetu-przepisy-sa-niezgodne-z-unijnymi-traktatami\/#primaryimage\"},\"thumbnailUrl\":\"https:\/\/marekkuchcinski.pl\/wp-content\/uploads\/2020\/11\/Weto-glos.-scaled.jpg\",\"datePublished\":\"2020-11-19T23:46:29+00:00\",\"dateModified\":\"2020-11-20T10:29:35+00:00\",\"breadcrumb\":{\"@id\":\"https:\/\/marekkuchcinski.pl\/wydarzenia\/sejm-i-rzad-podtrzymuje-stanowisko-ws-weta-do-unijnego-budzetu-przepisy-sa-niezgodne-z-unijnymi-traktatami\/#breadcrumb\"},\"inLanguage\":\"en-GB\",\"potentialAction\":[{\"@type\":\"ReadAction\",\"target\":[\"https:\/\/marekkuchcinski.pl\/wydarzenia\/sejm-i-rzad-podtrzymuje-stanowisko-ws-weta-do-unijnego-budzetu-przepisy-sa-niezgodne-z-unijnymi-traktatami\/\"]}]},{\"@type\":\"ImageObject\",\"inLanguage\":\"en-GB\",\"@id\":\"https:\/\/marekkuchcinski.pl\/wydarzenia\/sejm-i-rzad-podtrzymuje-stanowisko-ws-weta-do-unijnego-budzetu-przepisy-sa-niezgodne-z-unijnymi-traktatami\/#primaryimage\",\"url\":\"https:\/\/marekkuchcinski.pl\/wp-content\/uploads\/2020\/11\/Weto-glos.-scaled.jpg\",\"contentUrl\":\"https:\/\/marekkuchcinski.pl\/wp-content\/uploads\/2020\/11\/Weto-glos.-scaled.jpg\",\"width\":2048,\"height\":1363},{\"@type\":\"BreadcrumbList\",\"@id\":\"https:\/\/marekkuchcinski.pl\/wydarzenia\/sejm-i-rzad-podtrzymuje-stanowisko-ws-weta-do-unijnego-budzetu-przepisy-sa-niezgodne-z-unijnymi-traktatami\/#breadcrumb\",\"itemListElement\":[{\"@type\":\"ListItem\",\"position\":1,\"name\":\"Strona g\u0142\u00f3wna\",\"item\":\"https:\/\/marekkuchcinski.pl\/\"},{\"@type\":\"ListItem\",\"position\":2,\"name\":\"Sejm i rz\u0105d podtrzymuje stanowisko ws. weta do unijnego bud\u017cetu: Przepisy s\u0105 niezgodne z traktatami\"}]},{\"@type\":\"WebSite\",\"@id\":\"https:\/\/marekkuchcinski.pl\/#website\",\"url\":\"https:\/\/marekkuchcinski.pl\/\",\"name\":\"Marek Kuchci\u0144ski\",\"description\":\"Pose\u0142 na sejm RP &ndash; okr\u0119g nr 22\",\"publisher\":{\"@id\":\"https:\/\/marekkuchcinski.pl\/#organization\"},\"potentialAction\":[{\"@type\":\"SearchAction\",\"target\":{\"@type\":\"EntryPoint\",\"urlTemplate\":\"https:\/\/marekkuchcinski.pl\/?s={search_term_string}\"},\"query-input\":{\"@type\":\"PropertyValueSpecification\",\"valueRequired\":true,\"valueName\":\"search_term_string\"}}],\"inLanguage\":\"en-GB\"},{\"@type\":\"Organization\",\"@id\":\"https:\/\/marekkuchcinski.pl\/#organization\",\"name\":\"Marek Kuchci\u0144ski\",\"url\":\"https:\/\/marekkuchcinski.pl\/\",\"logo\":{\"@type\":\"ImageObject\",\"inLanguage\":\"en-GB\",\"@id\":\"https:\/\/marekkuchcinski.pl\/#\/schema\/logo\/image\/\",\"url\":\"https:\/\/marekkuchcinski.pl\/wp-content\/uploads\/2022\/09\/Marek.jpg\",\"contentUrl\":\"https:\/\/marekkuchcinski.pl\/wp-content\/uploads\/2022\/09\/Marek.jpg\",\"width\":1600,\"height\":971,\"caption\":\"Marek Kuchci\u0144ski\"},\"image\":{\"@id\":\"https:\/\/marekkuchcinski.pl\/#\/schema\/logo\/image\/\"}},{\"@type\":\"Person\",\"@id\":\"https:\/\/marekkuchcinski.pl\/#\/schema\/person\/51d5d4ee3b5317b8e4dd2b48af359229\",\"name\":\"Marta Olejnik\",\"image\":{\"@type\":\"ImageObject\",\"inLanguage\":\"en-GB\",\"@id\":\"https:\/\/marekkuchcinski.pl\/#\/schema\/person\/image\/\",\"url\":\"https:\/\/secure.gravatar.com\/avatar\/e39914b2aa6a48959e24d475b5dc9793?s=96&d=mm&r=g\",\"contentUrl\":\"https:\/\/secure.gravatar.com\/avatar\/e39914b2aa6a48959e24d475b5dc9793?s=96&d=mm&r=g\",\"caption\":\"Marta Olejnik\"},\"url\":\"https:\/\/marekkuchcinski.pl\/en\/author\/marta\/\"}]}<\/script>\n<!-- \/ Yoast SEO plugin. -->","yoast_head_json":{"title":"Sejm i rz\u0105d podtrzymuje stanowisko ws. weta do unijnego bud\u017cetu: Przepisy s\u0105 niezgodne z traktatami &#8211; Marek Kuchci\u0144ski","robots":{"index":"index","follow":"follow","max-snippet":"max-snippet:-1","max-image-preview":"max-image-preview:large","max-video-preview":"max-video-preview:-1"},"canonical":"https:\/\/marekkuchcinski.pl\/en\/wydarzenia\/sejm-i-rzad-podtrzymuje-stanowisko-ws-weta-do-unijnego-budzetu-przepisy-sa-niezgodne-z-unijnymi-traktatami\/","og_locale":"en_GB","og_type":"article","og_title":"Sejm i rz\u0105d podtrzymuje stanowisko ws. weta do unijnego bud\u017cetu: Przepisy s\u0105 niezgodne z traktatami &#8211; Marek Kuchci\u0144ski","og_description":"\u2013 Walczymy o Polsk\u0119 i przysz\u0142o\u015b\u0107 Unii Europejskiej, o dobry bud\u017cet, o program odbudowy, o zasady i warto\u015bci. To nasza propozycja, kt\u00f3r\u0105 kierujemy do UE i ca\u0142ego polskiego spo\u0142ecze\u0144stwa. Mogli\u015bmy i\u015b\u0107 \u0142atwiejsz\u0105 drog\u0105, ale p\u0142yniemy teraz pod pr\u0105d mainstreamu Brukseli \u2013 m\u00f3wi\u0142 w \u015brod\u0119 w Sejmie premier Mateusz Morawiecki. Polska i W\u0119gry nie godz\u0105 si\u0119 [&hellip;]","og_url":"https:\/\/marekkuchcinski.pl\/en\/wydarzenia\/sejm-i-rzad-podtrzymuje-stanowisko-ws-weta-do-unijnego-budzetu-przepisy-sa-niezgodne-z-unijnymi-traktatami\/","og_site_name":"Marek Kuchci\u0144ski","article_published_time":"2020-11-19T23:46:29+00:00","article_modified_time":"2020-11-20T10:29:35+00:00","og_image":[{"width":2048,"height":1363,"url":"https:\/\/marekkuchcinski.pl\/wp-content\/uploads\/2020\/11\/Weto-glos.-scaled.jpg","type":"image\/jpeg"}],"author":"Marta Olejnik","twitter_card":"summary_large_image","twitter_misc":{"Written by":"Marta Olejnik","Estimated reading time":"3 minutes"},"schema":{"@context":"https:\/\/schema.org","@graph":[{"@type":"Article","@id":"https:\/\/marekkuchcinski.pl\/wydarzenia\/sejm-i-rzad-podtrzymuje-stanowisko-ws-weta-do-unijnego-budzetu-przepisy-sa-niezgodne-z-unijnymi-traktatami\/#article","isPartOf":{"@id":"https:\/\/marekkuchcinski.pl\/wydarzenia\/sejm-i-rzad-podtrzymuje-stanowisko-ws-weta-do-unijnego-budzetu-przepisy-sa-niezgodne-z-unijnymi-traktatami\/"},"author":{"name":"Marta Olejnik","@id":"https:\/\/marekkuchcinski.pl\/#\/schema\/person\/51d5d4ee3b5317b8e4dd2b48af359229"},"headline":"Sejm i rz\u0105d podtrzymuje stanowisko ws. weta do unijnego bud\u017cetu: Przepisy s\u0105 niezgodne z traktatami","datePublished":"2020-11-19T23:46:29+00:00","dateModified":"2020-11-20T10:29:35+00:00","mainEntityOfPage":{"@id":"https:\/\/marekkuchcinski.pl\/wydarzenia\/sejm-i-rzad-podtrzymuje-stanowisko-ws-weta-do-unijnego-budzetu-przepisy-sa-niezgodne-z-unijnymi-traktatami\/"},"wordCount":592,"commentCount":0,"publisher":{"@id":"https:\/\/marekkuchcinski.pl\/#organization"},"image":{"@id":"https:\/\/marekkuchcinski.pl\/wydarzenia\/sejm-i-rzad-podtrzymuje-stanowisko-ws-weta-do-unijnego-budzetu-przepisy-sa-niezgodne-z-unijnymi-traktatami\/#primaryimage"},"thumbnailUrl":"https:\/\/marekkuchcinski.pl\/wp-content\/uploads\/2020\/11\/Weto-glos.-scaled.jpg","articleSection":["Wie\u015bci z Sejmu","Wsp\u00f3\u0142praca mi\u0119dzynarodowa","Wydarzenia"],"inLanguage":"en-GB","potentialAction":[{"@type":"CommentAction","name":"Comment","target":["https:\/\/marekkuchcinski.pl\/wydarzenia\/sejm-i-rzad-podtrzymuje-stanowisko-ws-weta-do-unijnego-budzetu-przepisy-sa-niezgodne-z-unijnymi-traktatami\/#respond"]}]},{"@type":"WebPage","@id":"https:\/\/marekkuchcinski.pl\/wydarzenia\/sejm-i-rzad-podtrzymuje-stanowisko-ws-weta-do-unijnego-budzetu-przepisy-sa-niezgodne-z-unijnymi-traktatami\/","url":"https:\/\/marekkuchcinski.pl\/wydarzenia\/sejm-i-rzad-podtrzymuje-stanowisko-ws-weta-do-unijnego-budzetu-przepisy-sa-niezgodne-z-unijnymi-traktatami\/","name":"Sejm i rz\u0105d podtrzymuje stanowisko ws. weta do unijnego bud\u017cetu: Przepisy s\u0105 niezgodne z traktatami &#8211; Marek Kuchci\u0144ski","isPartOf":{"@id":"https:\/\/marekkuchcinski.pl\/#website"},"primaryImageOfPage":{"@id":"https:\/\/marekkuchcinski.pl\/wydarzenia\/sejm-i-rzad-podtrzymuje-stanowisko-ws-weta-do-unijnego-budzetu-przepisy-sa-niezgodne-z-unijnymi-traktatami\/#primaryimage"},"image":{"@id":"https:\/\/marekkuchcinski.pl\/wydarzenia\/sejm-i-rzad-podtrzymuje-stanowisko-ws-weta-do-unijnego-budzetu-przepisy-sa-niezgodne-z-unijnymi-traktatami\/#primaryimage"},"thumbnailUrl":"https:\/\/marekkuchcinski.pl\/wp-content\/uploads\/2020\/11\/Weto-glos.-scaled.jpg","datePublished":"2020-11-19T23:46:29+00:00","dateModified":"2020-11-20T10:29:35+00:00","breadcrumb":{"@id":"https:\/\/marekkuchcinski.pl\/wydarzenia\/sejm-i-rzad-podtrzymuje-stanowisko-ws-weta-do-unijnego-budzetu-przepisy-sa-niezgodne-z-unijnymi-traktatami\/#breadcrumb"},"inLanguage":"en-GB","potentialAction":[{"@type":"ReadAction","target":["https:\/\/marekkuchcinski.pl\/wydarzenia\/sejm-i-rzad-podtrzymuje-stanowisko-ws-weta-do-unijnego-budzetu-przepisy-sa-niezgodne-z-unijnymi-traktatami\/"]}]},{"@type":"ImageObject","inLanguage":"en-GB","@id":"https:\/\/marekkuchcinski.pl\/wydarzenia\/sejm-i-rzad-podtrzymuje-stanowisko-ws-weta-do-unijnego-budzetu-przepisy-sa-niezgodne-z-unijnymi-traktatami\/#primaryimage","url":"https:\/\/marekkuchcinski.pl\/wp-content\/uploads\/2020\/11\/Weto-glos.-scaled.jpg","contentUrl":"https:\/\/marekkuchcinski.pl\/wp-content\/uploads\/2020\/11\/Weto-glos.-scaled.jpg","width":2048,"height":1363},{"@type":"BreadcrumbList","@id":"https:\/\/marekkuchcinski.pl\/wydarzenia\/sejm-i-rzad-podtrzymuje-stanowisko-ws-weta-do-unijnego-budzetu-przepisy-sa-niezgodne-z-unijnymi-traktatami\/#breadcrumb","itemListElement":[{"@type":"ListItem","position":1,"name":"Strona g\u0142\u00f3wna","item":"https:\/\/marekkuchcinski.pl\/"},{"@type":"ListItem","position":2,"name":"Sejm i rz\u0105d podtrzymuje stanowisko ws. weta do unijnego bud\u017cetu: Przepisy s\u0105 niezgodne z traktatami"}]},{"@type":"WebSite","@id":"https:\/\/marekkuchcinski.pl\/#website","url":"https:\/\/marekkuchcinski.pl\/","name":"Marek Kuchci\u0144ski","description":"Pose\u0142 na sejm RP &ndash; okr\u0119g nr 22","publisher":{"@id":"https:\/\/marekkuchcinski.pl\/#organization"},"potentialAction":[{"@type":"SearchAction","target":{"@type":"EntryPoint","urlTemplate":"https:\/\/marekkuchcinski.pl\/?s={search_term_string}"},"query-input":{"@type":"PropertyValueSpecification","valueRequired":true,"valueName":"search_term_string"}}],"inLanguage":"en-GB"},{"@type":"Organization","@id":"https:\/\/marekkuchcinski.pl\/#organization","name":"Marek Kuchci\u0144ski","url":"https:\/\/marekkuchcinski.pl\/","logo":{"@type":"ImageObject","inLanguage":"en-GB","@id":"https:\/\/marekkuchcinski.pl\/#\/schema\/logo\/image\/","url":"https:\/\/marekkuchcinski.pl\/wp-content\/uploads\/2022\/09\/Marek.jpg","contentUrl":"https:\/\/marekkuchcinski.pl\/wp-content\/uploads\/2022\/09\/Marek.jpg","width":1600,"height":971,"caption":"Marek Kuchci\u0144ski"},"image":{"@id":"https:\/\/marekkuchcinski.pl\/#\/schema\/logo\/image\/"}},{"@type":"Person","@id":"https:\/\/marekkuchcinski.pl\/#\/schema\/person\/51d5d4ee3b5317b8e4dd2b48af359229","name":"Marta Olejnik","image":{"@type":"ImageObject","inLanguage":"en-GB","@id":"https:\/\/marekkuchcinski.pl\/#\/schema\/person\/image\/","url":"https:\/\/secure.gravatar.com\/avatar\/e39914b2aa6a48959e24d475b5dc9793?s=96&d=mm&r=g","contentUrl":"https:\/\/secure.gravatar.com\/avatar\/e39914b2aa6a48959e24d475b5dc9793?s=96&d=mm&r=g","caption":"Marta Olejnik"},"url":"https:\/\/marekkuchcinski.pl\/en\/author\/marta\/"}]}},"_links":{"self":[{"href":"https:\/\/marekkuchcinski.pl\/en\/wp-json\/wp\/v2\/posts\/20256","targetHints":{"allow":["GET"]}}],"collection":[{"href":"https:\/\/marekkuchcinski.pl\/en\/wp-json\/wp\/v2\/posts"}],"about":[{"href":"https:\/\/marekkuchcinski.pl\/en\/wp-json\/wp\/v2\/types\/post"}],"author":[{"embeddable":true,"href":"https:\/\/marekkuchcinski.pl\/en\/wp-json\/wp\/v2\/users\/21"}],"replies":[{"embeddable":true,"href":"https:\/\/marekkuchcinski.pl\/en\/wp-json\/wp\/v2\/comments?post=20256"}],"version-history":[{"count":7,"href":"https:\/\/marekkuchcinski.pl\/en\/wp-json\/wp\/v2\/posts\/20256\/revisions"}],"predecessor-version":[{"id":20265,"href":"https:\/\/marekkuchcinski.pl\/en\/wp-json\/wp\/v2\/posts\/20256\/revisions\/20265"}],"wp:featuredmedia":[{"embeddable":true,"href":"https:\/\/marekkuchcinski.pl\/en\/wp-json\/wp\/v2\/media\/20259"}],"wp:attachment":[{"href":"https:\/\/marekkuchcinski.pl\/en\/wp-json\/wp\/v2\/media?parent=20256"}],"wp:term":[{"taxonomy":"category","embeddable":true,"href":"https:\/\/marekkuchcinski.pl\/en\/wp-json\/wp\/v2\/categories?post=20256"},{"taxonomy":"post_tag","embeddable":true,"href":"https:\/\/marekkuchcinski.pl\/en\/wp-json\/wp\/v2\/tags?post=20256"}],"curies":[{"name":"wp","href":"https:\/\/api.w.org\/{rel}","templated":true}]}}