{"id":20036,"date":"2020-10-19T13:05:46","date_gmt":"2020-10-19T11:05:46","guid":{"rendered":"https:\/\/marekkuchcinski.pl\/?p=20036"},"modified":"2022-04-12T16:29:40","modified_gmt":"2022-04-12T14:29:40","slug":"komisje-sejmowe-spraw-zagranicznych-i-ochrony-srodowiska","status":"publish","type":"post","link":"https:\/\/marekkuchcinski.pl\/en\/wydarzenia\/komisje-sejmowe-spraw-zagranicznych-i-ochrony-srodowiska\/","title":{"rendered":"Sejm committees: foreign affairs and environmental protection"},"content":{"rendered":"<p>At the meeting <strong>Committee on Foreign Affairs (SZA<\/strong>) listened to \"Information from the Minister of Foreign Affairs and the Minister of Digitalization on the priorities of Polish foreign policy in the context of dynamic political, geopolitical and geo-economic processes\".<\/p>\n\n\n\n<p>In information provided by Piotr Wawrzyk, Secretary of State at the Ministry of Foreign Affairs, and Marek Zag\u00f3rski, Secretary of State at the Chancellery of the Prime Minister, it was emphasized that the proposed amendment is not intended to exclude specific service and technology providers, but only to protect the state against so-called high-risk providers. The main change contained in the amendment is the implementation of mechanisms for assessing suppliers and technologies in terms of cyber security. It was also pointed out that such legal steps have been taken or are being taken by other EU member states, as well as non-EU countries, while the term \"high-risk provider\" has long been used in documents of EU institutions, including the European Commission. It was pointed out that the amendment should be understood as a tool that will allow responding in a legal manner to threats that may arise at the stage of selecting a service provider, but also during the subsequent use of ICT networks.<\/p>\n\n\n\n<div class=\"wp-block-image\"><figure class=\"aligncenter size-large\"><img fetchpriority=\"high\" decoding=\"async\" width=\"1024\" height=\"683\" src=\"https:\/\/marekkuchcinski.pl\/wp-content\/uploads\/2020\/10\/marek-1024x683.jpg\" alt=\"\" class=\"wp-image-20041\" srcset=\"https:\/\/marekkuchcinski.pl\/wp-content\/uploads\/2020\/10\/marek-1024x683.jpg 1024w, https:\/\/marekkuchcinski.pl\/wp-content\/uploads\/2020\/10\/marek-300x200.jpg 300w, https:\/\/marekkuchcinski.pl\/wp-content\/uploads\/2020\/10\/marek-768x512.jpg 768w, https:\/\/marekkuchcinski.pl\/wp-content\/uploads\/2020\/10\/marek-1536x1024.jpg 1536w, https:\/\/marekkuchcinski.pl\/wp-content\/uploads\/2020\/10\/marek-scaled.jpg 2048w\" sizes=\"(max-width: 1024px) 100vw, 1024px\" \/><figcaption><strong><em>Chairman of the SZA Marek Kuchci\u0144ski<\/em><\/strong><\/figcaption><\/figure><\/div>\n\n\n\n<p><\/p>\n\n\n\n<p>During <strong>Committee on the Environment, Natural Resources and Forestry (OSZ) <\/strong>information was presented on the activities of the State Forest Enterprise (Pa\u0144stwowe Gospodarstwo Le\u015bne Lasy Pa\u0144stwowe). <\/p>\n\n\n\n<p>MEPs are concerned about the condition of forests in the Carpathians, including the Przemyskie Foothills, where there are numerous reports of old trees being cut down. The main concern is to preserve the largest possible areas of old-growth forests and those places that may become protected and valuable natural areas in the future.<\/p>\n\n\n\n<p>The Ministry of Environment stressed, among others, that - LP is a modern and efficient organization respecting tradition and achievements of previous generations - Established in 1924 - It has 430 forest districts, 26,373 employees, including 17,648 in the forest service, who manage 77% of forests in Poland (7.6 million hectares) - The forest cover is 29.6% of Poland's area - The State Forests plant 500 million trees every year - They supply 90% of wood used by the Polish industry.<\/p>\n\n\n\n<p>Each year, the State Forests allocate large funds for the implementation of tasks important to society and the state. To subsidize the construction, repair and modernization of local government public roads, the State Forests have provided more than PLN 211 million in 2016-2018. However, in 2019, PLN 73 million has been allocated for this purpose.&nbsp;&nbsp;<\/p>\n\n\n\n<p>The most important challenges facing the State Forests include the protection of forests against the effects of climate change, i.e. fires, forest dieback, natural disasters, forest diseases, as well as the implementation of programs for the protection and restitution of protected, endangered animal species.<\/p>\n\n\n\n<figure class=\"wp-block-image size-large\"><img decoding=\"async\" width=\"1024\" height=\"682\" src=\"https:\/\/marekkuchcinski.pl\/wp-content\/uploads\/2020\/10\/AZZ_1736-1024x682.jpg\" alt=\"\" class=\"wp-image-20037\" srcset=\"https:\/\/marekkuchcinski.pl\/wp-content\/uploads\/2020\/10\/AZZ_1736-1024x682.jpg 1024w, https:\/\/marekkuchcinski.pl\/wp-content\/uploads\/2020\/10\/AZZ_1736-300x200.jpg 300w, https:\/\/marekkuchcinski.pl\/wp-content\/uploads\/2020\/10\/AZZ_1736-768x512.jpg 768w, https:\/\/marekkuchcinski.pl\/wp-content\/uploads\/2020\/10\/AZZ_1736-1536x1023.jpg 1536w, https:\/\/marekkuchcinski.pl\/wp-content\/uploads\/2020\/10\/AZZ_1736-scaled.jpg 2048w\" sizes=\"(max-width: 1024px) 100vw, 1024px\" \/><\/figure>","protected":false},"excerpt":{"rendered":"<p>The meeting of the Foreign Affairs Committee (FAC) heard \"Information from the Minister of Foreign Affairs and the Minister of Digitization on the priorities of Polish foreign policy in the context of dynamic political, geopolitical and geo-economic processes.\" The information, provided by Secretary of State at the Ministry of Foreign Affairs Piotr Wawrzyk and Secretary of State at the Chancellery of the Prime Minister Marek Zag\u00f3rski, stressed that the proposed [...]<\/p>","protected":false},"author":21,"featured_media":20041,"comment_status":"open","ping_status":"open","sticky":false,"template":"","format":"standard","meta":{"ngg_post_thumbnail":0,"footnotes":""},"categories":[181,164,81,50,3],"tags":[],"class_list":["post-20036","post","type-post","status-publish","format-standard","has-post-thumbnail","hentry","category-komisje-sejmowe-komisje-sejmowe","category-komisje-sejmowe","category-wiesci-z-sejmu","category-wspolpraca-miedzynarodowa","category-wydarzenia"],"yoast_head":"<!-- This site is optimized with the Yoast SEO plugin v24.7 - https:\/\/yoast.com\/wordpress\/plugins\/seo\/ -->\n<title>Komisje sejmowe: spraw zagranicznych i ochrony \u015brodowiska &#8211; Marek Kuchci\u0144ski<\/title>\n<meta name=\"robots\" content=\"index, follow, max-snippet:-1, max-image-preview:large, max-video-preview:-1\" \/>\n<link rel=\"canonical\" href=\"https:\/\/marekkuchcinski.pl\/en\/wydarzenia\/komisje-sejmowe-spraw-zagranicznych-i-ochrony-srodowiska\/\" \/>\n<meta property=\"og:locale\" content=\"en_GB\" \/>\n<meta property=\"og:type\" content=\"article\" \/>\n<meta property=\"og:title\" content=\"Komisje sejmowe: spraw zagranicznych i ochrony \u015brodowiska &#8211; Marek Kuchci\u0144ski\" \/>\n<meta property=\"og:description\" content=\"Na posiedzeniu Komisji Spraw Zagranicznych (SZA) wys\u0142uchano \u201eInformacji Ministra Spraw Zagranicznych oraz Ministra Cyfryzacji na temat priorytet\u00f3w polskiej polityki zagranicznej w kontek\u015bcie dynamicznych proces\u00f3w politycznych, geopolitycznych i geoekonomicznych\u201d. W informacji, kt\u00f3rej udzielili: sekretarz stanu w Ministerstwie Spraw Zagranicznych \u2013 Piotr Wawrzyk oraz sekretarz stanu w Kancelarii Prezesa Rady Ministr\u00f3w \u2013 Marek Zag\u00f3rski, podkre\u015blono, \u017ce proponowana [&hellip;]\" \/>\n<meta property=\"og:url\" content=\"https:\/\/marekkuchcinski.pl\/en\/wydarzenia\/komisje-sejmowe-spraw-zagranicznych-i-ochrony-srodowiska\/\" \/>\n<meta property=\"og:site_name\" content=\"Marek Kuchci\u0144ski\" \/>\n<meta property=\"article:published_time\" content=\"2020-10-19T11:05:46+00:00\" \/>\n<meta property=\"article:modified_time\" content=\"2022-04-12T14:29:40+00:00\" \/>\n<meta property=\"og:image\" content=\"https:\/\/marekkuchcinski.pl\/wp-content\/uploads\/2020\/10\/marek-scaled.jpg\" \/>\n\t<meta property=\"og:image:width\" content=\"2048\" \/>\n\t<meta property=\"og:image:height\" content=\"1365\" \/>\n\t<meta property=\"og:image:type\" content=\"image\/jpeg\" \/>\n<meta name=\"author\" content=\"Marta Olejnik\" \/>\n<meta name=\"twitter:card\" content=\"summary_large_image\" \/>\n<meta name=\"twitter:label1\" content=\"Written by\" \/>\n\t<meta name=\"twitter:data1\" content=\"Marta Olejnik\" \/>\n\t<meta name=\"twitter:label2\" content=\"Estimated reading time\" \/>\n\t<meta name=\"twitter:data2\" content=\"3 minutes\" \/>\n<script type=\"application\/ld+json\" class=\"yoast-schema-graph\">{\"@context\":\"https:\/\/schema.org\",\"@graph\":[{\"@type\":\"Article\",\"@id\":\"https:\/\/marekkuchcinski.pl\/wydarzenia\/komisje-sejmowe-spraw-zagranicznych-i-ochrony-srodowiska\/#article\",\"isPartOf\":{\"@id\":\"https:\/\/marekkuchcinski.pl\/wydarzenia\/komisje-sejmowe-spraw-zagranicznych-i-ochrony-srodowiska\/\"},\"author\":{\"name\":\"Marta Olejnik\",\"@id\":\"https:\/\/marekkuchcinski.pl\/#\/schema\/person\/51d5d4ee3b5317b8e4dd2b48af359229\"},\"headline\":\"Komisje sejmowe: spraw zagranicznych i ochrony \u015brodowiska\",\"datePublished\":\"2020-10-19T11:05:46+00:00\",\"dateModified\":\"2022-04-12T14:29:40+00:00\",\"mainEntityOfPage\":{\"@id\":\"https:\/\/marekkuchcinski.pl\/wydarzenia\/komisje-sejmowe-spraw-zagranicznych-i-ochrony-srodowiska\/\"},\"wordCount\":467,\"commentCount\":0,\"publisher\":{\"@id\":\"https:\/\/marekkuchcinski.pl\/#organization\"},\"image\":{\"@id\":\"https:\/\/marekkuchcinski.pl\/wydarzenia\/komisje-sejmowe-spraw-zagranicznych-i-ochrony-srodowiska\/#primaryimage\"},\"thumbnailUrl\":\"https:\/\/marekkuchcinski.pl\/wp-content\/uploads\/2020\/10\/marek-scaled.jpg\",\"articleSection\":[\"Komisje sejmowe\",\"Komisje Sejmowe\",\"Wie\u015bci z Sejmu\",\"Wsp\u00f3\u0142praca mi\u0119dzynarodowa\",\"Wydarzenia\"],\"inLanguage\":\"en-GB\",\"potentialAction\":[{\"@type\":\"CommentAction\",\"name\":\"Comment\",\"target\":[\"https:\/\/marekkuchcinski.pl\/wydarzenia\/komisje-sejmowe-spraw-zagranicznych-i-ochrony-srodowiska\/#respond\"]}]},{\"@type\":\"WebPage\",\"@id\":\"https:\/\/marekkuchcinski.pl\/wydarzenia\/komisje-sejmowe-spraw-zagranicznych-i-ochrony-srodowiska\/\",\"url\":\"https:\/\/marekkuchcinski.pl\/wydarzenia\/komisje-sejmowe-spraw-zagranicznych-i-ochrony-srodowiska\/\",\"name\":\"Komisje sejmowe: spraw zagranicznych i ochrony \u015brodowiska &#8211; Marek Kuchci\u0144ski\",\"isPartOf\":{\"@id\":\"https:\/\/marekkuchcinski.pl\/#website\"},\"primaryImageOfPage\":{\"@id\":\"https:\/\/marekkuchcinski.pl\/wydarzenia\/komisje-sejmowe-spraw-zagranicznych-i-ochrony-srodowiska\/#primaryimage\"},\"image\":{\"@id\":\"https:\/\/marekkuchcinski.pl\/wydarzenia\/komisje-sejmowe-spraw-zagranicznych-i-ochrony-srodowiska\/#primaryimage\"},\"thumbnailUrl\":\"https:\/\/marekkuchcinski.pl\/wp-content\/uploads\/2020\/10\/marek-scaled.jpg\",\"datePublished\":\"2020-10-19T11:05:46+00:00\",\"dateModified\":\"2022-04-12T14:29:40+00:00\",\"breadcrumb\":{\"@id\":\"https:\/\/marekkuchcinski.pl\/wydarzenia\/komisje-sejmowe-spraw-zagranicznych-i-ochrony-srodowiska\/#breadcrumb\"},\"inLanguage\":\"en-GB\",\"potentialAction\":[{\"@type\":\"ReadAction\",\"target\":[\"https:\/\/marekkuchcinski.pl\/wydarzenia\/komisje-sejmowe-spraw-zagranicznych-i-ochrony-srodowiska\/\"]}]},{\"@type\":\"ImageObject\",\"inLanguage\":\"en-GB\",\"@id\":\"https:\/\/marekkuchcinski.pl\/wydarzenia\/komisje-sejmowe-spraw-zagranicznych-i-ochrony-srodowiska\/#primaryimage\",\"url\":\"https:\/\/marekkuchcinski.pl\/wp-content\/uploads\/2020\/10\/marek-scaled.jpg\",\"contentUrl\":\"https:\/\/marekkuchcinski.pl\/wp-content\/uploads\/2020\/10\/marek-scaled.jpg\",\"width\":2048,\"height\":1365},{\"@type\":\"BreadcrumbList\",\"@id\":\"https:\/\/marekkuchcinski.pl\/wydarzenia\/komisje-sejmowe-spraw-zagranicznych-i-ochrony-srodowiska\/#breadcrumb\",\"itemListElement\":[{\"@type\":\"ListItem\",\"position\":1,\"name\":\"Strona g\u0142\u00f3wna\",\"item\":\"https:\/\/marekkuchcinski.pl\/\"},{\"@type\":\"ListItem\",\"position\":2,\"name\":\"Komisje sejmowe: spraw zagranicznych i ochrony \u015brodowiska\"}]},{\"@type\":\"WebSite\",\"@id\":\"https:\/\/marekkuchcinski.pl\/#website\",\"url\":\"https:\/\/marekkuchcinski.pl\/\",\"name\":\"Marek Kuchci\u0144ski\",\"description\":\"Pose\u0142 na sejm RP &ndash; okr\u0119g nr 22\",\"publisher\":{\"@id\":\"https:\/\/marekkuchcinski.pl\/#organization\"},\"potentialAction\":[{\"@type\":\"SearchAction\",\"target\":{\"@type\":\"EntryPoint\",\"urlTemplate\":\"https:\/\/marekkuchcinski.pl\/?s={search_term_string}\"},\"query-input\":{\"@type\":\"PropertyValueSpecification\",\"valueRequired\":true,\"valueName\":\"search_term_string\"}}],\"inLanguage\":\"en-GB\"},{\"@type\":\"Organization\",\"@id\":\"https:\/\/marekkuchcinski.pl\/#organization\",\"name\":\"Marek Kuchci\u0144ski\",\"url\":\"https:\/\/marekkuchcinski.pl\/\",\"logo\":{\"@type\":\"ImageObject\",\"inLanguage\":\"en-GB\",\"@id\":\"https:\/\/marekkuchcinski.pl\/#\/schema\/logo\/image\/\",\"url\":\"https:\/\/marekkuchcinski.pl\/wp-content\/uploads\/2022\/09\/Marek.jpg\",\"contentUrl\":\"https:\/\/marekkuchcinski.pl\/wp-content\/uploads\/2022\/09\/Marek.jpg\",\"width\":1600,\"height\":971,\"caption\":\"Marek Kuchci\u0144ski\"},\"image\":{\"@id\":\"https:\/\/marekkuchcinski.pl\/#\/schema\/logo\/image\/\"}},{\"@type\":\"Person\",\"@id\":\"https:\/\/marekkuchcinski.pl\/#\/schema\/person\/51d5d4ee3b5317b8e4dd2b48af359229\",\"name\":\"Marta Olejnik\",\"image\":{\"@type\":\"ImageObject\",\"inLanguage\":\"en-GB\",\"@id\":\"https:\/\/marekkuchcinski.pl\/#\/schema\/person\/image\/\",\"url\":\"https:\/\/secure.gravatar.com\/avatar\/e39914b2aa6a48959e24d475b5dc9793?s=96&d=mm&r=g\",\"contentUrl\":\"https:\/\/secure.gravatar.com\/avatar\/e39914b2aa6a48959e24d475b5dc9793?s=96&d=mm&r=g\",\"caption\":\"Marta Olejnik\"},\"url\":\"https:\/\/marekkuchcinski.pl\/en\/author\/marta\/\"}]}<\/script>\n<!-- \/ Yoast SEO plugin. -->","yoast_head_json":{"title":"Komisje sejmowe: spraw zagranicznych i ochrony \u015brodowiska &#8211; Marek Kuchci\u0144ski","robots":{"index":"index","follow":"follow","max-snippet":"max-snippet:-1","max-image-preview":"max-image-preview:large","max-video-preview":"max-video-preview:-1"},"canonical":"https:\/\/marekkuchcinski.pl\/en\/wydarzenia\/komisje-sejmowe-spraw-zagranicznych-i-ochrony-srodowiska\/","og_locale":"en_GB","og_type":"article","og_title":"Komisje sejmowe: spraw zagranicznych i ochrony \u015brodowiska &#8211; Marek Kuchci\u0144ski","og_description":"Na posiedzeniu Komisji Spraw Zagranicznych (SZA) wys\u0142uchano \u201eInformacji Ministra Spraw Zagranicznych oraz Ministra Cyfryzacji na temat priorytet\u00f3w polskiej polityki zagranicznej w kontek\u015bcie dynamicznych proces\u00f3w politycznych, geopolitycznych i geoekonomicznych\u201d. W informacji, kt\u00f3rej udzielili: sekretarz stanu w Ministerstwie Spraw Zagranicznych \u2013 Piotr Wawrzyk oraz sekretarz stanu w Kancelarii Prezesa Rady Ministr\u00f3w \u2013 Marek Zag\u00f3rski, podkre\u015blono, \u017ce proponowana [&hellip;]","og_url":"https:\/\/marekkuchcinski.pl\/en\/wydarzenia\/komisje-sejmowe-spraw-zagranicznych-i-ochrony-srodowiska\/","og_site_name":"Marek Kuchci\u0144ski","article_published_time":"2020-10-19T11:05:46+00:00","article_modified_time":"2022-04-12T14:29:40+00:00","og_image":[{"width":2048,"height":1365,"url":"https:\/\/marekkuchcinski.pl\/wp-content\/uploads\/2020\/10\/marek-scaled.jpg","type":"image\/jpeg"}],"author":"Marta Olejnik","twitter_card":"summary_large_image","twitter_misc":{"Written by":"Marta Olejnik","Estimated reading time":"3 minutes"},"schema":{"@context":"https:\/\/schema.org","@graph":[{"@type":"Article","@id":"https:\/\/marekkuchcinski.pl\/wydarzenia\/komisje-sejmowe-spraw-zagranicznych-i-ochrony-srodowiska\/#article","isPartOf":{"@id":"https:\/\/marekkuchcinski.pl\/wydarzenia\/komisje-sejmowe-spraw-zagranicznych-i-ochrony-srodowiska\/"},"author":{"name":"Marta Olejnik","@id":"https:\/\/marekkuchcinski.pl\/#\/schema\/person\/51d5d4ee3b5317b8e4dd2b48af359229"},"headline":"Komisje sejmowe: spraw zagranicznych i ochrony \u015brodowiska","datePublished":"2020-10-19T11:05:46+00:00","dateModified":"2022-04-12T14:29:40+00:00","mainEntityOfPage":{"@id":"https:\/\/marekkuchcinski.pl\/wydarzenia\/komisje-sejmowe-spraw-zagranicznych-i-ochrony-srodowiska\/"},"wordCount":467,"commentCount":0,"publisher":{"@id":"https:\/\/marekkuchcinski.pl\/#organization"},"image":{"@id":"https:\/\/marekkuchcinski.pl\/wydarzenia\/komisje-sejmowe-spraw-zagranicznych-i-ochrony-srodowiska\/#primaryimage"},"thumbnailUrl":"https:\/\/marekkuchcinski.pl\/wp-content\/uploads\/2020\/10\/marek-scaled.jpg","articleSection":["Komisje sejmowe","Komisje Sejmowe","Wie\u015bci z Sejmu","Wsp\u00f3\u0142praca mi\u0119dzynarodowa","Wydarzenia"],"inLanguage":"en-GB","potentialAction":[{"@type":"CommentAction","name":"Comment","target":["https:\/\/marekkuchcinski.pl\/wydarzenia\/komisje-sejmowe-spraw-zagranicznych-i-ochrony-srodowiska\/#respond"]}]},{"@type":"WebPage","@id":"https:\/\/marekkuchcinski.pl\/wydarzenia\/komisje-sejmowe-spraw-zagranicznych-i-ochrony-srodowiska\/","url":"https:\/\/marekkuchcinski.pl\/wydarzenia\/komisje-sejmowe-spraw-zagranicznych-i-ochrony-srodowiska\/","name":"Komisje sejmowe: spraw zagranicznych i ochrony \u015brodowiska &#8211; Marek Kuchci\u0144ski","isPartOf":{"@id":"https:\/\/marekkuchcinski.pl\/#website"},"primaryImageOfPage":{"@id":"https:\/\/marekkuchcinski.pl\/wydarzenia\/komisje-sejmowe-spraw-zagranicznych-i-ochrony-srodowiska\/#primaryimage"},"image":{"@id":"https:\/\/marekkuchcinski.pl\/wydarzenia\/komisje-sejmowe-spraw-zagranicznych-i-ochrony-srodowiska\/#primaryimage"},"thumbnailUrl":"https:\/\/marekkuchcinski.pl\/wp-content\/uploads\/2020\/10\/marek-scaled.jpg","datePublished":"2020-10-19T11:05:46+00:00","dateModified":"2022-04-12T14:29:40+00:00","breadcrumb":{"@id":"https:\/\/marekkuchcinski.pl\/wydarzenia\/komisje-sejmowe-spraw-zagranicznych-i-ochrony-srodowiska\/#breadcrumb"},"inLanguage":"en-GB","potentialAction":[{"@type":"ReadAction","target":["https:\/\/marekkuchcinski.pl\/wydarzenia\/komisje-sejmowe-spraw-zagranicznych-i-ochrony-srodowiska\/"]}]},{"@type":"ImageObject","inLanguage":"en-GB","@id":"https:\/\/marekkuchcinski.pl\/wydarzenia\/komisje-sejmowe-spraw-zagranicznych-i-ochrony-srodowiska\/#primaryimage","url":"https:\/\/marekkuchcinski.pl\/wp-content\/uploads\/2020\/10\/marek-scaled.jpg","contentUrl":"https:\/\/marekkuchcinski.pl\/wp-content\/uploads\/2020\/10\/marek-scaled.jpg","width":2048,"height":1365},{"@type":"BreadcrumbList","@id":"https:\/\/marekkuchcinski.pl\/wydarzenia\/komisje-sejmowe-spraw-zagranicznych-i-ochrony-srodowiska\/#breadcrumb","itemListElement":[{"@type":"ListItem","position":1,"name":"Strona g\u0142\u00f3wna","item":"https:\/\/marekkuchcinski.pl\/"},{"@type":"ListItem","position":2,"name":"Komisje sejmowe: spraw zagranicznych i ochrony \u015brodowiska"}]},{"@type":"WebSite","@id":"https:\/\/marekkuchcinski.pl\/#website","url":"https:\/\/marekkuchcinski.pl\/","name":"Marek Kuchci\u0144ski","description":"Pose\u0142 na sejm RP &ndash; okr\u0119g nr 22","publisher":{"@id":"https:\/\/marekkuchcinski.pl\/#organization"},"potentialAction":[{"@type":"SearchAction","target":{"@type":"EntryPoint","urlTemplate":"https:\/\/marekkuchcinski.pl\/?s={search_term_string}"},"query-input":{"@type":"PropertyValueSpecification","valueRequired":true,"valueName":"search_term_string"}}],"inLanguage":"en-GB"},{"@type":"Organization","@id":"https:\/\/marekkuchcinski.pl\/#organization","name":"Marek Kuchci\u0144ski","url":"https:\/\/marekkuchcinski.pl\/","logo":{"@type":"ImageObject","inLanguage":"en-GB","@id":"https:\/\/marekkuchcinski.pl\/#\/schema\/logo\/image\/","url":"https:\/\/marekkuchcinski.pl\/wp-content\/uploads\/2022\/09\/Marek.jpg","contentUrl":"https:\/\/marekkuchcinski.pl\/wp-content\/uploads\/2022\/09\/Marek.jpg","width":1600,"height":971,"caption":"Marek Kuchci\u0144ski"},"image":{"@id":"https:\/\/marekkuchcinski.pl\/#\/schema\/logo\/image\/"}},{"@type":"Person","@id":"https:\/\/marekkuchcinski.pl\/#\/schema\/person\/51d5d4ee3b5317b8e4dd2b48af359229","name":"Marta Olejnik","image":{"@type":"ImageObject","inLanguage":"en-GB","@id":"https:\/\/marekkuchcinski.pl\/#\/schema\/person\/image\/","url":"https:\/\/secure.gravatar.com\/avatar\/e39914b2aa6a48959e24d475b5dc9793?s=96&d=mm&r=g","contentUrl":"https:\/\/secure.gravatar.com\/avatar\/e39914b2aa6a48959e24d475b5dc9793?s=96&d=mm&r=g","caption":"Marta Olejnik"},"url":"https:\/\/marekkuchcinski.pl\/en\/author\/marta\/"}]}},"_links":{"self":[{"href":"https:\/\/marekkuchcinski.pl\/en\/wp-json\/wp\/v2\/posts\/20036","targetHints":{"allow":["GET"]}}],"collection":[{"href":"https:\/\/marekkuchcinski.pl\/en\/wp-json\/wp\/v2\/posts"}],"about":[{"href":"https:\/\/marekkuchcinski.pl\/en\/wp-json\/wp\/v2\/types\/post"}],"author":[{"embeddable":true,"href":"https:\/\/marekkuchcinski.pl\/en\/wp-json\/wp\/v2\/users\/21"}],"replies":[{"embeddable":true,"href":"https:\/\/marekkuchcinski.pl\/en\/wp-json\/wp\/v2\/comments?post=20036"}],"version-history":[{"count":22,"href":"https:\/\/marekkuchcinski.pl\/en\/wp-json\/wp\/v2\/posts\/20036\/revisions"}],"predecessor-version":[{"id":24707,"href":"https:\/\/marekkuchcinski.pl\/en\/wp-json\/wp\/v2\/posts\/20036\/revisions\/24707"}],"wp:featuredmedia":[{"embeddable":true,"href":"https:\/\/marekkuchcinski.pl\/en\/wp-json\/wp\/v2\/media\/20041"}],"wp:attachment":[{"href":"https:\/\/marekkuchcinski.pl\/en\/wp-json\/wp\/v2\/media?parent=20036"}],"wp:term":[{"taxonomy":"category","embeddable":true,"href":"https:\/\/marekkuchcinski.pl\/en\/wp-json\/wp\/v2\/categories?post=20036"},{"taxonomy":"post_tag","embeddable":true,"href":"https:\/\/marekkuchcinski.pl\/en\/wp-json\/wp\/v2\/tags?post=20036"}],"curies":[{"name":"wp","href":"https:\/\/api.w.org\/{rel}","templated":true}]}}