{"id":19859,"date":"2020-09-26T13:27:06","date_gmt":"2020-09-26T11:27:06","guid":{"rendered":"https:\/\/marekkuchcinski.pl\/?p=19859"},"modified":"2020-09-26T13:27:08","modified_gmt":"2020-09-26T11:27:08","slug":"marek-kuchcinski-zostal-ambasadorem-instytutu-wspolpracy-polsko-wegierskiej-im-waclawa-felczaka","status":"publish","type":"post","link":"https:\/\/marekkuchcinski.pl\/en\/wydarzenia\/marek-kuchcinski-zostal-ambasadorem-instytutu-wspolpracy-polsko-wegierskiej-im-waclawa-felczaka\/","title":{"rendered":"Marek Kuchci\u0144ski zosta\u0142 Ambasadorem Instytutu Wsp\u00f3\u0142pracy Polsko-W\u0119gierskiej im. Wac\u0142awa Felczaka"},"content":{"rendered":"<p class=\"wp-block-paragraph\">W laudacji wyg\u0142oszonej podczas Polsko-W\u0119gierskiego Forum w Krasiczynie dyrektor Instytutu dr Maciej Szymanowski podkre\u015bli\u0142, \u017ce decyzja Rady Instytutu zapad\u0142a jednog\u0142o\u015bnie, poniewa\u017c Marek Kuchci\u0144ski anga\u017cowa\u0142 si\u0119 w popularyzacj\u0119 i pog\u0142\u0119bianie relacji polsko-w\u0119gierskich ju\u017c jako dziennikarz i wydawca licznych, w tym kolportowanych poza komunistyczn\u0105 cenzur\u0105 i okiem SB pism i czasopism, jako animator wydarze\u0144 kulturalnych zar\u00f3wno przed, jak i po 1989 roku; wsp\u00f3\u0142tw\u00f3rca i organizator projektu Europa Karpat, marsza\u0142ek Sejmu VIII kadencji, w trakcie trwania kt\u00f3rej rekordowo szybko zosta\u0142a przyj\u0119ta ustawa o powo\u0142aniu Instytutu Felczaka, uchwa\u0142y upami\u0119tniaj\u0105ce Henryka S\u0142awika czy pomoc polskim uchod\u017acom udzielon\u0105 przez W\u0119gr\u00f3w w 1939 roku.<\/p>\n\n\n\n<p class=\"wp-block-paragraph\">Intensywno\u015b\u0107 kontakt\u00f3w marsza\u0142ka Sejmu VIII kadencji Marka Kuchci\u0144skiego i przewodnicz\u0105cego w\u0119gierskiego parlamentu L\u00e1szl\u00f3 K\u00f6v\u00e9ra na szczeblu dyplomacji parlamentarnej sprawi\u0142a, \u017ce braterstwo mi\u0119dzy oboma krajami nabra\u0142o realnej si\u0142y w polityce mi\u0119dzynarodowej. Marek Kuchci\u0144ski w 2017 r. doprowadzi\u0142 do podpisania porozumienia o partnerstwie strategicznym, przewiduj\u0105ce m.in. wzmocnion\u0105 wsp\u00f3\u0142prac\u0119 parlamentarn\u0105 Polski i W\u0119gier.&nbsp;W dzisiejszych czasach polityka zagraniczna, budowanie silnej pozycji na \u015bwiecie wymaga bowiem umiej\u0119tno\u015bci tworzenia sojuszy na wielu poziomach. Nowoczesna dyplomacja to nie tylko kontakty prezydent\u00f3w, przedstawicieli rz\u0105d\u00f3w, ale i w\u0142adzy ustawodawczej. Dziesi\u0105tki spotka\u0144, setki godzin rozm\u00f3w, wiele wsp\u00f3lnych projekt\u00f3w i ustale\u0144. Wymiar tych relacji ma znaczenie nie tylko symboliczne, ale przede wszystkim praktyczne, bo wsp\u00f3lny g\u0142os Polski i W\u0119gier, a tak\u017ce ca\u0142ej Grupy Wyszehradzkiej zacz\u0105\u0142 brzmie\u0107 coraz g\u0142o\u015bniej, dzi\u0119ki czemu \u0142atwiej przekonywa\u0107 do naszych warto\u015bci i wizji Uni\u0119 Europejsk\u0105.<\/p>\n\n\n\n<p class=\"wp-block-paragraph\">\u2013 Relacje polsko-w\u0119gierskie s\u0105 fenomenem. Nasza wsp\u00f3\u0142praca jest niezobowi\u0105zuj\u0105ca, ale skuteczna \u2013 podkre\u015bla\u0142 Kuchci\u0144ski. Zdaniem marsza\u0142ka jeste\u015bmy pos\u0142a\u0144cami i zarazem tw\u00f3rczymi kontynuatorami wielkiej sprawy, kt\u00f3ra rozpocz\u0119\u0142a si\u0119 przed tysi\u0105cem lat. Kontynuatorami dzie\u0142a i tradycji dawnych dynastii \u2013 Piast\u00f3w, Arpad\u00f3w i Andegawen\u00f3w, Jagiellon\u00f3w i Batorych. Dziedzicami naszych rodak\u00f3w z okresu Wiosny Lud\u00f3w oraz mi\u0119dzywojennej wsp\u00f3\u0142pracy Rzeczypospolitej i Kr\u00f3lestwa W\u0119gier, a tak\u017ce Polak\u00f3w i W\u0119gr\u00f3w nios\u0105cych sobie wzajemnie pomoc w czasie II wojny \u015bwiatowej i w 1956 roku.&nbsp;<\/p>\n\n\n\n<p class=\"wp-block-paragraph\">Prac\u0119 marsza\u0142ka na rzecz umacniania relacji mi\u0119dzy Polsk\u0105 a W\u0119grami doceni\u0142 prezydent <a href=\"https:\/\/www.google.com\/search?sxsrf=ALeKk03v6B2QMnmro9rLIJ7g1GgMTIe3XQ:1600884705231&amp;q=J%C3%A1nos+%C3%81der&amp;stick=H4sIAAAAAAAAAONgVuLSz9U3MDPJzTWzeMRoyi3w8sc9YSmdSWtOXmNU4-IKzsgvd80rySypFJLgYoOy-KR4uJC08Sxi5fE6vDAvv1jhcGNKahEAz2sV_VUAAAA\">J\u00e1nos \u00c1der<\/a>, kt\u00f3ry w 2018 r. nada\u0142 Markowi Kuchci\u0144skiemu Wielki Krzy\u017c Orderu Zas\u0142ugi W\u0119gier.<\/p>\n\n\n\n<p class=\"wp-block-paragraph\">W IX kadencji Sejmu Marek Kuchci\u0144ski pe\u0142ni funkcje \u00a0przewodnicz\u0105cego polsko-w\u0119gierskiej grupy parlamentarnej oraz sejmowej komisji spraw zagranicznych.<\/p>\n\n\n\n<figure class=\"wp-block-image size-large\"><img fetchpriority=\"high\" decoding=\"async\" width=\"768\" height=\"1024\" src=\"https:\/\/marekkuchcinski.pl\/wp-content\/uploads\/2020\/09\/118325307_786476915427108_8657431219025215026_n-768x1024-1.jpg\" alt=\"\" class=\"wp-image-19861\" srcset=\"https:\/\/marekkuchcinski.pl\/wp-content\/uploads\/2020\/09\/118325307_786476915427108_8657431219025215026_n-768x1024-1.jpg 768w, https:\/\/marekkuchcinski.pl\/wp-content\/uploads\/2020\/09\/118325307_786476915427108_8657431219025215026_n-768x1024-1-225x300.jpg 225w\" sizes=\"(max-width: 768px) 100vw, 768px\" \/><\/figure>\n\n\n\n<figure class=\"wp-block-image size-large\"><img decoding=\"async\" width=\"1024\" height=\"768\" src=\"https:\/\/marekkuchcinski.pl\/wp-content\/uploads\/2020\/09\/120200549_358541478670987_1273279337595003348_n-1-1024x768.jpg\" alt=\"\" class=\"wp-image-19862\" srcset=\"https:\/\/marekkuchcinski.pl\/wp-content\/uploads\/2020\/09\/120200549_358541478670987_1273279337595003348_n-1-1024x768.jpg 1024w, https:\/\/marekkuchcinski.pl\/wp-content\/uploads\/2020\/09\/120200549_358541478670987_1273279337595003348_n-1-300x225.jpg 300w, https:\/\/marekkuchcinski.pl\/wp-content\/uploads\/2020\/09\/120200549_358541478670987_1273279337595003348_n-1-768x576.jpg 768w, https:\/\/marekkuchcinski.pl\/wp-content\/uploads\/2020\/09\/120200549_358541478670987_1273279337595003348_n-1-1536x1152.jpg 1536w, https:\/\/marekkuchcinski.pl\/wp-content\/uploads\/2020\/09\/120200549_358541478670987_1273279337595003348_n-1.jpg 1824w\" sizes=\"(max-width: 1024px) 100vw, 1024px\" \/><\/figure>","protected":false},"excerpt":{"rendered":"<p>W laudacji wyg\u0142oszonej podczas Polsko-W\u0119gierskiego Forum w Krasiczynie dyrektor Instytutu dr Maciej Szymanowski podkre\u015bli\u0142, \u017ce decyzja Rady Instytutu zapad\u0142a jednog\u0142o\u015bnie, poniewa\u017c Marek Kuchci\u0144ski anga\u017cowa\u0142 si\u0119 w popularyzacj\u0119 i pog\u0142\u0119bianie relacji polsko-w\u0119gierskich ju\u017c jako dziennikarz i wydawca licznych, w tym kolportowanych poza komunistyczn\u0105 cenzur\u0105 i okiem SB pism i czasopism, jako animator wydarze\u0144 kulturalnych zar\u00f3wno przed, [&hellip;]<\/p>\n","protected":false},"author":3,"featured_media":19862,"comment_status":"open","ping_status":"open","sticky":false,"template":"","format":"standard","meta":{"ngg_post_thumbnail":0,"footnotes":""},"categories":[50,3],"tags":[],"class_list":["post-19859","post","type-post","status-publish","format-standard","has-post-thumbnail","hentry","category-wspolpraca-miedzynarodowa","category-wydarzenia"],"yoast_head":"<!-- This site is optimized with the Yoast SEO plugin v28.4 - https:\/\/yoast.com\/product\/yoast-seo-wordpress\/ -->\n<title>Marek Kuchci\u0144ski zosta\u0142 Ambasadorem Instytutu Wsp\u00f3\u0142pracy Polsko-W\u0119gierskiej im. Wac\u0142awa Felczaka &#8211; Marek Kuchci\u0144ski<\/title>\n<meta name=\"robots\" content=\"index, follow, max-snippet:-1, max-image-preview:large, max-video-preview:-1\" \/>\n<link rel=\"canonical\" href=\"https:\/\/marekkuchcinski.pl\/en\/wydarzenia\/marek-kuchcinski-zostal-ambasadorem-instytutu-wspolpracy-polsko-wegierskiej-im-waclawa-felczaka\/\" \/>\n<meta property=\"og:locale\" content=\"en_GB\" \/>\n<meta property=\"og:type\" content=\"article\" \/>\n<meta property=\"og:title\" content=\"Marek Kuchci\u0144ski zosta\u0142 Ambasadorem Instytutu Wsp\u00f3\u0142pracy Polsko-W\u0119gierskiej im. Wac\u0142awa Felczaka &#8211; Marek Kuchci\u0144ski\" \/>\n<meta property=\"og:description\" content=\"W laudacji wyg\u0142oszonej podczas Polsko-W\u0119gierskiego Forum w Krasiczynie dyrektor Instytutu dr Maciej Szymanowski podkre\u015bli\u0142, \u017ce decyzja Rady Instytutu zapad\u0142a jednog\u0142o\u015bnie, poniewa\u017c Marek Kuchci\u0144ski anga\u017cowa\u0142 si\u0119 w popularyzacj\u0119 i pog\u0142\u0119bianie relacji polsko-w\u0119gierskich ju\u017c jako dziennikarz i wydawca licznych, w tym kolportowanych poza komunistyczn\u0105 cenzur\u0105 i okiem SB pism i czasopism, jako animator wydarze\u0144 kulturalnych zar\u00f3wno przed, [&hellip;]\" \/>\n<meta property=\"og:url\" content=\"https:\/\/marekkuchcinski.pl\/en\/wydarzenia\/marek-kuchcinski-zostal-ambasadorem-instytutu-wspolpracy-polsko-wegierskiej-im-waclawa-felczaka\/\" \/>\n<meta property=\"og:site_name\" content=\"Marek Kuchci\u0144ski\" \/>\n<meta property=\"article:published_time\" content=\"2020-09-26T11:27:06+00:00\" \/>\n<meta property=\"article:modified_time\" content=\"2020-09-26T11:27:08+00:00\" \/>\n<meta property=\"og:image\" content=\"https:\/\/marekkuchcinski.pl\/wp-content\/uploads\/2020\/09\/120200549_358541478670987_1273279337595003348_n-1.jpg\" \/>\n\t<meta property=\"og:image:width\" content=\"1824\" \/>\n\t<meta property=\"og:image:height\" content=\"1368\" \/>\n\t<meta property=\"og:image:type\" content=\"image\/jpeg\" \/>\n<meta name=\"author\" content=\"Marta Olejnik\" \/>\n<meta name=\"twitter:card\" content=\"summary_large_image\" \/>\n<meta name=\"twitter:label1\" content=\"Written by\" \/>\n\t<meta name=\"twitter:data1\" content=\"Marta Olejnik\" \/>\n\t<meta name=\"twitter:label2\" content=\"Est. reading time\" \/>\n\t<meta name=\"twitter:data2\" content=\"2 minutes\" \/>\n<script type=\"application\/ld+json\" class=\"yoast-schema-graph\">{\"@context\":\"https:\\\/\\\/schema.org\",\"@graph\":[{\"@type\":\"Article\",\"@id\":\"https:\\\/\\\/marekkuchcinski.pl\\\/wydarzenia\\\/marek-kuchcinski-zostal-ambasadorem-instytutu-wspolpracy-polsko-wegierskiej-im-waclawa-felczaka\\\/#article\",\"isPartOf\":{\"@id\":\"https:\\\/\\\/marekkuchcinski.pl\\\/wydarzenia\\\/marek-kuchcinski-zostal-ambasadorem-instytutu-wspolpracy-polsko-wegierskiej-im-waclawa-felczaka\\\/\"},\"author\":{\"name\":\"Marta Olejnik\",\"@id\":\"https:\\\/\\\/marekkuchcinski.pl\\\/#\\\/schema\\\/person\\\/bd3f15dee67fee76e83c8350d0154101\"},\"headline\":\"Marek Kuchci\u0144ski zosta\u0142 Ambasadorem Instytutu Wsp\u00f3\u0142pracy Polsko-W\u0119gierskiej im. Wac\u0142awa Felczaka\",\"datePublished\":\"2020-09-26T11:27:06+00:00\",\"dateModified\":\"2020-09-26T11:27:08+00:00\",\"mainEntityOfPage\":{\"@id\":\"https:\\\/\\\/marekkuchcinski.pl\\\/wydarzenia\\\/marek-kuchcinski-zostal-ambasadorem-instytutu-wspolpracy-polsko-wegierskiej-im-waclawa-felczaka\\\/\"},\"wordCount\":457,\"commentCount\":0,\"publisher\":{\"@id\":\"https:\\\/\\\/marekkuchcinski.pl\\\/#organization\"},\"image\":{\"@id\":\"https:\\\/\\\/marekkuchcinski.pl\\\/wydarzenia\\\/marek-kuchcinski-zostal-ambasadorem-instytutu-wspolpracy-polsko-wegierskiej-im-waclawa-felczaka\\\/#primaryimage\"},\"thumbnailUrl\":\"https:\\\/\\\/marekkuchcinski.pl\\\/wp-content\\\/uploads\\\/2020\\\/09\\\/120200549_358541478670987_1273279337595003348_n-1.jpg\",\"articleSection\":[\"Wsp\u00f3\u0142praca mi\u0119dzynarodowa\",\"Wydarzenia\"],\"inLanguage\":\"en-GB\",\"potentialAction\":[{\"@type\":\"CommentAction\",\"name\":\"Comment\",\"target\":[\"https:\\\/\\\/marekkuchcinski.pl\\\/wydarzenia\\\/marek-kuchcinski-zostal-ambasadorem-instytutu-wspolpracy-polsko-wegierskiej-im-waclawa-felczaka\\\/#respond\"]}]},{\"@type\":\"WebPage\",\"@id\":\"https:\\\/\\\/marekkuchcinski.pl\\\/wydarzenia\\\/marek-kuchcinski-zostal-ambasadorem-instytutu-wspolpracy-polsko-wegierskiej-im-waclawa-felczaka\\\/\",\"url\":\"https:\\\/\\\/marekkuchcinski.pl\\\/wydarzenia\\\/marek-kuchcinski-zostal-ambasadorem-instytutu-wspolpracy-polsko-wegierskiej-im-waclawa-felczaka\\\/\",\"name\":\"Marek Kuchci\u0144ski zosta\u0142 Ambasadorem Instytutu Wsp\u00f3\u0142pracy Polsko-W\u0119gierskiej im. Wac\u0142awa Felczaka &#8211; Marek Kuchci\u0144ski\",\"isPartOf\":{\"@id\":\"https:\\\/\\\/marekkuchcinski.pl\\\/#website\"},\"primaryImageOfPage\":{\"@id\":\"https:\\\/\\\/marekkuchcinski.pl\\\/wydarzenia\\\/marek-kuchcinski-zostal-ambasadorem-instytutu-wspolpracy-polsko-wegierskiej-im-waclawa-felczaka\\\/#primaryimage\"},\"image\":{\"@id\":\"https:\\\/\\\/marekkuchcinski.pl\\\/wydarzenia\\\/marek-kuchcinski-zostal-ambasadorem-instytutu-wspolpracy-polsko-wegierskiej-im-waclawa-felczaka\\\/#primaryimage\"},\"thumbnailUrl\":\"https:\\\/\\\/marekkuchcinski.pl\\\/wp-content\\\/uploads\\\/2020\\\/09\\\/120200549_358541478670987_1273279337595003348_n-1.jpg\",\"datePublished\":\"2020-09-26T11:27:06+00:00\",\"dateModified\":\"2020-09-26T11:27:08+00:00\",\"breadcrumb\":{\"@id\":\"https:\\\/\\\/marekkuchcinski.pl\\\/wydarzenia\\\/marek-kuchcinski-zostal-ambasadorem-instytutu-wspolpracy-polsko-wegierskiej-im-waclawa-felczaka\\\/#breadcrumb\"},\"inLanguage\":\"en-GB\",\"potentialAction\":[{\"@type\":\"ReadAction\",\"target\":[\"https:\\\/\\\/marekkuchcinski.pl\\\/wydarzenia\\\/marek-kuchcinski-zostal-ambasadorem-instytutu-wspolpracy-polsko-wegierskiej-im-waclawa-felczaka\\\/\"]}]},{\"@type\":\"ImageObject\",\"inLanguage\":\"en-GB\",\"@id\":\"https:\\\/\\\/marekkuchcinski.pl\\\/wydarzenia\\\/marek-kuchcinski-zostal-ambasadorem-instytutu-wspolpracy-polsko-wegierskiej-im-waclawa-felczaka\\\/#primaryimage\",\"url\":\"https:\\\/\\\/marekkuchcinski.pl\\\/wp-content\\\/uploads\\\/2020\\\/09\\\/120200549_358541478670987_1273279337595003348_n-1.jpg\",\"contentUrl\":\"https:\\\/\\\/marekkuchcinski.pl\\\/wp-content\\\/uploads\\\/2020\\\/09\\\/120200549_358541478670987_1273279337595003348_n-1.jpg\",\"width\":1824,\"height\":1368},{\"@type\":\"BreadcrumbList\",\"@id\":\"https:\\\/\\\/marekkuchcinski.pl\\\/wydarzenia\\\/marek-kuchcinski-zostal-ambasadorem-instytutu-wspolpracy-polsko-wegierskiej-im-waclawa-felczaka\\\/#breadcrumb\",\"itemListElement\":[{\"@type\":\"ListItem\",\"position\":1,\"name\":\"Strona g\u0142\u00f3wna\",\"item\":\"https:\\\/\\\/marekkuchcinski.pl\\\/\"},{\"@type\":\"ListItem\",\"position\":2,\"name\":\"Marek Kuchci\u0144ski zosta\u0142 Ambasadorem Instytutu Wsp\u00f3\u0142pracy Polsko-W\u0119gierskiej im. Wac\u0142awa Felczaka\"}]},{\"@type\":\"WebSite\",\"@id\":\"https:\\\/\\\/marekkuchcinski.pl\\\/#website\",\"url\":\"https:\\\/\\\/marekkuchcinski.pl\\\/\",\"name\":\"Marek Kuchci\u0144ski\",\"description\":\"Marek Kuchci\u0144ski \",\"publisher\":{\"@id\":\"https:\\\/\\\/marekkuchcinski.pl\\\/#organization\"},\"potentialAction\":[{\"@type\":\"SearchAction\",\"target\":{\"@type\":\"EntryPoint\",\"urlTemplate\":\"https:\\\/\\\/marekkuchcinski.pl\\\/?s={search_term_string}\"},\"query-input\":{\"@type\":\"PropertyValueSpecification\",\"valueRequired\":true,\"valueName\":\"search_term_string\"}}],\"inLanguage\":\"en-GB\"},{\"@type\":\"Organization\",\"@id\":\"https:\\\/\\\/marekkuchcinski.pl\\\/#organization\",\"name\":\"Marek Kuchci\u0144ski\",\"url\":\"https:\\\/\\\/marekkuchcinski.pl\\\/\",\"logo\":{\"@type\":\"ImageObject\",\"inLanguage\":\"en-GB\",\"@id\":\"https:\\\/\\\/marekkuchcinski.pl\\\/#\\\/schema\\\/logo\\\/image\\\/\",\"url\":\"https:\\\/\\\/marekkuchcinski.pl\\\/wp-content\\\/uploads\\\/2022\\\/09\\\/Marek.jpg\",\"contentUrl\":\"https:\\\/\\\/marekkuchcinski.pl\\\/wp-content\\\/uploads\\\/2022\\\/09\\\/Marek.jpg\",\"width\":1600,\"height\":971,\"caption\":\"Marek Kuchci\u0144ski\"},\"image\":{\"@id\":\"https:\\\/\\\/marekkuchcinski.pl\\\/#\\\/schema\\\/logo\\\/image\\\/\"}},{\"@type\":\"Person\",\"@id\":\"https:\\\/\\\/marekkuchcinski.pl\\\/#\\\/schema\\\/person\\\/bd3f15dee67fee76e83c8350d0154101\",\"name\":\"Marta Olejnik\",\"image\":{\"@type\":\"ImageObject\",\"inLanguage\":\"en-GB\",\"@id\":\"https:\\\/\\\/secure.gravatar.com\\\/avatar\\\/24754edd6080383402e292374b406b553027d572e97d60e7aa89a6940e88659a?s=96&d=mm&r=g\",\"url\":\"https:\\\/\\\/secure.gravatar.com\\\/avatar\\\/24754edd6080383402e292374b406b553027d572e97d60e7aa89a6940e88659a?s=96&d=mm&r=g\",\"contentUrl\":\"https:\\\/\\\/secure.gravatar.com\\\/avatar\\\/24754edd6080383402e292374b406b553027d572e97d60e7aa89a6940e88659a?s=96&d=mm&r=g\",\"caption\":\"Marta Olejnik\"},\"url\":\"https:\\\/\\\/marekkuchcinski.pl\\\/en\\\/author\\\/marta\\\/\"}]}<\/script>\n<!-- \/ Yoast SEO plugin. -->","yoast_head_json":{"title":"Marek Kuchci\u0144ski zosta\u0142 Ambasadorem Instytutu Wsp\u00f3\u0142pracy Polsko-W\u0119gierskiej im. Wac\u0142awa Felczaka &#8211; Marek Kuchci\u0144ski","robots":{"index":"index","follow":"follow","max-snippet":"max-snippet:-1","max-image-preview":"max-image-preview:large","max-video-preview":"max-video-preview:-1"},"canonical":"https:\/\/marekkuchcinski.pl\/en\/wydarzenia\/marek-kuchcinski-zostal-ambasadorem-instytutu-wspolpracy-polsko-wegierskiej-im-waclawa-felczaka\/","og_locale":"en_GB","og_type":"article","og_title":"Marek Kuchci\u0144ski zosta\u0142 Ambasadorem Instytutu Wsp\u00f3\u0142pracy Polsko-W\u0119gierskiej im. Wac\u0142awa Felczaka &#8211; Marek Kuchci\u0144ski","og_description":"W laudacji wyg\u0142oszonej podczas Polsko-W\u0119gierskiego Forum w Krasiczynie dyrektor Instytutu dr Maciej Szymanowski podkre\u015bli\u0142, \u017ce decyzja Rady Instytutu zapad\u0142a jednog\u0142o\u015bnie, poniewa\u017c Marek Kuchci\u0144ski anga\u017cowa\u0142 si\u0119 w popularyzacj\u0119 i pog\u0142\u0119bianie relacji polsko-w\u0119gierskich ju\u017c jako dziennikarz i wydawca licznych, w tym kolportowanych poza komunistyczn\u0105 cenzur\u0105 i okiem SB pism i czasopism, jako animator wydarze\u0144 kulturalnych zar\u00f3wno przed, [&hellip;]","og_url":"https:\/\/marekkuchcinski.pl\/en\/wydarzenia\/marek-kuchcinski-zostal-ambasadorem-instytutu-wspolpracy-polsko-wegierskiej-im-waclawa-felczaka\/","og_site_name":"Marek Kuchci\u0144ski","article_published_time":"2020-09-26T11:27:06+00:00","article_modified_time":"2020-09-26T11:27:08+00:00","og_image":[{"width":1824,"height":1368,"url":"https:\/\/marekkuchcinski.pl\/wp-content\/uploads\/2020\/09\/120200549_358541478670987_1273279337595003348_n-1.jpg","type":"image\/jpeg"}],"author":"Marta Olejnik","twitter_card":"summary_large_image","twitter_misc":{"Written by":"Marta Olejnik","Est. reading time":"2 minutes"},"schema":{"@context":"https:\/\/schema.org","@graph":[{"@type":"Article","@id":"https:\/\/marekkuchcinski.pl\/wydarzenia\/marek-kuchcinski-zostal-ambasadorem-instytutu-wspolpracy-polsko-wegierskiej-im-waclawa-felczaka\/#article","isPartOf":{"@id":"https:\/\/marekkuchcinski.pl\/wydarzenia\/marek-kuchcinski-zostal-ambasadorem-instytutu-wspolpracy-polsko-wegierskiej-im-waclawa-felczaka\/"},"author":{"name":"Marta Olejnik","@id":"https:\/\/marekkuchcinski.pl\/#\/schema\/person\/bd3f15dee67fee76e83c8350d0154101"},"headline":"Marek Kuchci\u0144ski zosta\u0142 Ambasadorem Instytutu Wsp\u00f3\u0142pracy Polsko-W\u0119gierskiej im. Wac\u0142awa Felczaka","datePublished":"2020-09-26T11:27:06+00:00","dateModified":"2020-09-26T11:27:08+00:00","mainEntityOfPage":{"@id":"https:\/\/marekkuchcinski.pl\/wydarzenia\/marek-kuchcinski-zostal-ambasadorem-instytutu-wspolpracy-polsko-wegierskiej-im-waclawa-felczaka\/"},"wordCount":457,"commentCount":0,"publisher":{"@id":"https:\/\/marekkuchcinski.pl\/#organization"},"image":{"@id":"https:\/\/marekkuchcinski.pl\/wydarzenia\/marek-kuchcinski-zostal-ambasadorem-instytutu-wspolpracy-polsko-wegierskiej-im-waclawa-felczaka\/#primaryimage"},"thumbnailUrl":"https:\/\/marekkuchcinski.pl\/wp-content\/uploads\/2020\/09\/120200549_358541478670987_1273279337595003348_n-1.jpg","articleSection":["Wsp\u00f3\u0142praca mi\u0119dzynarodowa","Wydarzenia"],"inLanguage":"en-GB","potentialAction":[{"@type":"CommentAction","name":"Comment","target":["https:\/\/marekkuchcinski.pl\/wydarzenia\/marek-kuchcinski-zostal-ambasadorem-instytutu-wspolpracy-polsko-wegierskiej-im-waclawa-felczaka\/#respond"]}]},{"@type":"WebPage","@id":"https:\/\/marekkuchcinski.pl\/wydarzenia\/marek-kuchcinski-zostal-ambasadorem-instytutu-wspolpracy-polsko-wegierskiej-im-waclawa-felczaka\/","url":"https:\/\/marekkuchcinski.pl\/wydarzenia\/marek-kuchcinski-zostal-ambasadorem-instytutu-wspolpracy-polsko-wegierskiej-im-waclawa-felczaka\/","name":"Marek Kuchci\u0144ski zosta\u0142 Ambasadorem Instytutu Wsp\u00f3\u0142pracy Polsko-W\u0119gierskiej im. Wac\u0142awa Felczaka &#8211; Marek Kuchci\u0144ski","isPartOf":{"@id":"https:\/\/marekkuchcinski.pl\/#website"},"primaryImageOfPage":{"@id":"https:\/\/marekkuchcinski.pl\/wydarzenia\/marek-kuchcinski-zostal-ambasadorem-instytutu-wspolpracy-polsko-wegierskiej-im-waclawa-felczaka\/#primaryimage"},"image":{"@id":"https:\/\/marekkuchcinski.pl\/wydarzenia\/marek-kuchcinski-zostal-ambasadorem-instytutu-wspolpracy-polsko-wegierskiej-im-waclawa-felczaka\/#primaryimage"},"thumbnailUrl":"https:\/\/marekkuchcinski.pl\/wp-content\/uploads\/2020\/09\/120200549_358541478670987_1273279337595003348_n-1.jpg","datePublished":"2020-09-26T11:27:06+00:00","dateModified":"2020-09-26T11:27:08+00:00","breadcrumb":{"@id":"https:\/\/marekkuchcinski.pl\/wydarzenia\/marek-kuchcinski-zostal-ambasadorem-instytutu-wspolpracy-polsko-wegierskiej-im-waclawa-felczaka\/#breadcrumb"},"inLanguage":"en-GB","potentialAction":[{"@type":"ReadAction","target":["https:\/\/marekkuchcinski.pl\/wydarzenia\/marek-kuchcinski-zostal-ambasadorem-instytutu-wspolpracy-polsko-wegierskiej-im-waclawa-felczaka\/"]}]},{"@type":"ImageObject","inLanguage":"en-GB","@id":"https:\/\/marekkuchcinski.pl\/wydarzenia\/marek-kuchcinski-zostal-ambasadorem-instytutu-wspolpracy-polsko-wegierskiej-im-waclawa-felczaka\/#primaryimage","url":"https:\/\/marekkuchcinski.pl\/wp-content\/uploads\/2020\/09\/120200549_358541478670987_1273279337595003348_n-1.jpg","contentUrl":"https:\/\/marekkuchcinski.pl\/wp-content\/uploads\/2020\/09\/120200549_358541478670987_1273279337595003348_n-1.jpg","width":1824,"height":1368},{"@type":"BreadcrumbList","@id":"https:\/\/marekkuchcinski.pl\/wydarzenia\/marek-kuchcinski-zostal-ambasadorem-instytutu-wspolpracy-polsko-wegierskiej-im-waclawa-felczaka\/#breadcrumb","itemListElement":[{"@type":"ListItem","position":1,"name":"Strona g\u0142\u00f3wna","item":"https:\/\/marekkuchcinski.pl\/"},{"@type":"ListItem","position":2,"name":"Marek Kuchci\u0144ski zosta\u0142 Ambasadorem Instytutu Wsp\u00f3\u0142pracy Polsko-W\u0119gierskiej im. Wac\u0142awa Felczaka"}]},{"@type":"WebSite","@id":"https:\/\/marekkuchcinski.pl\/#website","url":"https:\/\/marekkuchcinski.pl\/","name":"Marek Kuchci\u0144ski","description":"Marek Kuchci\u0144ski","publisher":{"@id":"https:\/\/marekkuchcinski.pl\/#organization"},"potentialAction":[{"@type":"SearchAction","target":{"@type":"EntryPoint","urlTemplate":"https:\/\/marekkuchcinski.pl\/?s={search_term_string}"},"query-input":{"@type":"PropertyValueSpecification","valueRequired":true,"valueName":"search_term_string"}}],"inLanguage":"en-GB"},{"@type":"Organization","@id":"https:\/\/marekkuchcinski.pl\/#organization","name":"Marek Kuchci\u0144ski","url":"https:\/\/marekkuchcinski.pl\/","logo":{"@type":"ImageObject","inLanguage":"en-GB","@id":"https:\/\/marekkuchcinski.pl\/#\/schema\/logo\/image\/","url":"https:\/\/marekkuchcinski.pl\/wp-content\/uploads\/2022\/09\/Marek.jpg","contentUrl":"https:\/\/marekkuchcinski.pl\/wp-content\/uploads\/2022\/09\/Marek.jpg","width":1600,"height":971,"caption":"Marek Kuchci\u0144ski"},"image":{"@id":"https:\/\/marekkuchcinski.pl\/#\/schema\/logo\/image\/"}},{"@type":"Person","@id":"https:\/\/marekkuchcinski.pl\/#\/schema\/person\/bd3f15dee67fee76e83c8350d0154101","name":"Marta Olejnik","image":{"@type":"ImageObject","inLanguage":"en-GB","@id":"https:\/\/secure.gravatar.com\/avatar\/24754edd6080383402e292374b406b553027d572e97d60e7aa89a6940e88659a?s=96&d=mm&r=g","url":"https:\/\/secure.gravatar.com\/avatar\/24754edd6080383402e292374b406b553027d572e97d60e7aa89a6940e88659a?s=96&d=mm&r=g","contentUrl":"https:\/\/secure.gravatar.com\/avatar\/24754edd6080383402e292374b406b553027d572e97d60e7aa89a6940e88659a?s=96&d=mm&r=g","caption":"Marta Olejnik"},"url":"https:\/\/marekkuchcinski.pl\/en\/author\/marta\/"}]}},"_links":{"self":[{"href":"https:\/\/marekkuchcinski.pl\/en\/wp-json\/wp\/v2\/posts\/19859","targetHints":{"allow":["GET"]}}],"collection":[{"href":"https:\/\/marekkuchcinski.pl\/en\/wp-json\/wp\/v2\/posts"}],"about":[{"href":"https:\/\/marekkuchcinski.pl\/en\/wp-json\/wp\/v2\/types\/post"}],"author":[{"embeddable":true,"href":"https:\/\/marekkuchcinski.pl\/en\/wp-json\/wp\/v2\/users\/3"}],"replies":[{"embeddable":true,"href":"https:\/\/marekkuchcinski.pl\/en\/wp-json\/wp\/v2\/comments?post=19859"}],"version-history":[{"count":2,"href":"https:\/\/marekkuchcinski.pl\/en\/wp-json\/wp\/v2\/posts\/19859\/revisions"}],"predecessor-version":[{"id":19863,"href":"https:\/\/marekkuchcinski.pl\/en\/wp-json\/wp\/v2\/posts\/19859\/revisions\/19863"}],"wp:featuredmedia":[{"embeddable":true,"href":"https:\/\/marekkuchcinski.pl\/en\/wp-json\/wp\/v2\/media\/19862"}],"wp:attachment":[{"href":"https:\/\/marekkuchcinski.pl\/en\/wp-json\/wp\/v2\/media?parent=19859"}],"wp:term":[{"taxonomy":"category","embeddable":true,"href":"https:\/\/marekkuchcinski.pl\/en\/wp-json\/wp\/v2\/categories?post=19859"},{"taxonomy":"post_tag","embeddable":true,"href":"https:\/\/marekkuchcinski.pl\/en\/wp-json\/wp\/v2\/tags?post=19859"}],"curies":[{"name":"wp","href":"https:\/\/api.w.org\/{rel}","templated":true}]}}