{"id":19820,"date":"2020-09-23T11:24:00","date_gmt":"2020-09-23T09:24:00","guid":{"rendered":"https:\/\/marekkuchcinski.pl\/?p=19820"},"modified":"2020-09-23T12:22:39","modified_gmt":"2020-09-23T10:22:39","slug":"europa-karpat-podsumowanie-27-edycji","status":"publish","type":"post","link":"https:\/\/marekkuchcinski.pl\/en\/wydarzenia\/europa-karpat-podsumowanie-27-edycji\/","title":{"rendered":"Europa Karpat. Podsumowanie 27. edycji"},"content":{"rendered":"<p class=\"wp-block-paragraph\">Stary Kontynent jest jak m\u0142ody organizm. Paradoks? Wsp\u00f3\u0142czesna Europa, za spraw\u0105 unijnych przemian, wci\u0105\u017c jeszcze nie wesz\u0142a w wiek dojrza\u0142y. Cho\u0107 wydawa\u0142o si\u0119 nam, \u017ce rozwini\u0119te struktury sprawiaj\u0105, \u017ce mamy sztywne ramy rozwoju, to obecnie europejska wsp\u00f3lnota szuka nowej drogi. Inspiracje czerpie z przesz\u0142o\u015bci, ale w przysz\u0142o\u015b\u0107 mo\u017ce j\u0105 zaprowadzi\u0107 rozs\u0105dna wsp\u00f3\u0142praca oparta mi\u0119dzy innymi na dyplomacji parlamentarnej. \u2013 To gwarancja r\u00f3\u017cnorodno\u015bci pogl\u0105d\u00f3w, b\u0119d\u0105cej odzwierciedleniem woli wyborc\u00f3w, daj\u0105ca ogromne mo\u017cliwo\u015b\u0107 rozwoju \u2013 argumentuje Marek Kuchci\u0144ski, tw\u00f3rca Europy Karpat i przewodnicz\u0105cy sejmowej Komisji Spraw Zagranicznych.<\/p>\n\n\n\n<p class=\"wp-block-paragraph\">To ju\u017c 27. konferencja Europa Karpat. W tym roku (8-9 wrze\u015bnia) mia\u0142a szczeg\u00f3lny wymiar. Nie tylko dlatego, \u017ce po raz pierwszy zosta\u0142a zorganizowana poza Karpatami (w Karpaczu), ale i dlatego, \u017ce w czasie pandemii wyra\u017anie wida\u0107, jakim wyzwaniem jest dialog mi\u0119dzy krajami europejskimi. Coraz dobitniej dostrzegamy tak\u017ce, \u017ce Stary Kontynent musi si\u0119 jednoczy\u0107 w obliczu wyzwa\u0144 stawianych przez zagro\u017cenia epidemiologiczne, \u015bwiatowy kryzys migracyjny. Jak pogodzi\u0107 konieczno\u015b\u0107 konkurencyjno\u015bci ekonomicznej wobec takich pot\u0119g jak USA czy Chiny ze zr\u00f3\u017cnicowanymi gospodarkami kraj\u00f3w Europy \u015arodkowej. Czy nasz kontynent potrzebuje jednolitego g\u0142osu na zewn\u0105trz, czy mo\u017ce wielog\u0142osu? Tr\u00f3jmorze, Grupa Wyszehradzka jednoczenie si\u0119 kraj\u00f3w karpackich to kolejna koncepcja w obr\u0119bie wyzwa\u0144 wewn\u0119trznych naszego kontynentu. Dlatego tak wa\u017cny jest dialog, kt\u00f3ry mo\u017ce przebiega\u0107 na poziomie rz\u0105dowym, parlamentarnym i eksperckim lub \u0142\u0105czy\u0107 te wszystkie \u015brodki dyplomatyczne w takich konferencjach jak Europa Karpat. Tegoroczne spotkania zosta\u0142y podzielone na dziewi\u0119\u0107 paneli.<\/p>\n\n\n\n<p class=\"wp-block-paragraph\"><strong>I panel: Europa \u015arodkowa w polityce globalnej<\/strong><\/p>\n\n\n\n<p class=\"wp-block-paragraph\">Profesor Maciej Szymanowski, dyrektor Instytutu Wsp\u00f3\u0142pracy Polsko-W\u0119gierskiej im. Wac\u0142awa Felczaka moderowa\u0142 dyskusj\u0119, kt\u00f3ra dotyczy\u0142a roli i znaczenia Europy \u015arodkowej w geopolityce. W\u015br\u00f3d poruszanych zagadnie\u0144 znalaz\u0142y si\u0119 kwestie bezpiecze\u0144stwa, relacje transatlantyckie, znaczenie Tr\u00f3jmorza, czy te\u017c stosunki pa\u0144stw Europy \u015arodkowej z najwi\u0119kszymi graczami na arenie mi\u0119dzynarodowej \u2013 Stanami Zjednoczonymi, Rosj\u0105, Niemcami, Chinami, Wielk\u0105 Brytani\u0105 i Francj\u0105.<\/p>\n\n\n\n<p class=\"wp-block-paragraph\">Wicemarsza\u0142ek Sejmu podkre\u015bli\u0142, \u017ce przez Europ\u0119 przebiega\u0142a linia frontu i \u017celazna kurtyna. Wszyscy do\u015bwiadczyli\u015bmy opresji komunistycznej. Wsp\u00f3lna dla pa\u0144stw regionu jest reorganizacja gospodarki, odwracanie sojuszy politycznych i wojskowych i ustosunkowanie si\u0119 do integracji zachodniej. Gonimy zach\u00f3d i jeste\u015bmy konkurencyjni, bo rozwijamy si\u0119 du\u017co szybciej, ale zmagamy si\u0119 z problemem masowej migracji, terroryzmem, szybko integruj\u0105c\u0105 si\u0119 Europ\u0105.<\/p>\n\n\n\n<p class=\"wp-block-paragraph\">Warto zwr\u00f3ci\u0107 uwag\u0119 na opini\u0119 Alexandra Vondry. Czeski pose\u0142 do Parlamentu Europejskiego to jeden z inicjator\u00f3w zacie\u015bnienia wsp\u00f3\u0142pracy mi\u0119dzy krajami Europy \u015arodkowej i Wschodniej. Zdaniem Vondry dobrym miejscem do prowadzenia takiego dialogu jest Grupa Wyszehradzka. \u2013 Potrzebna jest inicjatywa, kt\u00f3ra b\u0119dzie r\u00f3wnowa\u017cy\u0107 Niemcy i Rosj\u0119. Dotychczas nasz obszar p\u0142aci\u0142 za ich rywalizacj\u0119. Wyzwaniem jest tak\u017ce stworzenie r\u00f3wnowagi w ramach UE, zw\u0142aszcza po Brexicie. Wraz z nim r\u00f3wnowaga si\u0142 w Europie zosta\u0142a zaburzona. Wcze\u015bniej w Unii mieli\u015bmy o\u015b Francji, Niemiec i Wielkiej Brytanii, kt\u00f3ra stabilizowa\u0142a napi\u0119cia i pr\u00f3by narzucenia jednej wizji. Po odej\u015bciu Wielkiej Brytanii ta r\u00f3wnowaga zosta\u0142a zak\u0142\u00f3cona. Niemcy s\u0105 w tej chwili znacznie silniejsze od Francji. Potrzebujemy wi\u0119c przeciwwagi, na przyk\u0142ad grupy V4, ale w wi\u0119kszej skali, wzmocnione o inicjatyw\u0119 Tr\u00f3jmorza, kt\u00f3ra zapewni lepsz\u0105 r\u00f3wnowag\u0119 na osi P\u00f3\u0142noc \u2013 Po\u0142udnie.<\/p>\n\n\n\n<p class=\"wp-block-paragraph\">Wed\u0142ug Vondry istot\u0105 Unii Europejskiej jest wsp\u00f3\u0142praca, ale wida\u0107 r\u00f3wnie\u017c rywalizacj\u0119 mi\u0119dzy pa\u0144stwami cz\u0142onkowskimi. Tymczasem wsp\u00f3\u0142praca mog\u0142aby doprowadzi\u0107 do wzmocnienia flanki wschodniej. Kraje ba\u0142tyckie, Polska, Rumunia potrzebuj\u0105 r\u00f3wnie\u017c infrastruktury P\u00f3\u0142noc \u2013 Po\u0142udnie, wcze\u015bniej rozwijano lini\u0119 Zach\u00f3d \u2013 Wsch\u00f3d. Dlatego inicjatywa karpacka tak silnie si\u0119 rozwija, cho\u0107 w tym projekcie potrzeba kapita\u0142u nie tylko pochodz\u0105cego z UE, ale r\u00f3wnie\u017c USA i kraj\u00f3w azjatyckich. Warto na t\u0119 wschodni\u0105 cz\u0119\u015b\u0107 Europy patrze\u0107 tak\u017ce przez pryzmat d\u0105\u017ce\u0144 Rosji i potrzeby stabilizacji regionu.<\/p>\n\n\n\n<p class=\"wp-block-paragraph\">Ciekawe spojrzenie na spraw\u0119 bezpiecze\u0144stwa naszego regionu zaprezentowa\u0142 by\u0142y minister o\u015bwiaty S\u0142owacji Martin Fronc. \u2013 Musimy by\u0107 gotowi na konflikt. W naszych krajach zlikwidowano obowi\u0105zek s\u0142u\u017cby wojskowej. Tymczasem my\u015blenie o tym, \u017ce NATO nas obroni, troch\u0119 usypia nasz\u0105 czujno\u015b\u0107. Trzeba to zmieni\u0107. Potrzebne jest wychowanie obronne w szko\u0142ach, trzeba zacz\u0105\u0107 dyskutowa\u0107 o powrocie do obowi\u0105zkowej s\u0142u\u017cby wojskowej lub innej formy przygotowania do niej. Zagro\u017cenie terrorystyczne to problem cywilizacyjny. W Izraelu wi\u0119kszo\u015b\u0107 atak\u00f3w terrorystycznych jest d\u0142awionych przez cywili. Europa do tej pory stawia\u0142a na kultur\u0119, handel, a powinni\u015bmy do tego w\u0142\u0105czy\u0107 strategi\u0119 bezpiecze\u0144stwa \u2013 uwa\u017ca Fronc.<\/p>\n\n\n\n<p class=\"wp-block-paragraph\"><strong>II panel: Europa \u015arodkowa: bohaterowie stulecia. Czego nie wiemy o s\u0105siadach?<\/strong><\/p>\n\n\n\n<p class=\"wp-block-paragraph\">W panelu dotycz\u0105cym bohater\u00f3w Europy \u015arodkowej, prowadzonym przez senatora W\u0142odzimierza Bernackiego, najcz\u0119\u015bciej odnoszono si\u0119 dziedzictwa historycznego naszego regionu. Paneli\u015bci wskazywali na chrze\u015bcija\u0144skie warto\u015bci \u0142\u0105cz\u0105ce kraje regionu, ale tak\u017ce na do\u015bwiadczenia II wojny \u015bwiatowej i systemu komunistycznego, kt\u00f3re sprawi\u0142y, \u017ce poj\u0119cie wolno\u015bci nabra\u0142o szczeg\u00f3lnego znaczenia dla pa\u0144stw Europy \u015arodkowo-Wschodniej.<\/p>\n\n\n\n<p class=\"wp-block-paragraph\">Ciekawym kontrapunktem w dyskusji o bohaterach by\u0142 g\u0142os Antona Saifullayeu ze Studium Europy Wschodniej Uniwersytetu Warszawskiego. Jego opinia jest tym istotniejsza, \u017ce Bia\u0142oru\u015b, ojczyzna Saifullayeu&#8217;a w tej chwili dr\u017cy pod wp\u0142ywem rewolucji. Naukowiec z UW twierdzi, \u017ce autorytety powinny by\u0107 obalone. \u2013 W dniu dzisiejszym autorytet\u00f3w na Bia\u0142orusi nie ma. Je\u015bli chodzi o powi\u0105zania z Europ\u0105 \u015arodkow\u0105, mo\u017cemy m\u00f3wi\u0107 o jednej bohaterce: Solidarno\u015bci. Nasta\u0142 ten czas po d\u0142u\u017cszej przerwie, kiedy Solidarno\u015b\u0107 zn\u00f3w pojawia si\u0119 w regionie i pokazuje swoj\u0105 moc. Aparat pa\u0144stwowy nie daje si\u0142y z solidarno\u015bci\u0105, jedno\u015bci\u0105. Obecna sytuacja na Bia\u0142orusi nie jest czym\u015b nowym. Bia\u0142orusini maj\u0105 swoich bohater\u00f3w, swoje atrybuty jako nar\u00f3d. Najbardziej rozwijaj\u0105ca si\u0119 pod wzgl\u0119dem to\u017csamo\u015bciowym jest jednak wsp\u00f3lnota \u2013 dowodzi\u0142 Saifullayeu&#8217;a. Na drugim biegunie jest z kolei opinia Zbigniewa Krysiaka, prezesa Instytutu My\u015bli Schumana. Przyjmuje si\u0119, ze ojcem idei europejskiej wsp\u00f3lnoty jest w\u0142a\u015bnie Robert Schuman. Ten francuski polityk, urodzony w Luksemburgu  wykszta\u0142cony w du\u017cym stopniu w Niemczech chcia\u0142 Europy ojczyzn i wsp\u00f3lnoty narod\u00f3w. \u2013 Dla Roberta Schumana patriotyzm by\u0142 umi\u0142owaniem ojczyzny. To stoi w opozycji do obecnej idei tworzenia superpa\u0144stwa. Umi\u0142owanie ojczyzny wyklucza nienawidzenie innych pa\u0144stw \u2013 wyja\u015bnia Zbigniew Krysiak, kt\u00f3ry zwraca te\u017c uwag\u0119, \u017ce obecnie potrzebujemy autorytet\u00f3w. \u2013 Im d\u0142u\u017cej \u017cyjemy bez autorytet\u00f3w, tym powinni\u015bmy by\u0107 bardziej zaniepokojeni pewn\u0105 tykaj\u0105c\u0105 bomb\u0105.<\/p>\n\n\n\n<p class=\"wp-block-paragraph\"><strong>III panel: Wizje Europy \u2013 dyskusja: jaka Europa? Czyja Europa?<\/strong><\/p>\n\n\n\n<p class=\"wp-block-paragraph\">Profesor Zdzis\u0142aw Krasnod\u0119bski, pose\u0142 do Parlamentu Europejskiego prowadzi\u0142 panelu o przysz\u0142o\u015bci kontynentu i pojawiaj\u0105cych si\u0119 propozycjach podzia\u0142u Unii Europejskiej na \u201eEurop\u0119 dwu lub wielu pr\u0119dko\u015bci\u201d i kontrpropozycji, jak\u0105 ma by\u0107 Europa Ojczyzn, czyli Europa Solidarnych Pa\u0144stw jako konfederacja europejskich pa\u0144stw narodowych. Zdzis\u0142aw Krasnod\u0119bski postawi\u0142 mi\u0119dzy innymi pytanie o to, jaki paneli\u015bci maj\u0105 stosunek do polityki energetycznej. \u2013 Stawiany jest zarzut, \u017ce Europa \u015arodkowa rozwin\u0119\u0142a si\u0119 dzi\u0119ki funduszom unijnym, a teraz jest krytyczna. Tylko zapomina si\u0119, \u017ce za funduszami id\u0105 te\u017c ust\u0119pstwa, np. polityka klimatyczna \u2013 argumentowa\u0142 europose\u0142.<\/p>\n\n\n\n<p class=\"wp-block-paragraph\">Jerzy Kwieci\u0144ski, prezes PGNiG i by\u0142y minister finans\u00f3w i rozwoju, zaproponowa\u0142 spojrzenie na Uni\u0119 Europejsk\u0105 nie tylko od wewn\u0105trz z perspektywy Polski, ale r\u00f3wnie\u017c od zewn\u0105trz. \u2013 Pomimo wewn\u0119trznego krytycyzmu, Unia jest projektem niezwykle atrakcyjnym na arenie mi\u0119dzynarodowej. Wsp\u00f3lnota unijna pomog\u0142a Polsce wyrwa\u0107 si\u0119 ze spu\u015bcizny komunizmu, wida\u0107 to w por\u00f3wnaniu do Bia\u0142orusi czy Ukrainy. Obecny kryzys pomo\u017ce nam osi\u0105gn\u0105\u0107 poziom Zachodni i jest prawdopodobne, \u017ce w tej dekadzie dogonimy Hiszpani\u0119 i W\u0142ochy. Polska potrafi\u0142a wykorzysta\u0107 swoj\u0105 szans\u0119 i chodzi mi nie tylko o fundusze. Decyduj\u0105cy wp\u0142yw mia\u0142o zarz\u0105dzanie pa\u0144stwem i gospodark\u0105. UE by\u0142a dla naszego regionu projektem atrakcyjnym. Polska i Ukraina w 1989 roku mia\u0142y podobny poziom PKB na mieszka\u0144ca, dzisiaj ta r\u00f3\u017cnica jest sze\u015bciokrotna. Na nasz\u0105 korzy\u015b\u0107.<\/p>\n\n\n\n<p class=\"wp-block-paragraph\">Zdaniem Jerzego Kwieci\u0144skiego Europa zawsze lubi\u0142a wielkie projekty. Europejska Wsp\u00f3lnota W\u0119gla i Stali by\u0142a sukcesem, na jej podstawie stworzono Wsp\u00f3lnot\u0119 Europejsk\u0105. Obecnie straci\u0142a ona prymat wzgl\u0119dem USA, Chiny te\u017c nas goni\u0105. Unia poszukiwa\u0142a wi\u0119c nowego wielkiego projektu. To ma by\u0107 Plan Odbudowy, nowy wielki projekt, d\u0142ugoterminowy nie tylko gospodarczy, ale zwi\u0105zany z nowym modelem post\u0119powania \u2013 projekt \u201ezielonego \u0142adu\u201d zak\u0142adaj\u0105cy neutralno\u015b\u0107 klimatyczn\u0105 w 2050 r. Wielki optymizm w wielu krajach UE zwi\u0105zany jest nie tylko z dystrybucj\u0105 pieni\u0119dzy, ale z zapewnieniem niezale\u017cno\u015bci energetycznej. Polska jest cz\u0119\u015bci\u0105 wsp\u00f3lnych dzia\u0142a\u0144 w tym zakresie.<\/p>\n\n\n\n<p class=\"wp-block-paragraph\">Profesor Krasnod\u0119bski zauwa\u017cy\u0142 jednak, \u017ce nie wszyscy mog\u0105 z optymizmem patrze\u0107 na efekty przemian i sukcesu gospodarczego Polski. Ponadto to nie Polska podejmuje decyzji o miksie energetycznym. W UE najwa\u017cniejsze decyzje musia\u0142y by\u0107 podejmowane jednog\u0142o\u015bnie. Europose\u0142 zauwa\u017ca, ze obecnie coraz cz\u0119stsze s\u0105 pomys\u0142y, \u017ceby wi\u0119cej decyzji by\u0142o podejmowanych w g\u0142osowaniach wi\u0119kszo\u015bciowych. Justyna Schulz, dyrektor Instytutu Zachodniego wyja\u015bni\u0142a, \u017ce UE uratowa\u0142a pa\u0144stwa narodowe w latach 50. i 60. I rzeczywi\u015bcie mo\u017cna powiedzie\u0107, \u017ce UE wzmacnia pa\u0144stwa narodowe, ale silne i dobrze zorganizowane. Je\u015bli chodzi o mniejsze pa\u0144stwa, to bardzo si\u0119 one zawiod\u0142y. Grecja jest przyk\u0142adem, \u017ce wa\u017cne decyzje finansowe podejmowane by\u0142y poza granicami tego pa\u0144stwa. Je\u015bli nie jest si\u0119 dobrze zorganizowanym i walcz\u0105cym o swoje interesy, to sam nap\u0142yw finans\u00f3w nie rozwi\u0105zuje problem\u00f3w.<\/p>\n\n\n\n<p class=\"wp-block-paragraph\">David Engels z Instytutu Zachodniego pokazuje z kolei ciekawy przyk\u0142ad Belgii: \u2013 Bez Unii by\u0107 mo\u017ce Belgii w og\u00f3le ju\u017c by nie by\u0142o. Obywatele Belgii czuj\u0105 si\u0119 chronieni przez Uni\u0119, nie boj\u0105 si\u0119 agresji terytorialnej ze strony Niemiec. Belgowie maj\u0105 pozytywne podej\u015bcie do jednoczenia, ale sceptycznie podchodz\u0105 do tego, czym ideologicznie staje si\u0119 Wsp\u00f3lnota Europejska, lewicowa, bardziej zielona. Narastaj\u0105 wi\u0119c uczucia antyunijne, nie antyeuropejskie.<\/p>\n\n\n\n<p class=\"wp-block-paragraph\"><strong>IV panel: Fundusz Inwestycyjny Tr\u00f3jmorza<\/strong><\/p>\n\n\n\n<p class=\"wp-block-paragraph\">Niezwykle ciekawy by\u0142 tak\u017ce panel prowadzony przez Jerzego Kwieci\u0144skiego, prezesa PGNiG, by\u0142ego ministra finans\u00f3w i rozwoju. Dotyczy\u0142 utworzonego w 2019 r. Fundusza Inwestycyjnego Tr\u00f3jmorza. To narz\u0119dzie realizacji projekt\u00f3w w obszarach priorytetowych dla pa\u0144stw nale\u017c\u0105cych do tej inicjatywy (infrastruktura transportowa, sektor energetyczny, digitalizacja).<\/p>\n\n\n\n<p class=\"wp-block-paragraph\">Wed\u0142ug Ma\u0142gorzaty Jarosi\u0144skiej-Jedynak, minister funduszy i polityki regionalnej, priorytetem Polski s\u0105 projekty Via Carpatia i Rail Baltica, ale dla przysz\u0142o\u015bci Tr\u00f3jmorza istotne jest to, jak b\u0119dzie dalej wygl\u0105da\u0142o finansowanie rozwoju po\u0142\u0105cze\u0144 infrastrukturalnych w regionie na osi P\u00f3\u0142noc-Po\u0142udnie. Jarosi\u0144ska-Jedynak zwr\u00f3ci\u0142a uwag\u0119 na si\u0142\u0119 gospodarcz\u0105 pa\u0144stw Tr\u00f3jmorza: 80 mld euro w 12 pa\u0144stwach zainwestowano w trzy obszary. Wa\u017cne, \u017ceby rozwija\u0107 i utrzymywa\u0107 \u0142a\u0144cuchy dostaw i us\u0142ug. Wa\u017cne, \u017ceby dobrze lokowa\u0107 \u015brodki z r\u00f3\u017cnych funduszy. 57 mld mo\u017ce trafi\u0107 do Polski w ramach programu odbudowywania gospodarki, ale r\u00f3wnie\u017c zwi\u0119kszania odporno\u015bci na wydarzenia takie jak pandemia Covid. 66,8 mld euro w ramach polityki sp\u00f3jno\u015bci. Tak\u017ce USA bardzo uwa\u017cnie \u015bledz\u0105 rozw\u00f3j Tr\u00f3jmorza. R\u00f3wnie\u017c Europejski Bank Inwestycyjny (EBI) oraz Europejski Bank Odbudowy i Rozwoju (EBOR) mog\u0105 finansowa\u0107 cz\u0119\u015b\u0107 inwestycji. Ufam, \u017ce aktualne obostrzenia stosowane przez te instytucje nie b\u0119d\u0105 mia\u0142y zastosowania w Funduszu.<\/p>\n\n\n\n<p class=\"wp-block-paragraph\">Beata Daszy\u0144ska-Muzyczka, &nbsp;prezes zarz\u0105du Banku Gospodarstwa Krajowego wyja\u015bnia\u0142a, \u017ce na koniec roku powinni\u015bmy mie\u0107 w Funduszu Inwestycyjnym Tr\u00f3jmorza minimum 5 pa\u0144stw. Zainteresowani s\u0105 udzia\u0142owcy z Niemiec, Japonii, Australii, USA. Bud\u017cet planowany jest na 3-5 mld euro.<\/p>\n\n\n\n<p class=\"wp-block-paragraph\">Tak\u017ce Andrzej Adamczyk, minister infrastruktury, podkre\u015bla\u0142 znaczenie Via Carpatii dla regionu Karpat. \u2013 Od 2015 roku toczy si\u0119 dyskusja i powr\u00f3t do dziedzictwa Lecha Kaczy\u0144skiego, kt\u00f3ry wtedy zainicjowa\u0142 ide\u0119 po\u0142\u0105czenia transportowego znanego jako Via Carpathia. W marcu 2016 roku ministrowie transportu 10 pa\u0144stw szukali \u015brodk\u00f3w na to przedsi\u0119wzi\u0119cie. Obecnie Via Carpathia to 8 tys. km dr\u00f3g. Mamy zabezpieczone \u015brodki na budowanie ca\u0142ego odcinka Via w Polsce. Trzeba stworzy\u0107 to po\u0142\u0105czenie, bo ono b\u0119dzie generowa\u0107 rozw\u00f3j ca\u0142ego regionu. To tak\u017ce nadzieja dla Bia\u0142orusi, kt\u00f3ra r\u00f3wnie\u017c b\u0119dzie mog\u0142a korzysta\u0107. Litwa, Finlandia, Estonia, \u0141otwa r\u00f3wnie\u017c maj\u0105 nadziej\u0119 na korzy\u015bci z tej trasy. Kraj\u00f3w zainteresowanych projektem jest wi\u0119cej. Z\u0142o\u017cyli\u015bmy wniosek o wpisanie Via Carpathii do sieci bazowej TEN-T (Transeuropejska Sie\u0107 Transportowa). Projekt ma olbrzymie znaczenie mi\u0119dzynarodowe \u2013 pobudzi gospodarki pa\u0144stw Tr\u00f3jmorza, ale ma te\u017c ogromne znaczenie dla polskiej gospodarki. Przyk\u0142adem jest rozw\u00f3j Rzeszowa, kt\u00f3ry sta\u0142 si\u0119 jednym z g\u0142\u00f3wnych w\u0119z\u0142\u00f3w komunikacyjnych. W 2025 roku Bia\u0142a Podlaska b\u0119dzie jednym z g\u0142\u00f3wnych szlak\u00f3w komunikacyjnych. W tej chwili to jeden z najbardziej rozpoznawalnych projekt\u00f3w infrastrukturalnych w Unii Europejskiej.<\/p>\n\n\n\n<p class=\"wp-block-paragraph\"><strong>V panel: Parlamentarzy\u015bci w s\u0142u\u017cbie dyplomacji. Fenomen dyplomacji parlamentarnej<\/strong><\/p>\n\n\n\n<p class=\"wp-block-paragraph\">W dyskusji moderowanej przez Bogdana Rzo\u0144c\u0119, pos\u0142a do Parlamentu Europejskiego, prof. Jan Draus przypomnia\u0142 dokonania dyplomacji parlamentarnej, kt\u00f3rej znaczenie wzros\u0142o podczas VIII kadencji Sejmu (2015 &#8211; 2019). \u2013 Dyplomacja parlamentarna to fenomen na p\u0142aszczy\u017anie polityki zagranicznej. Zast\u0105pi\u0142 poj\u0119cie dyplomacji konferencyjnej. Funkcjonuje obok klasycznej dyplomacji. Rola indywidualnych parlamentarzyst\u00f3w w ramach zgromadze\u0144 parlamentarnych, stowarzysze\u0144 mi\u0119dzynarodowych jest bardzo elastyczna w stosunku do klasycznej dyplomacji rz\u0105dowej \u2013 ta jest obwarowana protoko\u0142em i instrukcjami politycznymi. Parlamentarzy\u015bci powinni dope\u0142nia\u0107 polityk\u0119 zagraniczn\u0105 swoich pa\u0144stw. Pos\u0142owie opozycji mog\u0105 mie\u0107 odmienne wizje, ale ich wypowiedzi nie obliguj\u0105 rz\u0105du. Dobrze jest wi\u0119c budowa\u0107 konsensus i wok\u00f3\u0142 niego si\u0119 koncentrowa\u0107. VIII kadencja Sejmu pod wzgl\u0119dem dyplomacji parlamentarnej by\u0142a bardzo aktywna i nie zanotowa\u0142a zgrzyt\u00f3w z rz\u0105dem. Lata 2015-2019 w kadencji to dyplomacja parlamentarna w wielu formatach: g\u0142\u00f3wnie V4, Szczyt Przewodnicz\u0105cych Parlament\u00f3w Europy \u015arodkowej i Wschodniej, Europa Karpat. Profesor Uniwersytetu Rzeszowskiego doda\u0142, \u017ce kiedy PiS obejmowa\u0142o w\u0142adz\u0119, V4 by\u0142o w kryzysie. St\u0105d wysi\u0142ki odbudowania V4 \u2013 by\u0142o to mo\u017cliwe dzi\u0119ki wieloletniej wsp\u00f3\u0142pracy parlamentarnej PiS i Fidesz. \u2013 Dyplomacja parlamentarna zach\u0119ci\u0142a do nowego otwarcia w stosunkach w ramach V4. Ogromna w tym rola marsza\u0142ka Sejmu VIII kadencji Marka Kuchci\u0144skiego. Dzia\u0142a\u0142 aktywnie i szybko spotka\u0142 si\u0119 z przewodnicz\u0105cym Zgromadzenia Narodowego W\u0119gier L\u00e1szl\u00f3 K\u00f6v\u00e9rem. Na formacie V4 wyr\u00f3s\u0142 nowy w postaci spotka\u0144 Przewodnicz\u0105cych Parlament\u00f3w Europy \u015arodkowej i Wschodniej. To nowa jako\u015b\u0107 i bardzo wa\u017cny format, kt\u00f3ry przypomina, \u017ce Europa to nie tylko Unia. Kwestie bezpiecze\u0144stwa si\u0119gaj\u0105 du\u017co dalej. Europa Karpat jest autorsk\u0105 koncepcj\u0105 parlamentarn\u0105 Marka Kuchci\u0144skiego. Upomn\u0119 si\u0119 tak\u017ce o Instytut Europy Karpat, tam gdzie ta inicjatywa powsta\u0142a. Ogromna rola dyplomacji parlamentarnej widoczna jest tak\u017ce w stosunkach polsko-litewskich. Podniesiono stosunki parlamentarne z Gruzj\u0105 w ramach utworzonego zespo\u0142u parlamentarnego Polska-Gruzja.<\/p>\n\n\n\n<p class=\"wp-block-paragraph\"><strong>VI panel: Europa Karpat w centrum Europy \u015arodkowej. Przegl\u0105d inicjatyw<\/strong><\/p>\n\n\n\n<p class=\"wp-block-paragraph\">Panel skupia\u0142 si\u0119 na uwypukleniu strategicznego znaczenia Makroregionu Karpackiego z perspektywy ca\u0142ej Europy \u015arodkowej. Sercem jest Europa Karpat, kt\u00f3ra jest znacz\u0105cym miejsce wymiany my\u015bli rozlewaj\u0105cych si\u0119 nast\u0119pnie na Bukareszta\u0144sk\u0105 Dziewi\u0105tk\u0119, Inicjatywy Tr\u00f3jmorza. Karpaty okazuj\u0105 si\u0119 uniwersaln\u0105 osi\u0105, wok\u00f3\u0142 kt\u00f3rej powstaj\u0105 projekty edukacyjne maj\u0105ce wzmocni\u0107 bezpiecze\u0144stwo i niwelowa\u0107 dysproporcje rozwojowe. Przyk\u0142adami takich dzia\u0142a\u0144 s\u0105: Polsko-W\u0119gierska Szko\u0142a Lider\u00f3w, Mi\u0119dzynarodowe Forum Wsp\u00f3\u0142pracy M\u0142odych Karpat i Tr\u00f3jmorza, Collegium Carpathicum czy projekt Via Culturalia.<\/p>\n\n\n\n<p class=\"wp-block-paragraph\"><strong>VII panel: Grupa Wyszehradzka \u2013 w stron\u0119 rozwoju zr\u00f3wnowa\u017conego<\/strong><\/p>\n\n\n\n<p class=\"wp-block-paragraph\">Dyskusj\u0119 o V4 prowadzi\u0142 wiceminister spraw zagranicznych Szymon Szynkowski vel S\u0119k, pe\u0142nomocnik rz\u0105du ds. polskiego przewodnictwa w Grupie Wyszehradzkiej. Podkre\u015bli\u0142, \u017ce Polska anga\u017cuje si\u0119 w wiele regionalnych inicjatyw, kt\u00f3re s\u0105 elementem polityki zagranicznej.  Najwa\u017cniejszym i najbardziej rozpoznawalnym zrzeszeniem w Europie jest w\u0142a\u015bnie Grupa Wyszehradzka.<\/p>\n\n\n\n<p class=\"wp-block-paragraph\"><strong>VIII panel: Wody Karpat<\/strong><\/p>\n\n\n\n<p class=\"wp-block-paragraph\">Rozmowy o sytuacji hydrologicznej regionu Karpat moderowa\u0142a Barbara Bartu\u015b, pose\u0142, przewodnicz\u0105ca Delegacji Sejmu i Senatu do Zgromadzenia Parlamentarnego OBWE. Ma\u0142gorzata Goli\u0144ska, sekretarz stanu w Ministerstwie \u015arodowiska, Zasob\u00f3w Naturalnych i Le\u015bnictwa argumentowa\u0142a, \u017ce woda to w polskich warunkach racja stanu. \u2013 Ponad po\u0142owa \u015bwiatowych zasob\u00f3w wodnych zaczyna si\u0119 w g\u00f3rach, podobnie z Karpatami. Budowa geologiczna Karpat sprawia, \u017ce nie jest to dobry teren do retencjonowania. Warto zda\u0107 sobie spraw\u0119, \u017ce lasy to nie tylko kwestia jako\u015bci, ale ilo\u015bci wody i jej obiegu. Dlatego du\u017ca rola le\u015bnictwa. Wzrost powierzchni zalesionej o ok 5% spowalnia sp\u0142yw w\u00f3d o 2%. Wzrost zalesienia Karpat to pow\u00f3d do dumy. Le\u015bnicy realizuj\u0105 ju\u017c programy, kt\u00f3re maj\u0105 pom\u00f3c w gromadzeniu wody na gruncie i powstrzymywaniu jej odp\u0142ywu \u2013 t\u0142umaczy\u0142a Ma\u0142gorzata Goli\u0144ska.<\/p>\n\n\n\n<p class=\"wp-block-paragraph\"><strong>IX panel: Trzecia misja uczelni 2.0. Wsp\u00f3\u0142praca uniwersytet\u00f3w z otoczeniem zewn\u0119trznym w okresie pandemii COVID-19<\/strong><\/p>\n\n\n\n<p class=\"wp-block-paragraph\">Ostatni panel 27. Konferencji Europa Karpat moderowa\u0142 Jan Malicki ze Studium Europy Wschodniej Uniwersytetu Warszawskiego. Rektorzy podkarpackich uczelni opowiedzieli o wsp\u00f3\u0142pracy uniwersyteckiej, kt\u00f3ra ze wzgl\u0119du na okoliczno\u015bci zmuszona by\u0142a wyj\u015b\u0107 poza tradycyjne formy. Jan Malicki m\u00f3wi\u0142 tak\u017ce o Collegium Carpathicum: \u2013 W tym projekcie bierze udzia\u0142 6 uczelni, realizujemy grant Funduszu Wyszehradzkiego. Wiosn\u0105 musieli\u015bmy przyspieszy\u0107 realizacj\u0119 projektu i zaj\u0119cia musia\u0142y by\u0107 prowadzone w sieci.<\/p>\n\n\n\n<figure class=\"wp-block-image size-large\"><img fetchpriority=\"high\" decoding=\"async\" width=\"800\" height=\"533\" src=\"https:\/\/marekkuchcinski.pl\/wp-content\/uploads\/2020\/09\/1p.jpg\" alt=\"\" class=\"wp-image-19823\" srcset=\"https:\/\/marekkuchcinski.pl\/wp-content\/uploads\/2020\/09\/1p.jpg 800w, https:\/\/marekkuchcinski.pl\/wp-content\/uploads\/2020\/09\/1p-300x200.jpg 300w, https:\/\/marekkuchcinski.pl\/wp-content\/uploads\/2020\/09\/1p-768x512.jpg 768w\" sizes=\"(max-width: 800px) 100vw, 800px\" \/><\/figure>\n\n\n\n<figure class=\"wp-block-image size-large\"><img decoding=\"async\" width=\"800\" height=\"533\" src=\"https:\/\/marekkuchcinski.pl\/wp-content\/uploads\/2020\/09\/1pa.jpg\" alt=\"\" class=\"wp-image-19824\" srcset=\"https:\/\/marekkuchcinski.pl\/wp-content\/uploads\/2020\/09\/1pa.jpg 800w, https:\/\/marekkuchcinski.pl\/wp-content\/uploads\/2020\/09\/1pa-300x200.jpg 300w, https:\/\/marekkuchcinski.pl\/wp-content\/uploads\/2020\/09\/1pa-768x512.jpg 768w\" sizes=\"(max-width: 800px) 100vw, 800px\" \/><\/figure>\n\n\n\n<figure class=\"wp-block-image size-large\"><img decoding=\"async\" width=\"800\" height=\"533\" src=\"https:\/\/marekkuchcinski.pl\/wp-content\/uploads\/2020\/09\/2p.jpg\" alt=\"\" class=\"wp-image-19825\" srcset=\"https:\/\/marekkuchcinski.pl\/wp-content\/uploads\/2020\/09\/2p.jpg 800w, https:\/\/marekkuchcinski.pl\/wp-content\/uploads\/2020\/09\/2p-300x200.jpg 300w, https:\/\/marekkuchcinski.pl\/wp-content\/uploads\/2020\/09\/2p-768x512.jpg 768w\" sizes=\"(max-width: 800px) 100vw, 800px\" \/><\/figure>\n\n\n\n<figure class=\"wp-block-image size-large\"><img loading=\"lazy\" decoding=\"async\" width=\"800\" height=\"533\" src=\"https:\/\/marekkuchcinski.pl\/wp-content\/uploads\/2020\/09\/3p.jpg\" alt=\"\" class=\"wp-image-19826\" srcset=\"https:\/\/marekkuchcinski.pl\/wp-content\/uploads\/2020\/09\/3p.jpg 800w, https:\/\/marekkuchcinski.pl\/wp-content\/uploads\/2020\/09\/3p-300x200.jpg 300w, https:\/\/marekkuchcinski.pl\/wp-content\/uploads\/2020\/09\/3p-768x512.jpg 768w\" sizes=\"(max-width: 800px) 100vw, 800px\" \/><\/figure>\n\n\n\n<figure class=\"wp-block-image size-large\"><img loading=\"lazy\" decoding=\"async\" width=\"800\" height=\"533\" src=\"https:\/\/marekkuchcinski.pl\/wp-content\/uploads\/2020\/09\/4p.jpg\" alt=\"\" class=\"wp-image-19827\" srcset=\"https:\/\/marekkuchcinski.pl\/wp-content\/uploads\/2020\/09\/4p.jpg 800w, https:\/\/marekkuchcinski.pl\/wp-content\/uploads\/2020\/09\/4p-300x200.jpg 300w, https:\/\/marekkuchcinski.pl\/wp-content\/uploads\/2020\/09\/4p-768x512.jpg 768w\" sizes=\"(max-width: 800px) 100vw, 800px\" \/><\/figure>\n\n\n\n<figure class=\"wp-block-image size-large\"><img loading=\"lazy\" decoding=\"async\" width=\"800\" height=\"533\" src=\"https:\/\/marekkuchcinski.pl\/wp-content\/uploads\/2020\/09\/5p.jpg\" alt=\"\" class=\"wp-image-19828\" srcset=\"https:\/\/marekkuchcinski.pl\/wp-content\/uploads\/2020\/09\/5p.jpg 800w, https:\/\/marekkuchcinski.pl\/wp-content\/uploads\/2020\/09\/5p-300x200.jpg 300w, https:\/\/marekkuchcinski.pl\/wp-content\/uploads\/2020\/09\/5p-768x512.jpg 768w\" sizes=\"(max-width: 800px) 100vw, 800px\" \/><\/figure>","protected":false},"excerpt":{"rendered":"<p>Stary Kontynent jest jak m\u0142ody organizm. Paradoks? Wsp\u00f3\u0142czesna Europa, za spraw\u0105 unijnych przemian, wci\u0105\u017c jeszcze nie wesz\u0142a w wiek dojrza\u0142y. Cho\u0107 wydawa\u0142o si\u0119 nam, \u017ce rozwini\u0119te struktury sprawiaj\u0105, \u017ce mamy sztywne ramy rozwoju, to obecnie europejska wsp\u00f3lnota szuka nowej drogi. Inspiracje czerpie z przesz\u0142o\u015bci, ale w przysz\u0142o\u015b\u0107 mo\u017ce j\u0105 zaprowadzi\u0107 rozs\u0105dna wsp\u00f3\u0142praca oparta mi\u0119dzy innymi [&hellip;]<\/p>\n","protected":false},"author":3,"featured_media":19830,"comment_status":"open","ping_status":"open","sticky":false,"template":"","format":"standard","meta":{"ngg_post_thumbnail":0,"footnotes":""},"categories":[78,49,3],"tags":[],"class_list":["post-19820","post","type-post","status-publish","format-standard","has-post-thumbnail","hentry","category-europa-karpat","category-podkarpacie","category-wydarzenia"],"yoast_head":"<!-- This site is optimized with the Yoast SEO plugin v28.4 - https:\/\/yoast.com\/product\/yoast-seo-wordpress\/ -->\n<title>Europa Karpat. Podsumowanie 27. edycji &#8211; Marek Kuchci\u0144ski<\/title>\n<meta name=\"robots\" content=\"index, follow, max-snippet:-1, max-image-preview:large, max-video-preview:-1\" \/>\n<link rel=\"canonical\" href=\"https:\/\/marekkuchcinski.pl\/en\/wydarzenia\/europa-karpat-podsumowanie-27-edycji\/\" \/>\n<meta property=\"og:locale\" content=\"en_GB\" \/>\n<meta property=\"og:type\" content=\"article\" \/>\n<meta property=\"og:title\" content=\"Europa Karpat. Podsumowanie 27. edycji &#8211; Marek Kuchci\u0144ski\" \/>\n<meta property=\"og:description\" content=\"Stary Kontynent jest jak m\u0142ody organizm. Paradoks? Wsp\u00f3\u0142czesna Europa, za spraw\u0105 unijnych przemian, wci\u0105\u017c jeszcze nie wesz\u0142a w wiek dojrza\u0142y. Cho\u0107 wydawa\u0142o si\u0119 nam, \u017ce rozwini\u0119te struktury sprawiaj\u0105, \u017ce mamy sztywne ramy rozwoju, to obecnie europejska wsp\u00f3lnota szuka nowej drogi. Inspiracje czerpie z przesz\u0142o\u015bci, ale w przysz\u0142o\u015b\u0107 mo\u017ce j\u0105 zaprowadzi\u0107 rozs\u0105dna wsp\u00f3\u0142praca oparta mi\u0119dzy innymi [&hellip;]\" \/>\n<meta property=\"og:url\" content=\"https:\/\/marekkuchcinski.pl\/en\/wydarzenia\/europa-karpat-podsumowanie-27-edycji\/\" \/>\n<meta property=\"og:site_name\" content=\"Marek Kuchci\u0144ski\" \/>\n<meta property=\"article:published_time\" content=\"2020-09-23T09:24:00+00:00\" \/>\n<meta property=\"article:modified_time\" content=\"2020-09-23T10:22:39+00:00\" \/>\n<meta property=\"og:image\" content=\"https:\/\/marekkuchcinski.pl\/wp-content\/uploads\/2020\/09\/mr.jpg\" \/>\n\t<meta property=\"og:image:width\" content=\"1660\" \/>\n\t<meta property=\"og:image:height\" content=\"972\" \/>\n\t<meta property=\"og:image:type\" content=\"image\/jpeg\" \/>\n<meta name=\"author\" content=\"Marta Olejnik\" \/>\n<meta name=\"twitter:card\" content=\"summary_large_image\" \/>\n<meta name=\"twitter:label1\" content=\"Written by\" \/>\n\t<meta name=\"twitter:data1\" content=\"Marta Olejnik\" \/>\n\t<meta name=\"twitter:label2\" content=\"Est. reading time\" \/>\n\t<meta name=\"twitter:data2\" content=\"15 minutes\" \/>\n<script type=\"application\/ld+json\" class=\"yoast-schema-graph\">{\"@context\":\"https:\\\/\\\/schema.org\",\"@graph\":[{\"@type\":\"Article\",\"@id\":\"https:\\\/\\\/marekkuchcinski.pl\\\/wydarzenia\\\/europa-karpat-podsumowanie-27-edycji\\\/#article\",\"isPartOf\":{\"@id\":\"https:\\\/\\\/marekkuchcinski.pl\\\/wydarzenia\\\/europa-karpat-podsumowanie-27-edycji\\\/\"},\"author\":{\"name\":\"Marta Olejnik\",\"@id\":\"https:\\\/\\\/marekkuchcinski.pl\\\/#\\\/schema\\\/person\\\/bd3f15dee67fee76e83c8350d0154101\"},\"headline\":\"Europa Karpat. Podsumowanie 27. edycji\",\"datePublished\":\"2020-09-23T09:24:00+00:00\",\"dateModified\":\"2020-09-23T10:22:39+00:00\",\"mainEntityOfPage\":{\"@id\":\"https:\\\/\\\/marekkuchcinski.pl\\\/wydarzenia\\\/europa-karpat-podsumowanie-27-edycji\\\/\"},\"wordCount\":2924,\"commentCount\":0,\"publisher\":{\"@id\":\"https:\\\/\\\/marekkuchcinski.pl\\\/#organization\"},\"image\":{\"@id\":\"https:\\\/\\\/marekkuchcinski.pl\\\/wydarzenia\\\/europa-karpat-podsumowanie-27-edycji\\\/#primaryimage\"},\"thumbnailUrl\":\"https:\\\/\\\/marekkuchcinski.pl\\\/wp-content\\\/uploads\\\/2020\\\/09\\\/mr.jpg\",\"articleSection\":[\"Europa Karpat\",\"Podkarpacie\",\"Wydarzenia\"],\"inLanguage\":\"en-GB\",\"potentialAction\":[{\"@type\":\"CommentAction\",\"name\":\"Comment\",\"target\":[\"https:\\\/\\\/marekkuchcinski.pl\\\/wydarzenia\\\/europa-karpat-podsumowanie-27-edycji\\\/#respond\"]}]},{\"@type\":\"WebPage\",\"@id\":\"https:\\\/\\\/marekkuchcinski.pl\\\/wydarzenia\\\/europa-karpat-podsumowanie-27-edycji\\\/\",\"url\":\"https:\\\/\\\/marekkuchcinski.pl\\\/wydarzenia\\\/europa-karpat-podsumowanie-27-edycji\\\/\",\"name\":\"Europa Karpat. Podsumowanie 27. edycji &#8211; Marek Kuchci\u0144ski\",\"isPartOf\":{\"@id\":\"https:\\\/\\\/marekkuchcinski.pl\\\/#website\"},\"primaryImageOfPage\":{\"@id\":\"https:\\\/\\\/marekkuchcinski.pl\\\/wydarzenia\\\/europa-karpat-podsumowanie-27-edycji\\\/#primaryimage\"},\"image\":{\"@id\":\"https:\\\/\\\/marekkuchcinski.pl\\\/wydarzenia\\\/europa-karpat-podsumowanie-27-edycji\\\/#primaryimage\"},\"thumbnailUrl\":\"https:\\\/\\\/marekkuchcinski.pl\\\/wp-content\\\/uploads\\\/2020\\\/09\\\/mr.jpg\",\"datePublished\":\"2020-09-23T09:24:00+00:00\",\"dateModified\":\"2020-09-23T10:22:39+00:00\",\"breadcrumb\":{\"@id\":\"https:\\\/\\\/marekkuchcinski.pl\\\/wydarzenia\\\/europa-karpat-podsumowanie-27-edycji\\\/#breadcrumb\"},\"inLanguage\":\"en-GB\",\"potentialAction\":[{\"@type\":\"ReadAction\",\"target\":[\"https:\\\/\\\/marekkuchcinski.pl\\\/wydarzenia\\\/europa-karpat-podsumowanie-27-edycji\\\/\"]}]},{\"@type\":\"ImageObject\",\"inLanguage\":\"en-GB\",\"@id\":\"https:\\\/\\\/marekkuchcinski.pl\\\/wydarzenia\\\/europa-karpat-podsumowanie-27-edycji\\\/#primaryimage\",\"url\":\"https:\\\/\\\/marekkuchcinski.pl\\\/wp-content\\\/uploads\\\/2020\\\/09\\\/mr.jpg\",\"contentUrl\":\"https:\\\/\\\/marekkuchcinski.pl\\\/wp-content\\\/uploads\\\/2020\\\/09\\\/mr.jpg\",\"width\":1660,\"height\":972},{\"@type\":\"BreadcrumbList\",\"@id\":\"https:\\\/\\\/marekkuchcinski.pl\\\/wydarzenia\\\/europa-karpat-podsumowanie-27-edycji\\\/#breadcrumb\",\"itemListElement\":[{\"@type\":\"ListItem\",\"position\":1,\"name\":\"Strona g\u0142\u00f3wna\",\"item\":\"https:\\\/\\\/marekkuchcinski.pl\\\/\"},{\"@type\":\"ListItem\",\"position\":2,\"name\":\"Europa Karpat. Podsumowanie 27. edycji\"}]},{\"@type\":\"WebSite\",\"@id\":\"https:\\\/\\\/marekkuchcinski.pl\\\/#website\",\"url\":\"https:\\\/\\\/marekkuchcinski.pl\\\/\",\"name\":\"Marek Kuchci\u0144ski\",\"description\":\"Marek Kuchci\u0144ski \",\"publisher\":{\"@id\":\"https:\\\/\\\/marekkuchcinski.pl\\\/#organization\"},\"potentialAction\":[{\"@type\":\"SearchAction\",\"target\":{\"@type\":\"EntryPoint\",\"urlTemplate\":\"https:\\\/\\\/marekkuchcinski.pl\\\/?s={search_term_string}\"},\"query-input\":{\"@type\":\"PropertyValueSpecification\",\"valueRequired\":true,\"valueName\":\"search_term_string\"}}],\"inLanguage\":\"en-GB\"},{\"@type\":\"Organization\",\"@id\":\"https:\\\/\\\/marekkuchcinski.pl\\\/#organization\",\"name\":\"Marek Kuchci\u0144ski\",\"url\":\"https:\\\/\\\/marekkuchcinski.pl\\\/\",\"logo\":{\"@type\":\"ImageObject\",\"inLanguage\":\"en-GB\",\"@id\":\"https:\\\/\\\/marekkuchcinski.pl\\\/#\\\/schema\\\/logo\\\/image\\\/\",\"url\":\"https:\\\/\\\/marekkuchcinski.pl\\\/wp-content\\\/uploads\\\/2022\\\/09\\\/Marek.jpg\",\"contentUrl\":\"https:\\\/\\\/marekkuchcinski.pl\\\/wp-content\\\/uploads\\\/2022\\\/09\\\/Marek.jpg\",\"width\":1600,\"height\":971,\"caption\":\"Marek Kuchci\u0144ski\"},\"image\":{\"@id\":\"https:\\\/\\\/marekkuchcinski.pl\\\/#\\\/schema\\\/logo\\\/image\\\/\"}},{\"@type\":\"Person\",\"@id\":\"https:\\\/\\\/marekkuchcinski.pl\\\/#\\\/schema\\\/person\\\/bd3f15dee67fee76e83c8350d0154101\",\"name\":\"Marta Olejnik\",\"image\":{\"@type\":\"ImageObject\",\"inLanguage\":\"en-GB\",\"@id\":\"https:\\\/\\\/secure.gravatar.com\\\/avatar\\\/24754edd6080383402e292374b406b553027d572e97d60e7aa89a6940e88659a?s=96&d=mm&r=g\",\"url\":\"https:\\\/\\\/secure.gravatar.com\\\/avatar\\\/24754edd6080383402e292374b406b553027d572e97d60e7aa89a6940e88659a?s=96&d=mm&r=g\",\"contentUrl\":\"https:\\\/\\\/secure.gravatar.com\\\/avatar\\\/24754edd6080383402e292374b406b553027d572e97d60e7aa89a6940e88659a?s=96&d=mm&r=g\",\"caption\":\"Marta Olejnik\"},\"url\":\"https:\\\/\\\/marekkuchcinski.pl\\\/en\\\/author\\\/marta\\\/\"}]}<\/script>\n<!-- \/ Yoast SEO plugin. -->","yoast_head_json":{"title":"Europa Karpat. Podsumowanie 27. edycji &#8211; Marek Kuchci\u0144ski","robots":{"index":"index","follow":"follow","max-snippet":"max-snippet:-1","max-image-preview":"max-image-preview:large","max-video-preview":"max-video-preview:-1"},"canonical":"https:\/\/marekkuchcinski.pl\/en\/wydarzenia\/europa-karpat-podsumowanie-27-edycji\/","og_locale":"en_GB","og_type":"article","og_title":"Europa Karpat. Podsumowanie 27. edycji &#8211; Marek Kuchci\u0144ski","og_description":"Stary Kontynent jest jak m\u0142ody organizm. Paradoks? Wsp\u00f3\u0142czesna Europa, za spraw\u0105 unijnych przemian, wci\u0105\u017c jeszcze nie wesz\u0142a w wiek dojrza\u0142y. Cho\u0107 wydawa\u0142o si\u0119 nam, \u017ce rozwini\u0119te struktury sprawiaj\u0105, \u017ce mamy sztywne ramy rozwoju, to obecnie europejska wsp\u00f3lnota szuka nowej drogi. Inspiracje czerpie z przesz\u0142o\u015bci, ale w przysz\u0142o\u015b\u0107 mo\u017ce j\u0105 zaprowadzi\u0107 rozs\u0105dna wsp\u00f3\u0142praca oparta mi\u0119dzy innymi [&hellip;]","og_url":"https:\/\/marekkuchcinski.pl\/en\/wydarzenia\/europa-karpat-podsumowanie-27-edycji\/","og_site_name":"Marek Kuchci\u0144ski","article_published_time":"2020-09-23T09:24:00+00:00","article_modified_time":"2020-09-23T10:22:39+00:00","og_image":[{"width":1660,"height":972,"url":"https:\/\/marekkuchcinski.pl\/wp-content\/uploads\/2020\/09\/mr.jpg","type":"image\/jpeg"}],"author":"Marta Olejnik","twitter_card":"summary_large_image","twitter_misc":{"Written by":"Marta Olejnik","Est. reading time":"15 minutes"},"schema":{"@context":"https:\/\/schema.org","@graph":[{"@type":"Article","@id":"https:\/\/marekkuchcinski.pl\/wydarzenia\/europa-karpat-podsumowanie-27-edycji\/#article","isPartOf":{"@id":"https:\/\/marekkuchcinski.pl\/wydarzenia\/europa-karpat-podsumowanie-27-edycji\/"},"author":{"name":"Marta Olejnik","@id":"https:\/\/marekkuchcinski.pl\/#\/schema\/person\/bd3f15dee67fee76e83c8350d0154101"},"headline":"Europa Karpat. Podsumowanie 27. edycji","datePublished":"2020-09-23T09:24:00+00:00","dateModified":"2020-09-23T10:22:39+00:00","mainEntityOfPage":{"@id":"https:\/\/marekkuchcinski.pl\/wydarzenia\/europa-karpat-podsumowanie-27-edycji\/"},"wordCount":2924,"commentCount":0,"publisher":{"@id":"https:\/\/marekkuchcinski.pl\/#organization"},"image":{"@id":"https:\/\/marekkuchcinski.pl\/wydarzenia\/europa-karpat-podsumowanie-27-edycji\/#primaryimage"},"thumbnailUrl":"https:\/\/marekkuchcinski.pl\/wp-content\/uploads\/2020\/09\/mr.jpg","articleSection":["Europa Karpat","Podkarpacie","Wydarzenia"],"inLanguage":"en-GB","potentialAction":[{"@type":"CommentAction","name":"Comment","target":["https:\/\/marekkuchcinski.pl\/wydarzenia\/europa-karpat-podsumowanie-27-edycji\/#respond"]}]},{"@type":"WebPage","@id":"https:\/\/marekkuchcinski.pl\/wydarzenia\/europa-karpat-podsumowanie-27-edycji\/","url":"https:\/\/marekkuchcinski.pl\/wydarzenia\/europa-karpat-podsumowanie-27-edycji\/","name":"Europa Karpat. Podsumowanie 27. edycji &#8211; Marek Kuchci\u0144ski","isPartOf":{"@id":"https:\/\/marekkuchcinski.pl\/#website"},"primaryImageOfPage":{"@id":"https:\/\/marekkuchcinski.pl\/wydarzenia\/europa-karpat-podsumowanie-27-edycji\/#primaryimage"},"image":{"@id":"https:\/\/marekkuchcinski.pl\/wydarzenia\/europa-karpat-podsumowanie-27-edycji\/#primaryimage"},"thumbnailUrl":"https:\/\/marekkuchcinski.pl\/wp-content\/uploads\/2020\/09\/mr.jpg","datePublished":"2020-09-23T09:24:00+00:00","dateModified":"2020-09-23T10:22:39+00:00","breadcrumb":{"@id":"https:\/\/marekkuchcinski.pl\/wydarzenia\/europa-karpat-podsumowanie-27-edycji\/#breadcrumb"},"inLanguage":"en-GB","potentialAction":[{"@type":"ReadAction","target":["https:\/\/marekkuchcinski.pl\/wydarzenia\/europa-karpat-podsumowanie-27-edycji\/"]}]},{"@type":"ImageObject","inLanguage":"en-GB","@id":"https:\/\/marekkuchcinski.pl\/wydarzenia\/europa-karpat-podsumowanie-27-edycji\/#primaryimage","url":"https:\/\/marekkuchcinski.pl\/wp-content\/uploads\/2020\/09\/mr.jpg","contentUrl":"https:\/\/marekkuchcinski.pl\/wp-content\/uploads\/2020\/09\/mr.jpg","width":1660,"height":972},{"@type":"BreadcrumbList","@id":"https:\/\/marekkuchcinski.pl\/wydarzenia\/europa-karpat-podsumowanie-27-edycji\/#breadcrumb","itemListElement":[{"@type":"ListItem","position":1,"name":"Strona g\u0142\u00f3wna","item":"https:\/\/marekkuchcinski.pl\/"},{"@type":"ListItem","position":2,"name":"Europa Karpat. Podsumowanie 27. edycji"}]},{"@type":"WebSite","@id":"https:\/\/marekkuchcinski.pl\/#website","url":"https:\/\/marekkuchcinski.pl\/","name":"Marek Kuchci\u0144ski","description":"Marek Kuchci\u0144ski","publisher":{"@id":"https:\/\/marekkuchcinski.pl\/#organization"},"potentialAction":[{"@type":"SearchAction","target":{"@type":"EntryPoint","urlTemplate":"https:\/\/marekkuchcinski.pl\/?s={search_term_string}"},"query-input":{"@type":"PropertyValueSpecification","valueRequired":true,"valueName":"search_term_string"}}],"inLanguage":"en-GB"},{"@type":"Organization","@id":"https:\/\/marekkuchcinski.pl\/#organization","name":"Marek Kuchci\u0144ski","url":"https:\/\/marekkuchcinski.pl\/","logo":{"@type":"ImageObject","inLanguage":"en-GB","@id":"https:\/\/marekkuchcinski.pl\/#\/schema\/logo\/image\/","url":"https:\/\/marekkuchcinski.pl\/wp-content\/uploads\/2022\/09\/Marek.jpg","contentUrl":"https:\/\/marekkuchcinski.pl\/wp-content\/uploads\/2022\/09\/Marek.jpg","width":1600,"height":971,"caption":"Marek Kuchci\u0144ski"},"image":{"@id":"https:\/\/marekkuchcinski.pl\/#\/schema\/logo\/image\/"}},{"@type":"Person","@id":"https:\/\/marekkuchcinski.pl\/#\/schema\/person\/bd3f15dee67fee76e83c8350d0154101","name":"Marta Olejnik","image":{"@type":"ImageObject","inLanguage":"en-GB","@id":"https:\/\/secure.gravatar.com\/avatar\/24754edd6080383402e292374b406b553027d572e97d60e7aa89a6940e88659a?s=96&d=mm&r=g","url":"https:\/\/secure.gravatar.com\/avatar\/24754edd6080383402e292374b406b553027d572e97d60e7aa89a6940e88659a?s=96&d=mm&r=g","contentUrl":"https:\/\/secure.gravatar.com\/avatar\/24754edd6080383402e292374b406b553027d572e97d60e7aa89a6940e88659a?s=96&d=mm&r=g","caption":"Marta Olejnik"},"url":"https:\/\/marekkuchcinski.pl\/en\/author\/marta\/"}]}},"_links":{"self":[{"href":"https:\/\/marekkuchcinski.pl\/en\/wp-json\/wp\/v2\/posts\/19820","targetHints":{"allow":["GET"]}}],"collection":[{"href":"https:\/\/marekkuchcinski.pl\/en\/wp-json\/wp\/v2\/posts"}],"about":[{"href":"https:\/\/marekkuchcinski.pl\/en\/wp-json\/wp\/v2\/types\/post"}],"author":[{"embeddable":true,"href":"https:\/\/marekkuchcinski.pl\/en\/wp-json\/wp\/v2\/users\/3"}],"replies":[{"embeddable":true,"href":"https:\/\/marekkuchcinski.pl\/en\/wp-json\/wp\/v2\/comments?post=19820"}],"version-history":[{"count":7,"href":"https:\/\/marekkuchcinski.pl\/en\/wp-json\/wp\/v2\/posts\/19820\/revisions"}],"predecessor-version":[{"id":19836,"href":"https:\/\/marekkuchcinski.pl\/en\/wp-json\/wp\/v2\/posts\/19820\/revisions\/19836"}],"wp:featuredmedia":[{"embeddable":true,"href":"https:\/\/marekkuchcinski.pl\/en\/wp-json\/wp\/v2\/media\/19830"}],"wp:attachment":[{"href":"https:\/\/marekkuchcinski.pl\/en\/wp-json\/wp\/v2\/media?parent=19820"}],"wp:term":[{"taxonomy":"category","embeddable":true,"href":"https:\/\/marekkuchcinski.pl\/en\/wp-json\/wp\/v2\/categories?post=19820"},{"taxonomy":"post_tag","embeddable":true,"href":"https:\/\/marekkuchcinski.pl\/en\/wp-json\/wp\/v2\/tags?post=19820"}],"curies":[{"name":"wp","href":"https:\/\/api.w.org\/{rel}","templated":true}]}}