{"id":19809,"date":"2020-09-15T20:55:22","date_gmt":"2020-09-15T18:55:22","guid":{"rendered":"https:\/\/marekkuchcinski.pl\/?p=19809"},"modified":"2020-09-15T20:57:56","modified_gmt":"2020-09-15T18:57:56","slug":"komisja-ochrony-srodowiska-zasobow-naturalnych-i-lesnictwa-osz-2","status":"publish","type":"post","link":"https:\/\/marekkuchcinski.pl\/en\/wiesci-z-sejmu\/komisje-sejmowe\/komisja-ochrony-srodowiska-zasobow-naturalnych-i-lesnictwa-osz\/komisja-ochrony-srodowiska-zasobow-naturalnych-i-lesnictwa-osz-2\/","title":{"rendered":"Scheduled sittings of parliamentary committees and subcommittees - Committee on the Environment, Natural Resources and Forestry (OSZ)"},"content":{"rendered":"<p><strong>September 15, 2020 (Tuesday), 5:00 pm<\/strong><\/p>\n\n\n\n<p>room no. 412, building U<\/p>\n\n\n\n<p>The meeting will be conducted using electronic means of distance communication<\/p>\n\n\n\n<ul class=\"wp-block-list\"><li>Consideration and opinion for the Committee on State Control of the report on the activities of the Supreme Audit Office in the year 2019 (print No. 522) within the scope of the Committee<\/li><li>- shall be presented by the President of the Supreme Audit Office.<\/li><li>Consideration of the Climate Minister's briefing on the status of implementation of the My Current and Clean Air programs.<\/li><\/ul>\n\n\n\n<p><strong>September 17, 2020 (Thursday), 11:00 am<\/strong><\/p>\n\n\n\n<p>room no. 412, building U<\/p>\n\n\n\n<p>The meeting will be conducted using electronic means of distance communication<\/p>\n\n\n\n<ul class=\"wp-block-list\"><li>Consideration of the Information of the Supreme Chamber of Control on the results of inspections on counteracting the threats posed by hazardous materials deposited on the seabed of the Baltic Sea<\/li><li>- shall be presented by the President of the Supreme Audit Office.<\/li><\/ul>\n\n\n\n<p><strong>September 17, 2020 (Thursday), 12:30 pm<\/strong>Joint committee meeting:&nbsp;<a href=\"https:\/\/www.sejm.gov.pl\/Sejm9.nsf\/agent.xsp?symbol=KOMISJA&amp;NrKadencji=9&amp;KodKom=GMZ\">GMZ<\/a> i <a href=\"https:\/\/www.sejm.gov.pl\/Sejm9.nsf\/agent.xsp?symbol=KOMISJA&amp;NrKadencji=9&amp;KodKom=OSZ\">OSZ<\/a><\/p>\n\n\n\n<p>CANCELLED<\/p>\n\n\n\n<p>room no. 412, building U<\/p>\n\n\n\n<p>The meeting will be conducted using electronic means of remote communication.<\/p>\n\n\n\n<ul class=\"wp-block-list\"><li>Information on water and sewage management in the context of environmental protection with particular emphasis on water monitoring and the status of implementation of the National Urban Wastewater Treatment Program.<\/li><li>Refs:<\/li><li>- Minister of Maritime Affairs and Inland Navigation,<\/li><li>- Climate Minister.<\/li><\/ul>","protected":false},"excerpt":{"rendered":"<p>September 15, 2020 (Tuesday), 5:00 pm Room No. 412, building. U The meeting will be conducted using means of electronic communication allowing remote communication Consideration and opinion for the Committee on State Control of the report on the activities of the Supreme Audit Office in 2019 (print No. 522) within the scope of the Committee's activities - presented by the President of the Supreme Audit Office. Consideration [...]<\/p>","protected":false},"author":17,"featured_media":17353,"comment_status":"open","ping_status":"open","sticky":false,"template":"","format":"standard","meta":{"ngg_post_thumbnail":0,"footnotes":""},"categories":[166],"tags":[],"class_list":["post-19809","post","type-post","status-publish","format-standard","has-post-thumbnail","hentry","category-komisja-ochrony-srodowiska-zasobow-naturalnych-i-lesnictwa-osz"],"yoast_head":"<!-- This site is optimized with the Yoast SEO plugin v24.7 - https:\/\/yoast.com\/wordpress\/plugins\/seo\/ -->\n<title>Planowane posiedzenia komisji i podkomisji sejmowych - Komisja Ochrony \u015arodowiska, Zasob\u00f3w Naturalnych i Le\u015bnictwa (OSZ) &#8211; Marek Kuchci\u0144ski<\/title>\n<meta name=\"robots\" content=\"index, follow, max-snippet:-1, max-image-preview:large, max-video-preview:-1\" \/>\n<link rel=\"canonical\" href=\"https:\/\/marekkuchcinski.pl\/en\/wiesci-z-sejmu\/komisje-sejmowe\/komisja-ochrony-srodowiska-zasobow-naturalnych-i-lesnictwa-osz\/komisja-ochrony-srodowiska-zasobow-naturalnych-i-lesnictwa-osz-2\/\" \/>\n<meta property=\"og:locale\" content=\"en_GB\" \/>\n<meta property=\"og:type\" content=\"article\" \/>\n<meta property=\"og:title\" content=\"Planowane posiedzenia komisji i podkomisji sejmowych - Komisja Ochrony \u015arodowiska, Zasob\u00f3w Naturalnych i Le\u015bnictwa (OSZ) &#8211; Marek Kuchci\u0144ski\" \/>\n<meta property=\"og:description\" content=\"15 wrze\u015bnia 2020 (wtorek), godz.&nbsp;17:00 sala nr 412, bud. U Posiedzenie b\u0119dzie prowadzone z wykorzystaniem \u015brodk\u00f3w komunikacji elektronicznej umo\u017cliwiaj\u0105cych porozumiewanie si\u0119 na odleg\u0142o\u015b\u0107 Rozpatrzenie i zaopiniowanie dla Komisji do Spraw Kontroli Pa\u0144stwowej sprawozdania z dzia\u0142alno\u015bci Najwy\u017cszej Izby Kontroli w roku 2019 (druk nr 522) w zakresie dzia\u0142ania Komisji \u2013 przedstawia prezes Najwy\u017cszej Izby Kontroli. Rozpatrzenie [&hellip;]\" \/>\n<meta property=\"og:url\" content=\"https:\/\/marekkuchcinski.pl\/en\/wiesci-z-sejmu\/komisje-sejmowe\/komisja-ochrony-srodowiska-zasobow-naturalnych-i-lesnictwa-osz\/komisja-ochrony-srodowiska-zasobow-naturalnych-i-lesnictwa-osz-2\/\" \/>\n<meta property=\"og:site_name\" content=\"Marek Kuchci\u0144ski\" \/>\n<meta property=\"article:published_time\" content=\"2020-09-15T18:55:22+00:00\" \/>\n<meta property=\"article:modified_time\" content=\"2020-09-15T18:57:56+00:00\" \/>\n<meta property=\"og:image\" content=\"https:\/\/marekkuchcinski.pl\/wp-content\/uploads\/2019\/07\/sejm-.jpg\" \/>\n\t<meta property=\"og:image:width\" content=\"2048\" \/>\n\t<meta property=\"og:image:height\" content=\"1454\" \/>\n\t<meta property=\"og:image:type\" content=\"image\/jpeg\" \/>\n<meta name=\"author\" content=\"Tomasz \u0141acina\" \/>\n<meta name=\"twitter:card\" content=\"summary_large_image\" \/>\n<meta name=\"twitter:label1\" content=\"Written by\" \/>\n\t<meta name=\"twitter:data1\" content=\"Tomasz \u0141acina\" \/>\n\t<meta name=\"twitter:label2\" content=\"Estimated reading time\" \/>\n\t<meta name=\"twitter:data2\" content=\"1 minute\" \/>\n<script type=\"application\/ld+json\" class=\"yoast-schema-graph\">{\"@context\":\"https:\/\/schema.org\",\"@graph\":[{\"@type\":\"Article\",\"@id\":\"https:\/\/marekkuchcinski.pl\/wiesci-z-sejmu\/komisje-sejmowe\/komisja-ochrony-srodowiska-zasobow-naturalnych-i-lesnictwa-osz\/komisja-ochrony-srodowiska-zasobow-naturalnych-i-lesnictwa-osz-2\/#article\",\"isPartOf\":{\"@id\":\"https:\/\/marekkuchcinski.pl\/wiesci-z-sejmu\/komisje-sejmowe\/komisja-ochrony-srodowiska-zasobow-naturalnych-i-lesnictwa-osz\/komisja-ochrony-srodowiska-zasobow-naturalnych-i-lesnictwa-osz-2\/\"},\"author\":{\"name\":\"Tomasz \u0141acina\",\"@id\":\"https:\/\/marekkuchcinski.pl\/#\/schema\/person\/b8a29fe7813098f7be78801d029910a7\"},\"headline\":\"Planowane posiedzenia komisji i podkomisji sejmowych &#8211; Komisja Ochrony \u015arodowiska, Zasob\u00f3w Naturalnych i Le\u015bnictwa (OSZ)\",\"datePublished\":\"2020-09-15T18:55:22+00:00\",\"dateModified\":\"2020-09-15T18:57:56+00:00\",\"mainEntityOfPage\":{\"@id\":\"https:\/\/marekkuchcinski.pl\/wiesci-z-sejmu\/komisje-sejmowe\/komisja-ochrony-srodowiska-zasobow-naturalnych-i-lesnictwa-osz\/komisja-ochrony-srodowiska-zasobow-naturalnych-i-lesnictwa-osz-2\/\"},\"wordCount\":232,\"commentCount\":0,\"publisher\":{\"@id\":\"https:\/\/marekkuchcinski.pl\/#organization\"},\"image\":{\"@id\":\"https:\/\/marekkuchcinski.pl\/wiesci-z-sejmu\/komisje-sejmowe\/komisja-ochrony-srodowiska-zasobow-naturalnych-i-lesnictwa-osz\/komisja-ochrony-srodowiska-zasobow-naturalnych-i-lesnictwa-osz-2\/#primaryimage\"},\"thumbnailUrl\":\"https:\/\/marekkuchcinski.pl\/wp-content\/uploads\/2019\/07\/sejm-.jpg\",\"articleSection\":[\"Komisja Ochrony \u015arodowiska\"],\"inLanguage\":\"en-GB\",\"potentialAction\":[{\"@type\":\"CommentAction\",\"name\":\"Comment\",\"target\":[\"https:\/\/marekkuchcinski.pl\/wiesci-z-sejmu\/komisje-sejmowe\/komisja-ochrony-srodowiska-zasobow-naturalnych-i-lesnictwa-osz\/komisja-ochrony-srodowiska-zasobow-naturalnych-i-lesnictwa-osz-2\/#respond\"]}]},{\"@type\":\"WebPage\",\"@id\":\"https:\/\/marekkuchcinski.pl\/wiesci-z-sejmu\/komisje-sejmowe\/komisja-ochrony-srodowiska-zasobow-naturalnych-i-lesnictwa-osz\/komisja-ochrony-srodowiska-zasobow-naturalnych-i-lesnictwa-osz-2\/\",\"url\":\"https:\/\/marekkuchcinski.pl\/wiesci-z-sejmu\/komisje-sejmowe\/komisja-ochrony-srodowiska-zasobow-naturalnych-i-lesnictwa-osz\/komisja-ochrony-srodowiska-zasobow-naturalnych-i-lesnictwa-osz-2\/\",\"name\":\"Planowane posiedzenia komisji i podkomisji sejmowych - Komisja Ochrony \u015arodowiska, Zasob\u00f3w Naturalnych i Le\u015bnictwa (OSZ) &#8211; Marek Kuchci\u0144ski\",\"isPartOf\":{\"@id\":\"https:\/\/marekkuchcinski.pl\/#website\"},\"primaryImageOfPage\":{\"@id\":\"https:\/\/marekkuchcinski.pl\/wiesci-z-sejmu\/komisje-sejmowe\/komisja-ochrony-srodowiska-zasobow-naturalnych-i-lesnictwa-osz\/komisja-ochrony-srodowiska-zasobow-naturalnych-i-lesnictwa-osz-2\/#primaryimage\"},\"image\":{\"@id\":\"https:\/\/marekkuchcinski.pl\/wiesci-z-sejmu\/komisje-sejmowe\/komisja-ochrony-srodowiska-zasobow-naturalnych-i-lesnictwa-osz\/komisja-ochrony-srodowiska-zasobow-naturalnych-i-lesnictwa-osz-2\/#primaryimage\"},\"thumbnailUrl\":\"https:\/\/marekkuchcinski.pl\/wp-content\/uploads\/2019\/07\/sejm-.jpg\",\"datePublished\":\"2020-09-15T18:55:22+00:00\",\"dateModified\":\"2020-09-15T18:57:56+00:00\",\"breadcrumb\":{\"@id\":\"https:\/\/marekkuchcinski.pl\/wiesci-z-sejmu\/komisje-sejmowe\/komisja-ochrony-srodowiska-zasobow-naturalnych-i-lesnictwa-osz\/komisja-ochrony-srodowiska-zasobow-naturalnych-i-lesnictwa-osz-2\/#breadcrumb\"},\"inLanguage\":\"en-GB\",\"potentialAction\":[{\"@type\":\"ReadAction\",\"target\":[\"https:\/\/marekkuchcinski.pl\/wiesci-z-sejmu\/komisje-sejmowe\/komisja-ochrony-srodowiska-zasobow-naturalnych-i-lesnictwa-osz\/komisja-ochrony-srodowiska-zasobow-naturalnych-i-lesnictwa-osz-2\/\"]}]},{\"@type\":\"ImageObject\",\"inLanguage\":\"en-GB\",\"@id\":\"https:\/\/marekkuchcinski.pl\/wiesci-z-sejmu\/komisje-sejmowe\/komisja-ochrony-srodowiska-zasobow-naturalnych-i-lesnictwa-osz\/komisja-ochrony-srodowiska-zasobow-naturalnych-i-lesnictwa-osz-2\/#primaryimage\",\"url\":\"https:\/\/marekkuchcinski.pl\/wp-content\/uploads\/2019\/07\/sejm-.jpg\",\"contentUrl\":\"https:\/\/marekkuchcinski.pl\/wp-content\/uploads\/2019\/07\/sejm-.jpg\",\"width\":2048,\"height\":1454},{\"@type\":\"BreadcrumbList\",\"@id\":\"https:\/\/marekkuchcinski.pl\/wiesci-z-sejmu\/komisje-sejmowe\/komisja-ochrony-srodowiska-zasobow-naturalnych-i-lesnictwa-osz\/komisja-ochrony-srodowiska-zasobow-naturalnych-i-lesnictwa-osz-2\/#breadcrumb\",\"itemListElement\":[{\"@type\":\"ListItem\",\"position\":1,\"name\":\"Strona g\u0142\u00f3wna\",\"item\":\"https:\/\/marekkuchcinski.pl\/\"},{\"@type\":\"ListItem\",\"position\":2,\"name\":\"Planowane posiedzenia komisji i podkomisji sejmowych &#8211; Komisja Ochrony \u015arodowiska, Zasob\u00f3w Naturalnych i Le\u015bnictwa (OSZ)\"}]},{\"@type\":\"WebSite\",\"@id\":\"https:\/\/marekkuchcinski.pl\/#website\",\"url\":\"https:\/\/marekkuchcinski.pl\/\",\"name\":\"Marek Kuchci\u0144ski\",\"description\":\"Pose\u0142 na sejm RP &ndash; okr\u0119g nr 22\",\"publisher\":{\"@id\":\"https:\/\/marekkuchcinski.pl\/#organization\"},\"potentialAction\":[{\"@type\":\"SearchAction\",\"target\":{\"@type\":\"EntryPoint\",\"urlTemplate\":\"https:\/\/marekkuchcinski.pl\/?s={search_term_string}\"},\"query-input\":{\"@type\":\"PropertyValueSpecification\",\"valueRequired\":true,\"valueName\":\"search_term_string\"}}],\"inLanguage\":\"en-GB\"},{\"@type\":\"Organization\",\"@id\":\"https:\/\/marekkuchcinski.pl\/#organization\",\"name\":\"Marek Kuchci\u0144ski\",\"url\":\"https:\/\/marekkuchcinski.pl\/\",\"logo\":{\"@type\":\"ImageObject\",\"inLanguage\":\"en-GB\",\"@id\":\"https:\/\/marekkuchcinski.pl\/#\/schema\/logo\/image\/\",\"url\":\"https:\/\/marekkuchcinski.pl\/wp-content\/uploads\/2022\/09\/Marek.jpg\",\"contentUrl\":\"https:\/\/marekkuchcinski.pl\/wp-content\/uploads\/2022\/09\/Marek.jpg\",\"width\":1600,\"height\":971,\"caption\":\"Marek Kuchci\u0144ski\"},\"image\":{\"@id\":\"https:\/\/marekkuchcinski.pl\/#\/schema\/logo\/image\/\"}},{\"@type\":\"Person\",\"@id\":\"https:\/\/marekkuchcinski.pl\/#\/schema\/person\/b8a29fe7813098f7be78801d029910a7\",\"name\":\"Tomasz \u0141acina\",\"image\":{\"@type\":\"ImageObject\",\"inLanguage\":\"en-GB\",\"@id\":\"https:\/\/marekkuchcinski.pl\/#\/schema\/person\/image\/\",\"url\":\"https:\/\/secure.gravatar.com\/avatar\/22e75f6c51aff77a676ed77dd222f852?s=96&d=mm&r=g\",\"contentUrl\":\"https:\/\/secure.gravatar.com\/avatar\/22e75f6c51aff77a676ed77dd222f852?s=96&d=mm&r=g\",\"caption\":\"Tomasz \u0141acina\"},\"url\":\"https:\/\/marekkuchcinski.pl\/en\/author\/tomek-lacina\/\"}]}<\/script>\n<!-- \/ Yoast SEO plugin. -->","yoast_head_json":{"title":"Planowane posiedzenia komisji i podkomisji sejmowych - Komisja Ochrony \u015arodowiska, Zasob\u00f3w Naturalnych i Le\u015bnictwa (OSZ) &#8211; Marek Kuchci\u0144ski","robots":{"index":"index","follow":"follow","max-snippet":"max-snippet:-1","max-image-preview":"max-image-preview:large","max-video-preview":"max-video-preview:-1"},"canonical":"https:\/\/marekkuchcinski.pl\/en\/wiesci-z-sejmu\/komisje-sejmowe\/komisja-ochrony-srodowiska-zasobow-naturalnych-i-lesnictwa-osz\/komisja-ochrony-srodowiska-zasobow-naturalnych-i-lesnictwa-osz-2\/","og_locale":"en_GB","og_type":"article","og_title":"Planowane posiedzenia komisji i podkomisji sejmowych - Komisja Ochrony \u015arodowiska, Zasob\u00f3w Naturalnych i Le\u015bnictwa (OSZ) &#8211; Marek Kuchci\u0144ski","og_description":"15 wrze\u015bnia 2020 (wtorek), godz.&nbsp;17:00 sala nr 412, bud. U Posiedzenie b\u0119dzie prowadzone z wykorzystaniem \u015brodk\u00f3w komunikacji elektronicznej umo\u017cliwiaj\u0105cych porozumiewanie si\u0119 na odleg\u0142o\u015b\u0107 Rozpatrzenie i zaopiniowanie dla Komisji do Spraw Kontroli Pa\u0144stwowej sprawozdania z dzia\u0142alno\u015bci Najwy\u017cszej Izby Kontroli w roku 2019 (druk nr 522) w zakresie dzia\u0142ania Komisji \u2013 przedstawia prezes Najwy\u017cszej Izby Kontroli. Rozpatrzenie [&hellip;]","og_url":"https:\/\/marekkuchcinski.pl\/en\/wiesci-z-sejmu\/komisje-sejmowe\/komisja-ochrony-srodowiska-zasobow-naturalnych-i-lesnictwa-osz\/komisja-ochrony-srodowiska-zasobow-naturalnych-i-lesnictwa-osz-2\/","og_site_name":"Marek Kuchci\u0144ski","article_published_time":"2020-09-15T18:55:22+00:00","article_modified_time":"2020-09-15T18:57:56+00:00","og_image":[{"width":2048,"height":1454,"url":"https:\/\/marekkuchcinski.pl\/wp-content\/uploads\/2019\/07\/sejm-.jpg","type":"image\/jpeg"}],"author":"Tomasz \u0141acina","twitter_card":"summary_large_image","twitter_misc":{"Written by":"Tomasz \u0141acina","Estimated reading time":"1 minute"},"schema":{"@context":"https:\/\/schema.org","@graph":[{"@type":"Article","@id":"https:\/\/marekkuchcinski.pl\/wiesci-z-sejmu\/komisje-sejmowe\/komisja-ochrony-srodowiska-zasobow-naturalnych-i-lesnictwa-osz\/komisja-ochrony-srodowiska-zasobow-naturalnych-i-lesnictwa-osz-2\/#article","isPartOf":{"@id":"https:\/\/marekkuchcinski.pl\/wiesci-z-sejmu\/komisje-sejmowe\/komisja-ochrony-srodowiska-zasobow-naturalnych-i-lesnictwa-osz\/komisja-ochrony-srodowiska-zasobow-naturalnych-i-lesnictwa-osz-2\/"},"author":{"name":"Tomasz \u0141acina","@id":"https:\/\/marekkuchcinski.pl\/#\/schema\/person\/b8a29fe7813098f7be78801d029910a7"},"headline":"Planowane posiedzenia komisji i podkomisji sejmowych &#8211; Komisja Ochrony \u015arodowiska, Zasob\u00f3w Naturalnych i Le\u015bnictwa (OSZ)","datePublished":"2020-09-15T18:55:22+00:00","dateModified":"2020-09-15T18:57:56+00:00","mainEntityOfPage":{"@id":"https:\/\/marekkuchcinski.pl\/wiesci-z-sejmu\/komisje-sejmowe\/komisja-ochrony-srodowiska-zasobow-naturalnych-i-lesnictwa-osz\/komisja-ochrony-srodowiska-zasobow-naturalnych-i-lesnictwa-osz-2\/"},"wordCount":232,"commentCount":0,"publisher":{"@id":"https:\/\/marekkuchcinski.pl\/#organization"},"image":{"@id":"https:\/\/marekkuchcinski.pl\/wiesci-z-sejmu\/komisje-sejmowe\/komisja-ochrony-srodowiska-zasobow-naturalnych-i-lesnictwa-osz\/komisja-ochrony-srodowiska-zasobow-naturalnych-i-lesnictwa-osz-2\/#primaryimage"},"thumbnailUrl":"https:\/\/marekkuchcinski.pl\/wp-content\/uploads\/2019\/07\/sejm-.jpg","articleSection":["Komisja Ochrony \u015arodowiska"],"inLanguage":"en-GB","potentialAction":[{"@type":"CommentAction","name":"Comment","target":["https:\/\/marekkuchcinski.pl\/wiesci-z-sejmu\/komisje-sejmowe\/komisja-ochrony-srodowiska-zasobow-naturalnych-i-lesnictwa-osz\/komisja-ochrony-srodowiska-zasobow-naturalnych-i-lesnictwa-osz-2\/#respond"]}]},{"@type":"WebPage","@id":"https:\/\/marekkuchcinski.pl\/wiesci-z-sejmu\/komisje-sejmowe\/komisja-ochrony-srodowiska-zasobow-naturalnych-i-lesnictwa-osz\/komisja-ochrony-srodowiska-zasobow-naturalnych-i-lesnictwa-osz-2\/","url":"https:\/\/marekkuchcinski.pl\/wiesci-z-sejmu\/komisje-sejmowe\/komisja-ochrony-srodowiska-zasobow-naturalnych-i-lesnictwa-osz\/komisja-ochrony-srodowiska-zasobow-naturalnych-i-lesnictwa-osz-2\/","name":"Planowane posiedzenia komisji i podkomisji sejmowych - Komisja Ochrony \u015arodowiska, Zasob\u00f3w Naturalnych i Le\u015bnictwa (OSZ) &#8211; Marek Kuchci\u0144ski","isPartOf":{"@id":"https:\/\/marekkuchcinski.pl\/#website"},"primaryImageOfPage":{"@id":"https:\/\/marekkuchcinski.pl\/wiesci-z-sejmu\/komisje-sejmowe\/komisja-ochrony-srodowiska-zasobow-naturalnych-i-lesnictwa-osz\/komisja-ochrony-srodowiska-zasobow-naturalnych-i-lesnictwa-osz-2\/#primaryimage"},"image":{"@id":"https:\/\/marekkuchcinski.pl\/wiesci-z-sejmu\/komisje-sejmowe\/komisja-ochrony-srodowiska-zasobow-naturalnych-i-lesnictwa-osz\/komisja-ochrony-srodowiska-zasobow-naturalnych-i-lesnictwa-osz-2\/#primaryimage"},"thumbnailUrl":"https:\/\/marekkuchcinski.pl\/wp-content\/uploads\/2019\/07\/sejm-.jpg","datePublished":"2020-09-15T18:55:22+00:00","dateModified":"2020-09-15T18:57:56+00:00","breadcrumb":{"@id":"https:\/\/marekkuchcinski.pl\/wiesci-z-sejmu\/komisje-sejmowe\/komisja-ochrony-srodowiska-zasobow-naturalnych-i-lesnictwa-osz\/komisja-ochrony-srodowiska-zasobow-naturalnych-i-lesnictwa-osz-2\/#breadcrumb"},"inLanguage":"en-GB","potentialAction":[{"@type":"ReadAction","target":["https:\/\/marekkuchcinski.pl\/wiesci-z-sejmu\/komisje-sejmowe\/komisja-ochrony-srodowiska-zasobow-naturalnych-i-lesnictwa-osz\/komisja-ochrony-srodowiska-zasobow-naturalnych-i-lesnictwa-osz-2\/"]}]},{"@type":"ImageObject","inLanguage":"en-GB","@id":"https:\/\/marekkuchcinski.pl\/wiesci-z-sejmu\/komisje-sejmowe\/komisja-ochrony-srodowiska-zasobow-naturalnych-i-lesnictwa-osz\/komisja-ochrony-srodowiska-zasobow-naturalnych-i-lesnictwa-osz-2\/#primaryimage","url":"https:\/\/marekkuchcinski.pl\/wp-content\/uploads\/2019\/07\/sejm-.jpg","contentUrl":"https:\/\/marekkuchcinski.pl\/wp-content\/uploads\/2019\/07\/sejm-.jpg","width":2048,"height":1454},{"@type":"BreadcrumbList","@id":"https:\/\/marekkuchcinski.pl\/wiesci-z-sejmu\/komisje-sejmowe\/komisja-ochrony-srodowiska-zasobow-naturalnych-i-lesnictwa-osz\/komisja-ochrony-srodowiska-zasobow-naturalnych-i-lesnictwa-osz-2\/#breadcrumb","itemListElement":[{"@type":"ListItem","position":1,"name":"Strona g\u0142\u00f3wna","item":"https:\/\/marekkuchcinski.pl\/"},{"@type":"ListItem","position":2,"name":"Planowane posiedzenia komisji i podkomisji sejmowych &#8211; Komisja Ochrony \u015arodowiska, Zasob\u00f3w Naturalnych i Le\u015bnictwa (OSZ)"}]},{"@type":"WebSite","@id":"https:\/\/marekkuchcinski.pl\/#website","url":"https:\/\/marekkuchcinski.pl\/","name":"Marek Kuchci\u0144ski","description":"Pose\u0142 na sejm RP &ndash; okr\u0119g nr 22","publisher":{"@id":"https:\/\/marekkuchcinski.pl\/#organization"},"potentialAction":[{"@type":"SearchAction","target":{"@type":"EntryPoint","urlTemplate":"https:\/\/marekkuchcinski.pl\/?s={search_term_string}"},"query-input":{"@type":"PropertyValueSpecification","valueRequired":true,"valueName":"search_term_string"}}],"inLanguage":"en-GB"},{"@type":"Organization","@id":"https:\/\/marekkuchcinski.pl\/#organization","name":"Marek Kuchci\u0144ski","url":"https:\/\/marekkuchcinski.pl\/","logo":{"@type":"ImageObject","inLanguage":"en-GB","@id":"https:\/\/marekkuchcinski.pl\/#\/schema\/logo\/image\/","url":"https:\/\/marekkuchcinski.pl\/wp-content\/uploads\/2022\/09\/Marek.jpg","contentUrl":"https:\/\/marekkuchcinski.pl\/wp-content\/uploads\/2022\/09\/Marek.jpg","width":1600,"height":971,"caption":"Marek Kuchci\u0144ski"},"image":{"@id":"https:\/\/marekkuchcinski.pl\/#\/schema\/logo\/image\/"}},{"@type":"Person","@id":"https:\/\/marekkuchcinski.pl\/#\/schema\/person\/b8a29fe7813098f7be78801d029910a7","name":"Tomasz \u0141acina","image":{"@type":"ImageObject","inLanguage":"en-GB","@id":"https:\/\/marekkuchcinski.pl\/#\/schema\/person\/image\/","url":"https:\/\/secure.gravatar.com\/avatar\/22e75f6c51aff77a676ed77dd222f852?s=96&d=mm&r=g","contentUrl":"https:\/\/secure.gravatar.com\/avatar\/22e75f6c51aff77a676ed77dd222f852?s=96&d=mm&r=g","caption":"Tomasz \u0141acina"},"url":"https:\/\/marekkuchcinski.pl\/en\/author\/tomek-lacina\/"}]}},"_links":{"self":[{"href":"https:\/\/marekkuchcinski.pl\/en\/wp-json\/wp\/v2\/posts\/19809","targetHints":{"allow":["GET"]}}],"collection":[{"href":"https:\/\/marekkuchcinski.pl\/en\/wp-json\/wp\/v2\/posts"}],"about":[{"href":"https:\/\/marekkuchcinski.pl\/en\/wp-json\/wp\/v2\/types\/post"}],"author":[{"embeddable":true,"href":"https:\/\/marekkuchcinski.pl\/en\/wp-json\/wp\/v2\/users\/17"}],"replies":[{"embeddable":true,"href":"https:\/\/marekkuchcinski.pl\/en\/wp-json\/wp\/v2\/comments?post=19809"}],"version-history":[{"count":2,"href":"https:\/\/marekkuchcinski.pl\/en\/wp-json\/wp\/v2\/posts\/19809\/revisions"}],"predecessor-version":[{"id":19812,"href":"https:\/\/marekkuchcinski.pl\/en\/wp-json\/wp\/v2\/posts\/19809\/revisions\/19812"}],"wp:featuredmedia":[{"embeddable":true,"href":"https:\/\/marekkuchcinski.pl\/en\/wp-json\/wp\/v2\/media\/17353"}],"wp:attachment":[{"href":"https:\/\/marekkuchcinski.pl\/en\/wp-json\/wp\/v2\/media?parent=19809"}],"wp:term":[{"taxonomy":"category","embeddable":true,"href":"https:\/\/marekkuchcinski.pl\/en\/wp-json\/wp\/v2\/categories?post=19809"},{"taxonomy":"post_tag","embeddable":true,"href":"https:\/\/marekkuchcinski.pl\/en\/wp-json\/wp\/v2\/tags?post=19809"}],"curies":[{"name":"wp","href":"https:\/\/api.w.org\/{rel}","templated":true}]}}