{"id":19805,"date":"2020-09-15T20:44:01","date_gmt":"2020-09-15T18:44:01","guid":{"rendered":"https:\/\/marekkuchcinski.pl\/?p=19805"},"modified":"2020-09-15T20:59:19","modified_gmt":"2020-09-15T18:59:19","slug":"komisja-spraw-zagranicznych-sza-2","status":"publish","type":"post","link":"https:\/\/marekkuchcinski.pl\/en\/bez-kategorii\/komisja-spraw-zagranicznych-sza-2\/","title":{"rendered":"Scheduled sittings of parliamentary committees and subcommittees - Committee on Foreign Affairs (SCFA)"},"content":{"rendered":"<p>Scheduled meetings of parliamentary committees and subcommittees<\/p>\n\n\n\n<p><strong>September 15, 2020 (Tuesday), 2:00 p.m.<\/strong>Joint committee meeting:&nbsp;<a href=\"https:\/\/www.sejm.gov.pl\/Sejm9.nsf\/agent.xsp?symbol=KOMISJA&amp;NrKadencji=9&amp;KodKom=OBN\">NSA<\/a> i <a href=\"https:\/\/www.sejm.gov.pl\/Sejm9.nsf\/agent.xsp?symbol=KOMISJA&amp;NrKadencji=9&amp;KodKom=SZA\">SZA<\/a><\/p>\n\n\n\n<p>room 211, building U<\/p>\n\n\n\n<p>The meeting will be conducted using electronic means of distance communication<\/p>\n\n\n\n<ul class=\"wp-block-list\"><li>First reading of the government bill on the ratification of the Agreement between the Government of the Republic of Poland and the Government of the United States of America on enhanced defense cooperation, signed in Warsaw on August 15, 2020. (Print No. 573).<\/li><li>Justification:<\/li><li>- Minister of Defense,<\/li><li>- Minister of Foreign Affairs.<\/li><\/ul>\n\n\n\n<p><strong>September 15, 2020 (Tuesday), 3:30 p.m.<\/strong><\/p>\n\n\n\n<p>room 211, building U<\/p>\n\n\n\n<p>The agenda was amended as follows<\/p>\n\n\n\n<p>The meeting will be conducted using electronic means of distance communication<\/p>\n\n\n\n<ul class=\"wp-block-list\"><li>Election of Commission Chair.<\/li><li>First reading of the Government Bill to ratify the Strategic Partnership Agreement between the European Union and its Member States, of the one part, and Canada, of the other part, done in Brussels on 30 October 2016. (Print 460)<\/li><li>- justifies the Minister of Foreign Affairs.<\/li><li>Consideration and opinion for the Committee on State Control of the Report on the activities of the Supreme Audit Office in 2019. (Print No. 522) within the scope of the Commission<\/li><\/ul>\n\n\n\n<p><strong>September 15, 2020 (Tuesday), 4:30 p.m.<\/strong>Joint committee meeting:&nbsp;<a href=\"https:\/\/www.sejm.gov.pl\/Sejm9.nsf\/agent.xsp?symbol=KOMISJA&amp;NrKadencji=9&amp;KodKom=ASW\">ASW<\/a> i <a href=\"https:\/\/www.sejm.gov.pl\/Sejm9.nsf\/agent.xsp?symbol=KOMISJA&amp;NrKadencji=9&amp;KodKom=SZA\">SZA<\/a><\/p>\n\n\n\n<p>room 211, building U<\/p>\n\n\n\n<p>The meeting will be conducted using electronic means of distance communication<\/p>\n\n\n\n<ul class=\"wp-block-list\"><li>The first reading of the government draft bill on the ratification of the Agreement between the Republic of Poland and the United Kingdom of Great Britain and Northern Ireland on the participation in certain elections by citizens of one State residing in the territory of the other State, signed in Warsaw on 29 May 2020. (Print No. 487)<\/li><li>- justify: Minister of Foreign Affairs and Minister of Internal Affairs and Administration.<\/li><\/ul>\n\n\n\n<p><strong>September 15, 2020 (Tuesday), 5:30 pm<\/strong>Joint committee meeting:&nbsp;<a href=\"https:\/\/www.sejm.gov.pl\/Sejm9.nsf\/agent.xsp?symbol=KOMISJA&amp;NrKadencji=9&amp;KodKom=KSP\">KSP<\/a> i <a href=\"https:\/\/www.sejm.gov.pl\/Sejm9.nsf\/agent.xsp?symbol=KOMISJA&amp;NrKadencji=9&amp;KodKom=SZA\">SZA<\/a><\/p>\n\n\n\n<p>room 211, building U<\/p>\n\n\n\n<p>There has been a change in the time of the meeting<\/p>\n\n\n\n<p>The meeting will be conducted using electronic means of distance communication<\/p>\n\n\n\n<ul class=\"wp-block-list\"><li>The first reading of the government's bill to ratify the Convention for the Protection of the Underwater Cultural Heritage, adopted in Paris on November 2, 2001. (Printing No. 520)<\/li><li>- justify: Minister of Foreign Affairs and Minister of Culture and National Heritage.<\/li><\/ul>\n\n\n\n<p><strong>September 16, 2020 (Wednesday), 08:15 am<\/strong>Joint committee meeting:&nbsp;<a href=\"https:\/\/www.sejm.gov.pl\/Sejm9.nsf\/agent.xsp?symbol=KOMISJA&amp;NrKadencji=9&amp;KodKom=GMZ\">GMZ<\/a>, <a href=\"https:\/\/www.sejm.gov.pl\/Sejm9.nsf\/agent.xsp?symbol=KOMISJA&amp;NrKadencji=9&amp;KodKom=PSR\">PSR<\/a> i <a href=\"https:\/\/www.sejm.gov.pl\/Sejm9.nsf\/agent.xsp?symbol=KOMISJA&amp;NrKadencji=9&amp;KodKom=SZA\">SZA<\/a><\/p>\n\n\n\n<p>room 111, building U<\/p>\n\n\n\n<p>The meeting will be conducted using electronic means of distance communication<\/p>\n\n\n\n<ul class=\"wp-block-list\"><li>First reading of the Government bill to ratify the Amendments to the Maritime Labour Convention, adopted in Geneva on 23 February 2006, approved by the International Labour Conference in Geneva on 5 June 2018. (Print No. 459).<\/li><li>Justification:<\/li><li>- Minister of Foreign Affairs,<\/li><li>- Minister of Family, Labor and Social Policy,<\/li><li>- Minister of Maritime Affairs and Inland Navigation.<\/li><\/ul>","protected":false},"excerpt":{"rendered":"<p>Scheduled meetings of parliamentary committees and subcommittees September 15, 2020 (Tuesday), 2:00 pmCommittee meeting: NSA and SZA room 211, building. U The meeting will be held using means of electronic communication that enable remote communication First reading of the government bill on ratification of the Agreement between the Government of the Republic of Poland and the Government of the United States of America on strengthened defense cooperation, signed [...]<\/p>","protected":false},"author":17,"featured_media":17277,"comment_status":"open","ping_status":"open","sticky":false,"template":"","format":"standard","meta":{"ngg_post_thumbnail":0,"footnotes":""},"categories":[1,180],"tags":[],"class_list":["post-19805","post","type-post","status-publish","format-standard","has-post-thumbnail","hentry","category-bez-kategorii","category-komisja-spraw-zagranicznych"],"yoast_head":"<!-- This site is optimized with the Yoast SEO plugin v24.7 - https:\/\/yoast.com\/wordpress\/plugins\/seo\/ -->\n<title>Planowane posiedzenia komisji i podkomisji sejmowych - Komisja Spraw Zagranicznych (SZA) &#8211; Marek Kuchci\u0144ski<\/title>\n<meta name=\"robots\" content=\"index, follow, max-snippet:-1, max-image-preview:large, max-video-preview:-1\" \/>\n<link rel=\"canonical\" href=\"https:\/\/marekkuchcinski.pl\/en\/bez-kategorii\/komisja-spraw-zagranicznych-sza-2\/\" \/>\n<meta property=\"og:locale\" content=\"en_GB\" \/>\n<meta property=\"og:type\" content=\"article\" \/>\n<meta property=\"og:title\" content=\"Planowane posiedzenia komisji i podkomisji sejmowych - Komisja Spraw Zagranicznych (SZA) &#8211; Marek Kuchci\u0144ski\" \/>\n<meta property=\"og:description\" content=\"Planowane posiedzenia komisji i podkomisji sejmowych 15 wrze\u015bnia 2020 (wtorek), godz.&nbsp;14:00Wsp\u00f3lne posiedzenie komisji:&nbsp;OBN i SZA sala nr 211, bud. U Posiedzenie b\u0119dzie prowadzone z wykorzystaniem \u015brodk\u00f3w komunikacji elektronicznej umo\u017cliwiaj\u0105cych porozumiewanie si\u0119 na odleg\u0142o\u015b\u0107 Pierwsze czytanie rz\u0105dowego projektu ustawy o ratyfikacji Umowy mi\u0119dzy Rz\u0105dem Rzeczypospolitej Polskiej a Rz\u0105dem Stan\u00f3w Zjednoczonych Ameryki o wzmocnionej wsp\u00f3\u0142pracy obronnej, podpisanej [&hellip;]\" \/>\n<meta property=\"og:url\" content=\"https:\/\/marekkuchcinski.pl\/en\/bez-kategorii\/komisja-spraw-zagranicznych-sza-2\/\" \/>\n<meta property=\"og:site_name\" content=\"Marek Kuchci\u0144ski\" \/>\n<meta property=\"article:published_time\" content=\"2020-09-15T18:44:01+00:00\" \/>\n<meta property=\"article:modified_time\" content=\"2020-09-15T18:59:19+00:00\" \/>\n<meta property=\"og:image\" content=\"https:\/\/marekkuchcinski.pl\/wp-content\/uploads\/2019\/07\/sejm-kwiecien-4.jpg\" \/>\n\t<meta property=\"og:image:width\" content=\"2048\" \/>\n\t<meta property=\"og:image:height\" content=\"1454\" \/>\n\t<meta property=\"og:image:type\" content=\"image\/jpeg\" \/>\n<meta name=\"author\" content=\"Tomasz \u0141acina\" \/>\n<meta name=\"twitter:card\" content=\"summary_large_image\" \/>\n<meta name=\"twitter:label1\" content=\"Written by\" \/>\n\t<meta name=\"twitter:data1\" content=\"Tomasz \u0141acina\" \/>\n\t<meta name=\"twitter:label2\" content=\"Estimated reading time\" \/>\n\t<meta name=\"twitter:data2\" content=\"2 minutes\" \/>\n<script type=\"application\/ld+json\" class=\"yoast-schema-graph\">{\"@context\":\"https:\/\/schema.org\",\"@graph\":[{\"@type\":\"Article\",\"@id\":\"https:\/\/marekkuchcinski.pl\/bez-kategorii\/komisja-spraw-zagranicznych-sza-2\/#article\",\"isPartOf\":{\"@id\":\"https:\/\/marekkuchcinski.pl\/bez-kategorii\/komisja-spraw-zagranicznych-sza-2\/\"},\"author\":{\"name\":\"Tomasz \u0141acina\",\"@id\":\"https:\/\/marekkuchcinski.pl\/#\/schema\/person\/b8a29fe7813098f7be78801d029910a7\"},\"headline\":\"Planowane posiedzenia komisji i podkomisji sejmowych &#8211; Komisja Spraw Zagranicznych (SZA)\",\"datePublished\":\"2020-09-15T18:44:01+00:00\",\"dateModified\":\"2020-09-15T18:59:19+00:00\",\"mainEntityOfPage\":{\"@id\":\"https:\/\/marekkuchcinski.pl\/bez-kategorii\/komisja-spraw-zagranicznych-sza-2\/\"},\"wordCount\":469,\"commentCount\":0,\"publisher\":{\"@id\":\"https:\/\/marekkuchcinski.pl\/#organization\"},\"image\":{\"@id\":\"https:\/\/marekkuchcinski.pl\/bez-kategorii\/komisja-spraw-zagranicznych-sza-2\/#primaryimage\"},\"thumbnailUrl\":\"https:\/\/marekkuchcinski.pl\/wp-content\/uploads\/2019\/07\/sejm-kwiecien-4.jpg\",\"articleSection\":[\"Bez kategorii\",\"Komisja Spraw Zagranicznych\"],\"inLanguage\":\"en-GB\",\"potentialAction\":[{\"@type\":\"CommentAction\",\"name\":\"Comment\",\"target\":[\"https:\/\/marekkuchcinski.pl\/bez-kategorii\/komisja-spraw-zagranicznych-sza-2\/#respond\"]}]},{\"@type\":\"WebPage\",\"@id\":\"https:\/\/marekkuchcinski.pl\/bez-kategorii\/komisja-spraw-zagranicznych-sza-2\/\",\"url\":\"https:\/\/marekkuchcinski.pl\/bez-kategorii\/komisja-spraw-zagranicznych-sza-2\/\",\"name\":\"Planowane posiedzenia komisji i podkomisji sejmowych - Komisja Spraw Zagranicznych (SZA) &#8211; Marek Kuchci\u0144ski\",\"isPartOf\":{\"@id\":\"https:\/\/marekkuchcinski.pl\/#website\"},\"primaryImageOfPage\":{\"@id\":\"https:\/\/marekkuchcinski.pl\/bez-kategorii\/komisja-spraw-zagranicznych-sza-2\/#primaryimage\"},\"image\":{\"@id\":\"https:\/\/marekkuchcinski.pl\/bez-kategorii\/komisja-spraw-zagranicznych-sza-2\/#primaryimage\"},\"thumbnailUrl\":\"https:\/\/marekkuchcinski.pl\/wp-content\/uploads\/2019\/07\/sejm-kwiecien-4.jpg\",\"datePublished\":\"2020-09-15T18:44:01+00:00\",\"dateModified\":\"2020-09-15T18:59:19+00:00\",\"breadcrumb\":{\"@id\":\"https:\/\/marekkuchcinski.pl\/bez-kategorii\/komisja-spraw-zagranicznych-sza-2\/#breadcrumb\"},\"inLanguage\":\"en-GB\",\"potentialAction\":[{\"@type\":\"ReadAction\",\"target\":[\"https:\/\/marekkuchcinski.pl\/bez-kategorii\/komisja-spraw-zagranicznych-sza-2\/\"]}]},{\"@type\":\"ImageObject\",\"inLanguage\":\"en-GB\",\"@id\":\"https:\/\/marekkuchcinski.pl\/bez-kategorii\/komisja-spraw-zagranicznych-sza-2\/#primaryimage\",\"url\":\"https:\/\/marekkuchcinski.pl\/wp-content\/uploads\/2019\/07\/sejm-kwiecien-4.jpg\",\"contentUrl\":\"https:\/\/marekkuchcinski.pl\/wp-content\/uploads\/2019\/07\/sejm-kwiecien-4.jpg\",\"width\":2048,\"height\":1454},{\"@type\":\"BreadcrumbList\",\"@id\":\"https:\/\/marekkuchcinski.pl\/bez-kategorii\/komisja-spraw-zagranicznych-sza-2\/#breadcrumb\",\"itemListElement\":[{\"@type\":\"ListItem\",\"position\":1,\"name\":\"Strona g\u0142\u00f3wna\",\"item\":\"https:\/\/marekkuchcinski.pl\/\"},{\"@type\":\"ListItem\",\"position\":2,\"name\":\"Planowane posiedzenia komisji i podkomisji sejmowych &#8211; Komisja Spraw Zagranicznych (SZA)\"}]},{\"@type\":\"WebSite\",\"@id\":\"https:\/\/marekkuchcinski.pl\/#website\",\"url\":\"https:\/\/marekkuchcinski.pl\/\",\"name\":\"Marek Kuchci\u0144ski\",\"description\":\"Pose\u0142 na sejm RP &ndash; okr\u0119g nr 22\",\"publisher\":{\"@id\":\"https:\/\/marekkuchcinski.pl\/#organization\"},\"potentialAction\":[{\"@type\":\"SearchAction\",\"target\":{\"@type\":\"EntryPoint\",\"urlTemplate\":\"https:\/\/marekkuchcinski.pl\/?s={search_term_string}\"},\"query-input\":{\"@type\":\"PropertyValueSpecification\",\"valueRequired\":true,\"valueName\":\"search_term_string\"}}],\"inLanguage\":\"en-GB\"},{\"@type\":\"Organization\",\"@id\":\"https:\/\/marekkuchcinski.pl\/#organization\",\"name\":\"Marek Kuchci\u0144ski\",\"url\":\"https:\/\/marekkuchcinski.pl\/\",\"logo\":{\"@type\":\"ImageObject\",\"inLanguage\":\"en-GB\",\"@id\":\"https:\/\/marekkuchcinski.pl\/#\/schema\/logo\/image\/\",\"url\":\"https:\/\/marekkuchcinski.pl\/wp-content\/uploads\/2022\/09\/Marek.jpg\",\"contentUrl\":\"https:\/\/marekkuchcinski.pl\/wp-content\/uploads\/2022\/09\/Marek.jpg\",\"width\":1600,\"height\":971,\"caption\":\"Marek Kuchci\u0144ski\"},\"image\":{\"@id\":\"https:\/\/marekkuchcinski.pl\/#\/schema\/logo\/image\/\"}},{\"@type\":\"Person\",\"@id\":\"https:\/\/marekkuchcinski.pl\/#\/schema\/person\/b8a29fe7813098f7be78801d029910a7\",\"name\":\"Tomasz \u0141acina\",\"image\":{\"@type\":\"ImageObject\",\"inLanguage\":\"en-GB\",\"@id\":\"https:\/\/marekkuchcinski.pl\/#\/schema\/person\/image\/\",\"url\":\"https:\/\/secure.gravatar.com\/avatar\/22e75f6c51aff77a676ed77dd222f852?s=96&d=mm&r=g\",\"contentUrl\":\"https:\/\/secure.gravatar.com\/avatar\/22e75f6c51aff77a676ed77dd222f852?s=96&d=mm&r=g\",\"caption\":\"Tomasz \u0141acina\"},\"url\":\"https:\/\/marekkuchcinski.pl\/en\/author\/tomek-lacina\/\"}]}<\/script>\n<!-- \/ Yoast SEO plugin. -->","yoast_head_json":{"title":"Planowane posiedzenia komisji i podkomisji sejmowych - Komisja Spraw Zagranicznych (SZA) &#8211; Marek Kuchci\u0144ski","robots":{"index":"index","follow":"follow","max-snippet":"max-snippet:-1","max-image-preview":"max-image-preview:large","max-video-preview":"max-video-preview:-1"},"canonical":"https:\/\/marekkuchcinski.pl\/en\/bez-kategorii\/komisja-spraw-zagranicznych-sza-2\/","og_locale":"en_GB","og_type":"article","og_title":"Planowane posiedzenia komisji i podkomisji sejmowych - Komisja Spraw Zagranicznych (SZA) &#8211; Marek Kuchci\u0144ski","og_description":"Planowane posiedzenia komisji i podkomisji sejmowych 15 wrze\u015bnia 2020 (wtorek), godz.&nbsp;14:00Wsp\u00f3lne posiedzenie komisji:&nbsp;OBN i SZA sala nr 211, bud. U Posiedzenie b\u0119dzie prowadzone z wykorzystaniem \u015brodk\u00f3w komunikacji elektronicznej umo\u017cliwiaj\u0105cych porozumiewanie si\u0119 na odleg\u0142o\u015b\u0107 Pierwsze czytanie rz\u0105dowego projektu ustawy o ratyfikacji Umowy mi\u0119dzy Rz\u0105dem Rzeczypospolitej Polskiej a Rz\u0105dem Stan\u00f3w Zjednoczonych Ameryki o wzmocnionej wsp\u00f3\u0142pracy obronnej, podpisanej [&hellip;]","og_url":"https:\/\/marekkuchcinski.pl\/en\/bez-kategorii\/komisja-spraw-zagranicznych-sza-2\/","og_site_name":"Marek Kuchci\u0144ski","article_published_time":"2020-09-15T18:44:01+00:00","article_modified_time":"2020-09-15T18:59:19+00:00","og_image":[{"width":2048,"height":1454,"url":"https:\/\/marekkuchcinski.pl\/wp-content\/uploads\/2019\/07\/sejm-kwiecien-4.jpg","type":"image\/jpeg"}],"author":"Tomasz \u0141acina","twitter_card":"summary_large_image","twitter_misc":{"Written by":"Tomasz \u0141acina","Estimated reading time":"2 minutes"},"schema":{"@context":"https:\/\/schema.org","@graph":[{"@type":"Article","@id":"https:\/\/marekkuchcinski.pl\/bez-kategorii\/komisja-spraw-zagranicznych-sza-2\/#article","isPartOf":{"@id":"https:\/\/marekkuchcinski.pl\/bez-kategorii\/komisja-spraw-zagranicznych-sza-2\/"},"author":{"name":"Tomasz \u0141acina","@id":"https:\/\/marekkuchcinski.pl\/#\/schema\/person\/b8a29fe7813098f7be78801d029910a7"},"headline":"Planowane posiedzenia komisji i podkomisji sejmowych &#8211; Komisja Spraw Zagranicznych (SZA)","datePublished":"2020-09-15T18:44:01+00:00","dateModified":"2020-09-15T18:59:19+00:00","mainEntityOfPage":{"@id":"https:\/\/marekkuchcinski.pl\/bez-kategorii\/komisja-spraw-zagranicznych-sza-2\/"},"wordCount":469,"commentCount":0,"publisher":{"@id":"https:\/\/marekkuchcinski.pl\/#organization"},"image":{"@id":"https:\/\/marekkuchcinski.pl\/bez-kategorii\/komisja-spraw-zagranicznych-sza-2\/#primaryimage"},"thumbnailUrl":"https:\/\/marekkuchcinski.pl\/wp-content\/uploads\/2019\/07\/sejm-kwiecien-4.jpg","articleSection":["Bez kategorii","Komisja Spraw Zagranicznych"],"inLanguage":"en-GB","potentialAction":[{"@type":"CommentAction","name":"Comment","target":["https:\/\/marekkuchcinski.pl\/bez-kategorii\/komisja-spraw-zagranicznych-sza-2\/#respond"]}]},{"@type":"WebPage","@id":"https:\/\/marekkuchcinski.pl\/bez-kategorii\/komisja-spraw-zagranicznych-sza-2\/","url":"https:\/\/marekkuchcinski.pl\/bez-kategorii\/komisja-spraw-zagranicznych-sza-2\/","name":"Planowane posiedzenia komisji i podkomisji sejmowych - Komisja Spraw Zagranicznych (SZA) &#8211; Marek Kuchci\u0144ski","isPartOf":{"@id":"https:\/\/marekkuchcinski.pl\/#website"},"primaryImageOfPage":{"@id":"https:\/\/marekkuchcinski.pl\/bez-kategorii\/komisja-spraw-zagranicznych-sza-2\/#primaryimage"},"image":{"@id":"https:\/\/marekkuchcinski.pl\/bez-kategorii\/komisja-spraw-zagranicznych-sza-2\/#primaryimage"},"thumbnailUrl":"https:\/\/marekkuchcinski.pl\/wp-content\/uploads\/2019\/07\/sejm-kwiecien-4.jpg","datePublished":"2020-09-15T18:44:01+00:00","dateModified":"2020-09-15T18:59:19+00:00","breadcrumb":{"@id":"https:\/\/marekkuchcinski.pl\/bez-kategorii\/komisja-spraw-zagranicznych-sza-2\/#breadcrumb"},"inLanguage":"en-GB","potentialAction":[{"@type":"ReadAction","target":["https:\/\/marekkuchcinski.pl\/bez-kategorii\/komisja-spraw-zagranicznych-sza-2\/"]}]},{"@type":"ImageObject","inLanguage":"en-GB","@id":"https:\/\/marekkuchcinski.pl\/bez-kategorii\/komisja-spraw-zagranicznych-sza-2\/#primaryimage","url":"https:\/\/marekkuchcinski.pl\/wp-content\/uploads\/2019\/07\/sejm-kwiecien-4.jpg","contentUrl":"https:\/\/marekkuchcinski.pl\/wp-content\/uploads\/2019\/07\/sejm-kwiecien-4.jpg","width":2048,"height":1454},{"@type":"BreadcrumbList","@id":"https:\/\/marekkuchcinski.pl\/bez-kategorii\/komisja-spraw-zagranicznych-sza-2\/#breadcrumb","itemListElement":[{"@type":"ListItem","position":1,"name":"Strona g\u0142\u00f3wna","item":"https:\/\/marekkuchcinski.pl\/"},{"@type":"ListItem","position":2,"name":"Planowane posiedzenia komisji i podkomisji sejmowych &#8211; Komisja Spraw Zagranicznych (SZA)"}]},{"@type":"WebSite","@id":"https:\/\/marekkuchcinski.pl\/#website","url":"https:\/\/marekkuchcinski.pl\/","name":"Marek Kuchci\u0144ski","description":"Pose\u0142 na sejm RP &ndash; okr\u0119g nr 22","publisher":{"@id":"https:\/\/marekkuchcinski.pl\/#organization"},"potentialAction":[{"@type":"SearchAction","target":{"@type":"EntryPoint","urlTemplate":"https:\/\/marekkuchcinski.pl\/?s={search_term_string}"},"query-input":{"@type":"PropertyValueSpecification","valueRequired":true,"valueName":"search_term_string"}}],"inLanguage":"en-GB"},{"@type":"Organization","@id":"https:\/\/marekkuchcinski.pl\/#organization","name":"Marek Kuchci\u0144ski","url":"https:\/\/marekkuchcinski.pl\/","logo":{"@type":"ImageObject","inLanguage":"en-GB","@id":"https:\/\/marekkuchcinski.pl\/#\/schema\/logo\/image\/","url":"https:\/\/marekkuchcinski.pl\/wp-content\/uploads\/2022\/09\/Marek.jpg","contentUrl":"https:\/\/marekkuchcinski.pl\/wp-content\/uploads\/2022\/09\/Marek.jpg","width":1600,"height":971,"caption":"Marek Kuchci\u0144ski"},"image":{"@id":"https:\/\/marekkuchcinski.pl\/#\/schema\/logo\/image\/"}},{"@type":"Person","@id":"https:\/\/marekkuchcinski.pl\/#\/schema\/person\/b8a29fe7813098f7be78801d029910a7","name":"Tomasz \u0141acina","image":{"@type":"ImageObject","inLanguage":"en-GB","@id":"https:\/\/marekkuchcinski.pl\/#\/schema\/person\/image\/","url":"https:\/\/secure.gravatar.com\/avatar\/22e75f6c51aff77a676ed77dd222f852?s=96&d=mm&r=g","contentUrl":"https:\/\/secure.gravatar.com\/avatar\/22e75f6c51aff77a676ed77dd222f852?s=96&d=mm&r=g","caption":"Tomasz \u0141acina"},"url":"https:\/\/marekkuchcinski.pl\/en\/author\/tomek-lacina\/"}]}},"_links":{"self":[{"href":"https:\/\/marekkuchcinski.pl\/en\/wp-json\/wp\/v2\/posts\/19805","targetHints":{"allow":["GET"]}}],"collection":[{"href":"https:\/\/marekkuchcinski.pl\/en\/wp-json\/wp\/v2\/posts"}],"about":[{"href":"https:\/\/marekkuchcinski.pl\/en\/wp-json\/wp\/v2\/types\/post"}],"author":[{"embeddable":true,"href":"https:\/\/marekkuchcinski.pl\/en\/wp-json\/wp\/v2\/users\/17"}],"replies":[{"embeddable":true,"href":"https:\/\/marekkuchcinski.pl\/en\/wp-json\/wp\/v2\/comments?post=19805"}],"version-history":[{"count":2,"href":"https:\/\/marekkuchcinski.pl\/en\/wp-json\/wp\/v2\/posts\/19805\/revisions"}],"predecessor-version":[{"id":19814,"href":"https:\/\/marekkuchcinski.pl\/en\/wp-json\/wp\/v2\/posts\/19805\/revisions\/19814"}],"wp:featuredmedia":[{"embeddable":true,"href":"https:\/\/marekkuchcinski.pl\/en\/wp-json\/wp\/v2\/media\/17277"}],"wp:attachment":[{"href":"https:\/\/marekkuchcinski.pl\/en\/wp-json\/wp\/v2\/media?parent=19805"}],"wp:term":[{"taxonomy":"category","embeddable":true,"href":"https:\/\/marekkuchcinski.pl\/en\/wp-json\/wp\/v2\/categories?post=19805"},{"taxonomy":"post_tag","embeddable":true,"href":"https:\/\/marekkuchcinski.pl\/en\/wp-json\/wp\/v2\/tags?post=19805"}],"curies":[{"name":"wp","href":"https:\/\/api.w.org\/{rel}","templated":true}]}}