{"id":19802,"date":"2020-09-15T20:38:48","date_gmt":"2020-09-15T18:38:48","guid":{"rendered":"https:\/\/marekkuchcinski.pl\/?p=19802"},"modified":"2020-09-15T20:38:50","modified_gmt":"2020-09-15T18:38:50","slug":"komisja-spraw-zagranicznych-sza","status":"publish","type":"post","link":"https:\/\/marekkuchcinski.pl\/en\/bez-kategorii\/komisja-spraw-zagranicznych-sza\/","title":{"rendered":"Committee on Foreign Affairs (SZA)"},"content":{"rendered":"<p>The scope of the Commission includes matters of state foreign policy.<\/p>\n\n\n\n<p>Current composition of the Commission - 29 Members<\/p>\n\n\n\n<figure class=\"wp-block-table\"><table><tbody><tr><td><a href=\"https:\/\/www.sejm.gov.pl\/Sejm9.nsf\/posel.xsp?id=051\">Czarnecki Przemys\u0142aw<\/a>&nbsp;&nbsp;(Law and Justice)&nbsp;<\/td><td><strong>deputy chairman<\/strong><\/td><\/tr><tr><td><a href=\"https:\/\/www.sejm.gov.pl\/Sejm9.nsf\/posel.xsp?id=174\">Blacksmith Paul<\/a>&nbsp;&nbsp;(KO)&nbsp;<\/td><td><strong>deputy chairman<\/strong><\/td><\/tr><tr><td><a href=\"https:\/\/www.sejm.gov.pl\/Sejm9.nsf\/posel.xsp?id=256\">Mularczyk Arkadiusz<\/a>&nbsp;&nbsp;(Law and Justice)&nbsp;<\/td><td><strong>deputy chairman<\/strong><\/td><\/tr><tr><td><a href=\"https:\/\/www.sejm.gov.pl\/Sejm9.nsf\/posel.xsp?id=441\">Zalewski Pawe\u0142<\/a>&nbsp;&nbsp;(KO)&nbsp;<\/td><td><strong>deputy chairman<\/strong><\/td><\/tr><\/tbody><\/table><\/figure>\n\n\n\n<figure class=\"wp-block-table\"><table><tbody><tr><td><a href=\"https:\/\/www.sejm.gov.pl\/Sejm9.nsf\/posel.xsp?id=016\">Bartoszewski W\u0142adys\u0142aw Teofil<\/a>&nbsp;&nbsp;(PSL-Kukiz15)&nbsp;<\/td><td><a href=\"https:\/\/www.sejm.gov.pl\/Sejm9.nsf\/posel.xsp?id=017\">Barbara Bartu\u015b<\/a>&nbsp;&nbsp;(Law and Justice)&nbsp;<\/td><\/tr><tr><td><a href=\"https:\/\/www.sejm.gov.pl\/Sejm9.nsf\/posel.xsp?id=042\">Kazimierz Choma<\/a>&nbsp;&nbsp;(Law and Justice)&nbsp;<\/td><td><a href=\"https:\/\/www.sejm.gov.pl\/Sejm9.nsf\/posel.xsp?id=053\">Czarnek Przemys\u0142aw<\/a>&nbsp;&nbsp;(Law and Justice)&nbsp;<\/td><\/tr><tr><td><a href=\"https:\/\/www.sejm.gov.pl\/Sejm9.nsf\/posel.xsp?id=059\">Czochara Katarzyna<\/a>&nbsp;&nbsp;(Law and Justice)&nbsp;<\/td><td><a href=\"https:\/\/www.sejm.gov.pl\/Sejm9.nsf\/posel.xsp?id=068\">Duda El\u017cbieta<\/a>&nbsp;&nbsp;(Law and Justice)&nbsp;<\/td><\/tr><tr><td><a href=\"https:\/\/www.sejm.gov.pl\/Sejm9.nsf\/posel.xsp?id=084\">Fogiel Rados\u0142aw<\/a>&nbsp;&nbsp;(Law and Justice)&nbsp;<\/td><td><a href=\"https:\/\/www.sejm.gov.pl\/Sejm9.nsf\/posel.xsp?id=098\">Gdula Maciej<\/a>&nbsp;&nbsp;(Left)&nbsp;<\/td><\/tr><tr><td><a href=\"https:\/\/www.sejm.gov.pl\/Sejm9.nsf\/posel.xsp?id=113\">Ma\u0142gorzata Gosiewska<\/a>&nbsp;&nbsp;(Law and Justice)&nbsp;<\/td><td><a href=\"https:\/\/www.sejm.gov.pl\/Sejm9.nsf\/posel.xsp?id=141\">Janczyk Wieslaw<\/a>&nbsp;&nbsp;(Law and Justice)&nbsp;<\/td><\/tr><tr><td><a href=\"https:\/\/www.sejm.gov.pl\/Sejm9.nsf\/posel.xsp?id=153\">Krystian Kami\u0144ski<\/a>&nbsp;&nbsp;(Confederation)&nbsp;<\/td><td><a href=\"https:\/\/www.sejm.gov.pl\/Sejm9.nsf\/posel.xsp?id=155\">Kanthak Jan<\/a>&nbsp;&nbsp;(Law and Justice)&nbsp;<\/td><\/tr><tr><td><a href=\"https:\/\/www.sejm.gov.pl\/Sejm9.nsf\/posel.xsp?id=164\">Maciej Konieczny<\/a>&nbsp;&nbsp;(Left)&nbsp;<\/td><td><a href=\"https:\/\/www.sejm.gov.pl\/Sejm9.nsf\/posel.xsp?id=193\">Marek Krz\u0105ka\u0142a<\/a>&nbsp;&nbsp;(KO)&nbsp;<\/td><\/tr><tr><td><a href=\"https:\/\/www.sejm.gov.pl\/Sejm9.nsf\/posel.xsp?id=198\">Kuchci\u0144ski Marek<\/a>&nbsp;&nbsp;(Law and Justice)&nbsp;<\/td><td><a href=\"https:\/\/www.sejm.gov.pl\/Sejm9.nsf\/posel.xsp?id=212\">Lenz Tomasz<\/a>&nbsp;&nbsp;(KO)&nbsp;<\/td><\/tr><tr><td><a href=\"https:\/\/www.sejm.gov.pl\/Sejm9.nsf\/posel.xsp?id=214\">Lichocka Joanna<\/a>&nbsp;&nbsp;(Law and Justice)&nbsp;<\/td><td><a href=\"https:\/\/www.sejm.gov.pl\/Sejm9.nsf\/posel.xsp?id=258\">Munyama Killion<\/a>&nbsp;&nbsp;(KO)&nbsp;<\/td><\/tr><tr><td><a href=\"https:\/\/www.sejm.gov.pl\/Sejm9.nsf\/posel.xsp?id=265\">Nitras Slawomir<\/a>&nbsp;&nbsp;(KO)&nbsp;<\/td><td><a href=\"https:\/\/www.sejm.gov.pl\/Sejm9.nsf\/posel.xsp?id=461\">Olejniczak Waldemar<\/a>&nbsp;&nbsp;(Law and Justice)&nbsp;<\/td><\/tr><tr><td><a href=\"https:\/\/www.sejm.gov.pl\/Sejm9.nsf\/posel.xsp?id=330\">Grzegorz Schetyna<\/a>&nbsp;&nbsp;(KO)&nbsp;<\/td><td><a href=\"https:\/\/www.sejm.gov.pl\/Sejm9.nsf\/posel.xsp?id=340\">Siekierski Czeslaw<\/a>&nbsp;&nbsp;(PSL-Kukiz15)&nbsp;<\/td><\/tr><tr><td><a href=\"https:\/\/www.sejm.gov.pl\/Sejm9.nsf\/posel.xsp?id=371\">Szejna Andrzej<\/a>&nbsp;&nbsp;(Left)&nbsp;<\/td><td><a href=\"https:\/\/www.sejm.gov.pl\/Sejm9.nsf\/posel.xsp?id=404\">Tyszkiewicz Robert<\/a>&nbsp;&nbsp;(KO)&nbsp;<\/td><\/tr><tr><td><a href=\"https:\/\/www.sejm.gov.pl\/Sejm9.nsf\/posel.xsp?id=436\">Wozniak Tadeusz<\/a>&nbsp;&nbsp;(Law and Justice)&nbsp;<\/td><\/tr><\/tbody><\/table><\/figure>\n\n\n\n<p><\/p>","protected":false},"excerpt":{"rendered":"<p>The scope of the Commission's activities includes matters of state foreign policy. Current composition of the Commission - 29 deputies Czarnecki Przemys\u0142aw (PiS) deputy chairman Kowal Pawe\u0142 (KO) deputy chairman Mularczyk Arkadiusz (PiS) deputy chairman Zalewski Pawe\u0142 (KO) deputy chairman Bartoszewski W\u0142adys\u0142aw Teofil (PSL-Kukiz15) Bartu\u015b Barbara (Law and Justice) Choma Kazimierz (Law and Justice) Czarnek Przemys\u0142aw (Law and Justice) Czochara Katarzyna (Law and Justice) Duda El\u017cbieta (Law and Justice) Fogiel Rados\u0142aw (Law and Justice) Gdula Maciej (Left) Gosiewska Ma\u0142gorzata (Law and Justice) Janczyk Wies\u0142aw (Law and Justice) Kami\u0144ski Krystian (Confederation) [...]<\/p>","protected":false},"author":17,"featured_media":17277,"comment_status":"open","ping_status":"open","sticky":false,"template":"","format":"standard","meta":{"ngg_post_thumbnail":0,"footnotes":""},"categories":[1,180],"tags":[],"class_list":["post-19802","post","type-post","status-publish","format-standard","has-post-thumbnail","hentry","category-bez-kategorii","category-komisja-spraw-zagranicznych"],"yoast_head":"<!-- This site is optimized with the Yoast SEO plugin v24.7 - https:\/\/yoast.com\/wordpress\/plugins\/seo\/ -->\n<title>Komisja Spraw Zagranicznych (SZA) &#8211; Marek Kuchci\u0144ski<\/title>\n<meta name=\"robots\" content=\"index, follow, max-snippet:-1, max-image-preview:large, max-video-preview:-1\" \/>\n<link rel=\"canonical\" href=\"https:\/\/marekkuchcinski.pl\/en\/bez-kategorii\/komisja-spraw-zagranicznych-sza\/\" \/>\n<meta property=\"og:locale\" content=\"en_GB\" \/>\n<meta property=\"og:type\" content=\"article\" \/>\n<meta property=\"og:title\" content=\"Komisja Spraw Zagranicznych (SZA) &#8211; Marek Kuchci\u0144ski\" \/>\n<meta property=\"og:description\" content=\"Do zakresu dzia\u0142ania Komisji nale\u017c\u0105 sprawy polityki zagranicznej pa\u0144stwa. Aktualny sk\u0142ad Komisji \u00a0 &#8211; 29 pos\u0142\u00f3w Czarnecki Przemys\u0142aw&nbsp;&nbsp;(PiS)&nbsp; zast\u0119pca przewodnicz\u0105cego Kowal Pawe\u0142&nbsp;&nbsp;(KO)&nbsp; zast\u0119pca przewodnicz\u0105cego Mularczyk Arkadiusz&nbsp;&nbsp;(PiS)&nbsp; zast\u0119pca przewodnicz\u0105cego Zalewski Pawe\u0142&nbsp;&nbsp;(KO)&nbsp; zast\u0119pca przewodnicz\u0105cego Bartoszewski W\u0142adys\u0142aw Teofil&nbsp;&nbsp;(PSL-Kukiz15)&nbsp; Bartu\u015b Barbara&nbsp;&nbsp;(PiS)&nbsp; Choma Kazimierz&nbsp;&nbsp;(PiS)&nbsp; Czarnek Przemys\u0142aw&nbsp;&nbsp;(PiS)&nbsp; Czochara Katarzyna&nbsp;&nbsp;(PiS)&nbsp; Duda El\u017cbieta&nbsp;&nbsp;(PiS)&nbsp; Fogiel Rados\u0142aw&nbsp;&nbsp;(PiS)&nbsp; Gdula Maciej&nbsp;&nbsp;(Lewica)&nbsp; Gosiewska Ma\u0142gorzata&nbsp;&nbsp;(PiS)&nbsp; Janczyk Wies\u0142aw&nbsp;&nbsp;(PiS)&nbsp; Kami\u0144ski Krystian&nbsp;&nbsp;(Konfederacja)&nbsp; [&hellip;]\" \/>\n<meta property=\"og:url\" content=\"https:\/\/marekkuchcinski.pl\/en\/bez-kategorii\/komisja-spraw-zagranicznych-sza\/\" \/>\n<meta property=\"og:site_name\" content=\"Marek Kuchci\u0144ski\" \/>\n<meta property=\"article:published_time\" content=\"2020-09-15T18:38:48+00:00\" \/>\n<meta property=\"article:modified_time\" content=\"2020-09-15T18:38:50+00:00\" \/>\n<meta property=\"og:image\" content=\"https:\/\/marekkuchcinski.pl\/wp-content\/uploads\/2019\/07\/sejm-kwiecien-4.jpg\" \/>\n\t<meta property=\"og:image:width\" content=\"2048\" \/>\n\t<meta property=\"og:image:height\" content=\"1454\" \/>\n\t<meta property=\"og:image:type\" content=\"image\/jpeg\" \/>\n<meta name=\"author\" content=\"Tomasz \u0141acina\" \/>\n<meta name=\"twitter:card\" content=\"summary_large_image\" \/>\n<meta name=\"twitter:label1\" content=\"Written by\" \/>\n\t<meta name=\"twitter:data1\" content=\"Tomasz \u0141acina\" \/>\n\t<meta name=\"twitter:label2\" content=\"Estimated reading time\" \/>\n\t<meta name=\"twitter:data2\" content=\"1 minute\" \/>\n<script type=\"application\/ld+json\" class=\"yoast-schema-graph\">{\"@context\":\"https:\/\/schema.org\",\"@graph\":[{\"@type\":\"Article\",\"@id\":\"https:\/\/marekkuchcinski.pl\/bez-kategorii\/komisja-spraw-zagranicznych-sza\/#article\",\"isPartOf\":{\"@id\":\"https:\/\/marekkuchcinski.pl\/bez-kategorii\/komisja-spraw-zagranicznych-sza\/\"},\"author\":{\"name\":\"Tomasz \u0141acina\",\"@id\":\"https:\/\/marekkuchcinski.pl\/#\/schema\/person\/b8a29fe7813098f7be78801d029910a7\"},\"headline\":\"Komisja Spraw Zagranicznych (SZA)\",\"datePublished\":\"2020-09-15T18:38:48+00:00\",\"dateModified\":\"2020-09-15T18:38:50+00:00\",\"mainEntityOfPage\":{\"@id\":\"https:\/\/marekkuchcinski.pl\/bez-kategorii\/komisja-spraw-zagranicznych-sza\/\"},\"wordCount\":228,\"commentCount\":0,\"publisher\":{\"@id\":\"https:\/\/marekkuchcinski.pl\/#organization\"},\"image\":{\"@id\":\"https:\/\/marekkuchcinski.pl\/bez-kategorii\/komisja-spraw-zagranicznych-sza\/#primaryimage\"},\"thumbnailUrl\":\"https:\/\/marekkuchcinski.pl\/wp-content\/uploads\/2019\/07\/sejm-kwiecien-4.jpg\",\"articleSection\":[\"Bez kategorii\",\"Komisja Spraw Zagranicznych\"],\"inLanguage\":\"en-GB\",\"potentialAction\":[{\"@type\":\"CommentAction\",\"name\":\"Comment\",\"target\":[\"https:\/\/marekkuchcinski.pl\/bez-kategorii\/komisja-spraw-zagranicznych-sza\/#respond\"]}]},{\"@type\":\"WebPage\",\"@id\":\"https:\/\/marekkuchcinski.pl\/bez-kategorii\/komisja-spraw-zagranicznych-sza\/\",\"url\":\"https:\/\/marekkuchcinski.pl\/bez-kategorii\/komisja-spraw-zagranicznych-sza\/\",\"name\":\"Komisja Spraw Zagranicznych (SZA) &#8211; Marek Kuchci\u0144ski\",\"isPartOf\":{\"@id\":\"https:\/\/marekkuchcinski.pl\/#website\"},\"primaryImageOfPage\":{\"@id\":\"https:\/\/marekkuchcinski.pl\/bez-kategorii\/komisja-spraw-zagranicznych-sza\/#primaryimage\"},\"image\":{\"@id\":\"https:\/\/marekkuchcinski.pl\/bez-kategorii\/komisja-spraw-zagranicznych-sza\/#primaryimage\"},\"thumbnailUrl\":\"https:\/\/marekkuchcinski.pl\/wp-content\/uploads\/2019\/07\/sejm-kwiecien-4.jpg\",\"datePublished\":\"2020-09-15T18:38:48+00:00\",\"dateModified\":\"2020-09-15T18:38:50+00:00\",\"breadcrumb\":{\"@id\":\"https:\/\/marekkuchcinski.pl\/bez-kategorii\/komisja-spraw-zagranicznych-sza\/#breadcrumb\"},\"inLanguage\":\"en-GB\",\"potentialAction\":[{\"@type\":\"ReadAction\",\"target\":[\"https:\/\/marekkuchcinski.pl\/bez-kategorii\/komisja-spraw-zagranicznych-sza\/\"]}]},{\"@type\":\"ImageObject\",\"inLanguage\":\"en-GB\",\"@id\":\"https:\/\/marekkuchcinski.pl\/bez-kategorii\/komisja-spraw-zagranicznych-sza\/#primaryimage\",\"url\":\"https:\/\/marekkuchcinski.pl\/wp-content\/uploads\/2019\/07\/sejm-kwiecien-4.jpg\",\"contentUrl\":\"https:\/\/marekkuchcinski.pl\/wp-content\/uploads\/2019\/07\/sejm-kwiecien-4.jpg\",\"width\":2048,\"height\":1454},{\"@type\":\"BreadcrumbList\",\"@id\":\"https:\/\/marekkuchcinski.pl\/bez-kategorii\/komisja-spraw-zagranicznych-sza\/#breadcrumb\",\"itemListElement\":[{\"@type\":\"ListItem\",\"position\":1,\"name\":\"Strona g\u0142\u00f3wna\",\"item\":\"https:\/\/marekkuchcinski.pl\/\"},{\"@type\":\"ListItem\",\"position\":2,\"name\":\"Komisja Spraw Zagranicznych (SZA)\"}]},{\"@type\":\"WebSite\",\"@id\":\"https:\/\/marekkuchcinski.pl\/#website\",\"url\":\"https:\/\/marekkuchcinski.pl\/\",\"name\":\"Marek Kuchci\u0144ski\",\"description\":\"Pose\u0142 na sejm RP &ndash; okr\u0119g nr 22\",\"publisher\":{\"@id\":\"https:\/\/marekkuchcinski.pl\/#organization\"},\"potentialAction\":[{\"@type\":\"SearchAction\",\"target\":{\"@type\":\"EntryPoint\",\"urlTemplate\":\"https:\/\/marekkuchcinski.pl\/?s={search_term_string}\"},\"query-input\":{\"@type\":\"PropertyValueSpecification\",\"valueRequired\":true,\"valueName\":\"search_term_string\"}}],\"inLanguage\":\"en-GB\"},{\"@type\":\"Organization\",\"@id\":\"https:\/\/marekkuchcinski.pl\/#organization\",\"name\":\"Marek Kuchci\u0144ski\",\"url\":\"https:\/\/marekkuchcinski.pl\/\",\"logo\":{\"@type\":\"ImageObject\",\"inLanguage\":\"en-GB\",\"@id\":\"https:\/\/marekkuchcinski.pl\/#\/schema\/logo\/image\/\",\"url\":\"https:\/\/marekkuchcinski.pl\/wp-content\/uploads\/2022\/09\/Marek.jpg\",\"contentUrl\":\"https:\/\/marekkuchcinski.pl\/wp-content\/uploads\/2022\/09\/Marek.jpg\",\"width\":1600,\"height\":971,\"caption\":\"Marek Kuchci\u0144ski\"},\"image\":{\"@id\":\"https:\/\/marekkuchcinski.pl\/#\/schema\/logo\/image\/\"}},{\"@type\":\"Person\",\"@id\":\"https:\/\/marekkuchcinski.pl\/#\/schema\/person\/b8a29fe7813098f7be78801d029910a7\",\"name\":\"Tomasz \u0141acina\",\"image\":{\"@type\":\"ImageObject\",\"inLanguage\":\"en-GB\",\"@id\":\"https:\/\/marekkuchcinski.pl\/#\/schema\/person\/image\/\",\"url\":\"https:\/\/secure.gravatar.com\/avatar\/22e75f6c51aff77a676ed77dd222f852?s=96&d=mm&r=g\",\"contentUrl\":\"https:\/\/secure.gravatar.com\/avatar\/22e75f6c51aff77a676ed77dd222f852?s=96&d=mm&r=g\",\"caption\":\"Tomasz \u0141acina\"},\"url\":\"https:\/\/marekkuchcinski.pl\/en\/author\/tomek-lacina\/\"}]}<\/script>\n<!-- \/ Yoast SEO plugin. -->","yoast_head_json":{"title":"Komisja Spraw Zagranicznych (SZA) &#8211; Marek Kuchci\u0144ski","robots":{"index":"index","follow":"follow","max-snippet":"max-snippet:-1","max-image-preview":"max-image-preview:large","max-video-preview":"max-video-preview:-1"},"canonical":"https:\/\/marekkuchcinski.pl\/en\/bez-kategorii\/komisja-spraw-zagranicznych-sza\/","og_locale":"en_GB","og_type":"article","og_title":"Komisja Spraw Zagranicznych (SZA) &#8211; Marek Kuchci\u0144ski","og_description":"Do zakresu dzia\u0142ania Komisji nale\u017c\u0105 sprawy polityki zagranicznej pa\u0144stwa. Aktualny sk\u0142ad Komisji \u00a0 &#8211; 29 pos\u0142\u00f3w Czarnecki Przemys\u0142aw&nbsp;&nbsp;(PiS)&nbsp; zast\u0119pca przewodnicz\u0105cego Kowal Pawe\u0142&nbsp;&nbsp;(KO)&nbsp; zast\u0119pca przewodnicz\u0105cego Mularczyk Arkadiusz&nbsp;&nbsp;(PiS)&nbsp; zast\u0119pca przewodnicz\u0105cego Zalewski Pawe\u0142&nbsp;&nbsp;(KO)&nbsp; zast\u0119pca przewodnicz\u0105cego Bartoszewski W\u0142adys\u0142aw Teofil&nbsp;&nbsp;(PSL-Kukiz15)&nbsp; Bartu\u015b Barbara&nbsp;&nbsp;(PiS)&nbsp; Choma Kazimierz&nbsp;&nbsp;(PiS)&nbsp; Czarnek Przemys\u0142aw&nbsp;&nbsp;(PiS)&nbsp; Czochara Katarzyna&nbsp;&nbsp;(PiS)&nbsp; Duda El\u017cbieta&nbsp;&nbsp;(PiS)&nbsp; Fogiel Rados\u0142aw&nbsp;&nbsp;(PiS)&nbsp; Gdula Maciej&nbsp;&nbsp;(Lewica)&nbsp; Gosiewska Ma\u0142gorzata&nbsp;&nbsp;(PiS)&nbsp; Janczyk Wies\u0142aw&nbsp;&nbsp;(PiS)&nbsp; Kami\u0144ski Krystian&nbsp;&nbsp;(Konfederacja)&nbsp; [&hellip;]","og_url":"https:\/\/marekkuchcinski.pl\/en\/bez-kategorii\/komisja-spraw-zagranicznych-sza\/","og_site_name":"Marek Kuchci\u0144ski","article_published_time":"2020-09-15T18:38:48+00:00","article_modified_time":"2020-09-15T18:38:50+00:00","og_image":[{"width":2048,"height":1454,"url":"https:\/\/marekkuchcinski.pl\/wp-content\/uploads\/2019\/07\/sejm-kwiecien-4.jpg","type":"image\/jpeg"}],"author":"Tomasz \u0141acina","twitter_card":"summary_large_image","twitter_misc":{"Written by":"Tomasz \u0141acina","Estimated reading time":"1 minute"},"schema":{"@context":"https:\/\/schema.org","@graph":[{"@type":"Article","@id":"https:\/\/marekkuchcinski.pl\/bez-kategorii\/komisja-spraw-zagranicznych-sza\/#article","isPartOf":{"@id":"https:\/\/marekkuchcinski.pl\/bez-kategorii\/komisja-spraw-zagranicznych-sza\/"},"author":{"name":"Tomasz \u0141acina","@id":"https:\/\/marekkuchcinski.pl\/#\/schema\/person\/b8a29fe7813098f7be78801d029910a7"},"headline":"Komisja Spraw Zagranicznych (SZA)","datePublished":"2020-09-15T18:38:48+00:00","dateModified":"2020-09-15T18:38:50+00:00","mainEntityOfPage":{"@id":"https:\/\/marekkuchcinski.pl\/bez-kategorii\/komisja-spraw-zagranicznych-sza\/"},"wordCount":228,"commentCount":0,"publisher":{"@id":"https:\/\/marekkuchcinski.pl\/#organization"},"image":{"@id":"https:\/\/marekkuchcinski.pl\/bez-kategorii\/komisja-spraw-zagranicznych-sza\/#primaryimage"},"thumbnailUrl":"https:\/\/marekkuchcinski.pl\/wp-content\/uploads\/2019\/07\/sejm-kwiecien-4.jpg","articleSection":["Bez kategorii","Komisja Spraw Zagranicznych"],"inLanguage":"en-GB","potentialAction":[{"@type":"CommentAction","name":"Comment","target":["https:\/\/marekkuchcinski.pl\/bez-kategorii\/komisja-spraw-zagranicznych-sza\/#respond"]}]},{"@type":"WebPage","@id":"https:\/\/marekkuchcinski.pl\/bez-kategorii\/komisja-spraw-zagranicznych-sza\/","url":"https:\/\/marekkuchcinski.pl\/bez-kategorii\/komisja-spraw-zagranicznych-sza\/","name":"Komisja Spraw Zagranicznych (SZA) &#8211; Marek Kuchci\u0144ski","isPartOf":{"@id":"https:\/\/marekkuchcinski.pl\/#website"},"primaryImageOfPage":{"@id":"https:\/\/marekkuchcinski.pl\/bez-kategorii\/komisja-spraw-zagranicznych-sza\/#primaryimage"},"image":{"@id":"https:\/\/marekkuchcinski.pl\/bez-kategorii\/komisja-spraw-zagranicznych-sza\/#primaryimage"},"thumbnailUrl":"https:\/\/marekkuchcinski.pl\/wp-content\/uploads\/2019\/07\/sejm-kwiecien-4.jpg","datePublished":"2020-09-15T18:38:48+00:00","dateModified":"2020-09-15T18:38:50+00:00","breadcrumb":{"@id":"https:\/\/marekkuchcinski.pl\/bez-kategorii\/komisja-spraw-zagranicznych-sza\/#breadcrumb"},"inLanguage":"en-GB","potentialAction":[{"@type":"ReadAction","target":["https:\/\/marekkuchcinski.pl\/bez-kategorii\/komisja-spraw-zagranicznych-sza\/"]}]},{"@type":"ImageObject","inLanguage":"en-GB","@id":"https:\/\/marekkuchcinski.pl\/bez-kategorii\/komisja-spraw-zagranicznych-sza\/#primaryimage","url":"https:\/\/marekkuchcinski.pl\/wp-content\/uploads\/2019\/07\/sejm-kwiecien-4.jpg","contentUrl":"https:\/\/marekkuchcinski.pl\/wp-content\/uploads\/2019\/07\/sejm-kwiecien-4.jpg","width":2048,"height":1454},{"@type":"BreadcrumbList","@id":"https:\/\/marekkuchcinski.pl\/bez-kategorii\/komisja-spraw-zagranicznych-sza\/#breadcrumb","itemListElement":[{"@type":"ListItem","position":1,"name":"Strona g\u0142\u00f3wna","item":"https:\/\/marekkuchcinski.pl\/"},{"@type":"ListItem","position":2,"name":"Komisja Spraw Zagranicznych (SZA)"}]},{"@type":"WebSite","@id":"https:\/\/marekkuchcinski.pl\/#website","url":"https:\/\/marekkuchcinski.pl\/","name":"Marek Kuchci\u0144ski","description":"Pose\u0142 na sejm RP &ndash; okr\u0119g nr 22","publisher":{"@id":"https:\/\/marekkuchcinski.pl\/#organization"},"potentialAction":[{"@type":"SearchAction","target":{"@type":"EntryPoint","urlTemplate":"https:\/\/marekkuchcinski.pl\/?s={search_term_string}"},"query-input":{"@type":"PropertyValueSpecification","valueRequired":true,"valueName":"search_term_string"}}],"inLanguage":"en-GB"},{"@type":"Organization","@id":"https:\/\/marekkuchcinski.pl\/#organization","name":"Marek Kuchci\u0144ski","url":"https:\/\/marekkuchcinski.pl\/","logo":{"@type":"ImageObject","inLanguage":"en-GB","@id":"https:\/\/marekkuchcinski.pl\/#\/schema\/logo\/image\/","url":"https:\/\/marekkuchcinski.pl\/wp-content\/uploads\/2022\/09\/Marek.jpg","contentUrl":"https:\/\/marekkuchcinski.pl\/wp-content\/uploads\/2022\/09\/Marek.jpg","width":1600,"height":971,"caption":"Marek Kuchci\u0144ski"},"image":{"@id":"https:\/\/marekkuchcinski.pl\/#\/schema\/logo\/image\/"}},{"@type":"Person","@id":"https:\/\/marekkuchcinski.pl\/#\/schema\/person\/b8a29fe7813098f7be78801d029910a7","name":"Tomasz \u0141acina","image":{"@type":"ImageObject","inLanguage":"en-GB","@id":"https:\/\/marekkuchcinski.pl\/#\/schema\/person\/image\/","url":"https:\/\/secure.gravatar.com\/avatar\/22e75f6c51aff77a676ed77dd222f852?s=96&d=mm&r=g","contentUrl":"https:\/\/secure.gravatar.com\/avatar\/22e75f6c51aff77a676ed77dd222f852?s=96&d=mm&r=g","caption":"Tomasz \u0141acina"},"url":"https:\/\/marekkuchcinski.pl\/en\/author\/tomek-lacina\/"}]}},"_links":{"self":[{"href":"https:\/\/marekkuchcinski.pl\/en\/wp-json\/wp\/v2\/posts\/19802","targetHints":{"allow":["GET"]}}],"collection":[{"href":"https:\/\/marekkuchcinski.pl\/en\/wp-json\/wp\/v2\/posts"}],"about":[{"href":"https:\/\/marekkuchcinski.pl\/en\/wp-json\/wp\/v2\/types\/post"}],"author":[{"embeddable":true,"href":"https:\/\/marekkuchcinski.pl\/en\/wp-json\/wp\/v2\/users\/17"}],"replies":[{"embeddable":true,"href":"https:\/\/marekkuchcinski.pl\/en\/wp-json\/wp\/v2\/comments?post=19802"}],"version-history":[{"count":2,"href":"https:\/\/marekkuchcinski.pl\/en\/wp-json\/wp\/v2\/posts\/19802\/revisions"}],"predecessor-version":[{"id":19804,"href":"https:\/\/marekkuchcinski.pl\/en\/wp-json\/wp\/v2\/posts\/19802\/revisions\/19804"}],"wp:featuredmedia":[{"embeddable":true,"href":"https:\/\/marekkuchcinski.pl\/en\/wp-json\/wp\/v2\/media\/17277"}],"wp:attachment":[{"href":"https:\/\/marekkuchcinski.pl\/en\/wp-json\/wp\/v2\/media?parent=19802"}],"wp:term":[{"taxonomy":"category","embeddable":true,"href":"https:\/\/marekkuchcinski.pl\/en\/wp-json\/wp\/v2\/categories?post=19802"},{"taxonomy":"post_tag","embeddable":true,"href":"https:\/\/marekkuchcinski.pl\/en\/wp-json\/wp\/v2\/tags?post=19802"}],"curies":[{"name":"wp","href":"https:\/\/api.w.org\/{rel}","templated":true}]}}