{"id":19704,"date":"2020-09-06T12:22:00","date_gmt":"2020-09-06T10:22:00","guid":{"rendered":"https:\/\/marekkuchcinski.pl\/?p=19704"},"modified":"2020-09-08T15:31:55","modified_gmt":"2020-09-08T13:31:55","slug":"pozegnanie-ks-kardynala-mariana-jaworskiego","status":"publish","type":"post","link":"https:\/\/marekkuchcinski.pl\/en\/wydarzenia\/pozegnanie-ks-kardynala-mariana-jaworskiego\/","title":{"rendered":"Po\u017cegnanie Ks. Kardyna\u0142a Mariana Jaworskiego"},"content":{"rendered":"<p class=\"wp-block-paragraph\">\u017begnamy dzisiaj Jego Eminencj\u0119 Ks. Kard. Mariana Jaworskiego, jedn\u0105 z najwybitniejszych postaci wsp\u00f3\u0142czesnego Ko\u015bcio\u0142a katolickiego w Polsce i na Ukrainie.<\/p>\n\n\n\n<p class=\"wp-block-paragraph\">\u017begnamy w Lubaczowie, bo to miasto sta\u0142o si\u0119 w r\u00f3\u017cnorodnej i wielkiej misji kap\u0142a\u0144skiej Ks. Kard. miejscem wyj\u0105tkowym. W\u0142a\u015bnie w Lubaczowie ten najbli\u017cszy wsp\u00f3\u0142pracownik i jednocze\u015bnie wielki przyjaciel Jana Paw\u0142a II zosta\u0142 w 1984 roku biskupem i administratorem apostolskim polskiej cz\u0119\u015bci archidiecezji lwowskiej, kt\u00f3ra po II wojnie \u015bwiatowej pozosta\u0142a w granicach kraju. To w tej powojennej stolicy wyp\u0119dzonych ze Lwowa arcybiskup\u00f3w przysz\u0142o ks. Biskupowi Marianowi Jaworskiemu prowadzi\u0107 wyj\u0105tkow\u0105 dzia\u0142alno\u015b\u0107 duszpastersk\u0105. I to st\u0105d w 1991 roku, ju\u017c jako arcybiskup, metropolita lwowski, wyruszy\u0142 do Lwowa, by rozpocz\u0105\u0107 wielkie i historyczne dzie\u0142o wskrzeszania z ruin prastarej metropolii lwowskiej i ca\u0142ego Ko\u015bcio\u0142a \u0142aci\u0144skiego na terenie obecnej Ukrainy.<\/p>\n\n\n\n<p class=\"wp-block-paragraph\">\u200b&nbsp;&nbsp;&nbsp;&nbsp;&nbsp;&nbsp;&nbsp;&nbsp;&nbsp; \u017bycie kardyna\u0142a Jaworskiego, nazwanego przez Kard. Dziwisza \u201e\u015bwiadkiem trudnej historii\u201d, &nbsp;by\u0142o wielk\u0105 \u201ecich\u0105\u201d prac\u0105 na rzecz Ko\u015bcio\u0142a i Ojczyzny. By\u0142 wybitnym filozofem, tw\u00f3rc\u0105 polskiej szko\u0142y filozofii religii i wielu fundamentalnych prac naukowych.<\/p>\n\n\n\n<p class=\"wp-block-paragraph\">W 2017 roku \u201ew uznaniu znamienitych zas\u0142ug dla odbudowy \u017cycia religijnego na Kresach Wschodnich oraz pog\u0142\u0119bienia dialogu ekumenicznego, za osi\u0105gni\u0119cia naukowe&nbsp;w dziedzinie filozofii i teologii\u201d Prezydent Andrzej Duda odznaczy\u0142 Ks. Kard. Mariana Jaworskiego Orderem Or\u0142a Bia\u0142ego.<\/p>\n\n\n\n<p class=\"wp-block-paragraph\">&nbsp;&nbsp;&nbsp;&nbsp;&nbsp;&nbsp;&nbsp;&nbsp;&nbsp; Dzisiaj \u017cegnamy znakomitego Duszpasterza, Honorowego Obywatela Miasta, najwybitniejszego w dziejach tego prastarego grodu. \u017begnamy obro\u0144c\u0119 chrze\u015bcija\u0144stwa w trudnych czasach PRL.<\/p>\n\n\n\n<p class=\"wp-block-paragraph\">Pragn\u0119 wyrazi\u0107 wdzi\u0119czno\u015b\u0107 Opatrzno\u015bci, \u017ce na swojej drodze \u017cycia mog\u0142em wielokrotnie spotka\u0107 Ks. Kard. Mariana Jaworskiego.<\/p>\n\n\n\n<p class=\"wp-block-paragraph\">Rodzinie zmar\u0142ego oraz wszystkim Jego bliskim przekazuj\u0119 wyraz najg\u0142\u0119bszego wsp\u00f3\u0142czucia. Niech dobry Pan ma Go w swej opiece.<\/p>\n\n\n\n<p class=\"wp-block-paragraph\">Cze\u015b\u0107 Jego pami\u0119ci!<\/p>\n\n\n\n<p class=\"wp-block-paragraph\">                                                                         <strong>Marek Kuchci\u0144ski<\/strong><\/p>\n\n\n\n<p class=\"wp-block-paragraph\">&nbsp;&nbsp;&nbsp;&nbsp;&nbsp;&nbsp;&nbsp;&nbsp;&nbsp;&nbsp;&nbsp;&nbsp;&nbsp;&nbsp;&nbsp;&nbsp;&nbsp;&nbsp;&nbsp;&nbsp;&nbsp;&nbsp;&nbsp;&nbsp;&nbsp;&nbsp;&nbsp;&nbsp;&nbsp;&nbsp;&nbsp;&nbsp;&nbsp;&nbsp;&nbsp;&nbsp;&nbsp;&nbsp;&nbsp;&nbsp;&nbsp;&nbsp;&nbsp;&nbsp;&nbsp;&nbsp;&nbsp;&nbsp;&nbsp;&nbsp;&nbsp;&nbsp;&nbsp;&nbsp;&nbsp;&nbsp;&nbsp;&nbsp;&nbsp;&nbsp;&nbsp;&nbsp;&nbsp;&nbsp;&nbsp;&nbsp;&nbsp;&nbsp;&nbsp;&nbsp;&nbsp;&nbsp;&nbsp;<strong>Pose\u0142 na Sejm RP<\/strong><\/p>\n\n\n\n<p class=\"wp-block-paragraph\">&nbsp;&nbsp;&nbsp;&nbsp;&nbsp;&nbsp;&nbsp;&nbsp;&nbsp;&nbsp;&nbsp;&nbsp;                                                             <strong>Marsza\u0142ek Sejmu RP VIII kadencji<\/strong><\/p>\n\n\n\n<p class=\"wp-block-paragraph\"><\/p>\n\n\n\n<figure class=\"wp-block-image size-large\"><img fetchpriority=\"high\" decoding=\"async\" width=\"1024\" height=\"698\" src=\"https:\/\/marekkuchcinski.pl\/wp-content\/uploads\/2020\/09\/Kardynal-Jaworski-1-1024x698.jpg\" alt=\"\" class=\"wp-image-19707\" srcset=\"https:\/\/marekkuchcinski.pl\/wp-content\/uploads\/2020\/09\/Kardynal-Jaworski-1-1024x698.jpg 1024w, https:\/\/marekkuchcinski.pl\/wp-content\/uploads\/2020\/09\/Kardynal-Jaworski-1-300x205.jpg 300w, https:\/\/marekkuchcinski.pl\/wp-content\/uploads\/2020\/09\/Kardynal-Jaworski-1-768x524.jpg 768w, https:\/\/marekkuchcinski.pl\/wp-content\/uploads\/2020\/09\/Kardynal-Jaworski-1.jpg 1440w\" sizes=\"(max-width: 1024px) 100vw, 1024px\" \/><figcaption>Marek Kuchci\u0144ski z Ks. Kard. Marianem Jaworskim we Lwowie, 2000 rok<\/figcaption><\/figure>","protected":false},"excerpt":{"rendered":"<p>\u017begnamy dzisiaj Jego Eminencj\u0119 Ks. Kard. Mariana Jaworskiego, jedn\u0105 z najwybitniejszych postaci wsp\u00f3\u0142czesnego Ko\u015bcio\u0142a katolickiego w Polsce i na Ukrainie. \u017begnamy w Lubaczowie, bo to miasto sta\u0142o si\u0119 w r\u00f3\u017cnorodnej i wielkiej misji kap\u0142a\u0144skiej Ks. Kard. miejscem wyj\u0105tkowym. W\u0142a\u015bnie w Lubaczowie ten najbli\u017cszy wsp\u00f3\u0142pracownik i jednocze\u015bnie wielki przyjaciel Jana Paw\u0142a II zosta\u0142 w 1984 roku [&hellip;]<\/p>\n","protected":false},"author":3,"featured_media":19707,"comment_status":"open","ping_status":"open","sticky":false,"template":"","format":"standard","meta":{"ngg_post_thumbnail":0,"footnotes":""},"categories":[3],"tags":[],"class_list":["post-19704","post","type-post","status-publish","format-standard","has-post-thumbnail","hentry","category-wydarzenia"],"yoast_head":"<!-- This site is optimized with the Yoast SEO plugin v28.4 - https:\/\/yoast.com\/product\/yoast-seo-wordpress\/ -->\n<title>Po\u017cegnanie Ks. Kardyna\u0142a Mariana Jaworskiego &#8211; Marek Kuchci\u0144ski<\/title>\n<meta name=\"robots\" content=\"index, follow, max-snippet:-1, max-image-preview:large, max-video-preview:-1\" \/>\n<link rel=\"canonical\" href=\"https:\/\/marekkuchcinski.pl\/en\/wydarzenia\/pozegnanie-ks-kardynala-mariana-jaworskiego\/\" \/>\n<meta property=\"og:locale\" content=\"en_GB\" \/>\n<meta property=\"og:type\" content=\"article\" \/>\n<meta property=\"og:title\" content=\"Po\u017cegnanie Ks. Kardyna\u0142a Mariana Jaworskiego &#8211; Marek Kuchci\u0144ski\" \/>\n<meta property=\"og:description\" content=\"\u017begnamy dzisiaj Jego Eminencj\u0119 Ks. Kard. Mariana Jaworskiego, jedn\u0105 z najwybitniejszych postaci wsp\u00f3\u0142czesnego Ko\u015bcio\u0142a katolickiego w Polsce i na Ukrainie. \u017begnamy w Lubaczowie, bo to miasto sta\u0142o si\u0119 w r\u00f3\u017cnorodnej i wielkiej misji kap\u0142a\u0144skiej Ks. Kard. miejscem wyj\u0105tkowym. W\u0142a\u015bnie w Lubaczowie ten najbli\u017cszy wsp\u00f3\u0142pracownik i jednocze\u015bnie wielki przyjaciel Jana Paw\u0142a II zosta\u0142 w 1984 roku [&hellip;]\" \/>\n<meta property=\"og:url\" content=\"https:\/\/marekkuchcinski.pl\/en\/wydarzenia\/pozegnanie-ks-kardynala-mariana-jaworskiego\/\" \/>\n<meta property=\"og:site_name\" content=\"Marek Kuchci\u0144ski\" \/>\n<meta property=\"article:published_time\" content=\"2020-09-06T10:22:00+00:00\" \/>\n<meta property=\"article:modified_time\" content=\"2020-09-08T13:31:55+00:00\" \/>\n<meta property=\"og:image\" content=\"https:\/\/marekkuchcinski.pl\/wp-content\/uploads\/2020\/09\/Kardynal-Jaworski-1.jpg\" \/>\n\t<meta property=\"og:image:width\" content=\"1440\" \/>\n\t<meta property=\"og:image:height\" content=\"982\" \/>\n\t<meta property=\"og:image:type\" content=\"image\/jpeg\" \/>\n<meta name=\"author\" content=\"Marta Olejnik\" \/>\n<meta name=\"twitter:card\" content=\"summary_large_image\" \/>\n<meta name=\"twitter:label1\" content=\"Written by\" \/>\n\t<meta name=\"twitter:data1\" content=\"Marta Olejnik\" \/>\n\t<meta name=\"twitter:label2\" content=\"Est. reading time\" \/>\n\t<meta name=\"twitter:data2\" content=\"2 minutes\" \/>\n<script type=\"application\/ld+json\" class=\"yoast-schema-graph\">{\"@context\":\"https:\\\/\\\/schema.org\",\"@graph\":[{\"@type\":\"Article\",\"@id\":\"https:\\\/\\\/marekkuchcinski.pl\\\/wydarzenia\\\/pozegnanie-ks-kardynala-mariana-jaworskiego\\\/#article\",\"isPartOf\":{\"@id\":\"https:\\\/\\\/marekkuchcinski.pl\\\/wydarzenia\\\/pozegnanie-ks-kardynala-mariana-jaworskiego\\\/\"},\"author\":{\"name\":\"Marta Olejnik\",\"@id\":\"https:\\\/\\\/marekkuchcinski.pl\\\/#\\\/schema\\\/person\\\/bd3f15dee67fee76e83c8350d0154101\"},\"headline\":\"Po\u017cegnanie Ks. Kardyna\u0142a Mariana Jaworskiego\",\"datePublished\":\"2020-09-06T10:22:00+00:00\",\"dateModified\":\"2020-09-08T13:31:55+00:00\",\"mainEntityOfPage\":{\"@id\":\"https:\\\/\\\/marekkuchcinski.pl\\\/wydarzenia\\\/pozegnanie-ks-kardynala-mariana-jaworskiego\\\/\"},\"wordCount\":433,\"commentCount\":0,\"publisher\":{\"@id\":\"https:\\\/\\\/marekkuchcinski.pl\\\/#organization\"},\"image\":{\"@id\":\"https:\\\/\\\/marekkuchcinski.pl\\\/wydarzenia\\\/pozegnanie-ks-kardynala-mariana-jaworskiego\\\/#primaryimage\"},\"thumbnailUrl\":\"https:\\\/\\\/marekkuchcinski.pl\\\/wp-content\\\/uploads\\\/2020\\\/09\\\/Kardynal-Jaworski-1.jpg\",\"articleSection\":[\"Wydarzenia\"],\"inLanguage\":\"en-GB\",\"potentialAction\":[{\"@type\":\"CommentAction\",\"name\":\"Comment\",\"target\":[\"https:\\\/\\\/marekkuchcinski.pl\\\/wydarzenia\\\/pozegnanie-ks-kardynala-mariana-jaworskiego\\\/#respond\"]}]},{\"@type\":\"WebPage\",\"@id\":\"https:\\\/\\\/marekkuchcinski.pl\\\/wydarzenia\\\/pozegnanie-ks-kardynala-mariana-jaworskiego\\\/\",\"url\":\"https:\\\/\\\/marekkuchcinski.pl\\\/wydarzenia\\\/pozegnanie-ks-kardynala-mariana-jaworskiego\\\/\",\"name\":\"Po\u017cegnanie Ks. Kardyna\u0142a Mariana Jaworskiego &#8211; Marek Kuchci\u0144ski\",\"isPartOf\":{\"@id\":\"https:\\\/\\\/marekkuchcinski.pl\\\/#website\"},\"primaryImageOfPage\":{\"@id\":\"https:\\\/\\\/marekkuchcinski.pl\\\/wydarzenia\\\/pozegnanie-ks-kardynala-mariana-jaworskiego\\\/#primaryimage\"},\"image\":{\"@id\":\"https:\\\/\\\/marekkuchcinski.pl\\\/wydarzenia\\\/pozegnanie-ks-kardynala-mariana-jaworskiego\\\/#primaryimage\"},\"thumbnailUrl\":\"https:\\\/\\\/marekkuchcinski.pl\\\/wp-content\\\/uploads\\\/2020\\\/09\\\/Kardynal-Jaworski-1.jpg\",\"datePublished\":\"2020-09-06T10:22:00+00:00\",\"dateModified\":\"2020-09-08T13:31:55+00:00\",\"breadcrumb\":{\"@id\":\"https:\\\/\\\/marekkuchcinski.pl\\\/wydarzenia\\\/pozegnanie-ks-kardynala-mariana-jaworskiego\\\/#breadcrumb\"},\"inLanguage\":\"en-GB\",\"potentialAction\":[{\"@type\":\"ReadAction\",\"target\":[\"https:\\\/\\\/marekkuchcinski.pl\\\/wydarzenia\\\/pozegnanie-ks-kardynala-mariana-jaworskiego\\\/\"]}]},{\"@type\":\"ImageObject\",\"inLanguage\":\"en-GB\",\"@id\":\"https:\\\/\\\/marekkuchcinski.pl\\\/wydarzenia\\\/pozegnanie-ks-kardynala-mariana-jaworskiego\\\/#primaryimage\",\"url\":\"https:\\\/\\\/marekkuchcinski.pl\\\/wp-content\\\/uploads\\\/2020\\\/09\\\/Kardynal-Jaworski-1.jpg\",\"contentUrl\":\"https:\\\/\\\/marekkuchcinski.pl\\\/wp-content\\\/uploads\\\/2020\\\/09\\\/Kardynal-Jaworski-1.jpg\",\"width\":1440,\"height\":982},{\"@type\":\"BreadcrumbList\",\"@id\":\"https:\\\/\\\/marekkuchcinski.pl\\\/wydarzenia\\\/pozegnanie-ks-kardynala-mariana-jaworskiego\\\/#breadcrumb\",\"itemListElement\":[{\"@type\":\"ListItem\",\"position\":1,\"name\":\"Strona g\u0142\u00f3wna\",\"item\":\"https:\\\/\\\/marekkuchcinski.pl\\\/\"},{\"@type\":\"ListItem\",\"position\":2,\"name\":\"Po\u017cegnanie Ks. Kardyna\u0142a Mariana Jaworskiego\"}]},{\"@type\":\"WebSite\",\"@id\":\"https:\\\/\\\/marekkuchcinski.pl\\\/#website\",\"url\":\"https:\\\/\\\/marekkuchcinski.pl\\\/\",\"name\":\"Marek Kuchci\u0144ski\",\"description\":\"Marek Kuchci\u0144ski \",\"publisher\":{\"@id\":\"https:\\\/\\\/marekkuchcinski.pl\\\/#organization\"},\"potentialAction\":[{\"@type\":\"SearchAction\",\"target\":{\"@type\":\"EntryPoint\",\"urlTemplate\":\"https:\\\/\\\/marekkuchcinski.pl\\\/?s={search_term_string}\"},\"query-input\":{\"@type\":\"PropertyValueSpecification\",\"valueRequired\":true,\"valueName\":\"search_term_string\"}}],\"inLanguage\":\"en-GB\"},{\"@type\":\"Organization\",\"@id\":\"https:\\\/\\\/marekkuchcinski.pl\\\/#organization\",\"name\":\"Marek Kuchci\u0144ski\",\"url\":\"https:\\\/\\\/marekkuchcinski.pl\\\/\",\"logo\":{\"@type\":\"ImageObject\",\"inLanguage\":\"en-GB\",\"@id\":\"https:\\\/\\\/marekkuchcinski.pl\\\/#\\\/schema\\\/logo\\\/image\\\/\",\"url\":\"https:\\\/\\\/marekkuchcinski.pl\\\/wp-content\\\/uploads\\\/2022\\\/09\\\/Marek.jpg\",\"contentUrl\":\"https:\\\/\\\/marekkuchcinski.pl\\\/wp-content\\\/uploads\\\/2022\\\/09\\\/Marek.jpg\",\"width\":1600,\"height\":971,\"caption\":\"Marek Kuchci\u0144ski\"},\"image\":{\"@id\":\"https:\\\/\\\/marekkuchcinski.pl\\\/#\\\/schema\\\/logo\\\/image\\\/\"}},{\"@type\":\"Person\",\"@id\":\"https:\\\/\\\/marekkuchcinski.pl\\\/#\\\/schema\\\/person\\\/bd3f15dee67fee76e83c8350d0154101\",\"name\":\"Marta Olejnik\",\"image\":{\"@type\":\"ImageObject\",\"inLanguage\":\"en-GB\",\"@id\":\"https:\\\/\\\/secure.gravatar.com\\\/avatar\\\/24754edd6080383402e292374b406b553027d572e97d60e7aa89a6940e88659a?s=96&d=mm&r=g\",\"url\":\"https:\\\/\\\/secure.gravatar.com\\\/avatar\\\/24754edd6080383402e292374b406b553027d572e97d60e7aa89a6940e88659a?s=96&d=mm&r=g\",\"contentUrl\":\"https:\\\/\\\/secure.gravatar.com\\\/avatar\\\/24754edd6080383402e292374b406b553027d572e97d60e7aa89a6940e88659a?s=96&d=mm&r=g\",\"caption\":\"Marta Olejnik\"},\"url\":\"https:\\\/\\\/marekkuchcinski.pl\\\/en\\\/author\\\/marta\\\/\"}]}<\/script>\n<!-- \/ Yoast SEO plugin. -->","yoast_head_json":{"title":"Po\u017cegnanie Ks. Kardyna\u0142a Mariana Jaworskiego &#8211; Marek Kuchci\u0144ski","robots":{"index":"index","follow":"follow","max-snippet":"max-snippet:-1","max-image-preview":"max-image-preview:large","max-video-preview":"max-video-preview:-1"},"canonical":"https:\/\/marekkuchcinski.pl\/en\/wydarzenia\/pozegnanie-ks-kardynala-mariana-jaworskiego\/","og_locale":"en_GB","og_type":"article","og_title":"Po\u017cegnanie Ks. Kardyna\u0142a Mariana Jaworskiego &#8211; Marek Kuchci\u0144ski","og_description":"\u017begnamy dzisiaj Jego Eminencj\u0119 Ks. Kard. Mariana Jaworskiego, jedn\u0105 z najwybitniejszych postaci wsp\u00f3\u0142czesnego Ko\u015bcio\u0142a katolickiego w Polsce i na Ukrainie. \u017begnamy w Lubaczowie, bo to miasto sta\u0142o si\u0119 w r\u00f3\u017cnorodnej i wielkiej misji kap\u0142a\u0144skiej Ks. Kard. miejscem wyj\u0105tkowym. W\u0142a\u015bnie w Lubaczowie ten najbli\u017cszy wsp\u00f3\u0142pracownik i jednocze\u015bnie wielki przyjaciel Jana Paw\u0142a II zosta\u0142 w 1984 roku [&hellip;]","og_url":"https:\/\/marekkuchcinski.pl\/en\/wydarzenia\/pozegnanie-ks-kardynala-mariana-jaworskiego\/","og_site_name":"Marek Kuchci\u0144ski","article_published_time":"2020-09-06T10:22:00+00:00","article_modified_time":"2020-09-08T13:31:55+00:00","og_image":[{"width":1440,"height":982,"url":"https:\/\/marekkuchcinski.pl\/wp-content\/uploads\/2020\/09\/Kardynal-Jaworski-1.jpg","type":"image\/jpeg"}],"author":"Marta Olejnik","twitter_card":"summary_large_image","twitter_misc":{"Written by":"Marta Olejnik","Est. reading time":"2 minutes"},"schema":{"@context":"https:\/\/schema.org","@graph":[{"@type":"Article","@id":"https:\/\/marekkuchcinski.pl\/wydarzenia\/pozegnanie-ks-kardynala-mariana-jaworskiego\/#article","isPartOf":{"@id":"https:\/\/marekkuchcinski.pl\/wydarzenia\/pozegnanie-ks-kardynala-mariana-jaworskiego\/"},"author":{"name":"Marta Olejnik","@id":"https:\/\/marekkuchcinski.pl\/#\/schema\/person\/bd3f15dee67fee76e83c8350d0154101"},"headline":"Po\u017cegnanie Ks. Kardyna\u0142a Mariana Jaworskiego","datePublished":"2020-09-06T10:22:00+00:00","dateModified":"2020-09-08T13:31:55+00:00","mainEntityOfPage":{"@id":"https:\/\/marekkuchcinski.pl\/wydarzenia\/pozegnanie-ks-kardynala-mariana-jaworskiego\/"},"wordCount":433,"commentCount":0,"publisher":{"@id":"https:\/\/marekkuchcinski.pl\/#organization"},"image":{"@id":"https:\/\/marekkuchcinski.pl\/wydarzenia\/pozegnanie-ks-kardynala-mariana-jaworskiego\/#primaryimage"},"thumbnailUrl":"https:\/\/marekkuchcinski.pl\/wp-content\/uploads\/2020\/09\/Kardynal-Jaworski-1.jpg","articleSection":["Wydarzenia"],"inLanguage":"en-GB","potentialAction":[{"@type":"CommentAction","name":"Comment","target":["https:\/\/marekkuchcinski.pl\/wydarzenia\/pozegnanie-ks-kardynala-mariana-jaworskiego\/#respond"]}]},{"@type":"WebPage","@id":"https:\/\/marekkuchcinski.pl\/wydarzenia\/pozegnanie-ks-kardynala-mariana-jaworskiego\/","url":"https:\/\/marekkuchcinski.pl\/wydarzenia\/pozegnanie-ks-kardynala-mariana-jaworskiego\/","name":"Po\u017cegnanie Ks. Kardyna\u0142a Mariana Jaworskiego &#8211; Marek Kuchci\u0144ski","isPartOf":{"@id":"https:\/\/marekkuchcinski.pl\/#website"},"primaryImageOfPage":{"@id":"https:\/\/marekkuchcinski.pl\/wydarzenia\/pozegnanie-ks-kardynala-mariana-jaworskiego\/#primaryimage"},"image":{"@id":"https:\/\/marekkuchcinski.pl\/wydarzenia\/pozegnanie-ks-kardynala-mariana-jaworskiego\/#primaryimage"},"thumbnailUrl":"https:\/\/marekkuchcinski.pl\/wp-content\/uploads\/2020\/09\/Kardynal-Jaworski-1.jpg","datePublished":"2020-09-06T10:22:00+00:00","dateModified":"2020-09-08T13:31:55+00:00","breadcrumb":{"@id":"https:\/\/marekkuchcinski.pl\/wydarzenia\/pozegnanie-ks-kardynala-mariana-jaworskiego\/#breadcrumb"},"inLanguage":"en-GB","potentialAction":[{"@type":"ReadAction","target":["https:\/\/marekkuchcinski.pl\/wydarzenia\/pozegnanie-ks-kardynala-mariana-jaworskiego\/"]}]},{"@type":"ImageObject","inLanguage":"en-GB","@id":"https:\/\/marekkuchcinski.pl\/wydarzenia\/pozegnanie-ks-kardynala-mariana-jaworskiego\/#primaryimage","url":"https:\/\/marekkuchcinski.pl\/wp-content\/uploads\/2020\/09\/Kardynal-Jaworski-1.jpg","contentUrl":"https:\/\/marekkuchcinski.pl\/wp-content\/uploads\/2020\/09\/Kardynal-Jaworski-1.jpg","width":1440,"height":982},{"@type":"BreadcrumbList","@id":"https:\/\/marekkuchcinski.pl\/wydarzenia\/pozegnanie-ks-kardynala-mariana-jaworskiego\/#breadcrumb","itemListElement":[{"@type":"ListItem","position":1,"name":"Strona g\u0142\u00f3wna","item":"https:\/\/marekkuchcinski.pl\/"},{"@type":"ListItem","position":2,"name":"Po\u017cegnanie Ks. Kardyna\u0142a Mariana Jaworskiego"}]},{"@type":"WebSite","@id":"https:\/\/marekkuchcinski.pl\/#website","url":"https:\/\/marekkuchcinski.pl\/","name":"Marek Kuchci\u0144ski","description":"Marek Kuchci\u0144ski","publisher":{"@id":"https:\/\/marekkuchcinski.pl\/#organization"},"potentialAction":[{"@type":"SearchAction","target":{"@type":"EntryPoint","urlTemplate":"https:\/\/marekkuchcinski.pl\/?s={search_term_string}"},"query-input":{"@type":"PropertyValueSpecification","valueRequired":true,"valueName":"search_term_string"}}],"inLanguage":"en-GB"},{"@type":"Organization","@id":"https:\/\/marekkuchcinski.pl\/#organization","name":"Marek Kuchci\u0144ski","url":"https:\/\/marekkuchcinski.pl\/","logo":{"@type":"ImageObject","inLanguage":"en-GB","@id":"https:\/\/marekkuchcinski.pl\/#\/schema\/logo\/image\/","url":"https:\/\/marekkuchcinski.pl\/wp-content\/uploads\/2022\/09\/Marek.jpg","contentUrl":"https:\/\/marekkuchcinski.pl\/wp-content\/uploads\/2022\/09\/Marek.jpg","width":1600,"height":971,"caption":"Marek Kuchci\u0144ski"},"image":{"@id":"https:\/\/marekkuchcinski.pl\/#\/schema\/logo\/image\/"}},{"@type":"Person","@id":"https:\/\/marekkuchcinski.pl\/#\/schema\/person\/bd3f15dee67fee76e83c8350d0154101","name":"Marta Olejnik","image":{"@type":"ImageObject","inLanguage":"en-GB","@id":"https:\/\/secure.gravatar.com\/avatar\/24754edd6080383402e292374b406b553027d572e97d60e7aa89a6940e88659a?s=96&d=mm&r=g","url":"https:\/\/secure.gravatar.com\/avatar\/24754edd6080383402e292374b406b553027d572e97d60e7aa89a6940e88659a?s=96&d=mm&r=g","contentUrl":"https:\/\/secure.gravatar.com\/avatar\/24754edd6080383402e292374b406b553027d572e97d60e7aa89a6940e88659a?s=96&d=mm&r=g","caption":"Marta Olejnik"},"url":"https:\/\/marekkuchcinski.pl\/en\/author\/marta\/"}]}},"_links":{"self":[{"href":"https:\/\/marekkuchcinski.pl\/en\/wp-json\/wp\/v2\/posts\/19704","targetHints":{"allow":["GET"]}}],"collection":[{"href":"https:\/\/marekkuchcinski.pl\/en\/wp-json\/wp\/v2\/posts"}],"about":[{"href":"https:\/\/marekkuchcinski.pl\/en\/wp-json\/wp\/v2\/types\/post"}],"author":[{"embeddable":true,"href":"https:\/\/marekkuchcinski.pl\/en\/wp-json\/wp\/v2\/users\/3"}],"replies":[{"embeddable":true,"href":"https:\/\/marekkuchcinski.pl\/en\/wp-json\/wp\/v2\/comments?post=19704"}],"version-history":[{"count":3,"href":"https:\/\/marekkuchcinski.pl\/en\/wp-json\/wp\/v2\/posts\/19704\/revisions"}],"predecessor-version":[{"id":19710,"href":"https:\/\/marekkuchcinski.pl\/en\/wp-json\/wp\/v2\/posts\/19704\/revisions\/19710"}],"wp:featuredmedia":[{"embeddable":true,"href":"https:\/\/marekkuchcinski.pl\/en\/wp-json\/wp\/v2\/media\/19707"}],"wp:attachment":[{"href":"https:\/\/marekkuchcinski.pl\/en\/wp-json\/wp\/v2\/media?parent=19704"}],"wp:term":[{"taxonomy":"category","embeddable":true,"href":"https:\/\/marekkuchcinski.pl\/en\/wp-json\/wp\/v2\/categories?post=19704"},{"taxonomy":"post_tag","embeddable":true,"href":"https:\/\/marekkuchcinski.pl\/en\/wp-json\/wp\/v2\/tags?post=19704"}],"curies":[{"name":"wp","href":"https:\/\/api.w.org\/{rel}","templated":true}]}}