{"id":19614,"date":"2020-08-25T21:11:18","date_gmt":"2020-08-25T19:11:18","guid":{"rendered":"https:\/\/marekkuchcinski.pl\/?p=19614"},"modified":"2020-08-25T21:11:20","modified_gmt":"2020-08-25T19:11:20","slug":"forum-wizja-rozwoju-mozliwosci-realizacji-projektow-miedzynarodowych-na-przykladzie-wspolpracy-polsko-wegierskiej","status":"publish","type":"post","link":"https:\/\/marekkuchcinski.pl\/en\/wydarzenia\/forum-wizja-rozwoju-mozliwosci-realizacji-projektow-miedzynarodowych-na-przykladzie-wspolpracy-polsko-wegierskiej\/","title":{"rendered":"Forum Wizja Rozwoju: Mo\u017cliwo\u015bci realizacji projekt\u00f3w mi\u0119dzynarodowych na przyk\u0142adzie wsp\u00f3\u0142pracy polsko-w\u0119gierskiej"},"content":{"rendered":"<p class=\"wp-block-paragraph\">Polsk\u0119 i W\u0119gry \u0142\u0105cz\u0105 szczeg\u00f3lne wielowiekowe i cywilizacyjne tradycje, kt\u00f3re si\u0119gaj\u0105 czas\u00f3w \u015bredniowiecza.&nbsp; Do\u015b\u0107 nadmieni\u0107, i\u017c w 1920 r. W\u0119gry by\u0142y jedynym krajem, kt\u00f3re zaoferowa\u0142 nowo powsta\u0142emu Pa\u0144stwu Polskiemu wsparcie w czasie wojny polsko-bolszewickiej. Wsp\u00f3\u0142cze\u015bnie relacje mi\u0119dzy narodami polskim i w\u0119gierskim s\u0105 bardzo pozytywne i maj\u0105 niejednokrotnie wymiar emocjonalny. Efektem tego jest wsp\u00f3\u0142praca spo\u0142eczno-gospodarcza obu pa\u0144stw w zakresie obronno\u015bci i bezpiecze\u0144stwa, logistyki, infrastruktury, kultury, nauki czy rolnictwa. Wa\u017cn\u0105 platform\u0105 wsp\u00f3\u0142pracy s\u0105 istniej\u0105ce od 2018 roku instytucje: Instytut im. Wac\u0142awa Felczaka w Polsce i Fundacja im. Wac\u0142awa Felczaka (Wac\u0142aw Felczak Alapitv\u00e1ny) na W\u0119grzech. Powo\u0142ane zosta\u0142y one przez rz\u0105dy RP i W\u0119gier dla piel\u0119gnowania tradycji wsp\u00f3\u0142pracy polsko-w\u0119gierskiej. Jak mawia\u0142 Prof. Wac\u0142aw Felczak: \u201e(\u2026) ma\u0142o jest narod\u00f3w, kt\u00f3re tak jak nar\u00f3d polski i w\u0119gierski nie tworzy\u0142yby wizji swej przysz\u0142o\u015bci w oparciu o silne poczucie \u015bwiadomo\u015bci historycznej i to\u017csamo\u015bci narodowej\u201d. Szczeg\u00f3lne wi\u0119zi polsko-w\u0119gierskie stanowi\u0105 podstaw\u0119 do realizowania inicjatyw mi\u0119dzynarodowych o strategicznym charakterze.<\/p>\n\n\n\n<p class=\"wp-block-paragraph\">Tematem dyskusji, w kt\u00f3rej wzi\u0105\u0142 udzia\u0142 Marek Kuchci\u0144ski, by\u0142a gospodarcza wsp\u00f3\u0142praca pomi\u0119dzy Polsk\u0105 a W\u0119grami.&nbsp;<\/p>\n\n\n\n<p class=\"wp-block-paragraph\">\u2013 Od najdawniejszych czas\u00f3w w ka\u017cdym pokoleniu mamy przyk\u0142ady niezwyk\u0142ej przyja\u017ani polsko-w\u0119gierskiej. W ostatnich latach zosta\u0142a ona wzmocniona decyzjami politycznymi o wzajemnym wspieraniu si\u0119 w Unii Europejskiej. \u017beby wsp\u00f3\u0142praca gospodarcza i polityka rozwoju nast\u0119powa\u0142a, musimy patrze\u0107 na ca\u0142\u0105 Europ\u0119 \u015arodkow\u0105, nawet nie tylko na V4.&nbsp;Mi\u0119dzy W\u0119grami i nami s\u0105 jeszcze inne pa\u0144stwa. \u017beby by\u0142a wsp\u00f3\u0142praca gospodarcza, to na pewno musi by\u0107 bardzo dobra komunikacja, a wi\u0119c szeroko rozumiana infrastruktura. Ona dopiero zaczyna by\u0107, czy jest w trakcie realizacji. To nie tylko chodzi o drogi, takie jak Via Carpatia, ale tak\u017ce wielkie i szybkie koleje, ten wielki plan szybkiej kolei \u0142\u0105cz\u0105cej nasze stolice. To tak\u017ce Internet, cyfryzacja oraz to bezpiecze\u0144stwo energetyczne \u2013 przekonywa\u0142 Marek Kuchci\u0144ski, przewodnicz\u0105cy polsko-w\u0119gierskiej grupy parlamentarnej.&nbsp;<\/p>\n\n\n\n<p class=\"wp-block-paragraph\">\u2013 Drugi warunek to jest j\u0119zyk.&nbsp;Mamy ogromne k\u0142opoty, \u017ceby znale\u017a\u0107 kilkudziesi\u0119ciu dobrych t\u0142umaczy, kt\u00f3rzy m\u00f3wi\u0105 w j\u0119zyku w\u0119gierskim, kt\u00f3rzy zaanga\u017cowaliby si\u0119 w procesy, dzia\u0142ania polityczne. Ci, kt\u00f3rzy ucz\u0105 si\u0119 w\u0119gierskiego, od razu id\u0105 do gospodarki, do biznesu, bo tam przecie\u017c p\u0142ac\u0105 wi\u0119cej ni\u017c politykom \u2013 m\u00f3wi\u0142 Kuchci\u0144ski.&nbsp;<\/p>\n\n\n\n<p class=\"wp-block-paragraph\">W dyskusji podczas panelu \u201eMo\u017cliwo\u015bci realizacji projekt\u00f3w mi\u0119dzynarodowych na przyk\u0142adzie wsp\u00f3\u0142pracy polsko-w\u0119gierskiej&#8221; na Forum Wizja Rozwoju w Gdyni udzia\u0142 wzi\u0119li tak\u017ce: wiceminister spraw zagranicznych Pawe\u0142 Jab\u0142o\u0144ski,&nbsp;ekspert Forum Inicjatyw Bezpiecze\u0144stwo Rozw\u00f3j-Energia Jerzy Moso\u0144 oraz prezes Regionalnej Izby Gospodarczej w Katowicach Tomasz Zjawiony.<\/p>\n\n\n\n<p class=\"wp-block-paragraph\">Moderatorem rozmowy by\u0142 redaktor naczelny \u201eGazety Polskiej&#8221; oraz \u201eGazety Polskiej Codziennie&#8221; Tomasz Sakiewicz.<\/p>\n\n\n\n<p class=\"wp-block-paragraph\"><em>\u017ar\u00f3d\u0142o: Forum Wizja Rozwoju<\/em><\/p>\n\n\n\n<figure class=\"wp-block-image size-large\"><img fetchpriority=\"high\" decoding=\"async\" width=\"1024\" height=\"676\" src=\"https:\/\/marekkuchcinski.pl\/wp-content\/uploads\/2020\/08\/M-forum-1024x676.jpg\" alt=\"\" class=\"wp-image-19616\" srcset=\"https:\/\/marekkuchcinski.pl\/wp-content\/uploads\/2020\/08\/M-forum-1024x676.jpg 1024w, https:\/\/marekkuchcinski.pl\/wp-content\/uploads\/2020\/08\/M-forum-300x198.jpg 300w, https:\/\/marekkuchcinski.pl\/wp-content\/uploads\/2020\/08\/M-forum-768x507.jpg 768w, https:\/\/marekkuchcinski.pl\/wp-content\/uploads\/2020\/08\/M-forum.jpg 1371w\" sizes=\"(max-width: 1024px) 100vw, 1024px\" \/><\/figure>","protected":false},"excerpt":{"rendered":"<p>Polsk\u0119 i W\u0119gry \u0142\u0105cz\u0105 szczeg\u00f3lne wielowiekowe i cywilizacyjne tradycje, kt\u00f3re si\u0119gaj\u0105 czas\u00f3w \u015bredniowiecza.&nbsp; Do\u015b\u0107 nadmieni\u0107, i\u017c w 1920 r. W\u0119gry by\u0142y jedynym krajem, kt\u00f3re zaoferowa\u0142 nowo powsta\u0142emu Pa\u0144stwu Polskiemu wsparcie w czasie wojny polsko-bolszewickiej. Wsp\u00f3\u0142cze\u015bnie relacje mi\u0119dzy narodami polskim i w\u0119gierskim s\u0105 bardzo pozytywne i maj\u0105 niejednokrotnie wymiar emocjonalny. Efektem tego jest wsp\u00f3\u0142praca spo\u0142eczno-gospodarcza obu [&hellip;]<\/p>\n","protected":false},"author":3,"featured_media":19616,"comment_status":"open","ping_status":"open","sticky":false,"template":"","format":"standard","meta":{"ngg_post_thumbnail":0,"footnotes":""},"categories":[50,3],"tags":[],"class_list":["post-19614","post","type-post","status-publish","format-standard","has-post-thumbnail","hentry","category-wspolpraca-miedzynarodowa","category-wydarzenia"],"yoast_head":"<!-- This site is optimized with the Yoast SEO plugin v28.4 - https:\/\/yoast.com\/product\/yoast-seo-wordpress\/ -->\n<title>Forum Wizja Rozwoju: Mo\u017cliwo\u015bci realizacji projekt\u00f3w mi\u0119dzynarodowych na przyk\u0142adzie wsp\u00f3\u0142pracy polsko-w\u0119gierskiej &#8211; Marek Kuchci\u0144ski<\/title>\n<meta name=\"robots\" content=\"index, follow, max-snippet:-1, max-image-preview:large, max-video-preview:-1\" \/>\n<link rel=\"canonical\" href=\"https:\/\/marekkuchcinski.pl\/en\/wydarzenia\/forum-wizja-rozwoju-mozliwosci-realizacji-projektow-miedzynarodowych-na-przykladzie-wspolpracy-polsko-wegierskiej\/\" \/>\n<meta property=\"og:locale\" content=\"en_GB\" \/>\n<meta property=\"og:type\" content=\"article\" \/>\n<meta property=\"og:title\" content=\"Forum Wizja Rozwoju: Mo\u017cliwo\u015bci realizacji projekt\u00f3w mi\u0119dzynarodowych na przyk\u0142adzie wsp\u00f3\u0142pracy polsko-w\u0119gierskiej &#8211; Marek Kuchci\u0144ski\" \/>\n<meta property=\"og:description\" content=\"Polsk\u0119 i W\u0119gry \u0142\u0105cz\u0105 szczeg\u00f3lne wielowiekowe i cywilizacyjne tradycje, kt\u00f3re si\u0119gaj\u0105 czas\u00f3w \u015bredniowiecza.&nbsp; Do\u015b\u0107 nadmieni\u0107, i\u017c w 1920 r. W\u0119gry by\u0142y jedynym krajem, kt\u00f3re zaoferowa\u0142 nowo powsta\u0142emu Pa\u0144stwu Polskiemu wsparcie w czasie wojny polsko-bolszewickiej. Wsp\u00f3\u0142cze\u015bnie relacje mi\u0119dzy narodami polskim i w\u0119gierskim s\u0105 bardzo pozytywne i maj\u0105 niejednokrotnie wymiar emocjonalny. Efektem tego jest wsp\u00f3\u0142praca spo\u0142eczno-gospodarcza obu [&hellip;]\" \/>\n<meta property=\"og:url\" content=\"https:\/\/marekkuchcinski.pl\/en\/wydarzenia\/forum-wizja-rozwoju-mozliwosci-realizacji-projektow-miedzynarodowych-na-przykladzie-wspolpracy-polsko-wegierskiej\/\" \/>\n<meta property=\"og:site_name\" content=\"Marek Kuchci\u0144ski\" \/>\n<meta property=\"article:published_time\" content=\"2020-08-25T19:11:18+00:00\" \/>\n<meta property=\"article:modified_time\" content=\"2020-08-25T19:11:20+00:00\" \/>\n<meta property=\"og:image\" content=\"https:\/\/marekkuchcinski.pl\/wp-content\/uploads\/2020\/08\/M-forum.jpg\" \/>\n\t<meta property=\"og:image:width\" content=\"1371\" \/>\n\t<meta property=\"og:image:height\" content=\"905\" \/>\n\t<meta property=\"og:image:type\" content=\"image\/jpeg\" \/>\n<meta name=\"author\" content=\"Marta Olejnik\" \/>\n<meta name=\"twitter:card\" content=\"summary_large_image\" \/>\n<meta name=\"twitter:label1\" content=\"Written by\" \/>\n\t<meta name=\"twitter:data1\" content=\"Marta Olejnik\" \/>\n\t<meta name=\"twitter:label2\" content=\"Est. reading time\" \/>\n\t<meta name=\"twitter:data2\" content=\"3 minutes\" \/>\n<script type=\"application\/ld+json\" class=\"yoast-schema-graph\">{\"@context\":\"https:\\\/\\\/schema.org\",\"@graph\":[{\"@type\":\"Article\",\"@id\":\"https:\\\/\\\/marekkuchcinski.pl\\\/wydarzenia\\\/forum-wizja-rozwoju-mozliwosci-realizacji-projektow-miedzynarodowych-na-przykladzie-wspolpracy-polsko-wegierskiej\\\/#article\",\"isPartOf\":{\"@id\":\"https:\\\/\\\/marekkuchcinski.pl\\\/wydarzenia\\\/forum-wizja-rozwoju-mozliwosci-realizacji-projektow-miedzynarodowych-na-przykladzie-wspolpracy-polsko-wegierskiej\\\/\"},\"author\":{\"name\":\"Marta Olejnik\",\"@id\":\"https:\\\/\\\/marekkuchcinski.pl\\\/#\\\/schema\\\/person\\\/bd3f15dee67fee76e83c8350d0154101\"},\"headline\":\"Forum Wizja Rozwoju: Mo\u017cliwo\u015bci realizacji projekt\u00f3w mi\u0119dzynarodowych na przyk\u0142adzie wsp\u00f3\u0142pracy polsko-w\u0119gierskiej\",\"datePublished\":\"2020-08-25T19:11:18+00:00\",\"dateModified\":\"2020-08-25T19:11:20+00:00\",\"mainEntityOfPage\":{\"@id\":\"https:\\\/\\\/marekkuchcinski.pl\\\/wydarzenia\\\/forum-wizja-rozwoju-mozliwosci-realizacji-projektow-miedzynarodowych-na-przykladzie-wspolpracy-polsko-wegierskiej\\\/\"},\"wordCount\":518,\"commentCount\":0,\"publisher\":{\"@id\":\"https:\\\/\\\/marekkuchcinski.pl\\\/#organization\"},\"image\":{\"@id\":\"https:\\\/\\\/marekkuchcinski.pl\\\/wydarzenia\\\/forum-wizja-rozwoju-mozliwosci-realizacji-projektow-miedzynarodowych-na-przykladzie-wspolpracy-polsko-wegierskiej\\\/#primaryimage\"},\"thumbnailUrl\":\"https:\\\/\\\/marekkuchcinski.pl\\\/wp-content\\\/uploads\\\/2020\\\/08\\\/M-forum.jpg\",\"articleSection\":[\"Wsp\u00f3\u0142praca mi\u0119dzynarodowa\",\"Wydarzenia\"],\"inLanguage\":\"en-GB\",\"potentialAction\":[{\"@type\":\"CommentAction\",\"name\":\"Comment\",\"target\":[\"https:\\\/\\\/marekkuchcinski.pl\\\/wydarzenia\\\/forum-wizja-rozwoju-mozliwosci-realizacji-projektow-miedzynarodowych-na-przykladzie-wspolpracy-polsko-wegierskiej\\\/#respond\"]}]},{\"@type\":\"WebPage\",\"@id\":\"https:\\\/\\\/marekkuchcinski.pl\\\/wydarzenia\\\/forum-wizja-rozwoju-mozliwosci-realizacji-projektow-miedzynarodowych-na-przykladzie-wspolpracy-polsko-wegierskiej\\\/\",\"url\":\"https:\\\/\\\/marekkuchcinski.pl\\\/wydarzenia\\\/forum-wizja-rozwoju-mozliwosci-realizacji-projektow-miedzynarodowych-na-przykladzie-wspolpracy-polsko-wegierskiej\\\/\",\"name\":\"Forum Wizja Rozwoju: Mo\u017cliwo\u015bci realizacji projekt\u00f3w mi\u0119dzynarodowych na przyk\u0142adzie wsp\u00f3\u0142pracy polsko-w\u0119gierskiej &#8211; Marek Kuchci\u0144ski\",\"isPartOf\":{\"@id\":\"https:\\\/\\\/marekkuchcinski.pl\\\/#website\"},\"primaryImageOfPage\":{\"@id\":\"https:\\\/\\\/marekkuchcinski.pl\\\/wydarzenia\\\/forum-wizja-rozwoju-mozliwosci-realizacji-projektow-miedzynarodowych-na-przykladzie-wspolpracy-polsko-wegierskiej\\\/#primaryimage\"},\"image\":{\"@id\":\"https:\\\/\\\/marekkuchcinski.pl\\\/wydarzenia\\\/forum-wizja-rozwoju-mozliwosci-realizacji-projektow-miedzynarodowych-na-przykladzie-wspolpracy-polsko-wegierskiej\\\/#primaryimage\"},\"thumbnailUrl\":\"https:\\\/\\\/marekkuchcinski.pl\\\/wp-content\\\/uploads\\\/2020\\\/08\\\/M-forum.jpg\",\"datePublished\":\"2020-08-25T19:11:18+00:00\",\"dateModified\":\"2020-08-25T19:11:20+00:00\",\"breadcrumb\":{\"@id\":\"https:\\\/\\\/marekkuchcinski.pl\\\/wydarzenia\\\/forum-wizja-rozwoju-mozliwosci-realizacji-projektow-miedzynarodowych-na-przykladzie-wspolpracy-polsko-wegierskiej\\\/#breadcrumb\"},\"inLanguage\":\"en-GB\",\"potentialAction\":[{\"@type\":\"ReadAction\",\"target\":[\"https:\\\/\\\/marekkuchcinski.pl\\\/wydarzenia\\\/forum-wizja-rozwoju-mozliwosci-realizacji-projektow-miedzynarodowych-na-przykladzie-wspolpracy-polsko-wegierskiej\\\/\"]}]},{\"@type\":\"ImageObject\",\"inLanguage\":\"en-GB\",\"@id\":\"https:\\\/\\\/marekkuchcinski.pl\\\/wydarzenia\\\/forum-wizja-rozwoju-mozliwosci-realizacji-projektow-miedzynarodowych-na-przykladzie-wspolpracy-polsko-wegierskiej\\\/#primaryimage\",\"url\":\"https:\\\/\\\/marekkuchcinski.pl\\\/wp-content\\\/uploads\\\/2020\\\/08\\\/M-forum.jpg\",\"contentUrl\":\"https:\\\/\\\/marekkuchcinski.pl\\\/wp-content\\\/uploads\\\/2020\\\/08\\\/M-forum.jpg\",\"width\":1371,\"height\":905},{\"@type\":\"BreadcrumbList\",\"@id\":\"https:\\\/\\\/marekkuchcinski.pl\\\/wydarzenia\\\/forum-wizja-rozwoju-mozliwosci-realizacji-projektow-miedzynarodowych-na-przykladzie-wspolpracy-polsko-wegierskiej\\\/#breadcrumb\",\"itemListElement\":[{\"@type\":\"ListItem\",\"position\":1,\"name\":\"Strona g\u0142\u00f3wna\",\"item\":\"https:\\\/\\\/marekkuchcinski.pl\\\/\"},{\"@type\":\"ListItem\",\"position\":2,\"name\":\"Forum Wizja Rozwoju: Mo\u017cliwo\u015bci realizacji projekt\u00f3w mi\u0119dzynarodowych na przyk\u0142adzie wsp\u00f3\u0142pracy polsko-w\u0119gierskiej\"}]},{\"@type\":\"WebSite\",\"@id\":\"https:\\\/\\\/marekkuchcinski.pl\\\/#website\",\"url\":\"https:\\\/\\\/marekkuchcinski.pl\\\/\",\"name\":\"Marek Kuchci\u0144ski\",\"description\":\"Marek Kuchci\u0144ski \",\"publisher\":{\"@id\":\"https:\\\/\\\/marekkuchcinski.pl\\\/#organization\"},\"potentialAction\":[{\"@type\":\"SearchAction\",\"target\":{\"@type\":\"EntryPoint\",\"urlTemplate\":\"https:\\\/\\\/marekkuchcinski.pl\\\/?s={search_term_string}\"},\"query-input\":{\"@type\":\"PropertyValueSpecification\",\"valueRequired\":true,\"valueName\":\"search_term_string\"}}],\"inLanguage\":\"en-GB\"},{\"@type\":\"Organization\",\"@id\":\"https:\\\/\\\/marekkuchcinski.pl\\\/#organization\",\"name\":\"Marek Kuchci\u0144ski\",\"url\":\"https:\\\/\\\/marekkuchcinski.pl\\\/\",\"logo\":{\"@type\":\"ImageObject\",\"inLanguage\":\"en-GB\",\"@id\":\"https:\\\/\\\/marekkuchcinski.pl\\\/#\\\/schema\\\/logo\\\/image\\\/\",\"url\":\"https:\\\/\\\/marekkuchcinski.pl\\\/wp-content\\\/uploads\\\/2022\\\/09\\\/Marek.jpg\",\"contentUrl\":\"https:\\\/\\\/marekkuchcinski.pl\\\/wp-content\\\/uploads\\\/2022\\\/09\\\/Marek.jpg\",\"width\":1600,\"height\":971,\"caption\":\"Marek Kuchci\u0144ski\"},\"image\":{\"@id\":\"https:\\\/\\\/marekkuchcinski.pl\\\/#\\\/schema\\\/logo\\\/image\\\/\"}},{\"@type\":\"Person\",\"@id\":\"https:\\\/\\\/marekkuchcinski.pl\\\/#\\\/schema\\\/person\\\/bd3f15dee67fee76e83c8350d0154101\",\"name\":\"Marta Olejnik\",\"image\":{\"@type\":\"ImageObject\",\"inLanguage\":\"en-GB\",\"@id\":\"https:\\\/\\\/secure.gravatar.com\\\/avatar\\\/24754edd6080383402e292374b406b553027d572e97d60e7aa89a6940e88659a?s=96&d=mm&r=g\",\"url\":\"https:\\\/\\\/secure.gravatar.com\\\/avatar\\\/24754edd6080383402e292374b406b553027d572e97d60e7aa89a6940e88659a?s=96&d=mm&r=g\",\"contentUrl\":\"https:\\\/\\\/secure.gravatar.com\\\/avatar\\\/24754edd6080383402e292374b406b553027d572e97d60e7aa89a6940e88659a?s=96&d=mm&r=g\",\"caption\":\"Marta Olejnik\"},\"url\":\"https:\\\/\\\/marekkuchcinski.pl\\\/en\\\/author\\\/marta\\\/\"}]}<\/script>\n<!-- \/ Yoast SEO plugin. -->","yoast_head_json":{"title":"Forum Wizja Rozwoju: Mo\u017cliwo\u015bci realizacji projekt\u00f3w mi\u0119dzynarodowych na przyk\u0142adzie wsp\u00f3\u0142pracy polsko-w\u0119gierskiej &#8211; Marek Kuchci\u0144ski","robots":{"index":"index","follow":"follow","max-snippet":"max-snippet:-1","max-image-preview":"max-image-preview:large","max-video-preview":"max-video-preview:-1"},"canonical":"https:\/\/marekkuchcinski.pl\/en\/wydarzenia\/forum-wizja-rozwoju-mozliwosci-realizacji-projektow-miedzynarodowych-na-przykladzie-wspolpracy-polsko-wegierskiej\/","og_locale":"en_GB","og_type":"article","og_title":"Forum Wizja Rozwoju: Mo\u017cliwo\u015bci realizacji projekt\u00f3w mi\u0119dzynarodowych na przyk\u0142adzie wsp\u00f3\u0142pracy polsko-w\u0119gierskiej &#8211; Marek Kuchci\u0144ski","og_description":"Polsk\u0119 i W\u0119gry \u0142\u0105cz\u0105 szczeg\u00f3lne wielowiekowe i cywilizacyjne tradycje, kt\u00f3re si\u0119gaj\u0105 czas\u00f3w \u015bredniowiecza.&nbsp; Do\u015b\u0107 nadmieni\u0107, i\u017c w 1920 r. W\u0119gry by\u0142y jedynym krajem, kt\u00f3re zaoferowa\u0142 nowo powsta\u0142emu Pa\u0144stwu Polskiemu wsparcie w czasie wojny polsko-bolszewickiej. Wsp\u00f3\u0142cze\u015bnie relacje mi\u0119dzy narodami polskim i w\u0119gierskim s\u0105 bardzo pozytywne i maj\u0105 niejednokrotnie wymiar emocjonalny. Efektem tego jest wsp\u00f3\u0142praca spo\u0142eczno-gospodarcza obu [&hellip;]","og_url":"https:\/\/marekkuchcinski.pl\/en\/wydarzenia\/forum-wizja-rozwoju-mozliwosci-realizacji-projektow-miedzynarodowych-na-przykladzie-wspolpracy-polsko-wegierskiej\/","og_site_name":"Marek Kuchci\u0144ski","article_published_time":"2020-08-25T19:11:18+00:00","article_modified_time":"2020-08-25T19:11:20+00:00","og_image":[{"width":1371,"height":905,"url":"https:\/\/marekkuchcinski.pl\/wp-content\/uploads\/2020\/08\/M-forum.jpg","type":"image\/jpeg"}],"author":"Marta Olejnik","twitter_card":"summary_large_image","twitter_misc":{"Written by":"Marta Olejnik","Est. reading time":"3 minutes"},"schema":{"@context":"https:\/\/schema.org","@graph":[{"@type":"Article","@id":"https:\/\/marekkuchcinski.pl\/wydarzenia\/forum-wizja-rozwoju-mozliwosci-realizacji-projektow-miedzynarodowych-na-przykladzie-wspolpracy-polsko-wegierskiej\/#article","isPartOf":{"@id":"https:\/\/marekkuchcinski.pl\/wydarzenia\/forum-wizja-rozwoju-mozliwosci-realizacji-projektow-miedzynarodowych-na-przykladzie-wspolpracy-polsko-wegierskiej\/"},"author":{"name":"Marta Olejnik","@id":"https:\/\/marekkuchcinski.pl\/#\/schema\/person\/bd3f15dee67fee76e83c8350d0154101"},"headline":"Forum Wizja Rozwoju: Mo\u017cliwo\u015bci realizacji projekt\u00f3w mi\u0119dzynarodowych na przyk\u0142adzie wsp\u00f3\u0142pracy polsko-w\u0119gierskiej","datePublished":"2020-08-25T19:11:18+00:00","dateModified":"2020-08-25T19:11:20+00:00","mainEntityOfPage":{"@id":"https:\/\/marekkuchcinski.pl\/wydarzenia\/forum-wizja-rozwoju-mozliwosci-realizacji-projektow-miedzynarodowych-na-przykladzie-wspolpracy-polsko-wegierskiej\/"},"wordCount":518,"commentCount":0,"publisher":{"@id":"https:\/\/marekkuchcinski.pl\/#organization"},"image":{"@id":"https:\/\/marekkuchcinski.pl\/wydarzenia\/forum-wizja-rozwoju-mozliwosci-realizacji-projektow-miedzynarodowych-na-przykladzie-wspolpracy-polsko-wegierskiej\/#primaryimage"},"thumbnailUrl":"https:\/\/marekkuchcinski.pl\/wp-content\/uploads\/2020\/08\/M-forum.jpg","articleSection":["Wsp\u00f3\u0142praca mi\u0119dzynarodowa","Wydarzenia"],"inLanguage":"en-GB","potentialAction":[{"@type":"CommentAction","name":"Comment","target":["https:\/\/marekkuchcinski.pl\/wydarzenia\/forum-wizja-rozwoju-mozliwosci-realizacji-projektow-miedzynarodowych-na-przykladzie-wspolpracy-polsko-wegierskiej\/#respond"]}]},{"@type":"WebPage","@id":"https:\/\/marekkuchcinski.pl\/wydarzenia\/forum-wizja-rozwoju-mozliwosci-realizacji-projektow-miedzynarodowych-na-przykladzie-wspolpracy-polsko-wegierskiej\/","url":"https:\/\/marekkuchcinski.pl\/wydarzenia\/forum-wizja-rozwoju-mozliwosci-realizacji-projektow-miedzynarodowych-na-przykladzie-wspolpracy-polsko-wegierskiej\/","name":"Forum Wizja Rozwoju: Mo\u017cliwo\u015bci realizacji projekt\u00f3w mi\u0119dzynarodowych na przyk\u0142adzie wsp\u00f3\u0142pracy polsko-w\u0119gierskiej &#8211; Marek Kuchci\u0144ski","isPartOf":{"@id":"https:\/\/marekkuchcinski.pl\/#website"},"primaryImageOfPage":{"@id":"https:\/\/marekkuchcinski.pl\/wydarzenia\/forum-wizja-rozwoju-mozliwosci-realizacji-projektow-miedzynarodowych-na-przykladzie-wspolpracy-polsko-wegierskiej\/#primaryimage"},"image":{"@id":"https:\/\/marekkuchcinski.pl\/wydarzenia\/forum-wizja-rozwoju-mozliwosci-realizacji-projektow-miedzynarodowych-na-przykladzie-wspolpracy-polsko-wegierskiej\/#primaryimage"},"thumbnailUrl":"https:\/\/marekkuchcinski.pl\/wp-content\/uploads\/2020\/08\/M-forum.jpg","datePublished":"2020-08-25T19:11:18+00:00","dateModified":"2020-08-25T19:11:20+00:00","breadcrumb":{"@id":"https:\/\/marekkuchcinski.pl\/wydarzenia\/forum-wizja-rozwoju-mozliwosci-realizacji-projektow-miedzynarodowych-na-przykladzie-wspolpracy-polsko-wegierskiej\/#breadcrumb"},"inLanguage":"en-GB","potentialAction":[{"@type":"ReadAction","target":["https:\/\/marekkuchcinski.pl\/wydarzenia\/forum-wizja-rozwoju-mozliwosci-realizacji-projektow-miedzynarodowych-na-przykladzie-wspolpracy-polsko-wegierskiej\/"]}]},{"@type":"ImageObject","inLanguage":"en-GB","@id":"https:\/\/marekkuchcinski.pl\/wydarzenia\/forum-wizja-rozwoju-mozliwosci-realizacji-projektow-miedzynarodowych-na-przykladzie-wspolpracy-polsko-wegierskiej\/#primaryimage","url":"https:\/\/marekkuchcinski.pl\/wp-content\/uploads\/2020\/08\/M-forum.jpg","contentUrl":"https:\/\/marekkuchcinski.pl\/wp-content\/uploads\/2020\/08\/M-forum.jpg","width":1371,"height":905},{"@type":"BreadcrumbList","@id":"https:\/\/marekkuchcinski.pl\/wydarzenia\/forum-wizja-rozwoju-mozliwosci-realizacji-projektow-miedzynarodowych-na-przykladzie-wspolpracy-polsko-wegierskiej\/#breadcrumb","itemListElement":[{"@type":"ListItem","position":1,"name":"Strona g\u0142\u00f3wna","item":"https:\/\/marekkuchcinski.pl\/"},{"@type":"ListItem","position":2,"name":"Forum Wizja Rozwoju: Mo\u017cliwo\u015bci realizacji projekt\u00f3w mi\u0119dzynarodowych na przyk\u0142adzie wsp\u00f3\u0142pracy polsko-w\u0119gierskiej"}]},{"@type":"WebSite","@id":"https:\/\/marekkuchcinski.pl\/#website","url":"https:\/\/marekkuchcinski.pl\/","name":"Marek Kuchci\u0144ski","description":"Marek Kuchci\u0144ski","publisher":{"@id":"https:\/\/marekkuchcinski.pl\/#organization"},"potentialAction":[{"@type":"SearchAction","target":{"@type":"EntryPoint","urlTemplate":"https:\/\/marekkuchcinski.pl\/?s={search_term_string}"},"query-input":{"@type":"PropertyValueSpecification","valueRequired":true,"valueName":"search_term_string"}}],"inLanguage":"en-GB"},{"@type":"Organization","@id":"https:\/\/marekkuchcinski.pl\/#organization","name":"Marek Kuchci\u0144ski","url":"https:\/\/marekkuchcinski.pl\/","logo":{"@type":"ImageObject","inLanguage":"en-GB","@id":"https:\/\/marekkuchcinski.pl\/#\/schema\/logo\/image\/","url":"https:\/\/marekkuchcinski.pl\/wp-content\/uploads\/2022\/09\/Marek.jpg","contentUrl":"https:\/\/marekkuchcinski.pl\/wp-content\/uploads\/2022\/09\/Marek.jpg","width":1600,"height":971,"caption":"Marek Kuchci\u0144ski"},"image":{"@id":"https:\/\/marekkuchcinski.pl\/#\/schema\/logo\/image\/"}},{"@type":"Person","@id":"https:\/\/marekkuchcinski.pl\/#\/schema\/person\/bd3f15dee67fee76e83c8350d0154101","name":"Marta Olejnik","image":{"@type":"ImageObject","inLanguage":"en-GB","@id":"https:\/\/secure.gravatar.com\/avatar\/24754edd6080383402e292374b406b553027d572e97d60e7aa89a6940e88659a?s=96&d=mm&r=g","url":"https:\/\/secure.gravatar.com\/avatar\/24754edd6080383402e292374b406b553027d572e97d60e7aa89a6940e88659a?s=96&d=mm&r=g","contentUrl":"https:\/\/secure.gravatar.com\/avatar\/24754edd6080383402e292374b406b553027d572e97d60e7aa89a6940e88659a?s=96&d=mm&r=g","caption":"Marta Olejnik"},"url":"https:\/\/marekkuchcinski.pl\/en\/author\/marta\/"}]}},"_links":{"self":[{"href":"https:\/\/marekkuchcinski.pl\/en\/wp-json\/wp\/v2\/posts\/19614","targetHints":{"allow":["GET"]}}],"collection":[{"href":"https:\/\/marekkuchcinski.pl\/en\/wp-json\/wp\/v2\/posts"}],"about":[{"href":"https:\/\/marekkuchcinski.pl\/en\/wp-json\/wp\/v2\/types\/post"}],"author":[{"embeddable":true,"href":"https:\/\/marekkuchcinski.pl\/en\/wp-json\/wp\/v2\/users\/3"}],"replies":[{"embeddable":true,"href":"https:\/\/marekkuchcinski.pl\/en\/wp-json\/wp\/v2\/comments?post=19614"}],"version-history":[{"count":2,"href":"https:\/\/marekkuchcinski.pl\/en\/wp-json\/wp\/v2\/posts\/19614\/revisions"}],"predecessor-version":[{"id":19617,"href":"https:\/\/marekkuchcinski.pl\/en\/wp-json\/wp\/v2\/posts\/19614\/revisions\/19617"}],"wp:featuredmedia":[{"embeddable":true,"href":"https:\/\/marekkuchcinski.pl\/en\/wp-json\/wp\/v2\/media\/19616"}],"wp:attachment":[{"href":"https:\/\/marekkuchcinski.pl\/en\/wp-json\/wp\/v2\/media?parent=19614"}],"wp:term":[{"taxonomy":"category","embeddable":true,"href":"https:\/\/marekkuchcinski.pl\/en\/wp-json\/wp\/v2\/categories?post=19614"},{"taxonomy":"post_tag","embeddable":true,"href":"https:\/\/marekkuchcinski.pl\/en\/wp-json\/wp\/v2\/tags?post=19614"}],"curies":[{"name":"wp","href":"https:\/\/api.w.org\/{rel}","templated":true}]}}