{"id":19567,"date":"2020-08-13T20:57:22","date_gmt":"2020-08-13T18:57:22","guid":{"rendered":"https:\/\/marekkuchcinski.pl\/?p=19567"},"modified":"2020-08-14T21:29:36","modified_gmt":"2020-08-14T19:29:36","slug":"czy-miasto-o-najwiekszym-zageszczeniu-zabytkow-zasluguje-na-liste-unesco-przemysl","status":"publish","type":"post","link":"https:\/\/marekkuchcinski.pl\/en\/europa-karpat\/europa-karpat-dyskusja\/czy-miasto-o-najwiekszym-zageszczeniu-zabytkow-zasluguje-na-liste-unesco-przemysl\/","title":{"rendered":"Does the city with the highest density of monuments deserve to be on the UNESCO list? Przemy\u015bl"},"content":{"rendered":"<p>The text is an update of the idea of inscribing the entire city of Przemysl on the UNESCO World Heritage List from 1995 to today.<\/p>\n\n\n\n<p><em>Andrzej Mazur<\/em><\/p>\n\n\n\n<figure class=\"wp-block-image size-large\"><img fetchpriority=\"high\" decoding=\"async\" width=\"1024\" height=\"683\" src=\"https:\/\/marekkuchcinski.pl\/wp-content\/uploads\/2020\/08\/2015_Przemy\u015bl_Zamek_Kazimierzowski_02-1024x683.jpg\" alt=\"\" class=\"wp-image-19570\" srcset=\"https:\/\/marekkuchcinski.pl\/wp-content\/uploads\/2020\/08\/2015_Przemy\u015bl_Zamek_Kazimierzowski_02-1024x683.jpg 1024w, https:\/\/marekkuchcinski.pl\/wp-content\/uploads\/2020\/08\/2015_Przemy\u015bl_Zamek_Kazimierzowski_02-300x200.jpg 300w, https:\/\/marekkuchcinski.pl\/wp-content\/uploads\/2020\/08\/2015_Przemy\u015bl_Zamek_Kazimierzowski_02-768x512.jpg 768w, https:\/\/marekkuchcinski.pl\/wp-content\/uploads\/2020\/08\/2015_Przemy\u015bl_Zamek_Kazimierzowski_02.jpg 1200w\" sizes=\"(max-width: 1024px) 100vw, 1024px\" \/><figcaption><em>Przemy\u015bl, Kazimierzowski Castle. Photo: Marcin Konsek, Wikimedia Commons<\/em><\/figcaption><\/figure>\n\n\n\n<p><strong>History of ideas&nbsp;<\/strong><\/p>\n\n\n\n<p><em><strong>1995<\/strong><\/em><\/p>\n\n\n\n<p>During my holiday stay in Przemy\u015bl, Renata Nowakowska, then Director of the Department of Culture in the Przemy\u015bl Voivodship Office, learned that I was an expert of the Polish National Committee for UNESCO MaB Programme and asked if I would write something about the city. I prepared a text in the form of an expert opinion for the Przemy\u015bl City Council - about initiating efforts to inscribe the entire city on the UNESCO List. This expertise, in a version adapted for readers, was published in the Culture Department of the City Hall magazine \"Przemyski Informator Kulturalny\".\u00a0<\/p>\n\n\n\n<p>The text contained an innovative idea of inscribing the entire city on the List, and stated, ahead of history, that the Przemy\u015bl Fortress itself is a historical monument.&nbsp;<\/p>\n\n\n\n<p><em><strong>2018<\/strong><\/em><\/p>\n\n\n\n<p>By the decision of the Minister of Culture in 2018, the Palace in Krasiczyn, the Old Market Square in Przemy\u015bl and the Przemy\u015bl Fortress were granted the status of historical monument.&nbsp;<\/p>\n\n\n\n<p><em><strong>2019<\/strong><\/em><\/p>\n\n\n\n<p>In June, Jan Jarosz, director of the National Museum of the Przemysl Region, proposed that I write the text \"Przemysl and the UNESCO List\". - after 25 years. Thanking him for the inspiration, I present how I see this problem today.&nbsp;<\/p>\n\n\n\n<p><em><strong>2020<\/strong><\/em><\/p>\n\n\n\n<p>A precedent has been set: almost the entire city of Jaipur in India has been placed on the UNESCO List. Thus, my idea from 25 years ago has been methodologically verified - it is possible to propose inscribing the entire city on the List.&nbsp;<\/p>\n\n\n\n<p><a href=\"https:\/\/upload.wikimedia.org\/wikipedia\/commons\/thumb\/4\/4c\/Hawa_Mahal_on_a_stormy_afternoon.jpg\/1024px-Hawa_Mahal_on_a_stormy_afternoon.jpg\">https:\/\/upload.wikimedia.org\/wikipedia\/commons\/thumb\/4\/4c\/Hawa_Mahal_on_a_stormy_afternoon.jpg\/1024px-Hawa_Mahal_on_a_stormy_afternoon.jpg<\/a><\/p>\n\n\n\n<p><em>&nbsp;Jaipur, India. Photo by Ziaur Rahmna, via Wikimedia Commons&nbsp;&nbsp;<\/em><\/p>\n\n\n\n<p><strong>2\/ Methodology of preparation<\/strong><\/p>\n\n\n\n<p><strong><em>2.1\/ Technical matters<\/em><\/strong><\/p>\n\n\n\n<p>They boil down to the following: focus on the requirements of the UNESCO Regulations, first. Second: creating a 2 or 3 person Study Team to correlate the requirements of the Regulations with the preparation of the proposal. These are quite meticulous activities impossible to do by one person.&nbsp;<\/p>\n\n\n\n<p><strong><em>2.2\/ Main idea: first, the city gets the status of historical monument and then applies for UNESCO listing.&nbsp;&nbsp;<\/em><\/strong><\/p>\n\n\n\n<p>The TEAM study should define the city as unique:<\/p>\n\n\n\n<p>* has the highest number of monuments in Poland per population [A].&nbsp;<\/p>\n\n\n\n<p>* and per square kilometer [B].&nbsp;<\/p>\n\n\n\n<p>* L\u0119dzianie: the city and land of Przemy\u015bl according to many historians is the indigenous defining Polish land, the source of the term Lachs. [C]<\/p>\n\n\n\n<p>In the context of the above three distinctions, it is a valuable document of the city's 1300-year history and the development of its original material culture. &nbsp;<\/p>\n\n\n\n<p>In my opinion, this definition highlights the fact that the city is itself a historical monument and deserves to be protected by all means of state and even international law with the UNESCO World Heritage List.<\/p>\n\n\n\n<p>Next, as I present in my article on Salon24.pl [link under the text] Przemy\u015bl has all styles of architecture: from Romanesque artifacts, through Kazimierz Wielki Castle, Lubomirski Palace, Renaissance market square, to modernist block of National Museum. In this sense, the list of all these monuments constitutes a \"book\", a manual entitled. \"What the city with the highest saturation of monuments in Poland looks like.\" [D].&nbsp;<\/p>\n\n\n\n<p>And the development of the previous educational requirement [E] very important. Within the boundaries of the 2nd ring of the Przemy\u015bl Fortress or nearby there are other high quality cultural-ecological objects: Krasiczyn - Renaissance palace, a history monument, Paclawska Calvary from the 17th century, applying for the status of history monument, Przemy\u015bl Foothills Landscape Park and Turnicki National Park in the project and a number of others.<\/p>\n\n\n\n<p>The whole constitutes a priceless huge area of unique ecological and cultural character. It can be described as the PRZEMY\u015aL SEGMENT as in the project of the Crimson Trail, or the PRZEMYSKO-L\u0118DZIA\u0143SKI SEGMENT OF PROTECTION.<\/p>\n\n\n\n<p><strong>3\/ Future plans vs. city risks in the 2050 perspective<\/strong><\/p>\n\n\n\n<p>Generalizing: while preparing stage I - the recognition of the city as a historical monument - one should think about stage II - applying to UNESCO. As a protection by Polish and international law of the city having an obvious value for Poland and being of universal value.&nbsp;<\/p>\n\n\n\n<p>At the same time, there should be constant updating and constant correlation in the Team's \"Study\" of the following variables:&nbsp;<\/p>\n\n\n\n<p>[a] Elimination of pollution as the current main threat, degrading the city and spoiling the image. Quality of life, quality of tourism should change more clearly.<\/p>\n\n\n\n<p>[b] Records and constant correspondence with forward-looking variables:<\/p>\n\n\n\n<p>- Via Carpathia route and running along it: Via Culturalia path - international cooperation of cultural documentation and exchange and Crimson Route tourist route, which will be fully operational in 2024<\/p>\n\n\n\n<p>- development and arrangements of the permanent congress Europe of the Carpathians: conferences, panels, programme documents, conventions<\/p>\n\n\n\n<p>- development of development strategies and planning of podkarpackie voivodeship<\/p>\n\n\n\n<p>- urban planning developments, e.g., rail hubs, buses, buses, bypasses, tourist traffic, and other variables.&nbsp;<\/p>\n\n\n\n<p>These studies should be placed in the context of pending changes in the City's demographics through 2050 and beyond. The city is declining in population. And it is a steady trend. Data from the prestigious journal \"Lancet\" in recent days says that by 2100 the entire population of Poland is likely to be in the range of 15-13 million people. Such a trend will be in the whole Europe, as well as in many other countries in the world.<\/p>\n\n\n\n<p><strong>&nbsp;Summary<\/strong><\/p>\n\n\n\n<p>These notes are drawn with a thick line and represent the main study directions. The author notes the fact that his ideas from 1995 turned out to be accurate. The world and Polish demographic tables show that the picture of the world, Europe and Poland will change significantly - and Przemysl may become more and more unique. Care for the city, for the quality of life, for the ecological order, for the green order around the city and nearby landscape parks, may prove decisive. The article abstracts, due to the assumed laconicness, from the fact that a large part of the planning documentation in the city is, as well as the application of the conservator of monuments from 1995 to recognize Przemysl as a monument of history. He provides an update on the idea of UNESCO listing, as he sees it in August 2020, and proposes linking it to evolving international, national, and provincial programs. As well as with demographic projections for 2050 and 2100. And finally, a rhetorical question, but not without some practicality in the media age: wouldn't it be good to set up a website under the name \"Przemy\u015bl historical monument in design\"? This could result in an easier flow of experts and specialists in the subject by making the assumptions and documentation to date available on the Internet.&nbsp;&nbsp;&nbsp;&nbsp; &nbsp;<\/p>\n\n\n\n<p>UNESCO Regulations, link: &nbsp;<a href=\"https:\/\/www.unesco.pl\/kultura\/dziedzictwo-kulturowe\/swiatowe-dziedzictwo\/procedura-wpisu\/\">https:\/\/www.unesco.pl\/kultura\/dziedzictwo-kulturowe\/swiatowe-dziedzictwo\/procedura-wpisu\/<\/a><\/p>\n\n\n\n<p>UNESCO Operational Guidelines. Annex 5, link: &nbsp;<a href=\"https:\/\/www.unesco.pl\/fileadmin\/user_upload\/pdf\/Konwencje__deklaracje_raporty\/Wytyczne_Opereracyjne_do_realizacji_Konwencji_Swiatowego_Dziedzictwa_UNESCO_-_2012_1_.pdf\">https:\/\/www.unesco.pl\/fileadmin\/user_upload\/pdf\/Konwencje__deklaracje_raporty\/Wytyczne_Opereracyjne_do_realizacji_Konwencji_Swiatowego_Dziedzictwa_UNESCO_-_2012_1_.pdf<\/a><\/p>\n\n\n\n<p>UNESCO World Heritage List, link: <a href=\"https:\/\/whc.unesco.org\/en\/list\/\">https:\/\/whc.unesco.org\/en\/list\/<\/a><\/p>\n\n\n\n<p>Link with popular articles but useful for planning: <a href=\"https:\/\/www.miasto2077.pl\/\">https:\/\/www.miasto2077.pl\/<\/a><\/p>\n\n\n\n<p>Demography Przemy\u015bl: Table 21 demographic projection to 2050 : 42,690, link:<\/p>\n\n\n\n<p><a href=\"https:\/\/bip.przemysl.pl\/download\/attachment\/69496\/raport-o-stanie-miasta-przemysla-2017.pdf\">https:\/\/bip.przemysl.pl\/download\/attachment\/69496\/raport-o-stanie-miasta-przemysla-2017.pdf<\/a><\/p>\n\n\n\n<p>Officially According to the Central Statistical Office (CSO) as of December 31&nbsp;<strong>2019 Przemysl<\/strong>&nbsp;had a population of 60,689.<\/p>\n\n\n\n<p><em>Link: L\u0119dzianieanie<\/em>&nbsp; <a href=\"https:\/\/pl.wikipedia.org\/wiki\/L%C4%99dzianie\">https:\/\/pl.wikipedia.org\/wiki\/L%C4%99dzianie<\/a><\/p>\n\n\n\n<p>The idea of the Przemy\u015bl as a classroom, link: <a href=\"https:\/\/www.salon24.pl\/u\/prognozy2030\/989883,przemysl-jako-klasa-lekcyjna-i-londyn-jako-miejski-park-narodowy\">https:\/\/www.salon24.pl\/u\/prognozy2030\/989883,przemysl-jako-klasa-lekcyjna-i-londyn-jako-miejski-park-narodowy<\/a><\/p>","protected":false},"excerpt":{"rendered":"<p>The text is an update of the idea of inscribing the entire city of Przemysl on the UNESCO World Heritage List from 1995 to today. Andrzej Mazur History of the idea 1995 During my holiday stay in Przemysl, the then director of the Department of Culture of the Przemy\u015bl Provincial Office Renata Nowakowska, having learned that I was an expert of the Polish National Committee of UNESCO MaB Programme, asked if I would write something about [...]<\/p>","protected":false},"author":21,"featured_media":19570,"comment_status":"open","ping_status":"open","sticky":false,"template":"","format":"standard","meta":{"ngg_post_thumbnail":0,"footnotes":""},"categories":[177],"tags":[],"class_list":["post-19567","post","type-post","status-publish","format-standard","has-post-thumbnail","hentry","category-europa-karpat-dyskusja"],"yoast_head":"<!-- This site is optimized with the Yoast SEO plugin v24.7 - https:\/\/yoast.com\/wordpress\/plugins\/seo\/ -->\n<title>Czy miasto o najwi\u0119kszym zag\u0119szczeniu zabytk\u00f3w zas\u0142uguje na list\u0119 UNESCO? Przemy\u015bl &#8211; Marek Kuchci\u0144ski<\/title>\n<meta name=\"robots\" content=\"index, follow, max-snippet:-1, max-image-preview:large, max-video-preview:-1\" \/>\n<link rel=\"canonical\" href=\"https:\/\/marekkuchcinski.pl\/en\/europa-karpat\/europa-karpat-dyskusja\/czy-miasto-o-najwiekszym-zageszczeniu-zabytkow-zasluguje-na-liste-unesco-przemysl\/\" \/>\n<meta property=\"og:locale\" content=\"en_GB\" \/>\n<meta property=\"og:type\" content=\"article\" \/>\n<meta property=\"og:title\" content=\"Czy miasto o najwi\u0119kszym zag\u0119szczeniu zabytk\u00f3w zas\u0142uguje na list\u0119 UNESCO? Przemy\u015bl &#8211; Marek Kuchci\u0144ski\" \/>\n<meta property=\"og:description\" content=\"Tekst jest aktualizacj\u0105 idei wpisania ca\u0142ego miasta Przemy\u015bla na List\u0119 \u015awiatowego Dziedzictwa UNESCO od 1995 do dzisiaj. Andrzej Mazur Historia idei&nbsp; 1995 Podczas mojego wakacyjnego pobytu w Przemy\u015blu \u00f3wczesna dyrektor Wydzia\u0142u Kultury Urz\u0119du Wojew\u00f3dzkiego w Przemy\u015blu Renata Nowakowska dowiedziawszy si\u0119, \u017ce jestem ekspertem Polskiego Narodowego Komitetu UNESCO MaB Programme zapyta\u0142a, czy nie napisa\u0142bym czego\u015b o [&hellip;]\" \/>\n<meta property=\"og:url\" content=\"https:\/\/marekkuchcinski.pl\/en\/europa-karpat\/europa-karpat-dyskusja\/czy-miasto-o-najwiekszym-zageszczeniu-zabytkow-zasluguje-na-liste-unesco-przemysl\/\" \/>\n<meta property=\"og:site_name\" content=\"Marek Kuchci\u0144ski\" \/>\n<meta property=\"article:published_time\" content=\"2020-08-13T18:57:22+00:00\" \/>\n<meta property=\"article:modified_time\" content=\"2020-08-14T19:29:36+00:00\" \/>\n<meta property=\"og:image\" content=\"https:\/\/marekkuchcinski.pl\/wp-content\/uploads\/2020\/08\/2015_Przemy\u015bl_Zamek_Kazimierzowski_02.jpg\" \/>\n\t<meta property=\"og:image:width\" content=\"1200\" \/>\n\t<meta property=\"og:image:height\" content=\"800\" \/>\n\t<meta property=\"og:image:type\" content=\"image\/jpeg\" \/>\n<meta name=\"author\" content=\"Marta Olejnik\" \/>\n<meta name=\"twitter:card\" content=\"summary_large_image\" \/>\n<meta name=\"twitter:label1\" content=\"Written by\" \/>\n\t<meta name=\"twitter:data1\" content=\"Marta Olejnik\" \/>\n\t<meta name=\"twitter:label2\" content=\"Estimated reading time\" \/>\n\t<meta name=\"twitter:data2\" content=\"6 minutes\" \/>\n<script type=\"application\/ld+json\" class=\"yoast-schema-graph\">{\"@context\":\"https:\/\/schema.org\",\"@graph\":[{\"@type\":\"Article\",\"@id\":\"https:\/\/marekkuchcinski.pl\/sk\/europa-karpat\/europa-karpat-dyskusja\/czy-miasto-o-najwiekszym-zageszczeniu-zabytkow-zasluguje-na-liste-unesco-przemysl\/#article\",\"isPartOf\":{\"@id\":\"https:\/\/marekkuchcinski.pl\/sk\/europa-karpat\/europa-karpat-dyskusja\/czy-miasto-o-najwiekszym-zageszczeniu-zabytkow-zasluguje-na-liste-unesco-przemysl\/\"},\"author\":{\"name\":\"Marta Olejnik\",\"@id\":\"https:\/\/marekkuchcinski.pl\/#\/schema\/person\/51d5d4ee3b5317b8e4dd2b48af359229\"},\"headline\":\"Czy miasto o najwi\u0119kszym zag\u0119szczeniu zabytk\u00f3w zas\u0142uguje na list\u0119 UNESCO? Przemy\u015bl\",\"datePublished\":\"2020-08-13T18:57:22+00:00\",\"dateModified\":\"2020-08-14T19:29:36+00:00\",\"mainEntityOfPage\":{\"@id\":\"https:\/\/marekkuchcinski.pl\/sk\/europa-karpat\/europa-karpat-dyskusja\/czy-miasto-o-najwiekszym-zageszczeniu-zabytkow-zasluguje-na-liste-unesco-przemysl\/\"},\"wordCount\":1236,\"commentCount\":0,\"publisher\":{\"@id\":\"https:\/\/marekkuchcinski.pl\/#organization\"},\"image\":{\"@id\":\"https:\/\/marekkuchcinski.pl\/sk\/europa-karpat\/europa-karpat-dyskusja\/czy-miasto-o-najwiekszym-zageszczeniu-zabytkow-zasluguje-na-liste-unesco-przemysl\/#primaryimage\"},\"thumbnailUrl\":\"https:\/\/marekkuchcinski.pl\/wp-content\/uploads\/2020\/08\/2015_Przemy\u015bl_Zamek_Kazimierzowski_02.jpg\",\"articleSection\":[\"Europa Karpat \u2013 dyskusja\"],\"inLanguage\":\"en-GB\",\"potentialAction\":[{\"@type\":\"CommentAction\",\"name\":\"Comment\",\"target\":[\"https:\/\/marekkuchcinski.pl\/sk\/europa-karpat\/europa-karpat-dyskusja\/czy-miasto-o-najwiekszym-zageszczeniu-zabytkow-zasluguje-na-liste-unesco-przemysl\/#respond\"]}]},{\"@type\":\"WebPage\",\"@id\":\"https:\/\/marekkuchcinski.pl\/sk\/europa-karpat\/europa-karpat-dyskusja\/czy-miasto-o-najwiekszym-zageszczeniu-zabytkow-zasluguje-na-liste-unesco-przemysl\/\",\"url\":\"https:\/\/marekkuchcinski.pl\/sk\/europa-karpat\/europa-karpat-dyskusja\/czy-miasto-o-najwiekszym-zageszczeniu-zabytkow-zasluguje-na-liste-unesco-przemysl\/\",\"name\":\"Czy miasto o najwi\u0119kszym zag\u0119szczeniu zabytk\u00f3w zas\u0142uguje na list\u0119 UNESCO? Przemy\u015bl &#8211; Marek Kuchci\u0144ski\",\"isPartOf\":{\"@id\":\"https:\/\/marekkuchcinski.pl\/#website\"},\"primaryImageOfPage\":{\"@id\":\"https:\/\/marekkuchcinski.pl\/sk\/europa-karpat\/europa-karpat-dyskusja\/czy-miasto-o-najwiekszym-zageszczeniu-zabytkow-zasluguje-na-liste-unesco-przemysl\/#primaryimage\"},\"image\":{\"@id\":\"https:\/\/marekkuchcinski.pl\/sk\/europa-karpat\/europa-karpat-dyskusja\/czy-miasto-o-najwiekszym-zageszczeniu-zabytkow-zasluguje-na-liste-unesco-przemysl\/#primaryimage\"},\"thumbnailUrl\":\"https:\/\/marekkuchcinski.pl\/wp-content\/uploads\/2020\/08\/2015_Przemy\u015bl_Zamek_Kazimierzowski_02.jpg\",\"datePublished\":\"2020-08-13T18:57:22+00:00\",\"dateModified\":\"2020-08-14T19:29:36+00:00\",\"breadcrumb\":{\"@id\":\"https:\/\/marekkuchcinski.pl\/sk\/europa-karpat\/europa-karpat-dyskusja\/czy-miasto-o-najwiekszym-zageszczeniu-zabytkow-zasluguje-na-liste-unesco-przemysl\/#breadcrumb\"},\"inLanguage\":\"en-GB\",\"potentialAction\":[{\"@type\":\"ReadAction\",\"target\":[\"https:\/\/marekkuchcinski.pl\/sk\/europa-karpat\/europa-karpat-dyskusja\/czy-miasto-o-najwiekszym-zageszczeniu-zabytkow-zasluguje-na-liste-unesco-przemysl\/\"]}]},{\"@type\":\"ImageObject\",\"inLanguage\":\"en-GB\",\"@id\":\"https:\/\/marekkuchcinski.pl\/sk\/europa-karpat\/europa-karpat-dyskusja\/czy-miasto-o-najwiekszym-zageszczeniu-zabytkow-zasluguje-na-liste-unesco-przemysl\/#primaryimage\",\"url\":\"https:\/\/marekkuchcinski.pl\/wp-content\/uploads\/2020\/08\/2015_Przemy\u015bl_Zamek_Kazimierzowski_02.jpg\",\"contentUrl\":\"https:\/\/marekkuchcinski.pl\/wp-content\/uploads\/2020\/08\/2015_Przemy\u015bl_Zamek_Kazimierzowski_02.jpg\",\"width\":1200,\"height\":800},{\"@type\":\"BreadcrumbList\",\"@id\":\"https:\/\/marekkuchcinski.pl\/sk\/europa-karpat\/europa-karpat-dyskusja\/czy-miasto-o-najwiekszym-zageszczeniu-zabytkow-zasluguje-na-liste-unesco-przemysl\/#breadcrumb\",\"itemListElement\":[{\"@type\":\"ListItem\",\"position\":1,\"name\":\"Strona g\u0142\u00f3wna\",\"item\":\"https:\/\/marekkuchcinski.pl\/\"},{\"@type\":\"ListItem\",\"position\":2,\"name\":\"Czy miasto o najwi\u0119kszym zag\u0119szczeniu zabytk\u00f3w zas\u0142uguje na list\u0119 UNESCO? Przemy\u015bl\"}]},{\"@type\":\"WebSite\",\"@id\":\"https:\/\/marekkuchcinski.pl\/#website\",\"url\":\"https:\/\/marekkuchcinski.pl\/\",\"name\":\"Marek Kuchci\u0144ski\",\"description\":\"Pose\u0142 na sejm RP &ndash; okr\u0119g nr 22\",\"publisher\":{\"@id\":\"https:\/\/marekkuchcinski.pl\/#organization\"},\"potentialAction\":[{\"@type\":\"SearchAction\",\"target\":{\"@type\":\"EntryPoint\",\"urlTemplate\":\"https:\/\/marekkuchcinski.pl\/?s={search_term_string}\"},\"query-input\":{\"@type\":\"PropertyValueSpecification\",\"valueRequired\":true,\"valueName\":\"search_term_string\"}}],\"inLanguage\":\"en-GB\"},{\"@type\":\"Organization\",\"@id\":\"https:\/\/marekkuchcinski.pl\/#organization\",\"name\":\"Marek Kuchci\u0144ski\",\"url\":\"https:\/\/marekkuchcinski.pl\/\",\"logo\":{\"@type\":\"ImageObject\",\"inLanguage\":\"en-GB\",\"@id\":\"https:\/\/marekkuchcinski.pl\/#\/schema\/logo\/image\/\",\"url\":\"https:\/\/marekkuchcinski.pl\/wp-content\/uploads\/2022\/09\/Marek.jpg\",\"contentUrl\":\"https:\/\/marekkuchcinski.pl\/wp-content\/uploads\/2022\/09\/Marek.jpg\",\"width\":1600,\"height\":971,\"caption\":\"Marek Kuchci\u0144ski\"},\"image\":{\"@id\":\"https:\/\/marekkuchcinski.pl\/#\/schema\/logo\/image\/\"}},{\"@type\":\"Person\",\"@id\":\"https:\/\/marekkuchcinski.pl\/#\/schema\/person\/51d5d4ee3b5317b8e4dd2b48af359229\",\"name\":\"Marta Olejnik\",\"image\":{\"@type\":\"ImageObject\",\"inLanguage\":\"en-GB\",\"@id\":\"https:\/\/marekkuchcinski.pl\/#\/schema\/person\/image\/\",\"url\":\"https:\/\/secure.gravatar.com\/avatar\/e39914b2aa6a48959e24d475b5dc9793?s=96&d=mm&r=g\",\"contentUrl\":\"https:\/\/secure.gravatar.com\/avatar\/e39914b2aa6a48959e24d475b5dc9793?s=96&d=mm&r=g\",\"caption\":\"Marta Olejnik\"},\"url\":\"https:\/\/marekkuchcinski.pl\/en\/author\/marta\/\"}]}<\/script>\n<!-- \/ Yoast SEO plugin. -->","yoast_head_json":{"title":"Czy miasto o najwi\u0119kszym zag\u0119szczeniu zabytk\u00f3w zas\u0142uguje na list\u0119 UNESCO? Przemy\u015bl &#8211; Marek Kuchci\u0144ski","robots":{"index":"index","follow":"follow","max-snippet":"max-snippet:-1","max-image-preview":"max-image-preview:large","max-video-preview":"max-video-preview:-1"},"canonical":"https:\/\/marekkuchcinski.pl\/en\/europa-karpat\/europa-karpat-dyskusja\/czy-miasto-o-najwiekszym-zageszczeniu-zabytkow-zasluguje-na-liste-unesco-przemysl\/","og_locale":"en_GB","og_type":"article","og_title":"Czy miasto o najwi\u0119kszym zag\u0119szczeniu zabytk\u00f3w zas\u0142uguje na list\u0119 UNESCO? Przemy\u015bl &#8211; Marek Kuchci\u0144ski","og_description":"Tekst jest aktualizacj\u0105 idei wpisania ca\u0142ego miasta Przemy\u015bla na List\u0119 \u015awiatowego Dziedzictwa UNESCO od 1995 do dzisiaj. Andrzej Mazur Historia idei&nbsp; 1995 Podczas mojego wakacyjnego pobytu w Przemy\u015blu \u00f3wczesna dyrektor Wydzia\u0142u Kultury Urz\u0119du Wojew\u00f3dzkiego w Przemy\u015blu Renata Nowakowska dowiedziawszy si\u0119, \u017ce jestem ekspertem Polskiego Narodowego Komitetu UNESCO MaB Programme zapyta\u0142a, czy nie napisa\u0142bym czego\u015b o [&hellip;]","og_url":"https:\/\/marekkuchcinski.pl\/en\/europa-karpat\/europa-karpat-dyskusja\/czy-miasto-o-najwiekszym-zageszczeniu-zabytkow-zasluguje-na-liste-unesco-przemysl\/","og_site_name":"Marek Kuchci\u0144ski","article_published_time":"2020-08-13T18:57:22+00:00","article_modified_time":"2020-08-14T19:29:36+00:00","og_image":[{"width":1200,"height":800,"url":"https:\/\/marekkuchcinski.pl\/wp-content\/uploads\/2020\/08\/2015_Przemy\u015bl_Zamek_Kazimierzowski_02.jpg","type":"image\/jpeg"}],"author":"Marta Olejnik","twitter_card":"summary_large_image","twitter_misc":{"Written by":"Marta Olejnik","Estimated reading time":"6 minutes"},"schema":{"@context":"https:\/\/schema.org","@graph":[{"@type":"Article","@id":"https:\/\/marekkuchcinski.pl\/sk\/europa-karpat\/europa-karpat-dyskusja\/czy-miasto-o-najwiekszym-zageszczeniu-zabytkow-zasluguje-na-liste-unesco-przemysl\/#article","isPartOf":{"@id":"https:\/\/marekkuchcinski.pl\/sk\/europa-karpat\/europa-karpat-dyskusja\/czy-miasto-o-najwiekszym-zageszczeniu-zabytkow-zasluguje-na-liste-unesco-przemysl\/"},"author":{"name":"Marta Olejnik","@id":"https:\/\/marekkuchcinski.pl\/#\/schema\/person\/51d5d4ee3b5317b8e4dd2b48af359229"},"headline":"Czy miasto o najwi\u0119kszym zag\u0119szczeniu zabytk\u00f3w zas\u0142uguje na list\u0119 UNESCO? Przemy\u015bl","datePublished":"2020-08-13T18:57:22+00:00","dateModified":"2020-08-14T19:29:36+00:00","mainEntityOfPage":{"@id":"https:\/\/marekkuchcinski.pl\/sk\/europa-karpat\/europa-karpat-dyskusja\/czy-miasto-o-najwiekszym-zageszczeniu-zabytkow-zasluguje-na-liste-unesco-przemysl\/"},"wordCount":1236,"commentCount":0,"publisher":{"@id":"https:\/\/marekkuchcinski.pl\/#organization"},"image":{"@id":"https:\/\/marekkuchcinski.pl\/sk\/europa-karpat\/europa-karpat-dyskusja\/czy-miasto-o-najwiekszym-zageszczeniu-zabytkow-zasluguje-na-liste-unesco-przemysl\/#primaryimage"},"thumbnailUrl":"https:\/\/marekkuchcinski.pl\/wp-content\/uploads\/2020\/08\/2015_Przemy\u015bl_Zamek_Kazimierzowski_02.jpg","articleSection":["Europa Karpat \u2013 dyskusja"],"inLanguage":"en-GB","potentialAction":[{"@type":"CommentAction","name":"Comment","target":["https:\/\/marekkuchcinski.pl\/sk\/europa-karpat\/europa-karpat-dyskusja\/czy-miasto-o-najwiekszym-zageszczeniu-zabytkow-zasluguje-na-liste-unesco-przemysl\/#respond"]}]},{"@type":"WebPage","@id":"https:\/\/marekkuchcinski.pl\/sk\/europa-karpat\/europa-karpat-dyskusja\/czy-miasto-o-najwiekszym-zageszczeniu-zabytkow-zasluguje-na-liste-unesco-przemysl\/","url":"https:\/\/marekkuchcinski.pl\/sk\/europa-karpat\/europa-karpat-dyskusja\/czy-miasto-o-najwiekszym-zageszczeniu-zabytkow-zasluguje-na-liste-unesco-przemysl\/","name":"Czy miasto o najwi\u0119kszym zag\u0119szczeniu zabytk\u00f3w zas\u0142uguje na list\u0119 UNESCO? Przemy\u015bl &#8211; Marek Kuchci\u0144ski","isPartOf":{"@id":"https:\/\/marekkuchcinski.pl\/#website"},"primaryImageOfPage":{"@id":"https:\/\/marekkuchcinski.pl\/sk\/europa-karpat\/europa-karpat-dyskusja\/czy-miasto-o-najwiekszym-zageszczeniu-zabytkow-zasluguje-na-liste-unesco-przemysl\/#primaryimage"},"image":{"@id":"https:\/\/marekkuchcinski.pl\/sk\/europa-karpat\/europa-karpat-dyskusja\/czy-miasto-o-najwiekszym-zageszczeniu-zabytkow-zasluguje-na-liste-unesco-przemysl\/#primaryimage"},"thumbnailUrl":"https:\/\/marekkuchcinski.pl\/wp-content\/uploads\/2020\/08\/2015_Przemy\u015bl_Zamek_Kazimierzowski_02.jpg","datePublished":"2020-08-13T18:57:22+00:00","dateModified":"2020-08-14T19:29:36+00:00","breadcrumb":{"@id":"https:\/\/marekkuchcinski.pl\/sk\/europa-karpat\/europa-karpat-dyskusja\/czy-miasto-o-najwiekszym-zageszczeniu-zabytkow-zasluguje-na-liste-unesco-przemysl\/#breadcrumb"},"inLanguage":"en-GB","potentialAction":[{"@type":"ReadAction","target":["https:\/\/marekkuchcinski.pl\/sk\/europa-karpat\/europa-karpat-dyskusja\/czy-miasto-o-najwiekszym-zageszczeniu-zabytkow-zasluguje-na-liste-unesco-przemysl\/"]}]},{"@type":"ImageObject","inLanguage":"en-GB","@id":"https:\/\/marekkuchcinski.pl\/sk\/europa-karpat\/europa-karpat-dyskusja\/czy-miasto-o-najwiekszym-zageszczeniu-zabytkow-zasluguje-na-liste-unesco-przemysl\/#primaryimage","url":"https:\/\/marekkuchcinski.pl\/wp-content\/uploads\/2020\/08\/2015_Przemy\u015bl_Zamek_Kazimierzowski_02.jpg","contentUrl":"https:\/\/marekkuchcinski.pl\/wp-content\/uploads\/2020\/08\/2015_Przemy\u015bl_Zamek_Kazimierzowski_02.jpg","width":1200,"height":800},{"@type":"BreadcrumbList","@id":"https:\/\/marekkuchcinski.pl\/sk\/europa-karpat\/europa-karpat-dyskusja\/czy-miasto-o-najwiekszym-zageszczeniu-zabytkow-zasluguje-na-liste-unesco-przemysl\/#breadcrumb","itemListElement":[{"@type":"ListItem","position":1,"name":"Strona g\u0142\u00f3wna","item":"https:\/\/marekkuchcinski.pl\/"},{"@type":"ListItem","position":2,"name":"Czy miasto o najwi\u0119kszym zag\u0119szczeniu zabytk\u00f3w zas\u0142uguje na list\u0119 UNESCO? Przemy\u015bl"}]},{"@type":"WebSite","@id":"https:\/\/marekkuchcinski.pl\/#website","url":"https:\/\/marekkuchcinski.pl\/","name":"Marek Kuchci\u0144ski","description":"Pose\u0142 na sejm RP &ndash; okr\u0119g nr 22","publisher":{"@id":"https:\/\/marekkuchcinski.pl\/#organization"},"potentialAction":[{"@type":"SearchAction","target":{"@type":"EntryPoint","urlTemplate":"https:\/\/marekkuchcinski.pl\/?s={search_term_string}"},"query-input":{"@type":"PropertyValueSpecification","valueRequired":true,"valueName":"search_term_string"}}],"inLanguage":"en-GB"},{"@type":"Organization","@id":"https:\/\/marekkuchcinski.pl\/#organization","name":"Marek Kuchci\u0144ski","url":"https:\/\/marekkuchcinski.pl\/","logo":{"@type":"ImageObject","inLanguage":"en-GB","@id":"https:\/\/marekkuchcinski.pl\/#\/schema\/logo\/image\/","url":"https:\/\/marekkuchcinski.pl\/wp-content\/uploads\/2022\/09\/Marek.jpg","contentUrl":"https:\/\/marekkuchcinski.pl\/wp-content\/uploads\/2022\/09\/Marek.jpg","width":1600,"height":971,"caption":"Marek Kuchci\u0144ski"},"image":{"@id":"https:\/\/marekkuchcinski.pl\/#\/schema\/logo\/image\/"}},{"@type":"Person","@id":"https:\/\/marekkuchcinski.pl\/#\/schema\/person\/51d5d4ee3b5317b8e4dd2b48af359229","name":"Marta Olejnik","image":{"@type":"ImageObject","inLanguage":"en-GB","@id":"https:\/\/marekkuchcinski.pl\/#\/schema\/person\/image\/","url":"https:\/\/secure.gravatar.com\/avatar\/e39914b2aa6a48959e24d475b5dc9793?s=96&d=mm&r=g","contentUrl":"https:\/\/secure.gravatar.com\/avatar\/e39914b2aa6a48959e24d475b5dc9793?s=96&d=mm&r=g","caption":"Marta Olejnik"},"url":"https:\/\/marekkuchcinski.pl\/en\/author\/marta\/"}]}},"_links":{"self":[{"href":"https:\/\/marekkuchcinski.pl\/en\/wp-json\/wp\/v2\/posts\/19567","targetHints":{"allow":["GET"]}}],"collection":[{"href":"https:\/\/marekkuchcinski.pl\/en\/wp-json\/wp\/v2\/posts"}],"about":[{"href":"https:\/\/marekkuchcinski.pl\/en\/wp-json\/wp\/v2\/types\/post"}],"author":[{"embeddable":true,"href":"https:\/\/marekkuchcinski.pl\/en\/wp-json\/wp\/v2\/users\/21"}],"replies":[{"embeddable":true,"href":"https:\/\/marekkuchcinski.pl\/en\/wp-json\/wp\/v2\/comments?post=19567"}],"version-history":[{"count":3,"href":"https:\/\/marekkuchcinski.pl\/en\/wp-json\/wp\/v2\/posts\/19567\/revisions"}],"predecessor-version":[{"id":19573,"href":"https:\/\/marekkuchcinski.pl\/en\/wp-json\/wp\/v2\/posts\/19567\/revisions\/19573"}],"wp:featuredmedia":[{"embeddable":true,"href":"https:\/\/marekkuchcinski.pl\/en\/wp-json\/wp\/v2\/media\/19570"}],"wp:attachment":[{"href":"https:\/\/marekkuchcinski.pl\/en\/wp-json\/wp\/v2\/media?parent=19567"}],"wp:term":[{"taxonomy":"category","embeddable":true,"href":"https:\/\/marekkuchcinski.pl\/en\/wp-json\/wp\/v2\/categories?post=19567"},{"taxonomy":"post_tag","embeddable":true,"href":"https:\/\/marekkuchcinski.pl\/en\/wp-json\/wp\/v2\/tags?post=19567"}],"curies":[{"name":"wp","href":"https:\/\/api.w.org\/{rel}","templated":true}]}}