{"id":19435,"date":"2020-07-29T21:11:40","date_gmt":"2020-07-29T19:11:40","guid":{"rendered":"https:\/\/marekkuchcinski.pl\/?p=19435"},"modified":"2020-07-29T21:11:42","modified_gmt":"2020-07-29T19:11:42","slug":"biografie","status":"publish","type":"post","link":"https:\/\/marekkuchcinski.pl\/en\/biografia\/romana\/biografie\/","title":{"rendered":"BIOGRAPHIES"},"content":{"rendered":"<p>Marek Kuchci\u0144ski s-a n\u0103scut pe 9 august 1955 \u00een Przemy\u015bl. A absolvit I Liceu Teoretic \"J. S\u0142owacki\" din Przemy\u015bl. \u00centre anii 1974-1978 a studiat istoria artei la Universitatea Catolic\u0103 din Lublin. \u00cen 1978 a absolvit \u0218coala Postliceal\u0103 de Horticultur\u0103. \u00cen anii '80 a organizat \u00een Przemy\u015bl o comunitate de cultur\u0103 independent\u0103 \u00een afara cenzurii, a publicat \u0219i coredactat trimestrialul \"Strych Kulturalny\". A activat \u00een mi\u0219carea \u021b\u0103r\u0103neasc\u0103 independent\u0103 - a fost membru al Comitetului Na\u021bional de Rezisten\u021b\u0103 a Agricultorilor \u0219i autorul unor articole pentru revista acestui comitet intitulat\u0103 \"Solidarno\u015b\u0107 Rolnik\u00f3w\". Din 1982 face parte din Activitatea Pastoral\u0103 a Agricultorilor din Krasiczyn (prima din Polonia), organizaz\u0103 (\u00eempreun\u0103 cu pr. Stanislaw Bartmi\u0144ski) ajutorul alimentar pentru muncitorii din Silezia. \u00cen anii 1983-1989, ac\u021bion\u00e2nd de asemenea \u00een afara cenzurii, a fost coorganizator al Zilelor Culturii Cre\u0219tine \u00een Przemy\u015bl \u0219i al expozi\u021biilor interna\u021bionale de art\u0103 \"Om - Dumnezeu - Lume\". Pentru activitatea sa opozi\u021bionist\u0103 a fost arestat \u00een 1985. A fost \u00eenchis \u00een Penitenciarele din Jaros\u0142aw \u0219i Przemy\u015bl.<\/p>\n\n\n\n<p>\u00cen 1989 a fost cofondator \u0219i purt\u0103tor de cuv\u00e2nt al Comitetului Cet\u0103\u021benesc \"Solidaritatea\" din voievodatul Przemy\u015bl. \u00cen anii 1990-1992 a fost membru al Comitetului Na\u021bional Cet\u0103\u021benesc \"Solidaritatea\" cu Lech Wa\u0142\u0119sa. A fost fondatorul \u0219i pre\u0219edintele partidului Porozumienia Centrum (1990-1999) \u00een voievodatul Przemy\u015bl. \u00centre anii 1990-2000 a ocupat func\u021bia de Pre\u0219edinte al Societ\u0103\u021bii Culturale din Przemy\u015bl, editor al trimestrialului \"Spojrzenia Przemyskie\". Vicepre\u0219edinte al filialei din Rzesz\u00f3w a Asocia\u021biei Jurnali\u0219tilor Polonezi. A prezidat consiliul de programe a Radioului Polonez Rzesz\u00f3w \u0219i a fost corespondent al Radioului Polonez \u00een Lvov. \u00centre anii 1994-1999 consilier al ora\u0219ului Przemy\u015bl.<\/p>\n\n\n\n<p>Din 1999 p\u00e2n\u0103 \u00een 2001 a \u00eendeplinit func\u021bia de subprefect al voievodatului podkarpackie.  Ne\u00eentrerupt din 2001 este deputat \u00een Seim, \u00eendeplinindu-\u0219i mandatele ca deputat din partea partidului Lege \u0219i Justi\u021bie. Pe 4 august 2010 a devenit vicemare\u0219al al Seimului legislaturii a VI-a, iar pe 8 noiembrie 2011 - a fost ales vicemare\u0219al al Seimului legislaturii a VII-a. A prezidat comisiile parlamentare: Comisia Administra\u021biei \u0219i Afacerilor Interne \u0219i Comisia de Protec\u021bie a Mediului, Resurselor Naturale \u0219i Silviculturii. A fost vicepre\u0219edinte al Delega\u021biei Parlamentare la Adunarea Parlamentar\u0103 a Republicii Polone \u0219i Ucrainei \u0219i membru al Grupului Parlamentar polono-ungar. &nbsp;<\/p>\n\n\n\n<p>Din 2010 este ini\u021biatorul unui ciclu de \u00eent\u00e2lniri - conferin\u021be ale \u021b\u0103rilor carpatice sub sloganul \"Europa Carpa\u021bilor\", al c\u0103ror obiective sunt consolidarea cooper\u0103rii \u00een toate domeniile de activitate public\u0103 \u0219i construirea unei re\u021bele interna\u021bionale de parlamentari care ac\u021bioneaz\u0103 pentru dezvoltarea durabil\u0103 a zonei carpatice. \u00cen perioada cuprins\u0103 \u00eentre 12 noiembrie 2015 \u0219i 09 august 2019 a \u00eendeplinit func\u021bia de vicemare\u0219al al Seimului legislaturii a VIII-a.<\/p>\n\n\n\n<p>A fost ales deputat al Seimului legislaturii a IX-a. \u00cen prezent Vicepre\u0219edinte al Comisiei de Leg\u0103tur\u0103 cu Polonezii din Diaspora \u0219i membru al Comisiei de Protec\u021bie a Mediului, Pre\u0219edinte al Echipei Parlamentare Carpatice \u0219i al Echipei de Salvamont. Este reprezentantul delega\u021biei Seimului \u0219i Senatului Poloniei la Dimensiunea Guvernamental\u0103 a Ini\u021biativei Central Europene. De la 12 februarie 2020 este pre\u0219edintele Grupului Parlamentar polono-ungar, participant activ al grupurilor: polono-slovac, polono-rom\u00e2n \u0219i polono-ceh.<\/p>\n\n\n\n<p><strong>\u00cen plus: I-a fost acordat premiul Radioului \u0219i Televiziunii Poloneze din Rzesz\u00f3w <\/strong><strong>\u0219i premiul Institu\u021biei Prefectului din Przemy\u015bl<\/strong><strong>\u015bl pentru realization<\/strong><strong>\u0103rile din domeniul culturii. A ob\u021binut premiul <\/strong><strong>\"Nowiny\" la categoria Omul politic al anului 2003. Este c\u0103s\u0103torit, are trei copii.<\/strong><\/p>\n\n\n\n<p><strong>MAI IMPORTANTE DISTINC\u021aII<\/strong><strong><\/strong><\/p>\n\n\n\n<ul class=\"wp-block-list\"><li><strong>Ordinul \"Pentru Merit\" pentru Ucraina (anul 2010) <\/strong>- pentru importanta contribu\u021bie personal\u0103 la dezvoltarea rela\u021biilor polono-ucrainene \u0219i consolidarea autorit\u0103\u021bii Ucrainei \u00een lume.<\/li><li><strong>Crucea pentru Libertate \u0219i Solidaritate (anul 2016) <\/strong>- pentru activitatea sa de opozi\u021bionist \u00eempotriva dictaturii comuniste din perioada Republicii Populare Polone.<\/li><li><strong>Marea Cruce a Ordinului Ungar (anul 2018) <\/strong>- ca recunoa\u0219tere a meritelor sale deosebite la construirea rela\u021biilor politice \u0219i sociale ungaro-polone.<\/li><li><strong>Ordinul \"Pentru Merit\" pentru Lituania (anul 2019) <\/strong>- pentru contribu\u021bia la dezvoltarea rela\u021biilor \u00eentre Lituania \u0219i Polonia, \u00eembun\u0103t\u0103\u021birea cooper\u0103rii politice, economice \u0219i sociale \u00eentre cele dou\u0103 \u021b\u0103ri.<\/li><\/ul>\n\n\n\n<p><strong>BIBLIOGRAPHIES<\/strong><strong><\/strong><\/p>\n\n\n\n<p><strong>Contextul social-istoric al bibliografiei<\/strong><\/p>\n\n\n\n<ul class=\"wp-block-list\"><li>David Selbourne, <em>Solidarity on the Hustings, <\/em>The Independent Magazine 03.06.1989<\/li><li>Wojciechowski Aleksander, <em>A Time of Sadness, a Time of Hope. Independent Art of the Eighties<\/em>, Artistic and Film Publishing House, Var\u0219ovia 1992<\/li><li>Najder Zdzislaw, <em>What Poland. What and whom I advised<\/em>, Editions Spotkania, Cracovia 1992<\/li><li><em>Repressions against the countryside and the peasant movement (1956-1989)<\/em>Vol. 2, eds. Janusz Gmitruk, Zbigniew Nawrocki, Museum of the History of the Polish People's Movement, Var\u0219ovia 2004<\/li><\/ul>\n\n\n\n<ul class=\"wp-block-list\"><li>Iwaneczko Dariusz, <em>Social resistance and the authorities in south-eastern Poland 1980-1989<\/em>Institute of National Remembrance, Var\u0219ovia 2005<\/li><li>Karnowski Micha\u0142, Zaremba Piotr, <em>About two of them. The Kaczynski brothers' alphabet<\/em>, M Publishing House, Cracovia 2006<\/li><li><em>Forum of the Regions<\/em>Muszyna 11-12 September 2008, elaborated by Bogumi\u0142 Luft, Ministry of Regional Development, Var\u0219ovia 2008. Bogumi\u0142 Luft, Ministry of Regional Development, Var\u0219ovia 2008<\/li><li>Pr. Stanislaw Bartminski, INTROIBO AD ALTARE DEI, the history of the ministry of altar boys at the Cathedral of Przemysl from 1946 to 2008, Przemysl, 2008<\/li><li>Kozlowski Piotr, <em>100 Years of Henryk Sienkiewicz Primary School No. 1 in Przemy\u015bl 1908-2008<\/em>, Henryk Sienkiewicz Primary School No. 1, Przemy\u015bl 2008<\/li><\/ul>\n\n\n\n<ul class=\"wp-block-list\"><li>Borowiec Janusz,<em> Election '89 in south-eastern Poland in the documents of SB<\/em>Institute of National Remembrance, Var\u0219ovia-Rzesz\u00f3w 2009<\/li><li>Sopel Tadeusz, <em>Independent peasant movement \"Solidarity\" in south-eastern Poland in 1980-1989: documents, memories, reflections<\/em>, South-Eastern Scientific Institute, Przemy\u015bl 2000<\/li><li><em>Encyclopedia of Solidarity. Opposition in the People's Republic of Poland 1976-1989<\/em>Vol. 1, ed. by Miros\u0142awa \u0141\u0105tkowska, Institute of National Remembrance, Var\u0219ovia 2010<\/li><li><em>NSZZ Solidarno\u015b\u0107 1980-1989<\/em>, t. 5: <em>Central and Eastern Poland<\/em>, edited by \u0141ukasz Kami\u0144ski, Grzegorz Walig\u00f3ra, Institute of National Remembrance, Var\u0219ovia 2010<\/li><li><em>Solidarity of Individual Farmers 1980-1989<\/em>, edited by Andrzej W. Kaczorowski, Kasa Nadziei Foundation, Var\u0219ovia 2010<\/li><li><em>Martial Law. A look after twenty years<\/em>, Agnieszka Adamiak, Office of Public Education, Institute of National Remembrance Branch in Rzesz\u00f3w, Rzesz\u00f3w 2000<\/li><li>Zaremba Piotr, <em>About One Such... Jaroslaw Kaczynski's Biography<\/em>, Red and Black Publishing House, Var\u0219ovia 2010<\/li><li><em>The 1989 parliamentary elections in southeastern Poland<\/em>, edited by Ma\u0142gorzata Gliwa Mariusz Krzysztofi\u0144ski, Institute of National Remembrance, Rzesz\u00f3w 2011<\/li><li>Kaczynski Jaroslaw, <em>Poland of our dreams<\/em>, Drukarnia Akapit, Lublin 2011<\/li><li>Kaczynski Lech, <em>Remembrance and Commitment<\/em>Law and Justice, Var\u0219ovia 2011<\/li><li>Krzymowski Michal, Dzier\u017canowski Marcin, <em>Smolensk, death record<\/em>, The Facto, Var\u0219ovia 2011<\/li><li><em>The State Higher School of Eastern Europe in Przemy\u015bl 2001-2011<\/em>, elaborated. Zdzis\u0142aw Budzy\u0144ski, Jan Draus, The State Higher School of Eastern Europe in Przemy\u015bl, Przemy\u015bl 2011<\/li><li><em>Generation '80: The Independent Work of Young People in 1980-89<\/em>. Exhibition and Catalogue, National Museum in Krak\u00f3w, ed. Tadeusz Boruta, IPN Cracovia 2010-2011<\/li><li><em>Encyclopedia of Solidarity. Opposition in the People's Republic of Poland 1976-1989<\/em>Vol. 2, ed. Grzegorz Walig\u00f3ra, Institute of National Remembrance, Var\u0219ovia 2012<\/li><li><em>Generation '80: Political protest? Artistic contestation? Independent youth art of 1980-1989.<\/em>Tadeusz Boruta, Institute of National Remembrance, Rzesz\u00f3w 2012<\/li><li><em>Polish Consulate in Lviv 1987-2012<\/em>, edited by Marcin Zieniewicz, General Consulate of the Republic of Poland in Lviv, Test Publishing House, \"Oprawa\" Printing House Ltd. in Lviv, Lviv-\u0141\u00f3d\u017a 2012<\/li><li>Anthony Dudek, <em>Political history of Poland 1989-2012<\/em>, Spo\u0142eczny Instytut Wydawniczy Znak, Cracovia 2013<\/li><li>Kaczynski Jaroslaw, <em>Agreement against monopower. From the history of PC<\/em>, Zysk &amp; S-ka Publishers 2016<\/li><li><em>Non omnis moriar. Archbishop Ignacy Tokarczuk in his memoirs<\/em>, edited by Mariusz Krzysztofi\u0144ski, Institute of National Remembrance, Rzesz\u00f3w 2016<\/li><li>Szczerski Krzysztof, <em>European Utopia. The crisis of integration and the Polish initiative of recovery<\/em>, White Raven, Cracovia 2017<\/li><li><em>Memorial Book for the 100th Anniversary of the Birth of the late Archbishop Ignacy Tokarczuk<\/em>, edited by Jerzy F. Adamski, Adriana Paszkowska, Zygmunt \u015aliwa, \"LIBRA\", Rzesz\u00f3w 2018<\/li><li>Justyna Stasiek-Harabin, Portrait Gallery of the Marshals of the Sejm of the Second Republic of Poland, <em>Artist and art<\/em>, no. 29, 2019<\/li><li>Justyna Stasiek-Harabin, <em>Gallery of sculptures of marshals of the First Republic of Poland<\/em>, Artist and Art, no. 30, p. 42, 2019<\/li><li><em>Parliamentary Diplomacy in Central and Eastern Europe 2015-2019<\/em>, edited by Beata Surmacz, Aleksandra Kuczy\u0144ska-Zonik, Institute of Central Europe, Lublin 2019<\/li><li><em>Concept of Carpathian Europe, Przemy\u015bl\/Krasiczyn 21-22 February 2020<\/em>, National Museum of Przemysl Land, Przemysl 2020<\/li><\/ul>\n\n\n\n<p><strong>Reviste<\/strong><\/p>\n\n\n\n<ul class=\"wp-block-list\"><li>\"Biuletyn Wyborczy. Pismo Komitetu Obywatelskiego Solidarno\u015b\u0107 w Przemy\u015bl\", 1989<\/li><li>\"Busola - an independent social magazine\", 1985-1989<\/li><li>\"Catholic Role,\" 1987-1989<\/li><li>\"Samorz\u0105dny Przemy\u015bl. Bulletin of the Przemysl Citizens' Committee\", 1989-1990<\/li><li>\"San\", 1990-1991<\/li><li>\"Views of Przemysl\", 1989-1993<\/li><li>\"The Cultural Attic,\" 1988-1996<\/li><li>\"Political Notebooks of Law and Justice,\" 2012-2014<\/li><\/ul>\n\n\n\n<p><strong>Publica\u021bii<\/strong><\/p>\n\n\n\n<ul class=\"wp-block-list\"><li>Kuchcinski Marek, <em>First: win the election<\/em>Election Bulletin, \"Pismo Komitetu Obywatelskich Solidarno\u015b\u0107 w Przemy\u015blu\", 1989<\/li><li>Kuchcinski Marek, <em>Civic mobilization<\/em>, \"Przemy\u015bl Views\", 1990<\/li><li>Kuchcinski Marek, <em>We haven't finished the job yet<\/em>Przemy\u015bl Views, 1991<\/li><li>Kuchcinski Marek, <em>To rule or to serve?<\/em>Przemy\u015bl Views, 1993<\/li><li>Kuchcinski Marek, <em>Let's not look towards Moscow<\/em>Cultural Attic, 1996<\/li><li>Kurylak J\u00f3zef, Karasek Krzysztof, Musia\u0142 Jan, Kuchci\u0144ski Marek, Zazula. Art and Politics, \"Strych Kulturalny\", 1996<\/li><li>Kuchcinski Marek, <em>Nationality Policy. From the perspective of 7 years - paper presented during the Polish-German self-government conference Przemy\u015bl-Paderborn<\/em>, Przemysl 1996<\/li><li>Kuchcinski Marek, <em>Russian provocations?<\/em>, \"New Journal. New York,\" June 7, 1997<\/li><li>Kuchcinski Marek, <em>Report on cross-border cooperation in 1990-1998. A concept for development<\/em>, Przemy\u015bl 1997<\/li><li>Kuchcinski Marek, <em>Local Democracy. Program on building civil society in Polish-Ukrainian cross-border cooperation<\/em>, DEM LOK, Przemy\u015bl 1997<\/li><li>Kuchcinski Marek, <em>Cultural and Natural Heritage. Program on the protection and management of cultural assets of outstanding historic and natural values<\/em>, Przemysl 1998<\/li><li>Kuchcinski Marek, <em>Nature conservation in the Podkarpacie region<\/em>, \"Podkarpackie Almanac\", 2000<\/li><li>Marek Kuchcinski, <em>Regional development policy and its impact on Polish development in the EU [\u00een:] Economic Convention. Agriculture, rural areas, environmental protection, regional policy. Programme theses<\/em>,, PIS Var\u0219ovia, 12 decembrie 2004<\/li><li>Kuchcinski Marek, <em>Against the pathologies of bureaucracy, civil service and state human resources in the projects of Law and Justice<\/em>, \"Rzeczpospolita\", 2006, no. 143<\/li><li>Kuchci\u0144ski Marek, Szczerski Krzysztof, <em>Europe of the Carpathians<\/em>, \"Rzeczpospolita\", 2011, no. 207<\/li><li>Kuchcinski Marek, <em>Occasional letter from the Speaker of the Polish Sejm on the occasion of the Thanksgiving celebrations in Liche\u0144 (September 10, 2016)<\/em>, \"Ephemerides Marianorum. Historical and Theological Studies\" 2017, r. 6<\/li><li>Kuchcinski Marek,<em> Ugyanazok\u00e9rt az \u00e9rt\u00e9kek\u00e9rt, a szabadsag\u00e9rt harcoltunk<\/em>, [in:] A szabad K\u00f6z\u00e9p-Europa multja \u00e9s j\u00f6voje, METEM (Magyar Egyhazt\u00f6rt\u00e9neti Enciklop\u00e9dia Munkak\u00f6z\u00f6ss\u00e9g), Budapesta 2017<\/li><li>Kuchcinski Marek, <em>Polishness is democracy and freedom<\/em>, \"Networks\", 2 iulie 2018<\/li><li>Kuchcinski Marek, <em>550th Anniversary of the Parliamentarism of the Republic of Poland<\/em>, \"They Speak of the Ages\", 2018, no. 1<\/li><li>Kuchcinski Marek, <em>To differ, respecting<\/em>, \"The Sunday Visitor\", 2018<\/li><li>Kuchcinski Marek, discurs din 10 februarie 2019, \"Kronika Sejmowa\", februarie 2019, no. 77<\/li><li>Kuchcinski Marek, <em>Without the Union of Lublin there would be no European Union<\/em>, Seymour Chronicle, dead 2019, no. 78<\/li><li>Kuchcinski Marek, <em>They say I'm too liberal, <\/em>interviu \u00een: \"Sieci\", 15-22 aprilie 2019, no. 15<\/li><li>Marek Kuchci\u0144ski, prefa\u021b\u0103 \u00een<em>:<\/em> <em>The Cultural Attic - reprint, <\/em>National Museum of Przemysl, Przemysl 2019<\/li><\/ul>\n\n\n\n<p><strong>Selec\u021bie de publica\u021bii ale Editurii Seimului din anii 2016-2019, inclusiv prefa\u021ba sau articole ale mare\u0219alului Seimului Marek Kuchci\u0144ski<\/strong><\/p>\n\n\n\n<ul class=\"wp-block-list\"><li><em>Christianity in the History of Poland and Poles 966-2016<\/em>, Var\u0219ovia 2016 (2nd ed. 2018)<\/li><li><em>Christianity in the History of Poland and the Poles 966-2016<\/em>, Var\u0219ovia 2016 (2nd ed. 2018)<\/li><li>Waldemar Paruch, <em>Europe of the Carpathians<\/em>, Var\u0219ovia 2016<\/li><li>Kondracka Mariola,<em> Women deputies and senators of the Second Polish Republic<\/em>, Var\u0219ovia 2017<\/li><li>Luksa Catherine, <em>Gabriela Balicka (1867-1962). Political, social, scientific, and educational activities<\/em>, Var\u0219ovia 2017<\/li><li><em>Carpathian Europe. The subject of cooperation<\/em>, Var\u0219ovia 2017<\/li><li><em>Europe of the Carpathians. Cooperation<\/em>, Var\u0219ovia 2017<\/li><li><em>Polish Presidency of the Visegrad Group (1 July 2016 - 30 June 2017),<\/em> Var\u0219ovia 2017<\/li><li><em>Polish presidency of the Visegrad Group (July 2016 - June 2017)<\/em>, Var\u0219ovia 2017<\/li><li><em>A visegr\u00e1di egy\u00fcttm\u0171k\u00f6d\u00e9s lengyel eln\u00f6ks\u00e9ge (2016 j\u00falius - 2017 j\u00fanius)<\/em>, Var\u0219ovia 2017<\/li><li><em>Polsk\u00e9 p\u0159edsednictv\u00ed visegr\u00e1dsk\u00e9 skupiny (\u010dervenec 2016 - \u010derven 2017)<\/em>, Var\u0219ovia 2017<\/li><li><em>Po\u013esk\u00e9 predsedn\u00edctvo vo vy\u0161ehradskej skupine (j\u00fal 2016 - j\u00fan 2017)<\/em>, Var\u0219ovia 2017<\/li><li><em>A visit to Lithuania by the Speaker of the Sejm of the Republic of Poland Marek Kuchcinski on the occasion of the 630th anniversary of the Baptism of Lithuania: 26 September 2017<\/em>, Var\u0219ovia 2017<\/li><li><em>The Solidarity Constitution<\/em>, Var\u0219ovia 2018<\/li><li><em>Sejm Chronicle<\/em>, Var\u0219ovia 2015-2019<\/li><li><em>City of Valor. Przemysl on the 100th Anniversary of Regaining Independence<\/em>, Var\u0219ovia - Przemy\u015bl 2018<\/li><li><em>Carpathian Europe. Heritage and Future<\/em>, Var\u0219ovia 2018<\/li><li><em>Europe of the Carpathians. Heritage and future<\/em>, Var\u0219ovia 2018<\/li><li>Draus Jan, Szymanowski Maciej, <em>Living torches<\/em>, Var\u0219ovia 2018<\/li><li>Draus Jan, Szymanowski Maciej, <em>Living torches<\/em>, Var\u0219ovia 2018<\/li><li>Kupisz Dariusz, <em>From Piotrk\u00f3w to Warsaw. 550th Anniversary of the Polish Bicameral Sejm<\/em>, Var\u0219ovia 2018<\/li><li>Wierzbicka Bo\u017cena, <em>Seym buildings and interiors in Poland<\/em>, Var\u0219ovia 2018<\/li><li><em>Carpathian Europe: the stuff of cooperation, <\/em>2nd ed., Var\u0219ovia 2019<\/li><li>Godek Slawomir, <em>On the Rebirth of the Commonwealth. The Rebirth of the Commonwealth<\/em>, Var\u0219ovia 2018<\/li><li>Kornat Marek, Uruszczak W., <em>550 years of parliamentarism in the Republic of Poland<\/em>, Var\u0219ovia 2019<\/li><li>Kornat Marek, Uruszczak W., <em>550 Years of Polish Parliamentarism<\/em>, Var\u0219ovia 2019<\/li><li><em>Marshals of the Sejm of the Second Republic of Poland<\/em>, Var\u0219ovia 2019<\/li><li>Tusinski Peter A., <em>Legislative Sejm of the Republic of Poland 1919-1922<\/em>, Var\u0219ovia 2019<\/li><li><em>Carpathian Europe Conference, Krasiczyn Castle February 16-17, 2019<\/em>, Var\u0219ovia 2019<\/li><li><em>The 4th Summit of the Presidents of the Parliaments of Central and Eastern Europe. #EUROWAW 2019<\/em>, Var\u0219ovia 2019<\/li><li><em>Unbroken. To the memory of Archbishop Ignacy Tokarczuk on the 100th anniversary of his birthday<\/em>, edited by Jan Musia\u0142, Var\u0219ovia 2019<\/li><li><em>Before the Berlin Wall fell. Hungary, Czechoslovakia and Poland towards refugees from communist GDR in 1989<\/em>., edited by Jan Draus, Maciej Szymanowski, Var\u0219ovia 2019<\/li><\/ul>\n\n\n\n<p><strong>Despre familia lui Marek Kuchci\u0144ski<\/strong><\/p>\n\n\n\n<ul class=\"wp-block-list\"><li>Janicki Jerzy, <em>Veterans Society. Lvov Alphabet 2<\/em>, BGW, Var\u0219ovia 1994<\/li><li>Judycka Agata, Judycki Zbigniew, <em>Poles in France. History and Today. Proceedings of the 8th International Symposium on Polish Biographical Studies<\/em>, Stella-Plage, Vaudricourt, CAN, Vaudricourt-Var\u0219ovia-Kielce 2004<\/li><li>Judycki Zbigniew Andrzej,&nbsp;<em>Polish Clergy in the World. Biographical dictionary,<\/em> T. I, Jozef Siwek Editorial Biographical Guide, Kielce 2008<\/li><li><em>Golden Jubilee of Priesthood of Father Mieczyslaw Kuchcinski OMI<\/em>, Stella-Plage, Vaudricourt 2006<\/li><li>Judycka Agata, Judycki Zbigniew, <em>Polish Oblates in France, Belgium and Luxembourg. 60 Years of the Polish Vice-Province of the Congregation of the Missionary Oblates of Mary Immaculate in France, Belgium and Luxembourg<\/em>S-CAN Publishing, Vaudricourt-Var\u0219ovia-Tarn\u00f3w 2006<\/li><li>Milewski Marian Michal, Black. <em>Memories of the Warsaw Uprising<\/em>, [lucrare dactilografiat\u0103].<\/li><li>Pielorz J\u00f3zef OMI, <em>Polish Oblates in Western Europe 1905-2010. A History of the Pastoral Work of the Oblates of Mary Immaculate in Germany, France, Belgium, Holland, Luxembourg and Great Britain<\/em>, Adam Mickiewicz University. Faculty of Theology, Pozna\u0144 2012<\/li><\/ul>","protected":false},"excerpt":{"rendered":"<p>Marek Kuchcinski s-a n\u0103scut pe 9 august 1955 \u00een Przemy\u015bl. A absolvit I Liceu Teoretic \"J. S\u0142owacki\" din Przemy\u015bl. \u00centre anii 1974-1978 a studiat istoria artei la Universitatea Catolic\u0103 din Lublin. \u00cen 1978 a absolvit \u0218coala Postliceal\u0103 de Horticultur\u0103. \u00cen anii '80 a organizat \u00een Przemy\u015bl o comunitate de cultur\u0103 independent\u0103 \u00een afara cenzurii, a [...]<\/p>","protected":false},"author":17,"featured_media":0,"comment_status":"open","ping_status":"open","sticky":false,"template":"","format":"standard","meta":{"ngg_post_thumbnail":0,"footnotes":""},"categories":[178],"tags":[],"class_list":["post-19435","post","type-post","status-publish","format-standard","hentry","category-romana"],"yoast_head":"<!-- This site is optimized with the Yoast SEO plugin v24.7 - https:\/\/yoast.com\/wordpress\/plugins\/seo\/ -->\n<title>BIOGRAFIE &#8211; Marek Kuchci\u0144ski<\/title>\n<meta name=\"robots\" content=\"index, follow, max-snippet:-1, max-image-preview:large, max-video-preview:-1\" \/>\n<link rel=\"canonical\" href=\"https:\/\/marekkuchcinski.pl\/en\/biografia\/romana\/biografie\/\" \/>\n<meta property=\"og:locale\" content=\"en_GB\" \/>\n<meta property=\"og:type\" content=\"article\" \/>\n<meta property=\"og:title\" content=\"BIOGRAFIE &#8211; Marek Kuchci\u0144ski\" \/>\n<meta property=\"og:description\" content=\"Marek Kuchci\u0144ski s-a n\u0103scut pe 9 august 1955 \u00een Przemy\u015bl. A absolvit I Liceu Teoretic \u201eJ. S\u0142owacki\u201d din Przemy\u015bl. \u00centre anii 1974-1978 a studiat istoria artei la Universitatea Catolic\u0103 din Lublin. \u00cen &nbsp;1978 a absolvit \u0218coala Postliceal\u0103 de Horticultur\u0103. \u00cen anii \u201980 a organizat \u00een Przemy\u015bl o comunitate de cultur\u0103 independent\u0103 \u00een afara cenzurii, a [&hellip;]\" \/>\n<meta property=\"og:url\" content=\"https:\/\/marekkuchcinski.pl\/en\/biografia\/romana\/biografie\/\" \/>\n<meta property=\"og:site_name\" content=\"Marek Kuchci\u0144ski\" \/>\n<meta property=\"article:published_time\" content=\"2020-07-29T19:11:40+00:00\" \/>\n<meta property=\"article:modified_time\" content=\"2020-07-29T19:11:42+00:00\" \/>\n<meta property=\"og:image\" content=\"https:\/\/marekkuchcinski.pl\/wp-content\/uploads\/2022\/09\/Marek.jpg\" \/>\n\t<meta property=\"og:image:width\" content=\"1600\" \/>\n\t<meta property=\"og:image:height\" content=\"971\" \/>\n\t<meta property=\"og:image:type\" content=\"image\/jpeg\" \/>\n<meta name=\"author\" content=\"Tomasz \u0141acina\" \/>\n<meta name=\"twitter:card\" content=\"summary_large_image\" \/>\n<meta name=\"twitter:label1\" content=\"Written by\" \/>\n\t<meta name=\"twitter:data1\" content=\"Tomasz \u0141acina\" \/>\n\t<meta name=\"twitter:label2\" content=\"Estimated reading time\" \/>\n\t<meta name=\"twitter:data2\" content=\"11 minutes\" \/>\n<script type=\"application\/ld+json\" class=\"yoast-schema-graph\">{\"@context\":\"https:\/\/schema.org\",\"@graph\":[{\"@type\":\"Article\",\"@id\":\"https:\/\/marekkuchcinski.pl\/biografia\/romana\/biografie\/#article\",\"isPartOf\":{\"@id\":\"https:\/\/marekkuchcinski.pl\/biografia\/romana\/biografie\/\"},\"author\":{\"name\":\"Tomasz \u0141acina\",\"@id\":\"https:\/\/marekkuchcinski.pl\/#\/schema\/person\/b8a29fe7813098f7be78801d029910a7\"},\"headline\":\"BIOGRAFIE\",\"datePublished\":\"2020-07-29T19:11:40+00:00\",\"dateModified\":\"2020-07-29T19:11:42+00:00\",\"mainEntityOfPage\":{\"@id\":\"https:\/\/marekkuchcinski.pl\/biografia\/romana\/biografie\/\"},\"wordCount\":2269,\"commentCount\":0,\"publisher\":{\"@id\":\"https:\/\/marekkuchcinski.pl\/#organization\"},\"articleSection\":[\"Rom\u00e2n\u0103\"],\"inLanguage\":\"en-GB\",\"potentialAction\":[{\"@type\":\"CommentAction\",\"name\":\"Comment\",\"target\":[\"https:\/\/marekkuchcinski.pl\/biografia\/romana\/biografie\/#respond\"]}]},{\"@type\":\"WebPage\",\"@id\":\"https:\/\/marekkuchcinski.pl\/biografia\/romana\/biografie\/\",\"url\":\"https:\/\/marekkuchcinski.pl\/biografia\/romana\/biografie\/\",\"name\":\"BIOGRAFIE &#8211; Marek Kuchci\u0144ski\",\"isPartOf\":{\"@id\":\"https:\/\/marekkuchcinski.pl\/#website\"},\"datePublished\":\"2020-07-29T19:11:40+00:00\",\"dateModified\":\"2020-07-29T19:11:42+00:00\",\"breadcrumb\":{\"@id\":\"https:\/\/marekkuchcinski.pl\/biografia\/romana\/biografie\/#breadcrumb\"},\"inLanguage\":\"en-GB\",\"potentialAction\":[{\"@type\":\"ReadAction\",\"target\":[\"https:\/\/marekkuchcinski.pl\/biografia\/romana\/biografie\/\"]}]},{\"@type\":\"BreadcrumbList\",\"@id\":\"https:\/\/marekkuchcinski.pl\/biografia\/romana\/biografie\/#breadcrumb\",\"itemListElement\":[{\"@type\":\"ListItem\",\"position\":1,\"name\":\"Strona g\u0142\u00f3wna\",\"item\":\"https:\/\/marekkuchcinski.pl\/\"},{\"@type\":\"ListItem\",\"position\":2,\"name\":\"BIOGRAFIE\"}]},{\"@type\":\"WebSite\",\"@id\":\"https:\/\/marekkuchcinski.pl\/#website\",\"url\":\"https:\/\/marekkuchcinski.pl\/\",\"name\":\"Marek Kuchci\u0144ski\",\"description\":\"Pose\u0142 na sejm RP &ndash; okr\u0119g nr 22\",\"publisher\":{\"@id\":\"https:\/\/marekkuchcinski.pl\/#organization\"},\"potentialAction\":[{\"@type\":\"SearchAction\",\"target\":{\"@type\":\"EntryPoint\",\"urlTemplate\":\"https:\/\/marekkuchcinski.pl\/?s={search_term_string}\"},\"query-input\":{\"@type\":\"PropertyValueSpecification\",\"valueRequired\":true,\"valueName\":\"search_term_string\"}}],\"inLanguage\":\"en-GB\"},{\"@type\":\"Organization\",\"@id\":\"https:\/\/marekkuchcinski.pl\/#organization\",\"name\":\"Marek Kuchci\u0144ski\",\"url\":\"https:\/\/marekkuchcinski.pl\/\",\"logo\":{\"@type\":\"ImageObject\",\"inLanguage\":\"en-GB\",\"@id\":\"https:\/\/marekkuchcinski.pl\/#\/schema\/logo\/image\/\",\"url\":\"https:\/\/marekkuchcinski.pl\/wp-content\/uploads\/2022\/09\/Marek.jpg\",\"contentUrl\":\"https:\/\/marekkuchcinski.pl\/wp-content\/uploads\/2022\/09\/Marek.jpg\",\"width\":1600,\"height\":971,\"caption\":\"Marek Kuchci\u0144ski\"},\"image\":{\"@id\":\"https:\/\/marekkuchcinski.pl\/#\/schema\/logo\/image\/\"}},{\"@type\":\"Person\",\"@id\":\"https:\/\/marekkuchcinski.pl\/#\/schema\/person\/b8a29fe7813098f7be78801d029910a7\",\"name\":\"Tomasz \u0141acina\",\"image\":{\"@type\":\"ImageObject\",\"inLanguage\":\"en-GB\",\"@id\":\"https:\/\/marekkuchcinski.pl\/#\/schema\/person\/image\/\",\"url\":\"https:\/\/secure.gravatar.com\/avatar\/22e75f6c51aff77a676ed77dd222f852?s=96&d=mm&r=g\",\"contentUrl\":\"https:\/\/secure.gravatar.com\/avatar\/22e75f6c51aff77a676ed77dd222f852?s=96&d=mm&r=g\",\"caption\":\"Tomasz \u0141acina\"},\"url\":\"https:\/\/marekkuchcinski.pl\/en\/author\/tomek-lacina\/\"}]}<\/script>\n<!-- \/ Yoast SEO plugin. -->","yoast_head_json":{"title":"BIOGRAFIE &#8211; Marek Kuchci\u0144ski","robots":{"index":"index","follow":"follow","max-snippet":"max-snippet:-1","max-image-preview":"max-image-preview:large","max-video-preview":"max-video-preview:-1"},"canonical":"https:\/\/marekkuchcinski.pl\/en\/biografia\/romana\/biografie\/","og_locale":"en_GB","og_type":"article","og_title":"BIOGRAFIE &#8211; Marek Kuchci\u0144ski","og_description":"Marek Kuchci\u0144ski s-a n\u0103scut pe 9 august 1955 \u00een Przemy\u015bl. A absolvit I Liceu Teoretic \u201eJ. S\u0142owacki\u201d din Przemy\u015bl. \u00centre anii 1974-1978 a studiat istoria artei la Universitatea Catolic\u0103 din Lublin. \u00cen &nbsp;1978 a absolvit \u0218coala Postliceal\u0103 de Horticultur\u0103. \u00cen anii \u201980 a organizat \u00een Przemy\u015bl o comunitate de cultur\u0103 independent\u0103 \u00een afara cenzurii, a [&hellip;]","og_url":"https:\/\/marekkuchcinski.pl\/en\/biografia\/romana\/biografie\/","og_site_name":"Marek Kuchci\u0144ski","article_published_time":"2020-07-29T19:11:40+00:00","article_modified_time":"2020-07-29T19:11:42+00:00","og_image":[{"width":1600,"height":971,"url":"https:\/\/marekkuchcinski.pl\/wp-content\/uploads\/2022\/09\/Marek.jpg","type":"image\/jpeg"}],"author":"Tomasz \u0141acina","twitter_card":"summary_large_image","twitter_misc":{"Written by":"Tomasz \u0141acina","Estimated reading time":"11 minutes"},"schema":{"@context":"https:\/\/schema.org","@graph":[{"@type":"Article","@id":"https:\/\/marekkuchcinski.pl\/biografia\/romana\/biografie\/#article","isPartOf":{"@id":"https:\/\/marekkuchcinski.pl\/biografia\/romana\/biografie\/"},"author":{"name":"Tomasz \u0141acina","@id":"https:\/\/marekkuchcinski.pl\/#\/schema\/person\/b8a29fe7813098f7be78801d029910a7"},"headline":"BIOGRAFIE","datePublished":"2020-07-29T19:11:40+00:00","dateModified":"2020-07-29T19:11:42+00:00","mainEntityOfPage":{"@id":"https:\/\/marekkuchcinski.pl\/biografia\/romana\/biografie\/"},"wordCount":2269,"commentCount":0,"publisher":{"@id":"https:\/\/marekkuchcinski.pl\/#organization"},"articleSection":["Rom\u00e2n\u0103"],"inLanguage":"en-GB","potentialAction":[{"@type":"CommentAction","name":"Comment","target":["https:\/\/marekkuchcinski.pl\/biografia\/romana\/biografie\/#respond"]}]},{"@type":"WebPage","@id":"https:\/\/marekkuchcinski.pl\/biografia\/romana\/biografie\/","url":"https:\/\/marekkuchcinski.pl\/biografia\/romana\/biografie\/","name":"BIOGRAFIE &#8211; Marek Kuchci\u0144ski","isPartOf":{"@id":"https:\/\/marekkuchcinski.pl\/#website"},"datePublished":"2020-07-29T19:11:40+00:00","dateModified":"2020-07-29T19:11:42+00:00","breadcrumb":{"@id":"https:\/\/marekkuchcinski.pl\/biografia\/romana\/biografie\/#breadcrumb"},"inLanguage":"en-GB","potentialAction":[{"@type":"ReadAction","target":["https:\/\/marekkuchcinski.pl\/biografia\/romana\/biografie\/"]}]},{"@type":"BreadcrumbList","@id":"https:\/\/marekkuchcinski.pl\/biografia\/romana\/biografie\/#breadcrumb","itemListElement":[{"@type":"ListItem","position":1,"name":"Strona g\u0142\u00f3wna","item":"https:\/\/marekkuchcinski.pl\/"},{"@type":"ListItem","position":2,"name":"BIOGRAFIE"}]},{"@type":"WebSite","@id":"https:\/\/marekkuchcinski.pl\/#website","url":"https:\/\/marekkuchcinski.pl\/","name":"Marek Kuchci\u0144ski","description":"Pose\u0142 na sejm RP &ndash; okr\u0119g nr 22","publisher":{"@id":"https:\/\/marekkuchcinski.pl\/#organization"},"potentialAction":[{"@type":"SearchAction","target":{"@type":"EntryPoint","urlTemplate":"https:\/\/marekkuchcinski.pl\/?s={search_term_string}"},"query-input":{"@type":"PropertyValueSpecification","valueRequired":true,"valueName":"search_term_string"}}],"inLanguage":"en-GB"},{"@type":"Organization","@id":"https:\/\/marekkuchcinski.pl\/#organization","name":"Marek Kuchci\u0144ski","url":"https:\/\/marekkuchcinski.pl\/","logo":{"@type":"ImageObject","inLanguage":"en-GB","@id":"https:\/\/marekkuchcinski.pl\/#\/schema\/logo\/image\/","url":"https:\/\/marekkuchcinski.pl\/wp-content\/uploads\/2022\/09\/Marek.jpg","contentUrl":"https:\/\/marekkuchcinski.pl\/wp-content\/uploads\/2022\/09\/Marek.jpg","width":1600,"height":971,"caption":"Marek Kuchci\u0144ski"},"image":{"@id":"https:\/\/marekkuchcinski.pl\/#\/schema\/logo\/image\/"}},{"@type":"Person","@id":"https:\/\/marekkuchcinski.pl\/#\/schema\/person\/b8a29fe7813098f7be78801d029910a7","name":"Tomasz \u0141acina","image":{"@type":"ImageObject","inLanguage":"en-GB","@id":"https:\/\/marekkuchcinski.pl\/#\/schema\/person\/image\/","url":"https:\/\/secure.gravatar.com\/avatar\/22e75f6c51aff77a676ed77dd222f852?s=96&d=mm&r=g","contentUrl":"https:\/\/secure.gravatar.com\/avatar\/22e75f6c51aff77a676ed77dd222f852?s=96&d=mm&r=g","caption":"Tomasz \u0141acina"},"url":"https:\/\/marekkuchcinski.pl\/en\/author\/tomek-lacina\/"}]}},"_links":{"self":[{"href":"https:\/\/marekkuchcinski.pl\/en\/wp-json\/wp\/v2\/posts\/19435","targetHints":{"allow":["GET"]}}],"collection":[{"href":"https:\/\/marekkuchcinski.pl\/en\/wp-json\/wp\/v2\/posts"}],"about":[{"href":"https:\/\/marekkuchcinski.pl\/en\/wp-json\/wp\/v2\/types\/post"}],"author":[{"embeddable":true,"href":"https:\/\/marekkuchcinski.pl\/en\/wp-json\/wp\/v2\/users\/17"}],"replies":[{"embeddable":true,"href":"https:\/\/marekkuchcinski.pl\/en\/wp-json\/wp\/v2\/comments?post=19435"}],"version-history":[{"count":2,"href":"https:\/\/marekkuchcinski.pl\/en\/wp-json\/wp\/v2\/posts\/19435\/revisions"}],"predecessor-version":[{"id":19437,"href":"https:\/\/marekkuchcinski.pl\/en\/wp-json\/wp\/v2\/posts\/19435\/revisions\/19437"}],"wp:attachment":[{"href":"https:\/\/marekkuchcinski.pl\/en\/wp-json\/wp\/v2\/media?parent=19435"}],"wp:term":[{"taxonomy":"category","embeddable":true,"href":"https:\/\/marekkuchcinski.pl\/en\/wp-json\/wp\/v2\/categories?post=19435"},{"taxonomy":"post_tag","embeddable":true,"href":"https:\/\/marekkuchcinski.pl\/en\/wp-json\/wp\/v2\/tags?post=19435"}],"curies":[{"name":"wp","href":"https:\/\/api.w.org\/{rel}","templated":true}]}}