{"id":19363,"date":"2020-06-29T17:21:00","date_gmt":"2020-06-29T15:21:00","guid":{"rendered":"https:\/\/marek2.rkartist.pl\/?p=19363"},"modified":"2020-07-17T17:23:09","modified_gmt":"2020-07-17T15:23:09","slug":"prawie-9-mln-zl-trafi-do-poszkodowanych-w-wyniku-nawalnic-w-woj-podkarpackim","status":"publish","type":"post","link":"https:\/\/marekkuchcinski.pl\/en\/wydarzenia\/prawie-9-mln-zl-trafi-do-poszkodowanych-w-wyniku-nawalnic-w-woj-podkarpackim\/","title":{"rendered":"Nearly PLN 9 million will go to victims of the storms in Podkarpackie province"},"content":{"rendered":"<p>Almost PLN 9 million will go to the victims of the storms in Podkarpackie voivodeship. The allowance of up to PLN 6 thousand per family will be allocated to the most urgent needs.\u00a0<\/p>\n\n\n\n<p><\/p>\n\n\n\n<figure class=\"wp-block-image size-large\"><img fetchpriority=\"high\" decoding=\"async\" width=\"960\" height=\"720\" src=\"https:\/\/marekkuchcinski.pl\/wp-content\/uploads\/2020\/07\/wp2.jpg\" alt=\"\" class=\"wp-image-19364\" srcset=\"https:\/\/marekkuchcinski.pl\/wp-content\/uploads\/2020\/07\/wp2.jpg 960w, https:\/\/marekkuchcinski.pl\/wp-content\/uploads\/2020\/07\/wp2-300x225.jpg 300w, https:\/\/marekkuchcinski.pl\/wp-content\/uploads\/2020\/07\/wp2-768x576.jpg 768w\" sizes=\"(max-width: 960px) 100vw, 960px\" \/><\/figure>\n\n\n\n<figure class=\"wp-block-image size-large\"><img decoding=\"async\" width=\"960\" height=\"720\" src=\"https:\/\/marekkuchcinski.pl\/wp-content\/uploads\/2020\/07\/wpow.jpg\" alt=\"\" class=\"wp-image-19365\" srcset=\"https:\/\/marekkuchcinski.pl\/wp-content\/uploads\/2020\/07\/wpow.jpg 960w, https:\/\/marekkuchcinski.pl\/wp-content\/uploads\/2020\/07\/wpow-300x225.jpg 300w, https:\/\/marekkuchcinski.pl\/wp-content\/uploads\/2020\/07\/wpow-768x576.jpg 768w\" sizes=\"(max-width: 960px) 100vw, 960px\" \/><\/figure>\n\n\n\n<p>On the initiative of the Marshal Marek Kuchci\u0144ski, an aid campaign for the flood victims in the Dubiecko and Bircza municipalities was organized. Within two days, 4 tons of food and cleaning products were distributed to over 100 families. In Przeworski District, approximately 400 families received aid. Food and cleaning products worth approximately PLN 60 thousand were purchased. In the Jas\u0142o district, several dozen families have received assistance in the form of water and food.<\/p>\n\n\n\n<figure class=\"wp-block-image size-large\"><img decoding=\"async\" width=\"1024\" height=\"640\" src=\"https:\/\/marekkuchcinski.pl\/wp-content\/uploads\/2020\/07\/ter-1024x640.jpg\" alt=\"\" class=\"wp-image-19366\" srcset=\"https:\/\/marekkuchcinski.pl\/wp-content\/uploads\/2020\/07\/ter-1024x640.jpg 1024w, https:\/\/marekkuchcinski.pl\/wp-content\/uploads\/2020\/07\/ter-300x188.jpg 300w, https:\/\/marekkuchcinski.pl\/wp-content\/uploads\/2020\/07\/ter-768x480.jpg 768w, https:\/\/marekkuchcinski.pl\/wp-content\/uploads\/2020\/07\/ter-1536x960.jpg 1536w, https:\/\/marekkuchcinski.pl\/wp-content\/uploads\/2020\/07\/ter.jpg 1920w\" sizes=\"(max-width: 1024px) 100vw, 1024px\" \/><\/figure>\n\n\n\n<p>More than 330 soldiers from five battalions of the WOT light infantry from Rzeszow, Thanan, Debica, Jaroslaw and Sanok counties together with firefighters are removing the effects of storms that have been passing through Podkarpacie for several days.<\/p>","protected":false},"excerpt":{"rendered":"<p>Prawie 9 mln z\u0142 trafi do poszkodowanych w wyniku nawa\u0142nic w woj. podkarpackim. Zasi\u0142ek do 6 tys. z\u0142 na rodzin\u0119 zostanie przeznaczony na najpilniejsze potrzeby.\u00a0 Z inicjatywy marsza\u0142ka Marka Kuchci\u0144skiego zosta\u0142a zorganizowana akcja pomocowa dla poszkodowanych w wyniku powodzi w gminie Dubiecko i Bircza. W ci\u0105gu dw\u00f3ch dni 4 tony \u017cywno\u015bci i \u015brodk\u00f3w czysto\u015bci trafi\u0142o [&hellip;]<\/p>","protected":false},"author":17,"featured_media":19366,"comment_status":"open","ping_status":"open","sticky":false,"template":"","format":"standard","meta":{"ngg_post_thumbnail":0,"footnotes":""},"categories":[49,3],"tags":[],"class_list":["post-19363","post","type-post","status-publish","format-standard","has-post-thumbnail","hentry","category-podkarpacie","category-wydarzenia"],"yoast_head":"<!-- This site is optimized with the Yoast SEO plugin v24.7 - https:\/\/yoast.com\/wordpress\/plugins\/seo\/ -->\n<title>Prawie 9 mln z\u0142 trafi do poszkodowanych w wyniku nawa\u0142nic w woj. podkarpackim &#8211; Marek Kuchci\u0144ski<\/title>\n<meta name=\"robots\" content=\"index, follow, max-snippet:-1, max-image-preview:large, max-video-preview:-1\" \/>\n<link rel=\"canonical\" href=\"https:\/\/marekkuchcinski.pl\/en\/wydarzenia\/prawie-9-mln-zl-trafi-do-poszkodowanych-w-wyniku-nawalnic-w-woj-podkarpackim\/\" \/>\n<meta property=\"og:locale\" content=\"en_GB\" \/>\n<meta property=\"og:type\" content=\"article\" \/>\n<meta property=\"og:title\" content=\"Prawie 9 mln z\u0142 trafi do poszkodowanych w wyniku nawa\u0142nic w woj. podkarpackim &#8211; Marek Kuchci\u0144ski\" \/>\n<meta property=\"og:description\" content=\"Prawie 9 mln z\u0142 trafi do poszkodowanych w wyniku nawa\u0142nic w woj. podkarpackim. Zasi\u0142ek do 6 tys. z\u0142 na rodzin\u0119 zostanie przeznaczony na najpilniejsze potrzeby.\u00a0 Z inicjatywy marsza\u0142ka Marka Kuchci\u0144skiego zosta\u0142a zorganizowana akcja pomocowa dla poszkodowanych w wyniku powodzi w gminie Dubiecko i Bircza. W ci\u0105gu dw\u00f3ch dni 4 tony \u017cywno\u015bci i \u015brodk\u00f3w czysto\u015bci trafi\u0142o [&hellip;]\" \/>\n<meta property=\"og:url\" content=\"https:\/\/marekkuchcinski.pl\/en\/wydarzenia\/prawie-9-mln-zl-trafi-do-poszkodowanych-w-wyniku-nawalnic-w-woj-podkarpackim\/\" \/>\n<meta property=\"og:site_name\" content=\"Marek Kuchci\u0144ski\" \/>\n<meta property=\"article:published_time\" content=\"2020-06-29T15:21:00+00:00\" \/>\n<meta property=\"article:modified_time\" content=\"2020-07-17T15:23:09+00:00\" \/>\n<meta property=\"og:image\" content=\"https:\/\/marekkuchcinski.pl\/wp-content\/uploads\/2020\/07\/ter.jpg\" \/>\n\t<meta property=\"og:image:width\" content=\"1920\" \/>\n\t<meta property=\"og:image:height\" content=\"1200\" \/>\n\t<meta property=\"og:image:type\" content=\"image\/jpeg\" \/>\n<meta name=\"author\" content=\"Tomasz \u0141acina\" \/>\n<meta name=\"twitter:card\" content=\"summary_large_image\" \/>\n<meta name=\"twitter:label1\" content=\"Written by\" \/>\n\t<meta name=\"twitter:data1\" content=\"Tomasz \u0141acina\" \/>\n\t<meta name=\"twitter:label2\" content=\"Estimated reading time\" \/>\n\t<meta name=\"twitter:data2\" content=\"1 minute\" \/>\n<script type=\"application\/ld+json\" class=\"yoast-schema-graph\">{\"@context\":\"https:\/\/schema.org\",\"@graph\":[{\"@type\":\"Article\",\"@id\":\"https:\/\/marekkuchcinski.pl\/wydarzenia\/prawie-9-mln-zl-trafi-do-poszkodowanych-w-wyniku-nawalnic-w-woj-podkarpackim\/#article\",\"isPartOf\":{\"@id\":\"https:\/\/marekkuchcinski.pl\/wydarzenia\/prawie-9-mln-zl-trafi-do-poszkodowanych-w-wyniku-nawalnic-w-woj-podkarpackim\/\"},\"author\":{\"name\":\"Tomasz \u0141acina\",\"@id\":\"https:\/\/marekkuchcinski.pl\/#\/schema\/person\/b8a29fe7813098f7be78801d029910a7\"},\"headline\":\"Prawie 9 mln z\u0142 trafi do poszkodowanych w wyniku nawa\u0142nic w woj. podkarpackim\",\"datePublished\":\"2020-06-29T15:21:00+00:00\",\"dateModified\":\"2020-07-17T15:23:09+00:00\",\"mainEntityOfPage\":{\"@id\":\"https:\/\/marekkuchcinski.pl\/wydarzenia\/prawie-9-mln-zl-trafi-do-poszkodowanych-w-wyniku-nawalnic-w-woj-podkarpackim\/\"},\"wordCount\":151,\"commentCount\":0,\"publisher\":{\"@id\":\"https:\/\/marekkuchcinski.pl\/#organization\"},\"image\":{\"@id\":\"https:\/\/marekkuchcinski.pl\/wydarzenia\/prawie-9-mln-zl-trafi-do-poszkodowanych-w-wyniku-nawalnic-w-woj-podkarpackim\/#primaryimage\"},\"thumbnailUrl\":\"https:\/\/marekkuchcinski.pl\/wp-content\/uploads\/2020\/07\/ter.jpg\",\"articleSection\":[\"Podkarpacie\",\"Wydarzenia\"],\"inLanguage\":\"en-GB\",\"potentialAction\":[{\"@type\":\"CommentAction\",\"name\":\"Comment\",\"target\":[\"https:\/\/marekkuchcinski.pl\/wydarzenia\/prawie-9-mln-zl-trafi-do-poszkodowanych-w-wyniku-nawalnic-w-woj-podkarpackim\/#respond\"]}]},{\"@type\":\"WebPage\",\"@id\":\"https:\/\/marekkuchcinski.pl\/wydarzenia\/prawie-9-mln-zl-trafi-do-poszkodowanych-w-wyniku-nawalnic-w-woj-podkarpackim\/\",\"url\":\"https:\/\/marekkuchcinski.pl\/wydarzenia\/prawie-9-mln-zl-trafi-do-poszkodowanych-w-wyniku-nawalnic-w-woj-podkarpackim\/\",\"name\":\"Prawie 9 mln z\u0142 trafi do poszkodowanych w wyniku nawa\u0142nic w woj. podkarpackim &#8211; Marek Kuchci\u0144ski\",\"isPartOf\":{\"@id\":\"https:\/\/marekkuchcinski.pl\/#website\"},\"primaryImageOfPage\":{\"@id\":\"https:\/\/marekkuchcinski.pl\/wydarzenia\/prawie-9-mln-zl-trafi-do-poszkodowanych-w-wyniku-nawalnic-w-woj-podkarpackim\/#primaryimage\"},\"image\":{\"@id\":\"https:\/\/marekkuchcinski.pl\/wydarzenia\/prawie-9-mln-zl-trafi-do-poszkodowanych-w-wyniku-nawalnic-w-woj-podkarpackim\/#primaryimage\"},\"thumbnailUrl\":\"https:\/\/marekkuchcinski.pl\/wp-content\/uploads\/2020\/07\/ter.jpg\",\"datePublished\":\"2020-06-29T15:21:00+00:00\",\"dateModified\":\"2020-07-17T15:23:09+00:00\",\"breadcrumb\":{\"@id\":\"https:\/\/marekkuchcinski.pl\/wydarzenia\/prawie-9-mln-zl-trafi-do-poszkodowanych-w-wyniku-nawalnic-w-woj-podkarpackim\/#breadcrumb\"},\"inLanguage\":\"en-GB\",\"potentialAction\":[{\"@type\":\"ReadAction\",\"target\":[\"https:\/\/marekkuchcinski.pl\/wydarzenia\/prawie-9-mln-zl-trafi-do-poszkodowanych-w-wyniku-nawalnic-w-woj-podkarpackim\/\"]}]},{\"@type\":\"ImageObject\",\"inLanguage\":\"en-GB\",\"@id\":\"https:\/\/marekkuchcinski.pl\/wydarzenia\/prawie-9-mln-zl-trafi-do-poszkodowanych-w-wyniku-nawalnic-w-woj-podkarpackim\/#primaryimage\",\"url\":\"https:\/\/marekkuchcinski.pl\/wp-content\/uploads\/2020\/07\/ter.jpg\",\"contentUrl\":\"https:\/\/marekkuchcinski.pl\/wp-content\/uploads\/2020\/07\/ter.jpg\",\"width\":1920,\"height\":1200},{\"@type\":\"BreadcrumbList\",\"@id\":\"https:\/\/marekkuchcinski.pl\/wydarzenia\/prawie-9-mln-zl-trafi-do-poszkodowanych-w-wyniku-nawalnic-w-woj-podkarpackim\/#breadcrumb\",\"itemListElement\":[{\"@type\":\"ListItem\",\"position\":1,\"name\":\"Strona g\u0142\u00f3wna\",\"item\":\"https:\/\/marekkuchcinski.pl\/\"},{\"@type\":\"ListItem\",\"position\":2,\"name\":\"Prawie 9 mln z\u0142 trafi do poszkodowanych w wyniku nawa\u0142nic w woj. podkarpackim\"}]},{\"@type\":\"WebSite\",\"@id\":\"https:\/\/marekkuchcinski.pl\/#website\",\"url\":\"https:\/\/marekkuchcinski.pl\/\",\"name\":\"Marek Kuchci\u0144ski\",\"description\":\"Pose\u0142 na sejm RP &ndash; okr\u0119g nr 22\",\"publisher\":{\"@id\":\"https:\/\/marekkuchcinski.pl\/#organization\"},\"potentialAction\":[{\"@type\":\"SearchAction\",\"target\":{\"@type\":\"EntryPoint\",\"urlTemplate\":\"https:\/\/marekkuchcinski.pl\/?s={search_term_string}\"},\"query-input\":{\"@type\":\"PropertyValueSpecification\",\"valueRequired\":true,\"valueName\":\"search_term_string\"}}],\"inLanguage\":\"en-GB\"},{\"@type\":\"Organization\",\"@id\":\"https:\/\/marekkuchcinski.pl\/#organization\",\"name\":\"Marek Kuchci\u0144ski\",\"url\":\"https:\/\/marekkuchcinski.pl\/\",\"logo\":{\"@type\":\"ImageObject\",\"inLanguage\":\"en-GB\",\"@id\":\"https:\/\/marekkuchcinski.pl\/#\/schema\/logo\/image\/\",\"url\":\"https:\/\/marekkuchcinski.pl\/wp-content\/uploads\/2022\/09\/Marek.jpg\",\"contentUrl\":\"https:\/\/marekkuchcinski.pl\/wp-content\/uploads\/2022\/09\/Marek.jpg\",\"width\":1600,\"height\":971,\"caption\":\"Marek Kuchci\u0144ski\"},\"image\":{\"@id\":\"https:\/\/marekkuchcinski.pl\/#\/schema\/logo\/image\/\"}},{\"@type\":\"Person\",\"@id\":\"https:\/\/marekkuchcinski.pl\/#\/schema\/person\/b8a29fe7813098f7be78801d029910a7\",\"name\":\"Tomasz \u0141acina\",\"image\":{\"@type\":\"ImageObject\",\"inLanguage\":\"en-GB\",\"@id\":\"https:\/\/marekkuchcinski.pl\/#\/schema\/person\/image\/\",\"url\":\"https:\/\/secure.gravatar.com\/avatar\/22e75f6c51aff77a676ed77dd222f852?s=96&d=mm&r=g\",\"contentUrl\":\"https:\/\/secure.gravatar.com\/avatar\/22e75f6c51aff77a676ed77dd222f852?s=96&d=mm&r=g\",\"caption\":\"Tomasz \u0141acina\"},\"url\":\"https:\/\/marekkuchcinski.pl\/en\/author\/tomek-lacina\/\"}]}<\/script>\n<!-- \/ Yoast SEO plugin. -->","yoast_head_json":{"title":"Prawie 9 mln z\u0142 trafi do poszkodowanych w wyniku nawa\u0142nic w woj. podkarpackim &#8211; Marek Kuchci\u0144ski","robots":{"index":"index","follow":"follow","max-snippet":"max-snippet:-1","max-image-preview":"max-image-preview:large","max-video-preview":"max-video-preview:-1"},"canonical":"https:\/\/marekkuchcinski.pl\/en\/wydarzenia\/prawie-9-mln-zl-trafi-do-poszkodowanych-w-wyniku-nawalnic-w-woj-podkarpackim\/","og_locale":"en_GB","og_type":"article","og_title":"Prawie 9 mln z\u0142 trafi do poszkodowanych w wyniku nawa\u0142nic w woj. podkarpackim &#8211; Marek Kuchci\u0144ski","og_description":"Prawie 9 mln z\u0142 trafi do poszkodowanych w wyniku nawa\u0142nic w woj. podkarpackim. Zasi\u0142ek do 6 tys. z\u0142 na rodzin\u0119 zostanie przeznaczony na najpilniejsze potrzeby.\u00a0 Z inicjatywy marsza\u0142ka Marka Kuchci\u0144skiego zosta\u0142a zorganizowana akcja pomocowa dla poszkodowanych w wyniku powodzi w gminie Dubiecko i Bircza. W ci\u0105gu dw\u00f3ch dni 4 tony \u017cywno\u015bci i \u015brodk\u00f3w czysto\u015bci trafi\u0142o [&hellip;]","og_url":"https:\/\/marekkuchcinski.pl\/en\/wydarzenia\/prawie-9-mln-zl-trafi-do-poszkodowanych-w-wyniku-nawalnic-w-woj-podkarpackim\/","og_site_name":"Marek Kuchci\u0144ski","article_published_time":"2020-06-29T15:21:00+00:00","article_modified_time":"2020-07-17T15:23:09+00:00","og_image":[{"width":1920,"height":1200,"url":"https:\/\/marekkuchcinski.pl\/wp-content\/uploads\/2020\/07\/ter.jpg","type":"image\/jpeg"}],"author":"Tomasz \u0141acina","twitter_card":"summary_large_image","twitter_misc":{"Written by":"Tomasz \u0141acina","Estimated reading time":"1 minute"},"schema":{"@context":"https:\/\/schema.org","@graph":[{"@type":"Article","@id":"https:\/\/marekkuchcinski.pl\/wydarzenia\/prawie-9-mln-zl-trafi-do-poszkodowanych-w-wyniku-nawalnic-w-woj-podkarpackim\/#article","isPartOf":{"@id":"https:\/\/marekkuchcinski.pl\/wydarzenia\/prawie-9-mln-zl-trafi-do-poszkodowanych-w-wyniku-nawalnic-w-woj-podkarpackim\/"},"author":{"name":"Tomasz \u0141acina","@id":"https:\/\/marekkuchcinski.pl\/#\/schema\/person\/b8a29fe7813098f7be78801d029910a7"},"headline":"Prawie 9 mln z\u0142 trafi do poszkodowanych w wyniku nawa\u0142nic w woj. podkarpackim","datePublished":"2020-06-29T15:21:00+00:00","dateModified":"2020-07-17T15:23:09+00:00","mainEntityOfPage":{"@id":"https:\/\/marekkuchcinski.pl\/wydarzenia\/prawie-9-mln-zl-trafi-do-poszkodowanych-w-wyniku-nawalnic-w-woj-podkarpackim\/"},"wordCount":151,"commentCount":0,"publisher":{"@id":"https:\/\/marekkuchcinski.pl\/#organization"},"image":{"@id":"https:\/\/marekkuchcinski.pl\/wydarzenia\/prawie-9-mln-zl-trafi-do-poszkodowanych-w-wyniku-nawalnic-w-woj-podkarpackim\/#primaryimage"},"thumbnailUrl":"https:\/\/marekkuchcinski.pl\/wp-content\/uploads\/2020\/07\/ter.jpg","articleSection":["Podkarpacie","Wydarzenia"],"inLanguage":"en-GB","potentialAction":[{"@type":"CommentAction","name":"Comment","target":["https:\/\/marekkuchcinski.pl\/wydarzenia\/prawie-9-mln-zl-trafi-do-poszkodowanych-w-wyniku-nawalnic-w-woj-podkarpackim\/#respond"]}]},{"@type":"WebPage","@id":"https:\/\/marekkuchcinski.pl\/wydarzenia\/prawie-9-mln-zl-trafi-do-poszkodowanych-w-wyniku-nawalnic-w-woj-podkarpackim\/","url":"https:\/\/marekkuchcinski.pl\/wydarzenia\/prawie-9-mln-zl-trafi-do-poszkodowanych-w-wyniku-nawalnic-w-woj-podkarpackim\/","name":"Prawie 9 mln z\u0142 trafi do poszkodowanych w wyniku nawa\u0142nic w woj. podkarpackim &#8211; Marek Kuchci\u0144ski","isPartOf":{"@id":"https:\/\/marekkuchcinski.pl\/#website"},"primaryImageOfPage":{"@id":"https:\/\/marekkuchcinski.pl\/wydarzenia\/prawie-9-mln-zl-trafi-do-poszkodowanych-w-wyniku-nawalnic-w-woj-podkarpackim\/#primaryimage"},"image":{"@id":"https:\/\/marekkuchcinski.pl\/wydarzenia\/prawie-9-mln-zl-trafi-do-poszkodowanych-w-wyniku-nawalnic-w-woj-podkarpackim\/#primaryimage"},"thumbnailUrl":"https:\/\/marekkuchcinski.pl\/wp-content\/uploads\/2020\/07\/ter.jpg","datePublished":"2020-06-29T15:21:00+00:00","dateModified":"2020-07-17T15:23:09+00:00","breadcrumb":{"@id":"https:\/\/marekkuchcinski.pl\/wydarzenia\/prawie-9-mln-zl-trafi-do-poszkodowanych-w-wyniku-nawalnic-w-woj-podkarpackim\/#breadcrumb"},"inLanguage":"en-GB","potentialAction":[{"@type":"ReadAction","target":["https:\/\/marekkuchcinski.pl\/wydarzenia\/prawie-9-mln-zl-trafi-do-poszkodowanych-w-wyniku-nawalnic-w-woj-podkarpackim\/"]}]},{"@type":"ImageObject","inLanguage":"en-GB","@id":"https:\/\/marekkuchcinski.pl\/wydarzenia\/prawie-9-mln-zl-trafi-do-poszkodowanych-w-wyniku-nawalnic-w-woj-podkarpackim\/#primaryimage","url":"https:\/\/marekkuchcinski.pl\/wp-content\/uploads\/2020\/07\/ter.jpg","contentUrl":"https:\/\/marekkuchcinski.pl\/wp-content\/uploads\/2020\/07\/ter.jpg","width":1920,"height":1200},{"@type":"BreadcrumbList","@id":"https:\/\/marekkuchcinski.pl\/wydarzenia\/prawie-9-mln-zl-trafi-do-poszkodowanych-w-wyniku-nawalnic-w-woj-podkarpackim\/#breadcrumb","itemListElement":[{"@type":"ListItem","position":1,"name":"Strona g\u0142\u00f3wna","item":"https:\/\/marekkuchcinski.pl\/"},{"@type":"ListItem","position":2,"name":"Prawie 9 mln z\u0142 trafi do poszkodowanych w wyniku nawa\u0142nic w woj. podkarpackim"}]},{"@type":"WebSite","@id":"https:\/\/marekkuchcinski.pl\/#website","url":"https:\/\/marekkuchcinski.pl\/","name":"Marek Kuchci\u0144ski","description":"Pose\u0142 na sejm RP &ndash; okr\u0119g nr 22","publisher":{"@id":"https:\/\/marekkuchcinski.pl\/#organization"},"potentialAction":[{"@type":"SearchAction","target":{"@type":"EntryPoint","urlTemplate":"https:\/\/marekkuchcinski.pl\/?s={search_term_string}"},"query-input":{"@type":"PropertyValueSpecification","valueRequired":true,"valueName":"search_term_string"}}],"inLanguage":"en-GB"},{"@type":"Organization","@id":"https:\/\/marekkuchcinski.pl\/#organization","name":"Marek Kuchci\u0144ski","url":"https:\/\/marekkuchcinski.pl\/","logo":{"@type":"ImageObject","inLanguage":"en-GB","@id":"https:\/\/marekkuchcinski.pl\/#\/schema\/logo\/image\/","url":"https:\/\/marekkuchcinski.pl\/wp-content\/uploads\/2022\/09\/Marek.jpg","contentUrl":"https:\/\/marekkuchcinski.pl\/wp-content\/uploads\/2022\/09\/Marek.jpg","width":1600,"height":971,"caption":"Marek Kuchci\u0144ski"},"image":{"@id":"https:\/\/marekkuchcinski.pl\/#\/schema\/logo\/image\/"}},{"@type":"Person","@id":"https:\/\/marekkuchcinski.pl\/#\/schema\/person\/b8a29fe7813098f7be78801d029910a7","name":"Tomasz \u0141acina","image":{"@type":"ImageObject","inLanguage":"en-GB","@id":"https:\/\/marekkuchcinski.pl\/#\/schema\/person\/image\/","url":"https:\/\/secure.gravatar.com\/avatar\/22e75f6c51aff77a676ed77dd222f852?s=96&d=mm&r=g","contentUrl":"https:\/\/secure.gravatar.com\/avatar\/22e75f6c51aff77a676ed77dd222f852?s=96&d=mm&r=g","caption":"Tomasz \u0141acina"},"url":"https:\/\/marekkuchcinski.pl\/en\/author\/tomek-lacina\/"}]}},"_links":{"self":[{"href":"https:\/\/marekkuchcinski.pl\/en\/wp-json\/wp\/v2\/posts\/19363","targetHints":{"allow":["GET"]}}],"collection":[{"href":"https:\/\/marekkuchcinski.pl\/en\/wp-json\/wp\/v2\/posts"}],"about":[{"href":"https:\/\/marekkuchcinski.pl\/en\/wp-json\/wp\/v2\/types\/post"}],"author":[{"embeddable":true,"href":"https:\/\/marekkuchcinski.pl\/en\/wp-json\/wp\/v2\/users\/17"}],"replies":[{"embeddable":true,"href":"https:\/\/marekkuchcinski.pl\/en\/wp-json\/wp\/v2\/comments?post=19363"}],"version-history":[{"count":1,"href":"https:\/\/marekkuchcinski.pl\/en\/wp-json\/wp\/v2\/posts\/19363\/revisions"}],"predecessor-version":[{"id":19367,"href":"https:\/\/marekkuchcinski.pl\/en\/wp-json\/wp\/v2\/posts\/19363\/revisions\/19367"}],"wp:featuredmedia":[{"embeddable":true,"href":"https:\/\/marekkuchcinski.pl\/en\/wp-json\/wp\/v2\/media\/19366"}],"wp:attachment":[{"href":"https:\/\/marekkuchcinski.pl\/en\/wp-json\/wp\/v2\/media?parent=19363"}],"wp:term":[{"taxonomy":"category","embeddable":true,"href":"https:\/\/marekkuchcinski.pl\/en\/wp-json\/wp\/v2\/categories?post=19363"},{"taxonomy":"post_tag","embeddable":true,"href":"https:\/\/marekkuchcinski.pl\/en\/wp-json\/wp\/v2\/tags?post=19363"}],"curies":[{"name":"wp","href":"https:\/\/api.w.org\/{rel}","templated":true}]}}