{"id":19207,"date":"2020-05-11T18:25:00","date_gmt":"2020-05-11T16:25:00","guid":{"rendered":"https:\/\/marek2.rkartist.pl\/?p=19207"},"modified":"2020-07-06T18:29:31","modified_gmt":"2020-07-06T16:29:31","slug":"nowe-obwodnice-dla-podkarpacia-zatwierdzono-plan-dla-przemysla-nowej-deby-i-kolbuszowej","status":"publish","type":"post","link":"https:\/\/marekkuchcinski.pl\/en\/bez-kategorii\/nowe-obwodnice-dla-podkarpacia-zatwierdzono-plan-dla-przemysla-nowej-deby-i-kolbuszowej\/","title":{"rendered":"New ring roads for the Podkarpacie region. The plan for Przemy\u015bl, Nowa D\u0119ba and Kolbuszowa has been approved"},"content":{"rendered":"<p>- Today we have another important event related to the Law and Justice program: we are building the western bypass of Przemy\u015bl. Our goal is not only to reduce car traffic, reduce smog, improve safety, but also to increase the tourist availability of Podkarpacie, the Bieszczady,\" said Marek Kuchci\u0144ski during a press conference.<\/p>\n\n\n\n<figure class=\"wp-block-image size-large\"><img fetchpriority=\"high\" decoding=\"async\" width=\"1024\" height=\"683\" src=\"https:\/\/marekkuchcinski.pl\/wp-content\/uploads\/2020\/07\/Obwodnica-Przemy\u015bla-1024x683.jpg\" alt=\"\" class=\"wp-image-19208\" srcset=\"https:\/\/marekkuchcinski.pl\/wp-content\/uploads\/2020\/07\/Obwodnica-Przemy\u015bla-1024x683.jpg 1024w, https:\/\/marekkuchcinski.pl\/wp-content\/uploads\/2020\/07\/Obwodnica-Przemy\u015bla-300x200.jpg 300w, https:\/\/marekkuchcinski.pl\/wp-content\/uploads\/2020\/07\/Obwodnica-Przemy\u015bla-768x512.jpg 768w, https:\/\/marekkuchcinski.pl\/wp-content\/uploads\/2020\/07\/Obwodnica-Przemy\u015bla-1536x1025.jpg 1536w, https:\/\/marekkuchcinski.pl\/wp-content\/uploads\/2020\/07\/Obwodnica-Przemy\u015bla.jpg 2048w\" sizes=\"(max-width: 1024px) 100vw, 1024px\" \/><figcaption>Photo: Marlena Paniw<\/figcaption><\/figure>\n\n\n\n<p>The signing of the investment \"Construction of the bypass of Przemy\u015bl in the course of the national road No. 28\/77\" by the Minister of Infrastructure Andrzej Adamczyk is a consequence of the announcement of the Prime Minister Mateusz Morawiecki on 8 October 2019 in Przemy\u015bl and the efforts of the Speaker of the Sejm of the 8th term to include Przemy\u015bl in the government program \"100 bypasses\". In a letter dated November 4, addressed to the Minister of Infrastructure, he stressed, among other things, that the transport system of the city and its immediate surroundings is not adapted to the constantly increasing car traffic, which leads to the jamming of the main transport routes in the morning and afternoon hours. According to Marek Kuchci\u0144ski, this is a nuisance both for the residents of the city and the neighbouring municipalities.<\/p>\n\n\n\n<p>- The solution to the problem in question is the \"Western Bypass of Przemy\u015bl\": a ring road running through the area of communes: Or\u0142y, \u017burawica, Przemy\u015bl and Krasiczyn. The marshal also stressed that taking this request into consideration will make it possible to bypass Przemy\u015bl and shorten the transit time for transit traffic towards Krosno, Bieszczady, Ar\u0142am\u00f3w, Kalwaria Pac\u0142awska and the planned border crossing with Ukraine in Malhowice,\" the marshal wrote.<\/p>\n\n\n\n<p>A similar proposal was also put forward to Minister Adamczyk by the representatives of the local governments of the Przemy\u015bl district<\/p>\n\n\n\n<figure class=\"wp-block-image size-large\"><img decoding=\"async\" width=\"723\" height=\"1024\" src=\"https:\/\/marekkuchcinski.pl\/wp-content\/uploads\/2020\/07\/Pismo-w-sprawie-obwodnicy-723x1024.jpg\" alt=\"\" class=\"wp-image-19209\" srcset=\"https:\/\/marekkuchcinski.pl\/wp-content\/uploads\/2020\/07\/Pismo-w-sprawie-obwodnicy-723x1024.jpg 723w, https:\/\/marekkuchcinski.pl\/wp-content\/uploads\/2020\/07\/Pismo-w-sprawie-obwodnicy-212x300.jpg 212w, https:\/\/marekkuchcinski.pl\/wp-content\/uploads\/2020\/07\/Pismo-w-sprawie-obwodnicy-768x1088.jpg 768w, https:\/\/marekkuchcinski.pl\/wp-content\/uploads\/2020\/07\/Pismo-w-sprawie-obwodnicy-1085x1536.jpg 1085w, https:\/\/marekkuchcinski.pl\/wp-content\/uploads\/2020\/07\/Pismo-w-sprawie-obwodnicy-scaled.jpg 1446w\" sizes=\"(max-width: 723px) 100vw, 723px\" \/><\/figure>\n\n\n\n<p>One of the most awaited roads in the Podkarpackie Province is to be completed by 2028. As part of the \"100 bypasses\" program, new roads will also be built in Brzostek and Ko\u0142aczyce, Jas\u0142o, Kolbuszowa, Miejsce Piastowe, Nowa D\u0119ba, Pilzno and Sanok.<\/p>\n\n\n\n<figure class=\"wp-block-gallery columns-1 is-cropped wp-block-gallery-1 is-layout-flex wp-block-gallery-is-layout-flex\"><ul class=\"blocks-gallery-grid\"><li class=\"blocks-gallery-item\"><figure><img decoding=\"async\" width=\"720\" height=\"1024\" src=\"https:\/\/marekkuchcinski.pl\/wp-content\/uploads\/2020\/07\/Pismo-Samorz\u0105dowc\u00f3w-budowa-obwodnicy-Przemy\u015bla-720x1024.jpg\" alt=\"\" data-id=\"19210\" class=\"wp-image-19210\" srcset=\"https:\/\/marekkuchcinski.pl\/wp-content\/uploads\/2020\/07\/Pismo-Samorz\u0105dowc\u00f3w-budowa-obwodnicy-Przemy\u015bla-720x1024.jpg 720w, https:\/\/marekkuchcinski.pl\/wp-content\/uploads\/2020\/07\/Pismo-Samorz\u0105dowc\u00f3w-budowa-obwodnicy-Przemy\u015bla-211x300.jpg 211w, https:\/\/marekkuchcinski.pl\/wp-content\/uploads\/2020\/07\/Pismo-Samorz\u0105dowc\u00f3w-budowa-obwodnicy-Przemy\u015bla-768x1092.jpg 768w, https:\/\/marekkuchcinski.pl\/wp-content\/uploads\/2020\/07\/Pismo-Samorz\u0105dowc\u00f3w-budowa-obwodnicy-Przemy\u015bla-1080x1536.jpg 1080w, https:\/\/marekkuchcinski.pl\/wp-content\/uploads\/2020\/07\/Pismo-Samorz\u0105dowc\u00f3w-budowa-obwodnicy-Przemy\u015bla-scaled.jpg 1440w\" sizes=\"(max-width: 720px) 100vw, 720px\" \/><\/figure><\/li><\/ul><\/figure>\n\n\n\n<figure class=\"wp-block-image size-large\"><img loading=\"lazy\" decoding=\"async\" width=\"1024\" height=\"683\" src=\"https:\/\/marekkuchcinski.pl\/wp-content\/uploads\/2020\/07\/2-1024x683.jpg\" alt=\"\" class=\"wp-image-19211\" srcset=\"https:\/\/marekkuchcinski.pl\/wp-content\/uploads\/2020\/07\/2-1024x683.jpg 1024w, https:\/\/marekkuchcinski.pl\/wp-content\/uploads\/2020\/07\/2-300x200.jpg 300w, https:\/\/marekkuchcinski.pl\/wp-content\/uploads\/2020\/07\/2-768x512.jpg 768w, https:\/\/marekkuchcinski.pl\/wp-content\/uploads\/2020\/07\/2-1536x1024.jpg 1536w, https:\/\/marekkuchcinski.pl\/wp-content\/uploads\/2020\/07\/2.jpg 2048w\" sizes=\"(max-width: 1024px) 100vw, 1024px\" \/><figcaption>Photo: Marlena Paniw<\/figcaption><\/figure>","protected":false},"excerpt":{"rendered":"<p>\u2013 Dzi\u015b mamy kolejne wa\u017cne wydarzenie zwi\u0105zane z programem Prawa i Sprawiedliwo\u015bci: budujemy zachodni\u0105 obwodnic\u0119 Przemy\u015bla. Naszym celem jest nie tylko zmniejszenie ruchu samochod\u00f3w, ograniczenie smogu, poprawa bezpiecze\u0144stwa, ale i zwi\u0119kszenie turystycznej dost\u0119pno\u015bci Podkarpacia, Bieszczad\u00f3w \u2013 powiedzia\u0142 podczas konferencji prasowej Marek Kuchci\u0144ski. Podpisanie przez ministra infrastruktury Andrzeja Adamczyka inwestycji \u201eBudowa obwodnicy Przemy\u015bla w ci\u0105gu drogi [&hellip;]<\/p>","protected":false},"author":17,"featured_media":19208,"comment_status":"open","ping_status":"open","sticky":false,"template":"","format":"standard","meta":{"ngg_post_thumbnail":0,"footnotes":""},"categories":[1,3],"tags":[],"class_list":["post-19207","post","type-post","status-publish","format-standard","has-post-thumbnail","hentry","category-bez-kategorii","category-wydarzenia"],"yoast_head":"<!-- This site is optimized with the Yoast SEO plugin v24.7 - https:\/\/yoast.com\/wordpress\/plugins\/seo\/ -->\n<title>Nowe obwodnice dla Podkarpacia. Zatwierdzono plan dla Przemy\u015bla, Nowej D\u0119by i Kolbuszowej &#8211; Marek Kuchci\u0144ski<\/title>\n<meta name=\"robots\" content=\"index, follow, max-snippet:-1, max-image-preview:large, max-video-preview:-1\" \/>\n<link rel=\"canonical\" href=\"https:\/\/marekkuchcinski.pl\/en\/bez-kategorii\/nowe-obwodnice-dla-podkarpacia-zatwierdzono-plan-dla-przemysla-nowej-deby-i-kolbuszowej\/\" \/>\n<meta property=\"og:locale\" content=\"en_GB\" \/>\n<meta property=\"og:type\" content=\"article\" \/>\n<meta property=\"og:title\" content=\"Nowe obwodnice dla Podkarpacia. Zatwierdzono plan dla Przemy\u015bla, Nowej D\u0119by i Kolbuszowej &#8211; Marek Kuchci\u0144ski\" \/>\n<meta property=\"og:description\" content=\"\u2013 Dzi\u015b mamy kolejne wa\u017cne wydarzenie zwi\u0105zane z programem Prawa i Sprawiedliwo\u015bci: budujemy zachodni\u0105 obwodnic\u0119 Przemy\u015bla. Naszym celem jest nie tylko zmniejszenie ruchu samochod\u00f3w, ograniczenie smogu, poprawa bezpiecze\u0144stwa, ale i zwi\u0119kszenie turystycznej dost\u0119pno\u015bci Podkarpacia, Bieszczad\u00f3w \u2013 powiedzia\u0142 podczas konferencji prasowej Marek Kuchci\u0144ski. Podpisanie przez ministra infrastruktury Andrzeja Adamczyka inwestycji \u201eBudowa obwodnicy Przemy\u015bla w ci\u0105gu drogi [&hellip;]\" \/>\n<meta property=\"og:url\" content=\"https:\/\/marekkuchcinski.pl\/en\/bez-kategorii\/nowe-obwodnice-dla-podkarpacia-zatwierdzono-plan-dla-przemysla-nowej-deby-i-kolbuszowej\/\" \/>\n<meta property=\"og:site_name\" content=\"Marek Kuchci\u0144ski\" \/>\n<meta property=\"article:published_time\" content=\"2020-05-11T16:25:00+00:00\" \/>\n<meta property=\"article:modified_time\" content=\"2020-07-06T16:29:31+00:00\" \/>\n<meta property=\"og:image\" content=\"https:\/\/marekkuchcinski.pl\/wp-content\/uploads\/2020\/07\/Obwodnica-Przemy\u015bla.jpg\" \/>\n\t<meta property=\"og:image:width\" content=\"2048\" \/>\n\t<meta property=\"og:image:height\" content=\"1366\" \/>\n\t<meta property=\"og:image:type\" content=\"image\/jpeg\" \/>\n<meta name=\"author\" content=\"Tomasz \u0141acina\" \/>\n<meta name=\"twitter:card\" content=\"summary_large_image\" \/>\n<meta name=\"twitter:label1\" content=\"Written by\" \/>\n\t<meta name=\"twitter:data1\" content=\"Tomasz \u0141acina\" \/>\n\t<meta name=\"twitter:label2\" content=\"Estimated reading time\" \/>\n\t<meta name=\"twitter:data2\" content=\"2 minutes\" \/>\n<script type=\"application\/ld+json\" class=\"yoast-schema-graph\">{\"@context\":\"https:\/\/schema.org\",\"@graph\":[{\"@type\":\"Article\",\"@id\":\"https:\/\/marekkuchcinski.pl\/sk\/bez-kategorii\/nowe-obwodnice-dla-podkarpacia-zatwierdzono-plan-dla-przemysla-nowej-deby-i-kolbuszowej\/#article\",\"isPartOf\":{\"@id\":\"https:\/\/marekkuchcinski.pl\/sk\/bez-kategorii\/nowe-obwodnice-dla-podkarpacia-zatwierdzono-plan-dla-przemysla-nowej-deby-i-kolbuszowej\/\"},\"author\":{\"name\":\"Tomasz \u0141acina\",\"@id\":\"https:\/\/marekkuchcinski.pl\/#\/schema\/person\/b8a29fe7813098f7be78801d029910a7\"},\"headline\":\"Nowe obwodnice dla Podkarpacia. Zatwierdzono plan dla Przemy\u015bla, Nowej D\u0119by i Kolbuszowej\",\"datePublished\":\"2020-05-11T16:25:00+00:00\",\"dateModified\":\"2020-07-06T16:29:31+00:00\",\"mainEntityOfPage\":{\"@id\":\"https:\/\/marekkuchcinski.pl\/sk\/bez-kategorii\/nowe-obwodnice-dla-podkarpacia-zatwierdzono-plan-dla-przemysla-nowej-deby-i-kolbuszowej\/\"},\"wordCount\":321,\"commentCount\":0,\"publisher\":{\"@id\":\"https:\/\/marekkuchcinski.pl\/#organization\"},\"image\":{\"@id\":\"https:\/\/marekkuchcinski.pl\/sk\/bez-kategorii\/nowe-obwodnice-dla-podkarpacia-zatwierdzono-plan-dla-przemysla-nowej-deby-i-kolbuszowej\/#primaryimage\"},\"thumbnailUrl\":\"https:\/\/marekkuchcinski.pl\/wp-content\/uploads\/2020\/07\/Obwodnica-Przemy\u015bla.jpg\",\"articleSection\":[\"Bez kategorii\",\"Wydarzenia\"],\"inLanguage\":\"en-GB\",\"potentialAction\":[{\"@type\":\"CommentAction\",\"name\":\"Comment\",\"target\":[\"https:\/\/marekkuchcinski.pl\/sk\/bez-kategorii\/nowe-obwodnice-dla-podkarpacia-zatwierdzono-plan-dla-przemysla-nowej-deby-i-kolbuszowej\/#respond\"]}]},{\"@type\":\"WebPage\",\"@id\":\"https:\/\/marekkuchcinski.pl\/sk\/bez-kategorii\/nowe-obwodnice-dla-podkarpacia-zatwierdzono-plan-dla-przemysla-nowej-deby-i-kolbuszowej\/\",\"url\":\"https:\/\/marekkuchcinski.pl\/sk\/bez-kategorii\/nowe-obwodnice-dla-podkarpacia-zatwierdzono-plan-dla-przemysla-nowej-deby-i-kolbuszowej\/\",\"name\":\"Nowe obwodnice dla Podkarpacia. Zatwierdzono plan dla Przemy\u015bla, Nowej D\u0119by i Kolbuszowej &#8211; Marek Kuchci\u0144ski\",\"isPartOf\":{\"@id\":\"https:\/\/marekkuchcinski.pl\/#website\"},\"primaryImageOfPage\":{\"@id\":\"https:\/\/marekkuchcinski.pl\/sk\/bez-kategorii\/nowe-obwodnice-dla-podkarpacia-zatwierdzono-plan-dla-przemysla-nowej-deby-i-kolbuszowej\/#primaryimage\"},\"image\":{\"@id\":\"https:\/\/marekkuchcinski.pl\/sk\/bez-kategorii\/nowe-obwodnice-dla-podkarpacia-zatwierdzono-plan-dla-przemysla-nowej-deby-i-kolbuszowej\/#primaryimage\"},\"thumbnailUrl\":\"https:\/\/marekkuchcinski.pl\/wp-content\/uploads\/2020\/07\/Obwodnica-Przemy\u015bla.jpg\",\"datePublished\":\"2020-05-11T16:25:00+00:00\",\"dateModified\":\"2020-07-06T16:29:31+00:00\",\"breadcrumb\":{\"@id\":\"https:\/\/marekkuchcinski.pl\/sk\/bez-kategorii\/nowe-obwodnice-dla-podkarpacia-zatwierdzono-plan-dla-przemysla-nowej-deby-i-kolbuszowej\/#breadcrumb\"},\"inLanguage\":\"en-GB\",\"potentialAction\":[{\"@type\":\"ReadAction\",\"target\":[\"https:\/\/marekkuchcinski.pl\/sk\/bez-kategorii\/nowe-obwodnice-dla-podkarpacia-zatwierdzono-plan-dla-przemysla-nowej-deby-i-kolbuszowej\/\"]}]},{\"@type\":\"ImageObject\",\"inLanguage\":\"en-GB\",\"@id\":\"https:\/\/marekkuchcinski.pl\/sk\/bez-kategorii\/nowe-obwodnice-dla-podkarpacia-zatwierdzono-plan-dla-przemysla-nowej-deby-i-kolbuszowej\/#primaryimage\",\"url\":\"https:\/\/marekkuchcinski.pl\/wp-content\/uploads\/2020\/07\/Obwodnica-Przemy\u015bla.jpg\",\"contentUrl\":\"https:\/\/marekkuchcinski.pl\/wp-content\/uploads\/2020\/07\/Obwodnica-Przemy\u015bla.jpg\",\"width\":2048,\"height\":1366},{\"@type\":\"BreadcrumbList\",\"@id\":\"https:\/\/marekkuchcinski.pl\/sk\/bez-kategorii\/nowe-obwodnice-dla-podkarpacia-zatwierdzono-plan-dla-przemysla-nowej-deby-i-kolbuszowej\/#breadcrumb\",\"itemListElement\":[{\"@type\":\"ListItem\",\"position\":1,\"name\":\"Strona g\u0142\u00f3wna\",\"item\":\"https:\/\/marekkuchcinski.pl\/\"},{\"@type\":\"ListItem\",\"position\":2,\"name\":\"Nowe obwodnice dla Podkarpacia. Zatwierdzono plan dla Przemy\u015bla, Nowej D\u0119by i Kolbuszowej\"}]},{\"@type\":\"WebSite\",\"@id\":\"https:\/\/marekkuchcinski.pl\/#website\",\"url\":\"https:\/\/marekkuchcinski.pl\/\",\"name\":\"Marek Kuchci\u0144ski\",\"description\":\"Pose\u0142 na sejm RP &ndash; okr\u0119g nr 22\",\"publisher\":{\"@id\":\"https:\/\/marekkuchcinski.pl\/#organization\"},\"potentialAction\":[{\"@type\":\"SearchAction\",\"target\":{\"@type\":\"EntryPoint\",\"urlTemplate\":\"https:\/\/marekkuchcinski.pl\/?s={search_term_string}\"},\"query-input\":{\"@type\":\"PropertyValueSpecification\",\"valueRequired\":true,\"valueName\":\"search_term_string\"}}],\"inLanguage\":\"en-GB\"},{\"@type\":\"Organization\",\"@id\":\"https:\/\/marekkuchcinski.pl\/#organization\",\"name\":\"Marek Kuchci\u0144ski\",\"url\":\"https:\/\/marekkuchcinski.pl\/\",\"logo\":{\"@type\":\"ImageObject\",\"inLanguage\":\"en-GB\",\"@id\":\"https:\/\/marekkuchcinski.pl\/#\/schema\/logo\/image\/\",\"url\":\"https:\/\/marekkuchcinski.pl\/wp-content\/uploads\/2022\/09\/Marek.jpg\",\"contentUrl\":\"https:\/\/marekkuchcinski.pl\/wp-content\/uploads\/2022\/09\/Marek.jpg\",\"width\":1600,\"height\":971,\"caption\":\"Marek Kuchci\u0144ski\"},\"image\":{\"@id\":\"https:\/\/marekkuchcinski.pl\/#\/schema\/logo\/image\/\"}},{\"@type\":\"Person\",\"@id\":\"https:\/\/marekkuchcinski.pl\/#\/schema\/person\/b8a29fe7813098f7be78801d029910a7\",\"name\":\"Tomasz \u0141acina\",\"image\":{\"@type\":\"ImageObject\",\"inLanguage\":\"en-GB\",\"@id\":\"https:\/\/marekkuchcinski.pl\/#\/schema\/person\/image\/\",\"url\":\"https:\/\/secure.gravatar.com\/avatar\/22e75f6c51aff77a676ed77dd222f852?s=96&d=mm&r=g\",\"contentUrl\":\"https:\/\/secure.gravatar.com\/avatar\/22e75f6c51aff77a676ed77dd222f852?s=96&d=mm&r=g\",\"caption\":\"Tomasz \u0141acina\"},\"url\":\"https:\/\/marekkuchcinski.pl\/en\/author\/tomek-lacina\/\"}]}<\/script>\n<!-- \/ Yoast SEO plugin. -->","yoast_head_json":{"title":"Nowe obwodnice dla Podkarpacia. Zatwierdzono plan dla Przemy\u015bla, Nowej D\u0119by i Kolbuszowej &#8211; Marek Kuchci\u0144ski","robots":{"index":"index","follow":"follow","max-snippet":"max-snippet:-1","max-image-preview":"max-image-preview:large","max-video-preview":"max-video-preview:-1"},"canonical":"https:\/\/marekkuchcinski.pl\/en\/bez-kategorii\/nowe-obwodnice-dla-podkarpacia-zatwierdzono-plan-dla-przemysla-nowej-deby-i-kolbuszowej\/","og_locale":"en_GB","og_type":"article","og_title":"Nowe obwodnice dla Podkarpacia. Zatwierdzono plan dla Przemy\u015bla, Nowej D\u0119by i Kolbuszowej &#8211; Marek Kuchci\u0144ski","og_description":"\u2013 Dzi\u015b mamy kolejne wa\u017cne wydarzenie zwi\u0105zane z programem Prawa i Sprawiedliwo\u015bci: budujemy zachodni\u0105 obwodnic\u0119 Przemy\u015bla. Naszym celem jest nie tylko zmniejszenie ruchu samochod\u00f3w, ograniczenie smogu, poprawa bezpiecze\u0144stwa, ale i zwi\u0119kszenie turystycznej dost\u0119pno\u015bci Podkarpacia, Bieszczad\u00f3w \u2013 powiedzia\u0142 podczas konferencji prasowej Marek Kuchci\u0144ski. Podpisanie przez ministra infrastruktury Andrzeja Adamczyka inwestycji \u201eBudowa obwodnicy Przemy\u015bla w ci\u0105gu drogi [&hellip;]","og_url":"https:\/\/marekkuchcinski.pl\/en\/bez-kategorii\/nowe-obwodnice-dla-podkarpacia-zatwierdzono-plan-dla-przemysla-nowej-deby-i-kolbuszowej\/","og_site_name":"Marek Kuchci\u0144ski","article_published_time":"2020-05-11T16:25:00+00:00","article_modified_time":"2020-07-06T16:29:31+00:00","og_image":[{"width":2048,"height":1366,"url":"https:\/\/marekkuchcinski.pl\/wp-content\/uploads\/2020\/07\/Obwodnica-Przemy\u015bla.jpg","type":"image\/jpeg"}],"author":"Tomasz \u0141acina","twitter_card":"summary_large_image","twitter_misc":{"Written by":"Tomasz \u0141acina","Estimated reading time":"2 minutes"},"schema":{"@context":"https:\/\/schema.org","@graph":[{"@type":"Article","@id":"https:\/\/marekkuchcinski.pl\/sk\/bez-kategorii\/nowe-obwodnice-dla-podkarpacia-zatwierdzono-plan-dla-przemysla-nowej-deby-i-kolbuszowej\/#article","isPartOf":{"@id":"https:\/\/marekkuchcinski.pl\/sk\/bez-kategorii\/nowe-obwodnice-dla-podkarpacia-zatwierdzono-plan-dla-przemysla-nowej-deby-i-kolbuszowej\/"},"author":{"name":"Tomasz \u0141acina","@id":"https:\/\/marekkuchcinski.pl\/#\/schema\/person\/b8a29fe7813098f7be78801d029910a7"},"headline":"Nowe obwodnice dla Podkarpacia. Zatwierdzono plan dla Przemy\u015bla, Nowej D\u0119by i Kolbuszowej","datePublished":"2020-05-11T16:25:00+00:00","dateModified":"2020-07-06T16:29:31+00:00","mainEntityOfPage":{"@id":"https:\/\/marekkuchcinski.pl\/sk\/bez-kategorii\/nowe-obwodnice-dla-podkarpacia-zatwierdzono-plan-dla-przemysla-nowej-deby-i-kolbuszowej\/"},"wordCount":321,"commentCount":0,"publisher":{"@id":"https:\/\/marekkuchcinski.pl\/#organization"},"image":{"@id":"https:\/\/marekkuchcinski.pl\/sk\/bez-kategorii\/nowe-obwodnice-dla-podkarpacia-zatwierdzono-plan-dla-przemysla-nowej-deby-i-kolbuszowej\/#primaryimage"},"thumbnailUrl":"https:\/\/marekkuchcinski.pl\/wp-content\/uploads\/2020\/07\/Obwodnica-Przemy\u015bla.jpg","articleSection":["Bez kategorii","Wydarzenia"],"inLanguage":"en-GB","potentialAction":[{"@type":"CommentAction","name":"Comment","target":["https:\/\/marekkuchcinski.pl\/sk\/bez-kategorii\/nowe-obwodnice-dla-podkarpacia-zatwierdzono-plan-dla-przemysla-nowej-deby-i-kolbuszowej\/#respond"]}]},{"@type":"WebPage","@id":"https:\/\/marekkuchcinski.pl\/sk\/bez-kategorii\/nowe-obwodnice-dla-podkarpacia-zatwierdzono-plan-dla-przemysla-nowej-deby-i-kolbuszowej\/","url":"https:\/\/marekkuchcinski.pl\/sk\/bez-kategorii\/nowe-obwodnice-dla-podkarpacia-zatwierdzono-plan-dla-przemysla-nowej-deby-i-kolbuszowej\/","name":"Nowe obwodnice dla Podkarpacia. Zatwierdzono plan dla Przemy\u015bla, Nowej D\u0119by i Kolbuszowej &#8211; Marek Kuchci\u0144ski","isPartOf":{"@id":"https:\/\/marekkuchcinski.pl\/#website"},"primaryImageOfPage":{"@id":"https:\/\/marekkuchcinski.pl\/sk\/bez-kategorii\/nowe-obwodnice-dla-podkarpacia-zatwierdzono-plan-dla-przemysla-nowej-deby-i-kolbuszowej\/#primaryimage"},"image":{"@id":"https:\/\/marekkuchcinski.pl\/sk\/bez-kategorii\/nowe-obwodnice-dla-podkarpacia-zatwierdzono-plan-dla-przemysla-nowej-deby-i-kolbuszowej\/#primaryimage"},"thumbnailUrl":"https:\/\/marekkuchcinski.pl\/wp-content\/uploads\/2020\/07\/Obwodnica-Przemy\u015bla.jpg","datePublished":"2020-05-11T16:25:00+00:00","dateModified":"2020-07-06T16:29:31+00:00","breadcrumb":{"@id":"https:\/\/marekkuchcinski.pl\/sk\/bez-kategorii\/nowe-obwodnice-dla-podkarpacia-zatwierdzono-plan-dla-przemysla-nowej-deby-i-kolbuszowej\/#breadcrumb"},"inLanguage":"en-GB","potentialAction":[{"@type":"ReadAction","target":["https:\/\/marekkuchcinski.pl\/sk\/bez-kategorii\/nowe-obwodnice-dla-podkarpacia-zatwierdzono-plan-dla-przemysla-nowej-deby-i-kolbuszowej\/"]}]},{"@type":"ImageObject","inLanguage":"en-GB","@id":"https:\/\/marekkuchcinski.pl\/sk\/bez-kategorii\/nowe-obwodnice-dla-podkarpacia-zatwierdzono-plan-dla-przemysla-nowej-deby-i-kolbuszowej\/#primaryimage","url":"https:\/\/marekkuchcinski.pl\/wp-content\/uploads\/2020\/07\/Obwodnica-Przemy\u015bla.jpg","contentUrl":"https:\/\/marekkuchcinski.pl\/wp-content\/uploads\/2020\/07\/Obwodnica-Przemy\u015bla.jpg","width":2048,"height":1366},{"@type":"BreadcrumbList","@id":"https:\/\/marekkuchcinski.pl\/sk\/bez-kategorii\/nowe-obwodnice-dla-podkarpacia-zatwierdzono-plan-dla-przemysla-nowej-deby-i-kolbuszowej\/#breadcrumb","itemListElement":[{"@type":"ListItem","position":1,"name":"Strona g\u0142\u00f3wna","item":"https:\/\/marekkuchcinski.pl\/"},{"@type":"ListItem","position":2,"name":"Nowe obwodnice dla Podkarpacia. Zatwierdzono plan dla Przemy\u015bla, Nowej D\u0119by i Kolbuszowej"}]},{"@type":"WebSite","@id":"https:\/\/marekkuchcinski.pl\/#website","url":"https:\/\/marekkuchcinski.pl\/","name":"Marek Kuchci\u0144ski","description":"Pose\u0142 na sejm RP &ndash; okr\u0119g nr 22","publisher":{"@id":"https:\/\/marekkuchcinski.pl\/#organization"},"potentialAction":[{"@type":"SearchAction","target":{"@type":"EntryPoint","urlTemplate":"https:\/\/marekkuchcinski.pl\/?s={search_term_string}"},"query-input":{"@type":"PropertyValueSpecification","valueRequired":true,"valueName":"search_term_string"}}],"inLanguage":"en-GB"},{"@type":"Organization","@id":"https:\/\/marekkuchcinski.pl\/#organization","name":"Marek Kuchci\u0144ski","url":"https:\/\/marekkuchcinski.pl\/","logo":{"@type":"ImageObject","inLanguage":"en-GB","@id":"https:\/\/marekkuchcinski.pl\/#\/schema\/logo\/image\/","url":"https:\/\/marekkuchcinski.pl\/wp-content\/uploads\/2022\/09\/Marek.jpg","contentUrl":"https:\/\/marekkuchcinski.pl\/wp-content\/uploads\/2022\/09\/Marek.jpg","width":1600,"height":971,"caption":"Marek Kuchci\u0144ski"},"image":{"@id":"https:\/\/marekkuchcinski.pl\/#\/schema\/logo\/image\/"}},{"@type":"Person","@id":"https:\/\/marekkuchcinski.pl\/#\/schema\/person\/b8a29fe7813098f7be78801d029910a7","name":"Tomasz \u0141acina","image":{"@type":"ImageObject","inLanguage":"en-GB","@id":"https:\/\/marekkuchcinski.pl\/#\/schema\/person\/image\/","url":"https:\/\/secure.gravatar.com\/avatar\/22e75f6c51aff77a676ed77dd222f852?s=96&d=mm&r=g","contentUrl":"https:\/\/secure.gravatar.com\/avatar\/22e75f6c51aff77a676ed77dd222f852?s=96&d=mm&r=g","caption":"Tomasz \u0141acina"},"url":"https:\/\/marekkuchcinski.pl\/en\/author\/tomek-lacina\/"}]}},"_links":{"self":[{"href":"https:\/\/marekkuchcinski.pl\/en\/wp-json\/wp\/v2\/posts\/19207","targetHints":{"allow":["GET"]}}],"collection":[{"href":"https:\/\/marekkuchcinski.pl\/en\/wp-json\/wp\/v2\/posts"}],"about":[{"href":"https:\/\/marekkuchcinski.pl\/en\/wp-json\/wp\/v2\/types\/post"}],"author":[{"embeddable":true,"href":"https:\/\/marekkuchcinski.pl\/en\/wp-json\/wp\/v2\/users\/17"}],"replies":[{"embeddable":true,"href":"https:\/\/marekkuchcinski.pl\/en\/wp-json\/wp\/v2\/comments?post=19207"}],"version-history":[{"count":2,"href":"https:\/\/marekkuchcinski.pl\/en\/wp-json\/wp\/v2\/posts\/19207\/revisions"}],"predecessor-version":[{"id":19213,"href":"https:\/\/marekkuchcinski.pl\/en\/wp-json\/wp\/v2\/posts\/19207\/revisions\/19213"}],"wp:featuredmedia":[{"embeddable":true,"href":"https:\/\/marekkuchcinski.pl\/en\/wp-json\/wp\/v2\/media\/19208"}],"wp:attachment":[{"href":"https:\/\/marekkuchcinski.pl\/en\/wp-json\/wp\/v2\/media?parent=19207"}],"wp:term":[{"taxonomy":"category","embeddable":true,"href":"https:\/\/marekkuchcinski.pl\/en\/wp-json\/wp\/v2\/categories?post=19207"},{"taxonomy":"post_tag","embeddable":true,"href":"https:\/\/marekkuchcinski.pl\/en\/wp-json\/wp\/v2\/tags?post=19207"}],"curies":[{"name":"wp","href":"https:\/\/api.w.org\/{rel}","templated":true}]}}