{"id":19195,"date":"2020-05-03T17:58:00","date_gmt":"2020-05-03T15:58:00","guid":{"rendered":"https:\/\/marek2.rkartist.pl\/?p=19195"},"modified":"2020-07-06T18:01:09","modified_gmt":"2020-07-06T16:01:09","slug":"wyraz-madrosci-zbiorowej-polakow","status":"publish","type":"post","link":"https:\/\/marekkuchcinski.pl\/en\/wydarzenia\/wyraz-madrosci-zbiorowej-polakow\/","title":{"rendered":"The 3rd of May Constitution: an expression of Poles' collective wisdom"},"content":{"rendered":"<p>Marek Kuchci\u0144ski laid flowers at the stone dedicated to the 3rd of May Constitution in Przemy\u015bl. - This day has been celebrated for a year since its adoption, the Constitution gave us great strength, some historians say that it was the first regaining of independence - said the Speaker of the Sejm of the 8th term. Marek Kuchci\u0144ski also reminded that a year ago in the Sejm <a href=\"https:\/\/marekkuchcinski.pl\/en\/wydarzenia\/marek-kuchcinski-odslonil-popiersia-wspoltworcow-konstytucji-3-maja\/\">busts of two marshals of the Great Sejm were unveiled<\/a> (Pole and Lithuanian) Stanis\u0142aw Ma\u0142achowski, whose name is inscribed on the stone in Przemy\u015bl, and Kazimierz Nestor Sapieha (Marshal of the Confederation of the Grand Duchy of Lithuania), outstanding politicians and co-founders of the 3rd of May Constitution.<\/p>\n\n\n\n<p>The Constitution of May 3 was the work of the Four-Year Sejm of the Polish-Lithuanian Commonwealth, celebrated today by both Poland and Lithuania. It was also the culmination of many years of efforts to repair the Polish state, an expression of the collective wisdom of Poles striving to repair their own state in crisis, and evidence of the possibility of a compromise between the majesty of the Republic in the person of the king and the nation represented by deputies and senators.<\/p>\n\n\n\n<p>The Constitution adopted 229 years ago was the first in Europe and therefore it had a great impact on the development of constitutionalism, as well as democracy on a universal scale.  Its authors had a vision of a renewed Republic and nation as a political community including all states and ethnic, language, regional and religious groups. They were to be united by the rights and liberties of the Republic. The Government Act stated: \"All power of a human community takes its origin from the will of the people\". Thus, the nation was recognized as the sovereign.<\/p>\n\n\n\n<figure class=\"wp-block-image size-large\"><img fetchpriority=\"high\" decoding=\"async\" width=\"1024\" height=\"749\" src=\"https:\/\/marekkuchcinski.pl\/wp-content\/uploads\/2020\/07\/mk-scaled-1-1024x749.jpg\" alt=\"\" class=\"wp-image-19196\" srcset=\"https:\/\/marekkuchcinski.pl\/wp-content\/uploads\/2020\/07\/mk-scaled-1-1024x749.jpg 1024w, https:\/\/marekkuchcinski.pl\/wp-content\/uploads\/2020\/07\/mk-scaled-1-300x219.jpg 300w, https:\/\/marekkuchcinski.pl\/wp-content\/uploads\/2020\/07\/mk-scaled-1-768x562.jpg 768w, https:\/\/marekkuchcinski.pl\/wp-content\/uploads\/2020\/07\/mk-scaled-1-1536x1123.jpg 1536w, https:\/\/marekkuchcinski.pl\/wp-content\/uploads\/2020\/07\/mk-scaled-1-scaled.jpg 2048w\" sizes=\"(max-width: 1024px) 100vw, 1024px\" \/><\/figure>\n\n\n\n<figure class=\"wp-block-image size-large\"><img decoding=\"async\" width=\"1024\" height=\"681\" src=\"https:\/\/marekkuchcinski.pl\/wp-content\/uploads\/2020\/07\/95700265_230126981753828_236361318838304768_n_edited-scaled-1-1024x681.jpg\" alt=\"\" class=\"wp-image-19197\" srcset=\"https:\/\/marekkuchcinski.pl\/wp-content\/uploads\/2020\/07\/95700265_230126981753828_236361318838304768_n_edited-scaled-1-1024x681.jpg 1024w, https:\/\/marekkuchcinski.pl\/wp-content\/uploads\/2020\/07\/95700265_230126981753828_236361318838304768_n_edited-scaled-1-300x199.jpg 300w, https:\/\/marekkuchcinski.pl\/wp-content\/uploads\/2020\/07\/95700265_230126981753828_236361318838304768_n_edited-scaled-1-768x511.jpg 768w, https:\/\/marekkuchcinski.pl\/wp-content\/uploads\/2020\/07\/95700265_230126981753828_236361318838304768_n_edited-scaled-1-1536x1021.jpg 1536w, https:\/\/marekkuchcinski.pl\/wp-content\/uploads\/2020\/07\/95700265_230126981753828_236361318838304768_n_edited-scaled-1-scaled.jpg 2048w\" sizes=\"(max-width: 1024px) 100vw, 1024px\" \/><\/figure>\n\n\n\n<figure class=\"wp-block-image size-large\"><img decoding=\"async\" width=\"1024\" height=\"814\" src=\"https:\/\/marekkuchcinski.pl\/wp-content\/uploads\/2020\/07\/95929280_332113851100451_8500372957531471872_n-scaled-1-1024x814.jpg\" alt=\"\" class=\"wp-image-19198\" srcset=\"https:\/\/marekkuchcinski.pl\/wp-content\/uploads\/2020\/07\/95929280_332113851100451_8500372957531471872_n-scaled-1-1024x814.jpg 1024w, https:\/\/marekkuchcinski.pl\/wp-content\/uploads\/2020\/07\/95929280_332113851100451_8500372957531471872_n-scaled-1-300x239.jpg 300w, https:\/\/marekkuchcinski.pl\/wp-content\/uploads\/2020\/07\/95929280_332113851100451_8500372957531471872_n-scaled-1-768x611.jpg 768w, https:\/\/marekkuchcinski.pl\/wp-content\/uploads\/2020\/07\/95929280_332113851100451_8500372957531471872_n-scaled-1-1536x1222.jpg 1536w, https:\/\/marekkuchcinski.pl\/wp-content\/uploads\/2020\/07\/95929280_332113851100451_8500372957531471872_n-scaled-1-scaled.jpg 2048w\" sizes=\"(max-width: 1024px) 100vw, 1024px\" \/><\/figure>\n\n\n\n<figure class=\"wp-block-image size-large\"><img loading=\"lazy\" decoding=\"async\" width=\"1024\" height=\"768\" src=\"https:\/\/marekkuchcinski.pl\/wp-content\/uploads\/2020\/07\/95708056_234054781253840_5069462350302543872_n-scaled-1-1024x768.jpg\" alt=\"\" class=\"wp-image-19199\" srcset=\"https:\/\/marekkuchcinski.pl\/wp-content\/uploads\/2020\/07\/95708056_234054781253840_5069462350302543872_n-scaled-1-1024x768.jpg 1024w, https:\/\/marekkuchcinski.pl\/wp-content\/uploads\/2020\/07\/95708056_234054781253840_5069462350302543872_n-scaled-1-300x225.jpg 300w, https:\/\/marekkuchcinski.pl\/wp-content\/uploads\/2020\/07\/95708056_234054781253840_5069462350302543872_n-scaled-1-768x576.jpg 768w, https:\/\/marekkuchcinski.pl\/wp-content\/uploads\/2020\/07\/95708056_234054781253840_5069462350302543872_n-scaled-1-1536x1152.jpg 1536w, https:\/\/marekkuchcinski.pl\/wp-content\/uploads\/2020\/07\/95708056_234054781253840_5069462350302543872_n-scaled-1-scaled.jpg 2048w\" sizes=\"(max-width: 1024px) 100vw, 1024px\" \/><figcaption>Obelisk commemorating the authors of the Constitution of May 3. Unveiled in 1891, on the 100th anniversary of the adoption of the Constitution. On the four sides of the pedestal are inscribed the names of those who contributed to the drafting of the Constitution:<br>Hugo Ko\u0142\u0142\u0105taj - a priest, rector and reformer of the Krakow Academy and an activist of the Commission of National Education,<br>Ignacy Potocki - Grand Marshal of Lithuania,<br>Stanislaw Malachowski - Marshal of the Four-Year Sejm.<br>Jan Dekert - the president of Warsaw, fighting for the rights of the bourgeoisie, who on December 2, 1789 led the so-called Black Procession - a political demonstration of delegates from 190 towns of the Republic.<\/figcaption><\/figure>\n\n\n\n<figure class=\"wp-block-image size-large\"><img loading=\"lazy\" decoding=\"async\" width=\"1024\" height=\"768\" src=\"https:\/\/marekkuchcinski.pl\/wp-content\/uploads\/2020\/07\/95634699_236174740812744_5166033989873434624_n-scaled-1-1024x768.jpg\" alt=\"\" class=\"wp-image-19200\" srcset=\"https:\/\/marekkuchcinski.pl\/wp-content\/uploads\/2020\/07\/95634699_236174740812744_5166033989873434624_n-scaled-1-1024x768.jpg 1024w, https:\/\/marekkuchcinski.pl\/wp-content\/uploads\/2020\/07\/95634699_236174740812744_5166033989873434624_n-scaled-1-300x225.jpg 300w, https:\/\/marekkuchcinski.pl\/wp-content\/uploads\/2020\/07\/95634699_236174740812744_5166033989873434624_n-scaled-1-768x576.jpg 768w, https:\/\/marekkuchcinski.pl\/wp-content\/uploads\/2020\/07\/95634699_236174740812744_5166033989873434624_n-scaled-1-1536x1152.jpg 1536w, https:\/\/marekkuchcinski.pl\/wp-content\/uploads\/2020\/07\/95634699_236174740812744_5166033989873434624_n-scaled-1-scaled.jpg 2048w\" sizes=\"(max-width: 1024px) 100vw, 1024px\" \/><\/figure>\n\n\n\n<figure class=\"wp-block-image size-large\"><img loading=\"lazy\" decoding=\"async\" width=\"1024\" height=\"768\" src=\"https:\/\/marekkuchcinski.pl\/wp-content\/uploads\/2020\/07\/95606558_2991454810912273_6056264368260120576_n-scaled-1-1024x768.jpg\" alt=\"\" class=\"wp-image-19201\" srcset=\"https:\/\/marekkuchcinski.pl\/wp-content\/uploads\/2020\/07\/95606558_2991454810912273_6056264368260120576_n-scaled-1-1024x768.jpg 1024w, https:\/\/marekkuchcinski.pl\/wp-content\/uploads\/2020\/07\/95606558_2991454810912273_6056264368260120576_n-scaled-1-300x225.jpg 300w, https:\/\/marekkuchcinski.pl\/wp-content\/uploads\/2020\/07\/95606558_2991454810912273_6056264368260120576_n-scaled-1-768x576.jpg 768w, https:\/\/marekkuchcinski.pl\/wp-content\/uploads\/2020\/07\/95606558_2991454810912273_6056264368260120576_n-scaled-1-1536x1152.jpg 1536w, https:\/\/marekkuchcinski.pl\/wp-content\/uploads\/2020\/07\/95606558_2991454810912273_6056264368260120576_n-scaled-1-scaled.jpg 2048w\" sizes=\"(max-width: 1024px) 100vw, 1024px\" \/><\/figure>\n\n\n\n<figure class=\"wp-block-image size-large\"><img loading=\"lazy\" decoding=\"async\" width=\"1024\" height=\"768\" src=\"https:\/\/marekkuchcinski.pl\/wp-content\/uploads\/2020\/07\/95788355_2627335094212230_4342019358512381952_n-scaled-1-1024x768.jpg\" alt=\"\" class=\"wp-image-19202\" srcset=\"https:\/\/marekkuchcinski.pl\/wp-content\/uploads\/2020\/07\/95788355_2627335094212230_4342019358512381952_n-scaled-1-1024x768.jpg 1024w, https:\/\/marekkuchcinski.pl\/wp-content\/uploads\/2020\/07\/95788355_2627335094212230_4342019358512381952_n-scaled-1-300x225.jpg 300w, https:\/\/marekkuchcinski.pl\/wp-content\/uploads\/2020\/07\/95788355_2627335094212230_4342019358512381952_n-scaled-1-768x576.jpg 768w, https:\/\/marekkuchcinski.pl\/wp-content\/uploads\/2020\/07\/95788355_2627335094212230_4342019358512381952_n-scaled-1-1536x1152.jpg 1536w, https:\/\/marekkuchcinski.pl\/wp-content\/uploads\/2020\/07\/95788355_2627335094212230_4342019358512381952_n-scaled-1-scaled.jpg 2048w\" sizes=\"(max-width: 1024px) 100vw, 1024px\" \/><\/figure>","protected":false},"excerpt":{"rendered":"<p>Marek Kuchci\u0144ski z\u0142o\u017cy\u0142 kwiaty przy kamieniu po\u015bwi\u0119conym Konstytucji 3 maja w Przemy\u015blu. \u2013 Ten dzie\u0144 jest \u015bwi\u0119tem ju\u017c rok od uchwalenia, Konstytucja da\u0142a nam wielk\u0105 si\u0142\u0119, niekt\u00f3rzy historycy twierdz\u0105, \u017ce by\u0142o to pierwsze odzyskanie niepodleg\u0142o\u015bci \u2013 powiedzia\u0142 marsza\u0142ek Sejmu VIII kadencji. Marek Kuchci\u0144ski przypomnia\u0142 tak\u017ce, \u017ce rok temu w Sejmie ods\u0142oni\u0119to popiersia dw\u00f3ch marsza\u0142k\u00f3w Sejmu [&hellip;]<\/p>","protected":false},"author":17,"featured_media":19196,"comment_status":"open","ping_status":"open","sticky":false,"template":"","format":"standard","meta":{"ngg_post_thumbnail":0,"footnotes":""},"categories":[49,77,81,3],"tags":[],"class_list":["post-19195","post","type-post","status-publish","format-standard","has-post-thumbnail","hentry","category-podkarpacie","category-wazne-daty","category-wiesci-z-sejmu","category-wydarzenia"],"yoast_head":"<!-- This site is optimized with the Yoast SEO plugin v24.7 - https:\/\/yoast.com\/wordpress\/plugins\/seo\/ -->\n<title>Konstytucja 3 maja: wyraz m\u0105dro\u015bci zbiorowej Polak\u00f3w &#8211; Marek Kuchci\u0144ski<\/title>\n<meta name=\"robots\" content=\"index, follow, max-snippet:-1, max-image-preview:large, max-video-preview:-1\" \/>\n<link rel=\"canonical\" href=\"https:\/\/marekkuchcinski.pl\/en\/wydarzenia\/wyraz-madrosci-zbiorowej-polakow\/\" \/>\n<meta property=\"og:locale\" content=\"en_GB\" \/>\n<meta property=\"og:type\" content=\"article\" \/>\n<meta property=\"og:title\" content=\"Konstytucja 3 maja: wyraz m\u0105dro\u015bci zbiorowej Polak\u00f3w &#8211; Marek Kuchci\u0144ski\" \/>\n<meta property=\"og:description\" content=\"Marek Kuchci\u0144ski z\u0142o\u017cy\u0142 kwiaty przy kamieniu po\u015bwi\u0119conym Konstytucji 3 maja w Przemy\u015blu. \u2013 Ten dzie\u0144 jest \u015bwi\u0119tem ju\u017c rok od uchwalenia, Konstytucja da\u0142a nam wielk\u0105 si\u0142\u0119, niekt\u00f3rzy historycy twierdz\u0105, \u017ce by\u0142o to pierwsze odzyskanie niepodleg\u0142o\u015bci \u2013 powiedzia\u0142 marsza\u0142ek Sejmu VIII kadencji. Marek Kuchci\u0144ski przypomnia\u0142 tak\u017ce, \u017ce rok temu w Sejmie ods\u0142oni\u0119to popiersia dw\u00f3ch marsza\u0142k\u00f3w Sejmu [&hellip;]\" \/>\n<meta property=\"og:url\" content=\"https:\/\/marekkuchcinski.pl\/en\/wydarzenia\/wyraz-madrosci-zbiorowej-polakow\/\" \/>\n<meta property=\"og:site_name\" content=\"Marek Kuchci\u0144ski\" \/>\n<meta property=\"article:published_time\" content=\"2020-05-03T15:58:00+00:00\" \/>\n<meta property=\"article:modified_time\" content=\"2020-07-06T16:01:09+00:00\" \/>\n<meta property=\"og:image\" content=\"https:\/\/marekkuchcinski.pl\/wp-content\/uploads\/2020\/07\/mk-scaled-1-scaled.jpg\" \/>\n\t<meta property=\"og:image:width\" content=\"2048\" \/>\n\t<meta property=\"og:image:height\" content=\"1498\" \/>\n\t<meta property=\"og:image:type\" content=\"image\/jpeg\" \/>\n<meta name=\"author\" content=\"Tomasz \u0141acina\" \/>\n<meta name=\"twitter:card\" content=\"summary_large_image\" \/>\n<meta name=\"twitter:label1\" content=\"Written by\" \/>\n\t<meta name=\"twitter:data1\" content=\"Tomasz \u0141acina\" \/>\n\t<meta name=\"twitter:label2\" content=\"Estimated reading time\" \/>\n\t<meta name=\"twitter:data2\" content=\"2 minutes\" \/>\n<script type=\"application\/ld+json\" class=\"yoast-schema-graph\">{\"@context\":\"https:\/\/schema.org\",\"@graph\":[{\"@type\":\"Article\",\"@id\":\"https:\/\/marekkuchcinski.pl\/cs\/wydarzenia\/wyraz-madrosci-zbiorowej-polakow\/#article\",\"isPartOf\":{\"@id\":\"https:\/\/marekkuchcinski.pl\/cs\/wydarzenia\/wyraz-madrosci-zbiorowej-polakow\/\"},\"author\":{\"name\":\"Tomasz \u0141acina\",\"@id\":\"https:\/\/marekkuchcinski.pl\/#\/schema\/person\/b8a29fe7813098f7be78801d029910a7\"},\"headline\":\"Konstytucja 3 maja: wyraz m\u0105dro\u015bci zbiorowej Polak\u00f3w\",\"datePublished\":\"2020-05-03T15:58:00+00:00\",\"dateModified\":\"2020-07-06T16:01:09+00:00\",\"mainEntityOfPage\":{\"@id\":\"https:\/\/marekkuchcinski.pl\/cs\/wydarzenia\/wyraz-madrosci-zbiorowej-polakow\/\"},\"wordCount\":372,\"commentCount\":0,\"publisher\":{\"@id\":\"https:\/\/marekkuchcinski.pl\/#organization\"},\"image\":{\"@id\":\"https:\/\/marekkuchcinski.pl\/cs\/wydarzenia\/wyraz-madrosci-zbiorowej-polakow\/#primaryimage\"},\"thumbnailUrl\":\"https:\/\/marekkuchcinski.pl\/wp-content\/uploads\/2020\/07\/mk-scaled-1-scaled.jpg\",\"articleSection\":[\"Podkarpacie\",\"Wa\u017cne daty\",\"Wie\u015bci z Sejmu\",\"Wydarzenia\"],\"inLanguage\":\"en-GB\",\"potentialAction\":[{\"@type\":\"CommentAction\",\"name\":\"Comment\",\"target\":[\"https:\/\/marekkuchcinski.pl\/cs\/wydarzenia\/wyraz-madrosci-zbiorowej-polakow\/#respond\"]}]},{\"@type\":\"WebPage\",\"@id\":\"https:\/\/marekkuchcinski.pl\/cs\/wydarzenia\/wyraz-madrosci-zbiorowej-polakow\/\",\"url\":\"https:\/\/marekkuchcinski.pl\/cs\/wydarzenia\/wyraz-madrosci-zbiorowej-polakow\/\",\"name\":\"Konstytucja 3 maja: wyraz m\u0105dro\u015bci zbiorowej Polak\u00f3w &#8211; Marek Kuchci\u0144ski\",\"isPartOf\":{\"@id\":\"https:\/\/marekkuchcinski.pl\/#website\"},\"primaryImageOfPage\":{\"@id\":\"https:\/\/marekkuchcinski.pl\/cs\/wydarzenia\/wyraz-madrosci-zbiorowej-polakow\/#primaryimage\"},\"image\":{\"@id\":\"https:\/\/marekkuchcinski.pl\/cs\/wydarzenia\/wyraz-madrosci-zbiorowej-polakow\/#primaryimage\"},\"thumbnailUrl\":\"https:\/\/marekkuchcinski.pl\/wp-content\/uploads\/2020\/07\/mk-scaled-1-scaled.jpg\",\"datePublished\":\"2020-05-03T15:58:00+00:00\",\"dateModified\":\"2020-07-06T16:01:09+00:00\",\"breadcrumb\":{\"@id\":\"https:\/\/marekkuchcinski.pl\/cs\/wydarzenia\/wyraz-madrosci-zbiorowej-polakow\/#breadcrumb\"},\"inLanguage\":\"en-GB\",\"potentialAction\":[{\"@type\":\"ReadAction\",\"target\":[\"https:\/\/marekkuchcinski.pl\/cs\/wydarzenia\/wyraz-madrosci-zbiorowej-polakow\/\"]}]},{\"@type\":\"ImageObject\",\"inLanguage\":\"en-GB\",\"@id\":\"https:\/\/marekkuchcinski.pl\/cs\/wydarzenia\/wyraz-madrosci-zbiorowej-polakow\/#primaryimage\",\"url\":\"https:\/\/marekkuchcinski.pl\/wp-content\/uploads\/2020\/07\/mk-scaled-1-scaled.jpg\",\"contentUrl\":\"https:\/\/marekkuchcinski.pl\/wp-content\/uploads\/2020\/07\/mk-scaled-1-scaled.jpg\",\"width\":2048,\"height\":1498},{\"@type\":\"BreadcrumbList\",\"@id\":\"https:\/\/marekkuchcinski.pl\/cs\/wydarzenia\/wyraz-madrosci-zbiorowej-polakow\/#breadcrumb\",\"itemListElement\":[{\"@type\":\"ListItem\",\"position\":1,\"name\":\"Strona g\u0142\u00f3wna\",\"item\":\"https:\/\/marekkuchcinski.pl\/\"},{\"@type\":\"ListItem\",\"position\":2,\"name\":\"Konstytucja 3 maja: wyraz m\u0105dro\u015bci zbiorowej Polak\u00f3w\"}]},{\"@type\":\"WebSite\",\"@id\":\"https:\/\/marekkuchcinski.pl\/#website\",\"url\":\"https:\/\/marekkuchcinski.pl\/\",\"name\":\"Marek Kuchci\u0144ski\",\"description\":\"Pose\u0142 na sejm RP &ndash; okr\u0119g nr 22\",\"publisher\":{\"@id\":\"https:\/\/marekkuchcinski.pl\/#organization\"},\"potentialAction\":[{\"@type\":\"SearchAction\",\"target\":{\"@type\":\"EntryPoint\",\"urlTemplate\":\"https:\/\/marekkuchcinski.pl\/?s={search_term_string}\"},\"query-input\":{\"@type\":\"PropertyValueSpecification\",\"valueRequired\":true,\"valueName\":\"search_term_string\"}}],\"inLanguage\":\"en-GB\"},{\"@type\":\"Organization\",\"@id\":\"https:\/\/marekkuchcinski.pl\/#organization\",\"name\":\"Marek Kuchci\u0144ski\",\"url\":\"https:\/\/marekkuchcinski.pl\/\",\"logo\":{\"@type\":\"ImageObject\",\"inLanguage\":\"en-GB\",\"@id\":\"https:\/\/marekkuchcinski.pl\/#\/schema\/logo\/image\/\",\"url\":\"https:\/\/marekkuchcinski.pl\/wp-content\/uploads\/2022\/09\/Marek.jpg\",\"contentUrl\":\"https:\/\/marekkuchcinski.pl\/wp-content\/uploads\/2022\/09\/Marek.jpg\",\"width\":1600,\"height\":971,\"caption\":\"Marek Kuchci\u0144ski\"},\"image\":{\"@id\":\"https:\/\/marekkuchcinski.pl\/#\/schema\/logo\/image\/\"}},{\"@type\":\"Person\",\"@id\":\"https:\/\/marekkuchcinski.pl\/#\/schema\/person\/b8a29fe7813098f7be78801d029910a7\",\"name\":\"Tomasz \u0141acina\",\"image\":{\"@type\":\"ImageObject\",\"inLanguage\":\"en-GB\",\"@id\":\"https:\/\/marekkuchcinski.pl\/#\/schema\/person\/image\/\",\"url\":\"https:\/\/secure.gravatar.com\/avatar\/22e75f6c51aff77a676ed77dd222f852?s=96&d=mm&r=g\",\"contentUrl\":\"https:\/\/secure.gravatar.com\/avatar\/22e75f6c51aff77a676ed77dd222f852?s=96&d=mm&r=g\",\"caption\":\"Tomasz \u0141acina\"},\"url\":\"https:\/\/marekkuchcinski.pl\/en\/author\/tomek-lacina\/\"}]}<\/script>\n<!-- \/ Yoast SEO plugin. -->","yoast_head_json":{"title":"Konstytucja 3 maja: wyraz m\u0105dro\u015bci zbiorowej Polak\u00f3w &#8211; Marek Kuchci\u0144ski","robots":{"index":"index","follow":"follow","max-snippet":"max-snippet:-1","max-image-preview":"max-image-preview:large","max-video-preview":"max-video-preview:-1"},"canonical":"https:\/\/marekkuchcinski.pl\/en\/wydarzenia\/wyraz-madrosci-zbiorowej-polakow\/","og_locale":"en_GB","og_type":"article","og_title":"Konstytucja 3 maja: wyraz m\u0105dro\u015bci zbiorowej Polak\u00f3w &#8211; Marek Kuchci\u0144ski","og_description":"Marek Kuchci\u0144ski z\u0142o\u017cy\u0142 kwiaty przy kamieniu po\u015bwi\u0119conym Konstytucji 3 maja w Przemy\u015blu. \u2013 Ten dzie\u0144 jest \u015bwi\u0119tem ju\u017c rok od uchwalenia, Konstytucja da\u0142a nam wielk\u0105 si\u0142\u0119, niekt\u00f3rzy historycy twierdz\u0105, \u017ce by\u0142o to pierwsze odzyskanie niepodleg\u0142o\u015bci \u2013 powiedzia\u0142 marsza\u0142ek Sejmu VIII kadencji. Marek Kuchci\u0144ski przypomnia\u0142 tak\u017ce, \u017ce rok temu w Sejmie ods\u0142oni\u0119to popiersia dw\u00f3ch marsza\u0142k\u00f3w Sejmu [&hellip;]","og_url":"https:\/\/marekkuchcinski.pl\/en\/wydarzenia\/wyraz-madrosci-zbiorowej-polakow\/","og_site_name":"Marek Kuchci\u0144ski","article_published_time":"2020-05-03T15:58:00+00:00","article_modified_time":"2020-07-06T16:01:09+00:00","og_image":[{"width":2048,"height":1498,"url":"https:\/\/marekkuchcinski.pl\/wp-content\/uploads\/2020\/07\/mk-scaled-1-scaled.jpg","type":"image\/jpeg"}],"author":"Tomasz \u0141acina","twitter_card":"summary_large_image","twitter_misc":{"Written by":"Tomasz \u0141acina","Estimated reading time":"2 minutes"},"schema":{"@context":"https:\/\/schema.org","@graph":[{"@type":"Article","@id":"https:\/\/marekkuchcinski.pl\/cs\/wydarzenia\/wyraz-madrosci-zbiorowej-polakow\/#article","isPartOf":{"@id":"https:\/\/marekkuchcinski.pl\/cs\/wydarzenia\/wyraz-madrosci-zbiorowej-polakow\/"},"author":{"name":"Tomasz \u0141acina","@id":"https:\/\/marekkuchcinski.pl\/#\/schema\/person\/b8a29fe7813098f7be78801d029910a7"},"headline":"Konstytucja 3 maja: wyraz m\u0105dro\u015bci zbiorowej Polak\u00f3w","datePublished":"2020-05-03T15:58:00+00:00","dateModified":"2020-07-06T16:01:09+00:00","mainEntityOfPage":{"@id":"https:\/\/marekkuchcinski.pl\/cs\/wydarzenia\/wyraz-madrosci-zbiorowej-polakow\/"},"wordCount":372,"commentCount":0,"publisher":{"@id":"https:\/\/marekkuchcinski.pl\/#organization"},"image":{"@id":"https:\/\/marekkuchcinski.pl\/cs\/wydarzenia\/wyraz-madrosci-zbiorowej-polakow\/#primaryimage"},"thumbnailUrl":"https:\/\/marekkuchcinski.pl\/wp-content\/uploads\/2020\/07\/mk-scaled-1-scaled.jpg","articleSection":["Podkarpacie","Wa\u017cne daty","Wie\u015bci z Sejmu","Wydarzenia"],"inLanguage":"en-GB","potentialAction":[{"@type":"CommentAction","name":"Comment","target":["https:\/\/marekkuchcinski.pl\/cs\/wydarzenia\/wyraz-madrosci-zbiorowej-polakow\/#respond"]}]},{"@type":"WebPage","@id":"https:\/\/marekkuchcinski.pl\/cs\/wydarzenia\/wyraz-madrosci-zbiorowej-polakow\/","url":"https:\/\/marekkuchcinski.pl\/cs\/wydarzenia\/wyraz-madrosci-zbiorowej-polakow\/","name":"Konstytucja 3 maja: wyraz m\u0105dro\u015bci zbiorowej Polak\u00f3w &#8211; Marek Kuchci\u0144ski","isPartOf":{"@id":"https:\/\/marekkuchcinski.pl\/#website"},"primaryImageOfPage":{"@id":"https:\/\/marekkuchcinski.pl\/cs\/wydarzenia\/wyraz-madrosci-zbiorowej-polakow\/#primaryimage"},"image":{"@id":"https:\/\/marekkuchcinski.pl\/cs\/wydarzenia\/wyraz-madrosci-zbiorowej-polakow\/#primaryimage"},"thumbnailUrl":"https:\/\/marekkuchcinski.pl\/wp-content\/uploads\/2020\/07\/mk-scaled-1-scaled.jpg","datePublished":"2020-05-03T15:58:00+00:00","dateModified":"2020-07-06T16:01:09+00:00","breadcrumb":{"@id":"https:\/\/marekkuchcinski.pl\/cs\/wydarzenia\/wyraz-madrosci-zbiorowej-polakow\/#breadcrumb"},"inLanguage":"en-GB","potentialAction":[{"@type":"ReadAction","target":["https:\/\/marekkuchcinski.pl\/cs\/wydarzenia\/wyraz-madrosci-zbiorowej-polakow\/"]}]},{"@type":"ImageObject","inLanguage":"en-GB","@id":"https:\/\/marekkuchcinski.pl\/cs\/wydarzenia\/wyraz-madrosci-zbiorowej-polakow\/#primaryimage","url":"https:\/\/marekkuchcinski.pl\/wp-content\/uploads\/2020\/07\/mk-scaled-1-scaled.jpg","contentUrl":"https:\/\/marekkuchcinski.pl\/wp-content\/uploads\/2020\/07\/mk-scaled-1-scaled.jpg","width":2048,"height":1498},{"@type":"BreadcrumbList","@id":"https:\/\/marekkuchcinski.pl\/cs\/wydarzenia\/wyraz-madrosci-zbiorowej-polakow\/#breadcrumb","itemListElement":[{"@type":"ListItem","position":1,"name":"Strona g\u0142\u00f3wna","item":"https:\/\/marekkuchcinski.pl\/"},{"@type":"ListItem","position":2,"name":"Konstytucja 3 maja: wyraz m\u0105dro\u015bci zbiorowej Polak\u00f3w"}]},{"@type":"WebSite","@id":"https:\/\/marekkuchcinski.pl\/#website","url":"https:\/\/marekkuchcinski.pl\/","name":"Marek Kuchci\u0144ski","description":"Pose\u0142 na sejm RP &ndash; okr\u0119g nr 22","publisher":{"@id":"https:\/\/marekkuchcinski.pl\/#organization"},"potentialAction":[{"@type":"SearchAction","target":{"@type":"EntryPoint","urlTemplate":"https:\/\/marekkuchcinski.pl\/?s={search_term_string}"},"query-input":{"@type":"PropertyValueSpecification","valueRequired":true,"valueName":"search_term_string"}}],"inLanguage":"en-GB"},{"@type":"Organization","@id":"https:\/\/marekkuchcinski.pl\/#organization","name":"Marek Kuchci\u0144ski","url":"https:\/\/marekkuchcinski.pl\/","logo":{"@type":"ImageObject","inLanguage":"en-GB","@id":"https:\/\/marekkuchcinski.pl\/#\/schema\/logo\/image\/","url":"https:\/\/marekkuchcinski.pl\/wp-content\/uploads\/2022\/09\/Marek.jpg","contentUrl":"https:\/\/marekkuchcinski.pl\/wp-content\/uploads\/2022\/09\/Marek.jpg","width":1600,"height":971,"caption":"Marek Kuchci\u0144ski"},"image":{"@id":"https:\/\/marekkuchcinski.pl\/#\/schema\/logo\/image\/"}},{"@type":"Person","@id":"https:\/\/marekkuchcinski.pl\/#\/schema\/person\/b8a29fe7813098f7be78801d029910a7","name":"Tomasz \u0141acina","image":{"@type":"ImageObject","inLanguage":"en-GB","@id":"https:\/\/marekkuchcinski.pl\/#\/schema\/person\/image\/","url":"https:\/\/secure.gravatar.com\/avatar\/22e75f6c51aff77a676ed77dd222f852?s=96&d=mm&r=g","contentUrl":"https:\/\/secure.gravatar.com\/avatar\/22e75f6c51aff77a676ed77dd222f852?s=96&d=mm&r=g","caption":"Tomasz \u0141acina"},"url":"https:\/\/marekkuchcinski.pl\/en\/author\/tomek-lacina\/"}]}},"_links":{"self":[{"href":"https:\/\/marekkuchcinski.pl\/en\/wp-json\/wp\/v2\/posts\/19195","targetHints":{"allow":["GET"]}}],"collection":[{"href":"https:\/\/marekkuchcinski.pl\/en\/wp-json\/wp\/v2\/posts"}],"about":[{"href":"https:\/\/marekkuchcinski.pl\/en\/wp-json\/wp\/v2\/types\/post"}],"author":[{"embeddable":true,"href":"https:\/\/marekkuchcinski.pl\/en\/wp-json\/wp\/v2\/users\/17"}],"replies":[{"embeddable":true,"href":"https:\/\/marekkuchcinski.pl\/en\/wp-json\/wp\/v2\/comments?post=19195"}],"version-history":[{"count":1,"href":"https:\/\/marekkuchcinski.pl\/en\/wp-json\/wp\/v2\/posts\/19195\/revisions"}],"predecessor-version":[{"id":19203,"href":"https:\/\/marekkuchcinski.pl\/en\/wp-json\/wp\/v2\/posts\/19195\/revisions\/19203"}],"wp:featuredmedia":[{"embeddable":true,"href":"https:\/\/marekkuchcinski.pl\/en\/wp-json\/wp\/v2\/media\/19196"}],"wp:attachment":[{"href":"https:\/\/marekkuchcinski.pl\/en\/wp-json\/wp\/v2\/media?parent=19195"}],"wp:term":[{"taxonomy":"category","embeddable":true,"href":"https:\/\/marekkuchcinski.pl\/en\/wp-json\/wp\/v2\/categories?post=19195"},{"taxonomy":"post_tag","embeddable":true,"href":"https:\/\/marekkuchcinski.pl\/en\/wp-json\/wp\/v2\/tags?post=19195"}],"curies":[{"name":"wp","href":"https:\/\/api.w.org\/{rel}","templated":true}]}}