{"id":18519,"date":"2020-02-26T13:18:44","date_gmt":"2020-02-26T12:18:44","guid":{"rendered":"https:\/\/marekkuchcinski.pl\/?p=18519"},"modified":"2020-02-26T13:18:45","modified_gmt":"2020-02-26T12:18:45","slug":"europa-karpat-zwiekszenie-dostepnosci-na-obszarze-trojmorza-eliminacja-barier-infrastrukturalnych","status":"publish","type":"post","link":"https:\/\/marekkuchcinski.pl\/en\/wydarzenia\/europa-karpat-zwiekszenie-dostepnosci-na-obszarze-trojmorza-eliminacja-barier-infrastrukturalnych\/","title":{"rendered":"Europa Karpat: Zwi\u0119kszenie dost\u0119pno\u015bci na obszarze Tr\u00f3jmorza \u2013 eliminacja barier infrastrukturalnych"},"content":{"rendered":"<p class=\"wp-block-paragraph\">Jeste\u015bmy w trakcie wielkiego procesu historycznego, kt\u00f3ry mo\u017ce zmieni\u0107 nasz\u0105 cz\u0119\u015b\u0107 Europy. Komunikacja jest podstaw\u0105 rozwoju, a droga Via Carpatia przyczyni si\u0119 r\u00f3wnie\u017c do rozwoju wsp\u00f3\u0142pracy kulturalnej i regionalnej. W ramach tej trasy powstan\u0105 tak\u017ce okre\u015blone drogi, koleje i lotniska i miejsca pracy \u2013 powiedzia\u0142 podczas konferencji Europa Karpat jej inicjator, b. marsza\u0142ek Sejmu <strong>Marek Kuchci\u0144ski<\/strong>.<\/p>\n\n\n\n<p class=\"wp-block-paragraph\">Podczas panelu \u201eZwi\u0119kszenie dost\u0119pno\u015bci na obszarze\nTr\u00f3jmorza \u2013 eliminacja barier infrastrukturalnych\u201d ministrowie transportu\nBia\u0142orusi, Ukrainy, Litwy i W\u0119gier rozmawiali o potrzebie komunikacyjnej\nintegracji. Wed\u0142ug nich droga Via Carpatia powinna nale\u017ce\u0107 do sieci bazowej\nTEN-T i wszystko wskazuje na to, \u017ce tak si\u0119 stanie, bo 11 kraj\u00f3w popiera ten\nwniosek.<\/p>\n\n\n\n<p class=\"wp-block-paragraph\">\u2013  Pa\u0144stwa Europy \u015arodkowej powinny \u015bci\u015ble wsp\u00f3\u0142pracowa\u0107 na rzecz koordynacji kluczowych inwestycji infrastrukturalnych. Gospodarki naszych pa\u0144stw w mniejszym lub wi\u0119kszym stopniu s\u0105 wsp\u00f3\u0142zale\u017cne i od nowoczesnego skomunikowania naszego regionu zale\u017cy kondycja ka\u017cdej z nich. Razem mo\u017cemy wi\u0119cej, podzieleni \u00a0\u2013 pr\u0119dzej czy p\u00f3\u017aniej przegrywamy \u2013 powiedzia\u0142 <strong>Andrzej Adamczyk<\/strong>. Minister infrastruktury przekonywa\u0142, \u017ce znaczenie program\u00f3w infrastrukturalnych, takich jak Via Carpatia, Rail Baltica, Kolej Du\u017cych Pr\u0119dko\u015bci,\u00a0rozpatrywany jest nie tylko w skali Polski, ale te\u017c ca\u0142ego regionu Europy \u015arodkowo-Wschodniej. Tak du\u017ce projekty infrastrukturalne b\u0119d\u0105 oddzia\u0142ywa\u0142y na region, usprawniaj\u0105c komunikacj\u0119 i wymian\u0119 towarow\u0105 z korzy\u015bci\u0105 dla wszystkich kraj\u00f3w Tr\u00f3jmorza oraz Partnerstwa Wschodniego.<\/p>\n\n\n\n<p class=\"wp-block-paragraph\">Minister transportu z W\u0119gier <strong>Laszl\u00f3 Mos\u00f3czi<\/strong> przekonywa\u0142, \u017ce do ko\u0144ca 2021 roku na W\u0119grzech b\u0119dzie doko\u0144czona ca\u0142a Via Carpathia, od granicy ze S\u0142owacj\u0105, przez Miskolc do granicy z Rumuni\u0105! Przypomnia\u0142 tak\u017ce, \u017ce utworzony zosta\u0142 korytarz kolejowy Amber, kt\u00f3ry \u201eb\u0119dzie przysz\u0142o\u015bci\u0105 dla naszych dzieci&#8221;. Po\u0142\u0105czy\u0107 on ma m.in. Polsk\u0119, S\u0142owacj\u0119 i W\u0119gry szybk\u0105 lini\u0105 kolejow\u0105. <\/p>\n\n\n\n<p class=\"wp-block-paragraph\">Minister infrastruktury Ukrainy <strong>Vladislav Kriklij <\/strong>zwr\u00f3ci\u0142 uwag\u0119, \u017ce budowa\u0107 nale\u017cy nie tylko korytarze drogowe, ale r\u00f3wnie\u017c korytarze cyfrowe. \u2013 Transport to jest g\u0142\u00f3wny system ekonomii naszych kraj\u00f3w, musimy dlatego razem kooperowa\u0107 i szuka\u0107 najlepszych rozwi\u0105za\u0144 \u2013 m\u00f3wi\u0142.<\/p>\n\n\n\n<p class=\"wp-block-paragraph\">Minister transportu i komunikacji Bia\u0142orusi <strong>Aleksiej Avramenko<\/strong> podkre\u015bli\u0142, \u017ce Bia\u0142oru\u015b jest pa\u0144stwem tranzytowym, wi\u0119c kwestie budowy dr\u00f3g, kolei czy modernizacji przej\u015b\u0107 granicznych jest bardzo wa\u017cna.<\/p>\n\n\n\n<p class=\"wp-block-paragraph\">Wydarzeniem specjalnym podczas konferencji Europa Karpat by\u0142o wr\u0119czenie ministrowi Andrzejowi Adamczykowi najwy\u017cszego litewskiego odznaczenia resortowego \u201eZa zas\u0142ugi dla systemu transportu i komunikacji\u201d. Moderatorem panelu by\u0142 europose\u0142 <strong>Bogdan Rzo\u0144ca.<\/strong><\/p>\n\n\n\n<ul class=\"wp-block-gallery columns-1 is-cropped wp-block-gallery-1 is-layout-flex wp-block-gallery-is-layout-flex\"><li class=\"blocks-gallery-item\"><figure><img fetchpriority=\"high\" decoding=\"async\" width=\"1024\" height=\"683\" src=\"https:\/\/marekkuchcinski.pl\/wp-content\/uploads\/2020\/02\/minadam-\u2014-kopia-1024x683.jpg\" alt=\"\" data-id=\"18521\" data-link=\"https:\/\/marekkuchcinski.pl\/?attachment_id=18521\" class=\"wp-image-18521\" srcset=\"\" sizes=\"(max-width: 1024px) 100vw, 1024px\" data-srcset=\"\" \/><\/figure><\/li><\/ul>\n\n\n\n<figure class=\"wp-block-image\"><img decoding=\"async\" width=\"1024\" height=\"651\" src=\"https:\/\/marekkuchcinski.pl\/wp-content\/uploads\/2020\/02\/p3a-1-1024x651.jpg\" alt=\"\" class=\"wp-image-18533\" srcset=\"https:\/\/marekkuchcinski.pl\/wp-content\/uploads\/2020\/02\/p3a-1-1024x651.jpg 1024w, https:\/\/marekkuchcinski.pl\/wp-content\/uploads\/2020\/02\/p3a-1-300x191.jpg 300w, https:\/\/marekkuchcinski.pl\/wp-content\/uploads\/2020\/02\/p3a-1-768x488.jpg 768w, https:\/\/marekkuchcinski.pl\/wp-content\/uploads\/2020\/02\/p3a-1.jpg 2048w\" sizes=\"(max-width: 1024px) 100vw, 1024px\" \/><\/figure>\n\n\n\n<figure class=\"wp-block-image\"><img decoding=\"async\" width=\"1024\" height=\"682\" src=\"https:\/\/marekkuchcinski.pl\/wp-content\/uploads\/2020\/02\/Adamczyk-1024x682.jpg\" alt=\"\" class=\"wp-image-18534\" srcset=\"https:\/\/marekkuchcinski.pl\/wp-content\/uploads\/2020\/02\/Adamczyk-1024x682.jpg 1024w, https:\/\/marekkuchcinski.pl\/wp-content\/uploads\/2020\/02\/Adamczyk-300x200.jpg 300w, https:\/\/marekkuchcinski.pl\/wp-content\/uploads\/2020\/02\/Adamczyk-768x512.jpg 768w, https:\/\/marekkuchcinski.pl\/wp-content\/uploads\/2020\/02\/Adamczyk.jpg 2048w\" sizes=\"(max-width: 1024px) 100vw, 1024px\" \/><\/figure>\n\n\n\n<figure class=\"wp-block-image\"><img loading=\"lazy\" decoding=\"async\" width=\"1024\" height=\"704\" src=\"https:\/\/marekkuchcinski.pl\/wp-content\/uploads\/2020\/02\/m3-1024x704.jpg\" alt=\"\" class=\"wp-image-18536\" srcset=\"https:\/\/marekkuchcinski.pl\/wp-content\/uploads\/2020\/02\/m3-1024x704.jpg 1024w, https:\/\/marekkuchcinski.pl\/wp-content\/uploads\/2020\/02\/m3-300x206.jpg 300w, https:\/\/marekkuchcinski.pl\/wp-content\/uploads\/2020\/02\/m3-768x528.jpg 768w, https:\/\/marekkuchcinski.pl\/wp-content\/uploads\/2020\/02\/m3.jpg 2048w\" sizes=\"(max-width: 1024px) 100vw, 1024px\" \/><\/figure>\n\n\n\n<figure class=\"wp-block-image\"><img loading=\"lazy\" decoding=\"async\" width=\"1024\" height=\"682\" src=\"https:\/\/marekkuchcinski.pl\/wp-content\/uploads\/2020\/02\/MKEK-1024x682.jpg\" alt=\"\" class=\"wp-image-18537\" srcset=\"https:\/\/marekkuchcinski.pl\/wp-content\/uploads\/2020\/02\/MKEK-1024x682.jpg 1024w, https:\/\/marekkuchcinski.pl\/wp-content\/uploads\/2020\/02\/MKEK-300x200.jpg 300w, https:\/\/marekkuchcinski.pl\/wp-content\/uploads\/2020\/02\/MKEK-768x512.jpg 768w, https:\/\/marekkuchcinski.pl\/wp-content\/uploads\/2020\/02\/MKEK.jpg 2048w\" sizes=\"(max-width: 1024px) 100vw, 1024px\" \/><\/figure>","protected":false},"excerpt":{"rendered":"<p>Jeste\u015bmy w trakcie wielkiego procesu historycznego, kt\u00f3ry mo\u017ce zmieni\u0107 nasz\u0105 cz\u0119\u015b\u0107 Europy. Komunikacja jest podstaw\u0105 rozwoju, a droga Via Carpatia przyczyni si\u0119 r\u00f3wnie\u017c do rozwoju wsp\u00f3\u0142pracy kulturalnej i regionalnej. W ramach tej trasy powstan\u0105 tak\u017ce okre\u015blone drogi, koleje i lotniska i miejsca pracy \u2013 powiedzia\u0142 podczas konferencji Europa Karpat jej inicjator, b. marsza\u0142ek Sejmu Marek [&hellip;]<\/p>\n","protected":false},"author":1,"featured_media":18536,"comment_status":"open","ping_status":"open","sticky":false,"template":"","format":"standard","meta":{"ngg_post_thumbnail":0,"footnotes":""},"categories":[78,49,50,3],"tags":[],"class_list":["post-18519","post","type-post","status-publish","format-standard","has-post-thumbnail","hentry","category-europa-karpat","category-podkarpacie","category-wspolpraca-miedzynarodowa","category-wydarzenia"],"yoast_head":"<!-- This site is optimized with the Yoast SEO plugin v28.4 - https:\/\/yoast.com\/product\/yoast-seo-wordpress\/ -->\n<title>Europa Karpat: Zwi\u0119kszenie dost\u0119pno\u015bci na obszarze Tr\u00f3jmorza \u2013 eliminacja barier infrastrukturalnych &#8211; Marek Kuchci\u0144ski<\/title>\n<meta name=\"robots\" content=\"index, follow, max-snippet:-1, max-image-preview:large, max-video-preview:-1\" \/>\n<link rel=\"canonical\" href=\"https:\/\/marekkuchcinski.pl\/en\/wydarzenia\/europa-karpat-zwiekszenie-dostepnosci-na-obszarze-trojmorza-eliminacja-barier-infrastrukturalnych\/\" \/>\n<meta property=\"og:locale\" content=\"en_GB\" \/>\n<meta property=\"og:type\" content=\"article\" \/>\n<meta property=\"og:title\" content=\"Europa Karpat: Zwi\u0119kszenie dost\u0119pno\u015bci na obszarze Tr\u00f3jmorza \u2013 eliminacja barier infrastrukturalnych &#8211; Marek Kuchci\u0144ski\" \/>\n<meta property=\"og:description\" content=\"Jeste\u015bmy w trakcie wielkiego procesu historycznego, kt\u00f3ry mo\u017ce zmieni\u0107 nasz\u0105 cz\u0119\u015b\u0107 Europy. Komunikacja jest podstaw\u0105 rozwoju, a droga Via Carpatia przyczyni si\u0119 r\u00f3wnie\u017c do rozwoju wsp\u00f3\u0142pracy kulturalnej i regionalnej. W ramach tej trasy powstan\u0105 tak\u017ce okre\u015blone drogi, koleje i lotniska i miejsca pracy \u2013 powiedzia\u0142 podczas konferencji Europa Karpat jej inicjator, b. marsza\u0142ek Sejmu Marek [&hellip;]\" \/>\n<meta property=\"og:url\" content=\"https:\/\/marekkuchcinski.pl\/en\/wydarzenia\/europa-karpat-zwiekszenie-dostepnosci-na-obszarze-trojmorza-eliminacja-barier-infrastrukturalnych\/\" \/>\n<meta property=\"og:site_name\" content=\"Marek Kuchci\u0144ski\" \/>\n<meta property=\"article:published_time\" content=\"2020-02-26T12:18:44+00:00\" \/>\n<meta property=\"article:modified_time\" content=\"2020-02-26T12:18:45+00:00\" \/>\n<meta property=\"og:image\" content=\"https:\/\/marekkuchcinski.pl\/wp-content\/uploads\/2020\/02\/m3.jpg\" \/>\n\t<meta property=\"og:image:width\" content=\"2048\" \/>\n\t<meta property=\"og:image:height\" content=\"1407\" \/>\n\t<meta property=\"og:image:type\" content=\"image\/jpeg\" \/>\n<meta name=\"author\" content=\"admin\" \/>\n<meta name=\"twitter:card\" content=\"summary_large_image\" \/>\n<meta name=\"twitter:label1\" content=\"Written by\" \/>\n\t<meta name=\"twitter:data1\" content=\"admin\" \/>\n\t<meta name=\"twitter:label2\" content=\"Est. reading time\" \/>\n\t<meta name=\"twitter:data2\" content=\"2 minutes\" \/>\n<script type=\"application\/ld+json\" class=\"yoast-schema-graph\">{\"@context\":\"https:\\\/\\\/schema.org\",\"@graph\":[{\"@type\":\"Article\",\"@id\":\"https:\\\/\\\/marekkuchcinski.pl\\\/wydarzenia\\\/europa-karpat-zwiekszenie-dostepnosci-na-obszarze-trojmorza-eliminacja-barier-infrastrukturalnych\\\/#article\",\"isPartOf\":{\"@id\":\"https:\\\/\\\/marekkuchcinski.pl\\\/wydarzenia\\\/europa-karpat-zwiekszenie-dostepnosci-na-obszarze-trojmorza-eliminacja-barier-infrastrukturalnych\\\/\"},\"author\":{\"name\":\"admin\",\"@id\":\"https:\\\/\\\/marekkuchcinski.pl\\\/#\\\/schema\\\/person\\\/3df5731f1d989baf25555b5a344773d5\"},\"headline\":\"Europa Karpat: Zwi\u0119kszenie dost\u0119pno\u015bci na obszarze Tr\u00f3jmorza \u2013 eliminacja barier infrastrukturalnych\",\"datePublished\":\"2020-02-26T12:18:44+00:00\",\"dateModified\":\"2020-02-26T12:18:45+00:00\",\"mainEntityOfPage\":{\"@id\":\"https:\\\/\\\/marekkuchcinski.pl\\\/wydarzenia\\\/europa-karpat-zwiekszenie-dostepnosci-na-obszarze-trojmorza-eliminacja-barier-infrastrukturalnych\\\/\"},\"wordCount\":432,\"commentCount\":0,\"publisher\":{\"@id\":\"https:\\\/\\\/marekkuchcinski.pl\\\/#organization\"},\"image\":{\"@id\":\"https:\\\/\\\/marekkuchcinski.pl\\\/wydarzenia\\\/europa-karpat-zwiekszenie-dostepnosci-na-obszarze-trojmorza-eliminacja-barier-infrastrukturalnych\\\/#primaryimage\"},\"thumbnailUrl\":\"https:\\\/\\\/marekkuchcinski.pl\\\/wp-content\\\/uploads\\\/2020\\\/02\\\/m3.jpg\",\"articleSection\":[\"Europa Karpat\",\"Podkarpacie\",\"Wsp\u00f3\u0142praca mi\u0119dzynarodowa\",\"Wydarzenia\"],\"inLanguage\":\"en-GB\",\"potentialAction\":[{\"@type\":\"CommentAction\",\"name\":\"Comment\",\"target\":[\"https:\\\/\\\/marekkuchcinski.pl\\\/wydarzenia\\\/europa-karpat-zwiekszenie-dostepnosci-na-obszarze-trojmorza-eliminacja-barier-infrastrukturalnych\\\/#respond\"]}]},{\"@type\":\"WebPage\",\"@id\":\"https:\\\/\\\/marekkuchcinski.pl\\\/wydarzenia\\\/europa-karpat-zwiekszenie-dostepnosci-na-obszarze-trojmorza-eliminacja-barier-infrastrukturalnych\\\/\",\"url\":\"https:\\\/\\\/marekkuchcinski.pl\\\/wydarzenia\\\/europa-karpat-zwiekszenie-dostepnosci-na-obszarze-trojmorza-eliminacja-barier-infrastrukturalnych\\\/\",\"name\":\"Europa Karpat: Zwi\u0119kszenie dost\u0119pno\u015bci na obszarze Tr\u00f3jmorza \u2013 eliminacja barier infrastrukturalnych &#8211; Marek Kuchci\u0144ski\",\"isPartOf\":{\"@id\":\"https:\\\/\\\/marekkuchcinski.pl\\\/#website\"},\"primaryImageOfPage\":{\"@id\":\"https:\\\/\\\/marekkuchcinski.pl\\\/wydarzenia\\\/europa-karpat-zwiekszenie-dostepnosci-na-obszarze-trojmorza-eliminacja-barier-infrastrukturalnych\\\/#primaryimage\"},\"image\":{\"@id\":\"https:\\\/\\\/marekkuchcinski.pl\\\/wydarzenia\\\/europa-karpat-zwiekszenie-dostepnosci-na-obszarze-trojmorza-eliminacja-barier-infrastrukturalnych\\\/#primaryimage\"},\"thumbnailUrl\":\"https:\\\/\\\/marekkuchcinski.pl\\\/wp-content\\\/uploads\\\/2020\\\/02\\\/m3.jpg\",\"datePublished\":\"2020-02-26T12:18:44+00:00\",\"dateModified\":\"2020-02-26T12:18:45+00:00\",\"breadcrumb\":{\"@id\":\"https:\\\/\\\/marekkuchcinski.pl\\\/wydarzenia\\\/europa-karpat-zwiekszenie-dostepnosci-na-obszarze-trojmorza-eliminacja-barier-infrastrukturalnych\\\/#breadcrumb\"},\"inLanguage\":\"en-GB\",\"potentialAction\":[{\"@type\":\"ReadAction\",\"target\":[\"https:\\\/\\\/marekkuchcinski.pl\\\/wydarzenia\\\/europa-karpat-zwiekszenie-dostepnosci-na-obszarze-trojmorza-eliminacja-barier-infrastrukturalnych\\\/\"]}]},{\"@type\":\"ImageObject\",\"inLanguage\":\"en-GB\",\"@id\":\"https:\\\/\\\/marekkuchcinski.pl\\\/wydarzenia\\\/europa-karpat-zwiekszenie-dostepnosci-na-obszarze-trojmorza-eliminacja-barier-infrastrukturalnych\\\/#primaryimage\",\"url\":\"https:\\\/\\\/marekkuchcinski.pl\\\/wp-content\\\/uploads\\\/2020\\\/02\\\/m3.jpg\",\"contentUrl\":\"https:\\\/\\\/marekkuchcinski.pl\\\/wp-content\\\/uploads\\\/2020\\\/02\\\/m3.jpg\",\"width\":2048,\"height\":1407},{\"@type\":\"BreadcrumbList\",\"@id\":\"https:\\\/\\\/marekkuchcinski.pl\\\/wydarzenia\\\/europa-karpat-zwiekszenie-dostepnosci-na-obszarze-trojmorza-eliminacja-barier-infrastrukturalnych\\\/#breadcrumb\",\"itemListElement\":[{\"@type\":\"ListItem\",\"position\":1,\"name\":\"Strona g\u0142\u00f3wna\",\"item\":\"https:\\\/\\\/marekkuchcinski.pl\\\/\"},{\"@type\":\"ListItem\",\"position\":2,\"name\":\"Europa Karpat: Zwi\u0119kszenie dost\u0119pno\u015bci na obszarze Tr\u00f3jmorza \u2013 eliminacja barier infrastrukturalnych\"}]},{\"@type\":\"WebSite\",\"@id\":\"https:\\\/\\\/marekkuchcinski.pl\\\/#website\",\"url\":\"https:\\\/\\\/marekkuchcinski.pl\\\/\",\"name\":\"Marek Kuchci\u0144ski\",\"description\":\"Marek Kuchci\u0144ski \",\"publisher\":{\"@id\":\"https:\\\/\\\/marekkuchcinski.pl\\\/#organization\"},\"potentialAction\":[{\"@type\":\"SearchAction\",\"target\":{\"@type\":\"EntryPoint\",\"urlTemplate\":\"https:\\\/\\\/marekkuchcinski.pl\\\/?s={search_term_string}\"},\"query-input\":{\"@type\":\"PropertyValueSpecification\",\"valueRequired\":true,\"valueName\":\"search_term_string\"}}],\"inLanguage\":\"en-GB\"},{\"@type\":\"Organization\",\"@id\":\"https:\\\/\\\/marekkuchcinski.pl\\\/#organization\",\"name\":\"Marek Kuchci\u0144ski\",\"url\":\"https:\\\/\\\/marekkuchcinski.pl\\\/\",\"logo\":{\"@type\":\"ImageObject\",\"inLanguage\":\"en-GB\",\"@id\":\"https:\\\/\\\/marekkuchcinski.pl\\\/#\\\/schema\\\/logo\\\/image\\\/\",\"url\":\"https:\\\/\\\/marekkuchcinski.pl\\\/wp-content\\\/uploads\\\/2022\\\/09\\\/Marek.jpg\",\"contentUrl\":\"https:\\\/\\\/marekkuchcinski.pl\\\/wp-content\\\/uploads\\\/2022\\\/09\\\/Marek.jpg\",\"width\":1600,\"height\":971,\"caption\":\"Marek Kuchci\u0144ski\"},\"image\":{\"@id\":\"https:\\\/\\\/marekkuchcinski.pl\\\/#\\\/schema\\\/logo\\\/image\\\/\"}},{\"@type\":\"Person\",\"@id\":\"https:\\\/\\\/marekkuchcinski.pl\\\/#\\\/schema\\\/person\\\/3df5731f1d989baf25555b5a344773d5\",\"name\":\"admin\",\"image\":{\"@type\":\"ImageObject\",\"inLanguage\":\"en-GB\",\"@id\":\"https:\\\/\\\/secure.gravatar.com\\\/avatar\\\/8fdd2bf34b2a04a8cfb92bbed2c60d558452e5d61a8064e677da4778b9cf4898?s=96&d=mm&r=g\",\"url\":\"https:\\\/\\\/secure.gravatar.com\\\/avatar\\\/8fdd2bf34b2a04a8cfb92bbed2c60d558452e5d61a8064e677da4778b9cf4898?s=96&d=mm&r=g\",\"contentUrl\":\"https:\\\/\\\/secure.gravatar.com\\\/avatar\\\/8fdd2bf34b2a04a8cfb92bbed2c60d558452e5d61a8064e677da4778b9cf4898?s=96&d=mm&r=g\",\"caption\":\"admin\"},\"sameAs\":[\"https:\\\/\\\/marekkuchcinski.pl\"],\"url\":\"https:\\\/\\\/marekkuchcinski.pl\\\/en\\\/author\\\/admin\\\/\"}]}<\/script>\n<!-- \/ Yoast SEO plugin. -->","yoast_head_json":{"title":"Europa Karpat: Zwi\u0119kszenie dost\u0119pno\u015bci na obszarze Tr\u00f3jmorza \u2013 eliminacja barier infrastrukturalnych &#8211; Marek Kuchci\u0144ski","robots":{"index":"index","follow":"follow","max-snippet":"max-snippet:-1","max-image-preview":"max-image-preview:large","max-video-preview":"max-video-preview:-1"},"canonical":"https:\/\/marekkuchcinski.pl\/en\/wydarzenia\/europa-karpat-zwiekszenie-dostepnosci-na-obszarze-trojmorza-eliminacja-barier-infrastrukturalnych\/","og_locale":"en_GB","og_type":"article","og_title":"Europa Karpat: Zwi\u0119kszenie dost\u0119pno\u015bci na obszarze Tr\u00f3jmorza \u2013 eliminacja barier infrastrukturalnych &#8211; Marek Kuchci\u0144ski","og_description":"Jeste\u015bmy w trakcie wielkiego procesu historycznego, kt\u00f3ry mo\u017ce zmieni\u0107 nasz\u0105 cz\u0119\u015b\u0107 Europy. Komunikacja jest podstaw\u0105 rozwoju, a droga Via Carpatia przyczyni si\u0119 r\u00f3wnie\u017c do rozwoju wsp\u00f3\u0142pracy kulturalnej i regionalnej. W ramach tej trasy powstan\u0105 tak\u017ce okre\u015blone drogi, koleje i lotniska i miejsca pracy \u2013 powiedzia\u0142 podczas konferencji Europa Karpat jej inicjator, b. marsza\u0142ek Sejmu Marek [&hellip;]","og_url":"https:\/\/marekkuchcinski.pl\/en\/wydarzenia\/europa-karpat-zwiekszenie-dostepnosci-na-obszarze-trojmorza-eliminacja-barier-infrastrukturalnych\/","og_site_name":"Marek Kuchci\u0144ski","article_published_time":"2020-02-26T12:18:44+00:00","article_modified_time":"2020-02-26T12:18:45+00:00","og_image":[{"width":2048,"height":1407,"url":"https:\/\/marekkuchcinski.pl\/wp-content\/uploads\/2020\/02\/m3.jpg","type":"image\/jpeg"}],"author":"admin","twitter_card":"summary_large_image","twitter_misc":{"Written by":"admin","Est. reading time":"2 minutes"},"schema":{"@context":"https:\/\/schema.org","@graph":[{"@type":"Article","@id":"https:\/\/marekkuchcinski.pl\/wydarzenia\/europa-karpat-zwiekszenie-dostepnosci-na-obszarze-trojmorza-eliminacja-barier-infrastrukturalnych\/#article","isPartOf":{"@id":"https:\/\/marekkuchcinski.pl\/wydarzenia\/europa-karpat-zwiekszenie-dostepnosci-na-obszarze-trojmorza-eliminacja-barier-infrastrukturalnych\/"},"author":{"name":"admin","@id":"https:\/\/marekkuchcinski.pl\/#\/schema\/person\/3df5731f1d989baf25555b5a344773d5"},"headline":"Europa Karpat: Zwi\u0119kszenie dost\u0119pno\u015bci na obszarze Tr\u00f3jmorza \u2013 eliminacja barier infrastrukturalnych","datePublished":"2020-02-26T12:18:44+00:00","dateModified":"2020-02-26T12:18:45+00:00","mainEntityOfPage":{"@id":"https:\/\/marekkuchcinski.pl\/wydarzenia\/europa-karpat-zwiekszenie-dostepnosci-na-obszarze-trojmorza-eliminacja-barier-infrastrukturalnych\/"},"wordCount":432,"commentCount":0,"publisher":{"@id":"https:\/\/marekkuchcinski.pl\/#organization"},"image":{"@id":"https:\/\/marekkuchcinski.pl\/wydarzenia\/europa-karpat-zwiekszenie-dostepnosci-na-obszarze-trojmorza-eliminacja-barier-infrastrukturalnych\/#primaryimage"},"thumbnailUrl":"https:\/\/marekkuchcinski.pl\/wp-content\/uploads\/2020\/02\/m3.jpg","articleSection":["Europa Karpat","Podkarpacie","Wsp\u00f3\u0142praca mi\u0119dzynarodowa","Wydarzenia"],"inLanguage":"en-GB","potentialAction":[{"@type":"CommentAction","name":"Comment","target":["https:\/\/marekkuchcinski.pl\/wydarzenia\/europa-karpat-zwiekszenie-dostepnosci-na-obszarze-trojmorza-eliminacja-barier-infrastrukturalnych\/#respond"]}]},{"@type":"WebPage","@id":"https:\/\/marekkuchcinski.pl\/wydarzenia\/europa-karpat-zwiekszenie-dostepnosci-na-obszarze-trojmorza-eliminacja-barier-infrastrukturalnych\/","url":"https:\/\/marekkuchcinski.pl\/wydarzenia\/europa-karpat-zwiekszenie-dostepnosci-na-obszarze-trojmorza-eliminacja-barier-infrastrukturalnych\/","name":"Europa Karpat: Zwi\u0119kszenie dost\u0119pno\u015bci na obszarze Tr\u00f3jmorza \u2013 eliminacja barier infrastrukturalnych &#8211; Marek Kuchci\u0144ski","isPartOf":{"@id":"https:\/\/marekkuchcinski.pl\/#website"},"primaryImageOfPage":{"@id":"https:\/\/marekkuchcinski.pl\/wydarzenia\/europa-karpat-zwiekszenie-dostepnosci-na-obszarze-trojmorza-eliminacja-barier-infrastrukturalnych\/#primaryimage"},"image":{"@id":"https:\/\/marekkuchcinski.pl\/wydarzenia\/europa-karpat-zwiekszenie-dostepnosci-na-obszarze-trojmorza-eliminacja-barier-infrastrukturalnych\/#primaryimage"},"thumbnailUrl":"https:\/\/marekkuchcinski.pl\/wp-content\/uploads\/2020\/02\/m3.jpg","datePublished":"2020-02-26T12:18:44+00:00","dateModified":"2020-02-26T12:18:45+00:00","breadcrumb":{"@id":"https:\/\/marekkuchcinski.pl\/wydarzenia\/europa-karpat-zwiekszenie-dostepnosci-na-obszarze-trojmorza-eliminacja-barier-infrastrukturalnych\/#breadcrumb"},"inLanguage":"en-GB","potentialAction":[{"@type":"ReadAction","target":["https:\/\/marekkuchcinski.pl\/wydarzenia\/europa-karpat-zwiekszenie-dostepnosci-na-obszarze-trojmorza-eliminacja-barier-infrastrukturalnych\/"]}]},{"@type":"ImageObject","inLanguage":"en-GB","@id":"https:\/\/marekkuchcinski.pl\/wydarzenia\/europa-karpat-zwiekszenie-dostepnosci-na-obszarze-trojmorza-eliminacja-barier-infrastrukturalnych\/#primaryimage","url":"https:\/\/marekkuchcinski.pl\/wp-content\/uploads\/2020\/02\/m3.jpg","contentUrl":"https:\/\/marekkuchcinski.pl\/wp-content\/uploads\/2020\/02\/m3.jpg","width":2048,"height":1407},{"@type":"BreadcrumbList","@id":"https:\/\/marekkuchcinski.pl\/wydarzenia\/europa-karpat-zwiekszenie-dostepnosci-na-obszarze-trojmorza-eliminacja-barier-infrastrukturalnych\/#breadcrumb","itemListElement":[{"@type":"ListItem","position":1,"name":"Strona g\u0142\u00f3wna","item":"https:\/\/marekkuchcinski.pl\/"},{"@type":"ListItem","position":2,"name":"Europa Karpat: Zwi\u0119kszenie dost\u0119pno\u015bci na obszarze Tr\u00f3jmorza \u2013 eliminacja barier infrastrukturalnych"}]},{"@type":"WebSite","@id":"https:\/\/marekkuchcinski.pl\/#website","url":"https:\/\/marekkuchcinski.pl\/","name":"Marek Kuchci\u0144ski","description":"Marek Kuchci\u0144ski","publisher":{"@id":"https:\/\/marekkuchcinski.pl\/#organization"},"potentialAction":[{"@type":"SearchAction","target":{"@type":"EntryPoint","urlTemplate":"https:\/\/marekkuchcinski.pl\/?s={search_term_string}"},"query-input":{"@type":"PropertyValueSpecification","valueRequired":true,"valueName":"search_term_string"}}],"inLanguage":"en-GB"},{"@type":"Organization","@id":"https:\/\/marekkuchcinski.pl\/#organization","name":"Marek Kuchci\u0144ski","url":"https:\/\/marekkuchcinski.pl\/","logo":{"@type":"ImageObject","inLanguage":"en-GB","@id":"https:\/\/marekkuchcinski.pl\/#\/schema\/logo\/image\/","url":"https:\/\/marekkuchcinski.pl\/wp-content\/uploads\/2022\/09\/Marek.jpg","contentUrl":"https:\/\/marekkuchcinski.pl\/wp-content\/uploads\/2022\/09\/Marek.jpg","width":1600,"height":971,"caption":"Marek Kuchci\u0144ski"},"image":{"@id":"https:\/\/marekkuchcinski.pl\/#\/schema\/logo\/image\/"}},{"@type":"Person","@id":"https:\/\/marekkuchcinski.pl\/#\/schema\/person\/3df5731f1d989baf25555b5a344773d5","name":"admin","image":{"@type":"ImageObject","inLanguage":"en-GB","@id":"https:\/\/secure.gravatar.com\/avatar\/8fdd2bf34b2a04a8cfb92bbed2c60d558452e5d61a8064e677da4778b9cf4898?s=96&d=mm&r=g","url":"https:\/\/secure.gravatar.com\/avatar\/8fdd2bf34b2a04a8cfb92bbed2c60d558452e5d61a8064e677da4778b9cf4898?s=96&d=mm&r=g","contentUrl":"https:\/\/secure.gravatar.com\/avatar\/8fdd2bf34b2a04a8cfb92bbed2c60d558452e5d61a8064e677da4778b9cf4898?s=96&d=mm&r=g","caption":"admin"},"sameAs":["https:\/\/marekkuchcinski.pl"],"url":"https:\/\/marekkuchcinski.pl\/en\/author\/admin\/"}]}},"_links":{"self":[{"href":"https:\/\/marekkuchcinski.pl\/en\/wp-json\/wp\/v2\/posts\/18519","targetHints":{"allow":["GET"]}}],"collection":[{"href":"https:\/\/marekkuchcinski.pl\/en\/wp-json\/wp\/v2\/posts"}],"about":[{"href":"https:\/\/marekkuchcinski.pl\/en\/wp-json\/wp\/v2\/types\/post"}],"author":[{"embeddable":true,"href":"https:\/\/marekkuchcinski.pl\/en\/wp-json\/wp\/v2\/users\/1"}],"replies":[{"embeddable":true,"href":"https:\/\/marekkuchcinski.pl\/en\/wp-json\/wp\/v2\/comments?post=18519"}],"version-history":[{"count":4,"href":"https:\/\/marekkuchcinski.pl\/en\/wp-json\/wp\/v2\/posts\/18519\/revisions"}],"predecessor-version":[{"id":18540,"href":"https:\/\/marekkuchcinski.pl\/en\/wp-json\/wp\/v2\/posts\/18519\/revisions\/18540"}],"wp:featuredmedia":[{"embeddable":true,"href":"https:\/\/marekkuchcinski.pl\/en\/wp-json\/wp\/v2\/media\/18536"}],"wp:attachment":[{"href":"https:\/\/marekkuchcinski.pl\/en\/wp-json\/wp\/v2\/media?parent=18519"}],"wp:term":[{"taxonomy":"category","embeddable":true,"href":"https:\/\/marekkuchcinski.pl\/en\/wp-json\/wp\/v2\/categories?post=18519"},{"taxonomy":"post_tag","embeddable":true,"href":"https:\/\/marekkuchcinski.pl\/en\/wp-json\/wp\/v2\/tags?post=18519"}],"curies":[{"name":"wp","href":"https:\/\/api.w.org\/{rel}","templated":true}]}}