{"id":18369,"date":"2020-02-06T12:20:33","date_gmt":"2020-02-06T11:20:33","guid":{"rendered":"https:\/\/marekkuchcinski.pl\/?p=18369"},"modified":"2020-02-06T13:13:53","modified_gmt":"2020-02-06T12:13:53","slug":"marek-kuchcinski-nadrabiamy-ogromne-zaleglosci-priorytetem-jest-rozbudowa-infrastruktury-komunikacyjnej-internetowej-drogowej-kolejowej-lotniczej","status":"publish","type":"post","link":"https:\/\/marekkuchcinski.pl\/en\/wydarzenia\/marek-kuchcinski-nadrabiamy-ogromne-zaleglosci-priorytetem-jest-rozbudowa-infrastruktury-komunikacyjnej-internetowej-drogowej-kolejowej-lotniczej\/","title":{"rendered":"Marek Kuchci\u0144ski: Aby nast\u0105pi\u0142o prawdziwe zbli\u017cenie Polski z Europ\u0105, musimy nadrobi\u0107 zaleg\u0142o\u015bci w rozbudowie infrastruktury komunikacyjnej: sieci drogowej, kolejowej, lotniczej i internetowej ca\u0142ego naszego regionu"},"content":{"rendered":"<p class=\"wp-block-paragraph\">W Jasionce na Podkarpaciu zako\u0144czy\u0142o si\u0119 Forum\nEuropa-Ukraina. Politycy, przedsi\u0119biorcy i eksperci wymieniali my\u015bli i\ndo\u015bwiadczenia na tematy gospodarcze, ekonomiczne i kulturowe. Jednym z g\u0142\u00f3wnych\nmotyw\u00f3w tegorocznego forum by\u0142a sytuacja po zmianie w\u0142adzy na Ukrainie, a\ndyskusje koncentrowa\u0142y si\u0119 wok\u00f3\u0142 has\u0142a \u201eNowe mo\u017cliwo\u015bci \u2013 stare\nzagro\u017cenia&#8221;.<\/p>\n\n\n\n<p class=\"wp-block-paragraph\">Imprez\u0119 otworzyli marsza\u0142kowie Marek Kuchci\u0144ski i W\u0142adys\u0142aw Ortyl. \u2013 Chcia\u0142bym zwr\u00f3ci\u0107 uwag\u0119, jak my w Europie \u015arodkowo-Wschodniej dbamy o to, \u017ceby dost\u0119pno\u015b\u0107 do naszych pa\u0144stw, kt\u00f3re od 30 lat s\u0105 niepodleg\u0142e, zwi\u0119ksza\u0142a si\u0119. \u017byczymy, aby omawiane podczas forum zagadnienia s\u0142u\u017cy\u0142y nam wszystkim tutaj i w ca\u0142ej Europie, a przede wszystkim Europie \u015arodkowej. Zach\u0119cam te\u017c do popierania nowej idei komunikacyjnej utworzenia wielkiej transeuropejskiej trasy komunikacyjnej, superekspresu Kij\u00f3w \u2013 Pary\u017c przez Rzesz\u00f3w, Krak\u00f3w, Drezno, Monachium \u2013 powiedzia\u0142 Marek Kuchci\u0144ski.<\/p>\n\n\n\n<p class=\"wp-block-paragraph\">Podczas gali ko\u0144cz\u0105cej pierwszy dzie\u0144 Forum przyznano nagrody Karpackiej Europy Wsp\u00f3lnych Warto\u015bci. Laureatami zostali Wiera Meniok, dyrektor Fundacji \u201eMuzeum i Festiwal Brunona Schulza\u201d w Drohobyczu oraz prof. Stanis\u0142aw St\u0119pie\u0144, dyrektor Po\u0142udniowo-Wschodniego Instytutu Naukowego  w Przemy\u015blu, specjalizuj\u0105cy si\u0119 w problematyce stosunk\u00f3w polsko-ukrai\u0144skich. <\/p>\n\n\n\n<figure class=\"wp-block-image\"><img fetchpriority=\"high\" decoding=\"async\" width=\"1024\" height=\"683\" src=\"https:\/\/marekkuchcinski.pl\/wp-content\/uploads\/2020\/02\/RZ__0553-1024x683.jpg\" alt=\"\" class=\"wp-image-18370\" srcset=\"https:\/\/marekkuchcinski.pl\/wp-content\/uploads\/2020\/02\/RZ__0553-1024x683.jpg 1024w, https:\/\/marekkuchcinski.pl\/wp-content\/uploads\/2020\/02\/RZ__0553-300x200.jpg 300w, https:\/\/marekkuchcinski.pl\/wp-content\/uploads\/2020\/02\/RZ__0553-768x512.jpg 768w, https:\/\/marekkuchcinski.pl\/wp-content\/uploads\/2020\/02\/RZ__0553.jpg 2048w\" sizes=\"(max-width: 1024px) 100vw, 1024px\" \/><\/figure>\n\n\n\n<figure class=\"wp-block-image\"><img decoding=\"async\" width=\"1024\" height=\"683\" src=\"https:\/\/marekkuchcinski.pl\/wp-content\/uploads\/2020\/02\/RZ__0555-1024x683.jpg\" alt=\"\" class=\"wp-image-18371\" srcset=\"https:\/\/marekkuchcinski.pl\/wp-content\/uploads\/2020\/02\/RZ__0555-1024x683.jpg 1024w, https:\/\/marekkuchcinski.pl\/wp-content\/uploads\/2020\/02\/RZ__0555-300x200.jpg 300w, https:\/\/marekkuchcinski.pl\/wp-content\/uploads\/2020\/02\/RZ__0555-768x512.jpg 768w, https:\/\/marekkuchcinski.pl\/wp-content\/uploads\/2020\/02\/RZ__0555.jpg 2048w\" sizes=\"(max-width: 1024px) 100vw, 1024px\" \/><\/figure>\n\n\n\n<figure class=\"wp-block-image\"><img decoding=\"async\" width=\"680\" height=\"465\" src=\"https:\/\/marekkuchcinski.pl\/wp-content\/uploads\/2020\/02\/EQBbp6XW4AIo_Qh.jpeg\" alt=\"\" class=\"wp-image-18386\" srcset=\"https:\/\/marekkuchcinski.pl\/wp-content\/uploads\/2020\/02\/EQBbp6XW4AIo_Qh.jpeg 680w, https:\/\/marekkuchcinski.pl\/wp-content\/uploads\/2020\/02\/EQBbp6XW4AIo_Qh-300x205.jpeg 300w\" sizes=\"(max-width: 680px) 100vw, 680px\" \/><\/figure>\n\n\n\n<p class=\"wp-block-paragraph\">Drugiego dnia Forum &nbsp;dyskutowano m.in. o realizacji\nwsp\u00f3lnych inicjatyw na pograniczu polsko-s\u0142owackim. Przewodnicz\u0105cy Parlamentarnego\nZespo\u0142u Karpackiego pose\u0142 Marek Kuchci\u0144ski poruszy\u0142 temat polityki pa\u0144stwa w\nzakresie kreowania i rozwoju wsp\u00f3\u0142pracy transgranicznej.<\/p>\n\n\n\n<p class=\"wp-block-paragraph\">\u2013 Nadrabiamy ogromne zaleg\u0142o\u015bci, wi\u0119c wyzwa\u0144 przed nami jest bardzo wiele \u2013 przekonywa\u0142. &nbsp;Wed\u0142ug marsza\u0142ka &nbsp;jednym z najwa\u017cniejszych obszar\u00f3w jest likwidacja braku dost\u0119pno\u015bci. \u2013 To jest pi\u0119ta Achillesowa naszej cz\u0119\u015bci Europy. Od kilku lat rozbudowa infrastruktury komunikacyjnej \u2013 od internetowej poprzez drogow\u0105, kolejow\u0105, lotnicz\u0105 na kierunek P\u00f3\u0142noc \u2013 &nbsp;Po\u0142udnie Europy \u2013 jest naszym priorytetem \u2013 m\u00f3wi\u0142 Marek Kuchci\u0144ski. Podkre\u015bli\u0142 wag\u0119 wsp\u00f3\u0142pracy w obszarze duchowo\u015bci i s\u0105siedzkiej mentalno\u015bci, a tak\u017ce rol\u0119, jak\u0105 odgrywa wymiana informacji, wspieranie inicjatyw kulturalnych, ochrona dziedzictwa, kt\u00f3re tkwi w lokalnych spo\u0142eczno\u015bciach, czy wsp\u00f3\u0142praca samorz\u0105dow\u0105 pas\u00f3w przygranicznych.<\/p>\n\n\n\n<p class=\"wp-block-paragraph\">\u2013 Je\u015bli we\u017amiemy pod uwag\u0119 analiz\u0119 \u015brodk\u00f3w, funduszy, jakimi Polska i S\u0142owacja dysponowa\u0142y, plus fundusze europejskie, za\u0142\u00f3\u017cmy 170 mln euro wydawanych w projektach mijaj\u0105cej siedmiolatki, to prosz\u0119 zwr\u00f3ci\u0107 uwag\u0119, \u017ce nie ma tam jednego du\u017cego og\u00f3lnopa\u0144stwowego strategicznego projektu, kt\u00f3ry by przetrwa\u0142 pokolenie. Pieni\u0105dze s\u0105 dobrze wydawane, ale na projekty niewielkie, lokalne.&nbsp;Zach\u0119cam pa\u0144stwa ze S\u0142owacji i Polski do wskazania dw\u00f3ch, trzech wa\u017cnych, strategicznych projekt\u00f3w, kt\u00f3re by\u0142yby elementem wzmacniaj\u0105cym nasz\u0105 wsp\u00f3\u0142prac\u0119.&nbsp;Mamy plany, inicjatywy dotycz\u0105ce dost\u0119pno\u015bci, jak Via Carpatia, na kt\u00f3r\u0105 nie patrz\u0119 tylko jako na drog\u0119 ekspresow\u0105 czy sie\u0107 po\u0142\u0105cze\u0144, ale jako na obszar, na poziomie kt\u00f3rego rozwijaj\u0105 si\u0119 inne formy wsp\u00f3\u0142pracy, np. instytucji kultury w ramach Via Culturalia, wsp\u00f3\u0142praca regionalna instytucji samorz\u0105dowych od Litwy po Turcj\u0119 czy Grecj\u0119 \u2013 powiedzia\u0142 by\u0142y marsza\u0142ek Sejmu.<\/p>\n\n\n\n<p class=\"wp-block-paragraph\">\u2013 Brak dost\u0119pno\u015bci hamuje rozw\u00f3j, cho\u0107by kontakt\u00f3w biznesowych.&nbsp;Nale\u017cy doprowadzi\u0107 do uruchomienia szybkich kolei \u0142\u0105cz\u0105cych stolice, tj. Warszawa, Bratys\u0142awa i dalej na Po\u0142udnie.&nbsp;Na \u015al\u0105sku wa\u017cne jest doko\u0144czenie autostrady S1, odtworzenie wcze\u015bniej istniej\u0105cych dr\u00f3g karpackich: na Muszyn\u0119, przez \u0141upk\u00f3w, nie tylko do miejscowo\u015bci s\u0142owackich, a\u017c na W\u0119gry. Zwracam uwag\u0119 na lotnictwo, wok\u00f3\u0142 Tatr przyda\u0142aby si\u0119 r\u00f3wnie\u017c \u015bcie\u017cka rowerowa, mo\u017cemy my\u015ble\u0107 o przebiciu tunelu pod Tatrami. Gdyby\u015bmy mieli infrastruktur\u0119 drogowo-kolejow\u0105 przygotowan\u0105 do wdro\u017cenia, to w\u00f3wczas nie by\u0142oby problemu z lat 90., gdy spe\u0142z\u0142y na niczym pomys\u0142y polsko-s\u0142owackiej olimpiady zimowej. A to s\u0105 wyzwania, kt\u00f3re powinny by\u0107 realizowane przez rz\u0105dy \u2013 promowanie naszego pa\u0144stwa poprzez takie inicjatywy \u2013 zaznaczy\u0142 marsza\u0142ek. <\/p>\n\n\n\n<p class=\"wp-block-paragraph\">Wed\u0142ug Marka Kuchci\u0144skiego nieocenion\u0105 rol\u0119 w promocji regionu zajmuje sztuka.  \u2013 Zainspirowa\u0142 mnie rze\u017abiarz, artysta plastyk (Karpacka Akademia Sztuki)&nbsp; Piotr Bies, kt\u00f3ry zaproponowa\u0142, by\u015bmy je\u017cd\u017c\u0105c samochodami, zamiast pustych ochronnych \u015bcian, mogli podziwia\u0107 dzie\u0142a, dekoracje nawi\u0105zuj\u0105cych do tradycji lokalnych tw\u00f3rc\u00f3w \u2013 m\u00f3wi\u0142 Marek Kuchci\u0144ski. <\/p>\n\n\n\n<figure class=\"wp-block-image\"><img loading=\"lazy\" decoding=\"async\" width=\"1024\" height=\"683\" src=\"https:\/\/marekkuchcinski.pl\/wp-content\/uploads\/2020\/02\/RZ__1194-1024x683.jpg\" alt=\"\" class=\"wp-image-18373\" srcset=\"https:\/\/marekkuchcinski.pl\/wp-content\/uploads\/2020\/02\/RZ__1194-1024x683.jpg 1024w, https:\/\/marekkuchcinski.pl\/wp-content\/uploads\/2020\/02\/RZ__1194-300x200.jpg 300w, https:\/\/marekkuchcinski.pl\/wp-content\/uploads\/2020\/02\/RZ__1194-768x512.jpg 768w, https:\/\/marekkuchcinski.pl\/wp-content\/uploads\/2020\/02\/RZ__1194.jpg 2048w\" sizes=\"(max-width: 1024px) 100vw, 1024px\" \/><\/figure>\n\n\n\n<figure class=\"wp-block-image\"><img loading=\"lazy\" decoding=\"async\" width=\"706\" height=\"470\" src=\"https:\/\/marekkuchcinski.pl\/wp-content\/uploads\/2020\/02\/forum-eu-pp.jpg\" alt=\"\" class=\"wp-image-18374\" srcset=\"https:\/\/marekkuchcinski.pl\/wp-content\/uploads\/2020\/02\/forum-eu-pp.jpg 706w, https:\/\/marekkuchcinski.pl\/wp-content\/uploads\/2020\/02\/forum-eu-pp-300x200.jpg 300w\" sizes=\"(max-width: 706px) 100vw, 706px\" \/><\/figure>\n\n\n\n<p class=\"wp-block-paragraph\"><em>fot. Rafa\u0142 Zambrzycki\/ Kancelaria Sejmu<\/em><\/p>","protected":false},"excerpt":{"rendered":"<p>W Jasionce na Podkarpaciu zako\u0144czy\u0142o si\u0119 Forum Europa-Ukraina. Politycy, przedsi\u0119biorcy i eksperci wymieniali my\u015bli i do\u015bwiadczenia na tematy gospodarcze, ekonomiczne i kulturowe. Jednym z g\u0142\u00f3wnych motyw\u00f3w tegorocznego forum by\u0142a sytuacja po zmianie w\u0142adzy na Ukrainie, a dyskusje koncentrowa\u0142y si\u0119 wok\u00f3\u0142 has\u0142a \u201eNowe mo\u017cliwo\u015bci \u2013 stare zagro\u017cenia&#8221;. Imprez\u0119 otworzyli marsza\u0142kowie Marek Kuchci\u0144ski i W\u0142adys\u0142aw Ortyl. \u2013 [&hellip;]<\/p>\n","protected":false},"author":1,"featured_media":18374,"comment_status":"open","ping_status":"open","sticky":false,"template":"","format":"standard","meta":{"ngg_post_thumbnail":0,"footnotes":""},"categories":[49,50,3],"tags":[],"class_list":["post-18369","post","type-post","status-publish","format-standard","has-post-thumbnail","hentry","category-podkarpacie","category-wspolpraca-miedzynarodowa","category-wydarzenia"],"yoast_head":"<!-- This site is optimized with the Yoast SEO plugin v28.4 - https:\/\/yoast.com\/product\/yoast-seo-wordpress\/ -->\n<title>Marek Kuchci\u0144ski: Aby nast\u0105pi\u0142o prawdziwe zbli\u017cenie Polski z Europ\u0105, musimy nadrobi\u0107 zaleg\u0142o\u015bci w rozbudowie infrastruktury komunikacyjnej: sieci drogowej, kolejowej, lotniczej i internetowej ca\u0142ego naszego regionu &#8211; Marek Kuchci\u0144ski<\/title>\n<meta name=\"robots\" content=\"index, follow, max-snippet:-1, max-image-preview:large, max-video-preview:-1\" \/>\n<link rel=\"canonical\" href=\"https:\/\/marekkuchcinski.pl\/en\/wydarzenia\/marek-kuchcinski-nadrabiamy-ogromne-zaleglosci-priorytetem-jest-rozbudowa-infrastruktury-komunikacyjnej-internetowej-drogowej-kolejowej-lotniczej\/\" \/>\n<meta property=\"og:locale\" content=\"en_GB\" \/>\n<meta property=\"og:type\" content=\"article\" \/>\n<meta property=\"og:title\" content=\"Marek Kuchci\u0144ski: Aby nast\u0105pi\u0142o prawdziwe zbli\u017cenie Polski z Europ\u0105, musimy nadrobi\u0107 zaleg\u0142o\u015bci w rozbudowie infrastruktury komunikacyjnej: sieci drogowej, kolejowej, lotniczej i internetowej ca\u0142ego naszego regionu &#8211; Marek Kuchci\u0144ski\" \/>\n<meta property=\"og:description\" content=\"W Jasionce na Podkarpaciu zako\u0144czy\u0142o si\u0119 Forum Europa-Ukraina. Politycy, przedsi\u0119biorcy i eksperci wymieniali my\u015bli i do\u015bwiadczenia na tematy gospodarcze, ekonomiczne i kulturowe. Jednym z g\u0142\u00f3wnych motyw\u00f3w tegorocznego forum by\u0142a sytuacja po zmianie w\u0142adzy na Ukrainie, a dyskusje koncentrowa\u0142y si\u0119 wok\u00f3\u0142 has\u0142a \u201eNowe mo\u017cliwo\u015bci \u2013 stare zagro\u017cenia&#8221;. Imprez\u0119 otworzyli marsza\u0142kowie Marek Kuchci\u0144ski i W\u0142adys\u0142aw Ortyl. \u2013 [&hellip;]\" \/>\n<meta property=\"og:url\" content=\"https:\/\/marekkuchcinski.pl\/en\/wydarzenia\/marek-kuchcinski-nadrabiamy-ogromne-zaleglosci-priorytetem-jest-rozbudowa-infrastruktury-komunikacyjnej-internetowej-drogowej-kolejowej-lotniczej\/\" \/>\n<meta property=\"og:site_name\" content=\"Marek Kuchci\u0144ski\" \/>\n<meta property=\"article:published_time\" content=\"2020-02-06T11:20:33+00:00\" \/>\n<meta property=\"article:modified_time\" content=\"2020-02-06T12:13:53+00:00\" \/>\n<meta property=\"og:image\" content=\"https:\/\/marekkuchcinski.pl\/wp-content\/uploads\/2020\/02\/forum-eu-pp.jpg\" \/>\n\t<meta property=\"og:image:width\" content=\"706\" \/>\n\t<meta property=\"og:image:height\" content=\"470\" \/>\n\t<meta property=\"og:image:type\" content=\"image\/jpeg\" \/>\n<meta name=\"author\" content=\"admin\" \/>\n<meta name=\"twitter:card\" content=\"summary_large_image\" \/>\n<meta name=\"twitter:label1\" content=\"Written by\" \/>\n\t<meta name=\"twitter:data1\" content=\"admin\" \/>\n\t<meta name=\"twitter:label2\" content=\"Est. reading time\" \/>\n\t<meta name=\"twitter:data2\" content=\"4 minutes\" \/>\n<script type=\"application\/ld+json\" class=\"yoast-schema-graph\">{\"@context\":\"https:\\\/\\\/schema.org\",\"@graph\":[{\"@type\":\"Article\",\"@id\":\"https:\\\/\\\/marekkuchcinski.pl\\\/wydarzenia\\\/marek-kuchcinski-nadrabiamy-ogromne-zaleglosci-priorytetem-jest-rozbudowa-infrastruktury-komunikacyjnej-internetowej-drogowej-kolejowej-lotniczej\\\/#article\",\"isPartOf\":{\"@id\":\"https:\\\/\\\/marekkuchcinski.pl\\\/wydarzenia\\\/marek-kuchcinski-nadrabiamy-ogromne-zaleglosci-priorytetem-jest-rozbudowa-infrastruktury-komunikacyjnej-internetowej-drogowej-kolejowej-lotniczej\\\/\"},\"author\":{\"name\":\"admin\",\"@id\":\"https:\\\/\\\/marekkuchcinski.pl\\\/#\\\/schema\\\/person\\\/3df5731f1d989baf25555b5a344773d5\"},\"headline\":\"Marek Kuchci\u0144ski: Aby nast\u0105pi\u0142o prawdziwe zbli\u017cenie Polski z Europ\u0105, musimy nadrobi\u0107 zaleg\u0142o\u015bci w rozbudowie infrastruktury komunikacyjnej: sieci drogowej, kolejowej, lotniczej i internetowej ca\u0142ego naszego regionu\",\"datePublished\":\"2020-02-06T11:20:33+00:00\",\"dateModified\":\"2020-02-06T12:13:53+00:00\",\"mainEntityOfPage\":{\"@id\":\"https:\\\/\\\/marekkuchcinski.pl\\\/wydarzenia\\\/marek-kuchcinski-nadrabiamy-ogromne-zaleglosci-priorytetem-jest-rozbudowa-infrastruktury-komunikacyjnej-internetowej-drogowej-kolejowej-lotniczej\\\/\"},\"wordCount\":748,\"commentCount\":0,\"publisher\":{\"@id\":\"https:\\\/\\\/marekkuchcinski.pl\\\/#organization\"},\"image\":{\"@id\":\"https:\\\/\\\/marekkuchcinski.pl\\\/wydarzenia\\\/marek-kuchcinski-nadrabiamy-ogromne-zaleglosci-priorytetem-jest-rozbudowa-infrastruktury-komunikacyjnej-internetowej-drogowej-kolejowej-lotniczej\\\/#primaryimage\"},\"thumbnailUrl\":\"https:\\\/\\\/marekkuchcinski.pl\\\/wp-content\\\/uploads\\\/2020\\\/02\\\/forum-eu-pp.jpg\",\"articleSection\":[\"Podkarpacie\",\"Wsp\u00f3\u0142praca mi\u0119dzynarodowa\",\"Wydarzenia\"],\"inLanguage\":\"en-GB\",\"potentialAction\":[{\"@type\":\"CommentAction\",\"name\":\"Comment\",\"target\":[\"https:\\\/\\\/marekkuchcinski.pl\\\/wydarzenia\\\/marek-kuchcinski-nadrabiamy-ogromne-zaleglosci-priorytetem-jest-rozbudowa-infrastruktury-komunikacyjnej-internetowej-drogowej-kolejowej-lotniczej\\\/#respond\"]}]},{\"@type\":\"WebPage\",\"@id\":\"https:\\\/\\\/marekkuchcinski.pl\\\/wydarzenia\\\/marek-kuchcinski-nadrabiamy-ogromne-zaleglosci-priorytetem-jest-rozbudowa-infrastruktury-komunikacyjnej-internetowej-drogowej-kolejowej-lotniczej\\\/\",\"url\":\"https:\\\/\\\/marekkuchcinski.pl\\\/wydarzenia\\\/marek-kuchcinski-nadrabiamy-ogromne-zaleglosci-priorytetem-jest-rozbudowa-infrastruktury-komunikacyjnej-internetowej-drogowej-kolejowej-lotniczej\\\/\",\"name\":\"Marek Kuchci\u0144ski: Aby nast\u0105pi\u0142o prawdziwe zbli\u017cenie Polski z Europ\u0105, musimy nadrobi\u0107 zaleg\u0142o\u015bci w rozbudowie infrastruktury komunikacyjnej: sieci drogowej, kolejowej, lotniczej i internetowej ca\u0142ego naszego regionu &#8211; Marek Kuchci\u0144ski\",\"isPartOf\":{\"@id\":\"https:\\\/\\\/marekkuchcinski.pl\\\/#website\"},\"primaryImageOfPage\":{\"@id\":\"https:\\\/\\\/marekkuchcinski.pl\\\/wydarzenia\\\/marek-kuchcinski-nadrabiamy-ogromne-zaleglosci-priorytetem-jest-rozbudowa-infrastruktury-komunikacyjnej-internetowej-drogowej-kolejowej-lotniczej\\\/#primaryimage\"},\"image\":{\"@id\":\"https:\\\/\\\/marekkuchcinski.pl\\\/wydarzenia\\\/marek-kuchcinski-nadrabiamy-ogromne-zaleglosci-priorytetem-jest-rozbudowa-infrastruktury-komunikacyjnej-internetowej-drogowej-kolejowej-lotniczej\\\/#primaryimage\"},\"thumbnailUrl\":\"https:\\\/\\\/marekkuchcinski.pl\\\/wp-content\\\/uploads\\\/2020\\\/02\\\/forum-eu-pp.jpg\",\"datePublished\":\"2020-02-06T11:20:33+00:00\",\"dateModified\":\"2020-02-06T12:13:53+00:00\",\"breadcrumb\":{\"@id\":\"https:\\\/\\\/marekkuchcinski.pl\\\/wydarzenia\\\/marek-kuchcinski-nadrabiamy-ogromne-zaleglosci-priorytetem-jest-rozbudowa-infrastruktury-komunikacyjnej-internetowej-drogowej-kolejowej-lotniczej\\\/#breadcrumb\"},\"inLanguage\":\"en-GB\",\"potentialAction\":[{\"@type\":\"ReadAction\",\"target\":[\"https:\\\/\\\/marekkuchcinski.pl\\\/wydarzenia\\\/marek-kuchcinski-nadrabiamy-ogromne-zaleglosci-priorytetem-jest-rozbudowa-infrastruktury-komunikacyjnej-internetowej-drogowej-kolejowej-lotniczej\\\/\"]}]},{\"@type\":\"ImageObject\",\"inLanguage\":\"en-GB\",\"@id\":\"https:\\\/\\\/marekkuchcinski.pl\\\/wydarzenia\\\/marek-kuchcinski-nadrabiamy-ogromne-zaleglosci-priorytetem-jest-rozbudowa-infrastruktury-komunikacyjnej-internetowej-drogowej-kolejowej-lotniczej\\\/#primaryimage\",\"url\":\"https:\\\/\\\/marekkuchcinski.pl\\\/wp-content\\\/uploads\\\/2020\\\/02\\\/forum-eu-pp.jpg\",\"contentUrl\":\"https:\\\/\\\/marekkuchcinski.pl\\\/wp-content\\\/uploads\\\/2020\\\/02\\\/forum-eu-pp.jpg\",\"width\":706,\"height\":470},{\"@type\":\"BreadcrumbList\",\"@id\":\"https:\\\/\\\/marekkuchcinski.pl\\\/wydarzenia\\\/marek-kuchcinski-nadrabiamy-ogromne-zaleglosci-priorytetem-jest-rozbudowa-infrastruktury-komunikacyjnej-internetowej-drogowej-kolejowej-lotniczej\\\/#breadcrumb\",\"itemListElement\":[{\"@type\":\"ListItem\",\"position\":1,\"name\":\"Strona g\u0142\u00f3wna\",\"item\":\"https:\\\/\\\/marekkuchcinski.pl\\\/\"},{\"@type\":\"ListItem\",\"position\":2,\"name\":\"Marek Kuchci\u0144ski: Aby nast\u0105pi\u0142o prawdziwe zbli\u017cenie Polski z Europ\u0105, musimy nadrobi\u0107 zaleg\u0142o\u015bci w rozbudowie infrastruktury komunikacyjnej: sieci drogowej, kolejowej, lotniczej i internetowej ca\u0142ego naszego regionu\"}]},{\"@type\":\"WebSite\",\"@id\":\"https:\\\/\\\/marekkuchcinski.pl\\\/#website\",\"url\":\"https:\\\/\\\/marekkuchcinski.pl\\\/\",\"name\":\"Marek Kuchci\u0144ski\",\"description\":\"Marek Kuchci\u0144ski \",\"publisher\":{\"@id\":\"https:\\\/\\\/marekkuchcinski.pl\\\/#organization\"},\"potentialAction\":[{\"@type\":\"SearchAction\",\"target\":{\"@type\":\"EntryPoint\",\"urlTemplate\":\"https:\\\/\\\/marekkuchcinski.pl\\\/?s={search_term_string}\"},\"query-input\":{\"@type\":\"PropertyValueSpecification\",\"valueRequired\":true,\"valueName\":\"search_term_string\"}}],\"inLanguage\":\"en-GB\"},{\"@type\":\"Organization\",\"@id\":\"https:\\\/\\\/marekkuchcinski.pl\\\/#organization\",\"name\":\"Marek Kuchci\u0144ski\",\"url\":\"https:\\\/\\\/marekkuchcinski.pl\\\/\",\"logo\":{\"@type\":\"ImageObject\",\"inLanguage\":\"en-GB\",\"@id\":\"https:\\\/\\\/marekkuchcinski.pl\\\/#\\\/schema\\\/logo\\\/image\\\/\",\"url\":\"https:\\\/\\\/marekkuchcinski.pl\\\/wp-content\\\/uploads\\\/2022\\\/09\\\/Marek.jpg\",\"contentUrl\":\"https:\\\/\\\/marekkuchcinski.pl\\\/wp-content\\\/uploads\\\/2022\\\/09\\\/Marek.jpg\",\"width\":1600,\"height\":971,\"caption\":\"Marek Kuchci\u0144ski\"},\"image\":{\"@id\":\"https:\\\/\\\/marekkuchcinski.pl\\\/#\\\/schema\\\/logo\\\/image\\\/\"}},{\"@type\":\"Person\",\"@id\":\"https:\\\/\\\/marekkuchcinski.pl\\\/#\\\/schema\\\/person\\\/3df5731f1d989baf25555b5a344773d5\",\"name\":\"admin\",\"image\":{\"@type\":\"ImageObject\",\"inLanguage\":\"en-GB\",\"@id\":\"https:\\\/\\\/secure.gravatar.com\\\/avatar\\\/8fdd2bf34b2a04a8cfb92bbed2c60d558452e5d61a8064e677da4778b9cf4898?s=96&d=mm&r=g\",\"url\":\"https:\\\/\\\/secure.gravatar.com\\\/avatar\\\/8fdd2bf34b2a04a8cfb92bbed2c60d558452e5d61a8064e677da4778b9cf4898?s=96&d=mm&r=g\",\"contentUrl\":\"https:\\\/\\\/secure.gravatar.com\\\/avatar\\\/8fdd2bf34b2a04a8cfb92bbed2c60d558452e5d61a8064e677da4778b9cf4898?s=96&d=mm&r=g\",\"caption\":\"admin\"},\"sameAs\":[\"https:\\\/\\\/marekkuchcinski.pl\"],\"url\":\"https:\\\/\\\/marekkuchcinski.pl\\\/en\\\/author\\\/admin\\\/\"}]}<\/script>\n<!-- \/ Yoast SEO plugin. -->","yoast_head_json":{"title":"Marek Kuchci\u0144ski: Aby nast\u0105pi\u0142o prawdziwe zbli\u017cenie Polski z Europ\u0105, musimy nadrobi\u0107 zaleg\u0142o\u015bci w rozbudowie infrastruktury komunikacyjnej: sieci drogowej, kolejowej, lotniczej i internetowej ca\u0142ego naszego regionu &#8211; Marek Kuchci\u0144ski","robots":{"index":"index","follow":"follow","max-snippet":"max-snippet:-1","max-image-preview":"max-image-preview:large","max-video-preview":"max-video-preview:-1"},"canonical":"https:\/\/marekkuchcinski.pl\/en\/wydarzenia\/marek-kuchcinski-nadrabiamy-ogromne-zaleglosci-priorytetem-jest-rozbudowa-infrastruktury-komunikacyjnej-internetowej-drogowej-kolejowej-lotniczej\/","og_locale":"en_GB","og_type":"article","og_title":"Marek Kuchci\u0144ski: Aby nast\u0105pi\u0142o prawdziwe zbli\u017cenie Polski z Europ\u0105, musimy nadrobi\u0107 zaleg\u0142o\u015bci w rozbudowie infrastruktury komunikacyjnej: sieci drogowej, kolejowej, lotniczej i internetowej ca\u0142ego naszego regionu &#8211; Marek Kuchci\u0144ski","og_description":"W Jasionce na Podkarpaciu zako\u0144czy\u0142o si\u0119 Forum Europa-Ukraina. Politycy, przedsi\u0119biorcy i eksperci wymieniali my\u015bli i do\u015bwiadczenia na tematy gospodarcze, ekonomiczne i kulturowe. Jednym z g\u0142\u00f3wnych motyw\u00f3w tegorocznego forum by\u0142a sytuacja po zmianie w\u0142adzy na Ukrainie, a dyskusje koncentrowa\u0142y si\u0119 wok\u00f3\u0142 has\u0142a \u201eNowe mo\u017cliwo\u015bci \u2013 stare zagro\u017cenia&#8221;. Imprez\u0119 otworzyli marsza\u0142kowie Marek Kuchci\u0144ski i W\u0142adys\u0142aw Ortyl. \u2013 [&hellip;]","og_url":"https:\/\/marekkuchcinski.pl\/en\/wydarzenia\/marek-kuchcinski-nadrabiamy-ogromne-zaleglosci-priorytetem-jest-rozbudowa-infrastruktury-komunikacyjnej-internetowej-drogowej-kolejowej-lotniczej\/","og_site_name":"Marek Kuchci\u0144ski","article_published_time":"2020-02-06T11:20:33+00:00","article_modified_time":"2020-02-06T12:13:53+00:00","og_image":[{"width":706,"height":470,"url":"https:\/\/marekkuchcinski.pl\/wp-content\/uploads\/2020\/02\/forum-eu-pp.jpg","type":"image\/jpeg"}],"author":"admin","twitter_card":"summary_large_image","twitter_misc":{"Written by":"admin","Est. reading time":"4 minutes"},"schema":{"@context":"https:\/\/schema.org","@graph":[{"@type":"Article","@id":"https:\/\/marekkuchcinski.pl\/wydarzenia\/marek-kuchcinski-nadrabiamy-ogromne-zaleglosci-priorytetem-jest-rozbudowa-infrastruktury-komunikacyjnej-internetowej-drogowej-kolejowej-lotniczej\/#article","isPartOf":{"@id":"https:\/\/marekkuchcinski.pl\/wydarzenia\/marek-kuchcinski-nadrabiamy-ogromne-zaleglosci-priorytetem-jest-rozbudowa-infrastruktury-komunikacyjnej-internetowej-drogowej-kolejowej-lotniczej\/"},"author":{"name":"admin","@id":"https:\/\/marekkuchcinski.pl\/#\/schema\/person\/3df5731f1d989baf25555b5a344773d5"},"headline":"Marek Kuchci\u0144ski: Aby nast\u0105pi\u0142o prawdziwe zbli\u017cenie Polski z Europ\u0105, musimy nadrobi\u0107 zaleg\u0142o\u015bci w rozbudowie infrastruktury komunikacyjnej: sieci drogowej, kolejowej, lotniczej i internetowej ca\u0142ego naszego regionu","datePublished":"2020-02-06T11:20:33+00:00","dateModified":"2020-02-06T12:13:53+00:00","mainEntityOfPage":{"@id":"https:\/\/marekkuchcinski.pl\/wydarzenia\/marek-kuchcinski-nadrabiamy-ogromne-zaleglosci-priorytetem-jest-rozbudowa-infrastruktury-komunikacyjnej-internetowej-drogowej-kolejowej-lotniczej\/"},"wordCount":748,"commentCount":0,"publisher":{"@id":"https:\/\/marekkuchcinski.pl\/#organization"},"image":{"@id":"https:\/\/marekkuchcinski.pl\/wydarzenia\/marek-kuchcinski-nadrabiamy-ogromne-zaleglosci-priorytetem-jest-rozbudowa-infrastruktury-komunikacyjnej-internetowej-drogowej-kolejowej-lotniczej\/#primaryimage"},"thumbnailUrl":"https:\/\/marekkuchcinski.pl\/wp-content\/uploads\/2020\/02\/forum-eu-pp.jpg","articleSection":["Podkarpacie","Wsp\u00f3\u0142praca mi\u0119dzynarodowa","Wydarzenia"],"inLanguage":"en-GB","potentialAction":[{"@type":"CommentAction","name":"Comment","target":["https:\/\/marekkuchcinski.pl\/wydarzenia\/marek-kuchcinski-nadrabiamy-ogromne-zaleglosci-priorytetem-jest-rozbudowa-infrastruktury-komunikacyjnej-internetowej-drogowej-kolejowej-lotniczej\/#respond"]}]},{"@type":"WebPage","@id":"https:\/\/marekkuchcinski.pl\/wydarzenia\/marek-kuchcinski-nadrabiamy-ogromne-zaleglosci-priorytetem-jest-rozbudowa-infrastruktury-komunikacyjnej-internetowej-drogowej-kolejowej-lotniczej\/","url":"https:\/\/marekkuchcinski.pl\/wydarzenia\/marek-kuchcinski-nadrabiamy-ogromne-zaleglosci-priorytetem-jest-rozbudowa-infrastruktury-komunikacyjnej-internetowej-drogowej-kolejowej-lotniczej\/","name":"Marek Kuchci\u0144ski: Aby nast\u0105pi\u0142o prawdziwe zbli\u017cenie Polski z Europ\u0105, musimy nadrobi\u0107 zaleg\u0142o\u015bci w rozbudowie infrastruktury komunikacyjnej: sieci drogowej, kolejowej, lotniczej i internetowej ca\u0142ego naszego regionu &#8211; Marek Kuchci\u0144ski","isPartOf":{"@id":"https:\/\/marekkuchcinski.pl\/#website"},"primaryImageOfPage":{"@id":"https:\/\/marekkuchcinski.pl\/wydarzenia\/marek-kuchcinski-nadrabiamy-ogromne-zaleglosci-priorytetem-jest-rozbudowa-infrastruktury-komunikacyjnej-internetowej-drogowej-kolejowej-lotniczej\/#primaryimage"},"image":{"@id":"https:\/\/marekkuchcinski.pl\/wydarzenia\/marek-kuchcinski-nadrabiamy-ogromne-zaleglosci-priorytetem-jest-rozbudowa-infrastruktury-komunikacyjnej-internetowej-drogowej-kolejowej-lotniczej\/#primaryimage"},"thumbnailUrl":"https:\/\/marekkuchcinski.pl\/wp-content\/uploads\/2020\/02\/forum-eu-pp.jpg","datePublished":"2020-02-06T11:20:33+00:00","dateModified":"2020-02-06T12:13:53+00:00","breadcrumb":{"@id":"https:\/\/marekkuchcinski.pl\/wydarzenia\/marek-kuchcinski-nadrabiamy-ogromne-zaleglosci-priorytetem-jest-rozbudowa-infrastruktury-komunikacyjnej-internetowej-drogowej-kolejowej-lotniczej\/#breadcrumb"},"inLanguage":"en-GB","potentialAction":[{"@type":"ReadAction","target":["https:\/\/marekkuchcinski.pl\/wydarzenia\/marek-kuchcinski-nadrabiamy-ogromne-zaleglosci-priorytetem-jest-rozbudowa-infrastruktury-komunikacyjnej-internetowej-drogowej-kolejowej-lotniczej\/"]}]},{"@type":"ImageObject","inLanguage":"en-GB","@id":"https:\/\/marekkuchcinski.pl\/wydarzenia\/marek-kuchcinski-nadrabiamy-ogromne-zaleglosci-priorytetem-jest-rozbudowa-infrastruktury-komunikacyjnej-internetowej-drogowej-kolejowej-lotniczej\/#primaryimage","url":"https:\/\/marekkuchcinski.pl\/wp-content\/uploads\/2020\/02\/forum-eu-pp.jpg","contentUrl":"https:\/\/marekkuchcinski.pl\/wp-content\/uploads\/2020\/02\/forum-eu-pp.jpg","width":706,"height":470},{"@type":"BreadcrumbList","@id":"https:\/\/marekkuchcinski.pl\/wydarzenia\/marek-kuchcinski-nadrabiamy-ogromne-zaleglosci-priorytetem-jest-rozbudowa-infrastruktury-komunikacyjnej-internetowej-drogowej-kolejowej-lotniczej\/#breadcrumb","itemListElement":[{"@type":"ListItem","position":1,"name":"Strona g\u0142\u00f3wna","item":"https:\/\/marekkuchcinski.pl\/"},{"@type":"ListItem","position":2,"name":"Marek Kuchci\u0144ski: Aby nast\u0105pi\u0142o prawdziwe zbli\u017cenie Polski z Europ\u0105, musimy nadrobi\u0107 zaleg\u0142o\u015bci w rozbudowie infrastruktury komunikacyjnej: sieci drogowej, kolejowej, lotniczej i internetowej ca\u0142ego naszego regionu"}]},{"@type":"WebSite","@id":"https:\/\/marekkuchcinski.pl\/#website","url":"https:\/\/marekkuchcinski.pl\/","name":"Marek Kuchci\u0144ski","description":"Marek Kuchci\u0144ski","publisher":{"@id":"https:\/\/marekkuchcinski.pl\/#organization"},"potentialAction":[{"@type":"SearchAction","target":{"@type":"EntryPoint","urlTemplate":"https:\/\/marekkuchcinski.pl\/?s={search_term_string}"},"query-input":{"@type":"PropertyValueSpecification","valueRequired":true,"valueName":"search_term_string"}}],"inLanguage":"en-GB"},{"@type":"Organization","@id":"https:\/\/marekkuchcinski.pl\/#organization","name":"Marek Kuchci\u0144ski","url":"https:\/\/marekkuchcinski.pl\/","logo":{"@type":"ImageObject","inLanguage":"en-GB","@id":"https:\/\/marekkuchcinski.pl\/#\/schema\/logo\/image\/","url":"https:\/\/marekkuchcinski.pl\/wp-content\/uploads\/2022\/09\/Marek.jpg","contentUrl":"https:\/\/marekkuchcinski.pl\/wp-content\/uploads\/2022\/09\/Marek.jpg","width":1600,"height":971,"caption":"Marek Kuchci\u0144ski"},"image":{"@id":"https:\/\/marekkuchcinski.pl\/#\/schema\/logo\/image\/"}},{"@type":"Person","@id":"https:\/\/marekkuchcinski.pl\/#\/schema\/person\/3df5731f1d989baf25555b5a344773d5","name":"admin","image":{"@type":"ImageObject","inLanguage":"en-GB","@id":"https:\/\/secure.gravatar.com\/avatar\/8fdd2bf34b2a04a8cfb92bbed2c60d558452e5d61a8064e677da4778b9cf4898?s=96&d=mm&r=g","url":"https:\/\/secure.gravatar.com\/avatar\/8fdd2bf34b2a04a8cfb92bbed2c60d558452e5d61a8064e677da4778b9cf4898?s=96&d=mm&r=g","contentUrl":"https:\/\/secure.gravatar.com\/avatar\/8fdd2bf34b2a04a8cfb92bbed2c60d558452e5d61a8064e677da4778b9cf4898?s=96&d=mm&r=g","caption":"admin"},"sameAs":["https:\/\/marekkuchcinski.pl"],"url":"https:\/\/marekkuchcinski.pl\/en\/author\/admin\/"}]}},"_links":{"self":[{"href":"https:\/\/marekkuchcinski.pl\/en\/wp-json\/wp\/v2\/posts\/18369","targetHints":{"allow":["GET"]}}],"collection":[{"href":"https:\/\/marekkuchcinski.pl\/en\/wp-json\/wp\/v2\/posts"}],"about":[{"href":"https:\/\/marekkuchcinski.pl\/en\/wp-json\/wp\/v2\/types\/post"}],"author":[{"embeddable":true,"href":"https:\/\/marekkuchcinski.pl\/en\/wp-json\/wp\/v2\/users\/1"}],"replies":[{"embeddable":true,"href":"https:\/\/marekkuchcinski.pl\/en\/wp-json\/wp\/v2\/comments?post=18369"}],"version-history":[{"count":11,"href":"https:\/\/marekkuchcinski.pl\/en\/wp-json\/wp\/v2\/posts\/18369\/revisions"}],"predecessor-version":[{"id":18387,"href":"https:\/\/marekkuchcinski.pl\/en\/wp-json\/wp\/v2\/posts\/18369\/revisions\/18387"}],"wp:featuredmedia":[{"embeddable":true,"href":"https:\/\/marekkuchcinski.pl\/en\/wp-json\/wp\/v2\/media\/18374"}],"wp:attachment":[{"href":"https:\/\/marekkuchcinski.pl\/en\/wp-json\/wp\/v2\/media?parent=18369"}],"wp:term":[{"taxonomy":"category","embeddable":true,"href":"https:\/\/marekkuchcinski.pl\/en\/wp-json\/wp\/v2\/categories?post=18369"},{"taxonomy":"post_tag","embeddable":true,"href":"https:\/\/marekkuchcinski.pl\/en\/wp-json\/wp\/v2\/tags?post=18369"}],"curies":[{"name":"wp","href":"https:\/\/api.w.org\/{rel}","templated":true}]}}