{"id":18303,"date":"2020-01-26T11:33:26","date_gmt":"2020-01-26T10:33:26","guid":{"rendered":"https:\/\/marekkuchcinski.pl\/?p=18303"},"modified":"2020-01-27T08:15:17","modified_gmt":"2020-01-27T07:15:17","slug":"londyn-pozegnanie-rogera-scrutona","status":"publish","type":"post","link":"https:\/\/marekkuchcinski.pl\/en\/wydarzenia\/londyn-pozegnanie-rogera-scrutona\/","title":{"rendered":"London: Farewell to Roger Scruton"},"content":{"rendered":"<p>In the seventh-century Malmesbury Abbey, the Speaker of the Eighth Sejm Marek Kuchci\u0144ski bid farewell to the British philosopher and his long-time friend Roger Scruton.  <\/p>\n\n\n\n<p>It has been said that if philosophy were to disappear during the lifetime of Saint Thomas Aquinas, Roger Scruton could single-handedly restore it. In the same Thomasian spirit, I will offer a similar proposition: if philosophy were to suddenly disappear now as we sit here, Roger Scruton could also restore it to us. And if cars were to disappear, we wouldn't have to worry about how to get home, because he would restore the art of riding,\" Jonathan Price said in a laudation in Scruton's honour at the conferment of a knighthood on the philosopher by Queen Elizabeth II.  - It is rare to have a huge part of the world reflected in one's head in such a way that one can give back to the world as much as one has taken from it,\" he argued. Poland is a country to which Scruton gave a great deal; he mapped out the paths to freedom and offered support and resources to help the nation liberate itself from the Soviet yoke.  Scruton himself argued that his first real experience of intellectual freedom was actually here in Poland, where he came to speak at conferences and private seminars organized by a small group of people in Britain who, like him, wanted to connect with other dissidents behind the Iron Curtain. At the Central and Eastern Europe Summit organized by the Polish Parliament, he emphasized that in Poland, widespread contempt for the communist system meant that students and professors alike were willing to discuss it broadly. - For them, conservatism was not a sin or heresy, but a possible worldview, all the more interesting because it was condemned by the Communists and despised by the Western left. Traveling around Central and Eastern Europe in those days, carrying the message of alternative philosophy, was one of the most liberating experiences of my life, regardless of the dangers and deprivations. I began to believe that I could be right in theory and not just in practice,\" he argued. <\/p>\n\n\n\n<figure class=\"wp-block-image\"><img decoding=\"async\" src=\"https:\/\/marekkuchcinski.pl\/wp-content\/uploads\/2020\/01\/Zdjecia_Roger_Scruton1.jpg\" alt=\"\" class=\"wp-image-18322\"\/><figcaption>Roger Scruton in Krasiczyn<\/figcaption><\/figure>\n\n\n\n<p>Marek Kuchci\u0144ski, Scruton's friend, referred to those times. In a condolence letter addressed to Roger's wife Sophie Scruton, the Speaker of the Sejm recalls Scruton's words from the introduction to the reprint of \"The Cultural Attic\":  <br>By the 1980s, the Solidarity period was already a memory, and martial law had reduced Poland to a kind of somnambulistic silence. I traveled in search of small groups of people who wanted to discuss, learn, ask questions, and reclaim at least some of the intellectual life that once flourished in Poland. (...) I came across Przemysl and the underground magazine \"Cultural Attic\", edited by Marek Kuchcinski, a former student of art history, who lived outside the (communist) system and was an ardent believer in culture as a liberation of the spirit and opposition to the totalitarian order. The following people gathered around him<br>writers, painters, teachers,\" Scruton recalled.<\/p>\n\n\n\n<figure class=\"wp-block-image\"><img fetchpriority=\"high\" decoding=\"async\" width=\"476\" height=\"317\" src=\"https:\/\/marekkuchcinski.pl\/wp-content\/uploads\/2020\/01\/1-M2-001.jpg\" alt=\"\" class=\"wp-image-18323\" srcset=\"https:\/\/marekkuchcinski.pl\/wp-content\/uploads\/2020\/01\/1-M2-001.jpg 476w, https:\/\/marekkuchcinski.pl\/wp-content\/uploads\/2020\/01\/1-M2-001-300x200.jpg 300w\" sizes=\"(max-width: 476px) 100vw, 476px\" \/><\/figure>\n\n\n\n<p>I also bid him farewell on their behalf - anticommunist oppositionists and people of culture as well as residents of my hometown,\" Marek Kuchci\u0144ski wrote. <\/p>\n\n\n\n<div class=\"wp-block-file\"><a href=\"https:\/\/marekkuchcinski.pl\/wp-content\/uploads\/2020\/01\/list-mk-rs.jpg\">Letter<\/a><a href=\"https:\/\/marekkuchcinski.pl\/wp-content\/uploads\/2020\/01\/list-mk-rs.jpg\" class=\"wp-block-file__button\" download>Download<\/a><\/div>\n\n\n\n<figure class=\"wp-block-image\"><img decoding=\"async\" width=\"680\" height=\"642\" src=\"https:\/\/marekkuchcinski.pl\/wp-content\/uploads\/2020\/01\/malmesbury.jpg\" alt=\"\" class=\"wp-image-18309\" srcset=\"https:\/\/marekkuchcinski.pl\/wp-content\/uploads\/2020\/01\/malmesbury.jpg 680w, https:\/\/marekkuchcinski.pl\/wp-content\/uploads\/2020\/01\/malmesbury-300x283.jpg 300w\" sizes=\"(max-width: 680px) 100vw, 680px\" \/><figcaption>From left: Arkady Rzegocki, Ambassador of Poland to the United Kingdom, Viktor Orban, Prime Minister of Hungary, Marek Kuchci\u0144ski, Krist\u00f3f Szalay-Bobrovniczky, Ambassador of Hungary to the United Kingdom <br><\/figcaption><\/figure>\n\n\n\n<p>Roger Scruton died on January 12, 2020.  He left the world over forty books, hundreds of articles, both popular and scholarly, two operas, and countless lectures on architecture, wine, the proper way to dance, and the need not to talk too much (so as not to put into words what cannot be put into words). <\/p>\n\n\n\n<p>The philosopher's farewell in London was attended by, among others. Arkady Rzegocki, Polish Ambassador to the United Kingdom, Wiktor Orban, Prime Minister of Hungary, Marek Kuchci\u0144ski, Marek Matraszek, Krist\u00f3f Szalay-Bobrovniczky, Hungarian Ambassador to the United Kingdom, the Marquis of Salisbury, Lord Chartres, former Bishop of London, Lord Sumption, former High Court Judge, Lord Patten, Jonathan Gaisman, Her Majesty's Counsel, James Gray MP, Lord Maurice Glassman MP and Michael Gove, Chancellor of the Duchy of Lancaster. A remembrance of Sir Roger Scruton during the farewell was delivered by Professor Robert Grant. <\/p>\n\n\n\n<p><em>mo<\/em><\/p>\n\n\n\n<figure class=\"wp-block-embed-wordpress wp-block-embed is-type-wp-embed is-provider-marek-kuchcinski\"><div class=\"wp-block-embed__wrapper\">\n<blockquote class=\"wp-embedded-content\" data-secret=\"GM8vLu24gE\"><a href=\"https:\/\/marekkuchcinski.pl\/en\/wydarzenia\/scruton\/\">Professor Roger Scruton Honored by the President and the Speaker of the Polish Parliament<\/a><\/blockquote><iframe class=\"wp-embedded-content\" sandbox=\"allow-scripts\" security=\"restricted\" style=\"position: absolute; clip: rect(1px, 1px, 1px, 1px);\" title=\"&quot;Prof. Roger Scruton honored by President and Speaker of the Polish Sejm&quot; - Marek Kuchcinski\" src=\"https:\/\/marekkuchcinski.pl\/wydarzenia\/scruton\/embed\/#?secret=GM8vLu24gE\" data-secret=\"GM8vLu24gE\" width=\"600\" height=\"338\" frameborder=\"0\" marginwidth=\"0\" marginheight=\"0\" scrolling=\"no\"><\/iframe>\n<\/div><\/figure>\n\n\n\n<figure class=\"wp-block-embed-wordpress wp-block-embed is-type-wp-embed is-provider-marek-kuchcinski\"><div class=\"wp-block-embed__wrapper\">\n<blockquote class=\"wp-embedded-content\" data-secret=\"s1tw72bpaw\"><a href=\"https:\/\/marekkuchcinski.pl\/en\/wydarzenia\/premiera-reprintu-strychu-kulturalnego-podziemnego-pisma-pod-redakcja-marka-kuchcinskiego\/\">The premiere of the reprint of \"Strych Kulturalny\" - an underground magazine edited by Marek Kuchcinski<\/a><\/blockquote><iframe class=\"wp-embedded-content\" sandbox=\"allow-scripts\" security=\"restricted\" style=\"position: absolute; clip: rect(1px, 1px, 1px, 1px);\" title=\"&quot;Premiere of the reprint of &quot;Cultural Attic&quot; - an underground magazine edited by Marek Kuchcinski&quot; - Marek Kuchcinski\" src=\"https:\/\/marekkuchcinski.pl\/wydarzenia\/premiera-reprintu-strychu-kulturalnego-podziemnego-pisma-pod-redakcja-marka-kuchcinskiego\/embed\/#?secret=s1tw72bpaw\" data-secret=\"s1tw72bpaw\" width=\"600\" height=\"338\" frameborder=\"0\" marginwidth=\"0\" marginheight=\"0\" scrolling=\"no\"><\/iframe>\n<\/div><\/figure>\n\n\n\n<figure class=\"wp-block-embed-wordpress wp-block-embed is-type-wp-embed is-provider-marek-kuchcinski\"><div class=\"wp-block-embed__wrapper\">\n<blockquote class=\"wp-embedded-content\" data-secret=\"YCf3Q9GTus\"><a href=\"https:\/\/marekkuchcinski.pl\/en\/wydarzenia\/prof-roger-scruton-odznaczony-krzyzem-wielkim-orderu-zaslugi-rzeczypospolitej-polskiej\/\">Professor Roger Scruton awarded the Grand Cross of the Order of Merit of the Republic of Poland<\/a><\/blockquote><iframe class=\"wp-embedded-content\" sandbox=\"allow-scripts\" security=\"restricted\" style=\"position: absolute; clip: rect(1px, 1px, 1px, 1px);\" title=\"&quot;Professor Roger Scruton awarded the Grand Cross of the Order of Merit of the Republic of Poland&quot; - Marek Kuchci\u0144ski\" src=\"https:\/\/marekkuchcinski.pl\/wydarzenia\/prof-roger-scruton-odznaczony-krzyzem-wielkim-orderu-zaslugi-rzeczypospolitej-polskiej\/embed\/#?secret=YCf3Q9GTus\" data-secret=\"YCf3Q9GTus\" width=\"600\" height=\"338\" frameborder=\"0\" marginwidth=\"0\" marginheight=\"0\" scrolling=\"no\"><\/iframe>\n<\/div><\/figure>\n\n\n\n<figure class=\"wp-block-embed-wordpress wp-block-embed is-type-wp-embed is-provider-marek-kuchcinski\"><div class=\"wp-block-embed__wrapper\">\n<blockquote class=\"wp-embedded-content\" data-secret=\"Q3gEiUPHxl\"><a href=\"https:\/\/marekkuchcinski.pl\/en\/wspolpraca-miedzynarodowa\/roger-scruton-wyzwania-dla-rzadow-europy-srodkowej-i-wschodniej-iv-szczyt-przewodniczacych-parlamentow-panstw-europy-srodkowej-i-wschodniej\/\">Roger Scruton: Challenges for Central and Eastern European Governments - IVth Summit of Speakers of Parliaments of Central and Eastern Europe<\/a><\/blockquote><iframe class=\"wp-embedded-content\" sandbox=\"allow-scripts\" security=\"restricted\" style=\"position: absolute; clip: rect(1px, 1px, 1px, 1px);\" title=\"&quot;Roger Scruton: Challenges for the Governments of Central and Eastern Europe - Fourth Summit of Speakers of the Parliaments of Central and Eastern Europe&quot; - Marek Kuchci\u0144ski\" src=\"https:\/\/marekkuchcinski.pl\/wspolpraca-miedzynarodowa\/roger-scruton-wyzwania-dla-rzadow-europy-srodkowej-i-wschodniej-iv-szczyt-przewodniczacych-parlamentow-panstw-europy-srodkowej-i-wschodniej\/embed\/#?secret=Q3gEiUPHxl\" data-secret=\"Q3gEiUPHxl\" width=\"600\" height=\"338\" frameborder=\"0\" marginwidth=\"0\" marginheight=\"0\" scrolling=\"no\"><\/iframe>\n<\/div><\/figure>","protected":false},"excerpt":{"rendered":"<p>W VII-wiecznym opactwie Malmesbury Marsza\u0142ek Sejmu VIII kadencji Marek Kuchci\u0144ski po\u017cegna\u0142 brytyjskiego filozofa i swojego wieloletniego przyjaciela &#8211; Rogera Scrutona. Mawiano, \u017ce gdyby za \u017cycia \u015bwi\u0119tego Tomasza z Akwinu nast\u0105pi\u0142 zanik filozofii, Roger Scruton w pojedynk\u0119 m\u00f3g\u0142by j\u0105 odtworzy\u0107. W tym samym tomaszowym duchu zaoferuj\u0119 podobn\u0105 propozycj\u0119: gdyby filozofia mia\u0142a nagle znikn\u0105\u0107 teraz, kiedy tu [&hellip;]<\/p>","protected":false},"author":6,"featured_media":18309,"comment_status":"open","ping_status":"open","sticky":false,"template":"","format":"standard","meta":{"ngg_post_thumbnail":0,"footnotes":""},"categories":[50,3],"tags":[],"class_list":["post-18303","post","type-post","status-publish","format-standard","has-post-thumbnail","hentry","category-wspolpraca-miedzynarodowa","category-wydarzenia"],"yoast_head":"<!-- This site is optimized with the Yoast SEO plugin v24.7 - https:\/\/yoast.com\/wordpress\/plugins\/seo\/ -->\n<title>Londyn: Po\u017cegnanie Rogera Scrutona &#8211; Marek Kuchci\u0144ski<\/title>\n<meta name=\"robots\" content=\"index, follow, max-snippet:-1, max-image-preview:large, max-video-preview:-1\" \/>\n<link rel=\"canonical\" href=\"https:\/\/marekkuchcinski.pl\/en\/wydarzenia\/londyn-pozegnanie-rogera-scrutona\/\" \/>\n<meta property=\"og:locale\" content=\"en_GB\" \/>\n<meta property=\"og:type\" content=\"article\" \/>\n<meta property=\"og:title\" content=\"Londyn: Po\u017cegnanie Rogera Scrutona &#8211; Marek Kuchci\u0144ski\" \/>\n<meta property=\"og:description\" content=\"W VII-wiecznym opactwie Malmesbury Marsza\u0142ek Sejmu VIII kadencji Marek Kuchci\u0144ski po\u017cegna\u0142 brytyjskiego filozofa i swojego wieloletniego przyjaciela &#8211; Rogera Scrutona. Mawiano, \u017ce gdyby za \u017cycia \u015bwi\u0119tego Tomasza z Akwinu nast\u0105pi\u0142 zanik filozofii, Roger Scruton w pojedynk\u0119 m\u00f3g\u0142by j\u0105 odtworzy\u0107. W tym samym tomaszowym duchu zaoferuj\u0119 podobn\u0105 propozycj\u0119: gdyby filozofia mia\u0142a nagle znikn\u0105\u0107 teraz, kiedy tu [&hellip;]\" \/>\n<meta property=\"og:url\" content=\"https:\/\/marekkuchcinski.pl\/en\/wydarzenia\/londyn-pozegnanie-rogera-scrutona\/\" \/>\n<meta property=\"og:site_name\" content=\"Marek Kuchci\u0144ski\" \/>\n<meta property=\"article:published_time\" content=\"2020-01-26T10:33:26+00:00\" \/>\n<meta property=\"article:modified_time\" content=\"2020-01-27T07:15:17+00:00\" \/>\n<meta property=\"og:image\" content=\"https:\/\/marekkuchcinski.pl\/wp-content\/uploads\/2020\/01\/malmesbury.jpg\" \/>\n\t<meta property=\"og:image:width\" content=\"680\" \/>\n\t<meta property=\"og:image:height\" content=\"642\" \/>\n\t<meta property=\"og:image:type\" content=\"image\/jpeg\" \/>\n<meta name=\"author\" content=\"admin\" \/>\n<meta name=\"twitter:card\" content=\"summary_large_image\" \/>\n<meta name=\"twitter:label1\" content=\"Written by\" \/>\n\t<meta name=\"twitter:data1\" content=\"admin\" \/>\n\t<meta name=\"twitter:label2\" content=\"Estimated reading time\" \/>\n\t<meta name=\"twitter:data2\" content=\"4 minutes\" \/>\n<script type=\"application\/ld+json\" class=\"yoast-schema-graph\">{\"@context\":\"https:\/\/schema.org\",\"@graph\":[{\"@type\":\"Article\",\"@id\":\"https:\/\/marekkuchcinski.pl\/uk\/wydarzenia\/londyn-pozegnanie-rogera-scrutona\/#article\",\"isPartOf\":{\"@id\":\"https:\/\/marekkuchcinski.pl\/uk\/wydarzenia\/londyn-pozegnanie-rogera-scrutona\/\"},\"author\":{\"name\":\"admin\",\"@id\":\"https:\/\/marekkuchcinski.pl\/#\/schema\/person\/6f62700996b4d950b6ea2d1183b6c6be\"},\"headline\":\"Londyn: Po\u017cegnanie Rogera Scrutona\",\"datePublished\":\"2020-01-26T10:33:26+00:00\",\"dateModified\":\"2020-01-27T07:15:17+00:00\",\"mainEntityOfPage\":{\"@id\":\"https:\/\/marekkuchcinski.pl\/uk\/wydarzenia\/londyn-pozegnanie-rogera-scrutona\/\"},\"wordCount\":736,\"commentCount\":0,\"publisher\":{\"@id\":\"https:\/\/marekkuchcinski.pl\/#organization\"},\"image\":{\"@id\":\"https:\/\/marekkuchcinski.pl\/uk\/wydarzenia\/londyn-pozegnanie-rogera-scrutona\/#primaryimage\"},\"thumbnailUrl\":\"https:\/\/marekkuchcinski.pl\/wp-content\/uploads\/2020\/01\/malmesbury.jpg\",\"articleSection\":[\"Wsp\u00f3\u0142praca mi\u0119dzynarodowa\",\"Wydarzenia\"],\"inLanguage\":\"en-GB\",\"potentialAction\":[{\"@type\":\"CommentAction\",\"name\":\"Comment\",\"target\":[\"https:\/\/marekkuchcinski.pl\/uk\/wydarzenia\/londyn-pozegnanie-rogera-scrutona\/#respond\"]}]},{\"@type\":\"WebPage\",\"@id\":\"https:\/\/marekkuchcinski.pl\/uk\/wydarzenia\/londyn-pozegnanie-rogera-scrutona\/\",\"url\":\"https:\/\/marekkuchcinski.pl\/uk\/wydarzenia\/londyn-pozegnanie-rogera-scrutona\/\",\"name\":\"Londyn: Po\u017cegnanie Rogera Scrutona &#8211; Marek Kuchci\u0144ski\",\"isPartOf\":{\"@id\":\"https:\/\/marekkuchcinski.pl\/#website\"},\"primaryImageOfPage\":{\"@id\":\"https:\/\/marekkuchcinski.pl\/uk\/wydarzenia\/londyn-pozegnanie-rogera-scrutona\/#primaryimage\"},\"image\":{\"@id\":\"https:\/\/marekkuchcinski.pl\/uk\/wydarzenia\/londyn-pozegnanie-rogera-scrutona\/#primaryimage\"},\"thumbnailUrl\":\"https:\/\/marekkuchcinski.pl\/wp-content\/uploads\/2020\/01\/malmesbury.jpg\",\"datePublished\":\"2020-01-26T10:33:26+00:00\",\"dateModified\":\"2020-01-27T07:15:17+00:00\",\"breadcrumb\":{\"@id\":\"https:\/\/marekkuchcinski.pl\/uk\/wydarzenia\/londyn-pozegnanie-rogera-scrutona\/#breadcrumb\"},\"inLanguage\":\"en-GB\",\"potentialAction\":[{\"@type\":\"ReadAction\",\"target\":[\"https:\/\/marekkuchcinski.pl\/uk\/wydarzenia\/londyn-pozegnanie-rogera-scrutona\/\"]}]},{\"@type\":\"ImageObject\",\"inLanguage\":\"en-GB\",\"@id\":\"https:\/\/marekkuchcinski.pl\/uk\/wydarzenia\/londyn-pozegnanie-rogera-scrutona\/#primaryimage\",\"url\":\"https:\/\/marekkuchcinski.pl\/wp-content\/uploads\/2020\/01\/malmesbury.jpg\",\"contentUrl\":\"https:\/\/marekkuchcinski.pl\/wp-content\/uploads\/2020\/01\/malmesbury.jpg\",\"width\":680,\"height\":642},{\"@type\":\"BreadcrumbList\",\"@id\":\"https:\/\/marekkuchcinski.pl\/uk\/wydarzenia\/londyn-pozegnanie-rogera-scrutona\/#breadcrumb\",\"itemListElement\":[{\"@type\":\"ListItem\",\"position\":1,\"name\":\"Strona g\u0142\u00f3wna\",\"item\":\"https:\/\/marekkuchcinski.pl\/\"},{\"@type\":\"ListItem\",\"position\":2,\"name\":\"Londyn: Po\u017cegnanie Rogera Scrutona\"}]},{\"@type\":\"WebSite\",\"@id\":\"https:\/\/marekkuchcinski.pl\/#website\",\"url\":\"https:\/\/marekkuchcinski.pl\/\",\"name\":\"Marek Kuchci\u0144ski\",\"description\":\"Pose\u0142 na sejm RP &ndash; okr\u0119g nr 22\",\"publisher\":{\"@id\":\"https:\/\/marekkuchcinski.pl\/#organization\"},\"potentialAction\":[{\"@type\":\"SearchAction\",\"target\":{\"@type\":\"EntryPoint\",\"urlTemplate\":\"https:\/\/marekkuchcinski.pl\/?s={search_term_string}\"},\"query-input\":{\"@type\":\"PropertyValueSpecification\",\"valueRequired\":true,\"valueName\":\"search_term_string\"}}],\"inLanguage\":\"en-GB\"},{\"@type\":\"Organization\",\"@id\":\"https:\/\/marekkuchcinski.pl\/#organization\",\"name\":\"Marek Kuchci\u0144ski\",\"url\":\"https:\/\/marekkuchcinski.pl\/\",\"logo\":{\"@type\":\"ImageObject\",\"inLanguage\":\"en-GB\",\"@id\":\"https:\/\/marekkuchcinski.pl\/#\/schema\/logo\/image\/\",\"url\":\"https:\/\/marekkuchcinski.pl\/wp-content\/uploads\/2022\/09\/Marek.jpg\",\"contentUrl\":\"https:\/\/marekkuchcinski.pl\/wp-content\/uploads\/2022\/09\/Marek.jpg\",\"width\":1600,\"height\":971,\"caption\":\"Marek Kuchci\u0144ski\"},\"image\":{\"@id\":\"https:\/\/marekkuchcinski.pl\/#\/schema\/logo\/image\/\"}},{\"@type\":\"Person\",\"@id\":\"https:\/\/marekkuchcinski.pl\/#\/schema\/person\/6f62700996b4d950b6ea2d1183b6c6be\",\"name\":\"admin\",\"image\":{\"@type\":\"ImageObject\",\"inLanguage\":\"en-GB\",\"@id\":\"https:\/\/marekkuchcinski.pl\/#\/schema\/person\/image\/\",\"url\":\"https:\/\/secure.gravatar.com\/avatar\/4bab693b9d55c3d6b52c0296a8765085?s=96&d=mm&r=g\",\"contentUrl\":\"https:\/\/secure.gravatar.com\/avatar\/4bab693b9d55c3d6b52c0296a8765085?s=96&d=mm&r=g\",\"caption\":\"admin\"},\"url\":\"https:\/\/marekkuchcinski.pl\/en\/author\/marta-olejnik\/\"}]}<\/script>\n<!-- \/ Yoast SEO plugin. -->","yoast_head_json":{"title":"Londyn: Po\u017cegnanie Rogera Scrutona &#8211; Marek Kuchci\u0144ski","robots":{"index":"index","follow":"follow","max-snippet":"max-snippet:-1","max-image-preview":"max-image-preview:large","max-video-preview":"max-video-preview:-1"},"canonical":"https:\/\/marekkuchcinski.pl\/en\/wydarzenia\/londyn-pozegnanie-rogera-scrutona\/","og_locale":"en_GB","og_type":"article","og_title":"Londyn: Po\u017cegnanie Rogera Scrutona &#8211; Marek Kuchci\u0144ski","og_description":"W VII-wiecznym opactwie Malmesbury Marsza\u0142ek Sejmu VIII kadencji Marek Kuchci\u0144ski po\u017cegna\u0142 brytyjskiego filozofa i swojego wieloletniego przyjaciela &#8211; Rogera Scrutona. Mawiano, \u017ce gdyby za \u017cycia \u015bwi\u0119tego Tomasza z Akwinu nast\u0105pi\u0142 zanik filozofii, Roger Scruton w pojedynk\u0119 m\u00f3g\u0142by j\u0105 odtworzy\u0107. W tym samym tomaszowym duchu zaoferuj\u0119 podobn\u0105 propozycj\u0119: gdyby filozofia mia\u0142a nagle znikn\u0105\u0107 teraz, kiedy tu [&hellip;]","og_url":"https:\/\/marekkuchcinski.pl\/en\/wydarzenia\/londyn-pozegnanie-rogera-scrutona\/","og_site_name":"Marek Kuchci\u0144ski","article_published_time":"2020-01-26T10:33:26+00:00","article_modified_time":"2020-01-27T07:15:17+00:00","og_image":[{"width":680,"height":642,"url":"https:\/\/marekkuchcinski.pl\/wp-content\/uploads\/2020\/01\/malmesbury.jpg","type":"image\/jpeg"}],"author":"admin","twitter_card":"summary_large_image","twitter_misc":{"Written by":"admin","Estimated reading time":"4 minutes"},"schema":{"@context":"https:\/\/schema.org","@graph":[{"@type":"Article","@id":"https:\/\/marekkuchcinski.pl\/uk\/wydarzenia\/londyn-pozegnanie-rogera-scrutona\/#article","isPartOf":{"@id":"https:\/\/marekkuchcinski.pl\/uk\/wydarzenia\/londyn-pozegnanie-rogera-scrutona\/"},"author":{"name":"admin","@id":"https:\/\/marekkuchcinski.pl\/#\/schema\/person\/6f62700996b4d950b6ea2d1183b6c6be"},"headline":"Londyn: Po\u017cegnanie Rogera Scrutona","datePublished":"2020-01-26T10:33:26+00:00","dateModified":"2020-01-27T07:15:17+00:00","mainEntityOfPage":{"@id":"https:\/\/marekkuchcinski.pl\/uk\/wydarzenia\/londyn-pozegnanie-rogera-scrutona\/"},"wordCount":736,"commentCount":0,"publisher":{"@id":"https:\/\/marekkuchcinski.pl\/#organization"},"image":{"@id":"https:\/\/marekkuchcinski.pl\/uk\/wydarzenia\/londyn-pozegnanie-rogera-scrutona\/#primaryimage"},"thumbnailUrl":"https:\/\/marekkuchcinski.pl\/wp-content\/uploads\/2020\/01\/malmesbury.jpg","articleSection":["Wsp\u00f3\u0142praca mi\u0119dzynarodowa","Wydarzenia"],"inLanguage":"en-GB","potentialAction":[{"@type":"CommentAction","name":"Comment","target":["https:\/\/marekkuchcinski.pl\/uk\/wydarzenia\/londyn-pozegnanie-rogera-scrutona\/#respond"]}]},{"@type":"WebPage","@id":"https:\/\/marekkuchcinski.pl\/uk\/wydarzenia\/londyn-pozegnanie-rogera-scrutona\/","url":"https:\/\/marekkuchcinski.pl\/uk\/wydarzenia\/londyn-pozegnanie-rogera-scrutona\/","name":"Londyn: Po\u017cegnanie Rogera Scrutona &#8211; Marek Kuchci\u0144ski","isPartOf":{"@id":"https:\/\/marekkuchcinski.pl\/#website"},"primaryImageOfPage":{"@id":"https:\/\/marekkuchcinski.pl\/uk\/wydarzenia\/londyn-pozegnanie-rogera-scrutona\/#primaryimage"},"image":{"@id":"https:\/\/marekkuchcinski.pl\/uk\/wydarzenia\/londyn-pozegnanie-rogera-scrutona\/#primaryimage"},"thumbnailUrl":"https:\/\/marekkuchcinski.pl\/wp-content\/uploads\/2020\/01\/malmesbury.jpg","datePublished":"2020-01-26T10:33:26+00:00","dateModified":"2020-01-27T07:15:17+00:00","breadcrumb":{"@id":"https:\/\/marekkuchcinski.pl\/uk\/wydarzenia\/londyn-pozegnanie-rogera-scrutona\/#breadcrumb"},"inLanguage":"en-GB","potentialAction":[{"@type":"ReadAction","target":["https:\/\/marekkuchcinski.pl\/uk\/wydarzenia\/londyn-pozegnanie-rogera-scrutona\/"]}]},{"@type":"ImageObject","inLanguage":"en-GB","@id":"https:\/\/marekkuchcinski.pl\/uk\/wydarzenia\/londyn-pozegnanie-rogera-scrutona\/#primaryimage","url":"https:\/\/marekkuchcinski.pl\/wp-content\/uploads\/2020\/01\/malmesbury.jpg","contentUrl":"https:\/\/marekkuchcinski.pl\/wp-content\/uploads\/2020\/01\/malmesbury.jpg","width":680,"height":642},{"@type":"BreadcrumbList","@id":"https:\/\/marekkuchcinski.pl\/uk\/wydarzenia\/londyn-pozegnanie-rogera-scrutona\/#breadcrumb","itemListElement":[{"@type":"ListItem","position":1,"name":"Strona g\u0142\u00f3wna","item":"https:\/\/marekkuchcinski.pl\/"},{"@type":"ListItem","position":2,"name":"Londyn: Po\u017cegnanie Rogera Scrutona"}]},{"@type":"WebSite","@id":"https:\/\/marekkuchcinski.pl\/#website","url":"https:\/\/marekkuchcinski.pl\/","name":"Marek Kuchci\u0144ski","description":"Pose\u0142 na sejm RP &ndash; okr\u0119g nr 22","publisher":{"@id":"https:\/\/marekkuchcinski.pl\/#organization"},"potentialAction":[{"@type":"SearchAction","target":{"@type":"EntryPoint","urlTemplate":"https:\/\/marekkuchcinski.pl\/?s={search_term_string}"},"query-input":{"@type":"PropertyValueSpecification","valueRequired":true,"valueName":"search_term_string"}}],"inLanguage":"en-GB"},{"@type":"Organization","@id":"https:\/\/marekkuchcinski.pl\/#organization","name":"Marek Kuchci\u0144ski","url":"https:\/\/marekkuchcinski.pl\/","logo":{"@type":"ImageObject","inLanguage":"en-GB","@id":"https:\/\/marekkuchcinski.pl\/#\/schema\/logo\/image\/","url":"https:\/\/marekkuchcinski.pl\/wp-content\/uploads\/2022\/09\/Marek.jpg","contentUrl":"https:\/\/marekkuchcinski.pl\/wp-content\/uploads\/2022\/09\/Marek.jpg","width":1600,"height":971,"caption":"Marek Kuchci\u0144ski"},"image":{"@id":"https:\/\/marekkuchcinski.pl\/#\/schema\/logo\/image\/"}},{"@type":"Person","@id":"https:\/\/marekkuchcinski.pl\/#\/schema\/person\/6f62700996b4d950b6ea2d1183b6c6be","name":"admin","image":{"@type":"ImageObject","inLanguage":"en-GB","@id":"https:\/\/marekkuchcinski.pl\/#\/schema\/person\/image\/","url":"https:\/\/secure.gravatar.com\/avatar\/4bab693b9d55c3d6b52c0296a8765085?s=96&d=mm&r=g","contentUrl":"https:\/\/secure.gravatar.com\/avatar\/4bab693b9d55c3d6b52c0296a8765085?s=96&d=mm&r=g","caption":"admin"},"url":"https:\/\/marekkuchcinski.pl\/en\/author\/marta-olejnik\/"}]}},"_links":{"self":[{"href":"https:\/\/marekkuchcinski.pl\/en\/wp-json\/wp\/v2\/posts\/18303","targetHints":{"allow":["GET"]}}],"collection":[{"href":"https:\/\/marekkuchcinski.pl\/en\/wp-json\/wp\/v2\/posts"}],"about":[{"href":"https:\/\/marekkuchcinski.pl\/en\/wp-json\/wp\/v2\/types\/post"}],"author":[{"embeddable":true,"href":"https:\/\/marekkuchcinski.pl\/en\/wp-json\/wp\/v2\/users\/6"}],"replies":[{"embeddable":true,"href":"https:\/\/marekkuchcinski.pl\/en\/wp-json\/wp\/v2\/comments?post=18303"}],"version-history":[{"count":23,"href":"https:\/\/marekkuchcinski.pl\/en\/wp-json\/wp\/v2\/posts\/18303\/revisions"}],"predecessor-version":[{"id":18338,"href":"https:\/\/marekkuchcinski.pl\/en\/wp-json\/wp\/v2\/posts\/18303\/revisions\/18338"}],"wp:featuredmedia":[{"embeddable":true,"href":"https:\/\/marekkuchcinski.pl\/en\/wp-json\/wp\/v2\/media\/18309"}],"wp:attachment":[{"href":"https:\/\/marekkuchcinski.pl\/en\/wp-json\/wp\/v2\/media?parent=18303"}],"wp:term":[{"taxonomy":"category","embeddable":true,"href":"https:\/\/marekkuchcinski.pl\/en\/wp-json\/wp\/v2\/categories?post=18303"},{"taxonomy":"post_tag","embeddable":true,"href":"https:\/\/marekkuchcinski.pl\/en\/wp-json\/wp\/v2\/tags?post=18303"}],"curies":[{"name":"wp","href":"https:\/\/api.w.org\/{rel}","templated":true}]}}