{"id":18183,"date":"2020-01-06T13:51:19","date_gmt":"2020-01-06T12:51:19","guid":{"rendered":"https:\/\/marekkuchcinski.pl\/?p=18183"},"modified":"2020-01-06T14:01:52","modified_gmt":"2020-01-06T13:01:52","slug":"spotkanie-oplatkowe-czlonkow-i-sympatykow-pis-w-przemyslu","status":"publish","type":"post","link":"https:\/\/marekkuchcinski.pl\/en\/wydarzenia\/spotkanie-oplatkowe-czlonkow-i-sympatykow-pis-w-przemyslu\/","title":{"rendered":"Spotkanie op\u0142atkowe cz\u0142onk\u00f3w i sympatyk\u00f3w PiS w Przemy\u015blu"},"content":{"rendered":"<p class=\"wp-block-paragraph\">W Muzeum Narodowym Ziemi Przemyskiej zebrali si\u0119 cz\u0142onkowie i sympatycy Prawa i Sprawiedliwo\u015bci, by podsumowa\u0107 2019 rok i podzieli\u0107 si\u0119 op\u0142atkiem. Marek Kuchci\u0144ski\u00a0przypomnia\u0142, \u017ce 2019 rok obfitowa\u0142 w wa\u017cne wydarzenia polityczne, dyplomatyczne i historyczne, kt\u00f3re by\u0142y istotne z perspektywy mi\u0119dzynarodowej i krajowej, regionalnej i lokalnej. Marsza\u0142ek Sejmu ubieg\u0142ej kadencji podkre\u015bli\u0142, \u017ce zar\u00f3wno w wyborach do Parlamentu Europejskiego, jak i polskiego parlamentu PiS odni\u00f3s\u0142 sukces, a okr\u0119g 22 po raz pierwszy zaj\u0105\u0142 drugie, po g\u00f3ralach, miejsce, zdobywaj\u0105c blisko 480 tysi\u0119cy g\u0142os\u00f3w. To spektakularne zwyci\u0119stwo by\u0142o mo\u017cliwe przede wszystkim dzi\u0119ki intensywnej, zespo\u0142owej pracy polityk\u00f3w w regionie: w ci\u0105gu 2-3 miesi\u0119cy jesiennej kampanii wyborczej przeprowadzono ponad 2 tys. spotka\u0144. Marek Kuchci\u0144ski podzi\u0119kowa\u0142 wszystkim mieszka\u0144com za wysok\u0105 frekwencj\u0119, za poparcie i zainteresowanie sprawami publicznymi, cz\u0142onkom PiS i przyjacio\u0142om za pomoc i zaanga\u017cowanie, kandydatom za udzia\u0142, wysi\u0142ek i po\u015bwi\u0119cenie.<br>Po przem\u00f3wieniu marsza\u0142ka Kuchci\u0144skiego wicewojewoda podkarpacki Lucyna Podhalicz i wicemarsza\u0142ek woj. podkarpackiego Piotr Pilch przedstawili plany budowy przej\u015bcia granicznego w Malhowicach (109 mln z\u0142) oraz rozwoju infrastruktury drogowej na trasie Przemy\u015bl &#8211; Malhowice z budow\u0105 a\u017c 5 pas\u00f3w jezdni przy przej\u015bciu granicznym i koszcie ca\u0142kowitym inwestycji ponad 31 mln z\u0142.  <\/p>\n\n\n\n<ul class=\"wp-block-list\"><li> <strong>Najwa\u017cniejsze ustawy roku 2019:<\/strong> <\/li><li>Mama+ (emerytura dla mam z czw\u00f3rk\u0105 dzieci)<\/li><li>13 emerytura dla wszystkich<\/li><li>500+ na ka\u017cde dziecko<\/li><li>Fundusz rozwoju przewoz\u00f3w autobusowych<\/li><li>zwolnienie z PIT m\u0142odych do 26 roku<\/li><li>PIT powszechny obni\u017cony do 17%<\/li><li>Ma\u0142y ZUS rozszerzony<br><strong> Rocznice<\/strong>:<\/li><li>100 lat Sejmu Ustawodawczego, 30 lat od wolnych wybor\u00f3w 15 lat w UE<\/li><li>450 lat Unii Lubelskiej <\/li><li>390 lat od \u015bmierci Andrzeja M. Fredry<br> <strong>Odeszli:<\/strong><\/li><li> Jan Olszewski<\/li><li> Kornel Morawiecki <\/li><li>Jan Szyszko <\/li><li>Jolanta Szczypi\u0144ska <\/li><li>ks. Stanis\u0142aw Krzywi\u0144ski <\/li><li>ks. Eugeniusz Dryniak <\/li><li>Stanis\u0142aw \u017b\u00f3\u0142kiewicz <\/li><li>Zygmunt Majgier<\/li><\/ul>\n\n\n\n<figure class=\"wp-block-image\"><img fetchpriority=\"high\" decoding=\"async\" width=\"1024\" height=\"705\" src=\"https:\/\/marekkuchcinski.pl\/wp-content\/uploads\/2020\/01\/PSX_20200106_131643-1024x705.jpg\" alt=\"\" class=\"wp-image-18185\" srcset=\"https:\/\/marekkuchcinski.pl\/wp-content\/uploads\/2020\/01\/PSX_20200106_131643-1024x705.jpg 1024w, https:\/\/marekkuchcinski.pl\/wp-content\/uploads\/2020\/01\/PSX_20200106_131643-300x207.jpg 300w, https:\/\/marekkuchcinski.pl\/wp-content\/uploads\/2020\/01\/PSX_20200106_131643-768x529.jpg 768w, https:\/\/marekkuchcinski.pl\/wp-content\/uploads\/2020\/01\/PSX_20200106_131643.jpg 1397w\" sizes=\"(max-width: 1024px) 100vw, 1024px\" \/><figcaption>Od lewej: Henryk Cz\u0105stka, Jan Karu\u015b, Marek Kuchci\u0144ski, Jan Musia\u0142 &#8211; dzia\u0142acze podziemia z lat 80.<\/figcaption><\/figure>\n\n\n\n<figure class=\"wp-block-image\"><img decoding=\"async\" width=\"1024\" height=\"700\" src=\"https:\/\/marekkuchcinski.pl\/wp-content\/uploads\/2020\/01\/received_485840245402326-2-1024x700.jpeg\" alt=\"\" class=\"wp-image-18186\" srcset=\"https:\/\/marekkuchcinski.pl\/wp-content\/uploads\/2020\/01\/received_485840245402326-2-1024x700.jpeg 1024w, https:\/\/marekkuchcinski.pl\/wp-content\/uploads\/2020\/01\/received_485840245402326-2-300x205.jpeg 300w, https:\/\/marekkuchcinski.pl\/wp-content\/uploads\/2020\/01\/received_485840245402326-2-768x525.jpeg 768w, https:\/\/marekkuchcinski.pl\/wp-content\/uploads\/2020\/01\/received_485840245402326-2.jpeg 1440w\" sizes=\"(max-width: 1024px) 100vw, 1024px\" \/><\/figure>\n\n\n\n<figure class=\"wp-block-image\"><img decoding=\"async\" width=\"1024\" height=\"768\" src=\"https:\/\/marekkuchcinski.pl\/wp-content\/uploads\/2020\/01\/received_2537332036525140-1024x768.jpeg\" alt=\"\" class=\"wp-image-18187\" srcset=\"https:\/\/marekkuchcinski.pl\/wp-content\/uploads\/2020\/01\/received_2537332036525140-1024x768.jpeg 1024w, https:\/\/marekkuchcinski.pl\/wp-content\/uploads\/2020\/01\/received_2537332036525140-300x225.jpeg 300w, https:\/\/marekkuchcinski.pl\/wp-content\/uploads\/2020\/01\/received_2537332036525140-768x576.jpeg 768w, https:\/\/marekkuchcinski.pl\/wp-content\/uploads\/2020\/01\/received_2537332036525140.jpeg 1440w\" sizes=\"(max-width: 1024px) 100vw, 1024px\" \/><\/figure>\n\n\n\n<figure class=\"wp-block-image\"><img loading=\"lazy\" decoding=\"async\" width=\"1024\" height=\"764\" src=\"https:\/\/marekkuchcinski.pl\/wp-content\/uploads\/2020\/01\/received_512398786366647-2-1024x764.jpeg\" alt=\"\" class=\"wp-image-18188\" srcset=\"https:\/\/marekkuchcinski.pl\/wp-content\/uploads\/2020\/01\/received_512398786366647-2-1024x764.jpeg 1024w, https:\/\/marekkuchcinski.pl\/wp-content\/uploads\/2020\/01\/received_512398786366647-2-300x224.jpeg 300w, https:\/\/marekkuchcinski.pl\/wp-content\/uploads\/2020\/01\/received_512398786366647-2-768x573.jpeg 768w, https:\/\/marekkuchcinski.pl\/wp-content\/uploads\/2020\/01\/received_512398786366647-2.jpeg 1245w\" sizes=\"(max-width: 1024px) 100vw, 1024px\" \/><\/figure>\n\n\n\n<figure class=\"wp-block-image\"><img loading=\"lazy\" decoding=\"async\" width=\"1024\" height=\"768\" src=\"https:\/\/marekkuchcinski.pl\/wp-content\/uploads\/2020\/01\/received_519505711994484-2-1024x768.jpeg\" alt=\"\" class=\"wp-image-18189\" srcset=\"https:\/\/marekkuchcinski.pl\/wp-content\/uploads\/2020\/01\/received_519505711994484-2-1024x768.jpeg 1024w, https:\/\/marekkuchcinski.pl\/wp-content\/uploads\/2020\/01\/received_519505711994484-2-300x225.jpeg 300w, https:\/\/marekkuchcinski.pl\/wp-content\/uploads\/2020\/01\/received_519505711994484-2-768x576.jpeg 768w, https:\/\/marekkuchcinski.pl\/wp-content\/uploads\/2020\/01\/received_519505711994484-2.jpeg 1440w\" sizes=\"(max-width: 1024px) 100vw, 1024px\" \/><\/figure>","protected":false},"excerpt":{"rendered":"<p>W Muzeum Narodowym Ziemi Przemyskiej zebrali si\u0119 cz\u0142onkowie i sympatycy Prawa i Sprawiedliwo\u015bci, by podsumowa\u0107 2019 rok i podzieli\u0107 si\u0119 op\u0142atkiem. Marek Kuchci\u0144ski\u00a0przypomnia\u0142, \u017ce 2019 rok obfitowa\u0142 w wa\u017cne wydarzenia polityczne, dyplomatyczne i historyczne, kt\u00f3re by\u0142y istotne z perspektywy mi\u0119dzynarodowej i krajowej, regionalnej i lokalnej. Marsza\u0142ek Sejmu ubieg\u0142ej kadencji podkre\u015bli\u0142, \u017ce zar\u00f3wno w wyborach do [&hellip;]<\/p>\n","protected":false},"author":1,"featured_media":18185,"comment_status":"open","ping_status":"open","sticky":false,"template":"","format":"standard","meta":{"ngg_post_thumbnail":0,"footnotes":""},"categories":[49,3],"tags":[],"class_list":["post-18183","post","type-post","status-publish","format-standard","has-post-thumbnail","hentry","category-podkarpacie","category-wydarzenia"],"yoast_head":"<!-- This site is optimized with the Yoast SEO plugin v28.4 - https:\/\/yoast.com\/product\/yoast-seo-wordpress\/ -->\n<title>Spotkanie op\u0142atkowe cz\u0142onk\u00f3w i sympatyk\u00f3w PiS w Przemy\u015blu &#8211; Marek Kuchci\u0144ski<\/title>\n<meta name=\"robots\" content=\"index, follow, max-snippet:-1, max-image-preview:large, max-video-preview:-1\" \/>\n<link rel=\"canonical\" href=\"https:\/\/marekkuchcinski.pl\/en\/wydarzenia\/spotkanie-oplatkowe-czlonkow-i-sympatykow-pis-w-przemyslu\/\" \/>\n<meta property=\"og:locale\" content=\"en_GB\" \/>\n<meta property=\"og:type\" content=\"article\" \/>\n<meta property=\"og:title\" content=\"Spotkanie op\u0142atkowe cz\u0142onk\u00f3w i sympatyk\u00f3w PiS w Przemy\u015blu &#8211; Marek Kuchci\u0144ski\" \/>\n<meta property=\"og:description\" content=\"W Muzeum Narodowym Ziemi Przemyskiej zebrali si\u0119 cz\u0142onkowie i sympatycy Prawa i Sprawiedliwo\u015bci, by podsumowa\u0107 2019 rok i podzieli\u0107 si\u0119 op\u0142atkiem. Marek Kuchci\u0144ski\u00a0przypomnia\u0142, \u017ce 2019 rok obfitowa\u0142 w wa\u017cne wydarzenia polityczne, dyplomatyczne i historyczne, kt\u00f3re by\u0142y istotne z perspektywy mi\u0119dzynarodowej i krajowej, regionalnej i lokalnej. Marsza\u0142ek Sejmu ubieg\u0142ej kadencji podkre\u015bli\u0142, \u017ce zar\u00f3wno w wyborach do [&hellip;]\" \/>\n<meta property=\"og:url\" content=\"https:\/\/marekkuchcinski.pl\/en\/wydarzenia\/spotkanie-oplatkowe-czlonkow-i-sympatykow-pis-w-przemyslu\/\" \/>\n<meta property=\"og:site_name\" content=\"Marek Kuchci\u0144ski\" \/>\n<meta property=\"article:published_time\" content=\"2020-01-06T12:51:19+00:00\" \/>\n<meta property=\"article:modified_time\" content=\"2020-01-06T13:01:52+00:00\" \/>\n<meta property=\"og:image\" content=\"https:\/\/marekkuchcinski.pl\/wp-content\/uploads\/2020\/01\/PSX_20200106_131643.jpg\" \/>\n\t<meta property=\"og:image:width\" content=\"1397\" \/>\n\t<meta property=\"og:image:height\" content=\"962\" \/>\n\t<meta property=\"og:image:type\" content=\"image\/jpeg\" \/>\n<meta name=\"author\" content=\"admin\" \/>\n<meta name=\"twitter:card\" content=\"summary_large_image\" \/>\n<meta name=\"twitter:label1\" content=\"Written by\" \/>\n\t<meta name=\"twitter:data1\" content=\"admin\" \/>\n\t<meta name=\"twitter:label2\" content=\"Est. reading time\" \/>\n\t<meta name=\"twitter:data2\" content=\"2 minutes\" \/>\n<script type=\"application\/ld+json\" class=\"yoast-schema-graph\">{\"@context\":\"https:\\\/\\\/schema.org\",\"@graph\":[{\"@type\":\"Article\",\"@id\":\"https:\\\/\\\/marekkuchcinski.pl\\\/wydarzenia\\\/spotkanie-oplatkowe-czlonkow-i-sympatykow-pis-w-przemyslu\\\/#article\",\"isPartOf\":{\"@id\":\"https:\\\/\\\/marekkuchcinski.pl\\\/wydarzenia\\\/spotkanie-oplatkowe-czlonkow-i-sympatykow-pis-w-przemyslu\\\/\"},\"author\":{\"name\":\"admin\",\"@id\":\"https:\\\/\\\/marekkuchcinski.pl\\\/#\\\/schema\\\/person\\\/3df5731f1d989baf25555b5a344773d5\"},\"headline\":\"Spotkanie op\u0142atkowe cz\u0142onk\u00f3w i sympatyk\u00f3w PiS w Przemy\u015blu\",\"datePublished\":\"2020-01-06T12:51:19+00:00\",\"dateModified\":\"2020-01-06T13:01:52+00:00\",\"mainEntityOfPage\":{\"@id\":\"https:\\\/\\\/marekkuchcinski.pl\\\/wydarzenia\\\/spotkanie-oplatkowe-czlonkow-i-sympatykow-pis-w-przemyslu\\\/\"},\"wordCount\":337,\"commentCount\":0,\"publisher\":{\"@id\":\"https:\\\/\\\/marekkuchcinski.pl\\\/#organization\"},\"image\":{\"@id\":\"https:\\\/\\\/marekkuchcinski.pl\\\/wydarzenia\\\/spotkanie-oplatkowe-czlonkow-i-sympatykow-pis-w-przemyslu\\\/#primaryimage\"},\"thumbnailUrl\":\"https:\\\/\\\/marekkuchcinski.pl\\\/wp-content\\\/uploads\\\/2020\\\/01\\\/PSX_20200106_131643.jpg\",\"articleSection\":[\"Podkarpacie\",\"Wydarzenia\"],\"inLanguage\":\"en-GB\",\"potentialAction\":[{\"@type\":\"CommentAction\",\"name\":\"Comment\",\"target\":[\"https:\\\/\\\/marekkuchcinski.pl\\\/wydarzenia\\\/spotkanie-oplatkowe-czlonkow-i-sympatykow-pis-w-przemyslu\\\/#respond\"]}]},{\"@type\":\"WebPage\",\"@id\":\"https:\\\/\\\/marekkuchcinski.pl\\\/wydarzenia\\\/spotkanie-oplatkowe-czlonkow-i-sympatykow-pis-w-przemyslu\\\/\",\"url\":\"https:\\\/\\\/marekkuchcinski.pl\\\/wydarzenia\\\/spotkanie-oplatkowe-czlonkow-i-sympatykow-pis-w-przemyslu\\\/\",\"name\":\"Spotkanie op\u0142atkowe cz\u0142onk\u00f3w i sympatyk\u00f3w PiS w Przemy\u015blu &#8211; Marek Kuchci\u0144ski\",\"isPartOf\":{\"@id\":\"https:\\\/\\\/marekkuchcinski.pl\\\/#website\"},\"primaryImageOfPage\":{\"@id\":\"https:\\\/\\\/marekkuchcinski.pl\\\/wydarzenia\\\/spotkanie-oplatkowe-czlonkow-i-sympatykow-pis-w-przemyslu\\\/#primaryimage\"},\"image\":{\"@id\":\"https:\\\/\\\/marekkuchcinski.pl\\\/wydarzenia\\\/spotkanie-oplatkowe-czlonkow-i-sympatykow-pis-w-przemyslu\\\/#primaryimage\"},\"thumbnailUrl\":\"https:\\\/\\\/marekkuchcinski.pl\\\/wp-content\\\/uploads\\\/2020\\\/01\\\/PSX_20200106_131643.jpg\",\"datePublished\":\"2020-01-06T12:51:19+00:00\",\"dateModified\":\"2020-01-06T13:01:52+00:00\",\"breadcrumb\":{\"@id\":\"https:\\\/\\\/marekkuchcinski.pl\\\/wydarzenia\\\/spotkanie-oplatkowe-czlonkow-i-sympatykow-pis-w-przemyslu\\\/#breadcrumb\"},\"inLanguage\":\"en-GB\",\"potentialAction\":[{\"@type\":\"ReadAction\",\"target\":[\"https:\\\/\\\/marekkuchcinski.pl\\\/wydarzenia\\\/spotkanie-oplatkowe-czlonkow-i-sympatykow-pis-w-przemyslu\\\/\"]}]},{\"@type\":\"ImageObject\",\"inLanguage\":\"en-GB\",\"@id\":\"https:\\\/\\\/marekkuchcinski.pl\\\/wydarzenia\\\/spotkanie-oplatkowe-czlonkow-i-sympatykow-pis-w-przemyslu\\\/#primaryimage\",\"url\":\"https:\\\/\\\/marekkuchcinski.pl\\\/wp-content\\\/uploads\\\/2020\\\/01\\\/PSX_20200106_131643.jpg\",\"contentUrl\":\"https:\\\/\\\/marekkuchcinski.pl\\\/wp-content\\\/uploads\\\/2020\\\/01\\\/PSX_20200106_131643.jpg\",\"width\":1397,\"height\":962},{\"@type\":\"BreadcrumbList\",\"@id\":\"https:\\\/\\\/marekkuchcinski.pl\\\/wydarzenia\\\/spotkanie-oplatkowe-czlonkow-i-sympatykow-pis-w-przemyslu\\\/#breadcrumb\",\"itemListElement\":[{\"@type\":\"ListItem\",\"position\":1,\"name\":\"Strona g\u0142\u00f3wna\",\"item\":\"https:\\\/\\\/marekkuchcinski.pl\\\/\"},{\"@type\":\"ListItem\",\"position\":2,\"name\":\"Spotkanie op\u0142atkowe cz\u0142onk\u00f3w i sympatyk\u00f3w PiS w Przemy\u015blu\"}]},{\"@type\":\"WebSite\",\"@id\":\"https:\\\/\\\/marekkuchcinski.pl\\\/#website\",\"url\":\"https:\\\/\\\/marekkuchcinski.pl\\\/\",\"name\":\"Marek Kuchci\u0144ski\",\"description\":\"Marek Kuchci\u0144ski \",\"publisher\":{\"@id\":\"https:\\\/\\\/marekkuchcinski.pl\\\/#organization\"},\"potentialAction\":[{\"@type\":\"SearchAction\",\"target\":{\"@type\":\"EntryPoint\",\"urlTemplate\":\"https:\\\/\\\/marekkuchcinski.pl\\\/?s={search_term_string}\"},\"query-input\":{\"@type\":\"PropertyValueSpecification\",\"valueRequired\":true,\"valueName\":\"search_term_string\"}}],\"inLanguage\":\"en-GB\"},{\"@type\":\"Organization\",\"@id\":\"https:\\\/\\\/marekkuchcinski.pl\\\/#organization\",\"name\":\"Marek Kuchci\u0144ski\",\"url\":\"https:\\\/\\\/marekkuchcinski.pl\\\/\",\"logo\":{\"@type\":\"ImageObject\",\"inLanguage\":\"en-GB\",\"@id\":\"https:\\\/\\\/marekkuchcinski.pl\\\/#\\\/schema\\\/logo\\\/image\\\/\",\"url\":\"https:\\\/\\\/marekkuchcinski.pl\\\/wp-content\\\/uploads\\\/2022\\\/09\\\/Marek.jpg\",\"contentUrl\":\"https:\\\/\\\/marekkuchcinski.pl\\\/wp-content\\\/uploads\\\/2022\\\/09\\\/Marek.jpg\",\"width\":1600,\"height\":971,\"caption\":\"Marek Kuchci\u0144ski\"},\"image\":{\"@id\":\"https:\\\/\\\/marekkuchcinski.pl\\\/#\\\/schema\\\/logo\\\/image\\\/\"}},{\"@type\":\"Person\",\"@id\":\"https:\\\/\\\/marekkuchcinski.pl\\\/#\\\/schema\\\/person\\\/3df5731f1d989baf25555b5a344773d5\",\"name\":\"admin\",\"image\":{\"@type\":\"ImageObject\",\"inLanguage\":\"en-GB\",\"@id\":\"https:\\\/\\\/secure.gravatar.com\\\/avatar\\\/8fdd2bf34b2a04a8cfb92bbed2c60d558452e5d61a8064e677da4778b9cf4898?s=96&d=mm&r=g\",\"url\":\"https:\\\/\\\/secure.gravatar.com\\\/avatar\\\/8fdd2bf34b2a04a8cfb92bbed2c60d558452e5d61a8064e677da4778b9cf4898?s=96&d=mm&r=g\",\"contentUrl\":\"https:\\\/\\\/secure.gravatar.com\\\/avatar\\\/8fdd2bf34b2a04a8cfb92bbed2c60d558452e5d61a8064e677da4778b9cf4898?s=96&d=mm&r=g\",\"caption\":\"admin\"},\"sameAs\":[\"https:\\\/\\\/marekkuchcinski.pl\"],\"url\":\"https:\\\/\\\/marekkuchcinski.pl\\\/en\\\/author\\\/admin\\\/\"}]}<\/script>\n<!-- \/ Yoast SEO plugin. -->","yoast_head_json":{"title":"Spotkanie op\u0142atkowe cz\u0142onk\u00f3w i sympatyk\u00f3w PiS w Przemy\u015blu &#8211; Marek Kuchci\u0144ski","robots":{"index":"index","follow":"follow","max-snippet":"max-snippet:-1","max-image-preview":"max-image-preview:large","max-video-preview":"max-video-preview:-1"},"canonical":"https:\/\/marekkuchcinski.pl\/en\/wydarzenia\/spotkanie-oplatkowe-czlonkow-i-sympatykow-pis-w-przemyslu\/","og_locale":"en_GB","og_type":"article","og_title":"Spotkanie op\u0142atkowe cz\u0142onk\u00f3w i sympatyk\u00f3w PiS w Przemy\u015blu &#8211; Marek Kuchci\u0144ski","og_description":"W Muzeum Narodowym Ziemi Przemyskiej zebrali si\u0119 cz\u0142onkowie i sympatycy Prawa i Sprawiedliwo\u015bci, by podsumowa\u0107 2019 rok i podzieli\u0107 si\u0119 op\u0142atkiem. Marek Kuchci\u0144ski\u00a0przypomnia\u0142, \u017ce 2019 rok obfitowa\u0142 w wa\u017cne wydarzenia polityczne, dyplomatyczne i historyczne, kt\u00f3re by\u0142y istotne z perspektywy mi\u0119dzynarodowej i krajowej, regionalnej i lokalnej. Marsza\u0142ek Sejmu ubieg\u0142ej kadencji podkre\u015bli\u0142, \u017ce zar\u00f3wno w wyborach do [&hellip;]","og_url":"https:\/\/marekkuchcinski.pl\/en\/wydarzenia\/spotkanie-oplatkowe-czlonkow-i-sympatykow-pis-w-przemyslu\/","og_site_name":"Marek Kuchci\u0144ski","article_published_time":"2020-01-06T12:51:19+00:00","article_modified_time":"2020-01-06T13:01:52+00:00","og_image":[{"width":1397,"height":962,"url":"https:\/\/marekkuchcinski.pl\/wp-content\/uploads\/2020\/01\/PSX_20200106_131643.jpg","type":"image\/jpeg"}],"author":"admin","twitter_card":"summary_large_image","twitter_misc":{"Written by":"admin","Est. reading time":"2 minutes"},"schema":{"@context":"https:\/\/schema.org","@graph":[{"@type":"Article","@id":"https:\/\/marekkuchcinski.pl\/wydarzenia\/spotkanie-oplatkowe-czlonkow-i-sympatykow-pis-w-przemyslu\/#article","isPartOf":{"@id":"https:\/\/marekkuchcinski.pl\/wydarzenia\/spotkanie-oplatkowe-czlonkow-i-sympatykow-pis-w-przemyslu\/"},"author":{"name":"admin","@id":"https:\/\/marekkuchcinski.pl\/#\/schema\/person\/3df5731f1d989baf25555b5a344773d5"},"headline":"Spotkanie op\u0142atkowe cz\u0142onk\u00f3w i sympatyk\u00f3w PiS w Przemy\u015blu","datePublished":"2020-01-06T12:51:19+00:00","dateModified":"2020-01-06T13:01:52+00:00","mainEntityOfPage":{"@id":"https:\/\/marekkuchcinski.pl\/wydarzenia\/spotkanie-oplatkowe-czlonkow-i-sympatykow-pis-w-przemyslu\/"},"wordCount":337,"commentCount":0,"publisher":{"@id":"https:\/\/marekkuchcinski.pl\/#organization"},"image":{"@id":"https:\/\/marekkuchcinski.pl\/wydarzenia\/spotkanie-oplatkowe-czlonkow-i-sympatykow-pis-w-przemyslu\/#primaryimage"},"thumbnailUrl":"https:\/\/marekkuchcinski.pl\/wp-content\/uploads\/2020\/01\/PSX_20200106_131643.jpg","articleSection":["Podkarpacie","Wydarzenia"],"inLanguage":"en-GB","potentialAction":[{"@type":"CommentAction","name":"Comment","target":["https:\/\/marekkuchcinski.pl\/wydarzenia\/spotkanie-oplatkowe-czlonkow-i-sympatykow-pis-w-przemyslu\/#respond"]}]},{"@type":"WebPage","@id":"https:\/\/marekkuchcinski.pl\/wydarzenia\/spotkanie-oplatkowe-czlonkow-i-sympatykow-pis-w-przemyslu\/","url":"https:\/\/marekkuchcinski.pl\/wydarzenia\/spotkanie-oplatkowe-czlonkow-i-sympatykow-pis-w-przemyslu\/","name":"Spotkanie op\u0142atkowe cz\u0142onk\u00f3w i sympatyk\u00f3w PiS w Przemy\u015blu &#8211; Marek Kuchci\u0144ski","isPartOf":{"@id":"https:\/\/marekkuchcinski.pl\/#website"},"primaryImageOfPage":{"@id":"https:\/\/marekkuchcinski.pl\/wydarzenia\/spotkanie-oplatkowe-czlonkow-i-sympatykow-pis-w-przemyslu\/#primaryimage"},"image":{"@id":"https:\/\/marekkuchcinski.pl\/wydarzenia\/spotkanie-oplatkowe-czlonkow-i-sympatykow-pis-w-przemyslu\/#primaryimage"},"thumbnailUrl":"https:\/\/marekkuchcinski.pl\/wp-content\/uploads\/2020\/01\/PSX_20200106_131643.jpg","datePublished":"2020-01-06T12:51:19+00:00","dateModified":"2020-01-06T13:01:52+00:00","breadcrumb":{"@id":"https:\/\/marekkuchcinski.pl\/wydarzenia\/spotkanie-oplatkowe-czlonkow-i-sympatykow-pis-w-przemyslu\/#breadcrumb"},"inLanguage":"en-GB","potentialAction":[{"@type":"ReadAction","target":["https:\/\/marekkuchcinski.pl\/wydarzenia\/spotkanie-oplatkowe-czlonkow-i-sympatykow-pis-w-przemyslu\/"]}]},{"@type":"ImageObject","inLanguage":"en-GB","@id":"https:\/\/marekkuchcinski.pl\/wydarzenia\/spotkanie-oplatkowe-czlonkow-i-sympatykow-pis-w-przemyslu\/#primaryimage","url":"https:\/\/marekkuchcinski.pl\/wp-content\/uploads\/2020\/01\/PSX_20200106_131643.jpg","contentUrl":"https:\/\/marekkuchcinski.pl\/wp-content\/uploads\/2020\/01\/PSX_20200106_131643.jpg","width":1397,"height":962},{"@type":"BreadcrumbList","@id":"https:\/\/marekkuchcinski.pl\/wydarzenia\/spotkanie-oplatkowe-czlonkow-i-sympatykow-pis-w-przemyslu\/#breadcrumb","itemListElement":[{"@type":"ListItem","position":1,"name":"Strona g\u0142\u00f3wna","item":"https:\/\/marekkuchcinski.pl\/"},{"@type":"ListItem","position":2,"name":"Spotkanie op\u0142atkowe cz\u0142onk\u00f3w i sympatyk\u00f3w PiS w Przemy\u015blu"}]},{"@type":"WebSite","@id":"https:\/\/marekkuchcinski.pl\/#website","url":"https:\/\/marekkuchcinski.pl\/","name":"Marek Kuchci\u0144ski","description":"Marek Kuchci\u0144ski","publisher":{"@id":"https:\/\/marekkuchcinski.pl\/#organization"},"potentialAction":[{"@type":"SearchAction","target":{"@type":"EntryPoint","urlTemplate":"https:\/\/marekkuchcinski.pl\/?s={search_term_string}"},"query-input":{"@type":"PropertyValueSpecification","valueRequired":true,"valueName":"search_term_string"}}],"inLanguage":"en-GB"},{"@type":"Organization","@id":"https:\/\/marekkuchcinski.pl\/#organization","name":"Marek Kuchci\u0144ski","url":"https:\/\/marekkuchcinski.pl\/","logo":{"@type":"ImageObject","inLanguage":"en-GB","@id":"https:\/\/marekkuchcinski.pl\/#\/schema\/logo\/image\/","url":"https:\/\/marekkuchcinski.pl\/wp-content\/uploads\/2022\/09\/Marek.jpg","contentUrl":"https:\/\/marekkuchcinski.pl\/wp-content\/uploads\/2022\/09\/Marek.jpg","width":1600,"height":971,"caption":"Marek Kuchci\u0144ski"},"image":{"@id":"https:\/\/marekkuchcinski.pl\/#\/schema\/logo\/image\/"}},{"@type":"Person","@id":"https:\/\/marekkuchcinski.pl\/#\/schema\/person\/3df5731f1d989baf25555b5a344773d5","name":"admin","image":{"@type":"ImageObject","inLanguage":"en-GB","@id":"https:\/\/secure.gravatar.com\/avatar\/8fdd2bf34b2a04a8cfb92bbed2c60d558452e5d61a8064e677da4778b9cf4898?s=96&d=mm&r=g","url":"https:\/\/secure.gravatar.com\/avatar\/8fdd2bf34b2a04a8cfb92bbed2c60d558452e5d61a8064e677da4778b9cf4898?s=96&d=mm&r=g","contentUrl":"https:\/\/secure.gravatar.com\/avatar\/8fdd2bf34b2a04a8cfb92bbed2c60d558452e5d61a8064e677da4778b9cf4898?s=96&d=mm&r=g","caption":"admin"},"sameAs":["https:\/\/marekkuchcinski.pl"],"url":"https:\/\/marekkuchcinski.pl\/en\/author\/admin\/"}]}},"_links":{"self":[{"href":"https:\/\/marekkuchcinski.pl\/en\/wp-json\/wp\/v2\/posts\/18183","targetHints":{"allow":["GET"]}}],"collection":[{"href":"https:\/\/marekkuchcinski.pl\/en\/wp-json\/wp\/v2\/posts"}],"about":[{"href":"https:\/\/marekkuchcinski.pl\/en\/wp-json\/wp\/v2\/types\/post"}],"author":[{"embeddable":true,"href":"https:\/\/marekkuchcinski.pl\/en\/wp-json\/wp\/v2\/users\/1"}],"replies":[{"embeddable":true,"href":"https:\/\/marekkuchcinski.pl\/en\/wp-json\/wp\/v2\/comments?post=18183"}],"version-history":[{"count":13,"href":"https:\/\/marekkuchcinski.pl\/en\/wp-json\/wp\/v2\/posts\/18183\/revisions"}],"predecessor-version":[{"id":18201,"href":"https:\/\/marekkuchcinski.pl\/en\/wp-json\/wp\/v2\/posts\/18183\/revisions\/18201"}],"wp:featuredmedia":[{"embeddable":true,"href":"https:\/\/marekkuchcinski.pl\/en\/wp-json\/wp\/v2\/media\/18185"}],"wp:attachment":[{"href":"https:\/\/marekkuchcinski.pl\/en\/wp-json\/wp\/v2\/media?parent=18183"}],"wp:term":[{"taxonomy":"category","embeddable":true,"href":"https:\/\/marekkuchcinski.pl\/en\/wp-json\/wp\/v2\/categories?post=18183"},{"taxonomy":"post_tag","embeddable":true,"href":"https:\/\/marekkuchcinski.pl\/en\/wp-json\/wp\/v2\/tags?post=18183"}],"curies":[{"name":"wp","href":"https:\/\/api.w.org\/{rel}","templated":true}]}}