{"id":18159,"date":"2020-01-03T11:45:10","date_gmt":"2020-01-03T10:45:10","guid":{"rendered":"https:\/\/marekkuchcinski.pl\/?p=18159"},"modified":"2020-01-03T11:45:11","modified_gmt":"2020-01-03T10:45:11","slug":"podkarpacie-z-szansa-na-kolejny-rekord-w-poparciu-andrzeja-dudy","status":"publish","type":"post","link":"https:\/\/marekkuchcinski.pl\/en\/wydarzenia\/podkarpacie-z-szansa-na-kolejny-rekord-w-poparciu-andrzeja-dudy\/","title":{"rendered":"Podkarpacie with a chance for another record-breaking support for Andrzej Duda"},"content":{"rendered":"<p>Without a doubt, the most important political event of 2020 will be the presidential election. Polls from the last two years show the incumbent president's unrivaled support. In the 2015 elections, Andrzej Duda had the strongest support (over 70 percent, and in some municipalities almost 100 percent) in Podkarpacie.  - So hard work lies ahead of us, because these results oblige - <a href=\"https:\/\/www.facebook.com\/KuchcinskiMarek\/photos\/a.1693174324232123\/2497285603820987\/?type=3&amp;theater\">Marek Kuchci\u0144ski wrote on Facebook<\/a>.<\/p>\n\n\n\n<p><\/p>\n\n\n\n<figure class=\"wp-block-image\"><img fetchpriority=\"high\" decoding=\"async\" width=\"1024\" height=\"673\" src=\"https:\/\/marekkuchcinski.pl\/wp-content\/uploads\/2020\/01\/ENRbmTLWsAAD4PO-1024x673.png\" alt=\"\" class=\"wp-image-18160\" srcset=\"https:\/\/marekkuchcinski.pl\/wp-content\/uploads\/2020\/01\/ENRbmTLWsAAD4PO-1024x673.png 1024w, https:\/\/marekkuchcinski.pl\/wp-content\/uploads\/2020\/01\/ENRbmTLWsAAD4PO-300x197.png 300w, https:\/\/marekkuchcinski.pl\/wp-content\/uploads\/2020\/01\/ENRbmTLWsAAD4PO-768x504.png 768w, https:\/\/marekkuchcinski.pl\/wp-content\/uploads\/2020\/01\/ENRbmTLWsAAD4PO.png 1186w\" sizes=\"(max-width: 1024px) 100vw, 1024px\" \/><\/figure>\n\n\n\n<figure class=\"wp-block-image\"><img decoding=\"async\" width=\"1024\" height=\"711\" src=\"https:\/\/marekkuchcinski.pl\/wp-content\/uploads\/2020\/01\/pad1-1024x711-1024x711.jpg\" alt=\"\" class=\"wp-image-18161\" srcset=\"https:\/\/marekkuchcinski.pl\/wp-content\/uploads\/2020\/01\/pad1-1024x711.jpg 1024w, https:\/\/marekkuchcinski.pl\/wp-content\/uploads\/2020\/01\/pad1-1024x711-300x208.jpg 300w, https:\/\/marekkuchcinski.pl\/wp-content\/uploads\/2020\/01\/pad1-1024x711-768x533.jpg 768w\" sizes=\"(max-width: 1024px) 100vw, 1024px\" \/><figcaption><em>Photo by Marta Olejnik<\/em><\/figcaption><\/figure>","protected":false},"excerpt":{"rendered":"<p>Bez w\u0105tpienia najwa\u017cniejszym wydarzeniem politycznym 2020 roku b\u0119d\u0105 wybory prezydenckie. Badania z dw\u00f3ch ostatnich lat pokazuj\u0105 bezkonkurencyjno\u015b\u0107 obecnego prezydenta. W wyborach w 2015 roku najmocniejsze poparcie (ponad 70 proc., a w niekt\u00f3rych gminach prawie 100 proc.) Andrzej Duda mia\u0142 na Podkarpaciu. \u2013 Przed nami wi\u0119c ci\u0119\u017cka praca, bo te wyniki zobowi\u0105zuj\u0105 \u2013 napisa\u0142 na Facebooku [&hellip;]<\/p>","protected":false},"author":6,"featured_media":18161,"comment_status":"open","ping_status":"open","sticky":false,"template":"","format":"standard","meta":{"ngg_post_thumbnail":0,"footnotes":""},"categories":[3],"tags":[],"class_list":["post-18159","post","type-post","status-publish","format-standard","has-post-thumbnail","hentry","category-wydarzenia"],"yoast_head":"<!-- This site is optimized with the Yoast SEO plugin v24.7 - https:\/\/yoast.com\/wordpress\/plugins\/seo\/ -->\n<title>Podkarpacie z szans\u0105 na kolejny rekord w poparciu Andrzeja Dudy &#8211; Marek Kuchci\u0144ski<\/title>\n<meta name=\"robots\" content=\"index, follow, max-snippet:-1, max-image-preview:large, max-video-preview:-1\" \/>\n<link rel=\"canonical\" href=\"https:\/\/marekkuchcinski.pl\/en\/wydarzenia\/podkarpacie-z-szansa-na-kolejny-rekord-w-poparciu-andrzeja-dudy\/\" \/>\n<meta property=\"og:locale\" content=\"en_GB\" \/>\n<meta property=\"og:type\" content=\"article\" \/>\n<meta property=\"og:title\" content=\"Podkarpacie z szans\u0105 na kolejny rekord w poparciu Andrzeja Dudy &#8211; Marek Kuchci\u0144ski\" \/>\n<meta property=\"og:description\" content=\"Bez w\u0105tpienia najwa\u017cniejszym wydarzeniem politycznym 2020 roku b\u0119d\u0105 wybory prezydenckie. Badania z dw\u00f3ch ostatnich lat pokazuj\u0105 bezkonkurencyjno\u015b\u0107 obecnego prezydenta. W wyborach w 2015 roku najmocniejsze poparcie (ponad 70 proc., a w niekt\u00f3rych gminach prawie 100 proc.) Andrzej Duda mia\u0142 na Podkarpaciu. \u2013 Przed nami wi\u0119c ci\u0119\u017cka praca, bo te wyniki zobowi\u0105zuj\u0105 \u2013 napisa\u0142 na Facebooku [&hellip;]\" \/>\n<meta property=\"og:url\" content=\"https:\/\/marekkuchcinski.pl\/en\/wydarzenia\/podkarpacie-z-szansa-na-kolejny-rekord-w-poparciu-andrzeja-dudy\/\" \/>\n<meta property=\"og:site_name\" content=\"Marek Kuchci\u0144ski\" \/>\n<meta property=\"article:published_time\" content=\"2020-01-03T10:45:10+00:00\" \/>\n<meta property=\"article:modified_time\" content=\"2020-01-03T10:45:11+00:00\" \/>\n<meta property=\"og:image\" content=\"https:\/\/marekkuchcinski.pl\/wp-content\/uploads\/2020\/01\/pad1-1024x711.jpg\" \/>\n\t<meta property=\"og:image:width\" content=\"1024\" \/>\n\t<meta property=\"og:image:height\" content=\"711\" \/>\n\t<meta property=\"og:image:type\" content=\"image\/jpeg\" \/>\n<meta name=\"author\" content=\"admin\" \/>\n<meta name=\"twitter:card\" content=\"summary_large_image\" \/>\n<meta name=\"twitter:label1\" content=\"Written by\" \/>\n\t<meta name=\"twitter:data1\" content=\"admin\" \/>\n<script type=\"application\/ld+json\" class=\"yoast-schema-graph\">{\"@context\":\"https:\/\/schema.org\",\"@graph\":[{\"@type\":\"Article\",\"@id\":\"https:\/\/marekkuchcinski.pl\/wydarzenia\/podkarpacie-z-szansa-na-kolejny-rekord-w-poparciu-andrzeja-dudy\/#article\",\"isPartOf\":{\"@id\":\"https:\/\/marekkuchcinski.pl\/wydarzenia\/podkarpacie-z-szansa-na-kolejny-rekord-w-poparciu-andrzeja-dudy\/\"},\"author\":{\"name\":\"admin\",\"@id\":\"https:\/\/marekkuchcinski.pl\/#\/schema\/person\/6f62700996b4d950b6ea2d1183b6c6be\"},\"headline\":\"Podkarpacie z szans\u0105 na kolejny rekord w poparciu Andrzeja Dudy\",\"datePublished\":\"2020-01-03T10:45:10+00:00\",\"dateModified\":\"2020-01-03T10:45:11+00:00\",\"mainEntityOfPage\":{\"@id\":\"https:\/\/marekkuchcinski.pl\/wydarzenia\/podkarpacie-z-szansa-na-kolejny-rekord-w-poparciu-andrzeja-dudy\/\"},\"wordCount\":73,\"commentCount\":0,\"publisher\":{\"@id\":\"https:\/\/marekkuchcinski.pl\/#organization\"},\"image\":{\"@id\":\"https:\/\/marekkuchcinski.pl\/wydarzenia\/podkarpacie-z-szansa-na-kolejny-rekord-w-poparciu-andrzeja-dudy\/#primaryimage\"},\"thumbnailUrl\":\"https:\/\/marekkuchcinski.pl\/wp-content\/uploads\/2020\/01\/pad1-1024x711.jpg\",\"articleSection\":[\"Wydarzenia\"],\"inLanguage\":\"en-GB\",\"potentialAction\":[{\"@type\":\"CommentAction\",\"name\":\"Comment\",\"target\":[\"https:\/\/marekkuchcinski.pl\/wydarzenia\/podkarpacie-z-szansa-na-kolejny-rekord-w-poparciu-andrzeja-dudy\/#respond\"]}]},{\"@type\":\"WebPage\",\"@id\":\"https:\/\/marekkuchcinski.pl\/wydarzenia\/podkarpacie-z-szansa-na-kolejny-rekord-w-poparciu-andrzeja-dudy\/\",\"url\":\"https:\/\/marekkuchcinski.pl\/wydarzenia\/podkarpacie-z-szansa-na-kolejny-rekord-w-poparciu-andrzeja-dudy\/\",\"name\":\"Podkarpacie z szans\u0105 na kolejny rekord w poparciu Andrzeja Dudy &#8211; Marek Kuchci\u0144ski\",\"isPartOf\":{\"@id\":\"https:\/\/marekkuchcinski.pl\/#website\"},\"primaryImageOfPage\":{\"@id\":\"https:\/\/marekkuchcinski.pl\/wydarzenia\/podkarpacie-z-szansa-na-kolejny-rekord-w-poparciu-andrzeja-dudy\/#primaryimage\"},\"image\":{\"@id\":\"https:\/\/marekkuchcinski.pl\/wydarzenia\/podkarpacie-z-szansa-na-kolejny-rekord-w-poparciu-andrzeja-dudy\/#primaryimage\"},\"thumbnailUrl\":\"https:\/\/marekkuchcinski.pl\/wp-content\/uploads\/2020\/01\/pad1-1024x711.jpg\",\"datePublished\":\"2020-01-03T10:45:10+00:00\",\"dateModified\":\"2020-01-03T10:45:11+00:00\",\"breadcrumb\":{\"@id\":\"https:\/\/marekkuchcinski.pl\/wydarzenia\/podkarpacie-z-szansa-na-kolejny-rekord-w-poparciu-andrzeja-dudy\/#breadcrumb\"},\"inLanguage\":\"en-GB\",\"potentialAction\":[{\"@type\":\"ReadAction\",\"target\":[\"https:\/\/marekkuchcinski.pl\/wydarzenia\/podkarpacie-z-szansa-na-kolejny-rekord-w-poparciu-andrzeja-dudy\/\"]}]},{\"@type\":\"ImageObject\",\"inLanguage\":\"en-GB\",\"@id\":\"https:\/\/marekkuchcinski.pl\/wydarzenia\/podkarpacie-z-szansa-na-kolejny-rekord-w-poparciu-andrzeja-dudy\/#primaryimage\",\"url\":\"https:\/\/marekkuchcinski.pl\/wp-content\/uploads\/2020\/01\/pad1-1024x711.jpg\",\"contentUrl\":\"https:\/\/marekkuchcinski.pl\/wp-content\/uploads\/2020\/01\/pad1-1024x711.jpg\",\"width\":1024,\"height\":711},{\"@type\":\"BreadcrumbList\",\"@id\":\"https:\/\/marekkuchcinski.pl\/wydarzenia\/podkarpacie-z-szansa-na-kolejny-rekord-w-poparciu-andrzeja-dudy\/#breadcrumb\",\"itemListElement\":[{\"@type\":\"ListItem\",\"position\":1,\"name\":\"Strona g\u0142\u00f3wna\",\"item\":\"https:\/\/marekkuchcinski.pl\/\"},{\"@type\":\"ListItem\",\"position\":2,\"name\":\"Podkarpacie z szans\u0105 na kolejny rekord w poparciu Andrzeja Dudy\"}]},{\"@type\":\"WebSite\",\"@id\":\"https:\/\/marekkuchcinski.pl\/#website\",\"url\":\"https:\/\/marekkuchcinski.pl\/\",\"name\":\"Marek Kuchci\u0144ski\",\"description\":\"Pose\u0142 na sejm RP &ndash; okr\u0119g nr 22\",\"publisher\":{\"@id\":\"https:\/\/marekkuchcinski.pl\/#organization\"},\"potentialAction\":[{\"@type\":\"SearchAction\",\"target\":{\"@type\":\"EntryPoint\",\"urlTemplate\":\"https:\/\/marekkuchcinski.pl\/?s={search_term_string}\"},\"query-input\":{\"@type\":\"PropertyValueSpecification\",\"valueRequired\":true,\"valueName\":\"search_term_string\"}}],\"inLanguage\":\"en-GB\"},{\"@type\":\"Organization\",\"@id\":\"https:\/\/marekkuchcinski.pl\/#organization\",\"name\":\"Marek Kuchci\u0144ski\",\"url\":\"https:\/\/marekkuchcinski.pl\/\",\"logo\":{\"@type\":\"ImageObject\",\"inLanguage\":\"en-GB\",\"@id\":\"https:\/\/marekkuchcinski.pl\/#\/schema\/logo\/image\/\",\"url\":\"https:\/\/marekkuchcinski.pl\/wp-content\/uploads\/2022\/09\/Marek.jpg\",\"contentUrl\":\"https:\/\/marekkuchcinski.pl\/wp-content\/uploads\/2022\/09\/Marek.jpg\",\"width\":1600,\"height\":971,\"caption\":\"Marek Kuchci\u0144ski\"},\"image\":{\"@id\":\"https:\/\/marekkuchcinski.pl\/#\/schema\/logo\/image\/\"}},{\"@type\":\"Person\",\"@id\":\"https:\/\/marekkuchcinski.pl\/#\/schema\/person\/6f62700996b4d950b6ea2d1183b6c6be\",\"name\":\"admin\",\"image\":{\"@type\":\"ImageObject\",\"inLanguage\":\"en-GB\",\"@id\":\"https:\/\/marekkuchcinski.pl\/#\/schema\/person\/image\/\",\"url\":\"https:\/\/secure.gravatar.com\/avatar\/4bab693b9d55c3d6b52c0296a8765085?s=96&d=mm&r=g\",\"contentUrl\":\"https:\/\/secure.gravatar.com\/avatar\/4bab693b9d55c3d6b52c0296a8765085?s=96&d=mm&r=g\",\"caption\":\"admin\"},\"url\":\"https:\/\/marekkuchcinski.pl\/en\/author\/marta-olejnik\/\"}]}<\/script>\n<!-- \/ Yoast SEO plugin. -->","yoast_head_json":{"title":"Podkarpacie z szans\u0105 na kolejny rekord w poparciu Andrzeja Dudy &#8211; Marek Kuchci\u0144ski","robots":{"index":"index","follow":"follow","max-snippet":"max-snippet:-1","max-image-preview":"max-image-preview:large","max-video-preview":"max-video-preview:-1"},"canonical":"https:\/\/marekkuchcinski.pl\/en\/wydarzenia\/podkarpacie-z-szansa-na-kolejny-rekord-w-poparciu-andrzeja-dudy\/","og_locale":"en_GB","og_type":"article","og_title":"Podkarpacie z szans\u0105 na kolejny rekord w poparciu Andrzeja Dudy &#8211; Marek Kuchci\u0144ski","og_description":"Bez w\u0105tpienia najwa\u017cniejszym wydarzeniem politycznym 2020 roku b\u0119d\u0105 wybory prezydenckie. Badania z dw\u00f3ch ostatnich lat pokazuj\u0105 bezkonkurencyjno\u015b\u0107 obecnego prezydenta. W wyborach w 2015 roku najmocniejsze poparcie (ponad 70 proc., a w niekt\u00f3rych gminach prawie 100 proc.) Andrzej Duda mia\u0142 na Podkarpaciu. \u2013 Przed nami wi\u0119c ci\u0119\u017cka praca, bo te wyniki zobowi\u0105zuj\u0105 \u2013 napisa\u0142 na Facebooku [&hellip;]","og_url":"https:\/\/marekkuchcinski.pl\/en\/wydarzenia\/podkarpacie-z-szansa-na-kolejny-rekord-w-poparciu-andrzeja-dudy\/","og_site_name":"Marek Kuchci\u0144ski","article_published_time":"2020-01-03T10:45:10+00:00","article_modified_time":"2020-01-03T10:45:11+00:00","og_image":[{"width":1024,"height":711,"url":"https:\/\/marekkuchcinski.pl\/wp-content\/uploads\/2020\/01\/pad1-1024x711.jpg","type":"image\/jpeg"}],"author":"admin","twitter_card":"summary_large_image","twitter_misc":{"Written by":"admin"},"schema":{"@context":"https:\/\/schema.org","@graph":[{"@type":"Article","@id":"https:\/\/marekkuchcinski.pl\/wydarzenia\/podkarpacie-z-szansa-na-kolejny-rekord-w-poparciu-andrzeja-dudy\/#article","isPartOf":{"@id":"https:\/\/marekkuchcinski.pl\/wydarzenia\/podkarpacie-z-szansa-na-kolejny-rekord-w-poparciu-andrzeja-dudy\/"},"author":{"name":"admin","@id":"https:\/\/marekkuchcinski.pl\/#\/schema\/person\/6f62700996b4d950b6ea2d1183b6c6be"},"headline":"Podkarpacie z szans\u0105 na kolejny rekord w poparciu Andrzeja Dudy","datePublished":"2020-01-03T10:45:10+00:00","dateModified":"2020-01-03T10:45:11+00:00","mainEntityOfPage":{"@id":"https:\/\/marekkuchcinski.pl\/wydarzenia\/podkarpacie-z-szansa-na-kolejny-rekord-w-poparciu-andrzeja-dudy\/"},"wordCount":73,"commentCount":0,"publisher":{"@id":"https:\/\/marekkuchcinski.pl\/#organization"},"image":{"@id":"https:\/\/marekkuchcinski.pl\/wydarzenia\/podkarpacie-z-szansa-na-kolejny-rekord-w-poparciu-andrzeja-dudy\/#primaryimage"},"thumbnailUrl":"https:\/\/marekkuchcinski.pl\/wp-content\/uploads\/2020\/01\/pad1-1024x711.jpg","articleSection":["Wydarzenia"],"inLanguage":"en-GB","potentialAction":[{"@type":"CommentAction","name":"Comment","target":["https:\/\/marekkuchcinski.pl\/wydarzenia\/podkarpacie-z-szansa-na-kolejny-rekord-w-poparciu-andrzeja-dudy\/#respond"]}]},{"@type":"WebPage","@id":"https:\/\/marekkuchcinski.pl\/wydarzenia\/podkarpacie-z-szansa-na-kolejny-rekord-w-poparciu-andrzeja-dudy\/","url":"https:\/\/marekkuchcinski.pl\/wydarzenia\/podkarpacie-z-szansa-na-kolejny-rekord-w-poparciu-andrzeja-dudy\/","name":"Podkarpacie z szans\u0105 na kolejny rekord w poparciu Andrzeja Dudy &#8211; Marek Kuchci\u0144ski","isPartOf":{"@id":"https:\/\/marekkuchcinski.pl\/#website"},"primaryImageOfPage":{"@id":"https:\/\/marekkuchcinski.pl\/wydarzenia\/podkarpacie-z-szansa-na-kolejny-rekord-w-poparciu-andrzeja-dudy\/#primaryimage"},"image":{"@id":"https:\/\/marekkuchcinski.pl\/wydarzenia\/podkarpacie-z-szansa-na-kolejny-rekord-w-poparciu-andrzeja-dudy\/#primaryimage"},"thumbnailUrl":"https:\/\/marekkuchcinski.pl\/wp-content\/uploads\/2020\/01\/pad1-1024x711.jpg","datePublished":"2020-01-03T10:45:10+00:00","dateModified":"2020-01-03T10:45:11+00:00","breadcrumb":{"@id":"https:\/\/marekkuchcinski.pl\/wydarzenia\/podkarpacie-z-szansa-na-kolejny-rekord-w-poparciu-andrzeja-dudy\/#breadcrumb"},"inLanguage":"en-GB","potentialAction":[{"@type":"ReadAction","target":["https:\/\/marekkuchcinski.pl\/wydarzenia\/podkarpacie-z-szansa-na-kolejny-rekord-w-poparciu-andrzeja-dudy\/"]}]},{"@type":"ImageObject","inLanguage":"en-GB","@id":"https:\/\/marekkuchcinski.pl\/wydarzenia\/podkarpacie-z-szansa-na-kolejny-rekord-w-poparciu-andrzeja-dudy\/#primaryimage","url":"https:\/\/marekkuchcinski.pl\/wp-content\/uploads\/2020\/01\/pad1-1024x711.jpg","contentUrl":"https:\/\/marekkuchcinski.pl\/wp-content\/uploads\/2020\/01\/pad1-1024x711.jpg","width":1024,"height":711},{"@type":"BreadcrumbList","@id":"https:\/\/marekkuchcinski.pl\/wydarzenia\/podkarpacie-z-szansa-na-kolejny-rekord-w-poparciu-andrzeja-dudy\/#breadcrumb","itemListElement":[{"@type":"ListItem","position":1,"name":"Strona g\u0142\u00f3wna","item":"https:\/\/marekkuchcinski.pl\/"},{"@type":"ListItem","position":2,"name":"Podkarpacie z szans\u0105 na kolejny rekord w poparciu Andrzeja Dudy"}]},{"@type":"WebSite","@id":"https:\/\/marekkuchcinski.pl\/#website","url":"https:\/\/marekkuchcinski.pl\/","name":"Marek Kuchci\u0144ski","description":"Pose\u0142 na sejm RP &ndash; okr\u0119g nr 22","publisher":{"@id":"https:\/\/marekkuchcinski.pl\/#organization"},"potentialAction":[{"@type":"SearchAction","target":{"@type":"EntryPoint","urlTemplate":"https:\/\/marekkuchcinski.pl\/?s={search_term_string}"},"query-input":{"@type":"PropertyValueSpecification","valueRequired":true,"valueName":"search_term_string"}}],"inLanguage":"en-GB"},{"@type":"Organization","@id":"https:\/\/marekkuchcinski.pl\/#organization","name":"Marek Kuchci\u0144ski","url":"https:\/\/marekkuchcinski.pl\/","logo":{"@type":"ImageObject","inLanguage":"en-GB","@id":"https:\/\/marekkuchcinski.pl\/#\/schema\/logo\/image\/","url":"https:\/\/marekkuchcinski.pl\/wp-content\/uploads\/2022\/09\/Marek.jpg","contentUrl":"https:\/\/marekkuchcinski.pl\/wp-content\/uploads\/2022\/09\/Marek.jpg","width":1600,"height":971,"caption":"Marek Kuchci\u0144ski"},"image":{"@id":"https:\/\/marekkuchcinski.pl\/#\/schema\/logo\/image\/"}},{"@type":"Person","@id":"https:\/\/marekkuchcinski.pl\/#\/schema\/person\/6f62700996b4d950b6ea2d1183b6c6be","name":"admin","image":{"@type":"ImageObject","inLanguage":"en-GB","@id":"https:\/\/marekkuchcinski.pl\/#\/schema\/person\/image\/","url":"https:\/\/secure.gravatar.com\/avatar\/4bab693b9d55c3d6b52c0296a8765085?s=96&d=mm&r=g","contentUrl":"https:\/\/secure.gravatar.com\/avatar\/4bab693b9d55c3d6b52c0296a8765085?s=96&d=mm&r=g","caption":"admin"},"url":"https:\/\/marekkuchcinski.pl\/en\/author\/marta-olejnik\/"}]}},"_links":{"self":[{"href":"https:\/\/marekkuchcinski.pl\/en\/wp-json\/wp\/v2\/posts\/18159","targetHints":{"allow":["GET"]}}],"collection":[{"href":"https:\/\/marekkuchcinski.pl\/en\/wp-json\/wp\/v2\/posts"}],"about":[{"href":"https:\/\/marekkuchcinski.pl\/en\/wp-json\/wp\/v2\/types\/post"}],"author":[{"embeddable":true,"href":"https:\/\/marekkuchcinski.pl\/en\/wp-json\/wp\/v2\/users\/6"}],"replies":[{"embeddable":true,"href":"https:\/\/marekkuchcinski.pl\/en\/wp-json\/wp\/v2\/comments?post=18159"}],"version-history":[{"count":4,"href":"https:\/\/marekkuchcinski.pl\/en\/wp-json\/wp\/v2\/posts\/18159\/revisions"}],"predecessor-version":[{"id":18165,"href":"https:\/\/marekkuchcinski.pl\/en\/wp-json\/wp\/v2\/posts\/18159\/revisions\/18165"}],"wp:featuredmedia":[{"embeddable":true,"href":"https:\/\/marekkuchcinski.pl\/en\/wp-json\/wp\/v2\/media\/18161"}],"wp:attachment":[{"href":"https:\/\/marekkuchcinski.pl\/en\/wp-json\/wp\/v2\/media?parent=18159"}],"wp:term":[{"taxonomy":"category","embeddable":true,"href":"https:\/\/marekkuchcinski.pl\/en\/wp-json\/wp\/v2\/categories?post=18159"},{"taxonomy":"post_tag","embeddable":true,"href":"https:\/\/marekkuchcinski.pl\/en\/wp-json\/wp\/v2\/tags?post=18159"}],"curies":[{"name":"wp","href":"https:\/\/api.w.org\/{rel}","templated":true}]}}