{"id":18002,"date":"2019-12-02T15:29:55","date_gmt":"2019-12-02T14:29:55","guid":{"rendered":"https:\/\/marekkuchcinski.pl\/?p=18002"},"modified":"2019-12-02T23:43:06","modified_gmt":"2019-12-02T22:43:06","slug":"posel-marek-kuchcinski-z-wizyta-we-lwowie","status":"publish","type":"post","link":"https:\/\/marekkuchcinski.pl\/en\/bez-kategorii\/posel-marek-kuchcinski-z-wizyta-we-lwowie\/","title":{"rendered":"Pose\u0142 Marek Kuchci\u0144ski z wizyt\u0105 we Lwowie"},"content":{"rendered":"<p class=\"wp-block-paragraph\"><em>W dniach 28-29 listopada br., pose\u0142 Marek Kuchci\u0144ski, przewodnicz\u0105cy Karpackiego Zespo\u0142u Parlamentarnego bra\u0142 udzia\u0142 we \u00a0Lwowie wraz z Ministrem Infrastruktury Andrzejem Adamczykiem i delegacj\u0105 resortu, w rozmowach dotycz\u0105cych rozwoju infrastruktury oraz polsko-ukrai\u0144skich relacji gospodarczych. Podczas wizyty poruszono m. in. tematy po\u0142\u0105cze\u0144 drogowych z Ukrain\u0105, utworzenia po\u0142\u0105czenia szynobusowego Przemy\u015bl \u2013 Lw\u00f3w, przej\u015bcia kolejowego Ni\u017cankowice \u2013 Malhowice oraz linii 102 z Malhowic do Chyrowa i do Zag\u00f3rza.<\/em><\/p>\n\n\n\n<p class=\"wp-block-paragraph\"><em>Tematyka ta podyktowana by\u0142a stale rosn\u0105cym zainteresowaniem rozwojem wsp\u00f3\u0142pracy. Dobrze rozwini\u0119ta infrastruktura komunikacyjna jest bardzo wa\u017cna dla Polski i Ukrainy, w tym dla obszar\u00f3w przygranicznych. Kilkana\u015bcie milion\u00f3w ludzi przekraczaj\u0105cych rokrocznie granic\u0119 przez tylko 11 przej\u015b\u0107 kolejowych i drogowych zapewnia &nbsp;tysi\u0105ce miejsc pracy i przysparza miliardy z\u0142otych zysku tak\u017ce lokalnym przedsi\u0119biorcom. Zainteresowanie Polsk\u0105 ro\u015bnie, a najlepszym przyk\u0142adem jest fakt, \u017ce uruchomiony w 2017 roku mi\u0119dzynarodowy poci\u0105g IC z Przemy\u015bla do Kijowa i Odessy przewi\u00f3z\u0142 do czerwca 2019 roku ponad milion pasa\u017cer\u00f3w, gdy w latach wcze\u015bniejszych z lokalnych po\u0142\u0105cze\u0144 PKP korzysta\u0142o ledwie kilka tysi\u0119cy os\u00f3b. <\/em><\/p>\n\n\n\n<p class=\"wp-block-paragraph\"><em>Pose\u0142 Marek Kuchci\u0144ski, wraz z pos\u0142em Kazimierzem Go\u0142ojuchem z \u0141a\u0144cuta spotkali si\u0119 tak\u017ce we Lwowie z delegacj\u0105 parlamentarzyst\u00f3w ukrai\u0144skich: Micha\u0142em Knia\u017cyckim i Orestem So\u0142omoch\u0105. Obaj dzia\u0142aj\u0105 w grupie bilateralnej polsko-ukrai\u0144skiej i s\u0105 zainteresowani rozwijaniem wsp\u00f3\u0142pracy pa\u0144stw karpackich. O tej wsp\u00f3\u0142pracy rozmawiano.<\/em><\/p>\n\n\n\n<figure class=\"wp-block-image\"><img fetchpriority=\"high\" decoding=\"async\" width=\"1024\" height=\"577\" src=\"https:\/\/marekkuchcinski.pl\/wp-content\/uploads\/2019\/12\/rozmowy-z-deputowanymi-Lw\u00f3w-1024x577.jpg\" alt=\"\" class=\"wp-image-18011\" srcset=\"\" sizes=\"(max-width: 1024px) 100vw, 1024px\" data-srcset=\"\" \/><\/figure>\n\n\n\n<figure class=\"wp-block-image\"><img decoding=\"async\" width=\"1024\" height=\"577\" src=\"https:\/\/marekkuchcinski.pl\/wp-content\/uploads\/2019\/12\/spotkanie-z-deputowanymi-1024x577.jpg\" alt=\"\" class=\"wp-image-18010\" srcset=\"https:\/\/marekkuchcinski.pl\/wp-content\/uploads\/2019\/12\/spotkanie-z-deputowanymi-1024x577.jpg 1024w, https:\/\/marekkuchcinski.pl\/wp-content\/uploads\/2019\/12\/spotkanie-z-deputowanymi-300x169.jpg 300w, https:\/\/marekkuchcinski.pl\/wp-content\/uploads\/2019\/12\/spotkanie-z-deputowanymi-768x433.jpg 768w, https:\/\/marekkuchcinski.pl\/wp-content\/uploads\/2019\/12\/spotkanie-z-deputowanymi.jpg 2048w\" sizes=\"(max-width: 1024px) 100vw, 1024px\" \/><\/figure>\n\n\n\n<p class=\"wp-block-paragraph\"><em>Kr\u00f3tka wizyta delegacji polskiej we Lwowie by\u0142a r\u00f3wnie\u017c okazj\u0105 do odwiedzenia miejsc, w kt\u00f3rych polska historia trwa. G\u0142\u00f3wnym miejscem jest rzymskokatolicka <\/em> <em>katedra<\/em> <em>lwowska .W 1656 roku, 1 kwietnia, \u015bluby w katedrze lwowskiej sk\u0142ada\u0142 kr\u00f3l Jan Kazimierz. 350 lat p\u00f3\u017aniej, w 2006 roku, Prezydent Polski, Profesor Lech Kaczy\u0144ski, wraz z delegacj\u0105 polskich parlamentarzyst\u00f3w, uczestniczy\u0142 podczas mszy \u015bwi\u0119tej w odnowieniu \u015blub\u00f3w przez kardyna\u0142a Mariana Jaworskiego.<\/em><\/p>\n\n\n\n<p class=\"wp-block-paragraph\"><em>Prezydent Kaczy\u0144ski podczas swojej pami\u0119tnej wizyty podarowa\u0142 katedrze kielich upami\u0119tniaj\u0105cy wydarzenia sprzed 350 lat. Miejsce wa\u017cne dla Polski, jakim jest lwowska katedra, znane powszechnie, otrzymuje od lat wsparcie od Ministerstwa Kultury  i Dziedzictwa Narodowego. Ale potrzeby s\u0105 nadal olbrzymie i Polacy ch\u0119tnie wspieraj\u0105 katedr\u0119, bogat\u0105 w histori\u0119 i witra\u017ce J\u00f3zefa Mehoffera i Jana Matejki. <\/em><\/p>\n\n\n\n<figure class=\"wp-block-image\"><img decoding=\"async\" width=\"577\" height=\"1024\" src=\"https:\/\/marekkuchcinski.pl\/wp-content\/uploads\/2019\/12\/DSC02593-1-577x1024.jpg\" alt=\"\" class=\"wp-image-18044\" srcset=\"https:\/\/marekkuchcinski.pl\/wp-content\/uploads\/2019\/12\/DSC02593-1-577x1024.jpg 577w, https:\/\/marekkuchcinski.pl\/wp-content\/uploads\/2019\/12\/DSC02593-1-169x300.jpg 169w, https:\/\/marekkuchcinski.pl\/wp-content\/uploads\/2019\/12\/DSC02593-1-768x1363.jpg 768w, https:\/\/marekkuchcinski.pl\/wp-content\/uploads\/2019\/12\/DSC02593-1.jpg 1154w\" sizes=\"(max-width: 577px) 100vw, 577px\" \/><\/figure>\n\n\n\n<figure class=\"wp-block-image\"><img loading=\"lazy\" decoding=\"async\" width=\"577\" height=\"1024\" src=\"https:\/\/marekkuchcinski.pl\/wp-content\/uploads\/2019\/12\/DSC02623-1-577x1024.jpg\" alt=\"\" class=\"wp-image-18045\" srcset=\"https:\/\/marekkuchcinski.pl\/wp-content\/uploads\/2019\/12\/DSC02623-1-577x1024.jpg 577w, https:\/\/marekkuchcinski.pl\/wp-content\/uploads\/2019\/12\/DSC02623-1-169x300.jpg 169w, https:\/\/marekkuchcinski.pl\/wp-content\/uploads\/2019\/12\/DSC02623-1-768x1363.jpg 768w, https:\/\/marekkuchcinski.pl\/wp-content\/uploads\/2019\/12\/DSC02623-1.jpg 1154w\" sizes=\"(max-width: 577px) 100vw, 577px\" \/><\/figure>\n\n\n\n<p class=\"wp-block-paragraph\"><em>Obecna delegacja uczestniczy\u0142a tak\u017ce w uroczysto\u015bciach po\u015bwi\u0119cenia na Cmentarzu \u0141yczakowskim odnowionych grob\u00f3w Powsta\u0144c\u00f3w Listopadowych, w przededniu 189. rocznicy wybuchu powstania. Kwiaty z\u0142o\u017cono przy odnowionej kwaterze \u201e\u017belaznej Kompanii\u201d (nazwa pochodzi od \u017celaznych krzy\u017cy, kt\u00f3re ustawiano na grobach \u017co\u0142nierzy powstania, pochowanych w kwaterze w 1880 r., 50 lat po wybuchu powstania). <\/em><\/p>\n\n\n\n<p class=\"wp-block-paragraph\"><em>Z\u0142o\u017cono te\u017c wie\u0144ce na mogi\u0142ach\nObro\u0144c\u00f3w Lwowa w osobnym cmentarzu Orl\u0105t Lwowskich.<\/em><\/p>\n\n\n\n<p class=\"wp-block-paragraph\"><em>Wa\u017cny, a dzi\u015b troch\u0119 zapomniany jest fakt, \u017ce wielu polskich parlamentarzyst\u00f3w II RP spoczywa poza granicami kraju, w tym we Lwowie. I do naturalnych obowi\u0105zk\u00f3w pa\u0144stwa polskiego nale\u017cy pami\u0119\u0107 o nich. Pose\u0142 Marek Kuchci\u0144ski, w towarzystwie ambasadora RP z\u0142o\u017cy\u0142 kwiaty na grobach pos\u0142a II RP, Jana Pierackiego, znanego dzia\u0142acza narodowego (na okaza\u0142ym, cho\u0107 bardzo zniszczonym rodzinnym grobowcu-kaplicy, gdzie spoczywa pose\u0142, brak do dzi\u015b informacji o jego poch\u00f3wku w tym miejscu. Zmar\u0142 bowiem podczas okupacji i by\u0142 chowany w konspiracji, ale obecnie ten brak nazwiska jest nieuzasadniony!), a tak\u017ce polskiego arcybiskupa obrz\u0105dku ormia\u0144skiego J\u00f3zefa Teodorowicza, pos\u0142a na Sejm Ustawodawczy i senatora II RP, kt\u00f3ry kazaniem w katedrze \u015bw. Jana w Warszawie rozpocz\u0105\u0142 obrady Sejmu Ustawodawczego 10 lutego 1919 r. <\/em><\/p>\n\n\n\n<p class=\"wp-block-paragraph\"><em>Parlamentarzy\u015bci II RP, spoczywaj\u0105cy poza granicami kraju zas\u0142u\u017cyli na upami\u0119tnianie i szczeg\u00f3ln\u0105 trosk\u0119 o ich miejsce poch\u00f3wku, by przebywaj\u0105cy w r\u00f3\u017cnych cz\u0119\u015bciach \u015bwiata Polacy mogli odwiedza\u0107 ich, pozosta\u0142ych na zawsze poza granicami Ojczyzny. Cze\u015b\u0107 ich pami\u0119ci!<\/em><\/p>\n\n\n\n<figure class=\"wp-block-image\"><img loading=\"lazy\" decoding=\"async\" width=\"1024\" height=\"577\" src=\"https:\/\/marekkuchcinski.pl\/wp-content\/uploads\/2019\/12\/Bitschan-1024x577.jpg\" alt=\"\" class=\"wp-image-18043\" srcset=\"https:\/\/marekkuchcinski.pl\/wp-content\/uploads\/2019\/12\/Bitschan-1024x577.jpg 1024w, https:\/\/marekkuchcinski.pl\/wp-content\/uploads\/2019\/12\/Bitschan-300x169.jpg 300w, https:\/\/marekkuchcinski.pl\/wp-content\/uploads\/2019\/12\/Bitschan-768x433.jpg 768w, https:\/\/marekkuchcinski.pl\/wp-content\/uploads\/2019\/12\/Bitschan.jpg 2048w\" sizes=\"(max-width: 1024px) 100vw, 1024px\" \/><figcaption>Gr\u00f3b Jurka Bitschana<\/figcaption><\/figure>\n\n\n\n<figure class=\"wp-block-image\"><img loading=\"lazy\" decoding=\"async\" width=\"1024\" height=\"577\" src=\"https:\/\/marekkuchcinski.pl\/wp-content\/uploads\/2019\/12\/DSC02678-1024x577.jpg\" alt=\"\" class=\"wp-image-18007\" srcset=\"https:\/\/marekkuchcinski.pl\/wp-content\/uploads\/2019\/12\/DSC02678-1024x577.jpg 1024w, https:\/\/marekkuchcinski.pl\/wp-content\/uploads\/2019\/12\/DSC02678-300x169.jpg 300w, https:\/\/marekkuchcinski.pl\/wp-content\/uploads\/2019\/12\/DSC02678-768x433.jpg 768w, https:\/\/marekkuchcinski.pl\/wp-content\/uploads\/2019\/12\/DSC02678.jpg 2048w\" sizes=\"(max-width: 1024px) 100vw, 1024px\" \/><figcaption> Kwatera \u201e\u017belaznej Kompanii&#8221;<\/figcaption><\/figure>\n\n\n\n<figure class=\"wp-block-image\"><img loading=\"lazy\" decoding=\"async\" width=\"1024\" height=\"577\" src=\"https:\/\/marekkuchcinski.pl\/wp-content\/uploads\/2019\/12\/J\u00f3zef-Teodorowicz-1024x577.jpg\" alt=\"\" class=\"wp-image-18042\" srcset=\"\" sizes=\"(max-width: 1024px) 100vw, 1024px\" data-srcset=\"\" \/><figcaption>Gr\u00f3b pos\u0142a II RP J\u00f3zefa Teodorowicza<\/figcaption><\/figure>\n\n\n\n<figure class=\"wp-block-image\"><img loading=\"lazy\" decoding=\"async\" width=\"577\" height=\"1024\" src=\"https:\/\/marekkuchcinski.pl\/wp-content\/uploads\/2019\/12\/Jan-Pieracki-577x1024.jpg\" alt=\"\" class=\"wp-image-18041\" srcset=\"https:\/\/marekkuchcinski.pl\/wp-content\/uploads\/2019\/12\/Jan-Pieracki-577x1024.jpg 577w, https:\/\/marekkuchcinski.pl\/wp-content\/uploads\/2019\/12\/Jan-Pieracki-169x300.jpg 169w, https:\/\/marekkuchcinski.pl\/wp-content\/uploads\/2019\/12\/Jan-Pieracki-768x1363.jpg 768w, https:\/\/marekkuchcinski.pl\/wp-content\/uploads\/2019\/12\/Jan-Pieracki.jpg 1154w\" sizes=\"(max-width: 577px) 100vw, 577px\" \/><figcaption> Gr\u00f3b pos\u0142a II RP Jana Pierackiego <\/figcaption><\/figure>","protected":false},"excerpt":{"rendered":"<p>W dniach 28-29 listopada br., pose\u0142 Marek Kuchci\u0144ski, przewodnicz\u0105cy Karpackiego Zespo\u0142u Parlamentarnego bra\u0142 udzia\u0142 we \u00a0Lwowie wraz z Ministrem Infrastruktury Andrzejem Adamczykiem i delegacj\u0105 resortu, w rozmowach dotycz\u0105cych rozwoju infrastruktury oraz polsko-ukrai\u0144skich relacji gospodarczych. Podczas wizyty poruszono m. in. tematy po\u0142\u0105cze\u0144 drogowych z Ukrain\u0105, utworzenia po\u0142\u0105czenia szynobusowego Przemy\u015bl \u2013 Lw\u00f3w, przej\u015bcia kolejowego Ni\u017cankowice \u2013 Malhowice [&hellip;]<\/p>\n","protected":false},"author":4,"featured_media":18011,"comment_status":"open","ping_status":"open","sticky":false,"template":"","format":"standard","meta":{"ngg_post_thumbnail":0,"footnotes":""},"categories":[1,3],"tags":[],"class_list":["post-18002","post","type-post","status-publish","format-standard","has-post-thumbnail","hentry","category-bez-kategorii","category-wydarzenia"],"yoast_head":"<!-- This site is optimized with the Yoast SEO plugin v28.4 - https:\/\/yoast.com\/product\/yoast-seo-wordpress\/ -->\n<title>Pose\u0142 Marek Kuchci\u0144ski z wizyt\u0105 we Lwowie &#8211; Marek Kuchci\u0144ski<\/title>\n<meta name=\"robots\" content=\"index, follow, max-snippet:-1, max-image-preview:large, max-video-preview:-1\" \/>\n<link rel=\"canonical\" href=\"https:\/\/marekkuchcinski.pl\/en\/bez-kategorii\/posel-marek-kuchcinski-z-wizyta-we-lwowie\/\" \/>\n<meta property=\"og:locale\" content=\"en_GB\" \/>\n<meta property=\"og:type\" content=\"article\" \/>\n<meta property=\"og:title\" content=\"Pose\u0142 Marek Kuchci\u0144ski z wizyt\u0105 we Lwowie &#8211; Marek Kuchci\u0144ski\" \/>\n<meta property=\"og:description\" content=\"W dniach 28-29 listopada br., pose\u0142 Marek Kuchci\u0144ski, przewodnicz\u0105cy Karpackiego Zespo\u0142u Parlamentarnego bra\u0142 udzia\u0142 we \u00a0Lwowie wraz z Ministrem Infrastruktury Andrzejem Adamczykiem i delegacj\u0105 resortu, w rozmowach dotycz\u0105cych rozwoju infrastruktury oraz polsko-ukrai\u0144skich relacji gospodarczych. Podczas wizyty poruszono m. in. tematy po\u0142\u0105cze\u0144 drogowych z Ukrain\u0105, utworzenia po\u0142\u0105czenia szynobusowego Przemy\u015bl \u2013 Lw\u00f3w, przej\u015bcia kolejowego Ni\u017cankowice \u2013 Malhowice [&hellip;]\" \/>\n<meta property=\"og:url\" content=\"https:\/\/marekkuchcinski.pl\/en\/bez-kategorii\/posel-marek-kuchcinski-z-wizyta-we-lwowie\/\" \/>\n<meta property=\"og:site_name\" content=\"Marek Kuchci\u0144ski\" \/>\n<meta property=\"article:published_time\" content=\"2019-12-02T14:29:55+00:00\" \/>\n<meta property=\"article:modified_time\" content=\"2019-12-02T22:43:06+00:00\" \/>\n<meta property=\"og:image\" content=\"https:\/\/marekkuchcinski.pl\/wp-content\/uploads\/2019\/12\/rozmowy-z-deputowanymi-Lw\u00f3w.jpg\" \/>\n\t<meta property=\"og:image:width\" content=\"2048\" \/>\n\t<meta property=\"og:image:height\" content=\"1154\" \/>\n\t<meta property=\"og:image:type\" content=\"image\/jpeg\" \/>\n<meta name=\"author\" content=\"Andrzej Paniw\" \/>\n<meta name=\"twitter:card\" content=\"summary_large_image\" \/>\n<meta name=\"twitter:label1\" content=\"Written by\" \/>\n\t<meta name=\"twitter:data1\" content=\"Andrzej Paniw\" \/>\n\t<meta name=\"twitter:label2\" content=\"Est. reading time\" \/>\n\t<meta name=\"twitter:data2\" content=\"3 minutes\" \/>\n<script type=\"application\/ld+json\" class=\"yoast-schema-graph\">{\"@context\":\"https:\\\/\\\/schema.org\",\"@graph\":[{\"@type\":\"Article\",\"@id\":\"https:\\\/\\\/marekkuchcinski.pl\\\/bez-kategorii\\\/posel-marek-kuchcinski-z-wizyta-we-lwowie\\\/#article\",\"isPartOf\":{\"@id\":\"https:\\\/\\\/marekkuchcinski.pl\\\/bez-kategorii\\\/posel-marek-kuchcinski-z-wizyta-we-lwowie\\\/\"},\"author\":{\"name\":\"Andrzej Paniw\",\"@id\":\"https:\\\/\\\/marekkuchcinski.pl\\\/#\\\/schema\\\/person\\\/dbde905a52374b82397f91a384b0590a\"},\"headline\":\"Pose\u0142 Marek Kuchci\u0144ski z wizyt\u0105 we Lwowie\",\"datePublished\":\"2019-12-02T14:29:55+00:00\",\"dateModified\":\"2019-12-02T22:43:06+00:00\",\"mainEntityOfPage\":{\"@id\":\"https:\\\/\\\/marekkuchcinski.pl\\\/bez-kategorii\\\/posel-marek-kuchcinski-z-wizyta-we-lwowie\\\/\"},\"wordCount\":673,\"commentCount\":0,\"publisher\":{\"@id\":\"https:\\\/\\\/marekkuchcinski.pl\\\/#organization\"},\"image\":{\"@id\":\"https:\\\/\\\/marekkuchcinski.pl\\\/bez-kategorii\\\/posel-marek-kuchcinski-z-wizyta-we-lwowie\\\/#primaryimage\"},\"thumbnailUrl\":\"https:\\\/\\\/marekkuchcinski.pl\\\/wp-content\\\/uploads\\\/2019\\\/12\\\/rozmowy-z-deputowanymi-Lw\u00f3w.jpg\",\"articleSection\":[\"Bez kategorii\",\"Wydarzenia\"],\"inLanguage\":\"en-GB\",\"potentialAction\":[{\"@type\":\"CommentAction\",\"name\":\"Comment\",\"target\":[\"https:\\\/\\\/marekkuchcinski.pl\\\/bez-kategorii\\\/posel-marek-kuchcinski-z-wizyta-we-lwowie\\\/#respond\"]}]},{\"@type\":\"WebPage\",\"@id\":\"https:\\\/\\\/marekkuchcinski.pl\\\/bez-kategorii\\\/posel-marek-kuchcinski-z-wizyta-we-lwowie\\\/\",\"url\":\"https:\\\/\\\/marekkuchcinski.pl\\\/bez-kategorii\\\/posel-marek-kuchcinski-z-wizyta-we-lwowie\\\/\",\"name\":\"Pose\u0142 Marek Kuchci\u0144ski z wizyt\u0105 we Lwowie &#8211; Marek Kuchci\u0144ski\",\"isPartOf\":{\"@id\":\"https:\\\/\\\/marekkuchcinski.pl\\\/#website\"},\"primaryImageOfPage\":{\"@id\":\"https:\\\/\\\/marekkuchcinski.pl\\\/bez-kategorii\\\/posel-marek-kuchcinski-z-wizyta-we-lwowie\\\/#primaryimage\"},\"image\":{\"@id\":\"https:\\\/\\\/marekkuchcinski.pl\\\/bez-kategorii\\\/posel-marek-kuchcinski-z-wizyta-we-lwowie\\\/#primaryimage\"},\"thumbnailUrl\":\"https:\\\/\\\/marekkuchcinski.pl\\\/wp-content\\\/uploads\\\/2019\\\/12\\\/rozmowy-z-deputowanymi-Lw\u00f3w.jpg\",\"datePublished\":\"2019-12-02T14:29:55+00:00\",\"dateModified\":\"2019-12-02T22:43:06+00:00\",\"breadcrumb\":{\"@id\":\"https:\\\/\\\/marekkuchcinski.pl\\\/bez-kategorii\\\/posel-marek-kuchcinski-z-wizyta-we-lwowie\\\/#breadcrumb\"},\"inLanguage\":\"en-GB\",\"potentialAction\":[{\"@type\":\"ReadAction\",\"target\":[\"https:\\\/\\\/marekkuchcinski.pl\\\/bez-kategorii\\\/posel-marek-kuchcinski-z-wizyta-we-lwowie\\\/\"]}]},{\"@type\":\"ImageObject\",\"inLanguage\":\"en-GB\",\"@id\":\"https:\\\/\\\/marekkuchcinski.pl\\\/bez-kategorii\\\/posel-marek-kuchcinski-z-wizyta-we-lwowie\\\/#primaryimage\",\"url\":\"https:\\\/\\\/marekkuchcinski.pl\\\/wp-content\\\/uploads\\\/2019\\\/12\\\/rozmowy-z-deputowanymi-Lw\u00f3w.jpg\",\"contentUrl\":\"https:\\\/\\\/marekkuchcinski.pl\\\/wp-content\\\/uploads\\\/2019\\\/12\\\/rozmowy-z-deputowanymi-Lw\u00f3w.jpg\",\"width\":2048,\"height\":1154},{\"@type\":\"BreadcrumbList\",\"@id\":\"https:\\\/\\\/marekkuchcinski.pl\\\/bez-kategorii\\\/posel-marek-kuchcinski-z-wizyta-we-lwowie\\\/#breadcrumb\",\"itemListElement\":[{\"@type\":\"ListItem\",\"position\":1,\"name\":\"Strona g\u0142\u00f3wna\",\"item\":\"https:\\\/\\\/marekkuchcinski.pl\\\/\"},{\"@type\":\"ListItem\",\"position\":2,\"name\":\"Pose\u0142 Marek Kuchci\u0144ski z wizyt\u0105 we Lwowie\"}]},{\"@type\":\"WebSite\",\"@id\":\"https:\\\/\\\/marekkuchcinski.pl\\\/#website\",\"url\":\"https:\\\/\\\/marekkuchcinski.pl\\\/\",\"name\":\"Marek Kuchci\u0144ski\",\"description\":\"Marek Kuchci\u0144ski \",\"publisher\":{\"@id\":\"https:\\\/\\\/marekkuchcinski.pl\\\/#organization\"},\"potentialAction\":[{\"@type\":\"SearchAction\",\"target\":{\"@type\":\"EntryPoint\",\"urlTemplate\":\"https:\\\/\\\/marekkuchcinski.pl\\\/?s={search_term_string}\"},\"query-input\":{\"@type\":\"PropertyValueSpecification\",\"valueRequired\":true,\"valueName\":\"search_term_string\"}}],\"inLanguage\":\"en-GB\"},{\"@type\":\"Organization\",\"@id\":\"https:\\\/\\\/marekkuchcinski.pl\\\/#organization\",\"name\":\"Marek Kuchci\u0144ski\",\"url\":\"https:\\\/\\\/marekkuchcinski.pl\\\/\",\"logo\":{\"@type\":\"ImageObject\",\"inLanguage\":\"en-GB\",\"@id\":\"https:\\\/\\\/marekkuchcinski.pl\\\/#\\\/schema\\\/logo\\\/image\\\/\",\"url\":\"https:\\\/\\\/marekkuchcinski.pl\\\/wp-content\\\/uploads\\\/2022\\\/09\\\/Marek.jpg\",\"contentUrl\":\"https:\\\/\\\/marekkuchcinski.pl\\\/wp-content\\\/uploads\\\/2022\\\/09\\\/Marek.jpg\",\"width\":1600,\"height\":971,\"caption\":\"Marek Kuchci\u0144ski\"},\"image\":{\"@id\":\"https:\\\/\\\/marekkuchcinski.pl\\\/#\\\/schema\\\/logo\\\/image\\\/\"}},{\"@type\":\"Person\",\"@id\":\"https:\\\/\\\/marekkuchcinski.pl\\\/#\\\/schema\\\/person\\\/dbde905a52374b82397f91a384b0590a\",\"name\":\"Andrzej Paniw\",\"image\":{\"@type\":\"ImageObject\",\"inLanguage\":\"en-GB\",\"@id\":\"https:\\\/\\\/secure.gravatar.com\\\/avatar\\\/36b3cd3922fe56bdc6d8c0d1fea72c0256bbf2348a31236612584f336ac3ed6e?s=96&d=mm&r=g\",\"url\":\"https:\\\/\\\/secure.gravatar.com\\\/avatar\\\/36b3cd3922fe56bdc6d8c0d1fea72c0256bbf2348a31236612584f336ac3ed6e?s=96&d=mm&r=g\",\"contentUrl\":\"https:\\\/\\\/secure.gravatar.com\\\/avatar\\\/36b3cd3922fe56bdc6d8c0d1fea72c0256bbf2348a31236612584f336ac3ed6e?s=96&d=mm&r=g\",\"caption\":\"Andrzej Paniw\"},\"url\":\"https:\\\/\\\/marekkuchcinski.pl\\\/en\\\/author\\\/andrzej-paniw\\\/\"}]}<\/script>\n<!-- \/ Yoast SEO plugin. -->","yoast_head_json":{"title":"Pose\u0142 Marek Kuchci\u0144ski z wizyt\u0105 we Lwowie &#8211; Marek Kuchci\u0144ski","robots":{"index":"index","follow":"follow","max-snippet":"max-snippet:-1","max-image-preview":"max-image-preview:large","max-video-preview":"max-video-preview:-1"},"canonical":"https:\/\/marekkuchcinski.pl\/en\/bez-kategorii\/posel-marek-kuchcinski-z-wizyta-we-lwowie\/","og_locale":"en_GB","og_type":"article","og_title":"Pose\u0142 Marek Kuchci\u0144ski z wizyt\u0105 we Lwowie &#8211; Marek Kuchci\u0144ski","og_description":"W dniach 28-29 listopada br., pose\u0142 Marek Kuchci\u0144ski, przewodnicz\u0105cy Karpackiego Zespo\u0142u Parlamentarnego bra\u0142 udzia\u0142 we \u00a0Lwowie wraz z Ministrem Infrastruktury Andrzejem Adamczykiem i delegacj\u0105 resortu, w rozmowach dotycz\u0105cych rozwoju infrastruktury oraz polsko-ukrai\u0144skich relacji gospodarczych. Podczas wizyty poruszono m. in. tematy po\u0142\u0105cze\u0144 drogowych z Ukrain\u0105, utworzenia po\u0142\u0105czenia szynobusowego Przemy\u015bl \u2013 Lw\u00f3w, przej\u015bcia kolejowego Ni\u017cankowice \u2013 Malhowice [&hellip;]","og_url":"https:\/\/marekkuchcinski.pl\/en\/bez-kategorii\/posel-marek-kuchcinski-z-wizyta-we-lwowie\/","og_site_name":"Marek Kuchci\u0144ski","article_published_time":"2019-12-02T14:29:55+00:00","article_modified_time":"2019-12-02T22:43:06+00:00","og_image":[{"width":2048,"height":1154,"url":"https:\/\/marekkuchcinski.pl\/wp-content\/uploads\/2019\/12\/rozmowy-z-deputowanymi-Lw\u00f3w.jpg","type":"image\/jpeg"}],"author":"Andrzej Paniw","twitter_card":"summary_large_image","twitter_misc":{"Written by":"Andrzej Paniw","Est. reading time":"3 minutes"},"schema":{"@context":"https:\/\/schema.org","@graph":[{"@type":"Article","@id":"https:\/\/marekkuchcinski.pl\/bez-kategorii\/posel-marek-kuchcinski-z-wizyta-we-lwowie\/#article","isPartOf":{"@id":"https:\/\/marekkuchcinski.pl\/bez-kategorii\/posel-marek-kuchcinski-z-wizyta-we-lwowie\/"},"author":{"name":"Andrzej Paniw","@id":"https:\/\/marekkuchcinski.pl\/#\/schema\/person\/dbde905a52374b82397f91a384b0590a"},"headline":"Pose\u0142 Marek Kuchci\u0144ski z wizyt\u0105 we Lwowie","datePublished":"2019-12-02T14:29:55+00:00","dateModified":"2019-12-02T22:43:06+00:00","mainEntityOfPage":{"@id":"https:\/\/marekkuchcinski.pl\/bez-kategorii\/posel-marek-kuchcinski-z-wizyta-we-lwowie\/"},"wordCount":673,"commentCount":0,"publisher":{"@id":"https:\/\/marekkuchcinski.pl\/#organization"},"image":{"@id":"https:\/\/marekkuchcinski.pl\/bez-kategorii\/posel-marek-kuchcinski-z-wizyta-we-lwowie\/#primaryimage"},"thumbnailUrl":"https:\/\/marekkuchcinski.pl\/wp-content\/uploads\/2019\/12\/rozmowy-z-deputowanymi-Lw\u00f3w.jpg","articleSection":["Bez kategorii","Wydarzenia"],"inLanguage":"en-GB","potentialAction":[{"@type":"CommentAction","name":"Comment","target":["https:\/\/marekkuchcinski.pl\/bez-kategorii\/posel-marek-kuchcinski-z-wizyta-we-lwowie\/#respond"]}]},{"@type":"WebPage","@id":"https:\/\/marekkuchcinski.pl\/bez-kategorii\/posel-marek-kuchcinski-z-wizyta-we-lwowie\/","url":"https:\/\/marekkuchcinski.pl\/bez-kategorii\/posel-marek-kuchcinski-z-wizyta-we-lwowie\/","name":"Pose\u0142 Marek Kuchci\u0144ski z wizyt\u0105 we Lwowie &#8211; Marek Kuchci\u0144ski","isPartOf":{"@id":"https:\/\/marekkuchcinski.pl\/#website"},"primaryImageOfPage":{"@id":"https:\/\/marekkuchcinski.pl\/bez-kategorii\/posel-marek-kuchcinski-z-wizyta-we-lwowie\/#primaryimage"},"image":{"@id":"https:\/\/marekkuchcinski.pl\/bez-kategorii\/posel-marek-kuchcinski-z-wizyta-we-lwowie\/#primaryimage"},"thumbnailUrl":"https:\/\/marekkuchcinski.pl\/wp-content\/uploads\/2019\/12\/rozmowy-z-deputowanymi-Lw\u00f3w.jpg","datePublished":"2019-12-02T14:29:55+00:00","dateModified":"2019-12-02T22:43:06+00:00","breadcrumb":{"@id":"https:\/\/marekkuchcinski.pl\/bez-kategorii\/posel-marek-kuchcinski-z-wizyta-we-lwowie\/#breadcrumb"},"inLanguage":"en-GB","potentialAction":[{"@type":"ReadAction","target":["https:\/\/marekkuchcinski.pl\/bez-kategorii\/posel-marek-kuchcinski-z-wizyta-we-lwowie\/"]}]},{"@type":"ImageObject","inLanguage":"en-GB","@id":"https:\/\/marekkuchcinski.pl\/bez-kategorii\/posel-marek-kuchcinski-z-wizyta-we-lwowie\/#primaryimage","url":"https:\/\/marekkuchcinski.pl\/wp-content\/uploads\/2019\/12\/rozmowy-z-deputowanymi-Lw\u00f3w.jpg","contentUrl":"https:\/\/marekkuchcinski.pl\/wp-content\/uploads\/2019\/12\/rozmowy-z-deputowanymi-Lw\u00f3w.jpg","width":2048,"height":1154},{"@type":"BreadcrumbList","@id":"https:\/\/marekkuchcinski.pl\/bez-kategorii\/posel-marek-kuchcinski-z-wizyta-we-lwowie\/#breadcrumb","itemListElement":[{"@type":"ListItem","position":1,"name":"Strona g\u0142\u00f3wna","item":"https:\/\/marekkuchcinski.pl\/"},{"@type":"ListItem","position":2,"name":"Pose\u0142 Marek Kuchci\u0144ski z wizyt\u0105 we Lwowie"}]},{"@type":"WebSite","@id":"https:\/\/marekkuchcinski.pl\/#website","url":"https:\/\/marekkuchcinski.pl\/","name":"Marek Kuchci\u0144ski","description":"Marek Kuchci\u0144ski","publisher":{"@id":"https:\/\/marekkuchcinski.pl\/#organization"},"potentialAction":[{"@type":"SearchAction","target":{"@type":"EntryPoint","urlTemplate":"https:\/\/marekkuchcinski.pl\/?s={search_term_string}"},"query-input":{"@type":"PropertyValueSpecification","valueRequired":true,"valueName":"search_term_string"}}],"inLanguage":"en-GB"},{"@type":"Organization","@id":"https:\/\/marekkuchcinski.pl\/#organization","name":"Marek Kuchci\u0144ski","url":"https:\/\/marekkuchcinski.pl\/","logo":{"@type":"ImageObject","inLanguage":"en-GB","@id":"https:\/\/marekkuchcinski.pl\/#\/schema\/logo\/image\/","url":"https:\/\/marekkuchcinski.pl\/wp-content\/uploads\/2022\/09\/Marek.jpg","contentUrl":"https:\/\/marekkuchcinski.pl\/wp-content\/uploads\/2022\/09\/Marek.jpg","width":1600,"height":971,"caption":"Marek Kuchci\u0144ski"},"image":{"@id":"https:\/\/marekkuchcinski.pl\/#\/schema\/logo\/image\/"}},{"@type":"Person","@id":"https:\/\/marekkuchcinski.pl\/#\/schema\/person\/dbde905a52374b82397f91a384b0590a","name":"Andrzej Paniw","image":{"@type":"ImageObject","inLanguage":"en-GB","@id":"https:\/\/secure.gravatar.com\/avatar\/36b3cd3922fe56bdc6d8c0d1fea72c0256bbf2348a31236612584f336ac3ed6e?s=96&d=mm&r=g","url":"https:\/\/secure.gravatar.com\/avatar\/36b3cd3922fe56bdc6d8c0d1fea72c0256bbf2348a31236612584f336ac3ed6e?s=96&d=mm&r=g","contentUrl":"https:\/\/secure.gravatar.com\/avatar\/36b3cd3922fe56bdc6d8c0d1fea72c0256bbf2348a31236612584f336ac3ed6e?s=96&d=mm&r=g","caption":"Andrzej Paniw"},"url":"https:\/\/marekkuchcinski.pl\/en\/author\/andrzej-paniw\/"}]}},"_links":{"self":[{"href":"https:\/\/marekkuchcinski.pl\/en\/wp-json\/wp\/v2\/posts\/18002","targetHints":{"allow":["GET"]}}],"collection":[{"href":"https:\/\/marekkuchcinski.pl\/en\/wp-json\/wp\/v2\/posts"}],"about":[{"href":"https:\/\/marekkuchcinski.pl\/en\/wp-json\/wp\/v2\/types\/post"}],"author":[{"embeddable":true,"href":"https:\/\/marekkuchcinski.pl\/en\/wp-json\/wp\/v2\/users\/4"}],"replies":[{"embeddable":true,"href":"https:\/\/marekkuchcinski.pl\/en\/wp-json\/wp\/v2\/comments?post=18002"}],"version-history":[{"count":30,"href":"https:\/\/marekkuchcinski.pl\/en\/wp-json\/wp\/v2\/posts\/18002\/revisions"}],"predecessor-version":[{"id":18050,"href":"https:\/\/marekkuchcinski.pl\/en\/wp-json\/wp\/v2\/posts\/18002\/revisions\/18050"}],"wp:featuredmedia":[{"embeddable":true,"href":"https:\/\/marekkuchcinski.pl\/en\/wp-json\/wp\/v2\/media\/18011"}],"wp:attachment":[{"href":"https:\/\/marekkuchcinski.pl\/en\/wp-json\/wp\/v2\/media?parent=18002"}],"wp:term":[{"taxonomy":"category","embeddable":true,"href":"https:\/\/marekkuchcinski.pl\/en\/wp-json\/wp\/v2\/categories?post=18002"},{"taxonomy":"post_tag","embeddable":true,"href":"https:\/\/marekkuchcinski.pl\/en\/wp-json\/wp\/v2\/tags?post=18002"}],"curies":[{"name":"wp","href":"https:\/\/api.w.org\/{rel}","templated":true}]}}