{"id":18002,"date":"2019-12-02T15:29:55","date_gmt":"2019-12-02T14:29:55","guid":{"rendered":"https:\/\/marekkuchcinski.pl\/?p=18002"},"modified":"2019-12-02T23:43:06","modified_gmt":"2019-12-02T22:43:06","slug":"posel-marek-kuchcinski-z-wizyta-we-lwowie","status":"publish","type":"post","link":"https:\/\/marekkuchcinski.pl\/en\/bez-kategorii\/posel-marek-kuchcinski-z-wizyta-we-lwowie\/","title":{"rendered":"Member of Parliament Marek Kuchcinski visiting Lviv"},"content":{"rendered":"<p><em>On 28-29 November MP Marek Kuchci\u0144ski, Chairman of the Carpathian Parliamentary Group, together with the Minister of Infrastructure Andrzej Adamczyk and a delegation from the Ministry, participated in talks on the development of infrastructure and Polish-Ukrainian economic relations in Lviv. Issues discussed during the visit included road connections with Ukraine, the creation of a rail-bus connection between Przemy\u015bl and Lviv, the Nizankowice - Malhowice railroad crossing and line 102 from Malhowice to Chyrov and Zag\u00f3rze.<\/em><\/p>\n\n\n\n<p><em>This topic was dictated by the constantly growing interest in the development of cooperation. Well-developed communication infrastructure is very important for Poland and Ukraine, including border areas. Several million people crossing the border annually via only 11 railroad and road crossings provide thousands of jobs and bring billions of zlotys of profit to local entrepreneurs as well. Interest in Poland is growing, and the best example is the fact that the international IC train from Przemy\u015bl to Kiev and Odessa, launched in 2017, carried more than one million passengers by June 2019, when in earlier years local PKP connections were used by barely a few thousand people. <\/em><\/p>\n\n\n\n<p><em>MEP Marek Kuchcinski together with MEP Kazimierz Go\u0142ojuch from \u0141a\u0144cut also met in Lviv with a delegation of Ukrainian parliamentarians: Micha\u0142 Knia\u017cycki and Orest Solomocha. Both are active in the Polish-Ukrainian bilateral group and are interested in developing cooperation between the Carpathian countries. This cooperation was discussed.<\/em><\/p>\n\n\n\n<figure class=\"wp-block-image\"><img fetchpriority=\"high\" decoding=\"async\" width=\"1024\" height=\"577\" src=\"https:\/\/marekkuchcinski.pl\/wp-content\/uploads\/2019\/12\/rozmowy-z-deputowanymi-Lw\u00f3w-1024x577.jpg\" alt=\"\" class=\"wp-image-18011\" srcset=\"https:\/\/marekkuchcinski.pl\/wp-content\/uploads\/2019\/12\/rozmowy-z-deputowanymi-Lw\u00f3w-1024x577.jpg 1024w, https:\/\/marekkuchcinski.pl\/wp-content\/uploads\/2019\/12\/rozmowy-z-deputowanymi-Lw\u00f3w-300x169.jpg 300w, https:\/\/marekkuchcinski.pl\/wp-content\/uploads\/2019\/12\/rozmowy-z-deputowanymi-Lw\u00f3w-768x433.jpg 768w, https:\/\/marekkuchcinski.pl\/wp-content\/uploads\/2019\/12\/rozmowy-z-deputowanymi-Lw\u00f3w.jpg 2048w\" sizes=\"(max-width: 1024px) 100vw, 1024px\" \/><\/figure>\n\n\n\n<figure class=\"wp-block-image\"><img decoding=\"async\" width=\"1024\" height=\"577\" src=\"https:\/\/marekkuchcinski.pl\/wp-content\/uploads\/2019\/12\/spotkanie-z-deputowanymi-1024x577.jpg\" alt=\"\" class=\"wp-image-18010\" srcset=\"https:\/\/marekkuchcinski.pl\/wp-content\/uploads\/2019\/12\/spotkanie-z-deputowanymi-1024x577.jpg 1024w, https:\/\/marekkuchcinski.pl\/wp-content\/uploads\/2019\/12\/spotkanie-z-deputowanymi-300x169.jpg 300w, https:\/\/marekkuchcinski.pl\/wp-content\/uploads\/2019\/12\/spotkanie-z-deputowanymi-768x433.jpg 768w, https:\/\/marekkuchcinski.pl\/wp-content\/uploads\/2019\/12\/spotkanie-z-deputowanymi.jpg 2048w\" sizes=\"(max-width: 1024px) 100vw, 1024px\" \/><\/figure>\n\n\n\n<p><em>The short visit of the Polish delegation in Lviv was also an opportunity to visit the places where Polish history continues. The main place is the Roman Catholic <\/em> <em>cathedral<\/em> <em>In 1656, on 1 April, King Jan Kazimierz took his vows in the cathedral of Lwow. 350 years later, in 2006, the President of Poland, Professor Lech Kaczy\u0144ski, together with a delegation of Polish parliamentarians participated in a mass during which the vows were renewed by Cardinal Marian Jaworski.<\/em><\/p>\n\n\n\n<p><em>During his memorable visit, President Kaczy\u0144ski donated a chalice commemorating the events of 350 years ago to the cathedral. The Cathedral of Lviv, an important place for Poland, as it is commonly known, has been receiving support from the Ministry of Culture and National Heritage for years. But the needs are still enormous and Poles are eager to support the cathedral, rich in history and stained glass windows by Jozef Mehoffer and Jan Matejko. <\/em><\/p>\n\n\n\n<figure class=\"wp-block-image\"><img decoding=\"async\" width=\"577\" height=\"1024\" src=\"https:\/\/marekkuchcinski.pl\/wp-content\/uploads\/2019\/12\/DSC02593-1-577x1024.jpg\" alt=\"\" class=\"wp-image-18044\" srcset=\"https:\/\/marekkuchcinski.pl\/wp-content\/uploads\/2019\/12\/DSC02593-1-577x1024.jpg 577w, https:\/\/marekkuchcinski.pl\/wp-content\/uploads\/2019\/12\/DSC02593-1-169x300.jpg 169w, https:\/\/marekkuchcinski.pl\/wp-content\/uploads\/2019\/12\/DSC02593-1-768x1363.jpg 768w, https:\/\/marekkuchcinski.pl\/wp-content\/uploads\/2019\/12\/DSC02593-1.jpg 1154w\" sizes=\"(max-width: 577px) 100vw, 577px\" \/><\/figure>\n\n\n\n<figure class=\"wp-block-image\"><img loading=\"lazy\" decoding=\"async\" width=\"577\" height=\"1024\" src=\"https:\/\/marekkuchcinski.pl\/wp-content\/uploads\/2019\/12\/DSC02623-1-577x1024.jpg\" alt=\"\" class=\"wp-image-18045\" srcset=\"https:\/\/marekkuchcinski.pl\/wp-content\/uploads\/2019\/12\/DSC02623-1-577x1024.jpg 577w, https:\/\/marekkuchcinski.pl\/wp-content\/uploads\/2019\/12\/DSC02623-1-169x300.jpg 169w, https:\/\/marekkuchcinski.pl\/wp-content\/uploads\/2019\/12\/DSC02623-1-768x1363.jpg 768w, https:\/\/marekkuchcinski.pl\/wp-content\/uploads\/2019\/12\/DSC02623-1.jpg 1154w\" sizes=\"(max-width: 577px) 100vw, 577px\" \/><\/figure>\n\n\n\n<p><em>The delegation also participated in the blessing ceremony of the restored graves of the November Uprising insurgents in Lychakiv Cemetery on the eve of the 189th anniversary of the uprising. Flowers were laid at the restored \"\u017belazna Kompania\" cemetery section (the name comes from the iron crosses which were placed on the graves of the insurgents buried in the section in 1880, 50 years after the outbreak of the uprising). <\/em><\/p>\n\n\n\n<p><em>Wreaths were also laid on the graves of\nDefenders of Lviv in a separate cemetery of the Defenders of Lviv.<\/em><\/p>\n\n\n\n<p><em>An important, and today somewhat forgotten, fact is that many Polish parliamentarians of the Second Polish Republic are buried outside the country, including in Lviv. And it is the natural duty of the Polish state to remember them. MP Marek Kuchcinski, accompanied by the Polish ambassador, laid flowers on the graves of the MP of the Second Republic, Jan Pieracki, a well-known national activist (there is no information about his burial there to this day on the magnificent, although very dilapidated family tomb-capel where the MP rests. He died during the occupation and was buried in conspiracy, but now this lack of name is unjustified!), as well as the Polish Archbishop of the Armenian rite J\u00f3zef Teodorowicz, member of the Legislative Sejm and senator of the Second Polish Republic, who opened the session of the Legislative Sejm with a sermon in St. John's Cathedral in Warsaw on 10 February 1919. <\/em><\/p>\n\n\n\n<p><em>Parliamentarians of the Second Republic of Poland, resting outside the country deserved to be commemorated and cared for in a special way, so that the Poles living in different parts of the world could visit them, remaining forever outside the borders of the Motherland. Honour their memory!<\/em><\/p>\n\n\n\n<figure class=\"wp-block-image\"><img loading=\"lazy\" decoding=\"async\" width=\"1024\" height=\"577\" src=\"https:\/\/marekkuchcinski.pl\/wp-content\/uploads\/2019\/12\/Bitschan-1024x577.jpg\" alt=\"\" class=\"wp-image-18043\" srcset=\"https:\/\/marekkuchcinski.pl\/wp-content\/uploads\/2019\/12\/Bitschan-1024x577.jpg 1024w, https:\/\/marekkuchcinski.pl\/wp-content\/uploads\/2019\/12\/Bitschan-300x169.jpg 300w, https:\/\/marekkuchcinski.pl\/wp-content\/uploads\/2019\/12\/Bitschan-768x433.jpg 768w, https:\/\/marekkuchcinski.pl\/wp-content\/uploads\/2019\/12\/Bitschan.jpg 2048w\" sizes=\"(max-width: 1024px) 100vw, 1024px\" \/><figcaption>Grave of Jurek Bitschan<\/figcaption><\/figure>\n\n\n\n<figure class=\"wp-block-image\"><img loading=\"lazy\" decoding=\"async\" width=\"1024\" height=\"577\" src=\"https:\/\/marekkuchcinski.pl\/wp-content\/uploads\/2019\/12\/DSC02678-1024x577.jpg\" alt=\"\" class=\"wp-image-18007\" srcset=\"https:\/\/marekkuchcinski.pl\/wp-content\/uploads\/2019\/12\/DSC02678-1024x577.jpg 1024w, https:\/\/marekkuchcinski.pl\/wp-content\/uploads\/2019\/12\/DSC02678-300x169.jpg 300w, https:\/\/marekkuchcinski.pl\/wp-content\/uploads\/2019\/12\/DSC02678-768x433.jpg 768w, https:\/\/marekkuchcinski.pl\/wp-content\/uploads\/2019\/12\/DSC02678.jpg 2048w\" sizes=\"(max-width: 1024px) 100vw, 1024px\" \/><figcaption> The quarters of the \"Iron Company\"<\/figcaption><\/figure>\n\n\n\n<figure class=\"wp-block-image\"><img loading=\"lazy\" decoding=\"async\" width=\"1024\" height=\"577\" src=\"https:\/\/marekkuchcinski.pl\/wp-content\/uploads\/2019\/12\/J\u00f3zef-Teodorowicz-1024x577.jpg\" alt=\"\" class=\"wp-image-18042\" srcset=\"https:\/\/marekkuchcinski.pl\/wp-content\/uploads\/2019\/12\/J\u00f3zef-Teodorowicz-1024x577.jpg 1024w, https:\/\/marekkuchcinski.pl\/wp-content\/uploads\/2019\/12\/J\u00f3zef-Teodorowicz-300x169.jpg 300w, https:\/\/marekkuchcinski.pl\/wp-content\/uploads\/2019\/12\/J\u00f3zef-Teodorowicz-768x433.jpg 768w, https:\/\/marekkuchcinski.pl\/wp-content\/uploads\/2019\/12\/J\u00f3zef-Teodorowicz.jpg 2048w\" sizes=\"(max-width: 1024px) 100vw, 1024px\" \/><figcaption>Grave of J\u00f3zef Teodorowicz, MP of the Second Republic of Poland<\/figcaption><\/figure>\n\n\n\n<figure class=\"wp-block-image\"><img loading=\"lazy\" decoding=\"async\" width=\"577\" height=\"1024\" src=\"https:\/\/marekkuchcinski.pl\/wp-content\/uploads\/2019\/12\/Jan-Pieracki-577x1024.jpg\" alt=\"\" class=\"wp-image-18041\" srcset=\"https:\/\/marekkuchcinski.pl\/wp-content\/uploads\/2019\/12\/Jan-Pieracki-577x1024.jpg 577w, https:\/\/marekkuchcinski.pl\/wp-content\/uploads\/2019\/12\/Jan-Pieracki-169x300.jpg 169w, https:\/\/marekkuchcinski.pl\/wp-content\/uploads\/2019\/12\/Jan-Pieracki-768x1363.jpg 768w, https:\/\/marekkuchcinski.pl\/wp-content\/uploads\/2019\/12\/Jan-Pieracki.jpg 1154w\" sizes=\"(max-width: 577px) 100vw, 577px\" \/><figcaption> Grave of Jan Pieracki, MP of the 2nd Republic of Poland <\/figcaption><\/figure>","protected":false},"excerpt":{"rendered":"<p>W dniach 28-29 listopada br., pose\u0142 Marek Kuchci\u0144ski, przewodnicz\u0105cy Karpackiego Zespo\u0142u Parlamentarnego bra\u0142 udzia\u0142 we \u00a0Lwowie wraz z Ministrem Infrastruktury Andrzejem Adamczykiem i delegacj\u0105 resortu, w rozmowach dotycz\u0105cych rozwoju infrastruktury oraz polsko-ukrai\u0144skich relacji gospodarczych. Podczas wizyty poruszono m. in. tematy po\u0142\u0105cze\u0144 drogowych z Ukrain\u0105, utworzenia po\u0142\u0105czenia szynobusowego Przemy\u015bl \u2013 Lw\u00f3w, przej\u015bcia kolejowego Ni\u017cankowice \u2013 Malhowice [&hellip;]<\/p>","protected":false},"author":15,"featured_media":18011,"comment_status":"open","ping_status":"open","sticky":false,"template":"","format":"standard","meta":{"ngg_post_thumbnail":0,"footnotes":""},"categories":[1,3],"tags":[],"class_list":["post-18002","post","type-post","status-publish","format-standard","has-post-thumbnail","hentry","category-bez-kategorii","category-wydarzenia"],"yoast_head":"<!-- This site is optimized with the Yoast SEO plugin v24.7 - https:\/\/yoast.com\/wordpress\/plugins\/seo\/ -->\n<title>Pose\u0142 Marek Kuchci\u0144ski z wizyt\u0105 we Lwowie &#8211; Marek Kuchci\u0144ski<\/title>\n<meta name=\"robots\" content=\"index, follow, max-snippet:-1, max-image-preview:large, max-video-preview:-1\" \/>\n<link rel=\"canonical\" href=\"https:\/\/marekkuchcinski.pl\/en\/bez-kategorii\/posel-marek-kuchcinski-z-wizyta-we-lwowie\/\" \/>\n<meta property=\"og:locale\" content=\"en_GB\" \/>\n<meta property=\"og:type\" content=\"article\" \/>\n<meta property=\"og:title\" content=\"Pose\u0142 Marek Kuchci\u0144ski z wizyt\u0105 we Lwowie &#8211; Marek Kuchci\u0144ski\" \/>\n<meta property=\"og:description\" content=\"W dniach 28-29 listopada br., pose\u0142 Marek Kuchci\u0144ski, przewodnicz\u0105cy Karpackiego Zespo\u0142u Parlamentarnego bra\u0142 udzia\u0142 we \u00a0Lwowie wraz z Ministrem Infrastruktury Andrzejem Adamczykiem i delegacj\u0105 resortu, w rozmowach dotycz\u0105cych rozwoju infrastruktury oraz polsko-ukrai\u0144skich relacji gospodarczych. Podczas wizyty poruszono m. in. tematy po\u0142\u0105cze\u0144 drogowych z Ukrain\u0105, utworzenia po\u0142\u0105czenia szynobusowego Przemy\u015bl \u2013 Lw\u00f3w, przej\u015bcia kolejowego Ni\u017cankowice \u2013 Malhowice [&hellip;]\" \/>\n<meta property=\"og:url\" content=\"https:\/\/marekkuchcinski.pl\/en\/bez-kategorii\/posel-marek-kuchcinski-z-wizyta-we-lwowie\/\" \/>\n<meta property=\"og:site_name\" content=\"Marek Kuchci\u0144ski\" \/>\n<meta property=\"article:published_time\" content=\"2019-12-02T14:29:55+00:00\" \/>\n<meta property=\"article:modified_time\" content=\"2019-12-02T22:43:06+00:00\" \/>\n<meta property=\"og:image\" content=\"https:\/\/marekkuchcinski.pl\/wp-content\/uploads\/2019\/12\/rozmowy-z-deputowanymi-Lw\u00f3w.jpg\" \/>\n\t<meta property=\"og:image:width\" content=\"2048\" \/>\n\t<meta property=\"og:image:height\" content=\"1154\" \/>\n\t<meta property=\"og:image:type\" content=\"image\/jpeg\" \/>\n<meta name=\"author\" content=\"Andrzej Paniw\" \/>\n<meta name=\"twitter:card\" content=\"summary_large_image\" \/>\n<meta name=\"twitter:label1\" content=\"Written by\" \/>\n\t<meta name=\"twitter:data1\" content=\"Andrzej Paniw\" \/>\n\t<meta name=\"twitter:label2\" content=\"Estimated reading time\" \/>\n\t<meta name=\"twitter:data2\" content=\"3 minutes\" \/>\n<script type=\"application\/ld+json\" class=\"yoast-schema-graph\">{\"@context\":\"https:\/\/schema.org\",\"@graph\":[{\"@type\":\"Article\",\"@id\":\"https:\/\/marekkuchcinski.pl\/bez-kategorii\/posel-marek-kuchcinski-z-wizyta-we-lwowie\/#article\",\"isPartOf\":{\"@id\":\"https:\/\/marekkuchcinski.pl\/bez-kategorii\/posel-marek-kuchcinski-z-wizyta-we-lwowie\/\"},\"author\":{\"name\":\"Andrzej Paniw\",\"@id\":\"https:\/\/marekkuchcinski.pl\/#\/schema\/person\/0346d7f21c9bed5cf4eed3231e9f59fa\"},\"headline\":\"Pose\u0142 Marek Kuchci\u0144ski z wizyt\u0105 we Lwowie\",\"datePublished\":\"2019-12-02T14:29:55+00:00\",\"dateModified\":\"2019-12-02T22:43:06+00:00\",\"mainEntityOfPage\":{\"@id\":\"https:\/\/marekkuchcinski.pl\/bez-kategorii\/posel-marek-kuchcinski-z-wizyta-we-lwowie\/\"},\"wordCount\":673,\"commentCount\":0,\"publisher\":{\"@id\":\"https:\/\/marekkuchcinski.pl\/#organization\"},\"image\":{\"@id\":\"https:\/\/marekkuchcinski.pl\/bez-kategorii\/posel-marek-kuchcinski-z-wizyta-we-lwowie\/#primaryimage\"},\"thumbnailUrl\":\"https:\/\/marekkuchcinski.pl\/wp-content\/uploads\/2019\/12\/rozmowy-z-deputowanymi-Lw\u00f3w.jpg\",\"articleSection\":[\"Bez kategorii\",\"Wydarzenia\"],\"inLanguage\":\"en-GB\",\"potentialAction\":[{\"@type\":\"CommentAction\",\"name\":\"Comment\",\"target\":[\"https:\/\/marekkuchcinski.pl\/bez-kategorii\/posel-marek-kuchcinski-z-wizyta-we-lwowie\/#respond\"]}]},{\"@type\":\"WebPage\",\"@id\":\"https:\/\/marekkuchcinski.pl\/bez-kategorii\/posel-marek-kuchcinski-z-wizyta-we-lwowie\/\",\"url\":\"https:\/\/marekkuchcinski.pl\/bez-kategorii\/posel-marek-kuchcinski-z-wizyta-we-lwowie\/\",\"name\":\"Pose\u0142 Marek Kuchci\u0144ski z wizyt\u0105 we Lwowie &#8211; Marek Kuchci\u0144ski\",\"isPartOf\":{\"@id\":\"https:\/\/marekkuchcinski.pl\/#website\"},\"primaryImageOfPage\":{\"@id\":\"https:\/\/marekkuchcinski.pl\/bez-kategorii\/posel-marek-kuchcinski-z-wizyta-we-lwowie\/#primaryimage\"},\"image\":{\"@id\":\"https:\/\/marekkuchcinski.pl\/bez-kategorii\/posel-marek-kuchcinski-z-wizyta-we-lwowie\/#primaryimage\"},\"thumbnailUrl\":\"https:\/\/marekkuchcinski.pl\/wp-content\/uploads\/2019\/12\/rozmowy-z-deputowanymi-Lw\u00f3w.jpg\",\"datePublished\":\"2019-12-02T14:29:55+00:00\",\"dateModified\":\"2019-12-02T22:43:06+00:00\",\"breadcrumb\":{\"@id\":\"https:\/\/marekkuchcinski.pl\/bez-kategorii\/posel-marek-kuchcinski-z-wizyta-we-lwowie\/#breadcrumb\"},\"inLanguage\":\"en-GB\",\"potentialAction\":[{\"@type\":\"ReadAction\",\"target\":[\"https:\/\/marekkuchcinski.pl\/bez-kategorii\/posel-marek-kuchcinski-z-wizyta-we-lwowie\/\"]}]},{\"@type\":\"ImageObject\",\"inLanguage\":\"en-GB\",\"@id\":\"https:\/\/marekkuchcinski.pl\/bez-kategorii\/posel-marek-kuchcinski-z-wizyta-we-lwowie\/#primaryimage\",\"url\":\"https:\/\/marekkuchcinski.pl\/wp-content\/uploads\/2019\/12\/rozmowy-z-deputowanymi-Lw\u00f3w.jpg\",\"contentUrl\":\"https:\/\/marekkuchcinski.pl\/wp-content\/uploads\/2019\/12\/rozmowy-z-deputowanymi-Lw\u00f3w.jpg\",\"width\":2048,\"height\":1154},{\"@type\":\"BreadcrumbList\",\"@id\":\"https:\/\/marekkuchcinski.pl\/bez-kategorii\/posel-marek-kuchcinski-z-wizyta-we-lwowie\/#breadcrumb\",\"itemListElement\":[{\"@type\":\"ListItem\",\"position\":1,\"name\":\"Strona g\u0142\u00f3wna\",\"item\":\"https:\/\/marekkuchcinski.pl\/\"},{\"@type\":\"ListItem\",\"position\":2,\"name\":\"Pose\u0142 Marek Kuchci\u0144ski z wizyt\u0105 we Lwowie\"}]},{\"@type\":\"WebSite\",\"@id\":\"https:\/\/marekkuchcinski.pl\/#website\",\"url\":\"https:\/\/marekkuchcinski.pl\/\",\"name\":\"Marek Kuchci\u0144ski\",\"description\":\"Pose\u0142 na sejm RP &ndash; okr\u0119g nr 22\",\"publisher\":{\"@id\":\"https:\/\/marekkuchcinski.pl\/#organization\"},\"potentialAction\":[{\"@type\":\"SearchAction\",\"target\":{\"@type\":\"EntryPoint\",\"urlTemplate\":\"https:\/\/marekkuchcinski.pl\/?s={search_term_string}\"},\"query-input\":{\"@type\":\"PropertyValueSpecification\",\"valueRequired\":true,\"valueName\":\"search_term_string\"}}],\"inLanguage\":\"en-GB\"},{\"@type\":\"Organization\",\"@id\":\"https:\/\/marekkuchcinski.pl\/#organization\",\"name\":\"Marek Kuchci\u0144ski\",\"url\":\"https:\/\/marekkuchcinski.pl\/\",\"logo\":{\"@type\":\"ImageObject\",\"inLanguage\":\"en-GB\",\"@id\":\"https:\/\/marekkuchcinski.pl\/#\/schema\/logo\/image\/\",\"url\":\"https:\/\/marekkuchcinski.pl\/wp-content\/uploads\/2022\/09\/Marek.jpg\",\"contentUrl\":\"https:\/\/marekkuchcinski.pl\/wp-content\/uploads\/2022\/09\/Marek.jpg\",\"width\":1600,\"height\":971,\"caption\":\"Marek Kuchci\u0144ski\"},\"image\":{\"@id\":\"https:\/\/marekkuchcinski.pl\/#\/schema\/logo\/image\/\"}},{\"@type\":\"Person\",\"@id\":\"https:\/\/marekkuchcinski.pl\/#\/schema\/person\/0346d7f21c9bed5cf4eed3231e9f59fa\",\"name\":\"Andrzej Paniw\",\"image\":{\"@type\":\"ImageObject\",\"inLanguage\":\"en-GB\",\"@id\":\"https:\/\/marekkuchcinski.pl\/#\/schema\/person\/image\/\",\"url\":\"https:\/\/secure.gravatar.com\/avatar\/b68f7f24be3be59e4e54b34ffa26bdeb?s=96&d=mm&r=g\",\"contentUrl\":\"https:\/\/secure.gravatar.com\/avatar\/b68f7f24be3be59e4e54b34ffa26bdeb?s=96&d=mm&r=g\",\"caption\":\"Andrzej Paniw\"},\"url\":\"https:\/\/marekkuchcinski.pl\/en\/author\/andrzej-paniw\/\"}]}<\/script>\n<!-- \/ Yoast SEO plugin. -->","yoast_head_json":{"title":"Pose\u0142 Marek Kuchci\u0144ski z wizyt\u0105 we Lwowie &#8211; Marek Kuchci\u0144ski","robots":{"index":"index","follow":"follow","max-snippet":"max-snippet:-1","max-image-preview":"max-image-preview:large","max-video-preview":"max-video-preview:-1"},"canonical":"https:\/\/marekkuchcinski.pl\/en\/bez-kategorii\/posel-marek-kuchcinski-z-wizyta-we-lwowie\/","og_locale":"en_GB","og_type":"article","og_title":"Pose\u0142 Marek Kuchci\u0144ski z wizyt\u0105 we Lwowie &#8211; Marek Kuchci\u0144ski","og_description":"W dniach 28-29 listopada br., pose\u0142 Marek Kuchci\u0144ski, przewodnicz\u0105cy Karpackiego Zespo\u0142u Parlamentarnego bra\u0142 udzia\u0142 we \u00a0Lwowie wraz z Ministrem Infrastruktury Andrzejem Adamczykiem i delegacj\u0105 resortu, w rozmowach dotycz\u0105cych rozwoju infrastruktury oraz polsko-ukrai\u0144skich relacji gospodarczych. Podczas wizyty poruszono m. in. tematy po\u0142\u0105cze\u0144 drogowych z Ukrain\u0105, utworzenia po\u0142\u0105czenia szynobusowego Przemy\u015bl \u2013 Lw\u00f3w, przej\u015bcia kolejowego Ni\u017cankowice \u2013 Malhowice [&hellip;]","og_url":"https:\/\/marekkuchcinski.pl\/en\/bez-kategorii\/posel-marek-kuchcinski-z-wizyta-we-lwowie\/","og_site_name":"Marek Kuchci\u0144ski","article_published_time":"2019-12-02T14:29:55+00:00","article_modified_time":"2019-12-02T22:43:06+00:00","og_image":[{"width":2048,"height":1154,"url":"https:\/\/marekkuchcinski.pl\/wp-content\/uploads\/2019\/12\/rozmowy-z-deputowanymi-Lw\u00f3w.jpg","type":"image\/jpeg"}],"author":"Andrzej Paniw","twitter_card":"summary_large_image","twitter_misc":{"Written by":"Andrzej Paniw","Estimated reading time":"3 minutes"},"schema":{"@context":"https:\/\/schema.org","@graph":[{"@type":"Article","@id":"https:\/\/marekkuchcinski.pl\/bez-kategorii\/posel-marek-kuchcinski-z-wizyta-we-lwowie\/#article","isPartOf":{"@id":"https:\/\/marekkuchcinski.pl\/bez-kategorii\/posel-marek-kuchcinski-z-wizyta-we-lwowie\/"},"author":{"name":"Andrzej Paniw","@id":"https:\/\/marekkuchcinski.pl\/#\/schema\/person\/0346d7f21c9bed5cf4eed3231e9f59fa"},"headline":"Pose\u0142 Marek Kuchci\u0144ski z wizyt\u0105 we Lwowie","datePublished":"2019-12-02T14:29:55+00:00","dateModified":"2019-12-02T22:43:06+00:00","mainEntityOfPage":{"@id":"https:\/\/marekkuchcinski.pl\/bez-kategorii\/posel-marek-kuchcinski-z-wizyta-we-lwowie\/"},"wordCount":673,"commentCount":0,"publisher":{"@id":"https:\/\/marekkuchcinski.pl\/#organization"},"image":{"@id":"https:\/\/marekkuchcinski.pl\/bez-kategorii\/posel-marek-kuchcinski-z-wizyta-we-lwowie\/#primaryimage"},"thumbnailUrl":"https:\/\/marekkuchcinski.pl\/wp-content\/uploads\/2019\/12\/rozmowy-z-deputowanymi-Lw\u00f3w.jpg","articleSection":["Bez kategorii","Wydarzenia"],"inLanguage":"en-GB","potentialAction":[{"@type":"CommentAction","name":"Comment","target":["https:\/\/marekkuchcinski.pl\/bez-kategorii\/posel-marek-kuchcinski-z-wizyta-we-lwowie\/#respond"]}]},{"@type":"WebPage","@id":"https:\/\/marekkuchcinski.pl\/bez-kategorii\/posel-marek-kuchcinski-z-wizyta-we-lwowie\/","url":"https:\/\/marekkuchcinski.pl\/bez-kategorii\/posel-marek-kuchcinski-z-wizyta-we-lwowie\/","name":"Pose\u0142 Marek Kuchci\u0144ski z wizyt\u0105 we Lwowie &#8211; Marek Kuchci\u0144ski","isPartOf":{"@id":"https:\/\/marekkuchcinski.pl\/#website"},"primaryImageOfPage":{"@id":"https:\/\/marekkuchcinski.pl\/bez-kategorii\/posel-marek-kuchcinski-z-wizyta-we-lwowie\/#primaryimage"},"image":{"@id":"https:\/\/marekkuchcinski.pl\/bez-kategorii\/posel-marek-kuchcinski-z-wizyta-we-lwowie\/#primaryimage"},"thumbnailUrl":"https:\/\/marekkuchcinski.pl\/wp-content\/uploads\/2019\/12\/rozmowy-z-deputowanymi-Lw\u00f3w.jpg","datePublished":"2019-12-02T14:29:55+00:00","dateModified":"2019-12-02T22:43:06+00:00","breadcrumb":{"@id":"https:\/\/marekkuchcinski.pl\/bez-kategorii\/posel-marek-kuchcinski-z-wizyta-we-lwowie\/#breadcrumb"},"inLanguage":"en-GB","potentialAction":[{"@type":"ReadAction","target":["https:\/\/marekkuchcinski.pl\/bez-kategorii\/posel-marek-kuchcinski-z-wizyta-we-lwowie\/"]}]},{"@type":"ImageObject","inLanguage":"en-GB","@id":"https:\/\/marekkuchcinski.pl\/bez-kategorii\/posel-marek-kuchcinski-z-wizyta-we-lwowie\/#primaryimage","url":"https:\/\/marekkuchcinski.pl\/wp-content\/uploads\/2019\/12\/rozmowy-z-deputowanymi-Lw\u00f3w.jpg","contentUrl":"https:\/\/marekkuchcinski.pl\/wp-content\/uploads\/2019\/12\/rozmowy-z-deputowanymi-Lw\u00f3w.jpg","width":2048,"height":1154},{"@type":"BreadcrumbList","@id":"https:\/\/marekkuchcinski.pl\/bez-kategorii\/posel-marek-kuchcinski-z-wizyta-we-lwowie\/#breadcrumb","itemListElement":[{"@type":"ListItem","position":1,"name":"Strona g\u0142\u00f3wna","item":"https:\/\/marekkuchcinski.pl\/"},{"@type":"ListItem","position":2,"name":"Pose\u0142 Marek Kuchci\u0144ski z wizyt\u0105 we Lwowie"}]},{"@type":"WebSite","@id":"https:\/\/marekkuchcinski.pl\/#website","url":"https:\/\/marekkuchcinski.pl\/","name":"Marek Kuchci\u0144ski","description":"Pose\u0142 na sejm RP &ndash; okr\u0119g nr 22","publisher":{"@id":"https:\/\/marekkuchcinski.pl\/#organization"},"potentialAction":[{"@type":"SearchAction","target":{"@type":"EntryPoint","urlTemplate":"https:\/\/marekkuchcinski.pl\/?s={search_term_string}"},"query-input":{"@type":"PropertyValueSpecification","valueRequired":true,"valueName":"search_term_string"}}],"inLanguage":"en-GB"},{"@type":"Organization","@id":"https:\/\/marekkuchcinski.pl\/#organization","name":"Marek Kuchci\u0144ski","url":"https:\/\/marekkuchcinski.pl\/","logo":{"@type":"ImageObject","inLanguage":"en-GB","@id":"https:\/\/marekkuchcinski.pl\/#\/schema\/logo\/image\/","url":"https:\/\/marekkuchcinski.pl\/wp-content\/uploads\/2022\/09\/Marek.jpg","contentUrl":"https:\/\/marekkuchcinski.pl\/wp-content\/uploads\/2022\/09\/Marek.jpg","width":1600,"height":971,"caption":"Marek Kuchci\u0144ski"},"image":{"@id":"https:\/\/marekkuchcinski.pl\/#\/schema\/logo\/image\/"}},{"@type":"Person","@id":"https:\/\/marekkuchcinski.pl\/#\/schema\/person\/0346d7f21c9bed5cf4eed3231e9f59fa","name":"Andrzej Paniw","image":{"@type":"ImageObject","inLanguage":"en-GB","@id":"https:\/\/marekkuchcinski.pl\/#\/schema\/person\/image\/","url":"https:\/\/secure.gravatar.com\/avatar\/b68f7f24be3be59e4e54b34ffa26bdeb?s=96&d=mm&r=g","contentUrl":"https:\/\/secure.gravatar.com\/avatar\/b68f7f24be3be59e4e54b34ffa26bdeb?s=96&d=mm&r=g","caption":"Andrzej Paniw"},"url":"https:\/\/marekkuchcinski.pl\/en\/author\/andrzej-paniw\/"}]}},"_links":{"self":[{"href":"https:\/\/marekkuchcinski.pl\/en\/wp-json\/wp\/v2\/posts\/18002","targetHints":{"allow":["GET"]}}],"collection":[{"href":"https:\/\/marekkuchcinski.pl\/en\/wp-json\/wp\/v2\/posts"}],"about":[{"href":"https:\/\/marekkuchcinski.pl\/en\/wp-json\/wp\/v2\/types\/post"}],"author":[{"embeddable":true,"href":"https:\/\/marekkuchcinski.pl\/en\/wp-json\/wp\/v2\/users\/15"}],"replies":[{"embeddable":true,"href":"https:\/\/marekkuchcinski.pl\/en\/wp-json\/wp\/v2\/comments?post=18002"}],"version-history":[{"count":30,"href":"https:\/\/marekkuchcinski.pl\/en\/wp-json\/wp\/v2\/posts\/18002\/revisions"}],"predecessor-version":[{"id":18050,"href":"https:\/\/marekkuchcinski.pl\/en\/wp-json\/wp\/v2\/posts\/18002\/revisions\/18050"}],"wp:featuredmedia":[{"embeddable":true,"href":"https:\/\/marekkuchcinski.pl\/en\/wp-json\/wp\/v2\/media\/18011"}],"wp:attachment":[{"href":"https:\/\/marekkuchcinski.pl\/en\/wp-json\/wp\/v2\/media?parent=18002"}],"wp:term":[{"taxonomy":"category","embeddable":true,"href":"https:\/\/marekkuchcinski.pl\/en\/wp-json\/wp\/v2\/categories?post=18002"},{"taxonomy":"post_tag","embeddable":true,"href":"https:\/\/marekkuchcinski.pl\/en\/wp-json\/wp\/v2\/tags?post=18002"}],"curies":[{"name":"wp","href":"https:\/\/api.w.org\/{rel}","templated":true}]}}