{"id":179,"date":"2012-03-14T11:39:27","date_gmt":"2012-03-14T10:39:27","guid":{"rendered":"https:\/\/marekkuchcinski.pl\/?p=179"},"modified":"2016-08-25T17:00:51","modified_gmt":"2016-08-25T15:00:51","slug":"rzad-chce-zlikwidowac-powiatowe-stacje-sanitarno-epidemiologiczne","status":"publish","type":"post","link":"https:\/\/marekkuchcinski.pl\/en\/wydarzenia\/rzad-chce-zlikwidowac-powiatowe-stacje-sanitarno-epidemiologiczne\/","title":{"rendered":"Government wants to abolish county sanitary and epidemiological stations"},"content":{"rendered":"<p style=\"text-align: justify;\">&nbsp;<\/p>\n<p style=\"text-align: justify;\">The Interregional Section of the NSZZ \"Solidarity\" of the Employees of Sanitary and Epidemiological Stations of the Podkarpackie Voivodeship has sent an appeal to Marek Kuchci\u0144ski, MP, for counteracting the liquidation of the majority of county stations in the Podkarpackie Voivodeship.<\/p>\n<p style=\"text-align: justify;\">&nbsp;<\/p>\n<p style=\"text-align: justify;\">The intention to liquidate these institutions was presented by the Podkarpackie State Voivodship Sanitary Inspector in Rzesz\u00f3w at a meeting on February 20, 2012. The project assumes creation of 4 District Stations with 5 branches and leaving the Provincial Sanitary and Epidemiological Station in Rzesz\u00f3w with 4 Laboratory Departments.<\/p>\n<p> <!--more--> <\/p>\n<p style=\"text-align: justify;\">&nbsp;<\/p>\n<p style=\"text-align: justify;\">The consequence of restructuring the Sanitary Inspectorate will be the loss of many jobs. Qualified specialists will become unemployed. The above situation will result in a further decrease in the standard of living of the residents. In Podkarpackie region the standard of living is low anyway, in comparison to other regions of Poland.<\/p>\n<p style=\"text-align: justify;\">&nbsp;<\/p>\n<p style=\"text-align: justify;\">Liquidation of the majority of county stations in the Podkarpackie voivodeship will result in the deterioration of health and sanitary safety of the residents. Therefore, Mr Kuchci\u0144ski has appealed to the Minister of Health to retain the current structure of county sanitary and epidemiological stations in the Podkarpackie Voivodeship.<\/p>","protected":false},"excerpt":{"rendered":"<p>&nbsp; Mi\u0119dzyregionalna Sekcja NSZZ \u201eSolidarno\u015b\u0107\u201d Pracownik\u00f3w Stacji Sanitarno-Epidemiologicznych Wojew\u00f3dztwa Podkarpackiego skierowa\u0142a do pos\u0142a Marka Kuchci\u0144skiego apel o przeciwdzia\u0142anie likwidacji wi\u0119kszo\u015bci stacji powiatowych w wojew\u00f3dztwie podkarpackim. &nbsp; Zamiar likwidacji tych plac\u00f3wek zosta\u0142 przedstawiony przez Podkarpackiego Pa\u0144stwowego Wojew\u00f3dzkiego Inspektora Sanitarnego w Rzeszowie na spotkaniu dnia 20 lutego 2012 r. Projekt zak\u0142ada utworzenie 4 Stacji Powiatowych z 5 [&hellip;]<\/p>","protected":false},"author":6,"featured_media":0,"comment_status":"open","ping_status":"open","sticky":false,"template":"","format":"standard","meta":{"ngg_post_thumbnail":0,"footnotes":""},"categories":[3],"tags":[],"class_list":["post-179","post","type-post","status-publish","format-standard","hentry","category-wydarzenia"],"yoast_head":"<!-- This site is optimized with the Yoast SEO plugin v24.7 - https:\/\/yoast.com\/wordpress\/plugins\/seo\/ -->\n<title>Rz\u0105d chce zlikwidowa\u0107 powiatowe stacje sanitarno-epidemiologiczne &#8211; Marek Kuchci\u0144ski<\/title>\n<meta name=\"robots\" content=\"index, follow, max-snippet:-1, max-image-preview:large, max-video-preview:-1\" \/>\n<link rel=\"canonical\" href=\"https:\/\/marekkuchcinski.pl\/en\/wydarzenia\/rzad-chce-zlikwidowac-powiatowe-stacje-sanitarno-epidemiologiczne\/\" \/>\n<meta property=\"og:locale\" content=\"en_GB\" \/>\n<meta property=\"og:type\" content=\"article\" \/>\n<meta property=\"og:title\" content=\"Rz\u0105d chce zlikwidowa\u0107 powiatowe stacje sanitarno-epidemiologiczne &#8211; Marek Kuchci\u0144ski\" \/>\n<meta property=\"og:description\" content=\"&nbsp; Mi\u0119dzyregionalna Sekcja NSZZ \u201eSolidarno\u015b\u0107\u201d Pracownik\u00f3w Stacji Sanitarno-Epidemiologicznych Wojew\u00f3dztwa Podkarpackiego skierowa\u0142a do pos\u0142a Marka Kuchci\u0144skiego apel o przeciwdzia\u0142anie likwidacji wi\u0119kszo\u015bci stacji powiatowych w wojew\u00f3dztwie podkarpackim. &nbsp; Zamiar likwidacji tych plac\u00f3wek zosta\u0142 przedstawiony przez Podkarpackiego Pa\u0144stwowego Wojew\u00f3dzkiego Inspektora Sanitarnego w Rzeszowie na spotkaniu dnia 20 lutego 2012 r. Projekt zak\u0142ada utworzenie 4 Stacji Powiatowych z 5 [&hellip;]\" \/>\n<meta property=\"og:url\" content=\"https:\/\/marekkuchcinski.pl\/en\/wydarzenia\/rzad-chce-zlikwidowac-powiatowe-stacje-sanitarno-epidemiologiczne\/\" \/>\n<meta property=\"og:site_name\" content=\"Marek Kuchci\u0144ski\" \/>\n<meta property=\"article:published_time\" content=\"2012-03-14T10:39:27+00:00\" \/>\n<meta property=\"article:modified_time\" content=\"2016-08-25T15:00:51+00:00\" \/>\n<meta property=\"og:image\" content=\"https:\/\/marekkuchcinski.pl\/wp-content\/uploads\/2022\/09\/Marek.jpg\" \/>\n\t<meta property=\"og:image:width\" content=\"1600\" \/>\n\t<meta property=\"og:image:height\" content=\"971\" \/>\n\t<meta property=\"og:image:type\" content=\"image\/jpeg\" \/>\n<meta name=\"author\" content=\"admin\" \/>\n<meta name=\"twitter:card\" content=\"summary_large_image\" \/>\n<meta name=\"twitter:label1\" content=\"Written by\" \/>\n\t<meta name=\"twitter:data1\" content=\"admin\" \/>\n\t<meta name=\"twitter:label2\" content=\"Estimated reading time\" \/>\n\t<meta name=\"twitter:data2\" content=\"1 minute\" \/>\n<script type=\"application\/ld+json\" class=\"yoast-schema-graph\">{\"@context\":\"https:\/\/schema.org\",\"@graph\":[{\"@type\":\"Article\",\"@id\":\"https:\/\/marekkuchcinski.pl\/ro\/wydarzenia\/rzad-chce-zlikwidowac-powiatowe-stacje-sanitarno-epidemiologiczne\/#article\",\"isPartOf\":{\"@id\":\"https:\/\/marekkuchcinski.pl\/ro\/wydarzenia\/rzad-chce-zlikwidowac-powiatowe-stacje-sanitarno-epidemiologiczne\/\"},\"author\":{\"name\":\"admin\",\"@id\":\"https:\/\/marekkuchcinski.pl\/#\/schema\/person\/6f62700996b4d950b6ea2d1183b6c6be\"},\"headline\":\"Rz\u0105d chce zlikwidowa\u0107 powiatowe stacje sanitarno-epidemiologiczne\",\"datePublished\":\"2012-03-14T10:39:27+00:00\",\"dateModified\":\"2016-08-25T15:00:51+00:00\",\"mainEntityOfPage\":{\"@id\":\"https:\/\/marekkuchcinski.pl\/ro\/wydarzenia\/rzad-chce-zlikwidowac-powiatowe-stacje-sanitarno-epidemiologiczne\/\"},\"wordCount\":188,\"commentCount\":0,\"publisher\":{\"@id\":\"https:\/\/marekkuchcinski.pl\/#organization\"},\"articleSection\":[\"Wydarzenia\"],\"inLanguage\":\"en-GB\",\"potentialAction\":[{\"@type\":\"CommentAction\",\"name\":\"Comment\",\"target\":[\"https:\/\/marekkuchcinski.pl\/ro\/wydarzenia\/rzad-chce-zlikwidowac-powiatowe-stacje-sanitarno-epidemiologiczne\/#respond\"]}]},{\"@type\":\"WebPage\",\"@id\":\"https:\/\/marekkuchcinski.pl\/ro\/wydarzenia\/rzad-chce-zlikwidowac-powiatowe-stacje-sanitarno-epidemiologiczne\/\",\"url\":\"https:\/\/marekkuchcinski.pl\/ro\/wydarzenia\/rzad-chce-zlikwidowac-powiatowe-stacje-sanitarno-epidemiologiczne\/\",\"name\":\"Rz\u0105d chce zlikwidowa\u0107 powiatowe stacje sanitarno-epidemiologiczne &#8211; Marek Kuchci\u0144ski\",\"isPartOf\":{\"@id\":\"https:\/\/marekkuchcinski.pl\/#website\"},\"datePublished\":\"2012-03-14T10:39:27+00:00\",\"dateModified\":\"2016-08-25T15:00:51+00:00\",\"breadcrumb\":{\"@id\":\"https:\/\/marekkuchcinski.pl\/ro\/wydarzenia\/rzad-chce-zlikwidowac-powiatowe-stacje-sanitarno-epidemiologiczne\/#breadcrumb\"},\"inLanguage\":\"en-GB\",\"potentialAction\":[{\"@type\":\"ReadAction\",\"target\":[\"https:\/\/marekkuchcinski.pl\/ro\/wydarzenia\/rzad-chce-zlikwidowac-powiatowe-stacje-sanitarno-epidemiologiczne\/\"]}]},{\"@type\":\"BreadcrumbList\",\"@id\":\"https:\/\/marekkuchcinski.pl\/ro\/wydarzenia\/rzad-chce-zlikwidowac-powiatowe-stacje-sanitarno-epidemiologiczne\/#breadcrumb\",\"itemListElement\":[{\"@type\":\"ListItem\",\"position\":1,\"name\":\"Strona g\u0142\u00f3wna\",\"item\":\"https:\/\/marekkuchcinski.pl\/\"},{\"@type\":\"ListItem\",\"position\":2,\"name\":\"Rz\u0105d chce zlikwidowa\u0107 powiatowe stacje sanitarno-epidemiologiczne\"}]},{\"@type\":\"WebSite\",\"@id\":\"https:\/\/marekkuchcinski.pl\/#website\",\"url\":\"https:\/\/marekkuchcinski.pl\/\",\"name\":\"Marek Kuchci\u0144ski\",\"description\":\"Pose\u0142 na sejm RP &ndash; okr\u0119g nr 22\",\"publisher\":{\"@id\":\"https:\/\/marekkuchcinski.pl\/#organization\"},\"potentialAction\":[{\"@type\":\"SearchAction\",\"target\":{\"@type\":\"EntryPoint\",\"urlTemplate\":\"https:\/\/marekkuchcinski.pl\/?s={search_term_string}\"},\"query-input\":{\"@type\":\"PropertyValueSpecification\",\"valueRequired\":true,\"valueName\":\"search_term_string\"}}],\"inLanguage\":\"en-GB\"},{\"@type\":\"Organization\",\"@id\":\"https:\/\/marekkuchcinski.pl\/#organization\",\"name\":\"Marek Kuchci\u0144ski\",\"url\":\"https:\/\/marekkuchcinski.pl\/\",\"logo\":{\"@type\":\"ImageObject\",\"inLanguage\":\"en-GB\",\"@id\":\"https:\/\/marekkuchcinski.pl\/#\/schema\/logo\/image\/\",\"url\":\"https:\/\/marekkuchcinski.pl\/wp-content\/uploads\/2022\/09\/Marek.jpg\",\"contentUrl\":\"https:\/\/marekkuchcinski.pl\/wp-content\/uploads\/2022\/09\/Marek.jpg\",\"width\":1600,\"height\":971,\"caption\":\"Marek Kuchci\u0144ski\"},\"image\":{\"@id\":\"https:\/\/marekkuchcinski.pl\/#\/schema\/logo\/image\/\"}},{\"@type\":\"Person\",\"@id\":\"https:\/\/marekkuchcinski.pl\/#\/schema\/person\/6f62700996b4d950b6ea2d1183b6c6be\",\"name\":\"admin\",\"image\":{\"@type\":\"ImageObject\",\"inLanguage\":\"en-GB\",\"@id\":\"https:\/\/marekkuchcinski.pl\/#\/schema\/person\/image\/\",\"url\":\"https:\/\/secure.gravatar.com\/avatar\/4bab693b9d55c3d6b52c0296a8765085?s=96&d=mm&r=g\",\"contentUrl\":\"https:\/\/secure.gravatar.com\/avatar\/4bab693b9d55c3d6b52c0296a8765085?s=96&d=mm&r=g\",\"caption\":\"admin\"},\"url\":\"https:\/\/marekkuchcinski.pl\/en\/author\/marta-olejnik\/\"}]}<\/script>\n<!-- \/ Yoast SEO plugin. -->","yoast_head_json":{"title":"Rz\u0105d chce zlikwidowa\u0107 powiatowe stacje sanitarno-epidemiologiczne &#8211; Marek Kuchci\u0144ski","robots":{"index":"index","follow":"follow","max-snippet":"max-snippet:-1","max-image-preview":"max-image-preview:large","max-video-preview":"max-video-preview:-1"},"canonical":"https:\/\/marekkuchcinski.pl\/en\/wydarzenia\/rzad-chce-zlikwidowac-powiatowe-stacje-sanitarno-epidemiologiczne\/","og_locale":"en_GB","og_type":"article","og_title":"Rz\u0105d chce zlikwidowa\u0107 powiatowe stacje sanitarno-epidemiologiczne &#8211; Marek Kuchci\u0144ski","og_description":"&nbsp; Mi\u0119dzyregionalna Sekcja NSZZ \u201eSolidarno\u015b\u0107\u201d Pracownik\u00f3w Stacji Sanitarno-Epidemiologicznych Wojew\u00f3dztwa Podkarpackiego skierowa\u0142a do pos\u0142a Marka Kuchci\u0144skiego apel o przeciwdzia\u0142anie likwidacji wi\u0119kszo\u015bci stacji powiatowych w wojew\u00f3dztwie podkarpackim. &nbsp; Zamiar likwidacji tych plac\u00f3wek zosta\u0142 przedstawiony przez Podkarpackiego Pa\u0144stwowego Wojew\u00f3dzkiego Inspektora Sanitarnego w Rzeszowie na spotkaniu dnia 20 lutego 2012 r. Projekt zak\u0142ada utworzenie 4 Stacji Powiatowych z 5 [&hellip;]","og_url":"https:\/\/marekkuchcinski.pl\/en\/wydarzenia\/rzad-chce-zlikwidowac-powiatowe-stacje-sanitarno-epidemiologiczne\/","og_site_name":"Marek Kuchci\u0144ski","article_published_time":"2012-03-14T10:39:27+00:00","article_modified_time":"2016-08-25T15:00:51+00:00","og_image":[{"width":1600,"height":971,"url":"https:\/\/marekkuchcinski.pl\/wp-content\/uploads\/2022\/09\/Marek.jpg","type":"image\/jpeg"}],"author":"admin","twitter_card":"summary_large_image","twitter_misc":{"Written by":"admin","Estimated reading time":"1 minute"},"schema":{"@context":"https:\/\/schema.org","@graph":[{"@type":"Article","@id":"https:\/\/marekkuchcinski.pl\/ro\/wydarzenia\/rzad-chce-zlikwidowac-powiatowe-stacje-sanitarno-epidemiologiczne\/#article","isPartOf":{"@id":"https:\/\/marekkuchcinski.pl\/ro\/wydarzenia\/rzad-chce-zlikwidowac-powiatowe-stacje-sanitarno-epidemiologiczne\/"},"author":{"name":"admin","@id":"https:\/\/marekkuchcinski.pl\/#\/schema\/person\/6f62700996b4d950b6ea2d1183b6c6be"},"headline":"Rz\u0105d chce zlikwidowa\u0107 powiatowe stacje sanitarno-epidemiologiczne","datePublished":"2012-03-14T10:39:27+00:00","dateModified":"2016-08-25T15:00:51+00:00","mainEntityOfPage":{"@id":"https:\/\/marekkuchcinski.pl\/ro\/wydarzenia\/rzad-chce-zlikwidowac-powiatowe-stacje-sanitarno-epidemiologiczne\/"},"wordCount":188,"commentCount":0,"publisher":{"@id":"https:\/\/marekkuchcinski.pl\/#organization"},"articleSection":["Wydarzenia"],"inLanguage":"en-GB","potentialAction":[{"@type":"CommentAction","name":"Comment","target":["https:\/\/marekkuchcinski.pl\/ro\/wydarzenia\/rzad-chce-zlikwidowac-powiatowe-stacje-sanitarno-epidemiologiczne\/#respond"]}]},{"@type":"WebPage","@id":"https:\/\/marekkuchcinski.pl\/ro\/wydarzenia\/rzad-chce-zlikwidowac-powiatowe-stacje-sanitarno-epidemiologiczne\/","url":"https:\/\/marekkuchcinski.pl\/ro\/wydarzenia\/rzad-chce-zlikwidowac-powiatowe-stacje-sanitarno-epidemiologiczne\/","name":"Rz\u0105d chce zlikwidowa\u0107 powiatowe stacje sanitarno-epidemiologiczne &#8211; Marek Kuchci\u0144ski","isPartOf":{"@id":"https:\/\/marekkuchcinski.pl\/#website"},"datePublished":"2012-03-14T10:39:27+00:00","dateModified":"2016-08-25T15:00:51+00:00","breadcrumb":{"@id":"https:\/\/marekkuchcinski.pl\/ro\/wydarzenia\/rzad-chce-zlikwidowac-powiatowe-stacje-sanitarno-epidemiologiczne\/#breadcrumb"},"inLanguage":"en-GB","potentialAction":[{"@type":"ReadAction","target":["https:\/\/marekkuchcinski.pl\/ro\/wydarzenia\/rzad-chce-zlikwidowac-powiatowe-stacje-sanitarno-epidemiologiczne\/"]}]},{"@type":"BreadcrumbList","@id":"https:\/\/marekkuchcinski.pl\/ro\/wydarzenia\/rzad-chce-zlikwidowac-powiatowe-stacje-sanitarno-epidemiologiczne\/#breadcrumb","itemListElement":[{"@type":"ListItem","position":1,"name":"Strona g\u0142\u00f3wna","item":"https:\/\/marekkuchcinski.pl\/"},{"@type":"ListItem","position":2,"name":"Rz\u0105d chce zlikwidowa\u0107 powiatowe stacje sanitarno-epidemiologiczne"}]},{"@type":"WebSite","@id":"https:\/\/marekkuchcinski.pl\/#website","url":"https:\/\/marekkuchcinski.pl\/","name":"Marek Kuchci\u0144ski","description":"Pose\u0142 na sejm RP &ndash; okr\u0119g nr 22","publisher":{"@id":"https:\/\/marekkuchcinski.pl\/#organization"},"potentialAction":[{"@type":"SearchAction","target":{"@type":"EntryPoint","urlTemplate":"https:\/\/marekkuchcinski.pl\/?s={search_term_string}"},"query-input":{"@type":"PropertyValueSpecification","valueRequired":true,"valueName":"search_term_string"}}],"inLanguage":"en-GB"},{"@type":"Organization","@id":"https:\/\/marekkuchcinski.pl\/#organization","name":"Marek Kuchci\u0144ski","url":"https:\/\/marekkuchcinski.pl\/","logo":{"@type":"ImageObject","inLanguage":"en-GB","@id":"https:\/\/marekkuchcinski.pl\/#\/schema\/logo\/image\/","url":"https:\/\/marekkuchcinski.pl\/wp-content\/uploads\/2022\/09\/Marek.jpg","contentUrl":"https:\/\/marekkuchcinski.pl\/wp-content\/uploads\/2022\/09\/Marek.jpg","width":1600,"height":971,"caption":"Marek Kuchci\u0144ski"},"image":{"@id":"https:\/\/marekkuchcinski.pl\/#\/schema\/logo\/image\/"}},{"@type":"Person","@id":"https:\/\/marekkuchcinski.pl\/#\/schema\/person\/6f62700996b4d950b6ea2d1183b6c6be","name":"admin","image":{"@type":"ImageObject","inLanguage":"en-GB","@id":"https:\/\/marekkuchcinski.pl\/#\/schema\/person\/image\/","url":"https:\/\/secure.gravatar.com\/avatar\/4bab693b9d55c3d6b52c0296a8765085?s=96&d=mm&r=g","contentUrl":"https:\/\/secure.gravatar.com\/avatar\/4bab693b9d55c3d6b52c0296a8765085?s=96&d=mm&r=g","caption":"admin"},"url":"https:\/\/marekkuchcinski.pl\/en\/author\/marta-olejnik\/"}]}},"_links":{"self":[{"href":"https:\/\/marekkuchcinski.pl\/en\/wp-json\/wp\/v2\/posts\/179","targetHints":{"allow":["GET"]}}],"collection":[{"href":"https:\/\/marekkuchcinski.pl\/en\/wp-json\/wp\/v2\/posts"}],"about":[{"href":"https:\/\/marekkuchcinski.pl\/en\/wp-json\/wp\/v2\/types\/post"}],"author":[{"embeddable":true,"href":"https:\/\/marekkuchcinski.pl\/en\/wp-json\/wp\/v2\/users\/6"}],"replies":[{"embeddable":true,"href":"https:\/\/marekkuchcinski.pl\/en\/wp-json\/wp\/v2\/comments?post=179"}],"version-history":[{"count":1,"href":"https:\/\/marekkuchcinski.pl\/en\/wp-json\/wp\/v2\/posts\/179\/revisions"}],"predecessor-version":[{"id":1458,"href":"https:\/\/marekkuchcinski.pl\/en\/wp-json\/wp\/v2\/posts\/179\/revisions\/1458"}],"wp:attachment":[{"href":"https:\/\/marekkuchcinski.pl\/en\/wp-json\/wp\/v2\/media?parent=179"}],"wp:term":[{"taxonomy":"category","embeddable":true,"href":"https:\/\/marekkuchcinski.pl\/en\/wp-json\/wp\/v2\/categories?post=179"},{"taxonomy":"post_tag","embeddable":true,"href":"https:\/\/marekkuchcinski.pl\/en\/wp-json\/wp\/v2\/tags?post=179"}],"curies":[{"name":"wp","href":"https:\/\/api.w.org\/{rel}","templated":true}]}}